{"id":60585,"date":"2025-07-10T15:36:43","date_gmt":"2025-07-10T06:36:43","guid":{"rendered":"https:\/\/portal.hokuryu.info\/?p=60585"},"modified":"2025-09-04T16:32:38","modified_gmt":"2025-09-04T07:32:38","slug":"%e6%95%85%e9%83%b7%e3%81%b8%e3%81%ae%e6%84%9b%e3%81%a8%e7%b5%86%e3%82%92%e6%b7%b1%e3%82%81%e3%82%8b%e4%b8%80%e5%a4%9c%e3%83%bb%e4%bb%a4%e5%92%8c7%e5%b9%b4%e5%ba%a6%e3%80%8c%e3%81%95%e3%81%a3%e3%81%bd","status":"publish","type":"post","link":"https:\/\/portal.hokuryu.info\/pt\/60585\/","title":{"rendered":"Uma noite para fortalecer o amor e os la\u00e7os com a cidade natal: o Festival Hokuryu de Sapporo de 2025 foi realizado em grande estilo."},"content":{"rendered":"<p>Ter\u00e7a-feira, 9 de julho de 2025<\/p>\n<div class=\"ep-box es-BpaperRight es-grid bgc-VPsky\">No domingo, 29 de junho, foi realizado o Festival Sapporo Hokuryu 2025 em Sapporo. Cinquenta e oito pessoas da cidade de Hokuryu, incluindo aquelas com la\u00e7os familiares com a cidade, reuniram-se para falar sobre sua terra natal. O prefeito Sasaki tamb\u00e9m compartilhou a not\u00edcia animadora de que a cidade de Hokuryu recebeu a maior quantia de verbas para revitaliza\u00e7\u00e3o regional do Jap\u00e3o. A deliciosa comida e as apresenta\u00e7\u00f5es divertidas proporcionaram uma noite calorosa e animada, fortalecendo os la\u00e7os entre gera\u00e7\u00f5es.<\/div>\n<h2>O Festival Hokuryu de Sapporo de 2025 ser\u00e1 realizado em grande estilo.<\/h2>\n<p>No domingo, 29 de junho, \u00e0s 18h, o Festival Hokuryu de Sapporo de 2025 foi realizado em grande estilo no Sal\u00e3o Gyokuyo, no segundo andar do Sapporo Sunplaza (cidade de Sapporo).<\/p>\n<figure class=\"wp-caption aligncenter\"><a href=\"https:\/\/photos.google.com\/share\/AF1QipM0nXRD3ZjBCqfofC_2L51kjA9VsR-Jm-nHsO3I9ft-wU2MJhzGXGurwSJp9CZAjA\/photo\/AF1QipN1o4v3RMS8Krps1ofSyuQ25yWowkBJvq6v8pg?key=TzFTT2xrNnlTU096MDZ5dWw2MlBrU0hwT3dqUkh3\" target=\"_blank\"><img decoding=\"async\" src=\"https:\/\/lh3.googleusercontent.com\/pw\/AP1GczM7czjwc8y0xNj3KtD322I91o0H6mZ8QEWlMeBree1fxU6Qtv1V_OHsXo4gQeYQFjPziHBNoiuBZ8CsLZDQ7T6GscVg0bBC514erIF8DPt68AmZClLlGXd8v95U-cQx9iMxpxVIw07LvBMotKtBm2aA=w2000-h1125-s-no-gm?authuser=1\" width=\"2000\" height=\"1125\" alt=\"Sapporo Sunplaza\" class=\"size-full\" \/><\/a><figcaption class=\"wp-caption-text\">Sapporo Sunplaza<\/figcaption><\/figure>\n<figure class=\"wp-caption aligncenter\"><a href=\"https:\/\/photos.google.com\/share\/AF1QipM0nXRD3ZjBCqfofC_2L51kjA9VsR-Jm-nHsO3I9ft-wU2MJhzGXGurwSJp9CZAjA\/photo\/AF1QipMUXXOkoFDwpFlxeU6JJP0PWp8y-mkjTZHYOcc?key=TzFTT2xrNnlTU096MDZ5dWw2MlBrU0hwT3dqUkh3\" target=\"_blank\"><img decoding=\"async\" src=\"https:\/\/lh3.googleusercontent.com\/pw\/AP1GczOkpQPnBksUtRbRAcGYN4dinUwyf2TxheHz44CD8Aq4LNugXR9SpZE1-bGTG1rUCK3KVyx5VDRarjB6elfgRJknUEqdqQ_BzNesJQ-z3oqtZ2CxyRk7vdNBSvfm64kyUr8_WAry23pr-JbTpFpo2Rej=w2000-h1125-s-no-gm?authuser=0\" width=\"2000\" height=\"1125\" alt=\"Padr\u00e3o de sagu\u00e3o\" class=\"size-full\" \/><\/a><figcaption class=\"wp-caption-text\">Padr\u00e3o de sagu\u00e3o<\/figcaption><\/figure>\n<figure class=\"wp-caption aligncenter\"><a href=\"https:\/\/photos.google.com\/share\/AF1QipM0nXRD3ZjBCqfofC_2L51kjA9VsR-Jm-nHsO3I9ft-wU2MJhzGXGurwSJp9CZAjA\/photo\/AF1QipN4U_ehh3f2x9h3g2csESQpo6id10bhvPN7_Yc?key=TzFTT2xrNnlTU096MDZ5dWw2MlBrU0hwT3dqUkh3\" target=\"_blank\"><img decoding=\"async\" src=\"https:\/\/lh3.googleusercontent.com\/pw\/AP1GczNl3YspUOanUCKGsz6ORDz5yPboqfAsQzj-3UzwkjQJ3163ijIFzRx6Z9W0o7mCZObwRl-JNIDBegihQ0a-qoJ1iYuJoRaRutQK4Y4ioOjTAWE6hzI1-wjSwJpBawugdtx-fdF0QxynPDF_2IU6siCr=w2000-h1125-s-no-gm?authuser=0\" width=\"2000\" height=\"1125\" alt=\"Na sala de espera\" class=\"size-full\" \/><\/a><figcaption class=\"wp-caption-text\">Na sala de espera<\/figcaption><\/figure>\n<p>O Sapporo Hokuryu-kai \u00e9 um grupo de conviv\u00eancia para pessoas da cidade de Hokuryu. Foi fundado em 1968 por membros que se mudaram da cidade de Hokuryu para a regi\u00e3o de Sapporo e por aqueles que t\u00eam la\u00e7os com a \u00e1rea.<\/p>\n<p>Eles realizam encontros para trocar informa\u00e7\u00f5es e estreitar la\u00e7os, al\u00e9m de promoverem atividades como o apoio \u00e0 sua cidade natal, Hokuryu Town.<br \/>\nEste ano, participaram 23 pessoas da cidade de Hokuryu, incluindo membros do conselho e funcion\u00e1rios da prefeitura, e um total de 58 membros.<\/p>\n<h3>MC Geral: Kenji Miyawaki, Auditor (de Wakabata)<\/h3>\n<figure class=\"wp-caption aligncenter\"><a href=\"https:\/\/photos.google.com\/share\/AF1QipM0nXRD3ZjBCqfofC_2L51kjA9VsR-Jm-nHsO3I9ft-wU2MJhzGXGurwSJp9CZAjA\/photo\/AF1QipPIr2hG1sIA9w-ICfrRLbW8pa45Kc4uTq8LX6Y?key=TzFTT2xrNnlTU096MDZ5dWw2MlBrU0hwT3dqUkh3\" target=\"_blank\"><img decoding=\"async\" src=\"https:\/\/lh3.googleusercontent.com\/pw\/AP1GczP6vY8ilz4tYkm1bK7-wpEVz6ms1Hm3ijRDCgiBggJMzLrtIpzpqv-j26JiaPFZ3yDApDM8i1_fw7poFRpgep2CRrTIlMNcM1zgapvlfy-0-pID4ISrRjeYPgjer1PRsNUcVpr6IgeEVdZx3IG68r3v=w2000-h1125-s-no-gm?authuser=0\" width=\"2000\" height=\"1125\" alt=\"O moderador geral ser\u00e1 Kenji Miyawaki, Auditor.\" class=\"size-full\" \/><\/a><figcaption class=\"wp-caption-text\">O moderador geral ser\u00e1 Kenji Miyawaki, Auditor.<\/figcaption><\/figure>\n<h3>Sauda\u00e7\u00e3o do presidente: Presidente Takashi Takebayashi<\/h3>\n<figure class=\"wp-caption aligncenter\"><a href=\"https:\/\/photos.google.com\/share\/AF1QipM0nXRD3ZjBCqfofC_2L51kjA9VsR-Jm-nHsO3I9ft-wU2MJhzGXGurwSJp9CZAjA\/photo\/AF1QipMnTDIWlRfHgPSQRqQyFbW4FQMM8J9XFO9ydec?key=TzFTT2xrNnlTU096MDZ5dWw2MlBrU0hwT3dqUkh3\" target=\"_blank\"><img decoding=\"async\" src=\"https:\/\/lh3.googleusercontent.com\/pw\/AP1GczPYz4L_08xFlj81s2rEMwPLEH2hFKIhy1FFxZK0l255PsEd6nvwV6tcRAMUaU4YcKvgERngPJY4PepUnaBf5UBtkVR40pWQdiVew3WOIY_0VOeKR2YeB1LMEnOgQBRZdWWN-c0GGuBA4kbWwMV0f_Y1=w2000-h1125-s-no-gm?authuser=0\" width=\"2000\" height=\"1125\" alt=\"Sauda\u00e7\u00f5es do presidente Takashi Takebayashi\" class=\"size-full\" \/><\/a><figcaption class=\"wp-caption-text\">Sauda\u00e7\u00f5es do presidente Takashi Takebayashi<\/figcaption><\/figure>\n<p>&quot;Apesar de ser junho, Sapporo tem registrado temperaturas acima de 30 graus nas \u00faltimas duas semanas. A temperatura m\u00e1xima de hoje chegou a 30,2 graus, dando a sensa\u00e7\u00e3o de que o ver\u00e3o chegou.&quot;<\/p>\n<p>Gostaria de expressar minha gratid\u00e3o ao povo da cidade de Hokuryu e aos membros da Associa\u00e7\u00e3o Hokuryu por dedicarem seu tempo para participar, apesar das circunst\u00e2ncias atuais.<\/p>\n<p>Tamb\u00e9m contamos com a presen\u00e7a de mais de 20 pessoas da nossa cidade natal, Hokuryu, incluindo o prefeito Sasaki e o presidente Nakamura. Hoje \u00e9 domingo, um dia de folga. Voc\u00eas vieram de longe e nos sentimos honrados em dizer que todos n\u00f3s estamos contribuindo com nossas pr\u00f3prias taxas de associa\u00e7\u00e3o. Diante das circunst\u00e2ncias, todos n\u00f3s da associa\u00e7\u00e3o gostar\u00edamos de expressar nossa sincera gratid\u00e3o a todos voc\u00eas por terem vindo. Muito obrigado.<\/p>\n<p>Gostaria tamb\u00e9m de expressar minha mais profunda gratid\u00e3o ao Sr. Okita, ao Sr. Yamada e a todos os demais executivos da secretaria por seus enormes esfor\u00e7os para tornar poss\u00edvel a reuni\u00e3o de hoje.<\/p>\n<p>Bem, a cidade de Hokuryu tem aparecido bastante nas not\u00edcias esta semana. Ontem, a melancia girassol de Hokuryu, uma melancia pequena com polpa amarela e um teor de a\u00e7\u00facar extremamente alto, foi destaque em um especial de 30 minutos no programa &quot;Agri Kingdom&quot; da HBC. Al\u00e9m disso, de quarta a sexta-feira, o jornal Hokkaido Shimbun publicou tr\u00eas artigos consecutivos intitulados &quot;A Hist\u00f3ria de 20 Anos do Renascimento da Soja Kurosengoku Perdida&quot;. Como algu\u00e9m da cidade de Hokuryu, fiquei muito feliz em v\u00ea-los.<\/p>\n<p>Acredito que nossos ilustres convidados compartilhar\u00e3o as \u00faltimas novidades sobre a cidade de Hokuryu mais tarde, mas gostaria de mencionar brevemente alguns pontos antecipadamente. Nesta primavera, o ex-prefeito da cidade, Yutaka Sano, foi homenageado com um pr\u00eamio. O ex-prefeito Sano sempre se preocupou com a Associa\u00e7\u00e3o Hokuryu e ofereceu diversas formas de apoio. Gostaria de parabeniz\u00e1-lo.<\/p>\n<p>Al\u00e9m disso, em rela\u00e7\u00e3o \u00e0 prefeitura, o Sr. Yoshiki Tanaka foi nomeado Superintendente de Educa\u00e7\u00e3o em janeiro deste ano. O Sr. Tanaka e o Prefeito Sasaki foram colegas de classe no ensino fundamental, m\u00e9dio e no ensino m\u00e9dio, e depois de atuar como diretor de uma escola de ensino fundamental na regi\u00e3o de Sorachi, ele serviu no Conselho de Educa\u00e7\u00e3o de Iwamizawa. Ele foi nomeado em janeiro deste ano. Ele realmente possui vasta experi\u00eancia e sabedoria, e espero que demonstre suas habilidades na administra\u00e7\u00e3o educacional da cidade de Hokuryu. Agrade\u00e7o seu apoio cont\u00ednuo.<\/p>\n<p>A Associa\u00e7\u00e3o Hokuryu-kai foi fundada em 1968 com o objetivo de promover a amizade entre os moradores da cidade de Hokuryu e apoiar sua terra natal. No entanto, com o passar dos anos, o n\u00famero de membros oscilou entre per\u00edodos de atividade e inatividade, e atualmente contamos com cerca de 90 membros ativos.<\/p>\n<p>Desta vez, demos as boas-vindas a dois novos membros, Harumitsu Ito e Toru Takebayashi. No entanto, ainda h\u00e1 muitas pessoas da cidade de Hokuryu que n\u00e3o conhecem a Associa\u00e7\u00e3o Hokuryu, portanto, se voc\u00ea conhece algu\u00e9m da regi\u00e3o, n\u00e3o hesite em contat\u00e1-los.<\/p>\n<p>&quot;Embora tenhamos pouco tempo hoje, espero que possamos aproveitar um momento agrad\u00e1vel conversando e nos conhecendo melhor, enquanto valorizamos os la\u00e7os que compartilhamos na cidade de Hokuryu. Estou ansioso para trabalhar com voc\u00eas hoje. Muito obrigado&quot;, disse o presidente Takebayashi.<\/p>\n<h3>Discurso do convidado: Prefeito Yasuhiro Sasaki da cidade de Hokuryu<\/h3>\n<figure class=\"wp-caption aligncenter\"><a href=\"https:\/\/photos.google.com\/share\/AF1QipM0nXRD3ZjBCqfofC_2L51kjA9VsR-Jm-nHsO3I9ft-wU2MJhzGXGurwSJp9CZAjA\/photo\/AF1QipPeUbxc1G2ZH0aOeZRUSmVRxUHeHr3a1xAAC28?key=TzFTT2xrNnlTU096MDZ5dWw2MlBrU0hwT3dqUkh3\" target=\"_blank\"><img decoding=\"async\" src=\"https:\/\/lh3.googleusercontent.com\/pw\/AP1GczOQe7TgT2OCiAkUx6y9Svj8ipY1sm6HxAIL4en7fCsO200g9yAYQ6bd_WWq3OFmQrzT4kcc4Re43pkU-MRg1Fqo61OMx1zRc-UBDa505K6dzCqUQCHo0dS8OMefSzCHce0etmdXth--QbVCvkZc9mCd=w2000-h1125-s-no-gm?authuser=0\" width=\"2000\" height=\"1125\" alt=\"Discurso convidado do prefeito Yasuhiro Sasaki\" class=\"size-full\" \/><\/a><figcaption class=\"wp-caption-text\">Discurso convidado do prefeito Yasuhiro Sasaki<\/figcaption><\/figure>\n<p>&quot;Hoje, 23 membros do Hokuryu vieram nos visitar.&quot;<\/p>\n<p>Acredito que a Sapporo Hokuryu-kai seja um lugar valioso onde posso passar tempo com todos os 35 membros, por isso estou ansioso para trabalhar com todos voc\u00eas.<\/p>\n<p>Est\u00e3o aqui presentes 23 membros do parlamento e l\u00edderes de organiza\u00e7\u00f5es, e gostaria que cada um de voc\u00eas se sentasse \u00e0 mesma mesa para ouvir sobre a situa\u00e7\u00e3o em Kitary\u016b.<\/p>\n<p>O Sr. Takashi Takebayashi \u00e9 o presidente desde o ano passado e \u00e9 um ex-Diretor Geral do Departamento de Pol\u00edtica Agr\u00edcola, e eu acho que seu discurso foi maravilhoso e impec\u00e1vel.<\/p>\n<p>Gostaria de expressar minha sincera gratid\u00e3o por voc\u00ea estar t\u00e3o a par dos recentes acontecimentos em Hokuryu, o que demonstra sua constante preocupa\u00e7\u00e3o com a situa\u00e7\u00e3o.<\/p>\n<p>Depois disso, com o Diretor Minami como moderador, acho que cada pessoa da cidade de Hokuryu ter\u00e1 prazer em dizer algumas palavras. Gostaria de ouvir um pouco sobre cada organiza\u00e7\u00e3o e como elas est\u00e3o se saindo.<\/p>\n<p>O Festival do Girassol deste ano ser\u00e1 realizado de 20 de julho a 18 de agosto. Apresentamos o cartaz deste ano.<br \/>\nAl\u00e9m disso, acho que distribu\u00edmos este folheto, que era uma folha A4 dobrada ao meio.<\/p>\n<p>Este ano, o Gabinete do Governo duplicou o montante das subven\u00e7\u00f5es que ir\u00e1 conceder para promover a sua nova pol\u00edtica de revitaliza\u00e7\u00e3o regional, &quot;Revitaliza\u00e7\u00e3o Regional 2.0&quot;, passando de 100 mil milh\u00f5es de ienes para 200 mil milh\u00f5es de ienes.<br \/>\nEspero que minha cidade natal, Hokuryu, uma pequena administra\u00e7\u00e3o local, volte a apoiar o Jap\u00e3o. A verba para revitaliza\u00e7\u00e3o local foi aumentada porque se acredita que essa pequena administra\u00e7\u00e3o local seja uma fonte de vitalidade para o Jap\u00e3o. A cidade de Hokuryu se uniu e a equipe da prefeitura elaborou uma proposta completa.<br \/>\nSolicitamos um financiamento de 2 bilh\u00f5es de ienes e nos foi concedido 50% desse valor.<\/p>\n<p>Todos os 1.747 governos locais do Jap\u00e3o solicitaram essa verba simultaneamente, e esse \u00e9 o maior montante j\u00e1 concedido no Jap\u00e3o.<\/p>\n<p>Gra\u00e7as aos esfor\u00e7os de nossa equipe, ao apoio da c\u00e2mara municipal e \u00e0s expectativas dos moradores, conseguimos obter uma verba consider\u00e1vel.<\/p>\n<p>Em meio a tudo isso, gostaria de pedir ao povo da minha cidade natal, onde este dia come\u00e7ou, e aos membros da Associa\u00e7\u00e3o Sapporo Hokuryu, que ajudaram a criar esta cidade, que, por favor, continuem me acompanhando enquanto seguimos em frente, nos esfor\u00e7ando para fazer de Hokuryu uma cidade que possa brilhar novamente, uma cidade pequena, mas brilhante.<\/p>\n<p>Gostaria de fazer o meu melhor para trazer um sopro de ar fresco \u00e0 cidade, por isso espero que continuem a apoiar-me a partir de Sapporo.<\/p>\n<p>Desta vez, o foco principal desta grande verba \u00e9 a popula\u00e7\u00e3o relacionada, e uma das raz\u00f5es \u00e9 que valorizaremos esses la\u00e7os com as pessoas em nossas cidades natais.<\/p>\n<p>Acredito sinceramente que a atual Sapporo Hokuryu-kai \u00e9 a origem da organiza\u00e7\u00e3o que existe para a revitaliza\u00e7\u00e3o regional. Aguardo com expectativa a oportunidade de trabalhar com voc\u00eas.<\/p>\n<p>Posso me encontrar com todos voc\u00eas duas vezes por ano, mas as 22 pessoas da cidade de Hokuryu se re\u00fanem apenas uma vez por ano. Acredito que poderei falar com cada um de voc\u00eas de uma forma que toque seus cora\u00e7\u00f5es, por isso conto com a sua colabora\u00e7\u00e3o.<\/p>\n<p>Muito obrigado, Toru Takebayashi. Faz muito tempo.<\/p>\n<p>&quot;Pessoas com v\u00ednculos com a associa\u00e7\u00e3o&quot; s\u00e3o aquelas pr\u00f3ximas aos membros, por isso esperamos que voc\u00ea divulgue a informa\u00e7\u00e3o e que vejamos um aumento no n\u00famero de membros de diferentes origens.<\/p>\n<p>&quot;Agrade\u00e7o o convite para estar aqui hoje. Espero poder discutir v\u00e1rios assuntos e nos divertir, ent\u00e3o espero que voc\u00eas se juntem a n\u00f3s. Muito obrigado por estarem conosco hoje&quot;, disse o prefeito Sasaki.<\/p>\n<h3>Apresentando os convidados: Apresentando os participantes da cidade de Hokuryu<\/h3>\n<h4>Introdu\u00e7\u00e3o por: Gerente da Divis\u00e3o de Assuntos Gerais, Hajime Nanba<\/h4>\n<p>Prefeito da cidade de Hokuryu, Yasuhiro Sasaki, presidente do conselho municipal de Hokuryu, Shoichi Nakamura, residente honor\u00e1rio Ryoji Kikura, diretor representante do distrito de Hokuryu de JA Kitasorachi Nagai Minoru, presidente do distrito de melhoria de terras de Hokuryu, Junichi Fukase, presidente da C\u00e2mara de Com\u00e9rcio da cidade de Hokuryu, Masahito Fujii, vice-presidente do conselho municipal de Hokuryu, Keiko Ozaki, Minoru Sato, membro do conselho municipal de Hokuryu, Nobuaki Teragaki, membro do conselho municipal de Hokuryu, Kazuo Kimura, membro do conselho municipal de Hokuryu, Masato Sawada, membro do conselho municipal de Hokuryu, Yoshiko Hayashi, membro do conselho municipal de Hokuryu, Manabu Okino, vice-prefeito Masaaki Okuda, superintendente de educa\u00e7\u00e3o Yoshiki Tanaka, conselheiro da divis\u00e3o de crian\u00e7as e suporte de vida da cidade de Hokuryu Yoshinori Mori, diretor da Divis\u00e3o Industrial da Cidade de Hokuryu, Junichi Iguchi, Secret\u00e1rio-Geral do Conselho Municipal de Hokuryu; Sr. Ikuo Hase; Sra. Chiaki Mori, Assessora da Divis\u00e3o de Estrat\u00e9gia para o Futuro da Cidade de Hokuryu; Sra. Keiko Banda, Diretora Adjunta da Divis\u00e3o de Assuntos Gerais da Cidade de Hokuryu; Sra. Noboru e Ikuko Terauchi, Apoiadoras da Comunidade de Hokuryu e Administradoras do Portal da Cidade de Hokuryu. <\/p>\n<figure class=\"wp-caption aligncenter\"><a href=\"https:\/\/photos.google.com\/share\/AF1QipM0nXRD3ZjBCqfofC_2L51kjA9VsR-Jm-nHsO3I9ft-wU2MJhzGXGurwSJp9CZAjA\/photo\/AF1QipMe31iV6dQaswe1tpBgJT6GGx8cYIG7ciCiv3E?key=TzFTT2xrNnlTU096MDZ5dWw2MlBrU0hwT3dqUkh3\" target=\"_blank\"><img decoding=\"async\" src=\"https:\/\/lh3.googleusercontent.com\/pw\/AP1GczPG-52H6lrF6WVlHvBWNLTdrl24vtrnCV8IN8CrbOXQ9Q88PUHDj41MRQHV1EIJtcfcbGlI8i9cpdtP3vwEkz9dzGDSpHZ9g9Khj-y5XhRdMqozQq5-YdK4K3GYUY3V9jRx0Z94LL7DEQbjgMYHv3IN=w2000-h1125-s-no-gm?authuser=0\" width=\"2000\" height=\"1125\" alt=\"Apresentando os participantes da cidade de Hokuryu.\" class=\"size-full\" \/><\/a><figcaption class=\"wp-caption-text\">Apresentando os participantes da cidade de Hokuryu.<\/figcaption><\/figure>\n<h3>Nakamura Shoichi, Presidente da Assembleia<\/h3>\n<figure class=\"wp-caption aligncenter\"><a href=\"https:\/\/photos.google.com\/share\/AF1QipM0nXRD3ZjBCqfofC_2L51kjA9VsR-Jm-nHsO3I9ft-wU2MJhzGXGurwSJp9CZAjA\/photo\/AF1QipP7YF7lLZr7v_XCzcLn-K9Cgd9EP4D2H4rIRYQ?key=TzFTT2xrNnlTU096MDZ5dWw2MlBrU0hwT3dqUkh3\" target=\"_blank\"><img decoding=\"async\" src=\"https:\/\/lh3.googleusercontent.com\/pw\/AP1GczPt3HyEqZiv9MEfpkmIFUkVKZqYX_wdznxKRvqhLPMTKefXLTAOb_l7frfT4fl49JR5NQEAjiU7SXo8NtWJRYKOosASsD9LKd7NoCrvFKffKe8gC07E3Pn_3gqrSAO3XBCe6Oa1-nCvlfLK0_GfSxOI=w2000-h1125-s-no-gm?authuser=0\" width=\"2000\" height=\"1125\" alt=\"Sauda\u00e7\u00f5es do Conselheiro Shoichi Nakamura\" class=\"size-full\" \/><\/a><figcaption class=\"wp-caption-text\">Sauda\u00e7\u00f5es do Conselheiro Shoichi Nakamura<\/figcaption><\/figure>\n<p>\u201cEste \u00e9 o meu segundo ano como presidente desde dezembro passado, e estou extremamente satisfeito por ter sido convidado para estar aqui hoje.<\/p>\n<p>Os produtos est\u00e3o crescendo bem. Ultimamente, tem feito calor de ver\u00e3o mesmo sendo junho, o que \u00e9 um pouco preocupante. Mas acho que \u00e9 melhor do que fazer frio. Espero que voc\u00ea coma bastante arroz de girassol.<\/p>\n<p>O presidente Takebayashi mencionou a transmiss\u00e3o de ontem no Agri Kingdom e no jornal Hokkaido Shimbun, mas h\u00e1 mais uma not\u00edcia. Ontem, Tetsuro Degawa veio de Rumoi e foi para Takikawa. Ele perguntou se poderia recarregar as energias em Iwamura, e a regi\u00e3o de Iwamura o acolheu. Depois, aparentemente, ele jantou no restaurante Himawari. O programa de s\u00e1bado \u00e0 noite da TV Tokyo, &quot;Tetsuro Degawa&#039;s Charge Me Up, Please?&quot;, ser\u00e1 transmitido em agosto. Espero que voc\u00eas assistam.<\/p>\n<p>Fico muito feliz que voc\u00ea esteja aqui hoje e de bom humor, e espero que voc\u00ea tenha um \u00f3timo dia.<\/p>\n<p>Espero que a Hokuryu-kai continue a crescer no futuro e pe\u00e7o o seu apoio cont\u00ednuo ao Hokuryu. Gostaria tamb\u00e9m de propor um brinde \u00e0 sa\u00fade e \u00e0 felicidade de todos os participantes de hoje.<\/p>\n<p>&quot;Um brinde ao Festival Hokuryu de Sapporo! Muito obrigado&quot;, disse o presidente Nakamura.\n\n\n\n<h3>Sauda\u00e7\u00f5es do novo membro Toru Takebayashi<\/h3>\n<figure class=\"wp-caption aligncenter\"><a href=\"https:\/\/photos.google.com\/share\/AF1QipM0nXRD3ZjBCqfofC_2L51kjA9VsR-Jm-nHsO3I9ft-wU2MJhzGXGurwSJp9CZAjA\/photo\/AF1QipOH2vzr8K_fMHG1JbneRAjV5T6_xUINaqbqYNo?key=TzFTT2xrNnlTU096MDZ5dWw2MlBrU0hwT3dqUkh3\" target=\"_blank\"><img decoding=\"async\" src=\"https:\/\/lh3.googleusercontent.com\/pw\/AP1GczO395H1JPlHt8-kc81GEHWRUoVQ89UIgoQaDguFM9bwKBumlzwICiK8AiFOZYzGlDieHNU3uATauwXvGs-l1UEub-eThN9mjR1mGG6x1-BjLKmLx03Wk1uviJmHKUVuG7gMnrijN1p0mVVTdfp2sE1F=w2000-h1125-s-no-gm?authuser=0\" width=\"2000\" height=\"1125\" alt=\"Sauda\u00e7\u00f5es de Toru Takebayashi\" class=\"size-full\" \/><\/a><figcaption class=\"wp-caption-text\">Sauda\u00e7\u00f5es de Toru Takebayashi<\/figcaption><\/figure>\n<p>&quot;Eu me formei na Escola Secund\u00e1ria Hokuryu em 1975. Na \u00e9poca, eu tinha duas turmas com cerca de 80 colegas, e sou grato por toda a ajuda que recebi. Conto com o seu apoio cont\u00ednuo no futuro.&quot;<\/p>\n<p>&quot;Eu era professor na Escola Secund\u00e1ria Hokuryu e pe\u00e7o sinceras desculpas pelos problemas que causei a todos na escola. Perdi algumas habilidades no ensino de estudos sociais, por isso gostaria de aproveitar esta oportunidade para me desculpar. Conto com o apoio cont\u00ednuo de voc\u00eas&quot;, disse Takebayashi.<\/p>\n<h3>Banquetes e encontros sociais<\/h3>\n<h4>Comida<\/h4>\n<ul>\n<li>Menu<\/li>\n<li>Sashimi variado<\/li>\n<li>Cavala espanhola grelhada em azeite e pimenta japonesa.<\/li>\n<li>Gyoza cozido com pasta de feij\u00e3o gomoku<\/li>\n<li>Frango com molho cremoso romano<\/li>\n<li>Sushi de Vieiras e Kinpira Chirashi<\/li>\n<li>Sorvete de yuzu<\/li>\n<\/ul>\n<figure class=\"wp-caption aligncenter\"><a href=\"https:\/\/photos.google.com\/share\/AF1QipM0nXRD3ZjBCqfofC_2L51kjA9VsR-Jm-nHsO3I9ft-wU2MJhzGXGurwSJp9CZAjA\/photo\/AF1QipOcYLXYwnMHk4VtZrg8GyzEx_OzA8ZrB0bQa1A?key=TzFTT2xrNnlTU096MDZ5dWw2MlBrU0hwT3dqUkh3\" target=\"_blank\"><img decoding=\"async\" src=\"https:\/\/lh3.googleusercontent.com\/pw\/AP1GczMFvKTmbtmx5pNWP8VVbQZNzQuia4ABva3Mrrwmx1KD2X3ITc_bBFSzRjQXTrti51WMSGwJHmYpBsy26PHpNRZfSAdSoMiFobq5srGo7tkPw0ZOhs3yBjlRf_nRfErgF6gyICFv0wvFWPeY9t2g3oQR=w2000-h1125-s-no-gm?authuser=0\" width=\"2000\" height=\"1125\" alt=\"Menu\" class=\"size-full\" \/><\/a><figcaption class=\"wp-caption-text\">Menu<\/figcaption><\/figure>\n<figure class=\"wp-caption aligncenter\"><a href=\"https:\/\/photos.google.com\/share\/AF1QipM0nXRD3ZjBCqfofC_2L51kjA9VsR-Jm-nHsO3I9ft-wU2MJhzGXGurwSJp9CZAjA\/photo\/AF1QipMBgKq1jxgFzrJC7nmDaMFl3OuqEh6heE36p68?key=TzFTT2xrNnlTU096MDZ5dWw2MlBrU0hwT3dqUkh3\" target=\"_blank\"><img decoding=\"async\" src=\"https:\/\/lh3.googleusercontent.com\/pw\/AP1GczPLyixhakg_CPhH65konOVG7DV3kKI4hOC2x8BbV0Ev18KBMqvcJzunemUBxavWZEClGqoK6ifK491MQ4mCTeoJaPAyCr8BlMsgghkwSQDUai_BXPQoyy0YSswatTHSzNm3rFHG38E_1DVr72X7VmNc=w2000-h1125-s-no-gm?authuser=0\" width=\"2000\" height=\"1125\" alt=\"Sashimi variado\" class=\"size-full\" \/><\/a><figcaption class=\"wp-caption-text\">Sashimi variado<\/figcaption><\/figure>\n<figure class=\"wp-caption aligncenter\"><a href=\"https:\/\/photos.google.com\/share\/AF1QipM0nXRD3ZjBCqfofC_2L51kjA9VsR-Jm-nHsO3I9ft-wU2MJhzGXGurwSJp9CZAjA\/photo\/AF1QipNCvjKqWjyQ_T24HDZuzse0aiVo5XA9Z33xYOY?key=TzFTT2xrNnlTU096MDZ5dWw2MlBrU0hwT3dqUkh3\" target=\"_blank\"><img decoding=\"async\" src=\"https:\/\/lh3.googleusercontent.com\/pw\/AP1GczPr3lDhPlEtKQAa_zZTjTm88OmQM7-0LG8zdbA85rYKDnoy59wdoLMtEqnxPGsdUfvoYmvhmUCr4VSxtoRmDuBAchlIANGwn_CeiLrGUWmz2InkC5DF0IiOF6_f8lDG9kBbobt9g-wB8xED_rEcUAWk=w2000-h1125-s-no-gm?authuser=0\" width=\"2000\" height=\"1125\" alt=\"Cavala espanhola grelhada em azeite e pimenta japonesa.\" class=\"size-full\" \/><\/a><figcaption class=\"wp-caption-text\">Cavala espanhola grelhada em azeite e pimenta japonesa.<\/figcaption><\/figure>\n<figure class=\"wp-caption aligncenter\"><a href=\"https:\/\/photos.google.com\/share\/AF1QipM0nXRD3ZjBCqfofC_2L51kjA9VsR-Jm-nHsO3I9ft-wU2MJhzGXGurwSJp9CZAjA\/photo\/AF1QipMOOseOkCWdBLNv_6CsenayTsB5bpBnEmQDIBU?key=TzFTT2xrNnlTU096MDZ5dWw2MlBrU0hwT3dqUkh3\" target=\"_blank\"><img decoding=\"async\" src=\"https:\/\/lh3.googleusercontent.com\/pw\/AP1GczPLSZiuvaoIMA0Wr1T70H9fb4ltauUtDmXMTZ5w-CkoOiVhl9onYcYukmIjKtY1vaXp8vDRFwWkqhCKE7PFFoKOa2CT6D8fjkDwYBVvPa3JWaCTJUDXxlM01E-BeF3lgFO0ts9_c3N2X6rc1DBjkRDe=w2000-h1125-s-no-gm?authuser=0\" width=\"2000\" height=\"1125\" alt=\"Gyoza cozido com pasta de feij\u00e3o gomoku\" class=\"size-full\" \/><\/a><figcaption class=\"wp-caption-text\">Gyoza cozido com pasta de feij\u00e3o gomoku<\/figcaption><\/figure>\n<figure class=\"wp-caption aligncenter\"><a href=\"https:\/\/photos.google.com\/share\/AF1QipM0nXRD3ZjBCqfofC_2L51kjA9VsR-Jm-nHsO3I9ft-wU2MJhzGXGurwSJp9CZAjA\/photo\/AF1QipM57GWhUvQLczioxSBdz5aG1P9RXXWqWB6R9dY?key=TzFTT2xrNnlTU096MDZ5dWw2MlBrU0hwT3dqUkh3\" target=\"_blank\"><img decoding=\"async\" src=\"https:\/\/lh3.googleusercontent.com\/pw\/AP1GczO9XIOcMH29tboEc0MHwQdIBSUsx50jtml2sWr8EPs8oy1_3J4synZ8QYyIyTXCtiXZS1Ws1ToKlO4pycSz5_z6MaFBaeCK_9WDzRSZ931dDDS23n7zpPTx_LddHQOfPVxOtmJgI1D1_kkrg39BmE0-=w2000-h1125-s-no-gm?authuser=0\" width=\"2000\" height=\"1125\" alt=\"Frango com molho cremoso romano\" class=\"size-full\" \/><\/a><figcaption class=\"wp-caption-text\">Frango com molho cremoso romano<\/figcaption><\/figure>\n<figure class=\"wp-caption aligncenter\"><a href=\"https:\/\/photos.google.com\/share\/AF1QipM0nXRD3ZjBCqfofC_2L51kjA9VsR-Jm-nHsO3I9ft-wU2MJhzGXGurwSJp9CZAjA\/photo\/AF1QipPzmaHfhdW1q0Xz7Hg1dayxFI-sef5wfl-hI7s?key=TzFTT2xrNnlTU096MDZ5dWw2MlBrU0hwT3dqUkh3\" target=\"_blank\"><img decoding=\"async\" src=\"https:\/\/lh3.googleusercontent.com\/pw\/AP1GczMbPlVHwqGkq0ucMmMwg31nGycQUZq0noe-OFmxWROtmKIDmI-VyOJAXpKuss8cID7Zy6xszl52b4YHGf1peQ1lIHqez_IqNtxsooAw2soNpj9aNop_mWS5bszMU_Y1LaM5nmt6t_QoONbQ_1U7rshh=w2000-h1125-s-no-gm?authuser=0\" width=\"2000\" height=\"1125\" alt=\"Sushi de Vieiras e Kinpira Chirashi\" class=\"size-full\" \/><\/a><figcaption class=\"wp-caption-text\">Sushi de Vieiras e Kinpira Chirashi<\/figcaption><\/figure>\n<figure class=\"wp-caption aligncenter\"><a href=\"https:\/\/photos.google.com\/share\/AF1QipM0nXRD3ZjBCqfofC_2L51kjA9VsR-Jm-nHsO3I9ft-wU2MJhzGXGurwSJp9CZAjA\/photo\/AF1QipM-pDrdm4wDFHAz_7SL96EmO5hS2qa6VZchMNA?key=TzFTT2xrNnlTU096MDZ5dWw2MlBrU0hwT3dqUkh3\" target=\"_blank\"><img decoding=\"async\" src=\"https:\/\/lh3.googleusercontent.com\/pw\/AP1GczMuRcyx8j0GowwxKbcd5O86Iy0rRQ5xmvNp4mABGMDzD_9M6Z1Uu2vqhu6l4mBJXPN6r_O9WPhNLr52YQWcYIRwqYDLfdBxMvWcKRsTGI626e5NYx4DrBdlj5E7hQbj3oSPvG-0TgE-R6BPGpg5krQZ=w2000-h1125-s-no-gm?authuser=0\" width=\"2000\" height=\"1125\" alt=\"Sorvete de yuzu\" class=\"size-full\" \/><\/a><figcaption class=\"wp-caption-text\">Sorvete de yuzu<\/figcaption><\/figure>\n<h3>entretenimento<\/h3>\n<p>O evento foi um grande sucesso, com uma variedade de pratos suntuosos e entretenimento, incluindo &quot;karaok\u00ea com direito a exibi\u00e7\u00e3o de talento&quot;, &quot;troca de cantos em grupo&quot;, &quot;bingo&quot; e &quot;sorteio de pr\u00eamios especiais&quot;.<\/p>\n<h4>1. Karaok\u00ea do Orgulho Apresentado por: Shiro Fuse e Yoichi Fujita<\/h4>\n<figure class=\"wp-caption aligncenter\"><a href=\"https:\/\/photos.google.com\/share\/AF1QipM0nXRD3ZjBCqfofC_2L51kjA9VsR-Jm-nHsO3I9ft-wU2MJhzGXGurwSJp9CZAjA\/photo\/AF1QipNU3Ows2P9QzSwB_5psp6U6mfSaOb7vN777iVc?key=TzFTT2xrNnlTU096MDZ5dWw2MlBrU0hwT3dqUkh3\" target=\"_blank\"><img decoding=\"async\" src=\"https:\/\/lh3.googleusercontent.com\/pw\/AP1GczNMnbXRI_J6IOnM2hT5Pr4mxthpeZkd7CQRAOTP9Iti4N1rxBNVLstjcuGzhdzA921KQwvGME5w_14Me2qMBGeUThi8T1X9bRRFPsG7W5vqK30SihEezv6i75VposH_kyiJrD3xUGs8qssQbA8ZM4e1=w2000-h1125-s-no-gm?authuser=0\" width=\"2000\" height=\"1125\" alt=\"Apresentadores orgulhosos do karaok\u00ea: Shiro Fuse e Yoichi Fujita\" class=\"size-full\" \/><\/a><figcaption class=\"wp-caption-text\">Apresentadores orgulhosos do karaok\u00ea: Shiro Fuse e Yoichi Fujita<br \/><\/figcaption><\/figure>\n<h4>2. Interc\u00e2mbio de canto e coro de acrobacias Apresentador: Isamu Okita<\/h4>\n<p>A equipe se divide em Equipe A e Equipe B, e cada uma canta m\u00fasicas diferentes ao mesmo tempo. O jogo consiste em combinar m\u00fasicas com progress\u00f5es de acordes semelhantes para criar uma bela sonoridade.<\/p>\n<p>M\u00fasicas: &quot;Momotaro&quot; e &quot;Kintaro&quot;, &quot;Snow&quot; e &quot;Spring Has Come&quot;, &quot;Dendenmushi&quot; e &quot;Shojoji no Tanukibayashi&quot;, Te &quot;Shoes are Crying&quot; e Te &quot;Yuyake Koyake&quot;, etc.<\/p>\n<h4>3. Jogo de bingo: apresentado por Masaaki Nozawa e Isamu Okita<\/h4>\n<figure class=\"wp-caption aligncenter\"><a href=\"https:\/\/photos.google.com\/share\/AF1QipM0nXRD3ZjBCqfofC_2L51kjA9VsR-Jm-nHsO3I9ft-wU2MJhzGXGurwSJp9CZAjA\/photo\/AF1QipPCKz1IeE_hS0QVZpRkWE_yEUy-ItIu_LGj42Y?key=TzFTT2xrNnlTU096MDZ5dWw2MlBrU0hwT3dqUkh3\" target=\"_blank\"><img decoding=\"async\" src=\"https:\/\/lh3.googleusercontent.com\/pw\/AP1GczPI6jMUnJOUyCX1q7xJjHObi8HRYyAsJMxb5VC0li5FfrNF0wGo4X0REr_MxTRuBWQtQJ4HA59s5QhvMu9PZKnre9F9le3oYATl3JxDQM0nPzprSEtdHXjr1FEzJitzE5RwdzGLyx0qfcYdL9XFwrM8=w2000-h1125-s-no-gm?authuser=0\" width=\"2000\" height=\"1125\" alt=\"Jogo de bingo\" class=\"size-full\" \/><\/a><figcaption class=\"wp-caption-text\">Jogo de bingo<\/figcaption><\/figure>\n<h4>4. Sorteio de Pr\u00eamio Especial<\/h4>\n<ul>\n<li>Pr\u00eamios da cidade de Hokuryu: O prefeito Sasaki sortear\u00e1 pr\u00eamios para os membros da Associa\u00e7\u00e3o Hokuryu.\n<figure class=\"wp-caption aligncenter\"><a href=\"https:\/\/photos.google.com\/share\/AF1QipM0nXRD3ZjBCqfofC_2L51kjA9VsR-Jm-nHsO3I9ft-wU2MJhzGXGurwSJp9CZAjA\/photo\/AF1QipNWdRTxpojgsqJO4HZjaXPlevpC5IOfqGbwHoA?key=TzFTT2xrNnlTU096MDZ5dWw2MlBrU0hwT3dqUkh3\" target=\"_blank\"><img decoding=\"async\" src=\"https:\/\/lh3.googleusercontent.com\/pw\/AP1GczMdBnKUVKvx2XD3dRGbn-xxzNvkw-XFuYOBLr1ocCdZNl114DvYLjHwnah7gD1GT7sSSpjObp7AsCODN-cYYl7AqVVmpweKXiLzoP5FdRDLwfJPkTswXlgtWADcZzpW_ybv49ipWi0T-baZY0xXXEjR=w2000-h1125-s-no-gm?authuser=0\" width=\"2000\" height=\"1125\" alt=\"Pr\u00eamios da cidade de Hokuryu\" class=\"size-full\" \/><\/a><figcaption class=\"wp-caption-text\">Pr\u00eamios da cidade de Hokuryu<\/figcaption><\/figure>\n<figure class=\"wp-caption aligncenter\"><a href=\"https:\/\/photos.google.com\/share\/AF1QipM0nXRD3ZjBCqfofC_2L51kjA9VsR-Jm-nHsO3I9ft-wU2MJhzGXGurwSJp9CZAjA\/photo\/AF1QipN61X2Su8c8dYgHVyNxB1p8jHRPOMEMHkijwGc?key=TzFTT2xrNnlTU096MDZ5dWw2MlBrU0hwT3dqUkh3\" target=\"_blank\"><img decoding=\"async\" src=\"https:\/\/lh3.googleusercontent.com\/pw\/AP1GczOMeSZwqW0s3D87fTtLWYB7WdmATU-3Me1a2y2GVVf9_-z3yzEmmrm3BqaCoNYO_IKQ41jRfXw-_M6lQ_G2Kw1NvQQzffZGr5PgQv4mKcjIiznoW5W4yL2OWy6P0keVYJZ7AN7pA0JTDwZFqIN0sigO=w2000-h1125-s-no-gm?authuser=0\" width=\"2000\" height=\"1125\" alt=\"Pr\u00eamios da Hokuryu-kai\" class=\"size-full\" \/><\/a><figcaption class=\"wp-caption-text\">Pr\u00eamios da Hokuryu-kai<\/figcaption><\/figure>\n<figure class=\"wp-caption aligncenter\"><a href=\"https:\/\/photos.google.com\/share\/AF1QipM0nXRD3ZjBCqfofC_2L51kjA9VsR-Jm-nHsO3I9ft-wU2MJhzGXGurwSJp9CZAjA\/photo\/AF1QipNwyV5iCWS0FR4F4Wq6iGlBpYRivI29fLGoCYA?key=TzFTT2xrNnlTU096MDZ5dWw2MlBrU0hwT3dqUkh3\" target=\"_blank\"><img decoding=\"async\" src=\"https:\/\/lh3.googleusercontent.com\/pw\/AP1GczNBqx1wm2_PWA7CGOVXz02yCObp_aDFUUt6w0z2QVgIOxIKExvonlKkmafbyVRZBMxetSqTR-kh4QtrSs0wspCgWX0-0I-YsNygxaZdo5Ayk_pa00LDDq_Gvv_9AyS7dZmwg2opC-bzJbyIc5AL0aVW=w2000-h1125-s-no-gm?authuser=0\" width=\"2000\" height=\"1125\" alt=\"Pr\u00eamios da loteria\" class=\"size-full\" \/><\/a><figcaption class=\"wp-caption-text\">Pr\u00eamios da loteria<\/figcaption><\/figure>\n<\/li>\n<li>Pr\u00eamios do Sapporo Hokuryu-kai: A cidade de Chikurin-kai sortear\u00e1 pr\u00eamios e os entregar\u00e1 aos moradores de Hokuryu-cho.<br \/>\n\u3000<br \/>\n<figure class=\"wp-caption aligncenter\"><a href=\"https:\/\/photos.google.com\/share\/AF1QipM0nXRD3ZjBCqfofC_2L51kjA9VsR-Jm-nHsO3I9ft-wU2MJhzGXGurwSJp9CZAjA\/photo\/AF1QipMVSPZ_pbtleN35_U9cY1qpbTh6x9knVl2zNWs?key=TzFTT2xrNnlTU096MDZ5dWw2MlBrU0hwT3dqUkh3\" target=\"_blank\"><img decoding=\"async\" src=\"https:\/\/lh3.googleusercontent.com\/pw\/AP1GczMhSDX2Fl7ViyHoLNOFi7LdizvDA5jrSvUX6zA1Nwldo01gsAQr7BVUohJ8yIXdZ8ZFQf7Z6S3rt7nN8ScCOF7NvmgGlvsT6rGkMkst6AGR5CZeDXS4eciu5kkaXflmolytQzuXL9-z2cTgZNQx88Qk=w2000-h1125-s-no-gm?authuser=0\" width=\"2000\" height=\"1125\" alt=\"Um presente de Hokuryu-kai\" class=\"size-full\" \/><\/a><figcaption class=\"wp-caption-text\">Um presente de Hokuryu-kai<\/figcaption><\/figure>\n<\/li>\n<h4>Um anel &quot;Hima Ring&quot; de presente de Takada Yukio, presidente da Associa\u00e7\u00e3o Cooperativa Comercial de Kurosengoku!!!<\/h4>\n<figure class=\"wp-caption aligncenter\"><a href=\"https:\/\/photos.google.com\/share\/AF1QipM0nXRD3ZjBCqfofC_2L51kjA9VsR-Jm-nHsO3I9ft-wU2MJhzGXGurwSJp9CZAjA\/photo\/AF1QipOpPdtz3YNv7-3v9fcSx-ILtbhF47cVMdWyjVw?key=TzFTT2xrNnlTU096MDZ5dWw2MlBrU0hwT3dqUkh3\" target=\"_blank\"><img decoding=\"async\" src=\"https:\/\/lh3.googleusercontent.com\/pw\/AP1GczN9ZVThPlvcG-eJf9YR67yWnNc6mp-A4fgtpkLqL9HYpfjYLdRazsfYINe9kzOFmDsvWBLEuGuge_Id9MJh16EAefDMSlR-4asfRsEsLSX3tPKmB5V6jeELph313apdLpbi4Z7u7kX3u21PVPxH7CJV=w2000-h1125-s-no-gm?authuser=0\" width=\"2000\" height=\"1125\" alt=\"Um anel &quot;Hima Ring&quot; de presente do presidente da Associa\u00e7\u00e3o Cooperativa Comercial de Kurosengoku, Takada Yukio!!!\" class=\"size-full\" \/><\/a><figcaption class=\"wp-caption-text\">Um anel &quot;Hima Ring&quot; de presente de Takada Yukio, presidente da Associa\u00e7\u00e3o Cooperativa Comercial de Kurosengoku!!!<\/figcaption><\/figure>\n<\/li>\n<\/ul>\n<h3>Cerim\u00f4nia de encerramento: Um brinde de Harumitsu Ito, turma de 1971!<\/h3>\n<figure class=\"wp-caption aligncenter\"><a href=\"https:\/\/photos.google.com\/share\/AF1QipM0nXRD3ZjBCqfofC_2L51kjA9VsR-Jm-nHsO3I9ft-wU2MJhzGXGurwSJp9CZAjA\/photo\/AF1QipP-_eBUBuplv0ISAjeVdes8GvrbeY_vpWWM24o?key=TzFTT2xrNnlTU096MDZ5dWw2MlBrU0hwT3dqUkh3\" target=\"_blank\"><img decoding=\"async\" src=\"https:\/\/lh3.googleusercontent.com\/pw\/AP1GczM-2YHfLzpZgxbyDArnE6dapEWL9-6bukCN1jVQ-rJubiXBQyYb9VdLc_A_Pe0Xb4jq6fejpfQkKCNotA1qJmwS-oAzFhNOqja764B7kCGJ9TVmqzrIxxHE4aPRCn94nLzj7UfNybfBbE7e9pQkESm1=w2000-h1125-s-no-gm?authuser=0\" width=\"2000\" height=\"1125\" alt=\"Brinde do Sr. Harumitsu Ito\" class=\"size-full\" \/><\/a><figcaption class=\"wp-caption-text\">Brinde do Sr. Harumitsu Ito<\/figcaption><\/figure>\n<p>Isso marcou o fim do grandioso Festival Hokuryu de Sapporo.<\/p>\n<figure class=\"wp-caption aligncenter\"><a href=\"https:\/\/photos.google.com\/share\/AF1QipM0nXRD3ZjBCqfofC_2L51kjA9VsR-Jm-nHsO3I9ft-wU2MJhzGXGurwSJp9CZAjA\/photo\/AF1QipO4wC2FHY1emg7qY7qj9NkrtU2AbOch6p9BFnY?key=TzFTT2xrNnlTU096MDZ5dWw2MlBrU0hwT3dqUkh3\" target=\"_blank\"><img decoding=\"async\" src=\"https:\/\/lh3.googleusercontent.com\/pw\/AP1GczOM--1YQMzpThyohjFVekX0XMBAnSO-Of5IaaIbieNLhts2YY2e-YBcyF12Er86aMOhr4fwXRv0rU569SwRBG9a8YxX4uhmtvIh-3XgPtfBB4US_jndXeDaqKqsavkvqZCjss9LQyHqlIWX8n6OTVo7=w2000-h1125-s-no-gm?authuser=0\" width=\"2000\" height=\"1125\" alt=\"Pegue o \u00f4nibus para a cidade de Hokuryu.\" class=\"size-full\" \/><\/a><figcaption class=\"wp-caption-text\">Pegue o \u00f4nibus para a cidade de Hokuryu.<\/figcaption><\/figure>\n<figure class=\"wp-caption aligncenter\"><a href=\"https:\/\/photos.google.com\/share\/AF1QipM0nXRD3ZjBCqfofC_2L51kjA9VsR-Jm-nHsO3I9ft-wU2MJhzGXGurwSJp9CZAjA\/photo\/AF1QipPgiwj9qcppLw3xMHtXwOMK4XyWMJZDTmV-wCs?key=TzFTT2xrNnlTU096MDZ5dWw2MlBrU0hwT3dqUkh3\" target=\"_blank\"><img decoding=\"async\" src=\"https:\/\/lh3.googleusercontent.com\/pw\/AP1GczNXsvMr2ibshtikm_SdoPPlb6zAe7_OrsduadaHKJwGLmAdzSlPc8U_r3Es_zlIg9Bc1Zpkn12jpCzNX3oEBBNMs_CfgC-TYrQxsGT0oSuIzi_K-ktE7ePxzXnGZA2wMwzL0PIkrMWLlP4WfZ9LKBPr=w2000-h1500-s-no-gm?authuser=0\" width=\"2000\" height=\"1500\" alt=\"Com amor, gratid\u00e3o e ora\u00e7\u00f5es infinitas a todos da Associa\u00e7\u00e3o Sapporo Hokuryu que zelam e apoiam a cidade de Hokuryu...\" class=\"size-full\" \/><\/a><figcaption class=\"wp-caption-text\">Com amor, gratid\u00e3o e ora\u00e7\u00f5es infinitas a todos da Associa\u00e7\u00e3o Sapporo Hokuryu que zelam e apoiam a cidade de Hokuryu...<\/figcaption><\/figure>\n<p>Passaram-se 57 anos desde a funda\u00e7\u00e3o da Sapporo Hokuryu-kai, e o nobre esp\u00edrito da cidade de Hokuryu continua a ser transmitido...<\/p>\n<p>Com amor, gratid\u00e3o e ora\u00e7\u00f5es ilimitadas, gostaria de expressar minha sincera gratid\u00e3o a todos os membros da Associa\u00e7\u00e3o Sapporo Hokuryu que amam sua cidade natal, Hokuryu, compartilham conosco o &quot;esp\u00edrito de harmonia&quot; e o &quot;esp\u00edrito de compaix\u00e3o&quot; que s\u00e3o o esp\u00edrito pioneiro transmitido atrav\u00e9s das gera\u00e7\u00f5es, e que nos protegem e apoiam.<\/p>\n<h2>v\u00eddeos do YouTube<\/h2>\n<div class=\"youtube\"><iframe title=\"Uma noite para fortalecer o amor e os la\u00e7os com a cidade natal: o Festival Hokuryu de Sapporo de 2025 foi realizado em grande estilo.\" src=\"https:\/\/www.youtube.com\/embed\/VaFtIvubY5k?feature=oembed\" frameborder=\"0\" allow=\"accelerometer; autoplay; clipboard-write; encrypted-media; gyroscope; picture-in-picture; web-share\" referrerpolicy=\"strict-origin-when-cross-origin\" allowfullscreen><\/iframe><\/div>\n<h2>Outras fotos<\/h2>\n<div class=\"img-move\"><img decoding=\"async\" style=\"vertical-align: middle;\" src=\"https:\/\/ehokkaido.net\/wp-content\/uploads\/2021\/12\/2021-12-06-11.41.12.png\" \/> <a href=\"https:\/\/photos.app.goo.gl\/csuxeCEzoqbPBGLk9\" target=\"_blank\" rel=\"noopener noreferrer\">Hokuryu Taiko participou do &quot;7\u00ba Wadaiko De Itsu! em Fukagawa&quot;! Veja as fotos (52 fotos) aqui &gt;&gt;<\/a><\/div>\n<h2>Artigos relacionados<\/h2>\n\n        <div class=\"site-blogcard-premium\">\n            <div class=\"bc-label-custom\">Artigos relacionados<\/div>\n            <div class=\"bc-flex-container\">\n                <div class=\"bc-main-text\">\n                    <div class=\"bc-title-link-box\">\n                        <a href=\"https:\/\/portal.hokuryu.info\/pt\/47122\/\" target=\"_blank\">https:\/\/portal.hokuryu.info\/47122<\/a>\n                    <\/div>\n                    <div class=\"bc-excerpt-box\">N\u00e3o foi poss\u00edvel recuperar as informa\u00e7\u00f5es da p\u00e1gina.<\/div>\n                <\/div>\n                <div class=\"bc-thumbnail-box\">\n                    <a href=\"https:\/\/portal.hokuryu.info\/pt\/47122\/\" target=\"_blank\">\n                        <div class=\"bc-img-zoom-wrap\">\n                            <img decoding=\"async\" src=\"https:\/\/portal.hokuryu.info\/wp\/wp-content\/uploads\/2026\/02\/20230802DSC06445_1.jpg\" alt=\"https:\/\/portal.hokuryu.info\/47122\">\n                        <\/div>\n                    <\/a>\n                <\/div>\n            <\/div>\n        <\/div>\n<p>\u25c7 <a href=\"https:\/\/portal.hokuryu.info\/pt\/38127\/#outline_1__7_2_1\">Fotografia, edi\u00e7\u00e3o e gerenciamento de site: Noboru Terauchi Escritor: Ikuko Terauchi<\/a><\/p>","protected":false},"excerpt":{"rendered":"<p>2025\u5e747\u67089\u65e5\uff08\u706b\uff09 6\u670829\u65e5\uff08\u65e5\uff09\u3001\u672d\u5e4c\u5e02\u3067\u4ee4\u548c7\u5e74\u5ea6\u300c\u3055\u3063\u307d\u308d\u5317\u7adc\u796d\u300d\u304c\u958b\u50ac\u3055\u308c\u307e\u3057\u305f\u3002\u5317\u7adc\u753a\u51fa\u8eab\u8005\u3084\u3086\u304b\u308a\u306e\u3042\u308b\u65b9\u300558\u540d\u304c\u96c6\u3044\u3001\u6545\u90f7\u306e\u8a71\u984c\u306b\u82b1\u3092\u54b2\u304b\u305b\u307e\u3057\u305f\u3002\u4f50\u3005\u6728\u753a\u9577\u304b\u3089\u306f\u3001\u5317\u7adc\u753a\u304c\u5730 [&hellip;]<\/p>\n","protected":false},"author":1,"featured_media":60892,"comment_status":"open","ping_status":"open","sticky":false,"template":"","format":"standard","meta":{"footnotes":""},"categories":[4,75,112],"tags":[],"class_list":["post-60585","post","type-post","status-publish","format-standard","has-post-thumbnail","hentry","category-cover-story","category-sasaki-yasuhiro-mayor","category-local_revitalization_2"],"_links":{"self":[{"href":"https:\/\/portal.hokuryu.info\/pt\/wp-json\/wp\/v2\/posts\/60585","targetHints":{"allow":["GET"]}}],"collection":[{"href":"https:\/\/portal.hokuryu.info\/pt\/wp-json\/wp\/v2\/posts"}],"about":[{"href":"https:\/\/portal.hokuryu.info\/pt\/wp-json\/wp\/v2\/types\/post"}],"author":[{"embeddable":true,"href":"https:\/\/portal.hokuryu.info\/pt\/wp-json\/wp\/v2\/users\/1"}],"replies":[{"embeddable":true,"href":"https:\/\/portal.hokuryu.info\/pt\/wp-json\/wp\/v2\/comments?post=60585"}],"version-history":[{"count":0,"href":"https:\/\/portal.hokuryu.info\/pt\/wp-json\/wp\/v2\/posts\/60585\/revisions"}],"wp:featuredmedia":[{"embeddable":true,"href":"https:\/\/portal.hokuryu.info\/pt\/wp-json\/wp\/v2\/media\/60892"}],"wp:attachment":[{"href":"https:\/\/portal.hokuryu.info\/pt\/wp-json\/wp\/v2\/media?parent=60585"}],"wp:term":[{"taxonomy":"category","embeddable":true,"href":"https:\/\/portal.hokuryu.info\/pt\/wp-json\/wp\/v2\/categories?post=60585"},{"taxonomy":"post_tag","embeddable":true,"href":"https:\/\/portal.hokuryu.info\/pt\/wp-json\/wp\/v2\/tags?post=60585"}],"curies":[{"name":"wp","href":"https:\/\/api.w.org\/{rel}","templated":true}]}}