{"id":60404,"date":"2025-06-30T11:36:25","date_gmt":"2025-06-30T02:36:25","guid":{"rendered":"https:\/\/portal.hokuryu.info\/?p=60404"},"modified":"2025-07-12T22:43:20","modified_gmt":"2025-07-12T13:43:20","slug":"%e7%9c%9f%e7%ab%9c%e5%b0%8f%e5%ad%a6%e6%a0%a1%e3%80%80%e4%bb%a4%e5%92%8c7%e5%b9%b4%e5%ba%a6%e3%81%95%e3%81%8f%e3%82%89%e3%82%92%e8%82%b2%e3%81%a6%e3%82%8b%e4%bd%93%e9%a8%93%e5%ad%a6%e7%bf%92","status":"publish","type":"post","link":"https:\/\/portal.hokuryu.info\/pt\/60404\/","title":{"rendered":"Alunos do terceiro ano da Escola Prim\u00e1ria Shinryu aprendem sobre o cultivo de cerejeiras em 2025, expressando gratid\u00e3o \u00e0s magn\u00edficas cerejeiras da cidade de Hokuryu que crescem saud\u00e1veis juntas!"},"content":{"rendered":"<p>Segunda-feira, 30 de junho de 2025<\/p>\n<div class=\"ep-box es-BpaperRight es-grid bgc-VPsky\">Alunos do terceiro ano da Escola Prim\u00e1ria Shinryu participaram do programa &quot;Aprendizado Pr\u00e1tico de Cultivo de Cerejeiras&quot;, que j\u00e1 est\u00e1 em sua 10\u00aa edi\u00e7\u00e3o. Sob a orienta\u00e7\u00e3o de membros da Associa\u00e7\u00e3o Florestal Kita Sorachi, os alunos vivenciaram o trabalho de coletar sementes de cerejeiras e plant\u00e1-las no campo. As cerejeiras ser\u00e3o plantadas daqui a tr\u00eas anos como uma lembran\u00e7a da formatura e florescer\u00e3o quando os alunos completarem 20 anos. Esta \u00e9 uma iniciativa maravilhosa e inspiradora que fortalece o sentimento de pertencimento \u00e0 sua cidade natal.<\/div>\n<h2>Escola Prim\u00e1ria Shinryu - Experi\u00eancia de cultivo de cerejeiras em flor na Era Reiwa 7<\/h2>\n<p>Treze alunos do terceiro ano da Escola Prim\u00e1ria Shinryu semearam sementes de cerejeira como parte do programa &quot;Aprendizagem Experiencial de Cultivo de Cerejeiras em 2025&quot;.<\/p>\n<p>Treze alunos do terceiro ano da Escola Prim\u00e1ria Shinryu semearam sementes de cerejeira como parte do programa &quot;Aprendizagem Experiencial de Cultivo de Cerejeiras em 2025&quot;.<br \/>\nO trabalho consiste em colher os frutos das cerejeiras, lav\u00e1-los, retirar as sementes e plant\u00e1-los nos campos. As mudas germinam e, tr\u00eas anos depois, quando os alunos do sexto ano se formam, as cerejeiras adultas s\u00e3o plantadas como uma cerim\u00f4nia comemorativa de formatura.<\/p>\n<p>Dez anos ap\u00f3s a formatura, quando nossos filhos completarem 20 anos, as cerejeiras come\u00e7ar\u00e3o a florescer. Que coisa maravilhosa e aben\u00e7oada ser\u00e1 poder visitar nossa cidade natal, Hokuryu, no dia da nossa maioridade e admirar as flores que cresceram e desabrocharam nas cerejeiras que plantamos.<\/p>\n<p>O programa &quot;Aprendizagem Experiencial sobre o Cultivo de Cerejeiras em Flor&quot; teve in\u00edcio como parte das aulas de aprendizagem integral na Escola Prim\u00e1ria Shinryu e este ano marca seu 10\u00ba anivers\u00e1rio.<\/p>\n<p>A experi\u00eancia de aprendizagem pr\u00e1tica ser\u00e1 conduzida por Takebayashi Hitoshi, diretor representante e presidente da Associa\u00e7\u00e3o Florestal de Kita Sorachi, e Shibasaki Kazuo, instrutor florestal e membro do Conselho de Liga\u00e7\u00e3o de Instrutores Florestais do Distrito de Sorachi.<\/p>\n<figure class=\"wp-caption aligncenter\"><a href=\"https:\/\/photos.google.com\/share\/AF1QipN5evhx5-8KLVKpPFHBNZpL24mZtkC1uzMqkahG8Acgv59i2NPgTDRGhlOYAfpWsA\/photo\/AF1QipPtlfhux8M8RCeRYI1LUQiAA165NrX8niRq3jU?key=dU5iN01JeHp3dHdsbDZ3Z0NCdzJqdUFWU1Q4a3ZB\" target=\"_blank\"><img decoding=\"async\" src=\"https:\/\/lh3.googleusercontent.com\/pw\/AP1GczMWYNZjQvYeHHWOf4vhv52umd_VbFw6DI_Fvfpt6egg3vWxvxuGV_2GaRpn-vd-dVoEpFSz9AUPCWkwRTLl38gOARl-qqMY4VSCKs6zdQi0K9QHUjA7FnZr4pXUvbmhF8WohFg_HlKdsLgvvplHYfco=w2000-h1500-s-no-gm?authuser=0\" width=\"2000\" height=\"1500\" alt=\"Takebayashi, Shibasaki e Kato\" class=\"size-full\" \/><\/a><figcaption class=\"wp-caption-text\">Takebayashi, Shibasaki e Kato<\/figcaption><\/figure>\n<h3>A todos que me orientaram.<\/h3>\n<p>Recebemos tamb\u00e9m orienta\u00e7\u00e3o e assist\u00eancia da Divis\u00e3o Florestal do Departamento Geral de Sorachi.<\/p>\n<figure class=\"wp-caption aligncenter\"><a href=\"https:\/\/photos.google.com\/share\/AF1QipN5evhx5-8KLVKpPFHBNZpL24mZtkC1uzMqkahG8Acgv59i2NPgTDRGhlOYAfpWsA\/photo\/AF1QipMsix8vZC8O-io7mDhBryW05ZK5T4Oscexj5kM?key=dU5iN01JeHp3dHdsbDZ3Z0NCdzJqdUFWU1Q4a3ZB\" target=\"_blank\"><img decoding=\"async\" src=\"https:\/\/lh3.googleusercontent.com\/pw\/AP1GczNTEiBcJZ_l01WNZnyD8YYFwU3mUlwBsR6kIWxraqP_YzmPj05O8Dzy9nwAuR_SATayXyGmRPmRVzM9_VQHQK6r6xcBuPhY8CRyAK-ZUUMnFqSCNwKdzCXD_BoEY1RZy44ChJfoW3IsmHVBG3tiyrI7=w2000-h1125-s-no-gm?authuser=0\" width=\"2000\" height=\"1125\" alt=\"Membros da Divis\u00e3o Florestal do Departamento de Desenvolvimento Regional de Sorachi\" class=\"size-full\" \/><\/a><figcaption class=\"wp-caption-text\">Membros da Divis\u00e3o Florestal do Departamento de Desenvolvimento Regional de Sorachi<\/figcaption><\/figure>\n<ul>\n<li>Toru Otsuki, Diretor do Escrit\u00f3rio Florestal de Sunagawa, Departamento de Desenvolvimento Regional de Sorachi<\/li>\n<li>Takashi Saito, Inspetor-Chefe, Escrit\u00f3rio de Sunagawa, Divis\u00e3o Florestal, Departamento de Desenvolvimento Regional de Sorachi<\/li>\n<li>Keisuke Doi, Chefe do Escrit\u00f3rio de Sunagawa, Divis\u00e3o Florestal, Departamento de Desenvolvimento Regional de Sorachi<\/li>\n<\/ul>\n<figure class=\"wp-caption aligncenter\"><a href=\"https:\/\/photos.google.com\/share\/AF1QipN5evhx5-8KLVKpPFHBNZpL24mZtkC1uzMqkahG8Acgv59i2NPgTDRGhlOYAfpWsA\/photo\/AF1QipOTBo8g9l7uKQ2dKbbEP9MB1PbCMC1L20wPJZ0?key=dU5iN01JeHp3dHdsbDZ3Z0NCdzJqdUFWU1Q4a3ZB\" target=\"_blank\"><img decoding=\"async\" src=\"https:\/\/lh3.googleusercontent.com\/pw\/AP1GczOhxKwJ-RY_ycMbkMC_ED1wICaOkWomlRO1yTng_sVUmUqn7bR_JPu1bI-2Zo3J196-TLJfhe_32uNAElMVjPu5xtrxqgqLbrLeMNOLboQqTNn9YsOuKXIlRgbl1JgbH7WDyqpHClxiDpU5-SoneLQU=w2000-h1500-s-no-gm?authuser=0\" width=\"2000\" height=\"1500\" alt=\"Todos juntos!\" class=\"size-full\" \/><\/a><figcaption class=\"wp-caption-text\">Todos juntos!<\/figcaption><\/figure>\n<h3>Sobre a Associa\u00e7\u00e3o Florestal Kita Sorachi<\/h3>\n<p>*A Associa\u00e7\u00e3o Florestal de Kita Sorachi foi formada em junho de 1999 pela fus\u00e3o da Associa\u00e7\u00e3o Florestal da Cidade de Fukagawa e da Associa\u00e7\u00e3o Florestal da Cidade de Hokuryu, e abrange uma cidade e seis munic\u00edpios: Cidade de Fukagawa, Munic\u00edpio de Hokuryu, Munic\u00edpio de Uryu, Munic\u00edpio de Numata, Munic\u00edpio de Chishibetsu, Munic\u00edpio de Imobeushi e Munic\u00edpio de Horokanai.<\/p>\n<p>Como principal entidade gestora de florestas na regi\u00e3o, a cooperativa florestal continua a cultivar e proteger as florestas da regi\u00e3o por meio de esfor\u00e7os cooperativos, contribuindo para a preven\u00e7\u00e3o do aquecimento global atrav\u00e9s da conserva\u00e7\u00e3o dos ambientes florestais e do desenvolvimento da silvicultura. Sua miss\u00e3o \u00e9 apoiar padr\u00f5es de vida saud\u00e1veis, seguros e pr\u00f3speros, proporcionando ao p\u00fablico a preserva\u00e7\u00e3o das fontes de \u00e1gua, a seguran\u00e7a das terras do pa\u00eds, um ambiente florestal saud\u00e1vel e madeira de alta qualidade.<\/p>\n<h3>Discurso do Sr. Hitoshi Takebayashi, Diretor Representante e Presidente da Associa\u00e7\u00e3o Florestal de Kita Sorachi.<\/h3>\n<figure class=\"wp-caption aligncenter\"><a href=\"https:\/\/photos.google.com\/share\/AF1QipN5evhx5-8KLVKpPFHBNZpL24mZtkC1uzMqkahG8Acgv59i2NPgTDRGhlOYAfpWsA\/photo\/AF1QipOVGZ6PMRDdllyghzlooS5KpmyTHelx7j3see4?key=dU5iN01JeHp3dHdsbDZ3Z0NCdzJqdUFWU1Q4a3ZB\" target=\"_blank\"><img decoding=\"async\" src=\"https:\/\/lh3.googleusercontent.com\/pw\/AP1GczPULGxz3j5XTASJv5WfkKyYdOATS_TbrsMKWvQqur7xqOadr--xK2Asp1rdS9d231aMtoYPx7W_7o4oWGuGFuO7ROBNOgwCi1ea4MLFppYpFWxONxManc3qYvGRgAIwIl7kTi1txnTvAdDMa4EjFw4t=w2000-h1125-s-no-gm?authuser=0\" width=\"2000\" height=\"1125\" alt=\"Associa\u00e7\u00e3o Florestal Kita Sorachi, Diretor Representante e Presidente, Takebayashi Hitoshi\" class=\"size-full\" \/><\/a><figcaption class=\"wp-caption-text\">Associa\u00e7\u00e3o Florestal Kita Sorachi, Diretor Representante e Presidente, Takebayashi Hitoshi<\/figcaption><\/figure>\n<p>A Associa\u00e7\u00e3o Florestal de Hokkaido trabalha para proteger as florestas e preservar as \u00e1reas verdes. Esta atividade visa conscientizar as crian\u00e7as sobre a import\u00e2ncia do cuidado com as \u00e1rvores como parte da educa\u00e7\u00e3o ambiental.<\/p>\n<p>As crian\u00e7as est\u00e3o na terceira s\u00e9rie e coletaram sementes de cerejeira para plantar e cultivar essas mudas. Essas mudas foram plantadas pelos alunos da quarta s\u00e9rie no ano passado.<br \/>\nAs mudas crescer\u00e3o at\u00e9 aproximadamente a altura do joelho at\u00e9 o outono.<br \/>\nNo outono do quinto ano, ela j\u00e1 ter\u00e1 crescido at\u00e9 a altura dos ombros.<br \/>\nNo outono do sexto ano, as \u00e1rvores adultas s\u00e3o plantadas como forma de comemora\u00e7\u00e3o da formatura. Essa sequ\u00eancia de eventos \u00e9 o prop\u00f3sito deste evento.<\/p>\n<p>At\u00e9 o momento, sete \u00e1rvores foram plantadas.<br \/>\nEste ano marca o 10\u00ba anivers\u00e1rio.<br \/>\nN\u00f3s mesmos cultivamos as mudas de cerejeira.<br \/>\nEsta aula est\u00e1 sendo oferecida em quatro escolas em Hokkaido: na cidade de Hokuryu, na cidade de Uryu e na cidade de Fukagawa.<\/p>\n<p>Se as plantarmos ao redor da escola, ser\u00e3o atacadas por ratos, danificadas pela neve ou cortadas incorretamente, causando diversos problemas. Portanto, achamos melhor plant\u00e1-las em um ambiente natural como este.<\/p>\n<p>Esperamos que, daqui a 40 ou 50 anos, as crian\u00e7as plantem mudas de cerejeiras no Parque Konpira, um famoso local de florescimento de cerejeiras na cidade de Hokuryu, e que o parque cres\u00e7a e se torne um famoso local de florescimento de cerejeiras cultivado por crian\u00e7as.<\/p>\n<p>As mudas s\u00e3o cultivadas inicialmente em vasos para permitir o desenvolvimento das ra\u00edzes e, quando atingem um certo tamanho, s\u00e3o transplantadas para o solo, onde permanecem at\u00e9 o outono. Nessa esta\u00e7\u00e3o, a planta perde as folhas, como se estivesse &quot;hibernando&quot;, entrando em estado de dorm\u00eancia para se proteger. Quando chega esse momento, a planta \u00e9 retirada do solo e colocada de lado. No inverno, a planta fica coberta de neve e, assim que a neve derrete e o clima esquenta, a \u00e1rvore come\u00e7a a se movimentar. Nesse momento, \u00e9 hora de transplant\u00e1-la.<\/p>\n<p>No outono do seu sexto ano, a planta j\u00e1 tinha crescido para mais de 1,5 m de tamanho.<br \/>\nNaquela ocasi\u00e3o, as \u00e1rvores ser\u00e3o plantadas no Parque Konpira como uma comemora\u00e7\u00e3o da formatura.<br \/>\n&quot;Dizem que, uma vez plantadas as sementes, as cerejeiras florescem de 10 a 15 anos depois. As cerejeiras plantadas pelos alunos do terceiro ano florescer\u00e3o daqui a 10 anos, quando tiverem 20 anos&quot;, explicou ele cuidadosamente.<\/p>\n<figure class=\"wp-caption aligncenter\"><a href=\"https:\/\/photos.google.com\/share\/AF1QipN5evhx5-8KLVKpPFHBNZpL24mZtkC1uzMqkahG8Acgv59i2NPgTDRGhlOYAfpWsA\/photo\/AF1QipMNjcbHQjJ7nUEoVkHgoUKq0AHefqClb8lJFsk?key=dU5iN01JeHp3dHdsbDZ3Z0NCdzJqdUFWU1Q4a3ZB\" target=\"_blank\"><img decoding=\"async\" src=\"https:\/\/lh3.googleusercontent.com\/pw\/AP1GczOhJHuThmejK9EHKRMp7p8xWQffYzORTOBnGPP05l7z2Z0p74MpqubXrQOcpXb9w1uxuIIcRs6jumPEy_zpAjDD0qSBLgSSMTbnRV7zZ6_oHRRKeYXgHbAG8Z6FyM0ItFLf3D5_43OO4YLoxN0ilRNL=w1158-h1544-s-no-gm?authuser=0\" width=\"1158\" height=\"1544\" alt=\"Cerejeira plantada para comemorar a formatura\" class=\"size-full\" \/><\/a><figcaption class=\"wp-caption-text\">Cerejeira plantada para comemorar a formatura<\/figcaption><\/figure>\n<h2>Fluxo da aprendizagem experiencial<\/h2>\n<h3>Colete amoras pretas de cerejeiras.<\/h3>\n<p>Nos dividimos em tr\u00eas grupos e cada pessoa colheu cerca de cinco amoras pretas grandes.<\/p>\n<h4>Colhendo cerejas<\/h4>\n<figure class=\"wp-caption aligncenter\"><a href=\"https:\/\/photos.google.com\/share\/AF1QipN5evhx5-8KLVKpPFHBNZpL24mZtkC1uzMqkahG8Acgv59i2NPgTDRGhlOYAfpWsA\/photo\/AF1QipNzXFVV3L02cqLXxG9ZPV7387w3nF7wXvbx7Wk?key=dU5iN01JeHp3dHdsbDZ3Z0NCdzJqdUFWU1Q4a3ZB\" target=\"_blank\"><img decoding=\"async\" src=\"https:\/\/lh3.googleusercontent.com\/pw\/AP1GczMog64xy7WtK16M5Gp6yqS2w-9fT_YTKrXbZiQtD6cx5tsmeb9qFzE9AyHbOx0Su8Jrl6dfEwXxIHbFMEUI9bAhoFRKHQ9eYSC58r6ozlONJ4GiJc2XwOxy1iFf51sAf5pP5ePKKXlP7ZJMzCzjzLrX=w2000-h1500-s-no-gm?authuser=0\" width=\"2000\" height=\"1500\" alt=\"Subir uma escada para colher flores de cerejeira.\" class=\"size-full\" \/><\/a><figcaption class=\"wp-caption-text\">Subir uma escada para colher flores de cerejeira.<\/figcaption><\/figure>\n<figure class=\"wp-caption aligncenter\"><a href=\"https:\/\/photos.google.com\/share\/AF1QipN5evhx5-8KLVKpPFHBNZpL24mZtkC1uzMqkahG8Acgv59i2NPgTDRGhlOYAfpWsA\/photo\/AF1QipM6Z7g3GpVi-WBSjCV2o3vtiTVe2nXH_9bKTzQ?key=dU5iN01JeHp3dHdsbDZ3Z0NCdzJqdUFWU1Q4a3ZB\" target=\"_blank\"><img decoding=\"async\" src=\"https:\/\/lh3.googleusercontent.com\/pw\/AP1GczPLkesvglQ0HCP-Ih-vz1cCVVVqS3vpOzpP0QoqCqMzcypfTlXS6hudYsF1ENU4LuIjYtDTLdFbKZ_1L2JT7eKe_wYXxradpnTnMcGq33BDp3qfmIK-mcYHK-fXBOTFXLmRwqutqXkw6iNXZ01WqB_0=w2000-h1500-s-no-gm?authuser=0\" width=\"2000\" height=\"1500\" alt=\"Procure a fruta preta grande!\" class=\"size-full\" \/><\/a><figcaption class=\"wp-caption-text\">Procure a fruta preta grande!<\/figcaption><\/figure>\n<figure class=\"wp-caption aligncenter\"><a href=\"https:\/\/photos.google.com\/share\/AF1QipN5evhx5-8KLVKpPFHBNZpL24mZtkC1uzMqkahG8Acgv59i2NPgTDRGhlOYAfpWsA\/photo\/AF1QipOrWlc6e2rK6op9W2UBWsHsRMY_TSeeC-uMj7M?key=dU5iN01JeHp3dHdsbDZ3Z0NCdzJqdUFWU1Q4a3ZB\" target=\"_blank\"><img decoding=\"async\" src=\"https:\/\/lh3.googleusercontent.com\/pw\/AP1GczNdrvq0aSKqVO1cpqp9wQkEOClicJkkBALCX84z65NxwJN_GJQAf3BM7qzURA9tVfSSVkj1ZWyh628agVI4hAfHJimQUTqAYNhtzgRCNuYbRuROhhtg3lvSebiLDFVS_3-DXLB88foWqP5RxLiAPths=w2000-h1500-s-no-gm?authuser=0\" width=\"2000\" height=\"1500\" alt=\"Fruto preto colhido de uma \u00e1rvore\" class=\"size-full\" \/><\/a><figcaption class=\"wp-caption-text\">Fruto preto colhido de uma \u00e1rvore<\/figcaption><\/figure>\n<h4>Retire a fruta<\/h4>\n<p>A fruta \u00e9 colocada em um balde e movimentada, depois \u00e9 transferida para um recipiente de isopor cheio de \u00e1gua para ser lavada e as sementes removidas.<\/p>\n<figure class=\"wp-caption aligncenter\"><a href=\"https:\/\/photos.google.com\/share\/AF1QipN5evhx5-8KLVKpPFHBNZpL24mZtkC1uzMqkahG8Acgv59i2NPgTDRGhlOYAfpWsA\/photo\/AF1QipNz7fnEhxCn_gD6oTt2-ZuR4cjR4kLfgrnJP8g?key=dU5iN01JeHp3dHdsbDZ3Z0NCdzJqdUFWU1Q4a3ZB\" target=\"_blank\"><img decoding=\"async\" src=\"https:\/\/lh3.googleusercontent.com\/pw\/AP1GczMQ0UOsez_i1QyRsAok3KHZ9M3NfTdkRviTu55I5lei5oAmyuBzBzkK9r1w45AyO9faNel3alYfQT9nP6Yig6Y9Fhgz8WTzKRYJM4vga5oncQV6QadzYFYrM5Fu9eEd2ZiXburgDACUxYGP60EGhajy=w2000-h1500-s-no-gm?authuser=0\" width=\"2000\" height=\"1500\" alt=\"Prepare uma caixa de isopor cheia de \u00e1gua.\" class=\"size-full\" \/><\/a><figcaption class=\"wp-caption-text\">Prepare uma caixa de isopor cheia de \u00e1gua.<\/figcaption><\/figure>\n<figure class=\"wp-caption aligncenter\"><a href=\"https:\/\/photos.google.com\/share\/AF1QipN5evhx5-8KLVKpPFHBNZpL24mZtkC1uzMqkahG8Acgv59i2NPgTDRGhlOYAfpWsA\/photo\/AF1QipONBiAOK4FX85bNC8oBUbNYiLmmusGcrDD0Lgw?key=dU5iN01JeHp3dHdsbDZ3Z0NCdzJqdUFWU1Q4a3ZB\" target=\"_blank\"><img decoding=\"async\" src=\"https:\/\/lh3.googleusercontent.com\/pw\/AP1GczMem_jCyaHrbbuukRw8Bg3Ofv2nAiloZalS-45vivL-EZwOjDv_qqtQqiuX26RtH6QMhvfpSsCFcNlIAYjOxALPrjI97dEik_6HOYd53j_EHI5AIEQgnwR4RJzXhIRLhLKvVGFT6iTZNwTBArTy25i2=w2000-h1333-s-no-gm?authuser=0\" width=\"2000\" height=\"1333\" alt=\"\u00e1gua cor de vinho\" class=\"size-full\" \/><\/a><figcaption class=\"wp-caption-text\">\u00e1gua cor de vinho<\/figcaption><\/figure>\n<figure class=\"wp-caption aligncenter\"><a href=\"https:\/\/photos.google.com\/share\/AF1QipN5evhx5-8KLVKpPFHBNZpL24mZtkC1uzMqkahG8Acgv59i2NPgTDRGhlOYAfpWsA\/photo\/AF1QipM7XtzBZHg8JvI43HF8KP6eBWa9iVty7Ixbr3E?key=dU5iN01JeHp3dHdsbDZ3Z0NCdzJqdUFWU1Q4a3ZB\" target=\"_blank\"><img decoding=\"async\" src=\"https:\/\/lh3.googleusercontent.com\/pw\/AP1GczMIakspUMgjuOwDTVoPs4LB7hwaTh32hEK1jbulWGQVa36CXnHSXP37K4mVNeN2EihA8vyU7QcqTDF1_zvZadSrLIwFQSq7ddgJ2Ek5WbtW3_Nt6fjR7RAfUsoJmEMGp0gDLrFX6haghcf9ydPKIkvV=w2000-h1500-s-no-gm?authuser=0\" width=\"2000\" height=\"1500\" alt=\"Divida em 3 grupos e lave as sementes.\" class=\"size-full\" \/><\/a><figcaption class=\"wp-caption-text\">Divida em 3 grupos e lave as sementes.<\/figcaption><\/figure>\n<h4>Sess\u00e3o informativa sobre secagem de sementes<\/h4>\n<p>Coloque as sementes sobre jornal para secar.<\/p>\n<figure class=\"wp-caption aligncenter\"><a href=\"https:\/\/photos.google.com\/share\/AF1QipN5evhx5-8KLVKpPFHBNZpL24mZtkC1uzMqkahG8Acgv59i2NPgTDRGhlOYAfpWsA\/photo\/AF1QipMWQszdnpW92uKWKzxwcBe2_eJPjWOQF3FnuOE?key=dU5iN01JeHp3dHdsbDZ3Z0NCdzJqdUFWU1Q4a3ZB\" target=\"_blank\"><img decoding=\"async\" src=\"https:\/\/lh3.googleusercontent.com\/pw\/AP1GczMLm89xVU_bvvPjCVM2WsczcPVs5TrFD_7WM1U242Ck3Fm2WZ8DAgwjmaiqw2m1raPi-_1sP252fDjZCTO9PygJAmWELgUyu0U50OrlZEIE14P57gMdG7uusCXjWHH2az9Obn1ALhefx0KWG-RN2YD5=w2000-h1500-s-no-gm?authuser=0\" width=\"2000\" height=\"1500\" alt=\"Coloque as sementes sobre jornal para secar.\" class=\"size-full\" \/><\/a><figcaption class=\"wp-caption-text\">Coloque as sementes sobre jornal para secar.<\/figcaption><\/figure>\n<p>Enquanto as sementes secavam, Takebayashi explicou sobre a \u00e1rvore comemorativa da formatura.<\/p>\n<figure class=\"wp-caption aligncenter\"><a href=\"https:\/\/photos.google.com\/share\/AF1QipN5evhx5-8KLVKpPFHBNZpL24mZtkC1uzMqkahG8Acgv59i2NPgTDRGhlOYAfpWsA\/photo\/AF1QipNtmOQOhq2Ly2xc3Ib9zeoZy5XPE9NUFXc5G4c?key=dU5iN01JeHp3dHdsbDZ3Z0NCdzJqdUFWU1Q4a3ZB\" target=\"_blank\"><img decoding=\"async\" src=\"https:\/\/lh3.googleusercontent.com\/pw\/AP1GczO05a2bH0nnDHim-z7AwaIU8UU9_jEAQmWDcEucTn4MHUHHTECHSjJE3wp38MWgPJmVS9awC03JA36MWywS7C65P2AfnGkD_jV_cU7n9PhihNzy93ix9tBWzC3Jr19fuMJ_SGeN2OEKw7kvp4isevVd=w2000-h1125-s-no-gm?authuser=0\" width=\"2000\" height=\"1125\" alt=\"Alunos ouvindo a explica\u00e7\u00e3o de Takebayashi.\" class=\"size-full\" \/><\/a><figcaption class=\"wp-caption-text\">Alunos ouvindo a explica\u00e7\u00e3o de Takebayashi.<\/figcaption><\/figure>\n<h4>Fertilizando a base da cerejeira comemorativa da formatura.<\/h4>\n<p>Ap\u00f3s a explica\u00e7\u00e3o de Takebayashi, os alunos espalharam alguns gr\u00e3os de fertilizante ao redor da base de uma cerejeira que o veterano havia plantado como \u00e1rvore comemorativa da formatura.<\/p>\n<figure class=\"wp-caption aligncenter\"><a href=\"https:\/\/photos.google.com\/share\/AF1QipN5evhx5-8KLVKpPFHBNZpL24mZtkC1uzMqkahG8Acgv59i2NPgTDRGhlOYAfpWsA\/photo\/AF1QipNIQykhCsLv77KpAlycSYNNknxYQJT_IhLcfPk?key=dU5iN01JeHp3dHdsbDZ3Z0NCdzJqdUFWU1Q4a3ZB\" target=\"_blank\"><img decoding=\"async\" src=\"https:\/\/lh3.googleusercontent.com\/pw\/AP1GczM90YHK04KFL_S9hhst5D4MxpDvWZ40weLpqkIvFdZqOq6aYbihoy8ASv6U7Qbhliy4FTIXxTl5q8rzGVeAsRSg-u0eE2jZHqxXVOpuYYUm_I7Bfve2_cjsFEd6lpCs5LmiCu0lpdqi_ovPQsxO7y76=w2000-h1500-s-no-gm?authuser=0\" width=\"2000\" height=\"1500\" alt=\"Espalhando fertilizante ao redor da base da \u00e1rvore memorial.\" class=\"size-full\" \/><\/a><figcaption class=\"wp-caption-text\">Espalhando fertilizante ao redor da base da \u00e1rvore memorial.<\/figcaption><\/figure>\n<h4>semear sementes no campo<\/h4>\n<p>Ap\u00f3s as sementes secarem at\u00e9 certo ponto, tr\u00eas sulcos de terra s\u00e3o cavados com uma p\u00e1 no campo preparado e as sementes s\u00e3o semeadas ali.<\/p>\n<figure class=\"wp-caption aligncenter\"><a href=\"https:\/\/photos.google.com\/share\/AF1QipN5evhx5-8KLVKpPFHBNZpL24mZtkC1uzMqkahG8Acgv59i2NPgTDRGhlOYAfpWsA\/photo\/AF1QipP8uuTWkP1KcsbflvS6shaQJUSmxnLnqGY_y48?key=dU5iN01JeHp3dHdsbDZ3Z0NCdzJqdUFWU1Q4a3ZB\" target=\"_blank\"><img decoding=\"async\" src=\"https:\/\/lh3.googleusercontent.com\/pw\/AP1GczPdouBd5mAzkVn4otiTMfL-7mkyo7B_TVUhcwI1U7xsa17RnDPC47MRCG3NSR6URaK01VR-WV0HbocVsOaLl9_esgcVP-poqFw9cWOy4Ay8wOFbSMCdDd_a3lc1agBZaKXfYbT6UVTZ2o1G39sAU3Wo=w2000-h1500-s-no-gm?authuser=0\" width=\"2000\" height=\"1500\" alt=\"Tr\u00eas fileiras de furos perfurados em um pequeno campo.\" class=\"size-full\" \/><\/a><figcaption class=\"wp-caption-text\">Tr\u00eas fileiras de furos perfurados em um pequeno campo.<\/figcaption><\/figure>\n<figure class=\"wp-caption aligncenter\"><a href=\"https:\/\/photos.google.com\/share\/AF1QipN5evhx5-8KLVKpPFHBNZpL24mZtkC1uzMqkahG8Acgv59i2NPgTDRGhlOYAfpWsA\/photo\/AF1QipMy2DtUgVnGRZMlBJxuLb52xV1saxaltiP5EL8?key=dU5iN01JeHp3dHdsbDZ3Z0NCdzJqdUFWU1Q4a3ZB\" target=\"_blank\"><img decoding=\"async\" src=\"https:\/\/lh3.googleusercontent.com\/pw\/AP1GczPIqEOHiJfDW4hxotCT-OLqLm-Pmx8Imq0CZbYyqwYxu8bD0imvfHRic7-BuGcACMzUttm6lY_umyDJlPlQCoqQoaBXCpGsqg9-OEU89xuFlmWXFS_CBzcdb8rPx5igWvmiXsKzykjspTsN4DQ0WRY4=w2000-h1125-s-no-gm?authuser=0\" width=\"2000\" height=\"1125\" alt=\"Semeie as sementes uniformemente.\" class=\"size-full\" \/><\/a><figcaption class=\"wp-caption-text\">Semeie as sementes uniformemente.<\/figcaption><\/figure>\n<p>Cubra com terra e alise-a delicadamente com as palmas das m\u00e3os.<\/p>\n<figure class=\"wp-caption aligncenter\"><a href=\"https:\/\/photos.google.com\/share\/AF1QipN5evhx5-8KLVKpPFHBNZpL24mZtkC1uzMqkahG8Acgv59i2NPgTDRGhlOYAfpWsA\/photo\/AF1QipO_SvkbjU-U4bgAOoc5JFfSAFYFaUtiuSQaYaY?key=dU5iN01JeHp3dHdsbDZ3Z0NCdzJqdUFWU1Q4a3ZB\" target=\"_blank\"><img decoding=\"async\" src=\"https:\/\/lh3.googleusercontent.com\/pw\/AP1GczPZVieEtbvMNq03seo13trnAoSxbVIWjF-zupWlwUp-ufPC4osBS3_ZwhVTnQjBZWkRprs-dPnL4IxNshWOq6k1yypPZmUYJGeTjkMCbiGp7p0F7hmLNeAjvsPQMDezinrTXz6MuLJwFINGnRg7IyZ9=w2000-h1125-s-no-gm?authuser=0\" width=\"2000\" height=\"1125\" alt=\"Cubra com terra e arrume delicadamente.\" class=\"size-full\" \/><\/a><figcaption class=\"wp-caption-text\">Cubra com terra e arrume delicadamente.<\/figcaption><\/figure>\n<p>Para finalizar, regue com \u00e1gua usando um regador.<\/p>\n<figure class=\"wp-caption aligncenter\"><a href=\"https:\/\/photos.google.com\/share\/AF1QipN5evhx5-8KLVKpPFHBNZpL24mZtkC1uzMqkahG8Acgv59i2NPgTDRGhlOYAfpWsA\/photo\/AF1QipOX51dbDcjtd_6OPXb0RwAdjJhs14ZwA-3dfd8?key=dU5iN01JeHp3dHdsbDZ3Z0NCdzJqdUFWU1Q4a3ZB\" target=\"_blank\"><img decoding=\"async\" src=\"https:\/\/lh3.googleusercontent.com\/pw\/AP1GczO1n1q_bEKvR5hsvLyT2X4NTfnwmIwoseOHd3t13favB_IEQNtdMfldWOeNcJqi7TGX4V4k8kXsX2aZmcgqiuU3dZxQjfZD2vX125-8CHtNmzKfB3J8hPujVNKq1js-WSWBXZXEUlSUcebZZkNtGSwM=w2000-h1125-s-no-gm?authuser=0\" width=\"2000\" height=\"1125\" alt=\"Regar com um regador\" class=\"size-full\" \/><\/a><figcaption class=\"wp-caption-text\">Regar com um regador<\/figcaption><\/figure>\n<h4>Trabalho de prote\u00e7\u00e3o<\/h4>\n<p>Cubra com uma lona azul para prote\u00e7\u00e3o.<\/p>\n<figure class=\"wp-caption aligncenter\"><a href=\"https:\/\/photos.google.com\/share\/AF1QipN5evhx5-8KLVKpPFHBNZpL24mZtkC1uzMqkahG8Acgv59i2NPgTDRGhlOYAfpWsA\/photo\/AF1QipMFANZDpSS2ypWQYBXOTA499qTxCnnL0gcnpj0?key=dU5iN01JeHp3dHdsbDZ3Z0NCdzJqdUFWU1Q4a3ZB\" target=\"_blank\"><img decoding=\"async\" src=\"https:\/\/lh3.googleusercontent.com\/pw\/AP1GczMkkR_3T8lYUEt7SLobuq04zWbKpv-Httr4Yty_pdYMfEuH9muNHFNsIpfbEkySl1bH_EgPTNe1u7Be0hT0c2Tu3bHddmd8ZxU1EgvtUpbg8E5T1NJmjWYAk9TmXUc1_ny00R8jn3YQopS2QSfUNBfX=w2000-h1500-s-no-gm?authuser=0\" width=\"2000\" height=\"1500\" alt=\"Proteja-o com uma lona azul.\" class=\"size-full\" \/><\/a><figcaption class=\"wp-caption-text\">Proteja-o com uma lona azul.<\/figcaption><\/figure>\n<h3>Cerim\u00f4nia de Formatura<\/p>\n<h3>\n<h4>Sauda\u00e7\u00f5es do Sr. Osamu Kato, Representante da Organiza\u00e7\u00e3o de Atividades de Naganomori<\/h4>\n<figure class=\"wp-caption aligncenter\"><a href=\"https:\/\/photos.google.com\/share\/AF1QipN5evhx5-8KLVKpPFHBNZpL24mZtkC1uzMqkahG8Acgv59i2NPgTDRGhlOYAfpWsA\/photo\/AF1QipNv9RkNa26Wxl884c0_ouH4LmhYBTtYj8aABrY?key=dU5iN01JeHp3dHdsbDZ3Z0NCdzJqdUFWU1Q4a3ZB\" target=\"_blank\"><img decoding=\"async\" src=\"https:\/\/lh3.googleusercontent.com\/pw\/AP1GczMH4-_8hhz3NQsjHDksyhUVln4a2Q-AiE4wuDxIcBB7JdqjAe2n3-5UA_LPJAxyHotICLqxEfaXpy9bdDGIJHMDHnMUNi4PO5lODP0PbUMZiWOtAb1hOpAXmCW9YT2Lptr-tZrr-X2GoZqC4D_YDTWf=w2000-h1333-s-no-gm?authuser=0\" width=\"2000\" height=\"1333\" alt=\"Sauda\u00e7\u00f5es do Sr. Kato\" class=\"size-full\" \/><\/a><figcaption class=\"wp-caption-text\">Sauda\u00e7\u00f5es do Sr. Kato<\/figcaption><\/figure>\n<p>&quot;Muito obrigado. Espero que todos tenham gostado muito do evento de hoje.&quot;<\/p>\n<p>Havia tamb\u00e9m muitas lagartas, ent\u00e3o acho que deve ter sido um pouco dif\u00edcil.<\/p>\n<p>Como o Sr. Takebayashi nos explicou ao longo do caminho, coletamos as sementes, semeamos, regamos e, quando as crian\u00e7as chegam \u00e0 sexta s\u00e9rie, elas as plantam. Quando completam 20 anos, as flores desabrocham e esperamos que elas voltem para v\u00ea-las novamente.<\/p>\n<p>Espero que todos venham \u00e0 minha cidade natal, Hokuryu, com seus amigos e relembrem o passado, recordando como, apesar das in\u00fameras lagartas, ainda assim nos divert\u00edamos muito apreciando as flores de cerejeira.<\/p>\n<p>Tenho certeza de que voc\u00ea estudar\u00e1 isso novamente na escola mais tarde, mas se quiser, acho que voc\u00ea poder\u00e1 obter uma compreens\u00e3o mais profunda se for \u00e0 biblioteca e pesquisar sobre cerejeiras, ent\u00e3o agradeceria sua ajuda.<\/p>\n<p>&quot;Gostaria de expressar minha gratid\u00e3o aos professores e a todos os demais que compareceram hoje, apesar do calor, e nos ajudaram a concluir o curso com sucesso&quot;, disse o deputado Kato.<\/p>\n<h4>Todos fazem um discurso de agradecimento.<\/h4>\n<p>&quot;muito obrigado!&quot;<\/p>\n<figure class=\"wp-caption aligncenter\"><a href=\"https:\/\/photos.google.com\/share\/AF1QipN5evhx5-8KLVKpPFHBNZpL24mZtkC1uzMqkahG8Acgv59i2NPgTDRGhlOYAfpWsA\/photo\/AF1QipPnuSmjFWAqVk9IFLUzSzcZPlxlAuy4vcFrEnA?key=dU5iN01JeHp3dHdsbDZ3Z0NCdzJqdUFWU1Q4a3ZB\" target=\"_blank\"><img decoding=\"async\" src=\"https:\/\/lh3.googleusercontent.com\/pw\/AP1GczM1YQkFGVMPSblpeKbec1KpcgujNJOXIZ82dDXaZpXa-y9QD7R6bjYUm7pqd718GuOK-QEZzMwv9K6CJQhFNCSABQMyM6PI8wr1zNAg1FDlrBowO4ttasF6lsL7lOdptqbZXGsPNnfGs1J-L_MtJRGi=w2000-h1333-s-no-gm?authuser=0\" width=\"2000\" height=\"1333\" alt=\"Sauda\u00e7\u00f5es de agradecimento de todos.\" class=\"size-full\" \/><\/a><figcaption class=\"wp-caption-text\">Sauda\u00e7\u00f5es de agradecimento de todos.<\/figcaption><\/figure>\n<h4>Foto comemorativa<\/h4>\n<figure class=\"wp-caption aligncenter\"><a href=\"https:\/\/photos.google.com\/share\/AF1QipN5evhx5-8KLVKpPFHBNZpL24mZtkC1uzMqkahG8Acgv59i2NPgTDRGhlOYAfpWsA\/photo\/AF1QipNvX_b8b0m81ucO9lKFiYlTbrJn00PR4iOBBoI?key=dU5iN01JeHp3dHdsbDZ3Z0NCdzJqdUFWU1Q4a3ZB\" target=\"_blank\"><img decoding=\"async\" src=\"https:\/\/lh3.googleusercontent.com\/pw\/AP1GczMhhwrUZJP5ZqzRfzUO5l-d5fKWAl441rBnWCLkT9Yc6vUHpT6eHk8TZIW8kLeXpHMZRG2ItrtYsLTWlmCNGzHpYZzgM1yASSMKyl5ryMv9ZhzVLavr3KMXyw8ot-CbRB1ktRv3H6KsWjgLoRe_eKUV=w2000-h1333-s-no-gm?authuser=0\" width=\"2000\" height=\"1333\" alt=\"Foto comemorativa\" class=\"size-full\" \/><\/a><figcaption class=\"wp-caption-text\">Foto comemorativa<\/figcaption><\/figure>\n<h4>\u30d0\u30b9\u306b\u4e57\u8eca\u3057\u3066\u5b66\u6821\u3078< \/h4><\/p>\n<figure class=\"wp-caption aligncenter\"><a href=\"https:\/\/photos.google.com\/share\/AF1QipN5evhx5-8KLVKpPFHBNZpL24mZtkC1uzMqkahG8Acgv59i2NPgTDRGhlOYAfpWsA\/photo\/AF1QipPT3O93Ra8YNwZTqLS9d6d6SU5JeOJ7MWBGhO4?key=dU5iN01JeHp3dHdsbDZ3Z0NCdzJqdUFWU1Q4a3ZB\" target=\"_blank\"><img decoding=\"async\" src=\"https:\/\/lh3.googleusercontent.com\/pw\/AP1GczNRZdUrHLmFyRiCiMfua6YPC5kxYw4u8MGe7pqZNkjOTXx8Zh-sz3H4Lr13UCrgJsrAG4-Uf9M_sFJTOnY1kowSruZdks5nCuRTp2oWg0_bT0dstYrR45io_JlHLW7P1Ana79bfwaR4J0QQdfzsTgaA=w2000-h1500-s-no-gm?authuser=0\" width=\"2000\" height=\"1500\" alt=\"\u30d0\u30b9\u306b\u4e57\u8eca\u3057\u5b66\u6821\u3078\" class=\"size-full\" \/><\/a><figcaption class=\"wp-caption-text\">\u30d0\u30b9\u306b\u4e57\u8eca\u3057\u5b66\u6821\u3078<\/figcaption><\/figure>\n<p>\u91d1\u6bd8\u7f85\u516c\u5712\u306b\u54b2\u3044\u305f\u685c\u306e\u6728\u304b\u3089\u3001\u81ea\u5206\u305f\u3061\u3067\u5b9f\u3092\u63a1\u53d6\u3057\u64ad\u7a2e\u3057\u3066\u6c34\u3092\u8494\u3044\u3066\u3001\u611b\u60c5\u3044\u3063\u3071\u3044\u306b\u6210\u9577\u3057\u3066\u3044\u304f\u685c\u306e\u82d7\u3002\u3002\u3002<\/p>\n<p>\u305d\u306e\u685c\u6728\u3092\u5352\u696d\u8a18\u5ff5\u306b\u690d\u6a39\u3057\u300110\u5e74\u5f8c\u306e20\u6b73\u306e\u9803\u306b\u306f\u685c\u306e\u82b1\u3092\u54b2\u304b\u305b\u308b\u3001\u601d\u3044\u51fa\u6df1\u3044\u5927\u5207\u306a\u685c\u306e\u6a39\u6728\u3002\u3002\u3002<\/p>\n<p>\u751f\u5f92\u3055\u3093\u305f\u3061\u306e\u6210\u9577\u3092\u898b\u5b88\u308a\u3001\u5171\u306b\u5065\u3084\u304b\u306b\u80b2\u3063\u3066\u3044\u304f\u5049\u5927\u306a\u308b\u5317\u7adc\u753a\u306e\u685c\u306e\u6a39\u6728\u305f\u3061\u306b\u3001\u9650\u308a\u306a\u3044\u611b\u3068\u611f\u8b1d\u3068\u7948\u308a\u3092\u8fbc\u3081\u3066\u3002\u3002\u3002<\/p>\n<figure class=\"wp-caption aligncenter\"><a href=\"https:\/\/photos.google.com\/share\/AF1QipO7G3JUk1RcY8VIWKuHqkXl7w7qjXxkFORbtrhcaBg6CsYuUu1v9K9A1_jsBXZUhQ\/photo\/AF1QipNfG55qtKktOGoegQf2uCN5jANx2jCHJICR5S8?key=eHJ4a3JsMl9mT1hHb2tvMEJFcWdUVTAxNzNoT3dR\" target=\"_blank\"><img decoding=\"async\" src=\"https:\/\/lh3.googleusercontent.com\/pw\/AP1GczOjmkxoVzfStt0BooOloqnbNCctNdr1xMlGgTaWfD2q3uivPNmOq5V9ADRhXPrCC6x4_vuIoyKfaQ4Ha08m_ItHQ57n2-1duFxTDgJVa6UIliHmt1Asb6Glr4mO4-Q4wtQ0GttshNQ624YC_2g-m9P-=w2000-h1333-s-no-gm?authuser=1\" width=\"2000\" height=\"1333\" alt=\"\u5049\u5927\u306a\u308b\u91d1\u6bd8\u7f85\u516c\u5712\u306e\u685c\u306b\u611f\u8b1d\u3092\u8fbc\u3081\u3066\uff01\" class=\"size-full\" \/><\/a><figcaption class=\"wp-caption-text\">\u5049\u5927\u306a\u308b\u91d1\u6bd8\u7f85\u516c\u5712\u306e\u685c\u306b\u611f\u8b1d\u3092\u8fbc\u3081\u3066\uff01<\/figcaption><\/figure>\n<h2>v\u00eddeos do YouTube<\/h2>\n<div class=\"youtube\"><iframe title=\"Alunos do terceiro ano da Escola Prim\u00e1ria Shinryu aprendem sobre o cultivo de cerejeiras em 2025, expressando gratid\u00e3o \u00e0s magn\u00edficas cerejeiras da cidade de Hokuryu que crescem saud\u00e1veis juntas!\" src=\"https:\/\/www.youtube.com\/embed\/P5lwcqYyz68?feature=oembed\" frameborder=\"0\" allow=\"accelerometer; autoplay; clipboard-write; encrypted-media; gyroscope; picture-in-picture; web-share\" referrerpolicy=\"strict-origin-when-cross-origin\" allowfullscreen><\/iframe><\/div>\n<h2>Outras fotos<\/h2>\n<div class=\"img-move\"><img decoding=\"async\" style=\"vertical-align: middle;\" src=\"https:\/\/ehokkaido.net\/wp-content\/uploads\/2021\/12\/2021-12-06-11.41.12.png\" \/> <a href=\"https:\/\/photos.app.goo.gl\/6zTYVbjENELbhubQ7\" target=\"_blank\" rel=\"noopener noreferrer\">Clique aqui para ver 110 fotos da Experi\u00eancia de Cultivo de Cerejeiras em Flor de 2025 (Parque Konpira) para alunos do terceiro ano da Escola Prim\u00e1ria Shinryu &gt;&gt;<\/a><\/div>\n<h2>Artigos relacionados<\/h2>\n\n        <div class=\"site-blogcard-premium\">\n            <div class=\"bc-label-custom\">Artigos relacionados<\/div>\n            <div class=\"bc-flex-container\">\n                <div class=\"bc-main-text\">\n                    <div class=\"bc-title-link-box\">\n                        <a href=\"https:\/\/portal.hokuryu.info\/pt\/60353\/\" target=\"_blank\">https:\/\/portal.hokuryu.info\/60353<\/a>\n                    <\/div>\n                    <div class=\"bc-excerpt-box\">N\u00e3o foi poss\u00edvel recuperar as informa\u00e7\u00f5es da p\u00e1gina.<\/div>\n                <\/div>\n                <div class=\"bc-thumbnail-box\">\n                    <a href=\"https:\/\/portal.hokuryu.info\/pt\/60353\/\" target=\"_blank\">\n                        <div class=\"bc-img-zoom-wrap\">\n                            <img decoding=\"async\" src=\"https:\/\/portal.hokuryu.info\/wp\/wp-content\/uploads\/2026\/02\/20230802DSC06445_1.jpg\" alt=\"https:\/\/portal.hokuryu.info\/60353\">\n                        <\/div>\n                    <\/a>\n                <\/div>\n            <\/div>\n        <\/div>\n<p>\u25c7 <a href=\"https:\/\/portal.hokuryu.info\/pt\/38127\/#outline_1__7_2_1\">Fotografia, edi\u00e7\u00e3o e gerenciamento de site: Noboru Terauchi Escritor: Ikuko Terauchi<\/a><\/p>","protected":false},"excerpt":{"rendered":"<p>2025\u5e746\u670830\u65e5\uff08\u6708\uff09 \u771f\u7adc\u5c0f\u5b66\u68213\u5e74\u751f\u304c\u300110\u5e74\u76ee\u3092\u8fce\u3048\u308b\u300c\u3055\u304f\u3089\u3092\u80b2\u3066\u308b\u4f53\u9a13\u5b66\u7fd2\u300d\u306b\u53c2\u52a0\u3057\u307e\u3057\u305f\u3002\u5317\u7a7a\u77e5\u68ee\u6797\u7d44\u5408\u306e\u65b9\u3005\u306e\u6307\u5c0e\u306e\u3082\u3068\u3001\u685c\u306e\u5b9f\u304b\u3089\u7a2e\u3092\u63a1\u308a\u3001\u7551\u306b\u307e\u304f\u4f5c\u696d\u3092\u4f53\u9a13\u3002\u3053\u306e\u685c\u306f3\u5e74\u5f8c\u306b\u5352\u696d [&hellip;]<\/p>\n","protected":false},"author":1,"featured_media":60406,"comment_status":"open","ping_status":"open","sticky":false,"template":"","format":"standard","meta":{"footnotes":""},"categories":[4,68],"tags":[],"class_list":["post-60404","post","type-post","status-publish","format-standard","has-post-thumbnail","hentry","category-cover-story","category-68"],"_links":{"self":[{"href":"https:\/\/portal.hokuryu.info\/pt\/wp-json\/wp\/v2\/posts\/60404","targetHints":{"allow":["GET"]}}],"collection":[{"href":"https:\/\/portal.hokuryu.info\/pt\/wp-json\/wp\/v2\/posts"}],"about":[{"href":"https:\/\/portal.hokuryu.info\/pt\/wp-json\/wp\/v2\/types\/post"}],"author":[{"embeddable":true,"href":"https:\/\/portal.hokuryu.info\/pt\/wp-json\/wp\/v2\/users\/1"}],"replies":[{"embeddable":true,"href":"https:\/\/portal.hokuryu.info\/pt\/wp-json\/wp\/v2\/comments?post=60404"}],"version-history":[{"count":0,"href":"https:\/\/portal.hokuryu.info\/pt\/wp-json\/wp\/v2\/posts\/60404\/revisions"}],"wp:featuredmedia":[{"embeddable":true,"href":"https:\/\/portal.hokuryu.info\/pt\/wp-json\/wp\/v2\/media\/60406"}],"wp:attachment":[{"href":"https:\/\/portal.hokuryu.info\/pt\/wp-json\/wp\/v2\/media?parent=60404"}],"wp:term":[{"taxonomy":"category","embeddable":true,"href":"https:\/\/portal.hokuryu.info\/pt\/wp-json\/wp\/v2\/categories?post=60404"},{"taxonomy":"post_tag","embeddable":true,"href":"https:\/\/portal.hokuryu.info\/pt\/wp-json\/wp\/v2\/tags?post=60404"}],"curies":[{"name":"wp","href":"https:\/\/api.w.org\/{rel}","templated":true}]}}