{"id":5982,"date":"2020-11-18T07:44:28","date_gmt":"2020-11-17T22:44:28","guid":{"rendered":"https:\/\/portal.hokuryu.info\/?p=5982"},"modified":"2024-12-30T14:46:28","modified_gmt":"2024-12-30T05:46:28","slug":"post-5982","status":"publish","type":"post","link":"https:\/\/portal.hokuryu.info\/pt\/5982\/","title":{"rendered":"V\u00eddeo: &quot;Arroz da cidade de Hokuryu, onde reside o esp\u00edrito do arroz&quot; - Comida de Hokkaido para ser transmitida de gera\u00e7\u00e3o em gera\u00e7\u00e3o em 2020"},"content":{"rendered":"<p>Quarta-feira, 18 de novembro de 2020<\/p>\n<p>Com base em entrevistas realizadas entre 2010 e 2020, compilamos informa\u00e7\u00f5es sobre a hist\u00f3ria, o esp\u00edrito e as atividades do arroz &quot;Himawari Rice&quot;, produzido na cidade de Hokuryu.<\/p>\n<p>Com base neste artigo, criei um v\u00eddeo intitulado &quot;Bolinhas de Arroz da Cidade de Hokuryu: Lar do Esp\u00edrito do Arroz&quot;. Este v\u00eddeo foi submetido ao concurso de v\u00eddeos &quot;Comida de Hokkaido para Transmitir&quot; de 2020, organizado pelo Escrit\u00f3rio de Administra\u00e7\u00e3o Agr\u00edcola de Hokkaido.<\/p>\n<h2>O que \u00e9 a cidade de Hokuryu (Hokkaido)?<\/h2>\n<p>A cidade de Hokuryu \u00e9 uma cidade cuja principal atividade econ\u00f4mica \u00e9 a agricultura e cujo s\u00edmbolo \u00e9 o girassol.<\/p>\n<p>\u00c9 uma pequena cidade com uma popula\u00e7\u00e3o de cerca de 1.750 pessoas. Ela mede 28 km de leste a oeste e 14 km de norte a sul, com uma \u00e1rea total de 158,70 km\u00b2, dos quais 70% s\u00e3o floresta de montanha e pouco menos de 90% s\u00e3o cultivados com arroz.<\/p>\n<h3>Arroz de girassol<\/h3>\n<p>O arroz da marca &quot;Himawari Rice&quot;, da cidade de Hokuryu, come\u00e7ou a ser cultivado com redu\u00e7\u00e3o de pesticidas em 1988 (Showa 63), sob a lideran\u00e7a da divis\u00e3o juvenil da cooperativa agr\u00edcola. Em 2004, todos os agricultores haviam reduzido a quantidade de pesticidas que utilizavam para 50% do cultivo convencional.<\/p>\n<p>Em 2006, a empresa obteve a certifica\u00e7\u00e3o para &quot;Produtos Agr\u00edcolas com Informa\u00e7\u00f5es de Produ\u00e7\u00e3o Divulgadas&quot; e introduziu um sistema para garantir a rastreabilidade do produtor.<\/p>\n<p>Os esfor\u00e7os da Associa\u00e7\u00e3o de Produtores de Arroz com Girassol de Hokuryu para reduzir o uso de pesticidas no cultivo, bem como os esfor\u00e7os conjuntos da cooperativa agr\u00edcola, dos produtores, da prefeitura e da c\u00e2mara de com\u00e9rcio da cidade de Hokuryu para promover as vendas, foram muito elogiados, e a associa\u00e7\u00e3o recebeu o Grande Pr\u00eamio na 46\u00aa edi\u00e7\u00e3o do Japan Agriculture Awards (Grande Pr\u00eamio de 2017).<\/p>\n<figure class=\"wp-caption aligncenter\"><a href=\"https:\/\/photos.google.com\/share\/AF1QipMjz65exDnXDB3n_Ki2fhLqMXVWYf4JxagarfDgv6ApNYawoMRq_ByAgUt8o3HuwA\/photo\/AF1QipPoT4A-rE0nuC3alxhi7Z4Ybh2G77RCp1JLAIw?key=VnJqb2NiZzRUZE43dVE2emptdVd2eXM0c0VHcVBB\" target=\"_blank\" rel=\"noopener noreferrer\"><img decoding=\"async\" src=\"https:\/\/lh3.googleusercontent.com\/pw\/ACtC-3dLb0UVv9-rRcsMr75wtofhNnTTBv4G2LQP-ma5rzeTJm-f9BB1oRPXj7nKHiWZXNYC2ObyDUfJM26_-wl3OAe0Lgtd8Hwzo6-D6TtKjgYeG76e9Zcv-aM8eWPpwgfSaydQQI7Qaa1-dYD-C9OwqZmR=w1920-h1080-no?authuser=0\" width=\"1920\" height=\"1080\" alt=\"Vencedor do Grande Pr\u00eamio da 46\u00aa edi\u00e7\u00e3o do Japan Agriculture Award (Vencedor do Grande Pr\u00eamio de 2017). Foto fornecida pela NHK.\" class=\"size-medium\" \/><\/a><figcaption class=\"wp-caption-text\">Vencedor do Grande Pr\u00eamio da 46\u00aa edi\u00e7\u00e3o do Japan Agriculture Award (Vencedor do Grande Pr\u00eamio de 2017). Foto fornecida pela NHK.<br \/><\/figcaption><\/figure>\n<h2>O esp\u00edrito do cultivo de arroz transmitido por nossos ancestrais: &quot;O esp\u00edrito da agricultura que protege a vida do povo&quot;<\/h2>\n<figure class=\"wp-caption aligncenter\"><a href=\"https:\/\/photos.google.com\/share\/AF1QipP94n9VJy4H4E5n3LPmvBix9zbbqC4AEIcyMgOiUtbepnOM_IuDkxtccVWcfaZIXw\/photo\/AF1QipMiSFIGJ7KM5URoGd45PXxaz-qyOra3wssurJo?key=eVRqaEoyTnNWa1ZqZWgtQk40X1lGZzVzUGVQZlVR\" target=\"_blank\" rel=\"noopener noreferrer\"><img decoding=\"async\" src=\"https:\/\/lh3.googleusercontent.com\/pw\/ACtC-3fER8zYP7TDOYcuWkGMwfEm1-wMFFjb1n48ub9UWkTMU0i1GdkTRjsGslH9IEHtJ9zibaQFBgMtTQV9MSHdHYSfiwLMN_894cHOgcQ4o1GVqK0eFxpvmM0V0uYk0-RJiAJFtE3rYVmbDxN8nDxAqQ7h=w1934-h1288-no?authuser=0\" width=\"1932\" height=\"1288\" alt=\"O esp\u00edrito do cultivo de arroz transmitido por nossos ancestrais: &quot;O esp\u00edrito da agricultura que protege a vida do povo&quot;\" class=\"size-medium\" \/><\/a><figcaption class=\"wp-caption-text\">O esp\u00edrito do cultivo de arroz transmitido por nossos ancestrais: &quot;O esp\u00edrito da agricultura que protege a vida do povo&quot;<\/figcaption><\/figure>\n<p>Em maio de 1893 (Meiji 26), um grupo pioneiro de imigrantes composto por 25 fam\u00edlias, liderado por Yoshiue Shoichiro, que veio para Hokkaido da vila de Nohara, condado de Inba, prov\u00edncia de Chiba, come\u00e7ou a desbravar a regi\u00e3o de Hokuryu.<\/p>\n<h3>Yoshiue Shoichiro: &quot;A agricultura \u00e9 a base do pa\u00eds&quot;<\/h3>\n<p>O esp\u00edrito de Yoshiue Shoichiro, &quot;A agricultura \u00e9 a base da na\u00e7\u00e3o&quot;, foi transmitido na vila de Motono e, posteriormente, na cidade pioneira de Hokuryu, como o esp\u00edrito da agricultura que protege a vida das pessoas, e foi passado aos sucessivos chefes da cooperativa agr\u00edcola.<\/p>\n<h3>&quot;Associa\u00e7\u00e3o Industrial de Agricultores, para Agricultores&quot; de Kita Masakiyo<\/h3>\n<p>Kita Masakiyo, que defendeu uma &quot;associa\u00e7\u00e3o industrial de agricultores, para agricultores&quot;<\/p>\n<h3>&quot;Produ\u00e7\u00e3o segura de alimentos para a na\u00e7\u00e3o&quot;, por Goto Miohachi<\/h3>\n<p>Goto Miohachi, que dedicou sua vida a &quot;produzir alimentos seguros para o povo&quot;<\/p>\n<h3>Ryoji Kikura &quot;Comida \u00e9 vida&quot;<\/h3>\n<p>O esp\u00edrito de &quot;comida \u00e9 vida&quot; do ex-presidente e diretor representante da JA Kitasorachi, Ryoji Kikura, que defendeu firmemente esse princ\u00edpio, continua a ser propagado.<\/p>\n<h2>Cidade de Hokuryu: &quot;Uma cidade que declara produ\u00e7\u00e3o segura de alimentos para proteger a vida e a sa\u00fade de seus cidad\u00e3os&quot;<\/h2>\n<p>Em outubro de 1990, o Comit\u00ea Agr\u00edcola estabeleceu a &quot;Carta do Comit\u00ea Agr\u00edcola da Cidade de Hokuryu&quot; e, em novembro do mesmo ano, o Distrito de Melhoramento de Terras de Hokuryu declarou: &quot;Protegeremos a \u00e1gua, a vegeta\u00e7\u00e3o e a terra&quot;. Ent\u00e3o, em dezembro do mesmo ano, a cidade de Hokuryu (prefeito Shoichi Mori) se declarou &quot;uma cidade comprometida com a produ\u00e7\u00e3o segura de alimentos que protege a vida e a sa\u00fade de seus cidad\u00e3os&quot;.<\/p>\n<p>Assim, a cidade de Hokuryu, com a participa\u00e7\u00e3o da assembleia de agricultores, da divis\u00e3o juvenil da cooperativa agr\u00edcola, do comit\u00ea agr\u00edcola, do distrito de melhoramento de terras e da prefeitura de Hokuryu, resolveu se tornar &quot;uma cidade que produz alimentos seguros para proteger a vida e a sa\u00fade de seus cidad\u00e3os&quot;, e toda Hokuryu se uniu para trabalhar em uma agricultura que protegesse a vida de seus cidad\u00e3os.<\/p>\n<figure class=\"wp-caption aligncenter\"><a href=\"https:\/\/photos.google.com\/share\/AF1QipMKIuWXhJmvce-BtC11Oeu-7dAIX1eITNMxmCiWAGzp2KPvCgR8pXMFtOWvjvVUMg\/photo\/AF1QipN_BUYEa1YTLsg1DCgUuBJoBk1YB-8YxsbnoV0?key=bmRwYjF1WmRra3Z5MU5OREtCbWgyclhHR2oxOTRn\" target=\"_blank\" rel=\"noopener noreferrer\"><img decoding=\"async\" src=\"https:\/\/lh3.googleusercontent.com\/pw\/ACtC-3dkUIoIYU8DtlumYCK0OlQOm4Jfc7LD_uYYtENOaLwgUsUTNSSR5KVSEEhKL5NzDLoiusH__2alg8Q-v91a8hhfzqTYpAJW9Pp0e__7DGmdz0wQbPmbvx2eVXJvIqtE0o7LGtWlg__O2oDrYeTkqE35=w1934-h1288-no?authuser=0\" width=\"1932\" height=\"1288\" alt=\"&quot;C\u00e9u, Terra, \u00c1gua e o Cora\u00e7\u00e3o dos Agricultores&quot;, do mestre da caligrafia Shimada Mukyo. Da esquerda para a direita na foto: bustos de Goto Sanohachi (5\u00ba presidente), Kita Masakiyo (1\u00ba presidente) e Kaji Hikotaro.\" class=\"size-medium\" \/><\/a><figcaption class=\"wp-caption-text\">&quot;C\u00e9u, Terra, \u00c1gua e o Cora\u00e7\u00e3o dos Agricultores&quot;, do mestre da caligrafia Shimada Mukyo.<br \/>\n(Da esquerda na foto) Bustos de Goto Sanohachi (5\u00ba presidente), Kita Masakiyo (primeiro presidente) e Kaji Hikotaro<\/figcaption><\/figure>\n<h3>Monumento com o poema &quot;C\u00e9u, Terra, \u00c1gua e o Cora\u00e7\u00e3o dos Agricultores&quot; (nos jardins da filial de Hokuryu de JA Kitasorachi)<\/h3>\n<p>\ufffc\ufffc<br \/>\n<figure class=\"wp-caption aligncenter\"><a href=\"https:\/\/photos.google.com\/share\/AF1QipNGlsYo_DzsyB-0Hbqa1MnoWKtwXmRkTf4fAkh0cDhwHk8SfcUlSMiNrmLUsORMvQ\/photo\/AF1QipOxlkmwfNnFT4btGfUBGx-8lbf2LIY158Clksc?key=U3E0TWx4THVaY3gtMnRUZGxVbTVaYW5GNzlMUkVB\" target=\"_blank\" rel=\"noopener noreferrer\"><img decoding=\"async\" src=\"https:\/\/lh3.googleusercontent.com\/pw\/ACtC-3fk7LAdSFpDzeUFIk7dEX0YIt46H0kC1krVT8bg-8L1GWLKo9MSuD5bVPaFHPNunVD7lHXzvYKBrAZ1LxXvd7iLHwq8eojnR8zK5tibFi8AXdlHJoHzZlIULfio8206ECBp1qYC-BXXg_qZECRUfuPU=w1934-h1288-no?authuser=0\" width=\"1932\" height=\"1288\" alt=\"Monumento com o poema &quot;C\u00e9u, Terra, \u00c1gua e o Cora\u00e7\u00e3o dos Agricultores&quot; (nos jardins da filial de Hokuryu de JA Kitasorachi)\" class=\"size-medium\" \/><\/a><figcaption class=\"wp-caption-text\">Monumento com o poema &quot;C\u00e9u, Terra, \u00c1gua e o Cora\u00e7\u00e3o dos Agricultores&quot; (nos jardins da filial de Hokuryu de JA Kitasorachi)<\/figcaption><\/figure>\n<h2>O esp\u00edrito das palavras de Ryoji Kikura (ex-diretor representante e presidente da JA Kitasorachi): &quot;Comida \u00e9 vida&quot;<\/h2>\n<figure class=\"wp-caption aligncenter\"><a href=\"https:\/\/photos.google.com\/share\/AF1QipP7BiT0bgJH2vAehkbkkIjfkimm23GZXtqih2M0y5UyvA15FyLXMk9dfbULjgylQw\/photo\/AF1QipPKrMdmspjelDNw2DSVDPyr_BPohjeB4x7lfHY?key=Y2JaSUcwU25fYTFXbW1DTDFzWVVZZTJLaDVPS1NB\" target=\"_blank\" rel=\"noopener noreferrer\"><img decoding=\"async\" src=\"https:\/\/lh3.googleusercontent.com\/pw\/ACtC-3cUxccRYqIbBrqagj5yeOoEfbtDLQgGq8bPyppxXuMF__p-nLWf3OnHMF9V15neFCDF0XUUcLLZXpQy0NOMyqfWgu6o_HC8bWMjUpuDn0xk-O072JutnqZUsfoKjPmBhzx1mjR1hQ5tOnpyrrvMdaqN=w1934-h1288-no?authuser=0\" width=\"1932\" height=\"1288\" alt=\"Sr. Ryoji Kikura, ex-diretor representante e presidente da JA Kitasorachi\" class=\"size-medium\" \/><\/a><figcaption class=\"wp-caption-text\">Sr. Ryoji Kikura, ex-diretor representante e presidente da JA Kitasorachi<\/figcaption><\/figure>\n<p>&quot;Esta aldeia tinha dois l\u00edderes excepcionais, Kita Masakiyo e Goto Sanohachi, que herdaram o esp\u00edrito de Yoshiue Shoichiro. O que Kita Masakiyo e Goto Sanohachi me ensinaram, em especial, foi que &#039;A agricultura visa produzir alimentos seguros para as pessoas. Nunca se esque\u00e7a disso.&#039; Eles me disseram isso centenas, sen\u00e3o milhares de vezes.&quot;<\/p>\n<p>Nossa agricultura se baseia na valoriza\u00e7\u00e3o da \u00e1gua, na prote\u00e7\u00e3o cuidadosa dessa \u00e1gua abundante e poderosa e na preserva\u00e7\u00e3o das terras agr\u00edcolas que herdamos, evitando a polui\u00e7\u00e3o e a deteriora\u00e7\u00e3o delas.<\/p>\n<p>Acreditamos que somente quando o esp\u00edrito do agricultor, o esp\u00edrito apaixonado do campon\u00eas em gratid\u00e3o aos c\u00e9us, \u00e0 terra e \u00e0 \u00e1gua, e o desejo de proteger a pr\u00f3pria vida se combinarem, poderemos produzir alimentos que protejam a vida das pessoas.<\/p>\n<p>&quot;A cidade de Hokuryu mant\u00e9m viva essa tradi\u00e7\u00e3o agr\u00edcola h\u00e1 128 anos. Acredito que os jovens dar\u00e3o continuidade a essa agricultura que salva vidas&quot;, disse Ryoji Kikura com entusiasmo.<\/p>\n<h2>O cultivo do arroz protege a vida das pessoas.<\/h2>\n<h3>Esterilizador de \u00e1gua quente para sementes de arroz (Instala\u00e7\u00e3o mais recente da filial Hokuryu da JA Kitasorachi)<\/h3>\n<p>A filial de Hokuryu da JA Kitasorachi iniciou, em 2012, um servi\u00e7o de esteriliza\u00e7\u00e3o de sementes de arroz com \u00e1gua quente, que n\u00e3o utiliza pesticidas. Este esterilizador de \u00e1gua quente consegue manter as taxas de germina\u00e7\u00e3o controlando com precis\u00e3o a temperatura da \u00e1gua e o tempo de esteriliza\u00e7\u00e3o.<\/p>\n<figure class=\"wp-caption aligncenter\"><a href=\"https:\/\/photos.google.com\/share\/AF1QipNGlsYo_DzsyB-0Hbqa1MnoWKtwXmRkTf4fAkh0cDhwHk8SfcUlSMiNrmLUsORMvQ\/photo\/AF1QipN7DiHCxbo1NvMxqBVxoe4BHeJrIzjJfCqO-YE?key=U3E0TWx4THVaY3gtMnRUZGxVbTVaYW5GNzlMUkVB\" target=\"_blank\" rel=\"noopener noreferrer\"><img decoding=\"async\" src=\"https:\/\/lh3.googleusercontent.com\/pw\/ACtC-3c8aLy8gECcE7FntzsBdU4DgkT4p0-clmIEBv6EdreR55QASGUHnE2Fb7RPz72CW5hzREzg6RlWGQ_ttvOxra9rnKEg1r69H_JE4HqzLi-1VSg7OTlTRT39wQw9TZr7bAYcm6tHsKG8aIBLGEQQC9qN=w1600-h1066-no?authuser=0\" width=\"1600\" height=\"1066\" alt=\"Esterilizador de \u00e1gua quente para arroz em casca\" class=\"size-medium\" \/><\/a><figcaption class=\"wp-caption-text\">Esterilizador de \u00e1gua quente para arroz em casca<\/figcaption><\/figure>\n<h3>plantio de arroz<\/h3>\n<figure class=\"wp-caption aligncenter\"><a href=\"https:\/\/photos.google.com\/share\/AF1QipPcTTqLuwx40KIPelG1OWgazmcrPi1w47NYTzo37pPE7ia4eYo3RfylUt4y9bumPw\/photo\/AF1QipO8-aiP7IbyONOyQ4JeTNK6FBOytPiFwyOMz4c?key=NkNlcllFRzBJeEdldEs4VndiMlN0cXpqSWVNajV3\" target=\"_blank\" rel=\"noopener noreferrer\"><img decoding=\"async\" src=\"https:\/\/lh3.googleusercontent.com\/pw\/ACtC-3c61e5Il8rXlVyRjXDt4uhjEo8ccs7Ic76rvzmJOanJnexx7iUg7WtwgMV2olA01tkT4Ky2tg1cOSbcTf6ixS71Xjj_ToslgL0zduG-MTGsZ5p8dh8CkO94rT-Ps25BFXTiqAHgZIGIgdKiikT0KsLk=w1934-h1288-no?authuser=0\" width=\"1932\" height=\"1288\" alt=\"plantio de arroz\" class=\"size-medium\" \/><\/a><figcaption class=\"wp-caption-text\">plantio de arroz<\/figcaption><\/figure>\n<h3>Campos de arroz verdejantes<\/h3>\n<figure class=\"wp-caption aligncenter\"><a href=\"https:\/\/photos.google.com\/share\/AF1QipPcTTqLuwx40KIPelG1OWgazmcrPi1w47NYTzo37pPE7ia4eYo3RfylUt4y9bumPw\/photo\/AF1QipOXyFGMO0s_8fqjIAXeY37kyPmMjVt1rqRtdGo?key=NkNlcllFRzBJeEdldEs4VndiMlN0cXpqSWVNajV3\" target=\"_blank\" rel=\"noopener noreferrer\"><img decoding=\"async\" src=\"https:\/\/lh3.googleusercontent.com\/pw\/ACtC-3dzZ0NIiZgzBabBnDoAh5XuoTnYuZb_UTOHnJbnWWcqPdmYFplV-HFjIMSaI7gSecKWL1Jmpqi6o3htTlIZZ6uFKRsx8N1fGYghyd7-pIhPGOF5rXXIMRAwMehfabH3LhgPrbrdJQGZ5Jmw4S26CtLt=w1934-h1288-no?authuser=0\" width=\"1932\" height=\"1288\" alt=\"Campos de arroz verdejantes\" class=\"size-medium\" \/><\/a><figcaption class=\"wp-caption-text\">Campos de arroz verdejantes<\/figcaption><\/figure>\n<h3>Campo dourado<\/h3>\n<figure class=\"wp-caption aligncenter\"><a href=\"https:\/\/photos.google.com\/share\/AF1QipNs6tzDrKJvEWTu17twPTFbU-7v1wFwc1cSddsqYZUHrY33CU5djytH37mk7HZoUg\/photo\/AF1QipPUSm_AIQ3s3KZluQ61sWdYvZFAqzP0zfrnsr0?key=ZzlsWDM3SUN0eUM3eWl1WmN1VFlFbWw2dUUxZnpR\" target=\"_blank\" rel=\"noopener noreferrer\"><img decoding=\"async\" src=\"https:\/\/lh3.googleusercontent.com\/pw\/ACtC-3dhxTlOXhzFYhRPzffeR93cqj9YWPiplUUSVNoC10IY2JW6uwOVNY5R1HO1H_8VtzAufh7WH-sbWkoFSl5c_hDEqCdhDLMhGXbIj1NyK48DmF7FoNHiEcL_C0eDWOf4Oi34AB1IgjIwO3ipXpCfV4rG=w1718-h1288-no?authuser=0\" width=\"1718\" height=\"1288\" alt=\"Campo dourado\" class=\"size-medium\" \/><\/a><figcaption class=\"wp-caption-text\">Campo dourado<br \/><\/figcaption><\/figure>\n<h3>espigas de arroz vi\u00e7osas<\/h3>\n<figure class=\"wp-caption aligncenter\"><a href=\"https:\/\/photos.google.com\/share\/AF1QipNs6tzDrKJvEWTu17twPTFbU-7v1wFwc1cSddsqYZUHrY33CU5djytH37mk7HZoUg\/photo\/AF1QipMR-fuIXZBe6xc2_jF-qHonVyOmTaBJYovEiIo?key=ZzlsWDM3SUN0eUM3eWl1WmN1VFlFbWw2dUUxZnpR\" target=\"_blank\" rel=\"noopener noreferrer\"><img decoding=\"async\" src=\"https:\/\/lh3.googleusercontent.com\/pw\/ACtC-3eCA4brfhb3EAUD4nocYwSHjphTIhixv6iIXWkpfizz22QrqiwyDbblkfhSy6bHICJinVonYygEFt-beRDefl65c2sGKww-aPrCTDTK0Oe6gRUeftAihS2Io1HAr_V0m6oLEgKrZv5Hk3tasAs2AHhX=w1334-h889-no?authuser=1\" width=\"1932\" height=\"1288\" alt=\"espigas de arroz vi\u00e7osas\" class=\"size-medium\" \/><\/a><figcaption class=\"wp-caption-text\">espigas de arroz vi\u00e7osas<\/figcaption><\/figure>\n<h3>colheita de arroz<\/h3>\n<figure class=\"wp-caption aligncenter\"><a href=\"https:\/\/photos.google.com\/share\/AF1QipNs6tzDrKJvEWTu17twPTFbU-7v1wFwc1cSddsqYZUHrY33CU5djytH37mk7HZoUg\/photo\/AF1QipPQssu9HF0eSV_sCJdGaR_04zd7E_ExTHF5oJA?key=ZzlsWDM3SUN0eUM3eWl1WmN1VFlFbWw2dUUxZnpR\" target=\"_blank\" rel=\"noopener noreferrer\"><img decoding=\"async\" src=\"https:\/\/lh3.googleusercontent.com\/pw\/ACtC-3dj83ZVw49X6FFPhNK1Kkf-eA1aG4UbJrTb1ktTUB_TEgRUxhF20roT4bLeFav7qp4UZ1U0nFirn5aF_ncwuQ58Xag2o9rke3UvpFrX-1GuleS5q5jzf3iCnUTXexXJ6whdRU8CU8Ro6InArVcjITjP=w1334-h889-no?authuser=1\" width=\"1932\" height=\"1288\" alt=\"colheita de arroz\" class=\"size-medium\" \/><\/a><figcaption class=\"wp-caption-text\">colheita de arroz<br \/><\/figcaption><\/figure>\n<h3>M\u00e1quina de classifica\u00e7\u00e3o por cor (Filial JA Kitasorachi Hokuryu, Instala\u00e7\u00e3o de Ajuste, Coleta e Expedi\u00e7\u00e3o de Arroz Integral a Granel)<\/h3>\n<p>O arroz de girassol da cidade de Hokuryu \u00e9 cultivado com uso reduzido de pesticidas e em instala\u00e7\u00f5es modernas e computadorizadas, com rigoroso controle de qualidade e de lotes, o que o torna um arroz seguro e confi\u00e1vel.<\/p>\n<p>A selecionadora de cores emite luz sobre o arroz integral para separar e remover materiais estranhos, como gr\u00e3os coloridos, gr\u00e3os imaturos, gr\u00e3os danificados, gr\u00e3os mortos, gr\u00e3os quebrados, pedras, vidro, pl\u00e1stico, fragmentos de metal, etc. Por fim, um potente coletor magn\u00e9tico de ferro \u00e9 utilizado para remover quaisquer fragmentos de metal que possam escapar do equipamento, garantindo total seguran\u00e7a.<\/p>\n<p>O arroz selecionado \u00e9 colocado em um tanque de prepara\u00e7\u00e3o e, em seguida, embalado usando uma m\u00e1quina autom\u00e1tica de ensacamento.<\/p>\n<figure class=\"wp-caption aligncenter\"><a href=\"https:\/\/photos.google.com\/share\/AF1QipNGlsYo_DzsyB-0Hbqa1MnoWKtwXmRkTf4fAkh0cDhwHk8SfcUlSMiNrmLUsORMvQ\/photo\/AF1QipNrGLVmwRAobIrGPyfFEaHii4ODrhALUDuRfUI?key=U3E0TWx4THVaY3gtMnRUZGxVbTVaYW5GNzlMUkVB\" target=\"_blank\" rel=\"noopener noreferrer\"><img decoding=\"async\" src=\"https:\/\/lh3.googleusercontent.com\/pw\/ACtC-3cYfaypRtATGB78FZ8Cox-l-H_YFqCewJY8EBCeHJR_xhm9ghSGuWsu4qXRfokTDT5bmHmBm_pi905SanU4JMGoqrx6oKn9gkeEXSrKCztKlJ8fBXiDY9fmm5wdGqFGiiad-o0YiauaY9WW82InV6Vb=w1934-h1288-no?authuser=0\" width=\"1932\" height=\"1288\" alt=\"Classificador de cores\" class=\"size-medium\" \/><\/a><figcaption class=\"wp-caption-text\">Classificador de cores<\/figcaption><\/figure>\n<h2>Garantir a rastreabilidade de produtos agr\u00edcolas por meio da certifica\u00e7\u00e3o JAS com informa\u00e7\u00f5es de produ\u00e7\u00e3o divulgadas publicamente.<\/h2>\n<h3>A primeira organiza\u00e7\u00e3o coletiva de cultivo de arroz no Jap\u00e3o a receber certifica\u00e7\u00e3o.<\/h3>\n<p>A Associa\u00e7\u00e3o de Produtores de Arroz com Girassol de Hokuryu (atualmente composta por aproximadamente 145 fam\u00edlias) obteve a certifica\u00e7\u00e3o &quot;Produtos Agr\u00edcolas com Informa\u00e7\u00f5es de Produ\u00e7\u00e3o Divulgadas JAS&quot; em 2006, que garante a rastreabilidade das informa\u00e7\u00f5es de produ\u00e7\u00e3o (um sistema que permite a confirma\u00e7\u00e3o do hist\u00f3rico de produ\u00e7\u00e3o). Esse sistema permite que qualquer pessoa saiba quem cultivou o arroz, em qual campo e quais pesticidas foram utilizados.<\/p>\n<p>Esta \u00e9 a primeira organiza\u00e7\u00e3o coletiva de cultivo de arroz no pa\u00eds a receber a certifica\u00e7\u00e3o &quot;JAS Produtos Agr\u00edcolas com Informa\u00e7\u00f5es de Produ\u00e7\u00e3o Divulgadas&quot;.<\/p>\n<h3>Promover o cultivo de arroz com redu\u00e7\u00e3o de pesticidas e arroz especialmente cultivado.<\/h3>\n<p>Em 2016 (Heisei 28), a \u00e1rea plantada com arroz com redu\u00e7\u00e3o de pesticidas, arroz cultivado especialmente e arroz org\u00e2nico ultrapassou 90% do total.<\/p>\n<p>Al\u00e9m disso, estamos constantemente pesquisando, desenvolvendo e inovando, incluindo a introdu\u00e7\u00e3o de novas m\u00e1quinas de capina, para o cultivo de plantas daninhas sem o uso de herbicidas. A partir da safra de 2016, come\u00e7amos a cultivar e vender a &quot;Kitakurin&quot;, uma nova variedade que utiliza 80% menos pesticidas.<\/p>\n<p>Atualmente, o montante de doa\u00e7\u00f5es feitas atrav\u00e9s do imposto municipal ultrapassou 500 milh\u00f5es de ienes, e 98% das doa\u00e7\u00f5es recebidas s\u00e3o de &quot;Arroz de Girassol&quot;.<\/p>\n<figure class=\"wp-caption aligncenter\"><a href=\"https:\/\/photos.google.com\/share\/AF1QipNGlsYo_DzsyB-0Hbqa1MnoWKtwXmRkTf4fAkh0cDhwHk8SfcUlSMiNrmLUsORMvQ\/photo\/AF1QipNwashSD7DnIfp4EoDoF1G5T49j-DsQRIJr2PI?key=U3E0TWx4THVaY3gtMnRUZGxVbTVaYW5GNzlMUkVB\" target=\"_blank\" rel=\"noopener noreferrer\"><img decoding=\"async\" src=\"https:\/\/lh3.googleusercontent.com\/pw\/ACtC-3dJvdl7_5n5glpF1Tdq-Bh6lnJ_v3FuXBS4xB-lsYVBX6oNbh7oDqz_zItzAUrEOXYz-_tWSST9rY7I-PYIVub28qzI0MINI0JhmzRMzRq7Y1R6KRFgSdhhUfeX8ZWQfGUtLAwi7TerrJjZhu41fiYr=w1920-h1080-no?authuser=0\" width=\"1920\" height=\"1080\" alt=\"Mensagem no saco de arroz\" class=\"size-medium\" \/><\/a><figcaption class=\"wp-caption-text\">Mensagem no saco de arroz<\/figcaption><\/figure>\n<figure class=\"wp-caption aligncenter\"><a href=\"https:\/\/photos.google.com\/share\/AF1QipNGlsYo_DzsyB-0Hbqa1MnoWKtwXmRkTf4fAkh0cDhwHk8SfcUlSMiNrmLUsORMvQ\/photo\/AF1QipMHgALFan0zLMKGg9l7xt6MH1GQgnCtWOCMl0k?key=U3E0TWx4THVaY3gtMnRUZGxVbTVaYW5GNzlMUkVB\" target=\"_blank\" rel=\"noopener noreferrer\"><img decoding=\"async\" src=\"https:\/\/lh3.googleusercontent.com\/pw\/ACtC-3e4mi3XutxIjUU4NoGk1yfWhoNOf35xTTaJIuoCYwGuWMZbnM1M8f96B924SWxzkrVyPkwI3w0JsS61L5a7nE2xa94qrtTR8PcXM6ribL3LWha6wBZmqFYIYRqCeb_v_-i86iumbsoxemlOE-uZ6DeC=w1920-h1080-no?authuser=1\" width=\"1920\" height=\"1080\" alt=\"O hist\u00f3rico de produ\u00e7\u00e3o detalhado est\u00e1 dispon\u00edvel online.\" class=\"size-medium\" \/><\/a><figcaption class=\"wp-caption-text\">O hist\u00f3rico de produ\u00e7\u00e3o detalhado est\u00e1 dispon\u00edvel online.<\/figcaption><\/figure>\n<h2>Promo\u00e7\u00e3o de vendas de &quot;Arroz de Girassol&quot; entregue diretamente aos consumidores pelos produtores<\/h2>\n<p>Com o prefeito Yutaka Sano \u00e0 frente das vendas, as atividades de promo\u00e7\u00e3o da venda de arroz est\u00e3o sendo realizadas ativamente, nas quais os pr\u00f3prios produtores promovem seus produtos aos consumidores.<\/p>\n<h3>Supermercado Yumoya, cidade de Taichung, Taiwan<\/h3>\n<p>A Exposi\u00e7\u00e3o de Produtos da Cidade de Hokuryu ser\u00e1 realizada em 2017 no supermercado Yumoya, na cidade de Taichung, Taiwan.<\/p>\n<figure class=\"wp-caption aligncenter\"><a href=\"https:\/\/photos.google.com\/share\/AF1QipOZOaCPen2BupSHIlLdmWmOtWofB6a6TOHVjr-EddEnWOdUDdFqvXL6T21hlahV5w\/photo\/AF1QipMrnHLR3DM-97ScBp3OOAJbHGcWLULCEqtiUqM?key=MTVtb0d0azhKVHhVVUpnbjZhV1NTV0RSN3FyTnZB\" target=\"_blank\" rel=\"noopener noreferrer\"><img decoding=\"async\" src=\"https:\/\/lh3.googleusercontent.com\/pw\/ACtC-3dwQgDgKF_mwo0UwgnAsFFIajo08V8HLCRuR9xcRyH5VshU8KRVONfAoJZ4Dt4FWH6lgnVJ68sh1PiNqiEe3KW32Aaov6ZH_38Y5SdXNja6swTd-DkYAkdmtyBRk0w2wE0TdE9oR7hXSpWz94U4nZk5=w1934-h1288-no?authuser=0\" width=\"1932\" height=\"1288\" alt=\"&quot;Exposi\u00e7\u00e3o de Produtos da Cidade de Hokuryu&quot; no Yumoya, um supermercado de alimentos na cidade de Taichung, Taiwan.\" class=\"size-medium\" \/><\/a><figcaption class=\"wp-caption-text\">&quot;Exposi\u00e7\u00e3o de Produtos da Cidade de Hokuryu&quot; no Yumoya, um supermercado de alimentos na cidade de Taichung, Taiwan.<\/figcaption><\/figure>\n<h3>Cidade de Sapporo - Loja Hokkaido Dosanko Plaza Sapporo<\/h3>\n<figure class=\"wp-caption aligncenter\"><a href=\"https:\/\/photos.google.com\/share\/AF1QipP0sCze6KyVj6sTYJ2t2bDAbmplbeIgeBwujzVflw2d9xkgIJDuTSMyGyy2YoOe5g\/photo\/AF1QipPWUs3ywxdjCBloYEYjw97QuhMCAu7aChtgwnE?key=U2d0WG5QNHotaDFKMWhfeXV1RkF5ekNBZF93UnZR\" target=\"_blank\" rel=\"noopener noreferrer\"><img decoding=\"async\" src=\"https:\/\/lh3.googleusercontent.com\/pw\/ACtC-3fMbxn0IRPXdbBqCEfoRg4v0ck-3ACNu-whG9IV7qi6npsxAq6Fb5acRydlY_AfYBMFlexC-GIA-xLPF2BO-tWpK787v_WQOn1FQsIRWV1lZFR3RFTkfmeh4WQL78cK_0tWlFzN2kTfwrOCxy_1QlPq=w1718-h1288-no?authuser=0\" width=\"1718\" height=\"1288\" alt=\"\u00d3timo neg\u00f3cio! P\u00e1 de arroz!\" class=\"size-medium\" \/><\/a><figcaption class=\"wp-caption-text\">\u00d3timo neg\u00f3cio! P\u00e1 de arroz!<\/figcaption><\/figure>\n<h3>Cidade de Osaka, Supermercado, Sunplaza Habikinooka<\/h3>\n<p>Atividades de promo\u00e7\u00e3o de vendas de arroz da Agri-Fighter North Dragon em Osaka (supermercado Sunplaza Habikinooka)<\/p>\n<figure class=\"wp-caption aligncenter\"><a href=\"https:\/\/photos.google.com\/share\/AF1QipNGlsYo_DzsyB-0Hbqa1MnoWKtwXmRkTf4fAkh0cDhwHk8SfcUlSMiNrmLUsORMvQ\/photo\/AF1QipMeYy0RiFHKss_qoistOrEm5Yqc4BXm8H06Fto?key=U3E0TWx4THVaY3gtMnRUZGxVbTVaYW5GNzlMUkVB\" target=\"_blank\" rel=\"noopener noreferrer\"><img decoding=\"async\" src=\"https:\/\/lh3.googleusercontent.com\/pw\/ACtC-3cpVU4MPfeUwsuFUybIRRFGs4-XDvAUFP5tUpufX7FjaWLb1CHyRfTFlBOnUoktwkEs7VkJElvq-Ctbz_nnbg0hkydpjQjlbGck1faKIxLZ7ASYftjyFHcu8gWj32z1BRNLPaq93AVUxY4FJ600CRuF=w1206-h799-no?authuser=0\" width=\"1206\" height=\"799\" alt=\"Supermercado Sunplaza Loja Habikinooka\" class=\"size-medium\" \/><\/a><figcaption class=\"wp-caption-text\">Supermercado Sunplaza Loja Habikinooka<\/figcaption><\/figure>\n<h2>Aproveitando o novo arroz: &quot;Bolinhos de arroz feitos por m\u00e3es do Grupo de Apoio M\u00fatuo Hekisui&quot;<\/h2>\n<figure class=\"wp-caption aligncenter\"><a href=\"https:\/\/photos.google.com\/share\/AF1QipOjPijGf1JAhwLw3jgloBcFJ3sLjs5uXghzNdkZNLG_cCCNXKu3sTFooMzm0tLj2g\/photo\/AF1QipPWv_JT6XrFdJ_0a8E930QOXp6MrAPX1QjxeY4?key=TWRWdTh5Z0hyQXBSbjlmbmNPTm80bV9xN2FSb29n\" target=\"_blank\" rel=\"noopener noreferrer\"><img decoding=\"async\" src=\"https:\/\/lh3.googleusercontent.com\/pw\/ACtC-3eX4Q6_MmfUIiYjXzwQ2Ltmh3-mPvyES8vnF1lJx6mnEPNwhs6cCpWFzbGZZ8gFuH5BFRJXDVO4dmn6WSPPnI3mJVTmzm5F_NFUfwWEJAlwa-GX-WplV8mb6jVjjheOKQkQBIe9WqwgcXiRRibb7ztt=w1934-h1288-no?authuser=0\" width=\"1932\" height=\"1288\" alt=\"Festa de Ano Novo com Bolinhos de Arroz\" class=\"size-medium\" \/><\/a><figcaption class=\"wp-caption-text\">Festa de Ano Novo com Bolinhos de Arroz<\/figcaption><\/figure>\n<p>No Centro Regional de Apoio de Hekisui (cidade de Kitary\u016b), m\u00e3es associadas \u00e0 Associa\u00e7\u00e3o de Apoio de Hekisui realizaram um evento de degusta\u00e7\u00e3o de &quot;Bolinhas de Arroz com Arroz Novo&quot; para expressar sua gratid\u00e3o pelo arroz novo deste ano.<\/p>\n<p>Convidamos o prefeito Yutaka Sano, o presidente Yasuo Yamamoto e o secret\u00e1rio-geral Susumu Asano da Associa\u00e7\u00e3o de Apoio M\u00fatuo de Hekisui, e juntos desfrutamos do delicioso sabor dos novos bolinhos de arroz.<\/p>\n<p>Al\u00e9m disso, as m\u00e3es que colaboraram conosco est\u00e3o se voluntariando para preparar marmitas para o almo\u00e7o mensal oferecido pela Associa\u00e7\u00e3o de Apoio a Idosos que vivem sozinhos. Gostar\u00edamos de expressar nossa sincera gratid\u00e3o.<\/p>\n<h3>Novo estilo Hokkaido: o uso de m\u00e1scaras e a desinfec\u00e7\u00e3o s\u00e3o rigorosamente controlados.<\/h3>\n<figure class=\"wp-caption aligncenter\"><a href=\"https:\/\/photos.google.com\/share\/AF1QipOjPijGf1JAhwLw3jgloBcFJ3sLjs5uXghzNdkZNLG_cCCNXKu3sTFooMzm0tLj2g\/photo\/AF1QipOhs24gj1inMscZef6AL4-k2Aj-jkFUuSjN5HI?key=TWRWdTh5Z0hyQXBSbjlmbmNPTm80bV9xN2FSb29n\" target=\"_blank\" rel=\"noopener noreferrer\"><img decoding=\"async\" src=\"https:\/\/lh3.googleusercontent.com\/pw\/ACtC-3dit0U71v1eqeJszlT19_erMpsPI5PGaDx36hdeBGIDYI_tMI0UGmj-Uq032r3-aZJm542Sm5kbLAgWSUrmaxoVgolqjyJK7SvrtqU-aEWcvQHtkoXvCeyU9OCDUu93_y5Txh7ulrkbAw8d6IqqWgco=w1934-h1288-no?authuser=0\" width=\"1932\" height=\"1288\" alt=\"Tome as devidas precau\u00e7\u00f5es com o novo estilo Hokkaido!\" class=\"size-medium\" \/><\/a><figcaption class=\"wp-caption-text\">Tome as devidas precau\u00e7\u00f5es com o novo estilo Hokkaido!<\/figcaption><\/figure>\n<h3>Bolinhos de arroz feitos com carinho pela mam\u00e3e<\/h3>\n<h4>Transfira da panela de arroz para um recipiente pr\u00f3prio para sushi e deixe esfriar.<\/h4>\n<figure class=\"wp-caption aligncenter\"><a href=\"https:\/\/photos.google.com\/share\/AF1QipOjPijGf1JAhwLw3jgloBcFJ3sLjs5uXghzNdkZNLG_cCCNXKu3sTFooMzm0tLj2g\/photo\/AF1QipPr2w7aXoCyU7bBNVp8L4FNSdikj4bvHE2E3-8?key=TWRWdTh5Z0hyQXBSbjlmbmNPTm80bV9xN2FSb29n\" target=\"_blank\" rel=\"noopener noreferrer\"><img decoding=\"async\" src=\"https:\/\/lh3.googleusercontent.com\/pw\/ACtC-3dlsYMteNv4EnHt9K2bZ5OtZ7kdxe_n6wyNU7XNaQLco9XVfhrS0_rO5IZFJTN6RBw52q3gNe639_yHO_tEFDF3z_KP8avOO0zT0_3GlCWfPJFCSShR09RSA463AWaCrH3kTbD1OpSUkFbMhp6cynlY=w1934-h1288-no?authuser=0\" width=\"1932\" height=\"1288\" alt=\"Transfira para um balde!\" class=\"size-medium\" \/><\/a><figcaption class=\"wp-caption-text\">Transfira para um balde!<\/figcaption><\/figure>\n<h4>Polvilhe sal sobre o arroz rec\u00e9m-cozido.<\/h4>\n<figure class=\"wp-caption aligncenter\"><a href=\"https:\/\/photos.google.com\/share\/AF1QipOjPijGf1JAhwLw3jgloBcFJ3sLjs5uXghzNdkZNLG_cCCNXKu3sTFooMzm0tLj2g\/photo\/AF1QipN26qOsO_JDe_sz2Jy5ythJpzCz6lXzDLd67o0?key=TWRWdTh5Z0hyQXBSbjlmbmNPTm80bV9xN2FSb29n\" target=\"_blank\" rel=\"noopener noreferrer\"><img decoding=\"async\" src=\"https:\/\/lh3.googleusercontent.com\/pw\/ACtC-3fG35O9Be5mF-TC2nE6yVSOvp9bDHzaFVodaJ02k1o_oKbjBUb0TBcz7I2LHko1jidSBLbDUsKNr5daB-LUIHOUtcoqgrR6868rlQLNl-eMaTl-W2l6K58QKqVB26M20Yr0LLDJm-i7nV1w6qkMKgej=w1934-h1288-no?authuser=0\" width=\"1932\" height=\"1288\" alt=\"Polvilhe com sal!\" class=\"size-medium\" \/><\/a><figcaption class=\"wp-caption-text\">Polvilhe com sal!<\/figcaption><\/figure>\n<h4>Feito com delicadeza, mas com firmeza e carinho!!!<\/h4>\n<figure class=\"wp-caption aligncenter\"><a href=\"https:\/\/photos.google.com\/share\/AF1QipOjPijGf1JAhwLw3jgloBcFJ3sLjs5uXghzNdkZNLG_cCCNXKu3sTFooMzm0tLj2g\/photo\/AF1QipPHHciv-wX1_UEmbickXLjAHElcr2yW5Yhwh1c?key=TWRWdTh5Z0hyQXBSbjlmbmNPTm80bV9xN2FSb29n\" target=\"_blank\" rel=\"noopener noreferrer\"><img decoding=\"async\" src=\"https:\/\/lh3.googleusercontent.com\/pw\/ACtC-3cq_4VpR8Vpw9FlRoKXiaiMrAfR9fzqUwoe9FgajZmvO0lUF2yce53AlvbIWcnmZhfqxbhdwhe963gpIdcZSjStY3wqQRsmqxImWn_wx0KEahUgSTk08cSEmclC8tFVfhoX3qp2wRsoXsIaGKA90AoI=w1934-h1288-no?authuser=0\" width=\"1932\" height=\"1288\" alt=\"Bolinhos de arroz da mam\u00e3e, feitos com amor!\" class=\"size-medium\" \/><\/a><figcaption class=\"wp-caption-text\">Bolinhos de arroz da mam\u00e3e, feitos com amor!<\/figcaption><\/figure>\n<h4>Coloque filme pl\u00e1stico em uma tigela de arroz e adicione o arroz, certificando-se de que os gr\u00e3os fiquem do mesmo tamanho.<\/h4>\n<figure class=\"wp-caption aligncenter\"><a href=\"https:\/\/photos.google.com\/share\/AF1QipOjPijGf1JAhwLw3jgloBcFJ3sLjs5uXghzNdkZNLG_cCCNXKu3sTFooMzm0tLj2g\/photo\/AF1QipOl57sLcF9KHe0EzK1jcQp9DHYalTV_MxlOmyQ?key=TWRWdTh5Z0hyQXBSbjlmbmNPTm80bV9xN2FSb29n\" target=\"_blank\" rel=\"noopener noreferrer\"><img decoding=\"async\" src=\"https:\/\/lh3.googleusercontent.com\/pw\/ACtC-3e1qDJPPm0bjK_2MQ6VUeyJFPk2j34Hw96uEAcyiBglTWkbjJyyfBpOMHgM6XY6i-LIC7lPto8YC-kPBCKFNo0xIwpNpdaQgQmo1muUdxq5olsYzfLb9zRstU5Z-g6bo1odbLNRROcr37lcP22mkhWW=w1934-h1288-no?authuser=0\" width=\"1932\" height=\"1288\" alt=\"Uniforme o tamanho!\" class=\"size-medium\" \/><\/a><figcaption class=\"wp-caption-text\">Uniforme o tamanho!<\/figcaption><\/figure>\n<h4>Com bolinhos de arroz salgados!!<\/h4>\n<p>As novas bolinhas de arroz s\u00e3o feitas com sal e sem recheio, para que voc\u00ea possa desfrutar plenamente do sabor delicioso do arroz!!!<\/p>\n<figure class=\"wp-caption aligncenter\"><a href=\"https:\/\/photos.google.com\/share\/AF1QipOjPijGf1JAhwLw3jgloBcFJ3sLjs5uXghzNdkZNLG_cCCNXKu3sTFooMzm0tLj2g\/photo\/AF1QipMI0TPujpp3c4AkSoAQwHg9LN0qhafjxf2SV3A?key=TWRWdTh5Z0hyQXBSbjlmbmNPTm80bV9xN2FSb29n\" target=\"_blank\" rel=\"noopener noreferrer\"><img decoding=\"async\" src=\"https:\/\/lh3.googleusercontent.com\/pw\/ACtC-3cohRxuf-kVKWcxFhCvVJcGEYsDdvIP8HMk7EUjB7tcm7kSsuerrh4qDBU-u5XTeVKo3Cw39_uOLOUbEz43xr1IvcYDnSModyQTKZdk5jnmZy83pefhrlnqbk0sfpZdiH1a6_Z5aeGkJ6ldxHp9Jpvh=w1934-h1288-no?authuser=0\" width=\"1932\" height=\"1288\" alt=\"Bolinhos de arroz salgados com um sabor delicioso!\" class=\"size-medium\" \/><\/a><figcaption class=\"wp-caption-text\">Bolinhos de arroz salgados com um sabor delicioso!<\/figcaption><\/figure>\n<h4>Servido com algas marinhas para facilitar o consumo.<\/h4>\n<figure class=\"wp-caption aligncenter\"><a href=\"https:\/\/photos.google.com\/share\/AF1QipOjPijGf1JAhwLw3jgloBcFJ3sLjs5uXghzNdkZNLG_cCCNXKu3sTFooMzm0tLj2g\/photo\/AF1QipNY2oJgdzMs4zNnHoUdcp3OyGFCkFetoWptor0?key=TWRWdTh5Z0hyQXBSbjlmbmNPTm80bV9xN2FSb29n\" target=\"_blank\" rel=\"noopener noreferrer\"><img decoding=\"async\" src=\"https:\/\/lh3.googleusercontent.com\/pw\/ACtC-3eQw5m1SOQkIEDmO-KAQeRoYfzSoU5rNmfOO5WW4tFASTeRb-MAuEF7bdIvIBbgzbFmfUUPjBV3yKAPxEfd3eDmBAGXzjoZzg9AEIevVw8qxCKSlkin_t3Ts6xaDVEQjVZb1XJW0K_6QqIBVhxgRSTv=w1934-h1288-no?authuser=0\" width=\"1932\" height=\"1288\" alt=\"Sirva com algas marinhas!\" class=\"size-medium\" \/><\/a><figcaption class=\"wp-caption-text\">Sirva com algas marinhas!<\/figcaption><\/figure>\n<h4>Um sabor delicioso!!!<\/h4>\n<p>Os gr\u00e3os de arroz novo, rec\u00e9m-cozidos, s\u00e3o brilhantes e lustrosos!<br \/>\nAs bolinhas de arroz macias e firmes da mam\u00e3e s\u00e3o a pura perfei\u00e7\u00e3o!!!<\/p>\n<figure class=\"wp-caption aligncenter\"><a href=\"https:\/\/photos.google.com\/share\/AF1QipOjPijGf1JAhwLw3jgloBcFJ3sLjs5uXghzNdkZNLG_cCCNXKu3sTFooMzm0tLj2g\/photo\/AF1QipPbOm0OdRA8GWV2ST14-UZ7NtSxFjp8B4S84uE?key=TWRWdTh5Z0hyQXBSbjlmbmNPTm80bV9xN2FSb29n\" target=\"_blank\" rel=\"noopener noreferrer\"><img decoding=\"async\" src=\"https:\/\/lh3.googleusercontent.com\/pw\/ACtC-3cijrzNIq4DzHtdUFZfWztyrU0E0PqxV3NKjc-PrxGAtxVY_pX8WJFJKETt6E-b7ET6A8CGIIW9AuptY-hDgSgYR4yUT-UPRS1essg6CXFjv-Ke_QbUibgDJdLRcSFO9zxu8OQ_nJqZnTuIkxRLhLYg=w1934-h1288-no?authuser=0\" width=\"1932\" height=\"1288\" alt=\"Fofinhos, macios e deliciosos, os bolinhos de arroz da mam\u00e3e!\" class=\"size-medium\" \/><\/a><figcaption class=\"wp-caption-text\">Fofinhos, macios e deliciosos, os bolinhos de arroz da mam\u00e3e!<\/figcaption><\/figure>\n<h3>Nigohachizuke e preparo de miss\u00f4<\/h3>\n<p>O Nigohachizuke &quot;Umaizo Gen-chan&quot; \u00e9 uma base de picles feita de arroz integral, koji de arroz e sal pelo &quot;Fumi no Kai&quot;, um grupo de m\u00e3es da cidade de Hokuryu.<\/p>\n<p>Al\u00e9m disso, o miss\u00f4 &quot;Missa Caseira das M\u00e3es&quot; \u00e9 feito \u00e0 m\u00e3o por m\u00e3es do Grupo de Pesquisa de Processamento de Soja da Cidade de Hokuryu.<\/p>\n<p>Os legumes em conserva s\u00e3o preparados com a conserva &quot;Umaizo Gen-chan&quot; 258. A sopa de miss\u00f4 \u00e9 feita com o miss\u00f4 caseiro da minha m\u00e3e.<\/p>\n<figure class=\"wp-caption aligncenter\"><a href=\"https:\/\/photos.google.com\/share\/AF1QipOjPijGf1JAhwLw3jgloBcFJ3sLjs5uXghzNdkZNLG_cCCNXKu3sTFooMzm0tLj2g\/photo\/AF1QipM0PHUTwPwH0Xn4OhTg5TP-CXn17aqwPVjM5_8?key=TWRWdTh5Z0hyQXBSbjlmbmNPTm80bV9xN2FSb29n\" target=\"_blank\" rel=\"noopener noreferrer\"><img decoding=\"async\" src=\"https:\/\/lh3.googleusercontent.com\/pw\/ACtC-3fqBu6h4_UjKAFR0ENIjGVx4U_IY505uHqccJB5yF723vuWvcA6BsGj-L_eefqO-1VEldPSzOppOOq5HcI9FwvFqxTYAr5ztyThL3PhX94IAJFEl5TwXXb9JEazQwu2AVJmammXvEcn1UPg2ExcHuRD=w1718-h1288-no?authuser=0\" width=\"1718\" height=\"1288\" alt=\"Base de picles Nigohachizuke &quot;Gen-chan \u00e9 delicioso&quot; e miss\u00f4 caseiro da mam\u00e3e\" class=\"size-medium\" \/><\/a><figcaption class=\"wp-caption-text\">Base de picles Nigohachizuke &quot;Gen-chan \u00e9 delicioso&quot; e miss\u00f4 caseiro da mam\u00e3e<\/figcaption><\/figure>\n<h3>Sirva com ameixas em conserva, legumes em conserva e sopa de miss\u00f4!<\/h3>\n<figure class=\"wp-caption aligncenter\"><a href=\"https:\/\/photos.google.com\/share\/AF1QipOjPijGf1JAhwLw3jgloBcFJ3sLjs5uXghzNdkZNLG_cCCNXKu3sTFooMzm0tLj2g\/photo\/AF1QipP6QfMNzMjOjTdA0nCWg0dRFV1C4fzngj7-TWE?key=TWRWdTh5Z0hyQXBSbjlmbmNPTm80bV9xN2FSb29n\" target=\"_blank\" rel=\"noopener noreferrer\"><img decoding=\"async\" src=\"https:\/\/lh3.googleusercontent.com\/pw\/ACtC-3dP2ypBv0onkcQ3rDm3Um5EML0vJicajsT4D9vGgMiemG_inKGbmIpkoaqGMjdlEeOyICQegrQOwe3pHPKZtMqQd2FOoR3zcWwFx0l_2zhq8836aa8f27hxSK-YfMlkOmhu-PnP32rc119_EiwZ64-4=w1934-h1288-no?authuser=0\" width=\"1932\" height=\"1288\" alt=\"Aprecie com sopa de miss\u00f4 e picles de Nigohachi!\" class=\"size-medium\" \/><\/a><figcaption class=\"wp-caption-text\">Aprecie com sopa de miss\u00f4 e picles de Nigohachi!<\/figcaption><\/figure>\n<h3>Delicioso!! O melhor!!!<\/h3>\n<p>Bolinhos de arroz rec\u00e9m-colhidos da cidade de Hokuryu, feitos com carinho pelas m\u00e3es!<br \/>\nCom gratid\u00e3o, vamos comer!<\/p>\n<p>Os bolinhos de arroz da mam\u00e3e s\u00e3o deliciosos!<br \/>\nO prefeito Sano tamb\u00e9m deu seu aval!<br \/>\n&quot;Delicioso!! O melhor!!!&quot;<\/p>\n<figure class=\"wp-caption aligncenter\"><a href=\"https:\/\/photos.google.com\/share\/AF1QipOjPijGf1JAhwLw3jgloBcFJ3sLjs5uXghzNdkZNLG_cCCNXKu3sTFooMzm0tLj2g\/photo\/AF1QipOGrGt1YEPBRZbvT_qY-lq2VGKyrFvWmZEigps?key=TWRWdTh5Z0hyQXBSbjlmbmNPTm80bV9xN2FSb29n\" target=\"_blank\" rel=\"noopener noreferrer\"><img decoding=\"async\" src=\"https:\/\/lh3.googleusercontent.com\/pw\/ACtC-3eOL4ngB8N-7lQvTAUU5C_yLdGHKD4cgP2oJJDfIoWr5iN-Ws2WyWIeWQbNK2DAyLlGoRZL7dTV3RkX1KKhrInS2sYB2Sa6eqJrj1f5QrVq3K69NzFkU6Gc-WLeEUlgpNmkKl0k8d9PkRwVEGpfQyIk=w1934-h1288-no?authuser=0\" width=\"1932\" height=\"1288\" alt=\"Os bolinhos de arroz da mam\u00e3e s\u00e3o deliciosos! Os melhores!!!\" class=\"size-medium\" \/><\/a><figcaption class=\"wp-caption-text\">Os bolinhos de arroz da mam\u00e3e s\u00e3o deliciosos!! Os melhores!!!<\/figcaption><\/figure>\n<h2>As quatro esta\u00e7\u00f5es da cidade de Hokuryu, onde o esp\u00edrito do arroz \u00e9 cultivado.<\/h2>\n<h3>A primavera \u00e9 a \u00e9poca em que a vida brota.<\/h3>\n<figure class=\"wp-caption aligncenter\"><a href=\"https:\/\/photos.google.com\/share\/AF1QipNGlsYo_DzsyB-0Hbqa1MnoWKtwXmRkTf4fAkh0cDhwHk8SfcUlSMiNrmLUsORMvQ\/photo\/AF1QipOKKOpbToi3URFUwKd0Oqedw3uVcb3Zawn7OOM?key=U3E0TWx4THVaY3gtMnRUZGxVbTVaYW5GNzlMUkVB\" target=\"_blank\" rel=\"noopener noreferrer\"><img decoding=\"async\" src=\"https:\/\/lh3.googleusercontent.com\/pw\/ACtC-3edTMMU6G9s3GHKmZ5b1MGZMx1AY5GcewVOH9ygbZmQ5QlI0dUb8CBxeo_aNtea0ftfAakU8onEH1tRQRtBOvPV01FXKudH0IBl9FGeUzq5T-n5sPHmvJzNAT4jatKLyDqsqGERgO0tLCW49-esgQPn=w1934-h1288-no?authuser=0\" width=\"1932\" height=\"1288\" alt=\"A primavera \u00e9 a \u00e9poca em que a vida brota.\" class=\"size-medium\" \/><\/a><figcaption class=\"wp-caption-text\">A primavera \u00e9 a \u00e9poca em que a vida brota.<\/figcaption><\/figure>\n<h3>Girass\u00f3is brilhando no &quot;Ver\u00e3o&quot;<\/h3>\n<figure class=\"wp-caption aligncenter\"><a href=\"https:\/\/photos.google.com\/share\/AF1QipNGlsYo_DzsyB-0Hbqa1MnoWKtwXmRkTf4fAkh0cDhwHk8SfcUlSMiNrmLUsORMvQ\/photo\/AF1QipMT3i2OlhLRy5BPIyEGJ9mrLTlcbbRJSSqpTPw?key=U3E0TWx4THVaY3gtMnRUZGxVbTVaYW5GNzlMUkVB\" target=\"_blank\" rel=\"noopener noreferrer\"><img decoding=\"async\" src=\"https:\/\/lh3.googleusercontent.com\/pw\/ACtC-3c52p-J2256wtmktrK7p2GyLiBlIWzFTPL5LWwBmBMzPXxHzcWwAu1ftiNt-Ag3bhWxGogu79RlQBd-RgOXTR-W-skg2bxfvTSaIEdE8enl67eELTs2T59GuQsuyvt5BAEaZCgpp6UQGrdVCGowj_jG=w1946-h1288-no?authuser=0\" width=\"1944\" height=\"1288\" alt=\"Girass\u00f3is brilhando no &quot;Ver\u00e3o&quot;\" class=\"size-medium\" \/><\/a><figcaption class=\"wp-caption-text\">Girass\u00f3is brilhando no &quot;Ver\u00e3o&quot;<\/figcaption><\/figure>\n<h3>Outono Dourado<\/h3>\n<figure class=\"wp-caption aligncenter\"><a href=\"https:\/\/photos.google.com\/share\/AF1QipNGlsYo_DzsyB-0Hbqa1MnoWKtwXmRkTf4fAkh0cDhwHk8SfcUlSMiNrmLUsORMvQ\/photo\/AF1QipOjz76tzbDagYC13TY27_pvw9XaFtIZN_TeOOg?key=U3E0TWx4THVaY3gtMnRUZGxVbTVaYW5GNzlMUkVB\" target=\"_blank\" rel=\"noopener noreferrer\"><img decoding=\"async\" src=\"https:\/\/lh3.googleusercontent.com\/pw\/ACtC-3dtEQlpnlSelX-AFEcKI6Vk4FCysbuYIvo2_05ajv5YTyn-5CRcNfpOlb81xntSvr0UtkFBl7qV4dW6v3SwazwWf9_QfkrBD3TV1VQDcrVmxXBRB961cCboJXErfh0e2f1cKCVOSaOVpxNSY9yKW0y4=w1718-h1288-no?authuser=0\" width=\"1718\" height=\"1288\" alt=\"Campo dourado\" class=\"size-medium\" \/><\/a><figcaption class=\"wp-caption-text\">Campo dourado<\/figcaption><\/figure>\n<h3>O mundo do branco prateado se estende em &quot;Inverno&quot;<\/h3>\n<figure class=\"wp-caption aligncenter\"><a href=\"https:\/\/photos.google.com\/share\/AF1QipNGlsYo_DzsyB-0Hbqa1MnoWKtwXmRkTf4fAkh0cDhwHk8SfcUlSMiNrmLUsORMvQ\/photo\/AF1QipNvWkztb9qmt0jfBAtrYTkIsJJvoSfFi-6fWjg?key=U3E0TWx4THVaY3gtMnRUZGxVbTVaYW5GNzlMUkVB\" target=\"_blank\" rel=\"noopener noreferrer\"><img decoding=\"async\" src=\"https:\/\/lh3.googleusercontent.com\/pw\/ACtC-3cSFxO998wtC-V3Salymf0QkqQ-dxGfIyQyiSW3eZpxRxAPwV4LwhyjOG7-refjfGL-cHK-ZYbhCXYoYJs2t1WUySzE84KDfffGYjty5u-CgQ6vrCJAWB84VJbc5jNUdeZDSd8Dx8-un7xQTWvXbjkD=w1334-h890-no?authuser=0\" width=\"1932\" height=\"1288\" alt=\"O mundo do branco prateado se estende em &quot;Inverno&quot;\" class=\"size-medium\" \/><\/a><figcaption class=\"wp-caption-text\">O mundo do branco prateado se estende em &quot;Inverno&quot;<\/figcaption><\/figure>\n<h2>Arroz de girassol da cidade de Hokuryu, onde reside o esp\u00edrito do arroz.<\/h2>\n<p>A cidade de Hokuryu continua a dedicar-se com afinco \u00e0 produ\u00e7\u00e3o de arroz, com um &quot;esp\u00edrito pioneiro&quot; no desenvolvimento da regi\u00e3o, uma mentalidade de &quot;comida \u00e9 vida&quot; na prote\u00e7\u00e3o de alimentos seguros e confi\u00e1veis, e &quot;unidade e harmonia&quot;.<\/p>\n<p>Esses tr\u00eas esp\u00edritos est\u00e3o impregnados nos bolinhos de arroz feitos com carinho pelas m\u00e3es da cidade de Hokuryu e s\u00e3o transmitidos \u00e0s crian\u00e7as que carregar\u00e3o o futuro da cidade.<\/p>\n<p>Com sincera gratid\u00e3o ao arroz de girassol da cidade de Hokuryu, onde reside o esp\u00edrito do arroz...<\/p>\n<figure class=\"wp-caption alignnone\"><img decoding=\"async\" src=\"https:\/\/lh3.googleusercontent.com\/pw\/ACtC-3eGEhF60IVs1AOXYPsLjz-fFM-0r-Kihcd6_7ANWZTH3QE5T50sQVwJe1xVH6dbdhWvoUYfqgbeN6ipEB2_jT8l5UKwMWoTzg0dKt7dUgIrrs1IOlVtJpZBJ4iQdV9WRUdJ6C9eBJzsZTfb2X1OnybB=w1934-h1288-no?authuser=0\" width=\"1932\" height=\"1288\" alt=\"Com sincera gratid\u00e3o ao arroz de girassol da cidade de Hokuryu, onde reside o esp\u00edrito do arroz...\" class=\"size-medium\" \/><figcaption class=\"wp-caption-text\">Com sincera gratid\u00e3o ao arroz de girassol da cidade de Hokuryu, onde reside o esp\u00edrito do arroz...<br \/><\/figcaption><\/figure>\n<h2>V\u00eddeo: &quot;Arroz de girassol da cidade de Hokuryu, onde reside o esp\u00edrito do arroz&quot;<\/h2>\n<p><center><iframe width=\"560\" height=\"315\" src=\"https:\/\/www.youtube.com\/embed\/cggzsqg37N8\" frameborder=\"0\" allow=\"accelerometer; autoplay; clipboard-write; encrypted-media; gyroscope; picture-in-picture\" allowfullscreen><\/iframe><\/center><\/p>\n<h2>Artigos e sites relacionados<\/h2>\n<p>\u30fb<a href=\"https:\/\/portal.hokuryu.info\/pt\/hokuryu-himawari-rice-pc.html\/\" rel=\"noopener noreferrer\" target=\"_blank\">Atividades da Associa\u00e7\u00e3o de Produtores de Arroz com Girassol da Cidade de Hokuryu<\/a><\/p>\n<p>\u30fb<a href=\"https:\/\/portal.hokuryu.info\/pt\/topics\/culture\/20190318\/\" target=\"_blank\" rel=\"noopener noreferrer\">Concurso de V\u00eddeo &quot;Comida de Hokkaido para Compartilhar&quot;, Cerim\u00f4nia de Premia\u00e7\u00e3o e Evento de Networking (Organizado pelo Escrit\u00f3rio de Administra\u00e7\u00e3o Agr\u00edcola de Hokkaido, Cidade de Sapporo)<\/a>(18 de mar\u00e7o de 2019)<br \/>\n\u30fb<a href=\"https:\/\/portal.hokuryu.info\/pt\/informations\/20190305\/\" target=\"_blank\" rel=\"noopener noreferrer\">V\u00eddeo sobre soja Kurosengoku ganha pr\u00eamio de excel\u00eancia: Cerim\u00f4nia de premia\u00e7\u00e3o e evento de networking realizados no concurso de v\u00eddeos &quot;Alimentos de Hokkaido para Passar&quot;, promovido pelo Escrit\u00f3rio de Administra\u00e7\u00e3o Agr\u00edcola de Hokkaido.<\/a>(5 de mar\u00e7o de 2019)<\/p>\n<p>\u30fb<a href=\"https:\/\/www.maff.go.jp\/hokkaido\/press\/syokuryo\/keikaku\/200828.html\" rel=\"noopener noreferrer\" target=\"_blank\">[Departamento de Administra\u00e7\u00e3o Agr\u00edcola da Prefeitura de Hokkaido] Concurso de V\u00eddeo &quot;Alimentos de Hokkaido para Compartilhar&quot; 2020<\/a>(28 de agosto de 2020)<br \/>\n\u3000<\/p>\n<p>\u25c7 Fotografia e edi\u00e7\u00e3o: Noboru Terauchi Entrevista e texto: Ikuko Terauchi<\/p>","protected":false},"excerpt":{"rendered":"<p>\uff12\uff10\uff12\uff10\u5e74\uff11\uff11\u6708\uff118\u65e5\uff08\u6c34\uff09 \u3053\u306e\u5ea6\u3001\uff12\uff10\uff11\uff10\u5e74\u304b\u3089\uff12\uff10\uff12\uff10\u5e74\u307e\u3067\u306e\u53d6\u6750\u8cc7\u6599\u3092\u30d9\u30fc\u30b9\u306b\u3001\u5317\u7adc\u753a\u306e\u304a\u7c73\u300c\u3072\u307e\u308f\u308a\u30e9\u30a4\u30b9\u300d\u306b\u3064\u3044\u3066\u306e\u6b74\u53f2\u3001\u7cbe\u795e\u3001\u6d3b\u52d5\u306a\u3069\u306b\u3064\u3044\u3066\u307e\u3068\u3081\u307e\u3057\u305f\u3002 \u3053\u306e\u8a18\u4e8b\u306b\u57fa\u3065\u3044\u3066\u3001\u300c\u7a32\u9b42\u5bbf [&hellip;]<\/p>\n","protected":false},"author":1,"featured_media":6097,"comment_status":"open","ping_status":"open","sticky":false,"template":"","format":"standard","meta":{"footnotes":""},"categories":[4,26,91],"tags":[],"class_list":["post-5982","post","type-post","status-publish","format-standard","has-post-thumbnail","hentry","category-cover-story","category-jahokuryu","category-91"],"_links":{"self":[{"href":"https:\/\/portal.hokuryu.info\/pt\/wp-json\/wp\/v2\/posts\/5982","targetHints":{"allow":["GET"]}}],"collection":[{"href":"https:\/\/portal.hokuryu.info\/pt\/wp-json\/wp\/v2\/posts"}],"about":[{"href":"https:\/\/portal.hokuryu.info\/pt\/wp-json\/wp\/v2\/types\/post"}],"author":[{"embeddable":true,"href":"https:\/\/portal.hokuryu.info\/pt\/wp-json\/wp\/v2\/users\/1"}],"replies":[{"embeddable":true,"href":"https:\/\/portal.hokuryu.info\/pt\/wp-json\/wp\/v2\/comments?post=5982"}],"version-history":[{"count":0,"href":"https:\/\/portal.hokuryu.info\/pt\/wp-json\/wp\/v2\/posts\/5982\/revisions"}],"wp:featuredmedia":[{"embeddable":true,"href":"https:\/\/portal.hokuryu.info\/pt\/wp-json\/wp\/v2\/media\/6097"}],"wp:attachment":[{"href":"https:\/\/portal.hokuryu.info\/pt\/wp-json\/wp\/v2\/media?parent=5982"}],"wp:term":[{"taxonomy":"category","embeddable":true,"href":"https:\/\/portal.hokuryu.info\/pt\/wp-json\/wp\/v2\/categories?post=5982"},{"taxonomy":"post_tag","embeddable":true,"href":"https:\/\/portal.hokuryu.info\/pt\/wp-json\/wp\/v2\/tags?post=5982"}],"curies":[{"name":"wp","href":"https:\/\/api.w.org\/{rel}","templated":true}]}}