{"id":57984,"date":"2025-05-02T13:36:53","date_gmt":"2025-05-02T04:36:53","guid":{"rendered":"https:\/\/portal.hokuryu.info\/?p=57984"},"modified":"2025-05-22T08:14:32","modified_gmt":"2025-05-21T23:14:32","slug":"%e4%bb%a4%e5%92%8c%ef%bc%97%e5%b9%b4%e5%ba%a6-%e5%8c%97%e7%ab%9c%e5%9c%9f%e5%9c%b0%e6%94%b9%e8%89%af%e5%8c%ba%e3%80%8c%e6%81%b5%e5%b2%b1%e5%88%a5%e3%83%80%e3%83%a0%e9%80%9a%e6%b0%b4%e5%bc%8f%e3%80%8d","status":"publish","type":"post","link":"https:\/\/portal.hokuryu.info\/pt\/57984\/","title":{"rendered":"Rezando por uma boa colheita e seguran\u00e7a este ano na &quot;Cerim\u00f4nia de Abertura da Barragem de Edaibetsu&quot; do Distrito de Melhoramento de Terras de Hokuryu, em 2025."},"content":{"rendered":"<p>Sexta-feira, 2 de maio de 2025<\/p>\n<p>\u00c0s 14h da quinta-feira, 1\u00ba de maio, com o sol da primavera brilhando intensamente e uma brisa refrescante soprando, o Distrito de Melhoramento de Terras de Hokuryu 2025 (presidente Fukase Junichi) realizou uma cerim\u00f4nia solene para inaugurar a Barragem de Keidaibetsu.<\/p>\n<h2>Barragem de Etaibetsu<\/h2>\n<figure class=\"wp-caption aligncenter\"><a href=\"https:\/\/photos.google.com\/share\/AF1QipMozQvVtuKoz6NYNNoWhbGuCPMANZuu9bcPjQ85SkPxIlMO7u1E9RycQR_TCM957A\/photo\/AF1QipO8xJ6kOhEk6LzheYDCgcTfRgpEeS8WnYpRy-s?key=eDh5X3p3TFcxRllGRUJoeWRDMXJCWEtuNjhINzdn\" target=\"_blank\"><img decoding=\"async\" src=\"https:\/\/lh3.googleusercontent.com\/pw\/AP1GczN7tEVpGLajY0WT7IszxJqna6vf7ny5AgIh8lqdND_w9bsIgxFjvJKuDgF2gX-eq7CwkgByrgbDV9q8-eJVcELuF1atzwPakA4GA1-FNWxKL5mDxzfpZch8sCkxTm8ys4Nn7sSXeswLsOF_PZAvL8dD=w2000-h1500-s-no-gm?authuser=1\" width=\"2000\" height=\"1500\" alt=\"A barragem de Edaibetsu encheu-se com a neve derretida.\" class=\"size-full\" \/><\/a><figcaption class=\"wp-caption-text\">A barragem de Edaibetsu encheu-se com a neve derretida.<\/figcaption><\/figure>\n<p>A barragem de Edaibetsu armazena \u00e1gua do degelo ou da chuva e fornece \u00e1gua para irriga\u00e7\u00e3o a aproximadamente 2.300 hectares de terras agr\u00edcolas na cidade durante a \u00e9poca de plantio (de maio a outubro).<\/p>\n<p>A barragem foi constru\u00edda ao longo de um per\u00edodo de 13 anos, de 1953 (Showa 28) a 1967 (Showa 42), com o objetivo de fornecer um amplo suprimento de \u00e1gua necess\u00e1rio para o cultivo de arroz e evitar danos a diversas instala\u00e7\u00f5es por meio do controle de enchentes.<\/p>\n<figure class=\"wp-caption aligncenter\"><a href=\"https:\/\/photos.google.com\/share\/AF1QipMozQvVtuKoz6NYNNoWhbGuCPMANZuu9bcPjQ85SkPxIlMO7u1E9RycQR_TCM957A\/photo\/AF1QipPZtUnrRpEl-hXkr1fhAo9OBzHermqTGV8HnaI?key=eDh5X3p3TFcxRllGRUJoeWRDMXJCWEtuNjhINzdn\" target=\"_blank\"><img decoding=\"async\" src=\"https:\/\/lh3.googleusercontent.com\/pw\/AP1GczNWbX1ZClZ9BGsGp26cAd6z6JYMJBIFJCdBQfAoHsJFLYxlZXaDOaxx2tArsg3qvoYnhMYhdk7wJgRKqUj0qWCYELvH8g02OZKdJi5J4tnDAbUVuLwyI75P67mEyT2bqplT7SqZphiMnZTcyJSXEm7t=w2000-h1500-s-no-gm?authuser=0\" width=\"2000\" height=\"1500\" alt=\"Ainda h\u00e1 neve na barragem de Etaibetsu.\" class=\"size-full\" \/><\/a><figcaption class=\"wp-caption-text\">Barragem de Etaibetsu<\/figcaption><\/figure>\n<figure class=\"wp-caption aligncenter\"><a href=\"https:\/\/photos.google.com\/share\/AF1QipMozQvVtuKoz6NYNNoWhbGuCPMANZuu9bcPjQ85SkPxIlMO7u1E9RycQR_TCM957A\/photo\/AF1QipNOLCGFKg2uEB36phsjqcfif57yXwBtqij3Jkk?key=eDh5X3p3TFcxRllGRUJoeWRDMXJCWEtuNjhINzdn\" target=\"_blank\"><img decoding=\"async\" src=\"https:\/\/lh3.googleusercontent.com\/pw\/AP1GczOEYjcXBCEp2Ckr2EH8JR3-q3uo5AQ6d5xy3cVMuzQAXOqGiznRb5Os32UYr4_6ILAEIVTv3umhY8zsR20mfWSk6S1JH4mKy9HPtVj7_DiMT5k8nh83FklvPnCqpBfEjkch-G3Z_M7Nw7tfDQvL9uiq=w2000-h1500-s-no-gm?authuser=0\" width=\"2000\" height=\"1500\" alt=\"O prefeito Sasaki observa as \u00e1guas abundantes da represa de Etaibe.\" class=\"size-full\" \/><\/a><figcaption class=\"wp-caption-text\">O prefeito Sasaki observa as \u00e1guas abundantes da represa de Etaibe.<\/figcaption><\/figure>\n<h2>Tipo de fluxo de \u00e1gua<\/h2>\n<p>Durante a cerim\u00f4nia de abertura das \u00e1guas, o santu\u00e1rio, que estava fechado sob o peso da neve, \u00e9 aberto e s\u00e3o feitas oferendas de arroz, sal, saqu\u00ea, peixe, vegetais, frutas, doces, etc., em ora\u00e7\u00e3o por uma colheita farta e seguran\u00e7a no ano que se inicia.<\/p>\n<h3>Apresentador Geral: Shota Kagawa, Chefe da Divis\u00e3o de Assuntos Gerais do Distrito de Melhoramento de Terras de Hokuryu<\/h3>\n<p>A cerim\u00f4nia foi conduzida de forma solene pelo mestre de cerim\u00f4nias, Shota Kagawa, chefe da Divis\u00e3o de Assuntos Gerais do Distrito de Melhoramento de Terras de Hokuryu.<\/p>\n<figure class=\"wp-caption aligncenter\"><a href=\"https:\/\/photos.google.com\/share\/AF1QipMozQvVtuKoz6NYNNoWhbGuCPMANZuu9bcPjQ85SkPxIlMO7u1E9RycQR_TCM957A\/photo\/AF1QipP-BLeUOockQeXHRBtcnJYyocSFRW9FU43xiIY?key=eDh5X3p3TFcxRllGRUJoeWRDMXJCWEtuNjhINzdn\" target=\"_blank\"><img decoding=\"async\" src=\"https:\/\/lh3.googleusercontent.com\/pw\/AP1GczMTKjiCjJU1R_qbHWFORv5JLqXGhO0jFusBXltrCm3HY9jh0J7tmC3mFpvZjQLz4t5CN1tpXgBH15erGLvRnZyeyCO51at12vvUebtPqUJU-gayYHdyY0G6vxY1bh5E4xoS8gb7cT_GMSpRjuYEj08D=w2000-h1500-s-no-gm?authuser=0\" width=\"2000\" height=\"1500\" alt=\"Oferta de ofertas\" class=\"size-full\" \/><\/a><figcaption class=\"wp-caption-text\">Oferta de ofertas<\/figcaption><\/figure>\n<figure class=\"wp-caption aligncenter\"><a href=\"https:\/\/photos.google.com\/share\/AF1QipMozQvVtuKoz6NYNNoWhbGuCPMANZuu9bcPjQ85SkPxIlMO7u1E9RycQR_TCM957A\/photo\/AF1QipO6vTaOtM77IJbK93oFhAUaNAkhU4rNlzM77Ws?key=eDh5X3p3TFcxRllGRUJoeWRDMXJCWEtuNjhINzdn\" target=\"_blank\"><img decoding=\"async\" src=\"https:\/\/lh3.googleusercontent.com\/pw\/AP1GczNbPOJPim3NkgZIpxGDwrbW5Wh4Ba0Cw0p4eHVWPNRwjs6WYvnbzsXwqfDesGpkN-cEyUk4nlZIZdHWdVal20mS9VNpyN9trOBiokzITH3VMiLYX1HYAYSVv73-ilsdVA1Z2ro2pN9MW9OnwPxcPn1Y=w2000-h1500-s-no-gm?authuser=0\" width=\"2000\" height=\"1500\" alt=\"Um santu\u00e1rio solenemente consagrado\" class=\"size-full\" \/><\/a><figcaption class=\"wp-caption-text\">Um santu\u00e1rio solenemente consagrado<\/figcaption><\/figure>\n<h3>Santu\u00e1rio Fukagawa Daikoku, Sumo Sacerdote Onishi Kota<\/h3>\n<p>O sacerdote principal do Santu\u00e1rio Fukagawa Daikoku (Kazumicho, cidade de Fukagawa), Onishi Kota, tocou uma flauta votiva e recitou solenemente uma ora\u00e7\u00e3o, seguida por oferendas de ramos sagrados feitas pelo presidente do Distrito de Melhoramento de Terras de Hokuryu, Fukase Junichi, pelo prefeito Sasaki Yasuhiro e outros presentes.<\/p>\n<figure class=\"wp-caption aligncenter\"><a href=\"https:\/\/photos.google.com\/share\/AF1QipMozQvVtuKoz6NYNNoWhbGuCPMANZuu9bcPjQ85SkPxIlMO7u1E9RycQR_TCM957A\/photo\/AF1QipOTOt1gR-mX7BzV9BfaEzyOHpYFPJUA87DyZEE?key=eDh5X3p3TFcxRllGRUJoeWRDMXJCWEtuNjhINzdn\" target=\"_blank\"><img decoding=\"async\" src=\"https:\/\/lh3.googleusercontent.com\/pw\/AP1GczNKMYAyNGYHT72ZmTEdZE3dD7c5NTDe8Zg_dHCYbToI-c6pNuQ0EKH4XHuRtTMwFRlAEru1CJidKIRdT7RxE7xyVQRyfTNF1o84N0Wm3agYhQAe04a-uD4k8MM-noSN4g9XZM_MM9ZnClQU-4Vq0-Bu=w2000-h1333-s-no-gm?authuser=0\" width=\"2000\" height=\"1333\" alt=\"O sumo sacerdote apresenta uma flauta.\" class=\"size-full\" \/><\/a><figcaption class=\"wp-caption-text\">O sumo sacerdote apresenta uma flauta.<\/figcaption><\/figure>\n<figure class=\"wp-caption aligncenter\"><a href=\"https:\/\/photos.google.com\/share\/AF1QipMozQvVtuKoz6NYNNoWhbGuCPMANZuu9bcPjQ85SkPxIlMO7u1E9RycQR_TCM957A\/photo\/AF1QipPVoQus3zLA5zmMADC_Ak4FsXNM_4YfpgglnwM?key=eDh5X3p3TFcxRllGRUJoeWRDMXJCWEtuNjhINzdn\" target=\"_blank\"><img decoding=\"async\" src=\"https:\/\/lh3.googleusercontent.com\/pw\/AP1GczMNzdvuqNJy0qqNFaqvZkvsFCyIxMCkiqfbX1IhZDAiCxkAC0qS9BwOTzNFRsdc_6QCiJdyJSsFKKpLwpQqFFxuwZs8EicJS6rF6-646hGJzWC1Exxv3oIiZEyG05bR3Bk-LCHMlfTIPqY6itEJL6zV=w2000-h1125-s-no-gm?authuser=0\" width=\"2000\" height=\"1125\" alt=\"Purifica\u00e7\u00e3o\" class=\"size-full\" \/><\/a><figcaption class=\"wp-caption-text\">Purifica\u00e7\u00e3o<\/figcaption><\/figure>\n<h3>Oferenda de ramos sagrados<\/h3>\n<ul>\n<li><strong>Distrito de Melhoramento de Terras de Hokuryu<\/strong>Presidente Junichi Fukase<\/li>\n<li><strong>Prefeito de Hokuryu<\/strong>Senhor Yasuhiro Sasaki<\/li>\n<li><strong>Cooperativa Agr\u00edcola Kitasorachi<\/strong>Senhor Minoru Nagai, Diretor Representante do Distrito de Hokuryu<\/li>\n<li><strong>Distrito de Melhoramento de Terras de Hokuryu<\/strong>Naoki Shiraoka, vice-presidente<\/li>\n<li>Auditor Geral Yoshitaka Iwakura<\/li>\n<li>Toru Tanimoto, Presidente do Comit\u00ea de Gest\u00e3o<\/li>\n<li>Diretor Akinori Fujii<\/li>\n<li>Diretor Kazumi Hirabayashi<\/li>\n<li>Diretor Katsuji Saito<\/li>\n<li>Auditor Atsushi Goto<\/li>\n<li><strong>Barragem de Etaibetsu<\/strong>Engenheiro-chefe supervisor Hidefumi Okabe<\/li>\n<li>T\u00e9cnico: Hiroto Fujii<\/li>\n<\/ul>\n<figure class=\"wp-caption aligncenter\"><a href=\"https:\/\/photos.google.com\/share\/AF1QipMozQvVtuKoz6NYNNoWhbGuCPMANZuu9bcPjQ85SkPxIlMO7u1E9RycQR_TCM957A\/photo\/AF1QipP3snKEzhjDxVGYHakOIrPL1iZGA671KPtg0b0?key=eDh5X3p3TFcxRllGRUJoeWRDMXJCWEtuNjhINzdn\" target=\"_blank\"><img decoding=\"async\" src=\"https:\/\/lh3.googleusercontent.com\/pw\/AP1GczOUbV7sg_J_1mdq-47IobHPQ3eK8eDc4uK_3ymYhKpAeMUowifaILGET8NXAHyBRrXu0nwrocbd8Wu_-su-gXyubaeDIErNED-fN0oRbHggkyssP_l1D4EGDU6rEsmIy63dKZSiFGhCKnJ60mFLSNpR=w2000-h1333-s-no-gm?authuser=0\" width=\"2000\" height=\"1333\" alt=\"Oferenda de ramos sagrados: Junichi Fukase, Presidente do Distrito de Melhoramento de Terras de Hokuryu\" class=\"size-full\" \/><\/a><figcaption class=\"wp-caption-text\">Oferenda de ramos sagrados: Junichi Fukase, Presidente do Distrito de Melhoramento de Terras de Hokuryu<\/figcaption><\/figure>\n<figure class=\"wp-caption aligncenter\"><a href=\"https:\/\/photos.google.com\/share\/AF1QipMozQvVtuKoz6NYNNoWhbGuCPMANZuu9bcPjQ85SkPxIlMO7u1E9RycQR_TCM957A\/photo\/AF1QipM-rwyP_4N0UH7JutrYINNfS-wSl_JSr14PGMQ?key=eDh5X3p3TFcxRllGRUJoeWRDMXJCWEtuNjhINzdn\" target=\"_blank\"><img decoding=\"async\" src=\"https:\/\/lh3.googleusercontent.com\/pw\/AP1GczPQ4V8BipT1k_2N-NeJ9XfrSplFOOSjVteJqsg5mNpbWMOcJw8316ut9WZBRcFHN9yrkC0Z86dbBwTTEiHE4GttL3hexdoxJwiF5c_3nI65IFk5Jl8fOjRV7m7ATjHHRMpB9KhP1oL8iHT95AzG2QyO=w2000-h1333-s-no-gm?authuser=0\" width=\"2000\" height=\"1333\" alt=\"Oferenda de ramos sagrados: Prefeito da cidade de Hokuryu, Yasuhiro Sasaki\" class=\"size-full\" \/><\/a><figcaption class=\"wp-caption-text\">Oferenda de ramos sagrados: Prefeito da cidade de Hokuryu, Yasuhiro Sasaki<\/figcaption><\/figure>\n<figure class=\"wp-caption aligncenter\"><a href=\"https:\/\/photos.google.com\/share\/AF1QipMozQvVtuKoz6NYNNoWhbGuCPMANZuu9bcPjQ85SkPxIlMO7u1E9RycQR_TCM957A\/photo\/AF1QipNQI6rhtej8zPMI72y_VHt9Su-UfD1pBV6PkXA?key=eDh5X3p3TFcxRllGRUJoeWRDMXJCWEtuNjhINzdn\" target=\"_blank\"><img decoding=\"async\" src=\"https:\/\/lh3.googleusercontent.com\/pw\/AP1GczMgdfsjoVoSP1MsJjqMCnslyHbwV-zKqpkcypWpbA0dQ3K_DSZ4hxsCtVWXFx0TBhRwwRPQbK_MnTnCDXRbt2xVq5ia9rWonbAFJ1rWyx8nxX7uFudfeJO0t3-HihHImpWVpxVlwVleka3sJ2hvfPpe=w2000-h1333-s-no-gm?authuser=0\" width=\"2000\" height=\"1333\" alt=\"Sr. Minoru Nagai, Diretor Representante da Associa\u00e7\u00e3o Cooperativa Agr\u00edcola de Kitasorachi, Distrito da Cidade de Hokuryu\" class=\"size-full\" \/><\/a><figcaption class=\"wp-caption-text\">Sr. Minoru Nagai, Diretor Representante da Associa\u00e7\u00e3o Cooperativa Agr\u00edcola de Kitasorachi, Distrito da Cidade de Hokuryu<\/figcaption><\/figure>\n<h3>Sauda\u00e7\u00f5es de Junichi Fukase, Presidente do Distrito de Melhoramento de Terras<\/h3>\n<figure class=\"wp-caption aligncenter\"><a href=\"https:\/\/photos.google.com\/share\/AF1QipMozQvVtuKoz6NYNNoWhbGuCPMANZuu9bcPjQ85SkPxIlMO7u1E9RycQR_TCM957A\/photo\/AF1QipOsLiLeZNwXKZ335sOMrzsAVxRh8rtSkfJcZGA?key=eDh5X3p3TFcxRllGRUJoeWRDMXJCWEtuNjhINzdn\" target=\"_blank\"><img decoding=\"async\" src=\"https:\/\/lh3.googleusercontent.com\/pw\/AP1GczNJUX2rrWntW2oH_FmPx9F79FVAKlCSN3fX45AKl-n5f09i6y3V4ULRYsGnugljFPvI5sFB_Cia1qUIqooecgYpI69zn3mbnjuqbnrIdwcBGCpZtjLIxjCKdwNHp1QsBOXFi6rOwm0tBwUCNPDVEex7=w2000-h1333-s-no-gm?authuser=0\" width=\"2000\" height=\"1333\" alt=\"Sauda\u00e7\u00f5es de Junichi Fukase, Presidente do Distrito de Melhoramento de Terras\" class=\"size-full\" \/><\/a><figcaption class=\"wp-caption-text\">Sauda\u00e7\u00f5es de Junichi Fukase, Presidente do Distrito de Melhoramento de Terras<\/figcaption><\/figure>\n<p>\u201cMuito obrigado por comparecerem hoje \u00e0 Cerim\u00f4nia de Inaugura\u00e7\u00e3o da Barragem de Edaibetsu, Distrito de Melhoramento de Terras, de 2025. Gostaria tamb\u00e9m de agradecer por terem conclu\u00eddo a cerim\u00f4nia sem quaisquer problemas.\u201d<\/p>\n<p>Gostar\u00edamos tamb\u00e9m de expressar nossa sincera gratid\u00e3o ao prefeito Sasaki, ao diretor representante do distrito da JA, Nagai, e ao Sr. e Sra. Terauchi, da cidade, por dedicarem um tempo de suas agendas lotadas para comparecer \u00e0 cerim\u00f4nia.<\/p>\n<p>Como voc\u00eas provavelmente j\u00e1 devem ter percebido nesta \u00e9poca do ano, nevou bastante este ano e a neve n\u00e3o derreteu tanto quanto esper\u00e1vamos, ent\u00e3o acho que os trabalhos de primavera est\u00e3o progredindo mais lentamente do que o previsto.<\/p>\n<p>N\u00e3o sabemos como estar\u00e1 o tempo no in\u00edcio do ver\u00e3o, mas se o outono for farto, acredito que o esfor\u00e7o de todos ser\u00e1 recompensado. Houve uma s\u00e9rie de acidentes nos \u00faltimos dois anos, mas espero que este ano seja livre de acidentes.<\/p>\n<p>&quot;Gostaria de concluir meu discurso na cerim\u00f4nia de inaugura\u00e7\u00e3o do sistema de irriga\u00e7\u00e3o de hoje, orando pela sa\u00fade e felicidade de todos e por um ano livre de desastres e acidentes&quot;, disse o presidente Fukase em suas palavras de abertura.<\/p>\n<figure class=\"wp-caption aligncenter\"><a href=\"https:\/\/photos.google.com\/share\/AF1QipMozQvVtuKoz6NYNNoWhbGuCPMANZuu9bcPjQ85SkPxIlMO7u1E9RycQR_TCM957A\/photo\/AF1QipPvfvSsaQsTUJYN9lPyIU_Wy0UQpSLdQ0DBk0w?key=eDh5X3p3TFcxRllGRUJoeWRDMXJCWEtuNjhINzdn\"><img decoding=\"async\" src=\"https:\/\/lh3.googleusercontent.com\/pw\/AP1GczNU7NchlLylA8Hbishg4-N2KESpAp8P5EozhDPNOm0YgTsZIc91Hwhu1CGIJ3Kav0qpW3eQdfurkujZaaUAx3awvfQWuLzJxjwUc-QZPNZNWd8TmTaQixHqqisN3j3HUaTUng5VF3xmBQkMQe5ZJztH=w2000-h1500-s-no-gm?authuser=0\" width=\"2000\" height=\"1500\" alt=\"A cerim\u00f4nia terminou sem problemas.\" class=\"size-full\" \/><\/a><figcaption class=\"wp-caption-text\">A cerim\u00f4nia terminou sem problemas.<\/figcaption><\/figure>\n<p>O ano da serpente, 2025, \u00e9 um ano misterioso que simboliza a mudan\u00e7a.<br \/>\nOramos ao Deus Serpente, considerado o deus da \u00e1gua e da fertilidade e detentor de poderes sagrados, para uma colheita abundante e uma gest\u00e3o segura da \u00e1gua neste ano.<\/p>\n<figure class=\"wp-caption aligncenter\"><a href=\"https:\/\/photos.google.com\/share\/AF1QipMozQvVtuKoz6NYNNoWhbGuCPMANZuu9bcPjQ85SkPxIlMO7u1E9RycQR_TCM957A\/photo\/AF1QipM-3RFV7L_jbs-G8Tr9fm4WW-Thfs46VXd0QF0?key=eDh5X3p3TFcxRllGRUJoeWRDMXJCWEtuNjhINzdn\" target=\"_blank\"><img decoding=\"async\" src=\"https:\/\/lh3.googleusercontent.com\/pw\/AP1GczM6TPwjOdMxDvVj-kZVC8fH9e1A32P2rPmV86MUSXxaPGTHgNp-ryfuFrAQ3hmi4hZ4SS7WCYFTU1uYKUpCH8tmjN1NZgQTGssATTlJEnWCWxO0nomjUB4gw84eny8upN8IkfhLhuhO5pBLBOZ6liXm=w2000-h1500-s-no-gm?authuser=0\" width=\"2000\" height=\"1500\" alt=\"Rezando por uma colheita abundante e seguran\u00e7a este ano na abundante represa de Edaibetsu!\" class=\"size-full\" \/><\/a><figcaption class=\"wp-caption-text\">Rezando por uma colheita abundante e seguran\u00e7a este ano na abundante represa de Edaibetsu!<\/figcaption><\/figure>\n<h2>Encerramento do santu\u00e1rio ap\u00f3s a cerim\u00f4nia<\/h2>\n<figure class=\"wp-caption aligncenter\"><a href=\"https:\/\/photos.google.com\/share\/AF1QipMozQvVtuKoz6NYNNoWhbGuCPMANZuu9bcPjQ85SkPxIlMO7u1E9RycQR_TCM957A\/photo\/AF1QipMeiu1mBn4OJZSDTWaTMFdde1nd3B1rCttn3_s?key=eDh5X3p3TFcxRllGRUJoeWRDMXJCWEtuNjhINzdn\"><img decoding=\"async\" src=\"https:\/\/lh3.googleusercontent.com\/pw\/AP1GczN0_Mp3vkmj_eXy8KySdf7JF_siSAS7sViUempNQgf9klwxgUseaY-yiz29yD-uv5MacR7gmzxJJgX2Zsb6gd0HpsZNIB4hoyEBLd5YyHenx-a0j5TcG7ShSWooeD3EhN6rMI6IBLM0L-12r9dpacqn=w2000-h1500-s-no-gm?authuser=0\" width=\"2000\" height=\"1500\" alt=\"Encerramento do santu\u00e1rio\" class=\"size-full\" \/><\/a><figcaption class=\"wp-caption-text\">Encerramento do santu\u00e1rio<\/figcaption><\/figure>\n<figure class=\"wp-caption aligncenter\"><a href=\"https:\/\/photos.google.com\/share\/AF1QipMozQvVtuKoz6NYNNoWhbGuCPMANZuu9bcPjQ85SkPxIlMO7u1E9RycQR_TCM957A\/photo\/AF1QipP4JDOlbW3mLwsd9oG_DqcFdO49wVJU7eDtMFI?key=eDh5X3p3TFcxRllGRUJoeWRDMXJCWEtuNjhINzdn\" target=\"_blank\"><img decoding=\"async\" src=\"https:\/\/lh3.googleusercontent.com\/pw\/AP1GczMcj-vabT_m2dHt2_PdCl69pXI-29E3K7eJ7GVFniEifc5pKz3pJ58E0a2RG78MRXPs4OWohFopN1132CtV9cZDRThSf47FOULhBnZ71iL-i2EDK8zo9yTvBVTAs2buayfbLNBfEWq0M-dIzDFacKaT=w2000-h1333-s-no-gm?authuser=0\" width=\"2000\" height=\"1333\" alt=\"Luz Divina do Sol\" class=\"size-full\" \/><\/a><figcaption class=\"wp-caption-text\">Luz Divina do Sol<\/figcaption><\/figure>\n<p>Com amor, gratid\u00e3o e ora\u00e7\u00f5es sem limites, oferecemos esta mensagem \u00e0 grande Barragem de Edaibetsu, que, banhada pelos raios do sol e repleta da refrescante brisa da primavera, despeja \u00e1gua pura do degelo nos campos de toda a cidade...<\/p>\n<h2>Barco de levantamento topogr\u00e1fico para o lago da barragem<\/h2>\n<figure class=\"wp-caption aligncenter\"><a href=\"https:\/\/photos.google.com\/share\/AF1QipMozQvVtuKoz6NYNNoWhbGuCPMANZuu9bcPjQ85SkPxIlMO7u1E9RycQR_TCM957A\/photo\/AF1QipNWfgTeFTvgAqE3c8kH1lpVXw4LMWBIWVDIIq4?key=eDh5X3p3TFcxRllGRUJoeWRDMXJCWEtuNjhINzdn\" target=\"_blank\"><img decoding=\"async\" src=\"https:\/\/lh3.googleusercontent.com\/pw\/AP1GczOR2ugFcuH1RbKvpYKAnPaT0W6MQBuK69EhPuYuClc5w_PV99BixCpUgnoYjE3OX-ENDsgG9puDnH5q3HI_FJhVVHRsmRAlXemP9fU_IOZxHUJpXNf70Wj8OS03c6McRaMv33MxUEGwjQlaCO5uSzTS=w2000-h1500-s-no-gm?authuser=0\" width=\"2000\" height=\"1500\" alt=\"Um barco armazenado para levantamento topogr\u00e1fico da superf\u00edcie do lago da barragem!\" class=\"size-full\" \/><\/a><figcaption class=\"wp-caption-text\">Um barco de levantamento topogr\u00e1fico armazenado na superf\u00edcie do lago da barragem!<\/figcaption><\/figure>\n<figure class=\"wp-caption aligncenter\"><a href=\"https:\/\/photos.google.com\/share\/AF1QipMozQvVtuKoz6NYNNoWhbGuCPMANZuu9bcPjQ85SkPxIlMO7u1E9RycQR_TCM957A\/photo\/AF1QipPNDlO7kCppjQ5qiSiENp-RGwzWCzfmwndXznQ?key=eDh5X3p3TFcxRllGRUJoeWRDMXJCWEtuNjhINzdn\" target=\"_blank\"><img decoding=\"async\" src=\"https:\/\/lh3.googleusercontent.com\/pw\/AP1GczMb98ZOVAne-j0zECNBIQ4qnu1d6n8cEuQc8VzT0nCDsyYof1BiTSlyq7ehAYU6uzTRDqhIytnJl-IaJvNpt1niD1lrziY_nIhML2ItAn01c_zcfxuFPzyeEKWpwYQiaS3wqNL6a6cKyw9cHSqTkvZk=w2000-h1500-s-no-gm?authuser=0\" width=\"2000\" height=\"1500\" alt=\"Trilhos de trem que levam ao lago\" class=\"size-full\" \/><\/a><figcaption class=\"wp-caption-text\">Trilhos de trem que levam ao lago<\/figcaption><\/figure>\n<figure class=\"wp-caption aligncenter\"><a href=\"https:\/\/photos.google.com\/share\/AF1QipMozQvVtuKoz6NYNNoWhbGuCPMANZuu9bcPjQ85SkPxIlMO7u1E9RycQR_TCM957A\/photo\/AF1QipPdPMAdYos4cupElNNQDmKFOP9ANIT7Y_NHd8o?key=eDh5X3p3TFcxRllGRUJoeWRDMXJCWEtuNjhINzdn\" target=\"_blank\"><img decoding=\"async\" src=\"https:\/\/lh3.googleusercontent.com\/pw\/AP1GczM-Vcg11NH0cuY0B80ERN1mvq9LsPKKrVGZRx8FRRBhBdDBu-Ey3cH1YV9unxTzi0daczmdrVP4l9pYP2qwfvn3QnU7xaBQ4HZGiyTYcdp7Ug31JycImSzu8Is7tEck6zzwfTPNlLGCU6wRJGM0r9-8=w2000-h1500-s-no-gm?authuser=0\" width=\"2000\" height=\"1500\" alt=\"A superf\u00edcie verde-esmeralda do lago\" class=\"size-full\" \/><\/a><figcaption class=\"wp-caption-text\">A superf\u00edcie verde-esmeralda do lago<\/figcaption><\/figure>\n<h2>Materiais de refer\u00eancia<\/h2>\n<h3>Monumento &quot;Lago Toyo&quot;<\/h3>\n<ul>\n<li>Fonte: &quot;Hist\u00f3ria do Distrito de Melhoramento de Terras de Hokuryu&quot; (publicado em 3 de novembro de 2001)<br \/>\n\u3000<\/li>\n<li><strong>A inscri\u00e7\u00e3o na pedra: &quot;Lago Toyo&quot;:<\/strong>Caligrafia do ex-Ministro de Assuntos Internos e Comunica\u00e7\u00f5es e Presidente da Comiss\u00e3o Nacional de Seguran\u00e7a P\u00fablica, Membro da C\u00e2mara dos Representantes, Kosaku Shinoda.<\/li>\n<li><strong>Ficar em p\u00e9:<\/strong>Granito branco<\/li>\n<li><strong>Monumento:<\/strong>Granito preto<\/li>\n<li><strong>inscri\u00e7\u00e3o:<\/strong>Distrito de Melhoramento de Terras\/Sakuzo Matsubara, Presidente<\/li>\n<li><strong>Homenagens:<\/strong>Prefeito Shoichi Mori da cidade de Hokuryu<\/li>\n<\/ul>\n<h3>Inscri\u00e7\u00e3o &quot;Toyoko&quot;<\/h3>\n<p>O desenvolvimento da \u00e1rea de Hokuryu come\u00e7ou em 1893 (Meiji 26), quando Yoshiue Shoichiro e outros 20 derrubaram a densa floresta, que era escura mesmo durante o dia, e se dedicaram \u00e0 agricultura.<\/p>\n<p>Como resultado das discuss\u00f5es de 1911, foi criada a Associa\u00e7\u00e3o de Abastecimento de \u00c1gua de Edaibetsu, e foram adquiridos direitos de uso da \u00e1gua no valor de 2.145 metros c\u00fabicos por segundo, com o objetivo de cultivar 1.000 hectares de arrozais, dando in\u00edcio aos trabalhos de desenvolvimento do cultivo de arroz.<\/p>\n<p>Em 1917, a Associa\u00e7\u00e3o Toko foi aprovada e uma rica regi\u00e3o produtora de gr\u00e3os foi criada em toda a bacia do rio.<\/p>\n<p>No entanto, o desenvolvimento dos arrozais superou em muito as expectativas iniciais, e o desenvolvimento no interior levou a uma diminui\u00e7\u00e3o do fluxo de \u00e1gua nas nascentes, fazendo com que a regi\u00e3o sofra com extrema escassez de \u00e1gua ano ap\u00f3s ano.<\/p>\n<p>A constru\u00e7\u00e3o desta barragem foi planejada como a \u00fanica maneira de romper esse impasse e promover ainda mais o cultivo de arroz. A constru\u00e7\u00e3o come\u00e7ou em 1953 e levou 13 anos e uma enorme quantidade de fundos nacionais para ser conclu\u00edda.<\/p>\n<p>\u00c9 claro que n\u00e3o podemos esquecer que a conclus\u00e3o deste grande projeto foi fruto de uma combina\u00e7\u00e3o do entusiasmo dos moradores locais, da orienta\u00e7\u00e3o e incentivo dos pioneiros e da compreens\u00e3o das autoridades.<\/p>\n<p>Estamos erguendo este monumento para expressar nossa gratid\u00e3o a essas pessoas e a todos os engenheiros que estiveram diretamente envolvidos neste dif\u00edcil projeto.<\/p>\n<p>8 de setembro de 1967, Presidente do Distrito de Melhoramento de Terras, Sakuzo Matsuhara<\/p>\n<figure class=\"wp-caption aligncenter\"><a href=\"https:\/\/photos.google.com\/share\/AF1QipMozQvVtuKoz6NYNNoWhbGuCPMANZuu9bcPjQ85SkPxIlMO7u1E9RycQR_TCM957A\/photo\/AF1QipPuHydQ4yrJvIYyUm4soMjDtphBXvWLBi7XfAw?key=eDh5X3p3TFcxRllGRUJoeWRDMXJCWEtuNjhINzdn\" target=\"_blank\"><img decoding=\"async\" src=\"https:\/\/lh3.googleusercontent.com\/pw\/AP1GczMnVHDMhtaopnJ9rQk1_aLNaYO-g7o48a-5Fc2ghB3ztCO0Cx1VcADSKZBJrf7Yps0CxaHEzbT1XxEx4U25GJO8qvqnyoAVvs0gxFUxOOyIji3IxK71QQzSrwUjToUzTPSdJAMnYoM4vf2aqzuGatmG=w2000-h1500-s-no-gm?authuser=0\" width=\"2000\" height=\"1500\" alt=\"Inscri\u00e7\u00e3o &quot;Toyoko&quot;\" class=\"size-full\" \/><\/a><figcaption class=\"wp-caption-text\">Inscri\u00e7\u00e3o &quot;Toyoko&quot;<\/figcaption><\/figure>\n<h3>elogio<\/h3>\n<p>A t\u00e3o esperada barragem finalmente chegou. Sua grandiosidade agora \u00e9 evidente. Seus benef\u00edcios ilimitados logo ser\u00e3o conhecidos.<\/p>\n<p>\u00c9 um s\u00edmbolo de esperan\u00e7a eterna que regula as cheias, irriga os belos campos e proporciona um rico local de descanso para os habitantes da cidade. Gostar\u00edamos de louv\u00e1-lo como &quot;Lago Toyo&quot;.<\/p>\n<p>Gostar\u00edamos de expressar nossa mais profunda gratid\u00e3o a todos os envolvidos por seu entusiasmo e esfor\u00e7os ao longo dos anos, e nos comprometemos a responder \u00e0 conclus\u00e3o desta grande conquista trabalhando juntos em harmonia e uni\u00e3o para fazer o nosso melhor para desenvolver nossa cidade.<\/p>\n<p>8 de setembro de 1967 Prefeito da cidade de Hokuryu, Shoichi Mori<\/p>\n<figure class=\"wp-caption aligncenter\"><img decoding=\"async\" src=\"https:\/\/lh3.googleusercontent.com\/pw\/AP1GczN1Vo4gCpvAEkEUY6azR9jo2l65JB0US9G6ccNpohlaVgyOQ4Yvm2YIAquNPtPQ_Lt1tqUtIgz5QZBQcEuFxCH_WCmswH7IpAmAg38wKSmMGbftpoq2WAidOcaNGiqo_pUFcsc_fRm5_7MwstcS0bSE=w2000-h1500-s-no-gm?authuser=0\" width=\"2000\" height=\"1500\" alt=\"elogio\" class=\"size-full\" \/><\/a><figcaption class=\"wp-caption-text\">elogio<\/figcaption><\/figure>\n<h2>v\u00eddeos do YouTube<\/h2>\n<div class=\"youtube\"><iframe title=\"Rezando por uma boa colheita e seguran\u00e7a este ano na &quot;Cerim\u00f4nia de Abertura da Barragem de Edaibetsu&quot; do Distrito de Melhoramento de Terras de Hokuryu, em 2025.\" src=\"https:\/\/www.youtube.com\/embed\/6crnqtZJCVY?feature=oembed\" frameborder=\"0\" allow=\"accelerometer; autoplay; clipboard-write; encrypted-media; gyroscope; picture-in-picture; web-share\" referrerpolicy=\"strict-origin-when-cross-origin\" allowfullscreen><\/iframe><\/div>\n<h2>Outras fotos<\/h2>\n<div class=\"img-move\"><img decoding=\"async\" style=\"vertical-align: middle;\" src=\"https:\/\/ehokkaido.net\/wp-content\/uploads\/2021\/12\/2021-12-06-11.41.12.png\" \/> <a href=\"https:\/\/photos.app.goo.gl\/2Et1SpaGtTYra51x6\" target=\"_blank\" rel=\"noopener noreferrer\">Fotos (70 fotos) da cerim\u00f4nia de inaugura\u00e7\u00e3o da barragem de Edaibetsu, realizada no Distrito de Melhoramento de Terras da Cidade de Hokuryu no ano fiscal de 2025, est\u00e3o dispon\u00edveis aqui &gt;&gt;<\/a><\/div>\n<h2>Artigos relacionados<\/h2>\n\n        <div class=\"site-blogcard-premium\">\n            <div class=\"bc-label-custom\">Artigos relacionados<\/div>\n            <div class=\"bc-flex-container\">\n                <div class=\"bc-main-text\">\n                    <div class=\"bc-title-link-box\">\n                        <a href=\"https:\/\/portal.hokuryu.info\/pt\/44412\/\" target=\"_blank\">https:\/\/portal.hokuryu.info\/44412<\/a>\n                    <\/div>\n                    <div class=\"bc-excerpt-box\">N\u00e3o foi poss\u00edvel recuperar as informa\u00e7\u00f5es da p\u00e1gina.<\/div>\n                <\/div>\n                <div class=\"bc-thumbnail-box\">\n                    <a href=\"https:\/\/portal.hokuryu.info\/pt\/44412\/\" target=\"_blank\">\n                        <div class=\"bc-img-zoom-wrap\">\n                            <img decoding=\"async\" src=\"https:\/\/portal.hokuryu.info\/wp\/wp-content\/uploads\/2026\/02\/20230802DSC06445_1.jpg\" alt=\"https:\/\/portal.hokuryu.info\/44412\">\n                        <\/div>\n                    <\/a>\n                <\/div>\n            <\/div>\n        <\/div>\n\n        <div class=\"site-blogcard-premium\">\n            <div class=\"bc-label-custom\">Artigos relacionados<\/div>\n            <div class=\"bc-flex-container\">\n                <div class=\"bc-main-text\">\n                    <div class=\"bc-title-link-box\">\n                        <a href=\"https:\/\/portal.hokuryu.info\/pt\/topics\/culture\/20130503.html\/\" target=\"_blank\">Cerim\u00f4nia de inaugura\u00e7\u00e3o da barragem de Edaibetsu, distrito de melhoramento de terras de Hokuryu, 2013 - Portal da cidade de Hokuryu (Hokkaido) - Vila de girass\u00f3is n\u00famero 1 do Jap\u00e3o<\/a>\n                    <\/div>\n                    <div class=\"bc-excerpt-box\">Apresentamos o &quot;presente&quot; de uma cidade vibrante com 2.200 habitantes e uma taxa de envelhecimento de 401.000.000. Assim como os girass\u00f3is, as fam\u00edlias vivem em harmonia...<\/div>\n                <\/div>\n                <div class=\"bc-thumbnail-box\">\n                    <a href=\"https:\/\/portal.hokuryu.info\/pt\/topics\/culture\/20130503.html\/\" target=\"_blank\">\n                        <div class=\"bc-img-zoom-wrap\">\n                            <img decoding=\"async\" src=\"https:\/\/lh3.googleusercontent.com\/-494y43NjI4I\/UYMjIXaK33I\/AAAAAAAAnkU\/6YU9cudd2RY\/s800\/K5%25202943.jpg\" alt=\"Cerim\u00f4nia de inaugura\u00e7\u00e3o da barragem de Edaibetsu, distrito de melhoramento de terras de Hokuryu, 2013 - Portal da cidade de Hokuryu (Hokkaido) - Vila de girass\u00f3is n\u00famero 1 do Jap\u00e3o\">\n                        <\/div>\n                    <\/a>\n                <\/div>\n            <\/div>\n        <\/div>\n<p>\u25c7 <a href=\"https:\/\/portal.hokuryu.info\/pt\/38127\/#outline_1__7_2_1\">Fotografia, edi\u00e7\u00e3o e gerenciamento de site: Noboru Terauchi Escritor: Ikuko Terauchi<\/a><\/p>","protected":false},"excerpt":{"rendered":"<p>\uff12\uff10\uff12\uff15\u5e74\uff15\u6708\uff12\u65e5\uff08\u91d1\uff09 \uff15\u6708\uff11\u65e5\uff08\u6728\uff09\u5348\u5f8c\uff12\u6642\u3001\u6625\u306e\u592a\u967d\u304c\u71e6\u3005\u3068\u964d\u308a\u6ce8\u304e\u3001\u723d\u3084\u304b\u306a\u98a8\u304c\u5439\u304d\u629c\u3051\u308b\u65e5\u3001\u4ee4\u548c\uff17\u5e74\u5ea6 \u5317\u7adc\u571f\u5730\u6539\u826f\u533a\uff08\u6df1\u702c\u7d14\u4e00 \u7406\u4e8b\u9577\uff09\u300c\u6075\u5cb1\u5225\u30c0\u30e0\u901a\u6c34\u5f0f\u300d\u304c\u53b3\u7c9b\u306b\u57f7\u308a\u884c\u308f\u308c\u307e\u3057\u305f\u3002 \u6075\u5cb1 [&hellip;]<\/p>\n","protected":false},"author":1,"featured_media":57988,"comment_status":"open","ping_status":"open","sticky":false,"template":"","format":"standard","meta":{"footnotes":""},"categories":[4,75,91],"tags":[],"class_list":["post-57984","post","type-post","status-publish","format-standard","has-post-thumbnail","hentry","category-cover-story","category-sasaki-yasuhiro-mayor","category-91"],"_links":{"self":[{"href":"https:\/\/portal.hokuryu.info\/pt\/wp-json\/wp\/v2\/posts\/57984","targetHints":{"allow":["GET"]}}],"collection":[{"href":"https:\/\/portal.hokuryu.info\/pt\/wp-json\/wp\/v2\/posts"}],"about":[{"href":"https:\/\/portal.hokuryu.info\/pt\/wp-json\/wp\/v2\/types\/post"}],"author":[{"embeddable":true,"href":"https:\/\/portal.hokuryu.info\/pt\/wp-json\/wp\/v2\/users\/1"}],"replies":[{"embeddable":true,"href":"https:\/\/portal.hokuryu.info\/pt\/wp-json\/wp\/v2\/comments?post=57984"}],"version-history":[{"count":0,"href":"https:\/\/portal.hokuryu.info\/pt\/wp-json\/wp\/v2\/posts\/57984\/revisions"}],"wp:featuredmedia":[{"embeddable":true,"href":"https:\/\/portal.hokuryu.info\/pt\/wp-json\/wp\/v2\/media\/57988"}],"wp:attachment":[{"href":"https:\/\/portal.hokuryu.info\/pt\/wp-json\/wp\/v2\/media?parent=57984"}],"wp:term":[{"taxonomy":"category","embeddable":true,"href":"https:\/\/portal.hokuryu.info\/pt\/wp-json\/wp\/v2\/categories?post=57984"},{"taxonomy":"post_tag","embeddable":true,"href":"https:\/\/portal.hokuryu.info\/pt\/wp-json\/wp\/v2\/tags?post=57984"}],"curies":[{"name":"wp","href":"https:\/\/api.w.org\/{rel}","templated":true}]}}