{"id":57979,"date":"2025-05-02T09:36:22","date_gmt":"2025-05-02T00:36:22","guid":{"rendered":"https:\/\/portal.hokuryu.info\/?p=57979"},"modified":"2025-05-22T08:15:17","modified_gmt":"2025-05-21T23:15:17","slug":"%e7%94%ba%e6%b0%91%e3%81%ae%e7%99%ba%e6%a1%88%e3%82%92%e5%8c%97%e7%ab%9c%e7%94%ba%e5%bd%b9%e5%a0%b4%e3%81%8c%e5%ae%9f%e6%96%bd%ef%bc%81%e3%83%8e%e3%83%b3%e3%83%8e%e3%81%ae%e6%a3%ae%e3%81%ab%e3%80%8c","status":"publish","type":"post","link":"https:\/\/portal.hokuryu.info\/pt\/57979\/","title":{"rendered":"A Prefeitura de Hokuryu implementa ideia dos moradores! &quot;Plantio de mudas de cerejeira&quot; na Floresta de Nonno"},"content":{"rendered":"<p>Sexta-feira, 2 de maio de 2025<\/p>\n<p>Na quarta-feira, 30 de abril, tr\u00eas mudas de cerejeira foram plantadas na Floresta Nonno, na cidade de Hokuryu, com a colabora\u00e7\u00e3o de Kazuo Shibasaki, instrutor florestal do Conselho de Liga\u00e7\u00e3o de Instrutores Florestais do Distrito de Sorachi, Susumu Yotsutsuji, morador de Hokuryu, Junichi Iguchi, chefe da Divis\u00e3o de Ind\u00fastria da Prefeitura de Hokuryu, e Yoshihiro Ichiba, chefe de se\u00e7\u00e3o. As mudas foram plantadas em tr\u00eas locais ao longo da trilha da Floresta Nonno.<\/p>\n<h2>Plantio de mudas de cerejeira (Floresta Nonno)<\/h2>\n<figure class=\"wp-caption aligncenter\"><a href=\"https:\/\/photos.google.com\/share\/AF1QipPejYyJshwITgQg7gCx6XNHwd0VzfDZNV7NVN3wULnnSF7zzcdHD5QspQX6th3uxA\/photo\/AF1QipPRsvbH0o3Q-AsUE2QSFsbqdOnGyk3Smd54UoU?key=Y05janBOamtLMnUtTTJiZDFKemJjVG1uMG1qc0ZB\" target=\"_blank\"><img decoding=\"async\" src=\"https:\/\/lh3.googleusercontent.com\/pw\/AP1GczNbzKD91-jGKH_1g85xAvBYOLSm-rB5TPLoWD63-bZrMb5ulgxSBS42QytNgvZUgYxrCtDsgCu7x7NAVDAfRiLIU6gipJZlcE1-yyMAH1jLlC0RR78lMLr1ShEVkkCxOwf33er1BvRmPJGHs7emmFH-=w2000-h1500-s-no-gm?authuser=0\" width=\"2000\" height=\"1500\" alt=\"Plantio de mudas de cerejeira (Floresta Nonno)\" class=\"size-full\" \/><\/a><figcaption class=\"wp-caption-text\">Plantio de mudas de cerejeira (Floresta Nonno)<\/figcaption><\/figure>\n<figure class=\"wp-caption aligncenter\"><a href=\"https:\/\/photos.google.com\/share\/AF1QipPejYyJshwITgQg7gCx6XNHwd0VzfDZNV7NVN3wULnnSF7zzcdHD5QspQX6th3uxA\/photo\/AF1QipMDyHe2UX_fT2JREHM35kbvopn-OAeYJSJBpcU?key=Y05janBOamtLMnUtTTJiZDFKemJjVG1uMG1qc0ZB\" target=\"_blank\"><img decoding=\"async\" src=\"https:\/\/lh3.googleusercontent.com\/pw\/AP1GczOjrcSYCRqD6lR05IszcV3AdoHX9J7olf-fucOK5LCqIMWxKmsDlyZe7nnt-1hUsJh0xILcGXcltHtpuFKeqcQEuErmghO1C4nrcH71NNlAHI7mrtwJLzQmgE0ZBLnYLbtS4h1pW11Kvy2j3rPKGTYY=w2000-h1333-s-no-gm?authuser=0\" width=\"2000\" height=\"1333\" alt=\"Plantar a \u00e1rvore firmemente contra o suporte.\" class=\"size-full\" \/><\/a><figcaption class=\"wp-caption-text\">Plantar a \u00e1rvore firmemente contra o suporte.<\/figcaption><\/figure>\n<h3>Sementes plantadas por alunos do terceiro ano da Escola Prim\u00e1ria Shinryu.<\/h3>\n<p>As mudas de cerejeira s\u00e3o \u00e1rvores jovens que cresceram quatro anos desde que foram plantadas por alunos da terceira s\u00e9rie da Escola Prim\u00e1ria Shinryu.<\/p>\n<p>Na terceira s\u00e9rie da Escola Prim\u00e1ria Shinryu, os alunos semeiam flores de cerejeira e, ao se formarem tr\u00eas anos depois, plantam as cerejeiras j\u00e1 crescidas no Parque Konpira como lembran\u00e7a da formatura. Este \u00e9 um evento comemorativo anual.<\/p>\n<h3>Uma hist\u00f3ria do instrutor Kazuo Shibasaki<\/h3>\n<figure class=\"wp-caption aligncenter\"><a href=\"https:\/\/photos.google.com\/share\/AF1QipPejYyJshwITgQg7gCx6XNHwd0VzfDZNV7NVN3wULnnSF7zzcdHD5QspQX6th3uxA\/photo\/AF1QipPNMDWPrQSHBwOguNjsUN9_-xrhEnPIsyuVnpI?key=Y05janBOamtLMnUtTTJiZDFKemJjVG1uMG1qc0ZB\" target=\"_blank\"><img decoding=\"async\" src=\"https:\/\/lh3.googleusercontent.com\/pw\/AP1GczO7onUVZWAay2hZPh7egBuQveVkZh1baEbJK7EhWrHI6pacSxdv9-NAnteS4B908CbvRnVJaMWLPOlShFEBe8lM4Pv7IiJb9o_vhXO5RnYcC8WqC9KH1tClHqX5ujL1kH9Kd5l18Hp9USqrgu_LOu2i=w2000-h1500-s-no-gm?authuser=0\" width=\"2000\" height=\"1500\" alt=\"Instrutor: Kazuo Shibasaki\" class=\"size-full\" \/><\/a><figcaption class=\"wp-caption-text\">Instrutor: Kazuo Shibasaki<\/figcaption><\/figure>\n<p>&quot;Trabalho como instrutor de silvicultura h\u00e1 cerca de 10 anos.&quot;<br \/>\nPor volta do final de junho, um m\u00eas e meio ap\u00f3s o t\u00e9rmino da flora\u00e7\u00e3o das cerejeiras, as \u00e1rvores come\u00e7am a dar frutos. Inicialmente, eles s\u00e3o amarelos, depois vermelhos e, por fim, amadurecem e ficam roxo-escuros. Os frutos s\u00e3o colhidos quando ficam pretos. S\u00e3o lavados, descascados e as sementes s\u00e3o coletadas. Os alunos do terceiro ano da Escola Prim\u00e1ria Shinryu, ent\u00e3o, semeiam essas sementes em uma aula pr\u00e1tica.<\/p>\n<p>As mudas de cerejeira semeadas crescer\u00e3o at\u00e9 atingir 30-40 cm no outono do ano seguinte. Ap\u00f3s um ano, no outono do quinto ano, elas ter\u00e3o se transformado em \u00e1rvores jovens com quase 1 m de altura. Ent\u00e3o, no outono do sexto ano, no final de outubro, elas s\u00e3o plantadas para comemorar a formatura do ensino fundamental.<\/p>\n<p>As tr\u00eas mudas que ser\u00e3o plantadas na Floresta Nonno desta vez s\u00e3o apenas algumas delas.&quot;<\/p>\n<figure class=\"wp-caption aligncenter\"><a href=\"https:\/\/photos.google.com\/share\/AF1QipPejYyJshwITgQg7gCx6XNHwd0VzfDZNV7NVN3wULnnSF7zzcdHD5QspQX6th3uxA\/photo\/AF1QipM8YY9BDPFf85Oy0NGxiujt4056DqIBGiIBmVs?key=Y05janBOamtLMnUtTTJiZDFKemJjVG1uMG1qc0ZB\" target=\"_blank\"><img decoding=\"async\" src=\"https:\/\/lh3.googleusercontent.com\/pw\/AP1GczMzXMnmoyv-wf1RqzwpJB2GuihSj8pF-EoQhTXh8xD1kRS41tX03Mt9nIWV3Zsf6RC9kl-026H51FfbImgd-hKq4GlUHHiDCTUKzmhiaZeARYTRl_aIFYd5Bj_bwYIB2aWVP0hjHDpTu8o4nGYARVhI=w2000-h1500-s-no-gm?authuser=0\" width=\"2000\" height=\"1500\" alt=\"Uma jovem cerejeira que guarda os sonhos das crian\u00e7as.\" class=\"size-full\" \/><\/a><figcaption class=\"wp-caption-text\">Uma jovem cerejeira que guarda os sonhos das crian\u00e7as.<\/figcaption><\/figure>\n<h3>Instala\u00e7\u00e3o de suportes e adi\u00e7\u00e3o de materiais de prote\u00e7\u00e3o<\/h3>\n<p>&quot;Protegemos as mudas instalando suportes, fixando material protetor neles e amarrando-as aos suportes com corda de c\u00e2nhamo. Al\u00e9m disso, no inverno, os ratos selvagens t\u00eam maior probabilidade de comer os brotos novos e, se comerem a casca, as \u00e1rvores murchar\u00e3o. Fixamos tubos de material que impedem os ratos de comerem as mudas para proteg\u00ea-las e tomar medidas defensivas&quot;, explicou Shibasaki, instrutor de silvicultura.<\/p>\n<figure class=\"wp-caption aligncenter\"><a href=\"https:\/\/photos.google.com\/share\/AF1QipPejYyJshwITgQg7gCx6XNHwd0VzfDZNV7NVN3wULnnSF7zzcdHD5QspQX6th3uxA\/photo\/AF1QipM6NJDc_Tt_znFkuy-5q9tAtr-MJcC-4nGQFwI?key=Y05janBOamtLMnUtTTJiZDFKemJjVG1uMG1qc0ZB\" target=\"_blank\"><img decoding=\"async\" src=\"https:\/\/lh3.googleusercontent.com\/pw\/AP1GczOOQ_u2x_YSfOLbdDez2E08eeGf7oCEnsBNh1PtBbLIwGR7vXRxPSP6aL_ArVj9wBYmVZAbH_zSeAD08K7Aev_prpgMmchq-TVciNJ2wIV2Ud-weFSvIvhrR5jxLPFMBxp9nfFAIl5jdd4Fubim0Z06=w2000-h1500-s-no-gm?authuser=0\" width=\"2000\" height=\"1500\" alt=\"Os materiais de prote\u00e7\u00e3o s\u00e3o amarrados aos postes com corda de c\u00e2nhamo.\" class=\"size-full\" \/><\/a><figcaption class=\"wp-caption-text\">Os materiais de prote\u00e7\u00e3o s\u00e3o amarrados aos postes com corda de c\u00e2nhamo.<\/figcaption><\/figure>\n<figure class=\"wp-caption aligncenter\"><a href=\"https:\/\/photos.google.com\/share\/AF1QipPejYyJshwITgQg7gCx6XNHwd0VzfDZNV7NVN3wULnnSF7zzcdHD5QspQX6th3uxA\/photo\/AF1QipNcgrMGVI4gdTaP7spF72dfMVh-cDjKM3vVZAY?key=Y05janBOamtLMnUtTTJiZDFKemJjVG1uMG1qc0ZB\" target=\"_blank\"><img decoding=\"async\" src=\"https:\/\/lh3.googleusercontent.com\/pw\/AP1GczNponUt_z1Pcra0cfXiPlUu3QabwSf4qyBXJslfWzDCAH_VqwGsN3TCfe77HwjlRVk6iz5dcCbUKulPRrvMJFDLSv5MTjNKNS3KKDfJFhJVxtbpR9yjin8ueToGmxB4mYnpWrhN0crliTjtvhVQHw7o=w2000-h1500-s-no-gm?authuser=0\" width=\"2000\" height=\"1500\" alt=\"Proteja-se contra ataques de ratos selvagens com tubos anti-alimenta\u00e7\u00e3o!\" class=\"size-full\" \/><\/a><figcaption class=\"wp-caption-text\">Proteja-se contra ataques de ratos selvagens com tubos anti-alimenta\u00e7\u00e3o!<\/figcaption><\/figure>\n<h3>Prefeito Sasaki Yasuhiro visita para oferecer incentivo<\/h3>\n<p>O prefeito Yasuhiro Sasaki reservou um tempo em sua agenda lotada para visitar e oferecer palavras de incentivo.<\/p>\n<figure class=\"wp-caption aligncenter\"><a href=\"https:\/\/photos.google.com\/share\/AF1QipPejYyJshwITgQg7gCx6XNHwd0VzfDZNV7NVN3wULnnSF7zzcdHD5QspQX6th3uxA\/photo\/AF1QipNfOat7JYX3SoAbUQbEFMFD3Y7PWZMMcMpKKHU?key=Y05janBOamtLMnUtTTJiZDFKemJjVG1uMG1qc0ZB\"><img decoding=\"async\" src=\"https:\/\/lh3.googleusercontent.com\/pw\/AP1GczNKslAnLJsQmEPHTEw-dgxj9t3JQC5BW0OMnTvaUqXtjlosnTtdINYzAd7gwi-OMJ7OVDcNf5TLH3s7SG-SUiIOInj0TpZokKNr__Jj_sJ6cazpcqhAZWZ2Z5kkbCouaH-Y-KgoFefjD25f2EdIuZ_J=w2000-h1500-s-no-gm?authuser=0\" width=\"2000\" height=\"1500\" alt=\"Prefeito Yasuhiro Sasaki e Susumu Yotsuji\" class=\"size-full\" \/><\/a><figcaption class=\"wp-caption-text\">Prefeito Yasuhiro Sasaki e Susumu Yotsuji<\/figcaption><\/figure>\n<h2>Flores de cerejeira que desabrocham quando voc\u00ea tem 20 anos.<\/h2>\n<p>Ap\u00f3s a flora\u00e7\u00e3o das cerejeiras no Parque Konpira, os frutos amadurecem e as sementes s\u00e3o semeadas pelos alunos do terceiro ano. Tr\u00eas anos depois, quando os alunos do sexto ano se formam, as mudas que crescem s\u00e3o plantadas como lembran\u00e7a da formatura. Ent\u00e3o, dez anos depois, quando os alunos completam 20 anos, belas cerejeiras florescem...<\/p>\n<p>A flor de cerejeira \u00e9 a flor nacional do Jap\u00e3o, amada pelo povo japon\u00eas e cativada por sua beleza.<br \/>\nAs crian\u00e7as da Escola Prim\u00e1ria Shinryu crescem junto com as flores de cerejeira, que representam a cultura e a alma do Jap\u00e3o.<br \/>\nEspero sinceramente que, quando eu completar 20 anos, possa ver as belas flores de cerejeira na minha cidade natal, Hokuryu.<\/p>\n<figure class=\"wp-caption aligncenter\"><a href=\"https:\/\/photos.google.com\/share\/AF1QipPejYyJshwITgQg7gCx6XNHwd0VzfDZNV7NVN3wULnnSF7zzcdHD5QspQX6th3uxA\/photo\/AF1QipMNrJwvnHU6b7-5dIEOPpxQI5PLTjK0y66JK_Y?key=Y05janBOamtLMnUtTTJiZDFKemJjVG1uMG1qc0ZB\" target=\"_blank\"><img decoding=\"async\" src=\"https:\/\/lh3.googleusercontent.com\/pw\/AP1GczNvBBI_rDiAsNCP7dlasohuSLufUcKJ6vx5aQzclH4CVM_3GNz71KLgtHP7JNawPQoyOciN-3JKEYbgbdCuyJClZ4Uggo96hby-F-P1FeLZXQ8PE-OboBgz6BkE2hGMYUZ27jig6JRlZFeD2ZzkJ0pL=w2000-h1500-s-no-gm?authuser=0\" width=\"2000\" height=\"1500\" alt=\"A partir da direita: Junichi Iguchi, Diretor da Divis\u00e3o Industrial da Prefeitura de Hokuryu, instrutores Kazuo Shibasaki, Susumu Yotsutsuji e Yoshihiro Ichiba, Chefe de Se\u00e7\u00e3o\" class=\"size-full\" \/><\/a><figcaption class=\"wp-caption-text\">A partir da direita: Junichi Iguchi, Diretor da Divis\u00e3o Industrial da Prefeitura de Hokuryu, instrutores Kazuo Shibasaki, Susumu Yotsutsuji e Yoshihiro Ichiba, Chefe de Se\u00e7\u00e3o<\/figcaption><\/figure>\n<p>O ciclo da vida se altera com a mudan\u00e7a das esta\u00e7\u00f5es...<br \/>\nAs graciosas flores de cerejeira simbolizam a est\u00e9tica da transitoriedade, dos encontros e das despedidas, e a natureza sempre mut\u00e1vel da &quot;imperman\u00eancia&quot;, e est\u00e3o repletas de amor, gratid\u00e3o e ora\u00e7\u00f5es ilimitadas.<\/p>\n<figure class=\"wp-caption aligncenter\"><a href=\"https:\/\/photos.google.com\/share\/AF1QipPejYyJshwITgQg7gCx6XNHwd0VzfDZNV7NVN3wULnnSF7zzcdHD5QspQX6th3uxA\/photo\/AF1QipMetitWY0i4yRrhUivf4tjoei1OoIs-a54pmb8?key=Y05janBOamtLMnUtTTJiZDFKemJjVG1uMG1qc0ZB\" target=\"_blank\"><img decoding=\"async\" src=\"https:\/\/lh3.googleusercontent.com\/pw\/AP1GczMEa62ofRijQkmDcWxVX189YwDjgW3UqKT14Wy9wptiaQB4fuPYSJ9Zri4sidCB2OOtKhT8IFJIs5jVTAgFz8olOwwKSBGkI1DF7S3JXu6G7Ztf04HZ4qqHPG1M0eAMfhUhLuTnvRhETgMGUCpN5f7R=w2000-h1500-s-no-gm?authuser=0\" width=\"2000\" height=\"1500\" alt=\"Sonhando com as graciosas flores de cerejeira daqui a 10 anos...\" class=\"size-full\" \/><\/a><figcaption class=\"wp-caption-text\">Sonhando com as graciosas flores de cerejeira daqui a 10 anos...<\/figcaption><\/figure>\n<figure class=\"wp-caption aligncenter\"><a href=\"https:\/\/photos.google.com\/share\/AF1QipPejYyJshwITgQg7gCx6XNHwd0VzfDZNV7NVN3wULnnSF7zzcdHD5QspQX6th3uxA\/photo\/AF1QipN3Zom1RqL4r6CaNGvzff1bBqVLpTpRnJV7xkQ?key=Y05janBOamtLMnUtTTJiZDFKemJjVG1uMG1qc0ZB\" target=\"_blank\"><img decoding=\"async\" src=\"https:\/\/lh3.googleusercontent.com\/pw\/AP1GczNahxkNBXM05HuvrVcB3LPrBYdym9TTo-yxfyFuYFKWrAeB81m_l5dChGIIYxrsxPTi1VjQkbDxwzbkqHkgkL65ybHlTj-WeuKBGThr1jQoDQwzQVmv4CKNcD1NQYHL7hkeOkm4K6T-5xUfteTGYgEf=w2000-h1500-s-no-gm?authuser=0\" width=\"2000\" height=\"1500\" alt=\"Vila dos Girass\u00f3is, um tapete verde\" class=\"size-full\" \/><\/a><figcaption class=\"wp-caption-text\">Vila dos Girass\u00f3is, um tapete verde<\/figcaption><\/figure>\n<h2>v\u00eddeos do YouTube<\/h2>\n<div class=\"youtube\"><iframe title=\"A Prefeitura de Hokuryu implementa ideia dos moradores! &quot;Plantio de mudas de cerejeira&quot; na Floresta de Nonno\" src=\"https:\/\/www.youtube.com\/embed\/PQCOEYZTm1Y?feature=oembed\" frameborder=\"0\" allow=\"accelerometer; autoplay; clipboard-write; encrypted-media; gyroscope; picture-in-picture; web-share\" referrerpolicy=\"strict-origin-when-cross-origin\" allowfullscreen><\/iframe><\/div>\n<h2>Outras fotos<\/h2>\n<div class=\"img-move\"><img decoding=\"async\" style=\"vertical-align: middle;\" src=\"https:\/\/ehokkaido.net\/wp-content\/uploads\/2021\/12\/2021-12-06-11.41.12.png\" \/> <a href=\"https:\/\/photos.app.goo.gl\/bd6oCtqGkruVfYZH7\" target=\"_blank\" rel=\"noopener noreferrer\">A Prefeitura de Hokuryu coloca em pr\u00e1tica a ideia de um morador! Veja 28 fotos do plantio de cerejeiras na Floresta de Nonno aqui &gt;&gt;<\/a><\/div>\n<h2>Artigos relacionados<\/h2>\n\n        <div class=\"site-blogcard-premium\">\n            <div class=\"bc-label-custom\">Artigos relacionados<\/div>\n            <div class=\"bc-flex-container\">\n                <div class=\"bc-main-text\">\n                    <div class=\"bc-title-link-box\">\n                        <a href=\"https:\/\/portal.hokuryu.info\/pt\/52535\/\" target=\"_blank\">https:\/\/portal.hokuryu.info\/52535<\/a>\n                    <\/div>\n                    <div class=\"bc-excerpt-box\">N\u00e3o foi poss\u00edvel recuperar as informa\u00e7\u00f5es da p\u00e1gina.<\/div>\n                <\/div>\n                <div class=\"bc-thumbnail-box\">\n                    <a href=\"https:\/\/portal.hokuryu.info\/pt\/52535\/\" target=\"_blank\">\n                        <div class=\"bc-img-zoom-wrap\">\n                            <img decoding=\"async\" src=\"https:\/\/portal.hokuryu.info\/wp\/wp-content\/uploads\/2026\/02\/20230802DSC06445_1.jpg\" alt=\"https:\/\/portal.hokuryu.info\/52535\">\n                        <\/div>\n                    <\/a>\n                <\/div>\n            <\/div>\n        <\/div>\n\n        <div class=\"site-blogcard-premium\">\n            <div class=\"bc-label-custom\">Artigos relacionados<\/div>\n            <div class=\"bc-flex-container\">\n                <div class=\"bc-main-text\">\n                    <div class=\"bc-title-link-box\">\n                        <a href=\"https:\/\/portal.hokuryu.info\/pt\/39179\/\" target=\"_blank\">https:\/\/portal.hokuryu.info\/39179<\/a>\n                    <\/div>\n                    <div class=\"bc-excerpt-box\">N\u00e3o foi poss\u00edvel recuperar as informa\u00e7\u00f5es da p\u00e1gina.<\/div>\n                <\/div>\n                <div class=\"bc-thumbnail-box\">\n                    <a href=\"https:\/\/portal.hokuryu.info\/pt\/39179\/\" target=\"_blank\">\n                        <div class=\"bc-img-zoom-wrap\">\n                            <img decoding=\"async\" src=\"https:\/\/portal.hokuryu.info\/wp\/wp-content\/uploads\/2026\/02\/20230802DSC06445_1.jpg\" alt=\"https:\/\/portal.hokuryu.info\/39179\">\n                        <\/div>\n                    <\/a>\n                <\/div>\n            <\/div>\n        <\/div>\n\n        <div class=\"site-blogcard-premium\">\n            <div class=\"bc-label-custom\">Artigos relacionados<\/div>\n            <div class=\"bc-flex-container\">\n                <div class=\"bc-main-text\">\n                    <div class=\"bc-title-link-box\">\n                        <a href=\"https:\/\/portal.hokuryu.info\/pt\/22629\/\" target=\"_blank\">https:\/\/portal.hokuryu.info\/22629<\/a>\n                    <\/div>\n                    <div class=\"bc-excerpt-box\">N\u00e3o foi poss\u00edvel recuperar as informa\u00e7\u00f5es da p\u00e1gina.<\/div>\n                <\/div>\n                <div class=\"bc-thumbnail-box\">\n                    <a href=\"https:\/\/portal.hokuryu.info\/pt\/22629\/\" target=\"_blank\">\n                        <div class=\"bc-img-zoom-wrap\">\n                            <img decoding=\"async\" src=\"https:\/\/portal.hokuryu.info\/wp\/wp-content\/uploads\/2026\/02\/20230802DSC06445_1.jpg\" alt=\"https:\/\/portal.hokuryu.info\/22629\">\n                        <\/div>\n                    <\/a>\n                <\/div>\n            <\/div>\n        <\/div>\n<p>\u25c7 <a href=\"https:\/\/portal.hokuryu.info\/pt\/38127\/#outline_1__7_2_1\">Fotografia, edi\u00e7\u00e3o e gerenciamento de site: Noboru Terauchi Escritor: Ikuko Terauchi<\/a><\/p>","protected":false},"excerpt":{"rendered":"<p>\uff12\uff10\uff12\uff15\u5e74\uff15\u6708\uff12\u65e5\uff08\u91d1\uff09 \uff14\u6708\uff13\uff10\u65e5\uff08\u6c34\uff09\u3001\u5317\u7adc\u753a\u300c\u30ce\u30f3\u30ce\u306e\u68ee\u300d\u306b\u3066\u3001\u7a7a\u77e5\u5730\u533a\u6307\u5c0e\u6797\u5bb6\u9023\u7d61\u5354\u8b70\u4f1a\u306b\u6240\u5c5e\u3059\u308b\u6307\u5c0e\u6797\u5bb6\u30fb\u67f4\u5d0e\u548c\u7537\u3055\u3093\u3001\u5317\u7adc\u753a\u6c11\u30fb\u56db\u8fbb\u9032\u3055\u3093\u3001\u5317\u7adc\u753a\u5f79\u5834\u7523\u696d\u8ab2\u30fb\u4e95\u53e3\u7d14\u4e00 \u8ab2\u9577\u3001\u5e02\u5834\u7fa9\u5f18 \u4fc2\u9577 [&hellip;]<\/p>\n","protected":false},"author":1,"featured_media":58025,"comment_status":"open","ping_status":"open","sticky":false,"template":"","format":"standard","meta":{"footnotes":""},"categories":[4,75,92],"tags":[],"class_list":["post-57979","post","type-post","status-publish","format-standard","has-post-thumbnail","hentry","category-cover-story","category-sasaki-yasuhiro-mayor","category-bloom_2025"],"_links":{"self":[{"href":"https:\/\/portal.hokuryu.info\/pt\/wp-json\/wp\/v2\/posts\/57979","targetHints":{"allow":["GET"]}}],"collection":[{"href":"https:\/\/portal.hokuryu.info\/pt\/wp-json\/wp\/v2\/posts"}],"about":[{"href":"https:\/\/portal.hokuryu.info\/pt\/wp-json\/wp\/v2\/types\/post"}],"author":[{"embeddable":true,"href":"https:\/\/portal.hokuryu.info\/pt\/wp-json\/wp\/v2\/users\/1"}],"replies":[{"embeddable":true,"href":"https:\/\/portal.hokuryu.info\/pt\/wp-json\/wp\/v2\/comments?post=57979"}],"version-history":[{"count":0,"href":"https:\/\/portal.hokuryu.info\/pt\/wp-json\/wp\/v2\/posts\/57979\/revisions"}],"wp:featuredmedia":[{"embeddable":true,"href":"https:\/\/portal.hokuryu.info\/pt\/wp-json\/wp\/v2\/media\/58025"}],"wp:attachment":[{"href":"https:\/\/portal.hokuryu.info\/pt\/wp-json\/wp\/v2\/media?parent=57979"}],"wp:term":[{"taxonomy":"category","embeddable":true,"href":"https:\/\/portal.hokuryu.info\/pt\/wp-json\/wp\/v2\/categories?post=57979"},{"taxonomy":"post_tag","embeddable":true,"href":"https:\/\/portal.hokuryu.info\/pt\/wp-json\/wp\/v2\/tags?post=57979"}],"curies":[{"name":"wp","href":"https:\/\/api.w.org\/{rel}","templated":true}]}}