{"id":57703,"date":"2025-04-24T09:36:43","date_gmt":"2025-04-24T00:36:43","guid":{"rendered":"https:\/\/portal.hokuryu.info\/?p=57703"},"modified":"2025-05-20T14:29:39","modified_gmt":"2025-05-20T05:29:39","slug":"%e6%a3%ae%e3%81%a8%e6%b5%b7%e3%82%92%e3%81%a4%e3%81%aa%e3%81%90%e5%91%bd%e3%81%ae%e5%be%aa%e7%92%b0-%e3%80%8c%e7%a9%80%e9%9b%a8%e3%81%ae%e6%97%a5%e3%81%ab%e7%b4%a1%e3%81%8c%e3%82%8c%e3%81%9f%e3%82%a2","status":"publish","type":"post","link":"https:\/\/portal.hokuryu.info\/pt\/57703\/","title":{"rendered":"O ciclo da vida que conecta a floresta e o mar: &quot;A hist\u00f3ria do ch\u00e1 Picea Glehnga tecida em um dia de chuva de gr\u00e3os&quot; - Uma conversa com Tatsuya Ueii (Shizenshita) e Ami (Gofujuuu) @ L&#039;Esperance (Sapporo)"},"content":{"rendered":"<p>Quinta-feira, 24 de abril de 2025<\/p>\n<p>Domingo, 20 de abril, \u00e9 o dia da &quot;Chuva de Gr\u00e3os&quot; no 24\u00ba termo solar. Diz-se que a Chuva de Gr\u00e3os &quot;cai chuva para nutrir os gr\u00e3os&quot; e \u00e9 a esta\u00e7\u00e3o em que uma chuva suave e morna cai para umedecer os campos. Nesse dia, tamb\u00e9m, uma chuva aben\u00e7oada caiu levemente, como se para umedecer os novos brotos da primavera...<\/p>\n<h2>Tea Party &quot;Uma conversa com Ueii Tatsuya (Shizenshita) e Ami (Gofujuuame)&quot;<\/h2>\n<p>Uma cerim\u00f4nia do ch\u00e1 apropriada para o Dia da Chuva de Gr\u00e3os foi realizada no restaurante vegano L&#039;Esp\u00e9rance em Maruyama, Sapporo.<\/p>\n<p>Este ch\u00e1 da tarde contar\u00e1 com uma conversa entre Ami (propriet\u00e1ria da Gofujuu), que desenvolveu o ch\u00e1 aperitivo, e Kamii Tatsuya (representante da Shizenshita), que forneceu os ingredientes do ch\u00e1 (abeto vermelho das florestas da cidade de Hokuryu), enquanto desfrutam da deliciosa culin\u00e1ria do L&#039;Esperance.<\/p>\n<figure class=\"wp-caption aligncenter\"><a href=\"https:\/\/photos.google.com\/share\/AF1QipNMbAzir-9NUEFZyYpjvWdBGyED9g8MNVVdFVmZl0YspGYI6orWJONbAiFsG40MCQ\/photo\/AF1QipMrXKoBf5U4KZzQIF0n4kFOAdd-5kdXioR12KY?key=ZFhxWExzLVBTcmY5dkYtOXFFZHgyQmpMZUNCQm5B\" target=\"_blank\"><img decoding=\"async\" src=\"https:\/\/lh3.googleusercontent.com\/pw\/AP1GczOj8UVzqXRkTgqSpwxwR7vR7DiHxCu0uS2JZGMvCXXeQ0XQfCo6McVebsFYgaBQdv4WMvwUi9ekZloxFLR1QqUiZWDgAcP3LceTxTq3qyTlEKMPstwOkdvnkpQsw0I-JH3Wu1DQ_WUCOttpmKWbf6Bh=w2000-h1500-s-no-gm?authuser=0\" width=\"2000\" height=\"1500\" alt=\"Restaurante vegano L&#039;Esp\u00e9rance em Maruyama, Sapporo\" class=\"size-full\" \/><\/a><figcaption class=\"wp-caption-text\">Restaurante vegano L&#039;Esp\u00e9rance em Maruyama, Sapporo<\/figcaption><\/figure>\n<figure class=\"wp-caption aligncenter\"><a href=\"https:\/\/photos.google.com\/share\/AF1QipNMbAzir-9NUEFZyYpjvWdBGyED9g8MNVVdFVmZl0YspGYI6orWJONbAiFsG40MCQ\/photo\/AF1QipO_WbJeS6nouXRWQCJjtRtbZNyuax-XaO4hw0k?key=ZFhxWExzLVBTcmY5dkYtOXFFZHgyQmpMZUNCQm5B\" target=\"_blank\"><img decoding=\"async\" src=\"https:\/\/lh3.googleusercontent.com\/pw\/AP1GczNn2IA6XTd3zUISJ7I5q7czuJsZ3LD9FuGwOw3sb5u738IXubaPvQ5e2SGMslLDunEhf5XP_0zIhj581AIMTZ5rWLJoR4La_DhdRQPcK1sFgfux5WSQhjSsESIB5D0TxAo7rUDG4SmxcZy9uS3XIiZE=w2000-h1500-s-no-gm?authuser=0\" width=\"2000\" height=\"1500\" alt=\" A Esperan\u00e7a\" class=\"size-full\" \/><\/a><figcaption class=\"wp-caption-text\">A Esperan\u00e7a<\/figcaption><\/figure>\n<h3>O tema \u00e9 &quot;Ch\u00e1 da Floresta&quot;!<\/h3>\n<p>Este ch\u00e1 aperitivo especial foi desenvolvido e planejado por Ami (propriet\u00e1ria da Gofujuuame) como um aperitivo especial para o L&#039;Esperance, que celebrou seu 4\u00ba anivers\u00e1rio em abril.<\/p>\n<figure class=\"wp-caption aligncenter\"><a href=\"https:\/\/photos.google.com\/share\/AF1QipNMbAzir-9NUEFZyYpjvWdBGyED9g8MNVVdFVmZl0YspGYI6orWJONbAiFsG40MCQ\/photo\/AF1QipOmj8XlVXkhI0HtpquuNsploht_4-dkbdX7Tt8?key=ZFhxWExzLVBTcmY5dkYtOXFFZHgyQmpMZUNCQm5B\" target=\"_blank\"><img decoding=\"async\" src=\"https:\/\/lh3.googleusercontent.com\/pw\/AP1GczO7F_mL-GZfJZWXjz7qGSsiDDqa0dpBdIYJlaa0lfPuSkZTXtybqQLPn272vz2hS3CW5y5moez0mTaVBnDS9DiGE2-ASHGqBGEvgiiNhXlcp4jiQE3n9adx4GcUzLijggAfU6-OxISct9_ERx8_yUdj=w2000-h1500-s-no-gm?authuser=0\" width=\"2000\" height=\"1500\" alt=\"Ami e Kamii est\u00e3o tendo uma reuni\u00e3o.\" class=\"size-full\" \/><\/a><figcaption class=\"wp-caption-text\">Ami e Kamii est\u00e3o tendo uma reuni\u00e3o.<\/figcaption><\/figure>\n<p>A mat\u00e9ria-prima para este ch\u00e1 s\u00e3o as folhas dos abetos vermelhos cultivados por Tatsuya Uei, que pratica o manejo florestal sustent\u00e1vel com um alto n\u00edvel de conserva\u00e7\u00e3o ambiental na cidade de Hokuryu!<\/p>\n<p>Uma conex\u00e3o maravilhosa criada pelos pinheiros vermelhos que crescem nas florestas da cidade de Hokuryu!<\/p>\n<figure class=\"wp-caption aligncenter\"><a href=\"https:\/\/photos.google.com\/share\/AF1QipNMbAzir-9NUEFZyYpjvWdBGyED9g8MNVVdFVmZl0YspGYI6orWJONbAiFsG40MCQ\/photo\/AF1QipOYWf0d_5ApClfeEzN_t3AJDv1bn5G936Ljqgg?key=ZFhxWExzLVBTcmY5dkYtOXFFZHgyQmpMZUNCQm5B\" target=\"_blank\"><img decoding=\"async\" src=\"https:\/\/lh3.googleusercontent.com\/pw\/AP1GczOWotX5rAxodqyfqfOBsbH9jDQ_82t3YoWUWdEb-WAWwaen3kjNtNH1u2_dK1uVq03cVT9cpoS_fA2o_jJccw8mjZOAHtXNBgj65I7m4JDDroX45LHWIO54CGrRNff50tgfvEwdUEMKFZNo2mfb4W8A=w2000-h1500-s-no-gm?authuser=0\" width=\"2000\" height=\"1500\" alt=\"A floresta &quot;Sprachuapse&quot; na cidade de Hokuryu, cultivada por Tatsuya Kamii.\" class=\"size-full\" \/><\/a><figcaption class=\"wp-caption-text\">A floresta &quot;Sprachuapse&quot; na cidade de Hokuryu, cultivada por Tatsuya Kamii.<\/figcaption><\/figure>\n<figure class=\"wp-caption aligncenter\"><a href=\"https:\/\/photos.google.com\/share\/AF1QipNMbAzir-9NUEFZyYpjvWdBGyED9g8MNVVdFVmZl0YspGYI6orWJONbAiFsG40MCQ\/photo\/AF1QipNwHhhy7dYxzULuc2W8JmgToNvJyEdARo9VgwY?key=ZFhxWExzLVBTcmY5dkYtOXFFZHgyQmpMZUNCQm5B\" target=\"_blank\"><img decoding=\"async\" src=\"https:\/\/lh3.googleusercontent.com\/pw\/AP1GczM9yZiW5RmLYKD1S84mhz4Sq7Wf9BYAIFlMdedxisKnZ9FmmQgZqLGHJ924K4_W_IgyU5Nigqq3UXPzWGcXZwr19eBt8YrAzFBHw0V0smjelkxdf2w1Ifg5DvdXIvCHX4W_HXptRnlLeRdeo7NxuL2s=w2000-h1500-s-no-gm?authuser=0\" width=\"2000\" height=\"1500\" alt=\"Festa do Ch\u00e1 para 12 Pessoas\" class=\"size-full\" \/><\/a><figcaption class=\"wp-caption-text\">Festa do Ch\u00e1 para 12 Pessoas<\/figcaption><\/figure>\n<h3>Uma conversa entre Ami e Tatsuya Kamii<\/h3>\n<ul>\n<li>Ami abriu sua loja, Gofujuuame, em Minami-ku, Sapporo, h\u00e1 cinco anos.<\/li>\n<li>Tatsuya Kamii mudou-se para a cidade de Hokuryu h\u00e1 cinco anos (abril de 2020) e iniciou o &quot;reflorestamento autossuficiente&quot; nas florestas da cidade.<\/li>\n<\/ul>\n<figure class=\"wp-caption aligncenter\"><a href=\"https:\/\/photos.google.com\/share\/AF1QipNMbAzir-9NUEFZyYpjvWdBGyED9g8MNVVdFVmZl0YspGYI6orWJONbAiFsG40MCQ\/photo\/AF1QipMtwRE2vWB7f91HqDryF6ZgGAJF2idAn_ei238?key=ZFhxWExzLVBTcmY5dkYtOXFFZHgyQmpMZUNCQm5B\" target=\"_blank\"><img decoding=\"async\" src=\"https:\/\/lh3.googleusercontent.com\/pw\/AP1GczN570uI_CyleD7ki_R1NNs6f-bnE_mN6X813KMCjWXuFUP92Q-DMxMifrhEYsAxGVM4E3yQPNgH8DgfreCajdlSSxf4SFE9qv39xkv43MSzsWXR8oIVumPiyrM4ZfWoOhwG-Sb46sfyXF3i5NtLLsIQ=w2000-h1333-s-no-gm?authuser=0\" width=\"2000\" height=\"1333\" alt=\"Ami e Tatsuya Kamii\" class=\"size-full\" \/><\/a><figcaption class=\"wp-caption-text\">Ami e Tatsuya Kamii<\/figcaption><\/figure>\n<h4>O nascimento do ch\u00e1 Picea Glehnii<\/h4>\n<p><strong>\ud83c\udf75 Ami-san<\/strong><\/p>\n<p>&quot;Quando o Hakusan, que serve comida vegana, estava pensando em mudan\u00e7as futuras, surgiu a ideia de um novo ch\u00e1.&quot;<br \/>\nPara n\u00f3s, \u00e9 importante saber de onde v\u00eam nossas plantas.<\/p>\n<p>Desta vez, um amigo de confian\u00e7a que trabalha como lenhador na ind\u00fastria florestal me apresentou ao Sr. Uei, que administra uma empresa de corte florestal pr\u00f3prio na cidade de Hokuryu. Por meio dessa conex\u00e3o, pude fazer ch\u00e1 usando as folhas das \u00e1rvores que o Sr. Uei protege com esmero.<\/p>\n<p>Conectamos esse ch\u00e1 \u00e0 culin\u00e1ria de Hakusan e fazemos com que todos o experimentem, trabalhando assim com consci\u00eancia de todo o ciclo alimentar.&quot;<\/p>\n<figure class=\"wp-caption aligncenter\"><a href=\"https:\/\/photos.google.com\/share\/AF1QipNMbAzir-9NUEFZyYpjvWdBGyED9g8MNVVdFVmZl0YspGYI6orWJONbAiFsG40MCQ\/photo\/AF1QipPTrZKiLAMSWtC_nkphN1RqKaR7fVn0uxGCQjE?key=ZFhxWExzLVBTcmY5dkYtOXFFZHgyQmpMZUNCQm5B\" target=\"_blank\"><img decoding=\"async\" src=\"https:\/\/lh3.googleusercontent.com\/pw\/AP1GczNTE0aGUOzTL4EpK-zRuF8_m1kBp5qTC9-HsQVREZUJcXNGiYUsIdmE2tGgXyfc4a71CsndHvxrSlOjrBKDMY5U9vkdA2p4EWRSKDWeZJdIxi6_g3LHmq7uJsFEF5KN9EZLN7hlxVSbW7eJPif3j59t=w2000-h1333-s-no-gm?authuser=0\" width=\"2000\" height=\"1333\" alt=\"Ami-san\" class=\"size-full\" \/><\/a><figcaption class=\"wp-caption-text\">Ami-san<\/figcaption><\/figure>\n<h4>Silvicultura de autocorte: uma silvicultura circular e sustent\u00e1vel<\/h4>\n<figure class=\"wp-caption aligncenter\"><a href=\"https:\/\/photos.google.com\/share\/AF1QipNMbAzir-9NUEFZyYpjvWdBGyED9g8MNVVdFVmZl0YspGYI6orWJONbAiFsG40MCQ\/photo\/AF1QipO9invU_i55PRaqu4yXfmFz4uMlbOfv7ADR7EI?key=ZFhxWExzLVBTcmY5dkYtOXFFZHgyQmpMZUNCQm5B\" target=\"_blank\"><img decoding=\"async\" src=\"https:\/\/lh3.googleusercontent.com\/pw\/AP1GczNCI9pqvGGoJ3Fh2xs6ingdj2cPHcp9gaQtF5OVuIS4U-EqFc0NP9e3NeY2sO5jpPOzjeyDIQuaU8kDT085901vY8Ap-muaXYaDUw3NdVjKuWk172ccQPiZCYEd7HHTcrReaZSuneVpos8JzlGHjL3Q=w2000-h1333-s-no-gm?authuser=0\" width=\"2000\" height=\"1333\" alt=\"Tatsuya Kamii\" class=\"size-full\" \/><\/a><figcaption class=\"wp-caption-text\">Tatsuya Kamii<\/figcaption><\/figure>\n<p><strong>\ud83c\udf32 Kamii-san<\/strong><\/p>\n<p>&quot;Envolvi-me na silvicultura porque amo a natureza desde crian\u00e7a e achava que seria bom ter uma floresta no meu jardim. Sonhava em morar perto de uma floresta. Comecei na silvicultura com a simples ideia de que gostaria de trabalhar na floresta.&quot;<\/p>\n<p>Eu n\u00e3o queria ver seres vivos se extinguirem devido \u00e0 destrui\u00e7\u00e3o das florestas, ent\u00e3o me interessei pela silvicultura de autoexplora\u00e7\u00e3o, um m\u00e9todo de manejo florestal circular e sustent\u00e1vel.<\/p>\n<p>Quando penso em florestas, penso que a base \u00e9 o solo. Existe o mar, existe o solo, e nesse solo cresce a grama, existem insetos e outros seres vivos, crescem as \u00e1rvores e os humanos podem viver.<\/p>\n<p>A silvicultura comum \u00e9 vista como uma ind\u00fastria ou atividade manufatureira, onde \u00e1rvores s\u00e3o derrubadas e o solo \u00e9 erodido, aumentando a probabilidade de deslizamentos de terra.<\/p>\n<p>Dizem que a camada superficial do solo leva mais de 100 anos para se formar. Eu n\u00e3o gosto da mentalidade atual da silvicultura, que prioriza apenas o &quot;eu&quot;, ent\u00e3o pratico o manejo florestal sustent\u00e1vel, pensando nas florestas daqui a 100 anos.<\/p>\n<figure class=\"wp-caption aligncenter\"><a href=\"https:\/\/photos.google.com\/share\/AF1QipNMbAzir-9NUEFZyYpjvWdBGyED9g8MNVVdFVmZl0YspGYI6orWJONbAiFsG40MCQ\/photo\/AF1QipO_23phWbwsmRiOn71CjsWyYrv1ARSxDdvLs7Q?key=ZFhxWExzLVBTcmY5dkYtOXFFZHgyQmpMZUNCQm5B\" target=\"_blank\"><img decoding=\"async\" src=\"https:\/\/lh3.googleusercontent.com\/pw\/AP1GczPJ1BKPkgpS5aWqgT49sS6V434vQ1fAOyCgC3o1U1Ug6swnwZMYi3cFN_ltciNZeHtnC8rvg_-ieSq_F1LouBTFl6tcTD1bITdMRSFMjFNLTpPG76_lwBXWtFNnMqMVDdF6Q3x0dCYfg081Q4pwlJGc=w2000-h1333-s-no-gm?authuser=0\" width=\"2000\" height=\"1333\" alt=\"O ciclo da vida na floresta\" class=\"size-full\" \/><\/a><figcaption class=\"wp-caption-text\">O ciclo da vida na floresta<\/figcaption><\/figure>\n<p><strong>\u2615\ufe0f Ami-san<\/strong><\/p>\n<p>&quot;O Sr. Uwai e eu somos da mesma gera\u00e7\u00e3o. Estou muito feliz por ter me tornado amigo de algu\u00e9m que trabalha arduamente na ind\u00fastria florestal. Esta \u00e9 a segunda vez que nos encontramos, sendo a \u00faltima a primeira vez que nos vimos. Mesmo no primeiro encontro, compartilhamos os mesmos pensamentos e nos identificamos um com o outro.&quot;<\/p>\n<p>O Sr. Kamii tem pesquisado como aproveitar ao m\u00e1ximo sua floresta por meio de tentativas e erros h\u00e1 cerca de cinco anos, o mesmo per\u00edodo que eu.<\/p>\n<p>Hoje em dia, o pensamento antropoc\u00eantrico \u00e9 predominante, e o desenvolvimento da sociedade e dos rios est\u00e1 sendo realizado para a conveni\u00eancia humana. Parece que o ambiente est\u00e1 se tornando hostil para as criaturas que ali vivem. Florestas, rios e oceanos est\u00e3o todos interligados.<\/p>\n<p><strong>\ud83c\udf32 Kamii-san<\/strong><\/p>\n<p>&quot;Se voc\u00ea viver uma vida egoc\u00eantrica sem considerar o ciclo geral a longo prazo, o fluxo natural come\u00e7ar\u00e1 a ruir e, no fim, ser\u00e1 voc\u00ea quem sofrer\u00e1.&quot;<\/p>\n<figure class=\"wp-caption aligncenter\"><a href=\"https:\/\/photos.google.com\/share\/AF1QipNMbAzir-9NUEFZyYpjvWdBGyED9g8MNVVdFVmZl0YspGYI6orWJONbAiFsG40MCQ\/photo\/AF1QipMPe13Imd1utBoOkVGwCK5omO3fqirwFLjQb0c?key=ZFhxWExzLVBTcmY5dkYtOXFFZHgyQmpMZUNCQm5B\" target=\"_blank\"><img decoding=\"async\" src=\"https:\/\/lh3.googleusercontent.com\/pw\/AP1GczPlqmAo-H9x8EexxePLX11oOWHZEMabSZrjPTxLqP3J4iLDj4TTX7T8Z_NThARlor-Hjn1U89xfvIVvlbCc7aPiWO_IHwBbRkvdncpIRszPylzuWGVyO8B1GXe3kXIFKUo-veJe-SAl71oIYqp1GNCZ=w2000-h1333-s-no-gm?authuser=0\" width=\"2000\" height=\"1333\" alt=\"Os dois se deram muito bem.\" class=\"size-full\" \/><\/a><figcaption class=\"wp-caption-text\">Os dois se deram muito bem.<\/figcaption><\/figure>\n<h4>V\u00eddeo de uma visita \u00e0 floresta de Kamii na cidade de Hokuryu, em 10 de mar\u00e7o.<\/h4>\n<ul>\n<li>Ami, Hakusan e Yuumi visitaram juntos<\/li>\n<\/ul>\n<figure class=\"wp-caption aligncenter\"><a href=\"https:\/\/photos.google.com\/share\/AF1QipNMbAzir-9NUEFZyYpjvWdBGyED9g8MNVVdFVmZl0YspGYI6orWJONbAiFsG40MCQ\/photo\/AF1QipNBQCjR-xdqBiHoxgIkdZQGUVcW-CBanTNz7I4?key=ZFhxWExzLVBTcmY5dkYtOXFFZHgyQmpMZUNCQm5B\" target=\"_blank\"><img decoding=\"async\" src=\"https:\/\/lh3.googleusercontent.com\/pw\/AP1GczPpNI2GJHVJ1-nBRnviHejSaIwtIaGrUZvOvZ3UcLhnctn4p4so4xCsk279VSlyKbo5dnLSkg8d3nGWkUigKv_ArxfKEDxfh6zxylDbXctvTSnZCZwq2QhLVIpDSM89XWtGHlC3MeKB-_CBrv_8geB_=w2000-h1333-s-no-gm?authuser=0\" width=\"2000\" height=\"1333\" alt=\"V\u00eddeo de uma visita \u00e0 floresta da cidade de Hokuryu\" class=\"size-full\" \/><\/a><figcaption class=\"wp-caption-text\">V\u00eddeo de uma visita \u00e0 floresta da cidade de Hokuryu<\/figcaption><\/figure>\n<p><strong>\ud83c\udf32 Kamii-san<\/strong><\/p>\n<p>&quot;J\u00e1 t\u00ednhamos recebido material florestal antes, mas foi uma surpresa, porque \u00e9 raro algu\u00e9m visitar as montanhas de repente. Foi extremamente incomum algu\u00e9m visitar uma montanha com neve ainda presente, com o desejo de &#039;ver o local&#039;.&quot;<\/p>\n<p>Olhando para tr\u00e1s, certa vez fornecemos materiais para a SHIRO, uma empresa de cosm\u00e9ticos em Sunagawa, e o presidente da empresa visitou pessoalmente a montanha naquela ocasi\u00e3o.<\/p>\n<p>A \u00e1rvore Picea glehnii usada para o ch\u00e1 desta vez ainda \u00e9 jovem, com cerca de 30 anos. Suas folhas s\u00e3o macias e cheias de vitalidade.<\/p>\n<p>A floresta \u00e9 um espa\u00e7o completamente isolado, ent\u00e3o pudemos ter conversas muito profundas. Ami e seus amigos provaram as folhas e a neve nas agulhas de pinheiro, desfrutando do espa\u00e7o da floresta de uma forma livre e descontra\u00edda.<\/p>\n<figure class=\"wp-caption aligncenter\"><a href=\"https:\/\/photos.google.com\/share\/AF1QipNMbAzir-9NUEFZyYpjvWdBGyED9g8MNVVdFVmZl0YspGYI6orWJONbAiFsG40MCQ\/photo\/AF1QipPeYABPIKAC1Rrevim3121JnfRe3YZG5MlYnoc?key=ZFhxWExzLVBTcmY5dkYtOXFFZHgyQmpMZUNCQm5B\" target=\"_blank\"><img decoding=\"async\" src=\"https:\/\/lh3.googleusercontent.com\/pw\/AP1GczNWTH_tL1rbwNIJAZoNMllw0xuIIfaX8k3ncyTgCveNtrQ2iRCZALi70tXxNvrWjyQ4ONtieSxynb3_r-zNyL-_e74VRoR8N028SUVcUlaMnI8--fZxj4ItjKhPewFczYv61YJvs6-Vp2DbKU-Oeupp=w2000-h1333-s-no-gm?authuser=0\" width=\"2000\" height=\"1333\" alt=\"Galhos do abeto vermelho cultivado por Uwai\" class=\"size-full\" \/><\/a><figcaption class=\"wp-caption-text\">Galhos do abeto vermelho cultivado por Uwai<\/figcaption><\/figure>\n<p><strong>\u2615\ufe0f Ami-san<\/strong><\/p>\n<p>Depois de comerem as folhas da floresta, as crian\u00e7as aproveitaram a floresta ao m\u00e1ximo, dizendo coisas como: &#039;Isto \u00e9 delicioso&#039;, &#039;Estas folhas t\u00eam um sabor diferente&#039;, &#039;Tem um sabor doce&#039;, &#039;Tem um sabor azedo&#039;, &#039;Tem um sabor picante, estimulante, parecido com gengibre&#039; e &#039;Tem um aroma refrescante&#039;.<\/p>\n<p>A neve que se acumulara nas agulhas de pinheiro era t\u00e3o pura que, se a derret\u00eassemos e a adicion\u00e1ssemos ao ch\u00e1, o sabor seria diferente.<\/p>\n<p>Cada ess\u00eancia vegetal cont\u00e9m sua pr\u00f3pria energia \u00fanica, por isso cada uma tem um sabor diferente.&quot;<\/p>\n<h4>&quot;Omusubi&quot; foi criado com a ideia de que todos os seres vivos est\u00e3o conectados.<\/h4>\n<p>Ami recebeu \u00e1gua de nascente coletada em Minami-ku, Sapporo, onde mora, e bolinhos de arroz cozidos com essa \u00e1gua.<\/p>\n<p><strong>\u2615\ufe0f Ami-san<\/strong><\/p>\n<p>&quot;Hoje \u00e9 o Dia da Chuva de Gr\u00e3os, uma chuva aben\u00e7oada, uma chuva natural, que nos nutre. Gra\u00e7as \u00e0 chuva e ao vento, vivemos em paz e seguran\u00e7a.&quot;<\/p>\n<p>Dependendo do ponto de vista, as coisas n\u00e3o s\u00e3o simplesmente boas ou ruins para a conveni\u00eancia humana, mas sim t\u00eam um significado e s\u00e3o necess\u00e1rias. Cada um tem um papel diferente a desempenhar, e todos se complementam. Acredito que a Terra e o universo existem porque n\u00e3o apenas os humanos, mas todos os seres vivos est\u00e3o conectados em ciclos.<\/p>\n<p>\u00c9 com esse sentimento em mente que preparo esses bolinhos de arroz. Acredito que seja importante que todos fa\u00e7am a sua parte e que nos unamos como um s\u00f3. Os bolinhos de arroz, o ch\u00e1 e as cerim\u00f4nias do ch\u00e1 s\u00e3o todos permeados por esse mesmo sentimento compartilhado.<\/p>\n<figure class=\"wp-caption aligncenter\"><a href=\"https:\/\/photos.google.com\/share\/AF1QipNMbAzir-9NUEFZyYpjvWdBGyED9g8MNVVdFVmZl0YspGYI6orWJONbAiFsG40MCQ\/photo\/AF1QipP8t15KexszikkifOIZSJboJbinbxmi4nSY8po?key=ZFhxWExzLVBTcmY5dkYtOXFFZHgyQmpMZUNCQm5B\" target=\"_blank\"><img decoding=\"async\" src=\"https:\/\/lh3.googleusercontent.com\/pw\/AP1GczPS7TdhIpNiSeY64LWobWNO2fjO6HJCx5fKDttVv-grEVd1eMnJ_2gh3d7YcRfjiWIdo1T2EsChoL9v4v0Ij0uHVeE2sPxLB5N2P2qt-lRaEvfWZHHJ0JMmhU-sZDb5YfPkpgosJaQqTRlf4VKhXOio=w2000-h1333-s-no-gm?authuser=0\" width=\"2000\" height=\"1333\" alt=\"Bolinhos de arroz que conectam os pensamentos de todos.\" class=\"size-full\" \/><\/a><figcaption class=\"wp-caption-text\">Bolinhos de arroz que conectam os pensamentos de todos.<\/figcaption><\/figure>\n<p><strong>\u2615\ufe0f Ami-san<\/strong><\/p>\n<p>&quot;Este bolinho de arroz \u00e9 feito com arroz cultivado em um arrozal no sop\u00e9 do Monte Sapporo, onde brota \u00e1gua de nascente. \u00c9 arroz Nanatsuboshi, cultivado sem o uso de fertilizantes qu\u00edmicos ou pesticidas.&quot;<\/p>\n<p>Shirayama-san me pediu para fazer alguns doces, mas achei que a melhor maneira de as pessoas me conhecerem seria atrav\u00e9s de bolinhos de arroz, ent\u00e3o fiz alguns.<\/p>\n<p>O ponto crucial aqui \u00e9 o sal do mar, o &quot;Sal Rausu&quot;. Na verdade, a floresta e o mar s\u00e3o grandes amigos.&quot;<\/p>\n<figure class=\"wp-caption aligncenter\"><a href=\"https:\/\/photos.google.com\/share\/AF1QipNMbAzir-9NUEFZyYpjvWdBGyED9g8MNVVdFVmZl0YspGYI6orWJONbAiFsG40MCQ\/photo\/AF1QipOUjb7tHiabayLwX9Rv10epvEwEAo0aIUhD8sU?key=ZFhxWExzLVBTcmY5dkYtOXFFZHgyQmpMZUNCQm5B\" target=\"_blank\"><img decoding=\"async\" src=\"https:\/\/lh3.googleusercontent.com\/pw\/AP1GczPLNoX0gUzYXMbr97wifZ6PGfHS-YiPsbCzbvbETgSySNo_fuoLHFpduwvFk58frdN9yzsfyBDcqUQ-fdJUEsflfZsL_5D9-v5M2ieC9-k-fj-Q6kt8KF38MC9zuZvB4s6RC7wP5voV8UpWem9oI1-t=w2000-h1333-s-no-gm?authuser=0\" width=\"2000\" height=\"1333\" alt=\"Mini bolinhos de arroz inclu\u00eddos\" class=\"size-full\" \/><\/a><figcaption class=\"wp-caption-text\">Mini bolinhos de arroz inclu\u00eddos<\/figcaption><\/figure>\n<p>Todos ficaram impressionados, dizendo coisas como: &quot;Tem um sabor doce e suave!&quot; e &quot;\u00c9 t\u00e3o delicioso!&quot;<\/p>\n<h4>Mudando o mundo atrav\u00e9s de pequenas a\u00e7\u00f5es di\u00e1rias.<\/h4>\n<p><strong>\ud83c\udf32 Kamii-san<\/strong><\/p>\n<p>&quot;As folhas caem na floresta, os insetos as comem, e ent\u00e3o os peixes comem os insetos que se acumulam nas folhas, e os excrementos dos peixes s\u00e3o levados para o mar, onde o pl\u00e2ncton se re\u00fane, e esse pl\u00e2ncton se transforma em \u00e1gua altamente nutritiva que flui para o oceano, tornando-o rico em nutrientes.&quot;<\/p>\n<p><strong>\u2615\ufe0f Ami-san<\/strong><\/p>\n<p>&quot;Sem pl\u00e2ncton no oceano, os peixes n\u00e3o seriam saud\u00e1veis. Existem criaturas que se alimentam desse pl\u00e2ncton, e todos os ciclos de vida continuam.&quot;<\/p>\n<p>Atualmente, esp\u00e9cies de algas marinhas como kelp, wakame e nori enfrentam uma situa\u00e7\u00e3o cr\u00edtica. Estima-se que as colheitas tenham diminu\u00eddo cerca de 40% nos \u00faltimos 10 anos. Uma das raz\u00f5es para isso \u00e9 a m\u00e1 qualidade dos oceanos e rios, que impede o crescimento do pl\u00e2ncton. O mesmo ocorre com as florestas.<\/p>\n<p>Pesquisas demonstraram que detergentes sint\u00e9ticos e sab\u00e3o em p\u00f3 est\u00e3o sendo despejados em rios e oceanos, poluindo a \u00e1gua que usamos diariamente e impedindo o crescimento do pl\u00e2ncton.<\/p>\n<p>Contudo, com esperan\u00e7a, um experimento foi conduzido em uma ilha remota na cidade de Munakata, prov\u00edncia de Fukuoka, no qual sab\u00e3o sem aditivos foi usado para banho e lavagem de roupas, a fim de evitar a polui\u00e7\u00e3o do mar e dos rios por esgoto dom\u00e9stico. Os resultados mostraram que a qualidade da \u00e1gua melhorou em poucos anos e que os tipos e quantidades de microrganismos e pl\u00e2ncton aumentaram.<\/p>\n<p>At\u00e9 agora, ao observar as situa\u00e7\u00f5es sociais e mundiais, eu s\u00f3 via dor, tristeza e desespero. No entanto, percebi que, se fizermos pequenas mudan\u00e7as em nosso dia a dia e levantarmos nossas vozes, o mundo pode realmente mudar. \u00c9 a\u00ed que encontro esperan\u00e7a. Acredito que n\u00e3o ceder ao desespero nos leva \u00e0 esperan\u00e7a.<\/p>\n<p>Atualmente, h\u00e1 um n\u00famero crescente de jovens da gera\u00e7\u00e3o de Kamii e semelhantes que desejam participar de atividades com o mesmo entusiasmo.<\/p>\n<p>Acho importante que todos deem as m\u00e3os, independentemente da gera\u00e7\u00e3o. Acho que todos aqui hoje est\u00e3o fazendo algo, ou t\u00eam algo com que se identificam.<\/p>\n<p>Em vez de se culpar pelo que voc\u00ea n\u00e3o consegue fazer, acho que o primeiro passo \u00e9 descobrir o que voc\u00ea consegue fazer e aumentar isso gradualmente. O resto \u00e9 apenas uma quest\u00e3o de saber.<\/p>\n<figure class=\"wp-caption aligncenter\"><a href=\"https:\/\/photos.google.com\/share\/AF1QipNMbAzir-9NUEFZyYpjvWdBGyED9g8MNVVdFVmZl0YspGYI6orWJONbAiFsG40MCQ\/photo\/AF1QipMIlC2JkHJzeGwqkmvmKi_riTI0_Z9g11twqNk?key=ZFhxWExzLVBTcmY5dkYtOXFFZHgyQmpMZUNCQm5B\" target=\"_blank\"><img decoding=\"async\" src=\"https:\/\/lh3.googleusercontent.com\/pw\/AP1GczPjdOZsn4zB8kTL24ojh-_SJ2a8GNaBDwDVOtb2c43oobNMdkU47sMhgD1pe9gCIdlu7y5a51YioXhiMEAau7MSVcZlaIa46ox8LVD27yk3jb5pKt2hhoXVXXcADXUAdK-zgRhaoaxXb_VfTSWMoX2G=w2000-h1333-s-no-gm?authuser=0\" width=\"2000\" height=\"1333\" alt=\"Sentindo o ciclo da vida na natureza...\" class=\"size-full\" \/><\/a><figcaption class=\"wp-caption-text\">Sentindo o ciclo da vida na natureza...<\/figcaption><\/figure>\n<p><strong>\ud83c\udf32 Kamii-san<\/strong><\/p>\n<p>&quot;\u00c9 verdade. A maioria das pessoas n\u00e3o sabe disso, ent\u00e3o eu gostaria que elas primeiro estudassem e aprendessem sobre o assunto.&quot;<\/p>\n<h4>Valorize o ciclo de toda a vida.<\/h4>\n<p><strong>\u2615\ufe0f Ami-san<\/strong><\/p>\n<p>&quot;Em vez de simplesmente saber e acreditar em uma coisa, \u00e9 importante analisar as coisas sob diferentes perspectivas. Existem muitas ferramentas dispon\u00edveis para aprendizado, e voc\u00ea pode at\u00e9 acessar m\u00eddias estrangeiras por meio de tradu\u00e7\u00e3o online. Acho que \u00e9 realmente importante considerar o que voc\u00ea quer fazer a partir de v\u00e1rias \u00f3ticas.&quot;<\/p>\n<p>Por favor, reserve um momento para apreciar o aroma das folhas de abeto vermelho sobre as mesas. As folhas s\u00e3o t\u00e3o macias e encantadoras! Uehi-san trouxe alguns ramos particularmente delicados da floresta na cidade de Hokuryu.<\/p>\n<p>Desta vez, as mudas de abeto-vermelho para a produ\u00e7\u00e3o de ch\u00e1 me foram enviadas por volta de fevereiro. Normalmente, eu inspecionaria as \u00e1rvores pessoalmente e coletaria as folhas, mas Uwai-san observa a condi\u00e7\u00e3o das plantas e as seleciona antes da coleta, ent\u00e3o confiei nele e deixei a tarefa por conta dele.<\/p>\n<p>Consigo ver o estado das folhas, ent\u00e3o realmente senti que Kamii me enviou uma planta que ele tinha muito carinho.<\/p>\n<p>Ao coletarmos folhas, tamb\u00e9m recebemos a vida daquela planta. Compreendo a forma como Uwai valoriza a vida das plantas. Recebemos a vida n\u00e3o s\u00f3 das plantas, mas tamb\u00e9m dos insetos e de outros seres vivos na natureza, e usamos esses elementos para sustentar a nossa pr\u00f3pria vida.<\/p>\n<p>Quero valorizar o ciclo de toda a vida no ch\u00e1 que preparo e em outros produtos que fabrico. Sempre prezo a perspectiva de quem cultiva as plantas, como as cultivam e quais s\u00e3o seus sentimentos quando s\u00e3o colhidas. Quero estar atenta a v\u00e1rios aspectos, n\u00e3o apenas aos superficiais, como os sentimentos invis\u00edveis que os envolvem.<\/p>\n<figure class=\"wp-caption aligncenter\"><a href=\"https:\/\/photos.google.com\/share\/AF1QipNMbAzir-9NUEFZyYpjvWdBGyED9g8MNVVdFVmZl0YspGYI6orWJONbAiFsG40MCQ\/photo\/AF1QipPU_ApNBG3KDkFwZNnfZYd94wpsltQ9j6-GygY?key=ZFhxWExzLVBTcmY5dkYtOXFFZHgyQmpMZUNCQm5B\" target=\"_blank\"><img decoding=\"async\" src=\"https:\/\/lh3.googleusercontent.com\/pw\/AP1GczMplfdlH3qQcrJggkA9Hvee92UAUCBRZfnFxw0nVn4JPm0_8BHTMyvohLXmB3JYti53T_P6TpeNi0rtE_kF7iys37sUGSx2_OoFEddDbfL99bMStOXZjn9gkCW4FW8jUYGNOT31EEitUvHksweAVI17=w2000-h1333-s-no-gm?authuser=0\" width=\"2000\" height=\"1333\" alt=\"Amor pelas plantas\" class=\"size-full\" \/><\/a><figcaption class=\"wp-caption-text\">Amor pelas plantas<\/figcaption><\/figure>\n<h4>Identificando e cortando cada \u00e1rvore na floresta.<\/h4>\n<p><strong>\ud83c\udf32 Kamii-san<\/strong><\/p>\n<p>&quot;O manejo florestal sustent\u00e1vel come\u00e7a com a constru\u00e7\u00e3o de uma trilha na floresta que dure 100 anos. Come\u00e7amos em um lugar onde n\u00e3o se consegue ver nada ao redor e o bambuzal est\u00e1 quase da nossa altura, e com paci\u00eancia e cuidado constru\u00edmos uma trilha resistente que n\u00e3o se romper\u00e1. Mantemos essa trilha aos poucos.&quot;<\/p>\n<p>Acho que as melhores \u00e1rvores s\u00e3o aquelas que crescem h\u00e1 muito tempo. Elas t\u00eam a for\u00e7a para sobreviver, ent\u00e3o soltam sementes, e as mudinhas se transformam em \u00e1rvores lindas tr\u00eas anos depois. \u00c9 t\u00e3o bonito, e s\u00e3o nesses momentos que me sinto feliz e percebo que tomei a decis\u00e3o certa.<\/p>\n<p>Se voc\u00ea trouxer \u00e1rvores de fora e plant\u00e1-las, v\u00e1rios problemas surgir\u00e3o, como elas ficarem doentes, serem comidas por ratos ou n\u00e3o crescerem.<\/p>\n<p>Mesmo ao derrubar \u00e1rvores, n\u00e3o as cortamos todas de uma vez, mas sim deixamos as mais fortes e derrubamos as que est\u00e3o pr\u00f3ximas a elas. Selecionamos e derrubamos cuidadosamente cada \u00e1rvore na floresta, o que \u00e9 extremamente demorado, mas temos consci\u00eancia de deixar para tr\u00e1s \u00e1rvores saud\u00e1veis e, inevitavelmente, enriquecer a floresta.<\/p>\n<p>Sem \u00e1rvores grossas, as corujas n\u00e3o conseguem sobreviver, por isso temos o cuidado de deixar o m\u00e1ximo poss\u00edvel de \u00e1rvores grossas e robustas quando trabalhamos na silvicultura.&quot;<\/p>\n<figure class=\"wp-caption aligncenter\"><a href=\"https:\/\/photos.google.com\/share\/AF1QipNMbAzir-9NUEFZyYpjvWdBGyED9g8MNVVdFVmZl0YspGYI6orWJONbAiFsG40MCQ\/photo\/AF1QipOndsz14--TG5qvUZkLgOfUez3nBvh8w7j5YkA?key=ZFhxWExzLVBTcmY5dkYtOXFFZHgyQmpMZUNCQm5B\" target=\"_blank\"><img decoding=\"async\" src=\"https:\/\/lh3.googleusercontent.com\/pw\/AP1GczOiN9DcV_PNqu41HOWyf_ZhUF6qc_eYUKvsJfqHv5GcjrfBMiswPW4P0MlkKh8Vg6bW5M9ZjcAwsVenSJPXDigRIXDY4wSfZQ86II0eytjLPD2YSghTp3KFkrfKaH7ZSl1_Qw-PqFb3BMl59JDJpNLo=w2000-h1333-s-no-gm?authuser=0\" width=\"2000\" height=\"1333\" alt=\"As \u00e1rvores s\u00e3o observadas com aten\u00e7\u00e3o e cuidadas com o mesmo carinho que se dedica a uma crian\u00e7a.\" class=\"size-full\" \/><\/a><figcaption class=\"wp-caption-text\">As \u00e1rvores s\u00e3o observadas com aten\u00e7\u00e3o e cuidadas com o mesmo carinho que se dedica a uma crian\u00e7a.<\/figcaption><\/figure>\n<h3>Cozinha do Chef Hakusan Masaru<\/h3>\n<h4>Ch\u00e1 aperitivo: Ch\u00e1 de abeto vermelho<\/h4>\n<p><strong>\u2615\ufe0f Ami-san<\/strong><\/p>\n<p>&quot;Como este ch\u00e1 \u00e9 servido antes das refei\u00e7\u00f5es, criamos um aroma sutil e um sabor delicado para que n\u00e3o se sobreponha ao da comida.&quot;<\/p>\n<p>O ch\u00e1 de abeto \u00e9 raro, e quando o experimentei pela primeira vez, senti que se integrava instantaneamente ao meu corpo, com um sabor fresco e puro. Adicionar uma pitada de sal confere-lhe um sabor umami, semelhante ao de uma sopa.<\/p>\n<p>Um copo de &quot;Ch\u00e1 da Coluna&quot; \u00e9 servido como aperitivo e tamb\u00e9m \u00e9 usado como ch\u00e1 de segunda e terceira categoria no menu degusta\u00e7\u00e3o, como no caldo para molhos.<\/p>\n<p>O sabor do ch\u00e1 muda sutilmente dependendo de como \u00e9 preparado e do seu humor naquele dia. Voc\u00ea pode sentir a mudan\u00e7a no sabor a cada vez que o bebe, ent\u00e3o espero que todos o apreciem \u00e0 sua maneira.<\/p>\n<figure class=\"wp-caption aligncenter\"><a href=\"https:\/\/photos.google.com\/share\/AF1QipNMbAzir-9NUEFZyYpjvWdBGyED9g8MNVVdFVmZl0YspGYI6orWJONbAiFsG40MCQ\/photo\/AF1QipPjqjODrX7fM-fHKzulBK4gKRNhmiwbkVLnSp8?key=ZFhxWExzLVBTcmY5dkYtOXFFZHgyQmpMZUNCQm5B\" target=\"_blank\"><img decoding=\"async\" src=\"https:\/\/lh3.googleusercontent.com\/pw\/AP1GczNhI95LAV0buTeJ58DRhjaUJc0eFZH1FvW5WxzDWKp6yWVuY50WiLewl3-ZTZr8zX7UBOuVL4WmpBuSY8kYICV_4RR2SnlQH2MvY3wuSk7UdafCs26qJD3oJm5Pp8WsqsDDWVniqlqy_mUydUeD5Z4M=w2000-h1333-s-no-gm?authuser=0\" width=\"2000\" height=\"1333\" alt=\"O chef Hakusan prepara ch\u00e1 de abeto com esmero, utilizando \u00e1gua subat\u00f4mica.\" class=\"size-full\" \/><\/a><figcaption class=\"wp-caption-text\">O chef Hakusan prepara ch\u00e1 de abeto com esmero, utilizando \u00e1gua subat\u00f4mica.<\/figcaption><\/figure>\n<p>&quot;Quando se adiciona sal, fica com um sabor rico e nutritivo, como uma sopa. \u00c9 delicioso!&quot; exclamaram os participantes impressionados enquanto saboreavam lentamente o ch\u00e1.<\/p>\n<figure class=\"wp-caption aligncenter\"><a href=\"https:\/\/photos.google.com\/share\/AF1QipNMbAzir-9NUEFZyYpjvWdBGyED9g8MNVVdFVmZl0YspGYI6orWJONbAiFsG40MCQ\/photo\/AF1QipPC3FzGCVvX79yc0AfhWEtBIuMyA2MB-R8eKBI?key=ZFhxWExzLVBTcmY5dkYtOXFFZHgyQmpMZUNCQm5B\" target=\"_blank\"><img decoding=\"async\" src=\"https:\/\/lh3.googleusercontent.com\/pw\/AP1GczN9YT-3QPxuOoos5Oc3Ns6jTYGuLf0Bw5ILcQOoo0oo-0Whw1KnnfRL-9405t-zj0lEDOi4lcEJb3GWmPzRtmIeErMdg59vzKxezHiO__czxrnIuB2DZy10i8XU2V7fWomUm5HcGCpvcsR9_n4SkYdn=w2000-h1333-s-no-gm?authuser=0\" width=\"2000\" height=\"1333\" alt=\"Participantes apreciando o aroma do ch\u00e1 de abeto vermelho enquanto inclinam suas ta\u00e7as de vinho.\" class=\"size-full\" \/><\/a><figcaption class=\"wp-caption-text\">Participantes apreciando o aroma do ch\u00e1 de abeto vermelho enquanto inclinam suas ta\u00e7as de vinho.<\/figcaption><\/figure>\n<figure class=\"wp-caption aligncenter\"><a href=\"https:\/\/photos.google.com\/share\/AF1QipNMbAzir-9NUEFZyYpjvWdBGyED9g8MNVVdFVmZl0YspGYI6orWJONbAiFsG40MCQ\/photo\/AF1QipM0z2MV6kdGJWm8fp86idq9whj_FnZ9vLmB3DU?key=ZFhxWExzLVBTcmY5dkYtOXFFZHgyQmpMZUNCQm5B\" target=\"_blank\"><img decoding=\"async\" src=\"https:\/\/lh3.googleusercontent.com\/pw\/AP1GczNFvlTi5G4tXlo9uYztpo_m6jzvQ3WqAkYlTSfsS5dbvcEvs_nPr4dxwAfTOXEREWi93OdjoyLqnD0eFNoilzU8PVpwu31SqVuKuNSdnCMrPVZ-5he3KiTraUmgDCpcEHx77kQgvxf-f43RFr0TkErn=w2000-h1333-s-no-gm?authuser=0\" width=\"2000\" height=\"1333\" alt=\"Ami e Kamii saboreiam a energia vital do ch\u00e1 de abeto vermelho.\" class=\"size-full\" \/><\/a><figcaption class=\"wp-caption-text\">Ami e Kamii saboreiam a energia vital do ch\u00e1 de abeto vermelho.<\/figcaption><\/figure>\n<h4>Um prato de cenouras da Calif\u00f3rnia: um prato inspirado por uma caminhada pela floresta.<\/h4>\n<p><strong>\ud83c\udf78 Chef Hakusan<\/strong><\/p>\n<p>&quot;Ao misturar diversos ingredientes, incluindo flores da montanha, o resultado \u00e9 um sabor de p\u00eassego amarelo e uma variedade de outros aromas.&quot;<\/p>\n<p>Este prato apresenta cores vibrantes de cenouras, rabanetes, p\u00eassegos e flores comest\u00edveis, e o aroma acalmar\u00e1 sua alma, enquanto o sabor suave preencher\u00e1 seu corpo!!!<\/p>\n<figure class=\"wp-caption aligncenter\"><a href=\"https:\/\/photos.google.com\/share\/AF1QipNMbAzir-9NUEFZyYpjvWdBGyED9g8MNVVdFVmZl0YspGYI6orWJONbAiFsG40MCQ\/photo\/AF1QipOBFA6vZ3JZ0_R9bMcnW5KpJZJcKTlc5uRnDKw?key=ZFhxWExzLVBTcmY5dkYtOXFFZHgyQmpMZUNCQm5B\" target=\"_blank\"><img decoding=\"async\" src=\"https:\/\/lh3.googleusercontent.com\/pw\/AP1GczNYs71mtMmEVxIJJH6WDs0dxb0VDvhHBdh4yG-fnWHAD1HPH9zxomdNiCGnFAHiLF6z32CbTNKWkBUG6Yga_eOZHSM3S4D2K4uMKOIt4yEO60J0z3e-q5sWW5E1e0RFhAkCOqtrCxEU5S0pizd5o-rY=w2000-h1333-s-no-gm?authuser=0\" width=\"2000\" height=\"1333\" alt=\"Chef Hakusan\" class=\"size-full\" \/><\/a><figcaption class=\"wp-caption-text\">Chef Hakusan<\/figcaption><\/figure>\n<figure class=\"wp-caption alignnone\"><a href=\"https:\/\/photos.google.com\/share\/AF1QipNMbAzir-9NUEFZyYpjvWdBGyED9g8MNVVdFVmZl0YspGYI6orWJONbAiFsG40MCQ\/photo\/AF1QipPzrjxDqENDugX_dQ_FUrfpS7RomSyusUng5co?key=ZFhxWExzLVBTcmY5dkYtOXFFZHgyQmpMZUNCQm5B\" target=\"_blank\"><img decoding=\"async\" src=\"https:\/\/lh3.googleusercontent.com\/pw\/AP1GczOSxr08D6iGlbZJjeaq8xu_ZfBwMfhmpErXL44SCbTAR4Qmhf551yQsWE2aLTamJyB6vznkfmJAP-FUS52TBS8JuiC9RZS-nZV_Tz42f5P0UyviDxnBjI-_XUVHTfaovsVnmyWPKEMwLmbihHrSseUU=w2000-h1333-s-no-gm?authuser=0\" width=\"2000\" height=\"1333\" alt=\"Um prato de cenouras da Calif\u00f3rnia\" class=\"size-full\" \/><\/a><figcaption class=\"wp-caption-text\">Um prato de cenouras da Calif\u00f3rnia<\/figcaption><\/figure>\n<h4>Cobertura de caranguejo para imitar um rio<\/h4>\n<p><strong>\ud83c\udf78 Chef Hakusan<\/strong><\/p>\n<p>&quot;\u00c9 um prato que d\u00e1 a sensa\u00e7\u00e3o de fluir da floresta para o rio.&quot;<\/p>\n<figure class=\"wp-caption aligncenter\"><a href=\"https:\/\/photos.google.com\/share\/AF1QipNMbAzir-9NUEFZyYpjvWdBGyED9g8MNVVdFVmZl0YspGYI6orWJONbAiFsG40MCQ\/photo\/AF1QipMRlvD7Uci0Z0bG-r_4cuiphXevI0BkRYUG9Y0?key=ZFhxWExzLVBTcmY5dkYtOXFFZHgyQmpMZUNCQm5B\" target=\"_blank\"><img decoding=\"async\" src=\"https:\/\/lh3.googleusercontent.com\/pw\/AP1GczMtasm7H8_AFsvfVRkzLY8NsHPi_YkoYLQsOX5A_V8W1-LTXl97WFCtp1TYEeeIX_TIjTX5WC3h-e2zBjmsQcP_I_ohZ0Tok5hvoKM5NscCujCB3vtIqJY44DP9GGFv1x-Mo6wvuvye7Qc8tMEf9KXv=w2000-h1333-s-no-gm?authuser=0\" width=\"2000\" height=\"1333\" alt=\"O Chef Hakusan explica\" class=\"size-full\" \/><\/a><figcaption class=\"wp-caption-text\">O Chef Hakusan explica<\/figcaption><\/figure>\n<p>O prato, disposto em uma massa de rolinho primavera, apresenta vegetais como rabanete daikon seco, cogumelos maitake e aipo, que criam uma misteriosa harmonia de sabores que se complementam, resultando em um prato fant\u00e1stico que parece flutuar suavemente em um rio de molho verde vibrante!<\/p>\n<p>Os dois caranguejos brincando em cima do creme s\u00e3o t\u00e3o fofos!<\/p>\n<figure class=\"wp-caption alignnone\"><a href=\"https:\/\/photos.google.com\/share\/AF1QipNMbAzir-9NUEFZyYpjvWdBGyED9g8MNVVdFVmZl0YspGYI6orWJONbAiFsG40MCQ\/photo\/AF1QipOg5tKlbEl1aw6YAlzr23szVJ3OLdtQocAKYLQ?key=ZFhxWExzLVBTcmY5dkYtOXFFZHgyQmpMZUNCQm5B\" target=\"_blank\"><img decoding=\"async\" src=\"https:\/\/lh3.googleusercontent.com\/pw\/AP1GczMhCvzv_X9jHQYxHXjJDeG_EwWCfmeFfHZxvfcdCksW4tg7NglkoWuFV9p3sKAdo5Wfrn7tfmLaxPSA-1xa3haxV5-vInwKbeP_7m6UfOHjZQR95ZTb0s_gfm6I8CAbTWV9rEnrQoWkdeSTM1UO0vUZ=w2000-h1333-s-no-gm?authuser=0\" width=\"2000\" height=\"1333\" alt=\"Um prato inspirado em um rio.\" class=\"size-full\" \/><\/a><figcaption class=\"wp-caption-text\">Um prato inspirado em um rio.<\/figcaption><\/figure>\n<h4>Imagem do mar<\/h4>\n<p><strong>\ud83c\udf78 Chef Hakusan<\/strong><\/p>\n<p>&quot;Estes pratos s\u00e3o inspirados em peixes do mar.&quot;<\/p>\n<p>Este prato evoca o mundo oce\u00e2nico com um molho feito de cuscuz e folhas de nabo, um pur\u00ea de abacate verde e aspargos frescos da esta\u00e7\u00e3o, finalizado com um peixe monaka!<\/p>\n<figure class=\"wp-caption aligncenter\"><a href=\"https:\/\/photos.google.com\/share\/AF1QipNMbAzir-9NUEFZyYpjvWdBGyED9g8MNVVdFVmZl0YspGYI6orWJONbAiFsG40MCQ\/photo\/AF1QipNr3CYEIDdLEnlnIdu1pQeXYF1oRvEL5L4AonM?key=ZFhxWExzLVBTcmY5dkYtOXFFZHgyQmpMZUNCQm5B\" target=\"_blank\"><img decoding=\"async\" src=\"https:\/\/lh3.googleusercontent.com\/pw\/AP1GczOf8xDk0Bt6Pfag1XsErJYiyQJ9mzcV7808lCQecI9nV_k3ZZJrC2rYHSoO5bjcnSjakQiTFNBxRr2eDdoL5oV_UAk54vSl2LiK5BhBeWkxhe5B9dDoqElHYnGm6Jh3ID6z9lJkDO2TlCRLOsDwoTYk=w2000-h1333-s-no-gm?authuser=0\" width=\"2000\" height=\"1333\" alt=\"Um prato inspirado no mar.\" class=\"size-full\" \/><\/a><figcaption class=\"wp-caption-text\">Um prato inspirado no mar.<\/figcaption><\/figure>\n<h4>Biscoitos feitos de trigo ancestral e carv\u00e3o, em formato de espinha de peixe.<\/h4>\n<p>Fiquei surpresa com os biscoitos em formato de espinha de peixe da Monaka!!<\/p>\n<figure class=\"wp-caption alignnone\"><a href=\"https:\/\/photos.google.com\/share\/AF1QipNMbAzir-9NUEFZyYpjvWdBGyED9g8MNVVdFVmZl0YspGYI6orWJONbAiFsG40MCQ\/photo\/AF1QipMjW0Fhpnn3cr9IWtFy5lNR8Sq5Q0wh-rM37kg?key=ZFhxWExzLVBTcmY5dkYtOXFFZHgyQmpMZUNCQm5B\" target=\"_blank\"><img decoding=\"async\" src=\"https:\/\/lh3.googleusercontent.com\/pw\/AP1GczNR_iAO5mi8eq5bjskdCDk79fGjNLNMFKzbyk7e7t0UrMATKWez7_pj5gbdvV8Xm6buK4Kmq8i9D8FeJjKMP8-iAQAzXdHyjfrSWvUt26hzeKToB4iEBelwXqHAFi3pcUc2tes0NCyLEU_jUpYPaFAH=w2000-h1333-s-no-gm?authuser=0\" width=\"2000\" height=\"1333\" alt=\"Biscoitos antigos de trigo e carv\u00e3o\" class=\"size-full\" \/><\/a><figcaption class=\"wp-caption-text\">Biscoitos antigos de trigo e carv\u00e3o<\/figcaption><\/figure>\n<p><strong>\ud83c\udf78 Chef Hakusan<\/strong><\/p>\n<p>&quot;\u00c9 uma refei\u00e7\u00e3o completa que conta a hist\u00f3ria da ida da floresta ao rio, do rio ao mar e, em seguida, de volta \u00e0 floresta.&quot;<\/p>\n<h4>Sobremesa <\/h4>\n<p>Este sandu\u00edche monaka de urso super fofo com sorvete de tapioca e o bumbum virado para voc\u00ea \u00e9 muito ador\u00e1vel \u2764\ufe0f<\/p>\n<p>O sabor agridoce e o toque ligeiramente amargo do kumquat harmonizam todo o prato, satisfazendo tanto o corpo quanto a mente!<\/p>\n<p>Um urso ligeiramente torcido de costas para voc\u00ea, sorvete de tapioca monaka e geleia de kumquat.<\/p>\n<figure class=\"wp-caption aligncenter\"><a href=\"https:\/\/photos.google.com\/share\/AF1QipNMbAzir-9NUEFZyYpjvWdBGyED9g8MNVVdFVmZl0YspGYI6orWJONbAiFsG40MCQ\/photo\/AF1QipPN35luPDifKjsVnQUHJmY9cwmrlbuy3Gg82pM?key=ZFhxWExzLVBTcmY5dkYtOXFFZHgyQmpMZUNCQm5B\" target=\"_blank\"><img decoding=\"async\" src=\"https:\/\/lh3.googleusercontent.com\/pw\/AP1GczO3C-jtR8p4GqjfN0cbl7JgICFpEbxHcNw1MlEdIUxYAcYFQgBmawUz7m9VchFfMepXbAx3jB_o7rICvWTzMKU25TI8T9_oDK4uBJ3Xy8A-x1AGzSYGhTdpDlEzP8JIgyKSjNau3TEsxyF5TUQtU1gR=w2000-h1333-s-no-gm?authuser=0\" width=\"2000\" height=\"1333\" alt=\"Sorvete de urso monaka e gel\u00e9ia de kumquat\" class=\"size-full\" \/><\/a><figcaption class=\"wp-caption-text\">Sorvete de urso monaka e gel\u00e9ia de kumquat<\/figcaption><\/figure>\n<figure class=\"wp-caption aligncenter\"><a href=\"https:\/\/photos.google.com\/share\/AF1QipNMbAzir-9NUEFZyYpjvWdBGyED9g8MNVVdFVmZl0YspGYI6orWJONbAiFsG40MCQ\/photo\/AF1QipOVHJaP8sSOYDEum4M34nv3Voi36nfkly0VhSU?key=ZFhxWExzLVBTcmY5dkYtOXFFZHgyQmpMZUNCQm5B\" target=\"_blank\"><img decoding=\"async\" src=\"https:\/\/lh3.googleusercontent.com\/pw\/AP1GczOF6TXIZxpilisic2vQHcjB3G6IlMFtuoNNc-6Hqqq5vOhlAX64scw9pnjjt6cjYtl3pZC-tD9bEbIoRBYE6-JLBbF1KmupGbYp2vtBMjVGgKHobaj2Xtext0rHOIPcw9BdVgl8uTi7Tin3w-uY_mOy=w2000-h1333-s-no-gm?authuser=0\" width=\"2000\" height=\"1333\" alt=\"Monaka com sorvete de tapioca\" class=\"size-full\" \/><\/a><figcaption class=\"wp-caption-text\">Monaka com sorvete de tapioca<\/figcaption><\/figure>\n<figure class=\"wp-caption aligncenter\"><a href=\"https:\/\/photos.google.com\/share\/AF1QipNMbAzir-9NUEFZyYpjvWdBGyED9g8MNVVdFVmZl0YspGYI6orWJONbAiFsG40MCQ\/photo\/AF1QipMEJuQxy-LyXdzb7b0Lhrij3254UOUj2n9v5ak?key=ZFhxWExzLVBTcmY5dkYtOXFFZHgyQmpMZUNCQm5B\"><img decoding=\"async\" src=\"https:\/\/lh3.googleusercontent.com\/pw\/AP1GczMmIY4sMGfSJsdFY5oCKSyKcVyXnuAjuM6DELRuph-jLu-tVm9hxm3QD85sUDPl_6DsgohlkT5Ta0ZAcLPgvzGhhZZzBaifr_WPvdCZdf6ktR0yyb901IIXzShHjUK06TCXSlVZLI_L2AghIMQ0qg8K=w2000-h1333-s-no-gm?authuser=0\" width=\"2000\" height=\"1333\" alt=\"Todos apreciando a comida.\" class=\"size-full\" \/><\/a><figcaption class=\"wp-caption-text\">Todos apreciando a comida.<\/figcaption><\/figure>\n<h4>Bolinhos de trigo ancestrais<\/h4>\n<figure class=\"wp-caption aligncenter\"><a href=\"https:\/\/photos.google.com\/share\/AF1QipNMbAzir-9NUEFZyYpjvWdBGyED9g8MNVVdFVmZl0YspGYI6orWJONbAiFsG40MCQ\/photo\/AF1QipMpOU9UuUYli9AeuSWl6TyjKyfo2-rYEg3kssw?key=ZFhxWExzLVBTcmY5dkYtOXFFZHgyQmpMZUNCQm5B\" target=\"_blank\"><img decoding=\"async\" src=\"https:\/\/lh3.googleusercontent.com\/pw\/AP1GczOGmfOZNbObJI1Nf8pMtLPVmTlSUmMtZuFNfL1ZmpxqA53DCqkxSfi6gMn5httpSUXRHOcmCiVvtT1mY9LdodzW9L4cNuQJitW2FWyi9nQrSWiukB76PZxlo4oaJukWYCMGPI3HvsMuPvUMHujmBzrm=w2000-h1333-s-no-gm?authuser=0\" width=\"2000\" height=\"1333\" alt=\"Bolinhos de trigo ancestral\" class=\"size-full\" \/><\/a><figcaption class=\"wp-caption-text\">Bolinhos de trigo ancestral<\/figcaption><\/figure>\n<h4>Bolinho da Esperan\u00e7a<\/h4>\n<figure class=\"wp-caption aligncenter\"><a href=\"https:\/\/photos.google.com\/share\/AF1QipNMbAzir-9NUEFZyYpjvWdBGyED9g8MNVVdFVmZl0YspGYI6orWJONbAiFsG40MCQ\/photo\/AF1QipPafAwPxkvdekzhf_foqckysE2JJdDSCWW8P0U?key=ZFhxWExzLVBTcmY5dkYtOXFFZHgyQmpMZUNCQm5B\" target=\"_blank\"><img decoding=\"async\" src=\"https:\/\/lh3.googleusercontent.com\/pw\/AP1GczO_Kld79VgeMN4yFJOI67reoRRuE1oQLHMtF1fL15ta_L-YnABGENcPZ9gV9dT9wPhZVF_wOEwMpKTo7TpCt6JMYZLwWdYEAId7XWIdFWtjw-XnLdTrZtK43UbewBI8DCb2xwYGPTfN1UuakjefwHdk=w2000-h1333-s-no-gm?authuser=0\" width=\"2000\" height=\"1333\" alt=\"Bolinho da Esperan\u00e7a\" class=\"size-full\" \/><\/a><figcaption class=\"wp-caption-text\">Bolinho da Esperan\u00e7a<\/figcaption><\/figure>\n<h4>Ch\u00e1 de menta japon\u00eas: um ch\u00e1 de sabor suave e delicado.<\/h4>\n<ul>\n<li>Ch\u00e1 de hortel\u00e3-pimenta combinado com ch\u00e1 verde torrado sem pesticidas da prov\u00edncia de Shiga.<\/li>\n<li>Ch\u00e1 preparado com a \u00e1gua subat\u00f4mica de Hakusan<\/li>\n<\/ul>\n<figure class=\"wp-caption aligncenter\"><a href=\"https:\/\/photos.google.com\/share\/AF1QipNMbAzir-9NUEFZyYpjvWdBGyED9g8MNVVdFVmZl0YspGYI6orWJONbAiFsG40MCQ\/photo\/AF1QipOfpDBK_ZCZti_e8h4QUYXnylh9yS_J-g4LxWs?key=ZFhxWExzLVBTcmY5dkYtOXFFZHgyQmpMZUNCQm5B\" target=\"_blank\"><img decoding=\"async\" src=\"https:\/\/lh3.googleusercontent.com\/pw\/AP1GczMt7ddmOBkgWPi8lfHUpvhL65_xSm2D1P6SUAZUtA62K8e1OlS7pdbO90U3DvYWRaQZwDUuQVvviDpj5mAItvfqOaEaDdmMgSdz76NhIElokLje8Og-7AYyESqmGvzPerEEiaTGUuEAuqH_h28rGTfH=w2000-h1500-s-no-gm?authuser=0\" width=\"2000\" height=\"1500\" alt=\"Ch\u00e1 de menta japon\u00eas\" class=\"size-full\" \/><\/a><figcaption class=\"wp-caption-text\">Ch\u00e1 de menta japon\u00eas<\/figcaption><\/figure>\n<figure class=\"wp-caption aligncenter\"><a href=\"https:\/\/photos.google.com\/share\/AF1QipNMbAzir-9NUEFZyYpjvWdBGyED9g8MNVVdFVmZl0YspGYI6orWJONbAiFsG40MCQ\/photo\/AF1QipOcIP9H5oIXtzPmDsUQ0vh30_yETEhSYs-3iKk?key=ZFhxWExzLVBTcmY5dkYtOXFFZHgyQmpMZUNCQm5B\" target=\"_blank\"><img decoding=\"async\" src=\"https:\/\/lh3.googleusercontent.com\/pw\/AP1GczP9nMyDpfs9OgmJ1FrrnTDnwMMEp0LNpZLEx1A-EsHhaWrFLDjUh30mABJH1nETLSR0QH5ecBQubslnzEA0qfM-e2t-E8j0zDmIylBRLw3t0BcpJHhBOL3qe2cKt3XjuObfrjNb0RkMj11XL3RPaG1O=w2000-h1500-s-no-gm?authuser=0\" width=\"2000\" height=\"1500\" alt=\"Os deliciosos ch\u00e1s e doces de nozes da Ami\" class=\"size-full\" \/><\/a><figcaption class=\"wp-caption-text\">Os deliciosos ch\u00e1s e doces de nozes da Ami<\/figcaption><\/figure>\n<figure class=\"wp-caption aligncenter\"><a href=\"https:\/\/photos.google.com\/share\/AF1QipNMbAzir-9NUEFZyYpjvWdBGyED9g8MNVVdFVmZl0YspGYI6orWJONbAiFsG40MCQ\/photo\/AF1QipP7X3WNUtNEPQilE8sILsTrQtpo6z1XJojwgGc?key=ZFhxWExzLVBTcmY5dkYtOXFFZHgyQmpMZUNCQm5B\" target=\"_blank\"><img decoding=\"async\" src=\"https:\/\/lh3.googleusercontent.com\/pw\/AP1GczPrlNMmnKSMNVRAe2JzClVj3g-tah1s3j3bnSrLhC4qek6Jyck7nM_UgPN-52EjQLliD3Cif_eIo7Mol24D_K-mgG78IjRSAV5y48MXgSgjmrCxwZlYCWfUK21QpX5mSWwWPEmdT20lZi_bmhV81M8O=w2000-h1333-s-no-gm?authuser=0\" width=\"2000\" height=\"1333\" alt=\"Chef Hakusan e Tatsuya Uei\" class=\"size-full\" \/><\/a><figcaption class=\"wp-caption-text\">Chef Hakusan e Tatsuya Uei<\/figcaption><\/figure>\n<figure class=\"wp-caption aligncenter\"><a href=\"https:\/\/photos.google.com\/share\/AF1QipNMbAzir-9NUEFZyYpjvWdBGyED9g8MNVVdFVmZl0YspGYI6orWJONbAiFsG40MCQ\/photo\/AF1QipNEeh-qDSA5NhEVE-LGLjIukFQnEoM8Y5O0KuM?key=ZFhxWExzLVBTcmY5dkYtOXFFZHgyQmpMZUNCQm5B\" target=\"_blank\"><img decoding=\"async\" src=\"https:\/\/lh3.googleusercontent.com\/pw\/AP1GczOzOfnhGIHHvWZHo3Y_AQmaF__ahRYJ5WuuvDwsxTW58sfs9gk5TbrsBhjeqoL2t35-_xG0JXVzLErVZDgmfK-V27N4tFgtUMIUEXAOxseVv3BacxjY1ubbtXVFcLBPELGg7xj8AC75YEpvUZpv1mSG=w2000-h1333-s-no-gm?authuser=0\" width=\"2000\" height=\"1333\" alt=\"Um espa\u00e7o onde voc\u00ea pode sentir o ciclo da vida na natureza...\" class=\"size-full\" \/><\/a><figcaption class=\"wp-caption-text\">Um espa\u00e7o onde voc\u00ea pode sentir o ciclo da vida na natureza...<\/figcaption><\/figure>\n<p>Um maravilhoso ch\u00e1 da tarde, organizado por pessoas cujas almas se alinham, incluindo &quot;Ami-san&quot;, a criadora do ch\u00e1, &quot;Uei Tatsuya, o lenhador&quot;, o pai dos ingredientes, e o chef de cozinha art\u00edstica &quot;Chef Hakusan Masaru do L&#039;Esperance&quot;!!!<\/p>\n<p>Com amor, gratid\u00e3o e ora\u00e7\u00e3o sem limites, compartilhamos momentos preciosos com pessoas que reconhecem o ciclo da vida em todos os seres vivos e que valorizam e apreciam as pequenas coisas do seu dia a dia...<\/p>\n<figure class=\"wp-caption aligncenter\"><a href=\"https:\/\/photos.google.com\/share\/AF1QipNMbAzir-9NUEFZyYpjvWdBGyED9g8MNVVdFVmZl0YspGYI6orWJONbAiFsG40MCQ\/photo\/AF1QipMziKkxeDk4oF2MgS_g1GUf4Nj1h_XEjthZLi8?key=ZFhxWExzLVBTcmY5dkYtOXFFZHgyQmpMZUNCQm5B\" target=\"_blank\"><img decoding=\"async\" src=\"https:\/\/lh3.googleusercontent.com\/pw\/AP1GczN-PqbP57Ky_X2n0ahx-94KmlZ7V1gUtV9y5K3MMEc8vT9fMSuGSs5amHTiVQZ8b1n0_Yn02k_z6-X_bFchXrI_0YDB9kCa9tsx--NU_z184Pr54tQx_X3m2Bq4zVuNIw4v8x3phV1tnB8p_A7_46R3=w2000-h1500-s-no-gm?authuser=0\" width=\"2000\" height=\"1500\" alt=\"Brotos de primavera &quot;salgueiro-gato&quot;\" class=\"size-full\" \/><\/a><figcaption class=\"wp-caption-text\">Brotos de primavera &quot;salgueiro-gato&quot;<\/figcaption><\/figure>\n<h2>v\u00eddeos do YouTube<\/h2>\n<div class=\"youtube\"><iframe title=\"O ciclo da vida que conecta a floresta e o mar: &quot;A hist\u00f3ria do ch\u00e1 Picea Glehnga tecida em um dia de chuva de gr\u00e3os&quot; - Uma conversa com Tatsuya Ueii (Shizenshita) e Ami (Gofujuuu) @ L&#039;Esperance (Sapporo)\" src=\"https:\/\/www.youtube.com\/embed\/v-gHeWMSPPQ?feature=oembed\" frameborder=\"0\" allow=\"accelerometer; autoplay; clipboard-write; encrypted-media; gyroscope; picture-in-picture; web-share\" referrerpolicy=\"strict-origin-when-cross-origin\" allowfullscreen><\/iframe><\/div>\n<h2>Outras fotos<\/h2>\n<div class=\"img-move\"><img decoding=\"async\" style=\"vertical-align: middle;\" src=\"https:\/\/ehokkaido.net\/wp-content\/uploads\/2021\/12\/2021-12-06-11.41.12.png\" \/> <a href=\"https:\/\/photos.app.goo.gl\/tSTAjUnXiideg3uZ6\" target=\"_blank\" rel=\"noopener noreferrer\">Fotos (91 fotos) da Cerim\u00f4nia do Ch\u00e1 no L&#039;Esperance &quot;Uma conversa entre Uehi de Shizenka e Ami de Gofujuuame&quot; est\u00e3o aqui &gt;&gt;<\/a><\/div>\n<h2>Sites relacionados<\/h2>\n<div class=\"img-move\">\n\ud83c\udf32 <a href=\"https:\/\/shizenka.net\/\" target=\"_blank\">Site da silvicultura de corte aut\u00f4nomo &quot;Shizen-shita&quot;<\/a>\ud83c\udf32 <a href=\"https:\/\/www.instagram.com\/shizenka2020\/\" target=\"_blank\">Instagram<\/a><br \/>\n\u2615\ufe0f <a href=\"https:\/\/9481647166.amebaownd.com\" target=\"_blank\">Site do restaurante org\u00e2nico &quot;Gofujuu&quot;<\/a>\u2615\ufe0f <a href=\"https:\/\/www.instagram.com\/gofuujuu\" target=\"_blank\">Instagram<\/a><br \/>\n\ud83c\udf78 <a href=\"https:\/\/lesperancevegan.wixsite.com\/veganfrench\" target=\"_blank\">Site do restaurante vegetariano\/vegano &quot;L&#039;Esperance&quot;<\/a>\ud83c\udf78 <a href=\"https:\/\/www.instagram.com\/lesperance.sapporo\/\" target=\"_blank\">Instagram<\/a><\/div>\n<h2>Artigos relacionados<\/h2>\n\n        <div class=\"site-blogcard-premium\">\n            <div class=\"bc-label-custom\">Artigos relacionados<\/div>\n            <div class=\"bc-flex-container\">\n                <div class=\"bc-main-text\">\n                    <div class=\"bc-title-link-box\">\n                        <a href=\"https:\/\/portal.hokuryu.info\/pt\/57436\/\" target=\"_blank\">https:\/\/portal.hokuryu.info\/57436<\/a>\n                    <\/div>\n                    <div class=\"bc-excerpt-box\">N\u00e3o foi poss\u00edvel recuperar as informa\u00e7\u00f5es da p\u00e1gina.<\/div>\n                <\/div>\n                <div class=\"bc-thumbnail-box\">\n                    <a href=\"https:\/\/portal.hokuryu.info\/pt\/57436\/\" target=\"_blank\">\n                        <div class=\"bc-img-zoom-wrap\">\n                            <img decoding=\"async\" src=\"https:\/\/portal.hokuryu.info\/wp\/wp-content\/uploads\/2026\/02\/20230802DSC06445_1.jpg\" alt=\"https:\/\/portal.hokuryu.info\/57436\">\n                        <\/div>\n                    <\/a>\n                <\/div>\n            <\/div>\n        <\/div>\n\n        <div class=\"site-blogcard-premium\">\n            <div class=\"bc-label-custom\">Artigos relacionados<\/div>\n            <div class=\"bc-flex-container\">\n                <div class=\"bc-main-text\">\n                    <div class=\"bc-title-link-box\">\n                        <a href=\"https:\/\/portal.hokuryu.info\/pt\/3822\/\" target=\"_blank\">https:\/\/portal.hokuryu.info\/3822<\/a>\n                    <\/div>\n                    <div class=\"bc-excerpt-box\">N\u00e3o foi poss\u00edvel recuperar as informa\u00e7\u00f5es da p\u00e1gina.<\/div>\n                <\/div>\n                <div class=\"bc-thumbnail-box\">\n                    <a href=\"https:\/\/portal.hokuryu.info\/pt\/3822\/\" target=\"_blank\">\n                        <div class=\"bc-img-zoom-wrap\">\n                            <img decoding=\"async\" src=\"https:\/\/portal.hokuryu.info\/wp\/wp-content\/uploads\/2026\/02\/20230802DSC06445_1.jpg\" alt=\"https:\/\/portal.hokuryu.info\/3822\">\n                        <\/div>\n                    <\/a>\n                <\/div>\n            <\/div>\n        <\/div>\n<p>\u3000<br \/>\n\u25c7 <a href=\"https:\/\/portal.hokuryu.info\/pt\/38127\/#outline_1__7_2_1\">Fotografia, edi\u00e7\u00e3o e gerenciamento de site: Noboru Terauchi Escritor: Ikuko Terauchi<\/a><\/p>","protected":false},"excerpt":{"rendered":"<p>\uff12\uff10\uff12\uff15\u5e74\uff14\u6708\uff12\uff14\u65e5\uff08\u6728\uff09 \uff14\u6708\uff12\uff10\u65e5\uff08\u65e5\uff09\u306f\u3001\u4e8c\u5341\u56db\u7bc0\u6c17\u300c\u7a40\u96e8\uff08\u3053\u304f\u3046\uff09\u300d\u306e\u65e5\u3002\u7a40\u96e8\u306f\u3001\u300c\u96e8\u964d\u3063\u3066\u767e\u7a40\u3092\u6f64\u3059\u300d\u3068\u3055\u308c\u3001\u67d4\u3089\u304b\u304f\u6696\u304b\u306a\u96e8\u304c\u964d\u308a\u7530\u7551\u3092\u6f64\u3059\u5b63\u7bc0\u3002\u305d\u306e\u65e5\u3082\u6625\u306e\u65b0\u82bd\u9054\u306b\u6f64\u3044\u3092\u4e0e\u3048\u308b\u304b\u306e\u3088\u3046\u306b [&hellip;]<\/p>\n","protected":false},"author":1,"featured_media":57796,"comment_status":"open","ping_status":"open","sticky":false,"template":"","format":"standard","meta":{"footnotes":""},"categories":[4,35],"tags":[],"class_list":["post-57703","post","type-post","status-publish","format-standard","has-post-thumbnail","hentry","category-cover-story","category-shizenka"],"_links":{"self":[{"href":"https:\/\/portal.hokuryu.info\/pt\/wp-json\/wp\/v2\/posts\/57703","targetHints":{"allow":["GET"]}}],"collection":[{"href":"https:\/\/portal.hokuryu.info\/pt\/wp-json\/wp\/v2\/posts"}],"about":[{"href":"https:\/\/portal.hokuryu.info\/pt\/wp-json\/wp\/v2\/types\/post"}],"author":[{"embeddable":true,"href":"https:\/\/portal.hokuryu.info\/pt\/wp-json\/wp\/v2\/users\/1"}],"replies":[{"embeddable":true,"href":"https:\/\/portal.hokuryu.info\/pt\/wp-json\/wp\/v2\/comments?post=57703"}],"version-history":[{"count":0,"href":"https:\/\/portal.hokuryu.info\/pt\/wp-json\/wp\/v2\/posts\/57703\/revisions"}],"wp:featuredmedia":[{"embeddable":true,"href":"https:\/\/portal.hokuryu.info\/pt\/wp-json\/wp\/v2\/media\/57796"}],"wp:attachment":[{"href":"https:\/\/portal.hokuryu.info\/pt\/wp-json\/wp\/v2\/media?parent=57703"}],"wp:term":[{"taxonomy":"category","embeddable":true,"href":"https:\/\/portal.hokuryu.info\/pt\/wp-json\/wp\/v2\/categories?post=57703"},{"taxonomy":"post_tag","embeddable":true,"href":"https:\/\/portal.hokuryu.info\/pt\/wp-json\/wp\/v2\/tags?post=57703"}],"curies":[{"name":"wp","href":"https:\/\/api.w.org\/{rel}","templated":true}]}}