{"id":56941,"date":"2025-04-02T13:36:28","date_gmt":"2025-04-02T04:36:28","guid":{"rendered":"https:\/\/portal.hokuryu.info\/?p=56941"},"modified":"2025-05-22T08:16:59","modified_gmt":"2025-05-21T23:16:59","slug":"%e9%9b%86%e8%90%bd%e6%94%af%e6%8f%b4%e5%93%a1%e3%83%bb%e5%9c%b0%e5%9f%9f%e3%81%8a%e3%81%93%e3%81%97%e5%8d%94%e5%8a%9b%e9%9a%8a%e5%93%a1%e6%9c%88%e4%be%8b%e4%bc%9a-%ef%bc%86-%e9%80%81%e5%88%a5%e4%bc%9a","status":"publish","type":"post","link":"https:\/\/portal.hokuryu.info\/pt\/56941\/","title":{"rendered":"Reuni\u00e3o mensal e festa de despedida para apoiadores da vila e volunt\u00e1rios locais de revitaliza\u00e7\u00e3o @Kitchen Seisei"},"content":{"rendered":"<p>Quarta-feira, 2 de abril de 2025<\/p>\n<p>A reuni\u00e3o mensal dos membros da equipe de coopera\u00e7\u00e3o para a revitaliza\u00e7\u00e3o local e da equipe de apoio \u00e0 aldeia, bem como a festa de despedida da integrante da equipe de coopera\u00e7\u00e3o para a revitaliza\u00e7\u00e3o local, Yui Sasaki, cujo mandato termina no final de mar\u00e7o, foi realizada na Cozinha Harebare a partir das 17h30 da quarta-feira, 26 de mar\u00e7o.<\/p>\n<h2>Reuni\u00f5es mensais para apoiadores da aldeia e membros da equipe de coopera\u00e7\u00e3o para a revitaliza\u00e7\u00e3o local.<\/h2>\n<p>Entre os participantes estavam o prefeito Sasaki Yasuhiro, o vice-prefeito Okuda Masaaki, a chefe da Divis\u00e3o de Planejamento e Promo\u00e7\u00e3o Kawamoto Yayoi, o vereador Mori Chiaki, o oficial de apoio \u00e0 comunidade Murakami Nobuyuki, a integrante da Equipe de Coopera\u00e7\u00e3o para a Revitaliza\u00e7\u00e3o Regional Sasaki Yui e os oficiais de apoio \u00e0 comunidade Terauchi Noboru e Ikuko.<\/p>\n<p>Uma festa de despedida foi realizada no Kitchen Harebare, um restaurante de culin\u00e1ria ocidental administrado pelos ex-volunt\u00e1rios locais de revitaliza\u00e7\u00e3o Nishijima Yasuhide e Nakano Chiaki.<\/p>\n<figure class=\"wp-caption aligncenter\"><a href=\"https:\/\/photos.google.com\/share\/AF1QipOIrn-Ps3qJMcseHqL3U--R-syy_H8N9tTDPr0Bd3YcgwUnMETdNfhWzYarDxp9QQ\/photo\/AF1QipM3mSxt_8wq8eu2DOooRN1aoedQwWxEpTqvgjM?key=ZlhmbFlBZTZTQTd6aVlGekVaczRKU2VxQkFLcmp3\" target=\"_blank\"><img decoding=\"async\" src=\"https:\/\/lh3.googleusercontent.com\/pw\/AP1GczOGXgLVQzimnE6g6-7OVmFWPT7pikQZ-yDdACJVAcHsmJx5RPlHmx9JIlK295_ke3PvHQTtgwsCGc96TCTQY7ujvDhkUw4dJn9V-laECLftu6jBCja0hLJ4Lm11guv7Dw7ZaU1TwpTS-2kGNH-FF_oH=w2000-h1500-s-no-gm?authuser=0\" width=\"2000\" height=\"1500\" alt=\"Reuni\u00f5es mensais para apoiadores da aldeia e membros da equipe de coopera\u00e7\u00e3o para a revitaliza\u00e7\u00e3o local.\" class=\"size-full\" \/><\/a><figcaption class=\"wp-caption-text\">Reuni\u00f5es mensais de apoiadores da aldeia e membros da equipe de coopera\u00e7\u00e3o para a revitaliza\u00e7\u00e3o local.<\/figcaption><\/figure>\n<h2>Festa de despedida para Yui Sasaki, volunt\u00e1ria local de revitaliza\u00e7\u00e3o.<\/h2>\n<h3>Sauda\u00e7\u00f5es de Yui Sasaki<\/h3>\n<figure class=\"wp-caption aligncenter\"><a href=\"https:\/\/photos.google.com\/share\/AF1QipOIrn-Ps3qJMcseHqL3U--R-syy_H8N9tTDPr0Bd3YcgwUnMETdNfhWzYarDxp9QQ\/photo\/AF1QipO2MTtRdIAGrorzFlZNI3Dqu43tgmFa3YgIR0I?key=ZlhmbFlBZTZTQTd6aVlGekVaczRKU2VxQkFLcmp3\" target=\"_blank\"><img decoding=\"async\" src=\"https:\/\/lh3.googleusercontent.com\/pw\/AP1GczOoljUpXYpeC52MH6EXe8JvqAhmt7_vcP_665Hz-B7atQiMiXmITMCB07KDGrMIYqGEfq2wiDy3JFJG4VtupmZZfXmFuHS7S2outuMK8YHVBr4UKj5p8UiBPAmNFuGAoE65zZS6_sbH1hmnlFSMQunk=w2000-h1198-s-no-gm?authuser=0\" width=\"2000\" height=\"1198\" alt=\"Sauda\u00e7\u00f5es de Yui Sasaki\" class=\"size-full\" \/><\/a><figcaption class=\"wp-caption-text\">Sauda\u00e7\u00f5es de Yui Sasaki<\/figcaption><\/figure>\n<p>&quot;Quando comecei como volunt\u00e1ria na revitaliza\u00e7\u00e3o local, ca\u00ed da escada e me machuquei, ent\u00e3o fui \u00e0 cl\u00ednica local para fazer um check-up. Quando disse: &#039;Estou aqui como volunt\u00e1ria&#039;, eles disseram: &#039;O per\u00edodo de voluntariado \u00e9 de tr\u00eas anos, mas voc\u00ea n\u00e3o vai desistir na metade?!&#039; Mas eu declarei: &#039;Farei o meu melhor para ficar at\u00e9 o fim!&#039; e de fato fiquei at\u00e9 o final dos tr\u00eas anos.&quot;<\/p>\n<p>Houve momentos em que eu n\u00e3o estava acostumado e n\u00e3o conseguia fazer as coisas direito, mas todos foram muito gentis comigo e eu me diverti muito. Espero continuar trabalhando com Murakami em projetos de design e outros projetos.<\/p>\n<p>Se tiver oportunidade, gostaria de visitar a cidade de Hokuryu novamente. Espero ter a oportunidade de reencontr\u00e1-lo(a) no futuro.<\/p>\n<p>&quot;Muito obrigada por toda a sua ajuda&quot;, disse Sasaki Yui.<\/p>\n<h3>Brinde do vice-prefeito Masaaki Okuda<\/h3>\n<figure class=\"wp-caption aligncenter\"><a href=\"https:\/\/photos.google.com\/share\/AF1QipOIrn-Ps3qJMcseHqL3U--R-syy_H8N9tTDPr0Bd3YcgwUnMETdNfhWzYarDxp9QQ\/photo\/AF1QipM-0A1Tw6QZZz8dCy6em2RsT7-w4pYJ1lQS7DM?key=ZlhmbFlBZTZTQTd6aVlGekVaczRKU2VxQkFLcmp3\" target=\"_blank\"><img decoding=\"async\" src=\"https:\/\/lh3.googleusercontent.com\/pw\/AP1GczOqDmBrOxiU9iCeu2UD3bHlVg4zTYfoW759P8zH6FWC2FrCYRiN9I9ql_5JHPgdnY1kR8RuDfjrncSswroe2Oc05ma8qh5HLCPMwMZjbMk9Okaq5B8QzvcXrNNZavwn4p-ezuFxn3Xaj1PnO0AIs4vB=w2000-h1333-s-no-gm?authuser=0\" width=\"2000\" height=\"1333\" alt=\"Brinde do vice-prefeito Masaaki Okuda\" class=\"size-full\" \/><\/a><figcaption class=\"wp-caption-text\">Brinde do vice-prefeito Masaaki Okuda<\/figcaption><\/figure>\n<p>&quot;At\u00e9 agora, tenho trabalhado na Divis\u00e3o de Constru\u00e7\u00e3o, ent\u00e3o n\u00e3o tive muito contato com os volunt\u00e1rios. De agora em diante, gostaria de conversar mais ativamente com eles e ter mais contato, por isso agradeceria sua ajuda.&quot;<\/p>\n<p>No futuro, haver\u00e1 muitas oportunidades de emprego diferentes em T\u00f3quio, ent\u00e3o acredito que seus horizontes se ampliar\u00e3o. Espero que voc\u00ea se esforce ao m\u00e1ximo e volte sempre.<\/p>\n<p>&quot;Vamos brindar ao sucesso cont\u00ednuo de Yui no futuro!&quot;, disse o vice-prefeito Okuda.<\/p>\n<figure class=\"wp-caption aligncenter\"><a href=\"https:\/\/photos.google.com\/share\/AF1QipOIrn-Ps3qJMcseHqL3U--R-syy_H8N9tTDPr0Bd3YcgwUnMETdNfhWzYarDxp9QQ\/photo\/AF1QipOhxejOOnGxakxrk45a19ITAcepYl9uD62oKso?key=ZlhmbFlBZTZTQTd6aVlGekVaczRKU2VxQkFLcmp3\" target=\"_blank\"><img decoding=\"async\" src=\"https:\/\/lh3.googleusercontent.com\/pw\/AP1GczN66s-Du3n9-lOk30xBAyfhTQKi163AiZ-tVKMd-G0MSNggCMpe7vqsoNOF5xmU0AjvFF4IJvLZjiuGANDpkLTZwegwhsb-5BouIEybDmeIC66O6M5v3uIcys-dbIffYcKbueWPn53SOea3tM0UujiB=w2000-h1333-s-no-gm?authuser=0\" width=\"2000\" height=\"1333\" alt=\"O prefeito Sasaki tamb\u00e9m estar\u00e1 presente!\" class=\"size-full\" \/><\/a><figcaption class=\"wp-caption-text\">O prefeito Sasaki tamb\u00e9m estar\u00e1 presente!<\/figcaption><\/figure>\n<h3>Comida<\/h3>\n<h4>Namero de salm\u00e3o, cream cheese e bruschetta de presunto<\/h4>\n<figure class=\"wp-caption aligncenter\"><a href=\"https:\/\/photos.google.com\/share\/AF1QipOIrn-Ps3qJMcseHqL3U--R-syy_H8N9tTDPr0Bd3YcgwUnMETdNfhWzYarDxp9QQ\/photo\/AF1QipO5fMIA0q5ySeEiMKrf8Z9ks-aNHG0PfQW2qcE?key=ZlhmbFlBZTZTQTd6aVlGekVaczRKU2VxQkFLcmp3\" target=\"_blank\"><img decoding=\"async\" src=\"https:\/\/lh3.googleusercontent.com\/pw\/AP1GczPyUK7Tds2MIPpvEiSWgWcZ9HKjGliD3dasgtUXZifgkTJ3rJIwZGKCA3BMKAF7fb3RjOu6MMXRAngXuo3x9Sk5N2h8p9JzQxhU4CN7RtXn2G18FJu93WFpNKZqeUEq6lzSU6B9r7yepaxphm-di93f=w2000-h1500-s-no-gm?authuser=0\" width=\"2000\" height=\"1500\" alt=\"Namero de salm\u00e3o, cream cheese e bruschetta de presunto\" class=\"size-full\" \/><\/a><figcaption class=\"wp-caption-text\">Namero de salm\u00e3o, cream cheese e bruschetta de presunto<\/figcaption><\/figure>\n<h4>ensopado de miss\u00f4<\/h4>\n<figure class=\"wp-caption aligncenter\"><a href=\"https:\/\/photos.google.com\/share\/AF1QipOIrn-Ps3qJMcseHqL3U--R-syy_H8N9tTDPr0Bd3YcgwUnMETdNfhWzYarDxp9QQ\/photo\/AF1QipM55_P_a6edVDnr4wvLms1nZHW_44DficSkBkw?key=ZlhmbFlBZTZTQTd6aVlGekVaczRKU2VxQkFLcmp3\" target=\"_blank\"><img decoding=\"async\" src=\"https:\/\/lh3.googleusercontent.com\/pw\/AP1GczNVos7SiWPYJjG8JOM8UpfDuyjOcfFqpABTnuiQ5rXguTl4D_Hh52HiTWVZhRDF0BzZEm2ezMvUmRKJ_QFHsEtBFCoCr3-p_LoN7u9BYXJEgSavw73vIr81MGPq_endarf-PXI3laJ4PZQpn4ZFZYvN=w2000-h1500-s-no-gm?authuser=0\" width=\"2000\" height=\"1500\" alt=\"ensopado de miss\u00f4\" class=\"size-full\" \/><\/a><figcaption class=\"wp-caption-text\">ensopado de miss\u00f4<\/figcaption><\/figure>\n<h4>Bonito grelhado com sabor de gergelim<\/h4>\n<figure class=\"wp-caption aligncenter\"><a href=\"https:\/\/photos.google.com\/share\/AF1QipOIrn-Ps3qJMcseHqL3U--R-syy_H8N9tTDPr0Bd3YcgwUnMETdNfhWzYarDxp9QQ\/photo\/AF1QipNc_5rhSYt1N_4Ig-XyF2nLT6fEI-HownhqGCY?key=ZlhmbFlBZTZTQTd6aVlGekVaczRKU2VxQkFLcmp3\" target=\"_blank\"><img decoding=\"async\" src=\"https:\/\/lh3.googleusercontent.com\/pw\/AP1GczOKtX786CW8NqOH1JkY7Sw8q_Y1YLX0brmxRyrZnI9UdcfwHcd8Q-w7b2yJ4sppRbmxfqWjnD1EeKYYCRybj3MzRqc-CYa1pzJftqRgHUMZ9UqbMbx2xYQeU99acI3pmqV595Xjxx_B-rIn-i5tAHdb=w2000-h1500-s-no-gm?authuser=0\" width=\"2000\" height=\"1500\" alt=\"Bonito grelhado com sabor de gergelim\" class=\"size-full\" \/><\/a><figcaption class=\"wp-caption-text\">Bonito grelhado com sabor de gergelim<\/figcaption><\/figure>\n<h4>Frango frito<\/h4>\n<figure class=\"wp-caption aligncenter\"><a href=\"https:\/\/photos.google.com\/share\/AF1QipOIrn-Ps3qJMcseHqL3U--R-syy_H8N9tTDPr0Bd3YcgwUnMETdNfhWzYarDxp9QQ\/photo\/AF1QipOC7A2VPyKagR6zYjBi9LxbmpmFa8P-cnFLaRY?key=ZlhmbFlBZTZTQTd6aVlGekVaczRKU2VxQkFLcmp3\" target=\"_blank\"><img decoding=\"async\" src=\"https:\/\/lh3.googleusercontent.com\/pw\/AP1GczMcmslf59_zNuO6UYHH2r79_hc1fXdBI_ED7V5fgCGalIR9RLZqsvzg0SNErBJkCCdaSH4TgRDTR6WIygT7xdUYZ3S64Sl3x3eWksxsAxduLROaaXgtHJvb8tyxmDzfBGxcwu1qFBmDW85w7YmQkgWw=w2000-h1500-s-no-gm?authuser=0\" width=\"2000\" height=\"1500\" alt=\"Frango frito\" class=\"size-full\" \/><\/a><figcaption class=\"wp-caption-text\">Frango frito<\/figcaption><\/figure>\n<h4>Tamagoyaki com molho de vegetais silvestres<\/h4>\n<figure class=\"wp-caption aligncenter\"><a href=\"https:\/\/photos.google.com\/share\/AF1QipOIrn-Ps3qJMcseHqL3U--R-syy_H8N9tTDPr0Bd3YcgwUnMETdNfhWzYarDxp9QQ\/photo\/AF1QipNWK4PfAp7DScwG2q6u2HhCSatkb7s3DoUeYXk?key=ZlhmbFlBZTZTQTd6aVlGekVaczRKU2VxQkFLcmp3\" target=\"_blank\"><img decoding=\"async\" src=\"https:\/\/lh3.googleusercontent.com\/pw\/AP1GczPi3l-wDEysWnvhUmiEjaJTesOTfVtRPNNd4CocVzYO8wEXmP4pRYgCb-y086WhC-ntPQjC8C5SpVjb4rIIzGy3HIil6XQe6Ij1_qk_wAhWJbm06eiOpub2R1FSrNsor9xIn7PywGxHmQGaTMqSYK3J=w2000-h1500-s-no-gm?authuser=0\" width=\"2000\" height=\"1500\" alt=\"Tamagoyaki com molho de vegetais silvestres\" class=\"size-full\" \/><\/a><figcaption class=\"wp-caption-text\">Tamagoyaki com molho de vegetais silvestres<\/figcaption><\/figure>\n<h4>Mingau de arroz para finalizar<\/h4>\n<figure class=\"wp-caption aligncenter\"><a href=\"https:\/\/photos.google.com\/share\/AF1QipOIrn-Ps3qJMcseHqL3U--R-syy_H8N9tTDPr0Bd3YcgwUnMETdNfhWzYarDxp9QQ\/photo\/AF1QipMYTN-wSaeGWgt4D5hoQPSgGc_TmhPLtN1x9l8?key=ZlhmbFlBZTZTQTd6aVlGekVaczRKU2VxQkFLcmp3\" target=\"_blank\"><img decoding=\"async\" src=\"https:\/\/lh3.googleusercontent.com\/pw\/AP1GczMKpOC1lK8peM1Tmkg75BX4ww-mR3i_TIi03uW2C5Cx3lRUgUeViC7BYX6kHki0KG6nZy2rBtTIu7OxV-9czrv06mx5o-Ts_cq93LJPSriRjVJwm0t8Hcbh9xJ-bpeKZE7kNPKJm334s6oxO3sg9WbX=w2000-h1500-s-no-gm?authuser=0\" width=\"2000\" height=\"1500\" alt=\"Mingau de arroz para finalizar\" class=\"size-full\" \/><\/a><figcaption class=\"wp-caption-text\">Mingau de arroz para finalizar<\/figcaption><\/figure>\n<h3>Considera\u00e7\u00f5es finais<\/h3>\n<p>Noboru Terauchi dirige o Portal da Cidade de Hokuryu h\u00e1 15 anos como membro da equipe de coopera\u00e7\u00e3o para revitaliza\u00e7\u00e3o local e apoiador da vila.<\/p>\n<figure class=\"wp-caption aligncenter\"><a href=\"https:\/\/photos.google.com\/share\/AF1QipOIrn-Ps3qJMcseHqL3U--R-syy_H8N9tTDPr0Bd3YcgwUnMETdNfhWzYarDxp9QQ\/photo\/AF1QipPnficumf77F1PuhYV4coHIxCZ0nzT7xmkd5-0?key=ZlhmbFlBZTZTQTd6aVlGekVaczRKU2VxQkFLcmp3\" target=\"_blank\"><img decoding=\"async\" src=\"https:\/\/lh3.googleusercontent.com\/pw\/AP1GczNtPQBbE5lVdG_Mzakm4J9TanO1qqxB_HfoPWI3PPQiN4gku701fe-U2glYkwpq4GJ79oDG76vymIgNxD2spzqmktNscG3648VFJyOd9615vVB1CGcPqEAbt2Oy6ZM3v6kYG04yMEZrzvueNzpUtSQ3=w2000-h1333-s-no-gm?authuser=0\" width=\"2000\" height=\"1333\" alt=\"Noboru Terauchi, apoiador da aldeia\" class=\"size-full\" \/><\/a><figcaption class=\"wp-caption-text\">Noboru Terauchi, apoiador da aldeia<\/figcaption><\/figure>\n<p>&quot;Meu marido e eu viemos para Hokuryu em 2010, quando t\u00ednhamos 53 anos. Agora tenho 68. Na \u00e9poca, fui diagnosticada com Alzheimer de in\u00edcio precoce em T\u00f3quio. Quando cheguei a Hokuryu, recebi o diagn\u00f3stico de Alzheimer de in\u00edcio precoce no Hospital Sunagawa e recebi dois atestados m\u00e9dicos, um de um hospital em T\u00f3quio e outro de Hokkaido.&quot;<\/p>\n<p>Desde que chegamos a Hokuryu, o carinho dos moradores nos salvou duas vezes. Uma vez quando nos mudamos para c\u00e1 e outra quando perdemos nossos empregos em um acidente de tr\u00e2nsito. Nos momentos mais dif\u00edceis, os moradores de Hokuryu nos ofereceram palavras de conforto e se revezaram para nos trazer verduras cultivadas em casa. A profunda considera\u00e7\u00e3o e bondade de todos nos salvaram e nos confortaram profundamente.<\/p>\n<p>O que eu penso agora \u00e9 que \u00e9 importante aceitar tudo o que acontece (o ambiente que lhe \u00e9 apresentado) e como voc\u00ea o julga naquele momento, e qual escolha voc\u00ea faz, determinar\u00e1 o resto da sua vida. Acredito que aceitar tudo, em vez de negar ou menosprezar, \u00e9 significativo e importante para mim, e \u00e9 por isso que sou quem sou hoje.<\/p>\n<p>Estamos promovendo as maravilhas da cidade de Hokuryu para o mundo. O mundo se impressiona com as qualidades maravilhosas do Jap\u00e3o: &quot;compaix\u00e3o&quot; e &quot;harmonia&quot;. Acreditamos que esse esp\u00edrito \u00e9 a pr\u00f3pria origem da alma da cidade de Hokuryu.<\/p>\n<p>Acredito que divulgar as maravilhas da cidade de Hokuryu, no Jap\u00e3o, n\u00e3o s\u00f3 aumentar\u00e1 as vendas e nos tornar\u00e1 famosos, como tamb\u00e9m contribuir\u00e1 para mudar o mundo.<\/p>\n<p>O fato de nossas vidas terem sido salvas e prolongadas pode ser visto como uma forma de disseminar informa\u00e7\u00f5es e tamb\u00e9m como uma maneira de retribuir \u00e0 popula\u00e7\u00e3o da cidade.<\/p>\n<p>O que eu quero dizer para a Yui \u00e9 que, n\u00e3o importa o que aconte\u00e7a ou em que ambiente ela se encontre, isso ter\u00e1 um significado em sua vida.<\/p>\n<p>Haver\u00e1 muitas dificuldades em seus relacionamentos e no trabalho, mas n\u00e3o importa o que aconte\u00e7a, voc\u00ea deve entender que h\u00e1 um prop\u00f3sito nisso, aceitar honestamente e pensar em como deve julgar e agir no pr\u00f3ximo passo.<\/p>\n<p>&quot;Aproveitem a vida!!!&quot; diz Terauchi.<\/p>\n<figure class=\"wp-caption aligncenter\"><a href=\"https:\/\/photos.google.com\/share\/AF1QipOIrn-Ps3qJMcseHqL3U--R-syy_H8N9tTDPr0Bd3YcgwUnMETdNfhWzYarDxp9QQ\/photo\/AF1QipPqZVCFK7IdDt8hpp1xW4pS-hZmGUOogG0rdsg?key=ZlhmbFlBZTZTQTd6aVlGekVaczRKU2VxQkFLcmp3\" target=\"_blank\"><img decoding=\"async\" src=\"https:\/\/lh3.googleusercontent.com\/pw\/AP1GczMIJXSXwjhcOWdUiKxrWSsi_68MQtnPqxVU5y5-ilu0cFgfW5aYk53M6SI3Gl18XTtx1_TmFxkr_N9OEXAt47RAhADH6JBvkZ6298-sMAs5jIOmeTgMDChBSWZr08LoWS40OMM_NJlW8NaiWeBckcSu=w2000-h1501-s-no-gm?authuser=0\" width=\"2000\" height=\"1501\" alt=\"Ora\u00e7\u00f5es pela sua vida futura!\" class=\"size-full\" \/><\/a><figcaption class=\"wp-caption-text\">Ora\u00e7\u00f5es pela sua vida futura!<\/figcaption><\/figure>\n<p>Os membros da equipe de coopera\u00e7\u00e3o para a revitaliza\u00e7\u00e3o regional e os apoiadores da vila est\u00e3o dando nova vida \u00e0 cidade de Hokuryu e destacando os moradores de Hokuryu!<\/p>\n<p>Com amor, gratid\u00e3o e ora\u00e7\u00f5es ilimitadas pelo futuro desenvolvimento da cidade de Hokuryu, seguimos em frente juntos, em harmonia com o esp\u00edrito de harmonia da cidade.<\/p>\n<h2>Outras fotos<\/h2>\n<div class=\"img-move\"><img decoding=\"async\" style=\"vertical-align: middle;\" src=\"https:\/\/ehokkaido.net\/wp-content\/uploads\/2021\/12\/2021-12-06-11.41.12.png\" \/> <a href=\"https:\/\/photos.app.goo.gl\/PzNuThLcKPhggksH6\" target=\"_blank\" rel=\"noopener noreferrer\">As fotos (24 fotos) do relat\u00f3rio de atividades de fevereiro e da festa de despedida para os apoiadores da vila e volunt\u00e1rios locais de revitaliza\u00e7\u00e3o (Kitchen Seisei) est\u00e3o aqui &gt;&gt;<\/a><\/div>\n<h2>Artigos relacionados<\/h2>\n\n        <div class=\"site-blogcard-premium\">\n            <div class=\"bc-label-custom\">Artigos relacionados<\/div>\n            <div class=\"bc-flex-container\">\n                <div class=\"bc-main-text\">\n                    <div class=\"bc-title-link-box\">\n                        <a href=\"https:\/\/portal.hokuryu.info\/pt\/category\/personal\/kitchen_harebare\/\" target=\"_blank\">Harebare de Cozinha (Categoria)<\/a>\n                    <\/div>\n                    <div class=\"bc-excerpt-box\">Um artigo sobre &quot;Kirchen Harebare&quot;, um restaurante de estilo ocidental que abriu em 5 de fevereiro de 2025 (Niconico)...<\/div>\n                <\/div>\n                <div class=\"bc-thumbnail-box\">\n                    <a href=\"https:\/\/portal.hokuryu.info\/pt\/category\/personal\/kitchen_harebare\/\" target=\"_blank\">\n                        <div class=\"bc-img-zoom-wrap\">\n                            <img decoding=\"async\" src=\"https:\/\/portal.hokuryu.info\/wp\/wp-content\/uploads\/2026\/02\/20230802DSC06445_1.jpg\" alt=\"Harebare de Cozinha (Categoria)\">\n                        <\/div>\n                    <\/a>\n                <\/div>\n            <\/div>\n        <\/div>\n<p>\u25c7 <a href=\"https:\/\/portal.hokuryu.info\/pt\/38127\/#outline_1__7_2_1\">Fotografia, edi\u00e7\u00e3o e gerenciamento de site: Noboru Terauchi Escritor: Ikuko Terauchi<\/a><\/p>","protected":false},"excerpt":{"rendered":"<p>\uff12\uff10\uff12\uff15\u5e74\uff14\u6708\uff12\u65e5\uff08\u6c34\uff09 \uff13\u6708\uff12\uff16\u65e5\uff08\u6c34\uff09\uff11\uff17\u6642\u534a\u3088\u308a\u3001\u5730\u57df\u304a\u3053\u3057\u5354\u529b\u968a\u54e1 \uff06 \u96c6\u843d\u652f\u63f4\u54e1\u6708\u4f8b\u4f1a\u3001\uff13\u6708\u672b\u3067\u4efb\u671f\u304c\u7d42\u4e86\u3068\u306a\u308b\u5730\u57df\u304a\u3053\u3057\u5354\u529b\u968a\u54e1\u30fb\u4f50\u3005\u6728\u552f\u3055\u3093\u9001\u5225\u4f1a\u304c\u3001Kitchen\u6674\u6674\uff08\u30ad\u30c3\u30c1\u30f3 \u306f\u308c\u3070 [&hellip;]<\/p>\n","protected":false},"author":1,"featured_media":56942,"comment_status":"open","ping_status":"open","sticky":false,"template":"","format":"standard","meta":{"footnotes":""},"categories":[4,75,93],"tags":[],"class_list":["post-56941","post","type-post","status-publish","format-standard","has-post-thumbnail","hentry","category-cover-story","category-sasaki-yasuhiro-mayor","category-kitchen_harebare"],"_links":{"self":[{"href":"https:\/\/portal.hokuryu.info\/pt\/wp-json\/wp\/v2\/posts\/56941","targetHints":{"allow":["GET"]}}],"collection":[{"href":"https:\/\/portal.hokuryu.info\/pt\/wp-json\/wp\/v2\/posts"}],"about":[{"href":"https:\/\/portal.hokuryu.info\/pt\/wp-json\/wp\/v2\/types\/post"}],"author":[{"embeddable":true,"href":"https:\/\/portal.hokuryu.info\/pt\/wp-json\/wp\/v2\/users\/1"}],"replies":[{"embeddable":true,"href":"https:\/\/portal.hokuryu.info\/pt\/wp-json\/wp\/v2\/comments?post=56941"}],"version-history":[{"count":0,"href":"https:\/\/portal.hokuryu.info\/pt\/wp-json\/wp\/v2\/posts\/56941\/revisions"}],"wp:featuredmedia":[{"embeddable":true,"href":"https:\/\/portal.hokuryu.info\/pt\/wp-json\/wp\/v2\/media\/56942"}],"wp:attachment":[{"href":"https:\/\/portal.hokuryu.info\/pt\/wp-json\/wp\/v2\/media?parent=56941"}],"wp:term":[{"taxonomy":"category","embeddable":true,"href":"https:\/\/portal.hokuryu.info\/pt\/wp-json\/wp\/v2\/categories?post=56941"},{"taxonomy":"post_tag","embeddable":true,"href":"https:\/\/portal.hokuryu.info\/pt\/wp-json\/wp\/v2\/tags?post=56941"}],"curies":[{"name":"wp","href":"https:\/\/api.w.org\/{rel}","templated":true}]}}