{"id":56401,"date":"2025-03-12T13:36:45","date_gmt":"2025-03-12T04:36:45","guid":{"rendered":"https:\/\/portal.hokuryu.info\/?p=56401"},"modified":"2025-05-22T08:18:56","modified_gmt":"2025-05-21T23:18:56","slug":"%e9%bb%92%e5%8d%83%e7%9f%b3%e4%ba%8b%e6%a5%ad%e5%8d%94%e5%90%8c%e7%b5%84%e5%90%88%e5%89%b5%e7%ab%8b%ef%bc%92%ef%bc%90%e5%91%a8%e5%b9%b4%e8%a8%98%e5%bf%b5%e7%a5%9d%e8%b3%80%e4%bc%9a-2025%e3%83%bb","status":"publish","type":"post","link":"https:\/\/portal.hokuryu.info\/pt\/56401\/","title":{"rendered":"Comemora\u00e7\u00e3o do 20\u00ba anivers\u00e1rio da Cooperativa Comercial Kurosengoku em 2025 - Em gratid\u00e3o pelo enorme poder da pequena Kurosengoku, que pode ser considerada um microcosmo!"},"content":{"rendered":"<p>Quarta-feira, 12 de mar\u00e7o de 2025<\/p>\n<p>Uma celebra\u00e7\u00e3o para comemorar o 20\u00ba anivers\u00e1rio da funda\u00e7\u00e3o da Cooperativa Comercial Kurosengoku foi realizada no Sunflower Park Hokuryu Onsen a partir das 14h do s\u00e1bado, 8 de mar\u00e7o de 2025.<\/p>\n<h2>Comemora\u00e7\u00e3o do 20\u00ba anivers\u00e1rio da Associa\u00e7\u00e3o Cooperativa Comercial de Kurosengoku<\/h2>\n<p>Um total de 63 pessoas, incluindo produtores e comerciantes de Kurosengoku de toda a prov\u00edncia de Hokkaido, Aomori e Tochigi, relembraram os 20 anos de hist\u00f3ria do produto e compartilharam sua grande gratid\u00e3o e entusiasmo com todos.<\/p>\n<figure class=\"wp-caption aligncenter\"><a href=\"https:\/\/photos.google.com\/share\/AF1QipMgD5MhkIhssdqIZmWd3i2FTDsS9QKVgaES1nt8LBSdHUz2netPdcF254PYeewLhw\/photo\/AF1QipMH_NViIVGsTWUt_8xntyaAdd6A-naO9eOnc7A?key=cXZRbEJGTEhQa3ZIXzYyOWZQd1pQclBQRXpOMjhn\" target=\"_blank\"><img decoding=\"async\" src=\"https:\/\/lh3.googleusercontent.com\/pw\/AP1GczNyDL3nwFyf8okRAcA0TSg5XemKaJM5V_k4fEkxVvzVRYcZP3P3fe5iVkMsP5bStMsqT32SzPJ_KQ9QYrToe86bg2KM9hxMYZp6erLIOV8YdQ8TCb9IR562CdDH5SOkuuOWlD5O-GjgjMgmXNJ9uhhV=w2000-h1500-s-no-gm?authuser=0\" width=\"2000\" height=\"1500\" alt=\"No Parque dos Girass\u00f3is, Hokuryu Onsen\" class=\"size-full\" \/><\/a><figcaption class=\"wp-caption-text\">No Parque dos Girass\u00f3is, Hokuryu Onsen<\/figcaption><\/figure>\n<figure class=\"wp-caption aligncenter\"><a href=\"https:\/\/photos.google.com\/share\/AF1QipMgD5MhkIhssdqIZmWd3i2FTDsS9QKVgaES1nt8LBSdHUz2netPdcF254PYeewLhw\/photo\/AF1QipOLqhNcKkqm4ywy1v9BhHPixjixtvc3jEAYlyw?key=cXZRbEJGTEhQa3ZIXzYyOWZQd1pQclBQRXpOMjhn\" target=\"_blank\"><img decoding=\"async\" src=\"https:\/\/lh3.googleusercontent.com\/pw\/AP1GczPBId0DAh40Hbs5bgKvog4Sew2wq_tvIt834TCBkWfdkQlHZGAW-qSfE7EocjQ7Am3J13pt19CxOql1NNtJ3fkbEnhpCxMQo23yuHSDJkx7nQk3F3XfyAXAqaZ5fTElHEWGjbmGHM_QMMHUSUxTcTXJ=w2000-h1333-s-no-gm?authuser=0\" width=\"2000\" height=\"1333\" alt=\"Comemora\u00e7\u00e3o do 20\u00ba anivers\u00e1rio da Associa\u00e7\u00e3o Cooperativa Comercial de Kurosengoku\" class=\"size-full\" \/><\/a><figcaption class=\"wp-caption-text\">Comemora\u00e7\u00e3o do 20\u00ba anivers\u00e1rio da Associa\u00e7\u00e3o Cooperativa Comercial de Kurosengoku<\/figcaption><\/figure>\n<figure class=\"wp-caption aligncenter\"><a href=\"https:\/\/photos.google.com\/share\/AF1QipMgD5MhkIhssdqIZmWd3i2FTDsS9QKVgaES1nt8LBSdHUz2netPdcF254PYeewLhw\/photo\/AF1QipPgnIYDDx9ycJFJ65EKhOjurbN42K8avkvbsD8?key=cXZRbEJGTEhQa3ZIXzYyOWZQd1pQclBQRXpOMjhn\" target=\"_blank\"><img decoding=\"async\" src=\"https:\/\/lh3.googleusercontent.com\/pw\/AP1GczMO9Xg7JmqZVZtDySDa9_YUlWii4lv60H4ZcaP9lvx8K-VGNOZ2j6x5GtKPn2F_YKS-_2_Ayi36N4L3PWAxJbxVy5sHqLZlU0pTa84L7Sh1Zaz4uMsf-xt7e-GIGwR6DgvsflmgUIV6Lcvj6nS7TlJ0=w2000-h1500-s-no-gm?authuser=0\" width=\"2000\" height=\"1500\" alt=\"Uma recepcionista encantadora lhe d\u00e1 as boas-vindas.\" class=\"size-full\" \/><\/a><figcaption class=\"wp-caption-text\">Uma recepcionista encantadora lhe d\u00e1 as boas-vindas.<\/figcaption><\/figure>\n<h3>Moderador: Kimura Mitsue (Miyan)<\/h3>\n<p>O evento ser\u00e1 apresentado por Kimura Mitsue (apelido: Mi-yan).<br \/>\nMi-yan \u00e9 o respons\u00e1vel pela se\u00e7\u00e3o de gastronomia do programa &quot;DJ Dosanko Food Hunter&quot; da r\u00e1dio HBC. Ele atua em toda Hokkaido como especialista em culin\u00e1ria local, instrutor de culin\u00e1ria e pesquisador de gastronomia rural!<\/p>\n<figure class=\"wp-caption aligncenter\"><a href=\"https:\/\/photos.google.com\/share\/AF1QipMgD5MhkIhssdqIZmWd3i2FTDsS9QKVgaES1nt8LBSdHUz2netPdcF254PYeewLhw\/photo\/AF1QipOj9Gn_aT04weULSKSfkuzmpPMRPB92Y8zbg6o?key=cXZRbEJGTEhQa3ZIXzYyOWZQd1pQclBQRXpOMjhn\" target=\"_blank\"><img decoding=\"async\" src=\"https:\/\/lh3.googleusercontent.com\/pw\/AP1GczO-82oFHogd7NGatvWzgrn740gWYEN-TBc2DYy1KfT7EAuS67SiLTnn33Fb6ZdlMNM8u0csODKaEPHEUEsSOyvOsd287dwe41zPw5x4Pce55pcSDnxRxBSoVmuF56oA6PjB4ZlR1GuSCHhpp0ijrSMQ=w2000-h1500-s-no-gm?authuser=0\" width=\"2000\" height=\"1500\" alt=\"O evento ser\u00e1 apresentado por Kimura Mitsue, tamb\u00e9m conhecida como Mi-yan.\" class=\"size-full\" \/><\/a><figcaption class=\"wp-caption-text\">O evento ser\u00e1 apresentado por Kimura Mitsue, tamb\u00e9m conhecida como Mi-yan.<\/figcaption><\/figure>\n<p>Miiyan e Kurosengoku se conheceram h\u00e1 mais de 10 anos!<\/p>\n<p>Mi-yan foi uma excelente anfitri\u00e3, gerenciando o evento com maestria e at\u00e9 mesmo entrevistando os participantes ao longo do caminho para animar o ambiente!<\/p>\n<p>Desta vez, ele n\u00e3o apenas atuou como anfitri\u00e3o, mas tamb\u00e9m preparou o prato de soja Kurosengoku.<\/p>\n<figure class=\"wp-caption aligncenter\"><a href=\"https:\/\/photos.google.com\/share\/AF1QipMgD5MhkIhssdqIZmWd3i2FTDsS9QKVgaES1nt8LBSdHUz2netPdcF254PYeewLhw\/photo\/AF1QipPEicrz4BJ33KNl1pFH5E5OVUCwvzFNDAev5AM?key=cXZRbEJGTEhQa3ZIXzYyOWZQd1pQclBQRXpOMjhn\" target=\"_blank\"><img decoding=\"async\" src=\"https:\/\/lh3.googleusercontent.com\/pw\/AP1GczN6d8FKxgViDx7KLCUQfB9HrBGt0P5_HA-F0YoPeqdLN1AiM7ziNym4rSkhngLvbWzqXSHU6sS7wJc9nLKcA9lON1L1K3tZchWrg5S0AXfVhX43d2LJenZiAFG76jvsyFjcOgZ5_0eps3NWQphgfNN_=w2000-h1333-s-no-gm?authuser=0\" width=\"2000\" height=\"1333\" alt=\"Um anfitri\u00e3o maravilhoso que criou um ambiente tranquilo e amig\u00e1vel.\" class=\"size-full\" \/><\/a><figcaption class=\"wp-caption-text\">Um anfitri\u00e3o maravilhoso que criou um ambiente tranquilo e amig\u00e1vel.<\/figcaption><\/figure>\n\n        <div class=\"site-blogcard-premium\">\n            <div class=\"bc-label-custom\">Artigos relacionados<\/div>\n            <div class=\"bc-flex-container\">\n                <div class=\"bc-main-text\">\n                    <div class=\"bc-title-link-box\">\n                        <a href=\"https:\/\/portal.hokuryu.info\/pt\/770\/\" target=\"_blank\">https:\/\/portal.hokuryu.info\/770<\/a>\n                    <\/div>\n                    <div class=\"bc-excerpt-box\">N\u00e3o foi poss\u00edvel recuperar as informa\u00e7\u00f5es da p\u00e1gina.<\/div>\n                <\/div>\n                <div class=\"bc-thumbnail-box\">\n                    <a href=\"https:\/\/portal.hokuryu.info\/pt\/770\/\" target=\"_blank\">\n                        <div class=\"bc-img-zoom-wrap\">\n                            <img decoding=\"async\" src=\"https:\/\/portal.hokuryu.info\/wp\/wp-content\/uploads\/2026\/02\/20230802DSC06445_1.jpg\" alt=\"https:\/\/portal.hokuryu.info\/770\">\n                        <\/div>\n                    <\/a>\n                <\/div>\n            <\/div>\n        <\/div>\n<h3>Foto comemorativa antes da inaugura\u00e7\u00e3o.<\/h3>\n<figure class=\"wp-caption aligncenter\"><a href=\"https:\/\/photos.google.com\/share\/AF1QipMgD5MhkIhssdqIZmWd3i2FTDsS9QKVgaES1nt8LBSdHUz2netPdcF254PYeewLhw\/photo\/AF1QipODt1JAzMCIjcUZ1BoC7cJ3Xyo9MRq3Mp8gat0?key=cXZRbEJGTEhQa3ZIXzYyOWZQd1pQclBQRXpOMjhn\" target=\"_blank\"><img decoding=\"async\" src=\"https:\/\/lh3.googleusercontent.com\/pw\/AP1GczPUwIqzQ3lcaCRRzF6g74l_lkzzK9X5FS0jhsNLKCqcczaUsimaBwl7L-jW2GTi01hsRT_ZYKqD1XBsLM5JbDlOpnFJWy5bYc-Lw1jjWXxuTs8B401FZj8pQIRVVd5_K0R1-ChnRKQCyhQTDEq-G_4T=w2802-h1868-s-no-gm?authuser=0\" width=\"2406\" height=\"1604\" alt=\"Foto comemorativa dos participantes\" class=\"size-full\" style=\"border:solid 1px gray\"\/><\/a><figcaption class=\"wp-caption-text\">Foto comemorativa dos participantes<\/figcaption><\/figure>\n<h3>Observa\u00e7\u00f5es iniciais: Masaaki Tsuji, Diretor Executivo<\/h3>\n<p>O diretor executivo Masaaki Tsuji fez o discurso de abertura na cerim\u00f4nia do 20\u00ba anivers\u00e1rio.<\/p>\n<h3>Certificado de reconhecimento emitido pela Federa\u00e7\u00e3o de Associa\u00e7\u00f5es de Pequenas e M\u00e9dias Empresas de Hokkaido.<\/h3>\n<p>O certificado de reconhecimento foi entregue por Kenichi Taguchi, chefe de se\u00e7\u00e3o da Federa\u00e7\u00e3o de Associa\u00e7\u00f5es de Pequenas e M\u00e9dias Empresas de Hokkaido (lido pelo presidente Hideki Takahashi).<\/p>\n<h4>Pr\u00eamio de Associa\u00e7\u00e3o Excelente: Associa\u00e7\u00e3o Cooperativa Empresarial Kurosengoku<\/h4>\n<p>Os certificados foram entregues em reconhecimento \u00e0s conquistas da Cooperativa Comercial Kurosengoku no fortalecimento da uni\u00e3o de seus membros, no fortalecimento da organiza\u00e7\u00e3o e no desenvolvimento de seus neg\u00f3cios.<\/p>\n<figure class=\"wp-caption aligncenter\"><a href=\"https:\/\/photos.google.com\/share\/AF1QipMgD5MhkIhssdqIZmWd3i2FTDsS9QKVgaES1nt8LBSdHUz2netPdcF254PYeewLhw\/photo\/AF1QipOUeN62jdvh5RmiI-u_T3dH-LTutkqwAMdNDjI?key=cXZRbEJGTEhQa3ZIXzYyOWZQd1pQclBQRXpOMjhn\" target=\"_blank\"><img decoding=\"async\" src=\"https:\/\/lh3.googleusercontent.com\/pw\/AP1GczPPm6n_Ma52qC_TUrxcWYGwAOitZSPhR6tmSESvY_soSPSTaUAG4Bbhv35zQGTDjizi2eCQGQ_I-rie4vRPQf3qcC6x4FEMeuUCGRNzD0YGQejR4H4OJ3aTfzhkUrdabdLBAcgAWPgcNONSW0EiQw6V=w2000-h1333-s-no-gm?authuser=0\" width=\"2000\" height=\"1333\" alt=\"Pr\u00eamio de Associa\u00e7\u00e3o Excelente: Associa\u00e7\u00e3o Cooperativa Empresarial Kurosengoku\" class=\"size-full\" \/><\/a><figcaption class=\"wp-caption-text\">Pr\u00eamio de Associa\u00e7\u00e3o Excelente: Associa\u00e7\u00e3o Cooperativa Empresarial Kurosengoku<\/figcaption><\/figure>\n<h4>Pr\u00eamio Union Achievement: Yukio Takada, Hiroki Matsumoto, Katsuhiro Nagai, Kazuo Kimura, Masaaki Tsuji, Hiroaki Ito<\/h4>\n<p>Hiroki Matsumoto aceitou o certificado em nome dos seis premiados.<\/p>\n<figure class=\"wp-caption aligncenter\"><a href=\"https:\/\/photos.google.com\/share\/AF1QipMgD5MhkIhssdqIZmWd3i2FTDsS9QKVgaES1nt8LBSdHUz2netPdcF254PYeewLhw\/photo\/AF1QipMf8cAGox7MNHWSnLeR8BPN_FQvVWFsSc_XsQY?key=cXZRbEJGTEhQa3ZIXzYyOWZQd1pQclBQRXpOMjhn\" target=\"_blank\"><img decoding=\"async\" src=\"https:\/\/lh3.googleusercontent.com\/pw\/AP1GczOX9U4FESnTkVMAlLWE7ZgXxH0jYzo6elt4l3BzztAXFyhx8VE5S5o9C3VwL8x4bOwTja7pQh9BZOfVrKEnY_A6t6oLiu9HMXFdKEg__akzcwmSdw7xCWz6p3IcZmQn9sxqnSXG-R4lK6LABIJcY5yh=w2000-h1333-s-no-gm?authuser=0\" width=\"2000\" height=\"1333\" alt=\"Pr\u00eamio de M\u00e9rito Sindical: Deputado, Sr. Hiroki Matsumoto\" class=\"size-full\" \/><\/a><figcaption class=\"wp-caption-text\">Pr\u00eamio de M\u00e9rito Sindical: Deputado, Sr. Hiroki Matsumoto<\/figcaption><\/figure>\n<h3>Sauda\u00e7\u00f5es do Presidente Yukio Takada<\/h3>\n<figure class=\"wp-caption aligncenter\"><a href=\"https:\/\/photos.google.com\/share\/AF1QipMgD5MhkIhssdqIZmWd3i2FTDsS9QKVgaES1nt8LBSdHUz2netPdcF254PYeewLhw\/photo\/AF1QipOkb5KAoHP-iM-GiYOr9zGcpD0tMOWU_qzn9kg?key=cXZRbEJGTEhQa3ZIXzYyOWZQd1pQclBQRXpOMjhn\" target=\"_blank\"><img decoding=\"async\" src=\"https:\/\/lh3.googleusercontent.com\/pw\/AP1GczPcVrlQ9EXNLIWJ2kjxzFxoMgikIFMCjHGwzwTWNgkr6TYwMGOqd_0CikPdSc9Lqv-LmUKDOPul6om9qrkRjyM8wf_TdJbLCR5t-l3bJ8anPZxJHwL3f5hDAZ-gzyeDvP7RT5xkxEKQKPfgOTBsA_1_=w2000-h1333-s-no-gm?authuser=0\" width=\"2000\" height=\"1333\" alt=\"Sauda\u00e7\u00f5es do Presidente Yukio Takada\" class=\"size-full\" \/><\/a><figcaption class=\"wp-caption-text\">Sauda\u00e7\u00f5es do Presidente Yukio Takada<\/figcaption><\/figure>\n<p>&quot;Gostaria de expressar minha mais profunda gratid\u00e3o a todos. Vinte anos se passaram rapidamente, e \u00e9 gra\u00e7as a todos voc\u00eas que estamos aqui hoje. Olhando para os rostos daqueles que participaram, gostaria de expressar minha sincera gratid\u00e3o a cada um de voc\u00eas.&quot;<\/p>\n<p>Gostar\u00edamos tamb\u00e9m de agradecer \u00e0 anfitri\u00e3 de hoje, Mi-yan, tamb\u00e9m conhecida como Kimura Mitsue, por sua sabedoria e ajuda na cria\u00e7\u00e3o do menu da s\u00e9rie Kurosengoku de hoje.<\/p>\n<p>O fato de podermos celebrar hoje o 20\u00ba anivers\u00e1rio da Associa\u00e7\u00e3o Cooperativa Empresarial de Kurosengoku se deve \u00e0s palavras inspiradoras do nosso saudoso ex-presidente, Nobuo Murai, que disse: &quot;Cultivem gr\u00e3os que as pessoas comam e comprem&quot;, e ao fato de termos conseguido produzir soja de Kurosengoku em conjunto com todos n\u00f3s durante esses 20 anos. Somos verdadeiramente gratos. Muito obrigado.<\/p>\n<p>Gostar\u00edamos tamb\u00e9m de expressar nossa sincera gratid\u00e3o ao Dr. Sambuichi por seus muitos anos de trabalho \u00e1rduo e dedica\u00e7\u00e3o ao aprimoramento das variedades.<\/p>\n<p>Al\u00e9m disso, somos verdadeiramente gratos aos nossos atacadistas, ao natto da Azuma Foods e a outros processadores de ch\u00e1 e farinha de soja, que nos forneceram produtos deliciosos que os consumidores apreciam, permitindo-nos continuar por 20 anos.<\/p>\n<p>A experi\u00eancia mais memor\u00e1vel at\u00e9 hoje foi ter sido selecionada como um excelente exemplo no 5\u00ba evento &quot;Descubra os Tesouros das \u00c1reas Rurais&quot;, organizado pelo Secretariado do Gabinete e pelo Minist\u00e9rio da Agricultura, Florestas e Pescas em 2018.<\/p>\n<p>A cerim\u00f4nia de entrega do certificado de sele\u00e7\u00e3o foi realizada na Resid\u00eancia Oficial do Primeiro-Ministro, e jamais esquecerei a foto que tirei com o ent\u00e3o Primeiro-Ministro Abe e o aperto de m\u00e3o que troquei com ele durante a cerim\u00f4nia e o banquete. O calor da sua m\u00e3o naquele momento permanece vivo na minha mem\u00f3ria.<\/p>\n<p>Quanto ao futuro, os produtos de confeitaria oferecidos como lembrancinhas hoje s\u00e3o feitos com farinha de arroz Nanatsuboshi da cidade de Hokuryu e pasta de feij\u00e3o Kurosengoku. Originalmente, a ideia era que tivessem formato de girassol, mas n\u00e3o conseguiram produzi-los a tempo, ent\u00e3o acabaram com produtos em formato de cora\u00e7\u00e3o. Eles planejam vend\u00ea-los em um food truck futuramente. Al\u00e9m disso, lan\u00e7aram tamb\u00e9m um novo produto, o &quot;Kinako-bushi Furikake&quot;, em colabora\u00e7\u00e3o com a Togashi Masao Shoten Co., Ltd.<\/p>\n<p>Continuaremos a envidar esfor\u00e7os e a solicitar seus conselhos no futuro, por isso agradecemos seu apoio cont\u00ednuo.<\/p>\n<p>&quot;Por fim, gostaria de desejar a todos os participantes muita sa\u00fade e felicidade. Muito obrigado&quot;, disse o presidente Takada.<\/p>\n<figure class=\"wp-caption aligncenter\"><a href=\"https:\/\/photos.google.com\/share\/AF1QipMgD5MhkIhssdqIZmWd3i2FTDsS9QKVgaES1nt8LBSdHUz2netPdcF254PYeewLhw\/photo\/AF1QipNdAACuoQHy7zEcKYGq8Cz0mosak1ZLDCDuPog?key=cXZRbEJGTEhQa3ZIXzYyOWZQd1pQclBQRXpOMjhn\" target=\"_blank\"><img decoding=\"async\" src=\"https:\/\/lh3.googleusercontent.com\/pw\/AP1GczPboxo6xaIjgFMNAX9t1rUeMYPjCZnHW3lRvRHiLAnpu6veYuk-5wD2P4qK1vSVwGue_5JX2AHrsy8bdTLbdwvNNbgWEefctQ0N9RD5Bg23Z2p2_0bh1tZJi3NPz5w7iAWkovsAoAopTE9dn2_1eQ5X=w2000-h1333-s-no-gm?authuser=0\" width=\"2000\" height=\"1333\" alt=\"Vinte anos de hist\u00f3ria s\u00e3o trazidos de volta \u00e0 vida...\" class=\"size-full\" \/><\/a><figcaption class=\"wp-caption-text\">Vinte anos de hist\u00f3ria s\u00e3o trazidos de volta \u00e0 vida...<\/figcaption><\/figure>\n<h3>Mensagem de parab\u00e9ns<\/h3>\n<h4>Prefeito Yasuhiro Sasaki da cidade de Hokuryu<\/h4>\n<figure class=\"wp-caption aligncenter\"><a href=\"https:\/\/photos.google.com\/share\/AF1QipMgD5MhkIhssdqIZmWd3i2FTDsS9QKVgaES1nt8LBSdHUz2netPdcF254PYeewLhw\/photo\/AF1QipMWQcIQYBQpEt0Ag1WwxLYgzPCAy3pIwq6LdQc?key=cXZRbEJGTEhQa3ZIXzYyOWZQd1pQclBQRXpOMjhn\" target=\"_blank\"><img decoding=\"async\" src=\"https:\/\/lh3.googleusercontent.com\/pw\/AP1GczOa2lHHBLWmxv0Ybl1053ajIxiyt9wwwPrp_36rhyQt2eZnhrhw5zKKCurW1DRO2LlxqQQZZkjLS350zifEcX4vkXi4wiADtXLw8CywcPnZb2OtJup8ubGaR-Jwy3OEG-Ak9CNPdrJmZOqoiWoocDhu=w2000-h1333-s-no-gm?authuser=0\" width=\"2000\" height=\"1333\" alt=\"Prefeito Yasuhiro Sasaki da cidade de Hokuryu\" class=\"size-full\" \/><\/a><figcaption class=\"wp-caption-text\">Prefeito Yasuhiro Sasaki da cidade de Hokuryu<\/figcaption><\/figure>\n<p>&quot;Parab\u00e9ns pelo 20\u00ba anivers\u00e1rio da Associa\u00e7\u00e3o Cooperativa Comercial de Kurosengoku hoje.&quot;<\/p>\n<p>Anteriormente, o Presidente Takada expressou sua gratid\u00e3o a todos os envolvidos na constru\u00e7\u00e3o da organiza\u00e7\u00e3o ao longo dos \u00faltimos 20 anos. Nessa hist\u00f3ria de 20 anos, os primeiros 10 anos, o per\u00edodo de funda\u00e7\u00e3o, foram liderados pelo ex-presidente Murai Nobuo, e os 10 anos seguintes, at\u00e9 os dias atuais, representam a d\u00e9cada em que a organiza\u00e7\u00e3o floresceu enormemente, tendo como figura central o Presidente Takada.<\/p>\n<p>A Cooperativa Empresarial Kurosengoku recebeu diversos pr\u00eamios e elogios de todo o Jap\u00e3o, incluindo a sele\u00e7\u00e3o como um excelente exemplo de boa organiza\u00e7\u00e3o entre 32 organiza\u00e7\u00f5es em todo o pa\u00eds na 5\u00aa edi\u00e7\u00e3o do Pr\u00eamio Descubra os Tesouros das \u00c1reas Rurais.<\/p>\n<p>A cidade de Hokuryu orgulha-se de ser a principal cidade do Jap\u00e3o na produ\u00e7\u00e3o de arroz seguro, confi\u00e1vel e de alta qualidade. A soja Kurosengoku herdou a tradi\u00e7\u00e3o de agricultura segura e confi\u00e1vel de Hokuryu, e acredito que seja extremamente dif\u00edcil comercializ\u00e1-la e incorpor\u00e1-la \u00e0 ind\u00fastria. A ind\u00fastria desempenha um papel muito importante em Hokuryu e, nesse sentido, o neg\u00f3cio da soja Kurosengoku tem dado uma contribui\u00e7\u00e3o significativa para a cidade.<\/p>\n<p>O presidente Takada tamb\u00e9m atua como presidente da Associa\u00e7\u00e3o de Turismo de Girass\u00f3is da Cidade de Hokuryu, e gostar\u00edamos de expressar nossa gratid\u00e3o por seu papel como principal for\u00e7a de vendas para o turismo na cidade de Hokuryu.<\/p>\n<p>Espero que voc\u00eas almejem se tornar uma empresa de 30, 40, 50 e at\u00e9 mesmo 100 anos. Acredito que seus dois filhos ser\u00e3o uma grande for\u00e7a para dar continuidade aos neg\u00f3cios no futuro. Sinceramente, espero que a continuidade da empresa pelas m\u00e3os dos jovens crie um grande valor para o futuro.<\/p>\n<p>A cidade de Hokuryu tamb\u00e9m lhe dar\u00e1 todo o apoio e incentivo poss\u00edveis, por isso agradecemos o seu apoio cont\u00ednuo.<\/p>\n<p>&quot;Hoje comemoramos o 20\u00ba anivers\u00e1rio da funda\u00e7\u00e3o da Associa\u00e7\u00e3o Cooperativa Comercial de Kurosengoku, ent\u00e3o parab\u00e9ns!&quot;, disse o prefeito Sasaki.<\/p>\n<figure class=\"wp-caption aligncenter\"><a href=\"https:\/\/photos.google.com\/share\/AF1QipMgD5MhkIhssdqIZmWd3i2FTDsS9QKVgaES1nt8LBSdHUz2netPdcF254PYeewLhw\/photo\/AF1QipOmMS9L-hl6EG_9yhcfVRYNK1scS0_gPR6SeT8?key=cXZRbEJGTEhQa3ZIXzYyOWZQd1pQclBQRXpOMjhn\"><img decoding=\"async\" src=\"https:\/\/lh3.googleusercontent.com\/pw\/AP1GczM2Y-6cjszdvexnLGMVEr69au31Iy1ewENy6h7xqrBOQ0AZQCZPn8-TmuISSBs4vTem0YMWYXKGIep7I2Ydi9McfVqZuwVnqbfe8zTHgo7r2cXxDN4-jH0fpKE4S7ve7VCLT-5vhBIr0hyYSO4gx7gU=w2000-h1333-s-no-gm?authuser=0\" width=\"2000\" height=\"1333\" alt=\"Em homenagem \u00e0s grandes conquistas da Associa\u00e7\u00e3o Cooperativa Comercial Kurosengoku...\" class=\"size-full\" \/><\/a><figcaption class=\"wp-caption-text\">Em homenagem \u00e0s grandes conquistas da Associa\u00e7\u00e3o Cooperativa Comercial Kurosengoku...<\/figcaption><\/figure>\n<h4>Masahiro Kadono, Gerente Geral, Departamento de Compras, Azuma Foods Co., Ltd.<\/h4>\n<figure class=\"wp-caption aligncenter\"><a href=\"https:\/\/photos.google.com\/share\/AF1QipMgD5MhkIhssdqIZmWd3i2FTDsS9QKVgaES1nt8LBSdHUz2netPdcF254PYeewLhw\/photo\/AF1QipOPcmqpa8TP724HH1hotJcif65OaZbamsqjhnQ?key=cXZRbEJGTEhQa3ZIXzYyOWZQd1pQclBQRXpOMjhn\" target=\"_blank\"><img decoding=\"async\" src=\"https:\/\/lh3.googleusercontent.com\/pw\/AP1GczPLAIlUAIwUznkpOw9o8FThYYVkewoIOOjTPN1IExR9j9KR_IDmTCIv_uCVK3bbX3821BOsaPvwYBvpG6U7sjQbjJcEJGgeVSiN9GBBk-O4mgN3TCryaRbolerOSjGJkLc3sF9qxxL3hGq4cXu-eQgA=w2000-h1333-s-no-gm?authuser=0\" width=\"2000\" height=\"1333\" alt=\"Masahiro Kadono, Gerente Geral, Departamento de Compras, Azuma Foods Co., Ltd.\" class=\"size-full\" \/><\/a><figcaption class=\"wp-caption-text\">Masahiro Kadono, Gerente Geral, Departamento de Compras, Azuma Foods Co., Ltd.<\/figcaption><\/figure>\n<p>&quot;Hoje comemoramos o 20\u00ba anivers\u00e1rio da funda\u00e7\u00e3o da Associa\u00e7\u00e3o Cooperativa Comercial de Kurosengoku, e por isso gostaria de expressar meus sinceros parab\u00e9ns.&quot;<\/p>\n<p>A Azuma Foods tem sede em Utsunomiya, na prov\u00edncia de Tochigi. Em agosto, comemoramos nosso 75\u00ba anivers\u00e1rio. Desde ent\u00e3o, produzimos exclusivamente natto e o vendemos em todo o pa\u00eds, de Hokkaido a Kyushu e Okinawa.<\/p>\n<p>A Azuma Foods e a Kurosengoku se conheceram em 1997. O presidente da empresa expressou o desejo de &quot;tornar o natto de feij\u00e3o preto ainda mais saboroso, especialmente usando gr\u00e3os de feij\u00e3o preto menores&quot;, e no ano seguinte, em 1998, a empresa come\u00e7ou a planejar o uso da soja Kurosengoku. Entrei para a Azuma Foods em 1997 e trabalho com a soja Kurosengoku desde ent\u00e3o.<\/p>\n<p>Inicialmente, o cultivo de soja Kurosengoku em Hokkaido era extremamente dif\u00edcil e arriscado devido ao clima, que por vezes causava nevascas. No entanto, ap\u00f3s superar diversas dificuldades, a produ\u00e7\u00e3o aumentou e, em 2004, o natto Kurosengoku foi comercializado pela primeira vez.<\/p>\n<p>A soja Kurosengoku n\u00e3o pode ser transformada em natto pelo m\u00e9todo usual de fermenta\u00e7\u00e3o. A soja amarela fica fibrosa ap\u00f3s 20 horas de fermenta\u00e7\u00e3o, mas a soja Kurosengoku n\u00e3o fica fibrosa mesmo ap\u00f3s 24 horas. Al\u00e9m disso, a cor preta dos gr\u00e3os desbota.<\/p>\n<p>Ap\u00f3s repetidas tentativas e erros para descobrir como produzi-lo e ferment\u00e1-lo, finalmente come\u00e7amos a vend\u00ea-lo como natto em 2004. No entanto, as vendas foram lentas no in\u00edcio devido ao baixo reconhecimento por parte dos clientes. As vendas na prov\u00edncia de Iwate tamb\u00e9m foram dif\u00edceis, ent\u00e3o retornamos a Hokkaido e, com a coopera\u00e7\u00e3o da Cooperativa Comercial Kurosengoku, continuamos at\u00e9 hoje.<\/p>\n<p>Sua popularidade come\u00e7ou quando foi destaque na televis\u00e3o h\u00e1 quatro ou cinco anos, que destacou o Kurosengoku natto como um gr\u00e3o saud\u00e1vel. Atualmente, vendemos cerca de 200 toneladas de natto por ano, principalmente em Honshu. Recebemos perguntas de clientes dizendo coisas como: &quot;Esta \u00e9 a primeira vez que encontro um natto t\u00e3o delicioso&quot; e &quot;Onde posso comprar?&quot;.<\/p>\n<p>No futuro, gostar\u00edamos de expandir ainda mais as vendas de soja Kurosengoku para oferecer aos nossos clientes um natto ainda mais saboroso. Com o apoio de todos os presentes hoje, continuaremos produzindo natto delicioso, por isso agradecemos o seu apoio cont\u00ednuo.<\/p>\n<p>&quot;Esperamos sinceramente que a deliciosa soja Kurosengoku continue a ser cultivada. Muito obrigado&quot;, disse o diretor Kadono.<\/p>\n<figure class=\"wp-caption aligncenter\"><a href=\"https:\/\/photos.google.com\/share\/AF1QipMgD5MhkIhssdqIZmWd3i2FTDsS9QKVgaES1nt8LBSdHUz2netPdcF254PYeewLhw\/photo\/AF1QipOEsbei-eE1qp1igIUgCgVmbvfyzEe6WmED1_M?key=cXZRbEJGTEhQa3ZIXzYyOWZQd1pQclBQRXpOMjhn\"><img decoding=\"async\" src=\"https:\/\/lh3.googleusercontent.com\/pw\/AP1GczOlw1b7VQ5ydsomfbF14zYZVyt0gT7jbci2rZ3kzr-_QeTHwueAoFXgZrm8unpATokUQPEQfTSO9rYBwZYsp51YR_ASxPWPT9iBUWUSuAJcCtrBH3WksKGCNMq-C9Kkk7uPfZU6IZ7n-V3Lm8sSQReD=w2000-h1333-s-no-gm?authuser=0\" width=\"2000\" height=\"1333\" alt=\"Superando muitas dificuldades...\" class=\"size-full\" \/><\/a><figcaption class=\"wp-caption-text\">Superando muitas dificuldades...<\/figcaption><\/figure>\n<h4>Keiichi Taguchi, Chefe de Se\u00e7\u00e3o, Federa\u00e7\u00e3o de Associa\u00e7\u00f5es de Pequenas e M\u00e9dias Empresas de Hokkaido<\/h4>\n<figure class=\"wp-caption aligncenter\"><a href=\"https:\/\/photos.google.com\/share\/AF1QipMgD5MhkIhssdqIZmWd3i2FTDsS9QKVgaES1nt8LBSdHUz2netPdcF254PYeewLhw\/photo\/AF1QipNboEhIOpL3gO9Uqe5w9G9S2l3CNg9_kbZo_hM?key=cXZRbEJGTEhQa3ZIXzYyOWZQd1pQclBQRXpOMjhn\" target=\"_blank\"><img decoding=\"async\" src=\"https:\/\/lh3.googleusercontent.com\/pw\/AP1GczNBJK-25kqGNeY_AmRbkkPsk2s2wEq6LrG-b9d_7iKBAO8dnSP1p0nEuiCU3UtJrayg7k2E99O6UBG_sHhPhxUmYGYUowLCV0bbSSrA8dFN1tc_U_P9Q-t9WHdsNVnPWMpEUyZdoC6cF_QGAuiiW_Xq=w2000-h1333-s-no-gm?authuser=0\" width=\"2000\" height=\"1333\" alt=\"Keiichi Taguchi, Chefe de Se\u00e7\u00e3o, Federa\u00e7\u00e3o de Associa\u00e7\u00f5es de Pequenas e M\u00e9dias Empresas de Hokkaido\" class=\"size-full\" \/><\/a><figcaption class=\"wp-caption-text\">Keiichi Taguchi, Chefe de Se\u00e7\u00e3o, Federa\u00e7\u00e3o de Associa\u00e7\u00f5es de Pequenas e M\u00e9dias Empresas de Hokkaido<\/figcaption><\/figure>\n<p>&quot;Gostaria de expressar meus sinceros parab\u00e9ns pelo sucesso da cerim\u00f4nia de comemora\u00e7\u00e3o do 20\u00ba anivers\u00e1rio da Associa\u00e7\u00e3o Cooperativa Comercial de Kurosengoku, que est\u00e1 sendo realizada em grande escala e com a participa\u00e7\u00e3o de tantas pessoas. Gostaria tamb\u00e9m de estender meus sinceros parab\u00e9ns a todos os homenageados. Gostaria de expressar, mais uma vez, minha profunda gratid\u00e3o pelos seus muitos anos de servi\u00e7o e espero que continuem a ter sucesso no futuro.&quot;<\/p>\n<p>Para os nossos membros, a Kurosengoku \u00e9 uma soja rara, de cultivo dif\u00edcil, cuja produ\u00e7\u00e3o foi interrompida por um per\u00edodo na d\u00e9cada de 1970. Atualmente, s\u00e3o produzidas mais de 400 toneladas, o que contribuiu significativamente para aumentar o conhecimento sobre a soja Kurosengoku, altamente nutritiva e de sabor rico.<\/p>\n<p>Al\u00e9m disso, em 2021, a Ag\u00eancia de Pequenas e M\u00e9dias Empresas elogiou muito nossa associa\u00e7\u00e3o pela utiliza\u00e7\u00e3o de recursos locais, selecionando-nos como uma das &quot;300 Pequenas e M\u00e9dias Empresas Emergentes&quot; e nos tornando uma associa\u00e7\u00e3o modelo entre as 27.700 cooperativas empresariais em todo o pa\u00eds.<\/p>\n<p>Os membros da associa\u00e7\u00e3o t\u00eam processado e comercializado em conjunto o arroz Kurosengoku que cultivam com esmero e, por meio do desenvolvimento de novos produtos e da expans\u00e3o ativa dos canais de venda, a associa\u00e7\u00e3o expandiu-se n\u00e3o s\u00f3 no mercado interno, mas tamb\u00e9m no exterior. Tudo isso gra\u00e7as ao entusiasmo e aos esfor\u00e7os incans\u00e1veis do Presidente Takada e de todos os membros da diretoria, passados e presentes, a quem expresso meu mais profundo respeito.<\/p>\n<p>O ambiente que envolve as pequenas e m\u00e9dias empresas permanece incerto, com o aumento dos pre\u00e7os das mat\u00e9rias-primas, o aumento dos custos operacionais devido \u00e0 desvaloriza\u00e7\u00e3o do iene e a escassez de m\u00e3o de obra, al\u00e9m da necessidade de garantir recursos para aumentos salariais.<\/p>\n<p>Acreditamos que chegou a hora de as cooperativas empresariais, baseadas no esp\u00edrito de ajuda m\u00fatua, demonstrarem sua for\u00e7a para garantir o desenvolvimento sustent\u00e1vel das pequenas e m\u00e9dias empresas e dos pequenos empres\u00e1rios cujas atividades comerciais est\u00e3o enraizadas na comunidade local. Como organiza\u00e7\u00e3o de apoio especializada para organiza\u00e7\u00f5es colaborativas de pequenas e m\u00e9dias empresas, n\u00f3s, da Federa\u00e7\u00e3o Central de Pequenas Empresas, teremos o prazer de auxili\u00e1-los e contamos com seu apoio cont\u00ednuo.<\/p>\n<p>Para concluir, gostaria de aproveitar este ano comemorativo do 20\u00ba anivers\u00e1rio da Associa\u00e7\u00e3o Cooperativa Comercial de Kurosengoku como uma oportunidade para fortalecer ainda mais os la\u00e7os entre seus membros e alcan\u00e7ar um desenvolvimento ainda maior. Gostaria tamb\u00e9m de finalizar minhas palavras desejando sa\u00fade a todos os presentes hoje. &quot;Parab\u00e9ns pelo dia de hoje&quot;, disse o Chefe de Se\u00e7\u00e3o Taguchi.<\/p>\n<h4>C\u00e2mara de Com\u00e9rcio e Ind\u00fastria da Cidade de Hokuryu, Presidente Masahito Fujii (representado pelo Vice-Presidente Manabu Okino)<\/h4>\n<figure class=\"wp-caption aligncenter\"><a href=\"https:\/\/photos.google.com\/share\/AF1QipMgD5MhkIhssdqIZmWd3i2FTDsS9QKVgaES1nt8LBSdHUz2netPdcF254PYeewLhw\/photo\/AF1QipNDEbXVO2mH6e6IQltMvWKxTIx_EqtHqgCFtqw?key=cXZRbEJGTEhQa3ZIXzYyOWZQd1pQclBQRXpOMjhn\" target=\"_blank\"><img decoding=\"async\" src=\"https:\/\/lh3.googleusercontent.com\/pw\/AP1GczOC3SEdbDiJAFpL9-AY1dPM2SFIHs_In-Beozm_gUhTfp-48vAuKUPxQrH3Y9zVwoNhPLAz8NnJdSOLq-MSrFOf_DNrnc_rIJ9WNzo1NwhPCD7DKuMo9qOiP-ka19jPtNJtxITCDWCmoGocACe_3Nmg=w2000-h1333-s-no-gm?authuser=0\" width=\"2000\" height=\"1333\" alt=\"Manabu Okino, vice-presidente da C\u00e2mara de Com\u00e9rcio da cidade de Hokuryu\" class=\"size-full\" \/><\/a><figcaption class=\"wp-caption-text\">Manabu Okino, vice-presidente da C\u00e2mara de Com\u00e9rcio da cidade de Hokuryu<\/figcaption><\/figure>\n<p>&quot;Hoje comemoramos o 20\u00ba anivers\u00e1rio da funda\u00e7\u00e3o da Associa\u00e7\u00e3o Cooperativa Comercial de Kurosengoku, e por isso gostaria de expressar meus sinceros parab\u00e9ns. Eu, Okino, Vice-Presidente da C\u00e2mara de Com\u00e9rcio, gostaria de apresentar algumas palavras de felicita\u00e7\u00e3o em nome do Presidente Fujii Masahito.&quot;<\/p>\n<p>A Cooperativa Empresarial Kurosengoku foi fundada h\u00e1 20 anos com o objetivo de desenvolver a regi\u00e3o e promover as especialidades locais. Desde ent\u00e3o, todos os membros t\u00eam trabalhado juntos para produzir uma variedade de produtos locais maravilhosos e divulgar amplamente o encanto da regi\u00e3o.<\/p>\n<p>Como mencionado anteriormente pelo Presidente Takada, os resultados deste trabalho foram muito elogiados com o pr\u00eamio &quot;Descubra os Tesouros das \u00c1reas Rurais&quot;, e hoje a empresa atrai aten\u00e7\u00e3o em todo o pa\u00eds. Acredito que os esfor\u00e7os empreendidos para transformar a pequena quantidade de Kurosengoku em um produto t\u00e3o grande e distribu\u00ed-lo verdadeiramente simbolizam o esp\u00edrito de uma cooperativa.<\/p>\n<p>A soja Kurosengoku, outrora um alimento b\u00e1sico da cultura alimentar da regi\u00e3o, estava \u00e0 beira do desaparecimento com a mudan\u00e7a dos tempos, mas voc\u00eas redescobriram seu valor e iniciaram o desafio de revitaliz\u00e1-la. Como resultado da supera\u00e7\u00e3o de in\u00fameras dificuldades e esfor\u00e7os persistentes, os membros da associa\u00e7\u00e3o de produtores conseguiram revitalizar a soja como uma especialidade local da qual a regi\u00e3o pode se orgulhar. Tenho o maior respeito por seu entusiasmo e empenho.<\/p>\n<p>A trajet\u00f3ria da cooperativa n\u00e3o se limita ao mero desenvolvimento de produtos, mas tamb\u00e9m \u00e0 prote\u00e7\u00e3o das tradi\u00e7\u00f5es e da cultura da regi\u00e3o, al\u00e9m da cont\u00ednua cria\u00e7\u00e3o de valor. H\u00e1 dois anos, Yuji Takada assumiu o cargo de Diretor-Geral e, desde ent\u00e3o, firmou novas parcerias com diversas empresas. Mesmo em tempos de r\u00e1pidas transforma\u00e7\u00f5es, ele se manteve fiel \u00e0 sua vis\u00e3o e continuou a enfrentar os desafios para o futuro, o que representa um grande incentivo para toda a ind\u00fastria local.<\/p>\n<p>Ali\u00e1s, o sorvete de kinako Kurosengoku tamb\u00e9m \u00e9 vendido no Sunfuller Park Hokuryu Onsen. Tamb\u00e9m montamos uma barraca de lanches no Centro Tur\u00edstico de Himawari durante o Festival do Girassol, realizado em julho e agosto. Usamos bolinhos de arroz da Himawari Nosan, que cultiva e processa arroz glutinoso na cidade de Hokuryu, e os recheamos com Kurosengoku Don para criar e vender waffles de mochi chamados &quot;Kurosengoku Moffles&quot;.<\/p>\n<p>Tamb\u00e9m oferecemos um milkshake chamado &quot;Kurosengoku Shake&quot;, que \u00e9 sorvete misturado com farinha de soja Kurosengoku. Este milkshake tem muitos clientes fi\u00e9is, especialmente os jovens da regi\u00e3o. A farinha de soja Kurosengoku \u00e9 muito f\u00e1cil de usar e acreditamos que desenvolvemos um produto muito popular.<\/p>\n<p>Espero sinceramente que a Cooperativa Empresarial Kurosengoku continue a crescer nos pr\u00f3ximos 10 a 20 anos e a contribuir ainda mais para a comunidade local.<\/p>\n<p>&quot;Para concluir, gostaria de desejar sa\u00fade, sucesso e felicidade a todos os membros do sindicato e a todos os presentes. Este ser\u00e1 meu breve discurso de felicita\u00e7\u00f5es. Parab\u00e9ns a todos voc\u00eas hoje&quot;, disse o vice-presidente Okino.<\/p>\n<h3>Apresenta\u00e7\u00e3o do convidado<\/h3>\n<p>O prefeito Yasuhiro Sasaki da cidade de Hokuryu, o cidad\u00e3o honor\u00e1rio da cidade de Hokuryu, Ryoichi Kikura, o presidente do Conselho Municipal de Hokuryu, Shoichi Nakamura, o chefe de se\u00e7\u00e3o Keiichi Taguchi da Federa\u00e7\u00e3o de Associa\u00e7\u00f5es de Pequenas e M\u00e9dias Empresas de Hokkaido, o gerente da filial Kimitoshi Washio da Cooperativa Agr\u00edcola de Kitasorachi em Hokuryu, o diretor representante Minoru Nagai da Cooperativa Agr\u00edcola de Kitasorachi do Distrito de Hokuryu, o gerente da filial Takamori Okada do Banco Kitasorachi Shinkin em Hokuryu, o vice-presidente Manabu Okino da C\u00e2mara de Com\u00e9rcio e Ind\u00fastria da cidade de Hokuryu, o secret\u00e1rio-geral Yuji Oka da C\u00e2mara de Com\u00e9rcio e Ind\u00fastria da cidade de Hokuryu, a chefe de se\u00e7\u00e3o Keiko Tsuzuki da Divis\u00e3o de Ind\u00fastria do Escrit\u00f3rio Municipal de Hokuryu e o chefe de se\u00e7\u00e3o Yuji Arata da Divis\u00e3o de Gest\u00e3o Agr\u00edcola da filial de Hokuryu da Cooperativa Agr\u00edcola de Kitasorachi.<\/p>\n<figure class=\"wp-caption aligncenter\"><a href=\"https:\/\/photos.google.com\/share\/AF1QipMgD5MhkIhssdqIZmWd3i2FTDsS9QKVgaES1nt8LBSdHUz2netPdcF254PYeewLhw\/photo\/AF1QipPkgugJ9uvMesyB0B9ow_GCxhPPKaVfvptaMxY?key=cXZRbEJGTEhQa3ZIXzYyOWZQd1pQclBQRXpOMjhn\"><img decoding=\"async\" src=\"https:\/\/lh3.googleusercontent.com\/pw\/AP1GczPnFA-sQb9nthrX3-3xXTGmdRQbEVr_1G78L0ceLJ7XHOD0QRUUPgTphnpNEbDPW_ktbuC0cOV3QK5JcIHzUrHZQN0lo539zjU655Z5szWxHVaVYacj-fgzCwrlMDKrLHCk8sJr1YoN4wNHqR5bTBvG=w2000-h1333-s-no-gm?authuser=0\" width=\"2000\" height=\"1333\" alt=\"Apresenta\u00e7\u00e3o do convidado\" class=\"size-full\" \/><\/a><figcaption class=\"wp-caption-text\">Apresenta\u00e7\u00e3o do convidado<\/figcaption><\/figure>\n<figure class=\"wp-caption aligncenter\"><a href=\"https:\/\/photos.google.com\/share\/AF1QipMgD5MhkIhssdqIZmWd3i2FTDsS9QKVgaES1nt8LBSdHUz2netPdcF254PYeewLhw\/photo\/AF1QipOwtsewWO0yNWVT-yhFElq3aLwc1xjVcmi-TkE?key=cXZRbEJGTEhQa3ZIXzYyOWZQd1pQclBQRXpOMjhn\" target=\"_blank\"><img decoding=\"async\" src=\"https:\/\/lh3.googleusercontent.com\/pw\/AP1GczOzjJCI6l5niiVGNtvovtrBTLgLTK50NgQOmJ8rbda2VVpHim8CebFhDCXLGjFeK7wSr3s3p5Tl3cuJNw8REwaek90h4kxaOuxEEs1YR8rLmvxfzp6e6IngSaFfB23uRVdDhps-4HXPPvbIMK5rdrPh=w2000-h1333-s-no-gm?authuser=0\" width=\"2000\" height=\"1333\" alt=\"Apresenta\u00e7\u00e3o do convidado\" class=\"size-full\" \/><\/a><figcaption class=\"wp-caption-text\">Apresenta\u00e7\u00e3o do convidado<\/figcaption><\/figure>\n<h3>Exibi\u00e7\u00e3o de v\u00eddeo: Mensagens de v\u00eddeo de felicita\u00e7\u00f5es dos fornecedores.<\/h3>\n<p>Recebemos mensagens de v\u00eddeo de felicita\u00e7\u00f5es de empresas que trabalham com Kurosengoku.<\/p>\n<ol>\n<li>Quiropraxia Moiti (Cidade de Sapporo)<\/li>\n<li>Loja Daifuku, Sasaya Daifuku (Sapporo)<\/li>\n<li>Umeya Co., Ltd.<\/li>\n<\/ol>\n<figure class=\"wp-caption aligncenter\"><a href=\"https:\/\/photos.google.com\/share\/AF1QipMgD5MhkIhssdqIZmWd3i2FTDsS9QKVgaES1nt8LBSdHUz2netPdcF254PYeewLhw\/photo\/AF1QipN24cNcKjwWnhYiRI-1TsRkbkxebX19WTXzOMA?key=cXZRbEJGTEhQa3ZIXzYyOWZQd1pQclBQRXpOMjhn\"><img decoding=\"async\" src=\"https:\/\/lh3.googleusercontent.com\/pw\/AP1GczNBlk-XqCPGuFO_LqDSGMmuq_jgKZUTOQ84SJUtsWIPrqF22ynOPYSnG52iW-mx2Wms6OuwO0Wt2FDSw0FB_nbreDVJeNEzCXJ1SiLTAVmAr1xzEpEWnv3fhGz5CPQMHvwYRrweD0hMFOM7DmSCxvbU=w2000-h1333-s-no-gm?authuser=0\" width=\"2000\" height=\"1333\" alt=\"Mensagem de parab\u00e9ns do propriet\u00e1rio da empresa\" class=\"size-full\" \/><\/a><figcaption class=\"wp-caption-text\">Mensagem de parab\u00e9ns do propriet\u00e1rio da empresa<\/figcaption><\/figure>\n<h3>Brinde: Presidente do Conselho Municipal de Hokuryu, Nakamura Shoichi<\/h3>\n<figure class=\"wp-caption aligncenter\"><a href=\"https:\/\/photos.google.com\/share\/AF1QipMgD5MhkIhssdqIZmWd3i2FTDsS9QKVgaES1nt8LBSdHUz2netPdcF254PYeewLhw\/photo\/AF1QipMQqakbmDjqfh6GA-OhsUitBuIzmaX76MiS-lk?key=cXZRbEJGTEhQa3ZIXzYyOWZQd1pQclBQRXpOMjhn\" target=\"_blank\"><img decoding=\"async\" src=\"https:\/\/lh3.googleusercontent.com\/pw\/AP1GczP_Sgc1ytyEG7Sm7bvUYwo8r4pLOONH0KhRBE7j0CvTDZSagkrMGmuem49IRiEtYLmpwFMUKfntrybgUYdIv6fjdleqYnTMF8RG1lFWN9q0egxs07UJHPYMoeoD3auGktRI62ob8d4DlJcXbh8-e1GP=w2000-h1333-s-no-gm?authuser=0\" width=\"2000\" height=\"1333\" alt=\"O Sr. Shoichi Nakamura, Presidente do Conselho Municipal de Hokuryu,\" class=\"size-full\" \/><\/a><figcaption class=\"wp-caption-text\">O Sr. Shoichi Nakamura, Presidente do Conselho Municipal de Hokuryu,<\/figcaption><\/figure>\n<p>&quot;Parab\u00e9ns pelo 20\u00ba anivers\u00e1rio da Cooperativa Comercial Kurosengoku!<\/p>\n<p>Ao longo dos \u00faltimos 20 anos, tenho visto o neg\u00f3cio da Kurosengoku lutar com repetidas tentativas e erros, tateando no escuro. Nos anos em que a neve caiu cedo, as colheitas foram dif\u00edceis, mas os produtores n\u00e3o desistiram e continuaram a plantar, desenvolvendo produtos de diversas maneiras. Acredito que eles conseguiram criar as condi\u00e7\u00f5es ideais com a ajuda de muitas pessoas diferentes.<\/p>\n<p>Acredito que conseguimos chegar a este dia gra\u00e7as \u00e0 paix\u00e3o do Presidente Takada, que superou muitas dificuldades e nunca desistiu at\u00e9 o fim, e a todos voc\u00eas.<\/p>\n<p>Rezo pelo sucesso e desenvolvimento cont\u00ednuos da Associa\u00e7\u00e3o de Coopera\u00e7\u00e3o Comercial de Kurosengoku, e pela boa sa\u00fade de todos voc\u00eas, e gostaria de propor um brinde com ch\u00e1 de Kurosengoku.<\/p>\n<p>Junte-se a n\u00f3s cantando! Parab\u00e9ns pelo 20\u00ba anivers\u00e1rio da funda\u00e7\u00e3o da Cooperativa Comercial Kurosengoku. Sa\u00fade! Muito obrigado&quot;, disse o presidente Nakamura.<\/p>\n<figure class=\"wp-caption aligncenter\"><a href=\"https:\/\/photos.google.com\/share\/AF1QipMgD5MhkIhssdqIZmWd3i2FTDsS9QKVgaES1nt8LBSdHUz2netPdcF254PYeewLhw\/photo\/AF1QipPYEvsY6YIGFqn3FmjjY6oFemQrx2mqwKRP5TI?key=cXZRbEJGTEhQa3ZIXzYyOWZQd1pQclBQRXpOMjhn\" target=\"_blank\"><img decoding=\"async\" src=\"https:\/\/lh3.googleusercontent.com\/pw\/AP1GczMC8SulD2h4ySxbQv6c6BOi5nSWxGWOSMdyIFeyDQR2S1DkY455qzfl3nGfKpJvft7la52P2vLyywFuWm2S6KELUPYqRHLN9FxIFzkxyTrcfQwy9GpYhUmZGUjQKQJtV0xdVi1lUjLs4vDeKynfrNBg=w2000-h1333-s-no-gm?authuser=0\" width=\"2000\" height=\"1333\" alt=\"sa\u00fade!\" class=\"size-full\" \/><\/a><figcaption class=\"wp-caption-text\">sa\u00fade!<\/figcaption><\/figure>\n<h3>Exibi\u00e7\u00e3o de v\u00eddeo relembrando os \u00faltimos 10 anos da Associa\u00e7\u00e3o Cooperativa Comercial Kurosengoku.<\/h3>\n<div class=\"youtube\"><iframe title=\"Parab\u00e9ns! 20\u00ba anivers\u00e1rio da Associa\u00e7\u00e3o Cooperativa Comercial de Kurosengoku!\" src=\"https:\/\/www.youtube.com\/embed\/w6idevs-58I?feature=oembed\" frameborder=\"0\" allow=\"accelerometer; autoplay; clipboard-write; encrypted-media; gyroscope; picture-in-picture; web-share\" referrerpolicy=\"strict-origin-when-cross-origin\" allowfullscreen><\/iframe><\/div>\n<h3>Menu do curso de culin\u00e1ria Kurosengoku:<br \/>\nProduzido por Mi-yan, tamb\u00e9m conhecida como Kimura Mitsue!<\/h3>\n<p>Esta \u00e9 uma obra-prima preparada pelo Chef Maeda Tomokazu do Sunflower Park Hokuryu Onsen, utilizando soja Kurosengoku.<\/p>\n<figure class=\"wp-caption aligncenter\"><a href=\"https:\/\/photos.google.com\/share\/AF1QipMgD5MhkIhssdqIZmWd3i2FTDsS9QKVgaES1nt8LBSdHUz2netPdcF254PYeewLhw\/photo\/AF1QipOCz44FUfu9zZRT0nnr4mXyDFmyToDXV1lnLTs?key=cXZRbEJGTEhQa3ZIXzYyOWZQd1pQclBQRXpOMjhn\"><img decoding=\"async\" src=\"https:\/\/lh3.googleusercontent.com\/pw\/AP1GczN7XPCmzspgMJweg8SuM3QQjvOtlj5uMCZumdZxnjunjGCd2bE5TtGr1JZAsmeeJpRUXKNQF_o4IlIoP9qqyJoaVaXmGV_c_QeJ4GxEce74sE43bmAHLUA9g_5Ax42YILArBKEeq-QK4nTQd00b3Jlm=w2000-h1500-s-no-gm?authuser=0\" width=\"2000\" height=\"1500\" alt=\"Menu\" class=\"size-full\" \/><\/a><figcaption class=\"wp-caption-text\">Menu<\/figcaption><\/figure>\n<h4>Rolinhos primavera frescos de carne de soja Kurosengoku<\/h4>\n<ul>\n<li>Kurosengoku: carne de soja envolta em sete tipos de vegetais.<\/li>\n<li>O molho para mergulhar \u00e9 maionese Kurosengoku.<\/li>\n<\/ul>\n<figure class=\"wp-caption aligncenter\"><a href=\"https:\/\/photos.google.com\/share\/AF1QipMgD5MhkIhssdqIZmWd3i2FTDsS9QKVgaES1nt8LBSdHUz2netPdcF254PYeewLhw\/photo\/AF1QipOL6wjPoQQ5Nd9XbqFdwIFfK5vOu0aTcKMqwOE?key=cXZRbEJGTEhQa3ZIXzYyOWZQd1pQclBQRXpOMjhn\" target=\"_blank\"><img decoding=\"async\" src=\"https:\/\/lh3.googleusercontent.com\/pw\/AP1GczPwpEOtlvk9XxZ9gfg_za8rEoo8oDLNyye_20Xxa0WPncAMZaMC-Japy4HLyS5M4-WbgYGadMFD42p7RymkVrt6TruDE7bXScTyE28efR5lHcRyuYVYOUgEZl7i0zmmd2UZq07IDIm9HVjgPHGks9a6=w2000-h1333-s-no-gm?authuser=0\" width=\"2000\" height=\"1333\" alt=\"Rolinhos primavera frescos de carne de soja Kurosengoku\" class=\"size-full\" \/><\/a><figcaption class=\"wp-caption-text\">Rolinhos primavera frescos de carne de soja Kurosengoku<\/figcaption><\/figure>\n<h4>Sashimi variado da esta\u00e7\u00e3o<\/h4>\n<figure class=\"wp-caption aligncenter\"><a href=\"https:\/\/photos.google.com\/share\/AF1QipMgD5MhkIhssdqIZmWd3i2FTDsS9QKVgaES1nt8LBSdHUz2netPdcF254PYeewLhw\/photo\/AF1QipNgs9MLUTwcjdpfkYlrDEUcHwNcVGeqOp_Rpms?key=cXZRbEJGTEhQa3ZIXzYyOWZQd1pQclBQRXpOMjhn\"><img decoding=\"async\" src=\"https:\/\/lh3.googleusercontent.com\/pw\/AP1GczNlD3kB9A81BIbbihyiHei5a448jL5-qc5COznLudzYsx1bZ8b0sGccgfe-a3tcWnVNgxgrUdAYYQkpfxQp4QS6k4W-0Mu0ZW-YE2MX4RDldwjScNgPJoIe4HbWwLfo79DcNoxoDsZLYx6kO4dW5mpW=w2000-h1333-s-no-gm?authuser=0\" width=\"2000\" height=\"1333\" alt=\"Sashimi variado da esta\u00e7\u00e3o\" class=\"size-full\" \/><\/a><figcaption class=\"wp-caption-text\">Sashimi variado da esta\u00e7\u00e3o<\/figcaption><\/figure>\n<h4>De Kurosengoku Acquapazza Frutos do Mar<\/h4>\n<ul>\n<li>Os gr\u00e3os de soja Kurosengoku temperados s\u00e3o picados e polvilhados sobre os frutos do mar.<\/li>\n<\/ul>\n<figure class=\"wp-caption aligncenter\"><a href=\"https:\/\/photos.google.com\/share\/AF1QipMgD5MhkIhssdqIZmWd3i2FTDsS9QKVgaES1nt8LBSdHUz2netPdcF254PYeewLhw\/photo\/AF1QipNN37YYJd6qH7HHPrL_-lKOF0prGEY4V4SxjMo?key=cXZRbEJGTEhQa3ZIXzYyOWZQd1pQclBQRXpOMjhn\" target=\"_blank\"><img decoding=\"async\" src=\"https:\/\/lh3.googleusercontent.com\/pw\/AP1GczPYzLspSXEWzRWhIMFCtqlgiooM8-gwaR8ssJixliaVLGgcUzsNiln6CTC-K2yfhzdrR6xNw87IEJoI4Msv1CKfGapbsGDw0WbpVSzXELXCJ_-IOT-LS12xdNVp3SUwYIaby1JKFCEIrkFZBqSZiizG=w2000-h1333-s-no-gm?authuser=0\" width=\"2000\" height=\"1333\" alt=\"Frutos do Mar Kurosengoku Acquapazza\" class=\"size-full\" \/><\/a><figcaption class=\"wp-caption-text\">Frutos do Mar Kurosengoku Acquapazza<\/figcaption><\/figure>\n<h4>Hotpot de broto de feij\u00e3o Kurosengoku<\/h4>\n<ul>\n<li>Molho de \u00f3leo de girassol e vieiras\n<li>\n<li>Uma panela fumegante de brotos de feij\u00e3o Kurosengoku surpreendentemente longos e mastig\u00e1veis, cozidos com carne de porco de girassol e cenouras para shabu-shabu.<\/li>\n<\/ul>\n<figure class=\"wp-caption aligncenter\"><a href=\"https:\/\/photos.google.com\/share\/AF1QipMgD5MhkIhssdqIZmWd3i2FTDsS9QKVgaES1nt8LBSdHUz2netPdcF254PYeewLhw\/photo\/AF1QipNOSQmdbr6ngTXFqtN7oTBJLqmaFArT9hAHUvA?key=cXZRbEJGTEhQa3ZIXzYyOWZQd1pQclBQRXpOMjhn\" target=\"_blank\"><img decoding=\"async\" src=\"https:\/\/lh3.googleusercontent.com\/pw\/AP1GczNufpAG6i8VmIzGhaadqIZJBTYenQVxMSQGwBErb_sdEQgKv8FSnlDmMT-cta04RGqcXX9CXF5mOSp5iRuBFGw70HrNqPwYPOqe8gXLb8vZvL9rYW01CNkTzck1mey0ImzbXYxZRv4czaoFZd9aXOJT=w2000-h1333-s-no-gm?authuser=0\" width=\"2000\" height=\"1333\" alt=\"Hotpot de broto de feij\u00e3o Kurosengoku\" class=\"size-full\" \/><\/a><figcaption class=\"wp-caption-text\">Hotpot de broto de feij\u00e3o Kurosengoku<\/figcaption><\/figure>\n<h4>Kurosengoku Mapo Tofu<\/h4>\n<ul>\n<li>Carne Kurosengoku agridoce e tofu Kurosengoku<\/li>\n<\/ul>\n<figure class=\"wp-caption aligncenter\"><a href=\"https:\/\/photos.google.com\/share\/AF1QipMgD5MhkIhssdqIZmWd3i2FTDsS9QKVgaES1nt8LBSdHUz2netPdcF254PYeewLhw\/photo\/AF1QipOXHqaDzTPTKi72XYrkaXR6yF-w_h2AEtqO_YY?key=cXZRbEJGTEhQa3ZIXzYyOWZQd1pQclBQRXpOMjhn\"><img decoding=\"async\" src=\"https:\/\/lh3.googleusercontent.com\/pw\/AP1GczPk3XrNE7OpVVshadOHx4xXxt_QjcD1t0D4QjB0AjBcJHeSORD-xM7ORjrQP24ayfDn8fbxbYrfUYXN5NMVPnR9SDGQapAabAtpFDtF3ej4I_s9gCF5XGVBICFfT40tPw8ks4Iiq7PZ5DzMPwTD4Uvm=w2000-h1333-s-no-gm?authuser=0\" width=\"2000\" height=\"1333\" alt=\"Kurosengoku Mapo Tofu\" class=\"size-full\" \/><\/a><figcaption class=\"wp-caption-text\">Kurosengoku Mapo Tofu<\/figcaption><\/figure>\n<h4>Kurosengoku Natto Roll<\/h4>\n<ul>\n<li>Arroz de soja Kurosengoku misturado com gengibre em conserva e sementes de gergelim, envolto em alga nori com ovo, abacate e folha de shiso.<\/li>\n<li>O molho para mergulhar \u00e9 feito com caldo de soja Kurosengoku, dois tipos de molho de soja e kinako de soja Kurosengoku polvilhado.<\/li>\n<\/ul>\n<figure class=\"wp-caption aligncenter\"><a href=\"https:\/\/photos.google.com\/share\/AF1QipMgD5MhkIhssdqIZmWd3i2FTDsS9QKVgaES1nt8LBSdHUz2netPdcF254PYeewLhw\/photo\/AF1QipOGe6e3WLfFWa0BqPXJS25EpO4_ZTrsk44nrn0?key=cXZRbEJGTEhQa3ZIXzYyOWZQd1pQclBQRXpOMjhn\" target=\"_blank\"><img decoding=\"async\" src=\"https:\/\/lh3.googleusercontent.com\/pw\/AP1GczMvWwvyDJ8srHcRWjEEs6kze79tKwvAbjJRP7SU_6_TPnjteJCOSE7EBE2bwF4xPY8EoQ1XdzBxUwfB3U4xC4iBhGwXc-zdruHBWbk5zF7raPnjveDN8cGMzK78Prl0ci0S3rTRSsp-bXCwpmoW2RFS=w2000-h1333-s-no-gm?authuser=0\" width=\"2000\" height=\"1333\" alt=\"Kurosengoku Natto Roll\" class=\"size-full\" \/><\/a><figcaption class=\"wp-caption-text\">Kurosengoku Natto Roll<\/figcaption><\/figure>\n<h4>Soja Kurosengoku kinako udon<\/h4>\n<ul>\n<li>Servido com kakiage (tempura) de soja Kurosengoku, cebola e cenoura.<\/li>\n<\/ul>\n<figure class=\"wp-caption aligncenter\"><a href=\"https:\/\/photos.google.com\/share\/AF1QipMgD5MhkIhssdqIZmWd3i2FTDsS9QKVgaES1nt8LBSdHUz2netPdcF254PYeewLhw\/photo\/AF1QipOGiZZc-ezXhIr7N6EQBGNHPGPR3QVBbrxYAbg?key=cXZRbEJGTEhQa3ZIXzYyOWZQd1pQclBQRXpOMjhn\" target=\"_blank\"><img decoding=\"async\" src=\"https:\/\/lh3.googleusercontent.com\/pw\/AP1GczONcZolyMxscOCW-BTIjbUp5sOiIzW-g3Paq_S7C6ZBcLYvACrIJEDR61wxCoGI8CktDoK544M5RuYe2DsDwDqTDGt_qCN1B9IBKlNfVwgZGfIm-l8K7bNUz5VM6iR9vt4_mHPrJuoD9sbj3WwOw0yj=w2000-h1333-s-no-gm?authuser=0\" width=\"2000\" height=\"1333\" alt=\"Soja Kurosengoku kinako udon\" class=\"size-full\" \/><\/a><figcaption class=\"wp-caption-text\">Soja Kurosengoku kinako udon<\/figcaption><\/figure>\n<h4>Mousse de farinha de soja Kurosengoku e bolo chiffon<\/h4>\n<ul>\n<li>Feito com farinha de soja Kurosengoku<\/li>\n<\/ul>\n<figure class=\"wp-caption aligncenter\"><a href=\"https:\/\/photos.google.com\/share\/AF1QipMgD5MhkIhssdqIZmWd3i2FTDsS9QKVgaES1nt8LBSdHUz2netPdcF254PYeewLhw\/photo\/AF1QipMi-xYpmHMfb8M0GAgI6DPNy7sX_IEUj4eNycM?key=cXZRbEJGTEhQa3ZIXzYyOWZQd1pQclBQRXpOMjhn\" target=\"_blank\"><img decoding=\"async\" src=\"https:\/\/lh3.googleusercontent.com\/pw\/AP1GczNMHXuzkE5zE8qdphxi-5ig7zJV7-YZkWToY8ZwjDhs5siMmqtsVWEeBnZknZqgLEv3wv1NcU0O7cvs2fY2Od1e0i9kR1wgWHxxpM-AHXqxYIygTSLmgFNMoQXEnXynlgVoX9oHE823HfSzd_mWeScx=w2000-h1333-s-no-gm?authuser=0\" width=\"2000\" height=\"1333\" alt=\"Mousse de farinha de soja Kurosengoku e bolo chiffon\" class=\"size-full\" \/><\/a><figcaption class=\"wp-caption-text\">Mousse de farinha de soja Kurosengoku e bolo chiffon<\/figcaption><\/figure>\n<h3>Entrevistas com os participantes<\/h3>\n<h4>Sr. Ryoji Kikura, cidad\u00e3o honor\u00e1rio da cidade de Hokuryu<\/h4>\n<figure class=\"wp-caption aligncenter\"><a href=\"https:\/\/photos.google.com\/share\/AF1QipMgD5MhkIhssdqIZmWd3i2FTDsS9QKVgaES1nt8LBSdHUz2netPdcF254PYeewLhw\/photo\/AF1QipM-QZRLuAZRKy3PIAEHrIkiSOQZ2ocDbmkKVP4?key=cXZRbEJGTEhQa3ZIXzYyOWZQd1pQclBQRXpOMjhn\" target=\"_blank\"><img decoding=\"async\" src=\"https:\/\/lh3.googleusercontent.com\/pw\/AP1GczODnoODyAwTM-h2rl1E9LCBrqjM59mr-TEcdwPFLyrMAsfjydXZ6jmMfH_iajlN0rq8l4WjORHhxylV_J-c6h84wpuJa_b8N-1lTVVlvzu0QktrxXlZaD13rlfQ1aJuArkk9rTVuyZqrtKwL3lRb7Dx=w2000-h1333-s-no-gm?authuser=0\" width=\"2000\" height=\"1333\" alt=\"Cidad\u00e3o Honor\u00e1rio da Cidade de Hokuryu, Sr. Ryoji Kikura\" class=\"size-full\" \/><\/a><figcaption class=\"wp-caption-text\">Cidad\u00e3o Honor\u00e1rio da Cidade de Hokuryu, Sr. Ryoji Kikura<\/figcaption><\/figure>\n<h4>Sr. Ken Yamazaki, produtor de broto de feij\u00e3o Kurosengoku<\/h4>\n<figure class=\"wp-caption aligncenter\"><a href=\"https:\/\/photos.google.com\/share\/AF1QipMgD5MhkIhssdqIZmWd3i2FTDsS9QKVgaES1nt8LBSdHUz2netPdcF254PYeewLhw\/photo\/AF1QipNtmtopDVS2eT4iMPoA7GPWL4iXJ7xH4etDWek?key=cXZRbEJGTEhQa3ZIXzYyOWZQd1pQclBQRXpOMjhn\" target=\"_blank\"><img decoding=\"async\" src=\"https:\/\/lh3.googleusercontent.com\/pw\/AP1GczNIrB5vDs6Nlh1DE-RNdAmTZ1kAlOxa7TeGrGv_N42ob8edJE-0fZsEmn39xhTQZLbYDkUfPo7uvyHpHOHhL7bsiMvo_Epgwu-Cylc6eMia7q5OrFdWWSuXPfYI0CkV5HAJmuiKq8806L6mGUF6GUPZ=w2000-h1333-s-no-gm?authuser=0\" width=\"2000\" height=\"1333\" alt=\"Sr. Ken Yamazaki, brotos de feij\u00e3o Kurosengoku\" class=\"size-full\" \/><\/a><figcaption class=\"wp-caption-text\">Sr. Ken Yamazaki, brotos de feij\u00e3o Kurosengoku<\/figcaption><\/figure>\n<h4>Hiroya Sakuraba, Diretor Representante, Tsuchikura Co., Ltd.<\/h4>\n<figure class=\"wp-caption aligncenter\"><a href=\"https:\/\/photos.google.com\/share\/AF1QipMgD5MhkIhssdqIZmWd3i2FTDsS9QKVgaES1nt8LBSdHUz2netPdcF254PYeewLhw\/photo\/AF1QipMXLYWSa59ZnBC1zSdx3gMKTpPMhFB11fS8vHk?key=cXZRbEJGTEhQa3ZIXzYyOWZQd1pQclBQRXpOMjhn\" target=\"_blank\"><img decoding=\"async\" src=\"https:\/\/lh3.googleusercontent.com\/pw\/AP1GczNTThJvP-TdTYev36oSq-vS-Xc7jmzhRtUJiwNYID5ZKBXbU9BcIm9s5VvOMgr8f57c48xKRYwDDcTO5fltcHrsvmf0VoXjexvKx24iH81f5OyTIAuDdLcMpcUO7YdgKDrv41yhCLmQJxLf5qDbHCZN=w2000-h1333-s-no-gm?authuser=0\" width=\"2000\" height=\"1333\" alt=\"Sr. Hiroya Sakuraba, Diretor Representante da Tsuchikura Co., Ltd.\" class=\"size-full\" \/><\/a><figcaption class=\"wp-caption-text\">Sr. Hiroya Sakuraba, Diretor Representante da Tsuchikura Co., Ltd.<\/figcaption><\/figure>\n<h4>Conselheiro, Takashi Sanbuichi, Associa\u00e7\u00e3o Cooperativa Empresarial de Kurosengoku<\/h4>\n<figure class=\"wp-caption aligncenter\"><a href=\"https:\/\/photos.google.com\/share\/AF1QipMgD5MhkIhssdqIZmWd3i2FTDsS9QKVgaES1nt8LBSdHUz2netPdcF254PYeewLhw\/photo\/AF1QipPMeqDdo2gbv6zV7qPFJmgO8BAW32wMIRg3GoM?key=cXZRbEJGTEhQa3ZIXzYyOWZQd1pQclBQRXpOMjhn\" target=\"_blank\"><img decoding=\"async\" src=\"https:\/\/lh3.googleusercontent.com\/pw\/AP1GczPqnVEKuS0q4z8ylkdTMXQEAd_fn1jhbtNJKPvVP5fDTdqjJiqw1cKRAHkg2iZZ3gkKQfJWK-SFubTvccY_RKxT0bdaTVAi33Wv5yNfu6sG4acH76rHTuwXt1p3qXZDfeca1r16BuYgygAwuLBgFF2R=w2000-h1333-s-no-gm?authuser=0\" width=\"2000\" height=\"1333\" alt=\"Sr. Takashi Sambuichi, Conselheiro da Associa\u00e7\u00e3o Cooperativa Comercial de Kurosengoku\" class=\"size-full\" \/><\/a><figcaption class=\"wp-caption-text\">Sr. Takashi Sambuichi, Conselheiro da Associa\u00e7\u00e3o Cooperativa Comercial de Kurosengoku<\/figcaption><\/figure>\n<h4>Masafumi Nakamura, Diretor Representante da Nakamura Food Industry Co., Ltd.<\/h4>\n<figure class=\"wp-caption aligncenter\"><a href=\"https:\/\/photos.google.com\/share\/AF1QipMgD5MhkIhssdqIZmWd3i2FTDsS9QKVgaES1nt8LBSdHUz2netPdcF254PYeewLhw\/photo\/AF1QipNvQIt_Tluow6Q63nfT-XmFTqnatg_wWX8Z9tE?key=cXZRbEJGTEhQa3ZIXzYyOWZQd1pQclBQRXpOMjhn\" target=\"_blank\"><img decoding=\"async\" src=\"https:\/\/lh3.googleusercontent.com\/pw\/AP1GczPELo7wJUNUxUR7Os0iTcTfmcFrVoACr6aLO--l3L8UaoD3DI5e9sl6nP3jkwFQvSVPP_2EHU7IGWHh1XPNPjHgc2Ppii1LEjz9j0L0OFaRetMNLdzk7Ho1IAysU4P-Ds_c3fxAvm7ROAcGKwtj-dCH=w2000-h1333-s-no-gm?authuser=0\" width=\"2000\" height=\"1333\" alt=\"Masafumi Nakamura, Diretor Representante da Nakamura Food Industry Co., Ltd.\" class=\"size-full\" \/><\/a><figcaption class=\"wp-caption-text\">Masafumi Nakamura, Diretor Representante da Nakamura Food Industry Co., Ltd.<\/figcaption><\/figure>\n<h4>Noriko Takada, esposa do presidente da Associa\u00e7\u00e3o Cooperativa Comercial de Kurosengoku.<\/h4>\n<figure class=\"wp-caption aligncenter\"><a href=\"https:\/\/photos.google.com\/share\/AF1QipMgD5MhkIhssdqIZmWd3i2FTDsS9QKVgaES1nt8LBSdHUz2netPdcF254PYeewLhw\/photo\/AF1QipM2V0Aabdr_MsB64N9IDyszFIZHranRCUgVOiQ?key=cXZRbEJGTEhQa3ZIXzYyOWZQd1pQclBQRXpOMjhn\" target=\"_blank\"><img decoding=\"async\" src=\"https:\/\/lh3.googleusercontent.com\/pw\/AP1GczPSg5H-dwDffyFVFn48FIVi7E9-55cOmcB3Mau6sinWQ9wZG8m6xdxj19O2Qvk3jVrwEFIR3Sg68opfBRFNWXkIOPd9wGe4ybQ093UiLJ9vhWb3lEdUCwt1X5jnXIuCMsy_HaimxY0I4nC7MAlPz4em=w2000-h1333-s-no-gm?authuser=0\" width=\"2000\" height=\"1333\" alt=\"A Sra. Noriko Takada, esposa do presidente da Associa\u00e7\u00e3o Cooperativa Comercial de Kurosengoku.\" class=\"size-full\" \/><\/a><figcaption class=\"wp-caption-text\">A Sra. Noriko Takada, esposa do presidente da Associa\u00e7\u00e3o Cooperativa Comercial de Kurosengoku.<\/figcaption><\/figure>\n<h4>Produtor: Takeyuki Kamatsuka (Cidade de Shintotsukawa)<\/h4>\n<figure class=\"wp-caption aligncenter\"><a href=\"https:\/\/photos.google.com\/share\/AF1QipMgD5MhkIhssdqIZmWd3i2FTDsS9QKVgaES1nt8LBSdHUz2netPdcF254PYeewLhw\/photo\/AF1QipPYEmI_YqIqrRV_ekTW9bpoIhbg5bmBJ5Y-5P0?key=cXZRbEJGTEhQa3ZIXzYyOWZQd1pQclBQRXpOMjhn\" target=\"_blank\"><img decoding=\"async\" src=\"https:\/\/lh3.googleusercontent.com\/pw\/AP1GczMgkvIfq9kbeSqKeRc7TmLlk8IaJioUsi6C59A8KNGl_gDeEM-wkUnjgBOKv0EMNpviX_AEn--y97kQmSa_1HF3BC0ZwZBF2xQcR3sS_3Fkq799r9mCoBwcNzfLhbgYOJ846B8Bwr25lJLdR5mfoT-L=w2000-h1333-s-no-gm?authuser=0\" width=\"2000\" height=\"1333\" alt=\"Produtor de Shintotsukawa, Takeyuki Kamatsuka\" class=\"size-full\" \/><\/a><figcaption class=\"wp-caption-text\">Produtor de Shintotsukawa, Takeyuki Kamatsuka<\/figcaption><\/figure>\n<h4>Yuki Takada, Diretor da Associa\u00e7\u00e3o Cooperativa Empresarial Kurosengoku<\/h4>\n<figure class=\"wp-caption alignnone\"><a href=\"https:\/\/photos.google.com\/share\/AF1QipMgD5MhkIhssdqIZmWd3i2FTDsS9QKVgaES1nt8LBSdHUz2netPdcF254PYeewLhw\/photo\/AF1QipPCs44E6fbNnVc1Anjv9VxVl9A39m_-zOiK_uY?key=cXZRbEJGTEhQa3ZIXzYyOWZQd1pQclBQRXpOMjhn\" target=\"_blank\"><img decoding=\"async\" src=\"https:\/\/lh3.googleusercontent.com\/pw\/AP1GczN38KEYbLsHY-AnPNn4EjBvsrYci5MoIda10HsdRdue6Ndn-Jr7q7yCQw6vGK-Q1kfu1mw-C2WfAGdGGvipS28u7LcRZKdlIUigcYhHfzWhLW8Sk9kWbt9zHlIjcy3VgK2gnsQJovdVrR-vcIkxhwLw=w2000-h1333-s-no-gm?authuser=0\" width=\"2000\" height=\"1333\" alt=\"Sr. Yuki Takada, Diretor da Associa\u00e7\u00e3o Cooperativa Empresarial Kurosengoku\" class=\"size-full\" \/><\/a><figcaption class=\"wp-caption-text\">Sr. Yuki Takada, Diretor da Associa\u00e7\u00e3o Cooperativa Empresarial Kurosengoku<\/figcaption><\/figure>\n<h4>Tomokazu Maeda, chefe de cozinha do Sunflower Park Hokuryu Onsen<\/h4>\n<figure class=\"wp-caption aligncenter\"><a href=\"https:\/\/photos.google.com\/share\/AF1QipMgD5MhkIhssdqIZmWd3i2FTDsS9QKVgaES1nt8LBSdHUz2netPdcF254PYeewLhw\/photo\/AF1QipOvUmfahbs8xhuG516-kQtUAJPKIreXJZ-nLB4?key=cXZRbEJGTEhQa3ZIXzYyOWZQd1pQclBQRXpOMjhn\" target=\"_blank\"><img decoding=\"async\" src=\"https:\/\/lh3.googleusercontent.com\/pw\/AP1GczMFZriEnUaHIRWwn_Im-jWH2qrRcXzqYKqPKb0zkYjzzUTKY4LS2Yyqj34iaFB-DFv9hFNuHPfXZTpVbN5SsJki59Wp5_Vo5qDnTGiSwEBsEaDcbEo6vlNUZ4EgArqTPur7ztvPmc7c_BpkRYum4r-S=w2000-h1333-s-no-gm?authuser=0\" width=\"2000\" height=\"1333\" alt=\"Parque Girassol Hokuryu Onsen Chef Tomokazu Maeda\" class=\"size-full\" \/><\/a><figcaption class=\"wp-caption-text\">Parque Girassol Hokuryu Onsen Chef Tomokazu Maeda<\/figcaption><\/figure>\n<p>Muito obrigada por todos os pratos maravilhosos repletos da del\u00edcia da soja Kurosengoku!!!<\/p>\n<h3>banquete<\/h3>\n<figure class=\"wp-caption aligncenter\"><a href=\"https:\/\/photos.google.com\/share\/AF1QipMgD5MhkIhssdqIZmWd3i2FTDsS9QKVgaES1nt8LBSdHUz2netPdcF254PYeewLhw\/photo\/AF1QipPS3FofNTzRcpU8uoLleZSsNO8QsBMffy9_hiA?key=cXZRbEJGTEhQa3ZIXzYyOWZQd1pQclBQRXpOMjhn\" target=\"_blank\"><img decoding=\"async\" src=\"https:\/\/lh3.googleusercontent.com\/pw\/AP1GczN3_zwPOiwEI8j1ONwRYBCi55UAZyBwDaOEThmEb2X5UB9ubhv4Vxyj3M5JzvBbx_8B4KlG6LwMkBPSDohaYVbg3B7I94ggs40r-aYuscssBp1kJdBhlh-NKrXs5Glvm-A-TcKSZ5kXcQeY0nXgnELp=w2000-h1333-s-no-gm?authuser=0\" width=\"2000\" height=\"1333\" alt=\"Com gratid\u00e3o!\" class=\"size-full\" \/><\/a><figcaption class=\"wp-caption-text\">Com gratid\u00e3o!<\/figcaption><\/figure>\n<figure class=\"wp-caption aligncenter\"><a href=\"https:\/\/photos.google.com\/u\/1\/share\/AF1QipMgD5MhkIhssdqIZmWd3i2FTDsS9QKVgaES1nt8LBSdHUz2netPdcF254PYeewLhw\/photo\/AF1QipNFltqJ3ghSFV3L9sp0hH9iD9e32Qz7lvEoZwY?key=cXZRbEJGTEhQa3ZIXzYyOWZQd1pQclBQRXpOMjhn\" target=\"_blank\"><img decoding=\"async\" src=\"https:\/\/lh3.googleusercontent.com\/pw\/AP1GczNrsZIOYfUerD0Fiq8mJYEjv4j9qEcvhCvvHP7d8eMIi3PczjXvJYnWh6foGSVso3B5vXdsTt3z7p3ntr7DT7z7FZPG57AhUsVbKfUrLVtxyXbnw7LD6iVM6aPgn2h5IR3iDxtpsuu4rClWvxY2sJWF=w2000-h1333-s-no-gm?authuser=1\" width=\"2000\" height=\"1333\" alt=\"O popular ensopado de brotos de feij\u00e3o Kurosengoku!\" class=\"size-full\" \/><\/a><figcaption class=\"wp-caption-text\">O popular ensopado de brotos de feij\u00e3o Kurosengoku!<\/figcaption><\/figure>\n<figure class=\"wp-caption aligncenter\"><a href=\"https:\/\/photos.google.com\/share\/AF1QipMgD5MhkIhssdqIZmWd3i2FTDsS9QKVgaES1nt8LBSdHUz2netPdcF254PYeewLhw\/photo\/AF1QipP9s8_FJkpOfRvgQM9s8ab2iZz3XJ5LZbFqExo?key=cXZRbEJGTEhQa3ZIXzYyOWZQd1pQclBQRXpOMjhn\" target=\"_blank\"><img decoding=\"async\" src=\"https:\/\/lh3.googleusercontent.com\/pw\/AP1GczN331HNoNzYTXFWavovyZpHcc2-zRLVSyTavDWnDs_OC4-Pu0n79PoLXhETrUsSiLkOU9iWLKmFDSHTqeXcclo07Mnbet6tKU__3VUp43C0POLmbibSza4GgCnli89HOQzJ-XiVLTJTRtvv05tqMPdh=w2000-h1333-s-no-gm?authuser=0\" width=\"2000\" height=\"1333\" alt=\"O ambiente era amig\u00e1vel...\" class=\"size-full\" \/><\/a><figcaption class=\"wp-caption-text\">O ambiente era amig\u00e1vel...<\/figcaption><\/figure>\n<figure class=\"wp-caption aligncenter\"><a href=\"https:\/\/photos.google.com\/share\/AF1QipMgD5MhkIhssdqIZmWd3i2FTDsS9QKVgaES1nt8LBSdHUz2netPdcF254PYeewLhw\/photo\/AF1QipMfKZp6HkMSh3tjw9O_SchLrARlTY6YSSi6q9E?key=cXZRbEJGTEhQa3ZIXzYyOWZQd1pQclBQRXpOMjhn\" target=\"_blank\"><img decoding=\"async\" src=\"https:\/\/lh3.googleusercontent.com\/pw\/AP1GczPcZ2ynJ7Bx7xfFdaN7YY-bTOE6lf-CPilQgieh8zXIyQQo4W6w8WrhQTa76Z7l6X6KvC2HWba__GnYumTVid_p0W4XPGX24L0fui8DZHJX7eitcSEW3WNfNXZShi6jcloBOxOL1U63jcrd0PMIp9FS=w2000-h1333-s-no-gm?authuser=0\" width=\"2000\" height=\"1333\" alt=\"A conversa foi animada...\" class=\"size-full\" \/><\/a><figcaption class=\"wp-caption-text\">A conversa foi animada...<\/figcaption><\/figure>\n<figure class=\"wp-caption aligncenter\"><a href=\"https:\/\/photos.google.com\/share\/AF1QipMgD5MhkIhssdqIZmWd3i2FTDsS9QKVgaES1nt8LBSdHUz2netPdcF254PYeewLhw\/photo\/AF1QipNgQg8atQzkPB-Pf1lxjMK-n2WWLx-ULLw2_2M?key=cXZRbEJGTEhQa3ZIXzYyOWZQd1pQclBQRXpOMjhn\" target=\"_blank\"><img decoding=\"async\" src=\"https:\/\/lh3.googleusercontent.com\/pw\/AP1GczN4lJSsj_mBInxLUEqX5guuCqoGUkHfpkpQmp82lPSNdJwZHm2G4KYn8i8Pip2WmSFSMAvFrVmgYUQRUaf41744cgpcP-1hsS56XPfauaK9fVr6nuSNUjgI6w-fA7QJxVZlAijDdG3Ef0zlWwi293Zi=w2000-h1333-s-no-gm?authuser=0\" width=\"2000\" height=\"1333\" alt=\"H\u00e1 muito o que conversar...\" class=\"size-full\" \/><\/a><figcaption class=\"wp-caption-text\">H\u00e1 muito o que conversar...<\/figcaption><\/figure>\n<figure class=\"wp-caption aligncenter\"><a href=\"https:\/\/photos.google.com\/share\/AF1QipMgD5MhkIhssdqIZmWd3i2FTDsS9QKVgaES1nt8LBSdHUz2netPdcF254PYeewLhw\/photo\/AF1QipO1oUVhK4RW1W_Y_WKLJeWQsy2-fuItZ3fwoY0?key=cXZRbEJGTEhQa3ZIXzYyOWZQd1pQclBQRXpOMjhn\" target=\"_blank\"><img decoding=\"async\" src=\"https:\/\/lh3.googleusercontent.com\/pw\/AP1GczMkMTypcA-jAgi5Mt-F5ZwVQS_4YKO0tRMrge3SVGsP7gw552-LY6n0hr9EulPIvsfFIcPF48yGzNVITRfcTfRqci3EDhU8mUxvJ1YYBVsGtfCE-ytLCumy3NKDMyBziJsfygF_icz0oyq13gv3Rg4c=w2000-h1333-s-no-gm?authuser=0\" width=\"2000\" height=\"1333\" alt=\"Houve conversas divertidas...\" class=\"size-full\" \/><\/a><figcaption class=\"wp-caption-text\">Houve conversas divertidas...<\/figcaption><\/figure>\n<figure class=\"wp-caption aligncenter\"><a href=\"https:\/\/photos.google.com\/share\/AF1QipMgD5MhkIhssdqIZmWd3i2FTDsS9QKVgaES1nt8LBSdHUz2netPdcF254PYeewLhw\/photo\/AF1QipMFnLB56LG9X2A4A03bIQzITSO9l0zAlt_vis4?key=cXZRbEJGTEhQa3ZIXzYyOWZQd1pQclBQRXpOMjhn\" target=\"_blank\"><img decoding=\"async\" src=\"https:\/\/lh3.googleusercontent.com\/pw\/AP1GczO5qLpumIHqw7tkfhVDBAfzxZjMQ7WAUeHCK3CGmRIIMNtjTk3FfiLm4ybLjYbLFVOtAbq2fXnIvZHRnFDq3lpF24g8-yhpawWzwkKcVPR8x0Mnpjn2-8YjGpMA1MTc2Vkcy4s6DXReKdPVhvvBlz3S=w2000-h1333-s-no-gm?authuser=0\" width=\"2000\" height=\"1333\" alt=\"Em meio a um grande sucesso...\" class=\"size-full\" \/><\/a><figcaption class=\"wp-caption-text\">Em meio a um grande sucesso...<\/figcaption><\/figure>\n<figure class=\"wp-caption alignnone\"><a href=\"https:\/\/photos.google.com\/share\/AF1QipMgD5MhkIhssdqIZmWd3i2FTDsS9QKVgaES1nt8LBSdHUz2netPdcF254PYeewLhw\/photo\/AF1QipMAENabF4pGuNFsL5l0oCAwg7lwCW6ttfZ9plI?key=cXZRbEJGTEhQa3ZIXzYyOWZQd1pQclBQRXpOMjhn\" target=\"_blank\"><img decoding=\"async\" src=\"https:\/\/lh3.googleusercontent.com\/pw\/AP1GczOEQ4rqd1ayg4HcC0hAZHW3o-ct0z1Ab5UZhw2hxPHGlu491D6hWzZkgSHkeokN-0brJ0rs0CNgvQQXXmWw5lHCATOWhHd4NCVsKKgwNSrhsB-ZgzMRPR8pCx3fCqvQp_R5motBX9-V4jGE0N-dMHZb=w2000-h1500-s-no-gm?authuser=0\" width=\"2000\" height=\"1500\" alt=\"Com toda a equipe...\" class=\"size-full\" \/><\/a><figcaption class=\"wp-caption-text\">Com toda a equipe...<\/figcaption><\/figure>\n<h3>Tr\u00eas vivas: Associa\u00e7\u00e3o Cooperativa Agr\u00edcola de Kitasorachi, Minoru Nagai, Diretor Representante do Distrito de Hokuryu<\/h3>\n<figure class=\"wp-caption aligncenter\"><a href=\"https:\/\/photos.google.com\/share\/AF1QipMgD5MhkIhssdqIZmWd3i2FTDsS9QKVgaES1nt8LBSdHUz2netPdcF254PYeewLhw\/photo\/AF1QipPZAffjAVxvrSQ7ih-5HOBk3Wd4EfC6xtMs1pg?key=cXZRbEJGTEhQa3ZIXzYyOWZQd1pQclBQRXpOMjhn\" target=\"_blank\"><img decoding=\"async\" src=\"https:\/\/lh3.googleusercontent.com\/pw\/AP1GczP6lZva8L2MQoYRiNopWnJYjTyuUOFfnQxMzfLInLwVymbfdlcFEF77nUDmoRLrLqeTfeG9ZfFwe9E1GrWRoeHoTQsFn1QzDWRnR7n4EBjLxKYrnKYKspFhntaAtS2Wzf7JjgiTA_zu7_WMteZjXhmy=w2000-h1333-s-no-gm?authuser=0\" width=\"2000\" height=\"1333\" alt=\"Sr. Minoru Nagai, Diretor Representante da Cooperativa Agr\u00edcola Kitasorachi, Distrito de Hokuryu\" class=\"size-full\" \/><\/a><figcaption class=\"wp-caption-text\">Sr. Minoru Nagai, Diretor Representante da Cooperativa Agr\u00edcola Kitasorachi, Distrito de Hokuryu<\/figcaption><\/figure>\n<p>Como produtor, cultivo soja Kurosengoku h\u00e1 20 anos. A principal motiva\u00e7\u00e3o para cultivar soja Kurosengoku \u00e9 que ela faz bem \u00e0 sa\u00fade. H\u00e1 20 anos continuo com o desejo de oferecer aos consumidores um produto que seja ao mesmo tempo delicioso e ben\u00e9fico para a sa\u00fade.<\/p>\n<p>Tivemos muitas dificuldades, como as colheitas sendo esmagadas pela neve, mas acredito que o fato de termos conseguido continuar por 20 anos \u00e9 resultado do trabalho \u00e1rduo do presidente Takada, dos demais executivos e de todos os produtores.<\/p>\n<p>Acredito que seja nosso papel, como produtores, dar continuidade a esse trabalho pelos pr\u00f3ximos 10, 20 anos e oferecer produtos cada vez melhores aos consumidores. Espero que possamos continuar trabalhando juntos para fornecer produtos melhores para todo o Jap\u00e3o e gostaria de encerrar o evento com tr\u00eas vivas, desejando a todos os participantes muita sa\u00fade e felicidade.<\/p>\n<p>&quot;Viva! Viva! Viva! Muito obrigado \u00e0 Associa\u00e7\u00e3o Cooperativa Comercial de Kurosengoku&quot;, disse Nagai, o diretor representante do distrito.<\/p>\n<figure class=\"wp-caption aligncenter\"><a href=\"https:\/\/photos.google.com\/share\/AF1QipMgD5MhkIhssdqIZmWd3i2FTDsS9QKVgaES1nt8LBSdHUz2netPdcF254PYeewLhw\/photo\/AF1QipOJZHsgSa00m64aMfkx1Ai_9ctw8LQoMSuHJjk?key=cXZRbEJGTEhQa3ZIXzYyOWZQd1pQclBQRXpOMjhn\" target=\"_blank\"><img decoding=\"async\" src=\"https:\/\/lh3.googleusercontent.com\/pw\/AP1GczNbH4gcuMy3A0wDAAPXfJfcIfPxyrVvhP9lPUJ-MtuWeeyEKFVybWv-i5wZAeJbu6xXGsPKFoQMy3Xs4z0uMJWIdy55jCc_j69xd0hslEbWsZDmMDVn0QnjVMShRiGFd92HGY-_S4Q1BlUqlVZalGtp=w2000-h1333-s-no-gm?authuser=0\" width=\"2000\" height=\"1333\" alt=\"Tr\u00eas vivas!!!\" class=\"size-full\" \/><\/a><figcaption class=\"wp-caption-text\">Tr\u00eas vivas!!!<\/figcaption><\/figure>\n<h3>Me despedindo de todos.<\/h3>\n<figure class=\"wp-caption aligncenter\"><a href=\"https:\/\/photos.google.com\/share\/AF1QipMgD5MhkIhssdqIZmWd3i2FTDsS9QKVgaES1nt8LBSdHUz2netPdcF254PYeewLhw\/photo\/AF1QipOvyhEOISQWlKYltxq68jAIxKNmN6eaB2ZsYKc?key=cXZRbEJGTEhQa3ZIXzYyOWZQd1pQclBQRXpOMjhn\" target=\"_blank\"><img decoding=\"async\" src=\"https:\/\/lh3.googleusercontent.com\/pw\/AP1GczOyTmwgdnMUOPSE9gHLJRgz-K-ND5IwpBlJvpuF7TYWaUcF3F7Os4k_ohVgnqH2H9CKEU6VtiK4rgNt6Ww6CRlHNhW8LRqsKye68gtsl40bjr7F-JhGOEHGdrYSEnYrAWk79_MQbFKjvw9oVRzpLMk6=w2000-h1500-s-no-gm?authuser=0\" width=\"2000\" height=\"1500\" alt=\"Despedindo-se\" class=\"size-full\" \/><\/a><figcaption class=\"wp-caption-text\">Despedindo-se<\/figcaption><\/figure>\n<figure class=\"wp-caption aligncenter\"><a href=\"https:\/\/photos.google.com\/share\/AF1QipMgD5MhkIhssdqIZmWd3i2FTDsS9QKVgaES1nt8LBSdHUz2netPdcF254PYeewLhw\/photo\/AF1QipP7RalyELi4USwZrswco5IkC4p_192ZF4kBECg?key=cXZRbEJGTEhQa3ZIXzYyOWZQd1pQclBQRXpOMjhn\" target=\"_blank\"><img decoding=\"async\" src=\"https:\/\/lh3.googleusercontent.com\/pw\/AP1GczPlO6odaEhK5LsAYwOpLwyB3dhWNA9iqax4u-rBG5dgY7LByvIowkC2xsHnrJyzm7S5PbCiqmHhQwJjI7l_-LGdSa6ul78kq2Nq9z-7iWXh0YztbIovSNBdogrsx6uJPsxGQisvJ4Gch5F-HL4kYX5S=w2000-h1500-s-no-gm?authuser=0\" width=\"2000\" height=\"1500\" alt=\"Despedindo-se\" class=\"size-full\" \/><\/a><figcaption class=\"wp-caption-text\">Despedindo-se<\/figcaption><\/figure>\n<h3>Foto comemorativa de executivos e funcion\u00e1rios<\/h3>\n<figure class=\"wp-caption aligncenter\"><a href=\"https:\/\/photos.google.com\/share\/AF1QipMgD5MhkIhssdqIZmWd3i2FTDsS9QKVgaES1nt8LBSdHUz2netPdcF254PYeewLhw\/photo\/AF1QipPMpvnow48OtRnfoBq-8gr3NuDLxZ2ba0Yn1qY?key=cXZRbEJGTEhQa3ZIXzYyOWZQd1pQclBQRXpOMjhn\" target=\"_blank\"><img decoding=\"async\" src=\"https:\/\/lh3.googleusercontent.com\/pw\/AP1GczMoZcOZIhcHAzy1Uo2fQQBSRlZjNjiYccVNfEVB1b1FCZCef5qw9ec4SvSowIs9NkZIzg002FTdrn2_DZc0eXQ6lEtQX1oC0MpYJaGV1H4gnMqC8uSNui42GQ-F_xLTxbYPTwq5nr43cvcIWqbkX8dr=w2000-h1333-s-no-gm?authuser=0\" width=\"2000\" height=\"1333\" alt=\"Fam\u00edlia Takada\" class=\"size-full\" \/><\/a><figcaption class=\"wp-caption-text\">Fam\u00edlia Takada<\/figcaption><\/figure>\n<figure class=\"wp-caption aligncenter\"><a href=\"https:\/\/photos.google.com\/share\/AF1QipMgD5MhkIhssdqIZmWd3i2FTDsS9QKVgaES1nt8LBSdHUz2netPdcF254PYeewLhw\/photo\/AF1QipMZLRoLpwaSE7y8so3tIb2JfSCkkjxV2Td32a0?key=cXZRbEJGTEhQa3ZIXzYyOWZQd1pQclBQRXpOMjhn\" target=\"_blank\"><img decoding=\"async\" src=\"https:\/\/lh3.googleusercontent.com\/pw\/AP1GczMX65ic212djlqENWd-ydiZKImG35pEiDbgs_Ohdyz7SaxSR3flijU5W6T0IK33E06qKaYa-9r1QlhdTs4iTZPs_fLxWfZMHOZx1GbPstEXXyKBIdyjhfb5TPT7zDZUHw9RiD5Vh1rHxJy6PMsTO-DG=w2000-h1333-s-no-gm?authuser=0\" width=\"2000\" height=\"1333\" alt=\"Com todos os funcion\u00e1rios!\" class=\"size-full\" \/><\/a><figcaption class=\"wp-caption-text\">Com todos os funcion\u00e1rios!<\/figcaption><\/figure>\n<figure class=\"wp-caption aligncenter\"><a href=\"https:\/\/photos.google.com\/share\/AF1QipMgD5MhkIhssdqIZmWd3i2FTDsS9QKVgaES1nt8LBSdHUz2netPdcF254PYeewLhw\/photo\/AF1QipN84SVdQuhvcCsqEn5JV6aJFSfU-l_ZtU-a5n8?key=cXZRbEJGTEhQa3ZIXzYyOWZQd1pQclBQRXpOMjhn\"><img decoding=\"async\" src=\"https:\/\/lh3.googleusercontent.com\/pw\/AP1GczPYLyi6YvQh0g8DaDuWvzridsVq6WtdqGsvN9tH5aBXhkBIuHDEPAxYjr4MIRx15GvrP2pvFmMagNInUq6gsm-1KR4i7fVJKdPdN0Io_yPH_0L4HsLh5S6CPJy1PkVleaeJ1aRCGJg4katu1z8AZhw3=w2000-h1333-s-no-gm?authuser=0\" width=\"2000\" height=\"1333\" alt=\"Junto com Mi-yan!\" class=\"size-full\" \/><\/a><figcaption class=\"wp-caption-text\">Junto com Mi-yan!<\/figcaption><\/figure>\n<h3>Lembran\u00e7as de Kurosengoku<\/h3>\n<figure class=\"wp-caption aligncenter\"><a href=\"https:\/\/photos.google.com\/share\/AF1QipMgD5MhkIhssdqIZmWd3i2FTDsS9QKVgaES1nt8LBSdHUz2netPdcF254PYeewLhw\/photo\/AF1QipOt4svd0Nnp_6RW8W1L4TUcKrVtrpN70JRrvoc?key=cXZRbEJGTEhQa3ZIXzYyOWZQd1pQclBQRXpOMjhn\" target=\"_blank\"><img decoding=\"async\" src=\"https:\/\/lh3.googleusercontent.com\/pw\/AP1GczMAJqRgJRCX-Dvjxc-eglTIwks3YTcDwMLcLJ8rTgm_Njet2bplX0r6UGUVXEGIfeqVf5UpZo-PBOf-5IWDfZczA_tc1LvjYS8eg012JD3POAuuOGwuUnYiPd8bz9QX68r38aqYSuugkrZ4WW1_ze8z=w2000-h1333-s-no-gm?authuser=0\" width=\"2000\" height=\"1333\" alt=\"Lembran\u00e7as e revista do 20\u00ba anivers\u00e1rio\" class=\"size-full\" \/><\/a><figcaption class=\"wp-caption-text\">Lembran\u00e7as e revista do 20\u00ba anivers\u00e1rio<\/figcaption><\/figure>\n<figure class=\"wp-caption aligncenter\"><a href=\"https:\/\/photos.google.com\/share\/AF1QipMgD5MhkIhssdqIZmWd3i2FTDsS9QKVgaES1nt8LBSdHUz2netPdcF254PYeewLhw\/photo\/AF1QipNPqy1N5jvz-sTr-Yytlgy4FAmpsltkt-adEtE?key=cXZRbEJGTEhQa3ZIXzYyOWZQd1pQclBQRXpOMjhn\" target=\"_blank\"><img decoding=\"async\" src=\"https:\/\/lh3.googleusercontent.com\/pw\/AP1GczOjVqVyNWQl3MiR924-hMpwOs4fwROF3C65FVUXUA1rHV8nZZBR-bGz3Ggh83ja0EgwpVkamYO88uKMDmZhHbP_WCbKU5WKsnJPQ89mEVan7ghC79rJE_KgZ-Bt4v-XWO-qHDszqvhRuiR_pLj6vlb2=w2000-h1500-s-no-gm?authuser=0\" width=\"2000\" height=\"1500\" alt=\"Uma variedade de lembrancinhas\" class=\"size-full\" \/><\/a><figcaption class=\"wp-caption-text\">Uma variedade de lembrancinhas<\/figcaption><\/figure>\n<p>O esp\u00edrito apaixonado dos produtores de soja Kurosengoku \u00e9 transmitido h\u00e1 mais de 20 anos, e os varejistas que aceitam tudo isso entregam soja Kurosengoku segura, nutritiva e deliciosa ao maior n\u00famero poss\u00edvel de consumidores...<\/p>\n<p>Nosso profundo carinho pela soja Kurosengoku ressoa com uma grande energia que se espalha para sempre, e expressamos nosso amor, gratid\u00e3o e ora\u00e7\u00f5es infinitos ao imenso poder da pequena soja Kurosengoku, que pode ser considerada um microcosmo...<\/p>\n<figure class=\"wp-caption aligncenter\"><a href=\"https:\/\/photos.google.com\/share\/AF1QipMgD5MhkIhssdqIZmWd3i2FTDsS9QKVgaES1nt8LBSdHUz2netPdcF254PYeewLhw\/photo\/AF1QipOqNCb_RHrhb_Dz2Mo91wRqwQRAQPKsDGVxeec?key=cXZRbEJGTEhQa3ZIXzYyOWZQd1pQclBQRXpOMjhn\" target=\"_blank\"><img decoding=\"async\" src=\"https:\/\/lh3.googleusercontent.com\/pw\/AP1GczPll3kv2Q7neOzYK4H0ir2C_YPksVGNOasGuhCR58dMbqwUbGUXf6zAKCpTioqFfNRofXfLPUbfYmtDx0uR0CvmdUtYq-zZjVbw46s8X1xC7oYh-FlARhMpttjV7tCxfm5raK3fauNzwhUhJiDpU4DK=w2000-h1500-s-no-gm?authuser=0\" width=\"2000\" height=\"1500\" alt=\"Nosso profundo amor pela soja Kurosengoku ressoa em n\u00f3s, e expressamos nossa gratid\u00e3o pela grande energia que continua a se espalhar para sempre.\" class=\"size-full\" \/><\/a><figcaption class=\"wp-caption-text\">Nosso profundo amor pela soja Kurosengoku ressoa em n\u00f3s, e expressamos nossa gratid\u00e3o pela grande energia que continua a se espalhar para sempre.<\/figcaption><\/figure>\n<h2>v\u00eddeos do YouTube<\/h2>\n<div class=\"youtube\"><iframe title=\"Comemora\u00e7\u00e3o do 20\u00ba anivers\u00e1rio da Cooperativa Comercial Kurosengoku em 2025 - Em gratid\u00e3o pelo enorme poder da pequena Kurosengoku, que pode ser considerada um microcosmo!\" src=\"https:\/\/www.youtube.com\/embed\/Ip7irSmwrHY?feature=oembed\" frameborder=\"0\" allow=\"accelerometer; autoplay; clipboard-write; encrypted-media; gyroscope; picture-in-picture; web-share\" referrerpolicy=\"strict-origin-when-cross-origin\" allowfullscreen><\/iframe><\/div>\n<h2>Outras fotos<\/h2>\n<div class=\"img-move\"><img decoding=\"async\" style=\"vertical-align: middle;\" src=\"https:\/\/ehokkaido.net\/wp-content\/uploads\/2021\/12\/2021-12-06-11.41.12.png\" \/> <a href=\"https:\/\/photos.app.goo.gl\/X6yAc4qqp1wAXrst5\" target=\"_blank\" rel=\"noopener noreferrer\">Fotos (255 fotos) da comemora\u00e7\u00e3o do 20\u00ba anivers\u00e1rio da Associa\u00e7\u00e3o Cooperativa Comercial de Kurosengoku em 2025 est\u00e3o aqui &gt;&gt;<\/a><\/div>\n<h2>Artigos relacionados<\/h2>\n\n        <div class=\"site-blogcard-premium\">\n            <div class=\"bc-label-custom\">Artigos relacionados<\/div>\n            <div class=\"bc-flex-container\">\n                <div class=\"bc-main-text\">\n                    <div class=\"bc-title-link-box\">\n                        <a href=\"https:\/\/portal.hokuryu.info\/pt\/56509\/\" target=\"_blank\">https:\/\/portal.hokuryu.info\/56509<\/a>\n                    <\/div>\n                    <div class=\"bc-excerpt-box\">N\u00e3o foi poss\u00edvel recuperar as informa\u00e7\u00f5es da p\u00e1gina.<\/div>\n                <\/div>\n                <div class=\"bc-thumbnail-box\">\n                    <a href=\"https:\/\/portal.hokuryu.info\/pt\/56509\/\" target=\"_blank\">\n                        <div class=\"bc-img-zoom-wrap\">\n                            <img decoding=\"async\" src=\"https:\/\/portal.hokuryu.info\/wp\/wp-content\/uploads\/2026\/02\/20230802DSC06445_1.jpg\" alt=\"https:\/\/portal.hokuryu.info\/56509\">\n                        <\/div>\n                    <\/a>\n                <\/div>\n            <\/div>\n        <\/div>\n\n        <div class=\"site-blogcard-premium\">\n            <div class=\"bc-label-custom\">Artigos relacionados<\/div>\n            <div class=\"bc-flex-container\">\n                <div class=\"bc-main-text\">\n                    <div class=\"bc-title-link-box\">\n                        <a href=\"https:\/\/portal.hokuryu.info\/pt\/topics\/agri\/20150323.html\/\" target=\"_blank\">Comemora\u00e7\u00e3o do 10\u00ba anivers\u00e1rio da Cooperativa Comercial Kurosengoku - Todos compartilhamos a alegria - Portal da Cidade de Hokuryu (Hokkaido) - A Vila dos Girass\u00f3is n\u00ba 1 do Jap\u00e3o<\/a>\n                    <\/div>\n                    <div class=\"bc-excerpt-box\">Apresentamos o &quot;presente&quot; de uma cidade vibrante com 2.100 habitantes e uma taxa de envelhecimento de 401.000.000. Assim como os girass\u00f3is, as fam\u00edlias vivem em harmonia...<\/div>\n                <\/div>\n                <div class=\"bc-thumbnail-box\">\n                    <a href=\"https:\/\/portal.hokuryu.info\/pt\/topics\/agri\/20150323.html\/\" target=\"_blank\">\n                        <div class=\"bc-img-zoom-wrap\">\n                            <img decoding=\"async\" src=\"https:\/\/lh6.googleusercontent.com\/-0QPTDRv9klk\/VQqI7a2QPTI\/AAAAAAABt1w\/bvv6QGnRBYg\/w1270-h841-no\/K5%2B77636\" alt=\"Comemora\u00e7\u00e3o do 10\u00ba anivers\u00e1rio da Cooperativa Comercial Kurosengoku - Todos compartilhamos a alegria - Portal da Cidade de Hokuryu (Hokkaido) - A Vila dos Girass\u00f3is n\u00ba 1 do Jap\u00e3o\">\n                        <\/div>\n                    <\/a>\n                <\/div>\n            <\/div>\n        <\/div>\n\u3000<br \/>\n\n        <div class=\"site-blogcard-premium\">\n            <div class=\"bc-label-custom\">Artigos relacionados<\/div>\n            <div class=\"bc-flex-container\">\n                <div class=\"bc-main-text\">\n                    <div class=\"bc-title-link-box\">\n                        <a href=\"https:\/\/portal.hokuryu.info\/pt\/56479\/\" target=\"_blank\">https:\/\/portal.hokuryu.info\/56479<\/a>\n                    <\/div>\n                    <div class=\"bc-excerpt-box\">N\u00e3o foi poss\u00edvel recuperar as informa\u00e7\u00f5es da p\u00e1gina.<\/div>\n                <\/div>\n                <div class=\"bc-thumbnail-box\">\n                    <a href=\"https:\/\/portal.hokuryu.info\/pt\/56479\/\" target=\"_blank\">\n                        <div class=\"bc-img-zoom-wrap\">\n                            <img decoding=\"async\" src=\"https:\/\/portal.hokuryu.info\/wp\/wp-content\/uploads\/2026\/02\/20230802DSC06445_1.jpg\" alt=\"https:\/\/portal.hokuryu.info\/56479\">\n                        <\/div>\n                    <\/a>\n                <\/div>\n            <\/div>\n        <\/div>\n\n        <div class=\"site-blogcard-premium\">\n            <div class=\"bc-label-custom\">Artigos relacionados<\/div>\n            <div class=\"bc-flex-container\">\n                <div class=\"bc-main-text\">\n                    <div class=\"bc-title-link-box\">\n                        <a href=\"https:\/\/portal.hokuryu.info\/pt\/56371\/\" target=\"_blank\">https:\/\/portal.hokuryu.info\/56371<\/a>\n                    <\/div>\n                    <div class=\"bc-excerpt-box\">N\u00e3o foi poss\u00edvel recuperar as informa\u00e7\u00f5es da p\u00e1gina.<\/div>\n                <\/div>\n                <div class=\"bc-thumbnail-box\">\n                    <a href=\"https:\/\/portal.hokuryu.info\/pt\/56371\/\" target=\"_blank\">\n                        <div class=\"bc-img-zoom-wrap\">\n                            <img decoding=\"async\" src=\"https:\/\/portal.hokuryu.info\/wp\/wp-content\/uploads\/2026\/02\/20230802DSC06445_1.jpg\" alt=\"https:\/\/portal.hokuryu.info\/56371\">\n                        <\/div>\n                    <\/a>\n                <\/div>\n            <\/div>\n        <\/div>\n\u3000<\/p>\n<div class=\"img-move\">\n<div class=\"sitecard\">\n<div class=\"sitecard__subtitle\"> Loja online da Associa\u00e7\u00e3o Cooperativa Empresarial Kurosengoku<\/div>\n<div class=\"column column-273\">\n<div class=\"column__item\"><span style=\"font-size:medium\">Os gr\u00e3os de soja Kurosengoku s\u00e3o doces e saborosos, caracterizados pela casca preta e polpa verde. S\u00e3o pequenos superalimentos nutricionalmente equilibrados!<\/span><br \/>\n<span style=\"color: #ff9900\">\u25b6<\/span> <a href=\"https:\/\/kurosengoku.or.jp\/\" target=\"_blank\" rel=\"noopener\"><b style=\"font-size:large\">Loja online gerida diretamente pela Associa\u00e7\u00e3o Cooperativa Empresarial Kurosengoku &gt;&gt;<\/b><\/div>\n<div class=\"column__item\"><img decoding=\"async\" src=\"https:\/\/lh3.googleusercontent.com\/pw\/AM-JKLWNWJFImAmp1PfKwfI58vH_sLgmN8vbY-5K81_DP6Xx1z43KsaIhYalSkj00KRHHCX0P9g69a7fX48J-2WzJBy-pPG5DkIHYkDILY8I4eOL-HGXiW8twsF91oVVPPW_kRFu2FRKL4Plfohni5Y52bLIeQ=w438-h382-no?authuser=0\" alt=\"Associa\u00e7\u00e3o Cooperativa Empresarial Kurosengoku\" \/><\/a><\/div>\n<\/div>\n<\/div>\n<\/div>\n\n\u3000<br \/>\n\u25c7 Entrevista e texto: Ikuko Terauchi (Fotografia e assist\u00eancia de edi\u00e7\u00e3o: Noboru Terauchi)<\/p>","protected":false},"excerpt":{"rendered":"<p>\uff12\uff10\uff12\uff15\u5e74\uff13\u6708\uff11\uff12\u65e5\uff08\u6c34\uff09 \u4ee4\u548c\uff17\u5e74\uff13\u6708\uff18\u65e5\uff08\u571f\uff09\uff11\uff14\u6642\u3088\u308a\u3001\u30b5\u30f3\u30d5\u30e9\u30ef\u30fc\u30d1\u30fc\u30af\u5317\u7adc\u6e29\u6cc9\u306b\u3066\u3001\u9ed2\u5343\u77f3\u4e8b\u696d\u5354\u540c\u7d44\u5408\u5275\u7acb\uff12\uff10\u5468\u5e74\u8a18\u5ff5\u795d\u8cc0\u4f1a\u304c\u958b\u50ac\u3055\u308c\u307e\u3057\u305f\u3002 \u9ed2\u5343\u77f3\u4e8b\u696d\u5354\u540c\u7d44\u5408\u5275\u7acb\uff12\uff10\u5468\u5e74\u8a18\u5ff5\u795d\u8cc0\u4f1a \u9053\u5185 [&hellip;]<\/p>\n","protected":false},"author":1,"featured_media":56453,"comment_status":"open","ping_status":"open","sticky":false,"template":"","format":"standard","meta":{"footnotes":""},"categories":[4,102,75,9],"tags":[],"class_list":["post-56401","post","type-post","status-publish","format-standard","has-post-thumbnail","hentry","category-cover-story","category-kurosengoku_bean","category-sasaki-yasuhiro-mayor","category-kurosengoku"],"_links":{"self":[{"href":"https:\/\/portal.hokuryu.info\/pt\/wp-json\/wp\/v2\/posts\/56401","targetHints":{"allow":["GET"]}}],"collection":[{"href":"https:\/\/portal.hokuryu.info\/pt\/wp-json\/wp\/v2\/posts"}],"about":[{"href":"https:\/\/portal.hokuryu.info\/pt\/wp-json\/wp\/v2\/types\/post"}],"author":[{"embeddable":true,"href":"https:\/\/portal.hokuryu.info\/pt\/wp-json\/wp\/v2\/users\/1"}],"replies":[{"embeddable":true,"href":"https:\/\/portal.hokuryu.info\/pt\/wp-json\/wp\/v2\/comments?post=56401"}],"version-history":[{"count":0,"href":"https:\/\/portal.hokuryu.info\/pt\/wp-json\/wp\/v2\/posts\/56401\/revisions"}],"wp:featuredmedia":[{"embeddable":true,"href":"https:\/\/portal.hokuryu.info\/pt\/wp-json\/wp\/v2\/media\/56453"}],"wp:attachment":[{"href":"https:\/\/portal.hokuryu.info\/pt\/wp-json\/wp\/v2\/media?parent=56401"}],"wp:term":[{"taxonomy":"category","embeddable":true,"href":"https:\/\/portal.hokuryu.info\/pt\/wp-json\/wp\/v2\/categories?post=56401"},{"taxonomy":"post_tag","embeddable":true,"href":"https:\/\/portal.hokuryu.info\/pt\/wp-json\/wp\/v2\/tags?post=56401"}],"curies":[{"name":"wp","href":"https:\/\/api.w.org\/{rel}","templated":true}]}}