{"id":56327,"date":"2025-03-10T13:05:52","date_gmt":"2025-03-10T04:05:52","guid":{"rendered":"https:\/\/portal.hokuryu.info\/?p=56327"},"modified":"2025-05-16T01:01:06","modified_gmt":"2025-05-15T16:01:06","slug":"%e3%80%90%e3%81%b2%e3%81%be%e3%82%8f%e3%82%8a%e3%81%99%e3%81%84%e3%81%8b%e6%a0%bd%e5%9f%b9%e3%83%bb%e6%8e%a5%e6%9c%a8%e3%80%91%e6%9d%89%e6%9c%ac%e5%85%8b%e8%a3%95%e3%83%95%e3%82%a1%e3%83%bc%e3%83%a0","status":"publish","type":"post","link":"https:\/\/portal.hokuryu.info\/pt\/56327\/","title":{"rendered":"[Cultivo e enxertia de melancia de girassol] Fazenda Katsuhiro Sugimoto [Associa\u00e7\u00e3o de Produtores de Melancia de Girassol de Hokuryu]"},"content":{"rendered":"<p>Segunda-feira, 10 de mar\u00e7o de 2025<\/p>\n<p>Este ano, planejamos abordar o trabalho anual envolvido no cultivo de melancias na Associa\u00e7\u00e3o de Produtores de Melancia e Girassol de Hokuryu, desde o in\u00edcio at\u00e9 o envio dos produtos.<\/p>\n<p>Como primeiro passo, o trabalho de semeadura para a produ\u00e7\u00e3o de mudas come\u00e7ar\u00e1 no final de fevereiro. No s\u00e1bado, 8 de mar\u00e7o, o trabalho de enxertia teve in\u00edcio na Fazenda Sugimoto Katsuhiro, ent\u00e3o aproveitamos a ocasi\u00e3o para conversar com ele em meio \u00e0 sua agenda lotada.<\/p>\n<figure class=\"wp-caption aligncenter\"><a href=\"https:\/\/photos.google.com\/share\/AF1QipOoxSMK_AXROkZ0K5NNOae7PPtMdiJ2Fi6suF8hihGn_vp4hBR_TeRz0e_MUpUQjw\/photo\/AF1QipOUOCk2k81I0AB4S58nqAG7Al8gmcOBCcgZ3cg?key=N0txcGlDcU5zREJFS0UyTV9abDI5bGZja0VjaUVR\" target=\"_blank\"><img decoding=\"async\" src=\"https:\/\/lh3.googleusercontent.com\/pw\/AP1GczMq1LGkWIW28S-oVmMui5-K6SDjm7Og-gFku6JxBdxew10DphiXtzAgfUlOd8U_Hjsu054WEPICShwLuBUrQmgjDV0DgwXpFQZB6kjzv8cYr4wTmfEQdsyCeYVfhqP6w1HuRB9Iw5tKlpbLFkw-BhIH=w2000-h1500-s-no-gm?authuser=0\" width=\"2000\" height=\"1500\" alt=\"Trabalho de enxertia de mudas de melancia\" class=\"size-full\" \/><\/a><figcaption class=\"wp-caption-text\">Trabalho de enxertia de mudas de melancia<\/figcaption><\/figure>\n<h2>Katsuhiro Sugimoto<\/h2>\n<p>Katsuhiro Sugimoto (67 anos) nasceu e cresceu na cidade de Hokuryu. Ele herdou a tradi\u00e7\u00e3o agr\u00edcola de gera\u00e7\u00f5es passadas e \u00e9 um produtor veterano com mais de 40 anos de experi\u00eancia no cultivo de melancias de girassol.<\/p>\n<p>Sugimoto continua a preservar fielmente as pr\u00e1ticas agr\u00edcolas transmitidas desde a \u00e9poca de seu bisav\u00f4, explorando e descobrindo seus pr\u00f3prios m\u00e9todos \u00fanicos enquanto pratica a agricultura e aprende todos os dias.<\/p>\n<figure class=\"wp-caption aligncenter\"><a href=\"https:\/\/photos.google.com\/share\/AF1QipOoxSMK_AXROkZ0K5NNOae7PPtMdiJ2Fi6suF8hihGn_vp4hBR_TeRz0e_MUpUQjw\/photo\/AF1QipNSPJtqV1_OPpag6bTZyulZrUBDqDMSG20TSpU?key=N0txcGlDcU5zREJFS0UyTV9abDI5bGZja0VjaUVR\" target=\"_blank\"><img decoding=\"async\" src=\"https:\/\/lh3.googleusercontent.com\/pw\/AP1GczOVZB6gGyCtajiaVa6zLuUGtCwh2eds0NIaKqC65J45P7SNWfb9TnVFwqoIhwxSRcSCfKhhFngtRZf5VCTs8reY98qq8_23pKNYEISXVqrqltmWsua7Ej4vxXEXGY73x0NqdI4z4G2fmXwpKqpDTc0T=w2000-h1500-s-no-gm?authuser=0\" width=\"2000\" height=\"1500\" alt=\"Katsuhiro Sugimoto, um produtor veterano de melancias com 40 anos de experi\u00eancia.\" class=\"size-full\" \/><\/a><figcaption class=\"wp-caption-text\">Katsuhiro Sugimoto, um produtor veterano de melancias com 40 anos de experi\u00eancia.<\/figcaption><\/figure>\n<h2>Enxerto de girassol em melancia<\/h2>\n<h3>Mais de 1.000 mudas<\/h3>\n<p>&quot;As mudas de melancia, tanto os porta-enxertos quanto os enxertos, est\u00e3o sendo cultivadas na unidade de mudas da JA Kitasorachi Uryu Branch. As mudas, que foram semeadas em 21 de fevereiro, foram recebidas em 6 de mar\u00e7o.&quot;<\/p>\n<p>O n\u00famero total de mudas ser\u00e1 de aproximadamente 1.240 (algumas a mais ser\u00e3o cultivadas, incluindo as mudas mortas). O plantio est\u00e1 previsto para cerca de 5 de maio, 40 dias ap\u00f3s a semeadura. A data depender\u00e1 do clima e do crescimento das mudas, portanto, faremos os ajustes necess\u00e1rios&quot;, afirma Sugimoto.<\/p>\n<figure class=\"wp-caption aligncenter\"><a href=\"https:\/\/photos.google.com\/share\/AF1QipOoxSMK_AXROkZ0K5NNOae7PPtMdiJ2Fi6suF8hihGn_vp4hBR_TeRz0e_MUpUQjw\/photo\/AF1QipOV96-w69wfF3tUshP3C0nyYLgUTkyFObRUed0?key=N0txcGlDcU5zREJFS0UyTV9abDI5bGZja0VjaUVR\" target=\"_blank\"><img decoding=\"async\" src=\"https:\/\/lh3.googleusercontent.com\/pw\/AP1GczO0LWOAUXHturs_toFTAgkR197DKALOjd-iawqvKj49gCdFaCHx_VJihtBcCxQacxGAXw6nH9SFVCkKItMbZ3BRzscIhYUH5O7BxUeBTFeG9p71VKnDZl1M7uWj2SwW6As_Ubq-dx0hxRfxNiyb3tO0=w2000-h1500-s-no-gm?authuser=0\" width=\"2000\" height=\"1500\" alt=\"Mudas de viveiro com temperatura controlada\" class=\"size-full\" \/><\/a><figcaption class=\"wp-caption-text\">Mudas de viveiro com temperatura controlada<\/figcaption><\/figure>\n<h3>Objetivo do enxerto<\/h3>\n<p>O objetivo da enxertia \u00e9 prevenir problemas causados pelo cultivo cont\u00ednuo e promover o crescimento atrav\u00e9s do cultivo de mudas resistentes a doen\u00e7as e pragas do solo.<\/p>\n<h3>Enxertia por nomitsugi<\/h3>\n<p>Os novos brotos da caba\u00e7a porta-enxerto s\u00e3o removidos e ent\u00e3o enxertados utilizando o m\u00e9todo &quot;yobi-tsugi&quot;.<\/p>\n<figure class=\"wp-caption aligncenter\"><a href=\"https:\/\/photos.google.com\/share\/AF1QipOoxSMK_AXROkZ0K5NNOae7PPtMdiJ2Fi6suF8hihGn_vp4hBR_TeRz0e_MUpUQjw\/photo\/AF1QipPzpYIowEqc_XnMGcHTPP1G9QSBP9O6SAiRSgI?key=N0txcGlDcU5zREJFS0UyTV9abDI5bGZja0VjaUVR\" target=\"_blank\"><img decoding=\"async\" src=\"https:\/\/lh3.googleusercontent.com\/pw\/AP1GczPmp8bD5tn8NU_qRoFPc4VI1Uukb_FeQpNnGc9WE-dHUGKIJFXnJ5dkBKhHzaY4wfzUCehEREKB9RX7Pi2JmPDyolaURXnR3LCsuk5gZPe4MNXDJldSxo-owSu9WWZSkTDDoQDPKY8DclcpCxF9Jiw6=w2000-h1500-s-no-gm?authuser=0\" width=\"2000\" height=\"1500\" alt=\"Trabalho de poda para remover brotos novos dos porta-enxertos.\" class=\"size-full\" \/><\/a><figcaption class=\"wp-caption-text\">Trabalho de poda para remover brotos novos dos porta-enxertos.<\/figcaption><\/figure>\n<figure class=\"wp-caption aligncenter\"><a href=\"https:\/\/photos.google.com\/share\/AF1QipOoxSMK_AXROkZ0K5NNOae7PPtMdiJ2Fi6suF8hihGn_vp4hBR_TeRz0e_MUpUQjw\/photo\/AF1QipPr4dkhQzc40guhczHBUxmeueBwuMpvynMDXr0?key=N0txcGlDcU5zREJFS0UyTV9abDI5bGZja0VjaUVR\" target=\"_blank\"><img decoding=\"async\" src=\"https:\/\/lh3.googleusercontent.com\/pw\/AP1GczPHRrUL_zZdfeSY60WFbotqKnFUBJAcH2oWaEglGsO5RUrNVlfs0xiP1WVRfTGxEc_uuD-gGdqaBqyniJsIahl6C52R9ikGHNYiUjpdkbS7vM6GKSGb1gRcT2mXtz5rVmKJklJKeVb1XN-fipJ9H4Gj=w2000-h1500-s-no-gm?authuser=0\" width=\"2000\" height=\"1500\" alt=\"Mudas de enxerto de melancia\" class=\"size-full\" \/><\/a><figcaption class=\"wp-caption-text\">Mudas de enxerto de melancia<\/figcaption><\/figure>\n<p>Para o porta-enxerto, corte o caule diagonalmente de cima para baixo, e para o enxerto, corte o caule diagonalmente de baixo para cima e alinhe as extremidades cortadas. Prenda com um clipe e plante em um vaso.<\/p>\n<p>&quot;Depois de prend\u00ea-la com prendedores, ap\u00f3s 10 dias, corte as ra\u00edzes da melancia. A caba\u00e7a absorver\u00e1 os nutrientes e a melancia crescer\u00e1.&quot;<\/p>\n<p>&quot;No passado, quando germin\u00e1vamos as sementes n\u00f3s mesmos, muitas vezes t\u00ednhamos problemas para manuse\u00e1-las corretamente, como cortar os caules do jeito errado ou prender os prendedores de forma muito frouxa. Testamos v\u00e1rios m\u00e9todos e escolhemos aquele que as ajudar\u00e1 a crescer melhor&quot;, explica Sugimoto.<\/p>\n<figure class=\"wp-caption aligncenter\"><a href=\"https:\/\/photos.google.com\/share\/AF1QipOoxSMK_AXROkZ0K5NNOae7PPtMdiJ2Fi6suF8hihGn_vp4hBR_TeRz0e_MUpUQjw\/photo\/AF1QipO2KHuRLfVi5TUL2HOdxnKevcZ2MMiRZ3WF444?key=N0txcGlDcU5zREJFS0UyTV9abDI5bGZja0VjaUVR\" target=\"_blank\"><img decoding=\"async\" src=\"https:\/\/lh3.googleusercontent.com\/pw\/AP1GczO-PkS_bvsmw5qGUTLtapB8o0kym5L03bnMSvDtyulelManbAfIhrh5Se7jy_pVYh3G9BCcwYdgOmqFleklPHBixYLKACd9dlNM7c6vnhPhuHG45zwYiLTCEtjdQPslFR3reniitZvDW5xO3_NOdIMA=w2000-h1500-s-no-gm?authuser=0\" width=\"2000\" height=\"1500\" alt=\"Trabalho preciso com l\u00e2mina de barbear\" class=\"size-full\" \/><\/a><figcaption class=\"wp-caption-text\">Trabalho preciso com l\u00e2mina de barbear<\/figcaption><\/figure>\n<h4>Fa\u00e7a um corte de baixo para cima na muda (enxerto) de girassol e melancia.<\/h4>\n<figure id=\"attachment_56382\" class=\"wp-caption aligncenter\"><a href=\"https:\/\/photos.google.com\/share\/AF1QipOoxSMK_AXROkZ0K5NNOae7PPtMdiJ2Fi6suF8hihGn_vp4hBR_TeRz0e_MUpUQjw\/photo\/AF1QipNYQ3iBVe65fdszdgT0805RdHJI8waMF1qY2NE?key=N0txcGlDcU5zREJFS0UyTV9abDI5bGZja0VjaUVR\" target=\"_blank\"><img decoding=\"async\" src=\"https:\/\/lh3.googleusercontent.com\/pw\/AP1GczNi-_s1a7HOnlGOLJaQkyLCbiu_Fw0FZG1_lzTrMMWgeGdk5RuYY9OvjlbACOmPvR87_WoCQK3cLpVXxXjjUNYjFaaUutr3_MY6NQIBaj1h1dxPlQr6femXpjqFuAtRYT60lXd22NgzplFsykvm9ofF=w2000-h1333-s-no-gm?authuser=0\" alt=\"Fa\u00e7a um corte de baixo para cima na muda (enxerto) de girassol e melancia.\" width=\"1468\" height=\"1322\" class=\"size-full wp-image-56382\" \/><\/a><figcaption class=\"wp-caption-text\">Fa\u00e7a um corte de baixo para cima na muda (enxerto) de girassol e melancia.<\/figcaption><\/figure>\n<h4>Fa\u00e7a um corte de cima para baixo na caba\u00e7a (tronco).<\/h4>\n<figure id=\"attachment_56382\" class=\"wp-caption aligncenter\"><a href=\"https:\/\/photos.google.com\/share\/AF1QipOoxSMK_AXROkZ0K5NNOae7PPtMdiJ2Fi6suF8hihGn_vp4hBR_TeRz0e_MUpUQjw\/photo\/AF1QipOLE35GWWaUL3JVQg2uHQatHDeH7q4bdH2NTdQ?key=N0txcGlDcU5zREJFS0UyTV9abDI5bGZja0VjaUVR\" target=\"_blank\"><img decoding=\"async\" src=\"https:\/\/lh3.googleusercontent.com\/pw\/AP1GczN7OcEZeLhGcoLxXhtEId4EV0_HJsMeM2udT2yPeMLVUR1DZJbWt1sbMfMvjyOHjiyfnihtvqWSRidESI-aB1_U6K4nK4A5DF8cI6uSbloY97m5efhR5Qufl2fzDOow-X5ZnnjhuIJLOR4PaH04t4dE=w2000-h1333-s-no-gm?authuser=0\" alt=\"Fa\u00e7a um corte de cima para baixo na caba\u00e7a (tronco).\" width=\"1468\" height=\"1322\" class=\"size-full wp-image-56382\" \/><\/a><figcaption class=\"wp-caption-text\">Fa\u00e7a um corte de cima para baixo na caba\u00e7a (tronco).<\/figcaption><\/figure>\n<h4>Combinar<\/h4>\n<figure id=\"attachment_56382\" class=\"wp-caption aligncenter\"><a href=\"https:\/\/photos.google.com\/share\/AF1QipOoxSMK_AXROkZ0K5NNOae7PPtMdiJ2Fi6suF8hihGn_vp4hBR_TeRz0e_MUpUQjw\/photo\/AF1QipOW4cQ31e1qJBFgGjt_0geG6Hh-Hy4r2a1XVGU?key=N0txcGlDcU5zREJFS0UyTV9abDI5bGZja0VjaUVR\" target=\"_blank\"><img decoding=\"async\" src=\"https:\/\/lh3.googleusercontent.com\/pw\/AP1GczMQTEWQF3kIGxgLQoZuIJV2ml9WJRpi1RT3bGBBzhNPK5zunxWjXjzDCdwCe84aRiTILGfVGyZbo7JlKr6bsdh3ciZIKlYkcjC0imPt8ZA5rpPUU9CnVJIFpjVOKLF5-3yBmCkkS309QfGYmXb5xswe=w2000-h1333-s-no-gm?authuser=0\" alt=\"Combinar\" width=\"1468\" height=\"1322\" class=\"size-full wp-image-56382\" \/><\/a><figcaption class=\"wp-caption-text\">Combinar<\/figcaption><\/figure>\n<h4>Estado combinado<\/h4>\n<figure id=\"attachment_56382\" class=\"wp-caption aligncenter\"><a href=\"https:\/\/photos.google.com\/share\/AF1QipOoxSMK_AXROkZ0K5NNOae7PPtMdiJ2Fi6suF8hihGn_vp4hBR_TeRz0e_MUpUQjw\/photo\/AF1QipPx5jbpFoUryfro1xxp3DfbE4mrdoPJsyUoVo8?key=N0txcGlDcU5zREJFS0UyTV9abDI5bGZja0VjaUVR\" target=\"_blank\"><img decoding=\"async\" src=\"https:\/\/lh3.googleusercontent.com\/pw\/AP1GczO8UuwhWJWDjxXDEO5A7DKL-wQgTw-Vb2fCKkZgYMyTtOVj1h2LuI-LsxCdgE95DRrIG6CQup3TVYxxecunZ210yG259YqexPyAWIwvjCQw0-p9tjyRJr4o_nlkRD5Qf0cOCtucr13qxnejE4JFvmZj=w2000-h1333-s-no-gm?authuser=0\" alt=\"Estado combinado\" width=\"1468\" height=\"1322\" class=\"size-full wp-image-56382\" \/><\/a><figcaption class=\"wp-caption-text\">Estado combinado<\/figcaption><\/figure>\n<h4>Crimpagem com grampos de enxertia<\/h4>\n<figure id=\"attachment_56382\" class=\"wp-caption aligncenter\"><a href=\"https:\/\/photos.google.com\/share\/AF1QipOoxSMK_AXROkZ0K5NNOae7PPtMdiJ2Fi6suF8hihGn_vp4hBR_TeRz0e_MUpUQjw\/photo\/AF1QipNeDGE4MkBxxHUoX8_jDqE76rRCkQSjD0j5r-k?key=N0txcGlDcU5zREJFS0UyTV9abDI5bGZja0VjaUVR\" target=\"_blank\"><img decoding=\"async\" src=\"https:\/\/lh3.googleusercontent.com\/pw\/AP1GczMBwlmH2sXtuxeCSLDzpUlMDP__w-839WJCzXj3LfNSdw4quakfjHdwFTX8b4QSfuNT8Z0h7RsPkWJT8GqAkQ1nx1YRCTskK-jf9vJGC92QBhfVN6GcsXYoA5DVBOfHubyqnYI9tVseLfErsOyvrteP=w2000-h1333-s-no-gm?authuser=0\" alt=\"Crimpagem com grampos de enxertia\" width=\"1468\" height=\"1322\" class=\"size-full wp-image-56382\" \/><\/a><figcaption class=\"wp-caption-text\">Crimpagem com grampos de enxertia<\/figcaption><\/figure>\n<h3>Um esp\u00edrito de tentativa e erro.<\/h3>\n<p>&quot;Todo o trabalho de cultivo \u00e9 realizado de acordo com as condi\u00e7\u00f5es clim\u00e1ticas do ano. At\u00e9 que as plantas criem ra\u00edzes, elas s\u00e3o protegidas da luz solar atrav\u00e9s da cobertura da estufa com um t\u00fanel, e, uma vez enraizadas, s\u00e3o expostas \u00e0 luz solar de tempos em tempos para que se acostumem com ela.&quot;<\/p>\n<p>Antes do plantio, as mudas s\u00e3o mantidas em baixa temperatura at\u00e9 o \u00faltimo momento, para que cres\u00e7am fortes o suficiente para suportar qualquer ambiente natural quando chegarem ao campo. Cuidamos e cultivamos as mudas com carinho para que n\u00e3o cres\u00e7am fracas e incapazes de se adaptar ao ambiente.<\/p>\n<p>Pensando em como cultivar as mudas como se fossem meus pr\u00f3prios filhos, passo todos os dias tentando ajustar a temperatura e a umidade, mesmo enfrentando as intemp\u00e9ries. Mantenho a temperatura alta e controlo a umidade abrindo e fechando tendas de pl\u00e1stico para permitir a sa\u00edda do ar \u00famido.<\/p>\n<h4>Antes do plantio, reduza a quantidade de \u00e1gua ao m\u00ednimo.<\/h4>\n<p>Tr\u00eas dias antes do plantio, evite regar as mudas para que fiquem com sede e resistam o m\u00e1ximo poss\u00edvel. Se voc\u00ea reg\u00e1-las adequadamente quando forem plantadas no campo, elas crescer\u00e3o vigorosas, vigorosas e saud\u00e1veis.<\/p>\n<p>Todos os anos, comparamos constantemente nossos m\u00e9todos de cultivo com os dos campos vizinhos, buscando problemas em termos de boas e m\u00e1s pr\u00e1ticas de cultivo, e passamos por um processo de tentativa e erro para identific\u00e1-los. Acompanhamos de perto o crescimento das melancias, cultivando-as com cuidado e dedica\u00e7\u00e3o.<\/p>\n<h4>O controle da umidade \u00e9 importante mesmo ap\u00f3s o plantio.<\/h4>\n<p>Por exemplo, quando a temperatura dentro da estufa aumenta devido ao calor do sol em um dia ensolarado ap\u00f3s o plantio, a diferen\u00e7a entre as mudas que murcham e as que permanecem saud\u00e1veis se deve ao teor de umidade do solo.<\/p>\n<p>Se o solo receber \u00e1gua em excesso, as ra\u00edzes crescer\u00e3o superficialmente e horizontalmente. Por outro lado, se o solo receber pouca \u00e1gua e o ambiente estiver um tanto seco, as ra\u00edzes crescer\u00e3o profundamente no subsolo em busca de umidade.<\/p>\n<p>As mudas com ra\u00edzes superficiais que crescem horizontalmente murcham rapidamente quando a temperatura da superf\u00edcie fica muito alta, mas as mudas com ra\u00edzes profundas continuam a crescer de forma saud\u00e1vel e vigorosa porque a temperatura no subsolo n\u00e3o \u00e9 t\u00e3o alta.<\/p>\n<p>O clima \u00e9 diferente a cada ano, e mesmo dentro do mesmo local, as condi\u00e7\u00f5es do solo variam ligeiramente dependendo da constru\u00e7\u00e3o, por isso \u00e9 realmente necess\u00e1rio adaptar o cultivo ao local e ao clima\u201d, disse Sugimoto, falando com entusiasmo sobre o cultivo de melancias, que envolve aprendizado constante durante todo o ano e \u00e9 um desafio s\u00e9rio todos os dias.<\/p>\n<figure class=\"wp-caption aligncenter\"><a href=\"https:\/\/photos.google.com\/share\/AF1QipOoxSMK_AXROkZ0K5NNOae7PPtMdiJ2Fi6suF8hihGn_vp4hBR_TeRz0e_MUpUQjw\/photo\/AF1QipN8OeLtGR19waP8v0RzgCj1GyL4BppARLOV3V8?key=N0txcGlDcU5zREJFS0UyTV9abDI5bGZja0VjaUVR\" target=\"_blank\"><img decoding=\"async\" src=\"https:\/\/lh3.googleusercontent.com\/pw\/AP1GczMIwtBqvoQ78S_J8rQg-RX9x4UDqX9Mh1tLSKF8oYmcEbqAv2bttcmxos179-O_on95xMFMYBA0rjzKUXyLx_33uPsgtWOtVYrJfB4_BtbqGc2n8df8i9idJEgeOoaXH1qkCk5qTSp96YXwM9RCUyjA=w2000-h1500-s-no-gm?authuser=0\" width=\"2000\" height=\"1500\" alt=\"Com seriedade, cuidado e amor...\" class=\"size-full\" \/><\/a><figcaption class=\"wp-caption-text\">Com seriedade, cuidado e amor...<\/figcaption><\/figure>\n<h3>Cartazes antigos da Associa\u00e7\u00e3o de Produtores de Girassol e Melancia de Hokuryu<\/h3>\n<p>Ao sair, dei uma olhada dentro da garagem. Cartazes antigos da Associa\u00e7\u00e3o de Produtores de Girassol e Melancia de Hokuryu estavam enfileirados na parede.<\/p>\n<p>Fiquei comovido com o cartaz que apresentava os rostos de todos os produtores que apoiaram as atividades da Associa\u00e7\u00e3o de Produtores de Girassol e Melancia de Hokuryu, que celebrou seu 40\u00ba anivers\u00e1rio no ano passado!<\/p>\n<figure class=\"wp-caption aligncenter\"><a href=\"https:\/\/photos.google.com\/share\/AF1QipOoxSMK_AXROkZ0K5NNOae7PPtMdiJ2Fi6suF8hihGn_vp4hBR_TeRz0e_MUpUQjw\/photo\/AF1QipPOotEvaMFYIOpGs_xrOzbkBJMMdvobCN3XK-c?key=N0txcGlDcU5zREJFS0UyTV9abDI5bGZja0VjaUVR\" target=\"_blank\"><img decoding=\"async\" src=\"https:\/\/lh3.googleusercontent.com\/pw\/AP1GczOwso6726L40V3rLMoLMhOU4KdoZRjD4MflQ_MUov7TT98UMajrJVfjZ0bccgNv1rs24rFEgkjhwlUYWhmNcuDtWx6uSu45_vkBbk7UukymXJFxcInyn7ZU6KJoVOa07fwI_ADLdTxj2h3ueYJLRZFP=w2000-h1500-s-no-gm?authuser=0\" width=\"2000\" height=\"1500\" alt=\"Cartazes antigos: &quot;O sabor do ver\u00e3o que traz sorrisos&quot;\" class=\"size-full\" \/><\/a><figcaption class=\"wp-caption-text\">Cartazes antigos: &quot;O sabor do ver\u00e3o que traz sorrisos&quot;<\/figcaption><\/figure>\n<figure class=\"wp-caption aligncenter\"><a href=\"https:\/\/photos.google.com\/share\/AF1QipOoxSMK_AXROkZ0K5NNOae7PPtMdiJ2Fi6suF8hihGn_vp4hBR_TeRz0e_MUpUQjw\/photo\/AF1QipM8Wbu_5di-InyVoa4ngxnSNFK_QCmG0N2VrOQ?key=N0txcGlDcU5zREJFS0UyTV9abDI5bGZja0VjaUVR\" target=\"_blank\"><img decoding=\"async\" src=\"https:\/\/lh3.googleusercontent.com\/pw\/AP1GczNkQgz28SSwPXlf_ixOU9q4Xd31t3ICGjy-tFX10zT-IQr-hyMRiIOSs8KD55acNkHn_bV_pkY5o9VNykmcOzSvXPNA6YSTSFZv6QRyFWo31TnVOkPk90SWwG-mO_K_igRt_ZidKrA3wioykSU2RN8y=w2000-h1500-s-no-gm?authuser=0\" width=\"2000\" height=\"1500\" alt=\"Sugimoto-san em seus dias de juventude\" class=\"size-full\" \/><\/a><figcaption class=\"wp-caption-text\">Sugimoto-san em seus dias de juventude<\/figcaption><\/figure>\n<p>Al\u00e9m disso, o n\u00famero de caixas enviadas a cada ano ao longo dos anos est\u00e1 gravado no painel da parede, proporcionando uma verdadeira no\u00e7\u00e3o da hist\u00f3ria de suor, l\u00e1grimas e trabalho \u00e1rduo que tornaram essa experi\u00eancia verdadeiramente emocionante!<\/p>\n<figure class=\"wp-caption aligncenter\"><a href=\"https:\/\/photos.google.com\/share\/AF1QipOoxSMK_AXROkZ0K5NNOae7PPtMdiJ2Fi6suF8hihGn_vp4hBR_TeRz0e_MUpUQjw\/photo\/AF1QipMhpkXKjXRh3vnzE4evAIrBKJLFwiWoKMCyI4s?key=N0txcGlDcU5zREJFS0UyTV9abDI5bGZja0VjaUVR\" target=\"_blank\"><img decoding=\"async\" src=\"https:\/\/lh3.googleusercontent.com\/pw\/AP1GczM_iQ-giEDiFxQdbP928pNMAuB6koFnIbZAXUMEDJKtd7PdWMfUlcVe5-GJESZtw64ecZD-grnXLMeYbaNuBv4MqZzrY2G_yyW01IvpyX6fhvVxIKIDCSG1fP19LWFzsEtjjHC6szSEVxUHJpWtz5Hy=w2000-h1500-s-no-gm?authuser=0\" width=\"2000\" height=\"1500\" alt=\"N\u00famero de caixas por ano listadas no quadro de avisos: 1\" class=\"size-full\" \/><\/a><figcaption class=\"wp-caption-text\">N\u00famero de caixas por ano listadas no quadro de avisos: 1<\/figcaption><\/figure>\n<figure class=\"wp-caption aligncenter\"><a href=\"https:\/\/photos.google.com\/share\/AF1QipOoxSMK_AXROkZ0K5NNOae7PPtMdiJ2Fi6suF8hihGn_vp4hBR_TeRz0e_MUpUQjw\/photo\/AF1QipM-AhXerUPgtUno93wQ3fzyHH4t4weYpnC57i4?key=N0txcGlDcU5zREJFS0UyTV9abDI5bGZja0VjaUVR\" target=\"_blank\"><img decoding=\"async\" src=\"https:\/\/lh3.googleusercontent.com\/pw\/AP1GczMuXmHxaePTprb_edE59MYEMHMsD6QR-05Y7jfTlcww0-5d0LF7SrbsHB-Fv8Y1C6TUWZ8TbkntZUt531PT6glyd5BCpEMB9gMTXnfgUavUx2upzAGU6vKmg4JpxAI7gXCeYxcdhnhXkK9uQcx3xnTP=w2000-h1500-s-no-gm?authuser=0\" width=\"2000\" height=\"1500\" alt=\"N\u00famero de caixas por ano listadas na parede: 2\" class=\"size-full\" \/><\/a><figcaption class=\"wp-caption-text\">N\u00famero de caixas por ano listadas na parede: 2<\/figcaption><\/figure>\n<figure class=\"wp-caption aligncenter\"><a href=\"https:\/\/photos.google.com\/share\/AF1QipOoxSMK_AXROkZ0K5NNOae7PPtMdiJ2Fi6suF8hihGn_vp4hBR_TeRz0e_MUpUQjw\/photo\/AF1QipM413KgXLuvjy1s88YMyc_IPkg_twW6RPXQUPw?key=N0txcGlDcU5zREJFS0UyTV9abDI5bGZja0VjaUVR\" target=\"_blank\"><img decoding=\"async\" src=\"https:\/\/lh3.googleusercontent.com\/pw\/AP1GczPlt4F7p3anxoYOxvWmUJiYgwEm0DbBZ3YyPgNXqQCnlOiFNFny6AbEEygyKAuhM_lHKZOoeBYig-KuB_5Hn872UPDegjZk7-qckgNq_5d3SR8aOFoNB1xgIFO8Rg3lTc98LN4IVpnwewNrp0OJ_vXI=w2000-h1500-s-no-gm?authuser=0\" width=\"2000\" height=\"1500\" alt=\"N\u00famero de caixas por ano listadas na parede: 3\" class=\"size-full\" \/><\/a><figcaption class=\"wp-caption-text\">N\u00famero de caixas por ano listadas na parede: 3<\/figcaption><\/figure>\n<p>Sugimoto nunca estraga as mudas e leva em considera\u00e7\u00e3o as condi\u00e7\u00f5es ambientais necess\u00e1rias para que elas cres\u00e7am fortes e saud\u00e1veis, acompanhando atentamente seu desenvolvimento e trabalhando com dilig\u00eancia e carinho todos os dias para cultiv\u00e1-las.<\/p>\n<h3>Com sua esposa Ikuko, que tem um sorriso encantador!<\/h3>\n<figure class=\"wp-caption aligncenter\"><a href=\"https:\/\/photos.google.com\/share\/AF1QipOoxSMK_AXROkZ0K5NNOae7PPtMdiJ2Fi6suF8hihGn_vp4hBR_TeRz0e_MUpUQjw\/photo\/AF1QipPWctsJk4gsDfs6YE2ItQe71h-sbXdPJ6RKYfs?key=N0txcGlDcU5zREJFS0UyTV9abDI5bGZja0VjaUVR\" target=\"_blank\"><img decoding=\"async\" src=\"https:\/\/lh3.googleusercontent.com\/pw\/AP1GczNGL2myx_9kKNCOh3PLCB9URQlXl7WyBf76f1v_vpJ4eH5USHYSo2rwasHa4Xva-IIMz4hWv1iziMHmqMO-shJaxZExmhvcTDAKFuj6hBtwbJ0dRYAUrT2XBmK-RsuEnMNJe1TKHyXxDjKGNQoFkgoS=w2000-h1500-s-no-gm?authuser=0\" width=\"2000\" height=\"1500\" alt=\"Com sua esposa Ikuko, que tem um sorriso encantador!\" class=\"size-full\" \/><\/a><figcaption class=\"wp-caption-text\">Com sua esposa Ikuko, que tem um sorriso encantador!<\/figcaption><\/figure>\n<p>Esperamos sinceramente que as mudas de melancia continuem a crescer saud\u00e1veis no futuro.<\/p>\n<h2>v\u00eddeos do YouTube<\/h2>\n<div class=\"youtube\"><iframe title=\"[Cultivo e enxertia de melancia de girassol] Fazenda Katsuhiro Sugimoto [Associa\u00e7\u00e3o de Produtores de Melancia de Girassol de Hokuryu]\" src=\"https:\/\/www.youtube.com\/embed\/x-ydkP874bQ?feature=oembed\" frameborder=\"0\" allow=\"accelerometer; autoplay; clipboard-write; encrypted-media; gyroscope; picture-in-picture; web-share\" referrerpolicy=\"strict-origin-when-cross-origin\" allowfullscreen><\/iframe><\/div>\n<h2>Outras fotos<\/h2>\n<div class=\"img-move\"><img decoding=\"async\" style=\"vertical-align: middle;\" src=\"https:\/\/ehokkaido.net\/wp-content\/uploads\/2021\/12\/2021-12-06-11.41.12.png\" \/> <a href=\"https:\/\/photos.app.goo.gl\/c62P19nk4xVgabEF6\" target=\"_blank\" rel=\"noopener noreferrer\">[Cidade de Hokuryu, Hokkaido] Cultivo de melancia-girassol [Associa\u00e7\u00e3o de Produtores de Melancia-Girassol de Hokuryu] Fotos (28 fotos) est\u00e3o aqui &gt;&gt;<\/a><\/div>\n<h2>Artigos relacionados<\/h2>\n\n        <div class=\"site-blogcard-premium\">\n            <div class=\"bc-label-custom\">Artigos relacionados<\/div>\n            <div class=\"bc-flex-container\">\n                <div class=\"bc-main-text\">\n                    <div class=\"bc-title-link-box\">\n                        <a href=\"https:\/\/portal.hokuryu.info\/pt\/55838\/\" target=\"_blank\">https:\/\/portal.hokuryu.info\/55838<\/a>\n                    <\/div>\n                    <div class=\"bc-excerpt-box\">N\u00e3o foi poss\u00edvel recuperar as informa\u00e7\u00f5es da p\u00e1gina.<\/div>\n                <\/div>\n                <div class=\"bc-thumbnail-box\">\n                    <a href=\"https:\/\/portal.hokuryu.info\/pt\/55838\/\" target=\"_blank\">\n                        <div class=\"bc-img-zoom-wrap\">\n                            <img decoding=\"async\" src=\"https:\/\/portal.hokuryu.info\/wp\/wp-content\/uploads\/2026\/02\/20230802DSC06445_1.jpg\" alt=\"https:\/\/portal.hokuryu.info\/55838\">\n                        <\/div>\n                    <\/a>\n                <\/div>\n            <\/div>\n        <\/div>\n\u3000<br \/>\n\u25c7 <a href=\"https:\/\/portal.hokuryu.info\/pt\/38127\/#outline_1__7_2\">Entrevista e texto: Ikuko Terauchi (fotografia e assist\u00eancia de edi\u00e7\u00e3o: Noboru Terauchi)<\/a><\/p>","protected":false},"excerpt":{"rendered":"<p>\uff12\uff10\uff12\uff15\u5e74\uff13\u6708\uff11\uff10\u65e5\uff08\u6708\uff09 \u4eca\u5e74\u306f\u3001\u5317\u7adc\u3072\u307e\u308f\u308a\u3059\u3044\u304b\u751f\u7523\u7d44\u5408\u306e\u3059\u3044\u304b\u683d\u57f9\u306e\u51fa\u8377\u307e\u3067\u306e\u5e74\u9593\u4f5c\u696d\u3092\u53d6\u6750\u3059\u308b\u3053\u3068\u3092\u4e88\u5b9a\u3057\u3066\u3044\u307e\u3059\u3002 \u305d\u306e\u7b2c\u4e00\u5f3e\u3068\u3057\u3066\uff12\u6708\u672b\u304b\u3089\u3001\u9806\u6b21\u80b2\u82d7\u306e\u64ad\u7a2e\u4f5c\u696d\u304c\u30b9\u30bf\u30fc\u30c8\u3002\uff13\u6708\uff18\u65e5\uff08\u571f\uff09 [&hellip;]<\/p>\n","protected":false},"author":1,"featured_media":56332,"comment_status":"open","ping_status":"open","sticky":false,"template":"","format":"standard","meta":{"footnotes":""},"categories":[4,100],"tags":[],"class_list":["post-56327","post","type-post","status-publish","format-standard","has-post-thumbnail","hentry","category-cover-story","category-sunflower_watermelon"],"_links":{"self":[{"href":"https:\/\/portal.hokuryu.info\/pt\/wp-json\/wp\/v2\/posts\/56327","targetHints":{"allow":["GET"]}}],"collection":[{"href":"https:\/\/portal.hokuryu.info\/pt\/wp-json\/wp\/v2\/posts"}],"about":[{"href":"https:\/\/portal.hokuryu.info\/pt\/wp-json\/wp\/v2\/types\/post"}],"author":[{"embeddable":true,"href":"https:\/\/portal.hokuryu.info\/pt\/wp-json\/wp\/v2\/users\/1"}],"replies":[{"embeddable":true,"href":"https:\/\/portal.hokuryu.info\/pt\/wp-json\/wp\/v2\/comments?post=56327"}],"version-history":[{"count":0,"href":"https:\/\/portal.hokuryu.info\/pt\/wp-json\/wp\/v2\/posts\/56327\/revisions"}],"wp:featuredmedia":[{"embeddable":true,"href":"https:\/\/portal.hokuryu.info\/pt\/wp-json\/wp\/v2\/media\/56332"}],"wp:attachment":[{"href":"https:\/\/portal.hokuryu.info\/pt\/wp-json\/wp\/v2\/media?parent=56327"}],"wp:term":[{"taxonomy":"category","embeddable":true,"href":"https:\/\/portal.hokuryu.info\/pt\/wp-json\/wp\/v2\/categories?post=56327"},{"taxonomy":"post_tag","embeddable":true,"href":"https:\/\/portal.hokuryu.info\/pt\/wp-json\/wp\/v2\/tags?post=56327"}],"curies":[{"name":"wp","href":"https:\/\/api.w.org\/{rel}","templated":true}]}}