{"id":55623,"date":"2025-02-17T09:36:22","date_gmt":"2025-02-17T00:36:22","guid":{"rendered":"https:\/\/portal.hokuryu.info\/?p=55623"},"modified":"2025-02-17T17:14:59","modified_gmt":"2025-02-17T08:14:59","slug":"%e5%8c%97%e7%ab%9c%e7%94%ba%e8%ad%b0%e4%bc%9a%e5%a0%b1%e5%91%8a%e4%bc%9a-%ef%bc%86-%e8%ad%b0%e4%bc%9a%e3%82%ab%e3%83%95%e3%82%a7%ef%bc%9a%e5%92%8c%e3%82%84%e3%81%8b%e3%81%a7%e5%92%8c%e6%b0%97%e8%97%b9","status":"publish","type":"post","link":"https:\/\/portal.hokuryu.info\/pt\/55623\/","title":{"rendered":"Sess\u00e3o de Apresenta\u00e7\u00e3o de Relat\u00f3rios e Caf\u00e9 do Conselho Municipal de Hokuryu: Um f\u00f3rum amig\u00e1vel e harmonioso onde os moradores podem trocar opini\u00f5es livremente e confortavelmente."},"content":{"rendered":"<p>Sexta-feira, 14 de fevereiro de 2025<\/p>\n<p>Na quarta-feira, 12 de fevereiro, a partir das 15h, o Conselho Municipal de Hokuryu realizou uma &quot;Sess\u00e3o de Relat\u00f3rios do Conselho e Caf\u00e9 do Conselho&quot; no espa\u00e7o multiuso do COCOWA, o Centro de Revitaliza\u00e7\u00e3o Comercial da cidade de Hokuryu. Aproximadamente 20 moradores e membros do conselho participaram, e as discuss\u00f5es foram animadas e divertidas, em um ambiente amig\u00e1vel.<\/p>\n<h2>Sess\u00e3o de presta\u00e7\u00e3o de contas do Conselho Municipal de Hokuryu e Caf\u00e9 do Conselho<\/h2>\n<figure class=\"wp-caption aligncenter\"><a href=\"https:\/\/photos.google.com\/share\/AF1QipOf0NXuJUp1VxEDQ4k8Y5TEmNJ1-t-DViS_ZJLfXlQx3crpGpJJR5MqZw50wWIeYA\/photo\/AF1QipPVXGvQqjz0_t_GJswEvB7hyEbySAB-I1Aouaw?key=LUFXY21lZGRwSGtEc2Q5c2NMYm13bkoyMnZJNFd3\" target=\"_blank\"><img decoding=\"async\" src=\"https:\/\/lh3.googleusercontent.com\/pw\/AP1GczNs6qIbVlXujTuz4RhQ2PQtrD3_vsW5oq_PHJZ5AU-xlH54x_j0qavSwOM-om5t_hWU5u5YisUXGNzH5Aptfjb51ZefHKh5tr1QYhIi_Y9omz2kVyZloaC6E4wR9q_7IDMeFyQJVsa1P0YMigxb1kQs=w2000-h1333-s-no-gm?authuser=0\" width=\"1140\" height=\"1520\" alt=\"Reuni\u00e3o de presta\u00e7\u00e3o de contas do Conselho Municipal de Hokuryu\" class=\"size-full\" \/><\/a><figcaption class=\"wp-caption-text\">Reuni\u00e3o de presta\u00e7\u00e3o de contas do Conselho Municipal de Hokuryu<\/figcaption><\/figure>\n<figure class=\"wp-caption aligncenter\"><a href=\"https:\/\/photos.google.com\/share\/AF1QipOf0NXuJUp1VxEDQ4k8Y5TEmNJ1-t-DViS_ZJLfXlQx3crpGpJJR5MqZw50wWIeYA\/photo\/AF1QipNFQSIOHOanQrFPh_p8mUDBTD1SEOY8G-YzyO4?key=LUFXY21lZGRwSGtEc2Q5c2NMYm13bkoyMnZJNFd3\" target=\"_blank\"><img decoding=\"async\" src=\"https:\/\/lh3.googleusercontent.com\/pw\/AP1GczMbCWce9dHEy1I5zPf0dUh94WdXcT3JNXKCN5zn5-8rG3bw8FdvImYzeuHYkhCRl34ERU24DsD-8dGtuxRK0FK66j3IvxtmDEUDfd5spNp8qYvN50uDuB7XMgs5GPMaPTBFXB3zsD2J-fEiUgPR0xep=w1140-h1520-s-no-gm?authuser=0\" width=\"1140\" height=\"1520\" alt=\"Caf\u00e9 do Parlamento\" class=\"size-full\" \/><\/a><figcaption class=\"wp-caption-text\">Caf\u00e9 do Parlamento<\/figcaption><\/figure>\n<h3>Doces e flores sobre a mesa<\/h3>\n<p>Este ano, pela primeira vez, introduzimos um estilo chamado &quot;Caf\u00e9 Parlamentar&quot;, que proporciona um ambiente descontra\u00eddo onde os moradores e membros do conselho podem conversar informalmente enquanto tomam caf\u00e9, ch\u00e1 e comem doces.<\/p>\n<figure class=\"wp-caption aligncenter\"><a href=\"https:\/\/photos.google.com\/share\/AF1QipOf0NXuJUp1VxEDQ4k8Y5TEmNJ1-t-DViS_ZJLfXlQx3crpGpJJR5MqZw50wWIeYA\/photo\/AF1QipPq_2Is9FbMNH8Ayvv383LdAB6qslNXa4n82hY?key=LUFXY21lZGRwSGtEc2Q5c2NMYm13bkoyMnZJNFd3\" target=\"_blank\"><img decoding=\"async\" src=\"https:\/\/lh3.googleusercontent.com\/pw\/AP1GczMWsixiVVah0vSuIAayo-is-VukYbwbWhjaUaNtpTlu1Dv7E9PEshUdewQpWEaKi0rd5rKdUyCLCE5ufl1KR6uuNjAHWf-D1H_gpFOPn8u7t9EtpPUYnhZPL8NvT4IUrbc-mDkdvsnxRdfbMCXuaQYb=w2000-h1333-s-no-gm?authuser=0\" width=\"2000\" height=\"1333\" alt=\"A mesa estava decorada com doces e flores...\" class=\"size-full\" \/><\/a><figcaption class=\"wp-caption-text\">A mesa estava decorada com doces e flores...<\/figcaption><\/figure>\n<figure class=\"wp-caption aligncenter\"><a href=\"https:\/\/photos.google.com\/share\/AF1QipOf0NXuJUp1VxEDQ4k8Y5TEmNJ1-t-DViS_ZJLfXlQx3crpGpJJR5MqZw50wWIeYA\/photo\/AF1QipOdGYGiRO0SYGEg6q1KoS__5A-lgYu_5wWwUEM?key=LUFXY21lZGRwSGtEc2Q5c2NMYm13bkoyMnZJNFd3\" target=\"_blank\"><img decoding=\"async\" src=\"https:\/\/lh3.googleusercontent.com\/pw\/AP1GczOb7V2vKrR5H8nwoN3AW5csfdYiiQVh2gqWNItgSbP0kStFeX89o35nDOByMaKqhw8mzkJzEcUzVbGVC8PJkWc8hKKIVitKk4flv4aLPussjB3zFK0YaNOafaXJvonar-YMQKYIELeILMRK9JovWXub=w2000-h1333-s-no-gm?authuser=0\" width=\"2000\" height=\"1333\" alt=\"Cantinho das bebidas\" class=\"size-full\" \/><\/a><figcaption class=\"wp-caption-text\">Cantinho das bebidas<\/figcaption><\/figure>\n<h3>Moderador: Vereador Nobuaki Teragaki<\/h3>\n<figure class=\"wp-caption aligncenter\"><a href=\"https:\/\/photos.google.com\/share\/AF1QipOf0NXuJUp1VxEDQ4k8Y5TEmNJ1-t-DViS_ZJLfXlQx3crpGpJJR5MqZw50wWIeYA\/photo\/AF1QipOeqs4HVBhplLlEIcPhCsVQ3EH7XISK3EGGu8g?key=LUFXY21lZGRwSGtEc2Q5c2NMYm13bkoyMnZJNFd3\" target=\"_blank\"><img decoding=\"async\" src=\"https:\/\/lh3.googleusercontent.com\/pw\/AP1GczNdwls9fp5PAY9Z5aCrVrBaQm1k4B4vykYDKdu_nJ-0mLDKnBMLj7tKUHy56YLImSP_9oGJjOQMGTrx_VNVRFJVjpM4fWIeysqNl6XeyMa5tQLpGD1HGYUxcjm5zgSyA1i_WSiMq1WFiDVSypdK2MJw=w2000-h1333-s-no-gm?authuser=0\" width=\"2000\" height=\"1333\" alt=\"Moderado pelo vereador Nobuaki Teragaki\" class=\"size-full\" \/><\/a><figcaption class=\"wp-caption-text\">Moderado pelo vereador Nobuaki Teragaki<\/figcaption><\/figure>\n<h2>abertura<\/h2>\n<h3>Discurso de abertura do presidente Nakamura Shoichi<\/h3>\n<figure class=\"wp-caption aligncenter\"><a href=\"https:\/\/photos.google.com\/share\/AF1QipOf0NXuJUp1VxEDQ4k8Y5TEmNJ1-t-DViS_ZJLfXlQx3crpGpJJR5MqZw50wWIeYA\/photo\/AF1QipOCHapOU06lYSKrhBwjrlmc2p7OjpQp4V1MimU?key=LUFXY21lZGRwSGtEc2Q5c2NMYm13bkoyMnZJNFd3\" target=\"_blank\"><img decoding=\"async\" src=\"https:\/\/lh3.googleusercontent.com\/pw\/AP1GczMLiX1Josf5z6c6ufO3bX3LNYktnjTUu4oqDqvNP-VlDnuHtyvwl-hw6LLrZo5qlkR7JwFiUCS_qeCrK-7xQQBSYtk0x7UkDE-fzg4bfqMcF0jcAyXCIETJC71N1TF85iGD_S-cZlK6zzFRIqytsXES=w2000-h1333-s-no-gm?authuser=0\" width=\"2000\" height=\"1333\" alt=\"Sauda\u00e7\u00f5es do Presidente Nakamura\" class=\"size-full\" \/><\/a><figcaption class=\"wp-caption-text\">Sauda\u00e7\u00f5es do Presidente Nakamura<\/figcaption><\/figure>\n<p>&quot;De acordo com a Ordenan\u00e7a B\u00e1sica do Conselho Municipal de Hokuryu, realizaremos uma reuni\u00e3o de relat\u00f3rio da assembleia uma vez por ano. Desta vez, pela primeira vez, ofereceremos bebidas e lanches, e adotamos um novo formato chamado &#039;Caf\u00e9 da Assembleia&#039;&quot;, disse o Presidente Nakamura. A reuni\u00e3o come\u00e7ou com uma discuss\u00e3o sobre a escassez de membros da assembleia, a remunera\u00e7\u00e3o dos membros e o uso de cupons de promo\u00e7\u00e3o regional.<\/p>\n<figure class=\"wp-caption aligncenter\"><a href=\"https:\/\/photos.google.com\/share\/AF1QipOf0NXuJUp1VxEDQ4k8Y5TEmNJ1-t-DViS_ZJLfXlQx3crpGpJJR5MqZw50wWIeYA\/photo\/AF1QipMW2g3TDQBhQwwX30b2TyupH-weMbj82mXSaM4?key=LUFXY21lZGRwSGtEc2Q5c2NMYm13bkoyMnZJNFd3\" target=\"_blank\"><img decoding=\"async\" src=\"https:\/\/lh3.googleusercontent.com\/pw\/AP1GczP08qqtJy2ORdHVX8M_vgZIVnWb5QZIp9egzehw0isI4Pm3XRctr5XSMU9AbKWJU5wlj7Rubp5wUrVlRvKwhQM8wublnrbsQU0ta3J8nM9ek_dtrsVRztcoY2PFSQhyL12tIsbrZ2TL0X5fFZBlh4Cd=w2000-h1333-s-no-gm?authuser=0\" width=\"2000\" height=\"1333\" alt=\"Divididos em dois grupos, conversaram.\" class=\"size-full\" \/><\/a><figcaption class=\"wp-caption-text\">Divididos em dois grupos, conversaram.<\/figcaption><\/figure>\n<figure class=\"wp-caption aligncenter\"><a href=\"https:\/\/photos.google.com\/share\/AF1QipOf0NXuJUp1VxEDQ4k8Y5TEmNJ1-t-DViS_ZJLfXlQx3crpGpJJR5MqZw50wWIeYA\/photo\/AF1QipN6trMEKEOOTUtl780n2-g1gL1hYe10NuVb__o?key=LUFXY21lZGRwSGtEc2Q5c2NMYm13bkoyMnZJNFd3\" target=\"_blank\"><img decoding=\"async\" src=\"https:\/\/lh3.googleusercontent.com\/pw\/AP1GczM46MF9RuwdXI7ahsK4bszAyAmK6olNoj1pBsbx7gY197QbuoIfBhcKoh_QayR2hQ30csm1-GRM_MDT1qD4rwET8vbQU81vL5dVOXJzss32ql53l66jG-VH7OBfNRCSYswwFYa1P5_ozmwfukPh0gH7=w2000-h1333-s-no-gm?authuser=0\" width=\"2000\" height=\"1333\" alt=\"Dividam-se em grupos para discuss\u00e3o.\" class=\"size-full\" \/><\/a><figcaption class=\"wp-caption-text\">Dividam-se em grupos para discuss\u00e3o.<\/figcaption><\/figure>\n<h2>Reuni\u00e3o de presta\u00e7\u00e3o de contas do Conselho Municipal de Hokuryu<\/h2>\n<p>O objetivo da reuni\u00e3o de relat\u00f3rio do conselho \u00e9 informar os moradores sobre as atividades do conselho, ouvindo assim uma variedade de opini\u00f5es, comunicando-se com eles e trabalhando ativamente para desenvolver a cidade com a participa\u00e7\u00e3o da popula\u00e7\u00e3o.<\/p>\n<h3>Relat\u00f3rio parlamentar do vereador Kazuo Kimura<\/h3>\n<figure class=\"wp-caption aligncenter\"><a href=\"https:\/\/photos.google.com\/share\/AF1QipOf0NXuJUp1VxEDQ4k8Y5TEmNJ1-t-DViS_ZJLfXlQx3crpGpJJR5MqZw50wWIeYA\/photo\/AF1QipNYxZHSlnijyB_eDESWnaPh-tlL4ww5I89AOWI?key=LUFXY21lZGRwSGtEc2Q5c2NMYm13bkoyMnZJNFd3\" target=\"_blank\"><img decoding=\"async\" src=\"https:\/\/lh3.googleusercontent.com\/pw\/AP1GczNmfqjiJk3jmtyx1wgx8vVRVdsc_IjaA4SSOmnBNjIKTd3MSDY01DTtr8ONvr8XTui4PsICXDpGRLY5yuPlnKIT-wK5FwAesFRytZ-LZKGsqkauDSamyNOxjGuxJYIrkMJ8vLjWgftGU05A0SNPO3Ao=w2000-h1333-s-no-gm?authuser=0\" width=\"2000\" height=\"1333\" alt=\"Relat\u00f3rio sobre as atividades parlamentares do vereador Kimura\" class=\"size-full\" \/><\/a><figcaption class=\"wp-caption-text\">Relat\u00f3rio sobre as atividades parlamentares do vereador Kimura<\/figcaption><\/figure>\n<h4>Introdu\u00e7\u00e3o \u00e0s diversas atividades dos comit\u00eas e aos membros de cada comit\u00ea.<\/h4>\n<ul>\n<li>O relat\u00f3rio inclu\u00eda um panorama das atividades do ano anterior, bem como informa\u00e7\u00f5es sobre as investiga\u00e7\u00f5es de cada comit\u00ea, diversas opini\u00f5es, detalhes de implementa\u00e7\u00e3o, inspe\u00e7\u00f5es, or\u00e7amentos de projetos e sistemas de apoio da cidade de Hokuryu.<\/li>\n<li>Comiss\u00e3o Permanente de Assuntos Gerais e Ind\u00fastria (7 membros), Comiss\u00e3o de Administra\u00e7\u00e3o Municipal (4 membros), Comiss\u00e3o Especial de Rela\u00e7\u00f5es P\u00fablicas (5 membros), Comiss\u00e3o Especial de Desenvolvimento Urbano e Outros Assuntos Investigativos (8 membros), Comiss\u00e3o Especial de Prepara\u00e7\u00e3o para Desastres (8 membros), Comiss\u00e3o de Auditoria (1 membro), Conselho Geral (8 membros), Comiss\u00e3o Especial sobre o Futuro da Agricultura na Cidade de Hokuryu (8 membros)<\/li>\n<\/ul>\n<h2>Caf\u00e9 Parlamentar e Reuni\u00e3o de Troca de Opini\u00f5es<\/h2>\n<p>Essa troca de opini\u00f5es ocorreu em formato de confer\u00eancia, com \u00eanfase na discuss\u00e3o, e os participantes foram divididos em dois grupos. A pessoa que falava segurava um pequeno brinquedo de pel\u00facia chamado &quot;Objeto Falante (OF)&quot;. Ap\u00f3s terminar de falar, a pessoa passava o &quot;OF&quot; para a pr\u00f3xima pessoa, e a discuss\u00e3o continuava na ordem indicada.<\/p>\n<figure class=\"wp-caption aligncenter\"><a href=\"https:\/\/photos.google.com\/share\/AF1QipOf0NXuJUp1VxEDQ4k8Y5TEmNJ1-t-DViS_ZJLfXlQx3crpGpJJR5MqZw50wWIeYA\/photo\/AF1QipNNTCjjcAQ4qBtpjK0bCWdaZVLJ2fAyTPDgFZA?key=LUFXY21lZGRwSGtEc2Q5c2NMYm13bkoyMnZJNFd3\" target=\"_blank\"><img decoding=\"async\" src=\"https:\/\/lh3.googleusercontent.com\/pw\/AP1GczOaGIvWIgvVOcNrkrmQGbVMlX_i7v7lZAxvlByM53V5UIJqkqNmTC3iUgV5EG_IQOajCpiloG-ZhJht65QTgA-VAN9flDhNUE30yfU_yp0TtDOIquajSwLokaoFgpPUcMdtF25Z1ugCt0P2rO1UWjDK=w2000-h1333-s-no-gm?authuser=0\" width=\"2000\" height=\"1333\" alt=\"O Objeto Falante (OF) \u00e9 girado para trocar opini\u00f5es.\" class=\"size-full\" \/><\/a><figcaption class=\"wp-caption-text\">O Objeto Falante (OF) \u00e9 girado para trocar opini\u00f5es.<\/figcaption><\/figure>\n<p>Ser\u00e3o definidos tr\u00eas temas, e cada grupo discutir\u00e1 cada tema por cerca de 20 minutos (cada pessoa ter\u00e1 cerca de 3 minutos) (tempo de fala), ap\u00f3s o qual um representante de cada grupo resumir\u00e1 e apresentar\u00e1 suas opini\u00f5es, e todos compartilhar\u00e3o o conte\u00fado de sua discuss\u00e3o (tempo de compartilhamento).<\/p>\n<p>Antes do in\u00edcio de cada discuss\u00e3o sobre o tema, os membros do parlamento apresentaram explica\u00e7\u00f5es.<\/p>\n<figure class=\"wp-caption aligncenter\"><a href=\"https:\/\/photos.google.com\/share\/AF1QipOf0NXuJUp1VxEDQ4k8Y5TEmNJ1-t-DViS_ZJLfXlQx3crpGpJJR5MqZw50wWIeYA\/photo\/AF1QipOtJAamKpNnTszX9bIQSRx3ASyRwewitZJv9wU?key=LUFXY21lZGRwSGtEc2Q5c2NMYm13bkoyMnZJNFd3\" target=\"_blank\"><img decoding=\"async\" src=\"https:\/\/lh3.googleusercontent.com\/pw\/AP1GczMF0XaVncavBdZgK6Lxd3XgK-7ZSKRruD68QNWZcmwcPDo-ktOp61RDv-R3Ms-0KMDh_e9Roa-HtxGJn4u3vryrDNc1icpeQQfLwqnHv7l_cCU9iQ2rSgTycicfpEspRW862EORsoKxjEToGBT0QzB1=w2000-h1333-s-no-gm?authuser=0\" width=\"2000\" height=\"1333\" alt=\"Troca de opini\u00f5es livre e f\u00e1cil\" class=\"size-full\" \/><\/a><figcaption class=\"wp-caption-text\">Troca de opini\u00f5es livre e f\u00e1cil<\/figcaption><\/figure>\n<h3>1. Sobre o transporte p\u00fablico local: Vereador Manabu Okino<\/h3>\n<p>Em mar\u00e7o de 2022, a linha de \u00f4nibus Sorachi Chuo Bus Hokuryu Takikawa foi desativada e, em abril, foi inaugurada a linha de \u00f4nibus urbano Hokuryu Meoseushi para dar acesso \u00e0 regi\u00e3o de Takikawa-Fukagawa.<\/p>\n<p>Havia quatro \u00f4nibus partindo de Hokuryu e tr\u00eas retornando de Imobeushi, sendo alguns regulares e outros com reserva. Tamb\u00e9m nos explicaram os pre\u00e7os das passagens de \u00f4nibus e do passe de transporte estudantil. Al\u00e9m disso, nos informaram sobre a capacidade e os pre\u00e7os dos t\u00e1xis compartilhados e dos \u00f4nibus escolares para deslocamentos dentro da cidade.<\/p>\n<figure class=\"wp-caption aligncenter\"><a href=\"https:\/\/photos.google.com\/share\/AF1QipOf0NXuJUp1VxEDQ4k8Y5TEmNJ1-t-DViS_ZJLfXlQx3crpGpJJR5MqZw50wWIeYA\/photo\/AF1QipOainEjxwA4jhx3pUMCdeinTABbaafxwoqr4Jk?key=LUFXY21lZGRwSGtEc2Q5c2NMYm13bkoyMnZJNFd3\" target=\"_blank\"><img decoding=\"async\" src=\"https:\/\/lh3.googleusercontent.com\/pw\/AP1GczMW5YczLOg7Xm0msaxt1nHWc2EyMQil8FHWpPN3hj5mhL8GQ3NldSEVsR8btV9Ez6oGI6dl9Lr9OyEXQ4FBj0DvjMuMrdrGLwJjUQuEBkThi8zkrkIIYeH9Za-c9TxCkpcKns6RHQ9CIB8VA7HJ2bds=w2000-h1333-s-no-gm?authuser=0\" width=\"2000\" height=\"1333\" alt=\"Explica\u00e7\u00e3o do vereador Okino\" class=\"size-full\" \/><\/a><figcaption class=\"wp-caption-text\">Explica\u00e7\u00e3o do vereador Okino<\/figcaption><\/figure>\n<h4>Tempo de conversa\u00e7\u00e3o<\/h4>\n<figure class=\"wp-caption aligncenter\"><a href=\"https:\/\/photos.google.com\/share\/AF1QipOf0NXuJUp1VxEDQ4k8Y5TEmNJ1-t-DViS_ZJLfXlQx3crpGpJJR5MqZw50wWIeYA\/photo\/AF1QipMLU8Ejh4SjZelOkuMXuzV1ccTJcPfA-0x9UIM?key=LUFXY21lZGRwSGtEc2Q5c2NMYm13bkoyMnZJNFd3\" target=\"_blank\"><img decoding=\"async\" src=\"https:\/\/lh3.googleusercontent.com\/pw\/AP1GczPnKf-LeFMp5fYCn2p_JF9olfw2UYy9M0Vgp5uPxeFMx2ukNGaNw_y5zPV8sfoOSxzMaUvYuQK_rQ6CSHpHhoF7MuQ9PpAuViaHTkIxi0JOEnKY5UR_Y1FsxR496vdLuWrgjPjWhlJZvPn5Igmv35Pl=w2000-h1333-s-no-gm?authuser=0\" width=\"2000\" height=\"1333\" alt=\"Ao compartilharem suas opini\u00f5es...\" class=\"size-full\" \/><\/a><figcaption class=\"wp-caption-text\">Ao compartilharem suas opini\u00f5es...<\/figcaption><\/figure>\n<figure class=\"wp-caption aligncenter\"><a href=\"https:\/\/photos.google.com\/share\/AF1QipOf0NXuJUp1VxEDQ4k8Y5TEmNJ1-t-DViS_ZJLfXlQx3crpGpJJR5MqZw50wWIeYA\/photo\/AF1QipPwOy1fIxup12SskRlNlS3kI_EQf2fETvfzyBs?key=LUFXY21lZGRwSGtEc2Q5c2NMYm13bkoyMnZJNFd3\" target=\"_blank\"><img decoding=\"async\" src=\"https:\/\/lh3.googleusercontent.com\/pw\/AP1GczNElYXgGQQwsTi0WyWkDAxhTJ0GgECiwtLEAx6IWC_8iEwa6O5FBMnzdSTTUCpELi1i7XdUFm9AuOqZgc8YnZHli-5JZxOvgRHvYdBaa5zin12sjWzzV5z5-UsOV-c7c9gqVu3h7a9OtmVh4JGOslsn=w2000-h1333-s-no-gm?authuser=0\" width=\"2000\" height=\"1333\" alt=\"Houve uma animada troca de opini\u00f5es...\" class=\"size-full\" \/><\/a><figcaption class=\"wp-caption-text\">Houve uma animada troca de opini\u00f5es...<\/figcaption><\/figure>\n<h4>Compartilhe seu tempo<\/h4>\n<p><strong>Grupo A<\/strong><\/p>\n<ul>\n<li>Quero um voo direto para o Hospital Municipal de Fukagawa.<\/li>\n<li>Atualmente, os pais s\u00e3o respons\u00e1veis por transportar seus filhos estudantes do ensino m\u00e9dio de e para as atividades extracurriculares e empregos de meio per\u00edodo.<\/li>\n<li>Acredita-se que a falta de transporte p\u00fablico esteja afetando o acesso dos turistas a Himawari no Sato.<\/li>\n<\/ul>\n<p><strong>Grupo B<\/strong><\/p>\n<ul>\n<li>Atualmente, o tempo de espera no ponto de \u00f4nibus de Imobeushi \u00e9 um transtorno. Quero um \u00f4nibus que permita que meus filhos cheguem \u00e0 escola sem problemas.<\/li>\n<li>Que tal um \u00f4nibus matinal que v\u00e1 direto para a escola sem paradas?<\/li>\n<li>Os t\u00e1xis s\u00e3o inconvenientes porque t\u00eam restri\u00e7\u00f5es quanto aos hor\u00e1rios e dias de utiliza\u00e7\u00e3o.<\/li>\n<li>Por que n\u00e3o usar servi\u00e7os de transporte compartilhado para idosos, que podem ser usados principalmente para ir ao hospital, mas tamb\u00e9m para fazer compras, etc.?<\/li>\n<li>A implementa\u00e7\u00e3o de servi\u00e7os de compartilhamento de viagens exige o estabelecimento de seguros e outras medidas necess\u00e1rias, mas ser\u00e1 que a cidade poderia oferecer apoio e formar um grupo de volunt\u00e1rios?<\/li>\n<\/ul>\n<figure class=\"wp-caption aligncenter\"><a href=\"https:\/\/photos.google.com\/share\/AF1QipOf0NXuJUp1VxEDQ4k8Y5TEmNJ1-t-DViS_ZJLfXlQx3crpGpJJR5MqZw50wWIeYA\/photo\/AF1QipOVGqg4NH6cuR1kDaZduJuT3iuTMGfk_ZWJOak?key=LUFXY21lZGRwSGtEc2Q5c2NMYm13bkoyMnZJNFd3\" target=\"_blank\"><img decoding=\"async\" src=\"https:\/\/lh3.googleusercontent.com\/pw\/AP1GczPhMSNkyTq76ODrotbAQrDy2oJbMm5WcjG0LZA_qxpG66WZj1LM-fNwKft3mXPD4IJgxhHUSxIjgCF6GchrFpNSVhRuQJ5ExFK2MMwJKWHmyF7V0Tb1GbPsYMKxE7P7RwKv6162fIm7kcvyiZDbFbTf=w2000-h1333-s-no-gm?authuser=0\" width=\"2000\" height=\"1333\" alt=\"Compartilhe seu tempo\" class=\"size-full\" \/><\/a><figcaption class=\"wp-caption-text\">Compartilhe seu tempo<\/figcaption><\/figure>\n<h3>2. Em rela\u00e7\u00e3o \u00e0s escolas e outras instala\u00e7\u00f5es complexas: Vereadora Yoshiko Hayashi<\/h3>\n<p>A filosofia b\u00e1sica da educa\u00e7\u00e3o escolar da cidade de Hokuryu \u00e9 &quot;esfor\u00e7ar-se para melhorar o ambiente educacional escolar e buscar criar uma escola em harmonia com a comunidade, para que as crian\u00e7as possam desenvolver a capacidade de viver e prosperar no futuro, respeitando a individualidade e a diversidade, a fim de realizar seus sonhos e objetivos individuais&quot;.<\/p>\n<p>Atualmente, a cidade de Hokuryu est\u00e1 trabalhando no desenvolvimento de um complexo escolar voltado para a educa\u00e7\u00e3o obrigat\u00f3ria, do ensino fundamental ao ensino m\u00e9dio, com o objetivo de inaugur\u00e1-lo no ano fiscal de 2029.<\/p>\n<p>Foi criado um comit\u00ea de revis\u00e3o, que se reuniu cinco vezes entre fevereiro e dezembro de 2024. Um plano preliminar foi elaborado por meio de pesquisas com moradores da cidade, reuni\u00f5es p\u00fablicas e entrevistas com professores e funcion\u00e1rios de escolas de ensino fundamental e m\u00e9dio.<\/p>\n<p>Coment\u00e1rios p\u00fablicos sobre a minuta da Pol\u00edtica de Educa\u00e7\u00e3o B\u00e1sica e do Plano B\u00e1sico de Instala\u00e7\u00f5es Complexas da cidade de Hokuryu est\u00e3o sendo coletados de segunda-feira, 10 de fevereiro, a sexta-feira, 28 de fevereiro de 2025.<\/p>\n<figure class=\"wp-caption aligncenter\"><a href=\"https:\/\/photos.google.com\/share\/AF1QipOf0NXuJUp1VxEDQ4k8Y5TEmNJ1-t-DViS_ZJLfXlQx3crpGpJJR5MqZw50wWIeYA\/photo\/AF1QipOWfEVKa7H3S5QIsxT6JYdgTravhICqr1VWJzY?key=LUFXY21lZGRwSGtEc2Q5c2NMYm13bkoyMnZJNFd3\" target=\"_blank\"><img decoding=\"async\" src=\"https:\/\/lh3.googleusercontent.com\/pw\/AP1GczN130fHX5qaPjZMafVA61vz88z8PfdHtosfm99I7lmB1PsT19kC6H5BZqIomBWr-Rjqr7z2LqOsstNVmhxxtrwRIc6M4rkPaEAl_Wll-fTfoPtzfPNaDlLbIDQpacPQrojj5XNLfQ6_yNUVfpG5FUqM=w2000-h1333-s-no-gm?authuser=0\" width=\"2000\" height=\"1333\" alt=\"Explica\u00e7\u00e3o da Conselheira Yoshiko Hayashi\" class=\"size-full\" \/><\/a><figcaption class=\"wp-caption-text\">Explica\u00e7\u00e3o da Conselheira Yoshiko Hayashi<\/figcaption><\/figure>\n<h4>Tempo de conversa\u00e7\u00e3o<\/h4>\n<figure class=\"wp-caption aligncenter\"><a href=\"https:\/\/photos.google.com\/share\/AF1QipOf0NXuJUp1VxEDQ4k8Y5TEmNJ1-t-DViS_ZJLfXlQx3crpGpJJR5MqZw50wWIeYA\/photo\/AF1QipMLU8Ejh4SjZelOkuMXuzV1ccTJcPfA-0x9UIM?key=LUFXY21lZGRwSGtEc2Q5c2NMYm13bkoyMnZJNFd3\" target=\"_blank\"><img decoding=\"async\" src=\"https:\/\/lh3.googleusercontent.com\/pw\/AP1GczPnKf-LeFMp5fYCn2p_JF9olfw2UYy9M0Vgp5uPxeFMx2ukNGaNw_y5zPV8sfoOSxzMaUvYuQK_rQ6CSHpHhoF7MuQ9PpAuViaHTkIxi0JOEnKY5UR_Y1FsxR496vdLuWrgjPjWhlJZvPn5Igmv35Pl=w2000-h1333-s-no-gm?authuser=0\" width=\"2000\" height=\"1333\" alt=\"Troca livre de opini\u00f5es\" class=\"size-full\" \/><\/a><figcaption class=\"wp-caption-text\">Troca livre de opini\u00f5es<\/figcaption><\/figure>\n<h4>Compartilhe seu tempo<\/h4>\n<figure class=\"wp-caption aligncenter\"><a href=\"https:\/\/photos.google.com\/share\/AF1QipOf0NXuJUp1VxEDQ4k8Y5TEmNJ1-t-DViS_ZJLfXlQx3crpGpJJR5MqZw50wWIeYA\/photo\/AF1QipNiQKIAmzQiCfIT2ZfASHO40GUcdWysHLVVVsM?key=LUFXY21lZGRwSGtEc2Q5c2NMYm13bkoyMnZJNFd3\" target=\"_blank\"><img decoding=\"async\" src=\"https:\/\/lh3.googleusercontent.com\/pw\/AP1GczOWC3mxuE-KKUaxos3xX-8hFvIcnxkCrbhA1qWZuYgb9fYNRgXb3lfeNtI8SSnlZm0IvGkqCTu9tUnUuQ2CeVAw1PakQVqDrAILUfTdzM_8tuNUxdvbSuFrkjAJd8AdP8BZ90nSgYJghsYy0dKXWZiY=w2000-h1333-s-no-gm?authuser=0\" width=\"2000\" height=\"1333\" alt=\"Compartilhe seu tempo\" class=\"size-full\" \/><\/a><figcaption class=\"wp-caption-text\">Compartilhe seu tempo<\/figcaption><\/figure>\n<p><strong>Grupo A<\/strong><\/p>\n<ul>\n<li>Onde ser\u00e1 definida a divis\u00e3o do sistema de nove anos? Acredito que a gest\u00e3o escolar e a organiza\u00e7\u00e3o das salas de aula mudar\u00e3o dependendo se o sistema for &quot;6-3&quot; ou &quot;4-3-2&quot;.<\/li>\n<li>Quero um lugar para m\u00e3es jovens e seus filhos ficarem. Atualmente, \u00e9 dif\u00edcil para elas permanecerem por muito tempo devido ao n\u00famero limitado de vagas de estacionamento na creche.<\/li>\n<li>Atualmente, as crian\u00e7as v\u00e3o da escola para o programa de atividades extracurriculares e depois para casa. O programa de atividades extracurriculares atende apenas crian\u00e7as at\u00e9 o terceiro ano do ensino fundamental, e as crian\u00e7as do quarto ano em diante fazem o trajeto entre a escola e casa. Seria interessante ter um sistema em que algu\u00e9m pudesse cuidar das crian\u00e7as por cerca de duas horas, at\u00e9 que seus pais retornem para casa, como um volunt\u00e1rio da cidade.<\/li>\n<li>Seria \u00f3timo ter um lugar onde as crian\u00e7as pudessem se reunir com os moradores locais. Seria \u00f3timo ter um lugar onde os moradores locais pudessem ajudar nos estudos, jogar shogi e conversar com as crian\u00e7as, independentemente da idade ou s\u00e9rie escolar delas.<\/li>\n<\/ul>\n<p><strong>Grupo B<\/strong><\/p>\n<ul>\n<li>Um dos planos para o aproveitamento do antigo terreno da escola secund\u00e1ria \u00e9 utiliz\u00e1-lo como \u00e1rea de camping.<\/li>\n<li>Seria \u00f3timo ter um lugar onde crian\u00e7as e adultos pudessem interagir.<\/li>\n<\/ul>\n<h4>Informa\u00e7\u00f5es de refer\u00eancia<\/h4>\n<div class=\"img-move\">\n<strong><a href=\"https:\/\/www.nippon-foundation.or.jp\/what\/projects\/child-third-place\/\" target=\"_blank\">\u2742 Terceiro Lugar Infantil [Funda\u00e7\u00e3o Nippon]<\/a>\u3000\u3000<a href=\"https:\/\/www.bgf.or.jp\/activity\/daisan-ibasho\/top.html\" target=\"_blank\">\u2742 Terceiro Lugar Infantil [Funda\u00e7\u00e3o B&amp;G]<\/a><\/strong>\n<\/div>\n<h4>3. Sobre a sobretaxa nas taxas de estacionamento em Himawari no Sato: Vereador Masato Sawada<\/h4>\n<p>O futuro de Himawari no Sato est\u00e1 sendo analisado por um comit\u00ea que inclui moradores da cidade desde que uma proposta de uma consultoria foi recebida h\u00e1 cerca de quatro anos, como parte de um projeto subsidiado pelo governo federal.<\/p>\n<p>Este \u00e9 um plano ambicioso que visa o futuro da cidade de Hokuryu. Considerando o futuro da cidade, medidas de revitaliza\u00e7\u00e3o regional s\u00e3o necess\u00e1rias devido ao decl\u00ednio populacional.<\/p>\n<p>Temos mantido discuss\u00f5es abertas sobre maneiras de aumentar o n\u00famero de turistas, tendo os girass\u00f3is como tema central. Vamos coletar diversas opini\u00f5es e incorpor\u00e1-las \u00e0s pol\u00edticas da cidade. A promo\u00e7\u00e3o do turismo tem sido debatida, mas nenhuma decis\u00e3o concreta foi tomada.<\/p>\n<figure class=\"wp-caption aligncenter\"><a href=\"https:\/\/photos.google.com\/share\/AF1QipOf0NXuJUp1VxEDQ4k8Y5TEmNJ1-t-DViS_ZJLfXlQx3crpGpJJR5MqZw50wWIeYA\/photo\/AF1QipNQ84UBJBVaLkXpteAxWWIaCPV_37riOaXMK9g?key=LUFXY21lZGRwSGtEc2Q5c2NMYm13bkoyMnZJNFd3\" target=\"_blank\"><img decoding=\"async\" src=\"https:\/\/lh3.googleusercontent.com\/pw\/AP1GczPtw5juJaM7UGALKKCi5WFVf3rrEI9UNL5UowAkZTIKJiiR874_CaDHRHD7y-ibQWPWpKNXicUlITfJSPe5sUitUVheV5HCkhaBctSyqfqoHEPp9GioVBxzNhqQIB29_o8uLMipWEt-jkjxhYmx_lQ4=w2000-h1333-s-no-gm?authuser=0\" width=\"2000\" height=\"1333\" alt=\"Explica\u00e7\u00e3o do vereador Masato Sawada\" class=\"size-full\" \/><\/a><figcaption class=\"wp-caption-text\">Explica\u00e7\u00e3o do vereador Masato Sawada<\/figcaption><\/figure>\n<h4>Tempo de conversa\u00e7\u00e3o<\/h4>\n<figure class=\"wp-caption aligncenter\"><a href=\"https:\/\/photos.google.com\/share\/AF1QipOf0NXuJUp1VxEDQ4k8Y5TEmNJ1-t-DViS_ZJLfXlQx3crpGpJJR5MqZw50wWIeYA\/photo\/AF1QipPTItmA62LQJSdyQNdU0TH1N33x534h2jcu4z4?key=LUFXY21lZGRwSGtEc2Q5c2NMYm13bkoyMnZJNFd3\" target=\"_blank\"><img decoding=\"async\" src=\"https:\/\/lh3.googleusercontent.com\/pw\/AP1GczNe66j23Hmt7SzqUEvdVQB9zRHkNdXTJuGr8e1YVhUj0_Dd3FiOUVR7QCZcvEbd6Z9fM8ojR8or6_zJhvJ3J21Z1HRNdqCoH3CGe4W9iRdXpNEriscLnzgjGpOGVGLG32b1eK80hTNL6UvMZX3X3jKF=w2000-h1500-s-no-gm?authuser=0\" width=\"2000\" height=\"1500\" alt=\"Um ambiente amig\u00e1vel e divertido...\" class=\"size-full\" \/><\/a><figcaption class=\"wp-caption-text\">Um ambiente amig\u00e1vel e divertido...<\/figcaption><\/figure>\n<h4>Compartilhe seu tempo<\/h4>\n<p><strong>Grupo A<\/strong><\/p>\n<ul>\n<li>Parece haver um problema com a cobran\u00e7a das taxas de estacionamento. Uma taxa fixa (500 ienes) seria uma boa solu\u00e7\u00e3o para reduzir o tempo de cobran\u00e7a. E quanto \u00e0s autocaravanas? Se for cobrada uma taxa de entrada, n\u00e3o seria necess\u00e1rio oferecer benef\u00edcios especiais aos visitantes?<\/li>\n<\/ul>\n<p><strong>Grupo B<\/strong><\/p>\n<ul>\n<li>Os custos operacionais anuais da Himawari no Sato giram em torno de 30 milh\u00f5es de ienes. J\u00e1 foram iniciadas discuss\u00f5es sobre maneiras de aumentar a receita, mesmo que ligeiramente.<\/li>\n<li>Talvez dev\u00eassemos procurar uma variedade de girassol mais bonita do que a atual?<\/li>\n<li>O Festival do Girassol acontece nos meses quentes de ver\u00e3o, ent\u00e3o por que n\u00e3o aumentar o n\u00famero de locais de descanso cortando a vegeta\u00e7\u00e3o rasteira nas florestas sombreadas?<\/li>\n<\/ul>\n<figure class=\"wp-caption aligncenter\"><a href=\"https:\/\/photos.google.com\/share\/AF1QipOf0NXuJUp1VxEDQ4k8Y5TEmNJ1-t-DViS_ZJLfXlQx3crpGpJJR5MqZw50wWIeYA\/photo\/AF1QipNHbiSlp72WnVPYQoMq4MTVvbgCuiP3b-hIlNU?key=LUFXY21lZGRwSGtEc2Q5c2NMYm13bkoyMnZJNFd3\" target=\"_blank\"><img decoding=\"async\" src=\"https:\/\/lh3.googleusercontent.com\/pw\/AP1GczOAr2KAgGP_eN5KFshfO6C2ERbDT8kLJivRpO85TB-IVhoCBQPWsuXOJnMSnTTY2WNIB-mVsg-FIMMBbc_BfZwtl4kamlZQS-xwV8qrq0rkYj71D1IuF5dWsT6-zFQ0xySfZkOAGzpxJaGzFZfHgw64=w2000-h1333-s-no-gm?authuser=0\" width=\"2000\" height=\"1333\" alt=\"Compartilhe seu tempo\" class=\"size-full\" \/><\/a><figcaption class=\"wp-caption-text\">Compartilhe seu tempo<\/figcaption><\/figure>\n<h3>Coment\u00e1rios de Tsutomu Sakamoto (ex-presidente da Associa\u00e7\u00e3o de Turismo de Girass\u00f3is da Cidade de Hokuryu e ex-membro do Conselho Municipal de Hokuryu)<\/h3>\n<figure class=\"wp-caption aligncenter\"><a href=\"https:\/\/photos.google.com\/share\/AF1QipOf0NXuJUp1VxEDQ4k8Y5TEmNJ1-t-DViS_ZJLfXlQx3crpGpJJR5MqZw50wWIeYA\/photo\/AF1QipN2ky76LE2xY7TEAUcoZajeVLslrFZd16YPqaA?key=LUFXY21lZGRwSGtEc2Q5c2NMYm13bkoyMnZJNFd3\" target=\"_blank\"><img decoding=\"async\" src=\"https:\/\/lh3.googleusercontent.com\/pw\/AP1GczNeNmO5pmHS_1-NihhD9AWNbFgmW4CgQDBg7rFYW1t_JzVgpvgpHbRnuWeozjymZLA6NzLThptj4nRHi7hm-kmDjBp_wj7x4hwXlAxBcwvIhC53qR5gik2SoE1jGU03FnPsi8AiBpjQTHVq0xd5T1A1=w2000-h1333-s-no-gm?authuser=0\" width=\"2000\" height=\"1333\" alt=\"Coment\u00e1rios de Tsutomu Sakamoto\" class=\"size-full\" \/><\/a><figcaption class=\"wp-caption-text\">Coment\u00e1rios de Tsutomu Sakamoto<\/figcaption><\/figure>\n<p>&quot;Fico satisfeito que este Relat\u00f3rio Parlamentar, realizado no formato de um &#039;Caf\u00e9 Parlamentar&#039;, tenha se tornado uma confer\u00eancia t\u00e3o envolvente. Vivemos numa era de grandes mudan\u00e7as, e o governo enfrenta dificuldades financeiras sem precedentes, e acredito que os parlamentares tamb\u00e9m enfrentam muitos desafios.&quot;<\/p>\n<p>&quot;Os planos para as instala\u00e7\u00f5es escolares tamb\u00e9m s\u00e3o fant\u00e1sticos. Acho que ser\u00e1 necess\u00e1rio um or\u00e7amento enorme. O maior desafio que precisamos enfrentar agora \u00e9 garantir a sobreviv\u00eancia da nossa cidade e que todos os moradores se unam para resolver os diversos problemas&quot;, disse Tsutomu Sakamoto.<\/p>\n<h2>Mensagem de agradecimento do vereador Nobuaki Teragaki<\/h2>\n<figure class=\"wp-caption aligncenter\"><a href=\"https:\/\/photos.google.com\/share\/AF1QipOf0NXuJUp1VxEDQ4k8Y5TEmNJ1-t-DViS_ZJLfXlQx3crpGpJJR5MqZw50wWIeYA\/photo\/AF1QipMAaHNRo0z9H7ZdNASikfApAubyQM442xc8UvU?key=LUFXY21lZGRwSGtEc2Q5c2NMYm13bkoyMnZJNFd3\" target=\"_blank\"><img decoding=\"async\" src=\"https:\/\/lh3.googleusercontent.com\/pw\/AP1GczP_0Njzvre8bAnZsjPWZuezAtqEVO3HaAPlFSY7uxHqS1C8ot0wsDnRkoUZxB4jlw9c1Xpz-czGp1IJfE5hQ82oXR4WaidzrNdoGu2KJew2ob0rP7M4qUVnT4MpaMm_8k327fic5b6DrujWJhdpWnKB=w2000-h1333-s-no-gm?authuser=0\" width=\"2000\" height=\"1333\" alt=\"Mensagem de agradecimento do vereador Teragaki\" class=\"size-full\" \/><\/a><figcaption class=\"wp-caption-text\">Mensagem de agradecimento do vereador Teragaki<\/figcaption><\/figure>\n<p>&quot;Gostar\u00edamos de expressar nossa sincera gratid\u00e3o a todos os moradores da cidade por sua participa\u00e7\u00e3o durante um per\u00edodo t\u00e3o longo.&quot;<\/p>\n<p>Em 2025, realizamos nosso primeiro relat\u00f3rio de membros da Dieta no formato de um &quot;Caf\u00e9 dos Membros da Dieta&quot;. Como essa era uma tentativa completamente nova, prosseguimos com certa hesita\u00e7\u00e3o.<\/p>\n<p>Por fim, gostaria de encerrar esta reuni\u00e3o pedindo algumas palavras adicionais&quot;, disse o vereador Teragaki Nobuaki.<\/p>\n<h2>Keiko Ozaki, Vice-presidente e Comentarista Geral<\/h2>\n<figure class=\"wp-caption aligncenter\"><a href=\"https:\/\/photos.google.com\/share\/AF1QipOf0NXuJUp1VxEDQ4k8Y5TEmNJ1-t-DViS_ZJLfXlQx3crpGpJJR5MqZw50wWIeYA\/photo\/AF1QipOQ1dcF49OvLKS0LMUuDnKrmj1f91eqpW4IFes?key=LUFXY21lZGRwSGtEc2Q5c2NMYm13bkoyMnZJNFd3\" target=\"_blank\"><img decoding=\"async\" src=\"https:\/\/lh3.googleusercontent.com\/pw\/AP1GczPRTYAht4j9X6JypaaRASyQK0lMTjYjgiX5vnREKCBik1UaXyBfOgDGgJFzfu1XO8xfdy0rZFgQGyfbWN8pxktZfwrU06utQOXTzErQ5qbypBSsXze6XxPxalHmKj1fWX97tXJw8VpE0JnKl1v9Tx7v=w2000-h1333-s-no-gm?authuser=0\" width=\"2000\" height=\"1333\" alt=\"Coment\u00e1rios gerais da vice-presidente Keiko Ozaki\" class=\"size-full\" \/><\/a><figcaption class=\"wp-caption-text\">Coment\u00e1rios gerais da vice-presidente Keiko Ozaki<\/figcaption><\/figure>\n<p>&quot;Acho que foi \u00f3timo termos conseguido trocar opini\u00f5es dessa forma, em um ambiente onde todos se sentiram \u00e0 vontade para compartilhar suas opini\u00f5es.&quot;<\/p>\n<p>A composi\u00e7\u00e3o do conselho tamb\u00e9m \u00e9 decidida por todos, incluindo v\u00e1rios comit\u00eas e a Associa\u00e7\u00e3o de Assuntos Parciais de Kita Sorachi. Reuni\u00f5es regulares s\u00e3o realizadas quatro vezes por ano. Administramos isso enquanto tamb\u00e9m realizamos nosso pr\u00f3prio trabalho. Acredito que nossa fun\u00e7\u00e3o \u00e9 ouvir a opini\u00e3o de todos, fazer ajustes e coloc\u00e1-los em pr\u00e1tica.<\/p>\n<p>&quot;Cada um de n\u00f3s tem sua pr\u00f3pria personalidade e \u00e1reas de especializa\u00e7\u00e3o. Acredito que podemos receber e responder a uma variedade de opini\u00f5es de diversas maneiras. Por favor, n\u00e3o hesitem em nos contatar. Muito obrigada&quot;, disse a vice-presidente Ozaki Keiko.<\/p>\n<h2>Impress\u00f5es dos moradores participantes<\/h2>\n<p>&quot;O Caf\u00e9 Parlamentar deste ano aconteceu num ambiente descontra\u00eddo, onde as pessoas se sentiram \u00e0 vontade para expressar suas opini\u00f5es, o que foi \u00f3timo. Adoramos o ambiente!&quot;, disse um dos moradores que participaram, sorrindo.<\/p>\n<figure class=\"wp-caption aligncenter\"><a href=\"https:\/\/photos.google.com\/share\/AF1QipOf0NXuJUp1VxEDQ4k8Y5TEmNJ1-t-DViS_ZJLfXlQx3crpGpJJR5MqZw50wWIeYA\/photo\/AF1QipPIPVrMslt0ZMpE8qtsuLD2gMaeWDBNu8OMIp0?key=LUFXY21lZGRwSGtEc2Q5c2NMYm13bkoyMnZJNFd3\" target=\"_blank\"><img decoding=\"async\" src=\"https:\/\/lh3.googleusercontent.com\/pw\/AP1GczO4ZUxhJA0BwCqXtmu_tRVHfuAw6XeDl3bkUJST_b9i34jqibdK-zspwNmoijUlPXrDJYonUWdLJapsKENWaKZxUOMGQjYAaaP_ich9F6RA5PSNU5FhaNPkTox0DV_3jBY68IEJVCRprDrpxw1uwEjT=w2000-h1333-s-no-gm?authuser=0\" width=\"2000\" height=\"1333\" alt=\"Agradecemos a oportunidade de ouvir os moradores da cidade de Hokuryu, que puderam falar livre e abertamente!\" class=\"size-full\" \/><\/a><figcaption class=\"wp-caption-text\">Agradecemos a oportunidade de ouvir os moradores da cidade de Hokuryu, que puderam falar livre e abertamente!<\/figcaption><\/figure>\n<p>O Relat\u00f3rio do Conselho Municipal de Hokuryu e o Caf\u00e9 do Conselho ouvem as diversas vozes dos moradores e trabalham em conjunto com eles para criar uma cidade cheia de vitalidade e sorrisos!<\/p>\n<p>Com amor, gratid\u00e3o e ora\u00e7\u00f5es sem limites, oferecemos ao &quot;Caf\u00e9 da Assembleia&quot; um lugar para os moradores da cidade conversarem e trocarem opini\u00f5es livremente em um ambiente amig\u00e1vel, harmonioso e descontra\u00eddo.<\/p>\n<h2>v\u00eddeos do YouTube<\/h2>\n<div class=\"youtube\"><iframe title=\"Sess\u00e3o de Apresenta\u00e7\u00e3o de Relat\u00f3rios e Caf\u00e9 do Conselho Municipal de Hokuryu: Um f\u00f3rum amig\u00e1vel e harmonioso onde os moradores podem trocar opini\u00f5es livremente e confortavelmente.\" src=\"https:\/\/www.youtube.com\/embed\/aixjhIloH54?feature=oembed\" frameborder=\"0\" allow=\"accelerometer; autoplay; clipboard-write; encrypted-media; gyroscope; picture-in-picture; web-share\" referrerpolicy=\"strict-origin-when-cross-origin\" allowfullscreen><\/iframe><\/div>\n<h2>imagem<\/h2>\n<div class=\"img-move\">\n<img decoding=\"async\" src=\"https:\/\/ehokkaido.net\/wp-content\/uploads\/2021\/12\/2021-12-06-11.41.12.png\" style=\"vertical-align:middle;\"> <a href=\"https:\/\/photos.app.goo.gl\/jdwvemK655khzV3z5\" target=\"_blank\" rel=\"noopener noreferrer\">Fotos do Caf\u00e9 da C\u00e2mara Municipal de Hokuryu (81 fotos) podem ser encontradas aqui &gt;&gt;<\/a><\/div>\n<h2>Artigos relacionados<\/h2>\n\n        <div class=\"site-blogcard-premium\">\n            <div class=\"bc-label-custom\">Artigos relacionados<\/div>\n            <div class=\"bc-flex-container\">\n                <div class=\"bc-main-text\">\n                    <div class=\"bc-title-link-box\">\n                        <a href=\"https:\/\/portal.hokuryu.info\/pt\/55701\/\" target=\"_blank\">https:\/\/portal.hokuryu.info\/55701<\/a>\n                    <\/div>\n                    <div class=\"bc-excerpt-box\">N\u00e3o foi poss\u00edvel recuperar as informa\u00e7\u00f5es da p\u00e1gina.<\/div>\n                <\/div>\n                <div class=\"bc-thumbnail-box\">\n                    <a href=\"https:\/\/portal.hokuryu.info\/pt\/55701\/\" target=\"_blank\">\n                        <div class=\"bc-img-zoom-wrap\">\n                            <img decoding=\"async\" src=\"https:\/\/portal.hokuryu.info\/wp\/wp-content\/uploads\/2026\/02\/20230802DSC06445_1.jpg\" alt=\"https:\/\/portal.hokuryu.info\/55701\">\n                        <\/div>\n                    <\/a>\n                <\/div>\n            <\/div>\n        <\/div>\n\n        <div class=\"site-blogcard-premium\">\n            <div class=\"bc-label-custom\">Artigos relacionados<\/div>\n            <div class=\"bc-flex-container\">\n                <div class=\"bc-main-text\">\n                    <div class=\"bc-title-link-box\">\n                        <a href=\"https:\/\/portal.hokuryu.info\/pt\/category\/publicbody\/council\/\" target=\"_blank\">Conselho Municipal de Hokuryu (Categoria)<\/a>\n                    <\/div>\n                    <div class=\"bc-excerpt-box\">Esta \u00e9 uma lista de artigos na categoria &quot;Conselho Municipal de Hokuryu&quot;.<\/div>\n                <\/div>\n                <div class=\"bc-thumbnail-box\">\n                    <a href=\"https:\/\/portal.hokuryu.info\/pt\/category\/publicbody\/council\/\" target=\"_blank\">\n                        <div class=\"bc-img-zoom-wrap\">\n                            <img decoding=\"async\" src=\"https:\/\/portal.hokuryu.info\/wp\/wp-content\/uploads\/2026\/02\/20230802DSC06445_1.jpg\" alt=\"Conselho Municipal de Hokuryu (Categoria)\">\n                        <\/div>\n                    <\/a>\n                <\/div>\n            <\/div>\n        <\/div>\n<p>\u25c7 Entrevista e texto: Ikuko Terauchi (Fotografia e assist\u00eancia de edi\u00e7\u00e3o: Noboru Terauchi)<\/p>","protected":false},"excerpt":{"rendered":"<p>\uff12\uff10\uff12\uff15\u5e74\uff12\u6708\uff11\uff14\u65e5\uff08\u91d1\uff09 \uff12\u6708\uff11\uff12\u65e5\uff08\u6c34\uff09\uff11\uff15\uff1a\uff10\uff10\u301c\u3001\u5317\u7adc\u753a\u8b70\u4f1a\u306b\u3088\u308b\u300c\u8b70\u4f1a\u5831\u544a\u4f1a \uff06 \u8b70\u4f1a\u30ab\u30d5\u30a7\u300d\u304c\u3001\u5317\u7adc\u753a\u5546\u696d\u6d3b\u6027\u5316\u65bd\u8a2d\u30b3\u30b3\u30ef\uff08COCOWA\uff09\u306e\u591a\u76ee\u7684\u30b9\u30da\u30fc\u30b9\u306b\u3066\u958b\u50ac\u3055\u308c\u307e\u3057\u305f\u3002\u753a\u6c11\u30fb\u8b70\u54e1\u306e\u65b9 [&hellip;]<\/p>\n","protected":false},"author":1,"featured_media":55659,"comment_status":"open","ping_status":"open","sticky":false,"template":"","format":"standard","meta":{"footnotes":""},"categories":[4,67],"tags":[],"class_list":["post-55623","post","type-post","status-publish","format-standard","has-post-thumbnail","hentry","category-cover-story","category-council"],"_links":{"self":[{"href":"https:\/\/portal.hokuryu.info\/pt\/wp-json\/wp\/v2\/posts\/55623","targetHints":{"allow":["GET"]}}],"collection":[{"href":"https:\/\/portal.hokuryu.info\/pt\/wp-json\/wp\/v2\/posts"}],"about":[{"href":"https:\/\/portal.hokuryu.info\/pt\/wp-json\/wp\/v2\/types\/post"}],"author":[{"embeddable":true,"href":"https:\/\/portal.hokuryu.info\/pt\/wp-json\/wp\/v2\/users\/1"}],"replies":[{"embeddable":true,"href":"https:\/\/portal.hokuryu.info\/pt\/wp-json\/wp\/v2\/comments?post=55623"}],"version-history":[{"count":0,"href":"https:\/\/portal.hokuryu.info\/pt\/wp-json\/wp\/v2\/posts\/55623\/revisions"}],"wp:featuredmedia":[{"embeddable":true,"href":"https:\/\/portal.hokuryu.info\/pt\/wp-json\/wp\/v2\/media\/55659"}],"wp:attachment":[{"href":"https:\/\/portal.hokuryu.info\/pt\/wp-json\/wp\/v2\/media?parent=55623"}],"wp:term":[{"taxonomy":"category","embeddable":true,"href":"https:\/\/portal.hokuryu.info\/pt\/wp-json\/wp\/v2\/categories?post=55623"},{"taxonomy":"post_tag","embeddable":true,"href":"https:\/\/portal.hokuryu.info\/pt\/wp-json\/wp\/v2\/tags?post=55623"}],"curies":[{"name":"wp","href":"https:\/\/api.w.org\/{rel}","templated":true}]}}