{"id":55003,"date":"2025-01-30T16:01:10","date_gmt":"2025-01-30T07:01:10","guid":{"rendered":"https:\/\/portal.hokuryu.info\/?p=55003"},"modified":"2025-01-31T08:06:26","modified_gmt":"2025-01-30T23:06:26","slug":"%e3%81%b2%e3%81%be%e3%82%8f%e3%82%8a%e7%95%91%e3%81%8b%e3%82%89%e5%a7%8b%e3%81%be%e3%82%8b%e3%80%81%e5%bf%83%e3%81%ae%e8%b1%8a%e3%81%8b%e3%81%95%e3%81%ae%e6%97%85%ef%bc%9a%e6%97%a5%e6%9c%ac%e8%b2%a1","status":"publish","type":"post","link":"https:\/\/portal.hokuryu.info\/pt\/55003\/","title":{"rendered":"Uma jornada de enriquecimento espiritual que come\u00e7a em um campo de girass\u00f3is: o presidente da Funda\u00e7\u00e3o Nippon, Yohei Sasakawa, o prefeito da cidade de Hokuryu, Yasuhiro Sasaki, e o superintendente de educa\u00e7\u00e3o, Yoshiki Tanaka, discutem a b\u00fassola para a revitaliza\u00e7\u00e3o regional."},"content":{"rendered":"<p>Quinta-feira, 30 de janeiro de 2025<\/p>\n<p>No dia seguinte \u00e0 17\u00aa C\u00fapula Nacional B&amp;G, na quinta-feira, 23 de janeiro, \u00e0s 8h, o prefeito da cidade de Hokuryu, Yasuhiro Sasaki, e o superintendente de educa\u00e7\u00e3o, Yoshiki Tanaka, visitaram a Funda\u00e7\u00e3o Nippon e se reuniram com o presidente Yohei Sasakawa.<\/p>\n<h2>Uma conversa com Yohei Sasakawa, Presidente da Funda\u00e7\u00e3o Nippon:<br \/>\nUma jornada de enriquecimento espiritual que come\u00e7a em um campo de girass\u00f3is.<\/h2>\n<p>Gostar\u00edamos de expressar nossa sincera gratid\u00e3o ao Sr. Yohei Sasakawa, Presidente da Funda\u00e7\u00e3o Nippon, por gentilmente reservar um tempo de sua agenda lotada para uma conversa de 30 minutos \u00e0s 8h da manh\u00e3.<\/p>\n<p>A Funda\u00e7\u00e3o Nippon \u00e9 uma funda\u00e7\u00e3o sem fins lucrativos de interesse p\u00fablico que utiliza a receita proveniente de corridas de barco, um tipo de evento esportivo administrado pelo Estado, para apoiar projetos relacionados ao mar, projetos de assist\u00eancia social, projetos de coopera\u00e7\u00e3o internacional e outras atividades, al\u00e9m de fornecer assist\u00eancia financeira a ONGs que atuam na resolu\u00e7\u00e3o de problemas sociais tanto no \u00e2mbito nacional quanto internacional. A funda\u00e7\u00e3o tamb\u00e9m promove doa\u00e7\u00f5es e fomenta uma cultura de voluntariado. Seu or\u00e7amento para o ano fiscal de 2024 \u00e9 de 98,7 bilh\u00f5es de ienes.<\/p>\n<p>A discuss\u00e3o ocorreu na Sala de Recep\u00e7\u00e3o Executiva da Funda\u00e7\u00e3o Nippon (7\u00ba andar), onde magn\u00edficas pinturas doadas por autoridades chinesas estavam expostas nas paredes.<\/p>\n<figure class=\"wp-caption aligncenter\"><a href=\"https:\/\/photos.google.com\/share\/AF1QipMz-He2NjygHSH7iQizzpfyDWcK44VcXJJUmygELvhg3SYTWSzZId8FPGiZhX72ww\/photo\/AF1QipMzKqx7ADtrWkZUIAl3p4zQVyOcdi3sjYjxN0o?key=ZnB4eGNUWllfbk1QY0pPUTB2X1NVSks5SjlsSWhn\" target=\"_blank\"><img decoding=\"async\" src=\"https:\/\/lh3.googleusercontent.com\/pw\/AP1GczPLYBrULV7o-Z1PHrv3MfplJXipGFFzOkjhPniBivBJOeBCN25_e3uTGUSqls8VHxcagRw0GjF3Bkj0JjjkbXlJ8HCT0sBqSz1Lq8Vx0CRHR8oZL1JfQpmX6W5aHT2gBq7ieaXMtrSw6bd1HPyqgFdB=w2000-h1500-s-no-gm?authuser=0\" width=\"2000\" height=\"1500\" alt=\"Uma bela pintura chinesa doada ao Presidente Sasakawa.\" class=\"size-full\" \/><\/a><figcaption class=\"wp-caption-text\">Uma bela pintura chinesa doada ao Presidente Sasakawa.<\/figcaption><\/figure>\n<figure class=\"wp-caption aligncenter\"><a href=\"https:\/\/photos.google.com\/share\/AF1QipMz-He2NjygHSH7iQizzpfyDWcK44VcXJJUmygELvhg3SYTWSzZId8FPGiZhX72ww\/photo\/AF1QipNl62kS-4IYzpdvFYaEgd-IqMuLH5b5Q00lhgE?key=ZnB4eGNUWllfbk1QY0pPUTB2X1NVSks5SjlsSWhn\" target=\"_blank\"><img decoding=\"async\" src=\"https:\/\/lh3.googleusercontent.com\/pw\/AP1GczOnY5n3iMr06xvh7rb3mhq33BknVlPX7smgXT5JVMTtrxjpC5gZpY5ua9gAnvkObmkwrm4SS-QM33VH8URIBAkMdHr57nFv1pRCXNrZSm_dNzKO5nldcRESb3xlWFV-1JmGxgu7n0w56rcyPKVxUBrn=w2000-h1333-s-no-gm?authuser=0\" width=\"2000\" height=\"1333\" alt=\"Conversa na sala de recep\u00e7\u00e3o\" class=\"size-full\" \/><\/a><figcaption class=\"wp-caption-text\">Conversa na sala de recep\u00e7\u00e3o<\/figcaption><\/figure>\n<h3>1. Os girass\u00f3is criam la\u00e7os e sentimentos pela Ucr\u00e2nia.<\/h3>\n<p>O prefeito Sasaki apresentou a iniciativa de revitaliza\u00e7\u00e3o da cidade de Hokuryu, que consiste na cria\u00e7\u00e3o de uma &quot;Vila dos Girass\u00f3is&quot; que se estender\u00e1 at\u00e9 onde a vista alcan\u00e7ar. O presidente Sasakawa observou uma semelhan\u00e7a entre os girass\u00f3is e a bandeira ucraniana. Ele afirmou que a paisagem de Hokuryu \u00e9 colorida pelo c\u00e9u azul e pelos girass\u00f3is amarelos, que lembram a bandeira da Ucr\u00e2nia.<\/p>\n<p>O presidente Sasakawa falou sobre como, enquanto viajava pelo mundo em seus esfor\u00e7os para erradicar a hansen\u00edase, descobriu que havia pacientes na Ucr\u00e2nia e que os campos de girass\u00f3is se estendiam at\u00e9 onde a vista alcan\u00e7ava. Ele sentiu que sua atra\u00e7\u00e3o por girass\u00f3is talvez n\u00e3o fosse uma coincid\u00eancia e percebeu uma estranha conex\u00e3o.<\/p>\n<p>A capa do livro do presidente Sasakawa, &quot;Running the Earth&quot;, tamb\u00e9m o mostra em um campo de girass\u00f3is na Ucr\u00e2nia.<\/p>\n<figure class=\"wp-caption aligncenter\"><a href=\"https:\/\/photos.google.com\/share\/AF1QipMz-He2NjygHSH7iQizzpfyDWcK44VcXJJUmygELvhg3SYTWSzZId8FPGiZhX72ww\/photo\/AF1QipP1F9ekKGkBoyUXCXEnPRMudQZdj4Xn_LRBrnI?key=ZnB4eGNUWllfbk1QY0pPUTB2X1NVSks5SjlsSWhn\" target=\"_blank\"><img decoding=\"async\" src=\"https:\/\/lh3.googleusercontent.com\/pw\/AP1GczM6VkgkbMX-eu9m3wpYGmXuVfeu6aQRli0aDTbVSjtNcN9cT2itHSw2Om6lCS98aIsolCJT8SWbHN3Rb59RuxmoeSK08Z2dXdX_oz4lnWmdWqUNM6xGB_omG71Ui2Ry4Eb7t2dHB75aPlWhYa2PQGsS=w2000-h1500-s-no-gm?authuser=0\" width=\"2000\" height=\"1500\" alt=\"O livro do presidente Yohei Sasakawa, &quot;Running the Earth&quot; (a foto da capa mostra o presidente Sasakawa em um campo de girass\u00f3is na Ucr\u00e2nia).\" class=\"size-full\" \/><\/a><figcaption class=\"wp-caption-text\">O livro do presidente Yohei Sasakawa, &quot;Running the Earth&quot; (a foto da capa mostra o presidente Sasakawa em um campo de girass\u00f3is na Ucr\u00e2nia).<\/figcaption><\/figure>\n<figure class=\"wp-caption aligncenter\"><a href=\"https:\/\/photos.google.com\/share\/AF1QipMz-He2NjygHSH7iQizzpfyDWcK44VcXJJUmygELvhg3SYTWSzZId8FPGiZhX72ww\/photo\/AF1QipMLTHkKcBRsWqEq960ImufU4IdOLxDyo8e8Sj8?key=ZnB4eGNUWllfbk1QY0pPUTB2X1NVSks5SjlsSWhn\" target=\"_blank\"><img decoding=\"async\" src=\"https:\/\/lh3.googleusercontent.com\/pw\/AP1GczOQ-bytZ_0_oHwTETaRT6XGChIkdSxw6fkUrHujGKzuy05JynAedzjBXLhsUmKF0cU9u1QHbPw3mO2chYR1kfsB3EkipBKkzQEJ3I0w4W73b5fKhdJ2tZUJKpCkolZ_EtZV58tJo0cpICtaHCJHYsO0=w2000-h1333-s-no-gm?authuser=0\" width=\"2000\" height=\"1333\" alt=\"Aldeia de Girassol da Cidade de Hokuryu (4 de agosto de 2024, foto de Noboru Terauchi)\" class=\"size-full\" \/><\/a><figcaption class=\"wp-caption-text\">Aldeia de Girassol da Cidade de Hokuryu (4 de agosto de 2024, foto de Noboru Terauchi)<\/figcaption><\/figure>\n<h3>2. Criar uma cidade rica em esp\u00edrito, n\u00e3o apenas em popula\u00e7\u00e3o.<\/h3>\n<figure class=\"wp-caption aligncenter\"><a href=\"https:\/\/photos.google.com\/share\/AF1QipMz-He2NjygHSH7iQizzpfyDWcK44VcXJJUmygELvhg3SYTWSzZId8FPGiZhX72ww\/photo\/AF1QipN2tC4EMfLQh8pdCiiuK2oS7jLz1fhFn1jc2fo?key=ZnB4eGNUWllfbk1QY0pPUTB2X1NVSks5SjlsSWhn\" target=\"_blank\"><img decoding=\"async\" src=\"https:\/\/lh3.googleusercontent.com\/pw\/AP1GczORuVnjfLf8v1pPflObJAqv6749dzyT0FFufbeTIMu_AZ2_gRKGEh1_W688wdATCjREFHeVmZhyzgg2dgjyKeKuQbpJ4ksgwMaORBXwIZV0ODr43oiW-iObfaJqEt3b53cIznLAJLks4ooNa46-J5qm=w2000-h1333-s-no-gm?authuser=0\" width=\"2000\" height=\"1333\" alt=\"Presidente Yohei Sasakawa\" class=\"size-full\" \/><\/a><figcaption class=\"wp-caption-text\">Presidente Yohei Sasakawa<\/figcaption><\/figure>\n<p>A conversa ent\u00e3o se voltou para o tema de como a vida n\u00e3o se resume apenas \u00e0 vida agitada na cidade.<\/p>\n<p>O presidente Sasakawa afirmou que o importante n\u00e3o \u00e9 o tamanho da popula\u00e7\u00e3o, mas sim que os moradores tenham uma vida plena, e que o prefeito deve liderar a cidade e os moradores devem se unir para criar uma cidade divertida, opini\u00e3o com a qual o prefeito Sasaki concordou plenamente.<\/p>\n<p>O presidente Sasakawa enfatizou a necessidade de o prefeito ouvir as vozes dos moradores e demonstrar uma lideran\u00e7a que una a popula\u00e7\u00e3o para promover vigorosamente a cria\u00e7\u00e3o de uma cidade ideal. O prefeito Sasaki disse sentir-se respons\u00e1vel.<\/p>\n<p>Ele tamb\u00e9m revelou que um superintendente especial de educa\u00e7\u00e3o foi nomeado em janeiro deste ano para trabalhar em conjunto com ele na &quot;constru\u00e7\u00e3o de uma cidade para as crian\u00e7as&quot;.<\/p>\n<h3>3. Para recuperar o &quot;cora\u00e7\u00e3o de amar as crian\u00e7as&quot; perdido<\/h3>\n<p>O presidente Sasakawa mencionou que o Jap\u00e3o j\u00e1 foi um dos pa\u00edses l\u00edderes mundiais na valoriza\u00e7\u00e3o das crian\u00e7as. Mesmo em meio \u00e0 pobreza, as crian\u00e7as sempre sorriam e brilhavam.<\/p>\n<p>Ele salientou que a educa\u00e7\u00e3o moderna est\u00e1 destruindo a individualidade e prejudicando as crian\u00e7as, e enfatizou que devemos sentir uma certa urg\u00eancia diante da realidade de que existem crian\u00e7as enfrentando problemas como recusa escolar, defici\u00eancias e pobreza, e que existem crian\u00e7as que nunca comeram arroz com curry.<\/p>\n<p>Em resposta \u00e0 situa\u00e7\u00e3o atual, na qual os professores est\u00e3o sobrecarregados com as reclama\u00e7\u00f5es dos pais e n\u00e3o conseguem dedicar tempo \u00e0 educa\u00e7\u00e3o das crian\u00e7as, ele afirmou enfaticamente que pessoas com habilidades de lideran\u00e7a, como o prefeito, devem priorizar a educa\u00e7\u00e3o.<\/p>\n<p>O prefeito Sasaki foi lembrado da gravidade da situa\u00e7\u00e3o. A cidade de Hokuryu est\u00e1 adotando uma abordagem inovadora, permitindo que crian\u00e7as da cidade vizinha de Uryu usem a piscina comunit\u00e1ria da cidade. A ideia de que &quot;se a cidade vizinha n\u00e3o tem uma, podemos usar a nossa&quot; \u00e9 um exemplo perfeito de como a coopera\u00e7\u00e3o local pode funcionar.<\/p>\n<p>O presidente Sasakawa afirmou que, na era vindoura, ser\u00e1 dif\u00edcil para as escolas manterem as atividades extracurriculares sozinhas e que a coopera\u00e7\u00e3o da comunidade local ser\u00e1 essencial. Ele enfatizou a necessidade de um espa\u00e7o onde pais e moradores locais possam se reunir, com as crian\u00e7as como foco principal, e onde possam ocorrer conversas enriquecedoras.<\/p>\n<h3>4. A revitaliza\u00e7\u00e3o regional \u00e9 impulsionada pelo cora\u00e7\u00e3o \u2013 Paix\u00e3o e determina\u00e7\u00e3o abrem caminho para o futuro.<\/h3>\n<figure class=\"wp-caption aligncenter\"><a href=\"https:\/\/photos.google.com\/share\/AF1QipMz-He2NjygHSH7iQizzpfyDWcK44VcXJJUmygELvhg3SYTWSzZId8FPGiZhX72ww\/photo\/AF1QipPaxuQpLd7IG0acdI7PzBm2ZfHZrjPRbwQQFPk?key=ZnB4eGNUWllfbk1QY0pPUTB2X1NVSks5SjlsSWhn\" target=\"_blank\"><img decoding=\"async\" src=\"https:\/\/lh3.googleusercontent.com\/pw\/AP1GczPXATWjWIidjuIhqqQuTvoowuxEqQQ43CbHRB7mbcuc13PopY_qkYlGTSRu33NdVcLKTRrIMJMQZNJDUBZp_cSyVCY62FE2p45RBLlf4bQHf9OCz8XytWdYLtix7B8eY0yQ_I2dRYCoNz3s7kT4SgOB=w2000-h1333-s-no-gm?authuser=0\" width=\"2000\" height=\"1333\" alt=\"Revitaliza\u00e7\u00e3o regional impulsionada pelo cora\u00e7\u00e3o\" class=\"size-full\" \/><\/a><figcaption class=\"wp-caption-text\">Revitaliza\u00e7\u00e3o regional impulsionada pelo cora\u00e7\u00e3o<\/figcaption><\/figure>\n<p>O presidente Sasakawa afirmou que a ideia de que dinheiro \u00e9 essencial para a revitaliza\u00e7\u00e3o regional \u00e9 um equ\u00edvoco, e que o mais importante \u00e9 o &quot;cora\u00e7\u00e3o&quot; dos moradores. Ele expressou sua cren\u00e7a de que, se os l\u00edderes tiverem paix\u00e3o e determina\u00e7\u00e3o, as pessoas certamente os seguir\u00e3o.<\/p>\n<p>Ele disse que mesmo nas aldeias pobres do passado, as crian\u00e7as recebiam uma educa\u00e7\u00e3o completa e eram ensinadas que eram o orgulho da aldeia, e enfatizou que a ess\u00eancia da revitaliza\u00e7\u00e3o regional n\u00e3o reside no dinheiro, mas nos cora\u00e7\u00f5es das pessoas.<\/p>\n<p>O presidente Sasakawa chega ao trabalho \u00e0s 6h30 todas as manh\u00e3s e escreve cartas de agradecimento \u00e0 m\u00e3o para todos os doadores. Ele falou sobre a import\u00e2ncia de o prefeito escrever uma mensagem nas cartas de agradecimento pelas doa\u00e7\u00f5es provenientes do imposto municipal, em vez de imprimi-las, e enfatizou a import\u00e2ncia de expressar os sentimentos.<\/p>\n<p>Ele tamb\u00e9m disse que, ao incluir fotos de pessoas trabalhando em locais atingidos pelo desastre em cart\u00f5es-postais, al\u00e9m de palavras de gratid\u00e3o e aut\u00f3grafos, seria poss\u00edvel conquistar a simpatia da popula\u00e7\u00e3o. Em seguida, pediu ao prefeito Sasaki que defendesse suas pr\u00f3prias convic\u00e7\u00f5es, n\u00e3o se limitasse a pensar na elei\u00e7\u00e3o, mas cumprisse suas responsabilidades como prefeito e impulsionasse vigorosamente o desenvolvimento da cidade. O prefeito Sasaki parece ter levado essas palavras a s\u00e9rio.<\/p>\n<h3>5. A paix\u00e3o e a determina\u00e7\u00e3o do l\u00edder impulsionam tudo.<\/h3>\n<p>O presidente Sasakawa afirmou que a ideia de que &quot;n\u00e3o se pode fazer nada sem dinheiro&quot; \u00e9 um equ\u00edvoco e que \u00e9 poss\u00edvel conquistar o cora\u00e7\u00e3o dos agricultores e moradores das cidades mesmo sem dinheiro.<\/p>\n<p>Ele enfatizou que a paix\u00e3o e a determina\u00e7\u00e3o dos l\u00edderes impulsionam tudo. Ressaltou que a revitaliza\u00e7\u00e3o regional n\u00e3o \u00e9 imposs\u00edvel por falta de dinheiro, mas que o dinheiro n\u00e3o pode mudar o cora\u00e7\u00e3o das pessoas. Disse que, no passado, as pessoas eram ensinadas a viver com orgulho de serem cidad\u00e3s de sua terra (cidade), mesmo sem recursos financeiros.<\/p>\n<h3>6. O apelo do &quot;Omusubi&quot; japon\u00eas<\/h3>\n<figure class=\"wp-caption aligncenter\"><a href=\"https:\/\/photos.google.com\/share\/AF1QipMz-He2NjygHSH7iQizzpfyDWcK44VcXJJUmygELvhg3SYTWSzZId8FPGiZhX72ww\/photo\/AF1QipPvEYU2y4UZVu021-mFYz8woBamIlYXDgsEr0k?key=ZnB4eGNUWllfbk1QY0pPUTB2X1NVSks5SjlsSWhn\" target=\"_blank\"><img decoding=\"async\" src=\"https:\/\/lh3.googleusercontent.com\/pw\/AP1GczP0QL1McumY1AOsG4O1aeJnvYRZ-agrqwJ6I6VAvrBqkQAtnCg4Q9Id7FT9qNGlCFdyRyyArHjVqv3ZPFuJ2Y2hdFn3aa1SimjNz19AFqWqMZFDxIIKmBci9b39Y9YE8P0_e1t2CCTKabC7bCaClQvI=w2000-h1333-s-no-gm?authuser=0\" width=\"2000\" height=\"1333\" alt=\"O apelo do &quot;Omusubi&quot; japon\u00eas\" class=\"size-full\" \/><\/a><figcaption class=\"wp-caption-text\">O apelo do &quot;Omusubi&quot; japon\u00eas<\/figcaption><\/figure>\n<p>A conversa mudou da quantidade de neve na cidade de Hokuryu para a import\u00e2ncia da \u00e1gua do degelo como fonte de \u00e1gua para o cultivo de arroz de alta qualidade.<\/p>\n<p>O presidente Sasakawa falou sobre a hist\u00f3ria de como os militares dos EUA difundiram a cultura do p\u00e3o ap\u00f3s a guerra, mencionou como os bolinhos de arroz japoneses est\u00e3o atualmente atraindo aten\u00e7\u00e3o mundial e expressou sua esperan\u00e7a no renascimento do arroz japon\u00eas, ressaltando que o arroz \u00e9 superior ao p\u00e3o.<\/p>\n<p>O prefeito Sasaki expressou sua esperan\u00e7a de que as palavras do presidente Sasakawa chegassem \u00e0s crian\u00e7as de Hokuryu. O presidente Sasakawa disse que todos os moradores de Hokuryu s\u00e3o como uma grande fam\u00edlia.<\/p>\n<h3>7. Escalou com sucesso o Monte Kilimanjaro aos 85 anos.<\/h3>\n<p>O presidente Sasakawa revelou que o segredo de sua sa\u00fade \u00e9 alongar-se todos os dias e subir as escadas at\u00e9 o s\u00e9timo andar diariamente. Ele enfatizou a import\u00e2ncia da continuidade e disse que n\u00e3o devemos buscar atalhos na vida.<\/p>\n<p>Ele compartilhou a incr\u00edvel hist\u00f3ria de sua escalada ao Monte Kilimanjaro (Tanz\u00e2nia, 5.895 m acima do n\u00edvel do mar) em fevereiro do ano passado e disse que pretende escalar o Monte Everest aos 90 anos. Ele afirmou que s\u00f3 temos uma vida, ent\u00e3o devemos viv\u00ea-la com alegria e com toda a nossa for\u00e7a.<\/p>\n<p>Ele disse que n\u00e3o queria morrer de uma forma que se arrependesse no momento da sua morte e salientou que cerca de 99% das pessoas morrem com arrependimentos. O prefeito Sasaki ficou profundamente comovido com as suas palavras.<\/p>\n\n        <div class=\"site-blogcard-premium\">\n            <div class=\"bc-label-custom\">Artigos relacionados<\/div>\n            <div class=\"bc-flex-container\">\n                <div class=\"bc-main-text\">\n                    <div class=\"bc-title-link-box\">\n                        <a href=\"https:\/\/blog.canpan.info\/sasakawa\/archive\/9055\" target=\"_blank\">&quot;Escalando o Monte Kilimanjaro com Sucesso&quot; - Ajuda Poderosa nos Bastidores - Blog de Yohei Sasakawa (Presidente Honor\u00e1rio da Funda\u00e7\u00e3o Nippon)<\/a>\n                    <\/div>\n                    <div class=\"bc-excerpt-box\"><\/div>\n                <\/div>\n                <div class=\"bc-thumbnail-box\">\n                    <a href=\"https:\/\/blog.canpan.info\/sasakawa\/archive\/9055\" target=\"_blank\">\n                        <div class=\"bc-img-zoom-wrap\">\n                            <img decoding=\"async\" src=\"https:\/\/blog.canpan.info\/sasakawa\/img\/E6B1A0E794B0E58CBBE5B8ABE38080E59BBDE5A283E381AAE3818DE58CBBE5B8ABE59BA3E381AEE4B880E593A1E381A8E38197E381A6E5B89DE78E8BE58887E9968BE381ABE5AFBEE5BF9C-thumbnail2.png\" alt=\"&quot;Escalando o Monte Kilimanjaro com Sucesso&quot; - Ajuda Poderosa nos Bastidores - Blog de Yohei Sasakawa (Presidente Honor\u00e1rio da Funda\u00e7\u00e3o Nippon)\">\n                        <\/div>\n                    <\/a>\n                <\/div>\n            <\/div>\n        <\/div>\n<h3>8. A reforma educacional come\u00e7a com o desenvolvimento de recursos humanos.<\/h3>\n<figure class=\"wp-caption aligncenter\"><a href=\"https:\/\/photos.google.com\/share\/AF1QipMz-He2NjygHSH7iQizzpfyDWcK44VcXJJUmygELvhg3SYTWSzZId8FPGiZhX72ww\/photo\/AF1QipMocp1birQIj4Se01fyiBuXgPhsd9N2GT46mao?key=ZnB4eGNUWllfbk1QY0pPUTB2X1NVSks5SjlsSWhn\" target=\"_blank\"><img decoding=\"async\" src=\"https:\/\/lh3.googleusercontent.com\/pw\/AP1GczOcRQMbyTGChPWPwC1dauXYIcGALoBCaPNAxJekIrPd_7QJi9SsmIYr-HjxSdmse-ONScyydDJye1ixuT_S4KLLzSqmouDts_IQLA4nToz6K9nVUOJgAr8JS4c0jYaTYXpMv7z9Z_z3AUXL9pjuyTdu=w2000-h1333-s-no-gm?authuser=0\" width=\"2000\" height=\"1333\" alt=\"A reforma educacional come\u00e7a com o desenvolvimento de recursos humanos.\" class=\"size-full\" \/><\/a><figcaption class=\"wp-caption-text\">A reforma educacional come\u00e7a com o desenvolvimento de recursos humanos.<\/figcaption><\/figure>\n<h4>Zen University, uma universidade online completa origin\u00e1ria do Jap\u00e3o.<\/h4>\n<p>O presidente Sasakawa afirmou que a reforma educacional se resume, em \u00faltima an\u00e1lise, ao desenvolvimento de recursos humanos. Ele apresentou os programas de estudo no exterior em universidades de renome mundial e os esfor\u00e7os da Universidade ZEN (uma universidade online completa, origin\u00e1ria do Jap\u00e3o, estabelecida em parceria com a Funda\u00e7\u00e3o Nippon e a Dwango Co., Ltd.), e enfatizou a import\u00e2ncia de uma educa\u00e7\u00e3o que permita aos alunos estudar o que amam.<\/p>\n\n        <div class=\"site-blogcard-premium\">\n            <div class=\"bc-label-custom\">Artigos relacionados<\/div>\n            <div class=\"bc-flex-container\">\n                <div class=\"bc-main-text\">\n                    <div class=\"bc-title-link-box\">\n                        <a href=\"https:\/\/zen.ac.jp\" target=\"_blank\">Universidade ZEN<\/a>\n                    <\/div>\n                    <div class=\"bc-excerpt-box\">Esta \u00e9 uma universidade online completa, origin\u00e1ria do Jap\u00e3o, onde voc\u00ea pode concluir todos os estudos necess\u00e1rios para obter um diploma universit\u00e1rio inteiramente online.<\/div>\n                <\/div>\n                <div class=\"bc-thumbnail-box\">\n                    <a href=\"https:\/\/zen.ac.jp\" target=\"_blank\">\n                        <div class=\"bc-img-zoom-wrap\">\n                            <img decoding=\"async\" src=\"https:\/\/zen.ac.jp\/ogp.png\" alt=\"Universidade ZEN\">\n                        <\/div>\n                    <\/a>\n                <\/div>\n            <\/div>\n        <\/div>\n<h4>A necessidade de inova\u00e7\u00e3o e reforma<\/h4>\n<p>Ele destacou que o Jap\u00e3o \u00e9 bom em &quot;melhorias&quot;, mas n\u00e3o t\u00e3o bom em &quot;reformas&quot;, e enfatizou a necessidade de &quot;inova\u00e7\u00e3o&quot; ousada. Disse que as pessoas deveriam viver suas vidas fazendo o que amam nas \u00e1reas que amam.<\/p>\n<h3>9. Em primeiro lugar, a reforma do corpo docente.<\/h3>\n<p>A cidade de Hokuryu est\u00e1 caminhando para tornar o ensino fundamental incompleto (9\u00aa s\u00e9rie) obrigat\u00f3rio nas escolas.<\/p>\n<figure class=\"wp-caption aligncenter\"><a href=\"https:\/\/photos.google.com\/share\/AF1QipMz-He2NjygHSH7iQizzpfyDWcK44VcXJJUmygELvhg3SYTWSzZId8FPGiZhX72ww\/photo\/AF1QipMl22YHQRwqQHY4z31HLqyXY3JHxxE3tRXFKHM?key=ZnB4eGNUWllfbk1QY0pPUTB2X1NVSks5SjlsSWhn\" target=\"_blank\"><img decoding=\"async\" src=\"https:\/\/lh3.googleusercontent.com\/pw\/AP1GczMUuyF-lMdSAKai69CS012OZXcJpF0LY1Zoy3HbZVozuFT7sx6uufoR-_tbPm1kQkR7K6ekH6CJ0S3Ow8hfXFfyuK-sSDqcNUkvMxb9IGN1R9CCxGGkKxzTTJ-aGD6A28gg3jRIoRuY13cpFyv2ux78=w2000-h1333-s-no-gm?authuser=0\" width=\"2000\" height=\"1333\" alt=\"Em busca da reforma do ensino!\" class=\"size-full\" \/><\/a><figcaption class=\"wp-caption-text\">Em busca da reforma do ensino!<\/figcaption><\/figure>\n<p>O superintendente Tanaka afirmou que, ao assumir o papel na \u00e1rea da educa\u00e7\u00e3o em Hokuryu, seu primeiro objetivo seria reformar o corpo docente. Ele revelou que est\u00e1 planejando treinamentos para mudar a mentalidade dos professores.<\/p>\n<p>O presidente Sasakawa falou sobre como costumava visitar seu professor em casa e o respeitava por meio de suas intera\u00e7\u00f5es pessoais, e enfatizou a import\u00e2ncia dessas intera\u00e7\u00f5es com os professores.<\/p>\n<p>Ele esperava que essa intera\u00e7\u00e3o humana, dif\u00edcil de alcan\u00e7ar nas cidades, se concretizasse nas \u00e1reas rurais e que assim se criassem crian\u00e7as fortes. Disse que n\u00e3o h\u00e1 problema em as crian\u00e7as n\u00e3o serem boas nos estudos, e que o importante \u00e9 que cres\u00e7am alegres e honestas.<\/p>\n<p>O prefeito Sasaki explicou que, juntamente com o superintendente de educa\u00e7\u00e3o, pretende criar uma &quot;cidade acolhedora&quot;.<\/p>\n<p>Ap\u00f3s a conclus\u00e3o da discuss\u00e3o, o prefeito Sasaki e o superintendente Tanaka expressaram sua gratid\u00e3o ao presidente Sasakawa.<\/p>\n\n        <div class=\"site-blogcard-premium\">\n            <div class=\"bc-label-custom\">Artigos relacionados<\/div>\n            <div class=\"bc-flex-container\">\n                <div class=\"bc-main-text\">\n                    <div class=\"bc-title-link-box\">\n                        <a href=\"https:\/\/portal.hokuryu.info\/pt\/54796\/\" target=\"_blank\">https:\/\/portal.hokuryu.info\/54796<\/a>\n                    <\/div>\n                    <div class=\"bc-excerpt-box\">N\u00e3o foi poss\u00edvel recuperar as informa\u00e7\u00f5es da p\u00e1gina.<\/div>\n                <\/div>\n                <div class=\"bc-thumbnail-box\">\n                    <a href=\"https:\/\/portal.hokuryu.info\/pt\/54796\/\" target=\"_blank\">\n                        <div class=\"bc-img-zoom-wrap\">\n                            <img decoding=\"async\" src=\"https:\/\/portal.hokuryu.info\/wp\/wp-content\/uploads\/2026\/02\/20230802DSC06445_1.jpg\" alt=\"https:\/\/portal.hokuryu.info\/54796\">\n                        <\/div>\n                    <\/a>\n                <\/div>\n            <\/div>\n        <\/div>\n<h3>Foto comemorativa<\/h3>\n<figure class=\"wp-caption aligncenter\"><a href=\"https:\/\/photos.google.com\/share\/AF1QipMz-He2NjygHSH7iQizzpfyDWcK44VcXJJUmygELvhg3SYTWSzZId8FPGiZhX72ww\/photo\/AF1QipPSwhhJFgv9KY_UoOaz0NzaKtJ91rn2bsm0F5Y?key=ZnB4eGNUWllfbk1QY0pPUTB2X1NVSks5SjlsSWhn\" target=\"_blank\"><img decoding=\"async\" src=\"https:\/\/lh3.googleusercontent.com\/pw\/AP1GczMgFNsSCCnZKE1MMHgjTSeGEWRuCL1gIU_oNdApXxWItL5p4FCnnN3cCV226kSLmBhapfjEAe31HKrbI1oq_cXE0LHejlJjsGrlUIeFoEB2isR1lJhR142oBM54dxW-9Sf1WLcOSg2jtSuG6yxpahTp=w2000-h1333-s-no-gm?authuser=0\" width=\"2000\" height=\"1333\" alt=\"Com sincera gratid\u00e3o por esta valiosa conversa com o grande Presidente Yohei Sasakawa!\" class=\"size-full\" \/><\/a><figcaption class=\"wp-caption-text\">Com sincera gratid\u00e3o por esta valiosa conversa com o grande Presidente Yohei Sasakawa!<\/figcaption><\/figure>\n<p>Essa conversa foi extremamente instigante ao considerarmos o futuro dos governos locais.<\/p>\n<p>Fui lembrado da import\u00e2ncia de viver em harmonia com a natureza, da riqueza que adv\u00e9m das conex\u00f5es com as pessoas e de construir o futuro atrav\u00e9s do poder da educa\u00e7\u00e3o.<\/p>\n<p>Sou verdadeiramente grato pelas muitas e belas palavras do Presidente Sasakawa, que demonstram que a coopera\u00e7\u00e3o e o esp\u00edrito de apoio m\u00fatuo que transcendem as fronteiras locais ser\u00e3o uma poderosa for\u00e7a de mudan\u00e7a em todo o Jap\u00e3o. Obrigado pela sua excelente palestra.<\/p>\n<figure class=\"wp-caption aligncenter\"><a href=\"https:\/\/photos.google.com\/share\/AF1QipMz-He2NjygHSH7iQizzpfyDWcK44VcXJJUmygELvhg3SYTWSzZId8FPGiZhX72ww\/photo\/AF1QipOpxCL03A2REjFc36uytUfR4zvxsETwHmIU9bk?key=ZnB4eGNUWllfbk1QY0pPUTB2X1NVSks5SjlsSWhn\" target=\"_blank\"><img decoding=\"async\" src=\"https:\/\/lh3.googleusercontent.com\/pw\/AP1GczOPtZOLBdo-Rh5RVFyxUDI7LSk4txSytzTByrJXtGUhNHvlK3rS79M8Af_iYXi2Uj0yBdTe0Dyhh6rru0V9LElFU2SJoX65XEut9mR0YffPZsk-1Wn4FFC57wMmU3iWDAtKxrx1u4NtkE6DP07_xJsF=w2000-h1333-s-no-gm?authuser=0\" width=\"2000\" height=\"1333\" alt=\"Em frente \u00e0 entrada do piso t\u00e9rreo...\" class=\"size-full\" \/><\/a><figcaption class=\"wp-caption-text\">Em frente \u00e0 entrada do piso t\u00e9rreo...<\/figcaption><\/figure>\n<p>Enviamos nosso amor, gratid\u00e3o e ora\u00e7\u00f5es infinitos ao Presidente Sasakawa Yohei, enquanto ele se dedica integralmente \u00e0 sua vida, vivendo uma vida de alegria e abund\u00e2ncia, e enquanto se empenha na implementa\u00e7\u00e3o de futuras reformas educacionais que permitam \u00e0s pessoas desfrutar e aprender livremente o que amam.<\/p>\n\n        <div class=\"site-blogcard-premium\">\n            <div class=\"bc-label-custom\">Artigos relacionados<\/div>\n            <div class=\"bc-flex-container\">\n                <div class=\"bc-main-text\">\n                    <div class=\"bc-title-link-box\">\n                        <a href=\"https:\/\/blog.canpan.info\/sasakawa\/archive\/9451\" target=\"_blank\">[Minha Vida Di\u00e1ria] 23 de janeiro (quinta-feira) - Blog de Yohei Sasakawa (Presidente Honor\u00e1rio da Funda\u00e7\u00e3o Nippon)<\/a>\n                    <\/div>\n                    <div class=\"bc-excerpt-box\"><\/div>\n                <\/div>\n                <div class=\"bc-thumbnail-box\">\n                    <a href=\"https:\/\/blog.canpan.info\/sasakawa\/archive\/9451\" target=\"_blank\">\n                        <div class=\"bc-img-zoom-wrap\">\n                            <img decoding=\"async\" src=\"https:\/\/blog.canpan.info\/sasakawa\/img\/E988B4E69CA8E9A6A8E7A590E6B395E58B99E5A4A7E887A3E381ABE3808CE5A180E381AEE381AAE38184E3808DE58891E58B99E68980E381AEE695B4E58299E381ABE996A2E38199E3828BE68F90E8A880E69BB8E38292E6898BE4BAA4.JPG\" alt=\"[Minha Vida Di\u00e1ria] 23 de janeiro (quinta-feira) - Blog de Yohei Sasakawa (Presidente Honor\u00e1rio da Funda\u00e7\u00e3o Nippon)\">\n                        <\/div>\n                    <\/a>\n                <\/div>\n            <\/div>\n        <\/div>\n<h2>Introdu\u00e7\u00e3o \u00e0 Funda\u00e7\u00e3o e Escrit\u00f3rio Nippon<\/h2>\n<p>Ap\u00f3s a conversa com o presidente Sasakawa, o diretor executivo para assuntos gerais, Kazuhiro Yoshikura, nos guiou em uma visita \u00e0s instala\u00e7\u00f5es da Funda\u00e7\u00e3o Nippon.<a href=\"https:\/\/portal.hokuryu.info\/pt\/38127\/#outline_1__7_2\" target=\"_blank\">Atualmente trabalho na Funda\u00e7\u00e3o Nippon.<\/a>, um subordinado que tem me ajudado muito, organizou esta entrevista. Muito obrigado.<\/p>\n<figure class=\"wp-caption aligncenter\"><a href=\"https:\/\/photos.google.com\/share\/AF1QipMu-eHz9tQhPN3podBJP1SSLR0PAdPURqW0Rla7hU9ZbQrRXF3V0WJ_l2xDP4MUCA\/photo\/AF1QipPMEmfvsZknSExwfsy2hEWVNdFuRQ7nq889DL4?key=QW92LTM1UFVVNndZTDU5X05JSlZnbWw0UjNJYXVB\" target=\"_blank\"><img decoding=\"async\" src=\"https:\/\/lh3.googleusercontent.com\/pw\/AP1GczMRuRAiCgsHE3g_TRcHhaUk4sWk8gHl7nnf3yGXmQGdGpK9jQJeFSg-J5zCjPVoGAST6GYq3F2b4KOZxyrPQfGU6PQ0WU5ANZHTS7KQ6jlgP4Y9FPDjthx67VNoTtEeJEMuahc4ryBV7hqlqfdwPCKQ=w2000-h1500-s-no-gm?authuser=0\" width=\"2000\" height=\"1500\" alt=\"Entrada do edif\u00edcio da Funda\u00e7\u00e3o Nippon\" class=\"size-full\" \/><\/a><figcaption class=\"wp-caption-text\">Entrada do edif\u00edcio da Funda\u00e7\u00e3o Nippon<\/figcaption><\/figure>\n<figure class=\"wp-caption aligncenter\"><a href=\"https:\/\/photos.google.com\/share\/AF1QipMu-eHz9tQhPN3podBJP1SSLR0PAdPURqW0Rla7hU9ZbQrRXF3V0WJ_l2xDP4MUCA\/photo\/AF1QipPTxYBUJOFThYlTk421mdGtHKbKFrMFYZV6i4A?key=QW92LTM1UFVVNndZTDU5X05JSlZnbWw0UjNJYXVB\" target=\"_blank\"><img decoding=\"async\" src=\"https:\/\/lh3.googleusercontent.com\/pw\/AP1GczNcezkiQMyiCHP3zXH4MxThGVUWmLtauDQnLhmm18xwPc3TZeAT-Tq6wCU-X5yfBUGmxF8zZcOiymU-PCgKCqBk-3fdYG5Z94fykFbN6ciReSagOA7Ii6ClbfJgw_Mw88OAkKsaedJylVCi0c5dF41W=w2000-h1500-s-no-gm?authuser=0\" width=\"2000\" height=\"1500\" alt=\"Recep\u00e7\u00e3o do Edif\u00edcio da Funda\u00e7\u00e3o Nippon\" class=\"size-full\" \/><\/a><figcaption class=\"wp-caption-text\">Recep\u00e7\u00e3o do Edif\u00edcio da Funda\u00e7\u00e3o Nippon<\/figcaption><\/figure>\n<figure class=\"wp-caption aligncenter\"><a href=\"https:\/\/photos.google.com\/share\/AF1QipMu-eHz9tQhPN3podBJP1SSLR0PAdPURqW0Rla7hU9ZbQrRXF3V0WJ_l2xDP4MUCA\/photo\/AF1QipNwurlkzHWmFZb00_pPfX2pKtRQyzR_EuymQTY?key=QW92LTM1UFVVNndZTDU5X05JSlZnbWw0UjNJYXVB\" target=\"_blank\"><img decoding=\"async\" src=\"https:\/\/lh3.googleusercontent.com\/pw\/AP1GczOPKBGQfchf-WYng6VZT68pMbVggKtjpVCiKxnQz5JaaNLJI0kazg-8uSFmbNEqrgm3Mn3Z5VlKr-9u3zUFwrUdh5--W8DWu7l1E5OkPhUGx4oC8LkqlnpMM5K0BSglq5JPA0GgEjLUukBWT8xdcoq-=w2000-h1500-s-no-gm?authuser=0\" width=\"2000\" height=\"1500\" alt=\"Hall de entrada do edif\u00edcio da Funda\u00e7\u00e3o Nippon\" class=\"size-full\" \/><\/a><figcaption class=\"wp-caption-text\">Hall de entrada do edif\u00edcio da Funda\u00e7\u00e3o Nippon<\/figcaption><\/figure>\n<figure class=\"wp-caption aligncenter\"><a href=\"https:\/\/photos.google.com\/share\/AF1QipMu-eHz9tQhPN3podBJP1SSLR0PAdPURqW0Rla7hU9ZbQrRXF3V0WJ_l2xDP4MUCA\/photo\/AF1QipMzcVoZ3cLpxxILyr-hszcmB5BfJm3l0TJefrU?key=QW92LTM1UFVVNndZTDU5X05JSlZnbWw0UjNJYXVB\" target=\"_blank\"><img decoding=\"async\" src=\"https:\/\/lh3.googleusercontent.com\/pw\/AP1GczN8y_X7XLaGghcLSdwmBhp5Aqv0dIN4sC5Y6-ELYQ9tDTAmMpE-WcAtwrNJ5E7vkCj3feiHArGDuRWs23PNOhocIHx1z8beE0EAQzbX4qY2i9JdElXyAwgF4ECdChne1svFgqRoceQNBr4CeZn6oflW=w2000-h1500-s-no-gm?authuser=0\" width=\"2000\" height=\"1500\" alt=\"Publicado durante o mandato da ex-presidente Ayako Sono.\" class=\"size-full\" \/><\/a><figcaption class=\"wp-caption-text\">Publicado durante o mandato da ex-presidente Ayako Sono.<\/figcaption><\/figure>\n<figure class=\"wp-caption aligncenter\"><a href=\"https:\/\/photos.google.com\/share\/AF1QipMu-eHz9tQhPN3podBJP1SSLR0PAdPURqW0Rla7hU9ZbQrRXF3V0WJ_l2xDP4MUCA\/photo\/AF1QipMkyBV_d4PBheui9b5ZvhFpmGmHCHjo8eEwIKw?key=QW92LTM1UFVVNndZTDU5X05JSlZnbWw0UjNJYXVB\" target=\"_blank\"><img decoding=\"async\" src=\"https:\/\/lh3.googleusercontent.com\/pw\/AP1GczP-a9_W0KqCHlOGKFAtcQIZBcrKJDVHQ_N6UkGMLCUEn3cx97A_mI9tnk09axRq3VZw7zEoihWN4ElXDSjrfVl0aHUwQtaN4Bm9_fsd9wcCGo3lqFYMJVK1J7hFxRZkxpwbjCUbIhg2KyRKCM_vyGBR=w2000-h1500-s-no-gm?authuser=0\" width=\"2000\" height=\"1500\" alt=\"Edif\u00edcio da Funda\u00e7\u00e3o Nippon\" class=\"size-full\" \/><\/a><figcaption class=\"wp-caption-text\">Edif\u00edcio da Funda\u00e7\u00e3o Nippon<\/figcaption><\/figure>\n<figure class=\"wp-caption aligncenter\"><a href=\"https:\/\/photos.google.com\/share\/AF1QipMu-eHz9tQhPN3podBJP1SSLR0PAdPURqW0Rla7hU9ZbQrRXF3V0WJ_l2xDP4MUCA\/photo\/AF1QipMxC7JSF54eUnkOp1WFe4gSmYfBU3qlTXQLyQ4?key=QW92LTM1UFVVNndZTDU5X05JSlZnbWw0UjNJYXVB\" target=\"_blank\"><img decoding=\"async\" src=\"https:\/\/lh3.googleusercontent.com\/pw\/AP1GczMImNvIIMO-cP0PIYBXqJzaJPvE6TkZOLm2TRrbGCjXVTyXhL8KgeurzecVek3Nlt94WmDwAu_KPGHWIKwHf1wCDskczcN-l-jEZ09lHzg33jyrr4iBdi1Y9HwOCXg-m_KhYRWO4-2ZVoepauRmEtEy=w2000-h1500-s-no-gm?authuser=0\" width=\"2000\" height=\"1500\" alt=\"O escrit\u00f3rio da Funda\u00e7\u00e3o Nippon (6\u00ba andar) tem seus assentos alterados periodicamente.\" class=\"size-full\" \/><\/a><figcaption class=\"wp-caption-text\">O escrit\u00f3rio da Funda\u00e7\u00e3o Nippon (6\u00ba andar) tem seus assentos alterados periodicamente.<\/figcaption><\/figure>\n<figure class=\"wp-caption aligncenter\"><a href=\"https:\/\/photos.google.com\/share\/AF1QipMu-eHz9tQhPN3podBJP1SSLR0PAdPURqW0Rla7hU9ZbQrRXF3V0WJ_l2xDP4MUCA\/photo\/AF1QipMYV9Q908d37OT5nxPpWgtL989wJ7Qs_1y5MzQ?key=QW92LTM1UFVVNndZTDU5X05JSlZnbWw0UjNJYXVB\" target=\"_blank\"><img decoding=\"async\" src=\"https:\/\/lh3.googleusercontent.com\/pw\/AP1GczNVAtzof8sy4hyGErSMK6Etb8nnNF05ph3ezBCKSGGO7uUpmlHlkFgery1PqL9UQLY99qUysIV-ufQMbvCNq83LPzllZXRSC9cQA7WkzADuwq1bXAK0QXixdPq_bh2T85fW5ihYRjOqutcwRRxPjT1A=w2000-h1500-s-no-gm?authuser=0\" width=\"2000\" height=\"1500\" alt=\"O escrit\u00f3rio da Funda\u00e7\u00e3o Nippon (6\u00ba andar) tem seus assentos alterados periodicamente.\" class=\"size-full\" \/><\/a><figcaption class=\"wp-caption-text\">O escrit\u00f3rio da Funda\u00e7\u00e3o Nippon (6\u00ba andar) tem seus assentos alterados periodicamente.<\/figcaption><\/figure>\n<figure class=\"wp-caption aligncenter\"><a href=\"https:\/\/photos.google.com\/share\/AF1QipMu-eHz9tQhPN3podBJP1SSLR0PAdPURqW0Rla7hU9ZbQrRXF3V0WJ_l2xDP4MUCA\/photo\/AF1QipNiTDC9ZhVcFpqO0cUhqY8d4eJqk8yM7VieQb4?key=QW92LTM1UFVVNndZTDU5X05JSlZnbWw0UjNJYXVB\" target=\"_blank\"><img decoding=\"async\" src=\"https:\/\/lh3.googleusercontent.com\/pw\/AP1GczPQ-JMjCxUmlnXJBe8sHs_JpM5Huo2T0a0uYDbu1j-9psVo5PTb62xmJ69LpC2IJIaVZZljQR96bQRCxlDw2rKaR8pzp7oPeZQzC55ESrDo0c_w73fxFDcy4ttlkYqQJx9XnCy6b4FqpJOaBAaFqA_8=w2000-h1500-s-no-gm?authuser=0\" width=\"2000\" height=\"1500\" alt=\"Arm\u00e1rio pessoal\" class=\"size-full\" \/><\/a><figcaption class=\"wp-caption-text\">Arm\u00e1rio pessoal (todos os documentos est\u00e3o aqui)<\/figcaption><\/figure>\n<figure class=\"wp-caption aligncenter\"><a href=\"https:\/\/photos.google.com\/share\/AF1QipMu-eHz9tQhPN3podBJP1SSLR0PAdPURqW0Rla7hU9ZbQrRXF3V0WJ_l2xDP4MUCA\/photo\/AF1QipPBI3_7x0jFZ34nXG7FFeYWDocFAXyetaCEK0Y?key=QW92LTM1UFVVNndZTDU5X05JSlZnbWw0UjNJYXVB\" target=\"_blank\"><img decoding=\"async\" src=\"https:\/\/lh3.googleusercontent.com\/pw\/AP1GczOr6Dy4nGzSiXkK-GaDj7mrakyFBCotOKWC9JOXb6Z_69KzWR7I5PhB0K2MuuWnxYc0QpgCqqp4ZfBRkrL8I1nZ_Gfk9bd-FmB_vx8o0_VwP7JdzXQa5jSgd5s86tMqDlnFEEE6cgcXl1AxD0y_ywN8=w2000-h1500-s-no-gm?authuser=0\" width=\"2000\" height=\"1500\" alt=\"Sala de Entrega e Recebimento de Correspond\u00eancias\" class=\"size-full\" \/><\/a><figcaption class=\"wp-caption-text\">Sala de Entrega e Recebimento de Correspond\u00eancias<\/figcaption><\/figure>\n<figure class=\"wp-caption aligncenter\"><a href=\"https:\/\/photos.google.com\/share\/AF1QipMu-eHz9tQhPN3podBJP1SSLR0PAdPURqW0Rla7hU9ZbQrRXF3V0WJ_l2xDP4MUCA\/photo\/AF1QipNkciWU7hG4RRBd_djsTCji-LW1JcAZYPvlGVo?key=QW92LTM1UFVVNndZTDU5X05JSlZnbWw0UjNJYXVB\" target=\"_blank\"><img decoding=\"async\" src=\"https:\/\/lh3.googleusercontent.com\/pw\/AP1GczOZjezzHSY2Xngdt1_SViHSh55yTSYJRINWMKwtV3T5OlaaizLlAAJpvezlg44pS7e3iwhTS8OjNFK-CTIUlnkyFF1Swjsbvjj-r7sgwYSoqXyUmDOQ_dfCreji2hjvFdKf881_vojO32Bv5hcj6epd=w2000-h1500-s-no-gm?authuser=0\" width=\"2000\" height=\"1500\" alt=\"Sala de Reuni\u00f5es do Conselho e da Diretoria\" class=\"size-full\" \/><\/a><figcaption class=\"wp-caption-text\">Sala de Reuni\u00f5es do Conselho e da Diretoria<\/figcaption><\/figure>\n<figure class=\"wp-caption aligncenter\"><a href=\"https:\/\/photos.google.com\/share\/AF1QipMu-eHz9tQhPN3podBJP1SSLR0PAdPURqW0Rla7hU9ZbQrRXF3V0WJ_l2xDP4MUCA\/photo\/AF1QipMxdFnk0B7sspIaN0qMlJX2-lL8Ccot8g3cHJ0?key=QW92LTM1UFVVNndZTDU5X05JSlZnbWw0UjNJYXVB\" target=\"_blank\"><img decoding=\"async\" src=\"https:\/\/lh3.googleusercontent.com\/pw\/AP1GczOtXS063b2DsrW3UV3BrqoLNoBj4oQrT_vpURVFYRwQKA4YN1gN6jepBd23Rhk0ex5zM7R0jrssmX9-Pin8AJFezETB-5QtSf8rSTxGJog-wCboH_lhe7-1lhBSKZf6yv9hWHaL4b0lzy5E7Njed_ZS=w2000-h1500-s-no-gm?authuser=0\" width=\"2000\" height=\"1500\" alt=\"Cafeteria do Edif\u00edcio da Funda\u00e7\u00e3o Nippon (8\u00ba andar)\" class=\"size-full\" \/><\/a><figcaption class=\"wp-caption-text\">Cafeteria do Edif\u00edcio da Funda\u00e7\u00e3o Nippon (8\u00ba andar)<\/figcaption><\/figure>\n<figure class=\"wp-caption aligncenter\"><a href=\"https:\/\/photos.google.com\/share\/AF1QipMu-eHz9tQhPN3podBJP1SSLR0PAdPURqW0Rla7hU9ZbQrRXF3V0WJ_l2xDP4MUCA\/photo\/AF1QipMixyuBJ3DhSS5LUvikZuF0Eo9FqF2tXfiMFDY?key=QW92LTM1UFVVNndZTDU5X05JSlZnbWw0UjNJYXVB\" target=\"_blank\"><img decoding=\"async\" src=\"https:\/\/lh3.googleusercontent.com\/pw\/AP1GczN-VUF-cqshI5kaTPDCs8dRT5N0kCVy6gZ_qMbEVoJzqsxvR9bWm8GWIv-I1eHhFBsbKXL4gDODmylHv15mhw3yUhrE7-1I9y6YterXNnwOFzI-avYfREC165eV1G9W2oXQ7fmh-OJnm62OYLuA-t4v=w2000-h1500-s-no-gm?authuser=0\" width=\"2000\" height=\"1500\" alt=\"Cafeteria do Edif\u00edcio da Funda\u00e7\u00e3o Nippon (8\u00ba andar)\" class=\"size-full\" \/><\/a><figcaption class=\"wp-caption-text\">Cafeteria do Edif\u00edcio da Funda\u00e7\u00e3o Nippon (8\u00ba andar)<\/figcaption><\/figure>\n<figure class=\"wp-caption aligncenter\"><a href=\"https:\/\/photos.google.com\/share\/AF1QipMu-eHz9tQhPN3podBJP1SSLR0PAdPURqW0Rla7hU9ZbQrRXF3V0WJ_l2xDP4MUCA\/photo\/AF1QipMYYoX78wNcXlJSZFQKmZO7r6hazZeyf0060Mc?key=QW92LTM1UFVVNndZTDU5X05JSlZnbWw0UjNJYXVB\" target=\"_blank\"><img decoding=\"async\" src=\"https:\/\/lh3.googleusercontent.com\/pw\/AP1GczNG0zcxXOPjDQy53dmMNUeCdeifSSdwH9h-VQ_rLAT6eV_7_MxVaR1U2Cm99_e341XkzwxRFXFfv7EZy7HMFXVuPWHOxlZmXeGVc1WssbMVJ91y9--r37D59CSt1DylhqM3RT2JvSl1ZkSUV9cDn0w0=w2000-h1500-s-no-gm?authuser=0\" width=\"2000\" height=\"1500\" alt=\"Cafeteria do Edif\u00edcio da Funda\u00e7\u00e3o Nippon (8\u00ba andar)\" class=\"size-full\" \/><\/a><figcaption class=\"wp-caption-text\">Cafeteria do Edif\u00edcio da Funda\u00e7\u00e3o Nippon (8\u00ba andar)<\/figcaption><\/figure>\n<h3>Centro de Apoio aos Paradesportos da Funda\u00e7\u00e3o Nippon<\/h3>\n\n        <div class=\"site-blogcard-premium\">\n            <div class=\"bc-label-custom\">Artigos relacionados<\/div>\n            <div class=\"bc-flex-container\">\n                <div class=\"bc-main-text\">\n                    <div class=\"bc-title-link-box\">\n                        <a href=\"https:\/\/www.parasapo.or.jp\" target=\"_blank\">Centro de Apoio aos Paradesportos da Funda\u00e7\u00e3o Nippon | Site oficial<\/a>\n                    <\/div>\n                    <div class=\"bc-excerpt-box\">Este \u00e9 o site oficial do Centro de Apoio ao Paradesporto da Funda\u00e7\u00e3o Nippon (ParaSuppo). Ele promove a Diversidade, a Equidade e a Inclus\u00e3o (DE&amp;I) por meio do esporte...<\/div>\n                <\/div>\n                <div class=\"bc-thumbnail-box\">\n                    <a href=\"https:\/\/www.parasapo.or.jp\" target=\"_blank\">\n                        <div class=\"bc-img-zoom-wrap\">\n                            <img decoding=\"async\" src=\"https:\/\/d3dnmzcdfciqww.cloudfront.net\/wp-content\/uploads\/2025\/06\/ogp.jpg\" alt=\"Centro de Apoio aos Paradesportos da Funda\u00e7\u00e3o Nippon | Site oficial\">\n                        <\/div>\n                    <\/a>\n                <\/div>\n            <\/div>\n        <\/div>\n<figure class=\"wp-caption aligncenter\"><a href=\"https:\/\/photos.google.com\/share\/AF1QipMu-eHz9tQhPN3podBJP1SSLR0PAdPURqW0Rla7hU9ZbQrRXF3V0WJ_l2xDP4MUCA\/photo\/AF1QipPIgCnTtfGTf9dtnvCkbleMJkSANLD3BCmD7c8?key=QW92LTM1UFVVNndZTDU5X05JSlZnbWw0UjNJYXVB\" target=\"_blank\"><img decoding=\"async\" src=\"https:\/\/lh3.googleusercontent.com\/pw\/AP1GczOPmz_GL4aOpWkRA4q_YzHvcBcF7HNEgND3Q5nGil-Ln0VAnI6UrIXQU-RPLGO6pOXdxVuvxxe9sx82Vw2OxzvSzjnJIXRWErtUgIQOLq7VVuvDpnA07GxpiGYfFI_Rek21QNYKwmbjA2pX0vFqC0Pv=w2000-h1500-s-no-gm?authuser=0\" width=\"2000\" height=\"1500\" alt=\"(Edif\u00edcio da Funda\u00e7\u00e3o Nippon, 4\u00ba andar)\" class=\"size-full\" \/><\/a><figcaption class=\"wp-caption-text\">Entrada (Edif\u00edcio da Funda\u00e7\u00e3o Nippon, 4\u00ba andar)<\/figcaption><\/figure>\n<figure class=\"wp-caption aligncenter\"><a href=\"https:\/\/photos.google.com\/share\/AF1QipMu-eHz9tQhPN3podBJP1SSLR0PAdPURqW0Rla7hU9ZbQrRXF3V0WJ_l2xDP4MUCA\/photo\/AF1QipMmCvvEOGOUgbamlF_ksciGHlw8lgnWgVK8Nl8?key=QW92LTM1UFVVNndZTDU5X05JSlZnbWw0UjNJYXVB\" target=\"_blank\"><img decoding=\"async\" src=\"https:\/\/lh3.googleusercontent.com\/pw\/AP1GczOGlGsiPU7uwunVCTbomP5zhpNpCX8c2lcfqzAUZ0-83FBsZ2tESUoJFBEk0lEvBMh1QohtrihRU-E9a-NPHFbqQSlNzysS_Hi_4lJhxQyfy7KsF29h8m9M5LoifNGGSH3s038gbj1AHaYxB4JhQzLR=w2000-h1500-s-no-gm?authuser=0\" width=\"2000\" height=\"1500\" alt=\"Escrit\u00f3rio compartilhado com organiza\u00e7\u00f5es esportivas paral\u00edmpicas (28 organiza\u00e7\u00f5es)\" class=\"size-full\" \/><\/a><figcaption class=\"wp-caption-text\">Escrit\u00f3rio conjunto para organiza\u00e7\u00f5es esportivas paral\u00edmpicas (28 organiza\u00e7\u00f5es)<\/figcaption><\/figure>\n<figure class=\"wp-caption aligncenter\"><a href=\"https:\/\/photos.google.com\/share\/AF1QipMu-eHz9tQhPN3podBJP1SSLR0PAdPURqW0Rla7hU9ZbQrRXF3V0WJ_l2xDP4MUCA\/photo\/AF1QipM2kriYOtbHYLTxyaeEI7Z2jq6d4FoItIC-N8s?key=QW92LTM1UFVVNndZTDU5X05JSlZnbWw0UjNJYXVB\" target=\"_blank\"><img decoding=\"async\" src=\"https:\/\/lh3.googleusercontent.com\/pw\/AP1GczNSrB0RXeExU99ppiFRn2tdGCbaBPg3XfjicJph4e47Qny2ohJ9BoCTWjuGSIkyqwT7IYlmrsIq1q8vxMY1uBWmUgja5ufX_sOk0oKKbdeutoLzcvUNcO7k_kNdlpSQ_ZH04NsfeWYfLbfAyJz8nblq=w2000-h1500-s-no-gm?authuser=0\" width=\"2000\" height=\"1500\" alt=\"Espa\u00e7o comum\" class=\"size-full\" \/><\/a><figcaption class=\"wp-caption-text\">Espa\u00e7o comum<\/figcaption><\/figure>\n<figure class=\"wp-caption aligncenter\"><a href=\"https:\/\/photos.google.com\/share\/AF1QipMu-eHz9tQhPN3podBJP1SSLR0PAdPURqW0Rla7hU9ZbQrRXF3V0WJ_l2xDP4MUCA\/photo\/AF1QipMWYQ0AKdrwIFm0xQDe7YhDrGXVXdoJTNDKo5M?key=QW92LTM1UFVVNndZTDU5X05JSlZnbWw0UjNJYXVB\" target=\"_blank\"><img decoding=\"async\" src=\"https:\/\/lh3.googleusercontent.com\/pw\/AP1GczN2CjBYkoUGdeQD9puyPlZisywGD0T8D_7tsY25Gk-J2cHrrBEgB9TNHKqgURtKmrrMuZBfNEx-OgJBXTo7u4WUFDhOewhuzt508CebdfL3vb6AdO_MuOwzuNcJVSXZTv9U9XBOm9owrJIK9Ggj37mH=w2000-h1500-s-no-gm?authuser=0\" width=\"2000\" height=\"1500\" alt=\"Tenho curiosidade em saber mais sobre o prefeito Sasaki, que \u00e9 um tenista ativo.\" class=\"size-full\" \/><\/a><figcaption class=\"wp-caption-text\">Tenho curiosidade em saber mais sobre o prefeito Sasaki, que \u00e9 um tenista ativo.<\/figcaption><\/figure>\n<figure class=\"wp-caption aligncenter\"><a href=\"https:\/\/photos.google.com\/share\/AF1QipMu-eHz9tQhPN3podBJP1SSLR0PAdPURqW0Rla7hU9ZbQrRXF3V0WJ_l2xDP4MUCA\/photo\/AF1QipPnJqvBpNxbj8a8Tmpi0nbbZtQDmTkVD7Hmt6Y?key=QW92LTM1UFVVNndZTDU5X05JSlZnbWw0UjNJYXVB\" target=\"_blank\"><img decoding=\"async\" src=\"https:\/\/lh3.googleusercontent.com\/pw\/AP1GczOHksuEHdeTlMOfzkHIp-9uQUSB-XSbdzstKxR5JVd_VsEOSD6BHQeuqHCA53MFnIA_HAFksEbFp8WedKY-DuVBO_t18D0QOdEmSygW886ItzxDOc_byS8lEJclHrfzLhWy-EgIhO6joIKq6n-OBCAU=w2000-h1500-s-no-gm?authuser=0\" width=\"2000\" height=\"1500\" alt=\"Espa\u00e7o para escrit\u00f3rio\" class=\"size-full\" \/><\/a><figcaption class=\"wp-caption-text\">Espa\u00e7o para escrit\u00f3rio<\/figcaption><\/figure>\n<figure class=\"wp-caption aligncenter\"><a href=\"https:\/\/photos.google.com\/share\/AF1QipMu-eHz9tQhPN3podBJP1SSLR0PAdPURqW0Rla7hU9ZbQrRXF3V0WJ_l2xDP4MUCA\/photo\/AF1QipMoNl-akFzXs4Tl-BQwWXO1flCTyrf_guvc_qo?key=QW92LTM1UFVVNndZTDU5X05JSlZnbWw0UjNJYXVB\" target=\"_blank\"><img decoding=\"async\" src=\"https:\/\/lh3.googleusercontent.com\/pw\/AP1GczMFg2wA-Zskj_UorKyVDsZyw7JhNDYPMjGRkEsLIUr59Cr3KUS8drDFzbp97PTjU7dslCFyWgQZRIHwavGHZA7Tpr_YF_Iy_ElRFm2oA8rqEidgDbmgGbwdzvTI5nGgEL4S-4wSUH5Aclk-z_Kxvt8a=w2000-h1500-s-no-gm?authuser=0\" width=\"2000\" height=\"1500\" alt=\"Mapa guia\" class=\"size-full\" \/><\/a><figcaption class=\"wp-caption-text\">Mapa guia<\/figcaption><\/figure>\n<h2>v\u00eddeos do YouTube<\/h2>\n<div class=\"youtube\"><iframe title=\"Meus v\u00eddeos da GoPro\" src=\"https:\/\/www.youtube.com\/embed\/hZIathoXoUc?feature=oembed\" frameborder=\"0\" allow=\"accelerometer; autoplay; clipboard-write; encrypted-media; gyroscope; picture-in-picture; web-share\" referrerpolicy=\"strict-origin-when-cross-origin\" allowfullscreen><\/iframe><\/div>\n<h2>Outras fotos<\/h2>\n<div class=\"img-move\"><img decoding=\"async\" style=\"vertical-align: middle;\" src=\"https:\/\/ehokkaido.net\/wp-content\/uploads\/2021\/12\/2021-12-06-11.41.12.png\" \/> <a href=\"https:\/\/photos.app.goo.gl\/DLNELREZXBFTvPHeA\" target=\"_blank\" rel=\"noopener noreferrer\">Clique aqui para ver 38 fotos de uma jornada de enriquecimento espiritual que come\u00e7a em um campo de girass\u00f3is &gt;&gt;<\/a><br \/>\n<img decoding=\"async\" style=\"vertical-align: middle;\" src=\"https:\/\/ehokkaido.net\/wp-content\/uploads\/2021\/12\/2021-12-06-11.41.12.png\" \/> <a href=\"https:\/\/photos.app.goo.gl\/wD25y6FGNzuwTqPdA\" target=\"_blank\" rel=\"noopener noreferrer\">Clique aqui para ver fotos (67 fotos) do Edif\u00edcio da Funda\u00e7\u00e3o Nippon 2025 &gt;&gt;<\/a><\/div>\n<h2>Artigos relacionados<\/h2>\n\n        <div class=\"site-blogcard-premium\">\n            <div class=\"bc-label-custom\">Artigos relacionados<\/div>\n            <div class=\"bc-flex-container\">\n                <div class=\"bc-main-text\">\n                    <div class=\"bc-title-link-box\">\n                        <a href=\"https:\/\/portal.hokuryu.info\/pt\/54953\/\" target=\"_blank\">https:\/\/portal.hokuryu.info\/54953<\/a>\n                    <\/div>\n                    <div class=\"bc-excerpt-box\">N\u00e3o foi poss\u00edvel recuperar as informa\u00e7\u00f5es da p\u00e1gina.<\/div>\n                <\/div>\n                <div class=\"bc-thumbnail-box\">\n                    <a href=\"https:\/\/portal.hokuryu.info\/pt\/54953\/\" target=\"_blank\">\n                        <div class=\"bc-img-zoom-wrap\">\n                            <img decoding=\"async\" src=\"https:\/\/portal.hokuryu.info\/wp\/wp-content\/uploads\/2026\/02\/20230802DSC06445_1.jpg\" alt=\"https:\/\/portal.hokuryu.info\/54953\">\n                        <\/div>\n                    <\/a>\n                <\/div>\n            <\/div>\n        <\/div>\n\n        <div class=\"site-blogcard-premium\">\n            <div class=\"bc-label-custom\">Artigos relacionados<\/div>\n            <div class=\"bc-flex-container\">\n                <div class=\"bc-main-text\">\n                    <div class=\"bc-title-link-box\">\n                        <a href=\"https:\/\/portal.hokuryu.info\/pt\/55041\/\" target=\"_blank\">https:\/\/portal.hokuryu.info\/55041<\/a>\n                    <\/div>\n                    <div class=\"bc-excerpt-box\">N\u00e3o foi poss\u00edvel recuperar as informa\u00e7\u00f5es da p\u00e1gina.<\/div>\n                <\/div>\n                <div class=\"bc-thumbnail-box\">\n                    <a href=\"https:\/\/portal.hokuryu.info\/pt\/55041\/\" target=\"_blank\">\n                        <div class=\"bc-img-zoom-wrap\">\n                            <img decoding=\"async\" src=\"https:\/\/portal.hokuryu.info\/wp\/wp-content\/uploads\/2026\/02\/20230802DSC06445_1.jpg\" alt=\"https:\/\/portal.hokuryu.info\/55041\">\n                        <\/div>\n                    <\/a>\n                <\/div>\n            <\/div>\n        <\/div>\n\n        <div class=\"site-blogcard-premium\">\n            <div class=\"bc-label-custom\">Artigos relacionados<\/div>\n            <div class=\"bc-flex-container\">\n                <div class=\"bc-main-text\">\n                    <div class=\"bc-title-link-box\">\n                        <a href=\"https:\/\/blog.canpan.info\/sasakawa\/archive\/7834\" target=\"_blank\">&quot;Uma Pequena Boa Hist\u00f3ria&quot; n\u00ba 186 - Tudo Bem! Grande Pr\u00eamio Nippon - Blog de Yohei Sasakawa (Presidente Honor\u00e1rio da Funda\u00e7\u00e3o Nippon)<\/a>\n                    <\/div>\n                    <div class=\"bc-excerpt-box\"><\/div>\n                <\/div>\n                <div class=\"bc-thumbnail-box\">\n                    <a href=\"https:\/\/blog.canpan.info\/sasakawa\/archive\/7834\" target=\"_blank\">\n                        <div class=\"bc-img-zoom-wrap\">\n                            <img decoding=\"async\" src=\"https:\/\/blog.canpan.info\/sasakawa\/img\/E58C97E6B5B7E98193E58C97E7AB9CE794BAE59CA8E4BD8FE38080E5AFBAE58685E69887E38081E98381E5AD90E5A4ABE5A6BB.png\" alt=\"&quot;Uma Pequena Boa Hist\u00f3ria&quot; n\u00ba 186 - Tudo Bem! Grande Pr\u00eamio Nippon - Blog de Yohei Sasakawa (Presidente Honor\u00e1rio da Funda\u00e7\u00e3o Nippon)\">\n                        <\/div>\n                    <\/a>\n                <\/div>\n            <\/div>\n        <\/div>\n<p>\u25c7 Entrevista e texto: Ikuko Terauchi (Fotografia e assist\u00eancia de edi\u00e7\u00e3o: Noboru Terauchi)<\/p>","protected":false},"excerpt":{"rendered":"<p>\uff12\uff10\uff12\uff15\u5e74\uff11\u6708\uff13\uff10\u65e5\uff08\u6728\uff09 \u7b2c\uff11\uff17\u56de\uff22\uff06\uff27\u5168\u56fd\u30b5\u30df\u30c3\u30c8\u304c\u958b\u50ac\u3055\u308c\u305f\u7fcc\u65e5\u3001\uff11\u6708\uff12\uff13\u65e5\uff08\u6728\uff09\u5348\u524d\uff18\u6642\u3001\u5317\u7adc\u753a\u30fb\u4f50\u3005\u6728\u5eb7\u5b8f \u753a\u9577\u3068\u7530\u4e2d\u4f73\u6a39 \u6559\u80b2\u9577\u304c\u65e5\u672c\u8ca1\u56e3\u3092\u8a2a\u308c\u3001\u7b39\u5ddd\u967d\u5e73\u4f1a\u9577\u3068\u9762\u8ac7\u3055\u308c\u307e\u3057\u305f\u3002 \u65e5\u672c\u8ca1\u56e3\u30fb [&hellip;]<\/p>\n","protected":false},"author":1,"featured_media":55152,"comment_status":"open","ping_status":"open","sticky":false,"template":"","format":"standard","meta":{"footnotes":""},"categories":[4,75,23],"tags":[],"class_list":["post-55003","post","type-post","status-publish","format-standard","has-post-thumbnail","hentry","category-cover-story","category-sasaki-yasuhiro-mayor","category-board-of-education"],"_links":{"self":[{"href":"https:\/\/portal.hokuryu.info\/pt\/wp-json\/wp\/v2\/posts\/55003","targetHints":{"allow":["GET"]}}],"collection":[{"href":"https:\/\/portal.hokuryu.info\/pt\/wp-json\/wp\/v2\/posts"}],"about":[{"href":"https:\/\/portal.hokuryu.info\/pt\/wp-json\/wp\/v2\/types\/post"}],"author":[{"embeddable":true,"href":"https:\/\/portal.hokuryu.info\/pt\/wp-json\/wp\/v2\/users\/1"}],"replies":[{"embeddable":true,"href":"https:\/\/portal.hokuryu.info\/pt\/wp-json\/wp\/v2\/comments?post=55003"}],"version-history":[{"count":0,"href":"https:\/\/portal.hokuryu.info\/pt\/wp-json\/wp\/v2\/posts\/55003\/revisions"}],"wp:featuredmedia":[{"embeddable":true,"href":"https:\/\/portal.hokuryu.info\/pt\/wp-json\/wp\/v2\/media\/55152"}],"wp:attachment":[{"href":"https:\/\/portal.hokuryu.info\/pt\/wp-json\/wp\/v2\/media?parent=55003"}],"wp:term":[{"taxonomy":"category","embeddable":true,"href":"https:\/\/portal.hokuryu.info\/pt\/wp-json\/wp\/v2\/categories?post=55003"},{"taxonomy":"post_tag","embeddable":true,"href":"https:\/\/portal.hokuryu.info\/pt\/wp-json\/wp\/v2\/tags?post=55003"}],"curies":[{"name":"wp","href":"https:\/\/api.w.org\/{rel}","templated":true}]}}