{"id":54953,"date":"2025-01-27T17:00:00","date_gmt":"2025-01-27T08:00:00","guid":{"rendered":"https:\/\/portal.hokuryu.info\/?p=54953"},"modified":"2025-01-31T20:38:53","modified_gmt":"2025-01-31T11:38:53","slug":"%e7%ac%ac%ef%bc%91%ef%bc%97%e5%9b%9e%ef%bd%82%ef%bc%86%ef%bd%87%e5%85%a8%e5%9b%bd%e3%82%b5%e3%83%9f%e3%83%83%e3%83%88-2025-%e9%96%8b%e5%82%ac%e3%83%bb%e5%8c%97%e7%ab%9c%e7%94%ba%ef%bc%91%ef%bc%90","status":"publish","type":"post","link":"https:\/\/portal.hokuryu.info\/pt\/54953\/","title":{"rendered":"A 17\u00aa C\u00fapula Nacional B&amp;G de 2025 ser\u00e1 realizada, e a cidade de Hokuryu ser\u00e1 reconhecida como um Centro de Avalia\u00e7\u00e3o Especial A pelo 10\u00ba ano consecutivo!"},"content":{"rendered":"<p>Segunda-feira, 27 de janeiro de 2025<\/p>\n<p>A 17\u00aa C\u00fapula Nacional B&amp;G foi realizada no Bellesalle Tokyo Nihonbashi (Chuo-ku, T\u00f3quio) na quarta-feira, 22 de janeiro. O tema da c\u00fapula foi &quot;Instala\u00e7\u00f5es P\u00fablicas sob Perspectivas Micro e Macro&quot;, e o evento contou com um discurso de abertura do presidente da Funda\u00e7\u00e3o Nippon, Yohei Sasakawa, apresenta\u00e7\u00f5es de estudos de caso por l\u00edderes governamentais locais e a entrega do Pr\u00eamio de Centro de Excel\u00eancia.<\/p>\n<p>O prefeito Yasuhiro Sasaki e o superintendente de educa\u00e7\u00e3o Yoshiki Tanaka, da cidade de Hokuryu, compareceram ao evento e foram reconhecidos como um Centro de Avalia\u00e7\u00e3o Especial A pelo d\u00e9cimo ano consecutivo.<\/p>\n<h2>A 17\u00aa C\u00fapula Nacional B&amp;G<\/h2>\n<figure class=\"wp-caption aligncenter\"><a href=\"https:\/\/photos.google.com\/share\/AF1QipNCIEEehDyv0BIPjWmkOCGOAkKvcgM0JKh0rTbCAV-hQquJrwvrv4rKafH7S5Inxg\/photo\/AF1QipMtqhboR3TQwhS4DiJ31nvgILfen1M5kfN2xic?key=MU96cGl6c0dfMVpJc2djQ2I3RW5ESXBLY0ZVMmhR\" target=\"_blank\"><img decoding=\"async\" src=\"https:\/\/lh3.googleusercontent.com\/pw\/AP1GczMay174upvxThvOcgpT-dY45kMuet6l1oTRsZ1BbEoVtABcqqXbCeu0jtLPi4oekaaKqaTMdn1XQW09aFdy5QP7JNLelbPMDSPX_fp1fNHuiiyVp19za4MxyVF7KBph-i3Oj_aSqgwR0x-W6n9x80xd=w595-h841-s-no-gm?authuser=1\" width=\"500\" alt=\"17\u00aa C\u00fapula Nacional B&amp;G 2025\" class=\"size-full\" style=\"border:solid 1px lightgray\"\/><\/a><figcaption class=\"wp-caption-text\">17\u00aa C\u00fapula Nacional B&amp;G 2025<\/figcaption><\/figure>\n<figure class=\"wp-caption aligncenter\"><a href=\"https:\/\/photos.google.com\/share\/AF1QipNCIEEehDyv0BIPjWmkOCGOAkKvcgM0JKh0rTbCAV-hQquJrwvrv4rKafH7S5Inxg\/photo\/AF1QipNl4BbW7_V5dn1QnN5hOaBdRLS2BWJujHeTgJc?key=MU96cGl6c0dfMVpJc2djQ2I3RW5ESXBLY0ZVMmhR\" target=\"_blank\"><img decoding=\"async\" src=\"https:\/\/lh3.googleusercontent.com\/pw\/AP1GczP-ayeOsTD6J1l05RkT8sCffMD3ENr46YqR8r0xjoZn7ARPKxKS54ashExocOTJ37klFhmdClCKsEiBLd5W5B2nMclP__l2D1E19JHZSTAu1Cs-_kRnlegGHOZ1N493SVN1ToXlNwmasr8IF-0VlAmj=w2000-h1500-s-no-gm?authuser=0\" width=\"2000\" height=\"1500\" alt=\"Bellesalle Tokyo Nihonbashi (Chuo Ward, T\u00f3quio)\" class=\"size-full\" \/><\/a><figcaption class=\"wp-caption-text\">Bellesalle Tokyo Nihonbashi (Chuo Ward, T\u00f3quio)<\/figcaption><\/figure>\n<figure class=\"wp-caption aligncenter\"><a href=\"https:\/\/photos.google.com\/share\/AF1QipNCIEEehDyv0BIPjWmkOCGOAkKvcgM0JKh0rTbCAV-hQquJrwvrv4rKafH7S5Inxg\/photo\/AF1QipN0CwoNM1k9wxm6yhAydRVnRQ2F-mITluTja2U?key=MU96cGl6c0dfMVpJc2djQ2I3RW5ESXBLY0ZVMmhR\" target=\"_blank\"><img decoding=\"async\" src=\"https:\/\/lh3.googleusercontent.com\/pw\/AP1GczPw01DsvgXzPpMtpOkgQxFK5bHM2eDgdOIAunV2K9tbP1TlN_t4vxVhpP_mk6Q3miovVcE7B7bJyjTiKskF7CGoZ4zbjNAcQsgJvdGuALfiPqw7ojmN5d94G_01POrGSKlkwCG04QKyDY2Cbe7vu8d-=w2000-h1500-s-no-gm?authuser=0\" width=\"2000\" height=\"1500\" alt=\"A 17\u00aa C\u00fapula Nacional B&amp;G\" class=\"size-full\" \/><\/a><figcaption class=\"wp-caption-text\">A 17\u00aa C\u00fapula Nacional B&amp;G<\/figcaption><\/figure>\n<h3>Funda\u00e7\u00e3o B&amp;G<\/h3>\n<p>A Funda\u00e7\u00e3o B&amp;G (que ter\u00e1 seu nome alterado em 1\u00ba de abril de 2023) foi criada em 1973 para comemorar o 20\u00ba anivers\u00e1rio da Lei de Corridas de Barcos a Motor e celebra seu 52\u00ba anivers\u00e1rio este ano. A funda\u00e7\u00e3o \u00e9 uma entidade sem fins lucrativos de interesse p\u00fablico, cujas atividades visam promover o desenvolvimento saud\u00e1vel dos jovens e revitalizar e criar comunidades locais.<\/p>\n<h3>Participaram um total de 800 pessoas, incluindo 273 prefeitos de 360 governos locais em todo o pa\u00eds.<\/h3>\n<p>A 17\u00aa C\u00fapula Nacional de B&amp;G contou com a presen\u00e7a de aproximadamente 800 pessoas, incluindo 273 prefeitos, 24 vice-prefeitos e 196 superintendentes de educa\u00e7\u00e3o de 45 prefeituras e 360 governos locais de todo o pa\u00eds, al\u00e9m de convidados e autoridades governamentais locais.<\/p>\n<figure class=\"wp-caption aligncenter\"><a href=\"https:\/\/photos.google.com\/share\/AF1QipNCIEEehDyv0BIPjWmkOCGOAkKvcgM0JKh0rTbCAV-hQquJrwvrv4rKafH7S5Inxg\/photo\/AF1QipP8ut7DyuZHE2FNmEs15t5YUb2dMj1tfI6Hw88?key=MU96cGl6c0dfMVpJc2djQ2I3RW5ESXBLY0ZVMmhR\" target=\"_blank\"><img decoding=\"async\" src=\"https:\/\/lh3.googleusercontent.com\/pw\/AP1GczNmN-g7M0V98R0h6jR_Wxa7dzPrJgvH00yvFxy8EBaLnE9N3CxUebjd-cQwoy7-glK__CdFgFvqtxKfLlqubvvacVinOjnuIXimWLBEfyDL2a_-ZcewoIxUkQrKh58GfpSnTYEM3gR0_5Uyoa3L3meZ=w2000-h1500-s-no-gm?authuser=0\" width=\"2000\" height=\"1500\" alt=\"Recep\u00e7\u00e3o: Participaram 45 prefeituras (379 munic\u00edpios) em todo o pa\u00eds.\" class=\"size-full\" \/><\/a><figcaption class=\"wp-caption-text\">Recep\u00e7\u00e3o: Participaram 45 prefeituras (379 munic\u00edpios) em todo o pa\u00eds.<\/figcaption><\/figure>\n<figure class=\"wp-caption aligncenter\"><a href=\"https:\/\/photos.google.com\/share\/AF1QipNCIEEehDyv0BIPjWmkOCGOAkKvcgM0JKh0rTbCAV-hQquJrwvrv4rKafH7S5Inxg\/photo\/AF1QipOOI9ovER_KwL6db0KNTTULm19HmKgzxD93vCA?key=MU96cGl6c0dfMVpJc2djQ2I3RW5ESXBLY0ZVMmhR\" target=\"_blank\"><img decoding=\"async\" src=\"https:\/\/lh3.googleusercontent.com\/pw\/AP1GczPAPbPSKXEUcOdL-H4t7uvxuRU84HAqQkfp327cOem0STju8tw7Pw1ZuyL5fBiZq3JbVwywG3Iy2Cm1PxzpvYuCAL8xygxqwJTOb0qR0q7eYLz2mp8ECJ7FvwX1CLFr8jipUCXDaoeBP8HwS0mnbzlW=w2000-h1500-s-no-gm?authuser=0\" width=\"2000\" height=\"1500\" alt=\"mapa de assentos\" class=\"size-full\" \/><\/a><figcaption class=\"wp-caption-text\">mapa de assentos<\/figcaption><\/figure>\n<h3>Participaram 32 governos locais de Hokkaido.<\/h3>\n<p>De Hokkaido, 32 munic\u00edpios (cidade de Sunagawa, cidade de Obira, cidade de Akkeshi, cidade de Kenbuchi, cidade de Taiki, cidade de Takasu, cidade de Shari, cidade de Aibetsu, cidade de Enbetsu, vila de Shinshinotsu, cidade de Ozora,<strong>Cidade de Hokuryu<\/strong>As seguintes cidades participaram da reuni\u00e3o (na ordem listada no folheto): Cidade de Esashi, Cidade de Shimokawa, Cidade de Higashikagura, Cidade de Nayoro, Cidade de Shakotan, Cidade de Wassamu, Cidade de Ashibetsu, Cidade de Oshamanbe, Cidade de Kamifurano, Cidade de Higashikawa, Cidade de Biei, Cidade de Ishikari, Cidade de Urausu, Cidade de Chishibetsu, Cidade de Numata, Cidade de Iwamizawa, Cidade de Tomamae, Cidade de Takikawa, Cidade de Furrubira e cidade de Muroran.<\/p>\n<h3>A cidade de Hokuryu recebe a classifica\u00e7\u00e3o Especial A por 10 anos consecutivos.<\/h3>\n<p>Desta vez, dois centros receberam a classifica\u00e7\u00e3o A especial por 20 anos consecutivos e 21 centros receberam a classifica\u00e7\u00e3o A especial por 10 anos consecutivos. Em Hokkaido, cinco centros receberam a classifica\u00e7\u00e3o A especial por 10 anos consecutivos, e o nosso centro, o B&amp;G Marine Center em Hokuryu, recebeu o t\u00edtulo de Centro Marinho Excelente.<\/p>\n<p>O principal objetivo desta avalia\u00e7\u00e3o do centro n\u00e1utico \u00e9 compreender os aspectos de gest\u00e3o e opera\u00e7\u00e3o de cada instala\u00e7\u00e3o, revitalizar as atividades e servir como indicador para as atividades de apoio realizadas pela Funda\u00e7\u00e3o B&amp;G. A avalia\u00e7\u00e3o baseia-se em um sistema de classifica\u00e7\u00e3o de seis n\u00edveis, que varia do n\u00edvel mais alto, Especial A, ao E (verifica\u00e7\u00e3o quantitativa do n\u00famero de usu\u00e1rios, status dos eventos, manuten\u00e7\u00e3o das instala\u00e7\u00f5es, etc., com base em uma tabela de crit\u00e9rios).<\/p>\n<h3>processos<\/h3>\n<p>A sess\u00e3o foi presidida por Mei Katase, da Divis\u00e3o de Promo\u00e7\u00e3o da Preven\u00e7\u00e3o de Desastres do Departamento de Revitaliza\u00e7\u00e3o Regional, e Mai Ogawa, da Divis\u00e3o de Apoio \u00e0 Inf\u00e2ncia do Departamento de Revitaliza\u00e7\u00e3o Regional, ambas funcion\u00e1rias da Funda\u00e7\u00e3o B&amp;G.<\/p>\n<figure class=\"wp-caption aligncenter\"><a href=\"https:\/\/photos.google.com\/share\/AF1QipNCIEEehDyv0BIPjWmkOCGOAkKvcgM0JKh0rTbCAV-hQquJrwvrv4rKafH7S5Inxg\/photo\/AF1QipNiavO09wYgkgBmwaO0SCLj9_HdqreYcCVRLpg?key=MU96cGl6c0dfMVpJc2djQ2I3RW5ESXBLY0ZVMmhR\" target=\"_blank\"><img decoding=\"async\" src=\"https:\/\/lh3.googleusercontent.com\/pw\/AP1GczMTeHa5FC0XMIpc-0ti80NI7-RJ5DjES3xDFTznrGC39c3mZFRH4U1nihXcnl3GdCmUc4NS8KNW5v47q38vEWbe_vOLW36jtcwKAZQLv_S1oqNOpoyqQHtOmbAcfvyO7KdGmvPwGH4aOJ6qy2tdVyuA=w2000-h1333-s-no-gm?authuser=0\" width=\"2000\" height=\"1333\" alt=\"Apresenta\u00e7\u00e3o: Sra. Katase Mei, Divis\u00e3o de Promo\u00e7\u00e3o da Preven\u00e7\u00e3o de Desastres, Departamento de Revitaliza\u00e7\u00e3o Regional, e Sra. Ogawa Mai, Divis\u00e3o de Apoio \u00e0 Crian\u00e7a, Departamento de Revitaliza\u00e7\u00e3o Regional.\" class=\"size-full\" \/><\/a><figcaption class=\"wp-caption-text\">Apresenta\u00e7\u00e3o: Sra. Katase Mei, Divis\u00e3o de Promo\u00e7\u00e3o da Preven\u00e7\u00e3o de Desastres, Departamento de Revitaliza\u00e7\u00e3o Regional, e Sra. Ogawa Mai, Divis\u00e3o de Apoio \u00e0 Crian\u00e7a, Departamento de Revitaliza\u00e7\u00e3o Regional.<\/figcaption><\/figure>\n<h2>Parte 1<\/h2>\n<figure class=\"wp-caption aligncenter\"><a href=\"https:\/\/photos.google.com\/share\/AF1QipNCIEEehDyv0BIPjWmkOCGOAkKvcgM0JKh0rTbCAV-hQquJrwvrv4rKafH7S5Inxg\/photo\/AF1QipM1i7oaAIrfqYqCcLWk_08dLL-uryCCMm4TR08?key=MU96cGl6c0dfMVpJc2djQ2I3RW5ESXBLY0ZVMmhR\" target=\"_blank\"><img decoding=\"async\" src=\"https:\/\/lh3.googleusercontent.com\/pw\/AP1GczNW3vJLgfYl0KVdL2F1Aear7JM3htCxEmZ90wfYyCYIn4ltyUdOO8FQbyFjFpcUoOA8u4yUr4v45bNzJPzrkuqH2qP4CB7ioOJw3S1Y89ZJt4qaUltzP8zomVokLqoaOYwN1uH2PPEYp4p1w2ZzuMkd=w2000-h1333-s-no-gm?authuser=0\" width=\"2000\" height=\"1333\" alt=\"Parte 1 realizada\" class=\"size-full\" \/><\/a><figcaption class=\"wp-caption-text\">Parte 1 realizada<\/figcaption><\/figure>\n<h3>Sauda\u00e7\u00e3o do organizador: Presidente da Funda\u00e7\u00e3o B&amp;G, Kokichi Maeda (Prefeito da cidade de Takikawa, Hokkaido)<\/h3>\n<p>O presidente da Funda\u00e7\u00e3o B&amp;G, Yasuyoshi Maeda, expressou sua gratid\u00e3o a todos os envolvidos e disse: &quot;Pretendemos trabalhar em conjunto com os governos locais para encontrar solu\u00e7\u00f5es para os diversos problemas sociais e, para o desenvolvimento futuro da regi\u00e3o, nos empenharemos para promover uma gama de projetos mais ampla do que nunca, com base nos princ\u00edpios do &#039;desenvolvimento saud\u00e1vel dos jovens&#039; e da &#039;revitaliza\u00e7\u00e3o e cria\u00e7\u00e3o regional&#039;.&quot;<\/p>\n<figure class=\"wp-caption aligncenter\"><a href=\"https:\/\/photos.google.com\/share\/AF1QipNCIEEehDyv0BIPjWmkOCGOAkKvcgM0JKh0rTbCAV-hQquJrwvrv4rKafH7S5Inxg\/photo\/AF1QipPnHNsJGdtlHlvpSmAwQwHIwxHQkH9M-QV5cE8?key=MU96cGl6c0dfMVpJc2djQ2I3RW5ESXBLY0ZVMmhR\" target=\"_blank\"><img decoding=\"async\" src=\"https:\/\/lh3.googleusercontent.com\/pw\/AP1GczNidlSfl8EZYf4Py27kpxCfXBghvSpj1JG84xcAOUbIRE5S6gLqwuTr_2ZMGvLEXrF67HXPhUZD5E8hr6gXnT2G_qFJT8HYj5HFq3E-AWluqhHa_c_vjSLMNd9Dv0o718__8bVXq10V-dREidIXBtph=w2000-h1333-s-no-gm?authuser=0\" width=\"2000\" height=\"1333\" alt=\"Sr. Kokichi Maeda, Presidente da Funda\u00e7\u00e3o B&amp;G\" class=\"size-full\" \/><\/a><figcaption class=\"wp-caption-text\">Sr. Kokichi Maeda, Presidente da Funda\u00e7\u00e3o B&amp;G<\/figcaption><\/figure>\n<h3>Apresenta\u00e7\u00e3o do convidado<\/h3>\n<p>Yohei Sasakawa, presidente da Funda\u00e7\u00e3o Nippon; Junpei Sasakawa, Diretor Executivo da Funda\u00e7\u00e3o Nippon; Hideo Sato, Diretor Geral da Funda\u00e7\u00e3o Nippon; Yuki Kishi, Conselheira (atriz e pintora) da Funda\u00e7\u00e3o B&amp;G; Mari Tanigawa, Diretora Representativa da Mari Company Inc.; Shinsuke Sano, Diretor (Escritor Editorial Convidado do Sankei Shimbun) da Funda\u00e7\u00e3o B&amp;G; Genichi Kobayashi, Comit\u00ea de Melhoria de Instala\u00e7\u00f5es (Representante da Kobayashi Architects &amp; Associates) da Funda\u00e7\u00e3o B&amp;G; Yasuyoshi Maeda, Presidente (Prefeito de Takikawa, Hokkaido) da Funda\u00e7\u00e3o B&amp;G; Satoshi Sugawara, presidente da Funda\u00e7\u00e3o B&amp;G; Tomoaki Asahida, Diretor Geral da Funda\u00e7\u00e3o B&amp;G; Masato Iwai, Diretor Geral da Funda\u00e7\u00e3o B&amp;G<\/p>\n<figure class=\"wp-caption aligncenter\"><a href=\"https:\/\/photos.google.com\/share\/AF1QipNCIEEehDyv0BIPjWmkOCGOAkKvcgM0JKh0rTbCAV-hQquJrwvrv4rKafH7S5Inxg\/photo\/AF1QipNfkVTONyJdYfyenBQvczKREWMtOpqaQ5Nk8OM?key=MU96cGl6c0dfMVpJc2djQ2I3RW5ESXBLY0ZVMmhR\" target=\"_blank\"><img decoding=\"async\" src=\"https:\/\/lh3.googleusercontent.com\/pw\/AP1GczMAQ-burhxmdQOupvFsmxbG-vwEiDXB1pDXIRMErkqKAZSvVKu43QjiETjVyb_R18eezVsbKjLiELvvijbMyuu8fI8rIkl0O5KdDPJwTA0NhIZo0RxL21A4l_YY1DQnNZj39y4MedCsasBiX8EXgxVH=w2000-h1333-s-no-gm?authuser=0\" width=\"2000\" height=\"1333\" alt=\"Apresenta\u00e7\u00e3o do convidado\" class=\"size-full\" \/><\/a><figcaption class=\"wp-caption-text\">Apresenta\u00e7\u00e3o do convidado<\/figcaption><\/figure>\n<h3>Introdu\u00e7\u00e3o:<br \/>\nEstabelecimento de bases de preven\u00e7\u00e3o de desastres e sistemas de apoio m\u00fatuo em caso de desastre.<\/h3>\n<h4>1. Sobre a Funda\u00e7\u00e3o de Ajuda M\u00fatua B&amp;G:<br \/>\nRandai Fujie, Divis\u00e3o de Promo\u00e7\u00e3o da Preven\u00e7\u00e3o de Desastres, Departamento de Revitaliza\u00e7\u00e3o Regional, Funda\u00e7\u00e3o B&amp;G<\/h4>\n<figure class=\"wp-caption aligncenter\"><a href=\"https:\/\/photos.google.com\/share\/AF1QipNCIEEehDyv0BIPjWmkOCGOAkKvcgM0JKh0rTbCAV-hQquJrwvrv4rKafH7S5Inxg\/photo\/AF1QipP5HrX9LNmEuUpbTGc00V11SQEYFzx3WP6whco?key=MU96cGl6c0dfMVpJc2djQ2I3RW5ESXBLY0ZVMmhR\" target=\"_blank\"><img decoding=\"async\" src=\"https:\/\/lh3.googleusercontent.com\/pw\/AP1GczM_PZEmmqY8pkcqx0UmWF5VAH0oz306AH-vxHtkhU9LdV4543VlvbE8oFA1KdUzCOr0r8IL9PGUlCszYt1AkAjKKkcUPerCl57waWYreUw4qm6nbW9kM9lQCDtcnjGSyXXyMvZVXv6AJHOvQKwF6eXd=w2000-h1333-s-no-gm?authuser=0\" width=\"2000\" height=\"1333\" alt=\"Randai Fujie, Divis\u00e3o de Promo\u00e7\u00e3o da Preven\u00e7\u00e3o de Desastres, Departamento de Revitaliza\u00e7\u00e3o Regional\" class=\"size-full\" \/><\/a><figcaption class=\"wp-caption-text\">Randai Fujie, Divis\u00e3o de Promo\u00e7\u00e3o da Preven\u00e7\u00e3o de Desastres, Departamento de Revitaliza\u00e7\u00e3o Regional<\/figcaption><\/figure>\n<ul>\n<li>Expandir para 69 localidades em todo o pa\u00eds at\u00e9 o ano fiscal de 2024.<\/li>\n<li>Vis\u00e3o geral do apoio \u00e0 preven\u00e7\u00e3o de desastres, equipamentos e materiais mantidos nas bases de preven\u00e7\u00e3o de desastres (escavadeiras hidr\u00e1ulicas, caminh\u00f5es basculantes, barcos de resgate, etc.)<\/li>\n<li>Apresentando exemplos de uso nos desastres do terremoto e das fortes chuvas na Pen\u00ednsula de Noto.<\/li>\n<\/ul>\n<figure class=\"wp-caption aligncenter\"><a href=\"https:\/\/photos.google.com\/share\/AF1QipNCIEEehDyv0BIPjWmkOCGOAkKvcgM0JKh0rTbCAV-hQquJrwvrv4rKafH7S5Inxg\/photo\/AF1QipO8iF02VBICtebhP58bfROmdk7KLmKyyH-EKUQ?key=MU96cGl6c0dfMVpJc2djQ2I3RW5ESXBLY0ZVMmhR\" target=\"_blank\"><img decoding=\"async\" src=\"https:\/\/lh3.googleusercontent.com\/pw\/AP1GczM8YEkyooh9WBx0G7SciJXSSE72J__PXtRxwZzly81HEVPjxjWKAtr07vnryguxpq_l4hIb8uQpMqP5bA-Ku9h2L72kR5S-G9yi3g0zOM80dxaQOStlTxT5dDp-mkipOvIKtHseBEtsiCNmLrU4YvWi=w2000-h1333-s-no-gm?authuser=0\" width=\"2000\" height=\"1333\" alt=\"Informa\u00e7\u00f5es sobre apoio m\u00fatuo durante desastres por meio de centros de preven\u00e7\u00e3o de desastres.\" class=\"size-full\" \/><\/a><figcaption class=\"wp-caption-text\">Informa\u00e7\u00f5es sobre apoio m\u00fatuo durante desastres por meio de centros de preven\u00e7\u00e3o de desastres.<\/figcaption><\/figure>\n<h4>2. Situa\u00e7\u00e3o dos danos na cidade de Hirakawa, prov\u00edncia de Aomori:<br \/>\nTakamasa Susuda, Superintendente de Educa\u00e7\u00e3o, cidade de Hirakawa, prov\u00edncia de Aomori<\/h4>\n<figure class=\"wp-caption aligncenter\"><a href=\"https:\/\/photos.google.com\/share\/AF1QipNCIEEehDyv0BIPjWmkOCGOAkKvcgM0JKh0rTbCAV-hQquJrwvrv4rKafH7S5Inxg\/photo\/AF1QipMMoeUkxq7ZWIiHp8WrXe5lx2TTpI5GrUA11sA?key=MU96cGl6c0dfMVpJc2djQ2I3RW5ESXBLY0ZVMmhR\" target=\"_blank\"><img decoding=\"async\" src=\"https:\/\/lh3.googleusercontent.com\/pw\/AP1GczPsaw-cuWeDw6IN3kbrXxX63_AdicP2AYLF5IvdBS3fbFW9V2qO7IQYrZx46bvFvgdVt92U1Fbb_G4CvMfHnOiuN5lJne7Nudoyz2VC-Z9RJnIpXnT-LKehqM959d6H-Zg-YMQ8rPEJT3g34SDbZkkE=w2000-h1333-s-no-gm?authuser=0\" width=\"2000\" height=\"1333\" alt=\"Sr. Takamasa Susuda, Superintendente de Educa\u00e7\u00e3o, cidade de Hirakawa, prov\u00edncia de Aomori\" class=\"size-full\" \/><\/a><figcaption class=\"wp-caption-text\">Sr. Takamasa Susuda, Superintendente de Educa\u00e7\u00e3o, cidade de Hirakawa, prov\u00edncia de Aomori<\/figcaption><\/figure>\n<p>Uma nevasca recorde causou um desastre de neve severa na regi\u00e3o de Tsugaru, na prov\u00edncia de Aomori. M\u00e1quinas pesadas foram mobilizadas por meio do projeto &quot;Estabelecimento de Bases de Preven\u00e7\u00e3o de Desastres e Sistemas de Apoio M\u00fatuo em Tempos de Desastre&quot; da Funda\u00e7\u00e3o B&amp;G, e m\u00e1quinas e operadores foram enviados das cidades de Oga, na prov\u00edncia de Akita, e Kuji, na prov\u00edncia de Iwate, para realizar trabalhos de remo\u00e7\u00e3o de neve em instala\u00e7\u00f5es p\u00fablicas, como escolas e centros comunit\u00e1rios.<\/p>\n<figure class=\"wp-caption aligncenter\"><a href=\"https:\/\/photos.google.com\/share\/AF1QipNCIEEehDyv0BIPjWmkOCGOAkKvcgM0JKh0rTbCAV-hQquJrwvrv4rKafH7S5Inxg\/photo\/AF1QipPw7HZBlMxCUTptI6hFomty1cdUzVIp1sxr8Wg?key=MU96cGl6c0dfMVpJc2djQ2I3RW5ESXBLY0ZVMmhR\" target=\"_blank\"><img decoding=\"async\" src=\"https:\/\/lh3.googleusercontent.com\/pw\/AP1GczNpMx2vwaCgzcKPAed9DUKUhbk30pOwdvldhasX1MZmo4F7pU28dndR54Z1TezEpTb4NoDdHHuhNw_UKRlGQPJfTM3tBGcpLRlxbAadXhzIlnZwE8n_1JP6v-kbEfKXpqd4jC7N7NHKf-ts7o8SkDyE=w2000-h1333-s-no-gm?authuser=0\" width=\"2000\" height=\"1333\" alt=\"Situa\u00e7\u00e3o do apoio na cidade de Oga\" class=\"size-full\" \/><\/a><figcaption class=\"wp-caption-text\">Situa\u00e7\u00e3o do apoio na cidade de Oga<\/figcaption><\/figure>\n<h2>Discurso de abertura especial: &quot;O futuro do Jap\u00e3o est\u00e1 em perigo?&quot;<br \/>\nYohei Sasakawa, Presidente da Funda\u00e7\u00e3o Nippon<\/h2>\n<h3>Perfil do presidente Yohei Sasakawa<\/h3>\n<ul>\n<li>Nascido em 8 de janeiro de 1939 (Showa 14), 86 anos de idade.<\/li>\n<li>Presidente da Funda\u00e7\u00e3o Nippon: 2005 (julho de 2005 - presente)<\/li>\n<li>Presidente Honor\u00e1rio da Funda\u00e7\u00e3o Sasakawa para a Paz: julho de 2016 -<\/li>\n<li>Embaixador da OMS (Organiza\u00e7\u00e3o Mundial da Sa\u00fade) para a Elimina\u00e7\u00e3o da Hansen\u00edase: maio de 2001 -<\/li>\n<li>Embaixador(a) do Governo Japon\u00eas para a Conscientiza\u00e7\u00e3o dos Direitos Humanos em Rela\u00e7\u00e3o \u00e0 Hansen\u00edase: setembro de 2007 -<\/li>\n<li>Enviado Especial do Governo do Jap\u00e3o para a Reconcilia\u00e7\u00e3o Nacional em Myanmar: fevereiro de 2013 -<\/li>\n<li>Condecora\u00e7\u00f5es da Primavera de 2024: Gr\u00e3-Cruz da Ordem do Sol Nascente, Selecionado como Pessoa de M\u00e9rito Cultural: Concedido em 29 de abril de 2019<\/li>\n<\/ul>\n<p>O presidente Yohei Sasakawa \u00e9 muito respeitado por seus muitos anos de trabalho \u00e1rduo e atividades em uma ampla gama de \u00e1reas, incluindo sua atua\u00e7\u00e3o como presidente da Funda\u00e7\u00e3o Nippon, uma funda\u00e7\u00e3o incorporada de interesse p\u00fablico que apoia projetos de assist\u00eancia social, educa\u00e7\u00e3o e coopera\u00e7\u00e3o internacional, bem como sua atua\u00e7\u00e3o como Embaixador da Boa Vontade da OMS (Organiza\u00e7\u00e3o Mundial da Sa\u00fade) para a Elimina\u00e7\u00e3o da Hansen\u00edase.<\/p>\n<figure class=\"wp-caption aligncenter\"><a href=\"https:\/\/photos.google.com\/share\/AF1QipNCIEEehDyv0BIPjWmkOCGOAkKvcgM0JKh0rTbCAV-hQquJrwvrv4rKafH7S5Inxg\/photo\/AF1QipMQBuhJY1A-96FEuM8fY2rKsiXOYYRWXbKuzN0?key=MU96cGl6c0dfMVpJc2djQ2I3RW5ESXBLY0ZVMmhR\" target=\"_blank\"><img decoding=\"async\" src=\"https:\/\/lh3.googleusercontent.com\/pw\/AP1GczN2neDa4eb1ieuk7ZWyJ1mufUJRvXtJ03xsKGAoK6uS452QjvzCMR1HYvguWE2bAeRNWXX2WvlMu7-5OX-WeVAWRNEhd3blhmd2i6xHeOuB8ijKzYyWZsPqwsnB0zv5WXBevH-INT39lV0YTLj0lL2U=w2000-h1333-s-no-gm?authuser=0\" width=\"2000\" height=\"1333\" alt=\"Yohei Sasakawa, Presidente da Funda\u00e7\u00e3o Nippon\" class=\"size-full\" \/><\/a><figcaption class=\"wp-caption-text\">Yohei Sasakawa, Presidente da Funda\u00e7\u00e3o Nippon<\/figcaption><\/figure>\n<p>No dia do evento, todos os participantes receberam um exemplar autografado do livro do presidente Yohei Sasakawa, &quot;\u00c0 Nossa Amada P\u00e1tria II&quot; (Publica\u00e7\u00f5es Sankei Shimbun).<\/p>\n<figure class=\"wp-caption aligncenter\"><a href=\"https:\/\/photos.google.com\/share\/AF1QipNCIEEehDyv0BIPjWmkOCGOAkKvcgM0JKh0rTbCAV-hQquJrwvrv4rKafH7S5Inxg\/photo\/AF1QipM1y_UCnh52TSP6EQVmluA-jJeEf5POe_5de_w?key=MU96cGl6c0dfMVpJc2djQ2I3RW5ESXBLY0ZVMmhR\" target=\"_blank\"><img decoding=\"async\" src=\"https:\/\/lh3.googleusercontent.com\/pw\/AP1GczMUIg7vFaROCPlUR_MNz3MsEU6Itbvw8rKtFk-QhfX8qhoHeR-1G2JFXYkoIEUvD_Hrj5cb2ljkJy4syvfajD63Bt5Fd757aM4jkMznrSF-z2Rk2bfkg20i-jxvEl1UOxTrht_qzEDAy3uoKQsBIlK-=w2000-h1333-s-no-gm?authuser=0\" width=\"2000\" height=\"1333\" alt=\"&quot;\u00c0 Minha Amada P\u00e1tria II&quot;, autografado pelo Presidente Yohei Sasakawa.\" class=\"size-full\" \/><\/a><figcaption class=\"wp-caption-text\">&quot;\u00c0 Minha Amada P\u00e1tria II&quot;, autografado pelo Presidente Yohei Sasakawa.<\/figcaption><\/figure>\n<h3>Discurso de abertura especial\/vis\u00e3o geral<\/h3>\n<h4>1. Uma autoapresenta\u00e7\u00e3o bem-humorada e reflex\u00f5es sobre a palestra.<\/h4>\n<p>A palestra come\u00e7ou com uma autoapresenta\u00e7\u00e3o bem-humorada do Presidente Sasakawa. Ele compartilhou uma anedota sobre seu pr\u00f3prio casamento e explicou que tem dificuldade em persuadir as pessoas. No entanto, tamb\u00e9m expressou sua gratid\u00e3o ao Presidente Maeda e ao Presidente Sugahara, que apoiaram as atividades da Funda\u00e7\u00e3o B&amp;G por muitos anos, e explicou por que aceitou a oportunidade de proferir esta palestra.<\/p>\n<h4>2. A Cria\u00e7\u00e3o da Funda\u00e7\u00e3o B&amp;G e sua Perspectiva de Vanguarda<\/h4>\n<p>A palestra come\u00e7ou de fato com um discurso de congratula\u00e7\u00f5es em comemora\u00e7\u00e3o ao 52\u00ba anivers\u00e1rio da funda\u00e7\u00e3o da Funda\u00e7\u00e3o B&amp;G. Foi explicado que o ponto de partida da Funda\u00e7\u00e3o B&amp;G foi um conselho recebido na Alemanha de Ryoichi Sasakawa, que falou sobre a import\u00e2ncia de instala\u00e7\u00f5es esportivas que priorizassem a comunidade local. Na \u00e9poca, os governos locais lutavam para garantir verbas, mas ele defendeu a necessidade de instala\u00e7\u00f5es que olhassem para o futuro, e essa hist\u00f3ria, que levou ao desenvolvimento atual da funda\u00e7\u00e3o, foi emocionante.<\/p>\n<h4>3. Mudan\u00e7as nos tempos e na situa\u00e7\u00e3o internacional<\/h4>\n<p>A era mudou de &quot;A Era Meiji \u00e9 uma mem\u00f3ria distante&quot; para &quot;A Era Showa \u00e9 uma mem\u00f3ria distante&quot;. \u00c0 medida que nos aproximamos do centen\u00e1rio da Era Showa, a situa\u00e7\u00e3o mundial tamb\u00e9m passa por grandes transforma\u00e7\u00f5es. Ele expressou um sentimento de crise, citando exemplos espec\u00edficos como a ascens\u00e3o do presidente Trump, as mudan\u00e7as clim\u00e1ticas devido ao aquecimento global e a situa\u00e7\u00e3o internacional em torno do Jap\u00e3o. Em particular, ele destacou um ponto muito importante sobre o impacto que as mudan\u00e7as no ambiente marinho ter\u00e3o na cultura alimentar japonesa.<\/p>\n<figure class=\"wp-caption aligncenter\"><a href=\"https:\/\/photos.google.com\/share\/AF1QipNCIEEehDyv0BIPjWmkOCGOAkKvcgM0JKh0rTbCAV-hQquJrwvrv4rKafH7S5Inxg\/photo\/AF1QipN7LdVvanPOFjRyd6JRGEqf9SVNypg6-tGZpzE?key=MU96cGl6c0dfMVpJc2djQ2I3RW5ESXBLY0ZVMmhR\" target=\"_blank\"><img decoding=\"async\" src=\"https:\/\/lh3.googleusercontent.com\/pw\/AP1GczPAoOgDPCr_hPgBOJrIT4yspG7gJQYrCkuk2Akjjr0T7njiCa4xXl0hA6Ufq0FVKlkJ7eYz2ZXpxJBlb8MprZk28sxc-qIHBmva301zNZ7D4Y2eeR333gX3wOlUgxfEnsLb32mQGygnH5vsP3pBXsru=w2000-h1333-s-no-gm?authuser=0\" width=\"2000\" height=\"1333\" alt=\"O centen\u00e1rio da era Showa e a conjuntura mundial em transforma\u00e7\u00e3o.\" class=\"size-full\" \/><\/a><figcaption class=\"wp-caption-text\">O centen\u00e1rio da era Showa e a conjuntura mundial em transforma\u00e7\u00e3o.<\/figcaption><\/figure>\n<h4>4. A paz e a independ\u00eancia do Jap\u00e3o, e a mudan\u00e7a da &quot;opini\u00e3o p\u00fablica&quot; para a &quot;opini\u00e3o p\u00fablica&quot; <\/h4>\n<p>Por que o Jap\u00e3o est\u00e1 em paz? O presidente Sasakawa mencionou o pre\u00e2mbulo da Constitui\u00e7\u00e3o japonesa e apontou os perigos de se depender da boa-f\u00e9 de outros pa\u00edses para a seguran\u00e7a nacional. Em seguida, soou o alarme sobre a situa\u00e7\u00e3o atual do Jap\u00e3o, listando elementos necess\u00e1rios para uma na\u00e7\u00e3o verdadeiramente independente, como uma constitui\u00e7\u00e3o independente, um ex\u00e9rcito nacional, uma lei antiespionagem, medidas de seguran\u00e7a cibern\u00e9tica e capacidade de produ\u00e7\u00e3o de armamentos.<\/p>\n<p>A palavra-chave aqui era &quot;opini\u00e3o p\u00fablica&quot;. No Jap\u00e3o do p\u00f3s-guerra, o caractere kanji &quot;\u8f3f&quot; caiu em desuso, ent\u00e3o a palavra &quot;seron&quot; tornou-se mais comum. No entanto, o presidente Sasakawa argumentou que &quot;opini\u00e3o p\u00fablica&quot; se refere aos sentimentos do povo, enquanto &quot;opini\u00e3o p\u00fablica&quot; se refere \u00e0s opini\u00f5es dos l\u00edderes com um olhar voltado para o futuro. Ele enfatizou que, para romper com o status quo, o que era necess\u00e1rio n\u00e3o era o sentimento p\u00fablico, mas sim a opini\u00e3o p\u00fablica com lideran\u00e7a.<\/p>\n<figure class=\"wp-caption aligncenter\"><a href=\"https:\/\/photos.google.com\/share\/AF1QipNCIEEehDyv0BIPjWmkOCGOAkKvcgM0JKh0rTbCAV-hQquJrwvrv4rKafH7S5Inxg\/photo\/AF1QipObMKjc6_w4d2fT2eqI8kW_1aK2R71zHeQOn3o?key=MU96cGl6c0dfMVpJc2djQ2I3RW5ESXBLY0ZVMmhR\" target=\"_blank\"><img decoding=\"async\" src=\"https:\/\/lh3.googleusercontent.com\/pw\/AP1GczN1ceuKGBS0AnfxgD_NfMIBxaN2VncLRFIhb7qLnVVfyjTW6jj1HWg5C_BwF2uC4Y1Hgq0pUq6EqtCLjRyOk6OPaU6vqRDyJEEJB5TnAVfQAblTJ7fglJX2ZIlBy6JDwfxgbCrW2I5DBeAByAM2cmoF=w2000-h1333-s-no-gm?authuser=0\" width=\"2000\" height=\"1333\" alt=\"De &quot;opini\u00e3o p\u00fablica&quot; para &quot;opini\u00e3o p\u00fablica&quot; \" class=\"size-full\" \/><\/a><figcaption class=\"wp-caption-text\">De &quot;opini\u00e3o p\u00fablica&quot; para &quot;opini\u00e3o p\u00fablica&quot;<\/figcaption><\/figure>\n<h4>5. O poder da lideran\u00e7a e da opini\u00e3o p\u00fablica para abrir caminho para o futuro.<\/h4>\n<p> Em seu discurso de encerramento, o Presidente Sasakawa citou figuras hist\u00f3ricas como Uesugi Yozan, Saito Takao e Kobayashi Torasaburo para demonstrar como uma forte determina\u00e7\u00e3o e a\u00e7\u00e3o em prol do pa\u00eds pavimentam o caminho para o futuro. Ele enfatizou a import\u00e2ncia de n\u00e3o se contentar com o status quo, de formar a opini\u00e3o p\u00fablica e de agir sem medo de ser impopular. Por fim, expressou seu respeito pela continuidade da Funda\u00e7\u00e3o B&amp;G e afirmou que a Funda\u00e7\u00e3o Nippon apoiaria ativamente a Funda\u00e7\u00e3o em tudo o que fosse poss\u00edvel.<\/p>\n<figure class=\"wp-caption aligncenter\"><a href=\"https:\/\/photos.google.com\/share\/AF1QipNCIEEehDyv0BIPjWmkOCGOAkKvcgM0JKh0rTbCAV-hQquJrwvrv4rKafH7S5Inxg\/photo\/AF1QipOwgBhn32QyYmc9KSLsHIMTpl8kHTbdxp6gkdU?key=MU96cGl6c0dfMVpJc2djQ2I3RW5ESXBLY0ZVMmhR\" target=\"_blank\"><img decoding=\"async\" src=\"https:\/\/lh3.googleusercontent.com\/pw\/AP1GczNzKygLd8yA0ROzdXVHL7-x_yLv7oFL7jAzCXzJZhWtLJdTvxSMAcnlRhC0-CpmtkhItjVfD7B17gTRHWaLM43up8jv9Kj2NPWcoyl-JkE4gxiMCz623VSTg06Q5vBVrxJqAyhGLFqqbmguAWOQ4gdH=w2000-h1333-s-no-gm?authuser=0\" width=\"2000\" height=\"1333\" alt=\"Lideran\u00e7a e o poder da opini\u00e3o p\u00fablica para abrir caminho para o futuro.\" class=\"size-full\" \/><\/a><figcaption class=\"wp-caption-text\">Lideran\u00e7a e o poder da opini\u00e3o p\u00fablica para abrir caminho para o futuro.<\/figcaption><\/figure>\n<p>Por meio desta palestra, fomos lembrados da import\u00e2ncia de n\u00e3o nos contentarmos com o status quo, mas sim de agirmos com um olhar voltado para o futuro. A mensagem apaixonada do Presidente Sasakawa ressoou profundamente em n\u00f3s e certamente se tornar\u00e1 uma for\u00e7a poderosa que mudar\u00e1 significativamente nossas a\u00e7\u00f5es daqui para frente.<\/p>\n<figure class=\"wp-caption aligncenter\"><a href=\"https:\/\/photos.google.com\/share\/AF1QipNCIEEehDyv0BIPjWmkOCGOAkKvcgM0JKh0rTbCAV-hQquJrwvrv4rKafH7S5Inxg\/photo\/AF1QipNRFK5Tq2iXu7ME136rmrf4TXWXhi_Uipsbk3Q?key=MU96cGl6c0dfMVpJc2djQ2I3RW5ESXBLY0ZVMmhR\" target=\"_blank\"><img decoding=\"async\" src=\"https:\/\/lh3.googleusercontent.com\/pw\/AP1GczMnKXvFpAPJnw5YNhecVE_Ild53XTFKhz2oQMm7gPIEeoQEAiIL9FaMtb2L-RaRSuKvLdVDdPiCQcx8YbXVCe1xsqVzgEFT1zC7vaUve8GLjJHx_bR8MH_cwY8xfH7_QRqz2G_jWVmYEmdQVsyaHNOU=w2000-h1333-s-no-gm?authuser=0\" width=\"2000\" height=\"1333\" alt=\"Com gratid\u00e3o pelo aut\u00f3grafo e livro do Presidente Sasakawa Yohei!\" class=\"size-full\" \/><\/a><figcaption class=\"wp-caption-text\">Com gratid\u00e3o pelo aut\u00f3grafo e livro do Presidente Sasakawa Yohei!<\/figcaption><\/figure>\n<h4>Texto integral do discurso: &quot;Blog de Sasakawa Yohei&quot;<\/h4>\n\n        <div class=\"site-blogcard-premium\">\n            <div class=\"bc-label-custom\">Artigos relacionados<\/div>\n            <div class=\"bc-flex-container\">\n                <div class=\"bc-main-text\">\n                    <div class=\"bc-title-link-box\">\n                        <a href=\"https:\/\/blog.canpan.info\/sasakawa\/archive\/9450\" target=\"_blank\">&quot;Palestra da 17\u00aa C\u00fapula Nacional da Funda\u00e7\u00e3o B&amp;G&quot; - 800 participantes - Blog de Yohei Sasakawa (Presidente Honor\u00e1rio da Funda\u00e7\u00e3o Nippon)<\/a>\n                    <\/div>\n                    <div class=\"bc-excerpt-box\"><\/div>\n                <\/div>\n                <div class=\"bc-thumbnail-box\">\n                    <a href=\"https:\/\/blog.canpan.info\/sasakawa\/archive\/9450\" target=\"_blank\">\n                        <div class=\"bc-img-zoom-wrap\">\n                            <img decoding=\"async\" src=\"https:\/\/blog.canpan.info\/sasakawa\/img\/Image_20250123_155139_897-thumbnail2.jpeg\" alt=\"&quot;Palestra da 17\u00aa C\u00fapula Nacional da Funda\u00e7\u00e3o B&amp;G&quot; - 800 participantes - Blog de Yohei Sasakawa (Presidente Honor\u00e1rio da Funda\u00e7\u00e3o Nippon)\">\n                        <\/div>\n                    <\/a>\n                <\/div>\n            <\/div>\n        <\/div>\n<h3>quebrar<\/h3>\n<h2>Parte 2<\/h2>\n<ul>\n<li><strong>presidente:<\/strong>Shiho Ishiyama, prefeito da cidade de Ono, prov\u00edncia de Fukui<\/li>\n<li><strong>Vice-presidente:<\/strong>Prefeito Yasuhiko Sato da cidade de Nankan, prov\u00edncia de Kumamoto<\/li>\n<li><strong>Vice-presidente:<\/strong>Prefeito Toshiro Maruyama da vila de Hakuba, prov\u00edncia de Nagano<\/li>\n<\/ul>\n<figure class=\"wp-caption aligncenter\"><a href=\"https:\/\/photos.google.com\/share\/AF1QipNCIEEehDyv0BIPjWmkOCGOAkKvcgM0JKh0rTbCAV-hQquJrwvrv4rKafH7S5Inxg\/photo\/AF1QipP8AKesDZqLmYLiGxXeA8NxOVslsbvdy1Sd4O4?key=MU96cGl6c0dfMVpJc2djQ2I3RW5ESXBLY0ZVMmhR\" target=\"_blank\"><img decoding=\"async\" src=\"https:\/\/lh3.googleusercontent.com\/pw\/AP1GczNWf7fJgwwDn_3bZDK04U0MF9xTofs-vs_Y_1SW_7lun7vKcW9LQhqZYl_VFwasT0Pz6V-4mdAfZm9bxp9PHFKC0y-lcWDT2EaEkCJyElPKLrJvAf7VZrYY_FSH9vzr7VrfJrcP8BEGcakHY9Daubox=w2000-h1333-s-no-gm?authuser=0\" width=\"2000\" height=\"1333\" alt=\"Presidente: Prefeito Shiho Ishiyama, Vice-presidente: Prefeito da cidade Yasuhiko Sato, Vice-presidente: Prefeito da vila Toshiro Maruyama\" class=\"size-full\" \/><\/a><figcaption class=\"wp-caption-text\">Presidente: Prefeito Shiho Ishiyama, Vice-presidente: Prefeito da cidade Yasuhiko Sato, Vice-presidente: Prefeito da vila Toshiro Maruyama<\/figcaption><\/figure>\n<figure class=\"wp-caption aligncenter\"><a href=\"https:\/\/photos.google.com\/share\/AF1QipNCIEEehDyv0BIPjWmkOCGOAkKvcgM0JKh0rTbCAV-hQquJrwvrv4rKafH7S5Inxg\/photo\/AF1QipNVz7B-w81m6EMpfgUHyeVhUz0P6iZbwqnv1OA?key=MU96cGl6c0dfMVpJc2djQ2I3RW5ESXBLY0ZVMmhR\" target=\"_blank\"><img decoding=\"async\" src=\"https:\/\/lh3.googleusercontent.com\/pw\/AP1GczOkqEJcQE8Cnodi3v1gtC4WFyAEC1iPyDkyXSWwTIDkclDdndW72csON1Oo18U8CZAw-ihuQUSle-Lp_jCWet7v3R3n14BnT_s9dPjzXSfa78LmhkmWlnzwVLGXM23ytPIzCQAIqoI_EdlUwIPyJOVs=w2000-h1333-s-no-gm?authuser=0\" width=\"2000\" height=\"1333\" alt=\"Defini\u00e7\u00e3o de Micro e Macro\" class=\"size-full\" \/><\/a><figcaption class=\"wp-caption-text\">Defini\u00e7\u00e3o de Micro e Macro<\/figcaption><\/figure>\n<h3>Estudo de caso 1: Perspectiva micro<br \/>\nO estado das instala\u00e7\u00f5es p\u00fablicas na perspectiva das pessoas com defici\u00eancia - Estudos de caso sobre o desenvolvimento de instala\u00e7\u00f5es especiais e a utiliza\u00e7\u00e3o de um hangar para barcos de \u00faltima gera\u00e7\u00e3o: Prefeito Ishiyama Takataka, cidade de Kami, prov\u00edncia de Miyagi<\/h3>\n<figure class=\"wp-caption aligncenter\"><a href=\"https:\/\/photos.google.com\/share\/AF1QipNCIEEehDyv0BIPjWmkOCGOAkKvcgM0JKh0rTbCAV-hQquJrwvrv4rKafH7S5Inxg\/photo\/AF1QipOPbhGCIYFqrsPhATfO6jLW1PW4ZJnV4PvcfTQ?key=MU96cGl6c0dfMVpJc2djQ2I3RW5ESXBLY0ZVMmhR\" target=\"_blank\"><img decoding=\"async\" src=\"https:\/\/lh3.googleusercontent.com\/pw\/AP1GczNp0P3d2l95Zwk9Aj5-iOmXp2PQ9FkMF19zouwYYNSfOttkHojBMlJKlHDwBc7EP01oZhjkdJjuNkiJVVLTOAyMG64ECvQv70h5ILUMelK6dJz4xnNvdaCTIR5I5g1uXA77XMRZe3n0Iq1IQH-3w0KD=w2000-h1333-s-no-gm?authuser=0\" width=\"2000\" height=\"1333\" alt=\"Prefeito Takataka Ishiyama da cidade de Miyagi Kenkami\" class=\"size-full\" \/><\/a><figcaption class=\"wp-caption-text\">Prefeito Takataka Ishiyama da cidade de Miyagi Kenkami<\/figcaption><\/figure>\n<p>Entre os anos fiscais de 2019 (Reiwa 1) e 2021 (Reiwa 3), o Centro Marinho Nakaniida, na cidade de Kami, foi financiado por uma doa\u00e7\u00e3o de uma funda\u00e7\u00e3o e renasceu como um &quot;ponto de encontro onde todos podem se divertir juntos&quot;. Todas as instala\u00e7\u00f5es foram adaptadas para pessoas com defici\u00eancia, com rampas de acesso, chuveiros acess\u00edveis para cadeirantes e banheiros adaptados. Um novo escrit\u00f3rio foi constru\u00eddo, com funcion\u00e1rios em tempo integral, criando um ambiente que pode ser usado com seguran\u00e7a por pessoas com defici\u00eancia.<\/p>\n<figure class=\"wp-caption aligncenter\"><a href=\"https:\/\/photos.google.com\/share\/AF1QipNCIEEehDyv0BIPjWmkOCGOAkKvcgM0JKh0rTbCAV-hQquJrwvrv4rKafH7S5Inxg\/photo\/AF1QipO1tLn5Q-fJOauI8TNRQ100NGSerWDZRlyyFAA?key=MU96cGl6c0dfMVpJc2djQ2I3RW5ESXBLY0ZVMmhR\" target=\"_blank\"><img decoding=\"async\" src=\"https:\/\/lh3.googleusercontent.com\/pw\/AP1GczP1tD-DcbuOo47z0cIMJpYnDhHRM9eaxqHkH8LoeKILjEDrwOygH-A304MAHrWSr8ZjDpmfmCYdhHsZK5avPhoF0UQNdlbFrvz6bylKlX7QRcMx8907BmiLc_HC7y5EQZsk8KKmn62-J9nO41YA91DK=w2000-h1333-s-no-gm?authuser=0\" width=\"2000\" height=\"1333\" alt=\"Escola Inclusiva\" class=\"size-full\" \/><\/a><figcaption class=\"wp-caption-text\">Escola Inclusiva<\/figcaption><\/figure>\n<h3>Estudo de caso 2: Perspectiva macro<br \/>\nUm exemplo de utiliza\u00e7\u00e3o de uma instala\u00e7\u00e3o de piscina especial com base no estado das instala\u00e7\u00f5es p\u00fablicas, conforme observado no Plano Diretor da Cidade de Taiki: Prefeito Kurokawa Yutaka, Cidade de Taiki, Hokkaido.<\/h3>\n<figure class=\"wp-caption aligncenter\"><a href=\"https:\/\/photos.google.com\/share\/AF1QipNCIEEehDyv0BIPjWmkOCGOAkKvcgM0JKh0rTbCAV-hQquJrwvrv4rKafH7S5Inxg\/photo\/AF1QipN--onPedW_8CbG9-RoboQAaZ5F1N10fc6NlSs?key=MU96cGl6c0dfMVpJc2djQ2I3RW5ESXBLY0ZVMmhR\" target=\"_blank\"><img decoding=\"async\" src=\"https:\/\/lh3.googleusercontent.com\/pw\/AP1GczPBi9Lq3Nf2WWDw_LvRQWtDq6zUTsjzrlyjlY0ciykZW9Fh92KxG-7RdpgfsIEhb16_5wp1Aw-rjliWIbXBIzqxo-kXx86utSycuQKx9VOR0KccAdbv-CtYVIYG_sVcB5w-o6dUE0syBNczpaNvRskj=w2000-h1333-s-no-gm?authuser=0\" width=\"2000\" height=\"1333\" alt=\"Prefeito da cidade de Taiki, Hokkaido, Yutaka Kurokawa\" class=\"size-full\" \/><\/a><figcaption class=\"wp-caption-text\">Prefeito da cidade de Taiki, Hokkaido, Yutaka Kurokawa<\/figcaption><\/figure>\n<p>No ano fiscal de 2023 (Reiwa 5), o Centro Marinho Taiki utilizou uma doa\u00e7\u00e3o de uma funda\u00e7\u00e3o para substituir sua piscina coberta por uma piscina aquecida interna adjacente \u00e0 escola prim\u00e1ria. A fonte de calor da piscina \u00e9 uma caldeira de biomassa de madeira. Al\u00e9m de uma piscina de 25 metros (4 raias), uma piscina para alunos mais jovens e uma piscina infantil, o centro tamb\u00e9m instalou instala\u00e7\u00f5es como uma sala de aquecimento, banheiros acess\u00edveis, uma \u00e1rea de observa\u00e7\u00e3o, c\u00e2meras de vigil\u00e2ncia e um dispositivo antirretorno em caso de terremoto.<\/p>\n<figure class=\"wp-caption aligncenter\"><a href=\"https:\/\/photos.google.com\/share\/AF1QipNCIEEehDyv0BIPjWmkOCGOAkKvcgM0JKh0rTbCAV-hQquJrwvrv4rKafH7S5Inxg\/photo\/AF1QipNNlIEQYdnLUfgxfrm-qS-3jn1XD_EVgRMZcyo?key=MU96cGl6c0dfMVpJc2djQ2I3RW5ESXBLY0ZVMmhR\" target=\"_blank\"><img decoding=\"async\" src=\"https:\/\/lh3.googleusercontent.com\/pw\/AP1GczPTMLZ-3FK0gvxU3uQB8ZV23WGCVLQ9dGiOLS3UfUm4vfBLJpvpVDK38XZP64UVVltdn6E-IEsSPD7BrpZcKR1ZlCxbqHjZSegNE3SxUe1zCohwB8pVkvIL46ianoOT9HDrGBfPVicRPJOCRKGsC1N2=w2000-h1333-s-no-gm?authuser=0\" width=\"2000\" height=\"1333\" alt=\"Aulas de nata\u00e7\u00e3o e de caminhada na nova piscina.\" class=\"size-full\" \/><\/a><figcaption class=\"wp-caption-text\">Aulas de nata\u00e7\u00e3o e de caminhada na nova piscina.<\/figcaption><\/figure>\n<h3>Solicita\u00e7\u00f5es da Associa\u00e7\u00e3o Nacional de L\u00edderes B&amp;G:<br \/>\nTreinamento e utiliza\u00e7\u00e3o de instrutores: Sr. Sukenao Kudo, Presidente da Associa\u00e7\u00e3o Nacional de Instrutores de B&amp;G (Prefeito da cidade de Nanbu, Prefeitura de Aomori)<\/h3>\n<figure class=\"wp-caption aligncenter\"><a href=\"https:\/\/photos.google.com\/share\/AF1QipNCIEEehDyv0BIPjWmkOCGOAkKvcgM0JKh0rTbCAV-hQquJrwvrv4rKafH7S5Inxg\/photo\/AF1QipNdNIfLXgFDklSUMprES1Sy7cNkHS0PQdz5haU?key=MU96cGl6c0dfMVpJc2djQ2I3RW5ESXBLY0ZVMmhR\" target=\"_blank\"><img decoding=\"async\" src=\"https:\/\/lh3.googleusercontent.com\/pw\/AP1GczM3hOJyRYbEeHIWgCtXJi5KOAiugOq9nkda9dIrhOtUsTlqurakLPDFvSbgMJsJbc0BtrSZroluViRZskh1bcvOilPQ3tEgRHkxYW1riXmVoYDofpNyfkD70U-qg2a8mCvOvJE1PSombVgkUXxmO7JK=w2000-h1333-s-no-gm?authuser=0\" width=\"2000\" height=\"1333\" alt=\"Prefeito da cidade de Nanbu, prov\u00edncia de Aomori, Sr. Sukenao Kudo\" class=\"size-full\" \/><\/a><figcaption class=\"wp-caption-text\">Prefeito da cidade de Nanbu, prov\u00edncia de Aomori, Sr. Sukenao Kudo<\/figcaption><\/figure>\n<ul>\n<li>Solicita\u00e7\u00e3o para envio do curso de forma\u00e7\u00e3o de instrutores do centro em 2025.<\/li>\n<li>Atividades em reuni\u00f5es de l\u00edderes regionais (esfor\u00e7os abrangentes dos l\u00edderes da B&amp;G)<\/li>\n<li>Promover os 3Ks junto aos chefes de governos locais: &quot;Despacho de treinamento&quot;, &quot;Atividades de compreens\u00e3o&quot; e &quot;Comunica\u00e7\u00e3o&quot;.<\/li>\n<\/ul>\n<figure class=\"wp-caption aligncenter\"><a href=\"https:\/\/photos.google.com\/share\/AF1QipNCIEEehDyv0BIPjWmkOCGOAkKvcgM0JKh0rTbCAV-hQquJrwvrv4rKafH7S5Inxg\/photo\/AF1QipNvWETbMX6VqX6E4gPDiywPFx1iWrzcukDZcmk?key=MU96cGl6c0dfMVpJc2djQ2I3RW5ESXBLY0ZVMmhR\" target=\"_blank\"><img decoding=\"async\" src=\"https:\/\/lh3.googleusercontent.com\/pw\/AP1GczOKJJmLxVZU8cecQZEgkZJ4eAE4bTNqDsOmSEi4_CG0PJD4fNN1HAZs6mkQZ1Smzq8YXYvLwXhHHYs2yQnPrIExWyVcppgkVGtQDT0oO12fYmt7EHx99UA22firDnrcdmQXvpTc-SW8HgA0uglFRbu7=w2000-h1333-s-no-gm?authuser=0\" width=\"2000\" height=\"1333\" alt=\"esfor\u00e7os abrangentes dos l\u00edderes da B&amp;G\" class=\"size-full\" \/><\/a><figcaption class=\"wp-caption-text\">esfor\u00e7os abrangentes dos l\u00edderes da B&amp;G<\/figcaption><\/figure>\n<h3>Relat\u00f3rio da 21\u00aa Confer\u00eancia Nacional de Superintendentes da B&amp;G:<br \/>\nNoriko Yoneda, Presidente da Confer\u00eancia Nacional de Superintendentes de Educa\u00e7\u00e3o de Bangladesh e Gujarat (Superintendente de Educa\u00e7\u00e3o da cidade de Yabu, Prefeitura de Hyogo)<\/h3>\n<figure class=\"wp-caption aligncenter\"><a href=\"https:\/\/photos.google.com\/share\/AF1QipNCIEEehDyv0BIPjWmkOCGOAkKvcgM0JKh0rTbCAV-hQquJrwvrv4rKafH7S5Inxg\/photo\/AF1QipOcd9fLMWBqp7ryYB1Ja_j773LDTYMXvgMDk94?key=MU96cGl6c0dfMVpJc2djQ2I3RW5ESXBLY0ZVMmhR\" target=\"_blank\"><img decoding=\"async\" src=\"https:\/\/lh3.googleusercontent.com\/pw\/AP1GczOxTB_NhW-v1c934Mn5aAZ_e_7bolj-THB7M_om7ahMRsMD_21tlnjQzTkbeMpWeFYEVANE8Tlm_bbvO5ivmh4NGxWmOub5RPqjKnJoqp7mfZIb1NTMDmSUhLEi2x7Rnly66mOgCCBsldNrrgLp3_U2=w2000-h1333-s-no-gm?authuser=0\" width=\"2000\" height=\"1333\" alt=\"Noriko Yoneda, Presidente da Confer\u00eancia Nacional de Superintendentes de Educa\u00e7\u00e3o de Bangladesh e Superintendente de Educa\u00e7\u00e3o da cidade de Yabu, Prefeitura de Hyogo.\" class=\"size-full\" \/><\/a><figcaption class=\"wp-caption-text\">Noriko Yoneda, Presidente da Confer\u00eancia Nacional de Superintendentes de Educa\u00e7\u00e3o de Bangladesh e Superintendente de Educa\u00e7\u00e3o da cidade de Yabu, Prefeitura de Hyogo.<\/figcaption><\/figure>\n<ul>\n<li>A 21\u00aa Confer\u00eancia Nacional de Superintendentes de Educa\u00e7\u00e3o de B&amp;G foi realizada na sexta-feira, 22 de novembro de 2024, com um total de 295 participantes, incluindo 222 superintendentes de 238 munic\u00edpios em 45 prefeituras.<\/li>\n<li>Palestra principal: &quot;Criando uma nova forma de atividades de clubes locais: Akihisa Shirota, Diretor Representante da Associa\u00e7\u00e3o Geral Incorporada Mirai Chizu&quot;<\/li>\n<li>Outras apresenta\u00e7\u00f5es de casos<\/li>\n<li>Recomenda\u00e7\u00f5es da 21\u00aa Confer\u00eancia Nacional de Superintendentes de Educa\u00e7\u00e3o: Criar um ambiente que permita atividades diversificadas<\/li>\n<\/ul>\n<figure class=\"wp-caption aligncenter\"><a href=\"https:\/\/photos.google.com\/share\/AF1QipNCIEEehDyv0BIPjWmkOCGOAkKvcgM0JKh0rTbCAV-hQquJrwvrv4rKafH7S5Inxg\/photo\/AF1QipPuFz9_sDUOoBlmKsXRpbsRxgbc9oVpgyhYGTc?key=MU96cGl6c0dfMVpJc2djQ2I3RW5ESXBLY0ZVMmhR\" target=\"_blank\"><img decoding=\"async\" src=\"https:\/\/lh3.googleusercontent.com\/pw\/AP1GczOfUGO3s8sTeLuHFgCiuxFK0njegdbiEJOK-p-kcLdIo_BwDKdnwKRNzcHh1RGB6w9RXYTSmDI9UR2BiesEXi6cKu7ouErhXgJOC7Wj5-iTlC5S7Cq7A0N1YevnKLRcg2ntROwX1jfx2fwdVuzDOlaK=w2000-h1333-s-no-gm?authuser=0\" width=\"2000\" height=\"1333\" alt=\"Recomenda\u00e7\u00f5es da 21\u00aa Confer\u00eancia Nacional de Superintendentes de Educa\u00e7\u00e3o\" class=\"size-full\" \/><\/a><figcaption class=\"wp-caption-text\">Recomenda\u00e7\u00f5es da 21\u00aa Confer\u00eancia Nacional de Superintendentes de Educa\u00e7\u00e3o<\/figcaption><\/figure>\n<h3>Relat\u00f3rio Interino do Projeto de Amizade B&amp;G<br \/>\nRelat\u00f3rio de progresso do Projeto de Ajuda \u00e0s V\u00edtimas do Terremoto na Pen\u00ednsula de Noto em 2024: Tomoaki Asahida, Diretor Executivo da Funda\u00e7\u00e3o B&amp;G<\/h3>\n<figure class=\"wp-caption aligncenter\"><a href=\"https:\/\/photos.google.com\/share\/AF1QipNCIEEehDyv0BIPjWmkOCGOAkKvcgM0JKh0rTbCAV-hQquJrwvrv4rKafH7S5Inxg\/photo\/AF1QipO-2NIp8_s8uUjDkH6exgANulg16_WLV20qNU8?key=MU96cGl6c0dfMVpJc2djQ2I3RW5ESXBLY0ZVMmhR\" target=\"_blank\"><img decoding=\"async\" src=\"https:\/\/lh3.googleusercontent.com\/pw\/AP1GczOS85BriN7TpUS__La4AJRNO_Uc6gcku1iBSeaGbzxav5C3FDYMcUdpxzE9_LFaylIElMWzk0_wD7s_PbejcNXrN94ghIBegv_7O4rD2vDtBYb2JovyVc5Ob2Wbr8xYGW5IgpPchjwZXm_FClg_3pfb=w2000-h1333-s-no-gm?authuser=0\" width=\"2000\" height=\"1333\" alt=\"Tomoaki Asahida, Diretor Executivo da Funda\u00e7\u00e3o B&amp;G\" class=\"size-full\" \/><\/a><figcaption class=\"wp-caption-text\">Tomoaki Asahida, Diretor Executivo da Funda\u00e7\u00e3o B&amp;G<\/figcaption><\/figure>\n<ul>\n<li>Munic\u00edpios-alvo: Cidade de Anamizu, Cidade de Shika, Cidade de Nanao. Montante total do apoio: 23.773.501 ienes. <\/li>\n<li>Explica\u00e7\u00e3o do Diretor Executivo sobre a situa\u00e7\u00e3o atual no Centro Marinho da \u00c1rea de Desastres:<br \/>\nProporcionar experi\u00eancias de esportes n\u00e1uticos, oferecer \u00e1reas de lazer e atividades pr\u00e1ticas para crian\u00e7as, apoiar as compras para complexos de moradias tempor\u00e1rias, doar bebidas para institui\u00e7\u00f5es de assist\u00eancia \u00e0 inf\u00e2ncia, apoiar servi\u00e7os de cuidados com as m\u00e3os em lares de idosos e apoiar o festival Obon para fam\u00edlias enlutadas pelo desastre do terremoto.<\/li>\n<\/ul>\n<figure class=\"wp-caption aligncenter\"><a href=\"https:\/\/photos.google.com\/share\/AF1QipNCIEEehDyv0BIPjWmkOCGOAkKvcgM0JKh0rTbCAV-hQquJrwvrv4rKafH7S5Inxg\/photo\/AF1QipN7hUKODjQ_wfwZJQLCwbwWj6R0fPWZzZVMuh8?key=MU96cGl6c0dfMVpJc2djQ2I3RW5ESXBLY0ZVMmhR\" target=\"_blank\"><img decoding=\"async\" src=\"https:\/\/lh3.googleusercontent.com\/pw\/AP1GczOMX06fKLlEvXn-IirGfntdxkCS5aDMaa1oCfnmvEma6QcLyQWCH0aTHB3ixn-huQp7n3-seack-i547r4H566LETS6Na1LasbX62Mswo_ur_mKcmJ2hXX7UHRqcY4D5-PzAA4_8nihDyHmZhUhBsTu=w2000-h1333-s-no-gm?authuser=0\" width=\"2000\" height=\"1333\" alt=\"Projeto de Amizade B&amp;G\" class=\"size-full\" \/><\/a><figcaption class=\"wp-caption-text\">Projeto de Amizade B&amp;G<\/figcaption><\/figure>\n<h3>Relat\u00f3rio sobre o estado atual da reconstru\u00e7\u00e3o na cidade de Anamizu, prov\u00edncia de Ishikawa.<br \/>\nJunko Oma, Superintendente de Educa\u00e7\u00e3o, Munic\u00edpio de Anamizu, Prefeitura de Ishikawa<\/h3>\n<figure class=\"wp-caption aligncenter\"><a href=\"https:\/\/photos.google.com\/share\/AF1QipNCIEEehDyv0BIPjWmkOCGOAkKvcgM0JKh0rTbCAV-hQquJrwvrv4rKafH7S5Inxg\/photo\/AF1QipO3AwEKdwi8IamUgBQjnoHrLRxIAXQrAke-oL0?key=MU96cGl6c0dfMVpJc2djQ2I3RW5ESXBLY0ZVMmhR\" target=\"_blank\"><img decoding=\"async\" src=\"https:\/\/lh3.googleusercontent.com\/pw\/AP1GczPgypZkKG-LufMH9VyCiU1b8ZoIVtMNeDPCvO0P7AusRZVhI51JSCgk8HHCXVYmzd1O2I5ZKQsNskShrnnBBgZHEaU2CT4pFrvonK60nvvv8OL45iXYqmBEzgNSYoeUND-xBYfb3aMVZ8rS-SLF7kd0=w2000-h1333-s-no-gm?authuser=0\" width=\"2000\" height=\"1333\" alt=\"Sra. Junko Oma, Superintendente de Educa\u00e7\u00e3o da cidade de Anamizu, Prefeitura de Ishikawa\" class=\"size-full\" \/><\/a><figcaption class=\"wp-caption-text\">Sra. Junko Oma, Superintendente de Educa\u00e7\u00e3o da cidade de Anamizu, Prefeitura de Ishikawa<\/figcaption><\/figure>\n<ul>\n<li>Situa\u00e7\u00e3o atual do alojamento tempor\u00e1rio \u30fbAulas h\u00edbridas online (alunos do 3\u00ba ano do ensino fundamental II)<\/li>\n<li>Crian\u00e7as da pr\u00e9-escola e alunos do ensino fundamental passam tempo juntos, comem o almo\u00e7o escolar feito com materiais de ajuda humanit\u00e1ria e todos cooperam para viver a vida escolar normalmente.<\/li>\n<li>Com a conclus\u00e3o do pr\u00e9dio provis\u00f3rio da escola prim\u00e1ria, as aulas foram retomadas ap\u00f3s um hiato de oito meses.<\/li>\n<li>As crian\u00e7as v\u00e3o para a escola com sorrisos nos rostos.<\/li>\n<li>Gra\u00e7as ao apoio meticuloso da Funda\u00e7\u00e3o B&amp;G, as crian\u00e7as est\u00e3o transformando suas tristes lembran\u00e7as do terremoto em lembran\u00e7as felizes.<\/li>\n<li>Isso me d\u00e1 coragem e energia, e me ajuda a dar o meu melhor. Obrigada!<\/li>\n<\/ul>\n<h3>Est\u00e3o abertas as inscri\u00e7\u00f5es! Informa\u00e7\u00f5es sobre os programas de bolsas da funda\u00e7\u00e3o para o pr\u00f3ximo ano.<br \/>\nNana Wakabayashi, Se\u00e7\u00e3o do Marine Center Club, Divis\u00e3o Comercial<\/h3>\n<figure class=\"wp-caption aligncenter\"><a href=\"https:\/\/photos.google.com\/share\/AF1QipNCIEEehDyv0BIPjWmkOCGOAkKvcgM0JKh0rTbCAV-hQquJrwvrv4rKafH7S5Inxg\/photo\/AF1QipNlV-A8w3LW5K4A19Kku0ld_Zd3dWeyU3PJoJs?key=MU96cGl6c0dfMVpJc2djQ2I3RW5ESXBLY0ZVMmhR\" target=\"_blank\"><img decoding=\"async\" src=\"https:\/\/lh3.googleusercontent.com\/pw\/AP1GczNugtjxKJWSyaaIrzbkl_neBU6QIKV1Pj2nHNWMJF2bFrqKbg4s18cKxKDMRxL78iWpBaMgj5ioPsCSBoTfhO4C8rcE-4uxELQQlqG5T-UvC6XArpHcdiqIM0lRUlrs-c4KXuk0IqEG-7NLDMQ6FpMq=w2000-h1333-s-no-gm?authuser=0\" width=\"2000\" height=\"1333\" alt=\"Nana Wakabayashi, Divis\u00e3o Comercial, Se\u00e7\u00e3o do Clube do Centro N\u00e1utico\" class=\"size-full\" \/><\/a><figcaption class=\"wp-caption-text\">Nana Wakabayashi, Divis\u00e3o Comercial, Se\u00e7\u00e3o do Clube do Centro N\u00e1utico<\/figcaption><\/figure>\n<ul>\n<li>Projeto especial de apoio \u00e0 preven\u00e7\u00e3o da insola\u00e7\u00e3o: Instala\u00e7\u00e3o de postos de primeiros socorros ao redor da piscina do Centro Marinho (limitado a 15 locais no ano fiscal de 2025).<\/li>\n<li>Instala\u00e7\u00e3o de &quot;Caixas de Coleta B&amp;G (caixas de lixo dedicadas \u00e0 coleta de lixo trazido pela mar\u00e9)&quot;<\/li>\n<li>Informa\u00e7\u00f5es sobre o Clube N\u00e1utico<\/li>\n<\/ul>\n<figure class=\"wp-caption aligncenter\"><a href=\"https:\/\/photos.google.com\/share\/AF1QipNCIEEehDyv0BIPjWmkOCGOAkKvcgM0JKh0rTbCAV-hQquJrwvrv4rKafH7S5Inxg\/photo\/AF1QipPN90xfcfOO-XunMkx6nrM-_fbPQKDwXzkWvYI?key=MU96cGl6c0dfMVpJc2djQ2I3RW5ESXBLY0ZVMmhR\" target=\"_blank\"><img decoding=\"async\" src=\"https:\/\/lh3.googleusercontent.com\/pw\/AP1GczN7E5Sk2sB77YxwKP7GbOwGugeTziExDy3ckXp0W9r3e0abju1-y-NJ-Xy9JM0_AIaNt6WFlH0AkM1SVlfTFk5ocLGhKxk4JMOk1YapdgN7OmJePM70vuEkkeZ4A_ZiK7MoivHqihqOYd07b0eBsnyt=w2000-h1333-s-no-gm?authuser=0\" width=\"2000\" height=\"1333\" alt=\"Projeto de instala\u00e7\u00e3o de caixa de coleta\" class=\"size-full\" \/><\/a><figcaption class=\"wp-caption-text\">Projeto de instala\u00e7\u00e3o de caixa de coleta<\/figcaption><\/figure>\n<h3>Apresenta\u00e7\u00e3o dos estagi\u00e1rios enviados pelos governos locais.<\/h3>\n<figure class=\"wp-caption aligncenter\"><a href=\"https:\/\/photos.google.com\/share\/AF1QipNCIEEehDyv0BIPjWmkOCGOAkKvcgM0JKh0rTbCAV-hQquJrwvrv4rKafH7S5Inxg\/photo\/AF1QipMnLLQH0KBtCyPXuJlFgbJi61ge_05_gQiMn-s?key=MU96cGl6c0dfMVpJc2djQ2I3RW5ESXBLY0ZVMmhR\" target=\"_blank\"><img decoding=\"async\" src=\"https:\/\/lh3.googleusercontent.com\/pw\/AP1GczM1zgPgmAfeuJNlugZsiWSpjgiWJIcjkFFI8a8u0Qa83VA1lx1UAtQ7xLbCopdaihNfI5VMd7QvSLNp4MFQIdCceoltRn3L0as9cekd7JZoJTmZnmCWSRzCAfubwsomczMvnAwElE0RhaTErSV_8knV=w2000-h1333-s-no-gm?authuser=0\" width=\"2000\" height=\"1333\" alt=\"Estagi\u00e1rios enviados pelos governos locais (Sr. Mitsuteru Hirotomi, Sr. Kazuhiro Kayama, Sra. Hideko Matsuoka)\" class=\"size-full\" \/><\/a><figcaption class=\"wp-caption-text\">Estagi\u00e1rios enviados pelos governos locais (Sr. Mitsuteru Hirotomi, Sr. Kazuhiro Kayama, Sra. Hideko Matsuoka)<\/figcaption><\/figure>\n<ul>\n<li>Cedido pela cidade de Aibetsu, Hokkaido \u2192 Designado para a Se\u00e7\u00e3o de Centro Marinho e Clubes do Departamento Comercial: Mitsuteru Hirotomi<\/li>\n<li>Cedido pela cidade de Nagi, prov\u00edncia de Okayama \u2192 Designado para o Departamento Comercial, Centro Marinho e Divis\u00e3o de Clubes: Kazuhiro Kayama<\/li>\n<li>Cedida da cidade de Amagi, prov\u00edncia de Kagoshima \u2192 Designada para a Divis\u00e3o de Planejamento e Rela\u00e7\u00f5es P\u00fablicas do Departamento de Planejamento: Hideko Matsuoka<\/li>\n<li>Planejamento e execu\u00e7\u00e3o de projeto de ajuda humanit\u00e1ria em casos de desastre: &quot;Visitas de assist\u00eancia domiciliar a lares de idosos&quot;:<br \/>\nO evento foi planejado com o objetivo de revigorar a mente e o corpo, resultando em uma melhoria da sa\u00fade mental.<\/li>\n<\/ul>\n<figure class=\"wp-caption aligncenter\"><a href=\"https:\/\/photos.google.com\/share\/AF1QipNCIEEehDyv0BIPjWmkOCGOAkKvcgM0JKh0rTbCAV-hQquJrwvrv4rKafH7S5Inxg\/photo\/AF1QipN5kQ8ddo27aAQGz9PN59iKoaxHpSxJmVPsuoY?key=MU96cGl6c0dfMVpJc2djQ2I3RW5ESXBLY0ZVMmhR\" target=\"_blank\"><img decoding=\"async\" src=\"https:\/\/lh3.googleusercontent.com\/pw\/AP1GczOmZzJd27VwduzRPcjXLIsvNEMeqTeuvhDPAB-OpnsntFkRA7Ysmls_S49jzy6_kxirpJMwm5Idvc5z-gd9GmLj9p0qYkZocVJ9WgSLqDEPtpuZRusE3PoRUaDb-tS8Y_lVgsazdfANfHxI1Gu1jKZf=w2000-h1333-s-no-gm?authuser=0\" width=\"2000\" height=\"1333\" alt=\"Visitas a lares de idosos para cuidados com as m\u00e3os.\" class=\"size-full\" \/><\/a><figcaption class=\"wp-caption-text\">Visitas a lares de idosos para cuidados com as m\u00e3os.<\/figcaption><\/figure>\n<h2>Parte 3<\/h2>\n<h3>Pr\u00eamio: Centro de Avalia\u00e7\u00e3o Especial A por 10 anos consecutivos<\/h3>\n<figure class=\"wp-caption aligncenter\"><a href=\"https:\/\/photos.google.com\/share\/AF1QipNCIEEehDyv0BIPjWmkOCGOAkKvcgM0JKh0rTbCAV-hQquJrwvrv4rKafH7S5Inxg\/photo\/AF1QipO9RjMDplQlPoSzltKVGrCXlZxsXqbaAPxr4YE?key=MU96cGl6c0dfMVpJc2djQ2I3RW5ESXBLY0ZVMmhR\" target=\"_blank\"><img decoding=\"async\" src=\"https:\/\/lh3.googleusercontent.com\/pw\/AP1GczMxwMQq-YimjZEbwlMijjIxT6FrfncWxESFp4LVOqiUFWZyyQ0XuxNTEXQwlcX9u4ByAQ-TrKdn0-oZJWBI2D3iP4E-Bv98FsmoynKuT2l_da414nnVka65zeHuGJc7bM1dxQ_xQS_qKNmN2aWivheO=w2000-h1333-s-no-gm?authuser=0\" width=\"2000\" height=\"1333\" alt=\"Pr\u00eamio Especial do Centro de Avalia\u00e7\u00e3o A por 10 anos consecutivos.\" class=\"size-full\" \/><\/a><figcaption class=\"wp-caption-text\">Pr\u00eamio Especial do Centro de Avalia\u00e7\u00e3o A por 10 anos consecutivos.<\/figcaption><\/figure>\n<p>*Devido ao grande n\u00famero de premiados com o Pr\u00eamio Especial do Centro de Avalia\u00e7\u00e3o A pelo 10\u00ba ano consecutivo, os pr\u00eamios foram apresentados por meio de v\u00eddeo, e um representante recebeu o pr\u00eamio no palco.<\/p>\n<h4>Pr\u00eamio da Cidade de Hokuryu<\/h4>\n<figure class=\"wp-caption aligncenter\"><a href=\"https:\/\/photos.google.com\/share\/AF1QipNCIEEehDyv0BIPjWmkOCGOAkKvcgM0JKh0rTbCAV-hQquJrwvrv4rKafH7S5Inxg\/photo\/AF1QipOJV14rfJoXVdK6v2d4BdaEaVwdk-S7kzV0wds?key=MU96cGl6c0dfMVpJc2djQ2I3RW5ESXBLY0ZVMmhR\" target=\"_blank\"><img decoding=\"async\" src=\"https:\/\/lh3.googleusercontent.com\/pw\/AP1GczOBTAlAXWbX9iyzSndPW0MkVuEHjdEsEV9iXhJEdPLEtnio8QoJldhJWmJghLay25_CDdzKTPMj5Z5mxGNWgPcEJdcAN1hpKg2M9Z8WIApqwx-4AxppuG7gDFFVkUZN24Rz7JqU6bkunl_gVpgAIMUd=w2000-h1333-s-no-gm?authuser=0\" width=\"2000\" height=\"1333\" alt=\"A cidade de Hokuryu, pequena mas vibrante, ostenta o t\u00edtulo de vila de girass\u00f3is n\u00famero um do Jap\u00e3o.\" class=\"size-full\" \/><\/a><figcaption class=\"wp-caption-text\">A cidade de Hokuryu, pequena mas vibrante, ostenta o t\u00edtulo de vila de girass\u00f3is n\u00famero um do Jap\u00e3o.<\/figcaption><\/figure>\n<figure class=\"wp-caption aligncenter\"><a href=\"https:\/\/photos.google.com\/share\/AF1QipNCIEEehDyv0BIPjWmkOCGOAkKvcgM0JKh0rTbCAV-hQquJrwvrv4rKafH7S5Inxg\/photo\/AF1QipMh4lZCe3X6aRK84Ci9efaBjwcJHEiP9bgduVs?key=MU96cGl6c0dfMVpJc2djQ2I3RW5ESXBLY0ZVMmhR\" target=\"_blank\"><img decoding=\"async\" src=\"https:\/\/lh3.googleusercontent.com\/pw\/AP1GczM3WzIj_zBlh4FncRq5iW8-XD3LAEc3CP87OQV4cW61PUuM7YptIQOqKnvgLS8vDYn8CavGLk0027GRlFaDK5DusGs_I1KjmuTG8AudbMerMxT9oyH4usLjOF9JVv963wxbPXcZVEhL9CbRZyZzJ4It=w2000-h1333-s-no-gm?authuser=0\" width=\"2000\" height=\"1333\" alt=\"Sr. Yasuhiro Sasaki, cidade de Hokuryu\" class=\"size-full\" \/><\/a><figcaption class=\"wp-caption-text\">Sr. Yasuhiro Sasaki, cidade de Hokuryu<\/figcaption><\/figure>\n<h4>Todos os 21 munic\u00edpios foram premiados.<\/h4>\n<ol>\n<li>B&amp;G Marine Center, cidade de Obira, Hokkaido\u2026\u2026\u2026Prefeito Tsuguo Seki<\/li>\n<li>B&amp;G Marine Center, cidade de Enbetsu, Hokkaido\u2026\u2026\u2026Prefeito Masato Kunibe<\/li>\n<li><strong>B&amp;G Marine Center, cidade de Hokuryu, Hokkaido...Prefeito Yasuhiro Sasaki<\/strong><\/li>\n<li>B&amp;G Marine Center, cidade de Ashibetsu, Hokkaido\u2026\u2026\u2026Prefeito Hagiwara<\/li>\n<li>B&amp;G Marine Center, cidade de Kamifurano, Hokkaido...Prefeito Shigeru Saito<\/li>\n<li>B&amp;G Marine Center, Onoue, cidade de Hirakawa, prov\u00edncia de Aomori...Prefeito Tadayuki Nagao<\/li>\n<li>B&amp;G Marine Center, Taneichi, cidade de Hirono, prov\u00edncia de Iwate...Prefeito Masayoshi Okamoto<\/li>\n<li>Centro Marinho B&amp;G, Nishime, cidade de Yurihonjo, prov\u00edncia de Akita. Prefeito Takanobu Minato<\/li>\n<li>Centro Marinho B&amp;G, Cidade de Yoshimi, Prefeitura de Saitama...Prefeito Yoshio Miyazaki<\/li>\n<li>B&amp;G Marine Center, Aikata, cidade de Niigata, prov\u00edncia de Niigata...Prefeito Yaichi Nakahara<\/li>\n<li>Niitsu B&amp;G Marine Center, cidade de Niigata, prov\u00edncia de Niigata...Prefeito Yaichi Nakahara<\/li>\n<li>B&amp;G Marine Center, Ogi, cidade de Sado, prov\u00edncia de Niigata\u2026Prefeito Ryugo Watanabe<\/li>\n<li>Centro Marinho B&amp;G, Yao, Cidade de Toyama, Prefeitura de Toyama\u2026Prefeito Hirohisa Fujii<\/li>\n<li>B&amp;G Marine Center, Maruoka, cidade de Sakai, prov\u00edncia de Fukui...Prefeito Yoshitaka Ikeda<\/li>\n<li>Cidade de Nakatsugawa, prov\u00edncia de Gifu, Fukuoka B&amp;G Marine Center...Prefeito Hitoshi Oguri<\/li>\n<li>Prefeito Keita Watanabe, B&amp;G Marine Center, cidade de Tomika, prov\u00edncia de Gifu<\/li>\n<li>B&amp;G Marine Center, Toda, cidade de Numazu, prov\u00edncia de Shizuoka\u2026Prefeito Shuichi Yorishige<\/li>\n<li>Centro Marinho Kozakai B&amp;G, cidade de Toyokawa, prov\u00edncia de Aichi...Prefeito Yukio Takemoto<\/li>\n<li>B&amp;G Marine Center, cidade de Taga, prov\u00edncia de Shiga...Prefeito Kubo Hisayoshi<\/li>\n<li>Centro Marinho Asakura B&amp;G, cidade de Imabari, prov\u00edncia de Ehime...Prefeito Shigeki Tokunaga<\/li>\n<li>B&amp;G Marine Center, cidade de Otomo, prov\u00edncia de Fukuoka...Prefeito Joji Nagahara<\/li>\n<\/ol>\n<h3>Centro que recebeu a classifica\u00e7\u00e3o Especial A por 20 anos consecutivos.<\/h3>\n<ol>\n<li>Centro Marinho B&amp;G, Cidade de Fuchu, Prefeitura de Hiroshima....Prefeito Ono Shinto<\/li>\n<li>B&amp;G Marine Center, Misao, cidade de Ainan, prov\u00edncia de Ehime....Prefeito Ikunobu Nakamura<\/li>\n<\/ol>\n<figure class=\"wp-caption aligncenter\"><a href=\"https:\/\/photos.google.com\/share\/AF1QipNCIEEehDyv0BIPjWmkOCGOAkKvcgM0JKh0rTbCAV-hQquJrwvrv4rKafH7S5Inxg\/photo\/AF1QipPDAnyvpZ9ePJIUlHh2lkvul-PBsiyeXtbpOPo?key=MU96cGl6c0dfMVpJc2djQ2I3RW5ESXBLY0ZVMmhR\" target=\"_blank\"><img decoding=\"async\" src=\"https:\/\/lh3.googleusercontent.com\/pw\/AP1GczMIU00gD60M-51WGl5UZFgwuvfJKr3oSlB2H6JZUXf-RK5RQyHHtm-F637rGBlo3RlzU3K1QPa4B5BPCVgswve693fk3IMgIu_ElgUexKrKKJpyNHvuaXzX6tDKKkpyp817XnRx7gPKM4KWhn6rYFqz=w2000-h1333-s-no-gm?authuser=0\" width=\"2000\" height=\"1333\" alt=\"20 anos consecutivos de Pr\u00eamios Especiais do Centro de Avalia\u00e7\u00e3o A (Prefeito Ono Shinto do Centro Marinho B&amp;G, cidade de Fuchu, prov\u00edncia de Hiroshima, e Prefeito Nakamura Iku do Centro Marinho B&amp;G Mishou, cidade de Ainan, prov\u00edncia de Ehime)\" class=\"size-full\" \/><\/a><figcaption class=\"wp-caption-text\">20\u00ba Pr\u00eamio consecutivo do Centro de Avalia\u00e7\u00e3o Especial A: Prefeito Ono Shinto do Centro Marinho B&amp;G, cidade de Fuchu, prov\u00edncia de Hiroshima<br \/>\nPrefeito Iku Nakamura, Centro Marinho Mishou B&amp;G, cidade de Ainan, prov\u00edncia de Ehime<\/figcaption><\/figure>\n<h3>Declara\u00e7\u00e3o Conjunta da C\u00fapula Nacional<\/h3>\n<figure class=\"wp-caption aligncenter\"><a href=\"https:\/\/photos.google.com\/share\/AF1QipNCIEEehDyv0BIPjWmkOCGOAkKvcgM0JKh0rTbCAV-hQquJrwvrv4rKafH7S5Inxg\/photo\/AF1QipMQew5oyJw1zo8QAaQbUEtovIknWZcuvyeNkkk?key=MU96cGl6c0dfMVpJc2djQ2I3RW5ESXBLY0ZVMmhR\" target=\"_blank\"><img decoding=\"async\" src=\"https:\/\/lh3.googleusercontent.com\/pw\/AP1GczOVUSv818q59vwGQwv6QQbrFagcGhKC9vXw9vVdQ8dk0LTJxSIyUDgrZ1ZXIRHwaaEGEPDQj4OgZJ4h4kr51fjZKgD628rP2cIa8s3bSbI14LCw46_s2MPeP7rKhmh4-wDT9JNVezyQ9Oo3RY6A2ngX=w2000-h1333-s-no-gm?authuser=0\" width=\"2000\" height=\"1333\" alt=\"declara\u00e7\u00e3o conjunta\" class=\"size-full\" \/><\/a><figcaption class=\"wp-caption-text\">declara\u00e7\u00e3o conjunta<\/figcaption><\/figure>\n<p>Criar um espa\u00e7o que todos possam usar, mas que as pessoas queiram usar: Vamos entender as necessidades da comunidade local que circunda o Centro Marinho e agregar valor para modernizar as instala\u00e7\u00f5es e torn\u00e1-las ainda mais atraentes!<\/p>\n<figure class=\"wp-caption aligncenter\"><a href=\"https:\/\/photos.google.com\/share\/AF1QipNCIEEehDyv0BIPjWmkOCGOAkKvcgM0JKh0rTbCAV-hQquJrwvrv4rKafH7S5Inxg\/photo\/AF1QipPnwX1MQ9dN39_eGG5uhUiiaE3FwW2XWGzEt9g?key=MU96cGl6c0dfMVpJc2djQ2I3RW5ESXBLY0ZVMmhR\" target=\"_blank\"><img decoding=\"async\" src=\"https:\/\/lh3.googleusercontent.com\/pw\/AP1GczPwbjYgpl2tjhlZ_V9LmAY55kxK3F50VlfNNZKANyJaf1w4MasEJXiguMf-JHlt6Aki2P2Nds7-mTqLmmdYPRyzMzwZj3Y5QZTAHQyldgNo1nYydMmfxyNR1Blt2k8nqIPivbvjI1ODc7Bhn1HJZzk5=w2000-h1333-s-no-gm?authuser=0\" width=\"2000\" height=\"1333\" alt=\"As instala\u00e7\u00f5es foram modernizadas e agora s\u00e3o mais atraentes!\" class=\"size-full\" \/><\/a><figcaption class=\"wp-caption-text\">As instala\u00e7\u00f5es foram modernizadas e agora s\u00e3o mais atraentes!<\/figcaption><\/figure>\n<h3>Coment\u00e1rios finais de Yuki Kishi, membro do Conselho Curador da Funda\u00e7\u00e3o B&amp;G.<\/h3>\n<figure class=\"wp-caption aligncenter\"><a href=\"https:\/\/photos.google.com\/share\/AF1QipNCIEEehDyv0BIPjWmkOCGOAkKvcgM0JKh0rTbCAV-hQquJrwvrv4rKafH7S5Inxg\/photo\/AF1QipNdIKNAoHBvOdTcfE2J6HYteVMDTuj9DtyLh8w?key=MU96cGl6c0dfMVpJc2djQ2I3RW5ESXBLY0ZVMmhR\" target=\"_blank\"><img decoding=\"async\" src=\"https:\/\/lh3.googleusercontent.com\/pw\/AP1GczPk-nNNb1lPXCOsyNUmOhxDC7-TPyDZfKHW5sjFhhvOpRf49SMs1SJ4eJHDYElepb8D3Zp1jRAW3Sq-u4KK2djowOTX9Fvhqoz67uKIYR4t9YuFqz9Bap2hyNy2uDzoFqqaOMEEwk1AMzlHggn5SHTN=w2000-h1333-s-no-gm?authuser=0\" width=\"2000\" height=\"1333\" alt=\"Yuki Kishi, administradora da Funda\u00e7\u00e3o B&amp;G\" class=\"size-full\" \/><\/a><figcaption class=\"wp-caption-text\">Yuki Kishi, administradora da Funda\u00e7\u00e3o B&amp;G<\/figcaption><\/figure>\n<p>A vereadora Yuki Kishi disse que se sentiu inspirada pela C\u00fapula Nacional e impressionada com os estudos de caso apresentados pela cidade de Kami, na prov\u00edncia de Miyagi, e pela cidade de Taiki, em Hokkaido. Ela tamb\u00e9m enfatizou a import\u00e2ncia do pensamento flex\u00edvel na utiliza\u00e7\u00e3o do Centro Marinho.<\/p>\n<figure class=\"wp-caption aligncenter\"><a href=\"https:\/\/photos.google.com\/share\/AF1QipNCIEEehDyv0BIPjWmkOCGOAkKvcgM0JKh0rTbCAV-hQquJrwvrv4rKafH7S5Inxg\/photo\/AF1QipO2QiFV9hKEfRowJaoxR02ZIFIpgX-PPPCi9sU?key=MU96cGl6c0dfMVpJc2djQ2I3RW5ESXBLY0ZVMmhR\" target=\"_blank\"><img decoding=\"async\" src=\"https:\/\/lh3.googleusercontent.com\/pw\/AP1GczPKgn-cJxAWFfPBS5ExIUsv0D_-KphLWYIxt_O4louKtPEFIjTpJw13RlXT5BW5yYEL5zhmiV2a9qaiP0P9L08yIaxiBRvO-D3KoPp9kenUqpLpvqGjNxPNuLncw0bIk9kll8Accen_51s4YML0XVOu=w2000-h1333-s-no-gm?authuser=0\" width=\"2000\" height=\"1333\" alt=\"A C\u00fapula Nacional da B&amp;G chega ao fim.\" class=\"size-full\" \/><\/a><figcaption class=\"wp-caption-text\">A C\u00fapula Nacional da B&amp;G chega ao fim.<\/figcaption><\/figure>\n<figure class=\"wp-caption aligncenter\"><a href=\"https:\/\/photos.google.com\/share\/AF1QipNCIEEehDyv0BIPjWmkOCGOAkKvcgM0JKh0rTbCAV-hQquJrwvrv4rKafH7S5Inxg\/photo\/AF1QipPacWbPOcORHVDhZDaUCaWRSeuEB3vHiGkjyaA?key=MU96cGl6c0dfMVpJc2djQ2I3RW5ESXBLY0ZVMmhR\" target=\"_blank\"><img decoding=\"async\" src=\"https:\/\/lh3.googleusercontent.com\/pw\/AP1GczOnYnx8D-FMr2Hi33f050l7pHyexk7qJn_yDUaF6ByFShUbv2O2vAnLVf3R7_7OtrLzfnxmneax3lQLJ79UKMEyZtyc6HMiAvSVsvI957WqtDhb5yrV7fbD58A-fE1GZ-owbcdIsRUEqZpKryYj-huJ=w2000-h1500-s-no-gm?authuser=0\" width=\"2000\" height=\"1500\" alt=\"Gostar\u00edamos de expressar nossa sincera gratid\u00e3o \u00e0 Funda\u00e7\u00e3o B&amp;G pelo excelente trabalho que realizam em prol da realiza\u00e7\u00e3o dos grandes sonhos dos jovens!\" class=\"size-full\" \/><\/a><figcaption class=\"wp-caption-text\">Gostar\u00edamos de expressar nossa sincera gratid\u00e3o \u00e0 Funda\u00e7\u00e3o B&amp;G pelo excelente trabalho que realizam em prol da realiza\u00e7\u00e3o dos grandes sonhos dos jovens!<\/figcaption><\/figure>\n<p>Com amor, gratid\u00e3o e ora\u00e7\u00f5es ilimitadas, a Funda\u00e7\u00e3o B&amp;G trabalha com uma perspectiva ampla sob o conceito de &quot;criar um futuro repleto de cenas maravilhosas onde os olhos das crian\u00e7as brilham, os jovens falam sobre grandes sonhos e os idosos passam seus dias com sorrisos gentis&quot;, e por suas grandes conquistas em guiar o futuro do Jap\u00e3o com uma vibra\u00e7\u00e3o brilhante e en\u00e9rgica.<\/p>\n<h2>v\u00eddeos do YouTube<\/h2>\n<div class=\"youtube\"><iframe title=\"A 17\u00aa C\u00fapula Nacional B&amp;G de 2025 ser\u00e1 realizada, e a cidade de Hokuryu ser\u00e1 reconhecida como um Centro de Avalia\u00e7\u00e3o Especial A pelo 10\u00ba ano consecutivo!\" src=\"https:\/\/www.youtube.com\/embed\/2aBqYyXcJhE?feature=oembed\" frameborder=\"0\" allow=\"accelerometer; autoplay; clipboard-write; encrypted-media; gyroscope; picture-in-picture; web-share\" referrerpolicy=\"strict-origin-when-cross-origin\" allowfullscreen><\/iframe><\/div>\n<div class=\"youtube\"><iframe title=\"Discurso de abertura especial da 17\u00aa C\u00fapula Nacional B&amp;G 2025: &quot;O futuro do Jap\u00e3o est\u00e1 em perigo?&quot;, por Yohei Sasakawa, Presidente da Funda\u00e7\u00e3o Nippon.\" src=\"https:\/\/www.youtube.com\/embed\/iqzYIms7_Z0?feature=oembed\" frameborder=\"0\" allow=\"accelerometer; autoplay; clipboard-write; encrypted-media; gyroscope; picture-in-picture; web-share\" referrerpolicy=\"strict-origin-when-cross-origin\" allowfullscreen><\/iframe><\/div>\n<h2>Outras fotos<\/h2>\n<div class=\"img-move\"><img decoding=\"async\" style=\"vertical-align: middle;\" src=\"https:\/\/ehokkaido.net\/wp-content\/uploads\/2021\/12\/2021-12-06-11.41.12.png\" \/> <a href=\"https:\/\/photos.app.goo.gl\/V85bG46RrXcWSoGb8\" target=\"_blank\" rel=\"noopener noreferrer\">As fotos (325 fotos) da 17\u00aa C\u00fapula Nacional B&amp;G 2025 est\u00e3o dispon\u00edveis aqui &gt;&gt;<\/a><\/div>\n<h2>Sites relacionados<\/h2>\n\n        <div class=\"site-blogcard-premium\">\n            <div class=\"bc-label-custom\">Artigos relacionados<\/div>\n            <div class=\"bc-flex-container\">\n                <div class=\"bc-main-text\">\n                    <div class=\"bc-title-link-box\">\n                        <a href=\"https:\/\/www.bgf.or.jp\/kaigi\/summit\/2025\/20250124_summit.html\" target=\"_blank\">A 17\u00aa &quot;C\u00fapula Nacional B&amp;G&quot; foi realizada | Funda\u00e7\u00e3o B&amp;G<\/a>\n                    <\/div>\n                    <div class=\"bc-excerpt-box\"><\/div>\n                <\/div>\n                <div class=\"bc-thumbnail-box\">\n                    <a href=\"https:\/\/www.bgf.or.jp\/kaigi\/summit\/2025\/20250124_summit.html\" target=\"_blank\">\n                        <div class=\"bc-img-zoom-wrap\">\n                            <img decoding=\"async\" src=\"https:\/\/www.bgf.or.jp\/wp-content\/uploads\/2025\/01\/20250124_summit_topindex.jpg\" alt=\"A 17\u00aa &quot;C\u00fapula Nacional B&amp;G&quot; foi realizada | Funda\u00e7\u00e3o B&amp;G\">\n                        <\/div>\n                    <\/a>\n                <\/div>\n            <\/div>\n        <\/div>\n\u3000<br \/>\n\n        <div class=\"site-blogcard-premium\">\n            <div class=\"bc-label-custom\">Artigos relacionados<\/div>\n            <div class=\"bc-flex-container\">\n                <div class=\"bc-main-text\">\n                    <div class=\"bc-title-link-box\">\n                        <a href=\"https:\/\/www.isenp.co.jp\/2025\/01\/24\/123453\" target=\"_blank\">https:\/\/www.isenp.co.jp\/2025\/01\/24\/123453<\/a>\n                    <\/div>\n                    <div class=\"bc-excerpt-box\">N\u00e3o foi poss\u00edvel recuperar as informa\u00e7\u00f5es da p\u00e1gina.<\/div>\n                <\/div>\n                <div class=\"bc-thumbnail-box\">\n                    <a href=\"https:\/\/www.isenp.co.jp\/2025\/01\/24\/123453\" target=\"_blank\">\n                        <div class=\"bc-img-zoom-wrap\">\n                            <img decoding=\"async\" src=\"https:\/\/portal.hokuryu.info\/wp\/wp-content\/uploads\/2026\/02\/20230802DSC06445_1.jpg\" alt=\"https:\/\/www.isenp.co.jp\/2025\/01\/24\/123453\">\n                        <\/div>\n                    <\/a>\n                <\/div>\n            <\/div>\n        <\/div>\n\n        <div class=\"site-blogcard-premium\">\n            <div class=\"bc-label-custom\">Artigos relacionados<\/div>\n            <div class=\"bc-flex-container\">\n                <div class=\"bc-main-text\">\n                    <div class=\"bc-title-link-box\">\n                        <a href=\"https:\/\/www.muromin.jp\/news.php?id=120539\" target=\"_blank\">Pol\u00edticos precisam de lideran\u00e7a, apela Sasakawa, presidente da Funda\u00e7\u00e3o Nippon, a prefeitos em c\u00fapula nacional | Edi\u00e7\u00e3o Online do Muroran Minpo<\/a>\n                    <\/div>\n                    <div class=\"bc-excerpt-box\">[T\u00f3quio] A Funda\u00e7\u00e3o B&amp;G (Presidente: Yasuyoshi Maeda, T\u00f3quio) realizou sua 17\u00aa C\u00fapula Nacional em T\u00f3quio no dia 22, e...<\/div>\n                <\/div>\n                <div class=\"bc-thumbnail-box\">\n                    <a href=\"https:\/\/www.muromin.jp\/news.php?id=120539\" target=\"_blank\">\n                        <div class=\"bc-img-zoom-wrap\">\n                            <img decoding=\"async\" src=\"https:\/\/www.muromin.jp\/up\/img\/m\/20250123201336509_2288701705.jpg\" alt=\"Pol\u00edticos precisam de lideran\u00e7a, apela Sasakawa, presidente da Funda\u00e7\u00e3o Nippon, a prefeitos em c\u00fapula nacional | Edi\u00e7\u00e3o Online do Muroran Minpo\">\n                        <\/div>\n                    <\/a>\n                <\/div>\n            <\/div>\n        <\/div>\n\n        <div class=\"site-blogcard-premium\">\n            <div class=\"bc-label-custom\">Artigos relacionados<\/div>\n            <div class=\"bc-flex-container\">\n                <div class=\"bc-main-text\">\n                    <div class=\"bc-title-link-box\">\n                        <a href=\"https:\/\/blog.goo.ne.jp\/yasuhiko-fujisawa\/e\/f4cc8078f8f245d510b5cb3b5510a162\" target=\"_blank\">https:\/\/blog.goo.ne.jp\/yasuhiko-fujisawa\/e\/f4cc8078f8f245d510b5cb3b5510a162<\/a>\n                    <\/div>\n                    <div class=\"bc-excerpt-box\">N\u00e3o foi poss\u00edvel recuperar as informa\u00e7\u00f5es da p\u00e1gina.<\/div>\n                <\/div>\n                <div class=\"bc-thumbnail-box\">\n                    <a href=\"https:\/\/blog.goo.ne.jp\/yasuhiko-fujisawa\/e\/f4cc8078f8f245d510b5cb3b5510a162\" target=\"_blank\">\n                        <div class=\"bc-img-zoom-wrap\">\n                            <img decoding=\"async\" src=\"https:\/\/portal.hokuryu.info\/wp\/wp-content\/uploads\/2026\/02\/20230802DSC06445_1.jpg\" alt=\"https:\/\/blog.goo.ne.jp\/yasuhiko-fujisawa\/e\/f4cc8078f8f245d510b5cb3b5510a162\">\n                        <\/div>\n                    <\/a>\n                <\/div>\n            <\/div>\n        <\/div>\n\n        <div class=\"site-blogcard-premium\">\n            <div class=\"bc-label-custom\">Artigos relacionados<\/div>\n            <div class=\"bc-flex-container\">\n                <div class=\"bc-main-text\">\n                    <div class=\"bc-title-link-box\">\n                        <a href=\"https:\/\/www.city.fukui-sakai.lg.jp\/shogai-gakusyu\/houdou\/r6\/20250123bghyousyou.html\" target=\"_blank\">O Centro Marinho Maruoka B&amp;G, na cidade de Sakai, prov\u00edncia de Fukui, recebeu o pr\u00eamio &quot;Especial A&quot; pelo d\u00e9cimo ano consecutivo.<\/a>\n                    <\/div>\n                    <div class=\"bc-excerpt-box\"><\/div>\n                <\/div>\n                <div class=\"bc-thumbnail-box\">\n                    <a href=\"https:\/\/www.city.fukui-sakai.lg.jp\/shogai-gakusyu\/houdou\/r6\/20250123bghyousyou.html\" target=\"_blank\">\n                        <div class=\"bc-img-zoom-wrap\">\n                            <img decoding=\"async\" src=\"https:\/\/www.city.fukui-sakai.lg.jp\/shared\/images\/sns\/logo.png\" alt=\"O Centro Marinho Maruoka B&amp;G, na cidade de Sakai, prov\u00edncia de Fukui, recebeu o pr\u00eamio &quot;Especial A&quot; pelo d\u00e9cimo ano consecutivo.\">\n                        <\/div>\n                    <\/a>\n                <\/div>\n            <\/div>\n        <\/div>\n\n        <div class=\"site-blogcard-premium\">\n            <div class=\"bc-label-custom\">Artigos relacionados<\/div>\n            <div class=\"bc-flex-container\">\n                <div class=\"bc-main-text\">\n                    <div class=\"bc-title-link-box\">\n                        <a href=\"https:\/\/www.city.taketa.oita.jp\/soshiki\/somuka\/hisyo\/shichonoheya\/ugoki2025\/10808.html\" target=\"_blank\">Eventos em 22 de janeiro de 2025 \/ Cidade de Taketa<\/a>\n                    <\/div>\n                    <div class=\"bc-excerpt-box\"><\/div>\n                <\/div>\n                <div class=\"bc-thumbnail-box\">\n                    <a href=\"https:\/\/www.city.taketa.oita.jp\/soshiki\/somuka\/hisyo\/shichonoheya\/ugoki2025\/10808.html\" target=\"_blank\">\n                        <div class=\"bc-img-zoom-wrap\">\n                            <img decoding=\"async\" src=\"https:\/\/www.city.taketa.oita.jp\/material\/images\/group\/1\/544739488296337410.jpg\" alt=\"Eventos em 22 de janeiro de 2025 \/ Cidade de Taketa\">\n                        <\/div>\n                    <\/a>\n                <\/div>\n            <\/div>\n        <\/div>\n<p>\u25c7 Entrevista e texto: Ikuko Terauchi (Fotografia e assist\u00eancia de edi\u00e7\u00e3o: Noboru Terauchi)<\/p>","protected":false},"excerpt":{"rendered":"<p>\uff12\uff10\uff12\uff15\u5e74\uff11\u6708\uff12\uff17\u65e5\uff08\u6708\uff09 \uff11\u6708\uff12\uff12\u65e5\uff08\u6c34\uff09\u3001\u300c\u7b2c\uff11\uff17\u56de\uff22\uff06\uff27\u5168\u56fd\u30b5\u30df\u30c3\u30c8\u300d\u304c\u30d9\u30eb\u30b5\u30fc\u30eb\u6771\u4eac\u65e5\u672c\u6a4b\uff08\u6771\u4eac\u90fd\u4e2d\u592e\u533a\uff09\u306b\u3066\u958b\u50ac\u3055\u308c\u307e\u3057\u305f\u3002\u4eca\u56de\u306e\u7b2c\uff11\uff17\u56de\uff22\uff06\uff27\u5168\u56fd\u30b5\u30df\u30c3\u30c8\u3067\u306f\u3001\u300c\u30df\u30af\u30ed\u3068\u30de\u30af\u30ed\u3067\u898b\u308b\u516c\u5171\u65bd [&hellip;]<\/p>\n","protected":false},"author":1,"featured_media":54987,"comment_status":"open","ping_status":"open","sticky":false,"template":"","format":"standard","meta":{"footnotes":""},"categories":[4,75,23],"tags":[],"class_list":["post-54953","post","type-post","status-publish","format-standard","has-post-thumbnail","hentry","category-cover-story","category-sasaki-yasuhiro-mayor","category-board-of-education"],"_links":{"self":[{"href":"https:\/\/portal.hokuryu.info\/pt\/wp-json\/wp\/v2\/posts\/54953","targetHints":{"allow":["GET"]}}],"collection":[{"href":"https:\/\/portal.hokuryu.info\/pt\/wp-json\/wp\/v2\/posts"}],"about":[{"href":"https:\/\/portal.hokuryu.info\/pt\/wp-json\/wp\/v2\/types\/post"}],"author":[{"embeddable":true,"href":"https:\/\/portal.hokuryu.info\/pt\/wp-json\/wp\/v2\/users\/1"}],"replies":[{"embeddable":true,"href":"https:\/\/portal.hokuryu.info\/pt\/wp-json\/wp\/v2\/comments?post=54953"}],"version-history":[{"count":0,"href":"https:\/\/portal.hokuryu.info\/pt\/wp-json\/wp\/v2\/posts\/54953\/revisions"}],"wp:featuredmedia":[{"embeddable":true,"href":"https:\/\/portal.hokuryu.info\/pt\/wp-json\/wp\/v2\/media\/54987"}],"wp:attachment":[{"href":"https:\/\/portal.hokuryu.info\/pt\/wp-json\/wp\/v2\/media?parent=54953"}],"wp:term":[{"taxonomy":"category","embeddable":true,"href":"https:\/\/portal.hokuryu.info\/pt\/wp-json\/wp\/v2\/categories?post=54953"},{"taxonomy":"post_tag","embeddable":true,"href":"https:\/\/portal.hokuryu.info\/pt\/wp-json\/wp\/v2\/tags?post=54953"}],"curies":[{"name":"wp","href":"https:\/\/api.w.org\/{rel}","templated":true}]}}