{"id":54808,"date":"2025-01-20T09:35:47","date_gmt":"2025-01-20T00:35:47","guid":{"rendered":"https:\/\/portal.hokuryu.info\/?p=54808"},"modified":"2025-01-20T09:54:11","modified_gmt":"2025-01-20T00:54:11","slug":"%e5%8c%97%e7%ab%9c%e7%94%ba%e8%ba%ab%e4%bd%93%e9%9a%9c%e5%ae%b3%e8%80%85%e7%a6%8f%e7%a5%89%e5%8d%94%e4%bc%9a%e7%b7%8f%e4%bc%9a-%ef%bc%86-%e6%96%b0%e5%b9%b4%e4%bc%9a-2025%e3%83%bb%e9%9a%9c%e3%81%8c","status":"publish","type":"post","link":"https:\/\/portal.hokuryu.info\/pt\/54808\/","title":{"rendered":"Assembleia Geral e Festa de Ano Novo de 2025 da Associa\u00e7\u00e3o de Assist\u00eancia a Pessoas com Defici\u00eancia F\u00edsica da Cidade de Hokuryu - Aceitando as defici\u00eancias como elas s\u00e3o e apoiando-nos mutuamente."},"content":{"rendered":"<p>Ter\u00e7a-feira, 21 de janeiro de 2025<\/p>\n<p>A Assembleia Geral da Associa\u00e7\u00e3o de Assist\u00eancia a Pessoas com Defici\u00eancia F\u00edsica da Cidade de Hokuryu e a Festa de Ano Novo foram realizadas no Centro de Assist\u00eancia a Idosos da Cidade de Hokuryu a partir das 11h da manh\u00e3 de quinta-feira, 16 de janeiro de 2025.<\/p>\n<h2>Assembleia Geral e Festa de Ano Novo de 2025 da Associa\u00e7\u00e3o de Assist\u00eancia a Pessoas com Defici\u00eancia F\u00edsica da Cidade de Hokuryu<\/h2>\n<figure class=\"wp-caption aligncenter\"><a href=\"https:\/\/photos.google.com\/share\/AF1QipOG0nomSYbFB2Y3fCE2v0rBr7PZQT27lADa5WOW--K_Gu9djnisjKLgjSw7U4mooA\/photo\/AF1QipPmhEInxyXx8RJlpgFyVRza5x5NJXN-fDPtxNg?key=RXdacElXdGVCVGlIaE1lWHVhcE43ZGZod2VxSzRB\" target=\"_blank\"><img decoding=\"async\" src=\"https:\/\/lh3.googleusercontent.com\/pw\/AP1GczO2zFZs70CVFMgLDW55eZMhjihdBRYt3t3MV9_HMPrAZglD3w5sJnP4uYXgjlRdY0ZM6O5S-jFDYGF_jONFHyJXNYv2bOmBlI9zOxkwFNKIidIQ8QeM6N1beodRVWn09M9NYQ6aJ8yywxDIIPLq4dSf=w2000-h1500-s-no-gm?authuser=0\" width=\"2000\" height=\"1500\" alt=\"Centro de Bem-Estar para Idosos da Cidade de Hokuryu\" class=\"size-full\" \/><\/a><figcaption class=\"wp-caption-text\">Centro de Bem-Estar para Idosos da Cidade de Hokuryu<\/figcaption><\/figure>\n<figure class=\"wp-caption aligncenter\"><a href=\"https:\/\/photos.google.com\/share\/AF1QipOG0nomSYbFB2Y3fCE2v0rBr7PZQT27lADa5WOW--K_Gu9djnisjKLgjSw7U4mooA\/photo\/AF1QipO0kNDX6NTqIW5MKvqHEXGg8EdD2gtOouvDA1s?key=RXdacElXdGVCVGlIaE1lWHVhcE43ZGZod2VxSzRB\" target=\"_blank\"><img decoding=\"async\" src=\"https:\/\/lh3.googleusercontent.com\/pw\/AP1GczMI2yRtZWidaJ8i8aGCu5M--uY3XszzLiiUUYIK3w5g8fx5xydMQl0FES2v5bRtzCh9xDoAj1efcO4XTEe7biOgNGslnsmDKArjYrZfcjfQbZtQ4ir_5NA2Qco6TSBAwAzIQpVdA_5jciPFXz5xYdFn=w2000-h1500-s-no-gm?authuser=0\" width=\"2000\" height=\"1500\" alt=\"Associa\u00e7\u00e3o Municipal de Hokuryu para o Bem-Estar de Pessoas com Defici\u00eancia F\u00edsica: Assembleia Geral e Festa de Ano Novo\" class=\"size-full\" \/><\/a><figcaption class=\"wp-caption-text\">Associa\u00e7\u00e3o Municipal de Hokuryu para o Bem-Estar de Pessoas com Defici\u00eancia F\u00edsica: Assembleia Geral e Festa de Ano Novo<\/figcaption><\/figure>\n<p>O evento contou com a presen\u00e7a de oito pessoas, incluindo o presidente Yamashita Yoshiharu e o vice-presidente Motobu Iwao da Associa\u00e7\u00e3o de Assist\u00eancia Social para Pessoas com Defici\u00eancia F\u00edsica da cidade de Hokuryu, al\u00e9m de membros e funcion\u00e1rios da secretaria.<\/p>\n<p>O prefeito Yasuhiro Sasaki e o chefe da Se\u00e7\u00e3o de Assuntos Residentes, Naohiro Hosokawa, tamb\u00e9m compareceram \u00e0 festa de Ano Novo e fizeram discursos.<\/p>\n<h3>MC: Michito Nakamura, Secret\u00e1rio Geral, Conselho Municipal de Bem-Estar Social de Hokuryu (Fukuoka)<\/h3>\n<figure class=\"wp-caption aligncenter\"><a href=\"https:\/\/photos.google.com\/share\/AF1QipOG0nomSYbFB2Y3fCE2v0rBr7PZQT27lADa5WOW--K_Gu9djnisjKLgjSw7U4mooA\/photo\/AF1QipN6lvm_f72wnE1R5QKbiebkc0oJr9ITxvmyu04?key=RXdacElXdGVCVGlIaE1lWHVhcE43ZGZod2VxSzRB\" target=\"_blank\"><img decoding=\"async\" src=\"https:\/\/lh3.googleusercontent.com\/pw\/AP1GczPIFVEqXD4abIew0lqb_cj7fs4ONRWVAokCRLgNwaeMlYCPAyjZKYWBWzzdHZednSgyK8CD1c5SJfhcTMFO4wkEoRqAdIxPOqLuIUBNEzS58xDwpCemBpPcZzAeP7_wn5waaLI1iQoPVecTPxlxp-sn=w2000-h1125-s-no-gm?authuser=0\" width=\"2000\" height=\"1125\" alt=\"O moderador geral foi o Secret\u00e1rio-Geral Michihito Nakamura.\" class=\"size-full\" \/><\/a><figcaption class=\"wp-caption-text\">O moderador geral foi o Secret\u00e1rio-Geral Michihito Nakamura.<\/figcaption><\/figure>\n<h3>Discurso de abertura da assembleia geral: Presidente Yoshiharu Yamashita<\/h3>\n<figure class=\"wp-caption aligncenter\"><a href=\"https:\/\/photos.google.com\/share\/AF1QipOG0nomSYbFB2Y3fCE2v0rBr7PZQT27lADa5WOW--K_Gu9djnisjKLgjSw7U4mooA\/photo\/AF1QipNlG5M7-mJThSjt5SYushJh9T23kanBWPN81ZI?key=RXdacElXdGVCVGlIaE1lWHVhcE43ZGZod2VxSzRB\" target=\"_blank\"><img decoding=\"async\" src=\"https:\/\/lh3.googleusercontent.com\/pw\/AP1GczNyeidlEEpofbOxFgzI-wk3sSPfzu7MHjnpFF-X2th0Nj2FrqHyEM-rMINgjz_-7r02sDC-raLBlQPzUs7_cbbpe8-3J1QxAwqqTJvijzpnTxRCcUHSa5_aJgmYkqxAP_nGyYsLU2CmroNI715OZhFu=w2000-h1125-s-no-gm?authuser=0\" width=\"2000\" height=\"1125\" alt=\"Discurso de abertura da assembleia geral: Presidente Yoshiharu Yamashita\" class=\"size-full\" \/><\/a><figcaption class=\"wp-caption-text\">Discurso de abertura da assembleia geral: Presidente Yoshiharu Yamashita<\/figcaption><\/figure>\n<p>Bom dia. No ano passado, passei por uma s\u00e9rie de infort\u00fanios entre meus parentes e familiares, e fiquei de luto, sem poder sair de casa mesmo que quisesse.<\/p>\n<p>Mesmo com a chegada do ano novo, eu me sentia muito sozinha porque n\u00e3o conseguia desejar &quot;Feliz Ano Novo&quot; a ningu\u00e9m nem sair de casa.<\/p>\n<p>O mesmo vale para pessoas com defici\u00eancia f\u00edsica; acho que seria bom para elas entenderem a situa\u00e7\u00e3o em que se encontram, sa\u00edrem para caminhar e aproveitarem a vida.<\/p>\n<p>Na cidade de Hokuryu, existem 99 pessoas com certificado de defici\u00eancia. Entre elas, h\u00e1 pessoas com mobilidade reduzida e idosos. Em uma cidade com uma popula\u00e7\u00e3o de pouco menos de 1.600 habitantes, 99 pessoas s\u00e3o portadoras de defici\u00eancia f\u00edsica e, se incluirmos as pessoas com defici\u00eancia n\u00e3o f\u00edsica, o n\u00famero total ultrapassa 100.<\/p>\n<p>\u00c9 o mesmo com m\u00e1quinas e carros; quando quebram, s\u00e3o consertados. As pessoas tamb\u00e9m podem ter problemas. N\u00e3o h\u00e1 nada de que se envergonhar por ter uma defici\u00eancia f\u00edsica; apenas significa que elas t\u00eam uma condi\u00e7\u00e3o f\u00edsica diferente da de uma pessoa saud\u00e1vel. Isso n\u00e3o significa que n\u00e3o possam fazer as mesmas coisas que todos os outros, mas podem fazer algumas coisas. Apenas existem algumas \u00e1reas em que n\u00e3o conseguem faz\u00ea-las.<\/p>\n<p>Como todos sabem, \u00e0 medida que a popula\u00e7\u00e3o da cidade diminuiu, o mesmo aconteceu com essas organiza\u00e7\u00f5es.<\/p>\n<p>Existe um ditado que diz &quot;dois podem fazer qualquer coisa&quot;, e por isso, mesmo sendo uma organiza\u00e7\u00e3o pequena numa cidade pequena, queremos trabalhar com a mentalidade de que todos podemos viver felizes e em harmonia.<\/p>\n<p>&quot;Gostaria de pedir a todos que expressem quaisquer opini\u00f5es que possam ter durante a assembleia geral&quot;, disse o presidente Yamashita.<\/p>\n<h3>Presidente da Assembleia Geral: Yoshiharu Yamashita, Presidente e Explica\u00e7\u00e3o da Ordem do Dia: Michihito Nakamura, Secret\u00e1rio-Geral<\/h3>\n<figure class=\"wp-caption aligncenter\"><a href=\"https:\/\/photos.google.com\/share\/AF1QipOG0nomSYbFB2Y3fCE2v0rBr7PZQT27lADa5WOW--K_Gu9djnisjKLgjSw7U4mooA\/photo\/AF1QipOiSlQFaATLIlzAd6cU4OFbPZYROQ-dOuV7Vgk?key=RXdacElXdGVCVGlIaE1lWHVhcE43ZGZod2VxSzRB\" target=\"_blank\"><img decoding=\"async\" src=\"https:\/\/lh3.googleusercontent.com\/pw\/AP1GczO5Jbg7i-L2FEtpKmNPp8Q5PwlWRpIeVEg2Prt9JtM2gZGr2xpQxM00-Fdx-jQgSB1boadO8LIJ20pR3O8i0mQQj1rS6D1PZmytaZQmIEO4TwEgrkPFWY27vTynbWiKmN4qUKV4SOeC6O8FtMJBT0Oq=w2000-h1125-s-no-gm?authuser=0\" width=\"2000\" height=\"1125\" alt=\"Presidente da Assembleia Geral: Yoshiharu Yamashita, Presidente\" class=\"size-full\" \/><\/a><figcaption class=\"wp-caption-text\">Presidente da Assembleia Geral: Yoshiharu Yamashita, Presidente<\/figcaption><\/figure>\n<figure class=\"wp-caption aligncenter\"><a href=\"https:\/\/photos.google.com\/share\/AF1QipOG0nomSYbFB2Y3fCE2v0rBr7PZQT27lADa5WOW--K_Gu9djnisjKLgjSw7U4mooA\/photo\/AF1QipNpmq_yJkIVjGqV1Jmxv2KEUHwUkyCbm4J5D6M?key=RXdacElXdGVCVGlIaE1lWHVhcE43ZGZod2VxSzRB\" target=\"_blank\"><img decoding=\"async\" src=\"https:\/\/lh3.googleusercontent.com\/pw\/AP1GczPkgRW0ZCQBvQqAtffdlNiQQKgLG678JsrJBL_c1SEfZeYKfYWZZvgdpi60Bu0iwhbQ1nLprb5dX3SQFTiaphir49DtIy7BI3J-HHjastYm3DEA2zyq5VMurPIE2vG-Yqd98HChpbgUhc6rLxMmc3S5=w2000-h1125-s-no-gm?authuser=0\" width=\"2000\" height=\"1125\" alt=\"Explica\u00e7\u00e3o da proposta: Michihito Nakamura, Secret\u00e1rio-Geral\" class=\"size-full\" \/><\/a><figcaption class=\"wp-caption-text\">Explica\u00e7\u00e3o da proposta: Michihito Nakamura, Secret\u00e1rio-Geral<\/figcaption><\/figure>\n<ul>\n<li>Relat\u00f3rio de Neg\u00f3cios e Demonstra\u00e7\u00e3o de Resultados \/ Relat\u00f3rio de Auditoria do Exerc\u00edcio de 2024<\/li>\n<li>Plano de Neg\u00f3cios para o Ano Fiscal de 2025 (Rascunho) e Or\u00e7amento de Receitas e Despesas (Rascunho)<\/li>\n<li>outros<\/li>\n<\/ul>\n<figure class=\"wp-caption aligncenter\"><a href=\"https:\/\/photos.google.com\/share\/AF1QipOG0nomSYbFB2Y3fCE2v0rBr7PZQT27lADa5WOW--K_Gu9djnisjKLgjSw7U4mooA\/photo\/AF1QipMqAIPG-hR9q90jFPufhZ7StnAdCCYNQwc-usI?key=RXdacElXdGVCVGlIaE1lWHVhcE43ZGZod2VxSzRB\" target=\"_blank\"><img decoding=\"async\" src=\"https:\/\/lh3.googleusercontent.com\/pw\/AP1GczP9JZDYKtEVgHWcjl3olnMDlNrJB4yDiOPyxhH7fAzVTvT-WtpW0ZeJVuHKruDML2OoN3Cq1Fp-X7mUKf5b1io-O-kJFMrhWXzR_IRZP1g9f5xJ3SUObP-6kPwtX7A2vikT_02rmAC_JYLfYi0vw2Rf=w2000-h1125-s-no-gm?authuser=0\" width=\"2000\" height=\"1125\" alt=\"Relat\u00f3rio de auditoria: Seiichi Ito\" class=\"size-full\" \/><\/a><figcaption class=\"wp-caption-text\">Relat\u00f3rio de auditoria: Seiichi Ito<\/figcaption><\/figure>\n<h2>festa de ano novo<\/h2>\n<h3>Observa\u00e7\u00f5es iniciais: Presidente Yoshiharu Yamashita<\/h3>\n<figure class=\"wp-caption aligncenter\"><a href=\"https:\/\/photos.google.com\/share\/AF1QipOG0nomSYbFB2Y3fCE2v0rBr7PZQT27lADa5WOW--K_Gu9djnisjKLgjSw7U4mooA\/photo\/AF1QipMYP-3mKYb8qOJPnDPiiIGGzjM4ViXd--GX9LQ?key=RXdacElXdGVCVGlIaE1lWHVhcE43ZGZod2VxSzRB\" target=\"_blank\"><img decoding=\"async\" src=\"https:\/\/lh3.googleusercontent.com\/pw\/AP1GczP9wxLZ7K-4hGHtaXqox6OYXkLu4gBHf2M6HTNljgNQrGybvDZq8kZ7sWgr19C84Oz1nA3koXApl6ieoSsL2UqDC73ksG0oz47_8oLqpTUpvT1o3G3WZXahhsMDSIjgThZ2J0Fimya_UZB5eVBNw-5-=w2000-h1125-s-no-gm?authuser=0\" width=\"2000\" height=\"1125\" alt=\"Sauda\u00e7\u00f5es de Ano Novo: Presidente Yoshiharu Yamashita\" class=\"size-full\" \/><\/a><figcaption class=\"wp-caption-text\">Sauda\u00e7\u00f5es de Ano Novo: Presidente Yoshiharu Yamashita<\/figcaption><\/figure>\n<p>&quot;No ano novo, penso no que quero fazer e no que quero alcan\u00e7ar, de acordo com meus objetivos e esperan\u00e7as. \u00c9 um pensamento esperan\u00e7oso.&quot;<\/p>\n<p>Todos os dias, os notici\u00e1rios relatam que coisas terr\u00edveis est\u00e3o acontecendo em todo o mundo. Mesmo que estejamos nos divertindo em nossas cidades, os humanos s\u00e3o animais. J\u00e1 ouvi muitas vezes de pessoas importantes que &quot;Os humanos s\u00e3o animais, ent\u00e3o far\u00e3o o que os animais devem fazer&quot;. Portanto, parece que a guerra n\u00e3o vai acabar.<\/p>\n<p>Vivo uma vida feliz, fazendo planos e esperando por muitas coisas no meu pa\u00eds, na minha vizinhan\u00e7a e na minha cidade, mas acho que coisas que eu nunca imaginei que aconteceriam.<\/p>\n<p>Pensando bem, acho que \u00e9 porque somos todos seres humanos que conseguimos resolver esses problemas. Por outro lado, h\u00e1 coisas completamente diferentes acontecendo, como os inc\u00eandios florestais nos EUA, e sinto que tamb\u00e9m precisamos nos interessar por elas. Quando o meio ambiente muda na Terra, todo tipo de coisa acontece. Quando voc\u00ea olha por essa perspectiva, percebe que minha cidade tamb\u00e9m est\u00e1 mudando de v\u00e1rias maneiras.<\/p>\n<p>Um exemplo recente \u00e9 a constru\u00e7\u00e3o de um dep\u00f3sito para preven\u00e7\u00e3o de desastres atr\u00e1s da prefeitura, que antes n\u00e3o existia.<\/p>\n<p>Muitas pessoas dizem que Hokuryu \u00e9 um bom lugar para se viver, apesar dos terremotos que atingiram todo o pa\u00eds. No entanto, cidades e vilarejos vizinhos afirmam que Hokuryu sofreu mais desastres do que eles. Isso porque, ao longo de sua hist\u00f3ria, Hokuryu vivenciou quase todos os tipos de desastres, incluindo enchentes, terremotos e tornados. O maior desafio no momento \u00e9 a pandemia de COVID-19 e a perspectiva de decl\u00ednio populacional.<\/p>\n<p>Trata-se de um fen\u00f4meno em que os produtos desaparecem \u00e0 medida que a popula\u00e7\u00e3o diminui. Na cidade vizinha de Uryu, o supermercado desapareceu, ent\u00e3o os idosos agora precisam pegar dois \u00f4nibus para ir ao supermercado &quot;Cocoa&quot; em Hokuryu e fazer compras.<\/p>\n<p>\u00c9 assim que o mundo est\u00e1 mudando, e a forma como as cidades s\u00e3o administradas tamb\u00e9m est\u00e1 mudando. A maneira como respondermos a essa situa\u00e7\u00e3o atual ser\u00e1 um desafio para o futuro. O mais importante \u00e9 que, mesmo que muitas coisas diminuam, \u00e9 fundamental continuar.<\/p>\n<p>\u00c9 muito f\u00e1cil destruir coisas, mas uma vez destru\u00eddas, \u00e9 dif\u00edcil reconstru\u00ed-las. Portanto, o importante \u00e9 como dar continuidade a elas.<\/p>\n<p>Como voc\u00ea deve saber, esta \u00e9 a atividade de um grupo chamado &quot;Clube Dacho&quot; na cidade de Hokuryu. Eles realizavam diversas atividades em um canto do campo de girass\u00f3is com o objetivo de alegrar os visitantes, mas acabaram se dissolvendo. Isso trouxe \u00e0 tona a quest\u00e3o de encontrar um sucessor. Ap\u00f3s muito esfor\u00e7o, eles finalmente encontraram um sucessor e agora podem dar continuidade ao grupo.<\/p>\n<p>Espero que a cidade de Hokuryu continue a se desenvolver, valorizando as coisas boas que tem a oferecer.<\/p>\n<p>O mais importante \u00e9 criar uma cidade onde seja f\u00e1cil para os moradores viverem.<\/p>\n<p>Entre eles, as pessoas com defici\u00eancia f\u00edsica est\u00e3o todas trabalhando arduamente com a mentalidade de &quot;Embora tenhamos defici\u00eancia f\u00edsica, faremos as mesmas coisas que as pessoas sem defici\u00eancia&quot;.<\/p>\n<p>&quot;Vamos todos nos divertir juntos no futuro! Muito obrigado&quot;, disse o presidente Yamashita em sua sauda\u00e7\u00e3o.<\/p>\n<h3>Sauda\u00e7\u00f5es do prefeito Yasuhiro Sasaki<\/h3>\n<figure class=\"wp-caption aligncenter\"><a href=\"https:\/\/photos.google.com\/share\/AF1QipOG0nomSYbFB2Y3fCE2v0rBr7PZQT27lADa5WOW--K_Gu9djnisjKLgjSw7U4mooA\/photo\/AF1QipOVnJF6Xn-nyl02TW3gkmALbBM-J-toP1go4QA?key=RXdacElXdGVCVGlIaE1lWHVhcE43ZGZod2VxSzRB\"><img decoding=\"async\" src=\"https:\/\/lh3.googleusercontent.com\/pw\/AP1GczM5T7ZYq3zHtzc-D7eH-GdJewLRg_499U-QCWnhJ-YrZvhDklbz0qHILwY37Tpt7OBkJ6IjUIu4XQCzyeKx3Cu9Ob0xH7cNiJeunWnQXrOcdmHvB9HjzTSLc4T06xxt8IKhCr0Dh9KG8QiB0C0mfw3l=w2000-h1125-s-no-gm?authuser=0\" width=\"2000\" height=\"1125\" alt=\"Sauda\u00e7\u00f5es do prefeito Yasuhiro Sasaki\" class=\"size-full\" \/><\/a><figcaption class=\"wp-caption-text\">Sauda\u00e7\u00f5es do prefeito Yasuhiro Sasaki<\/figcaption><\/figure>\n<p>&quot;Agradecemos o seu apoio cont\u00ednuo neste ano!&quot;<\/p>\n<p>Esperamos sinceramente que, por meio de nossas atividades para pessoas com defici\u00eancia f\u00edsica, voc\u00ea tenha um ano saud\u00e1vel.<\/p>\n<p>O Sr. Yamashita \u00e9 um membro s\u00eanior do parlamento, ent\u00e3o ouvi dizer que ele est\u00e1 bem informado sobre v\u00e1rios assuntos e est\u00e1 trabalhando em diversas quest\u00f5es.<\/p>\n<p>Estou um pouco decepcionado com o rumo que a festa de Ano Novo tomou hoje. Eu esperava ter a oportunidade de conversar com todos e discutir assuntos como &quot;O que voc\u00eas acham disso? Qual a opini\u00e3o geral da cidade?&quot;, mas n\u00e3o ser\u00e1 poss\u00edvel hoje.<\/p>\n<p>Gostaria de ter diversas conversas com o Presidente Yamashita, o Vice-Presidente da sede e o Diretor Nakamura, e gostaria que voc\u00ea se certificasse de que elas sejam transmitidas.<\/p>\n<p>Atualmente estou preparando o or\u00e7amento da cidade e, ap\u00f3s analisar o or\u00e7amento desta associa\u00e7\u00e3o, tenho refletido bastante sobre o assunto.<\/p>\n<p>Como o Sr. Yamashita sempre diz, ouvi dizer que a Associa\u00e7\u00e3o Sorachi apresentar\u00e1 uma nova proposta. Se eu for com ele, podemos conversar no carro e talvez consigamos resolver uma das muitas quest\u00f5es em jogo. Por favor, permita-me participar desse evento. Acredito que, dessa forma, podemos realizar muitas coisas, pouco a pouco, um passo de cada vez.<\/p>\n<p>Eu adoraria ouvir sua opini\u00e3o sobre qualquer coisa, sem hesitar.<\/p>\n<p>Ao iniciarmos o ano, contamos com 1.593 membros. Lembro-me claramente de cada um de voc\u00eas. Guardo-os com carinho em meu cora\u00e7\u00e3o. Gostaria de trabalhar em conjunto para avan\u00e7armos em diversas \u00e1reas, rumo a novos sorrisos, e por isso pe\u00e7o o seu apoio cont\u00ednuo.<\/p>\n<p>Espero que voc\u00ea entre em contato comigo e use esta mensagem como minha sauda\u00e7\u00e3o de Ano Novo e para reuni\u00f5es em geral. Conto com seu apoio cont\u00ednuo neste ano.<\/p>\n<h3>Apresentamos o Sr. Naohiro Hosokawa, Chefe da Divis\u00e3o de Moradores da Cidade de Hokuryu.<\/h3>\n<figure class=\"wp-caption aligncenter\"><a href=\"https:\/\/photos.google.com\/share\/AF1QipOG0nomSYbFB2Y3fCE2v0rBr7PZQT27lADa5WOW--K_Gu9djnisjKLgjSw7U4mooA\/photo\/AF1QipN_JsZUsOnVNjDxDnj_9Z-v54dtm_aFbV0ONy0?key=RXdacElXdGVCVGlIaE1lWHVhcE43ZGZod2VxSzRB\" target=\"_blank\"><img decoding=\"async\" src=\"https:\/\/lh3.googleusercontent.com\/pw\/AP1GczNbRHccgT_4Z3Ck93544fN5JioxUmK2oq7HVZMn1mUg8z93pU91Cosm2pd1o1f_1B8_nHle3aX3psR3Xfc-SDIBLDaUKG-6iYTVXwEgncRRF5qOrsSGszVloH3INbC8uFBvswmCFMNlwaHtOFwH8Rwa=w2000-h1333-s-no-gm?authuser=0\" width=\"2000\" height=\"1500\" alt=\"Naohiro Hosokawa, Chefe da Divis\u00e3o de Moradores da Cidade de Hokuryu\" class=\"size-full\" \/><\/a><figcaption class=\"wp-caption-text\">Naohiro Hosokawa, Chefe da Divis\u00e3o de Moradores da Cidade de Hokuryu<\/figcaption><\/figure>\n<p>&quot;Agradecemos o seu apoio cont\u00ednuo neste ano.&quot;<\/p>\n<h3>Refei\u00e7\u00f5es para viagem, bebidas, lanches, papel higi\u00eanico<\/h3>\n<p>Devido a circunst\u00e2ncias imprevistas, o tradicional jantar e jogos de Ano Novo foram cancelados e, em vez disso, todos receberam almo\u00e7os para viagem. Os almo\u00e7os foram preparados artesanalmente pelo Yahachi, um restaurante na cidade de Hokuryu.<\/p>\n<figure class=\"wp-caption aligncenter\"><a href=\"https:\/\/photos.google.com\/share\/AF1QipOG0nomSYbFB2Y3fCE2v0rBr7PZQT27lADa5WOW--K_Gu9djnisjKLgjSw7U4mooA\/photo\/AF1QipM1EUnoCMloi3Ft1mwWsQ1R7Ctv5wuSAq6Ff4w?key=RXdacElXdGVCVGlIaE1lWHVhcE43ZGZod2VxSzRB\" target=\"_blank\"><img decoding=\"async\" src=\"https:\/\/lh3.googleusercontent.com\/pw\/AP1GczMitrAEXqzI22xwGuwd3_3wwvFv23odX2lsskbSn8VY1ZfE1oBIApiNFFeX5cySa9EGScXo4WNDQEIp8XS9UpELzUyF_VPzxlzrezeFneSvxX92_jwJGBgA1lDG3jY-AkVodo0KfUxt1J-0e0zl-sGV=w2000-h1500-s-no-gm?authuser=0\" width=\"2000\" height=\"1500\" alt=\"Bento para viagem, doces, bebidas e tangerinas.\" class=\"size-full\" \/><\/a><figcaption class=\"wp-caption-text\">Bento para viagem, doces, bebidas e tangerinas.<\/figcaption><\/figure>\n<figure class=\"wp-caption aligncenter\"><a href=\"https:\/\/photos.google.com\/share\/AF1QipOG0nomSYbFB2Y3fCE2v0rBr7PZQT27lADa5WOW--K_Gu9djnisjKLgjSw7U4mooA\/photo\/AF1QipOTFQNkXAx-VpzGjNFJvgETAma4yT1RmGmBitA?key=RXdacElXdGVCVGlIaE1lWHVhcE43ZGZod2VxSzRB\" target=\"_blank\"><img decoding=\"async\" src=\"https:\/\/lh3.googleusercontent.com\/pw\/AP1GczM57u7UH9RMmPH0brRCB4pjRppKFX1ldx5MF7XTdXIyO26-gjJ230wSqzC92FfQ_LRjyhe8gN5-TKEflcMOMk1iZIugxCOoxwK6WpGiGABcAmp17GP9tnjf1irUfATTLmSMpAeeFr5z8V3vgrOT06Gc=w2000-h1500-s-no-gm?authuser=0\" width=\"2000\" height=\"1500\" alt=\"Com amor, gratid\u00e3o e ora\u00e7\u00f5es infinitas \u00e0 Associa\u00e7\u00e3o de Assist\u00eancia Social para Pessoas com Defici\u00eancia F\u00edsica da Cidade de Hokuryu, que levam vidas plenas e saud\u00e1veis.\" class=\"size-full\" \/><\/a><figcaption class=\"wp-caption-text\">Com amor, gratid\u00e3o e ora\u00e7\u00f5es infinitas \u00e0 Associa\u00e7\u00e3o de Assist\u00eancia Social para Pessoas com Defici\u00eancia F\u00edsica da Cidade de Hokuryu, que levam vidas plenas e saud\u00e1veis.<\/figcaption><\/figure>\n<p>Nesta era de revolu\u00e7\u00e3o global, enviamos nosso amor, gratid\u00e3o e ora\u00e7\u00f5es infinitos \u00e0 Associa\u00e7\u00e3o de Bem-Estar para Pessoas com Defici\u00eancia F\u00edsica da Cidade de Hokuryu, que aceita as defici\u00eancias como elas s\u00e3o, une for\u00e7as e apoia uns aos outros, vivendo vidas plenas e saud\u00e1veis...<\/p>\n<h2>Outras fotos<\/h2>\n<div class=\"img-move\">\n<img decoding=\"async\" src=\"https:\/\/ehokkaido.net\/wp-content\/uploads\/2021\/12\/2021-12-06-11.41.12.png\" style=\"vertical-align:middle;\"> <a href=\"https:\/\/photos.app.goo.gl\/BnwygGQdeFoNE2tn6\" target=\"_blank\" rel=\"noopener noreferrer\">Fotos (24 fotos) da Assembleia Geral e Festa de Ano Novo de 2025 da Associa\u00e7\u00e3o de Assist\u00eancia a Pessoas com Defici\u00eancia F\u00edsica da Cidade de Hokuryu est\u00e3o aqui &gt;&gt;<\/a><\/a><\/div>\n<h2>Artigos relacionados<\/h2>\n\n        <div class=\"site-blogcard-premium\">\n            <div class=\"bc-label-custom\">Artigos relacionados<\/div>\n            <div class=\"bc-flex-container\">\n                <div class=\"bc-main-text\">\n                    <div class=\"bc-title-link-box\">\n                        <a href=\"https:\/\/portal.hokuryu.info\/pt\/53746\/\" target=\"_blank\">https:\/\/portal.hokuryu.info\/53746<\/a>\n                    <\/div>\n                    <div class=\"bc-excerpt-box\">N\u00e3o foi poss\u00edvel recuperar as informa\u00e7\u00f5es da p\u00e1gina.<\/div>\n                <\/div>\n                <div class=\"bc-thumbnail-box\">\n                    <a href=\"https:\/\/portal.hokuryu.info\/pt\/53746\/\" target=\"_blank\">\n                        <div class=\"bc-img-zoom-wrap\">\n                            <img decoding=\"async\" src=\"https:\/\/portal.hokuryu.info\/wp\/wp-content\/uploads\/2026\/02\/20230802DSC06445_1.jpg\" alt=\"https:\/\/portal.hokuryu.info\/53746\">\n                        <\/div>\n                    <\/a>\n                <\/div>\n            <\/div>\n        <\/div>\n\n        <div class=\"site-blogcard-premium\">\n            <div class=\"bc-label-custom\">Artigos relacionados<\/div>\n            <div class=\"bc-flex-container\">\n                <div class=\"bc-main-text\">\n                    <div class=\"bc-title-link-box\">\n                        <a href=\"https:\/\/portal.hokuryu.info\/pt\/41055\/\" target=\"_blank\">https:\/\/portal.hokuryu.info\/41055<\/a>\n                    <\/div>\n                    <div class=\"bc-excerpt-box\">N\u00e3o foi poss\u00edvel recuperar as informa\u00e7\u00f5es da p\u00e1gina.<\/div>\n                <\/div>\n                <div class=\"bc-thumbnail-box\">\n                    <a href=\"https:\/\/portal.hokuryu.info\/pt\/41055\/\" target=\"_blank\">\n                        <div class=\"bc-img-zoom-wrap\">\n                            <img decoding=\"async\" src=\"https:\/\/portal.hokuryu.info\/wp\/wp-content\/uploads\/2026\/02\/20230802DSC06445_1.jpg\" alt=\"https:\/\/portal.hokuryu.info\/41055\">\n                        <\/div>\n                    <\/a>\n                <\/div>\n            <\/div>\n        <\/div>\n\n        <div class=\"site-blogcard-premium\">\n            <div class=\"bc-label-custom\">Artigos relacionados<\/div>\n            <div class=\"bc-flex-container\">\n                <div class=\"bc-main-text\">\n                    <div class=\"bc-title-link-box\">\n                        <a href=\"https:\/\/portal.hokuryu.info\/pt\/40127\/\" target=\"_blank\">https:\/\/portal.hokuryu.info\/40127<\/a>\n                    <\/div>\n                    <div class=\"bc-excerpt-box\">N\u00e3o foi poss\u00edvel recuperar as informa\u00e7\u00f5es da p\u00e1gina.<\/div>\n                <\/div>\n                <div class=\"bc-thumbnail-box\">\n                    <a href=\"https:\/\/portal.hokuryu.info\/pt\/40127\/\" target=\"_blank\">\n                        <div class=\"bc-img-zoom-wrap\">\n                            <img decoding=\"async\" src=\"https:\/\/portal.hokuryu.info\/wp\/wp-content\/uploads\/2026\/02\/20230802DSC06445_1.jpg\" alt=\"https:\/\/portal.hokuryu.info\/40127\">\n                        <\/div>\n                    <\/a>\n                <\/div>\n            <\/div>\n        <\/div>\n\n        <div class=\"site-blogcard-premium\">\n            <div class=\"bc-label-custom\">Artigos relacionados<\/div>\n            <div class=\"bc-flex-container\">\n                <div class=\"bc-main-text\">\n                    <div class=\"bc-title-link-box\">\n                        <a href=\"https:\/\/portal.hokuryu.info\/pt\/hokuryu_shakyo\/\" target=\"_blank\">https:\/\/portal.hokuryu.info\/hokuryu_shakyo<\/a>\n                    <\/div>\n                    <div class=\"bc-excerpt-box\">N\u00e3o foi poss\u00edvel recuperar as informa\u00e7\u00f5es da p\u00e1gina.<\/div>\n                <\/div>\n                <div class=\"bc-thumbnail-box\">\n                    <a href=\"https:\/\/portal.hokuryu.info\/pt\/hokuryu_shakyo\/\" target=\"_blank\">\n                        <div class=\"bc-img-zoom-wrap\">\n                            <img decoding=\"async\" src=\"https:\/\/portal.hokuryu.info\/wp\/wp-content\/uploads\/2026\/02\/20230802DSC06445_1.jpg\" alt=\"https:\/\/portal.hokuryu.info\/hokuryu_shakyo\">\n                        <\/div>\n                    <\/a>\n                <\/div>\n            <\/div>\n        <\/div>\n<p>\u25c7 Entrevista e texto: Ikuko Terauchi (Fotografia e assist\u00eancia de edi\u00e7\u00e3o: Noboru Terauchi)<\/p>","protected":false},"excerpt":{"rendered":"<p>\uff12\uff10\uff12\uff15\u5e74\uff11\u6708\uff12\uff11\u65e5\uff08\u706b\uff09 \u4ee4\u548c\uff17\u5e74\uff11\u6708\uff11\uff16\u65e5\uff08\u6728\uff09\u5348\u524d\uff11\uff11\u6642\u3088\u308a\u3001\u300c\u5317\u7adc\u753a\u8eab\u4f53\u969c\u5bb3\u8005\u798f\u7949\u5354\u4f1a\u30fb\u7dcf\u4f1a\u300d\uff06\u300c\u65b0\u5e74\u4f1a\u300d\u304c\u3001\u5317\u7adc\u753a\u8001\u4eba\u798f\u7949\u30bb\u30f3\u30bf\u30fc\u306b\u3066\u958b\u50ac\u3055\u308c\u307e\u3057\u305f\u3002 \u5317\u7adc\u753a\u8eab\u4f53\u969c\u5bb3\u8005\u798f\u7949\u5354\u4f1a\u7dcf\u4f1a \uff06 \u65b0\u5e74 [&hellip;]<\/p>\n","protected":false},"author":1,"featured_media":54819,"comment_status":"open","ping_status":"open","sticky":false,"template":"","format":"standard","meta":{"footnotes":""},"categories":[4,75,22],"tags":[],"class_list":["post-54808","post","type-post","status-publish","format-standard","has-post-thumbnail","hentry","category-cover-story","category-sasaki-yasuhiro-mayor","category-csw"],"_links":{"self":[{"href":"https:\/\/portal.hokuryu.info\/pt\/wp-json\/wp\/v2\/posts\/54808","targetHints":{"allow":["GET"]}}],"collection":[{"href":"https:\/\/portal.hokuryu.info\/pt\/wp-json\/wp\/v2\/posts"}],"about":[{"href":"https:\/\/portal.hokuryu.info\/pt\/wp-json\/wp\/v2\/types\/post"}],"author":[{"embeddable":true,"href":"https:\/\/portal.hokuryu.info\/pt\/wp-json\/wp\/v2\/users\/1"}],"replies":[{"embeddable":true,"href":"https:\/\/portal.hokuryu.info\/pt\/wp-json\/wp\/v2\/comments?post=54808"}],"version-history":[{"count":0,"href":"https:\/\/portal.hokuryu.info\/pt\/wp-json\/wp\/v2\/posts\/54808\/revisions"}],"wp:featuredmedia":[{"embeddable":true,"href":"https:\/\/portal.hokuryu.info\/pt\/wp-json\/wp\/v2\/media\/54819"}],"wp:attachment":[{"href":"https:\/\/portal.hokuryu.info\/pt\/wp-json\/wp\/v2\/media?parent=54808"}],"wp:term":[{"taxonomy":"category","embeddable":true,"href":"https:\/\/portal.hokuryu.info\/pt\/wp-json\/wp\/v2\/categories?post=54808"},{"taxonomy":"post_tag","embeddable":true,"href":"https:\/\/portal.hokuryu.info\/pt\/wp-json\/wp\/v2\/tags?post=54808"}],"curies":[{"name":"wp","href":"https:\/\/api.w.org\/{rel}","templated":true}]}}