{"id":5451,"date":"2020-10-19T11:36:40","date_gmt":"2020-10-19T02:36:40","guid":{"rendered":"https:\/\/portal.hokuryu.info\/?p=5451"},"modified":"2021-02-10T10:20:21","modified_gmt":"2021-02-10T01:20:21","slug":"post-5451","status":"publish","type":"post","link":"https:\/\/portal.hokuryu.info\/pt\/5451\/","title":{"rendered":"As especialidades da cidade de Hokuryu, como arroz de girassol rec\u00e9m-colhido, soja Kurosengoku, \u00f3leo de girassol e biscoitos de arroz, ser\u00e3o vendidas presencialmente na Feira Sorachi 2020 (loja Hokkaido Dosanko Plaza Sapporo)."},"content":{"rendered":"<p>Segunda-feira, 19 de outubro de 2020<\/p>\n<p>A Feira de Sorachi 2020, com especialidades locais, incluindo arroz rec\u00e9m-colhido de Sorachi, a maior regi\u00e3o produtora de arroz de Hokkaido, est\u00e1 sendo realizada na loja Hokkaido Dosanko Plaza Sapporo (localizada na sa\u00edda norte da Esta\u00e7\u00e3o Sapporo). Patrocinada pela Secretaria Geral da Subprefeitura de Sorachi, a feira est\u00e1 sendo realizada na loja Hokkaido Dosanko Plaza Sapporo (localizada na sa\u00edda norte da Esta\u00e7\u00e3o Sapporo).<\/p>\n<h2>Feira Sorachi 2020<\/h2>\n<h3>Local: loja Hokkaido Dosanko Plaza Sapporo<\/h3>\n<figure class=\"wp-caption aligncenter\"><a href=\"https:\/\/photos.google.com\/share\/AF1QipP0sCze6KyVj6sTYJ2t2bDAbmplbeIgeBwujzVflw2d9xkgIJDuTSMyGyy2YoOe5g\/photo\/AF1QipMf7uJ4d4xbu-r_V5Ak-UdXbPnCklFTbaJ0OU4?key=U2d0WG5QNHotaDFKMWhfeXV1RkF5ekNBZF93UnZR\" target=\"_blank\" rel=\"noopener noreferrer\"><img decoding=\"async\" src=\"https:\/\/lh3.googleusercontent.com\/pw\/ACtC-3fTLrZDGoZkC_uoqVoEi7IwHP2XiFSaNEY87PYNYfzOY9tb90_c5D6TZMVWFJPJk_iWD2I2I1dWa5Jl9nEVurQNoJSeVI-M84xGEMGgY8oEDOZHvHdwkNW3uC8QPQpob7MuqlVoZHtgVg3mCXKayzyP=w1990-h1326-no?authuser=0\" width=\"1990\" height=\"1326\" alt=\"Pra\u00e7a Hokkaido Dosanko\" class=\"size-medium\" \/><\/a><figcaption class=\"wp-caption-text\">Pra\u00e7a Hokkaido Dosanko<\/figcaption><\/figure>\n<h3>Per\u00edodo: 21 dias, de 30 de setembro (quarta-feira) a 20 de outubro (ter\u00e7a-feira)<\/h3>\n<p>O evento ter\u00e1 dura\u00e7\u00e3o de 21 dias, de quarta-feira, 30 de setembro, a ter\u00e7a-feira, 20 de outubro, e 10 cidades, incluindo Fukagawa, Tsukigata, Naganuma, Uryu, Chishibetsu, Mikasa, Yubari, Minamihoro, Hokuryu e Iwamizawa, se revezar\u00e3o na participa\u00e7\u00e3o e na montagem de barracas.<\/p>\n<p>Por meio de vendas presenciais, eles promoviam as especialidades de cada cidade.<br \/>\n\ufffc<br \/>\n<figure class=\"wp-caption aligncenter\"><a href=\"https:\/\/photos.google.com\/share\/AF1QipP0sCze6KyVj6sTYJ2t2bDAbmplbeIgeBwujzVflw2d9xkgIJDuTSMyGyy2YoOe5g\/photo\/AF1QipNo8USGzP5vI6MyZuCQ7Xuh11EW_0YWN6dam00?key=U2d0WG5QNHotaDFKMWhfeXV1RkF5ekNBZF93UnZR\" target=\"_blank\" rel=\"noopener noreferrer\"><img decoding=\"async\" src=\"https:\/\/lh3.googleusercontent.com\/pw\/ACtC-3fm54MuLOx43VoF7QrjPJIq-umoF4J5x2HcfDaj2LTpB5n3gsAdCA4fqBoPrL8HpbpkMlQCHgXfVpSiNa3jmZqRPtsyDWyxE0sGKsOh31fTFbVaNSi3I3nJqIv2g2rQYuLxizahMijLuPpbAsR8nctL=w884-h1326-no?authuser=0\" width=\"414\" height=\"1326\" alt=\"Feira Sorachi 2020\" class=\"size-medium\" \/><\/a><figcaption class=\"wp-caption-text\">Feira Sorachi 2020<\/figcaption><\/figure>\n<h2>Cidade de Hokuryu: Quinta-feira, 15 de outubro e sexta-feira, 16 de outubro, durante dois dias.<\/h2>\n<p>Entre elas, a loja da Hokuryu Town estar\u00e1 aberta por dois dias, 15 de outubro (quinta-feira) e 16 de outubro (sexta-feira). A loja funcionar\u00e1 das 9h \u00e0s 20h em ambos os dias.<\/p>\n<h3>Arroz rec\u00e9m-colhido da cidade de Hokuryu<\/h3>\n<p>Vendemos 5 por\u00e7\u00f5es de arroz &quot;Kitakurin&quot; rec\u00e9m-colhido, cultivado com menos pesticidas, al\u00e9m de arroz glutinoso (Kaze no Ko), arroz integral germinado Nanatsuboshi, Oborozuki, Yumepirika e Kitakuri!<br \/>\n\ufffc<br \/>\n<figure class=\"wp-caption aligncenter\"><a href=\"https:\/\/photos.google.com\/share\/AF1QipP0sCze6KyVj6sTYJ2t2bDAbmplbeIgeBwujzVflw2d9xkgIJDuTSMyGyy2YoOe5g\/photo\/AF1QipOJiYsqgGWBnxijxKMmoEEJ_OCmiwIADbDrDqM?key=U2d0WG5QNHotaDFKMWhfeXV1RkF5ekNBZF93UnZR\" target=\"_blank\" rel=\"noopener noreferrer\"><img decoding=\"async\" src=\"https:\/\/lh3.googleusercontent.com\/pw\/ACtC-3dG6NQYMJeM2WR7Ukp51Pwj_b-kyBcts96vWE9QBfMVw0PCBL2ETcY6YykU01PrHzuqFbCuYoySyyCRg5JGgTSMDjRktWydC7mZBYph0nCw9HUR3_YEZQQ5RXg2gAvORTZh2GkyHcOWLc-UstnyTZvR=w1768-h1326-no?authuser=0\" width=\"1768\" height=\"1326\" alt=\"O arroz novo da cidade de Hokuryu j\u00e1 est\u00e1 todo aqui!!!\" class=\"size-medium\" \/><\/a><figcaption class=\"wp-caption-text\">O arroz novo da cidade de Hokuryu j\u00e1 est\u00e1 todo aqui!!!<\/figcaption><\/figure>\n<h3>Soja Kurosengoku, \u00f3leo de girassol, biscoitos de arroz dos campos<\/h3>\n<p>Al\u00e9m disso, vendemos uma variedade de especialidades locais, incluindo soja Kurosengoku processada, \u00f3leo de girassol Sansan, molho Kurosengoku e biscoitos de arroz diretamente do campo!!!<\/p>\n<figure class=\"wp-caption alignnone\"><a href=\"https:\/\/photos.google.com\/share\/AF1QipP0sCze6KyVj6sTYJ2t2bDAbmplbeIgeBwujzVflw2d9xkgIJDuTSMyGyy2YoOe5g\/photo\/AF1QipO1pO7y5LwOu6SOoRm8PZUqR25kSGFAErdn3C0?key=U2d0WG5QNHotaDFKMWhfeXV1RkF5ekNBZF93UnZR\" target=\"_blank\" rel=\"noopener noreferrer\"><img decoding=\"async\" src=\"https:\/\/lh3.googleusercontent.com\/pw\/ACtC-3dmj1iyfggQSeQ0Q19427RZbpm-0dQya9ZzQIq68p1pzpF06ntVsLekWvR2WLqEILmXEhYqPq5W6IF2tEHf4MbwmEAS5ngNGiHNrMLitF2MjWo7OX9HvaTR5HutQt4TpRjpAoSYUU3wZ_htPjVwppl7=w1768-h1326-no?authuser=0\" width=\"1768\" height=\"1326\" alt=\"Uma variedade de produtos processados de soja Kurosengoku\" class=\"size-medium\" \/><\/a><figcaption class=\"wp-caption-text\">Uma variedade de produtos processados de soja Kurosengoku<\/figcaption><\/figure>\n<p>Funcion\u00e1rios da Prefeitura de Hokuryu, da filial de Hokuryu da JA Kitasorachi e da Cooperativa Comercial Kurosengoku participaram representando a cidade de Hokuryu e promoveram a cidade com entusiasmo.<\/p>\n<h2>Quinta-feira, 15 de outubro - dia da inaugura\u00e7\u00e3o<\/h2>\n<h3>Clientes antes mesmo da loja abrir!<\/h3>\n<p>Os clientes come\u00e7aram a se reunir em frente \u00e0 loja e a esperar na fila de 20 a 30 minutos antes da abertura das portas \u00e0s 9h da manh\u00e3.<br \/>\n\ufffc<br \/>\n<figure class=\"wp-caption alignnone\"><a href=\"https:\/\/photos.google.com\/share\/AF1QipP0sCze6KyVj6sTYJ2t2bDAbmplbeIgeBwujzVflw2d9xkgIJDuTSMyGyy2YoOe5g\/photo\/AF1QipNPlkhDDulxV384Fo3x-UZM_DBbWe5UYwIQr3U?key=U2d0WG5QNHotaDFKMWhfeXV1RkF5ekNBZF93UnZR\" target=\"_blank\" rel=\"noopener noreferrer\"><img decoding=\"async\" src=\"https:\/\/lh3.googleusercontent.com\/pw\/ACtC-3cVMayBt-j_swpoGIDmNxSIK4r42F2E5A6fSQ8sKeCwXo4aXnKtEsQ6DWFzlxiYF8CcgrLE4nm3iEA_2JXfB7UN-7xQEwbRpW7YcmgoZ4VOs8J0JpzlYqlnHXqnfrYA_XiXVErUb8Sk3UGUxhvs20Sx=w1990-h1326-no?authuser=0\" width=\"1990\" height=\"1326\" alt=\"Pessoas aguardando em frente \u00e0s portas da loja a abertura.\" class=\"size-medium\" \/><\/a><figcaption class=\"wp-caption-text\">Pessoas aguardando em frente \u00e0s portas da loja a abertura.<\/figcaption><\/figure>\n<p>As vendas come\u00e7aram assim que as portas foram abertas, e pudemos ver em primeira m\u00e3o o qu\u00e3o popular era.<br \/>\n\ufffc<br \/>\n<figure class=\"wp-caption aligncenter\"><a href=\"https:\/\/photos.google.com\/share\/AF1QipP0sCze6KyVj6sTYJ2t2bDAbmplbeIgeBwujzVflw2d9xkgIJDuTSMyGyy2YoOe5g\/photo\/AF1QipMX6Ir8pjeDEdj2Gmv-kCMyLK055uLDs_upQjU?key=U2d0WG5QNHotaDFKMWhfeXV1RkF5ekNBZF93UnZR\" target=\"_blank\" rel=\"noopener noreferrer\"><img decoding=\"async\" src=\"https:\/\/lh3.googleusercontent.com\/pw\/ACtC-3f6m6e36naGYRxxmns0hmg8Tdao8sdJkUFGIpbCdg64CnYp5H-DbLrN1yREwrui9UeBL9FVcErVxlAADEWyBy54uPbtf4Ly9nmhRpNBNApTbhsVs2TEZID8pJkTUVZO7D2OsiSjATHFFUAv9J6YaWnl=w1990-h1326-no?authuser=0\" width=\"1990\" height=\"1326\" alt=\"Entre na loja assim que ela abrir!\" class=\"size-medium\" \/><\/a><figcaption class=\"wp-caption-text\">Entre na loja assim que ela abrir!<\/figcaption><\/figure>\n<p>Os clientes continuaram a chegar um ap\u00f3s o outro, sem interrup\u00e7\u00e3o, e na hora do almo\u00e7o j\u00e1 havia muitos clientes novamente!!!<br \/>\n\ufffc<br \/>\n<figure class=\"wp-caption aligncenter\"><a href=\"https:\/\/photos.google.com\/share\/AF1QipP0sCze6KyVj6sTYJ2t2bDAbmplbeIgeBwujzVflw2d9xkgIJDuTSMyGyy2YoOe5g\/photo\/AF1QipMkVP2bA6-H5dWc1WhcleGSTwBcD2eBVOSgTss?key=U2d0WG5QNHotaDFKMWhfeXV1RkF5ekNBZF93UnZR\" target=\"_blank\" rel=\"noopener noreferrer\"><img decoding=\"async\" src=\"https:\/\/lh3.googleusercontent.com\/pw\/ACtC-3ckcJSzYrnWxCgQ_6NBqWv2gg0zOYJioUHt_QLeshyLMDXq1sjTbIFeB9kOgphkBCZmcNBxQq1OPafHtDJq28hBDST-IaNXw_KCB2JJzUUGha4NECHnxZbV9fr5cMtL7ZfQNo-pnXHadVPMCJnXpHMe=w1990-h1326-no?authuser=0\" width=\"1990\" height=\"1326\" alt=\"Os clientes entravam um ap\u00f3s o outro...\" class=\"size-medium\" \/><\/a><figcaption class=\"wp-caption-text\">Os clientes entravam um ap\u00f3s o outro...<\/figcaption><\/figure>\n<h3>Por volta do meio-dia<\/h3>\n<p>Em virtude da situa\u00e7\u00e3o atual com a pandemia do coronav\u00edrus, os clientes n\u00e3o est\u00e3o se servindo de arroz; em vez disso, os funcion\u00e1rios usam luvas de vinil, desinfetam as m\u00e3os, colocam o arroz em x\u00edcaras medidoras de 5 go (aproximadamente 1,5 go) e o embalam!<br \/>\n\ufffc<br \/>\n<figure class=\"wp-caption aligncenter\"><a href=\"https:\/\/photos.google.com\/share\/AF1QipP0sCze6KyVj6sTYJ2t2bDAbmplbeIgeBwujzVflw2d9xkgIJDuTSMyGyy2YoOe5g\/photo\/AF1QipO3htF4ck2WZFmt9g3ks7ctwWVWxv2wxwdj5GY?key=U2d0WG5QNHotaDFKMWhfeXV1RkF5ekNBZF93UnZR\" target=\"_blank\" rel=\"noopener noreferrer\"><img decoding=\"async\" src=\"https:\/\/lh3.googleusercontent.com\/pw\/ACtC-3c_X4sVfwpO_I8SwYxl3k5CJqewp4ghmzwxwVvwe82oVT8cBLIk6KADM7lp3l9AcnBz-PbkcNMVodG7ZYhs8kxf6YcO12aS1MyFR4ukDE2gfaZyfKgzmzYwp2kkniIqy2Bu_1ejdB1JgOANPHifgT84=w1990-h1326-no?authuser=0\" width=\"1990\" height=\"1326\" alt=\"Tome as medidas adequadas contra o coronav\u00edrus!\" class=\"size-medium\" \/><\/a><figcaption class=\"wp-caption-text\">Tome as medidas adequadas contra o coronav\u00edrus!<\/figcaption><\/figure>\n<p>Uma por\u00e7\u00e3o de 5 go masu (medida de 5 go) geralmente pesa 750g de arroz. Como forma de agradecimento, estamos oferecendo um saco com mais de 1kg!!! Isso certamente lhe trar\u00e1 um sorriso ao rosto!<\/p>\n<figure class=\"wp-caption aligncenter\"><a href=\"https:\/\/photos.google.com\/share\/AF1QipP0sCze6KyVj6sTYJ2t2bDAbmplbeIgeBwujzVflw2d9xkgIJDuTSMyGyy2YoOe5g\/photo\/AF1QipP3onA0TAQEUKhw1oPTshz8huWtaQkvukWfAyU?key=U2d0WG5QNHotaDFKMWhfeXV1RkF5ekNBZF93UnZR\" target=\"_blank\" rel=\"noopener noreferrer\"><img decoding=\"async\" src=\"https:\/\/lh3.googleusercontent.com\/pw\/ACtC-3dv3TDS3EwjjBowzODedL-03cuvXpAhh-uu86suQ6sFRfAZDPeRX4QHwMT3AfCx_73OIvnulYFrR9dt6Ig48lzOZTAogvAWVNNOkymlkp1C6SJ4pnWXTabecxThd9KzYfnkTHL7e6ZmAlWu_7_c2mHT=w1984-h1322-no?authuser=0\" width=\"1984\" height=\"1322\" alt=\"A popular colher de arroz!\" class=\"size-medium\" \/><\/a><figcaption class=\"wp-caption-text\">A popular colher de arroz!<\/figcaption><\/figure>\n<figure class=\"wp-caption aligncenter\"><a href=\"https:\/\/photos.google.com\/share\/AF1QipP0sCze6KyVj6sTYJ2t2bDAbmplbeIgeBwujzVflw2d9xkgIJDuTSMyGyy2YoOe5g\/photo\/AF1QipNzAF4jOhrAiiMcFWhAsD_6ymLndXuyZXYfems?key=U2d0WG5QNHotaDFKMWhfeXV1RkF5ekNBZF93UnZR\" target=\"_blank\" rel=\"noopener noreferrer\"><img decoding=\"async\" src=\"https:\/\/lh3.googleusercontent.com\/pw\/ACtC-3dOjqzYMHJDdEsBYlCojdmhNERhxtNa29kNBIaIT5tq5xs-yvgKQcOL96U2aCoU8ZYUq0njUXDcUdelgraD2VWJLgcWKphDKYJytOIEDjdLXMj4JQ8DIVPVC_Ax1XjkMASf6Yw8e_nMO-GhZFp2BmRE=w1984-h1322-no?authuser=0\" width=\"1984\" height=\"1322\" alt=\"Prezados clientes!!!\" class=\"size-medium\" \/><\/a><figcaption class=\"wp-caption-text\">Prezados clientes!!!<\/figcaption><\/figure>\n<h3>Muitos clientes \u00e0 tarde<\/h3>\n<p>Muitos f\u00e3s de soja Kurosengoku tamb\u00e9m vieram \u00e0 loja \u00e0 tarde e compraram muitos produtos! Muito obrigado!<br \/>\n\ufffc<br \/>\n<figure class=\"wp-caption aligncenter\"><a href=\"https:\/\/photos.google.com\/share\/AF1QipP0sCze6KyVj6sTYJ2t2bDAbmplbeIgeBwujzVflw2d9xkgIJDuTSMyGyy2YoOe5g\/photo\/AF1QipPvsiwF4oGBeEh6YS2l9gnqxu0-1KyYfWn6Mzs?key=U2d0WG5QNHotaDFKMWhfeXV1RkF5ekNBZF93UnZR\" target=\"_blank\" rel=\"noopener noreferrer\"><img decoding=\"async\" src=\"https:\/\/lh3.googleusercontent.com\/pw\/ACtC-3dnBHjkOGbm-hsyuGJYPgIt-oOvd6waqLzybMWZ1J5rwLwgwo9e94fbGUg-bdYH1ZqQ4nOu2w0XJ3VNqhZ4a9VU-5-cuoAn-cVX__YK518_AYzVb3CgOVUPBqW0r_Eb8wKPk2JiIBk-zSxCxTch4APL=w1984-h1322-no?authuser=0\" width=\"1984\" height=\"1322\" alt=\"Muitos f\u00e3s de soja Kurosengoku tamb\u00e9m vieram \u00e0 loja!\" class=\"size-medium\" \/><\/a><figcaption class=\"wp-caption-text\">Muitos f\u00e3s de soja Kurosengoku tamb\u00e9m vieram \u00e0 loja!<\/figcaption><\/figure>\n\ufffc<br \/>\n<figure class=\"wp-caption aligncenter\"><a href=\"https:\/\/photos.google.com\/share\/AF1QipP0sCze6KyVj6sTYJ2t2bDAbmplbeIgeBwujzVflw2d9xkgIJDuTSMyGyy2YoOe5g\/photo\/AF1QipPWUs3ywxdjCBloYEYjw97QuhMCAu7aChtgwnE?key=U2d0WG5QNHotaDFKMWhfeXV1RkF5ekNBZF93UnZR\" target=\"_blank\" rel=\"noopener noreferrer\"><img decoding=\"async\" src=\"https:\/\/lh3.googleusercontent.com\/pw\/ACtC-3fMbxn0IRPXdbBqCEfoRg4v0ck-3ACNu-whG9IV7qi6npsxAq6Fb5acRydlY_AfYBMFlexC-GIA-xLPF2BO-tWpK787v_WQOn1FQsIRWV1lZFR3RFTkfmeh4WQL78cK_0tWlFzN2kTfwrOCxy_1QlPq=w1262-h947-no?authuser=0\" width=\"1984\" height=\"1322\" alt=\"Agradecemos a todos que visitaram nossa loja!\" class=\"size-medium\" \/><\/a><figcaption class=\"wp-caption-text\">Agradecemos a todos que visitaram nossa loja!<\/figcaption><\/figure>\n<h3>Carne de soja Kurosengoku<\/h3>\n<p>Desta vez, quando est\u00e1vamos desenvolvendo o produto Kurosengoku Soy Meat, inclu\u00edmos instru\u00e7\u00f5es e amostras, e muitas pessoas demonstraram interesse e ouviram atentamente a explica\u00e7\u00e3o.<br \/>\n\ufffc<br \/>\n<figure class=\"wp-caption aligncenter\"><a href=\"https:\/\/photos.google.com\/share\/AF1QipP0sCze6KyVj6sTYJ2t2bDAbmplbeIgeBwujzVflw2d9xkgIJDuTSMyGyy2YoOe5g\/photo\/AF1QipPuQE9U63xdla8uHn4jXM6NcZWqHEGc23FReDE?key=U2d0WG5QNHotaDFKMWhfeXV1RkF5ekNBZF93UnZR\" target=\"_blank\" rel=\"noopener noreferrer\"><img decoding=\"async\" src=\"https:\/\/lh3.googleusercontent.com\/pw\/ACtC-3fu6ubuRXJgWDKUM68d9mNCKwV2fDWkxwWV8hINo4FAyeUCtXRhoCgoakY4sTdHnhOI-2Y7z7cz8HggD2p9tA3Owpj4uMp0CxMmfPxsdTI5WBNv9_Z9qreQbI3BtR8tV1Kd1uF3ZFOTDc1vyuxK6wVg=w1984-h1322-no?authuser=0\" width=\"1984\" height=\"1322\" alt=\"Amostra de carne de soja Kurosengoku!\" class=\"size-medium\" \/><\/a><figcaption class=\"wp-caption-text\">Amostra de carne de soja Kurosengoku!<\/figcaption><\/figure>\n\ufffc<br \/>\n<figure class=\"wp-caption aligncenter\"><a href=\"https:\/\/photos.google.com\/share\/AF1QipP0sCze6KyVj6sTYJ2t2bDAbmplbeIgeBwujzVflw2d9xkgIJDuTSMyGyy2YoOe5g\/photo\/AF1QipMMfxbwPHsyj62ltrZGaNEf9Gg-L1eaBmcrh0Y?key=U2d0WG5QNHotaDFKMWhfeXV1RkF5ekNBZF93UnZR\"><img decoding=\"async\" src=\"https:\/\/lh3.googleusercontent.com\/pw\/ACtC-3e2Xf5vvDNAQJkfjG_dVjGNcNvWWjYfbHrzZaWsFOG-kxuA3JrwntqsULXrrMrRXqi2N0EOdh3QL4e0rMppdS1cvUG4XcII58fwRBLzZHWTy9wt3ebAYeWgkIlJ2tIwVgANAgpfnH5vf7tbk69JhP6D=w1764-h1322-no?authuser=0\" width=\"1763\" height=\"1322\" alt=\"Sobre a carne de soja Kurosengoku!\" class=\"size-medium\" \/><\/a><figcaption class=\"wp-caption-text\">Sobre a carne de soja Kurosengoku!<\/figcaption><\/figure>\n<p>Muitas pessoas ligadas \u00e0 cidade de Hokuryu tamb\u00e9m vieram visitar, e houve uma conversa animada sobre a cidade de Hokuryu, com muita nostalgia no ar!<\/p>\n<h3>Yoshiko Ito, a filha mais velha do ex-presidente da Associa\u00e7\u00e3o Cooperativa Agr\u00edcola da Cidade de Hokuryu, Mitsuohachi Goto, visitou nossa loja.<\/h3>\n<p>Entre os visitantes estava Yoshiko Ito (88 anos), a filha mais velha do ex-presidente da Associa\u00e7\u00e3o Cooperativa Agr\u00edcola da Cidade de Hokuryu, Mitsuo Goto. Ela parecia muito jovem e en\u00e9rgica, e teve uma conversa nost\u00e1lgica com Yukio Takada, presidente da Associa\u00e7\u00e3o Cooperativa Comercial de Kurosengoku.<br \/>\n\ufffc<br \/>\n<figure class=\"wp-caption aligncenter\"><a href=\"https:\/\/photos.google.com\/share\/AF1QipP0sCze6KyVj6sTYJ2t2bDAbmplbeIgeBwujzVflw2d9xkgIJDuTSMyGyy2YoOe5g\/photo\/AF1QipPX-wpeU93Vbu6T0p570fuj_EmU3Tv1FQ1gHiM?key=U2d0WG5QNHotaDFKMWhfeXV1RkF5ekNBZF93UnZR\" target=\"_blank\" rel=\"noopener noreferrer\"><img decoding=\"async\" src=\"https:\/\/lh3.googleusercontent.com\/pw\/ACtC-3clHS1LFd9haLjMFMwLYZVyYZVCtpDk9dOAv864Rn4siUl-Li83Z8BEcpx75Yd9fQ2WeKwB2hFd1WPJTsKKBIRyDgbpDjPE30lj6DcUOz7Yp8wWvABfBwTIWxnakMjEXCfGh2ycXPqmr8OMr8QE9DMC=w1764-h1322-no?authuser=0\" width=\"1763\" height=\"1322\" alt=\"Yoshiko Ito (88 anos), filha do ex-presidente da Associa\u00e7\u00e3o Cooperativa Agr\u00edcola de Hokuryu, Mitsuohachi Goto.\" class=\"size-medium\" \/><\/a><figcaption class=\"wp-caption-text\">Yoshiko Ito (88 anos), filha do ex-presidente da Associa\u00e7\u00e3o Cooperativa Agr\u00edcola de Hokuryu, Mitsuohachi Goto.<\/figcaption><\/figure>\n<h2>Atividades promocionais para os produtos t\u00edpicos da cidade de Hokuryu<\/h2>\n<h3>Visita ao Veggy Way (Caf\u00e9 Hol\u00edstico e Biol\u00f3gico Veggy Way, Sapporo)<\/h3>\n<p>Entre uma coisa e outra, juntamente com Takada Yukio, Presidente da Associa\u00e7\u00e3o Cooperativa Comercial de Kurosengoku, e Noshirogawa Yasuto, Diretor Adjunto do Escrit\u00f3rio de Promo\u00e7\u00e3o do Projeto Girassol da Prefeitura de Hokuryu, visitamos o Veggy Way (Holistic Bio Cafe Veggy Way, cidade de Sapporo), que vende carne de soja, como parte de nossas atividades de rela\u00e7\u00f5es p\u00fablicas para a carne de soja de Kurosengoku. Degustamos pratos feitos com carne de soja.<a href=\"https:\/\/veggy-way.com\/\" rel=\"noopener noreferrer\" target=\"_blank\">Site da Veggy Way aqui &gt;&gt;<\/a>)\ufffc<\/p>\n<figure class=\"wp-caption aligncenter\"><a href=\"https:\/\/photos.google.com\/share\/AF1QipP0sCze6KyVj6sTYJ2t2bDAbmplbeIgeBwujzVflw2d9xkgIJDuTSMyGyy2YoOe5g\/photo\/AF1QipOIOpyhxy4gDpMSTuBxLsYPrZFn-BnrrEWM2TI?key=U2d0WG5QNHotaDFKMWhfeXV1RkF5ekNBZF93UnZR\" target=\"_blank\" rel=\"noopener noreferrer\"><img decoding=\"async\" src=\"https:\/\/lh3.googleusercontent.com\/pw\/ACtC-3fNx9eHd9Lm3y6UX_TL-DkvKwE7EK57w7DSuOoHwOmYnC9q8v8BbMJprd3O5CaShjCtLmacJoSEc18WuxHJre0fNZs46NCvLjZVMONXhAtrDUbWaOZVr2fDRa4KA8QQ0GyC_wGsHCJi7I--RuwRIMg0=w1764-h1322-no?authuser=0\" width=\"1763\" height=\"1322\" alt=\"HolisticBioCafe Veggy Way, um caf\u00e9 que serve carne de soja.\" class=\"size-medium\" \/><\/a><figcaption class=\"wp-caption-text\">HolisticBioCafe Veggy Way, um caf\u00e9 que serve carne de soja.<\/figcaption><\/figure>\n\ufffc<br \/>\n<figure class=\"wp-caption aligncenter\"><a href=\"https:\/\/photos.google.com\/share\/AF1QipP0sCze6KyVj6sTYJ2t2bDAbmplbeIgeBwujzVflw2d9xkgIJDuTSMyGyy2YoOe5g\/photo\/AF1QipMaVNYaiLy_IWcvzEIC2_D68PIPDL1jyHr5vQQ?key=U2d0WG5QNHotaDFKMWhfeXV1RkF5ekNBZF93UnZR\" target=\"_blank\" rel=\"noopener noreferrer\"><img decoding=\"async\" src=\"https:\/\/lh3.googleusercontent.com\/pw\/ACtC-3ddCPkBSbs8zI2IKlKEv71lnmOoxs5WNCM-YKRFdphBKsnc47lCXOP2QqWVoYcQEWhpuFpZsRoTTgYcynrvzHhYoMS-kkRxnm8eZ4JS7lG63ImD-mwo4vE5wEMdbb2Ge5BJAcl9nvaub8uqJDHy9TX-=w1984-h1322-no?authuser=0\" width=\"1984\" height=\"1322\" alt=\"A partir da esquerda: Mestre Kojima Hiroki, Chef Ando Natsuyo, Presidente da Associa\u00e7\u00e3o de Cooperativas Empresariais de Kurosengoku, Takada Yukio, Diretor Adjunto do Escrit\u00f3rio de Promo\u00e7\u00e3o do Projeto Girassol da Prefeitura de Hokuryu, Noshirogawa Yasuto\" class=\"size-medium\" \/><\/a><figcaption class=\"wp-caption-text\">A partir da esquerda: Mestre Kojima Hiroki, Chef Ando Natsuyo, Presidente da Associa\u00e7\u00e3o de Cooperativas Empresariais de Kurosengoku, Takada Yukio, Diretor Adjunto do Escrit\u00f3rio de Promo\u00e7\u00e3o do Projeto Girassol da Prefeitura de Hokuryu, Noshirogawa Yasuto<\/figcaption><\/figure>\n<p><span style=\"font-weight:bold\"><font color=\"#ff9900\">\u25b6<\/font> Artigo de refer\u00eancia [Aproveitem! A vida feliz de um casal de idosos]:<\/span><br \/>\n\u30fb<a href=\"https:\/\/ehokkaido.net\/archives\/31065\" target=\"_blank\" rel=\"noopener noreferrer\">Holistic Bio Cafe Veggy Way (Maruyama, Sapporo) A propriet\u00e1ria e chef Natsuyo Ando serve pratos veganos \u00e0 base de carne de soja.<\/a>(26 de outubro de 2020)<br \/>\n\u3000<\/p>\n<h3>Visita \u00e0 TOMIZ CUOCA (Tomizawa Shoten, Sapporo Stellar Place Center, 4\u00ba andar)<\/h3>\n<p>Al\u00e9m disso, o presidente Takada, da Associa\u00e7\u00e3o Cooperativa Comercial de Kurosengoku, visitou a TOMIZ CUOCA (Tomizawa Shoten, Sapporo Stellar Place Center, 4\u00ba andar), uma loja especializada em ingredientes para confeitaria que fornece soja de Kurosengoku, e promoveu a carne de soja de Kurosengoku para a gerente da loja, Naomi Nakamura!<a href=\"https:\/\/tomiz.com\/\" rel=\"noopener noreferrer\" target=\"_blank\">Site de TOMIZ CUOCA (Tomizawa Shoten) aqui &gt;&gt;<\/a>\uff09<br \/>\n\ufffc<br \/>\n<figure class=\"wp-caption aligncenter\"><a href=\"https:\/\/photos.google.com\/share\/AF1QipO3tXUdahQAjA9xRNftrXffVR66Bg9nbUTmstUzQYQPrXYNA3CSSEu1ZXOjp6zxiQ\/photo\/AF1QipMYzZ8zQJeIr6xXVxhOtBOaDGTMCKWmae-qiAfq?key=X0NvQjluYW1LbUZGOTlsSXhyNmdWdUtYU0FjZVBn\" target=\"_blank\" rel=\"noopener noreferrer\"><img decoding=\"async\" src=\"https:\/\/lh3.googleusercontent.com\/pw\/ACtC-3dJ5wzO2IZVxwLvYdqTxXN4e2jg-nCDPDVWJ2PFgy7AEB7g38BnwmYewBImyDA1bMOTddZkzKpaEbwVap8XnNrVBfVmcPpFOJPDyZDYxJTREaHC1-nNOW-ZcYIY54Y1UvC0EaR5cnVIq26g_ngXcq3jtA=w1764-h1322-no?authuser=0\" width=\"1763\" height=\"1322\" alt=\"TOMIZ CUOCA, uma loja que fornece soja Kurosengoku\" class=\"size-medium\" \/><\/a><figcaption class=\"wp-caption-text\">TOMIZ CUOCA, uma loja que fornece soja Kurosengoku<\/figcaption><\/figure>\n\ufffc<br \/>\n<figure class=\"wp-caption aligncenter\"><a href=\"https:\/\/photos.google.com\/share\/AF1QipO3tXUdahQAjA9xRNftrXffVR66Bg9nbUTmstUzQYQPrXYNA3CSSEu1ZXOjp6zxiQ\/photo\/AF1QipMjfnO0Ua3ULiophmOxZ-qclFpIuKsYlQndnz3_?key=X0NvQjluYW1LbUZGOTlsSXhyNmdWdUtYU0FjZVBn\" target=\"_blank\" rel=\"noopener noreferrer\"><img decoding=\"async\" src=\"https:\/\/lh3.googleusercontent.com\/pw\/ACtC-3ed33wuQMyT2THcLRV2dCzyK7R-G1Land3QvS4FwL7eNhnu0wxDnttu607a1NikCxTKnenoNSQSYGd50vIqSbgjGbQxLFTrZAM0bkWPBb4knReGHa7qtB88_TrWM2XYvvIhBVbUal7_MopsixShEnHdyw=w1764-h1322-no?authuser=0\" width=\"1763\" height=\"1322\" alt=\"Gr\u00e3os de soja Kurosengoku enfileirados nas prateleiras!\" class=\"size-medium\" \/><\/a><figcaption class=\"wp-caption-text\">Gr\u00e3os de soja Kurosengoku enfileirados nas prateleiras!<\/figcaption><\/figure>\n<figure class=\"wp-caption aligncenter\"><a href=\"https:\/\/photos.google.com\/share\/AF1QipP0sCze6KyVj6sTYJ2t2bDAbmplbeIgeBwujzVflw2d9xkgIJDuTSMyGyy2YoOe5g\/photo\/AF1QipMXL161KK9noEOMDCcZZ1GPJV1di6tyCxgA4jM?key=U2d0WG5QNHotaDFKMWhfeXV1RkF5ekNBZF93UnZR\" target=\"_blank\" rel=\"noopener noreferrer\"><img decoding=\"async\" src=\"https:\/\/lh3.googleusercontent.com\/pw\/ACtC-3eRp1MaMQIBTLi2ZVIn277Hx_lLmLAsEVPNA445n_uYczkAETJm_JzXxjXpZXOX2Gw5PjUy5w320hfd0moOgbOSvJ6xRpvVwKW8PXCoU87PAwrHo94xzJeplL34DpwkguA_2Czu44FVbepkivarZ5_k=w1984-h1322-no?authuser=0\" width=\"1984\" height=\"1322\" alt=\"Nakamura Naomi promove a carne de soja Kurosengoku para o gerente da loja!\" class=\"size-medium\" \/><\/a><figcaption class=\"wp-caption-text\">Nakamura Naomi promove a carne de soja Kurosengoku para o gerente da loja!<br \/><\/figcaption><\/figure>\n<p><span style=\"font-weight:bold\"><font color=\"#ff9900\">\u25b6<\/font> Artigo de refer\u00eancia [Aproveitem! A vida feliz de um casal de idosos]:<\/span><br \/>\n\u30fb<a href=\"https:\/\/ehokkaido.net\/archives\/31070\" target=\"_blank\" rel=\"noopener noreferrer\">A loja Tomies (TOMIZ, Tomizawa Shoten, Sapporo City) no Stellar Place, em Sapporo, tem uma grande variedade de produtos e \u00e9 um prazer simplesmente passear por l\u00e1.<\/a>(27 de outubro de 2020)<br \/>\n\u3000<\/p>\n<h3>O artes\u00e3o Daifuku Atsutoshi Nakamura, propriet\u00e1rio da Sasaya Daifuku (cidade de Sapporo), visita nossa loja<\/h3>\n<p>Atsutoshi Nakamura, propriet\u00e1rio e artes\u00e3o de daifuku da Sasaya Daifuku (cidade de Sapporo), que produz daifuku de feij\u00e3o salgado de Kurosengoku (pasta de feij\u00e3o lisa e pasta de feij\u00e3o integral) usando soja de Kurosengoku, veio se encontrar com Takada Yukio, presidente da Associa\u00e7\u00e3o Cooperativa Comercial de Kurosengoku, a quem considera como um pai.<a href=\"https:\/\/sasayadaifuku.com\/\" rel=\"noopener noreferrer\" target=\"_blank\">O site de Sasaya Daifuku est\u00e1 aqui &gt;&gt;<\/a>\uff09<\/p>\n<figure class=\"wp-caption aligncenter\"><a href=\"https:\/\/photos.google.com\/share\/AF1QipP0sCze6KyVj6sTYJ2t2bDAbmplbeIgeBwujzVflw2d9xkgIJDuTSMyGyy2YoOe5g\/photo\/AF1QipP8LHmO_92nfUpnNM7z6s9pyiJ9R5iPysF3T0o?key=U2d0WG5QNHotaDFKMWhfeXV1RkF5ekNBZF93UnZR\" target=\"_blank\" rel=\"noopener noreferrer\"><img decoding=\"async\" src=\"https:\/\/lh3.googleusercontent.com\/pw\/ACtC-3fKtb_55KCVlGnyLFGLuguR7pJJ-vRG8WkwpjRssBXoWl1MsjRDhs5ewSNlAGvWZ51-arVatOWtPmaKxOiMnLrT1bzW4-dU6zEizzQGJQ4ixFsqKYep367xcbMI8AQ-AomDngPmPJn7JV0aBYfUmnXl=w1262-h947-no?authuser=0\" width=\"1984\" height=\"1322\" alt=\"Atsutoshi Nakamura (centro), artes\u00e3o de daifuku e propriet\u00e1rio de Sasaya Daifuku (cidade de Sapporo)\" class=\"size-medium\" \/><\/a><figcaption class=\"wp-caption-text\">Atsutoshi Nakamura (centro), artes\u00e3o de daifuku e propriet\u00e1rio de Sasaya Daifuku (cidade de Sapporo)<\/figcaption><\/figure>\n<figure class=\"wp-caption aligncenter\"><a href=\"https:\/\/photos.google.com\/share\/AF1QipP0sCze6KyVj6sTYJ2t2bDAbmplbeIgeBwujzVflw2d9xkgIJDuTSMyGyy2YoOe5g\/photo\/AF1QipPdMZMufv9Ghnv7J1ZF-iwqg-7Paj8GMOKHAjg?key=U2d0WG5QNHotaDFKMWhfeXV1RkF5ekNBZF93UnZR\" target=\"_blank\" rel=\"noopener noreferrer\"><img decoding=\"async\" src=\"https:\/\/lh3.googleusercontent.com\/pw\/ACtC-3fe1oiJzwJwoPp7u27cPsbBYBfz0Glt9MTC_SrkcZmU6XK6OUnPrEfNNwmrGQXk22JujC8hqFRv7YOR8AOD7tz79PjVq9keuQ8KjXHx_il4aQe_VP49d0YO5u-l4JOiSUDXTKi5nOWf4NrWU5B7b1AN=w710-h946-no?authuser=0\" width=\"414\" alt=\"O presente &quot;Kurosengoku Salted Bean Daifuku&quot;\" class=\"size-medium\" \/><\/a><figcaption class=\"wp-caption-text\">O presente de &quot;Kurosengoku Salted Bean Daifuku&quot;<\/figcaption><\/figure>\n<h3>Visita \u00e0 Himawari Fresh Bread Bakery Kansuke (CEO: Yoshinobu Yamamoto)<\/h3>\n<p>Tamb\u00e9m visitamos a Padaria Kansuke (CEO: Yoshinobu Yamamoto), que est\u00e1 expondo no evento no subsolo da loja principal da Marui Imai em Sapporo. Conversamos com eles sobre o P\u00e3o de Girassol, que desenvolveram e vendem utilizando o \u00d3leo de Girassol Torrado Hokuryu, produzido na cidade de Hokuryu.<\/p>\n<figure class=\"wp-caption aligncenter\"><a href=\"https:\/\/photos.google.com\/share\/AF1QipNoxziSw-HOB_QG2tGIKj0UYbDZhcYEpabYuk-ihvOL3Tfd7zxwkjcd6tRbAQhuGA\/photo\/AF1QipM25bz9jeIitWjyxLd_KbEXsi2shXBpRMMAtya1?key=ZERtc2pxa1pCOGo4M0pkRWRfX0o0SWc0Sk8xS2NR\" target=\"_blank\" rel=\"noopener noreferrer\"><img decoding=\"async\" src=\"https:\/\/lh3.googleusercontent.com\/pw\/ACtC-3dkJ1wwcDFOliux8M0NssXn9zHlUq70TVH_ejJ7yFDZj5l3ytOFI3EsyWrK6Qtp5m4F2D0T4uKXXCLbi-Bowf3SM5I-mFYoBrPjFCM7l4SiHms7EXnxIZigDhHinoF1JdLBY9GaWzsaqphqK0BhX2tBHg=w1984-h1322-no?authuser=0\" width=\"1984\" height=\"1322\" alt=\"&quot;Bakery Kansuke&quot; (Diretor Representante: Yoshinobu Yamamoto)\" class=\"size-medium\" \/><\/a><figcaption class=\"wp-caption-text\">Padaria Kansuke, CEO Yoshinobu Yamamoto)<\/figcaption><\/figure>\n<figure class=\"wp-caption aligncenter\"><a href=\"https:\/\/photos.google.com\/share\/AF1QipP0sCze6KyVj6sTYJ2t2bDAbmplbeIgeBwujzVflw2d9xkgIJDuTSMyGyy2YoOe5g\/photo\/AF1QipO1uEOxe9svyQeQ3WCzmmh7x1T1UryEWg9IYWI?key=U2d0WG5QNHotaDFKMWhfeXV1RkF5ekNBZF93UnZR\" target=\"_blank\" rel=\"noopener noreferrer\"><img decoding=\"async\" src=\"https:\/\/lh3.googleusercontent.com\/pw\/ACtC-3ezmEls7y2_bQ0thtZ3NvfdIaRkfQXVph9l9J26wS7HiJJxbra9F9AxHh-Fs2nKf_BMMZNzktEZlumwFfV4axQuKJ3bRyho8wA1YkYvM6RLmzN7ZrzOn8l5A3KNSt9l914ds6OIL6A4KEqPclUQM02R=w1262-h947-no?authuser=0\" width=\"1984\" height=\"1322\" alt=\"P\u00e3o fresco de girassol\" class=\"size-medium\" \/><\/a><figcaption class=\"wp-caption-text\">P\u00e3o fresco de girassol<\/figcaption><\/figure>\n<p><span style=\"font-weight:bold\"><font color=\"#ff9900\">\u25b6<\/font> Artigo de refer\u00eancia [Aproveitem! A vida feliz de um casal de idosos]:<\/span><br \/>\n\u30fb<a href=\"https:\/\/ehokkaido.net\/archives\/31028\" target=\"_blank\" rel=\"noopener noreferrer\">Padaria Kansuke (Yoshinobu Yamamoto, cidade de Iwamizawa) - &quot;P\u00e3o fresco de girassol&quot; feito com tempo e dedica\u00e7\u00e3o, utilizando \u00f3leo de girassol.<\/a>(20 de outubro de 2020)<\/p>\n<h2>Sexta-feira, 16 de outubro: Segundo e \u00faltimo dia<\/h2>\n<p>No segundo dia, sexta-feira, 16 de outubro, a loja estava repleta de clientes assim que abriu!<\/p>\n<figure class=\"wp-caption aligncenter\"><a href=\"https:\/\/photos.google.com\/share\/AF1QipP0sCze6KyVj6sTYJ2t2bDAbmplbeIgeBwujzVflw2d9xkgIJDuTSMyGyy2YoOe5g\/photo\/AF1QipMFg01O2wUSj-5KoGAtzMIm_93lL4rb96iIs4Y?key=U2d0WG5QNHotaDFKMWhfeXV1RkF5ekNBZF93UnZR\" target=\"_blank\" rel=\"noopener noreferrer\"><img decoding=\"async\" src=\"https:\/\/lh3.googleusercontent.com\/pw\/ACtC-3eKqP9AEIuEXxfykBfp5sWO_ALfJJcp73VTgBO-m4BNlUFYBgrlxuRvJGXsQlcRCqYAi_9mv_XDUAcp-naU1PZbED3IqHDYS5z1MyP77Xf2m87ThxPhmrJXiXtbl61RgTWhUeGUpEsGEEQT6jbdE8iR=w1398-h932-no?authuser=0\" width=\"1984\" height=\"1322\" alt=\"A loja est\u00e1 repleta de clientes entrando um ap\u00f3s o outro.\" class=\"size-medium\" \/><\/a><figcaption class=\"wp-caption-text\">A loja est\u00e1 repleta de clientes entrando um ap\u00f3s o outro.<\/figcaption><\/figure>\n<h3>Atividades de promo\u00e7\u00e3o da flor Sorachi<\/h3>\n<p>Na \u00e1rea vizinha da cidade de Hokuryu, flores gratuitas estavam sendo distribu\u00eddas como parte de uma campanha para promover as flores de Sorachi e incentivar as pessoas a decorarem suas casas com elas.<br \/>\n\ufffc<br \/>\n<figure class=\"wp-caption aligncenter\"><a href=\"https:\/\/photos.google.com\/share\/AF1QipP0sCze6KyVj6sTYJ2t2bDAbmplbeIgeBwujzVflw2d9xkgIJDuTSMyGyy2YoOe5g\/photo\/AF1QipO3_hV4ElQW-xb6rJf2utTicZsjkY1LdISlbzU?key=U2d0WG5QNHotaDFKMWhfeXV1RkF5ekNBZF93UnZR\" target=\"_blank\" rel=\"noopener noreferrer\"><img decoding=\"async\" src=\"https:\/\/lh3.googleusercontent.com\/pw\/ACtC-3fuHtxHNb_HNpRXdRoguXJD7Cu7pa20dNA2ZLPS_2ZcCYWLG2BFV393IhjNvb7aJoAjHbLzENaya-mbylAK4vaTsi43WPYom-ZQCym2ZGvM7suCik8daalbVjhTm2LXn0YAIuJlzcQlgtQPMd8kNuXP=w1984-h1322-no?authuser=0\" width=\"1984\" height=\"1322\" alt=\"Campanha de Flores Sorachi\" class=\"size-medium\" \/><\/a><figcaption class=\"wp-caption-text\">Campanha de Flores Sorachi<\/figcaption><\/figure>\n<figure class=\"wp-caption aligncenter\"><a href=\"https:\/\/photos.google.com\/share\/AF1QipP0sCze6KyVj6sTYJ2t2bDAbmplbeIgeBwujzVflw2d9xkgIJDuTSMyGyy2YoOe5g\/photo\/AF1QipOmcLeGpU27l_NJFXI00vROP-JyVtQmtjR4vhw?key=U2d0WG5QNHotaDFKMWhfeXV1RkF5ekNBZF93UnZR\" target=\"_blank\" rel=\"noopener noreferrer\"><img decoding=\"async\" src=\"https:\/\/lh3.googleusercontent.com\/pw\/ACtC-3eHVAG1MDOwa2WJwPlUMdvJyLE3Nmwhduzudd6Xwvw4lPPRsry4tsA-V7-zz91II4P7mK2mEe23hH7UadANDjlFzxqMGn2W5o3LYH-pqXAvp7WgRe1yKDqVnShZTGbsJ_LjbDwkSg5QJvfuZ-KXRO0_=w1984-h1322-no?authuser=0\" width=\"1984\" height=\"1322\" alt=\"Pequenos buqu\u00eas gr\u00e1tis!\" class=\"size-medium\" \/><\/a><figcaption class=\"wp-caption-text\">Pequenos buqu\u00eas gr\u00e1tis!<\/figcaption><\/figure>\n<figure class=\"wp-caption aligncenter\"><a href=\"https:\/\/photos.google.com\/share\/AF1QipP0sCze6KyVj6sTYJ2t2bDAbmplbeIgeBwujzVflw2d9xkgIJDuTSMyGyy2YoOe5g\/photo\/AF1QipMW4waOMA9Jluwk8Q_7xt7uloTxkFmmDisLFGs?key=U2d0WG5QNHotaDFKMWhfeXV1RkF5ekNBZF93UnZR\" target=\"_blank\" rel=\"noopener noreferrer\"><img decoding=\"async\" src=\"https:\/\/lh3.googleusercontent.com\/pw\/ACtC-3cA9e0w4lTlaZWefRjkQqU9o3-IQD9YI7e6DaPq6ezWnMVdZgUd9V79PFpAdow8pUQwgsl-k1c6PwLkv3Km3EkGS8LF1h3kG5roEIcKqQJB5lWUzqShOHXVM3zVCQo45jXiHnjGYUuHBJGSIQU49Pbq=w631-h946-no?authuser=0\" width=\"414\" alt=\"Voc\u00ea gostaria de decorar com flores Sorachi?\" class=\"size-medium\" \/><\/a><figcaption class=\"wp-caption-text\">Voc\u00ea gostaria de decorar com flores Sorachi?<\/figcaption><\/figure>\n<h3>Reuni\u00e3o com a Sra. Yokomizo Mako da Zensai Co., Ltd. (Cidade de Sapporo)<\/h3>\n<p>Durante o evento, Yokomizo Mako, CEO da Zensai Co., Ltd. (Sapporo), uma empresa de fabrica\u00e7\u00e3o, venda e distribui\u00e7\u00e3o de alimentos vegetarianos que comercializa carne de soja, visitou a loja e se reuniu com o presidente Takada e o vice-diretor Noshirogawa para discutir a carne de soja Kurosengoku.<a href=\"https:\/\/harmony-garden.ocnk.net\/page\/35\" rel=\"noopener noreferrer\" target=\"_blank\">O site da Zensai Co., Ltd. est\u00e1 aqui &gt;&gt;<\/a>\uff09<br \/>\n\ufffc<br \/>\n<figure class=\"wp-caption aligncenter\"><a href=\"https:\/\/photos.google.com\/share\/AF1QipP0sCze6KyVj6sTYJ2t2bDAbmplbeIgeBwujzVflw2d9xkgIJDuTSMyGyy2YoOe5g\/photo\/AF1QipNZaXgym0cUOfaTFqM4J6ZFACRxKyjWqEkAKbA?key=U2d0WG5QNHotaDFKMWhfeXV1RkF5ekNBZF93UnZR\" target=\"_blank\" rel=\"noopener noreferrer\"><img decoding=\"async\" src=\"https:\/\/lh3.googleusercontent.com\/pw\/ACtC-3e9MPgfFLuW0czF7fT3ANF0RofpuadjdwINoCkztvLaRimxXjXHFlKoV_Dio6R8FZBCV0-z443-LNUUaqCrQfIwqckwr0McrAPzqfbMtTZ1fcYfBI5pyFAmaS6SgwUTpRZekjg7idM9cSe0lQC66xVZ=w1984-h1322-no?authuser=0\" width=\"1984\" height=\"1322\" alt=\"Juntamente com o representante da Zensai Co., Ltd., Yokomizo Mako!\" class=\"size-medium\" \/><\/a><figcaption class=\"wp-caption-text\">Juntamente com o representante da Zensai Co., Ltd., Yokomizo Mako!<\/figcaption><\/figure>\n<h3>O Sr. Keiichi Hamada visita nossa loja.<\/h3>\n<p>\u00c0 noite, o Sr. Keiichi Hamada, que foi cedido pelo Governo da Prefeitura de Hokkaido para a Prefeitura de Hokuryu at\u00e9 o ano fiscal de 2017 e era respons\u00e1vel pelo \u00f3leo de girassol, nos visitou. Ele e o Vice-Diretor Noshirogawa tiveram uma animada discuss\u00e3o sobre o \u00f3leo de girassol.<\/p>\n<figure class=\"wp-caption aligncenter\"><a href=\"https:\/\/photos.google.com\/share\/AF1QipP0sCze6KyVj6sTYJ2t2bDAbmplbeIgeBwujzVflw2d9xkgIJDuTSMyGyy2YoOe5g\/photo\/AF1QipPEhySJcCQsw_KC9Dp8UuOCFDBNTjwt-_IC6Ls?key=U2d0WG5QNHotaDFKMWhfeXV1RkF5ekNBZF93UnZR\" target=\"_blank\" rel=\"noopener noreferrer\"><img decoding=\"async\" src=\"https:\/\/lh3.googleusercontent.com\/pw\/ACtC-3e8MvpYD5LCaHwHlEsy3IDPexWmYQ5KPzMp-RPa3gkl9VVpJktR9HcyL1uvpNsbX3zSUpo_LMkoxVTQDOCXGBZmvaBHmK1Gs_zF1kukqdPesryoaba-g6_Z5DoCCn1vFB4ICpp_I6NCf-ClreeB5-Fk=w1984-h1322-no?authuser=0\" width=\"1984\" height=\"1322\" alt=\"Sr. Keiichi Hamada (esquerda) e Diretor Adjunto Yasuto Noshirogawa (direita)\" class=\"size-medium\" \/><\/a><figcaption class=\"wp-caption-text\">Sr. Keiichi Hamada (esquerda) e Diretor Adjunto Yasuto Noshirogawa (direita)<\/figcaption><\/figure>\n<h3>Todo o arroz para colher &quot;Kitakurin (10kg x 45 sacos)&quot; esgotou.<\/h3>\n<p>\u00c0s 19h30, pouco antes do hor\u00e1rio de fechamento, os 2 kg de arroz glutinoso, os sacos de 5 kg de arroz e o arroz &quot;Kitakurin&quot; para colher (10 kg x 45 sacos) que t\u00ednhamos trazido j\u00e1 haviam se esgotado!!!<br \/>\n\ufffc<br \/>\n<figure class=\"wp-caption aligncenter\"><a href=\"https:\/\/photos.google.com\/share\/AF1QipP0sCze6KyVj6sTYJ2t2bDAbmplbeIgeBwujzVflw2d9xkgIJDuTSMyGyy2YoOe5g\/photo\/AF1QipPR6WxP5Rv1ydUW-knNKWGiR_w3W-ruKY7MIsM?key=U2d0WG5QNHotaDFKMWhfeXV1RkF5ekNBZF93UnZR\" target=\"_blank\" rel=\"noopener noreferrer\"><img decoding=\"async\" src=\"https:\/\/lh3.googleusercontent.com\/pw\/ACtC-3cTqD3jYo4FDxrxJIvKDJsEepY1nlDPXtHe-vzxajhLV0RO7UP77qf0_IGVYxWaYGAOtOLlrYVkAdqqOeJbRdITBmrWQqC67S1pCMztsmOBkXuijKZvDNZxVQVRA5mB3nTMbSzI5Ym9U3kZ1nKYSL59=w1764-h1322-no?authuser=0\" width=\"1763\" height=\"1322\" alt=\"O arroz esgotou!\" class=\"size-medium\" \/><\/a><figcaption class=\"wp-caption-text\">O arroz esgotou!<\/figcaption><\/figure>\n<p>O \u00faltimo cliente a pegar o arroz!<br \/>\n\ufffc<br \/>\n<figure class=\"wp-caption aligncenter\"><a href=\"https:\/\/photos.google.com\/share\/AF1QipP0sCze6KyVj6sTYJ2t2bDAbmplbeIgeBwujzVflw2d9xkgIJDuTSMyGyy2YoOe5g\/photo\/AF1QipODfEyiqTgtJmZQS70yz3sh8xQTFunpmVBOONg?key=U2d0WG5QNHotaDFKMWhfeXV1RkF5ekNBZF93UnZR\"><img decoding=\"async\" src=\"https:\/\/lh3.googleusercontent.com\/pw\/ACtC-3dgpJ7y5m8lg6YfoZuDS49VWOD6Um5iJ8Q1yl4DrtrJBKg69dZQVG_Th8EoA9iG0hTQA99YyB4Fewr0xQsLavoVDq1sZOYTNoQXCvVIxHMKFZG63FDl75YH7a5pM5dAsNoSyPAI-l40GbAqFtsHZ7Vk=w1262-h947-no?authuser=0\" width=\"1262\" height=\"946\" alt=\"O \u00faltimo cliente a pegar o arroz!\" class=\"size-medium\" \/><\/a><figcaption class=\"wp-caption-text\">O \u00faltimo cliente a pegar o arroz!<\/figcaption><\/figure>\n<p>Os dois dias foram repletos dos encantos do arroz de girassol, do \u00f3leo de girassol e da soja Kurosengoku da cidade de Hokuryu, e foram recebidos com enorme entusiasmo!<br \/>\nObrigado pelo seu trabalho \u00e1rduo!!!<br \/>\n\ufffc<br \/>\n<figure class=\"wp-caption aligncenter\"><a href=\"https:\/\/photos.google.com\/share\/AF1QipP0sCze6KyVj6sTYJ2t2bDAbmplbeIgeBwujzVflw2d9xkgIJDuTSMyGyy2YoOe5g\/photo\/AF1QipO7Cz7mw3-i2ATjdLJot3sZao1OK6Cs3UyxJmA?key=U2d0WG5QNHotaDFKMWhfeXV1RkF5ekNBZF93UnZR\" target=\"_blank\" rel=\"noopener noreferrer\"><img decoding=\"async\" src=\"https:\/\/lh3.googleusercontent.com\/pw\/ACtC-3flsVMA2xW6MewZe2pnZcg7VJuqKitCYubqrAMER9lA5lbxKYanTXZpj5YQO4tUjHSk__KCFVgFjf_UQMusyNozryyR68vYDGQm9iWflQAoVMWZ5HQIYLd7YK2qal5Sai30rbc63pIsDU-kkxPNd-u1=w1984-h1322-no?authuser=0\" width=\"1984\" height=\"1322\" alt=\"Obrigado pelo seu trabalho \u00e1rduo!!!\" class=\"size-medium\" \/><\/a><figcaption class=\"wp-caption-text\">Obrigado pelo seu trabalho \u00e1rduo!!!<\/figcaption><\/figure>\n<h2>Cobertura adicional de lojas que utilizam produtos especiais da cidade de Hokuryu - s\u00e1bado, 17 de outubro<\/h2>\n<h3>Visita aos doces japoneses Sasaya Daifuku (cidade de Sapporo)<\/h3>\n<p>No dia seguinte, a caminho de volta para a cidade, visitamos a Sasaya Daifuku, uma confeitaria japonesa que utiliza soja Kurosengoku e arroz glutinoso da Fazenda Himawari. Conversamos com o propriet\u00e1rio, Atsutoshi Nakamura (55 anos), sobre sua experi\u00eancia com a soja Kurosengoku.<a href=\"https:\/\/sasayadaifuku.com\/\" rel=\"noopener noreferrer\" target=\"_blank\">O site de Sasaya Daifuku est\u00e1 aqui &gt;&gt;<\/a>\uff09<br \/>\n\ufffc<br \/>\n<figure class=\"wp-caption aligncenter\"><a href=\"https:\/\/photos.google.com\/share\/AF1QipP0sCze6KyVj6sTYJ2t2bDAbmplbeIgeBwujzVflw2d9xkgIJDuTSMyGyy2YoOe5g\/photo\/AF1QipMEz6r4BKrKWgZY5xi31d33ey0wrcoemYdUt2I?key=U2d0WG5QNHotaDFKMWhfeXV1RkF5ekNBZF93UnZR\" target=\"_blank\" rel=\"noopener noreferrer\"><img decoding=\"async\" src=\"https:\/\/lh3.googleusercontent.com\/pw\/ACtC-3evdH04sFqCEEHsjU65UV4k97ST1uJCUUxPK0bPHSR0i9rsdYmduSc3sQWci9VKMq4yLv1fzSoZ3xv62_iB_ayeNIMSIGGj2mY7nESMVCYJ3hoVAjl59D325-qvdej6kotO3oQyS5XKh6SFBKowJIVu=w1984-h1322-no?authuser=0\" width=\"1984\" height=\"1322\" alt=\"Sasaya Daifuku\" class=\"size-medium\" \/><\/a><figcaption class=\"wp-caption-text\">Sasaya Daifuku<\/figcaption><\/figure>\n\ufffc<br \/>\n<figure class=\"wp-caption aligncenter\"><a href=\"https:\/\/photos.google.com\/share\/AF1QipP0sCze6KyVj6sTYJ2t2bDAbmplbeIgeBwujzVflw2d9xkgIJDuTSMyGyy2YoOe5g\/photo\/AF1QipPlizOp2vAKpB5Nqnq7KZeBwnviG5mh3-pin1I?key=U2d0WG5QNHotaDFKMWhfeXV1RkF5ekNBZF93UnZR\" target=\"_blank\" rel=\"noopener noreferrer\"><img decoding=\"async\" src=\"https:\/\/lh3.googleusercontent.com\/pw\/ACtC-3dhI2t9wx2yJkWL88GCPm42ODvsVQ7Qffb3G1bj5nmGdo06axzocNlL_p9PNBMiVkIjcRlKI4cLg11QOvuxiDKFEI4kMyIqaZKgEmYSfYLoOX4rwWM2qGZ2iFRcRlL3P0ervAdAJnKpFPzLwJ0CZwIo=w1984-h1322-no?authuser=0\" width=\"1984\" height=\"1322\" alt=\"Deputado Atsutoshi Nakamura (55 anos)\" class=\"size-medium\" \/><\/a><figcaption class=\"wp-caption-text\">Deputado Atsutoshi Nakamura (55 anos)<\/figcaption><\/figure>\n<figure class=\"wp-caption aligncenter\"><a href=\"https:\/\/photos.google.com\/share\/AF1QipOM9wQJG6kqmnQ5WfO_V0hdJrEN734Wn3WVdG1-HGnBWybcdyQzrqEIfIFMf_ma5Q\/photo\/AF1QipNJ6S9REKvJSJbNbjxdbXTQrphDJvrO_NctNeAj?key=dUpQRTNZV1lIUkRTQVdkYVRYSUhjNVNOaFN6Z2JR\" target=\"_blank\" rel=\"noopener noreferrer\"><img decoding=\"async\" src=\"https:\/\/lh3.googleusercontent.com\/pw\/ACtC-3cutt7gJ39cF7eLg7dD-cCJpHz6_tqomup_uQ851SdsHkqE1pEbLEtg-Szc-9twoJoxYL6qBS58mYW0Mky5OatFg7J5MswzSbumw5odJkmg-npmZ1tg-3V5bgzreStfoYgdIufhE63LLppAZVFPoPG5IQ=w1984-h1322-no?authuser=0\" width=\"1984\" height=\"1322\" alt=\"Daifuku de feij\u00e3o salgado de soja Kurosengoku\" class=\"size-medium\" \/><\/a><figcaption class=\"wp-caption-text\">Daifuku de feij\u00e3o salgado de soja Kurosengoku<\/figcaption><\/figure>\n<p><span style=\"font-weight:bold\"><font color=\"#ff9900\">\u25b6<\/font> Artigo de refer\u00eancia [Aproveitem! A vida feliz de um casal de idosos]:<\/span><br \/>\n\u30fb<a href=\"https:\/\/ehokkaido.net\/archives\/31037\" target=\"_blank\" rel=\"noopener noreferrer\">Sasaya Daifuku (Maruyama, Sapporo) O artes\u00e3o e propriet\u00e1rio de Daifuku, Atsutoshi Nakamura, cria daifuku de soja Kurosengoku salgado com gosto da generosidade de Hokkaido.<\/a>(22 de outubro de 2020)<\/p>\n<h3>Visita ao restaurante Karamatsuen Soba (cidade de Naie)<\/h3>\n<p>Visitamos tamb\u00e9m o Karamatsuen, um restaurante de soba que utiliza \u00f3leo de girassol. Conversamos com o presidente Masamitsu Sato sobre o \u00f3leo de girassol.<a href=\"http:\/\/www.karamatsu.co.jp\/\" rel=\"noopener noreferrer\" target=\"_blank\">O site de Karamatsuen est\u00e1 aqui &gt;&gt;<\/a>\uff09<br \/>\n\ufffc<br \/>\n<figure class=\"wp-caption aligncenter\"><a href=\"https:\/\/photos.google.com\/share\/AF1QipMReo0nn1qdmKtxoHE2hH4uaAqmazfMtVacHQe90R4pvxYG5TkH1jJXSf6lQjgNGQ\/photo\/AF1QipOlZeP4cBeI2aIjmbA9E085E2vmblSHAR-WuuTa?key=eE5DOU5Wa250ZERtdzNVTDZGazBIdllWTHByTlJB\" target=\"_blank\" rel=\"noopener noreferrer\"><img decoding=\"async\" src=\"https:\/\/lh3.googleusercontent.com\/pw\/ACtC-3fJnweTlKcs23K1bGoJ6RPU9TIOF-iFojlYgtw1_uEN8VATV_QsS3wybooLnGwF8Ee5hkmFy-BPRpvjHhXJ6ob994YooRbwYdBTun0OcmR1hUHL_nLLIDt0KtUUJC8zppoRqq5LUWPnDzdz69g664qSRw=w1764-h1322-no?authuser=0\" width=\"1763\" height=\"1322\" alt=\"Jardim dos Lari\u00e7os (Cidade de Naie)\" class=\"size-medium\" \/><\/a><figcaption class=\"wp-caption-text\">Jardim dos Lari\u00e7os (Cidade de Naie)<\/figcaption><\/figure>\n\ufffc<br \/>\n<figure class=\"wp-caption aligncenter\"><a href=\"https:\/\/photos.google.com\/share\/AF1QipMReo0nn1qdmKtxoHE2hH4uaAqmazfMtVacHQe90R4pvxYG5TkH1jJXSf6lQjgNGQ\/photo\/AF1QipMm-5umx6Kbu7r7a8ptY8dHvF0OffBsG0GFigkh?key=eE5DOU5Wa250ZERtdzNVTDZGazBIdllWTHByTlJB\" target=\"_blank\" rel=\"noopener noreferrer\"><img decoding=\"async\" src=\"https:\/\/lh3.googleusercontent.com\/pw\/ACtC-3dn9KXde0EfNB6LqpOPtX3hYhQsUrB0IAW6Xpsvxkn6VD7Y_J2h-ikOG0rzwdqnXBtlup9lRCHZ2T18eq3F7yOGA2-BnJMZxfg8WNYy84M2Gm1CzCh3En7Q9vggK5jOwa3jwpKAjJS8W3iHtnoDGfhQ3w=w1764-h1322-no?authuser=0\" width=\"1763\" height=\"1322\" alt=\"Soba Restaurante Karamatsuen, Masamitsu Sato, Presidente e CEO\" class=\"size-medium\" \/><\/a><figcaption class=\"wp-caption-text\">Soba Restaurante Karamatsuen, Masamitsu Sato, Presidente e CEO<\/figcaption><\/figure>\n<p>O molho para o prato de macarr\u00e3o soba frio &quot;Salada Sorachino&quot; leva \u00f3leo de girassol.<br \/>\n\ufffc<br \/>\n<figure class=\"wp-caption aligncenter\"><a href=\"https:\/\/photos.google.com\/share\/AF1QipMReo0nn1qdmKtxoHE2hH4uaAqmazfMtVacHQe90R4pvxYG5TkH1jJXSf6lQjgNGQ\/photo\/AF1QipORrYqpC-cG7Z5xP4f_mP-ZF3zml54Y2GWXXqfu?key=eE5DOU5Wa250ZERtdzNVTDZGazBIdllWTHByTlJB\" target=\"_blank\" rel=\"noopener noreferrer\"><img decoding=\"async\" src=\"https:\/\/lh3.googleusercontent.com\/pw\/ACtC-3c7QZKlTf0ys3s45Tc4lsWe89azv_NChdcqLvm0PrPsECifQHs58x3TG26hfzCyTJ3oTeOp2Y1XgeblvPjhnHYS1Xyk2C2qe9-mf-4keR2LZEQIJ52-ZFGmyPLpe_3N_qf3Lj3t4_eAF_AoVwjgy_6Wmg=w1764-h1322-no?authuser=0\" width=\"1763\" height=\"1322\" alt=\"O \u00f3leo de girassol \u00e9 usado como molho para o prato de macarr\u00e3o soba frio &quot;Salada Sorachino&quot;!\" class=\"size-medium\" \/><\/a><figcaption class=\"wp-caption-text\">O \u00f3leo de girassol \u00e9 usado como molho para o prato de macarr\u00e3o soba frio &quot;Salada Sorachino&quot;!<\/figcaption><\/figure>\n<p><span style=\"font-weight:bold\"><font color=\"#ff9900\">\u25b6<\/font> Artigo de refer\u00eancia [Aproveitem! A vida feliz de um casal de idosos]:<\/span><br \/>\n\u30fb<a href=\"https:\/\/ehokkaido.net\/archives\/31059\" target=\"_blank\" rel=\"noopener noreferrer\">Karamatsuen (Cidade de Naie) O macarr\u00e3o soba artesanal &quot;Salada Sorachino&quot; de Masamitsu Sato \u00e9 feito com \u00f3leo de girassol da cidade de Hokuryu.<\/a>(23 de outubro de 2020)<\/p>\n<p>Enviamos nosso amor, gratid\u00e3o e ora\u00e7\u00f5es infinitos \u00e0s muitas conex\u00f5es maravilhosas que foram feitas por pessoas apaixonadas que amam Hokuryu por meio de suas encantadoras especialidades locais.<\/p>\n<p>&quot;C\u00e9u, terra, \u00e1gua e os cora\u00e7\u00f5es dos agricultores&quot; Com gratid\u00e3o pelo arroz da cidade de Hokuryu, que est\u00e1 repleto do esp\u00edrito do arroz!<br \/>\n<figure class=\"wp-caption aligncenter\"><a href=\"https:\/\/photos.google.com\/share\/AF1QipP0sCze6KyVj6sTYJ2t2bDAbmplbeIgeBwujzVflw2d9xkgIJDuTSMyGyy2YoOe5g\/photo\/AF1QipPhZKQhhOLZxCsd1WIHE_usZLRG_t5aXrA2t20?key=U2d0WG5QNHotaDFKMWhfeXV1RkF5ekNBZF93UnZR\" target=\"_blank\" rel=\"noopener noreferrer\"><img decoding=\"async\" src=\"https:\/\/lh3.googleusercontent.com\/pw\/ACtC-3cqWf8-v3FJoGW5BMsaoZqZDkDe_pKWHj9h8OZzYcj7wTJTrz07YgRMnvmNtgaHRO9w4kv4-al9kqbHpJMfEw9Q5Q3lJEa6zob9kDEZZF8uP-_OWgoXJ9UifUZQJeQaK4Ht90kYcjkg-tcUY7kLegKr=w1984-h1322-no?authuser=0\" width=\"1984\" height=\"1322\" alt=\"&quot;C\u00e9u, terra, \u00e1gua e os cora\u00e7\u00f5es dos agricultores&quot; Novo arroz da cidade de Hokuryu!\" class=\"size-medium\" \/><\/a><figcaption class=\"wp-caption-text\">&quot;C\u00e9u, terra, \u00e1gua e os cora\u00e7\u00f5es dos agricultores&quot; Novo arroz da cidade de Hokuryu!<\/figcaption><\/figure>\n\u3000<\/p>\n<h2>Outras fotos<\/h2>\n<p>\u30fb<a href=\"https:\/\/photos.google.com\/share\/AF1QipP0sCze6KyVj6sTYJ2t2bDAbmplbeIgeBwujzVflw2d9xkgIJDuTSMyGyy2YoOe5g?key=U2d0WG5QNHotaDFKMWhfeXV1RkF5ekNBZF93UnZR\" rel=\"noopener noreferrer\" target=\"_blank\">Os produtos t\u00edpicos da cidade de Hokuryu, como arroz de girassol rec\u00e9m-colhido, soja Kurosengoku, \u00f3leo de girassol e biscoitos de arroz, foram vendidos presencialmente na Feira Sorachi 2020 (loja Hokkaido Dosanko Plaza Sapporo). Fotos (129 fotos) est\u00e3o dispon\u00edveis aqui &gt;&gt;<\/a><br \/>\n\u3000<\/p>\n<h2>Artigos relacionados<\/h2>\n<p>\u30fb<a href=\"https:\/\/portal.hokuryu.info\/pt\/5480\/\" rel=\"noopener noreferrer\" target=\"_blank\">O arroz de girassol rec\u00e9m-colhido fez grande sucesso e foi exibido na cidade de Hokuryu (16\/10) na Feira Sorachi 2020 (Cidade de Sapporo).<\/a>(19 de outubro de 2020)<br \/>\n\u30fb<a href=\"https:\/\/portal.hokuryu.info\/pt\/5444\/\" rel=\"noopener noreferrer\" target=\"_blank\">O arroz de girassol rec\u00e9m-colhido fez grande sucesso e foi exibido na cidade de Hokuryu (15\/10) na Feira Sorachi 2020 (Cidade de Sapporo).<\/a>(16 de outubro de 2020)<br \/>\n\u30fb<a href=\"https:\/\/portal.hokuryu.info\/pt\/5426\/\" rel=\"noopener noreferrer\" target=\"_blank\">(Aviso) 15 (quinta-feira) e 16 (sexta-feira) de outubro: Exposi\u00e7\u00e3o da cidade de Hokuryu na Feira Sorachi 2020 (Hokkaido Dosanko Plaza, filial de Sapporo, sa\u00edda norte da esta\u00e7\u00e3o JR Sapporo)<\/a>(15 de outubro de 2020)<\/p>\n<p>\u25c7 Fotografia e edi\u00e7\u00e3o: Noboru Terauchi Entrevista e texto: Ikuko Terauchi<\/p>","protected":false},"excerpt":{"rendered":"<p>\uff12\uff10\uff12\uff10\u5e74\uff11\uff10\u6708\uff11\uff19\u65e5\uff08\u6708\uff09 \u5168\u9053\u4e00\u306e\u7c73\u7523\u5730\u3067\u3042\u308b\u7a7a\u77e5\u306e\u65b0\u7c73\u3092\u306f\u3058\u3081\u3001\u7279\u7523\u54c1\u304c\u4e26\u3076\u300c\u7a7a\u77e5\u30d5\u30a7\u30a22020\u300d\u304c\u3001\u5317\u6d77\u9053\u3069\u3055\u3093\u3053\u30d7\u30e9\u30b6\u672d\u5e4c\u5e97\uff08\u672d\u5e4c\u99c5\u69cb\u5185\u5317\u53e3\uff09\u306b\u3066\u958b\u50ac\u3055\u308c\u3066\u3044\u307e\u3059\u3002\u7a7a\u77e5\u7dcf\u5408\u632f\u8208\u5c40\u306e\u4e3b\u50ac\u3002 \u7a7a [&hellip;]<\/p>\n","protected":false},"author":1,"featured_media":5452,"comment_status":"open","ping_status":"open","sticky":false,"template":"","format":"standard","meta":{"footnotes":""},"categories":[4,26,28,38,14,9],"tags":[],"class_list":["post-5451","post","type-post","status-publish","format-standard","has-post-thumbnail","hentry","category-cover-story","category-jahokuryu","category-sunflowerpark","category-sfoil","category-hokuryu-town","category-kurosengoku"],"_links":{"self":[{"href":"https:\/\/portal.hokuryu.info\/pt\/wp-json\/wp\/v2\/posts\/5451","targetHints":{"allow":["GET"]}}],"collection":[{"href":"https:\/\/portal.hokuryu.info\/pt\/wp-json\/wp\/v2\/posts"}],"about":[{"href":"https:\/\/portal.hokuryu.info\/pt\/wp-json\/wp\/v2\/types\/post"}],"author":[{"embeddable":true,"href":"https:\/\/portal.hokuryu.info\/pt\/wp-json\/wp\/v2\/users\/1"}],"replies":[{"embeddable":true,"href":"https:\/\/portal.hokuryu.info\/pt\/wp-json\/wp\/v2\/comments?post=5451"}],"version-history":[{"count":0,"href":"https:\/\/portal.hokuryu.info\/pt\/wp-json\/wp\/v2\/posts\/5451\/revisions"}],"wp:featuredmedia":[{"embeddable":true,"href":"https:\/\/portal.hokuryu.info\/pt\/wp-json\/wp\/v2\/media\/5452"}],"wp:attachment":[{"href":"https:\/\/portal.hokuryu.info\/pt\/wp-json\/wp\/v2\/media?parent=5451"}],"wp:term":[{"taxonomy":"category","embeddable":true,"href":"https:\/\/portal.hokuryu.info\/pt\/wp-json\/wp\/v2\/categories?post=5451"},{"taxonomy":"post_tag","embeddable":true,"href":"https:\/\/portal.hokuryu.info\/pt\/wp-json\/wp\/v2\/tags?post=5451"}],"curies":[{"name":"wp","href":"https:\/\/api.w.org\/{rel}","templated":true}]}}