{"id":53515,"date":"2024-12-04T09:36:38","date_gmt":"2024-12-04T00:36:38","guid":{"rendered":"https:\/\/portal.hokuryu.info\/?p=53515"},"modified":"2024-12-10T16:56:06","modified_gmt":"2024-12-10T07:56:06","slug":"%e3%81%b2%e3%81%be%e3%82%8f%e3%82%8a%e3%82%b3%e3%83%bc%e3%83%a9%e3%82%b9%e3%83%a1%e3%83%a2%e3%83%aa%e3%82%a2%e3%83%ab%e3%82%b3%e3%83%b3%e3%82%b5%e3%83%bc%e3%83%88-part10%e3%83%bb%e5%b0%8a%e3%81%8d","status":"publish","type":"post","link":"https:\/\/portal.hokuryu.info\/pt\/53515\/","title":{"rendered":"Concerto em Mem\u00f3ria do Coro Girassol - Parte 10: Com amor, gratid\u00e3o e ora\u00e7\u00f5es infinitas ao Coro Girassol de Hokuryu, que continua a cantar com as vozes de almas preciosas e a valorizar a preciosidade da vida."},"content":{"rendered":"<p>Segunda-feira, 3 de dezembro de 2024<\/p>\n<p>No s\u00e1bado, 30 de novembro, \u00e0s 14h, o &quot;Concerto Memorial do Coral de Girass\u00f3is - Parte 10&quot; foi realizado no Sal\u00e3o Principal do Centro Comunit\u00e1rio da Cidade de Hokuryu.<\/p>\n<p>Com uma plateia de aproximadamente 100 pessoas reunidas, o local se encheu de uma maravilhosa harmonia e foi tomado por uma onda de profunda emo\u00e7\u00e3o.<\/p>\n<p>O concerto comemorativo do 10\u00ba anivers\u00e1rio contou com a presen\u00e7a especial de Yuichi Iwasaki e do Iwasaki Juku Ukulele Club, que proporcionaram uma apresenta\u00e7\u00e3o maravilhosa, acalmando a alma com seus tons alegres e vibrantes.<\/p>\n<h2>Concerto Memorial do Coro Himawari Parte 10<\/h2>\n<figure class=\"wp-caption aligncenter\"><a href=\"https:\/\/photos.google.com\/share\/AF1QipO1_X4rbA1QVKIktSWOID1mTbWk9VAexWwR6wUjHKA5ZTI0PsOgk_Xq7d7dpBoWHw\/photo\/AF1QipPSBN5PcfWpC1F-PzQXS3usgUDzUn1yvKUAY3U?key=RTJmUGRWX19LWXVWbzM4dFMzbWNXNWJmWWp3VHRB\" target=\"_blank\"><img decoding=\"async\" src=\"https:\/\/lh3.googleusercontent.com\/pw\/AP1GczPgteZjcSMVaz9LhN_sH7HmkMO_cPXhCZPn1D3C6Hqp6bhu0-sHIpRsMWE9rbiia9kxitYMsobfL9IVF8lIQUY0YKkoLfS3AsRxzQw7lf8Sr4JnQgKF5PeJfrc1xypqfSBzfXLuVrkPQn9InlvJD78t=w2000-h1333-s-no-gm?authuser=0\" width=\"2000\" height=\"1333\" alt=\"Concerto Memorial do Coro Himawari Parte 10\" class=\"size-full\" \/><\/a><figcaption class=\"wp-caption-text\">Concerto Memorial do Coro Himawari Parte 10<\/figcaption><\/figure>\n<div class=\"img-move\">\n<div class=\"column column-255\">\n<div class=\"column__item\"><a href=\"https:\/\/photos.google.com\/share\/AF1QipO1_X4rbA1QVKIktSWOID1mTbWk9VAexWwR6wUjHKA5ZTI0PsOgk_Xq7d7dpBoWHw\/photo\/AF1QipPZmWGDaR6_UrXy4GDNIz8EW4MifUNX5EhiY28?key=RTJmUGRWX19LWXVWbzM4dFMzbWNXNWJmWWp3VHRB\" target=\"_blank\" rel=\"noopener\"><img decoding=\"async\" src=\"https:\/\/lh3.googleusercontent.com\/pw\/AP1GczMiASqqRsyvz2RPySEtgCqRv1H4eQKlYeoxjAsFS5fVQbLvEUDaeHzNX7wPOuBaxEK7y_4Gn0_cGppueHLYjlyXZstaohmJCLN2vXWaKHtD513870ctBE3Kp2Cw766hwfB1VXfrxFHav6KtTptLCwE6=w2000-h1393-s-no-gm?authuser=0\" alt=\"Concerto Memorial do Coro Himawari Parte 10\" style=\"border:solid 1px blue\" width=\"300\"\/><\/a><\/div>\n<div class=\"column__item\"><a href=\"https:\/\/photos.google.com\/share\/AF1QipO1_X4rbA1QVKIktSWOID1mTbWk9VAexWwR6wUjHKA5ZTI0PsOgk_Xq7d7dpBoWHw\/photo\/AF1QipMqjYPm9BV6fdDSf9c-13wvUPI75c6H6X8XYG0?key=RTJmUGRWX19LWXVWbzM4dFMzbWNXNWJmWWp3VHRB\" target=\"_blank\" rel=\"noopener\"><img decoding=\"async\" src=\"https:\/\/lh3.googleusercontent.com\/pw\/AP1GczP_1z0P1Zr7XcQQpBrW8xZM6oDQRr-SPNQGFE90mmOvqPHO8xwB4td3UdtY3LIYmKFBvgFeYfp2VfkE7mt8dCfGqCXxH_TsHidhZc4eJKnIwHIWD0jsv8-a0E7fmZOkC54U-ler6oWQzhZY8qPBjNDP=w2000-h1409-s-no-gm?authuser=0\" alt=\"Concerto Memorial do Coro Himawari Parte 10\" style=\"border:solid 1px blue\" width=\"300\"\/><\/a><\/div>\n<\/div>\n<\/div>\n<h2>Coro Feminino Himawari<\/h2>\n<p>O Coro Himawari (liderado por Mitsuko Fujii) \u00e9 um coro feminino com 22 integrantes de dentro e de fora da cidade de Hokuryu.<\/p>\n<p>O coro foi formado em 1989 (Heisei 1) e este ano comemora seu 35\u00ba anivers\u00e1rio. Os concertos regulares, que come\u00e7aram em 2011 (Heisei 23), ser\u00e3o realizados pela 10\u00aa vez este ano.<\/p>\n<p>O concerto foi denominado &quot;Concerto Memorial&quot; com a inten\u00e7\u00e3o de nunca esquecer a import\u00e2ncia da vida causada pelo Grande Terremoto do Leste do Jap\u00e3o (Terremoto do Oceano Pac\u00edfico de Tohoku) ocorrido em 2011 e de grav\u00e1-la em nossos cora\u00e7\u00f5es.<\/p>\n<figure class=\"wp-caption aligncenter\"><a href=\"https:\/\/photos.google.com\/share\/AF1QipO1_X4rbA1QVKIktSWOID1mTbWk9VAexWwR6wUjHKA5ZTI0PsOgk_Xq7d7dpBoWHw\/photo\/AF1QipORKx43AuTuMvygOCOmElJhG2OvgKO1VQxFmnI?key=RTJmUGRWX19LWXVWbzM4dFMzbWNXNWJmWWp3VHRB\" target=\"_blank\"><img decoding=\"async\" src=\"https:\/\/lh3.googleusercontent.com\/pw\/AP1GczPupgrnpgG6K0bRjVMyZCf59iM68OjdP93510EpBIj6nG1sqeSiimrLAvOho2X3bEoA3lGUOJb49JNyWdrn_vozrEjrY88eLnt0CZ-MYh1LA-92ogKXkepjgXQwEK_2n8Z6HdhyUc0XIMgiwYHcPpAu=w2000-h1333-s-no-gm?authuser=0\" width=\"2000\" height=\"1333\" alt=\"O Coro Himawari celebra seu 10\u00ba concerto em mem\u00f3ria de Himawari.\" class=\"size-full\" \/><\/a><figcaption class=\"wp-caption-text\">O Coro Himawari celebra seu 10\u00ba concerto em mem\u00f3ria de Himawari.<\/figcaption><\/figure>\n<h3>Maestro e tenor: Tetsuyoshi Yamamoto<\/h3>\n<p>Morador de Chishibetsu, ele se formou na Universidade de Educa\u00e7\u00e3o de Hokkaido, em Sapporo. \u00c9 o sacerdote principal do Templo Jorakuji em Chishibetsu e tamb\u00e9m trabalha como palestrante em institui\u00e7\u00f5es de ensino e organiza\u00e7\u00f5es de educa\u00e7\u00e3o continuada em Hokkaido. Ele dirige o Coral Himawari desde 2006.<\/p>\n<figure class=\"wp-caption aligncenter\"><a href=\"https:\/\/photos.google.com\/share\/AF1QipO1_X4rbA1QVKIktSWOID1mTbWk9VAexWwR6wUjHKA5ZTI0PsOgk_Xq7d7dpBoWHw\/photo\/AF1QipPmTerE8LKygPFXS1VEjYNfJDyuykc61RteCmM?key=RTJmUGRWX19LWXVWbzM4dFMzbWNXNWJmWWp3VHRB\" target=\"_blank\"><img decoding=\"async\" src=\"https:\/\/lh3.googleusercontent.com\/pw\/AP1GczO7zs9jghkSndpgk1EMlrd-CqHuQ7hdsH3wpbFcpH5dTsPBndTQck0v8uIq_TigS3qSLQVBq1P39wg00R5CcWdr3_q-BAmCRK1zZtUeNFhAs2aGbg6PydrMrWHdyCqrKjOKiBp2Q2JK_1XzpK65NXOw=w2000-h1333-s-no-gm?authuser=0\" width=\"2000\" height=\"1333\" alt=\"Maestro e tenor Tetsuyoshi Yamamoto\" class=\"size-full\" \/><\/a><figcaption class=\"wp-caption-text\">Maestro e tenor Tetsuyoshi Yamamoto<\/figcaption><\/figure>\n<h3>Piano: Tomoyo Shikano<\/h3>\n<p>Moradora da cidade de Fukagawa, ela se formou no Departamento de Artes e Cultura, no curso de M\u00fasica, do campus de Sapporo da Universidade de Educa\u00e7\u00e3o de Hokkaido. Al\u00e9m de se apresentar principalmente em Fukagawa, ela tamb\u00e9m atua como organista de casamentos na Igreja de Santa Margarida, em Ilum-no-Oka, Fukagawa, e na Igreja de Bloomington Hill, em Asahikawa. Desde 2014, ela \u00e9 pianista do Coral Himawari.<\/p>\n<figure class=\"wp-caption aligncenter\"><a href=\"https:\/\/photos.google.com\/share\/AF1QipO1_X4rbA1QVKIktSWOID1mTbWk9VAexWwR6wUjHKA5ZTI0PsOgk_Xq7d7dpBoWHw\/photo\/AF1QipNWu18mB25LrtdeCuMo9CFeb2L5pmPsWuuTfIA?key=RTJmUGRWX19LWXVWbzM4dFMzbWNXNWJmWWp3VHRB\" target=\"_blank\"><img decoding=\"async\" src=\"https:\/\/lh3.googleusercontent.com\/pw\/AP1GczPFRjMkTk0D7WY-3dfwrx3ZM37QLr0dbXfqA4nlV71gIRMV5djyOab7zU53gaQ2ZpEv2ccmxeg0VBGekeQQ_RLRYsVdnq56Yp9Yy73lYSiqkGcN-qhzXmJuVk5km6zMm5fjOV3JXPNguAFNASVarqG0=w2000-h1333-s-no-gm?authuser=0\" width=\"2000\" height=\"1333\" alt=\"Piano: Tomoyo Shikano\" class=\"size-full\" \/><\/a><figcaption class=\"wp-caption-text\">Piano: Tomoyo Shikano<\/figcaption><\/figure>\n<h3>Apresentando-se com o Iwasaki Juku Ukulele Club<\/h3>\n<p>Yuichi Iwasaki reside em Fukagawa desde 1997. Ele foi colega de classe de Tetsuyoshi Yamamoto na Escola Secund\u00e1ria Fukagawa Nishi, em Hokkaido.<\/p>\n<p>Bar ao vivo &quot;Melting Pot&quot; (<a href=\"https:\/\/www.facebook.com\/p\/%E3%83%A1%E3%83%AB%E3%83%86%E3%82%A3%E3%83%B3%E3%82%B0%E3%83%9D%E3%83%83%E3%83%88-100054539285716\/?locale=ja_JP\" target=\"_blank\">Facebook<\/a>Al\u00e9m de administrar sua pr\u00f3pria empresa, ele tamb\u00e9m se dedica a escrever letras de m\u00fasicas, compor can\u00e7\u00f5es e organizar shows beneficentes.<\/p>\n<p>Ap\u00f3s se mudar para T\u00f3quio em 1974, estudou com Pancho Kagami, da banda Pinky &amp; the Killers. Depois de integrar a banda de apoio de Junko Yagami, estreou como cantor e compositor.<\/p>\n<p>Em 1981 (Showa 56), ele ganhou o pr\u00eamio de Melhor Vocalista no Concurso de Can\u00e7\u00f5es Originais Victor, e em 2014 (Heisei 26), o \u00e1lbum para o qual ele forneceu a m\u00fasica ganhou o Pr\u00eamio de Planejamento no Japan Record Awards.<\/p>\n<p>Por volta de 2017, ele ficou fascinado pelo ukulele feito pelo tio de Iwasaki e come\u00e7ou a toc\u00e1-lo, e atualmente dirige o Iwasaki Juku Ukulele Club, uma oficina para iniciantes.<\/p>\n<figure class=\"wp-caption aligncenter\"><a href=\"https:\/\/photos.google.com\/share\/AF1QipO1_X4rbA1QVKIktSWOID1mTbWk9VAexWwR6wUjHKA5ZTI0PsOgk_Xq7d7dpBoWHw\/photo\/AF1QipPkMtcFpImyLsPVLHd9cKJ3l4x7guErfR9-kfs?key=RTJmUGRWX19LWXVWbzM4dFMzbWNXNWJmWWp3VHRB\" target=\"_blank\"><img decoding=\"async\" src=\"https:\/\/lh3.googleusercontent.com\/pw\/AP1GczPw-vLImnIK_v-gXcNW-0ul4U4WXNkjX_CQIdrGzrjkS-J1xvdPuwY76i8GBDqoN_nisHTTUsNjW9gbbVvqy8K-bWKFmTDvaiSHu3_HREGykLx0Q7Hs-zmFWNx0RULFuCC5aZ3hn3kZId_btfj-i6dU=w2000-h1333-s-no-gm?authuser=0\" width=\"2000\" height=\"1333\" alt=\"Yuichi Iwasaki\" class=\"size-full\" \/><\/a><figcaption class=\"wp-caption-text\">Yuichi Iwasaki<\/figcaption><\/figure>\n<p>Yuichi Iwasaki tem 69 anos e nasceu em 1955. Ele nasceu em Kenbuchi-cho e cresceu na cidade de Fukagawa, cidade natal de sua m\u00e3e.<\/p>\n<p>O prefeito Sasaki Yasuhiro e Iwasaki eram colegas de turma, um no ensino m\u00e9dio e o outro no ensino m\u00e9dio, respectivamente, na Escola Secund\u00e1ria Fukagawa Nishi. Quando o prefeito Sasaki era estudante na Universidade Nihon, Iwasaki costumava convid\u00e1-lo para jantar quando ele vinha a T\u00f3quio, e eles eram t\u00e3o amigos que demonstravam muito carinho um pelo outro.<\/p>\n<p>&quot;Meu tio, que era professor na cidade de Hanno, prov\u00edncia de Saitama, fabricava viol\u00f5es cl\u00e1ssicos e come\u00e7ou a fazer ukuleles h\u00e1 15 anos. Durante esse tempo, mantivemos contato e ele me incentivou a tocar ukulele.&quot;<\/p>\n<p>Quando eu estava no ensino fundamental, o ukulele era popular e minha m\u00e3e costumava toc\u00e1-lo. Era a \u00e9poca do cantor havaiano Setsuo Ohashi, que cantava m\u00fasicas como &quot;Tropical Night&quot; e &quot;Shiawase wa Kokoni&quot;.<\/p>\n<p>Toco guitarra desde o ensino fundamental como se fosse a minha voca\u00e7\u00e3o. Comecei a tocar ukulele h\u00e1 uns 10 anos e me dediquei a compartilhar a alegria desse instrumento com o m\u00e1ximo de pessoas poss\u00edvel. Comecei a dar aulas de guitarra e ukulele h\u00e1 uns 7 ou 8 anos.<\/p>\n<p>Tendo passado muito tempo na ind\u00fastria da m\u00fasica, dediquei minha vida a compartilhar minhas experi\u00eancias com a popula\u00e7\u00e3o local.<\/p>\n<p>Atualmente, temos cerca de 10 membros. Realizamos aulas aproximadamente duas vezes por m\u00eas, incluindo can\u00e7\u00f5es folcl\u00f3ricas para cantar enquanto tocamos e ukulele solo. Ensinamos principalmente iniciantes. &quot;Quero transmitir a alegria da apresenta\u00e7\u00e3o ao vivo e aumentar o n\u00famero de pessoas que tocam ukulele&quot;, diz Yuichi Iwasaki com um sorriso am\u00e1vel.<\/p>\n<figure class=\"wp-caption aligncenter\"><a href=\"https:\/\/photos.google.com\/share\/AF1QipO1_X4rbA1QVKIktSWOID1mTbWk9VAexWwR6wUjHKA5ZTI0PsOgk_Xq7d7dpBoWHw\/photo\/AF1QipOl9qKH8Py4o5fHV6VNIaplrGtTL8nyfYmyFA4?key=RTJmUGRWX19LWXVWbzM4dFMzbWNXNWJmWWp3VHRB\" target=\"_blank\"><img decoding=\"async\" src=\"https:\/\/lh3.googleusercontent.com\/pw\/AP1GczNrqf6QweMQkmU0S2zcqVCapEBiVj435UafrYImeDW3nfKErF25nILHFXQLtg9iin6-30fzHlNXv9W5LlnGLDhbrMOMLuCt12uf45HDX3piyUAo6nGr3YUu09swcrWmkA47yuBS6gM_wALoBJ-Vg4ea=w2000-h1333-s-no-gm?authuser=0\" width=\"2000\" height=\"1333\" alt=\"Yuichi Iwasaki e sua esposa\" class=\"size-full\" \/><\/a><figcaption class=\"wp-caption-text\">Yuichi Iwasaki e sua esposa<\/figcaption><\/figure>\n<figure class=\"wp-caption aligncenter\"><a href=\"https:\/\/photos.google.com\/share\/AF1QipO1_X4rbA1QVKIktSWOID1mTbWk9VAexWwR6wUjHKA5ZTI0PsOgk_Xq7d7dpBoWHw\/photo\/AF1QipNlsBZYy6ftLc1jERdpojDkps-Wm6oExTe27W8?key=RTJmUGRWX19LWXVWbzM4dFMzbWNXNWJmWWp3VHRB\" target=\"_blank\"><img decoding=\"async\" src=\"https:\/\/lh3.googleusercontent.com\/pw\/AP1GczP8PAeqRLRQ0z5sPYvq3GA9JhukcUsDkM7CqEQCqfm17HlyDKiMCV9yP5gd4K8XanJLVRkEQkhqLF1A9Kk9wgbSjZ4P9mh-w0FxsmsViIgVLz5nZBwmmc4N0W_d-Wz3WPtfz1sF68d6VJ8xLiNpk0qd=w2000-h1333-s-no-gm?authuser=0\" width=\"2000\" height=\"1333\" alt=\"Clube de Ukulele Iwasaki Juku\" class=\"size-full\" \/><\/a><figcaption class=\"wp-caption-text\">Clube de Ukulele Iwasaki Juku<\/figcaption><\/figure>\n<h3>A Sra. Ikuko Sugimoto, que atuou como mestre de cerim\u00f4nias.<\/h3>\n<figure class=\"wp-caption aligncenter\"><a href=\"https:\/\/photos.google.com\/share\/AF1QipO1_X4rbA1QVKIktSWOID1mTbWk9VAexWwR6wUjHKA5ZTI0PsOgk_Xq7d7dpBoWHw\/photo\/AF1QipMidkINT4NSfVu46LS6g6sCYtfXmfASu0LjGtI?key=RTJmUGRWX19LWXVWbzM4dFMzbWNXNWJmWWp3VHRB\" target=\"_blank\"><img decoding=\"async\" src=\"https:\/\/lh3.googleusercontent.com\/pw\/AP1GczMBygd_8SxooVWM36VL52c5Z5QbNS8MR5T6vOKHxbuNgTujPRGEyHmDmtqsl86nu3sQbQzNh-1dd4Uhm1EnJwZ_NtwYYrArP44SkQviM1xx5-DoqM8pvNz1ZOY7BZak9HjWDIYYAN7JYCEdrsgCHuvJ=w2000-h1333-s-no-gm?authuser=0\" width=\"2000\" height=\"1333\" alt=\"MC Ikuko Sugimoto\" class=\"size-full\" \/><\/a><figcaption class=\"wp-caption-text\">MC Ikuko Sugimoto<\/figcaption><\/figure>\n<h3>Uma calorosa recep\u00e7\u00e3o na entrada<\/h3>\n<figure class=\"wp-caption aligncenter\"><a href=\"https:\/\/photos.google.com\/share\/AF1QipO1_X4rbA1QVKIktSWOID1mTbWk9VAexWwR6wUjHKA5ZTI0PsOgk_Xq7d7dpBoWHw\/photo\/AF1QipMZ-wO_Z-J8kHJxfZ-ZzOnVk-njyv31-RXERJQ?key=RTJmUGRWX19LWXVWbzM4dFMzbWNXNWJmWWp3VHRB\" target=\"_blank\"><img decoding=\"async\" src=\"https:\/\/lh3.googleusercontent.com\/pw\/AP1GczOKdpZWJDs7KAzVaAVzD-0b_BEJH9j3eLn0EeoYLgFL-eyeyMLz07JTcisSgrhDL_oaM4RM2up4htR7Sk8GxAnMqQJJV4nu10cRsuEcNJ5u4rZT2yVfngm2dNRx2IY7M7ssS2ZpXmEcmS3huOPmaDLs=w2000-h1500-s-no-gm?authuser=0\" width=\"2000\" height=\"1500\" alt=\"Membros recebendo a todos com um sorriso.\" class=\"size-full\" \/><\/a><figcaption class=\"wp-caption-text\">Membros recebendo a todos com um sorriso.<\/figcaption><\/figure>\n<h3>Todos no local<\/h3>\n<figure class=\"wp-caption aligncenter\"><a href=\"https:\/\/photos.google.com\/share\/AF1QipO1_X4rbA1QVKIktSWOID1mTbWk9VAexWwR6wUjHKA5ZTI0PsOgk_Xq7d7dpBoWHw\/photo\/AF1QipMN1egJ9Jv0No6jd9CGVI5zAyvnbw-UgYiHjTk?key=RTJmUGRWX19LWXVWbzM4dFMzbWNXNWJmWWp3VHRB\" target=\"_blank\"><img decoding=\"async\" src=\"https:\/\/lh3.googleusercontent.com\/pw\/AP1GczNDq22ICL7hV5AgA2Tm1STPxSrgR1Uv1EC7y-I8dymbS6xW1qEAc_t-iLQCm0ex3voR1q0eezC6Vpt-9tOvqb1NqZTsYBA58RQyrf2Li0aQzZr6KXXKOnuslrTv6lVIw51RTA_e-k-R2m4nx5aTnp-6=w2000-h1333-s-no-gm?authuser=0\" width=\"2000\" height=\"1333\" alt=\"O grande sal\u00e3o est\u00e1 lotado de espectadores.\" class=\"size-full\" \/><\/a><figcaption class=\"wp-caption-text\">O grande sal\u00e3o est\u00e1 lotado de espectadores.<\/figcaption><\/figure>\n<h2>Parte 1: Um Ano no Coral Sunflower<\/h2>\n<ul>\n<li><strong>Da obra &quot;Song for You&quot; para coro feminino e piano.<\/strong>\uff1a<br \/>\nLetra de Hiroshi Kurihara, composi\u00e7\u00e3o de Fumito Ooto, arranjo de Naomasa Takahashi<br \/>\n\u3000<\/li>\n<li><strong>MC Ikuko Sugimoto:<\/strong><br \/>\n&quot;Ol\u00e1 a todos! Muito obrigado por terem vindo ao nosso concerto em mem\u00f3ria das v\u00edtimas hoje, apesar do mau tempo.&quot;<\/p>\n<p>Desta vez, al\u00e9m das nossas m\u00fasicas, tamb\u00e9m tocaremos ukulele, ent\u00e3o achamos que voc\u00eas v\u00e3o gostar ainda mais do que de costume.<\/p>\n<p>O maestro \u00e9 o Professor Tetsuyoshi Yamamoto. Como curiosidade, sua comida favorita \u00e9 arroz com curry e seu compositor predileto \u00e9 Beethoven.<\/p>\n<p>A pianista \u00e9 Tomoyo Kano. Sua comida favorita \u00e9 chocolate, e sua pe\u00e7a favorita para piano \u00e9 o Concerto para Piano em Sol Maior de Ravel.<\/p>\n<p>A ac\u00fastica \u00e9<a href=\"https:\/\/fuka-art.jimdofree.com\/\" target=\"_blank\">F\u00f3rum de Concertos Fukagawa<\/a>&quot;N\u00e3o \u00e9 exagero dizer que, sem essas duas pessoas, nosso concerto n\u00e3o seria poss\u00edvel. Agradecemos o apoio de voc\u00eas hoje.&quot;<br \/>\n\u3000<\/li>\n<li><strong>flores de cerejeira<\/strong><\/li>\n<li><strong>Sonho Estelar<\/strong><\/li>\n<li><strong>Uma can\u00e7\u00e3o para voc\u00ea<\/strong><br \/>\n\u3000<\/li>\n<li>O acompanhamento do coro consiste em uma bela imagem de &quot;Sakura&quot; projetada na tela do palco.<\/li>\n<\/ul>\n<figure class=\"wp-caption aligncenter\"><a href=\"https:\/\/photos.google.com\/share\/AF1QipO1_X4rbA1QVKIktSWOID1mTbWk9VAexWwR6wUjHKA5ZTI0PsOgk_Xq7d7dpBoWHw\/photo\/AF1QipP5HndrMnsT1e8KpWXzMyvZJD_D6wrzgynDoR4?key=RTJmUGRWX19LWXVWbzM4dFMzbWNXNWJmWWp3VHRB\" target=\"_blank\"><img decoding=\"async\" src=\"https:\/\/lh3.googleusercontent.com\/pw\/AP1GczPh_pTiuYO51q-SAA8zJhtWk_z-pjWcs2ybW0584i5nydfQC8fCAt5slxTcwc9NOwQ3mDASpjJcw_ZupWSF3y8thqTJ3m2hVeiXjm28RArX_SZOuW5ZDd-7PqrEJe6zSo0bqLJvy3KhezZkzA2tMuaz=w2000-h1333-s-no-gm?authuser=0\" width=\"2000\" height=\"1333\" alt=\"Projetada uma paisagem de flores de cerejeira na tela do palco.\" class=\"size-full\" \/><\/a><figcaption class=\"wp-caption-text\">Projetada uma paisagem de flores de cerejeira na tela do palco.<\/figcaption><\/figure>\n<figure class=\"wp-caption aligncenter\"><a href=\"https:\/\/photos.google.com\/share\/AF1QipO1_X4rbA1QVKIktSWOID1mTbWk9VAexWwR6wUjHKA5ZTI0PsOgk_Xq7d7dpBoWHw\/photo\/AF1QipNC8EunR3hcRNOnwwbAv9rhxCLI4B31WwENBy4?key=RTJmUGRWX19LWXVWbzM4dFMzbWNXNWJmWWp3VHRB\" target=\"_blank\"><img decoding=\"async\" src=\"https:\/\/lh3.googleusercontent.com\/pw\/AP1GczNb-sVM3vEzQO6qDgTxJvofnt48esrZl1cjdtJFfHT-C5i6BMnPAfedBXnhYsMLakf91t-HriYk-pWNaaVUrWWnhcDAtaPASRo8uUudQlGQprwFvjee9emIPDTK_qnFGb8Y6PnySfoT89n67jwFtHg_=w2000-h1333-s-no-gm?authuser=0\" width=\"2000\" height=\"1333\" alt=\"Guiados pelo fluxo de melodias graciosas e suaves...\" class=\"size-full\" \/><\/a><figcaption class=\"wp-caption-text\">Guiados pelo fluxo de melodias graciosas e suaves...<\/figcaption><\/figure>\n<ul>\n<li><strong>MC:<\/strong>As pr\u00f3ximas m\u00fasicas s\u00e3o &quot;Sekirei&quot; e &quot;Hosenka&quot;, ambas pe\u00e7as corais populares de Miyuki Nakajima. Cantaremos essas duas m\u00fasicas em sequ\u00eancia.<br \/>\n\u3000<\/li>\n<li><strong>Lavadeira<\/strong>Letra e composi\u00e7\u00e3o de: Miyuki Nakajima<\/li>\n<li><strong>Hosenka<\/strong>Letra e composi\u00e7\u00e3o de: Miyuki Nakajima<br \/>\n\u3000<\/li>\n<li>A tela de palco, &quot;Uma cena de pradaria tingida pelo p\u00f4r do sol&quot;, evoca um sentimento de melancolia.<\/li>\n<\/ul>\n<figure class=\"wp-caption aligncenter\"><a href=\"https:\/\/photos.google.com\/share\/AF1QipO1_X4rbA1QVKIktSWOID1mTbWk9VAexWwR6wUjHKA5ZTI0PsOgk_Xq7d7dpBoWHw\/photo\/AF1QipOs5L6RvBdgdowwuCfWKJ-2bnJeq7TdWTjZNC8?key=RTJmUGRWX19LWXVWbzM4dFMzbWNXNWJmWWp3VHRB\" target=\"_blank\"><img decoding=\"async\" src=\"https:\/\/lh3.googleusercontent.com\/pw\/AP1GczOvgOk3vEuWQ9JVOnp8A_UvVH9tjXHsbFsJ7HC64fR0s36dKFzY3WvlyyjP5mS4C67BGbJE31dqG3oGYSfcfabutBZ5iFA4-FSnoojgaEK5fPiwbdGceMmHwVIVFKWEFDQfobzWFfZ23Fdqj1kgPF4M=w2000-h1333-s-no-gm?authuser=0\" width=\"2000\" height=\"1333\" alt=\"Meu cora\u00e7\u00e3o...\" class=\"size-full\" \/><\/a><figcaption class=\"wp-caption-text\">Meu cora\u00e7\u00e3o...<\/figcaption><\/figure>\n<h2>Parte 2: ~Com o Iwasaki Juku Ukulele Club~<\/h2>\n<ul>\n<li><strong>MC:<\/strong>A segunda parte ser\u00e1 apresentada pelo Iwasaki Juku Ukulele Club, juntamente com seu representante Yuichi Iwasaki, o Sr. Yamamoto e o Coral Himawari. O p\u00fablico tamb\u00e9m \u00e9 convidado a participar, movimentando o corpo e cantando junto.<\/li>\n<\/ul>\n<figure class=\"wp-caption aligncenter\"><a href=\"https:\/\/photos.google.com\/share\/AF1QipO1_X4rbA1QVKIktSWOID1mTbWk9VAexWwR6wUjHKA5ZTI0PsOgk_Xq7d7dpBoWHw\/photo\/AF1QipPUc_Mps2IXM1e6M1X4Nw7o3U_5bFNiiA_Nwu4?key=RTJmUGRWX19LWXVWbzM4dFMzbWNXNWJmWWp3VHRB\" target=\"_blank\"><img decoding=\"async\" src=\"https:\/\/lh3.googleusercontent.com\/pw\/AP1GczNiacEvqBxgASEqD8alP5PzTEqDDXNPGQEoNVxfSVefMaUP5en90vItVNEZHPFvtRL-ZGdwCS0hLM-Gb0v--AR0cwlgXDN-xlMAdX1vFTZh6x4mCo8tJB_JjKowFvePki9XAbjIs0CXWW241EI_4pN1=w2000-h1333-s-no-gm?authuser=0\" width=\"2000\" height=\"1333\" alt=\"Clube de Ukulele Yuichi Iwasaki e Iwasaki Juku\" class=\"size-full\" \/><\/a><figcaption class=\"wp-caption-text\">Clube de Ukulele Yuichi Iwasaki e Iwasaki Juku<\/figcaption><\/figure>\n<h3>Yuichi Iwasaki<\/h3>\n<p>&quot;Somos o Clube de Ukulele Iwasaki Juku e viemos de Fukagawa. Somos alunos do 7\u00ba e 8\u00ba ano, e recentemente alunos do 3\u00ba ano tamb\u00e9m se juntaram a n\u00f3s. Come\u00e7amos a praticar ukulele para divulgar o instrumento.&quot;<\/p>\n<p>A \u00fanica m\u00fasica para ukulele que a maioria das pessoas conhece \u00e9 &quot;Aa Yannachatta&quot;, de Shinji Maki. Minha m\u00e3e tocava ukulele quando eu era crian\u00e7a (d\u00e9cadas de 1950 e 1960). Voc\u00ea conhece a m\u00fasica para ukulele de Setuo Ohashi? Provavelmente n\u00e3o.<\/p>\n<p>&quot;Hoje, al\u00e9m da m\u00fasica havaiana, tocarei outras duas can\u00e7\u00f5es, &#039;Autumn Leaves&#039; e &#039;You Are My Sunshine&#039;. Espero que todos percebam que o ukulele tamb\u00e9m pode ser usado para standards de jazz, can\u00e7\u00f5es havaianas, pop americano e muito mais&quot;, diz Iwasaki.<\/p>\n<figure class=\"wp-caption aligncenter\"><a href=\"https:\/\/photos.google.com\/share\/AF1QipO1_X4rbA1QVKIktSWOID1mTbWk9VAexWwR6wUjHKA5ZTI0PsOgk_Xq7d7dpBoWHw\/photo\/AF1QipPyLaOvNotCxIUe3j4C82_-LMIMU90agr3t_-A?key=RTJmUGRWX19LWXVWbzM4dFMzbWNXNWJmWWp3VHRB\" target=\"_blank\"><img decoding=\"async\" src=\"https:\/\/lh3.googleusercontent.com\/pw\/AP1GczNMpF4p6V1tzn4jNXupBwa1YvfNYQn3MjzAhF605vJ7R0nw93gJf-ISeXRN1rbyoHAOdmzsvQbQAn5O8sKPCj5tHp4lrdGRguJiQZ1EjLk6xWMhRtgq-n222aEdCMYI1SyMju__xTR4xpmJ0_028PHV=w2000-h1333-s-no-gm?authuser=0\" width=\"2000\" height=\"1333\" alt=\"Yuichi Iwasaki e sua linda esposa\" class=\"size-full\" \/><\/a><figcaption class=\"wp-caption-text\">Yuichi Iwasaki e sua linda esposa<\/figcaption><\/figure>\n<ul>\n<li><strong>Folhas mortas<\/strong>(Tela de palco: imagem de folha de outono)<\/li>\n<li><strong>Voc\u00ea \u00e9 meu raio de sol<\/strong>(Tela de palco: Cole\u00e7\u00e3o de arte Nuvem em forma de cora\u00e7\u00e3o)<\/li>\n<\/ul>\n<figure class=\"wp-caption aligncenter\"><a href=\"https:\/\/photos.google.com\/share\/AF1QipO1_X4rbA1QVKIktSWOID1mTbWk9VAexWwR6wUjHKA5ZTI0PsOgk_Xq7d7dpBoWHw\/photo\/AF1QipNlsBZYy6ftLc1jERdpojDkps-Wm6oExTe27W8?key=RTJmUGRWX19LWXVWbzM4dFMzbWNXNWJmWWp3VHRB\" target=\"_blank\"><img decoding=\"async\" src=\"https:\/\/lh3.googleusercontent.com\/pw\/AP1GczOIaiHM_QA_KFpnU_KREfZlDEDM5WzWoeymDzX6HFq-g87M_S1eG6r7WGNB6YGtwoKTfVsDI5MVkiHCfb8WHre_zrXppIIRaIaQ7vSJGfCYhrhqxB8NDYHLnXE6EO80c2pOExSjZJIttzGoz6SNPNXT=w2000-h1333-s-no-gm?authuser=0\" width=\"2000\" height=\"1333\" alt=\"Membros do Clube de Ukulele Iwasaki Juku\" class=\"size-full\" \/><\/a><figcaption class=\"wp-caption-text\">Membros do Clube de Ukulele Iwasaki Juku<\/figcaption><\/figure>\n<p>Yamamoto Tetsuyoshi apareceu e teve uma conversa animada com Iwasaki Yuichi.<\/p>\n<figure class=\"wp-caption aligncenter\"><a href=\"https:\/\/photos.google.com\/share\/AF1QipO1_X4rbA1QVKIktSWOID1mTbWk9VAexWwR6wUjHKA5ZTI0PsOgk_Xq7d7dpBoWHw\/photo\/AF1QipP1QERR_eMZu-mLe1tUFg7YwZI3JMWhG-Ig9II?key=RTJmUGRWX19LWXVWbzM4dFMzbWNXNWJmWWp3VHRB\" target=\"_blank\"><img decoding=\"async\" src=\"https:\/\/lh3.googleusercontent.com\/pw\/AP1GczNQ0VZonhm2iQEH8OgB21xBO8E-q0ru_Vja5D5ArORB_T-kzhyf-buE7Hn36EcesyAvPlagNkF5IRG29gpk7VR4RCZAXnIUphebk6Ajs6Ug5bVmTCtzy4zb9y4Hy3E-2GOHJD0ZoZQt9KPkKBkcFyyH=w2000-h1333-s-no-gm?authuser=0\" width=\"2000\" height=\"1333\" alt=\"Um encontro maravilhoso entre duas pessoas guiado pela m\u00fasica!\" class=\"size-full\" \/><\/a><figcaption class=\"wp-caption-text\">Um encontro maravilhoso entre duas pessoas guiado pela m\u00fasica!<\/figcaption><\/figure>\n<ul>\n<li><strong>Tetsuyoshi Yamamoto:<\/strong><br \/>\n&quot;Encontrei Iwasaki-san pela primeira vez em d\u00e9cadas em um reencontro da Escola Secund\u00e1ria Fukagawa Nishi, e conversamos sobre fazer algo juntos, e foi assim que surgiu essa colabora\u00e7\u00e3o.&quot;<\/p>\n<p>Eu dou aulas de coral e ele ensina ukulele, e nos demos muito bem porque ambos quer\u00edamos criar um mundo que fosse familiar aos moradores da cidade e aos habitantes locais.<\/p>\n<p>Comecei a tocar m\u00fasica no ver\u00e3o do meu terceiro ano do ensino m\u00e9dio. Eu o vi tocando o mais moderno \u00f3rg\u00e3o eletr\u00f4nico no refeit\u00f3rio do antigo centro c\u00edvico. Fiquei muito impressionado com a maneira como ele tocava, movendo os p\u00e9s e as m\u00e3os separadamente.<\/p>\n<p>Sua maneira de tocar me inspirou a seguir carreira na m\u00fasica. Passei por muitos desvios, incluindo fracassos e per\u00edodos como um ronin, mas cheguei aonde estou hoje.<\/p>\n<p>Desta vez, pensamos em apresentar &quot;Manatsu no Kajitsu&quot; juntos. Depois come\u00e7amos a conversar sobre como as m\u00fasicas da era Showa s\u00e3o \u00f3timas, ent\u00e3o decidimos adicionar mais duas m\u00fasicas.&quot;<br \/>\n\u3000<\/li>\n<li><strong>Yuichi Iwasaki:<\/strong><br \/>\n&quot;Por favor, relaxe e ou\u00e7a duas m\u00fasicas que os pais da era Showa conheciam: &#039;Glass Johnny&#039; e &#039;Feeling&#039;.&quot;<\/li>\n<\/ul>\n<figure class=\"wp-caption aligncenter\"><a href=\"https:\/\/photos.google.com\/share\/AF1QipO1_X4rbA1QVKIktSWOID1mTbWk9VAexWwR6wUjHKA5ZTI0PsOgk_Xq7d7dpBoWHw\/photo\/AF1QipNeNSfjU1n2k80wkRaaayiVcDp0y5mr6yGZ-4M?key=RTJmUGRWX19LWXVWbzM4dFMzbWNXNWJmWWp3VHRB\" target=\"_blank\"><img decoding=\"async\" src=\"https:\/\/lh3.googleusercontent.com\/pw\/AP1GczMq5_A2abw200wYmPJ767L3KtJGcT1SDJ_0oPBixXPWBp7CVbCMpVGyqI2zfo1DUwRFQsN70d20P6WtSSUS7UyNzEUOBudmdvsm6GlNGuClTu3xdSGfUfu-hvF08viJNumFZZyC4yxXCokzmiTgNScK=w2000-h1333-s-no-gm?authuser=0\" width=\"2000\" height=\"1333\" alt=\"Essa colabora\u00e7\u00e3o surgiu porque eles se deram muito bem!\" class=\"size-full\" \/><\/a><figcaption class=\"wp-caption-text\">Essa colabora\u00e7\u00e3o surgiu porque eles se deram muito bem!<\/figcaption><\/figure>\n<ul>\n<li><strong>Johnny de Vidro<\/strong>(Tela de palco: toca-discos)<\/li>\n<li><strong>Sentimento<\/strong>(Tela de palco: toca-discos)<\/li>\n<li><strong>Frutas do Solst\u00edcio de Ver\u00e3o<\/strong>(Tela de palco: Imagem de praia)<\/li>\n<\/ul>\n<figure class=\"wp-caption aligncenter\"><a href=\"https:\/\/photos.google.com\/share\/AF1QipO1_X4rbA1QVKIktSWOID1mTbWk9VAexWwR6wUjHKA5ZTI0PsOgk_Xq7d7dpBoWHw\/photo\/AF1QipNIQr8RG1e1fWvFENk3BwAjzeaVDpZPnNc-_j0?key=RTJmUGRWX19LWXVWbzM4dFMzbWNXNWJmWWp3VHRB\" target=\"_blank\"><img decoding=\"async\" src=\"https:\/\/lh3.googleusercontent.com\/pw\/AP1GczP3KLeASoCXVi8s1XtZQrTJ4xlc01ueKb5WGViuXfoj0zXuf13fiI6wr_RtFUlaPif8kA7X-e8nE4sJY2EZ6WOJnX8dfZW6fOZqKjFRpiDhq5pAkiIN9WcIjnNE4ZHPx9uRNYawUL3UmSb7z1VjN_yy=w2000-h1333-s-no-gm?authuser=0\" width=\"2000\" height=\"1333\" alt=\"Com sentimentos transbordantes...\" class=\"size-full\" \/><\/a><figcaption class=\"wp-caption-text\">Com sentimentos transbordantes...<\/figcaption><\/figure>\n<figure class=\"wp-caption aligncenter\"><a href=\"https:\/\/photos.google.com\/share\/AF1QipO1_X4rbA1QVKIktSWOID1mTbWk9VAexWwR6wUjHKA5ZTI0PsOgk_Xq7d7dpBoWHw\/photo\/AF1QipNN4t2prrXKxkW1XnRSgVnXryKBLxkotMTg_A4?key=RTJmUGRWX19LWXVWbzM4dFMzbWNXNWJmWWp3VHRB\" target=\"_blank\"><img decoding=\"async\" src=\"https:\/\/lh3.googleusercontent.com\/pw\/AP1GczPWjFkUf3Yik16IcC8yQrMNZ_cgWwx-dEEvblr56NhT02MIgX95_Y7kjOmgm3JiueqeT4B-vvK4FNgKszQH46-SCb5vcYR5gAP-eEuyus5MwHLTNKyOgCrKjT229KPTF2SODj5APn5c4YgfnuqD3x0z=w2000-h1333-s-no-gm?authuser=0\" width=\"2000\" height=\"1333\" alt=\"Um som maravilhosamente ressonante!\" class=\"size-full\" \/><\/a><figcaption class=\"wp-caption-text\">Um som maravilhosamente ressonante!<\/figcaption><\/figure>\n<h3>Entrada do Coro de Girass\u00f3is<\/h3>\n<figure class=\"wp-caption aligncenter\"><a href=\"https:\/\/photos.google.com\/share\/AF1QipO1_X4rbA1QVKIktSWOID1mTbWk9VAexWwR6wUjHKA5ZTI0PsOgk_Xq7d7dpBoWHw\/photo\/AF1QipPlJX54ADLpOEeJ1mx357WKPADNXjDWmwjtRDk?key=RTJmUGRWX19LWXVWbzM4dFMzbWNXNWJmWWp3VHRB\" target=\"_blank\"><img decoding=\"async\" src=\"https:\/\/lh3.googleusercontent.com\/pw\/AP1GczNzdrMKHobdl4QD1Gfh_yV7HRMfV_ue0Ic6gciSenXUsiJ2InkOfeNrSrdgBpBU5jmQ59e4mH6LJNxwJlW4yIg92HCpKfPdAMei0qylGuVxDdb-94BV9JwYiBDDP5cm5_BZsR5rMN44ZoMU2x15i2bO=w2000-h1333-s-no-gm?authuser=0\" width=\"2000\" height=\"1333\" alt=\"Colabora\u00e7\u00e3o entre o Clube de Ukulele e o Coro Himawari\" class=\"size-full\" \/><\/a><figcaption class=\"wp-caption-text\">Colabora\u00e7\u00e3o entre o Clube de Ukulele e o Coro Himawari<\/figcaption><\/figure>\n<ul>\n<li><strong>MC:<\/strong>Gostaria de me apresentar junto com o Clube de Ukulele e o Coral Himawari. Cantaremos &quot;Ue o Muite Arukou&quot; e &quot;Bara ga Saita&quot;.<br \/>\n\u3000<\/li>\n<li><strong>Olhe para cima e caminhe:<\/strong>Clube de Ukulele e Coral Girassol (Telefone no palco: Imagem de c\u00e9u estrelado)<\/li>\n<li><strong>As rosas desabrocharam:<\/strong>O p\u00fablico cantou junto enquanto olhava a letra da m\u00fasica que havia sido distribu\u00edda previamente (tel\u00e3o no palco: imagem de rosa vermelha).<\/li>\n<\/ul>\n<figure class=\"wp-caption aligncenter\"><a href=\"https:\/\/photos.google.com\/share\/AF1QipO1_X4rbA1QVKIktSWOID1mTbWk9VAexWwR6wUjHKA5ZTI0PsOgk_Xq7d7dpBoWHw\/photo\/AF1QipOtL_dFvE4c9DwYKlvliHYGyTOAuFtvbtnK2-w?key=RTJmUGRWX19LWXVWbzM4dFMzbWNXNWJmWWp3VHRB\" target=\"_blank\"><img decoding=\"async\" src=\"https:\/\/lh3.googleusercontent.com\/pw\/AP1GczM_n3AR1gXogdleyiODyJSnGFdMsSMZ7RFUCEBafN_srOJA15W10Aw2n6OLjR9F1-k7RVIQDzOCIu-DQoPZS4ruv4hVjQ5mvUM6p3K1Q7sNIGLo3k7a7xprRuBJXGiynOOuS_1OqJ1r2IBHNWLiIojj=w2000-h1333-s-no-gm?authuser=0\" width=\"2000\" height=\"1333\" alt=\"&quot;Rosas desabrocharam&quot; com um v\u00eddeo ilustrado de rosas vermelhas ao fundo...\" class=\"size-full\" \/><\/a><figcaption class=\"wp-caption-text\">&quot;Rosas desabrocharam&quot; com um v\u00eddeo ilustrado de rosas vermelhas ao fundo...<\/figcaption><\/figure>\n<h3>Apresenta\u00e7\u00e3o do buqu\u00ea: Yuichi Iwasaki<\/h3>\n<ul>\n<li><strong>MC:<\/strong>Foi a nossa primeira vez tocando com os tocadores de ukulele, e foi muito divertido.<br \/>\nTreinamos algumas vezes, mas hoje est\u00e1vamos em \u00f3tima forma (risos).<br \/>\nAprendo muito com a maravilhosa conversa do Sr. Iwasaki (risos).<br \/>\nUm buqu\u00ea de flores foi apresentado ao representante da Iwasaki Juku, Yuichi Iwasaki, por Ayumi Fukase, vice-l\u00edder do Himawari Chorus. Obrigado por hoje!<\/li>\n<\/ul>\n<figure class=\"wp-caption aligncenter\"><a href=\"https:\/\/photos.google.com\/share\/AF1QipO1_X4rbA1QVKIktSWOID1mTbWk9VAexWwR6wUjHKA5ZTI0PsOgk_Xq7d7dpBoWHw\/photo\/AF1QipOwgMYo9Xsc6bR0ax0pDGK4CN1YiZs9dqzBdJk?key=RTJmUGRWX19LWXVWbzM4dFMzbWNXNWJmWWp3VHRB\" target=\"_blank\"><img decoding=\"async\" src=\"https:\/\/lh3.googleusercontent.com\/pw\/AP1GczPyog2tcADNM3WBZ4v8XfY_uIwHD6ukMqGWx0YzVy7-XXd4fBADhtLHHSPbyg56DLQ0QYqMYFIU5uODktK6K9Iq5fs-oTVkvxbpcBJDpBf8lsnY6clQkYN1Ka5P7iYpxZY5eBHZ9KgxtlHNndrQEsEd=w2000-h1333-s-no-gm?authuser=0\" width=\"2000\" height=\"1333\" alt=\"A vice-l\u00edder Fukase Ayumi entrega um buqu\u00ea de flores para Iwasaki Yuichi!\" class=\"size-full\" \/><\/a><figcaption class=\"wp-caption-text\">A vice-l\u00edder Fukase Ayumi entrega um buqu\u00ea de flores para Iwasaki Yuichi!<\/figcaption><\/figure>\n<figure class=\"wp-caption aligncenter\"><a href=\"https:\/\/photos.google.com\/share\/AF1QipO1_X4rbA1QVKIktSWOID1mTbWk9VAexWwR6wUjHKA5ZTI0PsOgk_Xq7d7dpBoWHw\/photo\/AF1QipNp3-LetPpYHLtGTnJx3pEQdMdTPo6ZA0I-bYU?key=RTJmUGRWX19LWXVWbzM4dFMzbWNXNWJmWWp3VHRB\" target=\"_blank\"><img decoding=\"async\" src=\"https:\/\/lh3.googleusercontent.com\/pw\/AP1GczNHuhoURhvj34PRGUPGmOptqTWsOeEZ19mWNhDztgSXouCEFqNZ7TP5UoOwSCKKuSQZxYrQZLw3MOz_TlFPHJwzKTz4aGlOKcOIvq7qUKVT_KANo_MJAFndm9qX6x0xQ2KqvYANI19mO8xSeLvjm8m_=w2000-h1333-s-no-gm?authuser=0\" width=\"2000\" height=\"1333\" alt=\"Hein? Hein?!\" class=\"size-full\" \/><\/a><figcaption class=\"wp-caption-text\">Hein? Hein?!<\/figcaption><\/figure>\n<h2>Parte 3: ~Com gratid\u00e3o do Coro Himawari~<\/h2>\n<figure class=\"wp-caption aligncenter\"><a href=\"https:\/\/photos.google.com\/share\/AF1QipO1_X4rbA1QVKIktSWOID1mTbWk9VAexWwR6wUjHKA5ZTI0PsOgk_Xq7d7dpBoWHw\/photo\/AF1QipPD3VH07D0NrGgfCxg6i59lduEnaE9HFVnioVs?key=RTJmUGRWX19LWXVWbzM4dFMzbWNXNWJmWWp3VHRB\" target=\"_blank\"><img decoding=\"async\" src=\"https:\/\/lh3.googleusercontent.com\/pw\/AP1GczMlCcqXa_PkzSKiUiAeU8vn-vej6_5tNi8NqqvgE8C7zy_09LzS6RfuP3TO6TIYl-7OJ7f2dm6s9DsaJytv4-vnh6daTeT7VdfREFo4WE9upZmQmjdnWvLzjSJsScCM5YQFLY238uNJzKgNb7aBryBi=w2000-h1333-s-no-gm?authuser=0\" width=\"2000\" height=\"1333\" alt=\"Can\u00e7\u00f5es de barcos encantadoras, cantos de p\u00e1ssaros... Uma paisagem urbana \u00e0 beira-mar surge na tela.\" class=\"size-full\" \/><\/a><figcaption class=\"wp-caption-text\">Can\u00e7\u00f5es de barcos encantadoras, cantos de p\u00e1ssaros... Uma paisagem urbana \u00e0 beira-mar surge na tela.<\/figcaption><\/figure>\n<ul>\n<li><strong>Noturno de Suzhou<\/strong>Letra de Yaso Saijo, composta por Ryoichi Hattori e arranjada por Koichi Yamamuro<br \/>\n(Tela de palco: Imagem da paisagem urbana \u00e0 beira-mar)<\/li>\n<li><strong>flores de cerejeira<\/strong>: Letra de Hakuhi Miki, m\u00fasica de Takako Okuma<br \/>\n(Tela de palco: v\u00eddeo com imagem de Sakura)<\/li>\n<\/ul>\n<figure class=\"wp-caption aligncenter\"><a href=\"https:\/\/photos.google.com\/share\/AF1QipO1_X4rbA1QVKIktSWOID1mTbWk9VAexWwR6wUjHKA5ZTI0PsOgk_Xq7d7dpBoWHw\/photo\/AF1QipMbHWsdpFH3nLONIdNE3OszWU_CNdk8boJ3Otk?key=RTJmUGRWX19LWXVWbzM4dFMzbWNXNWJmWWp3VHRB\" target=\"_blank\"><img decoding=\"async\" src=\"https:\/\/lh3.googleusercontent.com\/pw\/AP1GczODFH570v-lfYpb6xZvFZ8ruVguoIRgl3xDrQ0Sa6wust1voCHdJo9dkaMSoU-6Pxuusnd977bcSALVNpzdobY3o3NhdonaVgVjjrLik1jkWRRXYxl1df0EBX0kjmdnL3TNh_yAFehGLo1E1Kndja-u=w2000-h1333-s-no-gm?authuser=0\" width=\"2000\" height=\"1333\" alt=\"Com imagens de p\u00e9talas de cerejeira caindo ao fundo...\" class=\"size-full\" \/><\/a><figcaption class=\"wp-caption-text\">Com imagens de p\u00e9talas de cerejeira caindo ao fundo...<\/figcaption><\/figure>\n<ul>\n<li><strong>MC:<\/strong>Em seguida, apresentaremos uma can\u00e7\u00e3o do Professor Yamamoto. Trata-se de uma can\u00e7\u00e3o mexicana chamada &quot;Intima&quot;, que significa &quot;Amada&quot; em japon\u00eas, e ser\u00e1 cantada em espanhol.<br \/>\n\u3000<\/li>\n<li><strong>Professor Yamamoto:<\/strong>Essa m\u00fasica \u00e9 mexicana. Vou cant\u00e1-la em espanhol porque 90% da popula\u00e7\u00e3o do M\u00e9xico fala espanhol. A letra traduzida ser\u00e1 exibida na tela, ent\u00e3o espero que voc\u00eas a ou\u00e7am enquanto assistem.<br \/>\n\u3000<\/li>\n<li><strong>\u00cdntimo<\/strong>Tata Nacho Letra e composi\u00e7\u00e3o de Tetsuyoshi Yamamoto, solo de tenor<br \/>\n(Tela de palco: Imagem de uma rosa com tradu\u00e7\u00e3o para japon\u00eas)<\/li>\n<\/ul>\n<figure class=\"wp-caption aligncenter\"><a href=\"https:\/\/photos.google.com\/share\/AF1QipO1_X4rbA1QVKIktSWOID1mTbWk9VAexWwR6wUjHKA5ZTI0PsOgk_Xq7d7dpBoWHw\/photo\/AF1QipPOytg-w_L3kjTU9CdjE1VaoBzCLyOQdLINZ8U?key=RTJmUGRWX19LWXVWbzM4dFMzbWNXNWJmWWp3VHRB\" target=\"_blank\"><img decoding=\"async\" src=\"https:\/\/lh3.googleusercontent.com\/pw\/AP1GczOyIbDkZlRVsQIZEdYbsbhtQH-B1MmWSQJvKjfyxb7Bl_BTrBU31UZx1wtboA-qZq3viFCH1mIA2syRW-ZY5hF_el3dYTJ_KDH0sJLMG3LYk_MsVBLKhiOOekvjBU_10dNTP-k1_7dyO-uNaIPbjcmH=w2000-h1333-s-no-gm?authuser=0\" width=\"2000\" height=\"1333\" alt=\"&quot;My Dearest One&quot; - Uma interpreta\u00e7\u00e3o solo para tenor da vers\u00e3o em espanhol de &quot;My Dearest One&quot;!\" class=\"size-full\" \/><\/a><figcaption class=\"wp-caption-text\">Uma interpreta\u00e7\u00e3o solo de tenor da can\u00e7\u00e3o espanhola &quot;My Dear&quot;!<\/figcaption><\/figure>\n<figure class=\"wp-caption aligncenter\"><a href=\"https:\/\/photos.google.com\/share\/AF1QipO1_X4rbA1QVKIktSWOID1mTbWk9VAexWwR6wUjHKA5ZTI0PsOgk_Xq7d7dpBoWHw\/photo\/AF1QipNMW9kp5aSPiF9ps3awVJnVMXnlMdDqniGtekQ?key=RTJmUGRWX19LWXVWbzM4dFMzbWNXNWJmWWp3VHRB\" target=\"_blank\"><img decoding=\"async\" src=\"https:\/\/lh3.googleusercontent.com\/pw\/AP1GczMOLi5jaRSvHv0sAVwSdKAPSu1LzgtHC0ntvy2K9nSNw-WTromOjenttSJZcKrhwFGHChWG5wMrGGvBc3EtSz46h9KTw3ntBXz-jIwO783M_V6gyBDgzieK8AcSx-GAc-41JfYvbM-7ZASkfnuUsUWP=w2000-h1333-s-no-gm?authuser=0\" width=\"2000\" height=\"1333\" alt=\"A tradu\u00e7\u00e3o em japon\u00eas foi exibida na tela...\" class=\"size-full\" \/><\/a><figcaption class=\"wp-caption-text\">A tradu\u00e7\u00e3o em japon\u00eas foi exibida na tela...<\/figcaption><\/figure>\n<ul>\n<li><strong>MC:<\/strong>O concerto est\u00e1 chegando ao fim. As pr\u00f3ximas duas m\u00fasicas transmitem mensagens muito fortes.\n<p>Diz-se que o autor da letra de &quot;Can\u00e7\u00e3o das Folhas Verdes&quot; escreveu o poema com a imagem de folhas verdes brilhando \u00e0 luz do sol como um desejo de paz mundial.<\/p>\n<p>Realizamos tamb\u00e9m uma pesquisa entre os nossos membros sobre a m\u00fasica que gostariam de cantar, e &quot;Song of Life&quot; ficou em primeiro lugar.<\/p>\n<p>Essa m\u00fasica tamb\u00e9m \u00e9 muito importante para n\u00f3s. H\u00e1 dezesseis anos, as g\u00eameas Mana e Kana cantaram essa m\u00fasica no drama matinal da NHK &quot;Dandan&quot;. A letra foi escrita por Mariya Takeuchi. &quot;Dandan&quot; aparentemente significa &quot;obrigado&quot; no dialeto de Shimane.<\/p>\n<p>Por favor, ou\u00e7a as duas m\u00fasicas &quot;Song of Green Leaves&quot; e &quot;Song of Life&quot; em sequ\u00eancia.<\/li>\n<\/ul>\n<figure class=\"wp-caption aligncenter\"><a href=\"https:\/\/photos.google.com\/share\/AF1QipO1_X4rbA1QVKIktSWOID1mTbWk9VAexWwR6wUjHKA5ZTI0PsOgk_Xq7d7dpBoWHw\/photo\/AF1QipNSwvk2BCBuGb1Br_2xoYQGT59a1AEMfZ4rQqE?key=RTJmUGRWX19LWXVWbzM4dFMzbWNXNWJmWWp3VHRB\" target=\"_blank\"><img decoding=\"async\" src=\"https:\/\/lh3.googleusercontent.com\/pw\/AP1GczNFXo5Vk4i0lUjFgudYvv6TFsH49Zz8QXgcK1-8Z6hX0UNUYbhUo5rQEE8zDdHDwy2Qqkmpw6o1uQaNLwyadmX4ouKwvJAm8C6JssVT6kFq421AHwvt8Eo_xcPNIdVyOeYO_9JpfxItps4ESFgzzqOQ=w2000-h1333-s-no-gm?authuser=0\" width=\"2000\" height=\"1333\" alt=\"&quot;Can\u00e7\u00e3o das Folhas Verdes&quot; Uma ora\u00e7\u00e3o pela paz mundial e pelo amor \u00e0 humanidade...\" class=\"size-full\" \/><\/a><figcaption class=\"wp-caption-text\">&quot;Can\u00e7\u00e3o das Folhas Verdes&quot; Uma ora\u00e7\u00e3o pela paz mundial e pelo amor \u00e0 humanidade...<\/figcaption><\/figure>\n<ul>\n<li><strong>Can\u00e7\u00e3o das Folhas Verdes<\/strong>Letra de Komori Kaori e m\u00fasica de Kumagai Kenichi<br \/>\n(Tela de palco: Imagem de Wakaba)<\/li>\n<li><strong>Can\u00e7\u00e3o da Vida<\/strong>\uff1aMiyabi Letra de Takatsugu Muramatsu M\u00fasica de Junko Yokoyama Arranjo<br \/>\n(Tela de palco: ilustra\u00e7\u00e3o de girassol)<\/li>\n<\/ul>\n<figure class=\"wp-caption aligncenter\"><a href=\"https:\/\/photos.google.com\/share\/AF1QipO1_X4rbA1QVKIktSWOID1mTbWk9VAexWwR6wUjHKA5ZTI0PsOgk_Xq7d7dpBoWHw\/photo\/AF1QipPRE5BHkBZesh_DP45h8hAlxLOVMMzDaffTYYw?key=RTJmUGRWX19LWXVWbzM4dFMzbWNXNWJmWWp3VHRB\" target=\"_blank\"><img decoding=\"async\" src=\"https:\/\/lh3.googleusercontent.com\/pw\/AP1GczPy2qLfVUedPaA9Eujpiv3xOKqUSIicBL48-jUuTwnSEGtgVdNO2yWSAYHrkX02uixHJUitkMr0ScIVEikKi5ZY3I4mu1WwB09nkw21McZNk_kXISBrBI8LVode_FOIqL_IXBbMfqYwZdlebO2u2CNX=w2000-h1333-s-no-gm?authuser=0\" width=\"2000\" height=\"1333\" alt=\"Obrigado a toda a vida!\" class=\"size-full\" \/><\/a><figcaption class=\"wp-caption-text\">Obrigado a toda a vida!<\/figcaption><\/figure>\n<h2>Apresenta\u00e7\u00e3o do buqu\u00ea: Professor Tetsuyoshi Yamamoto e Tomoyo Kano<\/h2>\n<figure class=\"wp-caption aligncenter\"><a href=\"https:\/\/photos.google.com\/share\/AF1QipO1_X4rbA1QVKIktSWOID1mTbWk9VAexWwR6wUjHKA5ZTI0PsOgk_Xq7d7dpBoWHw\/photo\/AF1QipPD3h_tzE5zvsHW83WWpTUTyzVu5TipINjLHos?key=RTJmUGRWX19LWXVWbzM4dFMzbWNXNWJmWWp3VHRB\" target=\"_blank\"><img decoding=\"async\" src=\"https:\/\/lh3.googleusercontent.com\/pw\/AP1GczMKDVycoI4YPvQZyKJd7UWJ_cuohGw5SII-_C4W6Z5MBF5F9qdbo3Ug462qUniUHVc-mabbkHBqBIG9BFbAml6R5LVR4lv95FT8J1b3uE4gZsd41wK3Vnn1QtLcRnVHpQzxTdSA_WGTgXhpmjY82i3m=w2000-h1333-s-no-gm?authuser=0\" width=\"2000\" height=\"1333\" alt=\"Um menino fofo entrega um buqu\u00ea de flores!\" class=\"size-full\" \/><\/a><figcaption class=\"wp-caption-text\">Um menino fofo entrega um buqu\u00ea de flores!<\/figcaption><\/figure>\n<figure class=\"wp-caption aligncenter\"><a href=\"https:\/\/photos.google.com\/share\/AF1QipO1_X4rbA1QVKIktSWOID1mTbWk9VAexWwR6wUjHKA5ZTI0PsOgk_Xq7d7dpBoWHw\/photo\/AF1QipPHa-GotOvIWVzL_VibR5Ap3TIbPGI7sLeUlDc?key=RTJmUGRWX19LWXVWbzM4dFMzbWNXNWJmWWp3VHRB\" target=\"_blank\"><img decoding=\"async\" src=\"https:\/\/lh3.googleusercontent.com\/pw\/AP1GczM3o5ZJBgAMD8n8niotgrFMcr5Pipwi-vixgq-8LK6vfLDQ7moULYMTHQYDeyLpf5ulB4q5Rm9lwvKXhEWWsLRTJznDLKZKm7U5Pz_DfWbnEJ5h5_a9fi7px21zCv8QfZMLNddSsOMNhs8a3NvM4NJd=w2000-h1333-s-no-gm?authuser=0\" width=\"2000\" height=\"1333\" alt=\"O professor Tetsuyoshi Yamamoto se emociona at\u00e9 \u00e0s l\u00e1grimas.\" class=\"size-full\" \/><\/a><figcaption class=\"wp-caption-text\">O professor Tetsuyoshi Yamamoto se emociona at\u00e9 \u00e0s l\u00e1grimas.<\/figcaption><\/figure>\n<h2>Sauda\u00e7\u00f5es da Vice-Presidente Kazuko Teragaki<\/h2>\n<figure class=\"wp-caption aligncenter\"><a href=\"https:\/\/photos.google.com\/share\/AF1QipO1_X4rbA1QVKIktSWOID1mTbWk9VAexWwR6wUjHKA5ZTI0PsOgk_Xq7d7dpBoWHw\/photo\/AF1QipNV0uprh3KKwog8qg1EoAjR_IuzQMVM5hd-Biw?key=RTJmUGRWX19LWXVWbzM4dFMzbWNXNWJmWWp3VHRB\" target=\"_blank\"><img decoding=\"async\" src=\"https:\/\/lh3.googleusercontent.com\/pw\/AP1GczOF6LEDouWuqG9o_VlrrYltV5qTFgOrr_t9yf_l99mGgHkON0FViXWz2VUvOm-_mvqYUh6uWKHAMppBpcYbHbxOoa7UbtCvs0XLcKjLMzBDy9WTi7jo-VujRpx9FwpLiM2S57IP51huO-ywGkly5tDJ=w2000-h1333-s-no-gm?authuser=0\" width=\"2000\" height=\"1333\" alt=\"Sauda\u00e7\u00f5es da Vice-L\u00edder Kazuko Teragaki\" class=\"size-full\" \/><\/a><figcaption class=\"wp-caption-text\">Sauda\u00e7\u00f5es da Vice-L\u00edder Kazuko Teragaki<\/figcaption><\/figure>\n<p>&quot;Muito obrigado por terem vindo ao nosso concerto hoje, apesar das vossas agendas preenchidas e do mau tempo.&quot;<\/p>\n<p>Os concertos regulares, que come\u00e7aram em 2011 (Heisei 23), ser\u00e3o realizados pela d\u00e9cima vez este ano.<\/p>\n<p>Lembro-me de cantar essa m\u00fasica com todo o meu cora\u00e7\u00e3o ap\u00f3s o terremoto de Tohoku em 2011, aprendendo sobre o valor da vida com aqueles que foram afetados e sentindo-me grata por poder viver uma vida cotidiana tranquila.<\/p>\n<p>Embora o concerto tenha se tornado um evento anual, ainda o chamamos de Concerto Memorial porque queremos recordar os sentimentos que tivemos naquela \u00e9poca, valoriz\u00e1-los e mant\u00ea-los em nossos cora\u00e7\u00f5es ano ap\u00f3s ano.<\/p>\n<p>Para aqueles que aguardam ansiosamente nossa apresenta\u00e7\u00e3o, continuaremos a cantar com o m\u00e1ximo de nossa capacidade nesses concertos. Esperamos que voc\u00eas continuem apoiando o Coral Himawari.<\/p>\n<p>Apenas um aviso. Como consta no verso do programa, estamos recrutando novos membros. Nossos ensaios acontecem todas as quintas-feiras, a partir das 19h, neste sal\u00e3o principal. Faremos uma pausa em dezembro e janeiro, mas retomaremos as atividades em fevereiro. Esperamos que voc\u00ea venha assistir aos nossos ensaios e vivenciar a alegria da harmonia coral. Todos os nossos membros aguardam ansiosamente a sua presen\u00e7a.<\/p>\n<p>&quot;Finalmente, recebemos pedidos de bis, ent\u00e3o tocaremos mais uma m\u00fasica, &#039;Country Road&#039;, uma can\u00e7\u00e3o importante que temos cantado h\u00e1 muito tempo, com nossos convidados hoje em uma vers\u00e3o especial. Por favor, cantem conosco. Muito obrigada por hoje&quot;, disse a vice-presidente Teragaki Kazuko.<\/p>\n<h2>Bis: Estrada Rural<br \/>\nCoral conjunto com o Clube de Ukulele e o Coral Himawari<\/h2>\n<figure class=\"wp-caption aligncenter\"><a href=\"https:\/\/photos.google.com\/share\/AF1QipO1_X4rbA1QVKIktSWOID1mTbWk9VAexWwR6wUjHKA5ZTI0PsOgk_Xq7d7dpBoWHw\/photo\/AF1QipNIE1zu01UaXSbUEgAeFn-XuNOOee1FkdGFeA0?key=RTJmUGRWX19LWXVWbzM4dFMzbWNXNWJmWWp3VHRB\" target=\"_blank\"><img decoding=\"async\" src=\"https:\/\/lh3.googleusercontent.com\/pw\/AP1GczP4alBs8sX7JPoHvuvOScALf05ARRaUgWnpH1W5AjwKKjMuyPgTdE4QQeiAQUpvjKJGbsjP8mwdanT9H9bFjd0WWvqJTcbOGGJR65HtROD0oXiIps-Rv3U_Awf2Vl0Wvc_b1L9AbZzVJOMWNd57kg_u=w2000-h1333-s-no-gm?authuser=0\" width=\"2000\" height=\"1333\" alt=\"Eles cantaram a m\u00fasica de bis &quot;Country Road&quot; com o Iwasaki Juku Ukulele Club!\" class=\"size-full\" \/><\/a><figcaption class=\"wp-caption-text\">Eles cantaram a m\u00fasica de bis &quot;Country Road&quot; com o Iwasaki Juku Ukulele Club!<\/figcaption><\/figure>\n<figure class=\"wp-caption aligncenter\"><a href=\"https:\/\/photos.google.com\/share\/AF1QipO1_X4rbA1QVKIktSWOID1mTbWk9VAexWwR6wUjHKA5ZTI0PsOgk_Xq7d7dpBoWHw\/photo\/AF1QipP0Pv7iVuANC95GjxK9wIag4MfQVPF_AzL04dw?key=RTJmUGRWX19LWXVWbzM4dFMzbWNXNWJmWWp3VHRB\" target=\"_blank\"><img decoding=\"async\" src=\"https:\/\/lh3.googleusercontent.com\/pw\/AP1GczNYW43b-xyir5a_j0sdWPIF_zfiQPZww2ysHzc1YV8sJPDepoZqfaML5_7Gt0LnvU9j1y5i5dOIUPd9EXJ_gQJTGHAuC6TXrPsAs3vdJgDMwzfE2aMPqlqxLK7dDxw94Pf6exBVl9RM6J_X3c7-2Kq_=w2000-h1333-s-no-gm?authuser=0\" width=\"2000\" height=\"1333\" alt=\"Na tela, cenas das sess\u00f5es di\u00e1rias de treino eram projetadas como uma apresenta\u00e7\u00e3o de slides...\" class=\"size-full\" \/><\/a><figcaption class=\"wp-caption-text\">Na tela, cenas das sess\u00f5es di\u00e1rias de treino eram projetadas como uma apresenta\u00e7\u00e3o de slides...<\/figcaption><\/figure>\n<p>As belas vozes e harmonias ecoaram por todo o local, e a plateia se emocionou ao explodir em aplausos e gritos de &quot;Bravo!!!&quot;<\/p>\n<figure class=\"wp-caption aligncenter\"><a href=\"https:\/\/photos.google.com\/share\/AF1QipO1_X4rbA1QVKIktSWOID1mTbWk9VAexWwR6wUjHKA5ZTI0PsOgk_Xq7d7dpBoWHw\/photo\/AF1QipNBwK6G3YooWATLVxhXRpO2i_7BI4ApGEAmg6k?key=RTJmUGRWX19LWXVWbzM4dFMzbWNXNWJmWWp3VHRB\" target=\"_blank\"><img decoding=\"async\" src=\"https:\/\/lh3.googleusercontent.com\/pw\/AP1GczO4I2LsjGcgdNRHd8ImySVgcBNchFJgBcJAr_R7_IDfhW1rM6rWdDK-uttvZiypmRTOffDr2g6CTEtvPEG3AXggg7HW4wmfaxVmeDKRimBf4zs15ggfcWzcry8Ak2o1jA1h62eDaI0VYQpP0tWAjJMu=w2000-h1333-s-no-gm?authuser=0\" width=\"2000\" height=\"1333\" alt=\"O momento em que os aplausos de &quot;Bravo!!!&quot; ecoaram pela sala em resposta \u00e0 grande emo\u00e7\u00e3o...\" class=\"size-full\" \/><\/a><figcaption class=\"wp-caption-text\">O momento em que os aplausos de &quot;Bravo!!!&quot; ecoaram pela sala em resposta \u00e0 grande emo\u00e7\u00e3o...<\/figcaption><\/figure>\n<ul>\n<li><strong>MC:<\/strong>Muito obrigado a todos por estarem conosco hoje.<br \/>\nPor favor, tenha cuidado para n\u00e3o esquecer nada e dirija com cuidado para casa.<br \/>\nDesejo a todos muita sa\u00fade e felicidade ao me despedir. Muito obrigado por estarem conosco hoje.<br \/>\nAp\u00f3s isso, os membros do Coro Himawari se despedir\u00e3o de voc\u00eas. Por favor, tenham uma viagem tranquila e aproveitem o retorno para casa.<\/li>\n<\/ul>\n<figure class=\"wp-caption aligncenter\"><a href=\"https:\/\/photos.google.com\/share\/AF1QipO1_X4rbA1QVKIktSWOID1mTbWk9VAexWwR6wUjHKA5ZTI0PsOgk_Xq7d7dpBoWHw\/photo\/AF1QipNjwRoBaMWIEfoEWc3OdZDexcO7LJ0sREvYBKw?key=RTJmUGRWX19LWXVWbzM4dFMzbWNXNWJmWWp3VHRB\" target=\"_blank\"><img decoding=\"async\" src=\"https:\/\/lh3.googleusercontent.com\/pw\/AP1GczPAfBRJMdKX1e8s8bJMo6mHcURIAZXJpV1LDadbZNBow8hNs69AlWy0dYFN-yglze1-qAiSdWmODRMHSnFqx6AUkfUrKvSdUXFpyE_RLYPXxLx2RMnhI3gCE9OWx1_nR9aNVe_nd_tSrc8WCrY98LyO=w2000-h1333-s-no-gm?authuser=0\" width=\"2000\" height=\"1333\" alt=\"Gostar\u00edamos de expressar nossa sincera gratid\u00e3o a todos voc\u00eas que compareceram! Muito obrigado!!!\" class=\"size-full\" \/><\/a><figcaption class=\"wp-caption-text\">Gostar\u00edamos de expressar nossa sincera gratid\u00e3o a todos voc\u00eas que compareceram! Muito obrigado!!!<\/figcaption><\/figure>\n<h2>Me despedindo de todos.<\/h2>\n<figure class=\"wp-caption aligncenter\"><a href=\"https:\/\/photos.google.com\/share\/AF1QipO1_X4rbA1QVKIktSWOID1mTbWk9VAexWwR6wUjHKA5ZTI0PsOgk_Xq7d7dpBoWHw\/photo\/AF1QipPco5RQcKIxB4FkUzQ1r6RMR6t08FEgYVaDeio?key=RTJmUGRWX19LWXVWbzM4dFMzbWNXNWJmWWp3VHRB\" target=\"_blank\"><img decoding=\"async\" src=\"https:\/\/lh3.googleusercontent.com\/pw\/AP1GczND3Pz-sVGlRIXXKewH_EPfcMdPyC0ihU7NEU6rDL6YwQoxmuMcwW3lv-qTTTn83bJSZGJX1Owv59Ilk18cOYtg5tiNXymHZABRMUPMCdTGlyYA06GXSUVR9hS8VMIRz3yTBNYrAr1Xls2QdEd2oarK=w3292-h1852-s-no-gm?authuser=0\" width=\"2000\" height=\"1500\" alt=\"Me despedindo de todos.\" class=\"size-full\" \/><\/a><figcaption class=\"wp-caption-text\">Me despedindo de todos.<\/figcaption><\/figure>\n<p>Com amor, gratid\u00e3o e ora\u00e7\u00f5es sem limites, enviamos nossos sinceros agradecimentos ao maravilhoso coral feminino &quot;Himawari Chorus&quot;, que, mais de 35 anos ap\u00f3s sua forma\u00e7\u00e3o, continua a cantar com as vozes de almas preciosas e a valorizar a preciosidade da vida.<\/p>\n<figure class=\"wp-caption aligncenter\"><a href=\"https:\/\/photos.google.com\/share\/AF1QipO1_X4rbA1QVKIktSWOID1mTbWk9VAexWwR6wUjHKA5ZTI0PsOgk_Xq7d7dpBoWHw\/photo\/AF1QipNysaqxOhWc2N8oUjD1fRvCrSd2Hvr7S8YxqS0?key=RTJmUGRWX19LWXVWbzM4dFMzbWNXNWJmWWp3VHRB\" target=\"_blank\"><img decoding=\"async\" src=\"https:\/\/lh3.googleusercontent.com\/pw\/AP1GczOqQzoD7cNY42420La83rA2tNvNQt98B2PSK7sAqyUDyPcJcIdN1dajBWwx8xdfBaws6mFkb6ttTv7O5-Qc6HWGqgs0wlTESeKp_W9wYWa__BAq8apotwYsbFhGE6wnn8aythjrgEz0_IGymi-uf1P9=w2000-h1500-s-no-gm?authuser=0\" width=\"2000\" height=\"1500\" alt=\"Uma sorveira de um vermelho vivo coberta por um manto branco como a neve...\" class=\"size-full\" \/><\/a><figcaption class=\"wp-caption-text\">Uma sorveira de um vermelho vivo coberta por um manto branco como a neve...<\/figcaption><\/figure>\n<h2>v\u00eddeos do YouTube<\/h2>\n<div class=\"youtube\"><iframe title=\"Concerto em Mem\u00f3ria do Coro Girassol - Parte 10: Com amor, gratid\u00e3o e ora\u00e7\u00f5es infinitas ao Coro Girassol de Hokuryu, que continua a cantar com as vozes de almas preciosas e a valorizar a preciosidade da vida.\" src=\"https:\/\/www.youtube.com\/embed\/_TGpK7_Eh0M?feature=oembed\" frameborder=\"0\" allow=\"accelerometer; autoplay; clipboard-write; encrypted-media; gyroscope; picture-in-picture; web-share\" referrerpolicy=\"strict-origin-when-cross-origin\" allowfullscreen><\/iframe><\/div>\n\n        <div class=\"site-blogcard-premium\">\n            <div class=\"bc-label-custom\">Artigos relacionados<\/div>\n            <div class=\"bc-flex-container\">\n                <div class=\"bc-main-text\">\n                    <div class=\"bc-title-link-box\">\n                        <a href=\"https:\/\/portal.hokuryu.info\/pt\/53685\/\" target=\"_blank\">https:\/\/portal.hokuryu.info\/53685<\/a>\n                    <\/div>\n                    <div class=\"bc-excerpt-box\">N\u00e3o foi poss\u00edvel recuperar as informa\u00e7\u00f5es da p\u00e1gina.<\/div>\n                <\/div>\n                <div class=\"bc-thumbnail-box\">\n                    <a href=\"https:\/\/portal.hokuryu.info\/pt\/53685\/\" target=\"_blank\">\n                        <div class=\"bc-img-zoom-wrap\">\n                            <img decoding=\"async\" src=\"https:\/\/portal.hokuryu.info\/wp\/wp-content\/uploads\/2026\/02\/20230802DSC06445_1.jpg\" alt=\"https:\/\/portal.hokuryu.info\/53685\">\n                        <\/div>\n                    <\/a>\n                <\/div>\n            <\/div>\n        <\/div>\n<h2>Outras fotos<\/h2>\n<div class=\"img-move\"><img decoding=\"async\" style=\"vertical-align: middle;\" src=\"https:\/\/ehokkaido.net\/wp-content\/uploads\/2021\/12\/2021-12-06-11.41.12.png\" \/> <a href=\"https:\/\/photos.app.goo.gl\/SkN4F84fqey4ifh4A\" target=\"_blank\" rel=\"noopener noreferrer\">Fotos da Parte 10 do Concerto Memorial do Coral Himawari (255 fotos) est\u00e3o aqui &gt;&gt;<\/a><\/div>\n<h2>Artigos relacionados<\/h2>\n\n        <div class=\"site-blogcard-premium\">\n            <div class=\"bc-label-custom\">Artigos relacionados<\/div>\n            <div class=\"bc-flex-container\">\n                <div class=\"bc-main-text\">\n                    <div class=\"bc-title-link-box\">\n                        <a href=\"https:\/\/portal.hokuryu.info\/pt\/53693\/\" target=\"_blank\">https:\/\/portal.hokuryu.info\/53693<\/a>\n                    <\/div>\n                    <div class=\"bc-excerpt-box\">N\u00e3o foi poss\u00edvel recuperar as informa\u00e7\u00f5es da p\u00e1gina.<\/div>\n                <\/div>\n                <div class=\"bc-thumbnail-box\">\n                    <a href=\"https:\/\/portal.hokuryu.info\/pt\/53693\/\" target=\"_blank\">\n                        <div class=\"bc-img-zoom-wrap\">\n                            <img decoding=\"async\" src=\"https:\/\/portal.hokuryu.info\/wp\/wp-content\/uploads\/2026\/02\/20230802DSC06445_1.jpg\" alt=\"https:\/\/portal.hokuryu.info\/53693\">\n                        <\/div>\n                    <\/a>\n                <\/div>\n            <\/div>\n        <\/div>\n\n        <div class=\"site-blogcard-premium\">\n            <div class=\"bc-label-custom\">Artigos relacionados<\/div>\n            <div class=\"bc-flex-container\">\n                <div class=\"bc-main-text\">\n                    <div class=\"bc-title-link-box\">\n                        <a href=\"https:\/\/portal.hokuryu.info\/pt\/53553\/\" target=\"_blank\">https:\/\/portal.hokuryu.info\/53553<\/a>\n                    <\/div>\n                    <div class=\"bc-excerpt-box\">N\u00e3o foi poss\u00edvel recuperar as informa\u00e7\u00f5es da p\u00e1gina.<\/div>\n                <\/div>\n                <div class=\"bc-thumbnail-box\">\n                    <a href=\"https:\/\/portal.hokuryu.info\/pt\/53553\/\" target=\"_blank\">\n                        <div class=\"bc-img-zoom-wrap\">\n                            <img decoding=\"async\" src=\"https:\/\/portal.hokuryu.info\/wp\/wp-content\/uploads\/2026\/02\/20230802DSC06445_1.jpg\" alt=\"https:\/\/portal.hokuryu.info\/53553\">\n                        <\/div>\n                    <\/a>\n                <\/div>\n            <\/div>\n        <\/div>\n\u3000<br \/>\n\n        <div class=\"site-blogcard-premium\">\n            <div class=\"bc-label-custom\">Artigos relacionados<\/div>\n            <div class=\"bc-flex-container\">\n                <div class=\"bc-main-text\">\n                    <div class=\"bc-title-link-box\">\n                        <a href=\"https:\/\/portal.hokuryu.info\/pt\/53566\/\" target=\"_blank\">https:\/\/portal.hokuryu.info\/53566<\/a>\n                    <\/div>\n                    <div class=\"bc-excerpt-box\">N\u00e3o foi poss\u00edvel recuperar as informa\u00e7\u00f5es da p\u00e1gina.<\/div>\n                <\/div>\n                <div class=\"bc-thumbnail-box\">\n                    <a href=\"https:\/\/portal.hokuryu.info\/pt\/53566\/\" target=\"_blank\">\n                        <div class=\"bc-img-zoom-wrap\">\n                            <img decoding=\"async\" src=\"https:\/\/portal.hokuryu.info\/wp\/wp-content\/uploads\/2026\/02\/20230802DSC06445_1.jpg\" alt=\"https:\/\/portal.hokuryu.info\/53566\">\n                        <\/div>\n                    <\/a>\n                <\/div>\n            <\/div>\n        <\/div>\n\n        <div class=\"site-blogcard-premium\">\n            <div class=\"bc-label-custom\">Artigos relacionados<\/div>\n            <div class=\"bc-flex-container\">\n                <div class=\"bc-main-text\">\n                    <div class=\"bc-title-link-box\">\n                        <a href=\"https:\/\/portal.hokuryu.info\/pt\/52324\/\" target=\"_blank\">https:\/\/portal.hokuryu.info\/52324<\/a>\n                    <\/div>\n                    <div class=\"bc-excerpt-box\">N\u00e3o foi poss\u00edvel recuperar as informa\u00e7\u00f5es da p\u00e1gina.<\/div>\n                <\/div>\n                <div class=\"bc-thumbnail-box\">\n                    <a href=\"https:\/\/portal.hokuryu.info\/pt\/52324\/\" target=\"_blank\">\n                        <div class=\"bc-img-zoom-wrap\">\n                            <img decoding=\"async\" src=\"https:\/\/portal.hokuryu.info\/wp\/wp-content\/uploads\/2026\/02\/20230802DSC06445_1.jpg\" alt=\"https:\/\/portal.hokuryu.info\/52324\">\n                        <\/div>\n                    <\/a>\n                <\/div>\n            <\/div>\n        <\/div>\n\n        <div class=\"site-blogcard-premium\">\n            <div class=\"bc-label-custom\">Artigos relacionados<\/div>\n            <div class=\"bc-flex-container\">\n                <div class=\"bc-main-text\">\n                    <div class=\"bc-title-link-box\">\n                        <a href=\"https:\/\/portal.hokuryu.info\/pt\/topics\/culture\/20181204.html\/\" target=\"_blank\">Concerto Comemorativo do 30\u00ba Anivers\u00e1rio do Coral dos Girass\u00f3is - Parte 7: Recebendo a Soprano Mie Kikuiri como Convidada - Portal da Cidade de Hokuryu (Hokkaido) - A Vila dos Girass\u00f3is n\u00ba 1 do Jap\u00e3o<\/a>\n                    <\/div>\n                    <div class=\"bc-excerpt-box\">No dia 1\u00ba de dezembro (s\u00e1bado), \u00e0s 14h, ter\u00e1 in\u00edcio o &quot;Concerto Comemorativo do 30\u00ba Anivers\u00e1rio do Coral Himawari - Parte 7&quot;...<\/div>\n                <\/div>\n                <div class=\"bc-thumbnail-box\">\n                    <a href=\"https:\/\/portal.hokuryu.info\/pt\/topics\/culture\/20181204.html\/\" target=\"_blank\">\n                        <div class=\"bc-img-zoom-wrap\">\n                            <img decoding=\"async\" src=\"https:\/\/lh3.googleusercontent.com\/77UD_EWgLp7IaXSaHHXJSUV65AOu14GpElEq2zmggCBCsDQDtSZr_JTmglmlCB0Vzj7rrF5W1uT1dCLu_XJ5grvPJ1rzCd8SJCMCSGrJqCxiPSeoXT1tKYhXjvBRp7HqNrcMg8zHqQgMZD5tzAOKJFXm93UDthyl3QqKysltHqjivwIRuzChJv0ZbdyZmweskatz4DCSAmtfDsDv0ZFtcJxpVueFErkKry6AolNw8CycnLNuvxY3jdFxOnfAbhhcSSEs_6oZulj0iP1K_KDMiZml-hYo4XCSaI8jfnug9pKukUzy3eKNNd_I07vcezDZq5Qu--bF5oefYa2tw41LiR-oXYMMITrbY84WIqWlnX00r99qslF1QIVdlc30gdb1-zwKyO_TZQHN5l7wW3KSRYnkFK4Qrlz7Bx9itd9h0EkfgE5MrlEie66RX__RHERomeuNAM2vsfiEgJlxLcXvNT_UYEqgud_LBJRhwgYAUx4Bj1BGtCKtB4EbyHwWVNYSEH7fF8KYMPJhxeZMMfGoTbsasQRy5uzlROFBOBgMsraSPglFlBmbUWFLSSytPLTczW7LKnlE0Kf7Je7rXe1_k1kEfdNuDeEvoxBE7g9VJqVKGEVxe-QBZK8Vj6NPcTF99RjDRBVSvizvwC-vmXkTGEZi7YoAnMkg0pKVLu3C-5opb0OPO2NTfHBM3daxkd_VSjnYqXwstxWCc9ZM5w=w1421-h947-no\" alt=\"Concerto Comemorativo do 30\u00ba Anivers\u00e1rio do Coral dos Girass\u00f3is - Parte 7: Recebendo a Soprano Mie Kikuiri como Convidada - Portal da Cidade de Hokuryu (Hokkaido) - A Vila dos Girass\u00f3is n\u00ba 1 do Jap\u00e3o\">\n                        <\/div>\n                    <\/a>\n                <\/div>\n            <\/div>\n        <\/div>\n\n        <div class=\"site-blogcard-premium\">\n            <div class=\"bc-label-custom\">Artigos relacionados<\/div>\n            <div class=\"bc-flex-container\">\n                <div class=\"bc-main-text\">\n                    <div class=\"bc-title-link-box\">\n                        <a href=\"https:\/\/portal.hokuryu.info\/pt\/topics\/culture\/20131107.html\/\" target=\"_blank\">Concerto de 25\u00ba Anivers\u00e1rio do Coral de Girass\u00f3is da Cidade de Hokuryu - A Nona Sinfonia de Beethoven &quot;Ode \u00e0 Alegria&quot; ressoa - Portal da Cidade de Hokuryu (Hokkaido) - A Vila dos Girass\u00f3is n\u00ba 1 do Jap\u00e3o<\/a>\n                    <\/div>\n                    <div class=\"bc-excerpt-box\">Apresentamos o &quot;presente&quot; de uma cidade vibrante com 2.100 habitantes e uma taxa de envelhecimento de 401.000.000. Assim como os girass\u00f3is, as fam\u00edlias vivem em harmonia...<\/div>\n                <\/div>\n                <div class=\"bc-thumbnail-box\">\n                    <a href=\"https:\/\/portal.hokuryu.info\/pt\/topics\/culture\/20131107.html\/\" target=\"_blank\">\n                        <div class=\"bc-img-zoom-wrap\">\n                            <img decoding=\"async\" src=\"https:\/\/lh4.googleusercontent.com\/-QcUkI0boftY\/Unn1HbZfeRI\/AAAAAAAA7PU\/p6wMl2Kcr4g\/w1306-h865-no\/K5+31279\" alt=\"Concerto de 25\u00ba Anivers\u00e1rio do Coral de Girass\u00f3is da Cidade de Hokuryu - A Nona Sinfonia de Beethoven &quot;Ode \u00e0 Alegria&quot; ressoa - Portal da Cidade de Hokuryu (Hokkaido) - A Vila dos Girass\u00f3is n\u00ba 1 do Jap\u00e3o\">\n                        <\/div>\n                    <\/a>\n                <\/div>\n            <\/div>\n        <\/div>\n\n        <div class=\"site-blogcard-premium\">\n            <div class=\"bc-label-custom\">Artigos relacionados<\/div>\n            <div class=\"bc-flex-container\">\n                <div class=\"bc-main-text\">\n                    <div class=\"bc-title-link-box\">\n                        <a href=\"https:\/\/portal.hokuryu.info\/pt\/topics\/culture\/20121206.html\/\" target=\"_blank\">Concerto Comemorativo do 120\u00ba Anivers\u00e1rio da Cidade de Hokuryu - Parte 2 - As vozes do Coro dos Girass\u00f3is reverberam - Portal da Cidade de Hokuryu (Hokkaido) - A Vila dos Girass\u00f3is n\u00ba 1 do Jap\u00e3o<\/a>\n                    <\/div>\n                    <div class=\"bc-excerpt-box\">Uma paisagem japonesa de tirar o f\u00f4lego: a &quot;Vila dos Girass\u00f3is&quot; na cidade de Hokuryu, Hokkaido. Um ponto tur\u00edstico popular em Hokkaido. Visite pelo menos uma vez. (Sommelier de Arroz...).<\/div>\n                <\/div>\n                <div class=\"bc-thumbnail-box\">\n                    <a href=\"https:\/\/portal.hokuryu.info\/pt\/topics\/culture\/20121206.html\/\" target=\"_blank\">\n                        <div class=\"bc-img-zoom-wrap\">\n                            <img decoding=\"async\" src=\"https:\/\/lh6.googleusercontent.com\/-eQaHDfgQFxI\/ULyMl1DuJGI\/AAAAAAAAh5g\/W7ksdN7_Tbs\/s800\/IMGP6152.JPG\" alt=\"Concerto Comemorativo do 120\u00ba Anivers\u00e1rio da Cidade de Hokuryu - Parte 2 - As vozes do Coro dos Girass\u00f3is reverberam - Portal da Cidade de Hokuryu (Hokkaido) - A Vila dos Girass\u00f3is n\u00ba 1 do Jap\u00e3o\">\n                        <\/div>\n                    <\/a>\n                <\/div>\n            <\/div>\n        <\/div>\n\n        <div class=\"site-blogcard-premium\">\n            <div class=\"bc-label-custom\">Artigos relacionados<\/div>\n            <div class=\"bc-flex-container\">\n                <div class=\"bc-main-text\">\n                    <div class=\"bc-title-link-box\">\n                        <a href=\"https:\/\/portal.hokuryu.info\/pt\/topics\/culture\/20120331.html\/\" target=\"_blank\">O Coral dos Girass\u00f3is (Cidade de Hokuryu) recebe o Pr\u00eamio Cultural Kitashin do Fundo de Promo\u00e7\u00e3o da Cidade Natal de Kitashin em 2011 - Portal da Cidade de Hokuryu (Hokkaido) - A Vila dos Girass\u00f3is n\u00ba 1 do Jap\u00e3o<\/a>\n                    <\/div>\n                    <div class=\"bc-excerpt-box\">Uma paisagem japonesa de tirar o f\u00f4lego: a &quot;Vila dos Girass\u00f3is&quot; na cidade de Hokuryu, Hokkaido. Um ponto tur\u00edstico popular em Hokkaido. Visite pelo menos uma vez. (Sommelier de Arroz...).<\/div>\n                <\/div>\n                <div class=\"bc-thumbnail-box\">\n                    <a href=\"https:\/\/portal.hokuryu.info\/pt\/topics\/culture\/20120331.html\/\" target=\"_blank\">\n                        <div class=\"bc-img-zoom-wrap\">\n                            <img decoding=\"async\" src=\"https:\/\/lh3.googleusercontent.com\/-BGGTAZw4p0Y\/T3UkvkyX88I\/AAAAAAAARgY\/2zZ8864AxSc\/s720\/_IGP0949.JPG\" alt=\"O Coral dos Girass\u00f3is (Cidade de Hokuryu) recebe o Pr\u00eamio Cultural Kitashin do Fundo de Promo\u00e7\u00e3o da Cidade Natal de Kitashin em 2011 - Portal da Cidade de Hokuryu (Hokkaido) - A Vila dos Girass\u00f3is n\u00ba 1 do Jap\u00e3o\">\n                        <\/div>\n                    <\/a>\n                <\/div>\n            <\/div>\n        <\/div>\n\n        <div class=\"site-blogcard-premium\">\n            <div class=\"bc-label-custom\">Artigos relacionados<\/div>\n            <div class=\"bc-flex-container\">\n                <div class=\"bc-main-text\">\n                    <div class=\"bc-title-link-box\">\n                        <a href=\"https:\/\/portal.hokuryu.info\/pt\/topics\/culture\/20110625.html\/\" target=\"_blank\">O 32\u00ba Concerto Conjunto do Coral Kita Sorachi (Cidade de Hokuryu) foi realizado no Portal da Cidade de Hokuryu (Hokkaido), a Vila dos Girass\u00f3is n\u00ba 1 do Jap\u00e3o.<\/a>\n                    <\/div>\n                    <div class=\"bc-excerpt-box\">Uma paisagem japonesa de tirar o f\u00f4lego: a &quot;Vila dos Girass\u00f3is&quot; na cidade de Hokuryu, Hokkaido. Um ponto tur\u00edstico popular em Hokkaido. Visite pelo menos uma vez. (Sommelier de Arroz...).<\/div>\n                <\/div>\n                <div class=\"bc-thumbnail-box\">\n                    <a href=\"https:\/\/portal.hokuryu.info\/pt\/topics\/culture\/20110625.html\/\" target=\"_blank\">\n                        <div class=\"bc-img-zoom-wrap\">\n                            <img decoding=\"async\" src=\"https:\/\/lh3.googleusercontent.com\/-7W49VjfKSuk\/TgXByl9PIMI\/AAAAAAAADPQ\/ANibVYLUY8Y\/s400\/_IGP5839.JPG\" alt=\"O 32\u00ba Concerto Conjunto do Coral Kita Sorachi (Cidade de Hokuryu) foi realizado no Portal da Cidade de Hokuryu (Hokkaido), a Vila dos Girass\u00f3is n\u00ba 1 do Jap\u00e3o.\">\n                        <\/div>\n                    <\/a>\n                <\/div>\n            <\/div>\n        <\/div>\n<p>\u25c7 Entrevista e texto: Ikuko Terauchi (Fotografia e assist\u00eancia de edi\u00e7\u00e3o: Noboru Terauchi)<\/p>","protected":false},"excerpt":{"rendered":"<p>\uff12\uff10\uff12\uff14\u5e74\uff11\uff12\u6708\uff13\u65e5\uff08\u6708\uff09 \uff11\uff11\u6708\uff13\uff10\u65e5\uff08\u571f\uff09\uff11\uff14\u6642\u3001\u300c\u3072\u307e\u308f\u308a\u30b3\u30fc\u30e9\u30b9\u30e1\u30e2\u30ea\u30a2\u30eb\u30b3\u30f3\u30b5\u30fc\u30c8 Part10\u300d\u304c\u3001\u5317\u7adc\u753a\u516c\u6c11\u9928\u5927\u30db\u30fc\u30eb\u306b\u3066\u958b\u50ac\u3055\u308c\u307e\u3057\u305f\u3002 \u304a\u3088\u305d\uff11\uff10\uff10\u4eba\u306e\u8074\u8846\u304c\u99c6\u3051\u3064\u3051\u308b\u4e2d\u3001\u4f1a\u5834\u306b\u306f\u7d20 [&hellip;]<\/p>\n","protected":false},"author":1,"featured_media":53518,"comment_status":"open","ping_status":"open","sticky":false,"template":"","format":"standard","meta":{"footnotes":""},"categories":[4,11],"tags":[],"class_list":["post-53515","post","type-post","status-publish","format-standard","has-post-thumbnail","hentry","category-cover-story","category-himawari-chorus"],"_links":{"self":[{"href":"https:\/\/portal.hokuryu.info\/pt\/wp-json\/wp\/v2\/posts\/53515","targetHints":{"allow":["GET"]}}],"collection":[{"href":"https:\/\/portal.hokuryu.info\/pt\/wp-json\/wp\/v2\/posts"}],"about":[{"href":"https:\/\/portal.hokuryu.info\/pt\/wp-json\/wp\/v2\/types\/post"}],"author":[{"embeddable":true,"href":"https:\/\/portal.hokuryu.info\/pt\/wp-json\/wp\/v2\/users\/1"}],"replies":[{"embeddable":true,"href":"https:\/\/portal.hokuryu.info\/pt\/wp-json\/wp\/v2\/comments?post=53515"}],"version-history":[{"count":0,"href":"https:\/\/portal.hokuryu.info\/pt\/wp-json\/wp\/v2\/posts\/53515\/revisions"}],"wp:featuredmedia":[{"embeddable":true,"href":"https:\/\/portal.hokuryu.info\/pt\/wp-json\/wp\/v2\/media\/53518"}],"wp:attachment":[{"href":"https:\/\/portal.hokuryu.info\/pt\/wp-json\/wp\/v2\/media?parent=53515"}],"wp:term":[{"taxonomy":"category","embeddable":true,"href":"https:\/\/portal.hokuryu.info\/pt\/wp-json\/wp\/v2\/categories?post=53515"},{"taxonomy":"post_tag","embeddable":true,"href":"https:\/\/portal.hokuryu.info\/pt\/wp-json\/wp\/v2\/tags?post=53515"}],"curies":[{"name":"wp","href":"https:\/\/api.w.org\/{rel}","templated":true}]}}