{"id":53243,"date":"2024-11-21T09:36:43","date_gmt":"2024-11-21T00:36:43","guid":{"rendered":"https:\/\/portal.hokuryu.info\/?p=53243"},"modified":"2024-11-24T13:48:14","modified_gmt":"2024-11-24T04:48:14","slug":"%e5%8c%97%e7%ab%9c%e7%94%ba%e7%ab%8b%e7%be%8e%e8%91%89%e7%89%9b%e5%b0%8f%e5%ad%a6%e6%a0%a1%ef%bc%94%ef%bc%90%e5%9b%9e%e5%8d%92%e6%a5%ad%e7%94%9f%e3%83%bb%e7%be%8e%e8%91%89%e7%89%9b%e4%b8%ad%e5%ad%a6","status":"publish","type":"post","link":"https:\/\/portal.hokuryu.info\/pt\/53243\/","title":{"rendered":"A 40\u00aa turma de formandos da Escola Prim\u00e1ria Mibaushi da cidade de Hokuryu e a 9\u00aa turma de formandos da Escola Secund\u00e1ria Mibaushi: o precioso esp\u00edrito de harmonia est\u00e1 sendo transmitido."},"content":{"rendered":"<p>Quinta-feira, 21 de novembro de 2024<\/p>\n<p>A 40\u00aa reuni\u00e3o da turma de formandos da Escola Prim\u00e1ria Mibaushi da cidade de Hokuryu e a 9\u00aa reuni\u00e3o da turma de formandos da Escola Secund\u00e1ria Mibaushi foram realizadas na cidade de Hokuryu, de domingo, 17 de novembro, a segunda-feira, 18 de novembro, com dura\u00e7\u00e3o de dois dias e uma noite.<\/p>\n<h2>Realizado na cidade de Hokuryu pela primeira vez em nove anos.<\/h2>\n<figure class=\"wp-caption aligncenter\"><a href=\"https:\/\/photos.google.com\/share\/AF1QipNuHhCDP60CvBRrSWMIvkfb-hJbOEprAgpXW8V0Ovg6PeT7nUxObV7L6oRPM8kq-g\/photo\/AF1QipN1vgmozQIWpOV-0vkPMRrC-QlV0h3EuGyj4Sw?key=TzVLMFJHRnd0Y19feGc2QURHV0dYR0xrVkE2N0Nn\" target=\"_blank\"><img decoding=\"async\" src=\"https:\/\/lh3.googleusercontent.com\/pw\/AP1GczPIQtZBmOM9BFi7BAkeZibGQRcAMsBMyKGYoMflIwQWzzVc9BdpnWiCEnIFv-k0J18LTeL3yMqIlwV1gi5qCZmik80uVf1EJlKW020Oegvp_QZgHXMs2pebB09MEh5NPmWLEMBx1Nn_peTXg6ZQxhFJ=w2000-h1500-s-no-gm?authuser=0\" width=\"2000\" height=\"1500\" alt=\"No Parque dos Girass\u00f3is, Hokuryu Onsen\" class=\"size-full\" \/><\/a><figcaption class=\"wp-caption-text\">No Parque dos Girass\u00f3is, Hokuryu Onsen<\/figcaption><\/figure>\n<p>Em 1960, 14 alunos se formaram na Escola Secund\u00e1ria Mibaushi. Todos nasceram em 1944, o que os torna, na verdade, 80 anos de idade.<\/p>\n<p>Sessenta e quatro anos se passaram desde que nos formamos no ensino fundamental, e este foi o nosso 17\u00ba reencontro. Atualmente, nossos colegas moram em Sapporo (5 pessoas), Numata (2 pessoas), Hokuryu (1 pessoa), Yokohama (1 pessoa), etc. (4 pessoas faleceram e as informa\u00e7\u00f5es de contato de uma pessoa s\u00e3o desconhecidas.)<\/p>\n<figure class=\"wp-caption aligncenter\"><a href=\"https:\/\/photos.google.com\/share\/AF1QipNuHhCDP60CvBRrSWMIvkfb-hJbOEprAgpXW8V0Ovg6PeT7nUxObV7L6oRPM8kq-g\/photo\/AF1QipPAqnmt1phncPAMs4Tip7bLoPYvzsP4zxaTNCM?key=TzVLMFJHRnd0Y19feGc2QURHV0dYR0xrVkE2N0Nn\" target=\"_blank\"><img decoding=\"async\" src=\"https:\/\/lh3.googleusercontent.com\/pw\/AP1GczNrD6DvL5CWvBd34ydhzfWGoyPrYzZ5HursfhNR5HlJRGo0x61iUpCUI3qKHczgqBbc0WvYFcOx7uUKFMQTE2gvCSRsIkzKtjRB8CJ2qITqbjB7wLDvc-Rw5Ni83R1pRsohq6X2Mzz5Ff46xSlaiM61=w2000-h1333-s-no-gm?authuser=0\" width=\"2000\" height=\"1333\" alt=\"Reuni\u00e3o de turma da 40\u00aa turma de formandos da Escola Prim\u00e1ria Mibaushi da cidade de Hokuryu e da 9\u00aa turma de formandos da Escola Secund\u00e1ria Mibaushi.\" class=\"size-full\" \/><\/a><figcaption class=\"wp-caption-text\">Reuni\u00e3o de turma da 40\u00aa turma de formandos da Escola Prim\u00e1ria Mibaushi da cidade de Hokuryu e da 9\u00aa turma de formandos da Escola Secund\u00e1ria Mibaushi.<\/figcaption><\/figure>\n<p>Durante os primeiros cinco anos ap\u00f3s a formatura, os encontros de ex-alunos eram realizados duas vezes por ano nas casas dos membros, mas desde cerca de 1972, eles t\u00eam sido realizados aproximadamente a cada cinco anos em Sapporo ou na cidade de Numata.<\/p>\n<p>Esta ser\u00e1 a primeira vez em nove anos, desde 2015 (Heisei 27), que o evento ser\u00e1 realizado em sua cidade natal, Hokuryu Town.<\/p>\n<p>A pedido de Yoichi Fujita, residente em Sapporo, Katsuhiro Nagai, o \u00fanico morador da cidade de Hokuryu, atuou como organizador deste evento.<\/p>\n<h2>Escola Prim\u00e1ria e Secund\u00e1ria Mibaushi<\/h2>\n<ul>\n<li>1903 (Meiji 36): Fundada como uma institui\u00e7\u00e3o educacional privada por Kabata Ichitaro e Hosokawa Ichitaro<\/li>\n<li>1904 (Meiji 37): Fundada como Centro Educacional P\u00fablico Simples Oku-Mibaushi (14 alunos)<\/li>\n<li>1919 (Taisho 8): Renomeada Escola Prim\u00e1ria Mibaushi (112 alunos)<\/li>\n<li>1947: A escola foi renomeada para Escola Prim\u00e1ria Mibaushi da Vila Hokuryu.<\/li>\n<li>1951: A Escola Prim\u00e1ria e Secund\u00e1ria Mibaushi foram estabelecidas em conjunto (turmas combinadas).<\/li>\n<li>1982: Fechado<\/li>\n<li>A escola prim\u00e1ria e o ensino fundamental II ficam no mesmo pr\u00e9dio. Ambas as escolas t\u00eam turmas mistas. Na escola prim\u00e1ria, as s\u00e9ries iniciais e finais s\u00e3o separadas em turmas distintas. No ensino fundamental II, os alunos do 1\u00ba ao 3\u00ba ano estudam juntos na mesma sala.<\/li>\n<li>Desde a sua inaugura\u00e7\u00e3o, a escola formou 888 alunos do ensino fundamental em 77 anos e 423 alunos do ensino m\u00e9dio em 31 anos.<\/li>\n<li>A escola fechou em 1982, e a \u00faltima turma a se formar era composta por quatro alunos do ensino fundamental e um aluno do ensino m\u00e9dio.<\/li>\n<\/ul>\n<figure class=\"wp-caption aligncenter\"><a href=\"https:\/\/photos.google.com\/share\/AF1QipNuHhCDP60CvBRrSWMIvkfb-hJbOEprAgpXW8V0Ovg6PeT7nUxObV7L6oRPM8kq-g\/photo\/AF1QipP61U7NvMkESlTNc6dNreHGscV3zsLkzDIQWHk?key=TzVLMFJHRnd0Y19feGc2QURHV0dYR0xrVkE2N0Nn\" target=\"_blank\"><img decoding=\"async\" src=\"https:\/\/lh3.googleusercontent.com\/pw\/AP1GczMww_ZOEBhGFOIknWewyV_KMRUUmfPK6p2zHpY42BwHuZJZQfL8-sDMJrGots5TtOxbD-Dm2QOU_k5X1lkXgsKdqMb-qvBAIMzzt4dNTilTY3KvyCB_RC88f1FTfXAwXvOwiKsxkiKh0MBWelIiP0TM=w2326-h1646-s-no-gm?authuser=0\" width=\"2000\" height=\"1446\" alt=\"Celebra\u00e7\u00e3o da 9\u00aa Formatura da Escola Secund\u00e1ria Mibaushi\" class=\"size-full\" \/><\/a><figcaption class=\"wp-caption-text\">Celebra\u00e7\u00e3o da 9\u00aa Formatura da Escola Secund\u00e1ria Mibaushi<\/figcaption><\/figure>\n<h2>Uma sess\u00e3o de cinema para vivenciar o encanto da cidade de Hokuryu.<\/h2>\n<p>O grupo se reuniu no Sunflower Park Hokuryu Onsen por volta das 16h. No sal\u00e3o multiuso (2\u00ba andar) do Sunflower Park Hokuryu Onsen, assistimos a um v\u00eddeo do YouTube do Portal da Cidade de Hokuryu sobre a situa\u00e7\u00e3o atual de nossa cidade natal, Hokuryu. Noboru Terauchi, respons\u00e1vel pelo Portal da Cidade de Hokuryu, fez os coment\u00e1rios.<\/p>\n<figure class=\"wp-caption aligncenter\"><a href=\"https:\/\/photos.google.com\/share\/AF1QipNuHhCDP60CvBRrSWMIvkfb-hJbOEprAgpXW8V0Ovg6PeT7nUxObV7L6oRPM8kq-g\/photo\/AF1QipMot6-NQCaE8Q2pEEOIMkCqm9yHOQ1dRsRqlHA?key=TzVLMFJHRnd0Y19feGc2QURHV0dYR0xrVkE2N0Nn\" target=\"_blank\"><img decoding=\"async\" src=\"https:\/\/lh3.googleusercontent.com\/pw\/AP1GczMub8iXXhbxEUqdI1g47UdwGonE8zaZ0p7D2THsdIrgiIvNWd-d9WN-egitImh_Q19icCPBbv_OzFaKAw6JficQOZataJIku52VYly_H5QU8B_eofoYovqmQeTq1Jj7MwfQcxS9Z92QOm3VQrixoQfi=w2000-h1500-s-no-gm?authuser=0\" width=\"2000\" height=\"1500\" alt=\"Exibi\u00e7\u00e3o do v\u00eddeo do Portal da Cidade de Hokuryu no YouTube\" class=\"size-full\" \/><\/a><figcaption class=\"wp-caption-text\">Exibi\u00e7\u00e3o do v\u00eddeo do Portal da Cidade de Hokuryu no YouTube<\/figcaption><\/figure>\n<figure class=\"wp-caption aligncenter\"><a href=\"https:\/\/photos.google.com\/share\/AF1QipNuHhCDP60CvBRrSWMIvkfb-hJbOEprAgpXW8V0Ovg6PeT7nUxObV7L6oRPM8kq-g\/photo\/AF1QipOsY58AdFHlXgc6sy-4eNSlhLDV-tjZXfmQlQs?key=TzVLMFJHRnd0Y19feGc2QURHV0dYR0xrVkE2N0Nn\" target=\"_blank\"><img decoding=\"async\" src=\"https:\/\/lh3.googleusercontent.com\/pw\/AP1GczNDkN9B83rKCs04vcM6eQ9HIAciQ3K_14DK4nF4RL9rf0Do37lwRirrf0oAVgAsmq_YU3rTbMON99hz1FaNXMdYaYBga_3pD7PQqMY0OxVHLXYolbJZjd23rmzXfEnmxVe-IndQ6UzcDSw6C3XWn986=w2000-h1500-s-no-gm?authuser=0\" width=\"2000\" height=\"1500\" alt=\"Exibi\u00e7\u00e3o do v\u00eddeo do Portal da Cidade de Hokuryu no YouTube\" class=\"size-full\" \/><\/a><figcaption class=\"wp-caption-text\">Exibi\u00e7\u00e3o do v\u00eddeo do Portal da Cidade de Hokuryu no YouTube<\/figcaption><\/figure>\n<h2>reuni\u00e3o social<\/h2>\n<p>Em seguida, por volta das 18h, nos dirigimos ao sal\u00e3o de banquetes, onde desfrutamos de comida deliciosa e de uma conversa nost\u00e1lgica sem fim.<\/p>\n<figure class=\"wp-caption aligncenter\"><a href=\"https:\/\/photos.google.com\/share\/AF1QipNuHhCDP60CvBRrSWMIvkfb-hJbOEprAgpXW8V0Ovg6PeT7nUxObV7L6oRPM8kq-g\/photo\/AF1QipMaWBCYXJXVa_-V6KGYcIdQSgxGWmVt2XS3Yes?key=TzVLMFJHRnd0Y19feGc2QURHV0dYR0xrVkE2N0Nn\" target=\"_blank\"><img decoding=\"async\" src=\"https:\/\/lh3.googleusercontent.com\/pw\/AP1GczOLhrxiV_CIb8B8OfL5jqPneEACQpuHmfqPPZq_0W2rRbKnSHLAb9z6_p4hQZtoWZuariU7nI0o7rqpKdVRZZDUH74nkXpsL3UCVBtCXSTgYwMwsFwlcOgtviQkm7scZiBt5etJDdxYR3XCLUjZiS9l=w2000-h1500-s-no-gm?authuser=0\" width=\"2000\" height=\"1500\" alt=\"reuni\u00e3o social\" class=\"size-full\" \/><\/a><figcaption class=\"wp-caption-text\">reuni\u00e3o social<\/figcaption><\/figure>\n<h3>Relat\u00f3rio de situa\u00e7\u00e3o<\/h3>\n<h4>Katsuhiro Nagai<\/h4>\n<figure class=\"wp-caption aligncenter\"><a href=\"https:\/\/photos.google.com\/share\/AF1QipNuHhCDP60CvBRrSWMIvkfb-hJbOEprAgpXW8V0Ovg6PeT7nUxObV7L6oRPM8kq-g\/photo\/AF1QipOh7lqrmtLI0TcpwOFTfXpxTFR4nBuzSJrWgWo?key=TzVLMFJHRnd0Y19feGc2QURHV0dYR0xrVkE2N0Nn\" target=\"_blank\"><img decoding=\"async\" src=\"https:\/\/lh3.googleusercontent.com\/pw\/AP1GczNvUWyATaYbhqc05Mj57VEx2AtaRg3MUNQMV9Q5x6IS8S7sfq3wmO2U7wVrcI6n9EkJ3T3km24NOV_arABxU7iaF62MYbZbzOaYbmD0ilPCF3WlsGBhL-XqnH7dzIvG7I5O3L5UAmQS1QaQBefKtbAc=w2000-h1333-s-no-gm?authuser=0\" width=\"2000\" height=\"1500\" alt=\"Katsuhiro Nagai\" class=\"size-full\" \/><\/a><figcaption class=\"wp-caption-text\">Katsuhiro Nagai<\/figcaption><\/figure>\n<p>&quot;Fujita entrou em contato comigo dizendo que queria realizar este reencontro em sua cidade natal, Hokuryu. Ele veio me visitar quando a Linha Rumoi foi fechada em mar\u00e7o, e achei que j\u00e1 era hora de fazermos um reencontro em Hokuryu. No entanto, depois disso, ele come\u00e7ou a se sentir mal por v\u00e1rios motivos e foi hospitalizado duas vezes, ent\u00e3o pensei que talvez n\u00e3o fosse poss\u00edvel realizar o reencontro em Hokuryu.&quot;<\/p>\n<p>No outono passado, quando o Sr. Fujita visitou Hokuryu, eu usava bengala para andar. Este ano, fui diagnosticado com outra doen\u00e7a e fiquei confinado a uma cadeira de rodas. Devido a uma combina\u00e7\u00e3o de v\u00e1rios problemas, incluindo problemas card\u00edacos, press\u00e3o alta, anemia e problemas renais, n\u00e3o pude mais me submeter a cirurgias. Atualmente, tomo muitos medicamentos e aplico inje\u00e7\u00f5es nos joelhos, e de alguma forma consigo ficar em p\u00e9 e andar.<\/p>\n<p>Ap\u00f3s receber um telefonema do Sr. Fujita, conseguimos marcar uma data e finalmente realizar o reencontro na minha cidade natal, Hokuryu, neste dia. Muito obrigado a todos por terem vindo, apesar do mau tempo.<\/p>\n<p>O \u00faltimo encontro aconteceu no Numata Horoshin Hotarukan em 2018 (Heisei 30), mas esta ser\u00e1 a primeira vez em nove anos, desde 2015 (Heisei 27), que ele ser\u00e1 realizado na cidade de Hokuryu.<\/p>\n<p>Todos voc\u00eas nasceram em 1944 (Showa 19) e completar\u00e3o 80 anos este ano. Parab\u00e9ns!<\/p>\n<p>Fico feliz que todos estejam saud\u00e1veis e tenham conseguido chegar at\u00e9 aqui. \u00c9 realmente \u00f3timo!<\/p>\n<p>(Todos nos pediram para n\u00e3o falar sobre nossa idade!)<\/p>\n<p>&quot;Gostaria de apresentar Yoichi Fujita, que sempre anima este encontro. Gostaria tamb\u00e9m de pedir um momento de sil\u00eancio em ora\u00e7\u00e3o pelas almas dos quatro membros que faleceram&quot;, disse Nagai.<\/p>\n<h4>Yoichi Fujita<\/h4>\n<figure class=\"wp-caption aligncenter\"><a href=\"https:\/\/photos.google.com\/share\/AF1QipNuHhCDP60CvBRrSWMIvkfb-hJbOEprAgpXW8V0Ovg6PeT7nUxObV7L6oRPM8kq-g\/photo\/AF1QipMMaPc5eeN9ME2X-Brb4lPf1ZftQZufe5WIneQ?key=TzVLMFJHRnd0Y19feGc2QURHV0dYR0xrVkE2N0Nn\" target=\"_blank\"><img decoding=\"async\" src=\"https:\/\/lh3.googleusercontent.com\/pw\/AP1GczN5v8ouit1NCwq-x4bHRzZ-_lgrcrbK6_IdV6QocHdYTj4H_lo9lbqZQMfGwJM8KeDcR3AIwGt7N4W2G0OldCpfdgcCC7hXBcs5vHqq_z1g1EC61HLlIWOo6uF0uXPxl8-cps8AtAAq_lGnL6NJhal0=w2000-h1333-s-no-gm?authuser=0\" width=\"2000\" height=\"1500\" alt=\"Yoichi Fujita - Ora\u00e7\u00e3o silenciosa\" class=\"size-full\" \/><\/a><figcaption class=\"wp-caption-text\">Yoichi Fujita - Ora\u00e7\u00e3o silenciosa<\/figcaption><\/figure>\n<p>&quot;Eu amo Mibagyu, onde nasci e cresci, nas colinas verdejantes e no alto das nuvens. Estou feliz por poder realizar um reencontro aqui com todos voc\u00eas.&quot;<\/p>\n<p>Antes do evento, quatro dos 14 membros faleceram, e h\u00e1 um membro cujo contato \u00e9 desconhecido. Gostar\u00edamos de dedicar um minuto de sil\u00eancio a essas quatro pessoas. Um minuto de sil\u00eancio! Acreditamos que os quatro membros ficariam muito felizes. Obrigado!<\/p>\n<p>Hoje, espero ter uma conversa nost\u00e1lgica e passar um tempo divertido e agrad\u00e1vel. Muito obrigado.<\/p>\n<h4>L\u00edder do brinde: Emiko Matsuzaka (nome de solteira Nakayama)<\/h4>\n<figure class=\"wp-caption aligncenter\"><a href=\"https:\/\/photos.google.com\/share\/AF1QipNuHhCDP60CvBRrSWMIvkfb-hJbOEprAgpXW8V0Ovg6PeT7nUxObV7L6oRPM8kq-g\/photo\/AF1QipNGEyqP5Y1EjHYD5JHfEbFx2DM64Ym0dD6O_gE?key=TzVLMFJHRnd0Y19feGc2QURHV0dYR0xrVkE2N0Nn\" target=\"_blank\"><img decoding=\"async\" src=\"https:\/\/lh3.googleusercontent.com\/pw\/AP1GczOsHdqSKVfIoBPej-Z_EQ_6MJwgcVwfX6m9RxkOEjEK2g_jc9JNukPgcqVyVoCQFJnODPEP1dqlpUmv-Iw4NJTo7WwN8QXGdPsMkqhwZlSp0PYfMuVU7q_g0Duk3UjYkkjzBA5vCz9L9gh5IrkQZpoV=w2000-h1333-s-no-gm?authuser=0\" width=\"2000\" height=\"1500\" alt=\"Emiko Matsuzaka (nome de solteira Nakayama)\" class=\"size-full\" \/><\/a><figcaption class=\"wp-caption-text\">Emiko Matsuzaka (nome de solteira Nakayama)<\/figcaption><\/figure>\n<p>&quot;J\u00e1 faz um tempo, pessoal. Vamos deixar a idade de lado e celebrar nosso reencontro, fazendo um brinde \u00e0 sa\u00fade de todos!!!&quot;<\/p>\n<p>Em 1992, fechei o sal\u00e3o que administrava h\u00e1 43 anos e agora alugo um espa\u00e7o no sal\u00e3o do meu filho, onde continuo trabalhando como cabeleireira. Atendo de tr\u00eas a quatro clientes por dia, todos com hora marcada.<\/p>\n<p>Meu marido e eu estamos fazendo o poss\u00edvel para cuidar de nossos parentes idosos. Com a sua ajuda di\u00e1ria, esperamos continuar fazendo o nosso melhor.<\/p>\n<p>Desde o in\u00edcio da era Reiwa, fui hospitalizado duas vezes por infarto cerebral, mas, para o bem ou para o mal, estou bem agora. Meus pais e irm\u00e3os faleceram jovens, mas eu fui protegido e atualmente tenho clientes agendando consultas todos os dias at\u00e9 o final do ano.<\/p>\n<p>Minha sa\u00fade \u00e9 a coisa mais importante para mim. Tamb\u00e9m me preocupo com meu marido de 88 anos, mas quero me manter saud\u00e1vel, por isso trabalho duro e gosto do trabalho que amo.<\/p>\n<p>O cliente mais velho tem 98 anos. Consigo ter uma vida saud\u00e1vel gra\u00e7as ao apoio e \u00e0 energia dos clientes que v\u00eam me visitar.<\/p>\n<h4>Toshio Mizutani<\/h4>\n<figure class=\"wp-caption aligncenter\"><a href=\"https:\/\/photos.google.com\/share\/AF1QipNuHhCDP60CvBRrSWMIvkfb-hJbOEprAgpXW8V0Ovg6PeT7nUxObV7L6oRPM8kq-g\/photo\/AF1QipPBKDdh2RpYEJv53szIjTK4JUDP11Sf306g0KA?key=TzVLMFJHRnd0Y19feGc2QURHV0dYR0xrVkE2N0Nn\" target=\"_blank\"><img decoding=\"async\" src=\"https:\/\/lh3.googleusercontent.com\/pw\/AP1GczPz0WBkhNdABftwDUOjbTtFpP6rTWSaOvGzNDdWQI4elcOGIvYBv-QgbXWBpsMTbSzc1MXeMnB6h-z6i2NF8QjDyo4YlSEiHJe9H6IQNkvHKdVqLV-8ZmfPIEW-diWia3-MUyeOeRqyKE4fKtJIc1if=w2000-h1500-s-no-gm?authuser=0\" width=\"2000\" height=\"1500\" alt=\"Toshio Mizutani\" class=\"size-full\" \/><\/a><figcaption class=\"wp-caption-text\">Toshio Mizutani<\/figcaption><\/figure>\n<p>&quot;Quando nos reunimos em grupo, falamos sobre confian\u00e7a. Agora, eu n\u00e3o tenho casa pr\u00f3pria, moro sozinha em um apartamento e estou fazendo o poss\u00edvel para sobreviver!&quot;<\/p>\n<h4>Shizuko Ishikawa (nome de solteira Hayashi)<\/h4>\n<figure class=\"wp-caption aligncenter\"><a href=\"https:\/\/photos.google.com\/share\/AF1QipNuHhCDP60CvBRrSWMIvkfb-hJbOEprAgpXW8V0Ovg6PeT7nUxObV7L6oRPM8kq-g\/photo\/AF1QipO998EsGPkY7I7TZ6pN21hGFFfwocuC9oejgt8?key=TzVLMFJHRnd0Y19feGc2QURHV0dYR0xrVkE2N0Nn\" target=\"_blank\"><img decoding=\"async\" src=\"https:\/\/lh3.googleusercontent.com\/pw\/AP1GczPdtBnlZg-fyhSQYksVupBcrr15MdggiZzm1mMrOduWOiMqTrIa71tZbAeTeOlxyKZMOVLUfZjvndawvizuY8puRRZD5hqU5b-D5UJis8dp0B-KxDRQy34ovuZlcUMJ4aDLf7WQzynkevsDn4h1aRdq=w2000-h1500-s-no-gm?authuser=0\" width=\"2000\" height=\"1500\" alt=\"Shizuko Ishikawa (nome de solteira Hayashi)\" class=\"size-full\" \/><\/a><figcaption class=\"wp-caption-text\">Shizuko Ishikawa (nome de solteira Hayashi)<\/figcaption><\/figure>\n<p>&quot;Estou feliz por poder comemorar meu anivers\u00e1rio de 80 anos com todos voc\u00eas nesta reuni\u00e3o. Atualmente moro sozinha, ent\u00e3o gosto de passar meu tempo fazendo o que quero, como ir \u00e0s compras, passear e limpar.&quot;<\/p>\n<h4>Terumi Moriya (nome de solteira: Sano)<\/h4>\n<figure class=\"wp-caption aligncenter\"><a href=\"https:\/\/photos.google.com\/share\/AF1QipNuHhCDP60CvBRrSWMIvkfb-hJbOEprAgpXW8V0Ovg6PeT7nUxObV7L6oRPM8kq-g\/photo\/AF1QipMC4G_nN3_g6BxirZKTfTfgelHK7Fr8HFu3rPk?key=TzVLMFJHRnd0Y19feGc2QURHV0dYR0xrVkE2N0Nn\" target=\"_blank\"><img decoding=\"async\" src=\"https:\/\/lh3.googleusercontent.com\/pw\/AP1GczOStZU6s394guISH7NKBZcBfeJ-LBr8PKVPSMMKMp2kfoWZCwroEbFF2-RkQ_Bz1Lycqa2kTdQJz_c7Jxw_gfyxhjN6C_ZlF_ffo3lqy_oWiYS6Xvp6IXj04KcLlPE547FPit3_U9iVGfEjINAuPMTn=w2000-h1500-s-no-gm?authuser=0\" width=\"2000\" height=\"1500\" alt=\"Terumi Moriya (nome de solteira: Sano)\" class=\"size-full\" \/><\/a><figcaption class=\"wp-caption-text\">Terumi Moriya (nome de solteira: Sano)<\/figcaption><\/figure>\n<p>&quot;Estou muito feliz por poder encontrar e conversar com todos voc\u00eas assim, 64 anos depois de nos formarmos.&quot;<\/p>\n<p>N\u00e3o fiz nada de particularmente especial, mas meu marido e eu estamos bem.<\/p>\n<p>Tenho cerca de 70 primos, tanto por parte de m\u00e3e quanto de pai. Meu pai e minha m\u00e3e tinham de 9 a 10 irm\u00e3os, ent\u00e3o, como j\u00e1 faz muito tempo, tenho cerca de 6 a 7 parentes no total. Meus parentes na cidade de Hokuryu incluem Yutaka Sano, Oba, Fujisaki e Hoshiba.<\/p>\n<h3>Lembran\u00e7as do meu professor do primeiro ano do ensino fundamental, Sr. Toshihiro Murai<\/h3>\n<p>Entre as muitas lembran\u00e7as do ensino fundamental e m\u00e9dio, a conversa sobre o Professor Murai Toshihiro despertou entusiasmo.<\/p>\n<figure class=\"wp-caption aligncenter\"><a href=\"https:\/\/photos.google.com\/share\/AF1QipNuHhCDP60CvBRrSWMIvkfb-hJbOEprAgpXW8V0Ovg6PeT7nUxObV7L6oRPM8kq-g\/photo\/AF1QipPtu650ZGT3OJOO-0TALEhWUN-y_6LvhsPDMaQ?key=TzVLMFJHRnd0Y19feGc2QURHV0dYR0xrVkE2N0Nn\" target=\"_blank\"><img decoding=\"async\" src=\"https:\/\/lh3.googleusercontent.com\/pw\/AP1GczMhEXktW1sCUXZf3eaCAPSsGFCBLS1_OcY_U4asvo67_d7c2Zs82GwEMaKXZEDWrfkn5FSWDugluWeOawwsqCIdCARPJHfD_0cn695qH_QubdD428vB100uwSGd48UyCzIgRomhw03zE-LkOL7v7Ctf=w1186-h1580-s-no-gm?authuser=0\" width=\"1186\" height=\"1580\" alt=\"O Sr. Toshihiro Murai, professor respons\u00e1vel pelos alunos do primeiro ano do ensino fundamental II: Sr. Murai, que est\u00e1 se recuperando de uma doen\u00e7a, em Sapporo, em 23 de julho de 2015 (Heisei 27).\" class=\"size-full\" \/><\/a><figcaption class=\"wp-caption-text\">O Sr. Toshihiro Murai, professor respons\u00e1vel pelos alunos do primeiro ano do ensino fundamental II: Sr. Murai, que est\u00e1 se recuperando de uma doen\u00e7a, em Sapporo, em 23 de julho de 2015 (Heisei 27).<\/figcaption><\/figure>\n<ul>\n<li>O primeiro grupo de alunos que o Sr. Toshihiro Murai ficou respons\u00e1vel ap\u00f3s se tornar professor era composto por 14 alunos do primeiro ano do ensino fundamental II. Enquanto eles participavam com entusiasmo de seu primeiro evento escolar, o Sr. Murai foi hospitalizado para uma cirurgia de apendicite aguda.<\/li>\n<li>Todos os alunos da sua turma foram visit\u00e1-lo, e ele parecia ansioso, dizendo: &quot;Ainda n\u00e3o decidimos o que vamos fazer na pe\u00e7a da escola.&quot;<\/li>\n<li>O Sr. Murai decidiu encenar uma opereta (\u00f3pera curta). Ele adaptou a \u00f3pera &quot;A Hist\u00f3ria do Cortador de Bambu&quot;, escolheu o elenco e instruiu os alunos sobre canto e dan\u00e7a. Os alunos, que tinham excelente mem\u00f3ria, terminaram a pe\u00e7a em uma semana e a conclu\u00edram. Sua brilhante apresenta\u00e7\u00e3o no dia foi recebida com aplausos estrondosos da plateia.<\/li>\n<li>Devido a viagens e reuni\u00f5es de neg\u00f3cios, n\u00e3o pude comparecer ao reencontro dos formandos da Escola Prim\u00e1ria e Secund\u00e1ria de Mibaushi, mas em 1996 (Heisei 8), finalmente consegui participar e tive um encontro emocionante com meus alunos pela primeira vez em 40 anos!<\/li>\n<li>&quot;Mesmo tendo se passado 40 anos, essas crian\u00e7as n\u00e3o se esqueceram de nada&quot;, disse o homem, enquanto eu tomava meu drinque com entusiasmo no meio de um grupo de pessoas que j\u00e1 n\u00e3o sabiam quem era professor e quem era aluno&quot;, segundo um artigo do jornal Press Sorachi (de 18 de setembro de 1996) daquela \u00e9poca.\n<\/ul>\n<figure class=\"wp-caption aligncenter\"><a href=\"https:\/\/photos.google.com\/share\/AF1QipNuHhCDP60CvBRrSWMIvkfb-hJbOEprAgpXW8V0Ovg6PeT7nUxObV7L6oRPM8kq-g\/photo\/AF1QipMUdnNyDozwdT4g_GabiKD4TkZWA_Y-asm3b9g?key=TzVLMFJHRnd0Y19feGc2QURHV0dYR0xrVkE2N0Nn\" target=\"_blank\"><img decoding=\"async\" src=\"https:\/\/lh3.googleusercontent.com\/pw\/AP1GczOWL4kTJCGqohRO5AmtYKGoYA4ZahLu7DBGGYPp9dFdV4TgwP25HopK0AI0frLazOZYCCZOeCBKfv12p2ufZGAsniRwhZtNDqRObAkhAVU42TXFj7zur1ub9rOb4UwsrgnENPVkoTfXQk3J3RQW2dTI=w2000-h1397-s-no-gm?authuser=0\" width=\"2000\" height=\"1397\" alt=\"Cercando o Professor Murai!\" class=\"size-full\" \/><\/a><figcaption class=\"wp-caption-text\">Cercando o Professor Murai!<\/figcaption><\/figure>\n<figure class=\"wp-caption aligncenter\"><a href=\"https:\/\/photos.google.com\/share\/AF1QipNuHhCDP60CvBRrSWMIvkfb-hJbOEprAgpXW8V0Ovg6PeT7nUxObV7L6oRPM8kq-g\/photo\/AF1QipNW33ZAxTRcGf54eoXaRQ5qNxbO-DdRUEM8jGE?key=TzVLMFJHRnd0Y19feGc2QURHV0dYR0xrVkE2N0Nn\" target=\"_blank\"><img decoding=\"async\" src=\"https:\/\/lh3.googleusercontent.com\/pw\/AP1GczPLsFwfXmIdjIHYo99-uSFQNOFroL1_rZ_sBA9m7yrY6iPAiIXQcs2saWdIw5edpF13l6TnAT-NzAWNcZYofoisU808XkpCHyvFRzF_a2UyikzecWJzmh0IyXz5B90043vylJ3ergMuO9dd0UVyckmD=w2000-h1500-s-no-gm?authuser=0\" width=\"2000\" height=\"1500\" alt=\"Poema Tanka &quot;Em Comemora\u00e7\u00e3o ao 9\u00ba Encontro de Ex-alunos da Escola Secund\u00e1ria Mibaushi&quot;, de Toshihiro Murai, 23 de julho de 2018\" class=\"size-full\" \/><\/a><figcaption class=\"wp-caption-text\">Poema Tanka &quot;Em Comemora\u00e7\u00e3o ao 9\u00ba Encontro de Ex-alunos da Escola Secund\u00e1ria Bibaushi&quot;, de Toshihiro Murai, 23 de julho de 2018<\/figcaption><\/figure>\n<h3>Comida<\/h3>\n<figure class=\"wp-caption aligncenter\"><a href=\"https:\/\/lh3.googleusercontent.com\/pw\/AP1GczNBFI_myrQ92aCz-6G2UiU245tZ0ayHNjtUKseoi3i8zkeAgMi5uKCLLM89hUVi1jmHZ7aCnHJ3e8yPzqChHH00mQ3tD63ZIFFdUxFxTrgtyCnjaJutI4xSYYYXTb2_MkyIXYkq3AuUjESWyEqFhxNk=w2000-h1500-s-no-gm?authuser=0\"><img decoding=\"async\" src=\"https:\/\/lh3.googleusercontent.com\/pw\/AP1GczNBFI_myrQ92aCz-6G2UiU245tZ0ayHNjtUKseoi3i8zkeAgMi5uKCLLM89hUVi1jmHZ7aCnHJ3e8yPzqChHH00mQ3tD63ZIFFdUxFxTrgtyCnjaJutI4xSYYYXTb2_MkyIXYkq3AuUjESWyEqFhxNk=w2000-h1500-s-no-gm?authuser=0\" width=\"2000\" height=\"1500\" alt=\"Cozinha de luxo\" class=\"size-full\" \/><\/a><figcaption class=\"wp-caption-text\">Cozinha de luxo<\/figcaption><\/figure>\n<figure class=\"wp-caption aligncenter\"><a href=\"https:\/\/photos.google.com\/share\/AF1QipNuHhCDP60CvBRrSWMIvkfb-hJbOEprAgpXW8V0Ovg6PeT7nUxObV7L6oRPM8kq-g\/photo\/AF1QipNoqtfn2uNvw3joimeqcWh_fvUsMerP4XR1Y60?key=TzVLMFJHRnd0Y19feGc2QURHV0dYR0xrVkE2N0Nn\" target=\"_blank\"><img decoding=\"async\" src=\"https:\/\/lh3.googleusercontent.com\/pw\/AP1GczPa6UCtGYdPI-OhVfKbTL3CFRrdWqBi-e3QZXdlOJiOlY8rraPb7z_jBe4I_ldTpWDNOLOYCVKre_p3AgVGkoc-mTx8Di8FROjf-xiYjp8n6kw-6tjAswIGjM8rpeSm4qPH7QY1VyDZINXQivAGa7by=w2000-h1500-s-no-gm?authuser=0\" width=\"2000\" height=\"1500\" alt=\"panela quente\" class=\"size-full\" \/><\/a><figcaption class=\"wp-caption-text\">panela quente<\/figcaption><\/figure>\n<figure class=\"wp-caption aligncenter\"><a href=\"https:\/\/photos.google.com\/share\/AF1QipNuHhCDP60CvBRrSWMIvkfb-hJbOEprAgpXW8V0Ovg6PeT7nUxObV7L6oRPM8kq-g\/photo\/AF1QipMIeBE2e-4KOlHJbm9puAJhOSehU8kzLUg5Te0?key=TzVLMFJHRnd0Y19feGc2QURHV0dYR0xrVkE2N0Nn\" target=\"_blank\"><img decoding=\"async\" src=\"https:\/\/lh3.googleusercontent.com\/pw\/AP1GczNgRNtLJw7AJ7Horq8SBtWf4J0MAnDYFGe7uUwoQzFg9xkeegvvLadi-f1KYkT9Bm-acQbswgirkHIwCiXCxIjG3fkYxVlqx1n8sz8t1Fo35ebTOhwnbRrUAw4jk_peN1pgK082RIWq1x1Om8O8eWvw=w2000-h1500-s-no-gm?authuser=0\" width=\"2000\" height=\"1500\" alt=\"Pratos de carne e peixe\" class=\"size-full\" \/><\/a><figcaption class=\"wp-caption-text\">Pratos de carne e peixe<\/figcaption><\/figure>\n<figure class=\"wp-caption aligncenter\"><a href=\"https:\/\/photos.google.com\/share\/AF1QipNuHhCDP60CvBRrSWMIvkfb-hJbOEprAgpXW8V0Ovg6PeT7nUxObV7L6oRPM8kq-g\/photo\/AF1QipN48wifwx35LZAubQrdtepUyziVaBjlj0672B0?key=TzVLMFJHRnd0Y19feGc2QURHV0dYR0xrVkE2N0Nn\" target=\"_blank\"><img decoding=\"async\" src=\"https:\/\/lh3.googleusercontent.com\/pw\/AP1GczMKUKPfz3Y78lugyae3WgE8xK1yL1o_zl_dI9aSl9Jk2x6KQUZa2_Oo-_S0XVUoTNcHqyfPtxXopwPj-P0QETuLEixJnOYS6m1oeY4sqz0DUdkNJOehqyEIxEmfv3ZEPcZ50eiKBfMyrhl9PX1AgMOP=w2000-h1500-s-no-gm?authuser=0\" width=\"2000\" height=\"1500\" alt=\"Sushi nigiri\" class=\"size-full\" \/><\/a><figcaption class=\"wp-caption-text\">Sushi nigiri<\/figcaption><\/figure>\n<figure class=\"wp-caption aligncenter\"><a href=\"https:\/\/photos.google.com\/share\/AF1QipNuHhCDP60CvBRrSWMIvkfb-hJbOEprAgpXW8V0Ovg6PeT7nUxObV7L6oRPM8kq-g\/photo\/AF1QipMkJe5NQu4cmMPC26oxiz9l8TSDMhIwGGDhl-A?key=TzVLMFJHRnd0Y19feGc2QURHV0dYR0xrVkE2N0Nn\" target=\"_blank\"><img decoding=\"async\" src=\"https:\/\/lh3.googleusercontent.com\/pw\/AP1GczMUbgE4jUrVWOnfBoKzRgLqWcr2LWw7VoLP2qNVx-b7Hh8E2CsLCGXN9D25LW5eqty-TbuRFiT__g5ACllAlcMZZsoLrNN-n20lMGqlr0KKETIV6upTdtLB-2xOLjR2DFgCPELb1BniRp5DbP3c0WUa=w2000-h1500-s-no-gm?authuser=0\" width=\"2000\" height=\"1500\" alt=\"Bolo de ab\u00f3bora\" class=\"size-full\" \/><\/a><figcaption class=\"wp-caption-text\">Bolo de ab\u00f3bora<\/figcaption><\/figure>\n<figure class=\"wp-caption aligncenter\"><a href=\"https:\/\/photos.google.com\/share\/AF1QipNuHhCDP60CvBRrSWMIvkfb-hJbOEprAgpXW8V0Ovg6PeT7nUxObV7L6oRPM8kq-g\/photo\/AF1QipPaLCPckoETLrc0yyZ132AfX0UAL_o7xkymBxQ?key=TzVLMFJHRnd0Y19feGc2QURHV0dYR0xrVkE2N0Nn\" target=\"_blank\"><img decoding=\"async\" src=\"https:\/\/lh3.googleusercontent.com\/pw\/AP1GczOUjU122yjCAdSPNg2m1HWbGNlgnJ5fLZu2cYGEleAfkx1KOZzijx3U3vQRINLsMb-uXBWaeAIREaUrZcn01LVrIAB6jMUOiN46vU8pv6LgQIEaEXDJSbk6t5wOKCnDpF2cnWs9J4u08Gncy1YWthDI=w2000-h1500-s-no-gm?authuser=0\" width=\"2000\" height=\"1500\" alt=\"Kurosengoku Udon\" class=\"size-full\" \/><\/a><figcaption class=\"wp-caption-text\">Kurosengoku Udon<\/figcaption><\/figure>\n<p>Todos conversavam sobre sua sa\u00fade, sua situa\u00e7\u00e3o atual, sua fam\u00edlia e antigas lembran\u00e7as, e a conversa animada se estendia indefinidamente.<\/p>\n<figure class=\"wp-caption aligncenter\"><a href=\"https:\/\/photos.google.com\/share\/AF1QipNuHhCDP60CvBRrSWMIvkfb-hJbOEprAgpXW8V0Ovg6PeT7nUxObV7L6oRPM8kq-g\/photo\/AF1QipPKd2sx7rPffGCl1PxckuuFBND7f-IYr4M0r6s?key=TzVLMFJHRnd0Y19feGc2QURHV0dYR0xrVkE2N0Nn\" target=\"_blank\"><img decoding=\"async\" src=\"https:\/\/lh3.googleusercontent.com\/pw\/AP1GczO5qNc7eNB7NSrCl7NJdm9DxiyASDRCYvES9B4vYq9vb-MdcyIYem45gWwW7aSrCetJZFASGWCmIqKKChpArAsLtb8vjDb8n-wNmANYjxVeH4IA07XWRejXJm80BkLu2yrAFxMSjCyMYkI15e7ZcgQj=w2000-h1500-s-no-gm?authuser=0\" width=\"2000\" height=\"1500\" alt=\"Enquanto saboreava uma comida deliciosa...\" class=\"size-full\" \/><\/a><figcaption class=\"wp-caption-text\">Enquanto saboreava uma comida deliciosa...<\/figcaption><\/figure>\n<figure class=\"wp-caption aligncenter\"><a href=\"https:\/\/photos.google.com\/share\/AF1QipNuHhCDP60CvBRrSWMIvkfb-hJbOEprAgpXW8V0Ovg6PeT7nUxObV7L6oRPM8kq-g\/photo\/AF1QipMhuGTycb3WqBKAFJ8xMjtTw_Ha9CM2gC74D54?key=TzVLMFJHRnd0Y19feGc2QURHV0dYR0xrVkE2N0Nn\" target=\"_blank\"><img decoding=\"async\" src=\"https:\/\/lh3.googleusercontent.com\/pw\/AP1GczMYOP4gr-HPeB13Rb_URy60vcWjucHqM0s-YkjrbrrG0fRBGXdTCd2Bq0c5VJI3pl6ATDd_TvLD0glQD-gUZLnJheSreTCqKMFyV6URNi_Hyof835B8n56HFmt2kGLpjnSI-Wf781f0WsfZR4vsS2r0=w2000-h1500-s-no-gm?authuser=0\" width=\"2000\" height=\"1500\" alt=\"Vamos nos divertir e ter conversas sem fim...\" class=\"size-full\" \/><\/a><figcaption class=\"wp-caption-text\">Vamos nos divertir e ter conversas sem fim...<\/figcaption><\/figure>\n<p>Encerramos o encontro social com relut\u00e2ncia e, em seguida, todos desfrutamos de um relaxante banho nas \u00e1guas termais, seguido por uma segunda festa que se estendeu noite adentro.<\/p>\n<figure class=\"wp-caption aligncenter\"><a href=\"https:\/\/photos.google.com\/share\/AF1QipNuHhCDP60CvBRrSWMIvkfb-hJbOEprAgpXW8V0Ovg6PeT7nUxObV7L6oRPM8kq-g\/photo\/AF1QipO82YNg3gfIOAvTeUuE0xnUyH3nQEB9PzqDxe4?key=TzVLMFJHRnd0Y19feGc2QURHV0dYR0xrVkE2N0Nn\" target=\"_blank\"><img decoding=\"async\" src=\"https:\/\/lh3.googleusercontent.com\/pw\/AP1GczMemBfEJfSZWiQUqWLXBJGVWupWuxelBI46kRIHWmvlkcF2Rc4dbme_urErr2eoKKO7zj8ii7bPo34nJITHhf3iKzhWLuKbAB-xxzIBr6IMNB5OIsr-B6jwoDGSL4REMamyIvM523nJ9bhbGcxcAC9P=w2000-h1500-s-no-gm?authuser=0\" width=\"2000\" height=\"1500\" alt=\"Uma manh\u00e3 nevada nos recebe...\" class=\"size-full\" \/><\/a><figcaption class=\"wp-caption-text\">Uma manh\u00e3 nevada nos recebe...<\/figcaption><\/figure>\n<h2>caf\u00e9 da manh\u00e3<\/h2>\n<figure class=\"wp-caption aligncenter\"><a href=\"https:\/\/photos.google.com\/share\/AF1QipNuHhCDP60CvBRrSWMIvkfb-hJbOEprAgpXW8V0Ovg6PeT7nUxObV7L6oRPM8kq-g\/photo\/AF1QipOCpby2e5tRmzHULKzkOD1CcZN8diwQdQak4Xg?key=TzVLMFJHRnd0Y19feGc2QURHV0dYR0xrVkE2N0Nn\" target=\"_blank\"><img decoding=\"async\" src=\"https:\/\/lh3.googleusercontent.com\/pw\/AP1GczMSVvXr8BtH1H500XqdqR0gyF7phfpA7aJRP7CmB74xV93b4TdKYek7M_PbcEga-TJglueUnJQcLyuW-A5EpgqR1-CJjS6zph57fgJ39GqY_gKuwFNOBTy1jnoks8HZ6rOijNB_u8Br0fln8kz3Y27Y=w2000-h1500-s-no-gm?authuser=0\" width=\"2000\" height=\"1500\" alt=\"Local para o caf\u00e9 da manh\u00e3\" class=\"size-full\" \/><\/a><figcaption class=\"wp-caption-text\">Local para o caf\u00e9 da manh\u00e3<\/figcaption><\/figure>\n<figure class=\"wp-caption aligncenter\"><a href=\"https:\/\/photos.google.com\/share\/AF1QipNuHhCDP60CvBRrSWMIvkfb-hJbOEprAgpXW8V0Ovg6PeT7nUxObV7L6oRPM8kq-g\/photo\/AF1QipM9dQa0NNijaik8TbCrWspMzcXIKX8oGflUgaM?key=TzVLMFJHRnd0Y19feGc2QURHV0dYR0xrVkE2N0Nn\" target=\"_blank\"><img decoding=\"async\" src=\"https:\/\/lh3.googleusercontent.com\/pw\/AP1GczN_zRewld15OI32uHVCKX4Tay0LHU-o4M6MpqSBeREhAQ5R5rhS3X761guUKcbvh7_I_OBwHlga664NitCs37YhVjiSiTlmC3ZGvVluKPURapASg6w5XzNRaHQj4vjzWwQtohomcZh0972QVmZhzxHR=w2000-h1500-s-no-gm?authuser=0\" width=\"2000\" height=\"1500\" alt=\"Caf\u00e9 da manh\u00e3 delicioso\" class=\"size-full\" \/><\/a><figcaption class=\"wp-caption-text\">Caf\u00e9 da manh\u00e3 delicioso<\/figcaption><\/figure>\n<figure class=\"wp-caption aligncenter\"><a href=\"https:\/\/photos.google.com\/share\/AF1QipNuHhCDP60CvBRrSWMIvkfb-hJbOEprAgpXW8V0Ovg6PeT7nUxObV7L6oRPM8kq-g\/photo\/AF1QipO6I5PUoFHOFRKUZ8n8Ig8eKt2DbVloWUzdMyw?key=TzVLMFJHRnd0Y19feGc2QURHV0dYR0xrVkE2N0Nn\" target=\"_blank\"><img decoding=\"async\" src=\"https:\/\/lh3.googleusercontent.com\/pw\/AP1GczM1fqc44Uq49rCEPSwH3ZLbA5fNhQbH0Q2dRukOSh04dJa3lwCBpD4epa4Z1uScsK12Z33cc_HBxe3c6tkBsci6Zzttk0FA71b2P8YZPl4yhKUEDmTT2otlc7_wk7V5cAZ2s2aCocg4tx1mbrsBLCSU=w2000-h1500-s-no-gm?authuser=0\" width=\"2000\" height=\"1500\" alt=\"Todos no local do caf\u00e9 da manh\u00e3\" class=\"size-full\" \/><\/a><figcaption class=\"wp-caption-text\">Todos no local do caf\u00e9 da manh\u00e3<\/figcaption><\/figure>\n<h2>Passeio de \u00f4nibus pela cidade (principalmente na \u00e1rea de Mibaushi)<\/h2>\n<p>Na manh\u00e3 seguinte, fizemos um passeio de \u00f4nibus pela cidade, com foco na \u00e1rea de Mibaushi, e visitamos o museu de hist\u00f3ria local no Centro Comunit\u00e1rio da cidade de Hokuryu.<\/p>\n<h3>O Sr. Tsuji Kiyoshi, residente da cidade de Numata, participou.<\/h3>\n<p>O Sr. Tsuji precisou de um tanque de oxig\u00eanio devido a uma pneumonia intersticial e n\u00e3o p\u00f4de passar a noite no hospital, mas participou de um passeio de \u00f4nibus conosco pela cidade de Hokuryu no dia seguinte.<\/p>\n<p>Para todos, as lembran\u00e7as de suas vidas passadas voltaram como um slideshow, e eles foram imersos em uma onda de nostalgia que aqueceu seus cora\u00e7\u00f5es.<\/p>\n<figure class=\"wp-caption aligncenter\"><a href=\"https:\/\/photos.google.com\/share\/AF1QipNuHhCDP60CvBRrSWMIvkfb-hJbOEprAgpXW8V0Ovg6PeT7nUxObV7L6oRPM8kq-g\/photo\/AF1QipPKoLPfkd2mj_uiSMUWQgSshjJbgvJeAVdmhd0?key=TzVLMFJHRnd0Y19feGc2QURHV0dYR0xrVkE2N0Nn\" target=\"_blank\"><img decoding=\"async\" src=\"https:\/\/lh3.googleusercontent.com\/pw\/AP1GczOYHaIAa_FQuFoYYKeCvI-sSY4ZQgqpNYUYa1UR9enmXfpRv14Sa4OqZX_9cH1BGHRb2-mwOZPiSwkBFL6l2MRI3elgEJtLrAMn2K4P__nThW1nUbgEzz-MYdntzoc1bR_szanJ7unTDvDbBWojg88g=w2000-h1500-s-no-gm?authuser=0\" width=\"2000\" height=\"1500\" alt=\"Rodeada por Tsuji-san, que veio correndo da cidade de Numata...\" class=\"size-full\" \/><\/a><figcaption class=\"wp-caption-text\">Rodeada por Tsuji-san, que veio correndo da cidade de Numata...<\/figcaption><\/figure>\n<h3>Partida de Hokuryu Onsen \u00e0s 10:00<\/h3>\n<figure class=\"wp-caption aligncenter\"><a href=\"https:\/\/photos.google.com\/share\/AF1QipNuHhCDP60CvBRrSWMIvkfb-hJbOEprAgpXW8V0Ovg6PeT7nUxObV7L6oRPM8kq-g\/photo\/AF1QipPr5jEw7FtK_EM8UwHveWlapiFZ2EJVoWKQtTk?key=TzVLMFJHRnd0Y19feGc2QURHV0dYR0xrVkE2N0Nn\" target=\"_blank\"><img decoding=\"async\" src=\"https:\/\/lh3.googleusercontent.com\/pw\/AP1GczNMteWPB-slHS4uaMGNlWMnVe_SAN3Hul-HHrLj4wTIWhqAvsjbJK0dlAfc2sWwJQalH0-VHSMic5LUcVE41ecFfs5Y9g7t7X2foi-trhu_n7wE4O1ivnmb9dar-9XNW8qq09Aajrcn0VjdoZP1Ub-O=w2000-h1500-s-no-gm?authuser=0\" width=\"2000\" height=\"1500\" alt=\"Fa\u00e7a um passeio pela cidade no \u00f4nibus termal.\" class=\"size-full\" \/><\/a><figcaption class=\"wp-caption-text\">Fa\u00e7a um passeio pela cidade no \u00f4nibus termal.<\/figcaption><\/figure>\n<p>Seguimos em dire\u00e7\u00e3o \u00e0 \u00e1rea de Mibaushi, olhando pela janela para a nova sede da Associa\u00e7\u00e3o Cooperativa Comercial de Kurosengoku, constru\u00edda este ano.<\/p>\n<figure class=\"wp-caption aligncenter\"><a href=\"https:\/\/photos.google.com\/share\/AF1QipNuHhCDP60CvBRrSWMIvkfb-hJbOEprAgpXW8V0Ovg6PeT7nUxObV7L6oRPM8kq-g\/photo\/AF1QipN8ShcxFFkaom3J1QUAFnjvu88f1sl2DRwAeXY?key=TzVLMFJHRnd0Y19feGc2QURHV0dYR0xrVkE2N0Nn\" target=\"_blank\"><img decoding=\"async\" src=\"https:\/\/lh3.googleusercontent.com\/pw\/AP1GczORo-Lmq_3puemXmvkeocMSbbDrKHHJHdAMaTia66nVcYaakrKTprb4L2m-ypGB2TQTM12ESf54xnNbh5UOTfWVxa9aOAjJR07pJkeEcB62wFFZry96WsRdIAx0Mn8U9hLil5uCxJaPOa3v9CZOJK83=w2000-h1500-s-no-gm?authuser=0\" width=\"2000\" height=\"1500\" alt=\"Armaz\u00e9m da Associa\u00e7\u00e3o Cooperativa Comercial Kurosengoku\" class=\"size-full\" \/><\/a><figcaption class=\"wp-caption-text\">Armaz\u00e9m da Associa\u00e7\u00e3o Cooperativa Comercial Kurosengoku<\/figcaption><\/figure>\n<figure class=\"wp-caption aligncenter\"><a href=\"https:\/\/photos.google.com\/share\/AF1QipNuHhCDP60CvBRrSWMIvkfb-hJbOEprAgpXW8V0Ovg6PeT7nUxObV7L6oRPM8kq-g\/photo\/AF1QipOEu6jSG3XlkjRDNou5bV0LyZK-7XsGexUevxE?key=TzVLMFJHRnd0Y19feGc2QURHV0dYR0xrVkE2N0Nn\" target=\"_blank\"><img decoding=\"async\" src=\"https:\/\/lh3.googleusercontent.com\/pw\/AP1GczMZy_TI5DkHO_m49lSknzQsuK9ppg63NNeA2q_XuhwzDFhLitO7pfkqjAyxuG1KfIZFXS8GRiPIwloelzsDsmTmb5jDJPIiDFM82p8JuAEnJCRBjyayQzpxzVTfv4y3SNxMVVLVo-txalCaZ6K1avAN=w2000-h1500-s-no-gm?authuser=0\" width=\"2000\" height=\"1500\" alt=\"Cen\u00e1rio nost\u00e1lgico\" class=\"size-full\" \/><\/a><figcaption class=\"wp-caption-text\">Cen\u00e1rio nost\u00e1lgico<\/figcaption><\/figure>\n<p>&quot;Ah! Bem ali! \u00c9 a casa XX.&quot;<br \/>\n&quot;Esta era a casa da fam\u00edlia do Sr.\/Sra. XX.&quot;<br \/>\n&quot;Lembro-me de brincar naquele lago artificial naquela \u00e9poca e quase me afogar.&quot;<\/p>\n<p>Cenas de mais de 60 anos atr\u00e1s voltar\u00e3o \u00e0 sua mente com nostalgia.<\/p>\n<figure class=\"wp-caption aligncenter\"><a href=\"https:\/\/photos.google.com\/share\/AF1QipNuHhCDP60CvBRrSWMIvkfb-hJbOEprAgpXW8V0Ovg6PeT7nUxObV7L6oRPM8kq-g\/photo\/AF1QipPe8WfuZ1hS37unxyeXQBb6ppNrKhtW1nEx1ps?key=TzVLMFJHRnd0Y19feGc2QURHV0dYR0xrVkE2N0Nn\" target=\"_blank\"><img decoding=\"async\" src=\"https:\/\/lh3.googleusercontent.com\/pw\/AP1GczNEzAVvk3yZy3fzGI-F-P1keL2hqIyPYLdNuQTVN4iWeCl3VF3ELDt8l_xQvJVeA7j3nEXaRVkKiKBxIgG6V7rfANUVsr67_fZqz5HQqeXhj8fz0jXCk9bFbzbzW6Vs5DuMWfmuyIuJ1DtyPHesN6vs=w2000-h1500-s-no-gm?authuser=0\" width=\"2000\" height=\"1500\" alt=\"Cen\u00e1rio nost\u00e1lgico\" class=\"size-full\" \/><\/a><figcaption class=\"wp-caption-text\">Cen\u00e1rio nost\u00e1lgico<\/figcaption><\/figure>\n<figure class=\"wp-caption aligncenter\"><a href=\"https:\/\/photos.google.com\/share\/AF1QipNuHhCDP60CvBRrSWMIvkfb-hJbOEprAgpXW8V0Ovg6PeT7nUxObV7L6oRPM8kq-g\/photo\/AF1QipP7V1TojgQRsGdinG3rNEnq9KXKhPL8O5FpguI?key=TzVLMFJHRnd0Y19feGc2QURHV0dYR0xrVkE2N0Nn\" target=\"_blank\"><img decoding=\"async\" src=\"https:\/\/lh3.googleusercontent.com\/pw\/AP1GczM7QnkXvjAktFBvSHn7xF-6hxZDOo2XBKXzuIGG-avxbr774aRwvxZcG_3QJDouLySVxpgddNh22UbjRD9K9LLVyfgJ5C6VdVMYVZYe4Ia8a7em5QwZDskmPv6Gfo6UMJzopW8lXN-Rh1Lw2NT4nZW5=w2000-h1500-s-no-gm?authuser=0\" width=\"2000\" height=\"1500\" alt=\"Santu\u00e1rio de Miwaushi\" class=\"size-full\" \/><\/a><figcaption class=\"wp-caption-text\">Santu\u00e1rio de Miwaushi<\/figcaption><\/figure>\n<figure class=\"wp-caption aligncenter\"><a href=\"https:\/\/photos.google.com\/share\/AF1QipNuHhCDP60CvBRrSWMIvkfb-hJbOEprAgpXW8V0Ovg6PeT7nUxObV7L6oRPM8kq-g\/photo\/AF1QipMkuEMP9_jIDP6gY0dkaJ-L03onAfposh4mFCE?key=TzVLMFJHRnd0Y19feGc2QURHV0dYR0xrVkE2N0Nn\" target=\"_blank\"><img decoding=\"async\" src=\"https:\/\/lh3.googleusercontent.com\/pw\/AP1GczOl7COcf0YAY4190EjwgwssUYJr0PT35kkdyp_AqFvENtkNp5RXkIJzB2V5ZXh5-_edNQ9Sth0XJOUbADzMvKoav8x7S4b8u-QFqYF9fpVejBfNQ_iemHQ8-RuExLBJIeZo_h0Xqx4XtH_OKXM1ARFw=w2000-h1500-s-no-gm?authuser=0\" width=\"2000\" height=\"1500\" alt=\"&quot;\u00c9 a\u00ed que fica, certo?&quot; &quot;Sim, \u00e9 isso mesmo.&quot;\" class=\"size-full\" \/><\/a><figcaption class=\"wp-caption-text\">&quot;\u00c9 a\u00ed que fica, certo?&quot; &quot;Sim, \u00e9 isso mesmo.&quot;<\/figcaption><\/figure>\n<p>O \u00f4nibus seguiu para o centro comunit\u00e1rio e visitou o Museu de Hist\u00f3ria Local da cidade de Hokuryu, localizado no segundo andar da biblioteca.<\/p>\n<h2>Visita ao Museu de Hist\u00f3ria Local da cidade de Hokuryu<\/h2>\n<figure class=\"wp-caption aligncenter\"><a href=\"https:\/\/photos.google.com\/share\/AF1QipNuHhCDP60CvBRrSWMIvkfb-hJbOEprAgpXW8V0Ovg6PeT7nUxObV7L6oRPM8kq-g\/photo\/AF1QipNFNTILZmJZT5IAgpVOkE_el6WA73dXP8sP3AA?key=TzVLMFJHRnd0Y19feGc2QURHV0dYR0xrVkE2N0Nn\" target=\"_blank\"><img decoding=\"async\" src=\"https:\/\/lh3.googleusercontent.com\/pw\/AP1GczOqZlmeETH9OSV1CNJjE92TNv5NM6t48r9KGzYL2Eqw-y4dP9dR5aF6f8i7sGr_pPVZDHB4acChhJ6GwY1uhbUt8Q0KQUr7cv-7cRHc0ifXZ4QtdM6D8B90wn_gtlctHq19OOvo8kUiS67U-mcsJjYw=w2000-h1500-s-no-gm?authuser=0\" width=\"2000\" height=\"1500\" alt=\"Museu de Hist\u00f3ria Local 2F\" class=\"size-full\" \/><\/a><figcaption class=\"wp-caption-text\">Museu de Hist\u00f3ria Local 2F<\/figcaption><\/figure>\n<p>O museu de hist\u00f3ria local recria o estado da cidade de Hokuryu na \u00e9poca de seu desenvolvimento. As exposi\u00e7\u00f5es incluem a ind\u00fastria, o estilo de vida e os equipamentos agr\u00edcolas da \u00e9poca, al\u00e9m de fotografias, documentos e materiais da antiga Esta\u00e7\u00e3o Wa da linha JR Sapporo-Numa. Dioramas e v\u00eddeos que retratam paisagens e eventos sazonais atuais tamb\u00e9m s\u00e3o exibidos.<\/p>\n<figure class=\"wp-caption aligncenter\"><a href=\"https:\/\/photos.google.com\/share\/AF1QipNuHhCDP60CvBRrSWMIvkfb-hJbOEprAgpXW8V0Ovg6PeT7nUxObV7L6oRPM8kq-g\/photo\/AF1QipOBcIgR1LjnFEAu2zLsxBiD8BeTkO4mXgS7BaI?key=TzVLMFJHRnd0Y19feGc2QURHV0dYR0xrVkE2N0Nn\" target=\"_blank\"><img decoding=\"async\" src=\"https:\/\/lh3.googleusercontent.com\/pw\/AP1GczOLUV48rZRd_XI9iV3urkLAOREf0ickXlG65LE3P8GNeJBKNsrCLNHpY4NDBTj_3XaP9ExEjKSpezggFhdTiXUtJ1vOKDvXuI3P7SAUAttHP79tWATjNpIvofMrD1GNgScgDVtzKDEXKi1FNeBeWCgs=w2000-h1500-s-no-gm?authuser=0\" width=\"2000\" height=\"1500\" alt=\"Informa\u00e7\u00f5es sobre a cidade de Hokuryu\" class=\"size-full\" \/><\/a><figcaption class=\"wp-caption-text\">Informa\u00e7\u00f5es sobre a cidade de Hokuryu<\/figcaption><\/figure>\n<figure class=\"wp-caption aligncenter\"><a href=\"https:\/\/photos.google.com\/share\/AF1QipNuHhCDP60CvBRrSWMIvkfb-hJbOEprAgpXW8V0Ovg6PeT7nUxObV7L6oRPM8kq-g\/photo\/AF1QipNFe5lbt3lPB0PuWjnGJRAqGvy3TXhXUtdB20Y?key=TzVLMFJHRnd0Y19feGc2QURHV0dYR0xrVkE2N0Nn\" target=\"_blank\"><img decoding=\"async\" src=\"https:\/\/lh3.googleusercontent.com\/pw\/AP1GczPf1i-w1tdnE8QEpn_Hlny3fU27UHm3RwWx4eUqqq1ADOk-Oldc4R-lhx-3DRW-RTYC7xvMXbAhvbncr6CuPvA__-zT6HxyUU80077K3fiQz8t1x_Zn53vrrl_Tvyc49U9mlFw0gpNHzRR5UM5RhYFn=w2000-h1500-s-no-gm?authuser=0\" width=\"2000\" height=\"1500\" alt=\"Urso bem-vindo\" class=\"size-full\" \/><\/a><figcaption class=\"wp-caption-text\">Urso bem-vindo<\/figcaption><\/figure>\n<p>Muitas das pe\u00e7as em exposi\u00e7\u00e3o, como m\u00e1quinas agr\u00edcolas, foram de fato utilizadas na \u00e9poca, e os visitantes relembraram os velhos tempos, explicando em detalhes como eram usadas.<\/p>\n<figure class=\"wp-caption aligncenter\"><a href=\"https:\/\/photos.google.com\/share\/AF1QipNuHhCDP60CvBRrSWMIvkfb-hJbOEprAgpXW8V0Ovg6PeT7nUxObV7L6oRPM8kq-g\/photo\/AF1QipPs7EO5lN39bNXtgz6T6zvBfsz_rqw53But_H4?key=TzVLMFJHRnd0Y19feGc2QURHV0dYR0xrVkE2N0Nn\" target=\"_blank\"><img decoding=\"async\" src=\"https:\/\/lh3.googleusercontent.com\/pw\/AP1GczNh_PZJMCLFHRKay5xi_clg3NvNs89wHKg0RBndZWjQqKfikZ3RwzYKZj4atkEsKwbrExpTWuontiPiWGi_acVIjVs0sUxF8VMEdjIuhIRE1tB0xZgenMWUqwdfGORsoZUIj0bMjmMYC26860x-ZrhI=w2000-h1500-s-no-gm?authuser=0\" width=\"2000\" height=\"1500\" alt=\"Diversas ferramentas agr\u00edcolas realmente usadas na \u00e9poca\" class=\"size-full\" \/><\/a><figcaption class=\"wp-caption-text\">Diversas ferramentas agr\u00edcolas realmente usadas na \u00e9poca<\/figcaption><\/figure>\n<figure class=\"wp-caption aligncenter\"><a href=\"https:\/\/photos.google.com\/share\/AF1QipNuHhCDP60CvBRrSWMIvkfb-hJbOEprAgpXW8V0Ovg6PeT7nUxObV7L6oRPM8kq-g\/photo\/AF1QipMvnAhZxKiawmqZx4DLj_puaP3q5piLmj5cMMc?key=TzVLMFJHRnd0Y19feGc2QURHV0dYR0xrVkE2N0Nn\" target=\"_blank\"><img decoding=\"async\" src=\"https:\/\/lh3.googleusercontent.com\/pw\/AP1GczO3IYAYP6McF0cspm7QSG1mw1mfLfbKv3xnnTiLWhh3urF4QmeS-AHkdXqx5u-y5S9uhZjxwymhoGFqIiz358-r4bq4g0JHvH7m4u_X5_1LMjRlg66ugw_HsysQvEj5opc4WCwRQpdoNURyE0Mt_DKJ=w2000-h1500-s-no-gm?authuser=0\" width=\"2000\" height=\"1500\" alt=\"Diversas ferramentas agr\u00edcolas realmente usadas na \u00e9poca\" class=\"size-full\" \/><\/a><figcaption class=\"wp-caption-text\">Diversas ferramentas agr\u00edcolas realmente usadas na \u00e9poca<\/figcaption><\/figure>\n<figure class=\"wp-caption aligncenter\"><a href=\"https:\/\/photos.google.com\/share\/AF1QipNuHhCDP60CvBRrSWMIvkfb-hJbOEprAgpXW8V0Ovg6PeT7nUxObV7L6oRPM8kq-g\/photo\/AF1QipOKpqufaPjNwywJ0IIeRC8Z-g_i8qdvPIW9IRA?key=TzVLMFJHRnd0Y19feGc2QURHV0dYR0xrVkE2N0Nn\" target=\"_blank\"><img decoding=\"async\" src=\"https:\/\/lh3.googleusercontent.com\/pw\/AP1GczM9yeRawCUBHPrB-wnf-0ImgvJWmXjBkvdzDxVMYDBhJQwkEhZaGLoeqId6oeYCa9fkGA4jt4NQKKovxia-0DkX33wQNfPOt7Or7fzfQu88jfxWZSMo7ioPLhwEQCxzjEVZOnjZUFMBnnQC2m7pz5-S=w2000-h1500-s-no-gm?authuser=0\" width=\"2000\" height=\"1500\" alt=\"Diversas ferramentas agr\u00edcolas realmente usadas na \u00e9poca\" class=\"size-full\" \/><\/a><figcaption class=\"wp-caption-text\">Diversas ferramentas agr\u00edcolas realmente usadas na \u00e9poca<\/figcaption><\/figure>\n<figure class=\"wp-caption aligncenter\"><a href=\"https:\/\/photos.google.com\/share\/AF1QipNuHhCDP60CvBRrSWMIvkfb-hJbOEprAgpXW8V0Ovg6PeT7nUxObV7L6oRPM8kq-g\/photo\/AF1QipPG5f47N0hspOLQt5iu4WwxryQR6eoJzF3-8jM?key=TzVLMFJHRnd0Y19feGc2QURHV0dYR0xrVkE2N0Nn\" target=\"_blank\"><img decoding=\"async\" src=\"https:\/\/lh3.googleusercontent.com\/pw\/AP1GczNBX5_7thPjpCIy_40HUPdizjZh1VS2xWBUAk34pXAL5xKJAyuWFvCYkvGkGtj02dH9sl0n-4KGn-3lPiLYNMbAmdQoQ3cKayRHjeoW6_lPZ2a8zqHLgJdGtwVGjnhrukLcC_g-6yvFk4UaSVukCRbc=w2000-h1500-s-no-gm?authuser=0\" width=\"2000\" height=\"1500\" alt=\"Um momento em que a paisagem daquela \u00e9poca volta \u00e0 vida...\" class=\"size-full\" \/><\/a><figcaption class=\"wp-caption-text\">Um momento em que a paisagem daquela \u00e9poca volta \u00e0 vida...<\/figcaption><\/figure>\n<figure class=\"wp-caption aligncenter\"><a href=\"https:\/\/photos.google.com\/share\/AF1QipNuHhCDP60CvBRrSWMIvkfb-hJbOEprAgpXW8V0Ovg6PeT7nUxObV7L6oRPM8kq-g\/photo\/AF1QipN7Oe5CmavFQrGhOOUEyVemYEV_i0675Qzm1mY?key=TzVLMFJHRnd0Y19feGc2QURHV0dYR0xrVkE2N0Nn\" target=\"_blank\"><img decoding=\"async\" src=\"https:\/\/lh3.googleusercontent.com\/pw\/AP1GczOKoMquIeYclaHxutxiushzLyeCxsb3Iw2Xj9hYeVQ7Jo1wdVFiOIvZAesQPDUfd0n9AMw3sIse7VnbRAFVN6hxc4VSxFGOMkn3Uy3a521_Sfwtevpi65KTaDxfTbAhqrPMqj4n8Z6dO3G4cy4oxyiy=w2000-h1500-s-no-gm?authuser=0\" width=\"2000\" height=\"1500\" alt=\"&quot;Parece que vai come\u00e7ar a se mover a qualquer segundo.&quot;\" class=\"size-full\" \/><\/a><figcaption class=\"wp-caption-text\">&quot;Parece que vai come\u00e7ar a se mover a qualquer segundo.&quot;<\/figcaption><\/figure>\n<p>Ainda tomados pela emo\u00e7\u00e3o, sa\u00edmos do museu local e seguimos para o Sunflower Park Hokuryu Onsen.<\/p>\n<h2>Almo\u00e7o: Restaurante &quot;Fusha&quot;<\/h2>\n<p>Almo\u00e7o no restaurante &quot;Kazuma&quot; no Sunflower Park Hokuryu Onsen.<\/p>\n<p>Eles saborearam o delicioso macarr\u00e3o soba da cidade de Hokuryu e apreciaram o tempo precioso que passaram juntos.<\/p>\n<figure class=\"wp-caption aligncenter\"><a href=\"https:\/\/photos.google.com\/share\/AF1QipNuHhCDP60CvBRrSWMIvkfb-hJbOEprAgpXW8V0Ovg6PeT7nUxObV7L6oRPM8kq-g\/photo\/AF1QipOlnGGM0sY_xkqu2lPQlPrhfdcSbVNJtlk5Icw?key=TzVLMFJHRnd0Y19feGc2QURHV0dYR0xrVkE2N0Nn\" target=\"_blank\"><img decoding=\"async\" src=\"https:\/\/lh3.googleusercontent.com\/pw\/AP1GczNAJ5uyDqXwWA4hCvciJr49xedTuv4GAM5TdTqhddS_nHLQrhJpA9bUmBTIIpKFa5S69iq7qazSR4zDQcTlVkwWtqVDFnnGD2VvJbhykPSz28y6KPwzSfJa4cEAFbrgzwXaPI_yZLX6mHSip8B1C53l=w2000-h1500-s-no-gm?authuser=0\" width=\"2000\" height=\"1500\" alt=\"Delicie-se com o saboroso macarr\u00e3o soba da cidade de Hokuryu!\" class=\"size-full\" \/><\/a><figcaption class=\"wp-caption-text\">Delicie-se com o saboroso macarr\u00e3o soba da cidade de Hokuryu!<\/figcaption><\/figure>\n<figure class=\"wp-caption aligncenter\"><a href=\"https:\/\/photos.google.com\/share\/AF1QipNuHhCDP60CvBRrSWMIvkfb-hJbOEprAgpXW8V0Ovg6PeT7nUxObV7L6oRPM8kq-g\/photo\/AF1QipMvSvEy7HTORLalZjumfGpFfesgP3qp0vLq56U?key=TzVLMFJHRnd0Y19feGc2QURHV0dYR0xrVkE2N0Nn\" target=\"_blank\"><img decoding=\"async\" src=\"https:\/\/lh3.googleusercontent.com\/pw\/AP1GczPxTwYpeclVvkx4Zcy5nVDkHyLJXqXw32gV4NA6NVUS3MElwPQZJ4MAoqwomRj-3J3S0EaXLYTtXuFZDFkCRT2d_JmHU3psiVFQt4_8vDndJU0uGWkVTUFfrMJkUXw1y0itZDbPIn9axYj4BmDyIY_x=w2000-h1500-s-no-gm?authuser=0\" width=\"2000\" height=\"1500\" alt=\"Kakesoba\" class=\"size-full\" \/><\/a><figcaption class=\"wp-caption-text\">Kakesoba<\/figcaption><\/figure>\n<p>Delicie-se com o saboroso macarr\u00e3o soba da cidade de Hokuryu!<br \/>\nA conversa intermin\u00e1vel terminou com uma deliciosa x\u00edcara de caf\u00e9.<\/p>\n<figure class=\"wp-caption aligncenter\"><a href=\"https:\/\/photos.google.com\/share\/AF1QipNuHhCDP60CvBRrSWMIvkfb-hJbOEprAgpXW8V0Ovg6PeT7nUxObV7L6oRPM8kq-g\/photo\/AF1QipNqyjNOV_VVs3QBm5NtWkLVjistgpUOUhsi3N4?key=TzVLMFJHRnd0Y19feGc2QURHV0dYR0xrVkE2N0Nn\" target=\"_blank\"><img decoding=\"async\" src=\"https:\/\/lh3.googleusercontent.com\/pw\/AP1GczM-O9342GMCCe_9kvpJzA4u0Nqz3IMf59YsCyjUAGH6O07Ql-63gzIdIWeuwlocWOJzzTTMbLTGj-GN6eps8j19TrxqNhYM7rVF95r3SiP_yO9b5Ua3bDcP2oGmiiAcoYXMrfICnx4z2P1rrH0T7uCP=w2000-h1500-s-no-gm?authuser=0\" width=\"2000\" height=\"1500\" alt=\"Caf\u00e9 ap\u00f3s a refei\u00e7\u00e3o\" class=\"size-full\" \/><\/a><figcaption class=\"wp-caption-text\">Caf\u00e9 ap\u00f3s a refei\u00e7\u00e3o<\/figcaption><\/figure>\n<figure class=\"wp-caption aligncenter\"><a href=\"https:\/\/photos.google.com\/share\/AF1QipNuHhCDP60CvBRrSWMIvkfb-hJbOEprAgpXW8V0Ovg6PeT7nUxObV7L6oRPM8kq-g\/photo\/AF1QipOeJ1BOTU_5loG_AwQNZkjL6IMjLqx7VT5uZPU?key=TzVLMFJHRnd0Y19feGc2QURHV0dYR0xrVkE2N0Nn\" target=\"_blank\"><img decoding=\"async\" src=\"https:\/\/lh3.googleusercontent.com\/pw\/AP1GczOlKPVHHFa17zEh1ZdGFR5z8WCfKiegHpWarmO4Kd2TmpkmBJ3heoNRpdDFU8M5X2Kmq_h9c3CFU5XGYOTy4Gw6Bg1GZEChkLCM5ISorkN-eldmW82o_8xiAIQDAyUt9w-WHdxpNyYSt-VHJpPEo8P_=w2000-h1500-s-no-gm?authuser=0\" width=\"2000\" height=\"1500\" alt=\"A conversa continuou indefinidamente...\" class=\"size-full\" \/><\/a><figcaption class=\"wp-caption-text\">A conversa continuou indefinidamente...<\/figcaption><\/figure>\n<h2>Lembran\u00e7a: Conjunto de soja Kurosengoku!<\/h2>\n<p>Nagai-san preparou um \u201cConjunto de soja Kurosengoku\u201d como lembran\u00e7a!<\/p>\n<figure class=\"wp-caption aligncenter\"><a href=\"https:\/\/photos.google.com\/share\/AF1QipNuHhCDP60CvBRrSWMIvkfb-hJbOEprAgpXW8V0Ovg6PeT7nUxObV7L6oRPM8kq-g\/photo\/AF1QipOiP_Toxm4HjQ2ghB67Fz266hNZ8_OON5wnZIs?key=TzVLMFJHRnd0Y19feGc2QURHV0dYR0xrVkE2N0Nn\" target=\"_blank\"><img decoding=\"async\" src=\"https:\/\/lh3.googleusercontent.com\/pw\/AP1GczMzLZSkq1iOttsXuNNXJ3qys3JGBPolDnmfHi4RzCd8r4Ym5ZeuYXRIv39loAi2XTEI-5Nn3tGWFNLtA5C3anTF5Z4J2_bqklmOCcJeS8ZFyC_gclF0wPohGmU3Z1sMw8rfaTMyx-Ms2K6oMy507WLK=w2000-h1500-s-no-gm?authuser=0\" width=\"2000\" height=\"1500\" alt=\"Conjunto de soja Kurosengoku de lembran\u00e7a\" class=\"size-full\" \/><\/a><figcaption class=\"wp-caption-text\">Conjunto de soja Kurosengoku de lembran\u00e7a<\/figcaption><\/figure>\n<figure class=\"wp-caption aligncenter\"><a href=\"https:\/\/photos.google.com\/share\/AF1QipNuHhCDP60CvBRrSWMIvkfb-hJbOEprAgpXW8V0Ovg6PeT7nUxObV7L6oRPM8kq-g\/photo\/AF1QipMklg6jAdAz7_krUEFCCSfiYO6MJeK-GfTzzDQ?key=TzVLMFJHRnd0Y19feGc2QURHV0dYR0xrVkE2N0Nn\" target=\"_blank\"><img decoding=\"async\" src=\"https:\/\/lh3.googleusercontent.com\/pw\/AP1GczNCQC2mY380AJZ6A5-PDYHI0kLHJ51jiaNMeYkUH2su52AYl9ew9za9iM-aMRKMxd8a7SFLPAC2hcr8qy3lW1yscG3vxd6neG1DNJzgiNW3u9jpj-X7BjqvNS7tvr7IZHrk7QJKe8bq9IlE31MmC3fk=w2000-h1500-s-no-gm?authuser=0\" width=\"2000\" height=\"1500\" alt=\"Chegou a hora de dizer adeus, at\u00e9 nos encontrarmos novamente...\" class=\"size-full\" \/><\/a><figcaption class=\"wp-caption-text\">Chegou a hora de dizer adeus, at\u00e9 nos encontrarmos novamente...<\/figcaption><\/figure>\n<p>Sessenta e quatro anos se passaram desde que me formei na escola em minha cidade natal, quando era jovem, e muitas lembran\u00e7as carinhosas daqueles dias me v\u00eam \u00e0 mente...<\/p>\n<p>Com amor, gratid\u00e3o e ora\u00e7\u00f5es infinitas, desejo \u00e0 maravilhosa Associa\u00e7\u00e3o de Ex-alunos de Mibaushi, onde o precioso esp\u00edrito de harmonia \u00e9 transmitido...<\/p>\n<figure class=\"wp-caption aligncenter\"><a href=\"https:\/\/photos.google.com\/share\/AF1QipNuHhCDP60CvBRrSWMIvkfb-hJbOEprAgpXW8V0Ovg6PeT7nUxObV7L6oRPM8kq-g\/photo\/AF1QipNzoh1Wz-U-VzgYwLX7cDrHB9JBWM5VmQY_JeA?key=TzVLMFJHRnd0Y19feGc2QURHV0dYR0xrVkE2N0Nn\" target=\"_blank\"><img decoding=\"async\" src=\"https:\/\/lh3.googleusercontent.com\/pw\/AP1GczNlQNOlR0DSvzQoUG11kdIzYIdAHdEbqyD5C16g1LnOVAH8dcCAbXiB5KK0oXZbVfPiO_-dsd8AX4gkoeeZ029WOri3uYazVmsMT7n2HQMiUM8DSZi70ya6h4on8pev-cS9DlLI_a1wzev6uiv9ASpF=w2000-h1500-s-no-gm?authuser=0\" width=\"2000\" height=\"1500\" alt=\"Guardando no cora\u00e7\u00e3o preciosas lembran\u00e7as da minha amada cidade natal...\" class=\"size-full\" \/><\/a><figcaption class=\"wp-caption-text\">Guardando no cora\u00e7\u00e3o preciosas lembran\u00e7as da minha amada cidade natal...<\/figcaption><\/figure>\n<h2>\u00c1lbum de Mem\u00f3rias da Reuni\u00e3o<\/h2>\n<figure class=\"wp-caption aligncenter\"><a href=\"https:\/\/photos.google.com\/share\/AF1QipNuHhCDP60CvBRrSWMIvkfb-hJbOEprAgpXW8V0Ovg6PeT7nUxObV7L6oRPM8kq-g\/photo\/AF1QipPyrY8fVbDa1-STRgRRlO5fCVvh7FUrVn_i7OI?key=TzVLMFJHRnd0Y19feGc2QURHV0dYR0xrVkE2N0Nn\" target=\"_blank\"><img decoding=\"async\" src=\"https:\/\/lh3.googleusercontent.com\/pw\/AP1GczPfjfN2G5xEfgT8IoJKC2gEY37beu34N8XisPC-GdUjzF0mehfS1nfYCT13whByRcyzGU4fo4jA85gd20UHK5tQZW56pl19ZwUgU2_g0HU1L9N-BpZ7iPNGN8m66bbFjgRDboZ99pjDxlGrYNjsC6_0=w1148-h1530-s-no-gm?authuser=0\" width=\"1148\" height=\"1530\" alt=\"Cronograma de Reuni\u00e3o de Turma\" class=\"size-full\" \/><\/a><figcaption class=\"wp-caption-text\">Cronograma de Reuni\u00e3o de Turma<\/figcaption><\/figure>\n<figure class=\"wp-caption aligncenter\"><a href=\"https:\/\/photos.google.com\/share\/AF1QipNuHhCDP60CvBRrSWMIvkfb-hJbOEprAgpXW8V0Ovg6PeT7nUxObV7L6oRPM8kq-g\/photo\/AF1QipOvyGXm8HOYanKI6hy8o20jqgWyQQj_ZjZvRGs?key=TzVLMFJHRnd0Y19feGc2QURHV0dYR0xrVkE2N0Nn\" target=\"_blank\"><img decoding=\"async\" src=\"https:\/\/lh3.googleusercontent.com\/pw\/AP1GczP8qfXEWdDxMgZtuS0jmUJdHSSNpCD6cokVsdC2QFzF3sKqFgRHi0b55pQezDSYwF9Ygbj3aMcUbvspX8QneoXThnWUdFnDaSgjyTp9qVKOWXsy0mIBCDOCVqdReiO_gIxnSRznjBKGo9SpX30kGeQu=w2000-h1396-s-no-gm?authuser=0\" width=\"2000\" height=\"1396\" alt=\"16 de agosto de 1977 (Showa 52) Hotel Sapporo Kaikan\" class=\"size-full\" \/><\/a><figcaption class=\"wp-caption-text\">16 de agosto de 1977 (Showa 52) Hotel Sapporo Kaikan<\/figcaption><\/figure>\n<figure class=\"wp-caption aligncenter\"><a href=\"https:\/\/photos.google.com\/share\/AF1QipNuHhCDP60CvBRrSWMIvkfb-hJbOEprAgpXW8V0Ovg6PeT7nUxObV7L6oRPM8kq-g\/photo\/AF1QipO85egvDllf2nba091KkLl_H4F4bjh0SfpympI?key=TzVLMFJHRnd0Y19feGc2QURHV0dYR0xrVkE2N0Nn\" target=\"_blank\"><img decoding=\"async\" src=\"https:\/\/lh3.googleusercontent.com\/pw\/AP1GczNHz0LqIqBB7E_0mdvlc4A4KYCSHdn8Av70eyVvj2sHT6cPR2qKv2PZ969TZqGaIQtJq8Q0PtAALbJi3Jv2NMfI8KI0qDkrq2Z6j8k_AMmw4nRgdTayjdDAWvHVWZGpT3syjB_tNYjB5XR3A6erK_Gr=w2000-h1395-s-no-gm?authuser=0\" width=\"2000\" height=\"1395\" alt=\"23 de mar\u00e7o de 1991 (Heisei 3) Sapporo Onsen Big Shop\" class=\"size-full\" \/><\/a><figcaption class=\"wp-caption-text\">23 de mar\u00e7o de 1991 (Heisei 3) Sapporo Onsen Big Shop<\/figcaption><\/figure>\n<figure class=\"wp-caption aligncenter\"><a href=\"https:\/\/photos.google.com\/share\/AF1QipNuHhCDP60CvBRrSWMIvkfb-hJbOEprAgpXW8V0Ovg6PeT7nUxObV7L6oRPM8kq-g\/photo\/AF1QipNJ4FGT3q5EV0edY1dTDUAlWSoInGOPjn2BQQA?key=TzVLMFJHRnd0Y19feGc2QURHV0dYR0xrVkE2N0Nn\" target=\"_blank\"><img decoding=\"async\" src=\"https:\/\/lh3.googleusercontent.com\/pw\/AP1GczNHGr65r0YZkdyhaUrjDYhYJ8d7fSRfg1JCrjdBRiVjsrEGwzJNEQiHkx3nKA9lPh4WPr90m6bL2UcLYV4_vJjofk5OKUVkjyYnlS9P4ubqADP4ZIKMHHqmltuOoTZm44jy-DQ_HOY26D2q2znzb7q0=w2000-h1394-s-no-gm?authuser=0\" width=\"2000\" height=\"1394\" alt=\"1996 (23 e 24 de mar\u00e7o de 1996) Museu dos Vaga-lumes de Numatahoroshin\" class=\"size-full\" \/><\/a><figcaption class=\"wp-caption-text\">1996 (23 e 24 de mar\u00e7o de 1996) Museu dos Vaga-lumes de Numatahoroshin<\/figcaption><\/figure>\n<figure class=\"wp-caption aligncenter\"><a href=\"https:\/\/photos.google.com\/share\/AF1QipNuHhCDP60CvBRrSWMIvkfb-hJbOEprAgpXW8V0Ovg6PeT7nUxObV7L6oRPM8kq-g\/photo\/AF1QipOGpfNpLf0JwIsEUrOJYka_vel-v0AWol9UzWc?key=TzVLMFJHRnd0Y19feGc2QURHV0dYR0xrVkE2N0Nn\" target=\"_blank\"><img decoding=\"async\" src=\"https:\/\/lh3.googleusercontent.com\/pw\/AP1GczMmM2e2hvt4BenyPm7sgJ8PqfrCLtwKCBIJgE0bQdpnzdzrVniM9varAQSdZWLc8jTJjjHpnVCstsmtP6ix2RALu3MgJMZxG1oasdCXAMFY5zmK_y2lKturmfiemBeFh7GZSjEtiThhvNne78nvxG3r=w2000-h1408-s-no-gm?authuser=0\" width=\"2000\" height=\"1408\" alt=\"13 de mar\u00e7o de 2007 (Heisei 19) Hotel Jozankei View\" class=\"size-full\" \/><\/a><figcaption class=\"wp-caption-text\">13 de mar\u00e7o de 2007 (Heisei 19) Hotel Jozankei View<\/figcaption><\/figure>\n<figure id=\"attachment_53262\" class=\"wp-caption aligncenter\"><img decoding=\"async\" src=\"https:\/\/portal.hokuryu.info\/wp\/wp-content\/uploads\/2024\/11\/20150328-_DSC0843.jpg\" alt=\"28 de mar\u00e7o de 2015 (Sunflower Park Hokuryu Onsen)\" width=\"1329\" height=\"864\" class=\"size-full wp-image-53262\" \/><figcaption class=\"wp-caption-text\">28 de mar\u00e7o de 2015 (Heisei 27) Sunflower Park Hokuryu Onsen<\/figcaption><\/figure>\n<figure class=\"wp-caption aligncenter\"><a href=\"https:\/\/photos.google.com\/share\/AF1QipNuHhCDP60CvBRrSWMIvkfb-hJbOEprAgpXW8V0Ovg6PeT7nUxObV7L6oRPM8kq-g\/photo\/AF1QipOq6YYY3JlXkgkkzQdhCcbP2hiTpNWR5NlPKYE?key=TzVLMFJHRnd0Y19feGc2QURHV0dYR0xrVkE2N0Nn\" target=\"_blank\"><img decoding=\"async\" src=\"https:\/\/lh3.googleusercontent.com\/pw\/AP1GczO5D19d2IQ72Ll82YB6K1512XSd3ThoOxNSnNVh3N1ZGti4WyYQ7-EbrlEeHXtN47YdOCiDitB8E6iLPtpu6k0mnNaJh5rzD_MuBO4ek_hqCk-6E3CY-OYC3nNPYWWnI8Pizz0PdVrn9wFn1KL8k4C_=w2000-h1429-s-no-gm?authuser=0\" width=\"2000\" height=\"1429\" alt=\"29 de mar\u00e7o de 2015 (Heisei 27) Esta\u00e7\u00e3o JR Togeshita\" class=\"size-full\" \/><\/a><figcaption class=\"wp-caption-text\">29 de mar\u00e7o de 2015 (Heisei 27): Esta\u00e7\u00e3o JR Togeshita<\/figcaption><\/figure>\n<figure class=\"wp-caption aligncenter\"><a href=\"https:\/\/photos.google.com\/share\/AF1QipNuHhCDP60CvBRrSWMIvkfb-hJbOEprAgpXW8V0Ovg6PeT7nUxObV7L6oRPM8kq-g\/photo\/AF1QipMru799ZUNNmjhpYSXQjAfg07lE80AXWvt9HTk?key=TzVLMFJHRnd0Y19feGc2QURHV0dYR0xrVkE2N0Nn\" target=\"_blank\"><img decoding=\"async\" src=\"https:\/\/lh3.googleusercontent.com\/pw\/AP1GczNwHgjo7K3Tyqt4nvIqbtMnSbpl7l22mP4-ZegYCNFs6yL1WHQZU1icjGxOE7n2MinyzC27ZGKu3iFCFh8dlgFnDBMYV89gYsY2V4KKBIdbOK0KgNARexVvM3DOdhkcG3_TqTmGNjn4DcGG0gGwvoyv=w2000-h1405-s-no-gm?authuser=0\" width=\"2000\" height=\"1405\" alt=\"23 de julho de 2018 (Heisei 30): Horoshin Onsen Hotarukan\" class=\"size-full\" \/><\/a><figcaption class=\"wp-caption-text\">23 de julho de 2018 (Heisei 30) Horoshin Onsen Hotarukan<\/figcaption><\/figure>\n<figure class=\"wp-caption aligncenter\"><a href=\"https:\/\/photos.google.com\/share\/AF1QipNuHhCDP60CvBRrSWMIvkfb-hJbOEprAgpXW8V0Ovg6PeT7nUxObV7L6oRPM8kq-g\/photo\/AF1QipMTPUqM0PlNqei2aJXJ7HAHw9IqktdcH9LOXr0?key=TzVLMFJHRnd0Y19feGc2QURHV0dYR0xrVkE2N0Nn\" target=\"_blank\"><img decoding=\"async\" src=\"https:\/\/lh3.googleusercontent.com\/pw\/AP1GczNz7mMa8masihO3S5yMDdubnFQa4-Jg2GMtzK_TQANJZjZnEOesXzAURkklFrqyrhYPkTDgB0gG9aY1OuIwkl8o5TBfXcZy6qSN_vP2Pb9EXmtXMo0xDRwYxTTIkwmZmbtjQCqBYTmmTCgHt3rifQ6o=w2000-h1355-s-no-gm?authuser=0\" width=\"2000\" height=\"1355\" alt=\"23 de julho de 2018 (Heisei 30): Horoshin Onsen Hotarukan\" class=\"size-full\" \/><\/a><figcaption class=\"wp-caption-text\">23 de julho de 2018 (Heisei 30) Horoshin Onsen Hotarukan<\/figcaption><\/figure>\n<figure class=\"wp-caption aligncenter\"><a href=\"https:\/\/photos.google.com\/share\/AF1QipNuHhCDP60CvBRrSWMIvkfb-hJbOEprAgpXW8V0Ovg6PeT7nUxObV7L6oRPM8kq-g\/photo\/AF1QipMn3Dl7j8gdKVewhSX0LE5eSaTFGRANXn46QVc?key=TzVLMFJHRnd0Y19feGc2QURHV0dYR0xrVkE2N0Nn\" target=\"_blank\"><img decoding=\"async\" src=\"https:\/\/lh3.googleusercontent.com\/pw\/AP1GczM8C6AKYQ9QOWUCS9WQ3430TjB4LsA7CD7lHLOPr6NeNjtFLs3k9g85IP2glticzArJwMALnqPUsNML89ktNU-ZoO0dcBbcPLloY9DBeyydn7g2UIoi3EXGKkekDUEYMKhFM2s8__Jv0zR1ASQxvxbA=w1072-h1530-s-no-gm?authuser=0\" width=\"1072\" height=\"1530\" alt=\"Em frente ao monumento do hino escolar em 24 de julho de 2018 (Heisei 30)\" class=\"size-full\" \/><\/a><figcaption class=\"wp-caption-text\">24 de julho de 2018 (Heisei 30): Em frente ao monumento do hino escolar.<\/figcaption><\/figure>\n<figure class=\"wp-caption aligncenter\"><a href=\"https:\/\/photos.google.com\/share\/AF1QipNuHhCDP60CvBRrSWMIvkfb-hJbOEprAgpXW8V0Ovg6PeT7nUxObV7L6oRPM8kq-g\/photo\/AF1QipNpqIKxAI5IoGRasRi8ZyAYVGi14i73-MKiuw8?key=TzVLMFJHRnd0Y19feGc2QURHV0dYR0xrVkE2N0Nn\" target=\"_blank\"><img decoding=\"async\" src=\"https:\/\/lh3.googleusercontent.com\/pw\/AP1GczNx9oOx-h9GEOuqdM1ev8ouyNdbe7OZSYg8H0MynYbvT4UyKqUsIFPz75rGU3Ax0vFPa2vYViYZQarvYGN2cZroO58jbXycQvrxdGHQeN7bOKJWxiPHtYJrZypknibCTmgGXXdc0Jwie6zYybDPGiEc=w2000-h1408-s-no-gm?authuser=0\" width=\"2000\" height=\"1408\" alt=\"24 de julho de 2018 (Heisei 30): Em frente \u00e0 esta\u00e7\u00e3o JR Togeshita.\" class=\"size-full\" \/><\/a><figcaption class=\"wp-caption-text\">24 de julho de 2018 (Heisei 30) Em frente \u00e0 esta\u00e7\u00e3o JR Togeshita<\/figcaption><\/figure>\n<figure class=\"wp-caption aligncenter\"><a href=\"https:\/\/photos.google.com\/share\/AF1QipNuHhCDP60CvBRrSWMIvkfb-hJbOEprAgpXW8V0Ovg6PeT7nUxObV7L6oRPM8kq-g\/photo\/AF1QipN5oD1U9YzCkt89LxyZpNP-IywCrgsyG2bQNcU?key=TzVLMFJHRnd0Y19feGc2QURHV0dYR0xrVkE2N0Nn\" target=\"_blank\"><img decoding=\"async\" src=\"https:\/\/lh3.googleusercontent.com\/pw\/AP1GczOoiGXuX4sq9mZFgUmEqK2--nEFXznDvEeHMV5ZJRUz-BWT1Ld180VICQU9ezjAkc8fquRMncywbdwLJK7tKyImPCHrxs67hG8zHrBhuFaOUL1IdRsw-IlYT4lN4lhk8B_NfrI1tiRHQClc0Un-bwhf=w2000-h1455-s-no-gm?authuser=0\" width=\"2000\" height=\"1455\" alt=\"Lembran\u00e7as do meu primeiro e segundo ano do ensino fundamental e dos encontros de ex-alunos...\" class=\"size-full\" \/><\/a><figcaption class=\"wp-caption-text\">Lembran\u00e7as do meu primeiro e segundo ano do ensino fundamental e dos encontros de ex-alunos...<\/figcaption><\/figure>\n<h2>v\u00eddeos do YouTube<\/h2>\n<div class=\"youtube\"><iframe title=\"A 40\u00aa turma de formandos da Escola Prim\u00e1ria Mibaushi da cidade de Hokuryu e a 9\u00aa turma de formandos da Escola Secund\u00e1ria Mibaushi: o precioso esp\u00edrito de harmonia est\u00e1 sendo transmitido.\" src=\"https:\/\/www.youtube.com\/embed\/0xo_m7LFgN8?feature=oembed\" frameborder=\"0\" allow=\"accelerometer; autoplay; clipboard-write; encrypted-media; gyroscope; picture-in-picture; web-share\" referrerpolicy=\"strict-origin-when-cross-origin\" allowfullscreen><\/iframe><\/div>\n<h2>Outras fotos<\/h2>\n<div class=\"img-move\"><img decoding=\"async\" style=\"vertical-align: middle;\" src=\"https:\/\/ehokkaido.net\/wp-content\/uploads\/2021\/12\/2021-12-06-11.41.12.png\" \/> <a href=\"https:\/\/photos.app.goo.gl\/GF1k4t2Nfye8rSj86\" target=\"_blank\" rel=\"noopener noreferrer\">Fotos (238 fotos) da 40\u00aa turma de formandos da Escola Prim\u00e1ria Mibaushi da cidade de Hokuryu e da 9\u00aa turma de formandos da Escola Secund\u00e1ria Mibaushi est\u00e3o dispon\u00edveis aqui &gt;&gt;<\/a><\/div>\n<h2>Artigos relacionados<\/h2>\n\n        <div class=\"site-blogcard-premium\">\n            <div class=\"bc-label-custom\">Artigos relacionados<\/div>\n            <div class=\"bc-flex-container\">\n                <div class=\"bc-main-text\">\n                    <div class=\"bc-title-link-box\">\n                        <a href=\"https:\/\/portal.hokuryu.info\/pt\/topics\/culture\/20150402.html\/\" target=\"_blank\">Celebrando seu 70\u00ba anivers\u00e1rio, eles se re\u00fanem em sua cidade natal pela primeira vez em 50 anos! Turma de formandos da 40\u00aa s\u00e9rie da Escola Prim\u00e1ria Mihoushi e da 9\u00aa s\u00e9rie da Escola Secund\u00e1ria Mihoushi, na cidade de Hokuryu - Portal da cidade de Hokuryu (Hokkaido) - a vila de girass\u00f3is n\u00famero 1 do Jap\u00e3o<\/a>\n                    <\/div>\n                    <div class=\"bc-excerpt-box\">Apresentamos o &quot;presente&quot; de uma cidade vibrante com 2.100 habitantes e uma taxa de envelhecimento de 401.000.000. Assim como os girass\u00f3is, as fam\u00edlias vivem em harmonia...<\/div>\n                <\/div>\n                <div class=\"bc-thumbnail-box\">\n                    <a href=\"https:\/\/portal.hokuryu.info\/pt\/topics\/culture\/20150402.html\/\" target=\"_blank\">\n                        <div class=\"bc-img-zoom-wrap\">\n                            <img decoding=\"async\" src=\"https:\/\/lh4.googleusercontent.com\/-cfSktYHbShA\/VRvDLQpCMwI\/AAAAAAABvyg\/8Oe6bciQQ9Y\/w1296-h864-no\/20150329-_DSC0963.jpg\" alt=\"Celebrando seu 70\u00ba anivers\u00e1rio, eles se re\u00fanem em sua cidade natal pela primeira vez em 50 anos! Turma de formandos da 40\u00aa s\u00e9rie da Escola Prim\u00e1ria Mihoushi e da 9\u00aa s\u00e9rie da Escola Secund\u00e1ria Mihoushi, na cidade de Hokuryu - Portal da cidade de Hokuryu (Hokkaido) - a vila de girass\u00f3is n\u00famero 1 do Jap\u00e3o\">\n                        <\/div>\n                    <\/a>\n                <\/div>\n            <\/div>\n        <\/div>\n<p>\u3000<br \/>\n\u25c7 Entrevista e texto: Ikuko Terauchi (Fotografia e assist\u00eancia de edi\u00e7\u00e3o: Noboru Terauchi)<\/p>","protected":false},"excerpt":{"rendered":"<p>\uff12\uff10\uff12\uff14\u5e74\uff11\uff11\u6708\uff12\uff11\u65e5\uff08\u6728\uff09 \uff11\uff11\u6708\uff11\uff17\u65e5\uff08\u65e5\uff09\u301c\uff11\uff18\u65e5\uff08\u6708\uff09\u3001\uff11\u6cca\uff12\u65e5\u3067\u5317\u7adc\u753a\u7acb\u7f8e\u8449\u725b\u5c0f\u5b66\u6821\u7b2c\uff14\uff10\u56de\u5352\u696d\u751f\u30fb\u7f8e\u8449\u725b\u4e2d\u5b66\u6821\u7b2c\uff19\u56de\u5352\u696d\u751f\u30af\u30e9\u30b9\u4f1a\u304c\u5317\u7adc\u753a\u3067\u958b\u50ac\u3055\u308c\u307e\u3057\u305f\u3002 \uff19\u5e74\u632f\u308a\u306b\u5317\u7adc\u753a\u3067\u958b\u50ac \u662d\u548c\uff13 [&hellip;]<\/p>\n","protected":false},"author":1,"featured_media":53252,"comment_status":"open","ping_status":"open","sticky":false,"template":"","format":"standard","meta":{"footnotes":""},"categories":[4],"tags":[],"class_list":["post-53243","post","type-post","status-publish","format-standard","has-post-thumbnail","hentry","category-cover-story"],"_links":{"self":[{"href":"https:\/\/portal.hokuryu.info\/pt\/wp-json\/wp\/v2\/posts\/53243","targetHints":{"allow":["GET"]}}],"collection":[{"href":"https:\/\/portal.hokuryu.info\/pt\/wp-json\/wp\/v2\/posts"}],"about":[{"href":"https:\/\/portal.hokuryu.info\/pt\/wp-json\/wp\/v2\/types\/post"}],"author":[{"embeddable":true,"href":"https:\/\/portal.hokuryu.info\/pt\/wp-json\/wp\/v2\/users\/1"}],"replies":[{"embeddable":true,"href":"https:\/\/portal.hokuryu.info\/pt\/wp-json\/wp\/v2\/comments?post=53243"}],"version-history":[{"count":0,"href":"https:\/\/portal.hokuryu.info\/pt\/wp-json\/wp\/v2\/posts\/53243\/revisions"}],"wp:featuredmedia":[{"embeddable":true,"href":"https:\/\/portal.hokuryu.info\/pt\/wp-json\/wp\/v2\/media\/53252"}],"wp:attachment":[{"href":"https:\/\/portal.hokuryu.info\/pt\/wp-json\/wp\/v2\/media?parent=53243"}],"wp:term":[{"taxonomy":"category","embeddable":true,"href":"https:\/\/portal.hokuryu.info\/pt\/wp-json\/wp\/v2\/categories?post=53243"},{"taxonomy":"post_tag","embeddable":true,"href":"https:\/\/portal.hokuryu.info\/pt\/wp-json\/wp\/v2\/tags?post=53243"}],"curies":[{"name":"wp","href":"https:\/\/api.w.org\/{rel}","templated":true}]}}