{"id":52687,"date":"2024-11-11T09:38:56","date_gmt":"2024-11-11T00:38:56","guid":{"rendered":"https:\/\/portal.hokuryu.info\/?p=52687"},"modified":"2024-11-11T06:05:13","modified_gmt":"2024-11-10T21:05:13","slug":"%e7%ac%ac47%e5%9b%9e%e5%8c%97%e7%ab%9c%e7%94%ba%e7%94%ba%e6%b0%91%e6%96%87%e5%8c%96%e7%a5%ad-2024%e3%80%8c%e8%8a%b8%e8%83%bd%e7%99%ba%e8%a1%a8%e3%80%8d%e3%81%9f%e3%81%8f%e3%81%95%e3%82%93%e3%81%ae","status":"publish","type":"post","link":"https:\/\/portal.hokuryu.info\/pt\/52687\/","title":{"rendered":"O 47\u00ba Festival Cultural da Cidade de Hokuryu 2024 &quot;Apresenta\u00e7\u00e3o e Performance&quot; - Um momento maravilhoso compartilhando muitas emo\u00e7\u00f5es e alegrias."},"content":{"rendered":"<p>Segunda-feira, 11 de novembro de 2024<\/p>\n<p>O espet\u00e1culo de entretenimento ser\u00e1 realizado no dia 3 de novembro (feriado nacional), das 10h \u00e0s 15h30, com intervalo para almo\u00e7o, totalizando quatro horas de dura\u00e7\u00e3o entre a manh\u00e3 e a tarde!<\/p>\n<p>Este \u00e9 um momento fant\u00e1stico em que os moradores, cheios de energia e dinamismo, exibem os frutos do seu trabalho ao longo do ano! \u00c9 o festival cultural da cidade, onde todos podem compartilhar da alegria e se divertir ao m\u00e1ximo.<\/p>\n<ul>\n<li><strong>Organizador:<\/strong>Comit\u00ea Executivo do Festival Cultural da Cidade de Hokuryu<\/li>\n<li><strong>Organizado em conjunto por:<\/strong>Associa\u00e7\u00e3o Cultural da Cidade de Hokuryu, Associa\u00e7\u00e3o de Promo\u00e7\u00e3o da Educa\u00e7\u00e3o da Cidade de Hokuryu, Conselho de Educa\u00e7\u00e3o da Cidade de Hokuryu<\/li>\n<\/ul>\n<h2>Cerim\u00f4nia de Abertura do Programa de Artes C\u00eanicas<\/h2>\n<h3>Sauda\u00e7\u00f5es do Presidente do Comit\u00ea Executivo, Yoshiharu Yamashita.<\/h3>\n<figure class=\"wp-caption aligncenter\"><a href=\"https:\/\/photos.google.com\/share\/AF1QipM2IK8ubzPJqiK51HJLae3e0uXphpVqmN3GRGGWyRDg1BqpT7uHxbROK1RiXjOYvw\/photo\/AF1QipPBNif1v3YTbWll52z0UjxpX2_5BI6tt6F-qC8?key=WGJjSUJoOVhoV0FLRUlyb1lvWm5GTkc4SHMzUV93\" target=\"_blank\" rel=\"noopener\"><img decoding=\"async\" src=\"https:\/\/lh3.googleusercontent.com\/pw\/AP1GczMADeTi2FJpKAPxpJepqj1shltlxrB4huRUqWkw-SzMG9zIEYN7ybMt8UuYBZLLInLxHywspG9c5finXpovbmtwEi9HjjqkBfuBdLfjiL07k2Ho1QxXllguu3p2NT3cZVfSG5THoeoJAwnibXh1yQam=w2000-h1333-s-no-gm?authuser=0\" width=\"2000\" height=\"1333\" alt=\"Sauda\u00e7\u00f5es do Presidente do Comit\u00ea Executivo, Yoshiharu Yamashita.\" class=\"size-full\" \/><\/a><figcaption class=\"wp-caption-text\">Sauda\u00e7\u00f5es do Presidente do Comit\u00ea Executivo, Yoshiharu Yamashita.<\/figcaption><\/figure>\n<p>&quot;Bom dia a todos.&quot;<br \/>\nEste ano, a cidade de Hokuryu n\u00e3o sofreu nenhum desastre e teve uma colheita de outono abundante. Gostaria de compartilhar essa alegria com todos voc\u00eas.<\/p>\n<p>Hoje \u00e9 o Dia da Cultura e tamb\u00e9m o 47\u00ba Festival Cultural dos Cidad\u00e3os da Cidade de Hokuryu.<br \/>\nNoventa artistas de 13 grupos participam da se\u00e7\u00e3o de artes c\u00eanicas deste festival cultural. Cento e trinta pessoas de 19 grupos exp\u00f5em seus trabalhos. Um total de 500 obras est\u00e3o em exibi\u00e7\u00e3o. \u00c9 um maravilhoso festival cultural de um dia.<\/p>\n<p>Espero que todos aproveitem o evento e aguardo ansiosamente muitos aplausos a cada momento da apresenta\u00e7\u00e3o do martelo.<\/p>\n<p>Agora que estamos finalizando, estamos nos aproximando do inverno. Espero que todos voc\u00eas se mantenham saud\u00e1veis e felizes todos os dias.<\/p>\n<p>&quot;Muito obrigado por terem vindo hoje&quot;, disse o presidente do Comit\u00ea Executivo, Yamashita.<\/p>\n<figure class=\"wp-caption aligncenter\"><a href=\"https:\/\/photos.google.com\/share\/AF1QipM2IK8ubzPJqiK51HJLae3e0uXphpVqmN3GRGGWyRDg1BqpT7uHxbROK1RiXjOYvw\/photo\/AF1QipNI6jNzjN-r1uF5b9qdtabsFXP2GkY3S_kLpSA?key=WGJjSUJoOVhoV0FLRUlyb1lvWm5GTkc4SHMzUV93\" target=\"_blank\" rel=\"noopener\"><img decoding=\"async\" src=\"https:\/\/lh3.googleusercontent.com\/pw\/AP1GczOzhY6dFKOKToNJtr-_mD33Jw9iIECFhztUhxJYG7nRrZP4IcTUDW5l3iZKXO9f2NvDcRDuQ0pzNlGKzXOIGHOYJ3QimXX6FlvudXGQOj0sNMiuzxB1Bm01KlMcQw0H0UeTyhTHCcenLiHVexjv_xZw=w2000-h1333-s-no-gm?authuser=0\" width=\"2000\" height=\"1333\" alt=\"Programa de Artes C\u00eanicas e Discurso de Abertura\" class=\"size-full\" \/><\/a><figcaption class=\"wp-caption-text\">Programa de Artes C\u00eanicas e Discurso de Abertura<\/figcaption><\/figure>\n<h3>Apresentador Geral: Naoki Kishi (Diretor de Educa\u00e7\u00e3o Social, Conselho de Educa\u00e7\u00e3o da Cidade de Hokuryu)<\/h3>\n<p>Cada clube foi explicado em detalhes.<\/p>\n<figure class=\"wp-caption aligncenter\"><a href=\"https:\/\/photos.google.com\/share\/AF1QipM2IK8ubzPJqiK51HJLae3e0uXphpVqmN3GRGGWyRDg1BqpT7uHxbROK1RiXjOYvw\/photo\/AF1QipPzjuTD2N_fur6gvoCq5_CNYuuP_oZg2dlCGJ0?key=WGJjSUJoOVhoV0FLRUlyb1lvWm5GTkc4SHMzUV93\" target=\"_blank\" rel=\"noopener\"><img decoding=\"async\" src=\"https:\/\/lh3.googleusercontent.com\/pw\/AP1GczMWg4GuIPh7Nsw7tkugVJQiAR6j1IvPfmSoRuY6J1XNwIaTejH_0miyfpikCHAwZOn8fmNy5EHYqD4yBP_bwUUIQueZc9yvJivSNUhZ119lnH6UPnJSKDxbBTBrzSLmHfTL4JfGclY8esDX5vD3MCVU=w2000-h1333-s-no-gm?authuser=0\" width=\"2000\" height=\"1333\" alt=\"O moderador geral foi Naoki Kishi (Conselho de Educa\u00e7\u00e3o da cidade de Hokuryu).\" class=\"size-full\" \/><\/a><figcaption class=\"wp-caption-text\">O moderador geral foi Naoki Kishi (Conselho de Educa\u00e7\u00e3o da cidade de Hokuryu).<\/figcaption><\/figure>\n<h2>Sess\u00e3o da manh\u00e3: 10:00-12:00<\/h2>\n<h3>Dan\u00e7a Po\u00e9tica com Espadas: Associa\u00e7\u00e3o de Dan\u00e7a Po\u00e9tica com Espadas Oushin-ryu<\/h3>\n<ul>\n<li>Estou me dedicando bastante uma vez por semana sob a orienta\u00e7\u00e3o do Professor Shimoyashiki Ousui, levando em considera\u00e7\u00e3o meus hobbies e minha sa\u00fade.<\/li>\n<li>Desta vez, tamb\u00e9m convidamos o Professor Ousui para dan\u00e7ar, por isso contamos com o seu apoio.<\/li>\n<\/ul>\n<h4>Can\u00e7\u00e3o de Kuroda: Isao Hoshiba, Kazuko Hirai, Hideko Kawada<\/h4>\n<figure class=\"wp-caption aligncenter\"><a href=\"https:\/\/photos.google.com\/share\/AF1QipM2IK8ubzPJqiK51HJLae3e0uXphpVqmN3GRGGWyRDg1BqpT7uHxbROK1RiXjOYvw\/photo\/AF1QipPNXf-EwjIQsXtVC6NJZ8mukPRsXMocFWMQ_A8?key=WGJjSUJoOVhoV0FLRUlyb1lvWm5GTkc4SHMzUV93\" target=\"_blank\" rel=\"noopener\"><img decoding=\"async\" src=\"https:\/\/lh3.googleusercontent.com\/pw\/AP1GczMoqtQacZnxm9bHZ4SrGiybbBUrQ6b3QG__8cz-MyNJZy0OUVxBXwzxRi9dNCD_ttQ9Kw2Y7t-DLClOYJSEWFVkAzgoQP8yzZl092LDw5DCMRskqzjOd-a-dgWlTmOxHOJPx7Snmp8FkJyTdTwp91em=w2000-h1333-s-no-gm?authuser=0\" width=\"2000\" height=\"1333\" alt=\"Atua\u00e7\u00e3o de Kuroda: Isao Hoshiba\" class=\"size-full\" \/><\/a><figcaption class=\"wp-caption-text\">Atua\u00e7\u00e3o de Kuroda: Isao Hoshiba<\/figcaption><\/figure>\n<figure class=\"wp-caption aligncenter\"><a href=\"https:\/\/photos.google.com\/share\/AF1QipM2IK8ubzPJqiK51HJLae3e0uXphpVqmN3GRGGWyRDg1BqpT7uHxbROK1RiXjOYvw\/photo\/AF1QipNyWWnMcGABQQ4VLwey0VEugiEekEWLD5vBymY?key=WGJjSUJoOVhoV0FLRUlyb1lvWm5GTkc4SHMzUV93\" target=\"_blank\" rel=\"noopener\"><img decoding=\"async\" src=\"https:\/\/lh3.googleusercontent.com\/pw\/AP1GczPybmrYn1t11rlpuI2YOL23Gd0vqibTqiFA1oBK6fkOg7RGr-Xb0rvcMGDMhV9ZHjI7PFzXCgTZbzQ3TL6OtgryHysBaBLWED-jcVJaFztJeV-ivuVSZaxyReIFnNX2okEKvuYHm1Zlp-Yrniukgz4J=w2000-h1333-s-no-gm?authuser=0\" width=\"2000\" height=\"1333\" alt=\"Kuroda: Kazuko Inui\" class=\"size-full\" \/><\/a><figcaption class=\"wp-caption-text\">Estilo Kuroda: Kazuko Hirai<\/figcaption><\/figure>\n<figure class=\"wp-caption aligncenter\"><a href=\"https:\/\/photos.google.com\/share\/AF1QipM2IK8ubzPJqiK51HJLae3e0uXphpVqmN3GRGGWyRDg1BqpT7uHxbROK1RiXjOYvw\/photo\/AF1QipPBE5FANsPIh_wey77gRv6ZCtCUQZcEdtIAdyg?key=WGJjSUJoOVhoV0FLRUlyb1lvWm5GTkc4SHMzUV93\" target=\"_blank\" rel=\"noopener\"><img decoding=\"async\" src=\"https:\/\/lh3.googleusercontent.com\/pw\/AP1GczOVWVgemYrcHzrid26wcQpEiVMkyTOXg0LtT3Q822BkbaABG54n9GTYu9c_B2o3p9UZJsEL-H5cOLCOYpPqrbxsXM_5NgSJbsOAXvAh0PJSZB50xp7OppKmxhv-uKapuvGJqiW6Oy6HXJnSCMxlIDmq=w2000-h1333-s-no-gm?authuser=0\" width=\"2000\" height=\"1333\" alt=\"Estilo Kuroda: Hideko Kawada\" class=\"size-full\" \/><\/a><figcaption class=\"wp-caption-text\">Estilo Kuroda: Hideko Kawada<\/figcaption><\/figure>\n<h4>Can\u00e7\u00e3o do Barco do C\u00e9u: Ousui Shimoyashiki e Hisakura Shimoyashiki<\/h4>\n<figure class=\"wp-caption aligncenter\"><a href=\"https:\/\/photos.google.com\/share\/AF1QipM2IK8ubzPJqiK51HJLae3e0uXphpVqmN3GRGGWyRDg1BqpT7uHxbROK1RiXjOYvw\/photo\/AF1QipN9m1VryD-PEqHAg7rqAUpEPe2M45xczrkq4vY?key=WGJjSUJoOVhoV0FLRUlyb1lvWm5GTkc4SHMzUV93\" target=\"_blank\" rel=\"noopener\"><img decoding=\"async\" src=\"https:\/\/lh3.googleusercontent.com\/pw\/AP1GczO_Ip-QxFzwCIQUGnjyLA7fnOs_bTE1UiiD6z81kFbQkMxQ8EM4N-sQjPP1YhxXnvfrZVdk4lexZPIcVB2Xc3W3Dd3saQfKzghE4_pOtTJcvb84-qdTeY5W6zU6nT7h3rhHx1qsvvuGfCY57LM8yLiY=w2000-h1333-s-no-gm?authuser=0\" width=\"2000\" height=\"1333\" alt=\"Can\u00e7\u00e3o do Barco do C\u00e9u: Shimoyashiki Sakurasui e Shimoyashiki Hikaru Sakura\" class=\"size-full\" \/><\/a><figcaption class=\"wp-caption-text\">Can\u00e7\u00e3o do Barco do C\u00e9u: Shimoyashiki Sakurasui e Shimoyashiki Hikaru Sakura<\/figcaption><\/figure>\n<h4>Castelo em ru\u00ednas: Kazuko Hirai e Hideko Kawada<\/h4>\n<figure class=\"wp-caption aligncenter\"><a href=\"https:\/\/photos.google.com\/share\/AF1QipM2IK8ubzPJqiK51HJLae3e0uXphpVqmN3GRGGWyRDg1BqpT7uHxbROK1RiXjOYvw\/photo\/AF1QipOrPP99IwbHe0t9pBYqdEVUZrE3lMHGiFwK3CM?key=WGJjSUJoOVhoV0FLRUlyb1lvWm5GTkc4SHMzUV93\" target=\"_blank\" rel=\"noopener\"><img decoding=\"async\" src=\"https:\/\/lh3.googleusercontent.com\/pw\/AP1GczNTpI4JlL90h9QjJpM_1Ia9_3A4K7CbEhQFUdJeS6OjE4utgxUTwtXVv0H0zl4gFweWZpTJFsTzqT0-6Lp28EteqAwZX6q5MY3UPS_tvPGS4TMz1AoIAIG3PXary53ZEVOmvWgKnQsRS2vr76AmSeTB=w2000-h1333-s-no-gm?authuser=0https:\/\/lh3.googleusercontent.com\/pw\/AP1GczO_Ip-QxFzwCIQUGnjyLA7fnOs_bTE1UiiD6z81kFbQkMxQ8EM4N-sQjPP1YhxXnvfrZVdk4lexZPIcVB2Xc3W3Dd3saQfKzghE4_pOtTJcvb84-qdTeY5W6zU6nT7h3rhHx1qsvvuGfCY57LM8yLiY=w2000-h1333-s-no-gm?authuser=0\" width=\"2000\" height=\"1333\" alt=\"Castelo em ru\u00ednas: Kazuko Hirai e Hideko Kawada\" class=\"size-full\" \/><\/a><figcaption class=\"wp-caption-text\">Castelo em ru\u00ednas: Kazuko Hirai e Hideko Kawada<\/figcaption><\/figure>\n<h3>Karaok\u00ea: Encontro para cantar<\/h3>\n<ul>\n<li>O grupo de canto existe h\u00e1 28 anos. Atualmente, conta com oito membros e ensaia todas as quartas-feiras no centro comunit\u00e1rio.<\/li>\n<li>Todos os membros gostam de cantar juntos, cantando a plenos pulm\u00f5es, para aliviar o estresse di\u00e1rio e melhorar a sa\u00fade, al\u00e9m de desfrutar de conversas com os amigos.<\/li>\n<li>Espero que todos experimentem a alegria de cantar. Tamb\u00e9m estamos procurando membros, ent\u00e3o, por favor, entre em contato se tiver interesse.<\/li>\n<\/ul>\n<h4>Cam\u00e9lia da Neve: Yoshiko Yamada<\/h4>\n<figure class=\"wp-caption aligncenter\"><a href=\"https:\/\/photos.google.com\/share\/AF1QipM2IK8ubzPJqiK51HJLae3e0uXphpVqmN3GRGGWyRDg1BqpT7uHxbROK1RiXjOYvw\/photo\/AF1QipOG44l87AM1igmY-Wh-FeyCdbc0aXy2ivrYOGw?key=WGJjSUJoOVhoV0FLRUlyb1lvWm5GTkc4SHMzUV93\" target=\"_blank\" rel=\"noopener\"><img decoding=\"async\" src=\"https:\/\/lh3.googleusercontent.com\/pw\/AP1GczPXDwqtemAVGCYe51CHVjPovUr3eWHP1-LnfucNUG9Jpxr-B4TnVdJymYfxj4oj3g3W5FBONnw7aJtGorm6LZuv43HDeZ77ZCfEQsRGT5Ht3E4egy6_Ivd037KHAFFPpZ1X_DDEWuVLOdOz1s8tF02m=w2000-h1333-s-no-gm?authuser=0\" width=\"2000\" height=\"1333\" alt=\"Cam\u00e9lia da Neve: Yoshiko Yamada\" class=\"size-full\" \/><\/a><figcaption class=\"wp-caption-text\">Cam\u00e9lia da Neve: Yoshiko Yamada<\/figcaption><\/figure>\n<h4>Tambor Selvagem: Toshiko Yamagata<\/h4>\n<figure class=\"wp-caption aligncenter\"><a href=\"https:\/\/photos.google.com\/share\/AF1QipM2IK8ubzPJqiK51HJLae3e0uXphpVqmN3GRGGWyRDg1BqpT7uHxbROK1RiXjOYvw\/photo\/AF1QipMvFVCKpaE4DMFZuM8jZUNZ5Jz5byJ4KESc4no?key=WGJjSUJoOVhoV0FLRUlyb1lvWm5GTkc4SHMzUV93\" target=\"_blank\" rel=\"noopener\"><img decoding=\"async\" src=\"https:\/\/lh3.googleusercontent.com\/pw\/AP1GczOqYBO9VYvmcbgwr7y9oyzEeC80J_hDm2CBq18xqb0pbA9BvQ3cEMhB6KrGJQVws8FiLGF4Q4x_Sed_lyhofU0DhrcbajUH0EWGXAthpxe_92gOESPnz_6hdVq5weNll3aztKToH4a2Dcln5wEuNsLg=w1951-h1300-s-no-gm?authuser=0\" width=\"1951\" height=\"1300\" alt=\"Tambor Selvagem: Toshiko Yamagata\" class=\"size-full\" \/><\/a><figcaption class=\"wp-caption-text\">Tambor Selvagem: Toshiko Yamagata<\/figcaption><\/figure>\n<h4>M\u00e3e do Distrito das Flores: Fujinobu Motoko<\/h4>\n<figure class=\"wp-caption aligncenter\"><a href=\"https:\/\/photos.google.com\/share\/AF1QipM2IK8ubzPJqiK51HJLae3e0uXphpVqmN3GRGGWyRDg1BqpT7uHxbROK1RiXjOYvw\/photo\/AF1QipOj48pz3xGzQWvISm5QcrenERJbNAjZw2dikgM?key=WGJjSUJoOVhoV0FLRUlyb1lvWm5GTkc4SHMzUV93\" target=\"_blank\" rel=\"noopener\"><img decoding=\"async\" src=\"https:\/\/lh3.googleusercontent.com\/pw\/AP1GczMf9kkvHRHTV2Q28YR69hQWxk8txBDcwedWLQmCvd-KkBjbXn-J8yh3GQak-aKNAA5mMNymkpqw9eN8ahhBjl6lg6IqkuoNZW7bNeuQcHvVBZR6vuFlcJSK73g2jEby_Ct387zinHfJfbk4s2SVbJRZ=w2000-h1333-s-no-gm?authuser=0\" width=\"2000\" height=\"1333\" alt=\"M\u00e3e do Distrito das Flores: Fujinobu Motoko\" class=\"size-full\" \/><\/a><figcaption class=\"wp-caption-text\">M\u00e3e do Distrito das Flores: Fujinobu Motoko<\/figcaption><\/figure>\n<h4>Guarda-chuva Vermelho: Masako Kikura<\/h4>\n<figure class=\"wp-caption aligncenter\"><a href=\"https:\/\/photos.google.com\/share\/AF1QipM2IK8ubzPJqiK51HJLae3e0uXphpVqmN3GRGGWyRDg1BqpT7uHxbROK1RiXjOYvw\/photo\/AF1QipPCFFkaV9KWD_PI6URe4C-1_Cyl6FkYCSXweZU?key=WGJjSUJoOVhoV0FLRUlyb1lvWm5GTkc4SHMzUV93\" target=\"_blank\" rel=\"noopener\"><img decoding=\"async\" src=\"https:\/\/lh3.googleusercontent.com\/pw\/AP1GczPIKnMHKH1cMO5dPp3RLyWjPltfzsjbghnMOKOC3XgNqqwzoqYn6a2qfXJAIQxdZDFxYORRDqX7mLCkI5XkdN6RZod3-U45CcfEoab8Vbv45wJRK_SbR3ZzMTnmr6fxQ_y3qVHPt-X0zkTb22nssFeY=w2000-h1333-s-no-gm?authuser=0\" width=\"2000\" height=\"1333\" alt=\"Guarda-chuva Vermelho: Masako Kikura\" class=\"size-full\" \/><\/a><figcaption class=\"wp-caption-text\">Guarda-chuva Vermelho: Masako Kikura<\/figcaption><\/figure>\n<h3>Karaok\u00ea: Atividades do Clube Universit\u00e1rio Himawari<\/h3>\n<ul>\n<li>Al\u00e9m de diversos cursos, a Universidade Himawari tamb\u00e9m promove atividades extracurriculares no per\u00edodo da tarde, ap\u00f3s as aulas.<\/li>\n<li>Desta vez, a inscri\u00e7\u00e3o veio de um clube de karaok\u00ea.<\/li>\n<\/ul>\n<h4>Tom sem cora\u00e7\u00e3o: Ryoji Kikura<\/h4>\n<figure class=\"wp-caption aligncenter\"><a href=\"https:\/\/photos.google.com\/share\/AF1QipM2IK8ubzPJqiK51HJLae3e0uXphpVqmN3GRGGWyRDg1BqpT7uHxbROK1RiXjOYvw\/photo\/AF1QipMeUfaXaW6HiKj5rkMMgqW_CMtA6M459CW3LyU?key=WGJjSUJoOVhoV0FLRUlyb1lvWm5GTkc4SHMzUV93\" target=\"_blank\" rel=\"noopener\"><img decoding=\"async\" src=\"https:\/\/lh3.googleusercontent.com\/pw\/AP1GczOm2C6wI5_8FW3fR_Ozlo_2vixCqFHlzWB2uxX4w3x9XhDEtW0VebNbisUrIudo7t3ym46G7ICMMGdtVasUIwaQ-WLdKiHHQ5rz9IuKB1xgKVOeCgE_Kc4K1HABWax_8GS8NAA7rxmqg3FkwbAbMNwQ=w2000-h1333-s-no-gm?authuser=0\" width=\"2000\" height=\"1333\" alt=\"Tom sem cora\u00e7\u00e3o: Ryoji Kikura\" class=\"size-full\" \/><\/a><figcaption class=\"wp-caption-text\">Tom sem cora\u00e7\u00e3o: Ryoji Kikura<\/figcaption><\/figure>\n<h3>Karaok\u00ea: Hekisui Karaok\u00ea Club<\/h3>\n<ul>\n<li>O Clube de Karaok\u00ea Heishui se re\u00fane todas as segundas-feiras, das 12h \u00e0s 15h, para ensaiar no Centro de Apoio M\u00fatuo Heishui.<\/li>\n<li>Se voc\u00ea quiser cantar, por favor, venha.<\/li>\n<\/ul>\n<h4>Como Amor: Keiko Takahashi<\/h4>\n<figure class=\"wp-caption aligncenter\"><a href=\"https:\/\/photos.google.com\/share\/AF1QipM2IK8ubzPJqiK51HJLae3e0uXphpVqmN3GRGGWyRDg1BqpT7uHxbROK1RiXjOYvw\/photo\/AF1QipMoN1Sl3ogtDoFsMfw4eFTqCOLi2gVjfeAU2vY?key=WGJjSUJoOVhoV0FLRUlyb1lvWm5GTkc4SHMzUV93\" target=\"_blank\" rel=\"noopener\"><img decoding=\"async\" src=\"https:\/\/lh3.googleusercontent.com\/pw\/AP1GczMG06ZZvG68Ejb9YbDQnPJ10R5MlW42W-Ej_7ptvNyUnaxg-U0yiO8z2X5PHCLnKZkBqpKmTLC5352FB62x77OAvLzcEs6-l-MW7A7v0KstmYpH0LCqC1M1oQOJ2bdfaCtlSL5Lu_DZdY9c38cXBg8o=w2000-h1333-s-no-gm?authuser=0\" width=\"2000\" height=\"1333\" alt=\"Como Amor: Keiko Takahashi\" class=\"size-full\" \/><\/a><figcaption class=\"wp-caption-text\">Como Amor: Keiko Takahashi<\/figcaption><\/figure>\n<h4>AMANH\u00c3: Hiroyo Nakamura<\/h4>\n<figure class=\"wp-caption aligncenter\"><a href=\"https:\/\/photos.google.com\/share\/AF1QipM2IK8ubzPJqiK51HJLae3e0uXphpVqmN3GRGGWyRDg1BqpT7uHxbROK1RiXjOYvw\/photo\/AF1QipO3UG1fP6Qb8MmrM1H8A--P4f29v0g9CKCesHY?key=WGJjSUJoOVhoV0FLRUlyb1lvWm5GTkc4SHMzUV93\" target=\"_blank\" rel=\"noopener\"><img decoding=\"async\" src=\"https:\/\/lh3.googleusercontent.com\/pw\/AP1GczO_NqMpLZn-IrpVdZMP-IF9ZDpJnywlkfkKkUBWqWhQOcA2VaHBFgB725PVjVQqPGBy3hGFLOHJK9KrdOTxsBpTD_4fDfuznVfESpASu_kmybPiPrJRwjZ3CJ5hAIChqKvSm-ZfXuoz-9JpxdqKQx08=w2000-h1333-s-no-gm?authuser=0\" width=\"2000\" height=\"1333\" alt=\"AMANH\u00c3: Hiroyo Nakamura\" class=\"size-full\" \/><\/a><figcaption class=\"wp-caption-text\">AMANH\u00c3: Hiroyo Nakamura<\/figcaption><\/figure>\n<h4>As Irm\u00e3s Makioka: Hideki Matsuura<\/h4>\n<figure class=\"wp-caption aligncenter\"><a href=\"https:\/\/photos.google.com\/share\/AF1QipM2IK8ubzPJqiK51HJLae3e0uXphpVqmN3GRGGWyRDg1BqpT7uHxbROK1RiXjOYvw\/photo\/AF1QipOTKeMSvYI_EryI0K-8fEvNxXz9Wn-q2umWJXw?key=WGJjSUJoOVhoV0FLRUlyb1lvWm5GTkc4SHMzUV93\" target=\"_blank\" rel=\"noopener\"><img decoding=\"async\" src=\"https:\/\/lh3.googleusercontent.com\/pw\/AP1GczPQqfJO3NBLinnbz3uUZDxU_hJKnKq1uJBWIPcQL_-dnrwOQP2DYHEooRDGPpiSK3vgKnVFitw5iT_z9DWwQILrfC1hWPGSVENjLaP4O9rNMiFpTHqznAwEmhZ9mbCCSMwmR9OdOdmMhBT9g2S15AE3=w2000-h1333-s-no-gm?authuser=0\" width=\"2000\" height=\"1333\" alt=\"As Irm\u00e3s Makioka: Hideki Matsuura\" class=\"size-full\" \/><\/a><figcaption class=\"wp-caption-text\">As Irm\u00e3s Makioka: Hideki Matsuura<\/figcaption><\/figure>\n<h4>Pen\u00ednsula de Noto: Fumiko Kawashima<\/h4>\n<figure class=\"wp-caption aligncenter\"><a href=\"https:\/\/photos.google.com\/share\/AF1QipM2IK8ubzPJqiK51HJLae3e0uXphpVqmN3GRGGWyRDg1BqpT7uHxbROK1RiXjOYvw\/photo\/AF1QipPD8Y4wOtHXiBRBx4O3aaVnCgFa8wkvnOViJlo?key=WGJjSUJoOVhoV0FLRUlyb1lvWm5GTkc4SHMzUV93\" target=\"_blank\" rel=\"noopener\"><img decoding=\"async\" src=\"https:\/\/lh3.googleusercontent.com\/pw\/AP1GczP5CCUyuEEQHu-V2jTXI4kd6eV70QCM9VwaSxmriOAUvv2-iDqPCwp_XjK_TXjwUdsyQBQ5BCCFblp72eXIm_yO8NYSc9n_BPVAc2PoJbvDqPapnRMCEwzFivOyfueep71njBk-sJG379M8UMq7g4g3=w2000-h1333-s-no-gm?authuser=0\" width=\"2000\" height=\"1333\" alt=\"Pen\u00ednsula de Noto: Fumiko Kawashima\" class=\"size-full\" \/><\/a><figcaption class=\"wp-caption-text\">Pen\u00ednsula de Noto: Fumiko Kawashima<\/figcaption><\/figure>\n<h4>O Caminho do Tigre Flor: Kazuo Kimura<\/h4>\n<figure class=\"wp-caption aligncenter\"><a href=\"https:\/\/photos.google.com\/share\/AF1QipM2IK8ubzPJqiK51HJLae3e0uXphpVqmN3GRGGWyRDg1BqpT7uHxbROK1RiXjOYvw\/photo\/AF1QipMRgcCrqkohI-8DDvqM8Ubct_t8beJuM6u8C8k?key=WGJjSUJoOVhoV0FLRUlyb1lvWm5GTkc4SHMzUV93\" target=\"_blank\" rel=\"noopener\"><img decoding=\"async\" src=\"https:\/\/lh3.googleusercontent.com\/pw\/AP1GczM5oFz5eTq2dtWmsoHW2NbaWUoe-iI-eE1UlAVE2W6mLR-rw4xySIoDkkp1kWQQ4SbE0_eIeBQYe5ywdt-q8N-UKtr52fgNljQnvoVzOZxz3dxJAC72igleQh-aZrYu1b-bpxGIeddeOcBz4XUaDbE4=w2000-h1333-s-no-gm?authuser=0\" width=\"2000\" height=\"1333\" alt=\"O Caminho do Tigre Flor: Kazuo Kimura\" class=\"size-full\" \/><\/a><figcaption class=\"wp-caption-text\">O Caminho do Tigre Flor: Kazuo Kimura<\/figcaption><\/figure>\n<h3>Karaok\u00ea: Clube de Karaok\u00ea Hokuryu<\/h3>\n<h4>Mentira: Toshio Ishikawa<\/h4>\n<figure class=\"wp-caption aligncenter\"><a href=\"https:\/\/photos.google.com\/share\/AF1QipM2IK8ubzPJqiK51HJLae3e0uXphpVqmN3GRGGWyRDg1BqpT7uHxbROK1RiXjOYvw\/photo\/AF1QipM-ZyRrWjeCWR2_5QXXeAca9bPF-2fV3yElmF0?key=WGJjSUJoOVhoV0FLRUlyb1lvWm5GTkc4SHMzUV93\" target=\"_blank\" rel=\"noopener\"><img decoding=\"async\" src=\"https:\/\/lh3.googleusercontent.com\/pw\/AP1GczNcjnvvrX9fxd5oIxXy7aY89wLtxxMLK55Op0iSGzUsdKZDn8uIOYW-nj2GNmuOYRBKgwRnRQsqP18IQemZrRR_4KHKq76M0KI8cuAaK0dgMmmf6WHKBvPcNBCc1AlJs_LdWPIgq-tdzCxHO7zKb4_t=w2000-h1333-s-no-gm?authuser=0\" width=\"2000\" height=\"1333\" alt=\"Mentira: Toshio Ishikawa\" class=\"size-full\" \/><\/a><figcaption class=\"wp-caption-text\">Mentira: Toshio Ishikawa<\/figcaption><\/figure>\n<h4>Uma Flor Vermelha: Hiroko Ishii<\/h4>\n<figure class=\"wp-caption aligncenter\"><a href=\"https:\/\/photos.google.com\/share\/AF1QipM2IK8ubzPJqiK51HJLae3e0uXphpVqmN3GRGGWyRDg1BqpT7uHxbROK1RiXjOYvw\/photo\/AF1QipPRLfP_neT9k3IVYWIvXnza59RP_iDUzEs9Byg?key=WGJjSUJoOVhoV0FLRUlyb1lvWm5GTkc4SHMzUV93\" target=\"_blank\" rel=\"noopener\"><img decoding=\"async\" src=\"https:\/\/lh3.googleusercontent.com\/pw\/AP1GczMLSVmq6NC50WudQP5zXSlYrXBeI36G_BMzpfacFZbpb3S5laG878RDoI8dsVJy7bJ0WRAiL-W1Kow9VAOmKZW68YEjJFGubFYtOlzyRkdZGdSN1b1qtAzzzJ9p4M4Nr0hQ1iwGxu7IkJK-fE3_iSqR=w2000-h1333-s-no-gm?authuser=0\" width=\"2000\" height=\"1333\" alt=\"Uma Flor Vermelha: Hiroko Ishii\" class=\"size-full\" \/><\/a><figcaption class=\"wp-caption-text\">Uma Flor Vermelha: Hiroko Ishii<\/figcaption><\/figure>\n<h4>Barraca de comida de rua: Takao Yamada<\/h4>\n<figure class=\"wp-caption aligncenter\"><a href=\"https:\/\/photos.google.com\/share\/AF1QipM2IK8ubzPJqiK51HJLae3e0uXphpVqmN3GRGGWyRDg1BqpT7uHxbROK1RiXjOYvw\/photo\/AF1QipMtW0aqNfW1ofUtKEBo8Y20PrwI-HaX-XbtTq8?key=WGJjSUJoOVhoV0FLRUlyb1lvWm5GTkc4SHMzUV93\" target=\"_blank\" rel=\"noopener\"><img decoding=\"async\" src=\"https:\/\/lh3.googleusercontent.com\/pw\/AP1GczNtdD1qjirXH68bq0jNgZkVPBJhKlk6aRZ1Q61A8RIWMcrToHBqezsunq3unfskKtWQ3y6FFlslm7_Z4fZlN2Z4jiwiJipOem6xeLfLJFo-YbAEEPAFYuIoOtGRagHBzYD62itlZH3bLl1J5zQtrC2w=w2000-h1333-s-no-gm?authuser=0\" width=\"2000\" height=\"1333\" alt=\"Barraca de comida de rua: Takao Yamada\" class=\"size-full\" \/><\/a><figcaption class=\"wp-caption-text\">Barraca de comida de rua: Takao Yamada<\/figcaption><\/figure>\n<h3>Coro: Coro Himawari<\/h3>\n<ul>\n<li>Estamos ensaiando bastante para o nosso concerto anual. Esperamos que o nosso concerto de 10\u00ba anivers\u00e1rio seja memor\u00e1vel e muito agrad\u00e1vel.<\/li>\n<li>Aguardamos a sua presen\u00e7a no evento de s\u00e1bado, 30 de novembro, \u00e0s 14h, no Sal\u00e3o Principal do Centro Comunit\u00e1rio da Cidade de Hokuryu.<\/li>\n<\/ul>\n<figure class=\"wp-caption aligncenter\"><a href=\"https:\/\/photos.google.com\/share\/AF1QipM2IK8ubzPJqiK51HJLae3e0uXphpVqmN3GRGGWyRDg1BqpT7uHxbROK1RiXjOYvw\/photo\/AF1QipN_Rt2SfvFQigj1wsLfmZ00B0xqBMHxq-l6B0g?key=WGJjSUJoOVhoV0FLRUlyb1lvWm5GTkc4SHMzUV93\" target=\"_blank\" rel=\"noopener\"><img decoding=\"async\" src=\"https:\/\/lh3.googleusercontent.com\/pw\/AP1GczPq6KJX75YcbHiQRfmFOsVvDJZcoGHIvF6VzB7RhvtaGQfuUDHn2gyv1im4aJ1pcCK5MnbU8EH3mkwb8OnTxIzA9NzKoiOy6Pkk7tT98biGvMM6UmO_yhMIe-P_HohOmfsXU-pMSTQ9L0t1LD8LNs27=w2000-h1333-s-no-gm?authuser=0\" width=\"2000\" height=\"1333\" alt=\"Coro de Girass\u00f3is\" class=\"size-full\" \/><\/a><figcaption class=\"wp-caption-text\">Coro de Girass\u00f3is<\/figcaption><\/figure>\n<h4>Representante, maestro, acompanhador e int\u00e9rpretes<\/h4>\n<ul>\n<li><strong>Representante:<\/strong>Mitsuko Fujii<\/li>\n<li><strong>Condutor:<\/strong>Tetsujo Yamamoto<\/li>\n<li><strong>Acompanhamento:<\/strong>Tomoyo Kano<\/li>\n<li><strong>Artistas confirmados:<\/strong>Miki Akamatsu, Naoe Oda, Seika Kashiwa, Miho Sakamoto, Toyoko Shinohara, Kazuko Teragaki, Tsubasa Terashima, Sachiko Hirotaki, Ayumi Fukase, Mitsuko Fujii, Naoko Adachi, Hiroko Kawada, Etsuko Saito, Keiko Taniuchi, Hide Doi, Yoko Honda, Mika Sato, Tomoko Sano, Ikuko Sugimoto, Yumiko Takahashi, Hiromi Torigata, Yukie Fujioka<\/li>\n<\/ul>\n<ul>\n<li><strong>M\u00fasica tocada:<\/strong>Sakura, Sonho Estelar, Estrada Rural<\/li>\n<\/ul>\n<figure class=\"wp-caption aligncenter\"><a href=\"https:\/\/photos.google.com\/share\/AF1QipM2IK8ubzPJqiK51HJLae3e0uXphpVqmN3GRGGWyRDg1BqpT7uHxbROK1RiXjOYvw\/photo\/AF1QipM2eRyNLSxEdqQeMBnFjf52ooEwfWv4Ot5mB-s?key=WGJjSUJoOVhoV0FLRUlyb1lvWm5GTkc4SHMzUV93\" target=\"_blank\" rel=\"noopener\"><img decoding=\"async\" src=\"https:\/\/lh3.googleusercontent.com\/pw\/AP1GczNdZluzYp1pQBaoSBDOJSaVL8tqcY-OKUwc4CX23FV8exJcWmi_cTigrU4H2ziocDLghKHQMbPezpmwoZcznziq7pR4Wh-G4ltpqbgdJT8C27Tk0K7ngtYxylDwaUjgR4cli4tRsAzrgRmZLwJE_E-y=w2000-h1333-s-no-gm?authuser=0\" width=\"2000\" height=\"1333\" alt=\"Maestro: Tetsuyoshi Yamamoto\" class=\"size-full\" \/><\/a><figcaption class=\"wp-caption-text\">Maestro: Tetsuyoshi Yamamoto<\/figcaption><\/figure>\n<figure class=\"wp-caption aligncenter\"><a href=\"https:\/\/photos.google.com\/share\/AF1QipM2IK8ubzPJqiK51HJLae3e0uXphpVqmN3GRGGWyRDg1BqpT7uHxbROK1RiXjOYvw\/photo\/AF1QipOxZyfr6ZPdMflvWS6Dbnh3ko01AgqizYb-Qz8?key=WGJjSUJoOVhoV0FLRUlyb1lvWm5GTkc4SHMzUV93\" target=\"_blank\" rel=\"noopener\"><img decoding=\"async\" src=\"https:\/\/lh3.googleusercontent.com\/pw\/AP1GczPzHSaHekXzLtYCAc6vDpajKChIp98d6imzBKOY83tJwLVGgWniZPBDBFktUnmPf6otwZ1KGHfsmQyj5pnaDdDfm1JpvyMgH0v3OdDX1fU9Aw9IdbfrtxE6vprJuPjbtQJP_LiipV3ocPfI2E6Joocs=w2000-h1333-s-no-gm?authuser=0\" width=\"2000\" height=\"1333\" alt=\"Acompanhamento: Tomoyo Shikano\" class=\"size-full\" \/><\/a><figcaption class=\"wp-caption-text\">Acompanhamento: Tomoyo Shikano<\/figcaption><\/figure>\n<h4>Narra\u00e7\u00e3o: Ikuko Sugimoto<\/h4>\n<figure class=\"wp-caption aligncenter\"><a href=\"https:\/\/photos.google.com\/share\/AF1QipM2IK8ubzPJqiK51HJLae3e0uXphpVqmN3GRGGWyRDg1BqpT7uHxbROK1RiXjOYvw\/photo\/AF1QipONhXN4rna-Era6zmFK6liUz6tQj3eEkNorsQQ?key=WGJjSUJoOVhoV0FLRUlyb1lvWm5GTkc4SHMzUV93\"><img decoding=\"async\" src=\"https:\/\/lh3.googleusercontent.com\/pw\/AP1GczO5lqlmPEaVnnGYKhHiQeNXZ846WdtyvxBXw-pH5hMyN0GhZdwm9bft-uZdPMOgAwMReUXFh1TO1TXmy0IgJje9MMbKfNtA6rPF8aGNHOAEMNjfBRPPcAECor65uOgfRJh0dxn0ZVh03cwGjm_0e7fO=w2000-h1333-s-no-gm?authuser=0\" width=\"2000\" height=\"1333\" alt=\"A Sra. Ikuko Sugimoto, que apresentou a m\u00fasica.\" class=\"size-full\" \/><\/a><figcaption class=\"wp-caption-text\">A Sra. Ikuko Sugimoto, que apresentou a m\u00fasica.<\/figcaption><\/figure>\n<p>&quot;Ol\u00e1 a todos! N\u00f3s somos o Coral Himawari. Muito obrigada por assistirem at\u00e9 aqui, quase meio-dia!&quot;<\/p>\n<p>Faremos o nosso melhor para cantar hoje, para que possamos trazer energia e cura para voc\u00eas.<\/p>\n<p>Hoje cantarei tr\u00eas m\u00fasicas. Primeiro, cantarei duas m\u00fasicas da su\u00edte para coro feminino e piano, &quot;Songs for You&quot;, &quot;Sakura&quot; e &quot;Star Dream&quot;.<\/p>\n<p>E a \u00faltima m\u00fasica \u00e9 &quot;Country Road&quot;. Esta \u00e9 uma can\u00e7\u00e3o que n\u00f3s, do Coral Himawari, cantamos em todas as ocasi\u00f5es. \u00c9 uma m\u00fasica na qual temos muita confian\u00e7a e que podemos chamar de nossa especialidade. Por favor, aguardem ansiosamente!&quot;, disse Ikuko Sugimoto, apresentando a can\u00e7\u00e3o.<\/p>\n<figure class=\"wp-caption aligncenter\"><a href=\"https:\/\/photos.google.com\/share\/AF1QipM2IK8ubzPJqiK51HJLae3e0uXphpVqmN3GRGGWyRDg1BqpT7uHxbROK1RiXjOYvw\/photo\/AF1QipMqcJwhfdhvNqNVe6ABjeF5jjIXaG4_Q8G4GU0?key=WGJjSUJoOVhoV0FLRUlyb1lvWm5GTkc4SHMzUV93\" target=\"_blank\" rel=\"noopener\"><img decoding=\"async\" src=\"https:\/\/lh3.googleusercontent.com\/pw\/AP1GczOvnBYyk7j7Yka8kdS-fQre2ochcwv3Njn2vvQes6pJI4ZhIdc2XZHvL2wlRkCI5H3drS3q871vshZ4Ttfo0tiYPqXStM4zK8oQF6iYIyRqtqe7fav03gRxF0X9W33w4PA1wdnUXklZo4afbyGXx85a=w2000-h1333-s-no-gm?authuser=0\" width=\"2000\" height=\"1333\" alt=\"M\u00fasica tema &quot;Country Road&quot;\" class=\"size-full\" \/><\/a><figcaption class=\"wp-caption-text\">M\u00fasica tema &quot;Country Road&quot;<\/figcaption><\/figure>\n<h2>Sess\u00e3o da tarde: 13h30-15h30<\/h2>\n<h3>Taishogoto: Clube Japon\u00eas Taishogoto<\/h3>\n<ul>\n<li>Atualmente, h\u00e1 oito membros.<\/li>\n<li>A Sra. Chikako Kobayashi, que mora na cidade de Fukagawa, sempre nos d\u00e1 orienta\u00e7\u00f5es divertidas e, \u00e0s vezes, rigorosas.<\/li>\n<li>Qualquer pessoa que queira aprender \u00e9 sempre bem-vinda.<\/li>\n<\/ul>\n<h4>Representantes\/Instrutores\/Artistas<\/h4>\n<ul>\n<li><strong>Representante:<\/strong>Junko Yoshida<\/li>\n<li><strong>Instrutor:<\/strong>Chikako Kobayashi<\/li>\n<li><strong>Artistas:<\/strong>Michi Oba, Yoneko Yoshimoto, Yukiko Kitakiyo, Shizu Iwamoto, Junko Yoshida, Chieko Fujisaki, Michie Kanayama e Naoko Nakamura<\/li>\n<\/ul>\n<ul>\n<li><strong>M\u00fasica tocada:<\/strong>Brother Ship Blue Chateau N\u00e3o dispon\u00edvel aos domingos<\/li>\n<\/ul>\n<figure class=\"wp-caption aligncenter\"><a href=\"https:\/\/photos.google.com\/share\/AF1QipM2IK8ubzPJqiK51HJLae3e0uXphpVqmN3GRGGWyRDg1BqpT7uHxbROK1RiXjOYvw\/photo\/AF1QipM4-f8ZxTBXE4M2HFqD-cqEujgOVl8P_Tw3ZzM?key=WGJjSUJoOVhoV0FLRUlyb1lvWm5GTkc4SHMzUV93\" target=\"_blank\" rel=\"noopener\"><img decoding=\"async\" src=\"https:\/\/lh3.googleusercontent.com\/pw\/AP1GczMMyVxlYmxmAxpksWX0DyWvak7k9LprHuXWS42T-wPRMdEiGMNFDzssyx47NcWoeyd-Wg_cRcErjtdTx2ojJhe2IKGl1EvBpHfRRYygJ2iV_6icRIklM4smpzoY8dcE2iFsfo0Au-05opBxrlSak2Sh=w2000-h1333-s-no-gm?authuser=0\" width=\"2000\" height=\"1333\" alt=\"Clube Japon\u00eas Taishogoto\" class=\"size-full\" \/><\/a><figcaption class=\"wp-caption-text\">Clube Japon\u00eas Taishogoto<\/figcaption><\/figure>\n<h3>Taishogoto: Associa\u00e7\u00e3o Midorigoto<\/h3>\n<ul>\n<li>Sob a orienta\u00e7\u00e3o de Chikako Kobayashi, praticamos todas as quintas-feiras, a partir das 14h, durante uma hora, no Centro Hekisui Ikigai.<\/li>\n<li>Tivemos novos membros este ano e eles est\u00e3o gostando muito dos treinos.<\/li>\n<li>Se tiver interesse, venha assistir a um ensaio.<\/li>\n<\/ul>\n<h4>Representantes\/Instrutores\/Artistas<\/h4>\n<ul>\n<li><strong>Representante:<\/strong>Kumiko Asano<\/li>\n<li><strong>Instrutor:<\/strong>Chikako Kobayashi<\/li>\n<li><strong>Artistas:<\/strong>Kumiko Asano, Chiyoe Itagaki, Keiko Kawashima, Etsuko Nagai, Yuki Matsunaga, Ryoko Yamashita<\/li>\n<\/ul>\n<ul>\n<li><strong>M\u00fasica tocada:<\/strong>Grama de duas folhas, esta\u00e7\u00e3o do amor, chiencera<\/li>\n<\/ul>\n<figure class=\"wp-caption aligncenter\"><a href=\"https:\/\/photos.google.com\/share\/AF1QipM2IK8ubzPJqiK51HJLae3e0uXphpVqmN3GRGGWyRDg1BqpT7uHxbROK1RiXjOYvw\/photo\/AF1QipMjkA1BYtY8B673qyJDMl5FCLIc4LgoGd_P25o?key=WGJjSUJoOVhoV0FLRUlyb1lvWm5GTkc4SHMzUV93\" target=\"_blank\" rel=\"noopener\"><img decoding=\"async\" src=\"https:\/\/lh3.googleusercontent.com\/pw\/AP1GczNRNERemHoxoGOfMG-uNYBEwT-SSMD4X0zDdylk5ZEhGLST4l6OVms1t7rh2y2D19a8vQHORavgzGmW-IBcJhXQT5vYShe9e8ybFsFIw-b8AIZT4px7sXRPTdm8MqBWnsLPbd32JDYVh1LsVAgldJVH=w2000-h1333-s-no-gm?authuser=0\" width=\"2000\" height=\"1333\" alt=\"Associa\u00e7\u00e3o Midori Koto\" class=\"size-full\" \/><\/a><figcaption class=\"wp-caption-text\">Associa\u00e7\u00e3o Midori Koto<\/figcaption><\/figure>\n<h3>Coro: C\u00edrculo de Conversa\u00e7\u00e3o em Ingl\u00eas<\/h3>\n<ul>\n<li>Todos os s\u00e1bados, o Sr. Sel d\u00e1 aulas de ingl\u00eas na sala de confer\u00eancias do Centro Kaizen, das 18h \u00e0s 19h.<\/li>\n<li>Atualmente, o grupo \u00e9 composto por tr\u00eas membros. Se tiver interesse, venha conhecer.<\/li>\n<\/ul>\n<h4>Representante\/Artista<\/h4>\n<ul>\n<li><strong>Representante:<\/strong>Ocultar Doi<\/li>\n<li><strong>Artistas:<\/strong>Tolentino Joe Circampiado, Toyoko Shinohara e Hide Doi<\/li>\n<\/ul>\n<ul>\n<li><strong>M\u00fasica tocada:<\/strong>Que mundo maravilhoso\u30fbEstradas rurais<\/li>\n<\/ul>\n<figure class=\"wp-caption aligncenter\"><a href=\"https:\/\/photos.google.com\/share\/AF1QipM2IK8ubzPJqiK51HJLae3e0uXphpVqmN3GRGGWyRDg1BqpT7uHxbROK1RiXjOYvw\/photo\/AF1QipO469sHgyJSI3wkvAS8uY9J6UYgAo5geB17KCM?key=WGJjSUJoOVhoV0FLRUlyb1lvWm5GTkc4SHMzUV93\" target=\"_blank\" rel=\"noopener\"><img decoding=\"async\" src=\"https:\/\/lh3.googleusercontent.com\/pw\/AP1GczN1EZ50W0YOTPoog246smnJednDw7GhNhJiDLHLJB2q6fEb2nddplychhRcbDC70fbv1Ls4kU6B6qcJr6TzKTwLSdKnAJUJ_wjaB_VIKNmPeVV5Tupmbfb-mkPvoBwdw-aTk2NcxNq8gwf5TcgFvjiE=w2000-h1333-s-no-gm?authuser=0\" width=\"2000\" height=\"1333\" alt=\"C\u00edrculo de conversa\u00e7\u00e3o em ingl\u00eas\" class=\"size-full\" \/><\/a><figcaption class=\"wp-caption-text\">C\u00edrculo de conversa\u00e7\u00e3o em ingl\u00eas<\/figcaption><\/figure>\n<h3>Shigin: Academia Shigin do Jap\u00e3o Gakufukai, Associa\u00e7\u00e3o Fukagawa Shigin Hokuryu Dojo<\/h3>\n<ul>\n<li>Somos quatro membros e ensaiamos em domingos alternados a partir das 18h. No inverno, ensaiamos a partir das 14h.\n<li>\n<li>O Shigin deste ano ser\u00e1 uma s\u00e9rie de can\u00e7\u00f5es populares e folcl\u00f3ricas para serem apreciadas tanto pelos artistas quanto pelo p\u00fablico.<\/li>\n<\/ul>\n<h4>Representante\/Artista<\/h4>\n<ul>\n<li><strong>Representante:<\/strong>Isao Hoshiba<\/li>\n<li><strong>Artistas:<\/strong>Kazuo Kimura, Ryoji Kikura, Isao Hoshiba e Yukitake Kanayama<\/li>\n<\/ul>\n<ul>\n<li><strong>Programa:<\/strong>Can\u00e7\u00e3o de Ninar de Akagi, Can\u00e7\u00e3o do Barqueiro, Viagem a Shiretoko, Lan\u00e7a Famosa Nihon-go, Esp\u00edrito da Poesia<\/li>\n<\/ul>\n<figure class=\"wp-caption aligncenter\"><a href=\"https:\/\/photos.google.com\/share\/AF1QipM2IK8ubzPJqiK51HJLae3e0uXphpVqmN3GRGGWyRDg1BqpT7uHxbROK1RiXjOYvw\/photo\/AF1QipOoU3E3_rGRJlzSIEwwaVl5SmTSP4a7envJn0M?key=WGJjSUJoOVhoV0FLRUlyb1lvWm5GTkc4SHMzUV93\" target=\"_blank\" rel=\"noopener\"><img decoding=\"async\" src=\"https:\/\/lh3.googleusercontent.com\/pw\/AP1GczNaQtRs4efn2daDTseH4Pt7UZYXxiWN3v1eEz5z7t5XAIXEuQUoxn7Isk9g8n8O3_4sqTWdSAYbz74RoBVxsZmRsAEKmt1BKNC1rCHYSU-9xs7eOxnKMVZrx-GFDF9m5Q2zZpGwi5r4DmfB-noBV64h=w2000-h1333-s-no-gm?authuser=0\" width=\"2000\" height=\"1333\" alt=\"Associa\u00e7\u00e3o Fukagawa Shigin Hokuryu Dojo\" class=\"size-full\" \/><\/a><figcaption class=\"wp-caption-text\">Associa\u00e7\u00e3o Fukagawa Shigin Hokuryu Dojo<\/figcaption><\/figure>\n<h3>Kendama: Clube Hokuryu Kendama<\/h3>\n<ul>\n<li>Todas as ter\u00e7as-feiras temos atividades divertidas.<\/li>\n<li>Al\u00e9m do kendama, que \u00e9 uma competi\u00e7\u00e3o de habilidades, tamb\u00e9m incorporamos v\u00e1rios outros jogos usando o kendama, e nosso objetivo \u00e9 &quot;animar a cidade com kendama!&quot;, permitindo que pessoas de todas as idades interajam por meio dele.<\/li>\n<li>Estamos trabalhando para tornar o Kendama agrad\u00e1vel at\u00e9 mesmo para aqueles que n\u00e3o s\u00e3o bons nisso, ent\u00e3o se voc\u00ea estiver interessado em Kendama, de crian\u00e7as a adultos, entre em contato conosco.<\/li>\n<\/ul>\n<h4>Representantes e artistas agendados<\/h4>\n<ul>\n<li><strong>Representante:<\/strong>Naoki Kishi<\/li>\n<li><strong>Artistas confirmados:<\/strong>Sakiya Fujii, Seiya Fujii, Ryu Tanimoto, Sakura Tanimoto, Miku Myojo, Sakura Takigami, Rina Sato, Keita Takahashi e Naoki Kishi<\/li>\n<\/ul>\n<figure class=\"wp-caption aligncenter\"><a href=\"https:\/\/photos.google.com\/share\/AF1QipM2IK8ubzPJqiK51HJLae3e0uXphpVqmN3GRGGWyRDg1BqpT7uHxbROK1RiXjOYvw\/photo\/AF1QipNhDKihmb4SEOWsOwa7wWQhTuQqmrjoOtAXQXU?key=WGJjSUJoOVhoV0FLRUlyb1lvWm5GTkc4SHMzUV93\" target=\"_blank\" rel=\"noopener\"><img decoding=\"async\" src=\"https:\/\/lh3.googleusercontent.com\/pw\/AP1GczO2om00SGnfmwhHWqG3PcbRw1SZUoLgaf9rNSMQmBRrCeL8E1u-ISMq8ms26iQPClck1OjmNTMRc-FFiAPKU6Z0hyqqxuUsQKiSNOISlXcKyj1o-6c7sdRzHpT-qLP8cLX-ZABNnIJTFStJCCKcUwDq=w2000-h1333-s-no-gm?authuser=0\" width=\"2000\" height=\"1333\" alt=\"Clube Hokuryu Kendama\" class=\"size-full\" \/><\/a><figcaption class=\"wp-caption-text\">Clube Hokuryu Kendama<\/figcaption><\/figure>\n<h3>Tambores: Hokuryu Taiko<\/h3>\n<ul>\n<li>Estou me dedicando bastante \u00e0 minha pr\u00e1tica para que possa continuar com um entusiasmo renovado. Embora isso n\u00e3o tenha resultado em um aumento no n\u00famero de membros, sou grato pela oportunidade de proporcionar \u00e0s pessoas a chance de vivenciar a percuss\u00e3o japonesa em diversas ocasi\u00f5es.<\/li>\n<li>Agradecemos os convites para nos apresentarmos em diversos eventos. Planejamos experimentar m\u00fasicas novas, bem como m\u00fasicas j\u00e1 conhecidas.<\/li>\n<li>Se tiver interesse, venha assistir ou experimentar a aula. Praticamos todas as quartas e sextas-feiras, das 19h \u00e0s 21h, no Centro Hekisui Ikigai.<\/li>\n<li>Primeiro, vou tocar duas m\u00fasicas seguidas.<\/li>\n<\/li>\n<p>Antes disso, voc\u00ea reparou nos tambores que t\u00eam tamanhos e cores diferentes? Este tambor foi-me oferecido pela fam\u00edlia de Takamasa Hatta como parte de sua heran\u00e7a. Ele n\u00e3o pode ser usado em um suporte horizontal, ent\u00e3o eu fiz um suporte para ele.<\/li>\n<li>Hoje, vamos apresentar os tambores taiko e, ao mesmo tempo, um novo membro far\u00e1 sua estreia. Seu nome \u00e9 Yutaku Hashida, aluno do segundo ano do ensino fundamental. Ele vem praticando muito desde a primavera. Por favor, apoiem-no com carinho e deem-lhe uma grande salva de palmas.<\/li>\n<\/ul>\n<h4>Representantes e artistas agendados<\/h4>\n<ul>\n<li><strong>Representante:<\/strong>Hiroyo Nakamura<\/li>\n<li><strong>Artistas confirmados:<\/strong>Yuta Yoshida, Rikka Yoshida, Mio Yoshida, Shungo Hayashi, Rio Hayashi, Ryota Saito, Toshiki Okabe, Atsuhiro Nakamura, Chihiro Itagaki, Keita Takahashi, Kimiko Ukai, Fusako Miyakozawa e Hiroyo Nakamura<\/li>\n<\/ul>\n<ul>\n<li><strong>Programa:<\/strong>Prosperidade do Norte, Tambores da Celebra\u00e7\u00e3o da Colheita, Drag\u00e3o Voador<\/li>\n<\/ul>\n<figure class=\"wp-caption aligncenter\"><a href=\"https:\/\/photos.google.com\/share\/AF1QipM2IK8ubzPJqiK51HJLae3e0uXphpVqmN3GRGGWyRDg1BqpT7uHxbROK1RiXjOYvw\/photo\/AF1QipN2C466SzbD0V4Jcyq6SJtqFV5bmzDcQWyWGt0?key=WGJjSUJoOVhoV0FLRUlyb1lvWm5GTkc4SHMzUV93\" target=\"_blank\" rel=\"noopener\"><img decoding=\"async\" src=\"https:\/\/lh3.googleusercontent.com\/pw\/AP1GczObE1wgMwPDgyg1swSL79zQFoOy3hIvP8ZbSvy1NyNUwApvy3JRarbxDZxCoQT_rd32fxdivMKlmuPnS4oSqAiHQNoZLriMu1EiJQ07tAKIpK8SwA8gp4nMMCb08uzJRZq987qJmYPLNTfLHiitkGnK=w2000-h1333-s-no-gm?authuser=0\" width=\"2000\" height=\"1333\" alt=\"Hokuryu Taiko\" class=\"size-full\" \/><\/a><figcaption class=\"wp-caption-text\">Hokuryu Taiko<\/figcaption><\/figure>\n<figure class=\"wp-caption aligncenter\"><a href=\"https:\/\/photos.google.com\/share\/AF1QipM2IK8ubzPJqiK51HJLae3e0uXphpVqmN3GRGGWyRDg1BqpT7uHxbROK1RiXjOYvw\/photo\/AF1QipOgBNt_uxsUXTffbIoxrPkqetb_2-vCaWkmriQ?key=WGJjSUJoOVhoV0FLRUlyb1lvWm5GTkc4SHMzUV93\" target=\"_blank\" rel=\"noopener\"><img decoding=\"async\" src=\"https:\/\/lh3.googleusercontent.com\/pw\/AP1GczOe4DSPToth16BQxZBwMM0tBo4Zxi0HDsLbIiEDmRKVozeDa1CGMZ4KDeibyzQfHWwOCLzX4BV2J1PN8Fmq9Zq4ss1K0H14oxcGahkkzHWg5QQpPDq14sYxvAIlIpHyFmzMzNJPy-c2I1NTtD_MW3RD=w2000-h1333-s-no-gm?authuser=0\" width=\"2000\" height=\"1333\" alt=\"Uma salva de palmas emocionante!\" class=\"size-full\" \/><\/a><figcaption class=\"wp-caption-text\">Uma salva de palmas emocionante!<\/figcaption><\/figure>\n<h2>Programa de Artes C\u00eanicas e Cerim\u00f4nia de Encerramento<\/h2>\n<h3>Sauda\u00e7\u00f5es do Vice-Presidente do Comit\u00ea Executivo, Hiroyo Nakamura.<\/h3>\n<figure class=\"wp-caption aligncenter\"><a href=\"https:\/\/photos.google.com\/share\/AF1QipM2IK8ubzPJqiK51HJLae3e0uXphpVqmN3GRGGWyRDg1BqpT7uHxbROK1RiXjOYvw\/photo\/AF1QipPevVe7ZLcD6KPxi1epqrigVsb_mM1QxxLKcrI?key=WGJjSUJoOVhoV0FLRUlyb1lvWm5GTkc4SHMzUV93\" target=\"_blank\" rel=\"noopener\"><img decoding=\"async\" src=\"https:\/\/lh3.googleusercontent.com\/pw\/AP1GczO0vq3Z-kY8mhYjNOJjoawQj_unv2ZMmEHycuOK7INezxXlZa24NWGIPkks-CZg_XjvnNS0-b3Ypl8QscQoFwvB1oz1UM6htoK86RT5_N7pjXRYwSD39e2ehMs6Z5NKMZ-JJ9iwtFGFZj8AIE2xDtgA=w2000-h1333-s-no-gm?authuser=0\" width=\"2000\" height=\"1333\" alt=\"Uma salva de palmas emocionante!\" class=\"size-full\" \/><\/a><figcaption class=\"wp-caption-text\">Uma salva de palmas emocionante!<\/figcaption><\/figure>\n<p>&quot;Agradecemos a todos por assistirem \u00e0 apresenta\u00e7\u00e3o de tambores taiko at\u00e9 o final. Conseguimos realizar o festival cultural ontem e hoje, como todos os anos, e gostar\u00edamos de expressar nossa gratid\u00e3o a todos voc\u00eas por isso.&quot;<\/p>\n<p>Acho que muitas crian\u00e7as vieram assistir ao filme ontem. Foi uma pena que n\u00e3o tenha havido o show do Drag\u00e3o do Norte, mas aguardamos ansiosamente o pr\u00f3ximo.<\/p>\n<p>Estive analisando os trabalhos desde ontem e gostaria de expressar minha sincera gratid\u00e3o a todos, de cada grupo, desde crian\u00e7as at\u00e9 idosos, que enviaram suas obras.<\/p>\n<p>Voc\u00ea deve ter notado que a popula\u00e7\u00e3o da cidade cresceu ao longo dos anos, chegando a cerca de 1.600 pessoas. H\u00e1 pouco menos de 200 crian\u00e7as, desde beb\u00eas at\u00e9 estudantes do ensino m\u00e9dio. Agradecemos que todos estejam com boa sa\u00fade e possam comparecer ao evento.<\/p>\n<p>Gostar\u00edamos tamb\u00e9m de expressar nossa gratid\u00e3o \u00e0 Associa\u00e7\u00e3o de Mulheres (Conselho de Liga\u00e7\u00e3o das Mulheres da Cidade de Hokuryu) por sua coopera\u00e7\u00e3o para o sucesso do bazar.<\/p>\n<p>Espero ver todos voc\u00eas novamente no pr\u00f3ximo ano. Acredito que a raz\u00e3o pela qual podemos continuar com este festival cultural \u00e9 se cada um de voc\u00eas pensar: &quot;Vou me apresentar ou expor no pr\u00f3ximo ano!&quot;<\/p>\n<p>O motivo do n\u00famero reduzido de crian\u00e7as desta vez \u00e9 que eventos est\u00e3o sendo realizados em outras cidades simultaneamente, mas, dependendo do calend\u00e1rio do pr\u00f3ximo ano, \u00e9 poss\u00edvel que mais pessoas possam participar. Gostaria de concluir minhas palavras de hoje pedindo a todos que cuidem da sa\u00fade e espero sinceramente que possamos nos encontrar aqui novamente no pr\u00f3ximo ano.<br \/>\nMuito obrigado por esses dois dias.<\/p>\n<p>Depois disso, como nos anos anteriores, teremos a distribui\u00e7\u00e3o de p\u00e3o, ent\u00e3o vamos prepar\u00e1-lo.<br \/>\n&quot;Talvez n\u00e3o tenhamos gente suficiente, mas, por favor, tomem cuidado para n\u00e3o se empurrarem ou se atropelarem, e esperamos que todos cooperem e se divirtam muito. Muito obrigado por terem vindo hoje!&quot;, disse o vice-presidente do Comit\u00ea Executivo, Nakamura Hiroyo, em sua sauda\u00e7\u00e3o.<\/p>\n<h3>P\u00e3o espalhado<\/h3>\n<p>Por fim, o evento terminou com a distribui\u00e7\u00e3o dos p\u00e3es de Rich Kobo.<\/p>\n<figure class=\"wp-caption aligncenter\"><a href=\"https:\/\/photos.google.com\/share\/AF1QipM2IK8ubzPJqiK51HJLae3e0uXphpVqmN3GRGGWyRDg1BqpT7uHxbROK1RiXjOYvw\/photo\/AF1QipOPIzlLzqV5MRFnI37AU1sl7wOVHshclFUmWvM?key=WGJjSUJoOVhoV0FLRUlyb1lvWm5GTkc4SHMzUV93\" target=\"_blank\" rel=\"noopener\"><img decoding=\"async\" src=\"https:\/\/lh3.googleusercontent.com\/pw\/AP1GczO4ZGEovTVRuirn8GwcDxs8Hdf5E4E7N2x0qplYK5myXAzffPyPbjHQi9g22WfsrAXap9-abrXaNjWbHXQXNI3-KnwHYgoOLp7uw8mBCNggZ_GdbyupT3RdDzEaSO5eIch1NB9hOsDJgT96pxJWCsge=w2000-h1500-s-no-gm?authuser=0\" width=\"2000\" height=\"1500\" alt=\"P\u00e3o espalhado\" class=\"size-full\" \/><\/a><figcaption class=\"wp-caption-text\">P\u00e3o espalhado<\/figcaption><\/figure>\n<p>O Festival Cultural dos Cidad\u00e3os da Cidade de Hokuryu \u00e9 um espa\u00e7o onde os moradores, fruto de um ano de trabalho \u00e1rduo e alegria, podem apresentar suas magn\u00edficas artes c\u00eanicas e obras. \u00c9 um momento maravilhoso para compartilhar emo\u00e7\u00f5es e alegrias, e enviamos nosso amor, gratid\u00e3o e ora\u00e7\u00f5es incondicionalmente para esta ocasi\u00e3o especial.<\/p>\n<figure class=\"wp-caption aligncenter\"><a href=\"https:\/\/photos.google.com\/share\/AF1QipM2IK8ubzPJqiK51HJLae3e0uXphpVqmN3GRGGWyRDg1BqpT7uHxbROK1RiXjOYvw\/photo\/AF1QipPb7G4lkkadQY7Vrpg0x1TdyV9xun5-KuK_nQY?key=WGJjSUJoOVhoV0FLRUlyb1lvWm5GTkc4SHMzUV93\" target=\"_blank\" rel=\"noopener\"><img decoding=\"async\" src=\"https:\/\/lh3.googleusercontent.com\/pw\/AP1GczOSthCV1ef8HiviCWqex_HH5PZZjPi7SjXhLaUqoZYPFAAjNz-nlUsm7Cf3jZ-lu7ZpsUwCE_e6MgRNa_z-n2Hb_eZlxEpngxhCXB8IyUX_uy8xyb9o4HKUNc8d-s7EUVOWUjU58dDiT4jIIMBqZSZ4=w2000-h1500-s-no-gm?authuser=0\" width=\"2000\" height=\"1500\" alt=\"Uma luz sagrada inunda a floresta sagrada!\" class=\"size-full\" \/><\/a><figcaption class=\"wp-caption-text\">Uma luz sagrada inunda a floresta sagrada!<\/figcaption><\/figure>\n<h2>v\u00eddeos do YouTube<\/h2>\n<div class=\"youtube\"><iframe title=\"O 47\u00ba Festival Cultural da Cidade de Hokuryu 2024 &quot;Apresenta\u00e7\u00e3o e Performance&quot; - Um momento maravilhoso compartilhando muitas emo\u00e7\u00f5es e alegrias.\" src=\"https:\/\/www.youtube.com\/embed\/pJ9hJTMHT54?feature=oembed\" frameborder=\"0\" allow=\"accelerometer; autoplay; clipboard-write; encrypted-media; gyroscope; picture-in-picture; web-share\" referrerpolicy=\"strict-origin-when-cross-origin\" allowfullscreen><\/iframe><\/div>\n<h2>Fotos do Festival Cultural da Cidade &quot;Exposi\u00e7\u00e3o e Apresenta\u00e7\u00e3o&quot; e &quot;Apresenta\u00e7\u00e3o de Performance&quot;<\/h2>\n<div class=\"img-move\">\n<img decoding=\"async\" src=\"https:\/\/ehokkaido.net\/wp-content\/uploads\/2021\/12\/2021-12-06-11.41.12.png\" style=\"vertical-align:middle;\"> <a href=\"https:\/\/photos.app.goo.gl\/utQbH4MLP2YQPpeB8\" target=\"_blank\" rel=\"noopener noreferrer\">46\u00ba Festival Cultural da Cidade de Hokuryu - Todas as Obras Expostas 2023 (279 pe\u00e7as)<\/a><br \/>\n<img decoding=\"async\" src=\"https:\/\/ehokkaido.net\/wp-content\/uploads\/2021\/12\/2021-12-06-11.41.12.png\" style=\"vertical-align:middle;\"> <a href=\"https:\/\/photos.app.goo.gl\/VAZGonY2JXGddaLFA\" target=\"_blank\" rel=\"noopener noreferrer\">46\u00ba Festival Cultural e de Artes C\u00eanicas da Cidade de Hokuryu 2023 (56 fotos)<\/a><br \/>\n<img decoding=\"async\" src=\"https:\/\/ehokkaido.net\/wp-content\/uploads\/2021\/12\/2021-12-06-11.41.12.png\" style=\"vertical-align:middle;\"> <a href=\"https:\/\/photos.app.goo.gl\/wMNiGKxujYEMRWVH6\" target=\"_blank\" rel=\"noopener noreferrer\">45\u00ba Festival Cultural da Cidade de Hokuryu - Todas as Obras Expostas 2022 (142 pe\u00e7as)<\/a><br \/>\n<img decoding=\"async\" src=\"https:\/\/ehokkaido.net\/wp-content\/uploads\/2021\/12\/2021-12-06-11.41.12.png\" style=\"vertical-align:middle;\"> <a href=\"https:\/\/photos.app.goo.gl\/T9Epy3pqwXj2F6m29\" target=\"_blank\" rel=\"noopener noreferrer\">45\u00ba Festival Cultural e de Artes C\u00eanicas da Cidade de Hokuryu 2022 (201 fotos)<\/a><br \/>\n<img decoding=\"async\" src=\"https:\/\/ehokkaido.net\/wp-content\/uploads\/2021\/12\/2021-12-06-11.41.12.png\" style=\"vertical-align:middle;\">[Cancelado] 44\u00ba Festival Cultural da Cidade de Hokuryu 2021<br \/>\n<img decoding=\"async\" src=\"https:\/\/ehokkaido.net\/wp-content\/uploads\/2021\/12\/2021-12-06-11.41.12.png\" style=\"vertical-align:middle;\">[Cancelado] 43\u00ba Festival Cultural da Cidade de Hokuryu 2020<br \/>\n<img decoding=\"async\" src=\"https:\/\/ehokkaido.net\/wp-content\/uploads\/2021\/12\/2021-12-06-11.41.12.png\" style=\"vertical-align:middle;\"> <a href=\"https:\/\/photos.app.goo.gl\/ZjeCpbXrz8BQ4G2V6\" target=\"_blank\" rel=\"noopener noreferrer\">42\u00ba Festival Cultural da Cidade de Hokuryu - Todas as Obras Expostas 2019 (296 fotos)<\/a><br \/>\n<img decoding=\"async\" src=\"https:\/\/ehokkaido.net\/wp-content\/uploads\/2021\/12\/2021-12-06-11.41.12.png\" style=\"vertical-align:middle;\"> <a href=\"https:\/\/photos.app.goo.gl\/qc8Qiyom2tmKb6786\" target=\"_blank\" rel=\"noopener noreferrer\">41\u00ba Festival Cultural da Cidade de Hokuryu - Todas as Obras Expostas 2018 (328 pe\u00e7as)<\/a><br \/>\n<img decoding=\"async\" src=\"https:\/\/ehokkaido.net\/wp-content\/uploads\/2021\/12\/2021-12-06-11.41.12.png\" style=\"vertical-align:middle;\"> <a href=\"https:\/\/photos.app.goo.gl\/zG2Lgtirz2uLQvpA9\" target=\"_blank\" rel=\"noopener noreferrer\">41\u00ba Festival Cultural e de Artes C\u00eanicas da Cidade de Hokuryu 2018 (277 fotos)<\/a><br \/>\n<img decoding=\"async\" src=\"https:\/\/ehokkaido.net\/wp-content\/uploads\/2021\/12\/2021-12-06-11.41.12.png\" style=\"vertical-align:middle;\"> <a href=\"https:\/\/photos.app.goo.gl\/i5hX4lC2nPpVyC6g1\" target=\"_blank\" rel=\"noopener noreferrer\">40\u00ba Festival Cultural da Cidade de Hokuryu - Todas as Obras Expostas 2017 (333 fotos)<\/a><br \/>\n<img decoding=\"async\" src=\"https:\/\/ehokkaido.net\/wp-content\/uploads\/2021\/12\/2021-12-06-11.41.12.png\" style=\"vertical-align:middle;\"> <a href=\"https:\/\/goo.gl\/photos\/uRYKXR3uZ1UPj4Uj6\" target=\"_blank\" rel=\"noopener noreferrer\">39\u00ba Festival Cultural da Cidade de Hokuryu: Todas as Obras Expostas em 2016 (396 pe\u00e7as)<\/a><br \/>\n<img decoding=\"async\" src=\"https:\/\/ehokkaido.net\/wp-content\/uploads\/2021\/12\/2021-12-06-11.41.12.png\" style=\"vertical-align:middle;\"> <a href=\"https:\/\/goo.gl\/photos\/qtZBRGxo51MyW2Pf9\" target=\"_blank\" rel=\"noopener noreferrer\">38\u00ba Festival Cultural da Cidade de Hokuryu: Todas as Obras Expostas em 2015 (364 fotos)<\/a><br \/>\n<img decoding=\"async\" src=\"https:\/\/ehokkaido.net\/wp-content\/uploads\/2021\/12\/2021-12-06-11.41.12.png\" style=\"vertical-align:middle;\"> <a href=\"https:\/\/goo.gl\/photos\/e7eqxj4kTX9PDRS38\" target=\"_blank\" rel=\"noopener noreferrer\">37\u00ba Festival Cultural da Cidade de Hokuryu: Todas as Obras Expostas em 2014 (328 pe\u00e7as)<\/a><br \/>\n<img decoding=\"async\" src=\"https:\/\/ehokkaido.net\/wp-content\/uploads\/2021\/12\/2021-12-06-11.41.12.png\" style=\"vertical-align:middle;\"> <a href=\"https:\/\/goo.gl\/photos\/fp9bndprt8JZrrmR7\" target=\"_blank\" rel=\"noopener noreferrer\">36\u00ba Festival Cultural da Cidade de Hokuryu: Todas as Obras Expostas em 2013 (230 pe\u00e7as)<\/a><br \/>\n<img decoding=\"async\" src=\"https:\/\/ehokkaido.net\/wp-content\/uploads\/2021\/12\/2021-12-06-11.41.12.png\" style=\"vertical-align:middle;\"> <a href=\"https:\/\/get.google.com\/albumarchive\/108148978666065634675\/album\/AF1QipOMsyPn2tsGjy0CFGfwQCVt800_HWkbuNBtzdQ\" target=\"_blank\" rel=\"noopener noreferrer\">35\u00ba Festival Cultural da Cidade de Hokuryu: Todas as Obras Expostas em 2012 (133 pe\u00e7as)<\/a><br \/>\n<img decoding=\"async\" src=\"https:\/\/ehokkaido.net\/wp-content\/uploads\/2021\/12\/2021-12-06-11.41.12.png\" style=\"vertical-align:middle;\"> <a href=\"https:\/\/get.google.com\/albumarchive\/108148978666065634675\/album\/AF1QipPlGYprMCFs62CHqrlREv6orIyuWU_3mX09IyY\" target=\"_blank\" rel=\"noopener noreferrer\">34\u00ba Festival Cultural da Cidade de Hokuryu - Todas as Obras Expostas 2011 (43 pe\u00e7as)<\/a><br \/>\n<img decoding=\"async\" src=\"https:\/\/ehokkaido.net\/wp-content\/uploads\/2021\/12\/2021-12-06-11.41.12.png\" style=\"vertical-align:middle;\"> <a href=\"https:\/\/www.youtube.com\/watch?v=4iIiZFNbqsw\" target=\"_blank\" rel=\"noopener noreferrer\">33\u00ba Festival Cultural da Cidade de Hokuryu, YouTube 2010 (2:42)<\/a>\n<\/div>\n<h2>Artigos relacionados<\/h2>\n\n        <div class=\"site-blogcard-premium\">\n            <div class=\"bc-label-custom\">Artigos relacionados<\/div>\n            <div class=\"bc-flex-container\">\n                <div class=\"bc-main-text\">\n                    <div class=\"bc-title-link-box\">\n                        <a href=\"https:\/\/portal.hokuryu.info\/pt\/39352\/\" target=\"_blank\">https:\/\/portal.hokuryu.info\/39352<\/a>\n                    <\/div>\n                    <div class=\"bc-excerpt-box\">N\u00e3o foi poss\u00edvel recuperar as informa\u00e7\u00f5es da p\u00e1gina.<\/div>\n                <\/div>\n                <div class=\"bc-thumbnail-box\">\n                    <a href=\"https:\/\/portal.hokuryu.info\/pt\/39352\/\" target=\"_blank\">\n                        <div class=\"bc-img-zoom-wrap\">\n                            <img decoding=\"async\" src=\"https:\/\/portal.hokuryu.info\/wp\/wp-content\/uploads\/2026\/02\/20230802DSC06445_1.jpg\" alt=\"https:\/\/portal.hokuryu.info\/39352\">\n                        <\/div>\n                    <\/a>\n                <\/div>\n            <\/div>\n        <\/div>\n\n        <div class=\"site-blogcard-premium\">\n            <div class=\"bc-label-custom\">Artigos relacionados<\/div>\n            <div class=\"bc-flex-container\">\n                <div class=\"bc-main-text\">\n                    <div class=\"bc-title-link-box\">\n                        <a href=\"https:\/\/portal.hokuryu.info\/pt\/39269\/\" target=\"_blank\">https:\/\/portal.hokuryu.info\/39269<\/a>\n                    <\/div>\n                    <div class=\"bc-excerpt-box\">N\u00e3o foi poss\u00edvel recuperar as informa\u00e7\u00f5es da p\u00e1gina.<\/div>\n                <\/div>\n                <div class=\"bc-thumbnail-box\">\n                    <a href=\"https:\/\/portal.hokuryu.info\/pt\/39269\/\" target=\"_blank\">\n                        <div class=\"bc-img-zoom-wrap\">\n                            <img decoding=\"async\" src=\"https:\/\/portal.hokuryu.info\/wp\/wp-content\/uploads\/2026\/02\/20230802DSC06445_1.jpg\" alt=\"https:\/\/portal.hokuryu.info\/39269\">\n                        <\/div>\n                    <\/a>\n                <\/div>\n            <\/div>\n        <\/div>\n\n        <div class=\"site-blogcard-premium\">\n            <div class=\"bc-label-custom\">Artigos relacionados<\/div>\n            <div class=\"bc-flex-container\">\n                <div class=\"bc-main-text\">\n                    <div class=\"bc-title-link-box\">\n                        <a href=\"https:\/\/portal.hokuryu.info\/pt\/25974\/\" target=\"_blank\">https:\/\/portal.hokuryu.info\/25974<\/a>\n                    <\/div>\n                    <div class=\"bc-excerpt-box\">N\u00e3o foi poss\u00edvel recuperar as informa\u00e7\u00f5es da p\u00e1gina.<\/div>\n                <\/div>\n                <div class=\"bc-thumbnail-box\">\n                    <a href=\"https:\/\/portal.hokuryu.info\/pt\/25974\/\" target=\"_blank\">\n                        <div class=\"bc-img-zoom-wrap\">\n                            <img decoding=\"async\" src=\"https:\/\/portal.hokuryu.info\/wp\/wp-content\/uploads\/2026\/02\/20230802DSC06445_1.jpg\" alt=\"https:\/\/portal.hokuryu.info\/25974\">\n                        <\/div>\n                    <\/a>\n                <\/div>\n            <\/div>\n        <\/div>\n\n        <div class=\"site-blogcard-premium\">\n            <div class=\"bc-label-custom\">Artigos relacionados<\/div>\n            <div class=\"bc-flex-container\">\n                <div class=\"bc-main-text\">\n                    <div class=\"bc-title-link-box\">\n                        <a href=\"https:\/\/portal.hokuryu.info\/pt\/treasure\/20191105\/\" target=\"_blank\">https:\/\/portal.hokuryu.info\/treasure\/20191105<\/a>\n                    <\/div>\n                    <div class=\"bc-excerpt-box\">N\u00e3o foi poss\u00edvel recuperar as informa\u00e7\u00f5es da p\u00e1gina.<\/div>\n                <\/div>\n                <div class=\"bc-thumbnail-box\">\n                    <a href=\"https:\/\/portal.hokuryu.info\/pt\/treasure\/20191105\/\" target=\"_blank\">\n                        <div class=\"bc-img-zoom-wrap\">\n                            <img decoding=\"async\" src=\"https:\/\/portal.hokuryu.info\/wp\/wp-content\/uploads\/2026\/02\/20230802DSC06445_1.jpg\" alt=\"https:\/\/portal.hokuryu.info\/treasure\/20191105\">\n                        <\/div>\n                    <\/a>\n                <\/div>\n            <\/div>\n        <\/div>\n\n        <div class=\"site-blogcard-premium\">\n            <div class=\"bc-label-custom\">Artigos relacionados<\/div>\n            <div class=\"bc-flex-container\">\n                <div class=\"bc-main-text\">\n                    <div class=\"bc-title-link-box\">\n                        <a href=\"https:\/\/portal.hokuryu.info\/pt\/treasure\/20191106\/\" target=\"_blank\">https:\/\/portal.hokuryu.info\/treasure\/20191106<\/a>\n                    <\/div>\n                    <div class=\"bc-excerpt-box\">N\u00e3o foi poss\u00edvel recuperar as informa\u00e7\u00f5es da p\u00e1gina.<\/div>\n                <\/div>\n                <div class=\"bc-thumbnail-box\">\n                    <a href=\"https:\/\/portal.hokuryu.info\/pt\/treasure\/20191106\/\" target=\"_blank\">\n                        <div class=\"bc-img-zoom-wrap\">\n                            <img decoding=\"async\" src=\"https:\/\/portal.hokuryu.info\/wp\/wp-content\/uploads\/2026\/02\/20230802DSC06445_1.jpg\" alt=\"https:\/\/portal.hokuryu.info\/treasure\/20191106\">\n                        <\/div>\n                    <\/a>\n                <\/div>\n            <\/div>\n        <\/div>\n\n        <div class=\"site-blogcard-premium\">\n            <div class=\"bc-label-custom\">Artigos relacionados<\/div>\n            <div class=\"bc-flex-container\">\n                <div class=\"bc-main-text\">\n                    <div class=\"bc-title-link-box\">\n                        <a href=\"https:\/\/portal.hokuryu.info\/pt\/treasure\/20191107\/\" target=\"_blank\">https:\/\/portal.hokuryu.info\/treasure\/20191107<\/a>\n                    <\/div>\n                    <div class=\"bc-excerpt-box\">N\u00e3o foi poss\u00edvel recuperar as informa\u00e7\u00f5es da p\u00e1gina.<\/div>\n                <\/div>\n                <div class=\"bc-thumbnail-box\">\n                    <a href=\"https:\/\/portal.hokuryu.info\/pt\/treasure\/20191107\/\" target=\"_blank\">\n                        <div class=\"bc-img-zoom-wrap\">\n                            <img decoding=\"async\" src=\"https:\/\/portal.hokuryu.info\/wp\/wp-content\/uploads\/2026\/02\/20230802DSC06445_1.jpg\" alt=\"https:\/\/portal.hokuryu.info\/treasure\/20191107\">\n                        <\/div>\n                    <\/a>\n                <\/div>\n            <\/div>\n        <\/div>\n\n        <div class=\"site-blogcard-premium\">\n            <div class=\"bc-label-custom\">Artigos relacionados<\/div>\n            <div class=\"bc-flex-container\">\n                <div class=\"bc-main-text\">\n                    <div class=\"bc-title-link-box\">\n                        <a href=\"https:\/\/portal.hokuryu.info\/pt\/treasure\/20191108\/\" target=\"_blank\">https:\/\/portal.hokuryu.info\/treasure\/20191108<\/a>\n                    <\/div>\n                    <div class=\"bc-excerpt-box\">N\u00e3o foi poss\u00edvel recuperar as informa\u00e7\u00f5es da p\u00e1gina.<\/div>\n                <\/div>\n                <div class=\"bc-thumbnail-box\">\n                    <a href=\"https:\/\/portal.hokuryu.info\/pt\/treasure\/20191108\/\" target=\"_blank\">\n                        <div class=\"bc-img-zoom-wrap\">\n                            <img decoding=\"async\" src=\"https:\/\/portal.hokuryu.info\/wp\/wp-content\/uploads\/2026\/02\/20230802DSC06445_1.jpg\" alt=\"https:\/\/portal.hokuryu.info\/treasure\/20191108\">\n                        <\/div>\n                    <\/a>\n                <\/div>\n            <\/div>\n        <\/div>\n\n        <div class=\"site-blogcard-premium\">\n            <div class=\"bc-label-custom\">Artigos relacionados<\/div>\n            <div class=\"bc-flex-container\">\n                <div class=\"bc-main-text\">\n                    <div class=\"bc-title-link-box\">\n                        <a href=\"https:\/\/portal.hokuryu.info\/pt\/loiter\/20131106\/\" target=\"_blank\">https:\/\/portal.hokuryu.info\/loiter\/20131106<\/a>\n                    <\/div>\n                    <div class=\"bc-excerpt-box\">N\u00e3o foi poss\u00edvel recuperar as informa\u00e7\u00f5es da p\u00e1gina.<\/div>\n                <\/div>\n                <div class=\"bc-thumbnail-box\">\n                    <a href=\"https:\/\/portal.hokuryu.info\/pt\/loiter\/20131106\/\" target=\"_blank\">\n                        <div class=\"bc-img-zoom-wrap\">\n                            <img decoding=\"async\" src=\"https:\/\/portal.hokuryu.info\/wp\/wp-content\/uploads\/2026\/02\/20230802DSC06445_1.jpg\" alt=\"https:\/\/portal.hokuryu.info\/loiter\/20131106\">\n                        <\/div>\n                    <\/a>\n                <\/div>\n            <\/div>\n        <\/div>\n\n        <div class=\"site-blogcard-premium\">\n            <div class=\"bc-label-custom\">Artigos relacionados<\/div>\n            <div class=\"bc-flex-container\">\n                <div class=\"bc-main-text\">\n                    <div class=\"bc-title-link-box\">\n                        <a href=\"https:\/\/portal.hokuryu.info\/pt\/topics\/culture\/20121107.html\/\" target=\"_blank\">35\u00ba Festival Cultural da Cidade de Hokuryu 2012 - Portal da Cidade de Hokuryu (Hokkaido) - A Vila dos Girass\u00f3is n\u00ba 1 do Jap\u00e3o<\/a>\n                    <\/div>\n                    <div class=\"bc-excerpt-box\">Uma paisagem japonesa de tirar o f\u00f4lego: a &quot;Vila dos Girass\u00f3is&quot; na cidade de Hokuryu, Hokkaido. Um ponto tur\u00edstico popular em Hokkaido. Visite pelo menos uma vez. (Sommelier de Arroz...).<\/div>\n                <\/div>\n                <div class=\"bc-thumbnail-box\">\n                    <a href=\"https:\/\/portal.hokuryu.info\/pt\/topics\/culture\/20121107.html\/\" target=\"_blank\">\n                        <div class=\"bc-img-zoom-wrap\">\n                            <img decoding=\"async\" src=\"https:\/\/lh6.googleusercontent.com\/-gE6xuqUApNk\/UJX4OzJJr8I\/AAAAAAAAgjw\/wrLJm4gypRA\/s720\/IMGP3865.JPG\" alt=\"35\u00ba Festival Cultural da Cidade de Hokuryu 2012 - Portal da Cidade de Hokuryu (Hokkaido) - A Vila dos Girass\u00f3is n\u00ba 1 do Jap\u00e3o\">\n                        <\/div>\n                    <\/a>\n                <\/div>\n            <\/div>\n        <\/div>\n\n        <div class=\"site-blogcard-premium\">\n            <div class=\"bc-label-custom\">Artigos relacionados<\/div>\n            <div class=\"bc-flex-container\">\n                <div class=\"bc-main-text\">\n                    <div class=\"bc-title-link-box\">\n                        <a href=\"https:\/\/portal.hokuryu.info\/pt\/topics\/culture\/20111103\/\" target=\"_blank\">https:\/\/portal.hokuryu.info\/topics\/culture\/20111103<\/a>\n                    <\/div>\n                    <div class=\"bc-excerpt-box\">N\u00e3o foi poss\u00edvel recuperar as informa\u00e7\u00f5es da p\u00e1gina.<\/div>\n                <\/div>\n                <div class=\"bc-thumbnail-box\">\n                    <a href=\"https:\/\/portal.hokuryu.info\/pt\/topics\/culture\/20111103\/\" target=\"_blank\">\n                        <div class=\"bc-img-zoom-wrap\">\n                            <img decoding=\"async\" src=\"https:\/\/portal.hokuryu.info\/wp\/wp-content\/uploads\/2026\/02\/20230802DSC06445_1.jpg\" alt=\"https:\/\/portal.hokuryu.info\/topics\/culture\/20111103\">\n                        <\/div>\n                    <\/a>\n                <\/div>\n            <\/div>\n        <\/div>\n\n        <div class=\"site-blogcard-premium\">\n            <div class=\"bc-label-custom\">Artigos relacionados<\/div>\n            <div class=\"bc-flex-container\">\n                <div class=\"bc-main-text\">\n                    <div class=\"bc-title-link-box\">\n                        <a href=\"https:\/\/portal.hokuryu.info\/pt\/topics\/culture\/20101103\/\" target=\"_blank\">https:\/\/portal.hokuryu.info\/topics\/culture\/20101103<\/a>\n                    <\/div>\n                    <div class=\"bc-excerpt-box\">N\u00e3o foi poss\u00edvel recuperar as informa\u00e7\u00f5es da p\u00e1gina.<\/div>\n                <\/div>\n                <div class=\"bc-thumbnail-box\">\n                    <a href=\"https:\/\/portal.hokuryu.info\/pt\/topics\/culture\/20101103\/\" target=\"_blank\">\n                        <div class=\"bc-img-zoom-wrap\">\n                            <img decoding=\"async\" src=\"https:\/\/portal.hokuryu.info\/wp\/wp-content\/uploads\/2026\/02\/20230802DSC06445_1.jpg\" alt=\"https:\/\/portal.hokuryu.info\/topics\/culture\/20101103\">\n                        <\/div>\n                    <\/a>\n                <\/div>\n            <\/div>\n        <\/div>\n<p>\u25c7 Entrevista e texto: Ikuko Terauchi (Fotografia e assist\u00eancia de edi\u00e7\u00e3o: Noboru Terauchi)<\/p>","protected":false},"excerpt":{"rendered":"<p>\uff12\uff10\uff12\uff14\u5e74\uff11\uff11\u6708\uff11\uff11\u65e5\uff08\u6708\uff09 \uff11\uff11\u6708\uff13\u65e5\uff08\u795d\uff09\uff11\uff10\u6642\u304b\u3089\uff11\uff15\u6642\uff13\uff10\u5206\u307e\u3067\u3001\u30e9\u30f3\u30c1\u30bf\u30a4\u30e0\u4f11\u61a9\u3092\u631f\u3093\u3067\u5348\u524d\u30fb\u5348\u5f8c\u306e\u5408\u8a08\uff14\u6642\u9593\u306e\u82b8\u80fd\u767a\u8868\u3067\u3059\uff01 \u5143\u6c17\u3067\u6d3b\u767a\u306a\u753a\u6c11\u306e\u7686\u3055\u3093\u304c\u3001\u4e00\u5e74\u9593\u306e\u6210\u679c\u3092\u3054\u62ab\u9732\u3059\u308b\u5049\u5927\u306a\u308b\u77ac [&hellip;]<\/p>\n","protected":false},"author":1,"featured_media":52789,"comment_status":"open","ping_status":"open","sticky":false,"template":"","format":"standard","meta":{"footnotes":""},"categories":[4],"tags":[],"class_list":["post-52687","post","type-post","status-publish","format-standard","has-post-thumbnail","hentry","category-cover-story"],"_links":{"self":[{"href":"https:\/\/portal.hokuryu.info\/pt\/wp-json\/wp\/v2\/posts\/52687","targetHints":{"allow":["GET"]}}],"collection":[{"href":"https:\/\/portal.hokuryu.info\/pt\/wp-json\/wp\/v2\/posts"}],"about":[{"href":"https:\/\/portal.hokuryu.info\/pt\/wp-json\/wp\/v2\/types\/post"}],"author":[{"embeddable":true,"href":"https:\/\/portal.hokuryu.info\/pt\/wp-json\/wp\/v2\/users\/1"}],"replies":[{"embeddable":true,"href":"https:\/\/portal.hokuryu.info\/pt\/wp-json\/wp\/v2\/comments?post=52687"}],"version-history":[{"count":0,"href":"https:\/\/portal.hokuryu.info\/pt\/wp-json\/wp\/v2\/posts\/52687\/revisions"}],"wp:featuredmedia":[{"embeddable":true,"href":"https:\/\/portal.hokuryu.info\/pt\/wp-json\/wp\/v2\/media\/52789"}],"wp:attachment":[{"href":"https:\/\/portal.hokuryu.info\/pt\/wp-json\/wp\/v2\/media?parent=52687"}],"wp:term":[{"taxonomy":"category","embeddable":true,"href":"https:\/\/portal.hokuryu.info\/pt\/wp-json\/wp\/v2\/categories?post=52687"},{"taxonomy":"post_tag","embeddable":true,"href":"https:\/\/portal.hokuryu.info\/pt\/wp-json\/wp\/v2\/tags?post=52687"}],"curies":[{"name":"wp","href":"https:\/\/api.w.org\/{rel}","templated":true}]}}