{"id":50516,"date":"2024-09-05T12:03:34","date_gmt":"2024-09-05T03:03:34","guid":{"rendered":"https:\/\/portal.hokuryu.info\/?p=50516"},"modified":"2024-09-06T18:45:58","modified_gmt":"2024-09-06T09:45:58","slug":"%e7%9c%9f%e7%ab%9c%e5%b0%8f%e5%ad%a6%e6%a0%a1%ef%bc%95%e5%b9%b4%e7%94%9f%e3%80%8c%e7%a8%b2%e4%bd%9c%e4%bd%93%e9%a8%93%e3%80%8d%e6%a1%88%e5%b1%b1%e5%ad%90%e4%bd%9c%e3%82%8a%e3%83%bb%e8%a8%ad%e7%bd%ae","status":"publish","type":"post","link":"https:\/\/portal.hokuryu.info\/pt\/50516\/","title":{"rendered":"Alunos do quinto ano da Escola Prim\u00e1ria Shinryu participam da &quot;Experi\u00eancia de Cultivo de Arroz&quot; - Confeccionando e montando espantalhos e observando o progresso do cultivo de arroz (Fazenda Takada)."},"content":{"rendered":"<p>Quinta-feira, 5 de setembro de 2024<\/p>\n<p>A partir das 10h da manh\u00e3 de quarta-feira, 4 de setembro, alunos do 5\u00ba ano (9 alunos) da Escola Prim\u00e1ria Shinryu realizaram um evento de confec\u00e7\u00e3o de espantalhos no arrozal da Takada Co., Ltd. (Presidente: Takada Akimitsu) em Mitani, cidade de Hokuryu.<\/p>\n<h2>Espantalhos feitos por alunos do quinto ano da Escola Prim\u00e1ria Shinryu.<\/h2>\n<p>Os tr\u00eas espantalhos foram feitos por alunos do quinto ano da Escola Prim\u00e1ria Shinryu durante uma aula de estudos integrados de duas horas.<\/p>\n<p>O Conselho de Educa\u00e7\u00e3o da cidade de Hokuryu pediu a Shuichi Hirose (76), um residente local e especialista em fazer espantalhos, para fornecer instru\u00e7\u00f5es sobre como faz\u00ea-los, o que levou ao projeto.<\/p>\n<p>Os tr\u00eas espantalhos s\u00e3o \u00fanicos e fofos, com nomes como &quot;Crian\u00e7a do Jardim de Inf\u00e2ncia&quot;, &quot;Tia Brava&quot; e &quot;Urso&quot;.<\/p>\n<h3>P\u00e1gina inicial da Escola Prim\u00e1ria Shinryu<\/h3>\n<figure class=\"wp-caption aligncenter\"><a href=\"https:\/\/sites.google.com\/view\/hokuryu\/\" target=\"_blank\" rel=\"noopener\"><img decoding=\"async\" src=\"https:\/\/lh3.googleusercontent.com\/pw\/AP1GczMsd1sFixtvqU9tHUWdbhz03NBOhtllvGU3FVdKE3pF5fukZOGuvhCV9FfA9XOKTk-oT-xFqJ-9OfWSSytw3fGb1tC2cnDcv9c5K65JocdDbUr2JX-4n35eBHsTta2tfMx7IBQ9q56uXK5rhI1KnVfF=w1168-h580-s-no-gm?authuser=0\" width=\"1612\" height=\"646\" alt=\"Tr\u00eas espantalhos feitos durante duas horas de aprendizado abrangente! [Site da Escola Prim\u00e1ria Shinryu]\" class=\"size-full\" style=\"border:solid 1px blue\"\/><figcaption class=\"wp-caption-text\">Tr\u00eas espantalhos feitos durante duas horas de aprendizado abrangente! [Site da Escola Prim\u00e1ria Shinryu]<\/a><\/figcaption><\/figure>\n<p>Ter\u00e7a-feira, 27 de agosto de 2024 060827 5\u00ba ano geral &quot;Confec\u00e7\u00e3o de espantalhos&quot; ~ Convidamos moradores locais para fazer espantalhos. Nos dividimos em tr\u00eas grupos e fizemos um total de tr\u00eas espantalhos. Em setembro, instalaremos os espantalhos no local onde vivenciamos o plantio de arroz. [Site da Escola Prim\u00e1ria Shinryu]<\/p>\n<figure class=\"wp-caption aligncenter\"><a href=\"https:\/\/photos.google.com\/share\/AF1QipPAfGev0T3p5huD1lnhC11aTvHoY7w-OuXcpucMSgMxBG3o2yxEXFpckRBM-WTmbQ\/photo\/AF1QipN0V-vku0OGmeLcf7IeQvkSZ0oDCTqwnVbN8QQ?key=WHhLR2hXdkVQckRGRnZEWklMT0dyc3lKNzloMjZ3\" target=\"_blank\" rel=\"noopener\"><img decoding=\"async\" src=\"https:\/\/lh3.googleusercontent.com\/pw\/AP1GczOI7usvFgJMtPsKxQC2hJKjbboXmI0j-5b6dOAMYQsb-r86b2qf4ivplbVRFqN9HkPtv5l39HJm_YaLYUvNOllP5JFOqbtGXD5aBHeLjQndk3BQ6C5RNg1ZHlzzj93m3HM-flKU4VOvs7OTNp1x_Dtj=w1612-h646-s-no-gm?authuser=0\" width=\"1612\" height=\"646\" alt=\"Tr\u00eas espantalhos feitos em duas horas de aprendizado completo! (Veja o site)\" class=\"size-full\" \/><\/a><figcaption class=\"wp-caption-text\">Tr\u00eas espantalhos feitos em duas horas de aprendizado completo! (Veja o site)<\/figcaption><\/figure>\n<figure class=\"wp-caption aligncenter\"><a href=\"https:\/\/photos.google.com\/share\/AF1QipPAfGev0T3p5huD1lnhC11aTvHoY7w-OuXcpucMSgMxBG3o2yxEXFpckRBM-WTmbQ\/photo\/AF1QipPMs-nb-EFBhBLiDJ-SioQ75nXBH9Pm7tLdVpU?key=WHhLR2hXdkVQckRGRnZEWklMT0dyc3lKNzloMjZ3\" target=\"_blank\" rel=\"noopener\"><img decoding=\"async\" src=\"https:\/\/lh3.googleusercontent.com\/pw\/AP1GczPAthH69I9qDhm-1pIZFjSe8hezALn9Kz3WqQhx328K4zlqkCyJerZHur81vrBh2tlmdKhGfFJXsa-_NI7HwLyRFNyfyx963iL-4c_NCBkTxpLi_Jvi-9W5NqA8FEC7vr7EaVAXzSLvxOb_Upb6-H9p=w2000-h1333-s-no-gm?authuser=0\" width=\"2000\" height=\"1333\" alt=\"Um urso, uma senhora zangada e tr\u00eas espantalhos de jardim de inf\u00e2ncia.\" class=\"size-full\" \/><\/a><figcaption class=\"wp-caption-text\">Da esquerda para a direita: tr\u00eas espantalhos: &quot;Crian\u00e7a do Jardim de Inf\u00e2ncia&quot;, &quot;Tia Irritada&quot; e &quot;Urso&quot;.<\/figcaption><\/figure>\n<h3>Orienta\u00e7\u00f5es de Shuichi Hirose<\/h3>\n<figure class=\"wp-caption aligncenter\"><a href=\"https:\/\/photos.google.com\/share\/AF1QipPAfGev0T3p5huD1lnhC11aTvHoY7w-OuXcpucMSgMxBG3o2yxEXFpckRBM-WTmbQ\/photo\/AF1QipPOB0W_fRO6pDEq5l8ZiB4CafNEu1i9beUWuHk?key=WHhLR2hXdkVQckRGRnZEWklMT0dyc3lKNzloMjZ3\" target=\"_blank\" rel=\"noopener\"><img decoding=\"async\" src=\"https:\/\/lh3.googleusercontent.com\/pw\/AP1GczMimWjp4ar-hjYpjxEJ-A-901g5ZD5B7vdHi8d5Puoh2dimQudr35y9LIFjV21twgoW4WLIJnC2R85l2K1KSwUJz8WnPpsFjcw4Gx10u9-TblCOAPDP2VHZyBuJqxhPDlshe3SN-rzXgs_IXAjq6Bww=w2262-h1508-s-no-gm?authuser=0\" width=\"2000\" height=\"1333\" alt=\"Shuichi Hirose, que ensinou as crian\u00e7as a fazer espantalhos.\" class=\"size-full\" \/><\/a><figcaption class=\"wp-caption-text\">Shuichi Hirose, que ensinou as crian\u00e7as a fazer espantalhos.<\/figcaption><\/figure>\n<p>H\u00e1 quatorze anos, em setembro de 2010, foi realizado o 3\u00ba Festival do Espantalho na Fazenda Ryusei (cidade de Hokuryu). Na \u00e9poca, foi organizado por Shuichi Hirose, diretor representante da Cooperativa Agr\u00edcola da Fazenda Ryusei (o Festival do Espantalho n\u00e3o \u00e9 mais realizado).<\/p>\n<p>Sob a orienta\u00e7\u00e3o de Shuichi Hirose, os alunos foram divididos em grupos de quatro, e cada grupo criou um desenho, costurou roupas e encheu um espantalho com jornal.<\/p>\n<p>Os alunos criaram o desenho do espantalho com base no \u00e1lbum de fotos que fizeram para o &quot;Festival do Espantalho&quot; na \u00e9poca!<\/p>\n<p>&quot;A parte mais dif\u00edcil de fazer o espantalho foi a quantidade de jornal para colocar dentro. Eu n\u00e3o sabia quanto colocar, ent\u00e3o foi dif\u00edcil acertar a quantidade certa de enchimento. Foi a primeira vez que fiz roupas, mas foi divertido&quot;, disse uma aluna.<\/p>\n<h4>Festival do Espantalho 2010<\/h4>\n<figure class=\"wp-caption aligncenter\"><a href=\"https:\/\/photos.google.com\/share\/AF1QipPAfGev0T3p5huD1lnhC11aTvHoY7w-OuXcpucMSgMxBG3o2yxEXFpckRBM-WTmbQ\/photo\/AF1QipOOB7Mo1OLtNRZwDlzMmct5TuA8Hf4uZ3FraI4?key=WHhLR2hXdkVQckRGRnZEWklMT0dyc3lKNzloMjZ3\" target=\"_blank\" rel=\"noopener\"><img decoding=\"async\" src=\"https:\/\/lh3.googleusercontent.com\/pw\/AP1GczNu9c8Vdy78vGxr_p09xz4XxSNjhWjWPuWF2RJMQ2-zhyDjB00Q-j8LoZ9YTnJn2C_7orxik43Uz2ki4lxXVaeEKfobkKmCpC0H5QlVamYBUZMXXNqUery9cGdLCnREQ5zW01RbErB-hm0pYnED6rde=w844-h589-s-no-gm?authuser=0\" width=\"844\" height=\"589\" alt=\"Espantalhos no Festival de Espantalhos de 2010\" class=\"size-full\" style=\"border:solid 1px blue\"\/><figcaption class=\"wp-caption-text\">Espantalhos do Festival de Espantalhos de 2010 (clique na imagem para ver todos os espantalhos)<\/a><\/figcaption><\/figure>\n<h4>\u00c1lbum de fotos &quot;Festival do Espantalho 2010&quot;<\/h4>\n<figure class=\"wp-caption aligncenter\"><a href=\"https:\/\/photos.google.com\/share\/AF1QipPAfGev0T3p5huD1lnhC11aTvHoY7w-OuXcpucMSgMxBG3o2yxEXFpckRBM-WTmbQ\/photo\/AF1QipPsBAl-uO0Qw-iMRPk8lAPY2Fads1AENZf4LB8?key=WHhLR2hXdkVQckRGRnZEWklMT0dyc3lKNzloMjZ3\" target=\"_blank\" rel=\"noopener\"><img decoding=\"async\" src=\"https:\/\/lh3.googleusercontent.com\/pw\/AP1GczMpkX7KnPNg2UDAbbrv5-ppztZOXxVMVcgT5Xen0RsjBgULYE1DBJrJ7e6sceuP2vfsFnw0tZJPypU93Xtfo8FJkqKrspt2D6m1vHaXmvg7fehB1uRjJ16Qczg5ci3HP8y3ihc6ew0Isn4zxsx9bhkL=w1920-h1460-s-no-gm?authuser=0\" width=\"844\" height=\"589\" alt=\"\u00c1lbum de fotos &quot;Festival do Espantalho 2010&quot;\" class=\"size-full\" style=\"border:solid 1px blue\" \/><figcaption class=\"wp-caption-text\">\u00c1lbum de fotos &quot;Festival do Espantalho 2010&quot; (clique na imagem para ver todos os espantalhos)<\/a><\/figcaption><\/figure>\n<h3>Instala\u00e7\u00e3o de espantalho<\/h3>\n<h4>Estacas de funda\u00e7\u00e3o<\/h4>\n<figure class=\"wp-caption aligncenter\"><a href=\"https:\/\/photos.google.com\/share\/AF1QipPAfGev0T3p5huD1lnhC11aTvHoY7w-OuXcpucMSgMxBG3o2yxEXFpckRBM-WTmbQ\/photo\/AF1QipNeYrl4eepuxInA6ukEKEen26aEumLjA8W4b1c?key=WHhLR2hXdkVQckRGRnZEWklMT0dyc3lKNzloMjZ3\" target=\"_blank\" rel=\"noopener\"><img decoding=\"async\" src=\"https:\/\/lh3.googleusercontent.com\/pw\/AP1GczN91RzE1gAM9F760JAad2ze_WvAArN2T7LKtmgZTeWHKBXT8qAR7OlaX8nSEgDFRpJzy0xxu0nWWHV9yby6wpdwauPY99Xqzy_qxzdjjED6oqlHMxC9QPsA_TWluXVf0AhLvE_JlMPzTQt26Bx5VojX=w2000-h1333-s-no-gm?authuser=0\" width=\"2000\" height=\"1333\" alt=\"Estabelecendo as bases\" class=\"size-full\" \/><\/a><figcaption class=\"wp-caption-text\">Estabelecendo as bases<\/figcaption><\/figure>\n<h4>Espantalho pregado na parede<\/h4>\n<figure class=\"wp-caption aligncenter\"><a href=\"https:\/\/photos.google.com\/share\/AF1QipPAfGev0T3p5huD1lnhC11aTvHoY7w-OuXcpucMSgMxBG3o2yxEXFpckRBM-WTmbQ\/photo\/AF1QipOsgDWry6DPSrbrarQBft1wKSF1kP7x_VaFKMQ?key=WHhLR2hXdkVQckRGRnZEWklMT0dyc3lKNzloMjZ3\" target=\"_blank\" rel=\"noopener\"><img decoding=\"async\" src=\"https:\/\/lh3.googleusercontent.com\/pw\/AP1GczOdjM5jXAft1XOVciSOFMW3UU4ON3vFBhvHT_Rm9Vcl8-smgERrWfFf-jwxj255XXKostYSwIrOJobXGQxn5C2JG2s-H5YfqOt5V2J8fWaJowa6phkEcM1X8GYPBMaYW5c9BO4QOpPooJ7FRb8bh_T-=w2000-h1333-s-no-gm?authuser=0\" width=\"2000\" height=\"1333\" alt=\"Pregando o espantalho ao porta-enxerto\" class=\"size-full\" \/><\/a><figcaption class=\"wp-caption-text\">Pregando o espantalho ao porta-enxerto<\/figcaption><\/figure>\n<figure class=\"wp-caption aligncenter\"><a href=\"https:\/\/photos.google.com\/share\/AF1QipPAfGev0T3p5huD1lnhC11aTvHoY7w-OuXcpucMSgMxBG3o2yxEXFpckRBM-WTmbQ\/photo\/AF1QipMH08FgHyvfoX9HyI4m6_Fvkhb1_0-P0pQY5v8?key=WHhLR2hXdkVQckRGRnZEWklMT0dyc3lKNzloMjZ3\" target=\"_blank\" rel=\"noopener\"><img decoding=\"async\" src=\"https:\/\/lh3.googleusercontent.com\/pw\/AP1GczMGPNkHCME0Iv6Tut2WlbCndTB2Z3PtOBgQIj2qJAGnwRDi4NvEYtR3x8wTIvOvzwyZuZk0jzpQHfMM7JV5Ab6QWH2ZF9OPa2VaF7TmEWqBP-xmTPm__hJ_TOReMUv0QRG6JLAvEHtfiDzwy74Wjllf=w2000-h1333-s-no-gm?authuser=0\" width=\"2000\" height=\"1333\" alt=\"Espantalho e Urso Espantalho mais velhos\" class=\"size-full\" \/><\/a><figcaption class=\"wp-caption-text\">Espantalho da Tia Zangada e Espantalho Urso<\/figcaption><\/figure>\n<figure class=\"wp-caption aligncenter\"><a href=\"https:\/\/photos.google.com\/share\/AF1QipPAfGev0T3p5huD1lnhC11aTvHoY7w-OuXcpucMSgMxBG3o2yxEXFpckRBM-WTmbQ\/photo\/AF1QipMknqs6uLY10mfQmJ0zz7CSwXQtc1ar793iUj0?key=WHhLR2hXdkVQckRGRnZEWklMT0dyc3lKNzloMjZ3\" target=\"_blank\" rel=\"noopener\"><img decoding=\"async\" src=\"https:\/\/lh3.googleusercontent.com\/pw\/AP1GczN-AlUJ6X8dqMjHchzUchlIagcR-XiynljQOjhCUDpAp38sFNKKWaHUsQbQjBWWEqSaYfZ1BrhjmZXwJ0-2TkqWgvR-5URZj43XwgipBjhGO-OKrea2X00ZmgGu8R1-x5722i30rR-bSo3bQh2KYA6A=w2000-h1333-s-no-gm?authuser=0\" width=\"2000\" height=\"1333\" alt=\"Espantalho de crian\u00e7a do jardim de inf\u00e2ncia\" class=\"size-full\" \/><\/a><figcaption class=\"wp-caption-text\">Espantalho de crian\u00e7a do jardim de inf\u00e2ncia<\/figcaption><\/figure>\n<figure class=\"wp-caption aligncenter\"><a href=\"https:\/\/photos.google.com\/share\/AF1QipPAfGev0T3p5huD1lnhC11aTvHoY7w-OuXcpucMSgMxBG3o2yxEXFpckRBM-WTmbQ\/photo\/AF1QipOIpMc6WzoE3s5fBDVaKWrbDazmhxiOg95kGko?key=WHhLR2hXdkVQckRGRnZEWklMT0dyc3lKNzloMjZ3\" target=\"_blank\" rel=\"noopener\"><img decoding=\"async\" src=\"https:\/\/lh3.googleusercontent.com\/pw\/AP1GczO0cMkyMyy_-dp8OPUgWiwNMwj-sFxasBY2_XzQxIu4cxvznMFbdfuR-_YmPAqbSZHsLAC-i0zwCBn87gZGLgaDSWjCYaPXGcqg8TrLH6O7rVDvIYxUaif1UwH0T8SldwUX5xFos6_UA6uL8wFiSKVT=w2000-h1199-s-no-gm?authuser=0\" width=\"2000\" height=\"1199\" alt=\"Tiramos todos uma foto comemorativa com os tr\u00eas espantalhos ao fundo!\" class=\"size-full\" \/><\/a><figcaption class=\"wp-caption-text\">Tiramos todos uma foto comemorativa com os tr\u00eas espantalhos ao fundo!<\/figcaption><\/figure>\n<h3>O Sr. Akimitsu Takada fala sobre o processo de cultivo do arroz.<\/h3>\n<p>Akimitsu Takada falou sobre o sucesso da safra de arroz deste ano e sobre pontos importantes a serem considerados no cultivo do arroz.<\/p>\n<figure class=\"wp-caption aligncenter\"><a href=\"https:\/\/photos.google.com\/share\/AF1QipPAfGev0T3p5huD1lnhC11aTvHoY7w-OuXcpucMSgMxBG3o2yxEXFpckRBM-WTmbQ\/photo\/AF1QipPFEFJ2GNSdaeFfKiw4VCUK1JNnl5_ACGSlnww?key=WHhLR2hXdkVQckRGRnZEWklMT0dyc3lKNzloMjZ3\" target=\"_blank\" rel=\"noopener\"><img decoding=\"async\" src=\"https:\/\/lh3.googleusercontent.com\/pw\/AP1GczNKWMrYIn3E61BdkpAhW8RbL6518LHwS0eNX1eGg6WkZMo9HsYGEnRPCcl8nAbYBn8yU79b1IRQDCUr4AuZlzTRyBF-ancL7bF86_oYalcysPwsOQ25PaTxT8r31G0KPYa0vrAU6FNPV47wc-O_fOd9=w2000-h1333-s-no-gm?authuser=0\" width=\"2000\" height=\"1333\" alt=\"A hist\u00f3ria de Akimitsu Takada\" class=\"size-full\" \/><\/a><figcaption class=\"wp-caption-text\">A hist\u00f3ria de Akimitsu Takada<\/figcaption><\/figure>\n<p>&quot;O arroz deste ano tem um grande n\u00famero de gr\u00e3os por p\u00e9, ent\u00e3o n\u00e3o h\u00e1 d\u00favida de que ser\u00e1 uma safra excepcional.&quot;<\/p>\n<p>A planta est\u00e1 cerca de 10 cm mais alta do que no ano passado. Se estiver mais alta, \u00e9 mais prov\u00e1vel que tombe, mas, por outro lado, quanto mais alta, mais comprida ser\u00e1 a espiga principal e mais frutos produzir\u00e1.<\/p>\n<p>Este ano, tivemos chuvas regulares, ent\u00e3o o arroz absorveu bastante umidade e est\u00e1 crescendo bem. A cor ficou um marrom dourado escuro, ent\u00e3o podemos esperar que os gr\u00e3os sejam regulares.<\/p>\n<h4>Perguntas dos alunos<\/h4>\n<p>&quot;Voc\u00ea faz alguma coisa para melhorar o sabor do arroz?&quot;<\/p>\n<figure class=\"wp-caption aligncenter\"><a href=\"https:\/\/photos.google.com\/share\/AF1QipPAfGev0T3p5huD1lnhC11aTvHoY7w-OuXcpucMSgMxBG3o2yxEXFpckRBM-WTmbQ\/photo\/AF1QipPu2xNRNt0ElOmwsqfbl9VzvIBp_ZDbOjabNyo?key=WHhLR2hXdkVQckRGRnZEWklMT0dyc3lKNzloMjZ3\" target=\"_blank\" rel=\"noopener\"><img decoding=\"async\" src=\"https:\/\/lh3.googleusercontent.com\/pw\/AP1GczORVf8Y0PTNZxPER46hhaLVHVIfWFnlbxQPcNrkpaiRbaHOakQwG9k_v5S6SYfln_cA63gEKP2GJ5VNso1013mHKVhfR5y1p96eNJXsbStryUWEynT727DBnFlX1K34geS1u4KrTOLJ2GcY1HvEVtOa=w2000-h1125-s-no-gm?authuser=0\" width=\"2000\" height=\"1125\" alt=\"Perguntas dos alunos!\" class=\"size-full\" \/><\/a><figcaption class=\"wp-caption-text\">Perguntas dos alunos!<\/figcaption><\/figure>\n<h4>Akimitsu Takada<\/h4>\n<p>&quot;Em primeiro lugar, a quantidade de fertilizante. O fertilizante \u00e9 composto por tr\u00eas elementos (nitrog\u00eanio, f\u00f3sforo e pot\u00e1ssio), e a quantidade de nitrog\u00eanio \u00e9 particularmente importante, pois pode determinar o sucesso ou o fracasso do crescimento. Se as plantas de arroz absorverem o nitrog\u00eanio adicionado este ano, produzir\u00e3o arroz saboroso.&quot;<\/p>\n<p>Se ainda houver nitrog\u00eanio residual nesta fase, o arroz continuar\u00e1 a absorv\u00ea-lo, o que afetar\u00e1 o sabor. \u00c9 importante garantir que o arroz absorva o fertilizante completamente.<\/p>\n<p>&quot;Quando os arrozais secam, sua capacidade de absorver nutrientes aumenta, por isso \u00e9 importante sec\u00e1-los e realizar a &#039;drenagem no meio da esta\u00e7\u00e3o&#039;. E tamb\u00e9m h\u00e1 o &#039;gerenciamento da \u00e1gua&#039;&quot;, explica Takada.<\/p>\n<figure class=\"wp-caption aligncenter\"><a href=\"https:\/\/photos.google.com\/share\/AF1QipPAfGev0T3p5huD1lnhC11aTvHoY7w-OuXcpucMSgMxBG3o2yxEXFpckRBM-WTmbQ\/photo\/AF1QipOPRO0pQvuV2Ekka6xhujG_Q1P1IObEH4x486E?key=WHhLR2hXdkVQckRGRnZEWklMT0dyc3lKNzloMjZ3\" target=\"_blank\" rel=\"noopener\"><img decoding=\"async\" src=\"https:\/\/lh3.googleusercontent.com\/pw\/AP1GczMmmLncznAbcFfDj3hcNAX5PxWeJVRGYxBMVvVwLNJEIPLgnAlTssxEtqNzMCwjQvUkS70uoyVMulXaychQWB5B7gGH6GzmPPMM9Qy7GN883RRwdggdV7vOQTbq6SO0mPNNDlYmYM4KkXWr3xpWMpda=w2000-h1500-s-no-gm?authuser=0\" width=\"2000\" height=\"1500\" alt=\"Alunos tirando fotos e fazendo grava\u00e7\u00f5es usando blocos de notas.\" class=\"size-full\" \/><\/a><figcaption class=\"wp-caption-text\">Alunos tirando fotos e fazendo grava\u00e7\u00f5es usando blocos de notas.<\/figcaption><\/figure>\n<h3>voo de drone<\/h3>\n<p>Pudemos ver o drone sendo pilotado e sobrevoando os campos de arroz bem \u00e0 nossa frente. O piloto do drone era Toshiki Takada (CEO da Takada Co., Ltd.).<\/p>\n<p>Os alunos estavam absortos na filmagem do v\u00eddeo!!!<\/p>\n<figure class=\"wp-caption aligncenter\"><a href=\"https:\/\/photos.google.com\/share\/AF1QipPAfGev0T3p5huD1lnhC11aTvHoY7w-OuXcpucMSgMxBG3o2yxEXFpckRBM-WTmbQ\/photo\/AF1QipP0mC8bj_wpUXezXUTwYbYwcgO0Doxof40_BjY?key=WHhLR2hXdkVQckRGRnZEWklMT0dyc3lKNzloMjZ3\" target=\"_blank\" rel=\"noopener\"><img decoding=\"async\" src=\"https:\/\/lh3.googleusercontent.com\/pw\/AP1GczN_IFcvC2HxEoEIDL_A3L7JOn6WB6B36fcQ4n8cdtAiBsEXZfQnGjdqcX9QfMU_DFx7aa2KKaic4oRR97bjj9-Phov8J4_IaulySuo8ekJgsx3i29ZsTOrITTenWiXtpE0EKQXXV2zfhxHhCML66hoi=w2000-h1333-s-no-gm?authuser=0\" width=\"2000\" height=\"1333\" alt=\"drone para pulveriza\u00e7\u00e3o de pesticidas\" class=\"size-full\" \/><\/a><figcaption class=\"wp-caption-text\">drone para pulveriza\u00e7\u00e3o de pesticidas<\/figcaption><\/figure>\n<figure class=\"wp-caption aligncenter\"><a href=\"https:\/\/photos.google.com\/share\/AF1QipPAfGev0T3p5huD1lnhC11aTvHoY7w-OuXcpucMSgMxBG3o2yxEXFpckRBM-WTmbQ\/photo\/AF1QipPvNmtuaiaIO9L04jEV9QnIkiaXwk-TycBuhXA?key=WHhLR2hXdkVQckRGRnZEWklMT0dyc3lKNzloMjZ3\" target=\"_blank\" rel=\"noopener\"><img decoding=\"async\" src=\"https:\/\/lh3.googleusercontent.com\/pw\/AP1GczPle676vvsrSPvBYnoLeW_NcqOWr5Lulg3AzR2nJYjyj9O1rS0RxXaFmbMmWS1xqFNEnvNyjaGVdOgxDD7kv9Phix-oIcnN_2R9Esd8jku9rtegH7fE4zbvhR3tgiXZFq_BN78qavcVP6UG0NOvnaSz=w2000-h1333-s-no-gm?authuser=0\" width=\"2000\" height=\"1333\" alt=\"Um drone sobrevoando um campo de arroz.\" class=\"size-full\" \/><\/a><figcaption class=\"wp-caption-text\">Um drone sobrevoando um campo de arroz.<\/figcaption><\/figure>\n<figure class=\"wp-caption aligncenter\"><a href=\"https:\/\/photos.google.com\/share\/AF1QipPAfGev0T3p5huD1lnhC11aTvHoY7w-OuXcpucMSgMxBG3o2yxEXFpckRBM-WTmbQ\/photo\/AF1QipMZLONfVwnc8m5gYk6SFwI7BK4uCsdUGWDCqBA?key=WHhLR2hXdkVQckRGRnZEWklMT0dyc3lKNzloMjZ3\" target=\"_blank\" rel=\"noopener\"><img decoding=\"async\" src=\"https:\/\/lh3.googleusercontent.com\/pw\/AP1GczPbXJG51wmCxXHxTSdtw_WD9-in0NzxGyvxGHv2al83tciueCC81J8naUY0xvAy_h-HijUduB5i-HYPpQivnZSk7hhtwKHascjK0tQVExheqy3gDcJkBPNqG-2nXFDvNDPusoIKQ3U7ZTc6KSQUaoGX=w2000-h1500-s-no-gm?authuser=0\" width=\"2000\" height=\"1333\" alt=\"Estudantes filmando o voo do drone\" class=\"size-full\" \/><\/a><figcaption class=\"wp-caption-text\">Estudantes filmando o voo do drone<\/figcaption><\/figure>\n<figure class=\"wp-caption aligncenter\"><a href=\"https:\/\/photos.google.com\/share\/AF1QipPAfGev0T3p5huD1lnhC11aTvHoY7w-OuXcpucMSgMxBG3o2yxEXFpckRBM-WTmbQ\/photo\/AF1QipMuu9vhP8-tjaHIrHWiw8rGCOeTDi0OBhNkoqw?key=WHhLR2hXdkVQckRGRnZEWklMT0dyc3lKNzloMjZ3\" target=\"_blank\" rel=\"noopener\"><img decoding=\"async\" src=\"https:\/\/lh3.googleusercontent.com\/pw\/AP1GczPAmCuPkEpnOqzrnxYs43CBy3P0FGv2H8Oi74ro7AMK_a1z8evT-NMh-KvGG-cwiOc6kTi2orXc4PtgVMWSIDPaYGe4DfdMDKfQRpPVUES5H3tYQ_MG_SzCSMJ4WALfwwkcLjprWR-Pa-RS2GkJraZD=w2000-h1500-s-no-gm?authuser=0\" width=\"2000\" height=\"1500\" alt=\"Alunos se revezando para tirar fotos do transmissor do drone.\" class=\"size-full\" \/><\/a><figcaption class=\"wp-caption-text\">Alunos se revezando para tirar fotos do transmissor do drone.<\/figcaption><\/figure>\n<p>O evento terminou com todos os alunos expressando sua gratid\u00e3o, e eles embarcaram no \u00f4nibus escolar com sorrisos no rosto, gratos pela valiosa experi\u00eancia que tiveram, e seguiram para a escola.<\/p>\n<figure class=\"wp-caption aligncenter\"><a href=\"https:\/\/photos.google.com\/share\/AF1QipPAfGev0T3p5huD1lnhC11aTvHoY7w-OuXcpucMSgMxBG3o2yxEXFpckRBM-WTmbQ\/photo\/AF1QipMqbZiAY0z2kY4UadOa0SlGiEfheUjmAR4-zQo?key=WHhLR2hXdkVQckRGRnZEWklMT0dyc3lKNzloMjZ3\" target=\"_blank\" rel=\"noopener\"><img decoding=\"async\" src=\"https:\/\/lh3.googleusercontent.com\/pw\/AP1GczMIdnUPyqliTsj_Si6CvsPfhS5ph7kj7Jdduh1sx0VnGwRcQ892TjQjYQAthkP4KMF7TpdEL01bwQK5PClXOjzGcVCRpNe0ExRyh0201THwwv5Mo5mlhdKyA4AzhoTpTwyRkL6Wu8i57c_VpGywxFcY=w2000-h1333-s-no-gm?authuser=0\" width=\"2000\" height=\"1333\" alt=\"Com sincera gratid\u00e3o \u00e0s sagradas e abundantes espigas de arroz!\" class=\"size-full\" \/><\/a><figcaption class=\"wp-caption-text\">Com sincera gratid\u00e3o \u00e0s sagradas e abundantes espigas de arroz!<\/figcaption><\/figure>\n<p>Essa foi sua primeira experi\u00eancia com o plantio de arroz, e as espigas douradas e sagradas foram cultivadas com carinho...<\/p>\n<p>Os alunos dedicaram suas ora\u00e7\u00f5es e muito trabalho \u00e0 cria\u00e7\u00e3o desses espantalhos para proteger as preciosas planta\u00e7\u00f5es de arroz dos danos causados por p\u00e1ssaros e animais selvagens, e n\u00f3s dedicamos nosso amor, gratid\u00e3o e ora\u00e7\u00f5es infinitos a esses espantalhos...<\/p>\n<h2>v\u00eddeos do YouTube<\/h2>\n<p>\u3000<\/p>\n<div class=\"youtube\"><iframe title=\"Alunos do quinto ano da Escola Prim\u00e1ria Shinryu participam da &quot;Experi\u00eancia de Cultivo de Arroz&quot; - Confeccionando e montando espantalhos e observando o progresso do cultivo de arroz (Fazenda Takada).\" src=\"https:\/\/www.youtube.com\/embed\/qWAkMYD7PaU?feature=oembed\" frameborder=\"0\" allow=\"accelerometer; autoplay; clipboard-write; encrypted-media; gyroscope; picture-in-picture; web-share\" referrerpolicy=\"strict-origin-when-cross-origin\" allowfullscreen><\/iframe><\/div>\n<h2>Outras fotos<\/h2>\n<div class=\"img-move\"><img decoding=\"async\" style=\"vertical-align: middle;\" src=\"https:\/\/ehokkaido.net\/wp-content\/uploads\/2021\/12\/2021-12-06-11.41.12.png\" \/> <a href=\"https:\/\/photos.app.goo.gl\/ePWVCqPsK37jxZ7t6\" target=\"_blank\" rel=\"noopener noreferrer\">Clique aqui para ver 100 fotos dos alunos do 5\u00ba ano da Escola Prim\u00e1ria Shinryu fazendo e montando espantalhos (campo Takada) &gt;&gt;<\/a><\/div>\n<div class=\"img-move\"><img decoding=\"async\" style=\"vertical-align: middle;\" src=\"https:\/\/ehokkaido.net\/wp-content\/uploads\/2021\/12\/2021-12-06-11.41.12.png\" \/> <a href=\"https:\/\/photos.app.goo.gl\/F6Dn6YDVjxoP98Zi9\" target=\"_blank\" rel=\"noopener noreferrer\">Clique aqui para ver 145 fotos da &quot;Experi\u00eancia de Cultivo de Arroz&quot; para alunos do 5\u00ba ano da Escola Prim\u00e1ria Shinryu, desde o plantio at\u00e9 a observa\u00e7\u00e3o e a colheita (campo de Takada) &gt;&gt;<\/a><\/div>\n<h2>Artigos relacionados<\/h2>\n\n\n\u3000<br \/>\n\n        <div class=\"site-blogcard-premium\">\n            <div class=\"bc-label-custom\">Artigos relacionados<\/div>\n            <div class=\"bc-flex-container\">\n                <div class=\"bc-main-text\">\n                    <div class=\"bc-title-link-box\">\n                        <a href=\"https:\/\/portal.hokuryu.info\/pt\/45030\/\" target=\"_blank\">https:\/\/portal.hokuryu.info\/45030<\/a>\n                    <\/div>\n                    <div class=\"bc-excerpt-box\">N\u00e3o foi poss\u00edvel recuperar as informa\u00e7\u00f5es da p\u00e1gina.<\/div>\n                <\/div>\n                <div class=\"bc-thumbnail-box\">\n                    <a href=\"https:\/\/portal.hokuryu.info\/pt\/45030\/\" target=\"_blank\">\n                        <div class=\"bc-img-zoom-wrap\">\n                            <img decoding=\"async\" src=\"https:\/\/portal.hokuryu.info\/wp\/wp-content\/uploads\/2026\/02\/20230802DSC06445_1.jpg\" alt=\"https:\/\/portal.hokuryu.info\/45030\">\n                        <\/div>\n                    <\/a>\n                <\/div>\n            <\/div>\n        <\/div>\n\n        <div class=\"site-blogcard-premium\">\n            <div class=\"bc-label-custom\">Artigos relacionados<\/div>\n            <div class=\"bc-flex-container\">\n                <div class=\"bc-main-text\">\n                    <div class=\"bc-title-link-box\">\n                        <a href=\"https:\/\/portal.hokuryu.info\/pt\/45006\/\" target=\"_blank\">https:\/\/portal.hokuryu.info\/45006<\/a>\n                    <\/div>\n                    <div class=\"bc-excerpt-box\">N\u00e3o foi poss\u00edvel recuperar as informa\u00e7\u00f5es da p\u00e1gina.<\/div>\n                <\/div>\n                <div class=\"bc-thumbnail-box\">\n                    <a href=\"https:\/\/portal.hokuryu.info\/pt\/45006\/\" target=\"_blank\">\n                        <div class=\"bc-img-zoom-wrap\">\n                            <img decoding=\"async\" src=\"https:\/\/portal.hokuryu.info\/wp\/wp-content\/uploads\/2026\/02\/20230802DSC06445_1.jpg\" alt=\"https:\/\/portal.hokuryu.info\/45006\">\n                        <\/div>\n                    <\/a>\n                <\/div>\n            <\/div>\n        <\/div>\n\n        <div class=\"site-blogcard-premium\">\n            <div class=\"bc-label-custom\">Artigos relacionados<\/div>\n            <div class=\"bc-flex-container\">\n                <div class=\"bc-main-text\">\n                    <div class=\"bc-title-link-box\">\n                        <a href=\"https:\/\/portal.hokuryu.info\/pt\/44980\/\" target=\"_blank\">https:\/\/portal.hokuryu.info\/44980<\/a>\n                    <\/div>\n                    <div class=\"bc-excerpt-box\">N\u00e3o foi poss\u00edvel recuperar as informa\u00e7\u00f5es da p\u00e1gina.<\/div>\n                <\/div>\n                <div class=\"bc-thumbnail-box\">\n                    <a href=\"https:\/\/portal.hokuryu.info\/pt\/44980\/\" target=\"_blank\">\n                        <div class=\"bc-img-zoom-wrap\">\n                            <img decoding=\"async\" src=\"https:\/\/portal.hokuryu.info\/wp\/wp-content\/uploads\/2026\/02\/20230802DSC06445_1.jpg\" alt=\"https:\/\/portal.hokuryu.info\/44980\">\n                        <\/div>\n                    <\/a>\n                <\/div>\n            <\/div>\n        <\/div>\n<p>\u25c7 Entrevista e texto: Ikuko Terauchi (Fotografia e assist\u00eancia de edi\u00e7\u00e3o: Noboru Terauchi)<\/p>","protected":false},"excerpt":{"rendered":"<p>\uff12\uff10\uff12\uff14\u5e74\uff19\u6708\uff15\u65e5\uff08\u6728\uff09 \uff19\u6708\uff14\u65e5\uff08\u6c34\uff09\uff11\uff10\u6642\u3088\u308a\u3001\u771f\u7adc\u5c0f\u5b66\u6821\uff15\u5e74\u751f\uff08\uff19\u540d\uff09\u306b\u3088\u308b\u300c\u6848\u5c71\u5b50\u7acb\u3066\u300d\u304c\u3001\u5317\u7adc\u753a\u4e09\u8c37\u306e\uff08\u682a\uff09\u9ad8\u7530\uff08\u9ad8\u7530\u79cb\u5149 \u4f1a\u9577\uff09\u306e\u6c34\u7a32\u5703\u5834\u306b\u3066\u5b9f\u65bd\u3055\u308c\u307e\u3057\u305f\u3002 \u771f\u7adc\u5c0f\u5b66\u6821\uff15\u5e74\u751f\u304c\u5236\u4f5c\u3057\u305f\u6848 [&hellip;]<\/p>\n","protected":false},"author":1,"featured_media":50532,"comment_status":"open","ping_status":"open","sticky":false,"template":"","format":"standard","meta":{"footnotes":""},"categories":[4,68],"tags":[],"class_list":["post-50516","post","type-post","status-publish","format-standard","has-post-thumbnail","hentry","category-cover-story","category-68"],"_links":{"self":[{"href":"https:\/\/portal.hokuryu.info\/pt\/wp-json\/wp\/v2\/posts\/50516","targetHints":{"allow":["GET"]}}],"collection":[{"href":"https:\/\/portal.hokuryu.info\/pt\/wp-json\/wp\/v2\/posts"}],"about":[{"href":"https:\/\/portal.hokuryu.info\/pt\/wp-json\/wp\/v2\/types\/post"}],"author":[{"embeddable":true,"href":"https:\/\/portal.hokuryu.info\/pt\/wp-json\/wp\/v2\/users\/1"}],"replies":[{"embeddable":true,"href":"https:\/\/portal.hokuryu.info\/pt\/wp-json\/wp\/v2\/comments?post=50516"}],"version-history":[{"count":0,"href":"https:\/\/portal.hokuryu.info\/pt\/wp-json\/wp\/v2\/posts\/50516\/revisions"}],"wp:featuredmedia":[{"embeddable":true,"href":"https:\/\/portal.hokuryu.info\/pt\/wp-json\/wp\/v2\/media\/50532"}],"wp:attachment":[{"href":"https:\/\/portal.hokuryu.info\/pt\/wp-json\/wp\/v2\/media?parent=50516"}],"wp:term":[{"taxonomy":"category","embeddable":true,"href":"https:\/\/portal.hokuryu.info\/pt\/wp-json\/wp\/v2\/categories?post=50516"},{"taxonomy":"post_tag","embeddable":true,"href":"https:\/\/portal.hokuryu.info\/pt\/wp-json\/wp\/v2\/tags?post=50516"}],"curies":[{"name":"wp","href":"https:\/\/api.w.org\/{rel}","templated":true}]}}