{"id":48960,"date":"2024-07-30T09:35:53","date_gmt":"2024-07-30T00:35:53","guid":{"rendered":"https:\/\/portal.hokuryu.info\/?p=48960"},"modified":"2024-07-29T20:23:19","modified_gmt":"2024-07-29T11:23:19","slug":"%e9%99%b8%e4%b8%8a%e8%87%aa%e8%a1%9b%e9%9a%8a%e7%ac%ac%ef%bc%92%e9%9f%b3%e6%a5%bd%e9%9a%8a%e6%bc%94%e5%a5%8f%e4%bc%9a-2024-%e9%96%8b%e5%82%ac%ef%bc%81%ef%bc%88%e7%ac%ac38%e5%9b%9e%e5%8c%97%e7%ab%9c","status":"publish","type":"post","link":"https:\/\/portal.hokuryu.info\/pt\/48960\/","title":{"rendered":"O 2\u00ba Concerto da Banda das For\u00e7as Terrestres de Autodefesa do Jap\u00e3o de 2024 ser\u00e1 realizado! (38\u00ba Festival de Girass\u00f3is da Cidade de Hokuryu, Vila dos Girass\u00f3is da Cidade de Hokuryu, Hokkaido)"},"content":{"rendered":"<p>Ter\u00e7a-feira, 30 de julho de 2024<\/p>\n<p>No s\u00e1bado, 27 de julho, o 2\u00ba Concerto da Banda da For\u00e7a Terrestre de Autodefesa do Jap\u00e3o foi realizado na Pra\u00e7a Himawari no Sato, na cidade de Hokuryu.<\/p>\n<h2>Segundo Concerto da Banda da For\u00e7a Terrestre de Autodefesa do Jap\u00e3o 2024<\/h2>\n<p>\ufffc<br \/>\n<figure class=\"wp-caption aligncenter\"><a href=\"https:\/\/photos.google.com\/share\/AF1QipP4nLG3i3Xrta31fCS1CFJdhR3S4XUXEevHXrx6FXOUJ2MWcr6RM63_ErsYHvYcng\/photo\/AF1QipOizyKpMetE1ZQAebktfeyzPQkBBWNxt_C8Qxo?key=aTF4NTJwUVhSZjFGSjE1UjVqSVR4QkRyZFRNSzN3\" target=\"_blank\" rel=\"noopener\"><img decoding=\"async\" src=\"https:\/\/lh3.googleusercontent.com\/pw\/AP1GczO_VXiOhMUvBlnCmVoWhjV2vOJSktXu4tvZXZxJP8tjhhWNQ9VovqBYXrre4RPfpWZe0zTCq9f3LwPqdXxKTlAnO3FtNrqA3ik75uifHPBcBHDoE9Zn9nNgNxir_tcaWbLS1qgvnt_3l8099oEUUVhJ=w2000-h1500-s-no-gm?authuser=0\" width=\"2000\" height=\"1500\" alt=\"Segundo Concerto da Banda da For\u00e7a Terrestre de Autodefesa do Jap\u00e3o 2024\" class=\"size-full\" \/><\/a><figcaption class=\"wp-caption-text\">Segundo Concerto da Banda da For\u00e7a Terrestre de Autodefesa do Jap\u00e3o 2024<\/figcaption><\/figure>\n<h3>Apresentando a Banda n\u00ba 2 das For\u00e7as Terrestres de Autodefesa do Jap\u00e3o<\/h3>\n<blockquote><p>A 2\u00aa Banda da For\u00e7a Terrestre de Autodefesa do Jap\u00e3o \u00e9 a \u00fanica unidade da divis\u00e3o dedicada \u00e0 m\u00fasica, localizada na cidade de Asahikawa. Liderada pelo atual 23\u00ba comandante, Tenente Takanori Ichiyama, a banda se apresenta dentro e fora das For\u00e7as de Autodefesa, incluindo concertos regulares, o Festival de M\u00fasica da 2\u00aa Divis\u00e3o, concertos de m\u00fasica de c\u00e2mara, turn\u00eas de concertos na regi\u00e3o norte de Hokkaido e apoio a eventos mediante solicita\u00e7\u00e3o.<\/p>\n<p>Eles tamb\u00e9m oferecem sess\u00f5es de treinamento em instrumentos de sopro e percuss\u00e3o para crian\u00e7as e estudantes da banda de metais, al\u00e9m de concertos de pequeno porte no Sal\u00e3o Memorial Hokuchin, adjacente \u00e0 Guarni\u00e7\u00e3o de Asahikawa, que t\u00eam sido bem recebidos. Atuam como uma ponte que conecta as For\u00e7as de Autodefesa e a comunidade local em oito cidades, 42 vilas e cinco aldeias, desde Wakkanai, no norte, at\u00e9 Shimukappu, no sul. (Trecho do site da Segunda Banda das For\u00e7as Terrestres de Autodefesa)<\/p><\/blockquote>\n<h3>Discurso de abertura: Prefeito Yasuhiro Sasaki da cidade de Hokuryu:<br \/>\n&quot;Foi um concerto maravilhoso que fez os grandes girass\u00f3is desabrocharem novamente em nossos cora\u00e7\u00f5es!!!&quot;<\/h3>\n<figure class=\"wp-caption aligncenter\"><a href=\"https:\/\/photos.google.com\/share\/AF1QipP4nLG3i3Xrta31fCS1CFJdhR3S4XUXEevHXrx6FXOUJ2MWcr6RM63_ErsYHvYcng\/photo\/AF1QipMvQlo_7iHpv4BCs1nKKe-zvBFCq1hCAeiaS5U?key=aTF4NTJwUVhSZjFGSjE1UjVqSVR4QkRyZFRNSzN3\" target=\"_blank\" rel=\"noopener\"><img decoding=\"async\" src=\"https:\/\/lh3.googleusercontent.com\/pw\/AP1GczP_5D76-QrGwzMc_8QkD-agfNuwoKpLJUC6cfn-yFbHM-RYMFeYokQ_-hWJPsHnqqIOWUqPP0MWDS4aXdeb8XkLhgLqGTKJoyQr5QFT5X10pBtldK263Aj8Yt5Qodb4xhVMiXHnmVWMRdgL48QnhjG9=w2640-h1486-s-no-gm?authuser=0\" width=\"2640\" height=\"1486\" alt=\"Discurso do prefeito Yasuhiro Sasaki\" class=\"size-full\" \/><\/a><figcaption class=\"wp-caption-text\">Discurso do prefeito Yasuhiro Sasaki<\/figcaption><\/figure>\n<p>&quot;Devido ao impacto da pandemia de COVID-19, os concertos da Banda da 2\u00aa For\u00e7a Terrestre de Autodefesa n\u00e3o puderam ser realizados nos \u00faltimos quatro anos. At\u00e9 ent\u00e3o, eles aconteciam em dias de semana, mas este ano foi poss\u00edvel realiz\u00e1-los em um s\u00e1bado. Muito obrigado.&quot;<\/p>\n<p>Solicitei experimentar um colete \u00e0 prova de balas e agora estou vestindo um. Isso me fez lembrar dos equipamentos pesados que usamos e do treinamento que recebemos para nos proteger.<\/p>\n<p>Atr\u00e1s deles, tanques, jipes, etc., est\u00e3o em exposi\u00e7\u00e3o. Encorajamos todos a experimentarem andar em um deles.<\/p>\n<p>A cidade conta com membros do corpo de bombeiros e da pol\u00edcia, al\u00e9m de funcion\u00e1rios da prefeitura. Todos eles t\u00eam a fun\u00e7\u00e3o de proteger os moradores, e acredito que compartilham a mesma consci\u00eancia que as For\u00e7as de Autodefesa. Por favor, assistam ao concerto de hoje entendendo que eles est\u00e3o nos protegendo, n\u00e3o de uma forma especial.<\/p>\n<p>Acredito que o concerto de hoje ser\u00e1 maravilhoso e far\u00e1 com que os grandes girass\u00f3is flores\u00e7am novamente em nossos cora\u00e7\u00f5es. Espero que todos estejam ansiosos por ele.<\/p>\n<p>Obrigado por terem vindo hoje. Espero que tenham gostado!&quot;, disse o prefeito Sasaki.<\/p>\n<h3>Desempenho<\/h3>\n<p>A 2\u00aa Banda da For\u00e7a Terrestre de Autodefesa do Jap\u00e3o, sob a dire\u00e7\u00e3o do 23\u00ba Comandante, Tenente de Primeira Classe Takanori Ichiyama, apresentou can\u00e7\u00f5es impactantes como &quot;Jovem Espl\u00eandido&quot; (composta pelo oficial do ex\u00e9rcito Satoshi Onuma em 1923), que emocionaram a plateia.<\/p>\n<figure class=\"wp-caption aligncenter\"><a href=\"https:\/\/photos.google.com\/share\/AF1QipP4nLG3i3Xrta31fCS1CFJdhR3S4XUXEevHXrx6FXOUJ2MWcr6RM63_ErsYHvYcng\/photo\/AF1QipObqTO0AZ6nFfCAmVNpM-qwS-yaM97fv9DDQek?key=aTF4NTJwUVhSZjFGSjE1UjVqSVR4QkRyZFRNSzN3\" target=\"_blank\" rel=\"noopener\"><img decoding=\"async\" src=\"https:\/\/lh3.googleusercontent.com\/pw\/AP1GczO0BZSmRpsl4j3ADfuPXd5XLN0hSMUcdti_TOgQKgWnrDRaJ2YXLh0R6txu7U9NsHZXPpH-saY2Tk0D_srC6y62bzCkVerTb6PXpKYIu-DzeCIWKznk29IkZdBfT-eaRXHDO_ynxf0Ei_NgDVLtW41d=w2640-h1486-s-no-gm?authuser=0\" width=\"2640\" height=\"1486\" alt=\"Apresenta\u00e7\u00e3o da Segunda Banda das For\u00e7as Terrestres de Autodefesa do Jap\u00e3o\" class=\"size-full\" \/><\/a><figcaption class=\"wp-caption-text\">Apresenta\u00e7\u00e3o da Segunda Banda das For\u00e7as Terrestres de Autodefesa do Jap\u00e3o<\/figcaption><\/figure>\n<figure class=\"wp-caption aligncenter\"><a href=\"https:\/\/photos.google.com\/share\/AF1QipP4nLG3i3Xrta31fCS1CFJdhR3S4XUXEevHXrx6FXOUJ2MWcr6RM63_ErsYHvYcng\/photo\/AF1QipPHkE3bj58CK-20HBQe-kvFBfxLWR_riHn1lkw?key=aTF4NTJwUVhSZjFGSjE1UjVqSVR4QkRyZFRNSzN3\" target=\"_blank\" rel=\"noopener\"><img decoding=\"async\" src=\"https:\/\/lh3.googleusercontent.com\/pw\/AP1GczNkckHyp3nTKcCoLfcsUOa37i9fYOYlAs4Rf846IUX3IhtOJHP2eVt1eCy7vPgksA-k9cRiYYpk5vT3HFqrGMoWD_xzS5XcR4c_vsOULdjLTNiYc40TrVE28lIoT0rcFa-r901cjzVXEXIXD2Q9xZqr=w2000-h1500-s-no-gm?authuser=0\" width=\"2000\" height=\"1500\" alt=\"Turistas ouvindo atentamente a apresenta\u00e7\u00e3o.\" class=\"size-full\" \/><\/a><figcaption class=\"wp-caption-text\">Turistas ouvindo atentamente a apresenta\u00e7\u00e3o.<\/figcaption><\/figure>\ufffc<\/p>\n<h2>Exposi\u00e7\u00e3o de ve\u00edculos das For\u00e7as de Autodefesa<\/h2>\n<figure class=\"wp-caption aligncenter\"><a href=\"https:\/\/photos.google.com\/share\/AF1QipP4nLG3i3Xrta31fCS1CFJdhR3S4XUXEevHXrx6FXOUJ2MWcr6RM63_ErsYHvYcng\/photo\/AF1QipMIEC5bnvOb_Huo30EUwcEZQKxI7rtyyjfJZiw?key=aTF4NTJwUVhSZjFGSjE1UjVqSVR4QkRyZFRNSzN3\" target=\"_blank\" rel=\"noopener\"><img decoding=\"async\" src=\"https:\/\/lh3.googleusercontent.com\/pw\/AP1GczP2QJX99O57OFREJAobsmXwYZCr42EP909DI0GIvJNQVgQaKxPEmwoZ5pGs4VoGmxjwxp8Dm3KSsGDAkwqGeqri-y6P9j3hUitGrUVkYOlg3niSeK3xooCPPHcaF7CGDUQCtTQ8QjbiGO8B2j9XGYde=w2000-h1500-s-no-gm?authuser=0\" width=\"2000\" height=\"1500\" alt=\"Exposi\u00e7\u00e3o de ve\u00edculos das For\u00e7as de Autodefesa\" class=\"size-full\" \/><\/a><figcaption class=\"wp-caption-text\">Exposi\u00e7\u00e3o de ve\u00edculos das For\u00e7as de Autodefesa<\/figcaption><\/figure>\n<h3>motocicleta<\/h3>\n<p>\u2742 Ve\u00edculos com rodas usados principalmente por unidades de reconhecimento<\/p>\n<figure class=\"wp-caption aligncenter\"><a href=\"https:\/\/photos.google.com\/share\/AF1QipP4nLG3i3Xrta31fCS1CFJdhR3S4XUXEevHXrx6FXOUJ2MWcr6RM63_ErsYHvYcng\/photo\/AF1QipMXmYz0Q5S7JqcF3LIWC4W5-SMjNdWqoUM3TU4?key=aTF4NTJwUVhSZjFGSjE1UjVqSVR4QkRyZFRNSzN3\" target=\"_blank\" rel=\"noopener\"><img decoding=\"async\" src=\"https:\/\/lh3.googleusercontent.com\/pw\/AP1GczP-uoD-XKyhDlVejq2fOH3pbKGadC6MoLAdCPz6IAjtuHstc0qBsQGyFIu3iWiOrbLI4HFvSkgph2tT4LcvASAT5tUZVK63tVYTkNdInB82EnU0s9BucG28eJg9wnIuckwAyioNmpn71y8cioWyM0nu=w2000-h1500-s-no-gm?authuser=0\" width=\"2000\" height=\"1500\" alt=\"motocicleta\" class=\"size-full\" \/><\/a><figcaption class=\"wp-caption-text\">motocicleta<\/figcaption><\/figure>\n<h3>Caminh\u00e3o pequeno tipo 73<\/h3>\n<p>\u2742 Ve\u00edculo com tra\u00e7\u00e3o nas quatro rodas. Equipado com um motor diesel de quatro cilindros, \u00e9 utilizado para m\u00faltiplas finalidades, incluindo comando e comunica\u00e7\u00e3o, reconhecimento e vigil\u00e2ncia, transporte de armas e muni\u00e7\u00f5es, comunica\u00e7\u00f5es e resgate.<\/p>\n<figure class=\"wp-caption aligncenter\"><a href=\"https:\/\/photos.google.com\/share\/AF1QipP4nLG3i3Xrta31fCS1CFJdhR3S4XUXEevHXrx6FXOUJ2MWcr6RM63_ErsYHvYcng\/photo\/AF1QipNkJNwQl3xETJCNpgN8kforP5lKOEbMLdo6N_g?key=aTF4NTJwUVhSZjFGSjE1UjVqSVR4QkRyZFRNSzN3\" target=\"_blank\" rel=\"noopener\"><img decoding=\"async\" src=\"https:\/\/lh3.googleusercontent.com\/pw\/AP1GczNlJFnoPql_vk90AycxuluTrSF7wg5T8oCEaXEOwpT4gs1uvO3Aj2srnrAkeLPbVhVr7AWTkENaJsgWWErWSxSCNzIxUveTGSSZFwsQteIjat2ByUS7p6SwzHv0Nlrw7JTcSOaI-rVdBAbuhuMd_i_M=w2000-h1500-s-no-gm?authuser=0\" width=\"2000\" height=\"1500\" alt=\"Caminh\u00e3o pequeno tipo 73\" class=\"size-full\" \/><\/a><figcaption class=\"wp-caption-text\">Caminh\u00e3o pequeno tipo 73<\/figcaption><\/figure>\n<h3>Ve\u00edculo de comando e comunica\u00e7\u00e3o Tipo 82<\/h3>\n<p>\u2742 Ve\u00edculos blindados sobre rodas equipados por quart\u00e9is-generais de divis\u00e3o, regimentos de infantaria, regimentos de artilharia, etc., e utilizados para atividades de comando e comunica\u00e7\u00e3o.<\/p>\n<figure class=\"wp-caption aligncenter\"><a href=\"https:\/\/photos.google.com\/share\/AF1QipP4nLG3i3Xrta31fCS1CFJdhR3S4XUXEevHXrx6FXOUJ2MWcr6RM63_ErsYHvYcng\/photo\/AF1QipO_aunTlBEUdeRXkA8eTGVPMgpLW6DNKStU6Rc?key=aTF4NTJwUVhSZjFGSjE1UjVqSVR4QkRyZFRNSzN3\" target=\"_blank\" rel=\"noopener\"><img decoding=\"async\" src=\"https:\/\/lh3.googleusercontent.com\/pw\/AP1GczMrHQaneVbAnPIWQPTnXjYLY7sIEF3_ac1ru7-GAecBDST5bojvuVFDwliPY_khevtFstVkgtskaQrLicYul0od_HcC-zaZV-htuQTmLDZOj65V54NoOdD6DHCWD4DenekT0mJc2McQSsrKlmftjvlc=w2000-h1500-s-no-gm?authuser=0\" width=\"2000\" height=\"1500\" alt=\"Ve\u00edculo de comando e comunica\u00e7\u00e3o Tipo 82\" class=\"size-full\" \/><\/a><figcaption class=\"wp-caption-text\">Ve\u00edculo de comando e comunica\u00e7\u00e3o Tipo 82<\/figcaption><\/figure>\n<h4>Dentro do ve\u00edculo de comunica\u00e7\u00f5es<\/h4>\n<figure class=\"wp-caption aligncenter\"><a href=\"https:\/\/photos.google.com\/share\/AF1QipP4nLG3i3Xrta31fCS1CFJdhR3S4XUXEevHXrx6FXOUJ2MWcr6RM63_ErsYHvYcng\/photo\/AF1QipPZ-6-EGdI_LLE4KYbih_4obd-t6mvC3dJhjvI?key=aTF4NTJwUVhSZjFGSjE1UjVqSVR4QkRyZFRNSzN3\" target=\"_blank\" rel=\"noopener\"><img decoding=\"async\" src=\"https:\/\/lh3.googleusercontent.com\/pw\/AP1GczMGi7GZAwuYKEPTnArjL3HuyBcSek2AHA95sOYgZQ6yC4S8bWA855doicBCeMbJ6YjlCS5R4toKC6QyQQv8f34oaGmDMRQcPB6ku0DueNg0SqRNVgCszLRO-InHMQv30sWxS8WS_ud0lQTOkDn14i8y=w2000-h1500-s-no-gm?authuser=0\" width=\"2000\" height=\"1500\" alt=\"Dentro do ve\u00edculo de comunica\u00e7\u00f5es\" class=\"size-full\" \/><\/a><figcaption class=\"wp-caption-text\">Dentro do ve\u00edculo de comunica\u00e7\u00f5es<\/figcaption><\/figure>\n<h3>Juntamente com o Chefe Wakisaka, o Diretor de Rela\u00e7\u00f5es P\u00fablicas Kanno e o Prefeito Sasaki...<\/h3>\n<figure class=\"wp-caption aligncenter\"><a href=\"https:\/\/photos.google.com\/share\/AF1QipP4nLG3i3Xrta31fCS1CFJdhR3S4XUXEevHXrx6FXOUJ2MWcr6RM63_ErsYHvYcng\/photo\/AF1QipPrfFruKr9-yAW1eJzwFBAzo8dfOhlxcSkH8mI?key=aTF4NTJwUVhSZjFGSjE1UjVqSVR4QkRyZFRNSzN3\" target=\"_blank\" rel=\"noopener\"><img decoding=\"async\" src=\"https:\/\/lh3.googleusercontent.com\/pw\/AP1GczPVQ7jkVQNX0FKA9B1SR1Jf9d-dKPC_PlaL8X76NvRbkuCp7KWZXYm72r3UeOK0G8pQ4aTcDmQEEOx_haXb23Flj7qrrxzuAwCtDMlBD7bFTGUJIkn56A5nh0vvYpyQrmfvDKQPZz7IWx4HgIy4H1Za=w2000-h1333-s-no-gm?authuser=0\" width=\"2000\" height=\"1333\" alt=\"Da direita para a esquerda: Takehiro Kanno, chefe do Departamento de Rela\u00e7\u00f5es P\u00fablicas; Kenichi Wakisaka, 1\u00ba comandante do 3\u00ba Batalh\u00e3o do 2\u00ba Regimento de Artilharia; e Yasuhiro Sasaki, prefeito da cidade de Hokuryu.\" class=\"size-full\" \/><\/a><figcaption class=\"wp-caption-text\">Da direita para a esquerda: Takehiro Kanno, Chefe do Gabinete de Rela\u00e7\u00f5es P\u00fablicas; Kenichi Wakisaka, 1\u00ba Chefe do Quartel-General do 3\u00ba Batalh\u00e3o do 2\u00ba Regimento de Artilharia.<br \/>\nPrefeito Yasuhiro Sasaki da cidade de Hokuryu<\/figcaption><\/figure>\n<figure class=\"wp-caption aligncenter\"><a href=\"https:\/\/photos.google.com\/share\/AF1QipP4nLG3i3Xrta31fCS1CFJdhR3S4XUXEevHXrx6FXOUJ2MWcr6RM63_ErsYHvYcng\/photo\/AF1QipOf40X1o5dnEcrSUKr6WowLvw_tTccvg5PHOdU?key=aTF4NTJwUVhSZjFGSjE1UjVqSVR4QkRyZFRNSzN3\" target=\"_blank\" rel=\"noopener\"><img decoding=\"async\" src=\"https:\/\/lh3.googleusercontent.com\/pw\/AP1GczOZk8ibSpwa_EiSk2E0Lcc8-1x_jkFeVTwToZ8SQ45JjEv0C7u0pBb7DT0D-ivssnUaJvU8Zms2FGbsFTbs9T2Qh9BYTh0tosnfxoCoEYMjFkqFqczL9-1ZbxzX-J_W4vC_WDBrNuunaf-tspnGhyzf=w2000-h1500-s-no-gm?authuser=0\" width=\"2000\" height=\"1500\" alt=\"Na pra\u00e7a com gramado...\" class=\"size-full\" \/><\/a><figcaption class=\"wp-caption-text\">Na pra\u00e7a com gramado...<\/figcaption><\/figure>\n<p>Vila dos Girass\u00f3is tingida de verde e amarelo<\/p>\n<figure class=\"wp-caption aligncenter\"><a href=\"https:\/\/photos.google.com\/share\/AF1QipMPX00FY6lHnpApbFXFAfx17kqZpNU0eCjSv-vQB16SxcAsmX6-5315qs9bHEQ47g\/photo\/AF1QipMiZ8ATJxPG-HFr_REz9DvQZLO2DFt_YLZNiCA?key=Q3pkcFBnU2VyNGhuOFhOUFJ1Ylp3dGtSR3BsVUpR\" target=\"_blank\" rel=\"noopener\"><img decoding=\"async\" src=\"https:\/\/lh3.googleusercontent.com\/pw\/AP1GczO7LNytfdFRQA2TBjVBL55wyyUH1BIJhzbQaUTa0Dxy3_OWIG-AQ1Bz0gF84t_odoQ69vGmzFo8YZl3jgVd8mZyzFRK7XePdED9XQlB2awo7ONxplZSaBI8Cry6zCNne7eH5xIV7PdLdNxfHECuNqnI=w2000-h1500-s-no-gm?authuser=0\" width=\"2000\" height=\"1500\" alt=\"Vila dos Girass\u00f3is tingida de verde e amarelo\" class=\"size-full\" \/><\/a><figcaption class=\"wp-caption-text\">Vila dos Girass\u00f3is tingida de verde e amarelo<\/figcaption><\/figure>\n<p>Com a vila de girass\u00f3is verdes e amarelos como pano de fundo, nos unimos aos sons poderosos e heroicos da 2\u00aa Banda da For\u00e7a Terrestre de Autodefesa e fomos tomados pela emo\u00e7\u00e3o, por um amor, gratid\u00e3o e ora\u00e7\u00f5es sem limites.<\/p>\n<h2>imagem<\/h2>\n<div class=\"img-move\">\n<span style=\"font-size: 14pt;\"><strong>\u2742 <a href=\"https:\/\/photos.app.goo.gl\/z3LYLg8DeB4gHHJw6\" target=\"_blank\" rel=\"noopener\">Imagens da Vila dos Girass\u00f3is da Cidade de Hokuryu em 2024 aqui &gt;&gt;<\/a><\/strong><\/span><\/div>\n<h2>Sites e p\u00e1ginas relacionados<\/h2>\n\n        <div class=\"site-blogcard-premium\">\n            <div class=\"bc-label-custom\">Artigos relacionados<\/div>\n            <div class=\"bc-flex-container\">\n                <div class=\"bc-main-text\">\n                    <div class=\"bc-title-link-box\">\n                        <a href=\"https:\/\/www.mod.go.jp\/gsdf\/nae\/2d\/unit\/butai\/band\/top\/top.html\" target=\"_blank\">https:\/\/www.mod.go.jp\/gsdf\/nae\/2d\/unit\/butai\/band\/top\/top.html<\/a>\n                    <\/div>\n                    <div class=\"bc-excerpt-box\">N\u00e3o foi poss\u00edvel recuperar as informa\u00e7\u00f5es da p\u00e1gina.<\/div>\n                <\/div>\n                <div class=\"bc-thumbnail-box\">\n                    <a href=\"https:\/\/www.mod.go.jp\/gsdf\/nae\/2d\/unit\/butai\/band\/top\/top.html\" target=\"_blank\">\n                        <div class=\"bc-img-zoom-wrap\">\n                            <img decoding=\"async\" src=\"https:\/\/portal.hokuryu.info\/wp\/wp-content\/uploads\/2026\/02\/20230802DSC06445_1.jpg\" alt=\"https:\/\/www.mod.go.jp\/gsdf\/nae\/2d\/unit\/butai\/band\/top\/top.html\">\n                        <\/div>\n                    <\/a>\n                <\/div>\n            <\/div>\n        <\/div>\n\u3000<\/p>\n<table style=\"border: solid 3px gold;\" width=\"95%\" cellspacing=\"5\" cellpadding=\"10\">\n<tbody>\n<tr style=\"height: 55px; border: 3px solid gold;\">\n<th style=\"width: 600px; background-color: #cff4ff; text-align: center; vertical-align: middle; height: 55px;\"><span style=\"font-size: 16pt; color: #ff0000;\"><b>O 38\u00ba Festival do Girassol (Cidade de Hokuryu, Hokkaido) ser\u00e1 realizado!<br \/>\nS\u00e1bado, 20 de julho de 2024 - Domingo, 18 de agosto de 2024<br \/>\n<\/b><\/span><\/th>\n<\/tr>\n<tr style=\"border: 3px solid gold;\">\n<td style=\"width: 600px; background-color: #fcfcd2; border-color: #ff0000; text-align: center; vertical-align: middle;\"><strong><span style=\"font-size: 12pt;\">\u2742 Dura\u00e7\u00e3o: 30 dias \u2742 \u00c1rea: Aproximadamente 23 hectares \u2742 N\u00famero de \u00e1rvores: 2 milh\u00f5es \u2742 Melhor \u00e9poca para visitar: In\u00edcio de agosto<br \/>\n<\/span><\/strong><\/p>\n<div class=\"img-move\">\n<div class=\"column column-2\">\n<div class=\"column__item\"><a href=\"https:\/\/portal.hokuryu.info\/wp\/wp-content\/uploads\/2024\/06\/himawari_2024omote.jpg\" target=\"_blank\" rel=\"noopener\"><img decoding=\"async\" src=\"https:\/\/portal.hokuryu.info\/wp\/wp-content\/uploads\/2024\/06\/himawari_2024_1omote-1.jpg\" alt=\"2024 38\u00ba Festival de Girass\u00f3is da Cidade de Hokuryu (Frente)\" width=\"1420\" height=\"2000\" class=\"size-full wp-image-19738\" style=\"border: solid 1px blue;\" \/><\/a><\/div>\n<div class=\"column__item\"><a href=\"https:\/\/portal.hokuryu.info\/wp\/wp-content\/uploads\/2024\/06\/himawari_2024ura.jpg\" target=\"_blank\" rel=\"noopener\"><img decoding=\"async\" src=\"https:\/\/portal.hokuryu.info\/wp\/wp-content\/uploads\/2024\/06\/himawari_2024ura.jpg\" alt=\"2024 38\u00ba Festival de Girass\u00f3is da Cidade de Hokuryu - Voltar\" width=\"1436\" height=\"2000\" class=\"size-full wp-image-19739\" style=\"border: solid 1px blue;\" \/><\/a><\/div>\n<\/div>\n<\/div>\n<\/div>\n<\/td>\n<\/tr>\n<\/tbody>\n<\/table>\n<p>\u3000<\/p>\n<div class=\"img-move\">\n<a href=\"https:\/\/portal.hokuryu.info\/pt\/48425\/\"><img decoding=\"async\" src=\"https:\/\/portal.hokuryu.info\/wp\/wp-content\/uploads\/2024\/07\/20240720IMG_7912-1.jpg\" alt=\"Restaurantes e outros estabelecimentos dentro do Centro Tur\u00edstico Himawari da cidade de Hokuryu\" width=\"1436\" height=\"2000\" class=\"size-full wp-image-19739\" style=\"border: solid 1px blue;\" \/><\/a><\/div>\n<p>\u3000<br \/>\n\n        <div class=\"site-blogcard-premium\">\n            <div class=\"bc-label-custom\">Artigos relacionados<\/div>\n            <div class=\"bc-flex-container\">\n                <div class=\"bc-main-text\">\n                    <div class=\"bc-title-link-box\">\n                        <a href=\"https:\/\/portal.hokuryu.info\/pt\/sunflower\/\" target=\"_blank\">https:\/\/portal.hokuryu.info\/sunflower<\/a>\n                    <\/div>\n                    <div class=\"bc-excerpt-box\">N\u00e3o foi poss\u00edvel recuperar as informa\u00e7\u00f5es da p\u00e1gina.<\/div>\n                <\/div>\n                <div class=\"bc-thumbnail-box\">\n                    <a href=\"https:\/\/portal.hokuryu.info\/pt\/sunflower\/\" target=\"_blank\">\n                        <div class=\"bc-img-zoom-wrap\">\n                            <img decoding=\"async\" src=\"https:\/\/portal.hokuryu.info\/wp\/wp-content\/uploads\/2026\/02\/20230802DSC06445_1.jpg\" alt=\"https:\/\/portal.hokuryu.info\/sunflower\">\n                        <\/div>\n                    <\/a>\n                <\/div>\n            <\/div>\n        <\/div>\n\n        <div class=\"site-blogcard-premium\">\n            <div class=\"bc-label-custom\">Artigos relacionados<\/div>\n            <div class=\"bc-flex-container\">\n                <div class=\"bc-main-text\">\n                    <div class=\"bc-title-link-box\">\n                        <a href=\"https:\/\/portal.hokuryu.info\/pt\/sunflower_bloom\/\" target=\"_blank\">https:\/\/portal.hokuryu.info\/sunflower_bloom<\/a>\n                    <\/div>\n                    <div class=\"bc-excerpt-box\">N\u00e3o foi poss\u00edvel recuperar as informa\u00e7\u00f5es da p\u00e1gina.<\/div>\n                <\/div>\n                <div class=\"bc-thumbnail-box\">\n                    <a href=\"https:\/\/portal.hokuryu.info\/pt\/sunflower_bloom\/\" target=\"_blank\">\n                        <div class=\"bc-img-zoom-wrap\">\n                            <img decoding=\"async\" src=\"https:\/\/portal.hokuryu.info\/wp\/wp-content\/uploads\/2026\/02\/20230802DSC06445_1.jpg\" alt=\"https:\/\/portal.hokuryu.info\/sunflower_bloom\">\n                        <\/div>\n                    <\/a>\n                <\/div>\n            <\/div>\n        <\/div>\n\n        <div class=\"site-blogcard-premium\">\n            <div class=\"bc-label-custom\">Artigos relacionados<\/div>\n            <div class=\"bc-flex-container\">\n                <div class=\"bc-main-text\">\n                    <div class=\"bc-title-link-box\">\n                        <a href=\"https:\/\/portal.hokuryu.info\/pt\/sunflower_festival\/\" target=\"_blank\">https:\/\/portal.hokuryu.info\/sunflower_festival<\/a>\n                    <\/div>\n                    <div class=\"bc-excerpt-box\">N\u00e3o foi poss\u00edvel recuperar as informa\u00e7\u00f5es da p\u00e1gina.<\/div>\n                <\/div>\n                <div class=\"bc-thumbnail-box\">\n                    <a href=\"https:\/\/portal.hokuryu.info\/pt\/sunflower_festival\/\" target=\"_blank\">\n                        <div class=\"bc-img-zoom-wrap\">\n                            <img decoding=\"async\" src=\"https:\/\/portal.hokuryu.info\/wp\/wp-content\/uploads\/2026\/02\/20230802DSC06445_1.jpg\" alt=\"https:\/\/portal.hokuryu.info\/sunflower_festival\">\n                        <\/div>\n                    <\/a>\n                <\/div>\n            <\/div>\n        <\/div>\n\n        <div class=\"site-blogcard-premium\">\n            <div class=\"bc-label-custom\">Artigos relacionados<\/div>\n            <div class=\"bc-flex-container\">\n                <div class=\"bc-main-text\">\n                    <div class=\"bc-title-link-box\">\n                        <a href=\"https:\/\/portal.hokuryu.info\/pt\/sunflower_directions\/\" target=\"_blank\">https:\/\/portal.hokuryu.info\/sunflower_directions<\/a>\n                    <\/div>\n                    <div class=\"bc-excerpt-box\">N\u00e3o foi poss\u00edvel recuperar as informa\u00e7\u00f5es da p\u00e1gina.<\/div>\n                <\/div>\n                <div class=\"bc-thumbnail-box\">\n                    <a href=\"https:\/\/portal.hokuryu.info\/pt\/sunflower_directions\/\" target=\"_blank\">\n                        <div class=\"bc-img-zoom-wrap\">\n                            <img decoding=\"async\" src=\"https:\/\/portal.hokuryu.info\/wp\/wp-content\/uploads\/2026\/02\/20230802DSC06445_1.jpg\" alt=\"https:\/\/portal.hokuryu.info\/sunflower_directions\">\n                        <\/div>\n                    <\/a>\n                <\/div>\n            <\/div>\n        <\/div>\n\n        <div class=\"site-blogcard-premium\">\n            <div class=\"bc-label-custom\">Artigos relacionados<\/div>\n            <div class=\"bc-flex-container\">\n                <div class=\"bc-main-text\">\n                    <div class=\"bc-title-link-box\">\n                        <a href=\"https:\/\/portal.hokuryu.info\/pt\/sunflower_lunch\/\" target=\"_blank\">https:\/\/portal.hokuryu.info\/sunflower_lunch<\/a>\n                    <\/div>\n                    <div class=\"bc-excerpt-box\">N\u00e3o foi poss\u00edvel recuperar as informa\u00e7\u00f5es da p\u00e1gina.<\/div>\n                <\/div>\n                <div class=\"bc-thumbnail-box\">\n                    <a href=\"https:\/\/portal.hokuryu.info\/pt\/sunflower_lunch\/\" target=\"_blank\">\n                        <div class=\"bc-img-zoom-wrap\">\n                            <img decoding=\"async\" src=\"https:\/\/portal.hokuryu.info\/wp\/wp-content\/uploads\/2026\/02\/20230802DSC06445_1.jpg\" alt=\"https:\/\/portal.hokuryu.info\/sunflower_lunch\">\n                        <\/div>\n                    <\/a>\n                <\/div>\n            <\/div>\n        <\/div>\n\n        <div class=\"site-blogcard-premium\">\n            <div class=\"bc-label-custom\">Artigos relacionados<\/div>\n            <div class=\"bc-flex-container\">\n                <div class=\"bc-main-text\">\n                    <div class=\"bc-title-link-box\">\n                        <a href=\"https:\/\/portal.hokuryu.info\/pt\/sunflower_photos\/\" target=\"_blank\">https:\/\/portal.hokuryu.info\/sunflower_photos<\/a>\n                    <\/div>\n                    <div class=\"bc-excerpt-box\">N\u00e3o foi poss\u00edvel recuperar as informa\u00e7\u00f5es da p\u00e1gina.<\/div>\n                <\/div>\n                <div class=\"bc-thumbnail-box\">\n                    <a href=\"https:\/\/portal.hokuryu.info\/pt\/sunflower_photos\/\" target=\"_blank\">\n                        <div class=\"bc-img-zoom-wrap\">\n                            <img decoding=\"async\" src=\"https:\/\/portal.hokuryu.info\/wp\/wp-content\/uploads\/2026\/02\/20230802DSC06445_1.jpg\" alt=\"https:\/\/portal.hokuryu.info\/sunflower_photos\">\n                        <\/div>\n                    <\/a>\n                <\/div>\n            <\/div>\n        <\/div>\n\u3000<br \/>\n\n        <div class=\"site-blogcard-premium\">\n            <div class=\"bc-label-custom\">Artigos relacionados<\/div>\n            <div class=\"bc-flex-container\">\n                <div class=\"bc-main-text\">\n                    <div class=\"bc-title-link-box\">\n                        <a href=\"https:\/\/claystoneproductio.wixsite.com\/projects-top\/himawari-intro\" target=\"_blank\">Desvendando Mist\u00e9rios na Turn\u00ea do Festival de Girass\u00f3is | Hist\u00f3rias de Girass\u00f3is | CLAYSTONE<\/a>\n                    <\/div>\n                    <div class=\"bc-excerpt-box\">Um evento de mist\u00e9rio e ca\u00e7a ao tesouro completo ser\u00e1 realizado no Festival do Girassol da cidade de Hokuryu. Torne-se uma garota que consegue ouvir as vozes das flores e desvende as lendas da vila do girassol...<\/div>\n                <\/div>\n                <div class=\"bc-thumbnail-box\">\n                    <a href=\"https:\/\/claystoneproductio.wixsite.com\/projects-top\/himawari-intro\" target=\"_blank\">\n                        <div class=\"bc-img-zoom-wrap\">\n                            <img decoding=\"async\" src=\"https:\/\/static.wixstatic.com\/media\/7044ff_134175a6ac8949a2a31aae534214e316~mv2.png\/v1\/fill\/w_1280,h_720,al_c\/7044ff_134175a6ac8949a2a31aae534214e316~mv2.png\" alt=\"Desvendando Mist\u00e9rios na Turn\u00ea do Festival de Girass\u00f3is | Hist\u00f3rias de Girass\u00f3is | CLAYSTONE\">\n                        <\/div>\n                    <\/a>\n                <\/div>\n            <\/div>\n        <\/div>\n<p>\u25c7 Entrevista e texto: Ikuko Terauchi (Fotografia e assist\u00eancia de edi\u00e7\u00e3o: Noboru Terauchi)<\/p>","protected":false},"excerpt":{"rendered":"<p>\uff12\uff10\uff12\uff14\u5e74\uff17\u6708\uff13\uff10\u65e5\uff08\u706b\uff09 \uff17\u6708\uff12\uff17\u65e5\uff08\u571f\uff09\u3001\u5317\u7adc\u753a\u3072\u307e\u308f\u308a\u306e\u91cc\u829d\u751f\u5e83\u5834\u306b\u3066\u3001\u9678\u4e0a\u81ea\u885b\u968a\u7b2c\uff12\u97f3\u697d\u968a\u6f14\u594f\u4f1a\u304c\u958b\u50ac\u3055\u308c\u307e\u3057\u305f\u3002 \u9678\u4e0a\u81ea\u885b\u968a\u7b2c\uff12\u97f3\u697d\u968a\u6f14\u594f\u4f1a 2024 \u958b\u50ac \ufffc \u9678\u4e0a\u81ea\u885b\u968a\u7b2c2\u97f3\u697d\u968a\u306e\u3054\u7d39\u4ecb [&hellip;]<\/p>\n","protected":false},"author":1,"featured_media":48962,"comment_status":"open","ping_status":"open","sticky":false,"template":"","format":"standard","meta":{"footnotes":""},"categories":[4],"tags":[],"class_list":["post-48960","post","type-post","status-publish","format-standard","has-post-thumbnail","hentry","category-cover-story"],"_links":{"self":[{"href":"https:\/\/portal.hokuryu.info\/pt\/wp-json\/wp\/v2\/posts\/48960","targetHints":{"allow":["GET"]}}],"collection":[{"href":"https:\/\/portal.hokuryu.info\/pt\/wp-json\/wp\/v2\/posts"}],"about":[{"href":"https:\/\/portal.hokuryu.info\/pt\/wp-json\/wp\/v2\/types\/post"}],"author":[{"embeddable":true,"href":"https:\/\/portal.hokuryu.info\/pt\/wp-json\/wp\/v2\/users\/1"}],"replies":[{"embeddable":true,"href":"https:\/\/portal.hokuryu.info\/pt\/wp-json\/wp\/v2\/comments?post=48960"}],"version-history":[{"count":0,"href":"https:\/\/portal.hokuryu.info\/pt\/wp-json\/wp\/v2\/posts\/48960\/revisions"}],"wp:featuredmedia":[{"embeddable":true,"href":"https:\/\/portal.hokuryu.info\/pt\/wp-json\/wp\/v2\/media\/48962"}],"wp:attachment":[{"href":"https:\/\/portal.hokuryu.info\/pt\/wp-json\/wp\/v2\/media?parent=48960"}],"wp:term":[{"taxonomy":"category","embeddable":true,"href":"https:\/\/portal.hokuryu.info\/pt\/wp-json\/wp\/v2\/categories?post=48960"},{"taxonomy":"post_tag","embeddable":true,"href":"https:\/\/portal.hokuryu.info\/pt\/wp-json\/wp\/v2\/tags?post=48960"}],"curies":[{"name":"wp","href":"https:\/\/api.w.org\/{rel}","templated":true}]}}