{"id":48939,"date":"2024-07-29T09:34:25","date_gmt":"2024-07-29T00:34:25","guid":{"rendered":"https:\/\/portal.hokuryu.info\/?p=48939"},"modified":"2024-07-28T14:51:13","modified_gmt":"2024-07-28T05:51:13","slug":"7%e6%9c%8826%e6%97%a5%ef%bc%88%e9%87%91%ef%bc%89%e7%b5%82%e6%a5%ad%e5%bc%8f-%ef%bd%9e-%e4%bb%8a%e6%97%a5%e3%81%a71%e5%ad%a6%e6%9c%9f%e3%81%8c%e7%b5%82%e3%82%8f%e3%82%8a%e3%81%be%e3%81%99%e3%80%82","status":"publish","type":"post","link":"https:\/\/portal.hokuryu.info\/pt\/48939\/","title":{"rendered":"Cerim\u00f4nia de Encerramento, sexta-feira, 26 de julho - Hoje marca o fim do primeiro semestre. Foi um semestre em que cada crian\u00e7a cresceu. O representante do gr\u00eamio estudantil falou sobre suas impress\u00f5es das f\u00e9rias de ver\u00e3o, e os representantes do segundo e quinto ano falaram sobre o trabalho \u00e1rduo que realizaram e as habilidades que adquiriram durante o primeiro semestre. [Escola Prim\u00e1ria Shinryu]"},"content":{"rendered":"<p>Segunda-feira, 29 de julho de 2024<\/p>\n<figure id=\"attachment_45750\" class=\"wp-caption aligncenter\"><a href=\"https:\/\/sites.google.com\/view\/hokuryu\/\" target=\"_blank\" rel=\"noopener\"><img decoding=\"async\" src=\"https:\/\/portal.hokuryu.info\/wp\/wp-content\/uploads\/2024\/07\/642646b67d230127ea98805982fa9d33-16-scaled.jpg\" alt=\"Cerim\u00f4nia de Encerramento na sexta-feira, 26 de julho - Hoje marca o fim do primeiro semestre. Foi um semestre em que cada crian\u00e7a cresceu. O representante do gr\u00eamio estudantil falou sobre suas impress\u00f5es das f\u00e9rias de ver\u00e3o, e os representantes do segundo e quinto ano falaram sobre o trabalho \u00e1rduo que realizaram e as habilidades que adquiriram durante o primeiro semestre. [Escola Prim\u00e1ria Shinryu]\" width=\"2414\" height=\"2308\" class=\"size-full wp-image-45750\" style=\"border:solid 1px blue\"\/><figcaption class=\"wp-caption-text\">Cerim\u00f4nia de Encerramento na sexta-feira, 26 de julho - Hoje marca o fim do primeiro semestre. Foi um semestre em que cada crian\u00e7a cresceu. O representante do gr\u00eamio estudantil falou sobre suas impress\u00f5es das f\u00e9rias de ver\u00e3o, e os representantes do segundo e quinto ano falaram sobre o trabalho \u00e1rduo que realizaram e as habilidades que adquiriram durante o primeiro semestre. [Escola Prim\u00e1ria Shinryu]<\/a><\/figcaption><\/figure>","protected":false},"excerpt":{"rendered":"<p>Segunda-feira, 29 de julho de 2024<\/p>","protected":false},"author":1,"featured_media":48908,"comment_status":"open","ping_status":"open","sticky":false,"template":"","format":"standard","meta":{"footnotes":""},"categories":[68],"tags":[],"class_list":["post-48939","post","type-post","status-publish","format-standard","has-post-thumbnail","hentry","category-68"],"_links":{"self":[{"href":"https:\/\/portal.hokuryu.info\/pt\/wp-json\/wp\/v2\/posts\/48939","targetHints":{"allow":["GET"]}}],"collection":[{"href":"https:\/\/portal.hokuryu.info\/pt\/wp-json\/wp\/v2\/posts"}],"about":[{"href":"https:\/\/portal.hokuryu.info\/pt\/wp-json\/wp\/v2\/types\/post"}],"author":[{"embeddable":true,"href":"https:\/\/portal.hokuryu.info\/pt\/wp-json\/wp\/v2\/users\/1"}],"replies":[{"embeddable":true,"href":"https:\/\/portal.hokuryu.info\/pt\/wp-json\/wp\/v2\/comments?post=48939"}],"version-history":[{"count":0,"href":"https:\/\/portal.hokuryu.info\/pt\/wp-json\/wp\/v2\/posts\/48939\/revisions"}],"wp:featuredmedia":[{"embeddable":true,"href":"https:\/\/portal.hokuryu.info\/pt\/wp-json\/wp\/v2\/media\/48908"}],"wp:attachment":[{"href":"https:\/\/portal.hokuryu.info\/pt\/wp-json\/wp\/v2\/media?parent=48939"}],"wp:term":[{"taxonomy":"category","embeddable":true,"href":"https:\/\/portal.hokuryu.info\/pt\/wp-json\/wp\/v2\/categories?post=48939"},{"taxonomy":"post_tag","embeddable":true,"href":"https:\/\/portal.hokuryu.info\/pt\/wp-json\/wp\/v2\/tags?post=48939"}],"curies":[{"name":"wp","href":"https:\/\/api.w.org\/{rel}","templated":true}]}}