{"id":4845,"date":"2020-09-25T06:42:41","date_gmt":"2020-09-24T21:42:41","guid":{"rendered":"https:\/\/portal.hokuryu.info\/?p=4845"},"modified":"2021-11-18T09:05:30","modified_gmt":"2021-11-18T00:05:30","slug":"post-4845","status":"publish","type":"post","link":"https:\/\/portal.hokuryu.info\/pt\/4845\/","title":{"rendered":"Reuni\u00e3o com membros da Dieta na cidade de Hokuryu (Hokkaido) sobre silvicultura de autoexplora\u00e7\u00e3o [N\u00ba 3] Reuni\u00e3o de discuss\u00e3o e interc\u00e2mbio com o Sr. Tatsuya Ue"},"content":{"rendered":"<p>Sexta-feira, 25 de setembro de 2020<\/p>\n<p>Ap\u00f3s a reuni\u00e3o com a Cooperativa Agr\u00edcola Honoka, fomos ao restaurante Kazaguruma, no Sunflower Park Hokuryu Onsen, onde conversamos com Kamii Tatsuya, que trabalha com extra\u00e7\u00e3o de madeira em \u00e1reas rurais da cidade de Hokuryu.<br \/>\n\ufffc<br \/>\n<figure class=\"wp-caption aligncenter\"><a href=\"https:\/\/photos.google.com\/share\/AF1QipNs6tzDrKJvEWTu17twPTFbU-7v1wFwc1cSddsqYZUHrY33CU5djytH37mk7HZoUg\/photo\/AF1QipNG_iBNoLrhxjQV2_0dmEnspiypUoOTEQuv18k?key=ZzlsWDM3SUN0eUM3eWl1WmN1VFlFbWw2dUUxZnpR\" target=\"_blank\" rel=\"noopener noreferrer\"><img decoding=\"async\" class=\"size-medium\" src=\"https:\/\/lh3.googleusercontent.com\/pw\/ACtC-3esVAedfagaK4pDthyXCafnhX_Jvj7oyWo-Nh7luUihz8xHd-SGGDcZrS1y_8KA9R-XQwh-x2q3EYT3HoYjo_LjfLnemp2APiEJiKp7AyLTvzELEyPJIr89OyjD4oDl3-zdXHVcsn2W7P85UMKxgmjq=w2000-h1332-no?authuser=0\" alt=\"Parque dos Girass\u00f3is Hokuryu Onsen &quot;Hokuryumon&quot;\" width=\"1998\" height=\"1332\" \/><\/a><figcaption class=\"wp-caption-text\">Parque dos Girass\u00f3is Hokuryu Onsen &quot;Hokuryumon&quot;<\/figcaption><\/figure>\n<figure class=\"wp-caption aligncenter\"><a href=\"https:\/\/photos.google.com\/share\/AF1QipMKIuWXhJmvce-BtC11Oeu-7dAIX1eITNMxmCiWAGzp2KPvCgR8pXMFtOWvjvVUMg\/photo\/AF1QipOwbgt8Gru-M9CUi4OAZnPLBOUETsUPdVvWrtQ?key=bmRwYjF1WmRra3Z5MU5OREtCbWgyclhHR2oxOTRn\" target=\"_blank\" rel=\"noopener noreferrer\"><img decoding=\"async\" class=\"size-medium\" src=\"https:\/\/lh3.googleusercontent.com\/pw\/ACtC-3c9VRpga3yLZwaE86O66DxvAInTyeWbg1NZJbmW-wl2A-l2ljYRZtx5Ow8UM9MUD1mSBhhNMneeiLDAMCPU_IVvx9EmZ1JyMslJmxHJcRf1mMWYwAFXNBKcqpTmbfiP9sJiuC521c2zAHXMYrxs47T_=w2000-h1332-no?authuser=0\" alt=\"Tatsuya Uei trocando cart\u00f5es de visita.\" width=\"1998\" height=\"1332\" \/><\/a><figcaption class=\"wp-caption-text\">Tatsuya Uei trocando cart\u00f5es de visita.<\/figcaption><\/figure>\n<h2>Discuss\u00e3o sobre silvicultura de corte aut\u00f4nomo<\/h2>\n<figure class=\"wp-caption aligncenter\"><a href=\"https:\/\/photos.google.com\/share\/AF1QipMKIuWXhJmvce-BtC11Oeu-7dAIX1eITNMxmCiWAGzp2KPvCgR8pXMFtOWvjvVUMg\/photo\/AF1QipNfJKnDvGDOFXRHe_FFn04ge_sAXddKCVgBTt0?key=bmRwYjF1WmRra3Z5MU5OREtCbWgyclhHR2oxOTRn\" target=\"_blank\" rel=\"noopener noreferrer\"><img decoding=\"async\" class=\"size-medium\" src=\"https:\/\/lh3.googleusercontent.com\/pw\/ACtC-3dMLBWIFT-GyeEpNXwAcxjTbwaHy28GwL0XYZUWwoYKfuwMvPZkir3RZg1S-QHGY_KGMiwyAxD76vn7Xhe676-wYlqjxkAnWzXmQwM5woS_KQcFGSy5vtt_loom9fvAN03QIzBaNI8FvBplI1SaWZJQ=w2000-h1332-no?authuser=0\" alt=\"Discuss\u00e3o no Restaurante Kazagurama\" width=\"1998\" height=\"1332\" \/><\/a><figcaption class=\"wp-caption-text\">Discuss\u00e3o no Restaurante Kazagurama<\/figcaption><\/figure>\n<p><strong><span style=\"color: #ff6600;\">\u25b6<\/span> Deputado de papel:<\/strong>Aprendi que o manejo florestal autossuficiente n\u00e3o se resume apenas a cortar \u00e1rvores, mas tamb\u00e9m a praticar a silvicultura com a consci\u00eancia de preservar a natureza e construir montanhas.<\/p>\n<p>Em primeiro lugar, poderia nos dizer o que o motivou a se envolver com a silvicultura de autoexplora\u00e7\u00e3o?<\/p>\n<figure class=\"wp-caption aligncenter\"><a href=\"https:\/\/photos.google.com\/share\/AF1QipMKIuWXhJmvce-BtC11Oeu-7dAIX1eITNMxmCiWAGzp2KPvCgR8pXMFtOWvjvVUMg\/photo\/AF1QipPWrGPxe7UgNj_Qey4HKyhKNKfELOaePonZwls?key=bmRwYjF1WmRra3Z5MU5OREtCbWgyclhHR2oxOTRn\" target=\"_blank\" rel=\"noopener noreferrer\"><img decoding=\"async\" class=\"size-medium\" src=\"https:\/\/lh3.googleusercontent.com\/pw\/ACtC-3en-stv-54GhZCTAkoLep_xHchckdQiSeRtBWXfXtZU1lNIAhNZ1JFnjDG9rcnJ7ioyLhVSGiVb4uDCjztj4vkgditqwX4qMP5YNOD7o3y7EfYHny3BjloQenClrW4OungnI8fJ3vwhu3gvGaL8os2d=w2000-h1332-no?authuser=0\" alt=\"Tatsuya Uei em conversa\" width=\"1998\" height=\"1332\" \/><\/a><figcaption class=\"wp-caption-text\">Tatsuya Uei em conversa<\/figcaption><\/figure>\n<p><strong>\u25b7 Kamii:<\/strong>Sempre amei a natureza e me interessei por silvicultura, ent\u00e3o, ao pesquisar sobre o assunto, descobri um novo tipo de manejo florestal. Fiquei c\u00e9tico ao ouvir que o setor florestal dava preju\u00edzo, apesar de gerar riqueza a partir da natureza. Depois, aprendi sobre a silvicultura de autoexplora\u00e7\u00e3o e percebi que isso poderia ajudar a proteger a natureza.<\/p>\n<p>Na universidade, estudei vida selvagem, particularmente o cervo Ezo, e depois treinei durante dois anos na Onishi Forestry Co., Ltd. em Shiraoi.<\/p>\n<p>Eu amava a natureza, e outro motivo era que eu queria morar na floresta. Al\u00e9m disso, eu n\u00e3o queria ter um emprego e queria trabalhar de acordo com as minhas pr\u00f3prias ideias.<\/p>\n<p>Trabalhei na Onishi Forestry Co., Ltd. at\u00e9 o final do ano passado, mas pedi demiss\u00e3o e comecei a procurar uma montanha. A montanha na cidade de Hokuryu atendia aos meus requisitos. Comprei a montanha em janeiro deste ano, mudei-me em abril e comecei a trabalhar na \u00e1rea florestal.<\/p>\n<p>Estamos utilizando o Subs\u00eddio para Medidas de Promo\u00e7\u00e3o da Multifuncionalidade em Vilas Florestais e Montanhosas. Nos \u00faltimos tr\u00eas anos, constru\u00edmos trilhas de trabalho e utilizamos lenha como base, al\u00e9m de outros recursos, como casca de b\u00e9tula (muito dur\u00e1vel e com grande potencial), cestos tran\u00e7ados de casca de b\u00e9tula, ra\u00edzes de b\u00e9tula, ch\u00e1 de folhas de bambu e xarope de bordo. Tamb\u00e9m esperamos descobrir os diversos valores da floresta por meio de experi\u00eancias como cortar lenha, capturar besouros-veado e coletar vegetais silvestres na floresta de Yachibuki.<\/p>\n<p>Ainda existem muitas \u00e1rvores de folha larga nas montanhas de Hokkaido, por isso gostar\u00edamos de criar montanhas sustent\u00e1veis e resistentes a desastres naturais. Tamb\u00e9m gostar\u00edamos de aproveitar \u00e1rvores de lari\u00e7o mortas que normalmente seriam descartadas.<br \/>\n\ufffc<br \/>\nPlanejamos nos concentrar na produ\u00e7\u00e3o de materiais dif\u00edceis e desafiadores de trabalhar, e fornecer materiais para produtos processados a donas de casa e outras pessoas que desejem faz\u00ea-lo.<\/p>\n<figure class=\"wp-caption aligncenter\"><a href=\"https:\/\/photos.google.com\/share\/AF1QipMKIuWXhJmvce-BtC11Oeu-7dAIX1eITNMxmCiWAGzp2KPvCgR8pXMFtOWvjvVUMg\/photo\/AF1QipP7f37xOwXMvMrkwBR4CJyDYEzYB1inpMuE9aM?key=bmRwYjF1WmRra3Z5MU5OREtCbWgyclhHR2oxOTRn\" target=\"_blank\" rel=\"noopener noreferrer\"><img decoding=\"async\" class=\"size-medium\" src=\"https:\/\/lh3.googleusercontent.com\/pw\/ACtC-3cQ8orH9WR2YAKNnonOJ-kzHwP9ZJsqcNuYhkrgIv4f46gn1OTodjACSHf8iqf91eG7AtLN7ObpIhfWzE8su-ePnoZmS1LXAjazDesgYaKBm8xKAcYIgEDdp70euxjU58FMB19ZMOwTjgSeNjg32EgZ=w2000-h1332-no?authuser=0\" alt=\"Informa\u00e7\u00f5es publicadas no Instagram\" width=\"1998\" height=\"1332\" \/><\/a><figcaption class=\"wp-caption-text\">Informa\u00e7\u00f5es publicadas no Instagram<\/figcaption><\/figure>\n<p><strong><span style=\"color: #ff6600;\">\u25b6 <\/span>pergunta:<\/strong>Voc\u00ea e seu marido est\u00e3o administrando isso juntos?<\/p>\n<p><strong>\u25b7 Kamii:<\/strong>Na verdade, para receber a subven\u00e7\u00e3o, \u00e9 preciso ser uma organiza\u00e7\u00e3o. Estamos trabalhando com um casal da cidade de Numata, pessoas de Shintotsukawa e outros interessados em silvicultura. Minha esposa tamb\u00e9m \u00e9 membro.<\/p>\n<p><strong><span style=\"color: #ff6600;\">\u25b6 <\/span>Deputado de papel:<\/strong>Cada vez mais pessoas no Jap\u00e3o praticam a explora\u00e7\u00e3o florestal autossuficiente. Muitas delas s\u00e3o jovens, e \u00e9 um trabalho perigoso, por isso precisamos estudar o que \u00e9 necess\u00e1rio para torn\u00e1-lo vi\u00e1vel. Que tipo de apoio \u00e9 necess\u00e1rio?<\/p>\n<p><strong>\u25b7 Kamii:<\/strong>Quem quer trabalhar na \u00e1rea florestal tamb\u00e9m quer montanhas, e as montanhas est\u00e3o \u00e0 espera deles. A chave \u00e9 encontrar a combina\u00e7\u00e3o perfeita entre pessoas e montanhas.<br \/>\n\ufffc<\/p>\n<figure class=\"wp-caption aligncenter\"><a href=\"https:\/\/photos.google.com\/share\/AF1QipMKIuWXhJmvce-BtC11Oeu-7dAIX1eITNMxmCiWAGzp2KPvCgR8pXMFtOWvjvVUMg\/photo\/AF1QipNZc5ZDzfXyo0zHwkDvNkoasNd44GAsiA3BWx4?key=bmRwYjF1WmRra3Z5MU5OREtCbWgyclhHR2oxOTRn\" target=\"_blank\" rel=\"noopener noreferrer\"><img decoding=\"async\" class=\"size-medium\" src=\"https:\/\/lh3.googleusercontent.com\/pw\/ACtC-3eBe3LolY7GGk8F9-I_OGZQn8BMAaBxYTMWrn_gt4s7Jd2mt_sucQ1YPciMoUM5v1u06sqOU4PueN6LTiIi4IRx1ViGiGte-N1-rSLlqi0CGlcsMd6r75Ftp7sJ5lYrjCJYzhyUmoQEcxCoZToTAPn6=w2000-h1332-no?authuser=0\" alt=\"Uma discuss\u00e3o animada!\" width=\"1998\" height=\"1332\" \/><\/a><figcaption class=\"wp-caption-text\">Uma discuss\u00e3o animada!<\/figcaption><\/figure>\n<p><strong><span style=\"color: #ff6600;\">\u25b6 <\/span>pergunta:<\/strong>As pr\u00e1ticas florestais atuais est\u00e3o desmatando e deixando montanhas desnudas, que ent\u00e3o desabam com estrondo quando chuvas fortes ou tuf\u00f5es atingem a regi\u00e3o. H\u00e1 montanhas por toda parte, onde essa \u00e1gua acaba contaminando \u00e1reas de irriga\u00e7\u00e3o e arrozais. Tenho d\u00favidas sobre o desenvolvimento excessivo. Qual a sua opini\u00e3o sobre isso?<\/p>\n<p><strong>\u25b7 Kamii:<\/strong>O desenvolvimento excessivo implica na movimenta\u00e7\u00e3o de solo e areia. Para a sobreviv\u00eancia do povo japon\u00eas, precisamos do solo e das rochas, das florestas, dos animais, da chuva que cai sobre eles e da \u00e1gua que flui e des\u00e1gua no mar. Portanto, o solo e as rochas s\u00e3o uma base fundamental, e eu me pergunto por que estamos descartando esse solo.<\/p>\n<p><strong><span style=\"color: #ff6600;\">\u25b6<\/span> Deputado de papel:<\/strong>\u00c9 poss\u00edvel ser dono de uma montanha e ganhar a vida com a explora\u00e7\u00e3o florestal autossuficiente?<br \/>\n\ufffc<\/p>\n<figure class=\"wp-caption aligncenter\"><a href=\"https:\/\/photos.google.com\/share\/AF1QipMKIuWXhJmvce-BtC11Oeu-7dAIX1eITNMxmCiWAGzp2KPvCgR8pXMFtOWvjvVUMg\/photo\/AF1QipMG2YYcBUCepAlxrpW6B3cXTHS1iU20bJFufxU?key=bmRwYjF1WmRra3Z5MU5OREtCbWgyclhHR2oxOTRn\" target=\"_blank\" rel=\"noopener noreferrer\"><img decoding=\"async\" class=\"size-medium\" src=\"https:\/\/lh3.googleusercontent.com\/pw\/ACtC-3cDynqWxV4DlUB_mNV9Ij-LS7CsKsqD6Uki7xDSVfJfErSfX1vucDPZbPCMv6ZJX04CvIUgNepH5NdCQ-su2VXh4lB1iXcUANZqY4ZidjKmEHaN1i5SKIEmnAO1u_mxh3RXEDmK30a8TfHphcTmOqs2=w2000-h1332-no?authuser=0\" alt=\"Todos estavam entusiasmados em falar sobre silvicultura de autoexplora\u00e7\u00e3o.\" width=\"1998\" height=\"1332\" \/><\/a><figcaption class=\"wp-caption-text\">Todos estavam entusiasmados em falar sobre silvicultura de autoexplora\u00e7\u00e3o.<\/figcaption><\/figure>\n<p><strong>\u25b7 Kamii:<\/strong>Ainda n\u00e3o vi nenhum resultado, ent\u00e3o, por enquanto, preciso apenas manter o otimismo e continuar trabalhando duro. H\u00e1 uma montanha de trabalho pela frente. Existem in\u00fameras ideias, como resgatar a sabedoria de pessoas do passado e criar algo novo. Se eu conseguir dar forma a cada ideia, uma a uma, acho que o resultado final ser\u00e1 incr\u00edvel. Espero conseguir revitalizar coisas antigas e transform\u00e1-las em algo novo.<\/p>\n<p><strong><span style=\"color: #ff6600;\">\u25b6<\/span> Kazuo Kimura (Diretor da Associa\u00e7\u00e3o Cooperativa Empresarial Kurosengoku):<\/strong>Possuo cerca de 40 hectares da montanha Ichinosawa, que fica ao lado da montanha Azusawa de Kamii, mas at\u00e9 agora n\u00e3o a explorei em momento algum. H\u00e1 muitos arbustos e a floresta dec\u00eddua n\u00e3o \u00e9 mexida h\u00e1 mais de 40 anos, o que representa um desperd\u00edcio de um recurso valioso. Espero, de alguma forma, conectar essa \u00e1rea com jovens interessados.<\/p>\n<p><strong>\u25b7 Kamii:<\/strong>As pequenas empresas florestais trabalham em grupo, revezando-se para ajudar uns aos outros nas montanhas, indo e vindo e apoiando-se mutuamente. Todos gostam do que fazem e s\u00e3o motivados, o que lhes permite trabalhar com efici\u00eancia.<\/p>\n<p><strong><span style=\"color: #ff6600;\">\u25b6<\/span> Deputado de papel:<\/strong>Na D\u00e9cada das Na\u00e7\u00f5es Unidas da Agricultura Familiar (2019-2028), \u00e9 importante dar continuidade \u00e0 agricultura familiar, protegendo a natureza de acordo com suas condi\u00e7\u00f5es reais, em vez de migrar para a agricultura em larga escala. H\u00e1 tamb\u00e9m uma tend\u00eancia internacional de repensar a maneira como as coisas t\u00eam sido feitas at\u00e9 agora.<\/p>\n<p>\u00c9 importante que todos os envolvidos na silvicultura autossuficiente desempenhem seus respectivos pap\u00e9is. Em uma reuni\u00e3o recente, pessoas ligadas \u00e0 silvicultura autossuficiente, \u00e0 agricultura e \u00e0 silvicultura se reuniram para discutir como podemos trabalhar juntos para alcan\u00e7ar 10 anos de agricultura familiar.<\/p>\n<p><strong><span style=\"color: #ff6600;\">\u25b6<\/span> pergunta:<\/strong>Ao construir uma estrada de acesso, voc\u00ea aluga m\u00e1quinas pesadas?<\/p>\n<p><strong>\u25b7 Kamii:<\/strong>Agradecemos o apoio de uma construtora local, que nos possibilitou alugar m\u00e1quinas pesadas a baixo custo.<\/p>\n<p><strong><span style=\"color: #ff6600;\">\u25b6<\/span> pergunta:<\/strong>O que voc\u00ea acha das intera\u00e7\u00f5es com outros setores?<\/p>\n<p><strong>\u25b7 Kamii:<\/strong>Valorizamos n\u00e3o apenas as trocas entre empresas florestais de extra\u00e7\u00e3o pr\u00f3pria, mas tamb\u00e9m as trocas com outros setores e com a ind\u00fastria da constru\u00e7\u00e3o local. Atualmente, estamos desenvolvendo diversas ideias para conex\u00f5es, como produtos processados a partir de materiais provenientes das montanhas.<\/p>\n<p><strong><span style=\"color: #ff6600;\">\u25b6<\/span> Deputado de papel:<\/strong>Ouvi dizer, por pessoas que trabalham no sop\u00e9 do Monte Teine, que elas coletam folhas de \u00e1rvores de folhas largas e as levam para o zool\u00f3gico para servir de alimento para os elefantes, e fiquei surpreso ao saber que elas podem ser usadas dessa forma. Parece que as folhas secas tamb\u00e9m s\u00e3o usadas como fertilizante.<\/p>\n<p><strong><span style=\"color: #ff6600;\">\u25b6<\/span> opini\u00e3o:<\/strong>Nas cidades, existe coopera\u00e7\u00e3o com a ind\u00fastria pesqueira, e acredita-se que um oceano rico est\u00e1 ligado a uma floresta rica.<\/p>\n<p><strong><span style=\"color: #ff6600;\">\u25b6<\/span> pergunta:<\/strong>Senhor Kamii, o senhor tem alguma pol\u00edtica para o desbaste de \u00e1rvores?<\/p>\n<p><strong>\u25b7 Kamii:<\/strong>As \u00e1rvores que restarem na floresta absorver\u00e3o os nutrientes da \u00e1gua e da luz solar, e crescer\u00e3o fortes e saud\u00e1veis por conta pr\u00f3pria. N\u00e3o h\u00e1 necessidade de uma pol\u00edtica r\u00edgida de desbaste, e se cada pessoa pensar a respeito e desbastar adequadamente, acredito que as \u00e1rvores crescer\u00e3o bem sozinhas, guiadas pelo poder da natureza.<\/p>\n<p><strong><span style=\"color: #ff6600;\">\u25b6 <\/span>Vereador Tamura:<\/strong>Eu mesmo j\u00e1 trabalhei com silvicultura. J\u00e1 fiz desbaste de \u00e1rvores, deixando 70% delas em p\u00e9. As montanhas me ensinaram o m\u00e9todo primoroso de desbaste: as \u00e1rvores se danificam se tocarem umas \u00e0s outras, n\u00e3o crescem se n\u00e3o conseguirem realizar a fotoss\u00edntese adequadamente e n\u00e3o adianta nada se o c\u00e9u azul n\u00e3o estiver vis\u00edvel.<\/p>\n<p>\u00c9 maravilhoso que voc\u00ea acredite na for\u00e7a vital das \u00e1rvores e esteja trabalhando arduamente para restaurar a natureza. Fico muito feliz que voc\u00ea tenha conseguido colocar isso em pr\u00e1tica em uma idade t\u00e3o jovem.<\/p>\n<p><strong><span style=\"color: #ff6600;\">\u25b6 <\/span>Deputado de papel:<\/strong>Shimokawa \u00e9 uma cidade florestal, onde tudo est\u00e1 interligado, incluindo o plano diretor da cidade, a c\u00e2mara de com\u00e9rcio, a associa\u00e7\u00e3o florestal, os consumidores e as fontes termais que utilizam a energia da biomassa lenhosa proveniente do desbaste de \u00e1rvores como fonte de calor.<\/p>\n<p>Temos um &quot;especialista florestal&quot; que se dedica a pensar em como aproveitar a madeira. Aproveitamos ao m\u00e1ximo esse recurso, transformando a madeira em materiais de engenharia civil, vinagre de madeira, \u00f3leos arom\u00e1ticos e muito mais. Acho que seria bom interagir com pessoas assim. Espero que tudo corra bem daqui para frente.<\/p>\n<h2>Uma conversa com a vereadora Tomoko Kami e o deputado Takaaki Tamura.<\/h2>\n<p>Em seguida, foi realizada uma &quot;recep\u00e7\u00e3o com a vereadora Gin Kami Tomoko e o deputado Takaaki Tamura no Sunflower Park Hokuryu Onsen&quot;. Os participantes pagaram sua pr\u00f3pria taxa de participa\u00e7\u00e3o (aqueles de fora da cidade tamb\u00e9m foram respons\u00e1veis pelos custos de hospedagem).<br \/>\n\ufffc<\/p>\n<figure class=\"wp-caption aligncenter\"><a href=\"https:\/\/photos.google.com\/share\/AF1QipMKIuWXhJmvce-BtC11Oeu-7dAIX1eITNMxmCiWAGzp2KPvCgR8pXMFtOWvjvVUMg\/photo\/AF1QipMR6C2v5qBWZjfQNlWJvmzlz5Lc-asNXbAdCmg?key=bmRwYjF1WmRra3Z5MU5OREtCbWgyclhHR2oxOTRn\" target=\"_blank\" rel=\"noopener noreferrer\"><img decoding=\"async\" class=\"size-medium\" src=\"https:\/\/lh3.googleusercontent.com\/pw\/ACtC-3d4eb1jnssiL5_4oU2XwQG3rGQ4aeBsGcPhcDZqLvmyfP7GWexcNmRHEhZWiaaogfZZz5YUFJ6fQBunkvwUEt3dsc3OxSxioqpto3sTNy-EQCvwEhdvl6RqiEj1pKapsp2XvGo6CBsU8Zh58YIkdjwC=w2000-h1332-no?authuser=0\" alt=\"Juntos com todos voc\u00eas!\" width=\"1998\" height=\"1332\" \/><\/a><figcaption class=\"wp-caption-text\">Juntos com todos voc\u00eas!<\/figcaption><\/figure>\n<h3>Sauda\u00e7\u00f5es de Tokuji Hisada, Presidente da Associa\u00e7\u00e3o de Sementes de Hokkaido.<\/h3>\n<figure class=\"wp-caption aligncenter\"><a href=\"https:\/\/photos.google.com\/share\/AF1QipMKIuWXhJmvce-BtC11Oeu-7dAIX1eITNMxmCiWAGzp2KPvCgR8pXMFtOWvjvVUMg\/photo\/AF1QipN__VJ9YGyCPaHBELa_L12GnSydhzgEX-AIB80?key=bmRwYjF1WmRra3Z5MU5OREtCbWgyclhHR2oxOTRn\" target=\"_blank\" rel=\"noopener noreferrer\"><img decoding=\"async\" class=\"size-medium\" src=\"https:\/\/lh3.googleusercontent.com\/pw\/ACtC-3eePe0YTQC_zAkQ8Fft0DCCKh9uLVg3jgxTK4kf0910_7sYz7FelAVvP5gzURGeYQ92vSj34NZXxgEHMAlzqULntEw89qBj2WLH5bxn3ME-RdAbFEPZxT045aI_kk_NXi4pB6GGdKPrrN0ZJZme2Xh6=w2000-h1332-no?authuser=0\" alt=\"Discurso do Sr. Hisada\" width=\"1998\" height=\"1332\" \/><\/a><figcaption class=\"wp-caption-text\">Discurso do Sr. Hisada<\/figcaption><\/figure>\n<p>&quot;Havia uma boa not\u00edcia no jornal esta manh\u00e3. A reportagem exclusiva do jornal Akahata sobre a Festa de Contempla\u00e7\u00e3o das Cerejeiras em Flor foi selecionada como a grande vencedora do Pr\u00eamio JCJ deste ano (Pr\u00eamio da Confer\u00eancia Japonesa de Jornalistas de 2020), que reconhece a atividade jornal\u00edstica de destaque.&quot;<\/p>\n<p>Fiquei feliz com isso porque foi uma not\u00edcia importante no programa local da HBC chamado &quot;Hecklers and Democracy&quot; (Provocadores e Democracia).<\/p>\n<p>Quando trabalhava no jornal Hokkaido Shimbun, tamb\u00e9m ganhei o Pr\u00eamio JCJ pela minha cobertura da fraude cont\u00e1bil em larga escala do governo da prov\u00edncia de Hokkaido. Esse pr\u00eamio s\u00f3 pode ser conquistado por meio de uma investiga\u00e7\u00e3o aprofundada, ent\u00e3o fiquei muito feliz em ver que esse tipo de jornalismo ainda existe e est\u00e1 em plena atividade hoje em dia.<\/p>\n<p>H\u00e1 dois anos, me aposentei do jornal Hokkaido Shimbun, onde trabalhei por 33 anos. Em vez de continuar no jornalismo, pensei em sair e dizer o que eu queria dizer. Fundei a Associa\u00e7\u00e3o de Sementes de Hokkaido e tenho trabalhado com todos desde a implementa\u00e7\u00e3o da Lei de Sementes.<\/p>\n<p>Desta vez, Kami-san entrou em contato com a Associa\u00e7\u00e3o de Sementes de Hokkaido e perguntou se poderia fazer uma visita. Consultamos primeiro o Sr. Ryoji Kikura, consultor da Associa\u00e7\u00e3o de Sementes de Hokkaido e residente na cidade de Hokuryu, e o Sr. Mamoru Segawa, consultor da Associa\u00e7\u00e3o de Sementes de Hokkaido e residente na cidade de Toma, e ent\u00e3o a visita tornou-se realidade. Gostar\u00edamos de expressar nossa sincera gratid\u00e3o a ambos.<\/p>\n<p>A Associa\u00e7\u00e3o de Sementes de Hokkaido foi fundada em 15 de junho de 2018, com 38 membros. Temos trabalhado arduamente para colaborar com pessoas de todo o pa\u00eds. Atualmente, concentramos nossos esfor\u00e7os em atividades para a prote\u00e7\u00e3o de esp\u00e9cies nativas. Gostar\u00edamos de continuar trabalhando com todos voc\u00eas para proteger as sementes do Jap\u00e3o. Agradecemos o seu apoio cont\u00ednuo. Muito obrigado pelo seu tempo hoje.<\/p>\n<h2>Sauda\u00e7\u00f5es do prefeito Yutaka Sano da cidade de Hokuryu<\/h2>\n<p>\ufffc<\/p>\n<figure class=\"wp-caption aligncenter\"><a href=\"https:\/\/photos.google.com\/share\/AF1QipMKIuWXhJmvce-BtC11Oeu-7dAIX1eITNMxmCiWAGzp2KPvCgR8pXMFtOWvjvVUMg\/photo\/AF1QipOzK0yC_VkS8jR8nRVJx9IW6fYVqGbnj9mOsFE?key=bmRwYjF1WmRra3Z5MU5OREtCbWgyclhHR2oxOTRn\" target=\"_blank\" rel=\"noopener noreferrer\"><img decoding=\"async\" class=\"size-medium\" src=\"https:\/\/lh3.googleusercontent.com\/pw\/ACtC-3es9sBM_Q5klqGuKXAGZUSy6lfcbl2VaQwBV6Im7R1Avm5jRjQWeAs1h669k5zSQOG5R6IzGeCAsxRM3qVycFDEHbahpcgazUBoCjH7zlWInzl3-RuEBoFG0WryrlNtdFT3ZJxKpv6jfpmo6TiM9pu7=w2000-h1332-no?authuser=0\" alt=\"Sauda\u00e7\u00f5es do Prefeito Sano\" width=\"1998\" height=\"1332\" \/><\/a><figcaption class=\"wp-caption-text\">Sauda\u00e7\u00f5es do Prefeito Sano<\/figcaption><\/figure>\n<p>Recebemos a visita da Conselheira Kami Tomoko, do Deputado Tamura Takaaki e do ex-Deputado Hatayama Kazuya. J\u00e1 recebemos parlamentares de diversos partidos pol\u00edticos no passado, mas esta \u00e9 a primeira vez que professores pernoitam em Hokuryu Town. Gostar\u00edamos de lhes dar as boas-vindas de bra\u00e7os abertos. Muito obrigado.<\/p>\n<p>Visitei o consult\u00f3rio do Dr. Kami diversas vezes durante atividades administrativas relacionadas a assuntos de Hokkaido, seguro sa\u00fade nacional, etc. Gostaria de expressar minha sincera gratid\u00e3o pela pronta resposta em todas as ocasi\u00f5es.<\/p>\n<p>Diz-se que a cidade de Hokuryu \u00e9 o local onde um grupo pioneiro liderado por Yoshiue Shoichiro, das aldeias de Inba e Motono, na prov\u00edncia de Chiba (que se fundiu com a cidade de Inzai), colheu amoreiras em 1893. Com uma popula\u00e7\u00e3o de 1.770 habitantes, \u00e9 uma cidade pequena mesmo para os padr\u00f5es de Hokkaido, e \u00e9 uma cidade agr\u00edcola que tem o girassol como s\u00edmbolo.<\/p>\n<p>Estamos produzindo arroz verdadeiramente delicioso. Ouvi dizer que a colheita em larga escala do arroz n\u00e3o glutinoso come\u00e7ar\u00e1 amanh\u00e3. Nevou pouco este ano, ent\u00e3o fiquei um pouco preocupado, mas ouvi da Diretora Representante do Distrito de Kitasorachi Hokuryu da JA, Kitakiyo Hirokuni, que o arroz deste ano ser\u00e1 bom, ent\u00e3o estou esperan\u00e7oso.<\/p>\n<p>Em 1990, o ent\u00e3o presidente da Cooperativa Agr\u00edcola da cidade de Hokuryu, Kikura, declarou que a cidade seria &quot;uma cidade de produ\u00e7\u00e3o de alimentos seguros que protege a vida e a sa\u00fade das pessoas&quot;. Por muitos anos, continuamos a fornecer arroz seguro e saboroso aos consumidores. Isso nos rendeu muitos elogios e, em 2016, recebemos o Grande Pr\u00eamio da Agricultura do Jap\u00e3o. A cerim\u00f4nia de premia\u00e7\u00e3o foi realizada no Sal\u00e3o da NHK.<\/p>\n<p>Al\u00e9m disso, a Cooperativa Empresarial Kurosengoku foi selecionada como um excelente exemplo no 5\u00ba pr\u00eamio &quot;Descubra os Tesouros das \u00c1reas Rurais&quot; do Minist\u00e9rio da Agricultura, Florestas e Pescas. Na cerim\u00f4nia de premia\u00e7\u00e3o, realizada na Resid\u00eancia Oficial do Primeiro-Ministro, a associa\u00e7\u00e3o posou para uma foto comemorativa ao lado do Primeiro-Ministro.<\/p>\n<p>Em junho, em rela\u00e7\u00e3o \u00e0 Lei de Sementes, o ex-ministro da Agricultura, Florestas e Pescas, Yamada Masahiko, o diretor de document\u00e1rios agr\u00edcolas Haramura Masaki, o morador da cidade de Toma, Segawa Mamoru, e outras pessoas visitaram nossa cidade e tivemos conversas com eles.<\/p>\n<p>Tenho o prazer de ter a oportunidade de discutir isso com voc\u00eas, os produtores, e com os professores. Aguardo com expectativa a oportunidade de trabalhar com voc\u00eas.<\/p>\n<h2>Sauda\u00e7\u00f5es em papel dos membros do Parlamento<\/h2>\n<p>\ufffc<\/p>\n<figure class=\"wp-caption aligncenter\"><a href=\"https:\/\/photos.google.com\/share\/AF1QipMKIuWXhJmvce-BtC11Oeu-7dAIX1eITNMxmCiWAGzp2KPvCgR8pXMFtOWvjvVUMg\/photo\/AF1QipMn9W9YtBcf7umP4NmvGer40cpowJ-vH9TYQFE?key=bmRwYjF1WmRra3Z5MU5OREtCbWgyclhHR2oxOTRn\" target=\"_blank\" rel=\"noopener noreferrer\"><img decoding=\"async\" class=\"size-medium\" src=\"https:\/\/lh3.googleusercontent.com\/pw\/ACtC-3dgqba7WCrzsBOOGng2rZBH-WsMiIerMFPnxK4Biw9BxCI5Hd-vW7Lgn1cQq9zf60uDFJyVftENeBlxY5K7PyjwkuNWjJsLlk9QAL9GPL-K8FifhE9hPRtozUzGovtCK7HqtGP-eZKnVhA4-UmtSXX0=w2000-h1332-no?authuser=0\" alt=\"Sauda\u00e7\u00e3o do Sr. Kami\" width=\"1998\" height=\"1332\" \/><\/a><figcaption class=\"wp-caption-text\">Sauda\u00e7\u00e3o do Sr. Kami<\/figcaption><\/figure>\n<p>Agradecemos suas am\u00e1veis palavras. Gostar\u00edamos de expressar nossa sincera gratid\u00e3o ao Sr. Huang Cang por ter organizado tudo, inclusive a hospedagem.<\/p>\n<p>A Lei de Sementes e Mudas foi inicialmente aprovada pelo Gabinete na Dieta, mas diversas opini\u00f5es foram apresentadas, provocando indigna\u00e7\u00e3o e controv\u00e9rsia na internet, e n\u00e3o chegou a ser deliberada. Esta foi a primeira vez, desde que fui membro da Comiss\u00e3o de Agricultura, Silvicultura e Pescas em 2001, que isso aconteceu.<\/p>\n<p>A quest\u00e3o adiada ser\u00e1 discutida na pr\u00f3xima sess\u00e3o da Dieta, portanto, devemos realizar entrevistas cuidadosas em prepara\u00e7\u00e3o para isso e, acima de tudo, acreditamos que n\u00e3o podemos agir sem ouvir as vozes dos produtores que est\u00e3o trabalhando arduamente no terreno. Como parte desta investiga\u00e7\u00e3o, visitei a cidade de Hokuryu.<\/p>\n<p>Pela manh\u00e3, ouvi falar da Associa\u00e7\u00e3o Cooperativa Comercial de Kurosengoku. Descobri que o processo de produ\u00e7\u00e3o da soja de Kurosengoku \u00e9 extremamente dif\u00edcil e que n\u00e3o seria poss\u00edvel sem paix\u00e3o. Apesar dessas dificuldades, a cidade continua a operar com orgulho. Isso me fez refletir novamente sobre como algo que foi produzido com tanto trabalho pode ser exposto a tempos dif\u00edceis.<\/p>\n<p>\u00c0 tarde, tivemos uma conversa na Cooperativa Agr\u00edcola de Honoka. Quando perguntados por que fundaram a cooperativa, eles disseram: &quot;Sentimos uma crise e percebemos que, se fic\u00e1ssemos em sil\u00eancio, n\u00e3o conseguir\u00edamos continuar&quot;. Percebi que essa deve ter sido uma decis\u00e3o muito dif\u00edcil. Cheguei \u00e0 conclus\u00e3o de que eles est\u00e3o onde est\u00e3o hoje porque enfrentaram o desafio com coragem.<\/p>\n<p>Fico muito feliz por ter podido vir aqui hoje. N\u00e3o teria tido a oportunidade de ouvir essas hist\u00f3rias se n\u00e3o tivesse visitado o local. Gostaria de usar o que ouvi hoje como base para minhas a\u00e7\u00f5es na Dieta.<\/p>\n<p>Acredito que devemos trabalhar juntos para criar um esp\u00edrito em que os esfor\u00e7os daqueles que atuam na agricultura em Hokkaido e no Jap\u00e3o deem frutos. Muito obrigado por hoje.<\/p>\n<figure class=\"wp-caption aligncenter\"><a href=\"https:\/\/photos.google.com\/share\/AF1QipMKIuWXhJmvce-BtC11Oeu-7dAIX1eITNMxmCiWAGzp2KPvCgR8pXMFtOWvjvVUMg\/photo\/AF1QipN_GTEudomGH-yKB6dF_4IDDBehYreitACEi3A?key=bmRwYjF1WmRra3Z5MU5OREtCbWgyclhHR2oxOTRn\"><img decoding=\"async\" class=\"size-medium\" src=\"https:\/\/lh3.googleusercontent.com\/pw\/ACtC-3d1zF9Df1g2QfPkI9bFqFkpszDokuq8xnBfvdlbyiKuvdxRHwQEhPBp9XeiQmP5WucSJftVRAT2BZyY-ObJb1Fltaa2dh7OxooKGWvm4V81sqsyEBeMUg0Znc6MuclDQtoNbjBSGYZfiiwRm4iuNBnz=w2000-h1332-no?authuser=0\" alt=\"Que bom que visitei a cidade de Hokuryu!\" width=\"1998\" height=\"1332\" \/><\/a><figcaption class=\"wp-caption-text\">Que bom que visitei a cidade de Hokuryu!<\/figcaption><\/figure>\n<h2>Sauda\u00e7\u00f5es do membro da C\u00e2mara dos Representantes, Takaaki Tamura.<\/h2>\n<p>\ufffc<\/p>\n<figure class=\"wp-caption aligncenter\"><a href=\"https:\/\/photos.google.com\/share\/AF1QipMKIuWXhJmvce-BtC11Oeu-7dAIX1eITNMxmCiWAGzp2KPvCgR8pXMFtOWvjvVUMg\/photo\/AF1QipNIcgBbhI02EDMqzAY2O8HD0V3pMFyhqpCpeeo?key=bmRwYjF1WmRra3Z5MU5OREtCbWgyclhHR2oxOTRn\" target=\"_blank\" rel=\"noopener noreferrer\"><img decoding=\"async\" class=\"size-medium\" src=\"https:\/\/lh3.googleusercontent.com\/pw\/ACtC-3fKh6kfwnA4pt8jUxmGz3j9eaW80n3dipWBhqL90rhPRtqv0U0e3CO_VlL-Xac54S_jijDjX-qfzvDLC6aTb-Zd04DGzE0pg1qYyi2eypNMiZZ__sz7iCf9pjQTrGfg3J7QDovxo3G1vqIsjofLqAdZ=w2000-h1332-no?authuser=0\" alt=\"Sauda\u00e7\u00f5es do Sr. Tamura\" width=\"1998\" height=\"1332\" \/><\/a><figcaption class=\"wp-caption-text\">Sauda\u00e7\u00f5es do Sr. Tamura<\/figcaption><\/figure>\n<p>&quot;Sr. Huang Cang, muito obrigado por organizar um evento t\u00e3o maravilhoso. Nunca recebi tamanha hospitalidade. Estou verdadeiramente comovido.&quot;<\/p>\n<p>Desta vez, fiquei impressionado com o n\u00famero de pessoas que est\u00e3o pensando no povo de Hokkaido e refletindo profundamente sobre a agricultura japonesa.<\/p>\n<p>Acredito que o que podemos fazer \u00e9 apoiar firmemente e impulsionar a agricultura japonesa como uma ind\u00fastria central do pa\u00eds, revitalizar as bases agr\u00edcolas e de produ\u00e7\u00e3o que v\u00eam declinando, aumentar as reservas de alimentos e buscar pol\u00edticas agr\u00edcolas nesse sentido.<\/p>\n<p>Hoje, tive a oportunidade de presenciar a colheita de sementes de soja Kurosengoku e at\u00e9 provei algumas cruas. Ganhei tr\u00eas garrafas de ch\u00e1 Kurosengoku e almocei o hamb\u00farguer Kuro-chan. Estava delicioso. Adoro Kurosengoku!!!<\/p>\n<p>&quot;Aguardo ansiosamente o seu contato hoje&quot;, disse Tamura.<\/p>\n<h2>Brinde do ex-membro da C\u00e2mara dos Representantes, Kazuya Hatayama.<\/h2>\n<p>\ufffc<\/p>\n<figure class=\"wp-caption aligncenter\"><a href=\"https:\/\/photos.google.com\/share\/AF1QipMKIuWXhJmvce-BtC11Oeu-7dAIX1eITNMxmCiWAGzp2KPvCgR8pXMFtOWvjvVUMg\/photo\/AF1QipMLRv9DWalRsnWZiDbzbEH-8vDSZFO3Ee7UqHQ?key=bmRwYjF1WmRra3Z5MU5OREtCbWgyclhHR2oxOTRn\" target=\"_blank\" rel=\"noopener noreferrer\"><img decoding=\"async\" class=\"size-medium\" src=\"https:\/\/lh3.googleusercontent.com\/pw\/ACtC-3cW2iWdehrkIoJkAFnFkTJCtQ_aJMSRjGYb6HnabSJcDZKI3d38-Py7yzhRQMu8ucrulwjBEkoOjjdvRa6SHRmis6ISOLlsPfF7gPK4tlRmTp-i5Zw2mVdbdC9yBJAqcTe8RdqUlzL4Hig_kU9ALHsb=w2000-h1332-no?authuser=0\" alt=\"O Sr. Hatayama lidera um brinde!\" width=\"1998\" height=\"1332\" \/><\/a><figcaption class=\"wp-caption-text\">O Sr. Hatayama lidera um brinde!<\/figcaption><\/figure>\n<p>Obrigado por nos proporcionar esta oportunidade hoje. Obrigado por nos permitir aprender tantas coisas hoje. Vamos fazer um brinde a uma boa colheita e ao desenvolvimento cont\u00ednuo da cidade de Hokuryu, e \u00e0 nossa determina\u00e7\u00e3o em dar o nosso melhor!<\/p>\n<p>Ent\u00e3o, sa\u00fade!<br \/>\n\ufffc<\/p>\n<figure class=\"wp-caption aligncenter\"><a href=\"\/pt\/8pXMFtOWvjvVUMg\/photo\/AF1QipM3hYu0v_zR1OMc26j_UvTIWFfg1On014avY3g\/?key=bmRwYjF1WmRra3Z5MU5OREtCbWgyclhHR2oxOTRn\" target=\"_blank\" rel=\"noopener noreferrer\"><img decoding=\"async\" class=\"size-medium\" src=\"https:\/\/lh3.googleusercontent.com\/pw\/ACtC-3eyaBtLcyz1Ip9xqOrS98A6stIIeM5cC-MwGWRWejSKf4YGNEKvA8HMBz9c034NVgVomxFIAPj7uKh71F2FtNmOga6Op3RPiNj9jAMFPl6uESEhwJf3vNXuVwmQUXiEAAYmbLML8T8iosN_A5q90Ede=w2000-h1332-no?authuser=0\" alt=\"sa\u00fade!\" width=\"1998\" height=\"1332\" \/><\/a><figcaption class=\"wp-caption-text\">sa\u00fade!<\/figcaption><\/figure>\n<figure class=\"wp-caption aligncenter\"><a href=\"https:\/\/photos.google.com\/share\/AF1QipMKIuWXhJmvce-BtC11Oeu-7dAIX1eITNMxmCiWAGzp2KPvCgR8pXMFtOWvjvVUMg\/photo\/AF1QipN0jtjTqIkhe48uRLJoJDAAsJfhfqQs5tSz4f4?key=bmRwYjF1WmRra3Z5MU5OREtCbWgyclhHR2oxOTRn\" target=\"_blank\" rel=\"noopener noreferrer\"><img decoding=\"async\" class=\"size-medium\" src=\"https:\/\/lh3.googleusercontent.com\/pw\/ACtC-3fY1sgx-yxdns3eYRQ8kGPWAx9q6NN15Vu3WKnQO9J21FOCKLOrY3ltx7R5TS4czBgZJlEfIQwnql9wJ7Y3NNXficIsINmZBjqyHxgBJXu0j1_LdKzLAzbv5nuLMhsVAQk0WDLa6UUrCHtVU1IyV76B=w2000-h1332-no?authuser=0\" alt=\"Uma variedade de pratos\" width=\"1998\" height=\"1332\" \/><\/a><figcaption class=\"wp-caption-text\">Uma variedade de pratos<\/figcaption><\/figure>\n<h2>Discurso de encerramento de Hirokuni Kitakiyo, Diretor Representante do Distrito JA Kitasorachi Hokuryu<\/h2>\n<p>\ufffc<\/p>\n<figure class=\"wp-caption aligncenter\"><a href=\"https:\/\/photos.google.com\/share\/AF1QipMKIuWXhJmvce-BtC11Oeu-7dAIX1eITNMxmCiWAGzp2KPvCgR8pXMFtOWvjvVUMg\/photo\/AF1QipPtGRvUkCRF6m0bOhbVVddIDyZcKGNKzavKUoY?key=bmRwYjF1WmRra3Z5MU5OREtCbWgyclhHR2oxOTRn\" target=\"_blank\" rel=\"noopener noreferrer\"><img decoding=\"async\" class=\"size-medium\" src=\"https:\/\/lh3.googleusercontent.com\/pw\/ACtC-3c3UBGLHgHtzzggekiILAdScpSaPT8jr2i7BKIbmk8dTRm_j0YbtgkP77zCsF7pKkxowRnAJa9Nlvg6fZWdwXn6XJHkHSvJtD8kBrNAxRhm_RdUeu-TYG6mDXXsg0UzxIWeBoK9br_D_KOC5Ra2G9HV=w2000-h1332-no?authuser=0\" alt=\"Discurso de encerramento do representante da regi\u00e3o de Kitakyushu\" width=\"1998\" height=\"1332\" \/><\/a><figcaption class=\"wp-caption-text\">Discurso de encerramento do representante da regi\u00e3o de Kitakyushu<\/figcaption><\/figure>\n<p>O encontro de hoje, que teve como foco as sementes, foi uma \u00f3tima oportunidade para conhecer o Professor Kami e o Professor Tamura.<\/p>\n<p>Agora que voc\u00ea veio a Hokuryu, espero que n\u00e3o se esque\u00e7a desta cidade e continue a promov\u00ea-la, deixando as pessoas saberem que existe uma cidade como esta.<\/p>\n<p>Gostaria de concluir expressando minha sincera gratid\u00e3o por ter conhecido voc\u00eas hoje. Obrigado pelo seu trabalho \u00e1rduo! Sa\u00fade!<br \/>\n\ufffc<\/p>\n<figure class=\"wp-caption aligncenter\"><a href=\"https:\/\/photos.google.com\/share\/AF1QipMKIuWXhJmvce-BtC11Oeu-7dAIX1eITNMxmCiWAGzp2KPvCgR8pXMFtOWvjvVUMg\/photo\/AF1QipMBw1SibYX90GKC-JYvo0AOg8b-pNtpRjYVatI?key=bmRwYjF1WmRra3Z5MU5OREtCbWgyclhHR2oxOTRn\" target=\"_blank\" rel=\"noopener noreferrer\"><img decoding=\"async\" class=\"size-medium\" src=\"https:\/\/lh3.googleusercontent.com\/pw\/ACtC-3feSfUV8DFjfXQG0e4egF1s0hDUOGR5jQOBk4GAmlS1RNgxKYWvu3fKLueUqUydIQPP3PxaCnDZ9RZl-MRLxlpmgo2D7m4gOi1atSNqBUgUlK4kCEj2aqrY9laym0QysvsXvjzM513E6sE96ZaHJvU0=w2000-h1332-no?authuser=0\" alt=\"sa\u00fade!\" width=\"1998\" height=\"1332\" \/><\/a><figcaption class=\"wp-caption-text\">sa\u00fade!<\/figcaption><\/figure>\n<p>\ufffc<\/p>\n<figure class=\"wp-caption aligncenter\"><a href=\"https:\/\/photos.google.com\/share\/AF1QipNs6tzDrKJvEWTu17twPTFbU-7v1wFwc1cSddsqYZUHrY33CU5djytH37mk7HZoUg\/photo\/AF1QipM8ceSSn9bpm64prwndiH-8P_wFVsROKMWSOiE?key=ZzlsWDM3SUN0eUM3eWl1WmN1VFlFbWw2dUUxZnpR\" target=\"_blank\" rel=\"noopener noreferrer\"><img decoding=\"async\" class=\"size-medium\" src=\"https:\/\/lh3.googleusercontent.com\/pw\/ACtC-3eAf9hL8mFo162-YjQiBoUtISr7gr7RiHIwYDbX51huyGHVwc47lcSxVirYDcFYt7i4usYEN5tlIXxr9M83xYPZHdnyptwHpkj2oodhmASCp4b27D309XFrN9ZYuHfVZV55NCW-C9asOTVC0KE6wYE5=w2000-h1332-no?authuser=0\" alt=\"Com gratid\u00e3o ao esp\u00edrito do arroz que nele habita...\" width=\"1998\" height=\"1332\" \/><\/a><figcaption class=\"wp-caption-text\">Com gratid\u00e3o ao esp\u00edrito do arroz que nele habita...<\/figcaption><\/figure>\n<p>\ufffc<\/p>\n<figure class=\"wp-caption aligncenter\"><a href=\"https:\/\/photos.google.com\/share\/AF1QipNs6tzDrKJvEWTu17twPTFbU-7v1wFwc1cSddsqYZUHrY33CU5djytH37mk7HZoUg\/photo\/AF1QipPQssu9HF0eSV_sCJdGaR_04zd7E_ExTHF5oJA?key=ZzlsWDM3SUN0eUM3eWl1WmN1VFlFbWw2dUUxZnpR\" target=\"_blank\" rel=\"noopener noreferrer\"><img decoding=\"async\" class=\"size-medium\" src=\"https:\/\/lh3.googleusercontent.com\/pw\/ACtC-3e8bNMZcUJCZd4BJ4YEOn_499UsjAxSZOZ_wupWxJS1YnfrSncoULj7GHwECqyaciMSWhxM_1y473LRR53wqii174xsXZNuBzGf3dSiZ3snlKz62SVOWOjegqfrv7sS3aE4C-2dU67JwfahXnnJZ24O=w2000-h1332-no?authuser=0\" alt=\"A cidade de Hokuryu est\u00e1 em plena colheita de arroz!\" width=\"1998\" height=\"1332\" \/><\/a><figcaption class=\"wp-caption-text\">A cidade de Hokuryu est\u00e1 em plena colheita de arroz!<\/figcaption><\/figure>\n<p>A alma eterna oculta na &quot;semente&quot; que \u00e9 a fonte da vida,<br \/>\nSomos gratos pelo apoio apaixonado dos produtores que nutrem a vida e das muitas pessoas que os apoiam e incentivam.<br \/>\nCom amor, gratid\u00e3o e ora\u00e7\u00f5es infinitas...<\/p>\n<h2>Outras fotos<\/h2>\n<p>\u30fb<a href=\"https:\/\/photos.app.goo.gl\/uyTkUq2p3xmqzZsy5\" target=\"_blank\" rel=\"noopener noreferrer\">Fotos (182 fotos) da reuni\u00e3o in loco da delega\u00e7\u00e3o da Dieta na cidade de Hokuryu (Hokkaido) est\u00e3o dispon\u00edveis aqui &gt;&gt;<\/a><\/p>\n<h3>Artigos relacionados<\/h3>\n<p>\u30fb<a href=\"https:\/\/portal.hokuryu.info\/pt\/3822\/\">Tatsuya e Hitomi Kamii come\u00e7am a praticar a extra\u00e7\u00e3o de madeira por conta pr\u00f3pria nas montanhas da cidade de Hokuryu!<\/a>(30 de julho de 2020)<\/p>\n<p>\u30fb<a href=\"https:\/\/portal.hokuryu.info\/pt\/3277\/\">O ex-ministro da Agricultura, Florestas e Pescas, Masahiko Yamada, e o cineasta Masaki Haramura visitam a cidade de Hokuryu e as loca\u00e7\u00f5es para a produ\u00e7\u00e3o do document\u00e1rio &quot;Seguran\u00e7a de Sementes e Alimentos&quot;, al\u00e9m da Associa\u00e7\u00e3o Cooperativa Empresarial de Kurosengoku.<\/a>(25 de junho de 2020)<\/p>\n<p>\u30fb<a href=\"https:\/\/portal.hokuryu.info\/pt\/4836\/\" target=\"_blank\" rel=\"noopener noreferrer\">Um grupo de membros da Dieta da cidade de Hokuryu (Hokkaido) realizou uma reuni\u00e3o de discuss\u00e3o local sobre a emenda da Lei de Sementes e Mudas [n\u00ba 1] da Associa\u00e7\u00e3o Cooperativa Comercial de Kurosengoku.<\/a><br \/>\n\u30fb<a href=\"https:\/\/portal.hokuryu.info\/pt\/4841\/\" target=\"_blank\" rel=\"noopener noreferrer\">Reuni\u00e3o local de membros da Dieta na cidade de Hokuryu (Hokkaido) sobre a altera\u00e7\u00e3o da Lei de Sementes e Mudas [n\u00ba 2] Cooperativa Agr\u00edcola de Honoka<\/a><br \/>\n\u30fb<a href=\"https:\/\/portal.hokuryu.info\/pt\/4845\/\" target=\"_blank\" rel=\"noopener noreferrer\">Reuni\u00e3o com membros da Dieta na cidade de Hokuryu (Hokkaido) sobre silvicultura de autoexplora\u00e7\u00e3o [N\u00ba 3] Reuni\u00e3o de discuss\u00e3o e interc\u00e2mbio com o Sr. Tatsuya Ue<\/a><\/p>\n<p>\u25c7 Fotografia e edi\u00e7\u00e3o: Noboru Terauchi Entrevista e texto: Ikuko Terauchi<\/p>","protected":false},"excerpt":{"rendered":"<p>\uff12\uff10\uff12\uff10\u5e74\uff19\u6708\uff12\uff15\u65e5\uff08\u91d1\uff09 \u8fb2\u4e8b\u7d44\u5408\u6cd5\u4eba\u307b\u306e\u304b\u3068\u306e\u61c7\u8ac7\u5f8c\u3001\u30b5\u30f3\u30d5\u30e9\u30ef\u30fc\u30d1\u30fc\u30af\u5317\u7adc\u6e29\u6cc9\u5185\u30ec\u30b9\u30c8\u30e9\u30f3\u98a8\u8eca\u306b\u5834\u6240\u3092\u79fb\u52d5\u3057\u3001\u5317\u7adc\u753a\u3067\u81ea\u4f10\u578b\u6797\u696d\u306b\u53d6\u308a\u7d44\u3080\u4e0a\u4e95\u9054\u77e2\u3055\u3093\u3068\u61c7\u8ac7\u3057\u307e\u3057\u305f\u3002 \ufffc \u81ea\u4f10\u578b\u6797\u696d\u306b\u3064\u3044\u3066\u306e\u61c7 [&hellip;]<\/p>\n","protected":false},"author":1,"featured_media":4853,"comment_status":"open","ping_status":"open","sticky":false,"template":"","format":"standard","meta":{"footnotes":""},"categories":[4],"tags":[],"class_list":["post-4845","post","type-post","status-publish","format-standard","has-post-thumbnail","hentry","category-cover-story"],"_links":{"self":[{"href":"https:\/\/portal.hokuryu.info\/pt\/wp-json\/wp\/v2\/posts\/4845","targetHints":{"allow":["GET"]}}],"collection":[{"href":"https:\/\/portal.hokuryu.info\/pt\/wp-json\/wp\/v2\/posts"}],"about":[{"href":"https:\/\/portal.hokuryu.info\/pt\/wp-json\/wp\/v2\/types\/post"}],"author":[{"embeddable":true,"href":"https:\/\/portal.hokuryu.info\/pt\/wp-json\/wp\/v2\/users\/1"}],"replies":[{"embeddable":true,"href":"https:\/\/portal.hokuryu.info\/pt\/wp-json\/wp\/v2\/comments?post=4845"}],"version-history":[{"count":0,"href":"https:\/\/portal.hokuryu.info\/pt\/wp-json\/wp\/v2\/posts\/4845\/revisions"}],"wp:featuredmedia":[{"embeddable":true,"href":"https:\/\/portal.hokuryu.info\/pt\/wp-json\/wp\/v2\/media\/4853"}],"wp:attachment":[{"href":"https:\/\/portal.hokuryu.info\/pt\/wp-json\/wp\/v2\/media?parent=4845"}],"wp:term":[{"taxonomy":"category","embeddable":true,"href":"https:\/\/portal.hokuryu.info\/pt\/wp-json\/wp\/v2\/categories?post=4845"},{"taxonomy":"post_tag","embeddable":true,"href":"https:\/\/portal.hokuryu.info\/pt\/wp-json\/wp\/v2\/tags?post=4845"}],"curies":[{"name":"wp","href":"https:\/\/api.w.org\/{rel}","templated":true}]}}