{"id":4841,"date":"2020-09-25T06:41:19","date_gmt":"2020-09-24T21:41:19","guid":{"rendered":"https:\/\/portal.hokuryu.info\/?p=4841"},"modified":"2020-09-25T08:16:32","modified_gmt":"2020-09-24T23:16:32","slug":"post-4841","status":"publish","type":"post","link":"https:\/\/portal.hokuryu.info\/pt\/4841\/","title":{"rendered":"Reuni\u00e3o local de membros da Dieta na cidade de Hokuryu (Hokkaido) sobre a altera\u00e7\u00e3o da Lei de Sementes e Mudas [n\u00ba 2] Cooperativa Agr\u00edcola de Honoka"},"content":{"rendered":"<p>Sexta-feira, 25 de setembro de 2020<\/p>\n<p>Ap\u00f3s o almo\u00e7o, tivemos um encontro social no escrit\u00f3rio da Cooperativa Agr\u00edcola de Honoka. Os membros da Cooperativa Agr\u00edcola de Honoka se reuniram e participaram de discuss\u00f5es animadas.<\/p>\n<figure class=\"wp-caption aligncenter\"><a href=\"https:\/\/photos.google.com\/share\/AF1QipMKIuWXhJmvce-BtC11Oeu-7dAIX1eITNMxmCiWAGzp2KPvCgR8pXMFtOWvjvVUMg\/photo\/AF1QipNUks3tC73LbCPgT2KuLSgJKf1mbR817NMaUTc?key=bmRwYjF1WmRra3Z5MU5OREtCbWgyclhHR2oxOTRn\" target=\"_blank\" rel=\"noopener noreferrer\"><img decoding=\"async\" class=\"size-medium\" src=\"https:\/\/lh3.googleusercontent.com\/pw\/ACtC-3cIJXkMxT8y68vOYeO8j8I1QJiSajXVmjjF0jFkMbLVS4eGWllwfFUtdc5CQM-ldLot8QCTE7PpGnBmOExhu0smM1qUtdHGcuk3MfGKpms2KJefjtMj8aFXW7nByammBL_Hug4Zv2dD54T2WpuUx6VK=w2000-h1332-no?authuser=0\" alt=\"No escrit\u00f3rio da Cooperativa Agr\u00edcola de Honoka\" width=\"1998\" height=\"1332\" \/><\/a><figcaption class=\"wp-caption-text\">No escrit\u00f3rio da Cooperativa Agr\u00edcola de Honoka<\/figcaption><\/figure>\n<h2>Sauda\u00e7\u00f5es da Senadora Tomoko Kami<\/h2>\n<figure class=\"wp-caption aligncenter\"><a href=\"https:\/\/photos.google.com\/share\/AF1QipMKIuWXhJmvce-BtC11Oeu-7dAIX1eITNMxmCiWAGzp2KPvCgR8pXMFtOWvjvVUMg\/photo\/AF1QipMkjk2rfHlNoNi9PZO4865OLomvwSImPbyqyjY?key=bmRwYjF1WmRra3Z5MU5OREtCbWgyclhHR2oxOTRn\" target=\"_blank\" rel=\"noopener noreferrer\"><img decoding=\"async\" class=\"size-medium\" src=\"https:\/\/lh3.googleusercontent.com\/pw\/ACtC-3eitNoJdt1B9Gn6Y6_I4AFNSu6Mj9l6d7iksP-4rnOHEcknfVoWLKHb5I2FCNralHtLBwTAzUwudGzirc2HdetcWG8IyIZhYAEqUWxxnuAh0Orbz5TM_S0AyYsNgK9fRpXknAHBk0GUs4Q9096WxIkc=w2000-h1332-no?authuser=0\" alt=\"Sauda\u00e7\u00e3o do Sr. Kami\" width=\"1998\" height=\"1332\" \/><\/a><figcaption class=\"wp-caption-text\">Sauda\u00e7\u00e3o do Sr. Kami<\/figcaption><\/figure>\n<p>Sou Tomoko Kami, membro da C\u00e2mara dos Conselheiros. Sou membro da C\u00e2mara dos Conselheiros desde 2001 e fa\u00e7o parte da Comiss\u00e3o de Agricultura, Silvicultura e Pesca. Visitei a C\u00e2mara dos Representantes acompanhada pelo Deputado Tamura e pelo ex-Deputado Hatoyama.<\/p>\n<p>Na Dieta, foi tomada uma decis\u00e3o do Gabinete sobre uma proposta de revis\u00e3o da Lei de Sementes e Mudas, mas devido ao grande n\u00famero de pedidos de esclarecimento do conte\u00fado, bem como \u00e0 apresenta\u00e7\u00e3o de opini\u00f5es contr\u00e1rias e assinaturas de peti\u00e7\u00f5es, a proposta n\u00e3o foi suspensa para delibera\u00e7\u00e3o posterior.<\/p>\n<p>Muitas d\u00favidas surgiram em rela\u00e7\u00e3o a este projeto de lei. O motivo pelo qual o governo apresentou a emenda \u00e0 Lei de Sementes e Mudas foi o surgimento de diversos problemas, como o vazamento de variedades japonesas registradas, como uvas Shine Muscat e morangos, para o exterior, e a necessidade de impedir a reimporta\u00e7\u00e3o dessas variedades japonesas de alta qualidade.<\/p>\n<p>As revis\u00f5es propostas, que visam impedir o vazamento de conhecimento para o exterior, proibiriam os agricultores de realizar a semeadura espont\u00e2nea, pr\u00e1tica anteriormente permitida, para variedades registradas. Isso levantou questionamentos sobre se a proibi\u00e7\u00e3o da semeadura espont\u00e2nea infringiria o direito dos agricultores de produzir.<\/p>\n<p>Entre os consumidores, tamb\u00e9m surgiram preocupa\u00e7\u00f5es quanto \u00e0 entrada de empresas estrangeiras no mercado.<\/p>\n<p>Assim, durante esta visita, gostaria de ouvir como os produtores de Hokkaido percebem e pensam sobre este projeto de lei.<\/p>\n<p>Na Cooperativa Agr\u00edcola Honoka, gostar\u00edamos de ouvir suas opini\u00f5es sobre os tipos de culturas que cultivamos, os esfor\u00e7os que estamos fazendo em rela\u00e7\u00e3o \u00e0s sementes e quaisquer preocupa\u00e7\u00f5es, d\u00favidas ou perguntas que voc\u00ea possa ter sobre as recentes revis\u00f5es da legisla\u00e7\u00e3o. Agradecemos antecipadamente.<\/p>\n<h2>Sauda\u00e7\u00f5es do Deputado Federal Takaaki Tamura.<\/h2>\n<figure class=\"wp-caption aligncenter\"><a href=\"https:\/\/photos.google.com\/share\/AF1QipMKIuWXhJmvce-BtC11Oeu-7dAIX1eITNMxmCiWAGzp2KPvCgR8pXMFtOWvjvVUMg\/photo\/AF1QipOzuTMB6gW0fqNy6LnNX8f65x8A2MYs5I-1OwQ?key=bmRwYjF1WmRra3Z5MU5OREtCbWgyclhHR2oxOTRn\" target=\"_blank\" rel=\"noopener noreferrer\"><img decoding=\"async\" class=\"size-medium\" src=\"https:\/\/lh3.googleusercontent.com\/pw\/ACtC-3cjmiG0srt16Gt0TtRls8R5TOc-zqz3ndyPlJMdtmn-wDBIGmsAFJpuazJLqlKoeefDkcXiMD-4DFP2L4F2BX4K99f2xYs3_4dSCVcscdtDBIzCjh2eQQQysRE2DO6TWSTRVlsiML41FAvHsnwr7gPM=w2000-h1332-no?authuser=0\" alt=\"Takaaki Tamura\" width=\"1998\" height=\"1332\" \/><\/a><figcaption class=\"wp-caption-text\">Takaaki Tamura<\/figcaption><\/figure>\n<p>Meu nome \u00e9 Takaaki Tamura, sou membro da C\u00e2mara dos Representantes representando Kyushu e Okinawa. Sou natural da cidade de Kitakyushu, na prov\u00edncia de Fukuoka. A cidade onde moro \u00e9 uma cidade industrial com uma popula\u00e7\u00e3o de 180.000 habitantes, e n\u00e3o h\u00e1 uma \u00fanica fam\u00edlia que se dedique exclusivamente \u00e0 agricultura.<\/p>\n<p>Sou membro da Comiss\u00e3o de Agricultura, Silvicultura e Pesca h\u00e1 tr\u00eas anos, e a situa\u00e7\u00e3o em torno da agricultura, silvicultura e pesca tem mudado rapidamente. Reconhe\u00e7o que a agricultura, a alimenta\u00e7\u00e3o e as \u00e1reas rurais s\u00e3o as partes mais importantes do Jap\u00e3o.<\/p>\n<p>As leis est\u00e3o sendo alteradas sem que se ou\u00e7a a voz dos agricultores. A Lei de Sementes proibiu a produ\u00e7\u00e3o de importantes variedades de arroz, trigo e soja, o que levou a uma crescente tend\u00eancia de cada prefeitura estabelecer suas pr\u00f3prias leis para produzir e fornecer sementes est\u00e1veis.<\/p>\n<p>O mesmo se aplica \u00e0 pesca e \u00e0 silvicultura. Na raiz do problema est\u00e1 uma tend\u00eancia pol\u00edtica que permite que os lucros sejam direcionados a grandes corpora\u00e7\u00f5es estrangeiras. Sinto uma grande preocupa\u00e7\u00e3o com isso. Venho dizendo que a discuss\u00e3o sobre sementes s\u00f3 deve come\u00e7ar depois de ouvirmos as vozes dos agricultores e produtores.<\/p>\n<p>Gostaria de visitar Hokkaido e ouvir as vozes daqueles que trabalham nos campos de produ\u00e7\u00e3o, que est\u00e3o mais envolvidos com o solo e que mais se preocupam com os produtos agr\u00edcolas e as sementes, para ent\u00e3o assumir o desafio das minhas atividades futuras.<\/p>\n<h2>Os membros da dieta se apresentam.<\/h2>\n<p>As apresenta\u00e7\u00f5es foram feitas pelo Sr. Kyosei Tai (Secret\u00e1rio do Deputado Kami), pelo Sr. Takashi Kawabe (Secret\u00e1rio do Deputado Tamura), pela Sra. Kaori Yamaguchi (Secret\u00e1ria do Deputado Tamura), pelo ex-membro da C\u00e2mara dos Representantes, Sr. Kazuya Hatayama (Partido Comunista), pelo Secret\u00e1rio-Geral do Escrit\u00f3rio de Hokkaido do Grupo de Membros da Dieta do Partido Comunista Japon\u00eas, Sr. Ichiro Oda, pelo Presidente da Associa\u00e7\u00e3o de Sementes de Hokkaido, Sr. Tokuji Hisada (Professor Visitante da Universidade de Hokkaido), e pelo Diretor da Esta\u00e7\u00e3o de Radiodifus\u00e3o NHK de Sapporo, Sr. Teppei Okuno.<\/p>\n<h2>Apresenta\u00e7\u00e3o sobre os planos de cria\u00e7\u00e3o da Cooperativa Agr\u00edcola Honoka e detalhes da produ\u00e7\u00e3o: Diretor Asao Morishima<\/h2>\n<figure class=\"wp-caption aligncenter\"><a href=\"https:\/\/photos.google.com\/share\/AF1QipMKIuWXhJmvce-BtC11Oeu-7dAIX1eITNMxmCiWAGzp2KPvCgR8pXMFtOWvjvVUMg\/photo\/AF1QipPrIfzNF6Z7POuSTyW6_IT1JCeDDbdnbxfwhWQ?key=bmRwYjF1WmRra3Z5MU5OREtCbWgyclhHR2oxOTRn\" target=\"_blank\" rel=\"noopener noreferrer\"><img decoding=\"async\" class=\"size-medium\" src=\"https:\/\/lh3.googleusercontent.com\/pw\/ACtC-3fUlglf9-DhPO0duJDEi7feADAczqET7O3B8LyDIzqKVZTJFfDDL1au3zPMXFQkdyl84inRhkHDyMcKYOmfzHb_zOI6vVTv7Rg9kFeFLm7NqkBLPA9tZC7O0nCg7YRxwDHOgBJcQfa9ynKpRJnoDUZL=w2000-h1332-no?authuser=0\" alt=\"O Sr. Terashima dando uma explica\u00e7\u00e3o.\" width=\"1998\" height=\"1332\" \/><\/a><figcaption class=\"wp-caption-text\">O Sr. Terashima dando uma explica\u00e7\u00e3o.<\/figcaption><\/figure>\n<p>A Cooperativa Agr\u00edcola Honoka foi fundada em 2014 (ano 26 da era Heisei). Os preparativos come\u00e7aram dois anos antes de sua funda\u00e7\u00e3o, com cinco fazendas unidas com o objetivo de iniciar o cultivo de arroz. Na esperan\u00e7a de que, se conseguissem sobreviver por tr\u00eas anos, de alguma forma conseguiriam fazer o neg\u00f3cio prosperar, todos trabalharam arduamente e enfrentaram as dificuldades juntos. Este ano marca o sexto anivers\u00e1rio da cooperativa, e a receita anual total ultrapassou 200 milh\u00f5es de ienes.<\/p>\n<p>Eles cultivam girass\u00f3is para \u00f3leo de girassol, sementes de girassol, etc., al\u00e9m de arroz, soja, trigo de outono, trigo sarraceno, mel\u00f5es em estufa (13 estufas de 100 m\u00b2), feij\u00e3o azuki, pain\u00e7o, feij\u00e3o-carioca, etc. A \u00e1rea total cultivada \u00e9 de 1.536 hectares (equivalente a 300 c\u00fapulas de T\u00f3quio).<\/p>\n<p>A fazenda \u00e9 composta por nove membros contribuintes, um novo agricultor, um funcion\u00e1rio e 12 funcion\u00e1rios sazonais, incluindo esposas e ex-membros.<\/p>\n<h2>Autoapresenta\u00e7\u00f5es dos membros<\/h2>\n<p>Eles variam de jovens membros de sindicatos a idosos, bem como fam\u00edlias inteiras, incluindo filhos, esposas, pais, m\u00e3es, etc.<\/p>\n<p>Incr\u00edvel, o vereador Kami Tomoko e sua esposa, a sindicalista Itagaki Michiyo, eram, respectivamente, veterano e calouro da Universidade Hokusei!<br \/>\n\ufffc<\/p>\n<figure class=\"wp-caption aligncenter\"><a href=\"https:\/\/photos.google.com\/share\/AF1QipMKIuWXhJmvce-BtC11Oeu-7dAIX1eITNMxmCiWAGzp2KPvCgR8pXMFtOWvjvVUMg\/photo\/AF1QipOM9hrmxsp7_Ph3amB8NScS7gy0PKP3FR8A7Lc?key=bmRwYjF1WmRra3Z5MU5OREtCbWgyclhHR2oxOTRn\" target=\"_blank\" rel=\"noopener noreferrer\"><img decoding=\"async\" class=\"size-medium\" src=\"https:\/\/lh3.googleusercontent.com\/pw\/ACtC-3dNJ-aR1Qiq8GmcaSItRf2Zt5xBR7NMT-AchGqQdelxLNyIYwDYKHEGYF4i05joprlnIoCRZY5o-Wg39QFF4l2IS_y-6HGqAIdFtKEy5wxLvY-RD0I8FUnJKMIEpUqRS9_-YHJ4-Y52T7ogygRoT9_t=w2000-h1332-no?authuser=0\" alt=\"Michiyo Itagaki (centro da foto)\" width=\"1998\" height=\"1332\" \/><\/a><figcaption class=\"wp-caption-text\">Michiyo Itagaki (centro da foto)<\/figcaption><\/figure>\n<h2>Discuss\u00e3o<\/h2>\n<p><strong><span style=\"color: #ff6600;\">\u25b6<\/span> Deputado de papel:<\/strong>Se voc\u00ea \u00e9 um agricultor iniciante, poderia nos contar onde voc\u00ea estava e o que fazia antes de se juntar a esta organiza\u00e7\u00e3o, e por que decidiu cultivar aqui?<\/p>\n<p><strong>\u25b7 Novo agricultor, Sr. Kaneda:<\/strong>Sou origin\u00e1rio da cidade de Takikawa e trabalhava com manuten\u00e7\u00e3o de autom\u00f3veis. Ouvi falar da cidade de Hokuryu por meio de um colega mais jovem e foi assim que me conectei com a cidade.<\/p>\n<p><strong><span style=\"color: #ff6600;\">\u25b6<\/span> Deputado de papel:<\/strong>Que tal experimentar?<\/p>\n<p><strong>\u25b7 Kaneda:<\/strong>\u00c9 divertido!!!<\/p>\n<p><strong><span style=\"color: #ff6600;\">\u25b6<\/span> pergunta:<\/strong>Poderia nos falar sobre as diferen\u00e7as e suas impress\u00f5es entre trabalhar como agricultor familiar e trabalhar em colabora\u00e7\u00e3o com uma empresa?<\/p>\n<p><strong>\u25b7 M\u00e3e da Fam\u00edlia Yamada:<\/strong>\u00c9 muito mais divertido trabalhar em equipe e conversar do que trabalhar sozinho em sil\u00eancio!<br \/>\nH\u00e1 jovens e outras pessoas que ajudam de v\u00e1rias maneiras, ent\u00e3o \u00e9 f\u00e1cil e n\u00e3o exige muito esfor\u00e7o f\u00edsico.<\/p>\n<p><strong><span style=\"color: #ff6600;\">\u25b6<\/span> pergunta:<\/strong>Como seu filho, que assumiu os neg\u00f3cios, se sentiu em rela\u00e7\u00e3o a isso?<\/p>\n<p><strong>\u25b7 Filho da fam\u00edlia Yamada:<\/strong>O que mais me preocupava em rela\u00e7\u00e3o ao futuro era que as terras dos meus antepassados ficassem sem cultivo. H\u00e1 um limite para a quantidade de trabalho que um homem pode fazer, mas dois homens podem fazer mais do que o dobro do trabalho, na verdade, \u00e0s vezes at\u00e9 o triplo.<\/p>\n<p>Se quisermos proteger a terra, acho que o melhor seria que todos trabalhassem juntos.<\/p>\n<p><strong><span style=\"color: #ff6600;\">\u25b6<\/span> Vereador Tamura:<\/strong>Poderia me falar sobre a divis\u00e3o geral do trabalho e os m\u00e9todos de trabalho na agricultura?<\/p>\n<p><strong>\u25b7 Diretor Shigeyuki Nakayama:<\/strong>N\u00e3o h\u00e1 divis\u00e3o de trabalho por cultura, e quase todos trabalham em todas as planta\u00e7\u00f5es. No entanto, existem pessoas respons\u00e1veis por cada tipo de trabalho. No caso do cultivo de mel\u00e3o, dividimos o trabalho sob a supervis\u00e3o do Diretor Mizutani.<\/p>\n<figure class=\"wp-caption aligncenter\"><a href=\"https:\/\/photos.google.com\/share\/AF1QipMKIuWXhJmvce-BtC11Oeu-7dAIX1eITNMxmCiWAGzp2KPvCgR8pXMFtOWvjvVUMg\/photo\/AF1QipOo8qUX_mTUptbHS9loemRBgdU8iMbqObVby3w?key=bmRwYjF1WmRra3Z5MU5OREtCbWgyclhHR2oxOTRn\" target=\"_blank\" rel=\"noopener noreferrer\"><img decoding=\"async\" class=\"size-medium\" src=\"https:\/\/lh3.googleusercontent.com\/pw\/ACtC-3diKek-CiAb4lNDvQgjqpueZ-Q5cUPccUaVPWX30OhUQne427mArsgL44jeVKGkDSRb-EpAEU68qqUCed7BjutRYDTdb0zECXvKT8dcCGVvPcGXvssOtbnceH0lp4tqrUaIbe3lF09_XqiVqasdaajI=w2000-h1332-no?authuser=0\" alt=\"Shigeyuki Nakayama\" width=\"1998\" height=\"1332\" \/><\/a><figcaption class=\"wp-caption-text\">Shigeyuki Nakayama<\/figcaption><\/figure>\n<p><strong><span style=\"color: #ff6600;\">\u25b6<\/span> pergunta:<\/strong>Poderia nos contar o que o motivou a fundar a empresa?<\/p>\n<h2>Discurso de Honoka Mizutani Shigeki, Diretor Representante (Presidente do Comit\u00ea Agr\u00edcola da Cidade de Hokuryu)<\/h2>\n<figure class=\"wp-caption aligncenter\"><a href=\"https:\/\/photos.google.com\/share\/AF1QipMKIuWXhJmvce-BtC11Oeu-7dAIX1eITNMxmCiWAGzp2KPvCgR8pXMFtOWvjvVUMg\/photo\/AF1QipOzYuM9fXu5mRJVM3jnW8dlC_Z4as8lRlBjUXk?key=bmRwYjF1WmRra3Z5MU5OREtCbWgyclhHR2oxOTRn\" target=\"_blank\" rel=\"noopener noreferrer\"><img decoding=\"async\" class=\"size-medium\" src=\"https:\/\/lh3.googleusercontent.com\/pw\/ACtC-3egdF-rUBag04GtrkSZ9JSBvarfhoz7ZwUB_pBl70ebY6f34za8O0hGkZHBcTJUHVHld2tgG6tHMhG66Y55d3UBHpQDV-LEsJAa3t82tQ0HtHlInocz2MHPPN3p8Fk4_ZIAAtATLkzSfYCajITTaGag=w2000-h1332-no?authuser=0\" alt=\"Representante Shigeki Mizutani\" width=\"1998\" height=\"1332\" \/><\/a><figcaption class=\"wp-caption-text\">Representante Shigeki Mizutani<\/figcaption><\/figure>\n<p>Quando a empresa foi fundada, o ambiente em torno do cultivo de arroz estava passando por mudan\u00e7as dr\u00e1sticas, com o decl\u00ednio da popula\u00e7\u00e3o e o envelhecimento dos agricultores. Havia uma sensa\u00e7\u00e3o de crise de que, se as coisas continuassem como estavam, os agricultores desapareceriam da cidade e todos iriam \u00e0 fal\u00eancia.<\/p>\n<p>Portanto, com um forte desejo de trabalhar em conjunto como comunidade para proteger as terras agr\u00edcolas e a agricultura, implementamos um projeto-piloto enquanto observ\u00e1vamos a situa\u00e7\u00e3o e, gradualmente, direcionamos a empresa para a sua formaliza\u00e7\u00e3o.<\/p>\n<p>Inicialmente, come\u00e7amos com toda a regi\u00e3o, mas \u00e0 medida que as discuss\u00f5es avan\u00e7avam, as pessoas que queriam fazer as coisas \u00e0 sua maneira ou cujas ideias de neg\u00f3cio n\u00e3o se encaixavam no plano come\u00e7aram a sair uma a uma.<\/p>\n<p>Nos \u00faltimos anos, o nome da &quot;Cooperativa Agr\u00edcola Honoka&quot; da cidade de Hokuryu tornou-se gradualmente mais conhecido, e parece que as coisas finalmente se acalmaram.<\/p>\n<p>Honoka \u00e9 respons\u00e1vel por 40% da \u00e1rea cultivada no distrito de Mibaushi, na cidade de Hokuryu. O distrito de Mibaushi possui dois grandes centros de produ\u00e7\u00e3o de arroz, que funcionam como seu n\u00facleo. Agricultores individuais tamb\u00e9m trabalham em conjunto em todo o distrito para a colheita do arroz.<\/p>\n<p>A aus\u00eancia de um centro de coleta na regi\u00e3o pode, na verdade, ser algo positivo: todas as colheitas s\u00e3o enviadas para a cooperativa agr\u00edcola e armazenadas em uma c\u00e2mara frigor\u00edfica.<\/p>\n<p>Um aspecto singular da gest\u00e3o da Honoka \u00e9 a participa\u00e7\u00e3o das mulheres na administra\u00e7\u00e3o da empresa. Todas as s\u00f3cias recebem explica\u00e7\u00f5es detalhadas das demonstra\u00e7\u00f5es financeiras (pre\u00e7os de venda dos produtos agr\u00edcolas, custos de produ\u00e7\u00e3o, etc.), que s\u00e3o apresentadas de forma clara em tabelas.<\/p>\n<p>As m\u00e3es entendem o pre\u00e7o de varejo dos itens que produziram e prosseguem com seu trabalho com base nesse conhecimento, o que levou a uma maior motiva\u00e7\u00e3o para a produ\u00e7\u00e3o entre as integrantes.<\/p>\n<figure class=\"wp-caption aligncenter\"><a href=\"https:\/\/photos.google.com\/share\/AF1QipMKIuWXhJmvce-BtC11Oeu-7dAIX1eITNMxmCiWAGzp2KPvCgR8pXMFtOWvjvVUMg\/photo\/AF1QipNgf6rbDka0NSMcaPc1BGCRdTq7oi-jeWOiUYY?key=bmRwYjF1WmRra3Z5MU5OREtCbWgyclhHR2oxOTRn\" target=\"_blank\" rel=\"noopener noreferrer\"><img decoding=\"async\" class=\"size-medium\" src=\"https:\/\/lh3.googleusercontent.com\/pw\/ACtC-3c03wOXjLN-jdEeFFvWHwGB-f2sNs1GVLB83Q3MRQGp8OZkkJrDK2Zs0MthsrL_fwNLKFWnMI0Ae8WjdwcKnO04Q3s7Y8a8wetkJH4pVryfHysDF29yaKpfI37RMC2wmMVQge2J88Gvk3WGtJF-Qm3V=w2000-h1332-no?authuser=0\" alt=\"Lista de despesas\" width=\"1998\" height=\"1332\" \/><\/a><figcaption class=\"wp-caption-text\">Lista de despesas<\/figcaption><\/figure>\n<p>Todos n\u00f3s pensamos em como melhorar a efici\u00eancia do nosso trabalho, constantemente criando novas ideias e nos divertindo enquanto trabalhamos.<\/p>\n<p>\u00c9 divertido, mas tamb\u00e9m d\u00e1 trabalho, mas se todos compartilharmos as dificuldades, de alguma forma conseguiremos super\u00e1-las. Estamos todos trabalhando juntos!<br \/>\n\ufffc<\/p>\n<figure class=\"wp-caption aligncenter\"><a href=\"https:\/\/photos.google.com\/share\/AF1QipMKIuWXhJmvce-BtC11Oeu-7dAIX1eITNMxmCiWAGzp2KPvCgR8pXMFtOWvjvVUMg\/photo\/AF1QipMPgRXFoYAcaJoNrD0xZF4u8CWQJE_L8XIAnJ4?key=bmRwYjF1WmRra3Z5MU5OREtCbWgyclhHR2oxOTRn\" target=\"_blank\" rel=\"noopener noreferrer\"><img decoding=\"async\" class=\"size-medium\" src=\"https:\/\/lh3.googleusercontent.com\/pw\/ACtC-3cRUSzm66kdyiY52nLY3FsIJGGGK1N88frb4I7A-_zD3OC9gpSYfMnsQ8tvi_QXxV09cJktJ5gqiTn4La5Hop4qRNTk98JvwNOc47X2QlYD31N2U-IuRIszJBjSvtee6r4guv4gX4_W61w6leivmtPl=w2000-h1332-no?authuser=0\" alt=\"Muitas fotos dos momentos divertidos que passamos na viagem sindical.\" width=\"1998\" height=\"1332\" \/><\/a><figcaption class=\"wp-caption-text\">Muitas fotos dos momentos divertidos que passamos na viagem sindical.<\/figcaption><\/figure>\n<p><strong><span style=\"color: #ff6600;\">\u25b6<\/span> pergunta:<\/strong>Qual a sua opini\u00e3o sobre a aboli\u00e7\u00e3o dos subs\u00eddios de pagamento direto para o arroz?<\/p>\n<p><strong>\u25b7 Deputado Mizutani:<\/strong>\u00c9 um grande golpe e est\u00e1 sendo dif\u00edcil. Consegui comprar m\u00e1quinas e outras coisas com o aux\u00edlio financeiro direto. Sem esse aux\u00edlio, eu n\u00e3o teria conseguido comprar as m\u00e1quinas e n\u00e3o teria tido outra op\u00e7\u00e3o a n\u00e3o ser desistir da agricultura.<\/p>\n<p><strong><span style=\"color: #ff6600;\">\u25b6<\/span> Deputado de papel:<\/strong>N\u00f3s tamb\u00e9m concordamos. Os agricultores disseram que esse subs\u00eddio lhes deu um al\u00edvio. Apresentamos um projeto de lei para reativar o sistema, mas ele est\u00e1 parado.<\/p>\n<p><strong>\u25b7 Deputado Mizutani:<\/strong>Desde ent\u00e3o, os pre\u00e7os do arroz subiram, mas h\u00e1 um imposto de consumo de 10% e taxas, ent\u00e3o, embora possa parecer que estamos lucrando, o pre\u00e7o permaneceu praticamente o mesmo.<\/p>\n<p>Viver em \u00e1reas montanhosas \u00e9 realmente dif\u00edcil. H\u00e1 muita neve por aqui, e os custos de remo\u00e7\u00e3o da neve e aplica\u00e7\u00e3o de produtos para derret\u00ea-la no inverno s\u00e3o altos.<\/p>\n<p><strong><span style=\"color: #ff6600;\">\u25b6<\/span> pergunta:<\/strong>Voc\u00ea tem mudas de Honoka cultivadas em casa?<\/p>\n<p><strong>\u25b7 Deputado Mizutani:<\/strong>N\u00e3o coletamos nossas pr\u00f3prias sementes. Todas as sementes s\u00e3o compradas. Ao vender sementes cultivadas para fins alimentares, a lei exige que elas sejam padronizadas de acordo com determinadas normas nacionais.<\/p>\n<p>No nosso caso, n\u00e3o temos problemas com a autopropaga\u00e7\u00e3o das sementes, mas estamos preocupados com o fato de que as sementes que compramos possam levar empresas estrangeiras como a Monsanto a entrar no mercado de venda de sementes, aprimorar as variedades e monopolizar o mercado.<br \/>\n\ufffc<\/p>\n<figure class=\"wp-caption aligncenter\"><a href=\"https:\/\/photos.google.com\/share\/AF1QipMKIuWXhJmvce-BtC11Oeu-7dAIX1eITNMxmCiWAGzp2KPvCgR8pXMFtOWvjvVUMg\/photo\/AF1QipPIEyZ-3ywTKmCesRZdQpWyiGF84T9bFdgSaX4?key=bmRwYjF1WmRra3Z5MU5OREtCbWgyclhHR2oxOTRn\" target=\"_blank\" rel=\"noopener noreferrer\"><img decoding=\"async\" class=\"size-medium\" src=\"https:\/\/lh3.googleusercontent.com\/pw\/ACtC-3dsHZ40kogku3KiX1LGzHKXZbr1oL61SKtNBaAcq_xjit47lIsiOJjaSo5iUkaNUQNYYgs71Rqy0RGlaWCkTMcT9m-ied81LLOb-jPeLrSAHzVZdpB3gT6Ke6RgZ2Mpute2n_eyCTbG6rDo-r6rWOJn=w2000-h1332-no?authuser=0\" alt=\"O deputado Mizutani discursa com paix\u00e3o.\" width=\"1998\" height=\"1332\" \/><\/a><figcaption class=\"wp-caption-text\">O deputado Mizutani discursa com paix\u00e3o.<\/figcaption><\/figure>\n<p>Um grupo de legisladores investiga o fabricante de sementes de girassol.<br \/>\n\ufffc<\/p>\n<figure class=\"wp-caption aligncenter\"><a href=\"https:\/\/photos.google.com\/share\/AF1QipMKIuWXhJmvce-BtC11Oeu-7dAIX1eITNMxmCiWAGzp2KPvCgR8pXMFtOWvjvVUMg\/photo\/AF1QipMvtaB0cdCROC8o37iXwDqLqMHec-Ctt6P58I0?key=bmRwYjF1WmRra3Z5MU5OREtCbWgyclhHR2oxOTRn\" target=\"_blank\" rel=\"noopener noreferrer\"><img decoding=\"async\" class=\"size-medium\" src=\"https:\/\/lh3.googleusercontent.com\/pw\/ACtC-3cyQBF3GWYiEf8P5Uzwr8iElVF6g74Xzr6ObHO0X54jw0bHSYNg_pXgTo-tJ-EM23TmLk1zrmvB1lVHqTp1eV6NBxULEF0U2WYPPg1sohEK155ujhQItHJZFwfx9kw6rjpkEKPDWcdHlhQrjoWu0IGj=w2000-h1332-no?authuser=0\" alt=\"Para quem procura uma empresa de vendas\" width=\"1998\" height=\"1332\" \/><\/a><figcaption class=\"wp-caption-text\">Para quem procura uma empresa de vendas<\/figcaption><\/figure>\n<h2>Tokuji Hisada, Presidente da Associa\u00e7\u00e3o de Sementes de Hokkaido<\/h2>\n<p>\ufffc<\/p>\n<figure class=\"wp-caption aligncenter\"><a href=\"https:\/\/photos.google.com\/share\/AF1QipMKIuWXhJmvce-BtC11Oeu-7dAIX1eITNMxmCiWAGzp2KPvCgR8pXMFtOWvjvVUMg\/photo\/AF1QipOaESd0Zxd76nsKJQk5o_Oa4XyQ9Ldb97hPB3I?key=bmRwYjF1WmRra3Z5MU5OREtCbWgyclhHR2oxOTRn\" target=\"_blank\" rel=\"noopener noreferrer\"><img decoding=\"async\" class=\"size-medium\" src=\"https:\/\/lh3.googleusercontent.com\/pw\/ACtC-3f5kJ-e8YVXMvVxUm85QTyddIdeQEKO9ZEXUTxgQqXnZcKdjzYwK-3i8nsnsXjGJIGrvKDdZRYFeaDs6MESf8htMGJI6N8T7hgGG5QOj6CStXMzup-7QGJg27Qnr7cXzMhCVM9Z0_KXaKF_EU7oarmK=w2000-h1332-no?authuser=0\" alt=\"O Sr. Hisada fala sobre grupos empresariais com liga\u00e7\u00f5es estrangeiras.\" width=\"1998\" height=\"1332\" \/><\/a><figcaption class=\"wp-caption-text\">O Sr. Hisada fala sobre grupos empresariais com liga\u00e7\u00f5es estrangeiras.<\/figcaption><\/figure>\n<p>O grupo de empresas estrangeiras de sementes \u00e9 composto por empresas de sementes e de pesticidas, todas detentoras de tecnologia de manipula\u00e7\u00e3o gen\u00e9tica. N\u00e3o sabemos quando a manipula\u00e7\u00e3o gen\u00e9tica ocorrer\u00e1. Essa \u00e9 a nossa maior preocupa\u00e7\u00e3o.<\/p>\n<p>Os consumidores querem que essas empresas de sementes produzam localmente e sejam confi\u00e1veis. Acho que a \u00fanica maneira de encontr\u00e1-las \u00e9 procurar uma empresa que venda sementes seguras que possam ser cultivadas no Jap\u00e3o.<\/p>\n<p>Os vegetais de Kyoto s\u00e3o esp\u00e9cies nativas que fazem parte da regi\u00e3o h\u00e1 muito tempo. S\u00e3o cultivados com grande cuidado. Os vegetais de Kyoto seguem padr\u00f5es rigorosos, que s\u00e3o respaldados pela Esta\u00e7\u00e3o Experimental Agr\u00edcola da Prefeitura de Kyoto. As sementes cultivadas l\u00e1 s\u00e3o distribu\u00eddas aos agricultores, que ent\u00e3o as cultivam com esmero.<\/p>\n<p>Em Hokkaido, o arroz e outras culturas importantes s\u00e3o bem administrados. Infelizmente, outras culturas s\u00e3o mal administradas. O cultivo de girass\u00f3is e hortali\u00e7as est\u00e1 praticamente abandonado, e acredita-se que sementes estrangeiras tenham se proliferado.<br \/>\n\ufffc<\/p>\n<figure class=\"wp-caption aligncenter\"><a href=\"https:\/\/photos.google.com\/share\/AF1QipMKIuWXhJmvce-BtC11Oeu-7dAIX1eITNMxmCiWAGzp2KPvCgR8pXMFtOWvjvVUMg\/photo\/AF1QipO5vNOgN1OSmFZCWFDVUS8PnYJCNboCms1X4RU?key=bmRwYjF1WmRra3Z5MU5OREtCbWgyclhHR2oxOTRn\" target=\"_blank\" rel=\"noopener noreferrer\"><img decoding=\"async\" class=\"size-medium\" src=\"https:\/\/lh3.googleusercontent.com\/pw\/ACtC-3fzQyWg2R7zkZP0-RmkdKRZutVFY1iTX5gMeW1bMu4NPS1zDsnYrubOHTG-jTA8XikGqv-qWiCDaUjrN6riHe-TxZt09cRETC0SiPcGZnjL8wGSJiy4LJZGAwVAOEQZJnV_hC8oK-GiKct7SgnFp-T_=w2000-h1332-no?authuser=0\" alt=\"Em busca de sementes seguras e produzidas localmente...\" width=\"1998\" height=\"1332\" \/><\/a><figcaption class=\"wp-caption-text\">Em busca de sementes seguras e produzidas localmente...<\/figcaption><\/figure>\n<h2>Pedido dos jovens: Tomoki Kaneda<\/h2>\n<p>Minha esposa tamb\u00e9m veio de Sapporo e come\u00e7ou a trabalhar na agricultura, e temos um filho. Mesmo que queiramos ter outro filho, se fizermos uma pausa de mais de um ano, teremos que pagar o empr\u00e9stimo de uma s\u00f3 vez. Os requisitos para isso s\u00e3o um problema complexo.<\/p>\n<figure class=\"wp-caption aligncenter\"><a href=\"https:\/\/photos.google.com\/share\/AF1QipMKIuWXhJmvce-BtC11Oeu-7dAIX1eITNMxmCiWAGzp2KPvCgR8pXMFtOWvjvVUMg\/photo\/AF1QipPXkd2qQbZDLOualZPIj5NSxoxJFisOnUVPSCU?key=bmRwYjF1WmRra3Z5MU5OREtCbWgyclhHR2oxOTRn\" target=\"_blank\" rel=\"noopener noreferrer\"><img decoding=\"async\" class=\"size-medium\" src=\"https:\/\/lh3.googleusercontent.com\/pw\/ACtC-3cTfARw6CenNlBIr3TnHCpVxgDh2ngm9Ry90PyeWWh-ssGyaLXTO0nc4cXeaXm00cXz-saEC0LreqxX4AsasTWeuBehkpKZKiQv9OiNkTC87vWoOY59UrXMY3uHc04NMqbuV0vGN6HgUzVL8Z7Js0Hr=w2000-h1332-no?authuser=0\" alt=\"As exig\u00eancias dos jovens\" width=\"1998\" height=\"1332\" \/><\/a><figcaption class=\"wp-caption-text\">As exig\u00eancias dos jovens<\/figcaption><\/figure>\n<h2>legislador de papel<\/h2>\n<p>No caso do Subs\u00eddio para Jovens Agricultores, o n\u00famero de usu\u00e1rios aumentou inicialmente, mas, para evitar um aumento no or\u00e7amento, o sistema foi alterado, passando a ter crit\u00e9rios de aprova\u00e7\u00e3o mais rigorosos e menos rigorosos. Como resultado, surgiram problemas em todos os setores.<\/p>\n<p>Mesmo que formem uma fam\u00edlia, tenham filhos e queiram progredir, o sistema est\u00e1 estruturado de forma a dificultar a sua continuidade, e o prop\u00f3sito de apoiar as pessoas a iniciarem a agricultura perdeu-se. Encontramo-nos agora numa situa\u00e7\u00e3o em que se coloca uma escada e depois se retira.<\/p>\n<figure class=\"wp-caption aligncenter\"><a href=\"\/pt\/os.google.com\/share\/AF1QipMKIuWXhJmvce-BtC11Oeu-7dAIX1eITNMxmCiWAGzp2KPvCgR8pXMFtOWvjvVUMg\/photo\/AF1QipOPMbLDmHngnHFCCUjCY2awetqNMwrJX9AEcSI\/?key=bmRwYjF1WmRra3Z5MU5OREtCbWgyclhHR2oxOTRn\" target=\"_blank\" rel=\"noopener noreferrer\"><img decoding=\"async\" class=\"size-medium\" src=\"https:\/\/lh3.googleusercontent.com\/pw\/ACtC-3d4sOpQyfR6iHGHNOk1ykMJGkL9vTUXUbBI4I9Iog4_6JDBFMOSuQSgDnSc-hODZ0t5vkU7kHXYRtVAn9dCyZqhL1nmB93Jws6jIQLVhVTUwxuyErGzFt_IprxvCr1HLxUbLZqOpSnCaTDMX1iTmBfO=w2000-h1332-no?authuser=0\" alt=\"Levar v\u00e1rias quest\u00f5es a s\u00e9rio...\" width=\"1998\" height=\"1332\" \/><\/a><figcaption class=\"wp-caption-text\">Levar v\u00e1rias quest\u00f5es a s\u00e9rio...<\/figcaption><\/figure>\n<h2>Vereador Tamura<\/h2>\n<p>No final de setembro, cada minist\u00e9rio apresentar\u00e1 suas solicita\u00e7\u00f5es or\u00e7ament\u00e1rias \u00e0 Dieta, por isso gostaria de apresentar minha proposta atual.<\/p>\n<figure class=\"wp-caption aligncenter\"><a href=\"https:\/\/photos.google.com\/share\/AF1QipMKIuWXhJmvce-BtC11Oeu-7dAIX1eITNMxmCiWAGzp2KPvCgR8pXMFtOWvjvVUMg\/photo\/AF1QipPBpo3TtliToyVFBr99V4Bcege5iOTxalL7fn0?key=bmRwYjF1WmRra3Z5MU5OREtCbWgyclhHR2oxOTRn\" target=\"_blank\" rel=\"noopener noreferrer\"><img decoding=\"async\" class=\"size-medium\" src=\"https:\/\/lh3.googleusercontent.com\/pw\/ACtC-3dNK2-3trAnojyV_OHCzgpIGE_6AruX3tDMGMf3AMG8nw_-sp0ae9XpjKipdd-NUyNEWdM-VmRU1KHgwCh9aTk4mJh7e-JupSWPsHgZAJe1yVfrUr_5kxYXEvJZ5HXL9jxCbZ-MYNGa8xmF2K8l7LQg=w2000-h1332-no?authuser=0\" alt=\"Mensagem para todos (a partir dos materiais)\" width=\"1998\" height=\"1332\" \/><\/a><figcaption class=\"wp-caption-text\">Mensagem para todos (a partir dos materiais)<\/figcaption><\/figure>\n<h2>A agricultura \u00e9 uma ind\u00fastria vital! (Cita\u00e7\u00e3o de material preparado por Honoka)<\/h2>\n<p><strong>Uma mensagem de Honoka para os jovens e para todos.<\/strong><\/p>\n<p>Os arrozais e as fazendas n\u00e3o s\u00e3o f\u00e1bricas de produ\u00e7\u00e3o de alimentos.<br \/>\nA agricultura n\u00e3o \u00e9 como fabricar carros ou televisores em uma linha de montagem.<br \/>\n\u00c9 uma ind\u00fastria vital na qual av\u00f3s, esposas e filhos usam sua sabedoria, corpos e mentes para cultivar alimentos, desfrutando das b\u00ean\u00e7\u00e3os do sol, da \u00e1gua e do solo, e \u00e0s vezes lutando contra a natureza.<br \/>\nOs agricultores constroem comunidades, protegem o campo e cuidam das pessoas que ali vivem.<br \/>\nHonoka foi fundada para proteger e nutrir a n\u00f3s mesmos, as pessoas ao nosso redor, nosso meio ambiente natural e Hokuryu por meio da agricultura.<\/p>\n<p>Sou verdadeiramente grata pela maravilhosa mensagem de que &quot;a agricultura \u00e9 uma ind\u00fastria da vida&quot;. Muito obrigada!!!<\/p>\n<figure class=\"wp-caption aligncenter\"><a href=\"https:\/\/photos.google.com\/share\/AF1QipMKIuWXhJmvce-BtC11Oeu-7dAIX1eITNMxmCiWAGzp2KPvCgR8pXMFtOWvjvVUMg\/photo\/AF1QipOzxyZQYSC3K3PNED8GPzTOH8s-YwYll_dkKDo?key=bmRwYjF1WmRra3Z5MU5OREtCbWgyclhHR2oxOTRn\" target=\"_blank\" rel=\"noopener noreferrer\"><img decoding=\"async\" class=\"size-medium\" src=\"https:\/\/lh3.googleusercontent.com\/pw\/ACtC-3f3N8V9miG8ITPRsnVYMr8NFG2ffKzQObkUz5AsDmoZJ7eAkHQNT6o1b_peNJiClSkrz_n05Kv2py4nm3EIOKnl0KbuApAW6TsM6eJ2bIbN_k7C3GjRJ9g7oQRcgSWZjBM48DDNGeyB1zeNelkuI2zJ=w2000-h1332-no?authuser=0\" alt=\"Roupas de trabalho da Equipe Bibaushi\" width=\"1998\" height=\"1332\" \/><\/a><figcaption class=\"wp-caption-text\">Roupas de trabalho da Equipe Bibaushi<\/figcaption><\/figure>\n<h3>O &quot;Testamento de Goro Kuroita&quot; est\u00e1 exposto em lugar de destaque na parede do escrit\u00f3rio de Honoka.<\/h3>\n<p>Aqui n\u00e3o h\u00e1 nada al\u00e9m da natureza. A natureza nos fornece alimento suficiente todos os anos.<br \/>\nAproveite o que a natureza oferece e viva com mod\u00e9stia e humildade.<\/p>\n<p>(Do drama televisivo &quot;Do Pa\u00eds do Norte&quot; - O Testamento de Kuroita Goro)<\/p>\n<figure class=\"wp-caption aligncenter\"><a href=\"https:\/\/photos.google.com\/share\/AF1QipMKIuWXhJmvce-BtC11Oeu-7dAIX1eITNMxmCiWAGzp2KPvCgR8pXMFtOWvjvVUMg\/photo\/AF1QipMZ78LgPaG-TcvCQaDjwhX-oKdSfrG47oDNQpg?key=bmRwYjF1WmRra3Z5MU5OREtCbWgyclhHR2oxOTRn\" target=\"_blank\" rel=\"noopener noreferrer\"><img decoding=\"async\" class=\"size-medium\" src=\"https:\/\/lh3.googleusercontent.com\/pw\/ACtC-3dzYAy7QrX4lAg6ntkYkm84yYAmRqvOPeBNPOD-sAnfwjLkh9-z2nsyj1dnLBl7WX9e0tanXgN8MO-ZI934SLIzRVOvhD3iCQsS1j9TJ6oQAw2ri2uJH5By4D-bv6mOeTXfibOj5mKQ9F9AbEhrG-D0=w2000-h1332-no?authuser=0\" alt=\"Palavras afixadas na parede do escrit\u00f3rio (do drama televisivo &quot;From the North Country&quot; - O Testamento de Kuroita Goro)\" width=\"1998\" height=\"1332\" \/><\/a><figcaption class=\"wp-caption-text\">Palavras afixadas na parede do escrit\u00f3rio (do drama televisivo &quot;From the North Country&quot; - O Testamento de Kuroita Goro)<\/figcaption><\/figure>\n<p>Depois disso, fomos para o Sunflower Park Hokuryu Onsen.<\/p>\n<p><a href=\"https:\/\/portal.hokuryu.info\/pt\/4845\/\">Continua no pr\u00f3ximo artigo...<\/a><\/p>\n<h2>Outras fotos<\/h2>\n<p>\u30fb<a href=\"https:\/\/photos.app.goo.gl\/uyTkUq2p3xmqzZsy5\" target=\"_blank\" rel=\"noopener noreferrer\">Fotos (182 fotos) da reuni\u00e3o in loco da delega\u00e7\u00e3o da Dieta na cidade de Hokuryu (Hokkaido) est\u00e3o dispon\u00edveis aqui &gt;&gt;<\/a><\/p>\n<h3>Artigos relacionados<\/h3>\n<p>\u30fb<a href=\"https:\/\/portal.hokuryu.info\/pt\/honoka\/\" target=\"_blank\" rel=\"noopener noreferrer\">P\u00e1gina de Apresenta\u00e7\u00e3o da Associa\u00e7\u00e3o Cooperativa Agr\u00edcola de Honoka<\/a><\/p>\n<p>\u30fb<a href=\"https:\/\/portal.hokuryu.info\/pt\/3277\/\">O ex-ministro da Agricultura, Florestas e Pescas, Masahiko Yamada, e o cineasta Masaki Haramura visitam a cidade de Hokuryu e as loca\u00e7\u00f5es para a produ\u00e7\u00e3o do document\u00e1rio &quot;Seguran\u00e7a de Sementes e Alimentos&quot;, al\u00e9m da Associa\u00e7\u00e3o Cooperativa Empresarial de Kurosengoku.<\/a>(25 de junho de 2020)<\/p>\n<p>\u30fb<a href=\"https:\/\/portal.hokuryu.info\/pt\/4836\/\" target=\"_blank\" rel=\"noopener noreferrer\">Um grupo de membros da Dieta da cidade de Hokuryu (Hokkaido) realizou uma reuni\u00e3o de discuss\u00e3o local sobre a emenda da Lei de Sementes e Mudas [n\u00ba 1] da Associa\u00e7\u00e3o Cooperativa Comercial de Kurosengoku.<\/a><br \/>\n\u30fb<a href=\"https:\/\/portal.hokuryu.info\/pt\/4841\/\" target=\"_blank\" rel=\"noopener noreferrer\">Reuni\u00e3o local de membros da Dieta na cidade de Hokuryu (Hokkaido) sobre a altera\u00e7\u00e3o da Lei de Sementes e Mudas [n\u00ba 2] Cooperativa Agr\u00edcola de Honoka<\/a><br \/>\n\u30fb<a href=\"https:\/\/portal.hokuryu.info\/pt\/4845\/\" target=\"_blank\" rel=\"noopener noreferrer\">Reuni\u00e3o com membros da Dieta na cidade de Hokuryu (Hokkaido) sobre silvicultura de autoexplora\u00e7\u00e3o [N\u00ba 3] Reuni\u00e3o de discuss\u00e3o e interc\u00e2mbio com o Sr. Tatsuya Ue<\/a><\/p>\n<p>\u25c7 Fotografia e edi\u00e7\u00e3o: Noboru Terauchi Entrevista e texto: Ikuko Terauchi<\/p>","protected":false},"excerpt":{"rendered":"<p>\uff12\uff10\uff12\uff10\u5e74\uff19\u6708\uff12\uff15\u65e5\uff08\u91d1\uff09 \u663c\u98df\u5f8c\u306f\u3001\u300c\u8fb2\u4e8b\u7d44\u5408\u6cd5\u4eba\u307b\u306e\u304b\u300d\u4e8b\u52d9\u6240\u306b\u3066\u61c7\u8ac7\u4f1a\u3002\u8fb2\u4e8b\u7d44\u5408\u6cd5\u4eba\u307b\u306e\u304b\u306e\u7d44\u5408\u54e1\u304c\u96c6\u5408\u3057\u3001\u6d3b\u767a\u306a\u30c7\u30a3\u30b9\u30ab\u30c3\u30b7\u30e7\u30f3\u304c\u884c\u308f\u308c\u307e\u3057\u305f\u3002\ufffc \u7d19\u667a\u5b50\u53c2\u8b70\u9662\u8b70\u54e1\u306e\u3054\u6328\u62f6 \u53c2\u8b70\u9662\u8b70\u54e1\u306e\u7d19\u667a\u5b50 [&hellip;]<\/p>\n","protected":false},"author":1,"featured_media":4855,"comment_status":"open","ping_status":"open","sticky":false,"template":"","format":"standard","meta":{"footnotes":""},"categories":[4],"tags":[],"class_list":["post-4841","post","type-post","status-publish","format-standard","has-post-thumbnail","hentry","category-cover-story"],"_links":{"self":[{"href":"https:\/\/portal.hokuryu.info\/pt\/wp-json\/wp\/v2\/posts\/4841","targetHints":{"allow":["GET"]}}],"collection":[{"href":"https:\/\/portal.hokuryu.info\/pt\/wp-json\/wp\/v2\/posts"}],"about":[{"href":"https:\/\/portal.hokuryu.info\/pt\/wp-json\/wp\/v2\/types\/post"}],"author":[{"embeddable":true,"href":"https:\/\/portal.hokuryu.info\/pt\/wp-json\/wp\/v2\/users\/1"}],"replies":[{"embeddable":true,"href":"https:\/\/portal.hokuryu.info\/pt\/wp-json\/wp\/v2\/comments?post=4841"}],"version-history":[{"count":0,"href":"https:\/\/portal.hokuryu.info\/pt\/wp-json\/wp\/v2\/posts\/4841\/revisions"}],"wp:featuredmedia":[{"embeddable":true,"href":"https:\/\/portal.hokuryu.info\/pt\/wp-json\/wp\/v2\/media\/4855"}],"wp:attachment":[{"href":"https:\/\/portal.hokuryu.info\/pt\/wp-json\/wp\/v2\/media?parent=4841"}],"wp:term":[{"taxonomy":"category","embeddable":true,"href":"https:\/\/portal.hokuryu.info\/pt\/wp-json\/wp\/v2\/categories?post=4841"},{"taxonomy":"post_tag","embeddable":true,"href":"https:\/\/portal.hokuryu.info\/pt\/wp-json\/wp\/v2\/tags?post=4841"}],"curies":[{"name":"wp","href":"https:\/\/api.w.org\/{rel}","templated":true}]}}