{"id":4836,"date":"2020-09-25T06:40:51","date_gmt":"2020-09-24T21:40:51","guid":{"rendered":"https:\/\/portal.hokuryu.info\/?p=4836"},"modified":"2020-09-25T08:16:01","modified_gmt":"2020-09-24T23:16:01","slug":"post-4836","status":"publish","type":"post","link":"https:\/\/portal.hokuryu.info\/pt\/4836\/","title":{"rendered":"Um grupo de membros da Dieta da cidade de Hokuryu (Hokkaido) realizou uma reuni\u00e3o de discuss\u00e3o local sobre a emenda da Lei de Sementes e Mudas [n\u00ba 1] da Associa\u00e7\u00e3o Cooperativa Comercial de Kurosengoku."},"content":{"rendered":"<p>Sexta-feira, 25 de setembro de 2020<\/p>\n<p>Na quinta-feira, 10 de setembro, com a apresenta\u00e7\u00e3o da Associa\u00e7\u00e3o de Sementes de Hokkaido (Presidente: Tokuji Hisada), uma reuni\u00e3o de discuss\u00e3o local foi realizada na cidade de Kitary\u016b com membros do grupo parlamentar do Partido Comunista Japon\u00eas para debater quest\u00f5es relacionadas \u00e0 Lei de Sementes e Mudas.<\/p>\n<h2>Vis\u00e3o geral do grupo de membros da dieta<\/h2>\n<h3>Membros da Dieta<\/h3>\n<p>Os membros da delega\u00e7\u00e3o da Dieta s\u00e3o: Kami Tomoko (Partido Comunista), membro da C\u00e2mara dos Conselheiros; Tamura Takaaki (Partido Comunista), membro da C\u00e2mara dos Representantes; Tai Kyosei (secret\u00e1rio de Kami); Kawabe Takashi (secret\u00e1rio de Tamura); Yamaguchi Kaori (secret\u00e1ria de Tamura); Hatayama Kazuya (Partido Comunista), ex-membro da C\u00e2mara dos Representantes; Oda Ichiro, Secret\u00e1rio-Geral do Escrit\u00f3rio de Hokkaido do Grupo de Membros da Dieta do Partido Comunista Japon\u00eas; Hisada Tokuji, Presidente da Associa\u00e7\u00e3o de Sementes de Hokkaido (Professor Visitante da Universidade de Hokkaido); e Okuno Teppei (Diretor da Esta\u00e7\u00e3o de Radiodifus\u00e3o Base da NHK em Sapporo).<br \/>\n\ufffc<\/p>\n<figure class=\"wp-caption aligncenter\"><a href=\"https:\/\/photos.google.com\/share\/AF1QipMKIuWXhJmvce-BtC11Oeu-7dAIX1eITNMxmCiWAGzp2KPvCgR8pXMFtOWvjvVUMg\/photo\/AF1QipO4MXfQPwVN1HDaumWNgWPLjCGqK4ba_CS5KxY?key=bmRwYjF1WmRra3Z5MU5OREtCbWgyclhHR2oxOTRn\" target=\"_blank\" rel=\"noopener noreferrer\"><img decoding=\"async\" class=\"size-medium\" src=\"https:\/\/lh3.googleusercontent.com\/pw\/ACtC-3cU8WA2bpbGiqb6c1OsGoS3eJDpjreAdBCVkSw87l7ai7U5wN7ucfTuhrGe3M_JzXfvQHpSr6hGGFQIV1Ljf9Rh0zkPvkiQ8zjHmU02DZQO1L4OSbObj3I2UKJASIEZzfzyfbMG8mcjfRCz-xp_SN61=w2000-h1332-no?authuser=0\" alt=\"Prezados participantes,\" width=\"1998\" height=\"1332\" \/><\/a><figcaption class=\"wp-caption-text\">Prezados participantes,<\/figcaption><\/figure>\n<h3>agendar<\/h3>\n<p>Na cidade de Hokuryu, os participantes tiveram uma discuss\u00e3o e visita de campo com a Cooperativa Comercial Kurosengoku (presidente Takada Yukio), uma discuss\u00e3o com membros da Cooperativa Agr\u00edcola Honoka (representante Mizutani Shigeki) e uma discuss\u00e3o com Kamii Tatsuya, que pratica o manejo florestal sustent\u00e1vel na cidade de Hokuryu.<\/p>\n<p>9h00-12h00: Discuss\u00e3o sobre a Lei de Sementes e visita de campo \u00e0s planta\u00e7\u00f5es de soja Kurosengoku na Sala de Reuni\u00f5es da Filial Kitasorachi Hokuryu da JA.<br \/>\n13h30-15h20: Reuni\u00e3o com os membros no escrit\u00f3rio da Cooperativa Agr\u00edcola de Honoka.<br \/>\n15:30-17:00 Debate sobre silvicultura de auto-explora\u00e7\u00e3o com Tatsuya Ueii no Restaurante Fusha, no Parque dos Girass\u00f3is, em Hokuryu Onsen.<\/p>\n<h2>Uma conversa com a Cooperativa Empresarial Kurosengoku (Presidente Yukio Takada) (na filial JA Kitasorachi Hokuryu)<\/h2>\n<figure class=\"wp-caption aligncenter\"><a href=\"https:\/\/photos.google.com\/share\/AF1QipMuuKKcDpR3W9syn2W0ijIp0oG9a417fLKogbSTbh5iTPAVhDnWzloTYLSC2vJVQg\/photo\/AF1QipPrDvu28lP5_BaiV6peFwQSnjnZ1QVsylzxTYg?key=bzRuTG1mTFFWcU5Na01Dakw3QmpEekdnVVpFdUhn\" target=\"_blank\" rel=\"noopener noreferrer\"><img decoding=\"async\" class=\"size-medium\" src=\"https:\/\/lh3.googleusercontent.com\/pw\/ACtC-3e-a6ff_ywxkctF58hYfHOLLMbQv4lZC3sBBKlgvVECxPnNaMVRJTUH0qPZ9f4p8WgpIoARkq2S6skqEXczq4ttHUNCBDfuzkCZekSNc-r-yvMCOIbEGAq70Yt9sYIbSs07ocR58fFH0tpCuWgJjtj4=w1346-h897-no?authuser=0\" alt=\"Filial JA Kitasorachi Hokuryu (cidade de Hokuryu, Hokkaido)\" width=\"1346\" height=\"897\" \/><\/a><figcaption class=\"wp-caption-text\">Filial JA Kitasorachi Hokuryu (cidade de Hokuryu, Hokkaido)<\/figcaption><\/figure>\n<p>\ufffc<\/p>\n<figure class=\"wp-caption aligncenter\"><a href=\"https:\/\/photos.google.com\/share\/AF1QipMKIuWXhJmvce-BtC11Oeu-7dAIX1eITNMxmCiWAGzp2KPvCgR8pXMFtOWvjvVUMg\/photo\/AF1QipN_BUYEa1YTLsg1DCgUuBJoBk1YB-8YxsbnoV0?key=bmRwYjF1WmRra3Z5MU5OREtCbWgyclhHR2oxOTRn\" target=\"_blank\" rel=\"noopener noreferrer\"><img decoding=\"async\" class=\"size-medium\" src=\"https:\/\/lh3.googleusercontent.com\/pw\/ACtC-3dkUIoIYU8DtlumYCK0OlQOm4Jfc7LD_uYYtENOaLwgUsUTNSSR5KVSEEhKL5NzDLoiusH__2alg8Q-v91a8hhfzqTYpAJW9Pp0e__7DGmdz0wQbPmbvx2eVXJvIqtE0o7LGtWlg__O2oDrYeTkqE35=w2000-h1332-no?authuser=0\" alt=\" &quot;C\u00e9u, Terra e \u00c1gua&quot; Da esquerda para a direita: Bustos de Goto Sanohachi (5\u00ba presidente), Kita Masakiyo (1\u00ba presidente) e Kaji Hikotaro\" width=\"1998\" height=\"1332\" \/><\/a><figcaption class=\"wp-caption-text\">&quot;C\u00e9u, Terra e \u00c1gua&quot; Da esquerda para a direita: Bustos de Goto Sanohachi (5\u00ba presidente), Kita Masakiyo (1\u00ba presidente) e Kaji Hikotaro<\/figcaption><\/figure>\n<h3>Uma palestra de Ryoji Kikura, ex-presidente da JA Kitasorachi<\/h3>\n<p>Com base nos materiais distribu\u00eddos, foi apresentada uma explica\u00e7\u00e3o sobre as iniciativas agr\u00edcolas da cidade de Hokuryu.<br \/>\n\ufffc<\/p>\n<figure class=\"wp-caption aligncenter\"><a href=\"https:\/\/photos.google.com\/share\/AF1QipMKIuWXhJmvce-BtC11Oeu-7dAIX1eITNMxmCiWAGzp2KPvCgR8pXMFtOWvjvVUMg\/photo\/AF1QipO5jrYerQRbmRhSRaRnQMg8yQOvHTgGGMBlZ9A?key=bmRwYjF1WmRra3Z5MU5OREtCbWgyclhHR2oxOTRn\" target=\"_blank\" rel=\"noopener noreferrer\"><img decoding=\"async\" class=\"size-medium\" src=\"https:\/\/lh3.googleusercontent.com\/pw\/ACtC-3fvJVWA8nwcHNfax0WKSpNrHW8zmwTgdKVKfgsfoHqpLEZil9cDsDv_hC_6pImI2cRCaKR1vHjY3bd5QST4E_N1f6WHTJRlpNYFtniyvRlXSFb-OL_hM7emlcDNcMAamACNmvnudqy2HZ7eJv-ltL98=w2000-h1332-no?authuser=0\" alt=\"O Sr. Ryoji Kikura explica os esfor\u00e7os que est\u00e3o sendo feitos na cidade de Hokuryu.\" width=\"1998\" height=\"1332\" \/><\/a><figcaption class=\"wp-caption-text\">O Sr. Ryoji Kikura explica os esfor\u00e7os que est\u00e3o sendo feitos na cidade de Hokuryu.<\/figcaption><\/figure>\n<figure class=\"wp-caption aligncenter\"><a href=\"https:\/\/photos.google.com\/share\/AF1QipMKIuWXhJmvce-BtC11Oeu-7dAIX1eITNMxmCiWAGzp2KPvCgR8pXMFtOWvjvVUMg\/photo\/AF1QipMtsyzy7nxLnILIAbkvjnT02bjqo5ToEF9mzLA?key=bmRwYjF1WmRra3Z5MU5OREtCbWgyclhHR2oxOTRn\" target=\"_blank\" rel=\"noopener noreferrer\"><img decoding=\"async\" class=\"size-medium\" src=\"https:\/\/lh3.googleusercontent.com\/pw\/ACtC-3dRc_4Q9ERBANgvb-mxJ_WLydJ0KmAA_g3-NV4y4k9aa_OW3DVn_F2vfCD2cCiM1qyyXDqMcJ5Zadk3iD62EzGWwBIXze8HtEMXNQeZvzZxjkcYyFGM1ZjoSInaaQTzr-Ej6lQKPM1SkU5dJ_NxKhR2=w2000-h1332-no?authuser=0\" alt=\"A ess\u00eancia de &quot;comida \u00e9 vida&quot;\" width=\"1998\" height=\"1332\" \/><\/a><figcaption class=\"wp-caption-text\">A ess\u00eancia de &quot;comida \u00e9 vida&quot;<\/figcaption><\/figure>\n<p>Sob a modera\u00e7\u00e3o geral do Sr. Kikura, os participantes fizeram discursos.<\/p>\n<h3>Membro da C\u00e2mara dos Conselheiros, Tomoko Kami<\/h3>\n<p>\ufffc<\/p>\n<figure class=\"wp-caption aligncenter\"><a href=\"https:\/\/photos.google.com\/share\/AF1QipMKIuWXhJmvce-BtC11Oeu-7dAIX1eITNMxmCiWAGzp2KPvCgR8pXMFtOWvjvVUMg\/photo\/AF1QipN9HiF-CoQvcm7D7htqaclQ_FwaQ2pkoTDU0no?key=bmRwYjF1WmRra3Z5MU5OREtCbWgyclhHR2oxOTRn\" target=\"_blank\" rel=\"noopener noreferrer\"><img decoding=\"async\" class=\"size-medium\" src=\"https:\/\/lh3.googleusercontent.com\/pw\/ACtC-3d8kfvSPSVeCkAsXr92QcmsuniX2L34SjgWK3AYKn1QohWhbdMQMo2fZRkI4cY_KKrLf-0mbGg3AekVxP2gHtOxlz_b_eHKJauxjie9xGU0GdiB_A1tlAWP0FCYhwaON3FrGj6M0dmNahfBCv7oARHB=w2000-h1332-no?authuser=0\" alt=\"Tomoko Kami\" width=\"1998\" height=\"1332\" \/><\/a><figcaption class=\"wp-caption-text\">Tomoko Kami<\/figcaption><\/figure>\n<h4>Conex\u00e3o com a cidade de Hokuryu<\/h4>\n<p>Minha liga\u00e7\u00e3o com a cidade de Hokuryu remonta a 1991 (Heisei 3). Na \u00e9poca, eu era candidato por representa\u00e7\u00e3o proporcional \u00e0 C\u00e2mara dos Conselheiros e estava visitando v\u00e1rias partes de Hokkaido quando visitei a cidade de Hokuryu. Ryoji Kikura era o diretor representante e presidente da Cooperativa Agr\u00edcola da cidade de Hokuryu.<\/p>\n<p>Naquela \u00e9poca, a dermatite at\u00f3pica entre crian\u00e7as estava em ascens\u00e3o. Partindo da perspectiva de que &quot;o que as crian\u00e7as comem deve ser seguro&quot;, visitamos a cidade de Hokuryu para examinar o arroz &quot;Yukihikari&quot;, que dizem ser eficaz na melhora da dermatite at\u00f3pica.<\/p>\n<p>Um coment\u00e1rio que me impressionou bastante durante minha visita foi: &quot;Por favor, esclare\u00e7a se a agricultura \u00e9 necess\u00e1ria no Jap\u00e3o ou n\u00e3o.&quot; Em outras palavras, esse coment\u00e1rio foi feito em resposta a d\u00favidas sobre o estado atual da agricultura japonesa na \u00e9poca, que n\u00e3o parecia exigir agricultura.<\/p>\n<p>Mais tarde, durante uma sess\u00e3o parlamentar, apresentei a quest\u00e3o &quot;O Jap\u00e3o precisa de agricultura ou n\u00e3o?&quot;, como uma opini\u00e3o local de Hokkaido.<\/p>\n<p>Fiquei profundamente impressionado com a import\u00e2ncia da agricultura, pois &quot;comida \u00e9 vida&quot;.<\/p>\n<h4>Tend\u00eancias pol\u00edticas<\/h4>\n<p>Sou membro da Comiss\u00e3o de Agricultura, Silvicultura e Pescas da C\u00e2mara dos Conselheiros desde 2001. \u00c0 medida que o Jap\u00e3o avan\u00e7ava com a liberaliza\u00e7\u00e3o das importa\u00e7\u00f5es agr\u00edcolas, uma &quot;pol\u00edtica agr\u00edcola agressiva&quot; que priorizava a efici\u00eancia na agricultura foi promovida, e parecia que aspectos importantes estavam sendo negligenciados.<\/p>\n<p>Ap\u00f3s o an\u00fancio da ren\u00fancia do primeiro-ministro Abe no final de agosto, o partido encontra-se atualmente em meio a uma elei\u00e7\u00e3o presidencial. Acredito que isso seja um sinal de impasse tanto na pol\u00edtica interna quanto na externa. Creio que estamos em uma conjuntura cr\u00edtica, na qual precisamos de uma mudan\u00e7a fundamental na dire\u00e7\u00e3o da pol\u00edtica.<br \/>\n\ufffc<\/p>\n<figure class=\"wp-caption aligncenter\"><a href=\"https:\/\/photos.google.com\/share\/AF1QipMKIuWXhJmvce-BtC11Oeu-7dAIX1eITNMxmCiWAGzp2KPvCgR8pXMFtOWvjvVUMg\/photo\/AF1QipNStMievoeiCQV6SGfUTgp13ZAo5hSHiPktlOs?key=bmRwYjF1WmRra3Z5MU5OREtCbWgyclhHR2oxOTRn\" target=\"_blank\" rel=\"noopener noreferrer\"><img decoding=\"async\" class=\"size-medium\" src=\"https:\/\/lh3.googleusercontent.com\/pw\/ACtC-3dyuYZJVxFkILk_MeUuA-8R1yXZMLoHp1JvgVSsvQS_iMcsssuGWksKXWXZmokIX9UupxRF48Vy4UHOMTqMla58T56LJuIqrVh-3hiJ8i6XpLF6LWFh3G0Kr5oPXSWGvwjBKiksVv_ylhNwNDiRg7VN=w2000-h1332-no?authuser=0\" alt=\"O Sr. Kami falando sobre o prop\u00f3sito de sua visita \u00e0 cidade de Hokuryu.\" width=\"1998\" height=\"1332\" \/><\/a><figcaption class=\"wp-caption-text\">O Sr. Kami falando sobre o prop\u00f3sito de sua visita \u00e0 cidade de Hokuryu.<\/figcaption><\/figure>\n<h4>O objetivo desta visita a Hokuryu<\/h4>\n<p>Atualmente, no Parlamento, est\u00e3o sendo coletadas assinaturas de peti\u00e7\u00f5es em todo o pa\u00eds em resposta \u00e0s propostas de emendas \u00e0 Lei de Sementes e Mudas, que foi aprovada pelo Gabinete, e muita discuss\u00e3o foi gerada online, portanto, as emendas \u00e0 Lei de Sementes e Mudas est\u00e3o agora em delibera\u00e7\u00e3o cont\u00ednua.<\/p>\n<p>O objetivo desta visita \u00e9 realizar uma investiga\u00e7\u00e3o minuciosa nesta fase, em prepara\u00e7\u00e3o para as delibera\u00e7\u00f5es na pr\u00f3xima sess\u00e3o da Dieta.<\/p>\n<p>Gostaria de ir \u00e0 Dieta depois de entrevistar detalhadamente os agricultores sobre os esfor\u00e7os e dificuldades que enfrentam na &quot;autoprodu\u00e7\u00e3o de sementes&quot;, bem como sobre o impacto e os problemas que surgiriam caso a lei fosse aprovada.<\/p>\n<p>Al\u00e9m disso, \u00e9 importante que os agricultores estejam plenamente cientes da situa\u00e7\u00e3o atual e das quest\u00f5es que envolvem a Lei de Sementes e Mudas, e gostar\u00edamos de transmitir essas informa\u00e7\u00f5es corretamente a eles.<\/p>\n<h3>Takaaki Tamura, membro da C\u00e2mara dos Representantes<\/h3>\n<p>\ufffc<\/p>\n<figure class=\"wp-caption aligncenter\"><a href=\"https:\/\/photos.google.com\/share\/AF1QipMKIuWXhJmvce-BtC11Oeu-7dAIX1eITNMxmCiWAGzp2KPvCgR8pXMFtOWvjvVUMg\/photo\/AF1QipOotYxnRKdvc6Yzz6K8XUEhJpfIfajwEV_4uPc?key=bmRwYjF1WmRra3Z5MU5OREtCbWgyclhHR2oxOTRn\" target=\"_blank\" rel=\"noopener noreferrer\"><img decoding=\"async\" class=\"size-medium\" src=\"https:\/\/lh3.googleusercontent.com\/pw\/ACtC-3fEr4w9ADhhrI651RqSAshAvd6Qq7ILfsWPQREUHbTYjVnl_Fh92-Pk1cRAvoGwD3uewWPPCMqvTZjg3nFwPnvxL7oq8_IfsFBLCRpGrqQAarKI-9KxVPmfD2Et88weq-oSnycN0xBDX1RDQl2TfXv4=w2000-h1332-no?authuser=0\" alt=\"Takaaki Tamura\" width=\"1998\" height=\"1332\" \/><\/a><figcaption class=\"wp-caption-text\">Takaaki Tamura<\/figcaption><\/figure>\n<p>Sou membro da C\u00e2mara dos Representantes, da Comiss\u00e3o de Agricultura, Silvicultura e Pescas, representante proporcional de Kyushu\/Okinawa, e nasci em Kitakyushu em 1961 (Showa 36).<\/p>\n<p>Uma proposta para revitalizar a Lei das Sementes est\u00e1 em discuss\u00e3o, e governos locais tamb\u00e9m est\u00e3o promulgando decretos, criando uma tend\u00eancia crescente em rela\u00e7\u00e3o \u00e0 import\u00e2ncia das sementes.<\/p>\n<p>A proposta de emenda \u00e0 Lei de Sementes e Mudas \u00e9 um projeto de lei importante para proteger o excelente conhecimento de melhoramento gen\u00e9tico do Jap\u00e3o, e este \u00e9 um caso in\u00e9dito e raro em que foi adiado e n\u00e3o levado \u00e0 delibera\u00e7\u00e3o na sess\u00e3o regular da Dieta.<\/p>\n<p>Em meio \u00e0 pandemia de COVID-19, a taxa de autossufici\u00eancia agr\u00edcola do Jap\u00e3o est\u00e1 diminuindo e cresce a opini\u00e3o p\u00fablica de que a agricultura japonesa n\u00e3o deve continuar como est\u00e1. Diante dessa situa\u00e7\u00e3o, acredito que a oportunidade de ouvir e discutir as opini\u00f5es de profissionais do setor agr\u00edcola \u00e9 extremamente valiosa e oportuna, e sou muito grato por isso. Obrigado.<\/p>\n<h3>Yukio Takada, presidente da Associa\u00e7\u00e3o Cooperativa Empresarial Kurosengoku<\/h3>\n<p>\ufffc<\/p>\n<figure class=\"wp-caption aligncenter\"><a href=\"https:\/\/photos.google.com\/share\/AF1QipMKIuWXhJmvce-BtC11Oeu-7dAIX1eITNMxmCiWAGzp2KPvCgR8pXMFtOWvjvVUMg\/photo\/AF1QipMbRkZKOr2H0fyjtLY5KmFfJZtNhpiqx3zvuBs?key=bmRwYjF1WmRra3Z5MU5OREtCbWgyclhHR2oxOTRn\" target=\"_blank\" rel=\"noopener noreferrer\"><img decoding=\"async\" class=\"size-medium\" src=\"https:\/\/lh3.googleusercontent.com\/pw\/ACtC-3c-WpxHO_Ij2CirjQJcAo1sKw0863aYgqZnoUDFg3ZgCrPQ5ot_W-yZRNTXuwwFOHVJj3xnT-G8pWps46dAAQW0-OP77S39y9wvoDdhOS6tYm_7jSTjOKgiXTJ0nMJs92Ha53zKucX25_FdC5LhNvpw=w2000-h1332-no?authuser=0\" alt=\"Yukio Takada falando sobre a soja Kurosengoku\" width=\"1998\" height=\"1332\" \/><\/a><figcaption class=\"wp-caption-text\">Yukio Takada falando sobre a soja Kurosengoku<\/figcaption><\/figure>\n<h4>Hist\u00f3ria da Cooperativa Empresarial Kurosengoku<\/h4>\n<p>Fui agricultor at\u00e9 os 60 anos. A soja Kurosengoku, uma variedade nativa de Hokkaido, foi revitalizada em Hokkaido em 2004 (Heisei 16). Com o \u00fanico desejo de revitalizar a robusta soja Kurosengoku, fundei uma empresa em 2007 (Heisei 19).<\/p>\n<p>Embora tenha havido muitas reviravoltas nos \u00faltimos 15 anos, agora estamos em um estado est\u00e1vel de produ\u00e7\u00e3o e vendas.<\/p>\n<p>H\u00e1 dois anos, em 2018 (ano Heisei 30), nossa associa\u00e7\u00e3o foi certificada como parte da 5\u00aa edi\u00e7\u00e3o do programa &quot;Descobrindo Tesouros das \u00c1reas Rurais&quot;, patrocinado pelo Gabinete da Secretaria e pelo Minist\u00e9rio da Agricultura, Florestas e Pescas. Trinta e dois exemplos de excel\u00eancia foram selecionados entre 1.015 candidatos em todo o pa\u00eds. Na regi\u00e3o de Hokkaido, tr\u00eas organiza\u00e7\u00f5es, incluindo a Cooperativa Empresarial Kurosengoku, foram selecionadas entre 98 candidatos. A cerim\u00f4nia de entrega dos certificados de sele\u00e7\u00e3o e o evento de networking foram realizados na Resid\u00eancia Oficial do Primeiro-Ministro.<\/p>\n<h4>A lend\u00e1ria soja Kurosengoku<\/h4>\n<p>A soja Kurosengoku \u00e9 conhecida por ser &quot;segura, confi\u00e1vel, natural e saud\u00e1vel&quot; e queremos que todos saibam que essa soja faz bem \u00e0 sa\u00fade gra\u00e7as ao poder do sol e do solo de Hokkaido.<\/p>\n<p>Quanto \u00e0s sementes, a Kurosengoku apresenta-se em duas variedades: a esp\u00e9cie nativa e a nova variedade melhorada &quot;Ryukei No. 3&quot;.<\/p>\n<p>Em 1942 (Showa 17), a Esta\u00e7\u00e3o Experimental Agr\u00edcola Central da Organiza\u00e7\u00e3o de Pesquisa de Hokkaido nomeou a variedade nativa de &quot;Kurosengoku Precoce&quot;, uma excelente variedade para cultivo em campo, utilizada como ra\u00e7\u00e3o animal, alimento para gado e adubo verde na regi\u00e3o de Tokachi. No entanto, com o desenvolvimento de diversos adubos verdes e fertilizantes qu\u00edmicos, a soja Kurosengoku caiu em desuso e, em 1959 (Showa 34), seu registro foi abolido, sendo seu cultivo temporariamente descontinuado.<\/p>\n<p>Em 2001, Jun Tanaka, um pesquisador agr\u00edcola de Morimachi, Hokkaido, descobriu uma variedade nativa de soja Kurosengoku, e 28 das 50 sementes germinaram com sucesso. \u00c9 por isso que essa soja \u00e9 chamada de lend\u00e1ria soja Kurosengoku.<\/p>\n<p>Em 2005 (Heisei 17), o cultivo da soja Kurosengoku teve in\u00edcio na cidade de Hokuryu, na cidade de Takikawa e na cidade de Otobe. Em 2007 (Heisei 19), a Cooperativa Comercial Kurosengoku foi fundada na cidade de Hokuryu e continua em atividade at\u00e9 hoje.<\/p>\n<h4>A nova variedade melhorada &quot;Ryukei No. 3&quot;<\/h4>\n<p>O neg\u00f3cio teve um bom come\u00e7o, garantindo uma produ\u00e7\u00e3o anual de cerca de 360 toneladas. Em 2009 (Heisei 21), durante a crise econ\u00f4mica, o intermedi\u00e1rio para quem a empresa vendia faliu. Com o estoque ainda dispon\u00edvel e sem perspectiva de receber pagamentos, a empresa se viu em uma situa\u00e7\u00e3o em que n\u00e3o conseguia pagar os produtores.<\/p>\n<p>Para piorar a situa\u00e7\u00e3o, a queda de neve no final do outono criou um pesadelo, no qual os campos de Kurosengoku ficaram soterrados na neve pouco antes da colheita.<\/p>\n<p>A soja Kurosengoku \u00e9 um tipo de soja que apresenta alta temperatura acumulada (a soma das temperaturas di\u00e1rias), sendo semeada cedo e colhida no final do outono, antes da queda de neve.<br \/>\n\ufffc<\/p>\n<figure class=\"wp-caption aligncenter\"><a href=\"https:\/\/photos.google.com\/share\/AF1QipMKIuWXhJmvce-BtC11Oeu-7dAIX1eITNMxmCiWAGzp2KPvCgR8pXMFtOWvjvVUMg\/photo\/AF1QipMhvSpvVhiD_qcWBZN6c2Mh0t-wrDaOemgADDA?key=bmRwYjF1WmRra3Z5MU5OREtCbWgyclhHR2oxOTRn\" target=\"_blank\" rel=\"noopener noreferrer\"><img decoding=\"async\" class=\"size-medium\" src=\"https:\/\/lh3.googleusercontent.com\/pw\/ACtC-3e1w_E-uDxeA_aOpPKzZ64VkxAViPKMZVbKpnB8kM_jrP4H1YolkojZ50aAlg8m033O-lLH6aDhi5MNO2bN9l8nYhsc3ZKcjeGjqKhj_ow__RobGWUaDtXSaCJsXbg0Gu4p0p3FMerfq6tm6is5L5KR=w2000-h1332-no?authuser=0\" alt=\"Todos ouvindo atentamente\" width=\"1998\" height=\"1332\" \/><\/a><figcaption class=\"wp-caption-text\">Todos ouvindo atentamente<\/figcaption><\/figure>\n<p>Portanto, decidimos trabalhar no aprimoramento da variedade, visando \u00e0 matura\u00e7\u00e3o precoce, forte resist\u00eancia ao acamamento e rendimentos elevados e est\u00e1veis.<\/p>\n<p>Em 2009, pedimos ao Professor Takashi Sanbuichi, Professor Em\u00e9rito do Hokkaido Junior College da Universidade Takushoku e Conselheiro (ex-Presidente e Diretor) da Associa\u00e7\u00e3o Agr\u00edcola de Hokkaido, uma funda\u00e7\u00e3o sem fins lucrativos de interesse p\u00fablico, que nos ajudasse a melhorar a variedade Kurosengoku. Ele aceitou o pedido com entusiasmo, dizendo: &quot;Entendo, melhorarei a variedade por amizade&quot;, e assim come\u00e7ou a pesquisa sobre o melhoramento gen\u00e9tico artificial.<\/p>\n<p>Em 2014, utilizando um subs\u00eddio de tr\u00eas anos do Minist\u00e9rio da Agricultura, Florestas e Pescas, foi organizado o Cons\u00f3rcio da Cidade de Hokuryu para promover o melhoramento de variedades.<\/p>\n<p>Ap\u00f3s extensa pesquisa e melhoramento gen\u00e9tico, a soja Kurosengoku foi aprimorada para se tornar uma variedade superior, que pode ser colhida cerca de uma semana antes, \u00e9 mais resistente ao acamamento e espera-se que resulte em um aumento real da produtividade.<\/p>\n<p>Em 2016, foi submetido ao Minist\u00e9rio da Agricultura, Florestas e Pescas um pedido de registro da linhagem de melhoramento gen\u00e9tico n\u00famero &quot;Ryukei n\u00ba 3&quot;, que foi aceito, e o cultivo em larga escala teve in\u00edcio.<\/p>\n<h4>As sementes s\u00e3o o &quot;in\u00edcio da agricultura&quot;.<\/h4>\n<p>Atualmente, aproximadamente 50% da produ\u00e7\u00e3o \u00e9 dividida entre a variedade nativa &quot;Soja Kurosengoku&quot; e a nova variedade melhorada &quot;Ryukei n\u00ba 3&quot;, sendo produzidas e comercializadas separadamente.<\/p>\n<p>Com rela\u00e7\u00e3o \u00e0 variedade &quot;Ryukei No. 3&quot;, assinamos um contrato de licenciamento com o desenvolvedor da variedade, o Professor Takashi Sambuichi, e estamos pagando uma taxa de licenciamento ao Professor Sambuichi conforme o contrato.<\/p>\n<p>As sementes s\u00e3o o &quot;in\u00edcio de um agricultor&quot; e acredito que sejam a parte mais importante. N\u00f3s, membros da cooperativa, sentimos que \u00e9 nossa miss\u00e3o cultivar com carinho a soja nativa de Kurosengoku e a variedade de soja Kurosengoku &quot;Ryukei n\u00ba 3&quot;, desenvolvida pelo Professor Sensei.<\/p>\n<h2>troca de opini\u00f5es<\/h2>\n<h3><strong>pergunta:<\/strong>A variedade registrada \u00e9 a melhorada &quot;Ryukei No. 3&quot;, mas e a &quot;variedade nativa Kurosenkoku&quot;?<\/h3>\n<p><strong>\u30fbResposta (Presidente Takada):<\/strong>A variedade nativa de soja Kurosengoku \u00e9 cultivada em diversas partes de Hokkaido.<\/p>\n<h3><strong>pergunta:<\/strong>A variedade registrada &quot;Ryukei No. 3&quot; \u00e9 de colheita pr\u00f3pria?<\/h3>\n<p><strong>\u30fbResposta (Presidente Takada):<\/strong>Isso mesmo. Estamos cultivando soja Kurosengoku para usar como semente para o &quot;Ryukei n\u00ba 3&quot; no campo de Hideki Okayama, perto de Iwamizawa.<\/p>\n<h3><strong>Senhor Hisada:<\/strong><\/h3>\n<p>N\u00e3o haver\u00e1 problemas, a menos que o detentor do registro da semente melhorada aumente o pre\u00e7o ou se recuse a vend\u00ea-la.<\/p>\n<p>No entanto, agora que empresas estrangeiras e grandes corpora\u00e7\u00f5es nacionais com tecnologia de edi\u00e7\u00e3o gen\u00f4mica t\u00eam a capacidade de criar novas variedades extremamente semelhantes \u00e0s esp\u00e9cies nativas, existe o risco de que essas empresas se apropriem indevidamente dos direitos sobre as sementes. Portanto, acredito que precisamos acompanhar essa situa\u00e7\u00e3o de perto no futuro.<\/p>\n<figure class=\"wp-caption aligncenter\"><a href=\"https:\/\/photos.google.com\/share\/AF1QipMKIuWXhJmvce-BtC11Oeu-7dAIX1eITNMxmCiWAGzp2KPvCgR8pXMFtOWvjvVUMg\/photo\/AF1QipOTITlbHl2J4i0y3yQu6dT-C5ITw3gTLM06Yns?key=bmRwYjF1WmRra3Z5MU5OREtCbWgyclhHR2oxOTRn\" target=\"_blank\" rel=\"noopener noreferrer\"><img decoding=\"async\" class=\"size-medium\" src=\"https:\/\/lh3.googleusercontent.com\/pw\/ACtC-3fQsFefpToI2leHIq60KZ3BeDmhgEaHZS7LsUtKvtlGmiAOYMvzBcIr49pwuEByvDbNONUE4Ur5GtIGh6OzZr8VES8ZRav4dv0C2ILucATsdviTnFBGK6vxKnrRgzIEdCpizsRmBh1ONMTf7Gr0ZGa8=w2000-h1332-no?authuser=0\" alt=\"Sobre a variedade melhorada &quot;Ryukei No. 3&quot;\" width=\"1998\" height=\"1332\" \/><\/a><figcaption class=\"wp-caption-text\">Sobre a variedade melhorada &quot;Ryukei No. 3&quot;<\/figcaption><\/figure>\n<h3><strong>Presidente Takada:<\/strong><\/h3>\n<p>Atualmente, um dos problemas da soja Kurosengoku \u00e9 a sua baixa resist\u00eancia a pragas e doen\u00e7as, como o nematoide do cisto da soja. Portanto, estamos trabalhando para melhorar a variedade de soja Kurosengoku utilizando a variedade de soja branca &quot;Suzumaru R&quot; para torn\u00e1-la resistente a nematoides.<\/p>\n<p>Constru\u00ed uma rela\u00e7\u00e3o de imensa confian\u00e7a com o Professor Takashi Sambuichi. Seus esfor\u00e7os s\u00e3o not\u00e1veis, e sinto-me profundamente honrado pelo fato de ele ter dedicado sua vida \u00e0 pesquisa e ao desenvolvimento do Kurosengoku.<\/p>\n<h3><strong>Deputado de papel:<\/strong><\/h3>\n<p>Devemos prosseguir tendo isso em mente, lembrando que, no futuro, grandes empresas poder\u00e3o usar a tecnologia gen\u00f4mica para aprimorar o melhoramento gen\u00e9tico.<\/p>\n<figure class=\"wp-caption aligncenter\"><a href=\"https:\/\/photos.google.com\/share\/AF1QipMKIuWXhJmvce-BtC11Oeu-7dAIX1eITNMxmCiWAGzp2KPvCgR8pXMFtOWvjvVUMg\/photo\/AF1QipOrMluaI-735zdr92uiHTjLKamnVuggXVuF304?key=bmRwYjF1WmRra3Z5MU5OREtCbWgyclhHR2oxOTRn\" target=\"_blank\" rel=\"noopener noreferrer\"><img decoding=\"async\" class=\"size-medium\" src=\"https:\/\/lh3.googleusercontent.com\/pw\/ACtC-3dfD5BI98-M5oJECglHxlGl-NPUBeyXkyEgrOy0ZQr9ZkAESGeA2a_nL8nNUJihWDz-s9ACDUZkTSQ3PSaFgURWKTzip3FHfP7_f7m2L4L8GsGPr0syjp2DPnXvvY2J_WHaFI0xyPEV3S_BMr-_DLfB=w2000-h1332-no?authuser=0\" alt=\"Os perigos da tecnologia das grandes empresas\" width=\"1998\" height=\"1332\" \/><\/a><figcaption class=\"wp-caption-text\">Os perigos da tecnologia das grandes empresas<\/figcaption><\/figure>\n<h3><strong>Outros coment\u00e1rios:<\/strong><\/h3>\n<p>Por exemplo, existe o risco de que, no futuro, como resultado de an\u00e1lises gen\u00e9ticas, uma empresa que tenha utilizado tecnologia gen\u00f4mica para aprimorar a atual &quot;soja Kurosengoku, que apresenta baixa resist\u00eancia a nematoides&quot; para &quot;soja Kurosengoku com resist\u00eancia a nematoides&quot; possa registrar a variedade e lan\u00e7\u00e1-la no mercado mundial como uma nova variedade.<\/p>\n<p>-Se pesquisarmos e desenvolvermos uma soja Kurosengoku mais produtiva, com o mesmo sabor da soja Kurosengoku atual, resistente a nematoides e de crescimento r\u00e1pido, e a vendermos em outras regi\u00f5es, caso ela se espalhe, o &quot;valor&quot; da soja Kurosengoku ser\u00e1 perdido.<\/p>\n<h3><strong>Presidente Takada:<\/strong><\/h3>\n<p>Existem muitas preocupa\u00e7\u00f5es sobre o futuro que podem ser dif\u00edceis, e planejamos lidar com os aspectos legais \u00e0 medida que surgirem, consultando assessores e outros especialistas.<\/p>\n<p>No entanto, temos uma confian\u00e7a e paix\u00e3o imensur\u00e1veis pela soja Kurosengoku, inclusive por parte do Professor Sanbuichi Takashi, que dedicou sua vida ao aprimoramento das variedades, dos produtores que superaram dificuldades para cultiv\u00e1-la e dos consumidores que apoiaram e torceram pela soja Kurosengoku como f\u00e3s por muitos anos.<\/p>\n<p>Enquanto mantivermos essa convic\u00e7\u00e3o, trabalharemos arduamente, acreditando firmemente que podemos superar quaisquer preocupa\u00e7\u00f5es e garantir a exist\u00eancia de soja Kurosengoku segura, protegida e saud\u00e1vel.<br \/>\n\ufffc<\/p>\n<figure class=\"wp-caption aligncenter\"><a href=\"https:\/\/photos.google.com\/share\/AF1QipMKIuWXhJmvce-BtC11Oeu-7dAIX1eITNMxmCiWAGzp2KPvCgR8pXMFtOWvjvVUMg\/photo\/AF1QipNyJGrDBoVoG_w803AaM2DCixo3-xVCpXjzYZs?key=bmRwYjF1WmRra3Z5MU5OREtCbWgyclhHR2oxOTRn\" target=\"_blank\" rel=\"noopener noreferrer\"><img decoding=\"async\" class=\"size-medium\" src=\"https:\/\/lh3.googleusercontent.com\/pw\/ACtC-3eqQazuV_N3JrAmF8khQJcPUZykM4m6b_cWsoMfln3ACkLZzSYAaAcP-S5AUBQzKBDUtdEwhrYpfW7hPeisugHF-_zJG04GJmVUn6Wm3New415LmCbcunnLwPCzCrg8odJRCqXiXmlM42-DXIMaP6_c=w2000-h1332-no?authuser=0\" alt=\"Em rela\u00e7\u00e3o \u00e0 confiabilidade com os produtores\" width=\"1998\" height=\"1332\" \/><\/a><figcaption class=\"wp-caption-text\">Em rela\u00e7\u00e3o \u00e0 confiabilidade com os produtores<\/figcaption><\/figure>\n<h3><strong>Deputado de papel:<\/strong><\/h3>\n<p>Como disse o presidente Takada, construir uma rela\u00e7\u00e3o de confian\u00e7a com os consumidores \u00e9 extremamente importante.<\/p>\n<p>Anteriormente, de acordo com a Lei de Sementes (Lei de Sementes das Principais Culturas Agr\u00edcolas), as principais culturas agr\u00edcolas eram definidas como arroz, soja e trigo.<\/p>\n<p>Os documentos submetidos ao Conselho de Reforma Regulat\u00f3ria diziam respeito apenas ao arroz, n\u00e3o tendo sido apresentados documentos sobre soja ou trigo. Naquele momento, a aten\u00e7\u00e3o do governo parecia estar voltada para o arroz.<\/p>\n<p>N\u00e3o est\u00e1 claro como o governo promover\u00e1 isso no futuro, mas como o arroz \u00e9 o alimento b\u00e1sico do Jap\u00e3o, havia uma lei que exigia que as sementes fossem claramente definidas. No entanto, o governo revogou essa lei.<\/p>\n<p>No caso do arroz, a variedade h\u00edbrida &quot;Mitsuhikari&quot; da Mitsui Chemicals Agro Inc. \u00e9 uma variedade F1, o que significa que os produtores precisam compr\u00e1-la todos os anos, e com o pre\u00e7o das sementes subindo a cada ano, \u00e9 um arroz que preocupa constantemente os produtores.<\/p>\n<p>Em resposta \u00e0 quest\u00e3o fundamental de por que a Lei de Sementes est\u00e1 sendo revisada desta vez, todos concordam que o objetivo do governo \u00e9 &quot;impedir que o excelente conhecimento de melhoramento gen\u00e9tico desenvolvido no Jap\u00e3o vaze para o exterior e proteger os direitos de propriedade intelectual&quot;.<\/p>\n<p>No entanto, as altera\u00e7\u00f5es legais espec\u00edficas necess\u00e1rias para implementar isso incluir\u00e3o a proibi\u00e7\u00e3o da coleta dom\u00e9stica de sementes, pr\u00e1tica que vinha sendo realizada livremente at\u00e9 ent\u00e3o.<\/p>\n<p>Como n\u00e3o \u00e9 necess\u00e1rio obter permiss\u00e3o para esp\u00e9cies nativas n\u00e3o registradas e variedades comuns, imaginava-se que as coisas permaneceriam praticamente as mesmas mesmo ap\u00f3s a revis\u00e3o da lei. No entanto, ao pesquisar sobre o assunto, fiquei surpreso ao descobrir que existem muitas variedades registradas em Hokkaido.<\/p>\n<p>Os agricultores \u00e0s vezes usam variedades registradas e sementes produzidas por eles mesmos para criar variedades mutantes superiores. Proibir o que foi transmitido pelos esfor\u00e7os dos agricultores pode resultar na priva\u00e7\u00e3o dos direitos dos agricultores.<br \/>\n\ufffc<\/p>\n<figure class=\"wp-caption aligncenter\"><a href=\"https:\/\/photos.google.com\/share\/AF1QipMKIuWXhJmvce-BtC11Oeu-7dAIX1eITNMxmCiWAGzp2KPvCgR8pXMFtOWvjvVUMg\/photo\/AF1QipNVJh99bdoOqsAUj_yh7VtMFBpCkOiR16vv-ks?key=bmRwYjF1WmRra3Z5MU5OREtCbWgyclhHR2oxOTRn\" target=\"_blank\" rel=\"noopener noreferrer\"><img decoding=\"async\" class=\"size-medium\" src=\"https:\/\/lh3.googleusercontent.com\/pw\/ACtC-3eNvuFNN1OEIJ7UvC7DKsYF1m1_WBe1_ok1NZnpdzpQKheb1biAnujFRCmPlwgD5QOL-duWJvReMq_UBaNBL0SlqbXaYUBLvSWLmkKkOu-84r-uayc2gYvhRrzRZsgGLv2lxNU_9gd1a4pu8YVuMCjw=w2000-h1332-no?authuser=0\" alt=\"Quais s\u00e3o os meios para proteger as variedades superiores do Jap\u00e3o?\" width=\"1998\" height=\"1332\" \/><\/a><figcaption class=\"wp-caption-text\">Quais s\u00e3o os meios para proteger as variedades superiores do Jap\u00e3o?<\/figcaption><\/figure>\n<h3><strong>Presidente Takada:<\/strong><\/h3>\n<p>Para a soja Kurosengoku, tentamos registrar uma &quot;marca coletiva regional&quot;, mas como a soja Kurosengoku \u00e9 cultivada em v\u00e1rias partes de Hokkaido, \u00e9 dif\u00edcil garantir uma marca regional fixa, e o registro foi imposs\u00edvel.<\/p>\n<h3><strong>pergunta:<\/strong>Entendo que as sementes de soja Kurosengoku (Ryukei n\u00ba 3) s\u00e3o cultivadas por um produtor chamado Okayama, na cidade de Iwamizawa. Elas s\u00e3o cultivadas seguindo padr\u00f5es rigorosos?<\/h3>\n<p>\ufffc<\/p>\n<figure class=\"wp-caption aligncenter\"><a href=\"https:\/\/photos.google.com\/share\/AF1QipMKIuWXhJmvce-BtC11Oeu-7dAIX1eITNMxmCiWAGzp2KPvCgR8pXMFtOWvjvVUMg\/photo\/AF1QipMmKRc_SQ-ofRnI2aEpnTtiMOAvUsUSYnZuMoY?key=bmRwYjF1WmRra3Z5MU5OREtCbWgyclhHR2oxOTRn\" target=\"_blank\" rel=\"noopener noreferrer\"><img decoding=\"async\" class=\"size-medium\" src=\"https:\/\/lh3.googleusercontent.com\/pw\/ACtC-3emJhr9TQ7zYeTNRWCbun1hv9VafHO1-r_R1rGIElRGDw4dgRWR_ErWbQyroOsel1TV2p1HLK3rK5hibzAGFIf6XGPnPEINXNsz3yIWOvUlZhkGJczHQecZl9Th4KaYWgPTCTCzsjZP01EVdlMR72BL=w2000-h1332-no?authuser=0\" alt=\"Senhor Ichiro Oda (Secret\u00e1rio-Geral do Grupo de Membros da Dieta de Hokkaido)\" width=\"1998\" height=\"1332\" \/><\/a><figcaption class=\"wp-caption-text\">Senhor Ichiro Oda (Secret\u00e1rio-Geral do Grupo de Membros da Dieta de Hokkaido)<\/figcaption><\/figure>\n<p><strong>Resposta (Presidente Takada):<\/strong><\/p>\n<p>&quot;A fazenda do Sr. Okayama est\u00e1 localizada perto da casa do Dr. Sambuichi, e o Dr. Sambuichi visita a fazenda regularmente para inspecion\u00e1-la e monitor\u00e1-la. As sementes colhidas l\u00e1, &quot;Ryukei n\u00ba 3&quot;, s\u00e3o todas coletadas e armazenadas no dep\u00f3sito da Associa\u00e7\u00e3o Cooperativa Comercial Kurosengoku (Cidade de Hokuryu).&quot;<\/p>\n<p>Al\u00e9m disso, para as variedades nativas, os melhores gr\u00e3os s\u00e3o selecionados dentre as sementes coletadas pela Cooperativa Comercial Kurosengoku (Cidade de Hokuryu) e utilizados como sementes para o ano seguinte, sendo posteriormente distribu\u00eddos aos produtores de cada regi\u00e3o.<\/p>\n<p>A Associa\u00e7\u00e3o Cooperativa Comercial Kurosengoku administra toda a colheita de soja e as sementes para plantio. No armaz\u00e9m, a variedade nativa &quot;Soja Kurosengoku&quot; e a variedade melhorada &quot;Ryukei n\u00ba 3&quot; s\u00e3o completamente separadas e cuidadosamente gerenciadas para evitar a mistura.<\/p>\n<h3><strong>pergunta:<\/strong>O m\u00e9todo de cultivo da soja &quot;Ryukei No. 3&quot; \u00e9 diferente do da soja comum? Como voc\u00eas lidam com o uso de pesticidas?<\/h3>\n<p><strong>Resposta (Presidente Takada):<\/strong><\/p>\n<p>Os m\u00e9todos de cultivo variam de acordo com a regi\u00e3o e s\u00e3o realizados sob a orienta\u00e7\u00e3o da cooperativa agr\u00edcola local. Procuramos minimizar ao m\u00e1ximo o uso de herbicidas.<\/p>\n<p>Essas variedades de soja Kurosengoku s\u00e3o suscet\u00edveis \u00e0 tra\u00e7a-da-raiz-da-soja (uma praga) que infesta os gr\u00e3os desde a flora\u00e7\u00e3o at\u00e9 a matura\u00e7\u00e3o. Este inseto \u00e9 muito problem\u00e1tico, pois sempre encontra um jeito de entrar nos saborosos gr\u00e3os e com\u00ea-los. Ap\u00f3s a flora\u00e7\u00e3o, aplicamos inseticida uma ou duas vezes para controlar essa praga.<\/p>\n<p>Al\u00e9m disso, garantimos a rastreabilidade das informa\u00e7\u00f5es de produ\u00e7\u00e3o referentes ao hist\u00f3rico de cultivo, incluindo os pesticidas utilizados, e gerenciamos essas informa\u00e7\u00f5es de forma rigorosa. Atualmente, estamos em processo de implementa\u00e7\u00e3o de m\u00e1quinas de classifica\u00e7\u00e3o por cor de alta precis\u00e3o.<\/p>\n<h3><strong>pergunta:<\/strong>A soja Kurosengoku pode ser cultivada em qualquer regi\u00e3o de Hokkaido?<\/h3>\n<p><strong>Resposta (Presidente Takada):<\/strong><\/p>\n<p>\u00c1reas com grandes diferen\u00e7as de temperatura s\u00e3o adequadas para o cultivo. Em Hokkaido, existe um campo de cultivo na cidade de Shibetsu, distrito de Kamikawa, mas esta \u00e9 atualmente a \u00e1rea mais ao norte.<\/p>\n<p>Al\u00e9m disso, a soja Kurosengoku apresenta uma temperatura acumulada mais elevada do que a soja comum.<\/p>\n<p>A temperatura acumulada \u00e9 a soma da temperatura total di\u00e1ria, desde o plantio das sementes at\u00e9 o amadurecimento do fruto. Enquanto o feij\u00e3o comum tem uma temperatura acumulada de 2.300 graus, o feij\u00e3o Kurosengoku atinge 2.700 graus e requer muita luz solar.<\/p>\n<p>Por receberem mais luz solar para crescer, s\u00e3o feij\u00f5es fortes, doces e deliciosos.<\/p>\n<p>A soja Kurosengoku tamb\u00e9m \u00e9 uma cultura que \u00e9 semeada mais cedo e colhida mais tarde do que outros tipos de feij\u00e3o.<\/p>\n<p>O plantio \u00e9 feito logo ap\u00f3s o feriado da Semana Dourada, em maio. Semear muito cedo pode causar problemas como geadas, ervas daninhas e insetos. A colheita ocorre no final de outubro, pouco antes da queda de neve, o que torna muito dif\u00edcil decidir o momento ideal para colher.<\/p>\n<p>Al\u00e9m disso, a soja Kurosengoku \u00e9 uma variedade muito delicada e sens\u00edvel \u00e0s condi\u00e7\u00f5es clim\u00e1ticas, por isso a produ\u00e7\u00e3o varia bastante de ano para ano.<\/p>\n<p>Vivemos em um mundo onde o n\u00famero de consumidores preocupados com a sa\u00fade aumenta a cada ano. Acreditamos que consumir alimentos sem aditivos e cultivados com o poder da natureza leva a uma boa sa\u00fade.<\/p>\n<figure class=\"wp-caption aligncenter\"><a href=\"https:\/\/photos.google.com\/share\/AF1QipMKIuWXhJmvce-BtC11Oeu-7dAIX1eITNMxmCiWAGzp2KPvCgR8pXMFtOWvjvVUMg\/photo\/AF1QipMhvSpvVhiD_qcWBZN6c2Mh0t-wrDaOemgADDA?key=bmRwYjF1WmRra3Z5MU5OREtCbWgyclhHR2oxOTRn\" target=\"_blank\" rel=\"noopener noreferrer\"><img decoding=\"async\" class=\"size-medium\" src=\"https:\/\/lh3.googleusercontent.com\/pw\/ACtC-3e1w_E-uDxeA_aOpPKzZ64VkxAViPKMZVbKpnB8kM_jrP4H1YolkojZ50aAlg8m033O-lLH6aDhi5MNO2bN9l8nYhsc3ZKcjeGjqKhj_ow__RobGWUaDtXSaCJsXbg0Gu4p0p3FMerfq6tm6is5L5KR=w2000-h1332-no?authuser=0\" alt=\"A exist\u00eancia de variedades nativas de soja Kurosengoku\" width=\"1998\" height=\"1332\" \/><\/a><figcaption class=\"wp-caption-text\">A exist\u00eancia de variedades nativas de soja Kurosengoku<\/figcaption><\/figure>\n<h3><strong>Ryoji Kikura:<\/strong><\/h3>\n<p>Nos \u00faltimos anos, o n\u00famero de pessoas com dermatite at\u00f3pica tem aumentado ano ap\u00f3s ano. Pesquisas recentes confirmaram que o arroz Yukihikari \u00e9 eficaz na supress\u00e3o de alergias ao arroz.<\/p>\n<p>A cidade de Hokuryu continua a cultivar o arroz &quot;Yukihikari&quot;. A \u00e1rea cultivada com esse arroz diminuiu drasticamente, e Hokuren fornece sementes apenas a cada dois anos. A cidade de Hokuryu est\u00e1 determinada a n\u00e3o deixar essa variedade desaparecer, por isso colhe suas pr\u00f3prias sementes todos os anos. Eles sentem uma grande preocupa\u00e7\u00e3o com o fato de variedades t\u00e3o excelentes estarem diminuindo e seu valor se perdendo.<\/p>\n<h3><strong>Deputado de papel:<\/strong><\/h3>\n<p>O objetivo da revoga\u00e7\u00e3o da Lei de Sementes \u00e9 impedir a fuga de conhecimento para o exterior. Al\u00e9m disso, as sementes de variedades superiores, gerenciadas e pesquisadas pelo governo e desenvolvidas por meio dos esfor\u00e7os conjuntos do governo e dos agricultores ao longo de muitos anos, ser\u00e3o disponibilizadas ao setor privado.<\/p>\n<p>Como a pesquisa foi conduzida em instala\u00e7\u00f5es de teste sob supervis\u00e3o legal, foram necess\u00e1rios equipamentos, recursos financeiros e pessoal. O governo emitiu um comunicado para disponibilizar o conhecimento e a experi\u00eancia adquiridos ao setor privado. Esse setor privado inclui empresas estrangeiras. Isso cria uma contradi\u00e7\u00e3o, que pode levar \u00e0 sa\u00edda de variedades superiores para mercados internacionais.<\/p>\n<p>No caso das uvas Shine Muscat e dos morangos, cujas sementes foram exportadas para o exterior, o Minist\u00e9rio da Agricultura, Florestas e Pescas poderia ter impedido a exporta\u00e7\u00e3o se as tivesse registado no estrangeiro como um pa\u00eds, mas n\u00e3o o fez.<\/p>\n<p>N\u00e3o \u00e9 estranho que a responsabilidade de produzir as pr\u00f3prias sementes esteja sendo atribu\u00edda aos agricultores?<\/p>\n<h3><strong>Sr. Huang Cang:<\/strong><\/h3>\n<p>Os agricultores t\u00eam a impress\u00e3o errada de que &quot;a agricultura ir\u00e1 progredir se fornecermos tecnologia ao setor privado de forma racional e cient\u00edfica&quot;. Eles se surpreendem com a falta de oposi\u00e7\u00e3o, pois n\u00e3o t\u00eam uma compreens\u00e3o s\u00f3lida da situa\u00e7\u00e3o real.<\/p>\n<p>&quot;As sementes s\u00e3o a fonte da vida.&quot; N\u00e3o entendo por que algo que tem sido t\u00e3o importante para mim at\u00e9 agora precisa ser revisto.<\/p>\n<h3><strong>Vereador Tamura:<\/strong><\/h3>\n<p>\ufffc<\/p>\n<figure class=\"wp-caption aligncenter\"><a href=\"https:\/\/photos.google.com\/share\/AF1QipMKIuWXhJmvce-BtC11Oeu-7dAIX1eITNMxmCiWAGzp2KPvCgR8pXMFtOWvjvVUMg\/photo\/AF1QipNJpNZyrzs_T36JHX8p_hlbjws4kI-4yO4zO3w?key=bmRwYjF1WmRra3Z5MU5OREtCbWgyclhHR2oxOTRn\" target=\"_blank\" rel=\"noopener noreferrer\"><img decoding=\"async\" class=\"size-medium\" src=\"https:\/\/lh3.googleusercontent.com\/pw\/ACtC-3cxQ0F2f7f35Mq8psYdswT-cDsoUY3FihQupg4mpf3f5t-rgaEQk4-zRUS5zdnoBpmMHRhQeANQNQmb6z4zA2iYGy_RODfeRuZVwLH0qWUjbKUfzVICVUp4wZCIUxMl80-XOQBSBob_ofR_vYXoHtOu=w2000-h1332-no?authuser=0\" alt=\"Takaaki Tamura, membro do Parlamento\" width=\"1998\" height=\"1332\" \/><\/a><figcaption class=\"wp-caption-text\">Takaaki Tamura, membro do Parlamento<\/figcaption><\/figure>\n<p>Acho que precisamos refletir sobre a verdadeira natureza do governo, do mundo empresarial, das empresas estrangeiras e do que est\u00e1 al\u00e9m deles. Parece que a mensagem \u00e9: &quot;Compre produtos padronizados a um pre\u00e7o determinado. N\u00e3o fa\u00e7a nada al\u00e9m disso. Essa \u00e9 a op\u00e7\u00e3o mais est\u00e1vel.&quot;<\/p>\n<p>Enquanto falamos sobre como evitar o vazamento de conhecimento para o exterior, o que dizer do controle de fronteiras? Se voc\u00ea carrega sementes no bolso, \u00e9 f\u00e1cil lev\u00e1-las para o exterior. Se realmente queremos evitar o vazamento de conhecimento para o exterior, acredito que a melhor solu\u00e7\u00e3o seria que os pa\u00edses registrassem seus conhecimentos uns com os outros, como j\u00e1 afirmou o Minist\u00e9rio da Agricultura, Florestas e Pescas.<\/p>\n<p>Culpar os agricultores no campo \u00e9 colocar a carro\u00e7a na frente dos bois, e precisamos ver o que est\u00e1 al\u00e9m disso. Como disse o Sr. Kikura, a sensa\u00e7\u00e3o \u00e9 de que um &quot;sentimento de crise&quot; est\u00e1 aumentando rapidamente.<\/p>\n<h3><strong>Sr. Huang Cang:<\/strong><\/h3>\n<p>A pandemia da COVID-19 deixou claro que existem alguns alimentos dos quais n\u00e3o podemos mais depender de importa\u00e7\u00f5es. Precisamos investir um capital enorme no cultivo apenas de produtos de alto valor agregado. Al\u00e9m disso, estamos restringindo a capacidade dos agricultores locais de cultiv\u00e1-los em nosso pr\u00f3prio pa\u00eds.<\/p>\n<p>O maior problema \u00e9 o consumidor, que s\u00f3 consegue obter o que \u00e9 regulamentado e tem de pagar um pre\u00e7o elevado.<\/p>\n<p>Nossos ancestrais continuaram a proteger suas vidas por meio da alimenta\u00e7\u00e3o e sempre valorizaram os alimentos como um meio de sobreviv\u00eancia.<\/p>\n<h3><strong>Senhor Hisada:<\/strong><\/h3>\n<p>\ufffc<\/p>\n<figure class=\"wp-caption aligncenter\"><a href=\"https:\/\/photos.google.com\/share\/AF1QipMKIuWXhJmvce-BtC11Oeu-7dAIX1eITNMxmCiWAGzp2KPvCgR8pXMFtOWvjvVUMg\/photo\/AF1QipMWY-VrxBI9iZ24qbvnG716DPSx1BWaG25S_Pk?key=bmRwYjF1WmRra3Z5MU5OREtCbWgyclhHR2oxOTRn\" target=\"_blank\" rel=\"noopener noreferrer\"><img decoding=\"async\" class=\"size-medium\" src=\"https:\/\/lh3.googleusercontent.com\/pw\/ACtC-3cSU4_4HM1rdiOem_O8Vq-NhrXociVcraxo15pfUGjZJWM8Rl6cRGkixq8foUpKb2hw2sNI6BE2l32I9daBmBsXDRNZa7p_bj4QLJL_L-ehbtJJSKL3GCCEbx7PwQXwhDr0Lm9tBqrzGE3IxVM8tyg_=w2000-h1332-no?authuser=0\" alt=\"Tokuji Hisada\" width=\"1998\" height=\"1332\" \/><\/a><figcaption class=\"wp-caption-text\">Tokuji Hisada<\/figcaption><\/figure>\n<p>Antes da guerra, o Jap\u00e3o era um pa\u00eds produtor de arroz. Depois da guerra, os Estados Unidos enviaram excedentes de trigo para o Jap\u00e3o, e uma campanha para incentivar o consumo de p\u00e3o foi lan\u00e7ada em todo o pa\u00eds.<\/p>\n<p>Aos poucos, o almo\u00e7o escolar foi sendo substitu\u00eddo por p\u00e3o. P\u00e3o, espaguete, como com\u00ea-lo, como prepar\u00e1-lo, etc., tornaram-se populares, e em 30 anos o Jap\u00e3o passou de comer arroz para comer p\u00e3o.<\/p>\n<p>Como foi noticiado no jornal esta manh\u00e3, esta hist\u00f3ria come\u00e7ou em 1980. Mesmo ap\u00f3s 40 anos, ela continua sendo investigada at\u00e9 hoje. \u00c9 um per\u00edodo de tempo incr\u00edvel.<\/p>\n<p>Mudar os h\u00e1bitos alimentares leva tempo. \u00c9 preciso tempo para que as pessoas mudem suas escolhas alimentares e os tipos de alimentos que escolhem consumir.<\/p>\n<p>O arroz \u00e9 atualmente um produto importante no exterior. Uma grande quantidade de arroz produzido por empresas privadas est\u00e1 sendo importada para prefeituras fora de Hokkaido. O arroz Mitsuhikari j\u00e1 \u00e9 produzido em 38 prefeituras. A Mitsui Chemicals Agro Co., Ltd. planeja aumentar em 100 vezes as vendas de seu pr\u00f3prio arroz nos pr\u00f3ximos dois a tr\u00eas anos. Seu objetivo \u00e9 o arroz.<\/p>\n<p>Ap\u00f3s a guerra, eles for\u00e7aram os japoneses a abandonar o arroz e a adotar o cultivo do trigo. Obtiveram sucesso at\u00e9 certo ponto, mas a situa\u00e7\u00e3o ainda persiste, o que sugere a exist\u00eancia de for\u00e7as poderosas tentando se apropriar dessa tecnologia para obter propriedade intelectual.<\/p>\n<p>Dessa forma, as grandes empresas est\u00e3o for\u00e7ando os agricultores japoneses a adotarem seus pr\u00f3prios m\u00e9todos. Assim que controlarem o arroz, estender\u00e3o seu controle tamb\u00e9m ao feij\u00e3o e aos vegetais. Exorto-vos a valorizar e proteger as colheitas que tanto se esfor\u00e7aram para cultivar.<\/p>\n<figure class=\"wp-caption aligncenter\"><a href=\"https:\/\/photos.google.com\/share\/AF1QipMKIuWXhJmvce-BtC11Oeu-7dAIX1eITNMxmCiWAGzp2KPvCgR8pXMFtOWvjvVUMg\/photo\/AF1QipNLbUX8_gJd7lTamZpYwmCC1uT1RTqjKNw5Xb8?key=bmRwYjF1WmRra3Z5MU5OREtCbWgyclhHR2oxOTRn\" target=\"_blank\" rel=\"noopener noreferrer\"><img decoding=\"async\" class=\"size-medium\" src=\"https:\/\/lh3.googleusercontent.com\/pw\/ACtC-3c6b2KaZkSk26vQAGki1EyeGH7rdJFPvZqv6p3Khm1JOnpTHLKr6mruTXTKslCOccZpEW5U8BbKicauBd6Y93bX6O2b08uQHOfNbU0cxMnJuWSVgSvwUnZdcdpNbAPKR25I4RrzU2z1ULymvIWx8MOG=w1346-h897-no?authuser=0\" alt=\"Tokuji Hisada\" width=\"1776\" height=\"1332\" \/><\/a><figcaption class=\"wp-caption-text\">Tokuji Hisada<\/figcaption><\/figure>\n<p>Gra\u00e7as \u00e0 gentileza do Sr. Kyosei Tai (secret\u00e1rio de Kami), distintivos de balas do Edif\u00edcio Diet (sabor ma\u00e7\u00e3) e balas do Edif\u00edcio Diet (sabor cidra) foram distribu\u00eddos a todos!!<br \/>\n\ufffc<\/p>\n<figure class=\"wp-caption aligncenter\"><a href=\"https:\/\/photos.google.com\/share\/AF1QipMKIuWXhJmvce-BtC11Oeu-7dAIX1eITNMxmCiWAGzp2KPvCgR8pXMFtOWvjvVUMg\/photo\/AF1QipO3Wc-eiycQKeqNczU0PeydaKyoHgJHXcKRNdA?key=bmRwYjF1WmRra3Z5MU5OREtCbWgyclhHR2oxOTRn\" target=\"_blank\" rel=\"noopener noreferrer\"><img decoding=\"async\" class=\"size-medium\" src=\"https:\/\/lh3.googleusercontent.com\/pw\/ACtC-3e950rrU0nvKnRZdvjgKXRYbPgNLdXggt2huK7PlfeKJvWLvRVHIoo9pqXjmI6u1sLMWQ0QR12iCFJi4TRaYgqjCHlA68hsp_HgTldj3lrRJy6rkP-T-hFwgq2YX55DsEAiKHrRY_tP6vHK6o3SYQWg=w1776-h1332-no?authuser=0\" alt=\"Doces para emagrecer\" width=\"1776\" height=\"1332\" \/><\/a><figcaption class=\"wp-caption-text\">Doces para emagrecer<\/figcaption><\/figure>\n<p>\ufffc<\/p>\n<figure class=\"wp-caption aligncenter\"><a href=\"https:\/\/photos.google.com\/share\/AF1QipNs6tzDrKJvEWTu17twPTFbU-7v1wFwc1cSddsqYZUHrY33CU5djytH37mk7HZoUg\/photo\/AF1QipPiR-mujWuPWxbgNgEx_rv4kfrDRZ8gG7GT_3k?key=ZzlsWDM3SUN0eUM3eWl1WmN1VFlFbWw2dUUxZnpR\" target=\"_blank\" rel=\"noopener noreferrer\"><img decoding=\"async\" class=\"size-medium\" src=\"https:\/\/lh3.googleusercontent.com\/pw\/ACtC-3fy6bk3YZA2M-ew8YyIqewn7lEK_-RVD8WWRF8ePdcGMoRVnrUP78YpLHUEh1QyyY-5o6PRJGqXzF1BefQheCFuDHj4y_8Fa_UgYsapLUFkT1aXdQSgv7oJHeJvxyPVa58mmKOr8gbYe11xEHDRz25M=w2000-h1332-no?authuser=0\" alt=\"Parque dos Girass\u00f3is Hokuryu Onsen\" width=\"1998\" height=\"1332\" \/><\/a><figcaption class=\"wp-caption-text\">Parque dos Girass\u00f3is Hokuryu Onsen<\/figcaption><\/figure>\n<p>Aqui, a discuss\u00e3o com a Associa\u00e7\u00e3o Cooperativa Comercial de Kurosengoku foi conclu\u00edda, e o presidente Takada nos guiou em um passeio pelos campos de soja de Kurosengoku que se estendem em frente ao Sunflower Park Hokuryu Onsen.<\/p>\n<p>Enquanto ouv\u00edamos a explica\u00e7\u00e3o do Diretor Takada, observamos o crescimento da soja Kurosengoku. A soja Kurosengoku ainda estava verde, em fase de crescimento, mas a provamos crua.<\/p>\n<p>O presidente Takada explicou que a soja Kurosengoku n\u00e3o \u00e9 t\u00e3o t\u00f3xica quanto a soja comum (edamame), portanto, pode ser consumida crua durante a temporada do edamame.<br \/>\n\ufffc<\/p>\n<figure class=\"wp-caption aligncenter\"><a href=\"https:\/\/photos.google.com\/share\/AF1QipMKIuWXhJmvce-BtC11Oeu-7dAIX1eITNMxmCiWAGzp2KPvCgR8pXMFtOWvjvVUMg\/photo\/AF1QipM2r7VeCT_XD1ODqw4ZH5feFwwMty7lPdoWjUs?key=bmRwYjF1WmRra3Z5MU5OREtCbWgyclhHR2oxOTRn\" target=\"_blank\" rel=\"noopener noreferrer\"><img decoding=\"async\" class=\"size-medium\" src=\"https:\/\/lh3.googleusercontent.com\/pw\/ACtC-3f3Cz9J1N6sOd3_FZAiM59hZNNVg5Y2nZYr0KOdw6_i-K4QtLFCvtvUrqb_c0LQpFIVsOFshYNMrwgc_NjX_7x1yPB6Ne2uUfbQT7Of3dYUyOTNb3kj5o2s0CJS25r6VQmt3v1FrZA7cQCAm7ZwFKh8=w2000-h1332-no?authuser=0\" alt=\"Campos de soja de Kurosengoku\" width=\"1998\" height=\"1332\" \/><\/a><figcaption class=\"wp-caption-text\">Campos de soja de Kurosengoku<\/figcaption><\/figure>\n<p>\ufffc<\/p>\n<figure class=\"wp-caption aligncenter\"><a href=\"https:\/\/photos.google.com\/share\/AF1QipMKIuWXhJmvce-BtC11Oeu-7dAIX1eITNMxmCiWAGzp2KPvCgR8pXMFtOWvjvVUMg\/photo\/AF1QipMDq-N0GWw5wr48dTi1p1R5613MEWhkecIhq9k?key=bmRwYjF1WmRra3Z5MU5OREtCbWgyclhHR2oxOTRn\" target=\"_blank\" rel=\"noopener noreferrer\"><img decoding=\"async\" class=\"size-medium\" src=\"https:\/\/lh3.googleusercontent.com\/pw\/ACtC-3fLo954r6WjcSkXSvh9RWGkirn0HxWAbqI9nYNL-M8Pvkarfc35S3bYRdBRvGUupYdc7zCeXQUm0rN2fnwFdPVqk6bjb_B85ZY_6tQFYwQdAdJftEeQaPQE7iYoFsnaTFOgiJ3QUvKPBrb7WFlPxKE0=w2000-h1332-no?authuser=0\" alt=\"Edamame verde de soja Kurosengoku\" width=\"1998\" height=\"1332\" \/><\/a><figcaption class=\"wp-caption-text\">Edamame verde de soja Kurosengoku<\/figcaption><\/figure>\n<p>\ufffc<\/p>\n<figure class=\"wp-caption aligncenter\"><a href=\"https:\/\/photos.google.com\/share\/AF1QipMKIuWXhJmvce-BtC11Oeu-7dAIX1eITNMxmCiWAGzp2KPvCgR8pXMFtOWvjvVUMg\/photo\/AF1QipMvU9Xr_hNnr9AR8hfQJdgFl-0BMfbDh7Y4Txg?key=bmRwYjF1WmRra3Z5MU5OREtCbWgyclhHR2oxOTRn\" target=\"_blank\" rel=\"noopener noreferrer\"><img decoding=\"async\" class=\"size-medium\" src=\"https:\/\/lh3.googleusercontent.com\/pw\/ACtC-3e0c_MPG96slR6LzGvhkaMnz63CckUqbE-4b6bvUQMpaoGsHDkrldUGD3f7KA6OJCL33z6uPhM70sIfsVRsXeA2rcBpdIDirFo8tfWQQzTnXTshbQlIf_OqVoB4d4Q2tqtnHgBKIgDsEV-BsQD__13e=w2000-h1332-no?authuser=0\" alt=\"Inspecionando o crescimento da soja Kurosengoku\" width=\"1998\" height=\"1332\" \/><\/a><figcaption class=\"wp-caption-text\">Inspecionando o crescimento da soja Kurosengoku<\/figcaption><\/figure>\n<figure class=\"wp-caption aligncenter\"><a href=\"https:\/\/photos.google.com\/share\/AF1QipMKIuWXhJmvce-BtC11Oeu-7dAIX1eITNMxmCiWAGzp2KPvCgR8pXMFtOWvjvVUMg\/photo\/AF1QipMrZ73y5opl_Bm52bBe-s89feQe0smREHAW3Pw?key=bmRwYjF1WmRra3Z5MU5OREtCbWgyclhHR2oxOTRn\" target=\"_blank\" rel=\"noopener noreferrer\"><img decoding=\"async\" class=\"size-medium\" src=\"https:\/\/lh3.googleusercontent.com\/pw\/ACtC-3fsYDwcCDWmKgR2R5pMZRxn4nWtJh1ydt4KIi-8qN40OrxfkWiIfqGpoY-3Qxe2yTnTKQ0n3pDyROAv5WcA5I8sRj2N-oNLFRuP3cou8UkdZlOlJoXbgffkKEuLmdZsyIdpTagC7z3ny90rfLF5wVi3=w2000-h1332-no?authuser=0\" alt=\"Todos provando soja Kurosengoku crua\" width=\"1998\" height=\"1332\" \/><\/a><figcaption class=\"wp-caption-text\">Todos provando soja Kurosengoku crua<\/figcaption><\/figure>\n<p>\ufffc<\/p>\n<figure class=\"wp-caption aligncenter\"><a href=\"https:\/\/photos.google.com\/share\/AF1QipMKIuWXhJmvce-BtC11Oeu-7dAIX1eITNMxmCiWAGzp2KPvCgR8pXMFtOWvjvVUMg\/photo\/AF1QipOYzSOduZSqFBjniRK61ajRF5jlcy5gnYM1sik?key=bmRwYjF1WmRra3Z5MU5OREtCbWgyclhHR2oxOTRn\" target=\"_blank\" rel=\"noopener noreferrer\"><img decoding=\"async\" class=\"size-medium\" src=\"https:\/\/lh3.googleusercontent.com\/pw\/ACtC-3cTuh832098zy4QYXXQhLgJzITEi8NfB6skJRCLqtjPg7TuJsVBaId5H1LWcCydaXRO8N29CgDJHbXUvP7Sr56_G5PucAaVHI4Knp4si5xZF5CeYqd4XhpYiLfZgaaLsxxqkU9SRzLQeOoV12HJGI1B=w2000-h1332-no?authuser=0\" alt=\"Entendi, esse \u00e9 o sabor!\" width=\"1998\" height=\"1332\" \/><\/a><figcaption class=\"wp-caption-text\">Entendi, esse \u00e9 o sabor!<\/figcaption><\/figure>\n<figure class=\"wp-caption aligncenter\"><a href=\"https:\/\/photos.google.com\/share\/AF1QipMKIuWXhJmvce-BtC11Oeu-7dAIX1eITNMxmCiWAGzp2KPvCgR8pXMFtOWvjvVUMg\/photo\/AF1QipMPUU5kCBRuqj3GEZ-1m8ycNZnG8ynSluds0jk?key=bmRwYjF1WmRra3Z5MU5OREtCbWgyclhHR2oxOTRn\" target=\"_blank\" rel=\"noopener noreferrer\"><img decoding=\"async\" class=\"size-medium\" src=\"https:\/\/lh3.googleusercontent.com\/pw\/ACtC-3cRjqMuJFZHfDPkctGrIE3iklKwCqD7Ap8du6qw6bBovJ_CmPGQ5099HpQvf9lZTgcfpsYXrgQNA-zq30HKiLFldrLiUZDki-yhMoNs8_9gGxxtWC0-DBmYKCUVu9MWBXb7QMKYiRwkqXz7MUM80-ku=w2000-h1332-no?authuser=0\" alt=\"Esta \u00e9 soja Kurosengoku crua!\" width=\"1998\" height=\"1332\" \/><\/a><figcaption class=\"wp-caption-text\">Esta \u00e9 soja Kurosengoku crua!<\/figcaption><\/figure>\n<p>\ufffc<\/p>\n<figure class=\"wp-caption aligncenter\"><a href=\"https:\/\/photos.google.com\/share\/AF1QipMKIuWXhJmvce-BtC11Oeu-7dAIX1eITNMxmCiWAGzp2KPvCgR8pXMFtOWvjvVUMg\/photo\/AF1QipNzM9ElzOHKiz0TK0obFS3jq6BQ_En7w-R3h2g?key=bmRwYjF1WmRra3Z5MU5OREtCbWgyclhHR2oxOTRn\" target=\"_blank\" rel=\"noopener noreferrer\"><img decoding=\"async\" class=\"size-medium\" src=\"https:\/\/lh3.googleusercontent.com\/pw\/ACtC-3cjR4_3jEslA3yP2AeSERd6oWzyw_EItSLHyX7fPlzU0REPY7TiD-tT9rPz1e9SqxXKMxuLQeo0-kaggxJooYZgIfXau8Xjtg7AOnbgzcxiLAGHvWf3Af7DdD2XYlryFri7O6Oq-lODeUAi37tM1OoL=w2000-h1332-no?authuser=0\" alt=\"Todos a caminho de Hokuryu Onsen.\" width=\"1998\" height=\"1332\" \/><\/a><figcaption class=\"wp-caption-text\">Todos a caminho de Hokuryu Onsen.<\/figcaption><\/figure>\n<p>Ap\u00f3s a visita guiada, todos foram almo\u00e7ar no restaurante &quot;Kazuma&quot;, localizado dentro do Sunflower Park Hokuryu Onsen.<\/p>\n<p><a href=\"https:\/\/portal.hokuryu.info\/pt\/4841\/\">O artigo continua \u00e0 tarde...<\/a><\/p>\n<h2>Outras fotos<\/h2>\n<p>\u30fb<a href=\"https:\/\/photos.app.goo.gl\/uyTkUq2p3xmqzZsy5\" target=\"_blank\" rel=\"noopener noreferrer\">Fotos (182 fotos) da reuni\u00e3o in loco da delega\u00e7\u00e3o da Dieta na cidade de Hokuryu (Hokkaido) est\u00e3o dispon\u00edveis aqui &gt;&gt;<\/a><\/p>\n<h3>Artigos relacionados<\/h3>\n<p>\u30fb<a href=\"https:\/\/portal.hokuryu.info\/pt\/kurosengokubean.html\/\" rel=\"noopener noreferrer\" target=\"_blank\">P\u00e1gina de apresenta\u00e7\u00e3o da Associa\u00e7\u00e3o Cooperativa Comercial Kurosengoku<\/a><br \/>\n\u30fb<a href=\"https:\/\/kurosengoku.or.jp\/\" rel=\"noopener noreferrer\" target=\"_blank\">Loja online da Associa\u00e7\u00e3o Cooperativa Empresarial Kurosengoku<\/a><br \/>\n\u30fb<a href=\"https:\/\/portal.hokuryu.info\/pt\/topics\/agri\/20180514\/\" rel=\"noopener noreferrer\" target=\"_blank\">Conversamos com o Professor Takashi Sambuichi, Professor Em\u00e9rito da Faculdade J\u00fanior de Hokkaido da Universidade Takushoku, sobre a nova variedade de soja Kurosengoku, &quot;Ryukei n\u00ba 3&quot;.<\/a>(14 de maio de 2018)<\/p>\n<p>\u30fb<a href=\"https:\/\/portal.hokuryu.info\/pt\/3277\/\">O ex-ministro da Agricultura, Florestas e Pescas, Masahiko Yamada, e o cineasta Masaki Haramura visitam a cidade de Hokuryu e as loca\u00e7\u00f5es para a produ\u00e7\u00e3o do document\u00e1rio &quot;Seguran\u00e7a de Sementes e Alimentos&quot;, al\u00e9m da Associa\u00e7\u00e3o Cooperativa Empresarial de Kurosengoku.<\/a>(25 de junho de 2020)<\/p>\n<p>\u30fb<a href=\"https:\/\/portal.hokuryu.info\/pt\/4836\/\" target=\"_blank\" rel=\"noopener noreferrer\">Um grupo de membros da Dieta da cidade de Hokuryu (Hokkaido) realizou uma reuni\u00e3o de discuss\u00e3o local sobre a emenda da Lei de Sementes e Mudas [n\u00ba 1] da Associa\u00e7\u00e3o Cooperativa Comercial de Kurosengoku.<\/a><br \/>\n\u30fb<a href=\"https:\/\/portal.hokuryu.info\/pt\/4841\/\" target=\"_blank\" rel=\"noopener noreferrer\">Reuni\u00e3o local de membros da Dieta na cidade de Hokuryu (Hokkaido) sobre a altera\u00e7\u00e3o da Lei de Sementes e Mudas [n\u00ba 2] Cooperativa Agr\u00edcola de Honoka<\/a><br \/>\n\u30fb<a href=\"https:\/\/portal.hokuryu.info\/pt\/4845\/\" target=\"_blank\" rel=\"noopener noreferrer\">Reuni\u00e3o com membros da Dieta na cidade de Hokuryu (Hokkaido) sobre silvicultura de autoexplora\u00e7\u00e3o [N\u00ba 3] Reuni\u00e3o de discuss\u00e3o e interc\u00e2mbio com o Sr. Tatsuya Ue<\/a><\/p>\n<p>\u25c7 Fotografia e edi\u00e7\u00e3o: Noboru Terauchi Entrevista e texto: Ikuko Terauchi<\/p>","protected":false},"excerpt":{"rendered":"<p>\uff12\uff10\uff12\uff10\u5e74\uff19\u6708\uff12\uff15\u65e5\uff08\u91d1\uff09 \uff19\u6708\uff11\uff10\u65e5\uff08\u6728\uff09\u3001\u5317\u6d77\u9053\u305f\u306d\u306e\u4f1a\uff08\u4e45\u7530\u5fb3\u4e8c \u4f1a\u9577\uff09\u306e\u3054\u7d39\u4ecb\u306b\u3088\u308a\u3001\u65e5\u672c\u5171\u7523\u515a\u8b70\u54e1\u56e3\u306e\u65b9\u3005\u3068\u306e\u7a2e\u82d7\u6cd5\u3092\u3081\u3050\u308b\u554f\u984c\u306b\u3064\u3044\u3066\u306e\u73fe\u5730\u61c7\u8ac7\u4f1a\u304c\u5317\u7adc\u753a\u306b\u3066\u958b\u50ac\u3055\u308c\u307e\u3057\u305f\u3002 \u56fd\u4f1a\u8b70\u54e1\u56e3\u306e [&hellip;]<\/p>\n","protected":false},"author":1,"featured_media":4837,"comment_status":"open","ping_status":"open","sticky":false,"template":"","format":"standard","meta":{"footnotes":""},"categories":[4],"tags":[],"class_list":["post-4836","post","type-post","status-publish","format-standard","has-post-thumbnail","hentry","category-cover-story"],"_links":{"self":[{"href":"https:\/\/portal.hokuryu.info\/pt\/wp-json\/wp\/v2\/posts\/4836","targetHints":{"allow":["GET"]}}],"collection":[{"href":"https:\/\/portal.hokuryu.info\/pt\/wp-json\/wp\/v2\/posts"}],"about":[{"href":"https:\/\/portal.hokuryu.info\/pt\/wp-json\/wp\/v2\/types\/post"}],"author":[{"embeddable":true,"href":"https:\/\/portal.hokuryu.info\/pt\/wp-json\/wp\/v2\/users\/1"}],"replies":[{"embeddable":true,"href":"https:\/\/portal.hokuryu.info\/pt\/wp-json\/wp\/v2\/comments?post=4836"}],"version-history":[{"count":0,"href":"https:\/\/portal.hokuryu.info\/pt\/wp-json\/wp\/v2\/posts\/4836\/revisions"}],"wp:featuredmedia":[{"embeddable":true,"href":"https:\/\/portal.hokuryu.info\/pt\/wp-json\/wp\/v2\/media\/4837"}],"wp:attachment":[{"href":"https:\/\/portal.hokuryu.info\/pt\/wp-json\/wp\/v2\/media?parent=4836"}],"wp:term":[{"taxonomy":"category","embeddable":true,"href":"https:\/\/portal.hokuryu.info\/pt\/wp-json\/wp\/v2\/categories?post=4836"},{"taxonomy":"post_tag","embeddable":true,"href":"https:\/\/portal.hokuryu.info\/pt\/wp-json\/wp\/v2\/tags?post=4836"}],"curies":[{"name":"wp","href":"https:\/\/api.w.org\/{rel}","templated":true}]}}