{"id":47122,"date":"2024-07-03T13:05:52","date_gmt":"2024-07-03T04:05:52","guid":{"rendered":"https:\/\/portal.hokuryu.info\/?p=47122"},"modified":"2025-07-01T07:57:23","modified_gmt":"2025-06-30T22:57:23","slug":"%e4%bb%a4%e5%92%8c%ef%bc%96%e5%b9%b4%e5%ba%a6-%e3%81%95%e3%81%a3%e3%81%bd%e3%82%8d%e5%8c%97%e7%ab%9c%e7%a5%ad%e3%83%bb%e5%8c%97%e7%ab%9c%e7%94%ba%e5%87%ba%e8%ba%ab%e8%80%85%e3%81%a8%e7%94%ba%e6%b0%91","status":"publish","type":"post","link":"https:\/\/portal.hokuryu.info\/pt\/47122\/","title":{"rendered":"Festival Hokuryu de Sapporo 2024: Moradores da cidade de Hokuryu e suas fam\u00edlias unidos em esp\u00edrito"},"content":{"rendered":"<p>Quarta-feira, 3 de julho de 2024<\/p>\n<p>O Festival Hokuryu de Sapporo de 2024 foi realizado no domingo, 30 de junho, a partir das 18h, no Sal\u00e3o Gyokuyo, no segundo andar do Sapporo Sunplaza (cidade de Sapporo).<\/p>\n<h2>Festival Hokuryu de Sapporo 2024<\/h2>\n<figure class=\"wp-caption aligncenter\"><a href=\"https:\/\/photos.google.com\/share\/AF1QipOMLYW4FNKw2kcw08y0FdFOYR3Uu3saL9M33nxEVLOqB2wqZmG8pHpMBypLu5qjAw\/photo\/AF1QipPiNt0ILQppoIrO1nN3pMH-knW73xUu4wKyHpA?key=cUhxenFRWGVyZkZoVWRsc2lhVFFqdWVGWl82WGZ3\" target=\"_blank\" rel=\"noopener\"><img decoding=\"async\" src=\"https:\/\/lh3.googleusercontent.com\/pw\/AP1GczMW5x53XxpIhMScVMcd4cDylbqdpASr-N9ysws86RCN4PU27jSrI4LtkaQVuNCyJt5K1Mt8lDpYmZf3aNtdegHfStP3lOj8KsNJvm0PHB-RxDUmFGiZDtCRhRwuA5BljXA5HaL_E6hriPdYOeytytW8=w2000-h1500-s-no-gm?authuser=0\" width=\"2000\" height=\"1500\" alt=\"Sapporo Sunplaza, 2\u00ba andar &quot;Gyokuyo no Ma&quot;\" class=\"size-full\" \/><\/a><figcaption class=\"wp-caption-text\">Sapporo Sunplaza 2\u00ba andar &quot;Gyokuyo no Ma&quot;<\/figcaption><\/figure>\n<h3>Sapporo Hokuryu-kai<\/h3>\n<p>O Sapporo Hokuryu-kai \u00e9 um encontro social para pessoas da cidade de Hokuryu. Ele come\u00e7ou como uma reuni\u00e3o para pessoas que se mudaram da cidade de Hokuryu para a regi\u00e3o de Sapporo, com o objetivo de trocar informa\u00e7\u00f5es e estreitar la\u00e7os.<\/p>\n<p>Um total de 21 pessoas da cidade de Kitary\u016b, incluindo membros do conselho e funcion\u00e1rios da prefeitura, bem como nossos membros, participaram, totalizando 49 pessoas.<\/p>\n<figure class=\"wp-caption aligncenter\"><a href=\"https:\/\/photos.google.com\/share\/AF1QipOMLYW4FNKw2kcw08y0FdFOYR3Uu3saL9M33nxEVLOqB2wqZmG8pHpMBypLu5qjAw\/photo\/AF1QipOfUmGJwRuTkPyGdL1qKwOdNAI9WODTu1lE4ak?key=cUhxenFRWGVyZkZoVWRsc2lhVFFqdWVGWl82WGZ3\" target=\"_blank\" rel=\"noopener\"><img decoding=\"async\" src=\"https:\/\/lh3.googleusercontent.com\/pw\/AP1GczMarLR6mp90kCsaCcoaeDvzAXiQOcINTR2zrVjuYzvBeWp2oTHV8-OHBT808F_wSjPA3u_ytO1xRG5VnBtoWcoVnCoNZZl2f2-dUO72tV3njnx7S_uc5gn4ZYJGe4HGdlNMM6tz1IKHizZqMoTg6ydR=w2000-h1500-s-no-gm?authuser=0\" width=\"2000\" height=\"1500\" alt=\"49 participantes\" class=\"size-full\" \/><\/a><figcaption class=\"wp-caption-text\">49 participantes<\/figcaption><\/figure>\n<h3>Abertura<\/h3>\n<p>O moderador geral ser\u00e1 o auditor Kenji Miyawaki.<\/p>\n<figure class=\"wp-caption aligncenter\"><a href=\"https:\/\/photos.google.com\/share\/AF1QipOMLYW4FNKw2kcw08y0FdFOYR3Uu3saL9M33nxEVLOqB2wqZmG8pHpMBypLu5qjAw\/photo\/AF1QipMYZ7ERiPo3Uyy6QIGsi9WAG73nGKsQklX-kpA?key=cUhxenFRWGVyZkZoVWRsc2lhVFFqdWVGWl82WGZ3\" target=\"_blank\" rel=\"noopener\"><img decoding=\"async\" src=\"https:\/\/lh3.googleusercontent.com\/pw\/AP1GczNg9HX3LAXYoXchoVYb-v08aEn9y3IM-nYMfDpaxGGqpo1Fj2OTwCmaWPS2jQFvsgGk8lj1GuWRT-YqdgamnmBuHWgNQIqeGWAtGMx6g-fDg_JFCbJ80J5ubukBdyoPbfdPUd_rAAisBgiAfAHjgh76=w2000-h1500-s-no-gm?authuser=0\" width=\"2000\" height=\"1500\" alt=\"General MC e Auditor Kenji Miyawaki\" class=\"size-full\" \/><\/a><figcaption class=\"wp-caption-text\">General MC e Auditor Kenji Miyawaki<\/figcaption><\/figure>\n<h3>Sauda\u00e7\u00e3o do presidente: Presidente Takashi Takebayashi<\/h3>\n<figure class=\"wp-caption aligncenter\"><a href=\"https:\/\/photos.google.com\/share\/AF1QipOMLYW4FNKw2kcw08y0FdFOYR3Uu3saL9M33nxEVLOqB2wqZmG8pHpMBypLu5qjAw\/photo\/AF1QipPLUs5G2WYQ4qN0Zq12Voq7BVfDNgukKFHq7Bw?key=cUhxenFRWGVyZkZoVWRsc2lhVFFqdWVGWl82WGZ3\" target=\"_blank\" rel=\"noopener\"><img decoding=\"async\" src=\"https:\/\/lh3.googleusercontent.com\/pw\/AP1GczPdjknpEx4ri0pl9RqjnojuZokKp5gkzZn0IhIoQJdA6FVJ8QNiHbvusePM2ITUergFKT0bxmFiPjI0o-lExvJ-F4atR2ZBaxY1BjNeWsMd_H_1txJz4dzY9f3XsrOcUN_sAMxrcyvAGp2zeGBU5Kv-=w2000-h1125-s-no-gm?authuser=0\" width=\"2000\" height=\"1125\" alt=\"Presidente Takashi Takebayashi\" class=\"size-full\" \/><\/a><figcaption class=\"wp-caption-text\">Presidente Takashi Takebayashi<\/figcaption><\/figure>\n<p>Boa noite a todos!<br \/>\nNa assembleia geral de agora, fui convidado a assumir o cargo de presidente. N\u00e3o tenho as qualifica\u00e7\u00f5es necess\u00e1rias para tal fun\u00e7\u00e3o, mas aceitei o cargo ap\u00f3s receber fortes recomenda\u00e7\u00f5es do presidente Konishi e de meus colegas mais experientes.<\/p>\n<p>N\u00e3o estou envolvido com este grupo h\u00e1 muito tempo, mas gostaria de continuar trabalhando com todos voc\u00eas, contando com o apoio e a coopera\u00e7\u00e3o de cada um. Portanto, agradeceria muito o apoio cont\u00ednuo de voc\u00eas.<\/p>\n<p>Devido ao impacto da pandemia de COVID-19, esta foi a primeira vez que o encontro social deste grupo foi realizado em quatro anos, desde novembro passado.<\/p>\n<p>Este ano, conseguimos realizar a assembleia geral e o encontro social como de costume. Tenho certeza de que havia alguns membros que n\u00e3o v\u00edamos h\u00e1 muito tempo, mas estou muito grato por ver todos com boa sa\u00fade e felizes.<\/p>\n<p>Hoje, mais de 20 pessoas da minha cidade natal, Hokuryu, participaram do evento. Estou grato por tantas pessoas terem vindo de t\u00e3o longe, mesmo sendo domingo. Estou profundamente comovido. Muito obrigado.<\/p>\n<p>Como todos sabem, este ano temos um novo prefeito.<\/p>\n<p>O ex-prefeito Sano tamb\u00e9m est\u00e1 presente hoje e, durante seus tr\u00eas mandatos de 12 anos no cargo, trabalhou arduamente por sua cidade natal, Hokuryu, apesar das dif\u00edceis circunst\u00e2ncias do coronav\u00edrus e do cont\u00ednuo decl\u00ednio populacional.<\/p>\n<p>Ele deixou um legado de muitas realiza\u00e7\u00f5es, incluindo a tarefa in\u00e9dita de construir um novo centro comercial, uma creche e iniciar um projeto de reciclagem de \u00f3leo de girassol. Gostaria de expressar minha sincera gratid\u00e3o a ele por proteger e desenvolver nossa cidade natal. Muito obrigado.<\/p>\n<p>Al\u00e9m disso, o Sr. Sasaki foi nomeado o novo prefeito. Como todos sabem, a empresa familiar do Sr. Sasaki \u00e9 a Sasaki Construction, que agora se fundiu com outras empresas para formar a Hokuso Construction. Ele administrava a empresa, mas tornou-se membro do conselho municipal aos 30 anos e atuou como presidente do conselho municipal de 2006 at\u00e9 o ano passado. Ele conhece a situa\u00e7\u00e3o e os desafios da cidade de Hokuryu como a palma da m\u00e3o.<\/p>\n<p>Sinto-me encorajado pelo fato de tal pessoa estar assumindo a lideran\u00e7a na cidade de Hokuryu. Espero que ele cuide bem da sua sa\u00fade e demonstre as suas capacidades.<\/p>\n<p>O presidente Nakamura foi nomeado em novembro do ano passado. Ele tamb\u00e9m \u00e9 especialista na produ\u00e7\u00e3o de macarr\u00e3o soba. E a partir de amanh\u00e3, o Sr. Okuda ser\u00e1 nomeado vice-prefeito. Espero que todos voc\u00eas, representantes da cidade de Hokuryu, estejam ativos em seus respectivos cargos.<\/p>\n<p>Desde a funda\u00e7\u00e3o da nossa Associa\u00e7\u00e3o Sapporo Hokuryu em 1968, temos nos envolvido em diversas iniciativas para promover a amizade entre os habitantes da cidade de Hokuryu e apoiar nossa cidade natal.<\/p>\n<p>Embora estejamos ficando mais velhos, gostar\u00edamos de continuar com essas atividades no futuro. No entanto, gostar\u00edamos de convidar novas pessoas para se juntarem ao grupo. Se voc\u00ea \u00e9 da cidade de Hokuryu e mora em Sapporo, sinta-se \u00e0 vontade para entrar em contato conosco ou com a secretaria, e teremos prazer em lhe fornecer informa\u00e7\u00f5es.<\/p>\n<p>&quot;Hoje, os auditores dedicaram muita aten\u00e7\u00e3o a v\u00e1rios aspectos da reuni\u00e3o, ent\u00e3o, embora tenhamos tempo limitado, espero que voc\u00eas aproveitem o momento e fortale\u00e7am seus la\u00e7os de amizade. Gostaria de expressar minha gratid\u00e3o a todos mais uma vez e concluir minhas palavras de abertura. Muito obrigado pela colabora\u00e7\u00e3o de hoje. Muito obrigado&quot;, disse o Presidente Takebayashi.<\/p>\n<h3>Apresentando os convidados: Apresentando os participantes da cidade de Hokuryu<\/h3>\n<figure class=\"wp-caption aligncenter\"><a href=\"https:\/\/photos.google.com\/share\/AF1QipOMLYW4FNKw2kcw08y0FdFOYR3Uu3saL9M33nxEVLOqB2wqZmG8pHpMBypLu5qjAw\/photo\/AF1QipPLukB8j1YLcFGc8lBDzZEeDr7APP-P2aYxjVU?key=cUhxenFRWGVyZkZoVWRsc2lhVFFqdWVGWl82WGZ3\" target=\"_blank\" rel=\"noopener\"><img decoding=\"async\" src=\"https:\/\/lh3.googleusercontent.com\/pw\/AP1GczMcwTL2DgcG_e25cAJ4J75wXSWPzw-hXkYEy07ucGzBNmyKS86f8so8tC9ybSxrZCinbRJevnLM-FRCoWECxn7fpuph_3gNup_6hAfIwkMfpPZoIbbQPJpYgGbEbQWRRKEkrie2FVIAUj2qHngIjziJ=w2000-h1500-s-no-gm?authuser=0\" width=\"2000\" height=\"1500\" alt=\"Participaram 21 pessoas da cidade de Hokuryu.\" class=\"size-full\" \/><\/a><figcaption class=\"wp-caption-text\">Participaram 21 pessoas da cidade de Hokuryu.<\/figcaption><\/figure>\n<h3>Discurso do convidado: Prefeito Yasuhiro Sasaki da cidade de Hokuryu<\/h3>\n<figure class=\"wp-caption aligncenter\"><a href=\"https:\/\/photos.google.com\/share\/AF1QipOMLYW4FNKw2kcw08y0FdFOYR3Uu3saL9M33nxEVLOqB2wqZmG8pHpMBypLu5qjAw\/photo\/AF1QipPYoXTZebP_HhSdKypXX8ZLGeirRQ8LUE8FEVo?key=cUhxenFRWGVyZkZoVWRsc2lhVFFqdWVGWl82WGZ3\" target=\"_blank\" rel=\"noopener\"><img decoding=\"async\" src=\"https:\/\/lh3.googleusercontent.com\/pw\/AP1GczN7YFMnjQ1T5D-Ighijk3N3e-6fwutfa2ejzOBpUn9jza7ZLrAC-bhyY1kk8UJDHmGLOoA5RzgF5aoNbSKgn3q__BmebUVcdZrligOS0HFue6V7JP8n1zkK0QAz6Fq8HQ1FBteJADGexEkn6Vki3XBt=w2000-h1125-s-no-gm?authuser=0\" width=\"2000\" height=\"1125\" alt=\"Prefeito da cidade de Hokuryu, Sr. Yasuhiro Sasaki\" class=\"size-full\" \/><\/a><figcaption class=\"wp-caption-text\">Prefeito da cidade de Hokuryu, Sr. Yasuhiro Sasaki<\/figcaption><\/figure>\n<p>&quot;Tomei posse como o s\u00e9timo prefeito em 22 de fevereiro deste ano. Gostaria de dar continuidade ao s\u00f3lido trabalho pol\u00edtico do prefeito anterior, Sr. Sano.&quot;<\/p>\n<p>Parab\u00e9ns ao Presidente Takebayashi, que assume o cargo hoje. Ele \u00e9 uma pessoa muito atenciosa, e o Sr. Sano, eu e o Sr. Nakamura fomos t\u00e3o gentis que recebemos elogios t\u00e3o detalhados. Pudemos sentir o carinho que ele sente por sua cidade natal, Hokuryu.<\/p>\n<p>O presidente anterior, Sr. Konishi, chefiou a administra\u00e7\u00e3o do desenvolvimento e uma institui\u00e7\u00e3o nacional, e consolidou firmemente toda a fam\u00edlia. J\u00e1 o Sr. Takebayashi, como Diretor de Pol\u00edtica Agr\u00edcola, demonstrou lideran\u00e7a em um momento em que o pa\u00eds enfrentava as maiores dificuldades. Herdamos as responsabilidades de duas pessoas muito importantes, e gostaria de oferecer meu apoio de diversas maneiras.<\/p>\n<p>Mais tarde, publicarei um relat\u00f3rio sobre a cidade de Hokuryu, incluindo agricultura, turismo e a C\u00e2mara de Com\u00e9rcio.<\/p>\n<p>A cidade de Hokuryu \u00e9 pequena, mas brilhante. Sua popula\u00e7\u00e3o, que antes era de 6.443 habitantes, caiu para 1.612 em 1\u00ba de junho. Isso n\u00e3o \u00e9 exclusivo de Hokuryu, mas queremos continuar construindo uma cidade forte e vibrante, mesmo sendo pequena.<\/p>\n<p>O tempo esteve bom na \u00faltima semana e a vida em Hokuryu tem sido bastante agitada. Nos dias 27 e 28 de junho, todos os moradores da cidade de Hokuryu ajudaram a capinar o jardim de girass\u00f3is. Foi um gesto maravilhoso de gentileza por parte dos habitantes da cidade.<\/p>\n<p>Al\u00e9m disso, na sexta-feira, dia 28, houve um simulado de inc\u00eandio Hokuryu, no qual os jovens da nossa cidade demonstraram sua energia e dedica\u00e7\u00e3o na preven\u00e7\u00e3o de desastres. O simulado transmitiu a determina\u00e7\u00e3o e a for\u00e7a desses 60 jovens em proteger a cidade.<\/p>\n<p>Hoje marca o fim de um semestre. Amanh\u00e3, 1\u00ba de julho, come\u00e7a o segundo semestre. Finalmente chegou a temporada dos girass\u00f3is na cidade de Hokuryu. N\u00e3o sei por quantos anos isso se repetir\u00e1, mas adorar\u00edamos que os moradores da nossa cidade viessem presenciar esse espet\u00e1culo novamente, e a cidade estar\u00e1 preparada para receb\u00ea-los. Agradecemos o apoio de todos.<\/p>\n<p>Houve algumas mudan\u00e7as na equipe, e o vice-prefeito Takahashi trabalhou arduamente at\u00e9 agora. Agora, como novo vice-prefeito, gostaria de olhar firmemente para o futuro, alinhar a equipe da prefeitura e os moradores em uma mesma dire\u00e7\u00e3o e trabalhar para construir uma cidade que atenda \u00e0s expectativas de todos.<\/p>\n<p>Gostaria de expressar minha gratid\u00e3o e apre\u00e7o pelo seu apoio cont\u00ednuo. Agrade\u00e7o o convite para este dia.<\/p>\n<figure class=\"wp-caption aligncenter\"><a href=\"https:\/\/photos.google.com\/share\/AF1QipOMLYW4FNKw2kcw08y0FdFOYR3Uu3saL9M33nxEVLOqB2wqZmG8pHpMBypLu5qjAw\/photo\/AF1QipMylP1fZ1GLHhFJnpHfqJbaW9V4WfEPdrTumgY?key=cUhxenFRWGVyZkZoVWRsc2lhVFFqdWVGWl82WGZ3\" target=\"_blank\" rel=\"noopener\"><img decoding=\"async\" src=\"https:\/\/lh3.googleusercontent.com\/pw\/AP1GczPY3HXs3qIrAiiPpkM4C4aXe40tzpYbJYt8nnslksG5lZNmkgwK6TxLfe_Ndzp6CLFOJTFP57ZE1Hkw8AtyXxMA0d1dQxovciH5JVc9EUbLcnNrIkQaMMt-bcvehkEufceWNM5GjcUDe4n-cmzWZKNQ=w2000-h1125-s-no-gm?authuser=0\" width=\"2000\" height=\"1125\" alt=\"Nosso objetivo \u00e9 criar uma cidade pequena, mas vibrante!\" class=\"size-full\" \/><\/a><figcaption class=\"wp-caption-text\">Nosso objetivo \u00e9 criar uma cidade pequena, mas vibrante!<\/figcaption><\/figure>\n<h3>Brinde: Ex-prefeito da cidade de Hokuryu, Yutaka Sano<\/h3>\n<figure class=\"wp-caption aligncenter\"><a href=\"https:\/\/photos.google.com\/share\/AF1QipOMLYW4FNKw2kcw08y0FdFOYR3Uu3saL9M33nxEVLOqB2wqZmG8pHpMBypLu5qjAw\/photo\/AF1QipM2xdZmQDOIILJG0Q4L08jd5hQIYaAqH5MWKQI?key=cUhxenFRWGVyZkZoVWRsc2lhVFFqdWVGWl82WGZ3\" target=\"_blank\" rel=\"noopener\"><img decoding=\"async\" src=\"https:\/\/lh3.googleusercontent.com\/pw\/AP1GczOExodG4tw2FL-DC8vHXpMjIOcSOGO4D7bUbyvtn8CVywWBWPCpz9e9vywXLMQoAluf6-1d92PcWbqvP6GKsZOoM9idcEcy1UfzEhszVL2A_IhcRsgP9dFtMWfpCFxKbIpJP0vb9h0ASVfAX8MY_TiL=w2000-h1125-s-no-gm?authuser=0\" width=\"2000\" height=\"1125\" alt=\"Ex-prefeito da cidade de Hokuryu, Yutaka Sano\" class=\"size-full\" \/><\/a><figcaption class=\"wp-caption-text\">Ex-prefeito da cidade de Hokuryu, Yutaka Sano<\/figcaption><\/figure>\n<p>&quot;Parab\u00e9ns pelo Festival Hokuryu de Sapporo de hoje.&quot;<\/p>\n<p>O novo presidente, Sr. Takebayashi, fez um discurso e eu fiquei grato por suas am\u00e1veis palavras. Acima de tudo, gostaria de expressar minha gratid\u00e3o ao Sr. Konishi, presidente da Associa\u00e7\u00e3o Hokuryu, por seu apoio gentil e generoso \u00e0 minha cidade natal, Hokuryu, ao longo dos \u00faltimos 18 anos.<\/p>\n<p>Tamb\u00e9m estive envolvido com a Sapporo Hokuryu-kai por 20 anos, tendo atuado como vice-prefeito por oito anos e como prefeito por 12 anos. Embora tenha precisado fazer uma breve pausa devido \u00e0 COVID-19, sou grato pelo apoio de todos. Participei hoje para expressar minha gratid\u00e3o e apre\u00e7o.<\/p>\n<p>Espero poder visitar suas mesas mais tarde e expressar minha gratid\u00e3o a todos voc\u00eas.<\/p>\n<p>Agora, vamos fazer um brinde.<br \/>\n&quot;Vamos fazer um brinde \u00e0 sa\u00fade de todos os presentes e ao crescimento cont\u00ednuo da Sapporo Hokuryu-kai!&quot;, disse Sano.<\/p>\n<h3>\u5bb4<\/h3>\n<h4>Comida<\/h4>\n<ul>\n<li>Sashimi variado<\/li>\n<li>linguado cozido no vapor<\/li>\n<li>Lulas e legumes salteados com molho de ostras<\/li>\n<li>Carne de porco grelhada macia<\/li>\n<li>Arroz com vieiras<\/li>\n<li>Sorvete de yuzu<\/li>\n<\/ul>\n<figure class=\"wp-caption aligncenter\"><a href=\"https:\/\/photos.google.com\/share\/AF1QipOMLYW4FNKw2kcw08y0FdFOYR3Uu3saL9M33nxEVLOqB2wqZmG8pHpMBypLu5qjAw\/photo\/AF1QipOIjzjk-lRWV_uqWh0qHQH766deK-ZSabxPJYQ?key=cUhxenFRWGVyZkZoVWRsc2lhVFFqdWVGWl82WGZ3\" target=\"_blank\" rel=\"noopener\"><img decoding=\"async\" src=\"https:\/\/lh3.googleusercontent.com\/pw\/AP1GczMTR-isqSIL9F6B5wcsv0i3y7UxFz_lzRV3Hj19Pf_lK2HDWAmO9J9sGD7ez22MEQuFu812qS2GhO1VscwUuk8Q8gVrTN7A0o57JrBF3J6jZyPVF27UeggNIJOT0ggzrpBa4gGSbDh7x-j1VyhwIsPT=w2000-h1500-s-no-gm?authuser=0\" width=\"2000\" height=\"1500\" alt=\"Sashimi variado\" class=\"size-full\" \/><\/a><figcaption class=\"wp-caption-text\">Sashimi variado<\/figcaption><\/figure>\n<figure class=\"wp-caption aligncenter\"><a href=\"https:\/\/photos.google.com\/share\/AF1QipOMLYW4FNKw2kcw08y0FdFOYR3Uu3saL9M33nxEVLOqB2wqZmG8pHpMBypLu5qjAw\/photo\/AF1QipNbxtWC4GgfBBulDUE43HWFpJ1aZKME0KKY_CA?key=cUhxenFRWGVyZkZoVWRsc2lhVFFqdWVGWl82WGZ3\" target=\"_blank\" rel=\"noopener\"><img decoding=\"async\" src=\"https:\/\/lh3.googleusercontent.com\/pw\/AP1GczP5zS2M3A91ziccxw5BI3NzkHVCn0x1lgQUoNRrCt0LZGrlz1fqe1B6zmOx2zUtbw0C-fXX6iohn1K-GzpBhp0HCYFqZe2UmEiSMMUE0KDorLe0poS2H-N3ROswtYVrNgV1tcyQDbTaY0EbT6cpb2VJ=w2000-h1500-s-no-gm?authuser=0\" width=\"2000\" height=\"1500\" alt=\"linguado cozido no vapor\" class=\"size-full\" \/><\/a><figcaption class=\"wp-caption-text\">linguado cozido no vapor<\/figcaption><\/figure>\n<figure class=\"wp-caption aligncenter\"><a href=\"https:\/\/photos.google.com\/share\/AF1QipOMLYW4FNKw2kcw08y0FdFOYR3Uu3saL9M33nxEVLOqB2wqZmG8pHpMBypLu5qjAw\/photo\/AF1QipNyFusr-VmPs3mQqmEVedX2Y9mYgNfnwx-1sCY?key=cUhxenFRWGVyZkZoVWRsc2lhVFFqdWVGWl82WGZ3\" target=\"_blank\" rel=\"noopener\"><img decoding=\"async\" src=\"https:\/\/lh3.googleusercontent.com\/pw\/AP1GczOPyGDNccdK6AChVIC7ZMVc1ngt96KtM8cm4bABtRJ4Zq7aPOIDPHnekuSJAI3J3fmFted4e3kxbQoK8pbmPlCM_wlL1oDKvbLPdnYBwH6v2Ub4UTokHc0OPzP36PHxFUDXH1op8NNrp9cGptzJ3gl5=w2000-h1333-s-no-gm?authuser=0\" width=\"2000\" height=\"1333\" alt=\"Lulas e legumes salteados com molho de ostras\" class=\"size-full\" \/><\/a><figcaption class=\"wp-caption-text\">Lulas e legumes salteados com molho de ostras<\/figcaption><\/figure>\n<figure class=\"wp-caption aligncenter\"><a href=\"https:\/\/photos.google.com\/share\/AF1QipOMLYW4FNKw2kcw08y0FdFOYR3Uu3saL9M33nxEVLOqB2wqZmG8pHpMBypLu5qjAw\/photo\/AF1QipMGi6QzUl9DDVLN0eAmSyZIyJZik6f6fDISbzs?key=cUhxenFRWGVyZkZoVWRsc2lhVFFqdWVGWl82WGZ3\" target=\"_blank\" rel=\"noopener\"><img decoding=\"async\" src=\"https:\/\/lh3.googleusercontent.com\/pw\/AP1GczNApaDQuSHIjj8rWjZrho7nBKuqQDJzuJk8IHyHflziB-_fikyjuJkCUEpsuXvSzlHsVS8BZzEq3KG7NIab2jntfbCuTmH0PMJgBrcq7y_-PrCIKoQhIqvYcZ7NFVD5Xyx58UDMAGZb5ReyTiJzViFb=w2000-h1333-s-no-gm?authuser=0\" width=\"2000\" height=\"1333\" alt=\"Carne de porco grelhada macia\" class=\"size-full\" \/><\/a><figcaption class=\"wp-caption-text\">Carne de porco grelhada macia<\/figcaption><\/figure>\n<figure class=\"wp-caption aligncenter\"><a href=\"https:\/\/photos.google.com\/share\/AF1QipOMLYW4FNKw2kcw08y0FdFOYR3Uu3saL9M33nxEVLOqB2wqZmG8pHpMBypLu5qjAw\/photo\/AF1QipOvDjLoqQ1EHpDzq1yrGKmGqsdaD2jh7saCcAw?key=cUhxenFRWGVyZkZoVWRsc2lhVFFqdWVGWl82WGZ3\" target=\"_blank\" rel=\"noopener\"><img decoding=\"async\" src=\"https:\/\/lh3.googleusercontent.com\/pw\/AP1GczOESEybIZc0e27dGo2DsyilGqHBwb-aUuvTRpwIkxyuHzppI5FPnmlZ6FXSvTS4xgP3GGsJt8LPEpZBpBMnwzdiwQ_jlirzfuLz0gRvtoQzzLlLbcathmwH5o64wibzXEOB1OI-8N_S6TQxxPkCJuR7=w2000-h1333-s-no-gm?authuser=0\" width=\"2000\" height=\"1333\" alt=\"Arroz com vieiras\" class=\"size-full\" \/><\/a><figcaption class=\"wp-caption-text\">Arroz com vieiras<\/figcaption><\/figure>\n<figure class=\"wp-caption aligncenter\"><a href=\"https:\/\/photos.google.com\/share\/AF1QipOMLYW4FNKw2kcw08y0FdFOYR3Uu3saL9M33nxEVLOqB2wqZmG8pHpMBypLu5qjAw\/photo\/AF1QipOAcZG6YfrkSSWR2u2WbCDvMyD0GZyMlkj-3Fw?key=cUhxenFRWGVyZkZoVWRsc2lhVFFqdWVGWl82WGZ3\" target=\"_blank\" rel=\"noopener\"><img decoding=\"async\" src=\"https:\/\/lh3.googleusercontent.com\/pw\/AP1GczPbrOCn-Pwreekm5U2SpXNR9Fes8lzyE8Pz1YTm3mi9dzF84ko390E7O_qEm2ZM7YpKSOCvXkxqdk68wr7pWc501hpUqAau1CLtQoUBR_yijByFQK8AEbAiZmlINCJH-RLWG-ltBFQnwaCgSUZL9J2U=w2000-h1333-s-no-gm?authuser=0\" width=\"2000\" height=\"1333\" alt=\"Sorvete de yuzu\" class=\"size-full\" \/><\/a><figcaption class=\"wp-caption-text\">Sorvete de yuzu<\/figcaption><\/figure>\n<h4>Vamos ter uma troca amig\u00e1vel e harmoniosa!<\/h4>\n<figure class=\"wp-caption aligncenter\"><a href=\"https:\/\/photos.google.com\/share\/AF1QipOMLYW4FNKw2kcw08y0FdFOYR3Uu3saL9M33nxEVLOqB2wqZmG8pHpMBypLu5qjAw\/photo\/AF1QipN0ItXdhX09Tv0FllzOaaRkxZOWY_uTS7uasmY?key=cUhxenFRWGVyZkZoVWRsc2lhVFFqdWVGWl82WGZ3\" target=\"_blank\" rel=\"noopener\"><img decoding=\"async\" src=\"https:\/\/lh3.googleusercontent.com\/pw\/AP1GczNbCr8zK5BvfsS41g_ItdgZGVKydcTvdsWk3z6Cp9fkYPbDED0NH5FucMCG5v2o47PteiWzhi_KE1ki8aMnnGpegjUN38iqkcaTJ2SQQ-kM-wP9YOiiaRv0vGO_isJiFNs1AM0Z0bHZ9IUNNF3-8SbN=w2000-h1500-s-no-gm?authuser=0\" width=\"2000\" height=\"1500\" alt=\"Rodeado pelo prefeito Sasaki\" class=\"size-full\" \/><\/a><figcaption class=\"wp-caption-text\">Rodeado pelo prefeito Sasaki<\/figcaption><\/figure>\n<figure class=\"wp-caption aligncenter\"><a href=\"https:\/\/photos.google.com\/share\/AF1QipOMLYW4FNKw2kcw08y0FdFOYR3Uu3saL9M33nxEVLOqB2wqZmG8pHpMBypLu5qjAw\/photo\/AF1QipMLLw1t8IKBU8oWbta_ynf2MkdHwdwCjlAvPfE?key=cUhxenFRWGVyZkZoVWRsc2lhVFFqdWVGWl82WGZ3\" target=\"_blank\" rel=\"noopener\"><img decoding=\"async\" src=\"https:\/\/lh3.googleusercontent.com\/pw\/AP1GczMet0ENd1_f7orqlHhItzton_ER_vFxJmutFJQtBLOscedcz6fUz-0MevoFUIqVn0OqXXxJPNGtqrJw4-qBT3-Bjr7YJRWDNtjdDW8DyE4-um0Z_OUpCJVXeOIgjgXCbYwYg59PiOTeqKo9_q0NZBkJ=w2000-h1500-s-no-gm?authuser=0\" width=\"2000\" height=\"1500\" alt=\"Membros do Conselho Municipal de Hokuryu\" class=\"size-full\" \/><\/a><figcaption class=\"wp-caption-text\">Membros do Conselho Municipal de Hokuryu<\/figcaption><\/figure>\n<figure class=\"wp-caption aligncenter\"><a href=\"https:\/\/photos.google.com\/share\/AF1QipOMLYW4FNKw2kcw08y0FdFOYR3Uu3saL9M33nxEVLOqB2wqZmG8pHpMBypLu5qjAw\/photo\/AF1QipP4-hVcMgFgZ5Z1g8eIz_o4xBzPfo2de-srLrM?key=cUhxenFRWGVyZkZoVWRsc2lhVFFqdWVGWl82WGZ3\" target=\"_blank\" rel=\"noopener\"><img decoding=\"async\" src=\"https:\/\/lh3.googleusercontent.com\/pw\/AP1GczOZT-FsR4AMzZzvoFk0LG0fknwqV3BlOiStgnhvGq-DOm_cYG8yIt3M1jvx5SGFu_ypd3F8Q3vJ-Dc3G--mq0P8RvrQ-0ZJQ3WXb1crbT9DECMn4XY4qBRsmt0RT536sRfkKq7klYgrM-Kjmz_DSd8q=w2000-h1500-s-no-gm?authuser=0\" width=\"2000\" height=\"1500\" alt=\"Membros do Hokuryu-kai\" class=\"size-full\" \/><\/a><figcaption class=\"wp-caption-text\">Membros do Hokuryu-kai<\/figcaption><\/figure>\n<figure class=\"wp-caption aligncenter\"><a href=\"https:\/\/photos.google.com\/share\/AF1QipOMLYW4FNKw2kcw08y0FdFOYR3Uu3saL9M33nxEVLOqB2wqZmG8pHpMBypLu5qjAw\/photo\/AF1QipN-MB9IPJD7xaTUdPgMz2yiUcjzi0ZFHMCQqv8?key=cUhxenFRWGVyZkZoVWRsc2lhVFFqdWVGWl82WGZ3\" target=\"_blank\" rel=\"noopener\"><img decoding=\"async\" src=\"https:\/\/lh3.googleusercontent.com\/pw\/AP1GczOJtGXq6BDYHTcWNTzFHp8eVlQCZdNSAfIJYAphbOxQAYQxvrbPYdZAyNqqdHarANu-5coZHEH5a4iPPsy5tGwZX1somElMrp71u388TF_27gJD18IDSrdE__iNDFzJSmriwsc44q8xU7UesgbkVZ7P=w2000-h1500-s-no-gm?authuser=0\" width=\"2000\" height=\"1500\" alt=\"Membros do Hokuryu-kai\" class=\"size-full\" \/><\/a><figcaption class=\"wp-caption-text\">Membros do Hokuryu-kai<\/figcaption><\/figure>\n<figure class=\"wp-caption aligncenter\"><a href=\"https:\/\/photos.google.com\/share\/AF1QipOMLYW4FNKw2kcw08y0FdFOYR3Uu3saL9M33nxEVLOqB2wqZmG8pHpMBypLu5qjAw\/photo\/AF1QipMa9bZaGi_9StU4W2UAWvbxqKPOWaj1hq2_Gbo?key=cUhxenFRWGVyZkZoVWRsc2lhVFFqdWVGWl82WGZ3\" target=\"_blank\" rel=\"noopener\"><img decoding=\"async\" src=\"https:\/\/lh3.googleusercontent.com\/pw\/AP1GczPqAi32zOEu5NgULla4E-clFaV91FbYouhBbQyIdvOSpwkGoctzs8WcU_w6j_VCP6VqYGWBauPWjr84VNaTkkBIX5xcWCOnzb3HR6XcleRHJTp91oXki709HEGhW-DRbHgHaGuc--g4pOxAeaYFcdTE=w2000-h1333-s-no-gm?authuser=0\" width=\"2000\" height=\"1333\" alt=\"Em conjunto com o Sr. Tsujii e o Sr. Iwasaki!\" class=\"size-full\" \/><\/a><figcaption class=\"wp-caption-text\">Em conjunto com o Sr. Tsujii e o Sr. Iwasaki!<\/figcaption><\/figure>\n<h3>C\u00e2mara de Com\u00e9rcio, Agricultura e Turismo da Cidade de Hokuryu<\/h3>\n<h4>JA Kitasorachi, Minoru Nagai, Diretor Representante do Distrito de Hokuryu<\/h4>\n<figure class=\"wp-caption aligncenter\"><a href=\"https:\/\/photos.google.com\/share\/AF1QipOMLYW4FNKw2kcw08y0FdFOYR3Uu3saL9M33nxEVLOqB2wqZmG8pHpMBypLu5qjAw\/photo\/AF1QipP0nHuW-enIjr-LfKcUK0sI_dNjqxUjTlBnAys?key=cUhxenFRWGVyZkZoVWRsc2lhVFFqdWVGWl82WGZ3\" target=\"_blank\" rel=\"noopener\"><img decoding=\"async\" src=\"https:\/\/lh3.googleusercontent.com\/pw\/AP1GczOX4ACwuRBepWyosJSks0h47rbq4OsRsaaWzRDxYnqYvi0j1MDFIeYCRrLclMNDSnV8-vv8IiJRC6oijFYk1U_cnNbCpU_uq-Ld50Jv9joCn7sz6EyFAgQkGp5zoUSoS5zyja1KqrUz8AnCYxv66uZw=w2000-h1333-s-no-gm?authuser=0\" width=\"2000\" height=\"1333\" alt=\"JA Kitasorachi, Minoru Nagai, Diretor Representante do Distrito de Hokuryu\" class=\"size-full\" \/><\/a><figcaption class=\"wp-caption-text\">JA Kitasorachi, Minoru Nagai, Diretor Representante do Distrito de Hokuryu<\/figcaption><\/figure>\n<p>&quot;Trata-se do estado das colheitas agr\u00edcolas na cidade de Hokuryu.&quot;<br \/>\nEste m\u00eas de mar\u00e7o foi, como de costume, um m\u00eas de neve. A Ag\u00eancia Meteorol\u00f3gica do Jap\u00e3o previu que a primavera seria mais quente, mas as baixas temperaturas persistiram, dificultando o trabalho agr\u00edcola.<\/p>\n<p>O plantio de arroz come\u00e7ou em meados de maio e tem progredido sem problemas gra\u00e7as ao clima ameno. As temperaturas ca\u00edram na segunda quinzena de maio e ainda estamos sentindo esse efeito hoje. Isso est\u00e1 um pouco atrasado em rela\u00e7\u00e3o \u00e0 m\u00e9dia.<\/p>\n<p>As planta\u00e7\u00f5es est\u00e3o progredindo relativamente bem. O primeiro carregamento da nossa especialidade, a &quot;Melancia Girassol&quot;, foi feito em 7 de junho, e o primeiro carregamento e leil\u00e3o do &quot;Mel\u00e3o Girassol&quot; ocorreu em 16 de junho, com a presen\u00e7a do prefeito Sasaki.<\/p>\n<p>&quot;As melancias e mel\u00f5es &#039;Sunflower Watermelon&#039; e &#039;Sunflower Melon&#039; deste ano cresceram bastante e t\u00eam um alto teor de a\u00e7\u00facar devido \u00e0 grande diferen\u00e7a de temperatura. Eles tamb\u00e9m est\u00e3o muito saborosos, ent\u00e3o, se tiverem a oportunidade, n\u00e3o deixem de comprar&quot;, disse Nagai, Diretor Representante do Distrito de Hokuryu.<\/p>\n<h3>Yukio Takada, Presidente da Associa\u00e7\u00e3o de Turismo de Himawari<\/h3>\n<figure class=\"wp-caption aligncenter\"><a href=\"https:\/\/photos.google.com\/share\/AF1QipOMLYW4FNKw2kcw08y0FdFOYR3Uu3saL9M33nxEVLOqB2wqZmG8pHpMBypLu5qjAw\/photo\/AF1QipMMiCEG8yx8YmiNNgS84TpyH2sGKzuKOfWwUf0?key=cUhxenFRWGVyZkZoVWRsc2lhVFFqdWVGWl82WGZ3\" target=\"_blank\" rel=\"noopener\"><img decoding=\"async\" src=\"https:\/\/lh3.googleusercontent.com\/pw\/AP1GczPK_kdtp6vsbTEfM5M24sxxNl1N0PzCnQ4wYEDO_tjY18-TFYVEquwQyDhYKcrXhqUQkDYLXgg0lpaqojsKR-Gb4OkeQKmXjPCou6qY0aeWZXTnP6wvkO31_-av27uI2XQaJ_H_i4_r6vyBmLpGXO0E=w2000-h1333-s-no-gm?authuser=0\" width=\"2000\" height=\"1333\" alt=\"Presidente da Associa\u00e7\u00e3o de Turismo de Himawari, Yukio Takada\" class=\"size-full\" \/><\/a><figcaption class=\"wp-caption-text\">Presidente da Associa\u00e7\u00e3o de Turismo de Himawari, Yukio Takada<\/figcaption><\/figure>\n<p>&quot;Este \u00e9 o meu segundo ano como presidente da Associa\u00e7\u00e3o de Turismo de Girass\u00f3is da Cidade de Hokuryu.&quot;<br \/>\nO 38\u00ba Festival de Girass\u00f3is da Cidade de Hokuryu ser\u00e1 realizado de 20 de julho a 18 de agosto. Dois milh\u00f5es de girass\u00f3is esperam por voc\u00ea. Esperamos que venha admirar a beleza das flores.<\/p>\n<p>Como mencionado anteriormente pelo prefeito Sasaki, a limpeza da Vila dos Girass\u00f3is foi conclu\u00edda na \u00faltima sexta-feira. Dois milh\u00f5es de girass\u00f3is est\u00e3o voltados para o leste e para o sul, esperando que voc\u00ea venha v\u00ea-los.<\/p>\n<p>No verso do cartaz, h\u00e1 diversas informa\u00e7\u00f5es sobre transporte.<\/p>\n<p>&quot;No ano passado, 208.000 turistas visitaram o local em um m\u00eas. Esperamos ver todos voc\u00eas l\u00e1. Agradecemos o apoio&quot;, disse o presidente Takada.<\/p>\n<h3>Membro do Conselho Municipal de Hokuryu, Manabu Okino<\/h3>\n<figure class=\"wp-caption aligncenter\"><a href=\"https:\/\/photos.google.com\/share\/AF1QipOMLYW4FNKw2kcw08y0FdFOYR3Uu3saL9M33nxEVLOqB2wqZmG8pHpMBypLu5qjAw\/photo\/AF1QipNd0JTTV4k9X7r26KAsfRgsutfT5tw2zkXHhEc?key=cUhxenFRWGVyZkZoVWRsc2lhVFFqdWVGWl82WGZ3\" target=\"_blank\" rel=\"noopener\"><img decoding=\"async\" src=\"https:\/\/lh3.googleusercontent.com\/pw\/AP1GczPGDzzePetILPpPdSCBU0AJL60zf8bp_gzbXPgBt7pK2jnIOCYKMt0bMAAg2FejJmCb_IA1a6nHzIQACiMh3uQ5bPfO190-TXyp9dCIzzN4Y5ec_xwYJmWS3upCXLtEgVrWIQuFk6l8_0Ciiqx3FdBs=w2000-h1333-s-no-gm?authuser=0\" width=\"2000\" height=\"1333\" alt=\"Conselheiro Manabu Okino\" class=\"size-full\" \/><\/a><figcaption class=\"wp-caption-text\">Conselheiro Manabu Okino<\/figcaption><\/figure>\n<p>&quot;Tamb\u00e9m sou membro da assembleia e exer\u00e7o o cargo de vice-presidente da C\u00e2mara de Com\u00e9rcio. Gostaria de apresentar a situa\u00e7\u00e3o atual da C\u00e2mara de Com\u00e9rcio.&quot;<\/p>\n<p>A loja Hokuren encerrou suas atividades e o centro comercial Kokowa foi constru\u00eddo no mesmo pr\u00e9dio, que tamb\u00e9m abriga o escrit\u00f3rio da C\u00e2mara de Com\u00e9rcio, recentemente reformado. O complexo inclui ainda um sal\u00e3o de eventos e instala\u00e7\u00f5es sociais.<\/p>\n<p>Os restaurantes &quot;Seasonal Cuisine Kawajin&quot; e &quot;Snack Kirara&quot;, que funcionavam anteriormente, fecharam as portas.<\/p>\n<p>No entanto, j\u00e1 existem planos para que membros da equipe local de coopera\u00e7\u00e3o para a revitaliza\u00e7\u00e3o assumam o neg\u00f3cio ap\u00f3s a sa\u00edda de Kawajin. A C\u00e2mara de Com\u00e9rcio far\u00e1 o poss\u00edvel para manter o estabelecimento funcionando e o neg\u00f3cio em atividade.<\/p>\n<p>N\u00f3s, incluindo a C\u00e2mara de Com\u00e9rcio e sete empresas de constru\u00e7\u00e3o, continuaremos a trabalhar arduamente pela cidade, mantendo o bom \u00e2nimo.<\/p>\n<p>Esperamos que voc\u00ea visite a cidade de Hokuryu durante o Festival do Girassol e compre algumas lembrancinhas de Hokuryu no caminho de volta para casa.<\/p>\n<p>Sou o propriet\u00e1rio da segunda gera\u00e7\u00e3o do Okino Sushi, que foi fundado em 1974. Retornei \u00e0 cidade de Hokuryu aos 23 anos e desde ent\u00e3o opero sob o nome de Ajidokoro Yahachi.<\/p>\n<p>&quot;Durante o Festival do Girassol, sorvete expresso ser\u00e1 vendido exclusivamente na loja dentro do centro de informa\u00e7\u00f5es tur\u00edsticas. Esperamos que voc\u00ea venha e saboreie um ou dois peda\u00e7os. Agradecemos o seu apoio&quot;, disse o vereador Okino.<\/p>\n<h3>Entretenimento especial<\/h3>\n<h4>1. Orgulho de Karaok\u00ea: apresentado por Tonoji Hirabayashi e Yoichi Fujita<\/h4>\n<figure class=\"wp-caption aligncenter\"><a href=\"https:\/\/photos.google.com\/share\/AF1QipOMLYW4FNKw2kcw08y0FdFOYR3Uu3saL9M33nxEVLOqB2wqZmG8pHpMBypLu5qjAw\/photo\/AF1QipNteWZOXxSiMjIgF9pfuogYsvbJBaN2UccSPRE?key=cUhxenFRWGVyZkZoVWRsc2lhVFFqdWVGWl82WGZ3\" target=\"_blank\" rel=\"noopener\"><img decoding=\"async\" src=\"https:\/\/lh3.googleusercontent.com\/pw\/AP1GczPbXx98-IaBVXKTdwPByOIPH-Na2LRQYCMqpLGu5cbLIIkcw_5nyhYH4c-IoZ-2o_TCXNIssRMadSvkA96Zctjd-vzhmggvKPAB4ZEKETKuhMkscL2hf4lYO4uqfv3RwNURo4c-tqoWjgIK7mVubmlk=w2000-h1333-s-no-gm\" width=\"2000\" height=\"1333\" alt=\"Kazuo Kimura\" class=\"size-full\" \/><\/a><figcaption class=\"wp-caption-text\">Kazuo Kimura<\/figcaption><\/figure>\n<figure class=\"wp-caption aligncenter\"><a href=\"https:\/\/photos.google.com\/share\/AF1QipOMLYW4FNKw2kcw08y0FdFOYR3Uu3saL9M33nxEVLOqB2wqZmG8pHpMBypLu5qjAw\/photo\/AF1QipPYdDV9vKE5COUez1jkkyXENfgtKxnA-m6Ip2U?key=cUhxenFRWGVyZkZoVWRsc2lhVFFqdWVGWl82WGZ3\" target=\"_blank\" rel=\"noopener\"><img decoding=\"async\" src=\"https:\/\/lh3.googleusercontent.com\/pw\/AP1GczNzH9r6YXYx-31lFNlrwnWNaaYLFwSHv6dgKoL-FC2qR7shrDMZcPzlZIunSrPBCnXMin6Tl1kTGajfboiVjRU0he0_74cub153tekuyB-xQQFjxbOTIomffHNnNWFqXBNzHs3gOz4_OBsrXHF33aMt=w2000-h1333-s-no-gm?authuser=0\" width=\"2000\" height=\"1333\" alt=\"Shiro Fus\u00edvel\" class=\"size-full\" \/><\/a><figcaption class=\"wp-caption-text\">Shiro Fus\u00edvel<\/figcaption><\/figure>\n<figure class=\"wp-caption aligncenter\"><a href=\"https:\/\/photos.google.com\/share\/AF1QipOMLYW4FNKw2kcw08y0FdFOYR3Uu3saL9M33nxEVLOqB2wqZmG8pHpMBypLu5qjAw\/photo\/AF1QipOxqSsH4lPCAEYZCQ87eNY0WQa3r5VDYV8sFlw?key=cUhxenFRWGVyZkZoVWRsc2lhVFFqdWVGWl82WGZ3\" target=\"_blank\" rel=\"noopener\"><img decoding=\"async\" src=\"https:\/\/lh3.googleusercontent.com\/pw\/AP1GczOilL8d2M3pa1uXZNlmrfAskRJu2j6wxyF_ah-8ceWiWyXKYBrf_SgcFrDgv7Phbnu69U8TU_Cqx6XCQEN8BaBwax-sSuIahJXaJT6oe_Xm3ni-kSghBw64Kug50IXYfhlmtRwp62vkfH4ymULg6GMs=w2000-h1333-s-no-gm?authuser=0\" width=\"2000\" height=\"1333\" alt=\"Com todo o meu cora\u00e7\u00e3o...\" class=\"size-full\" \/><\/a><figcaption class=\"wp-caption-text\">Com todo o meu cora\u00e7\u00e3o...<\/figcaption><\/figure>\n<h4>2. Exerc\u00edcios Cerebrais: Moderador: Isamu Okita<\/h4>\n<p>Bata palmas na parte do &quot;n\u00e3o&quot; da letra da can\u00e7\u00e3o folcl\u00f3rica &quot;Kuroda Bushi&quot;. Depois, cante a m\u00fasica sem o &quot;n\u00e3o&quot;.<br \/>\n<figure class=\"wp-caption aligncenter\"><a href=\"https:\/\/photos.google.com\/share\/AF1QipOMLYW4FNKw2kcw08y0FdFOYR3Uu3saL9M33nxEVLOqB2wqZmG8pHpMBypLu5qjAw\/photo\/AF1QipPmzJLNa7uJhRfYIB9_8JNFdWVmX0-oKWz0dBI?key=cUhxenFRWGVyZkZoVWRsc2lhVFFqdWVGWl82WGZ3\" target=\"_blank\" rel=\"noopener\"><img decoding=\"async\" src=\"https:\/\/lh3.googleusercontent.com\/pw\/AP1GczMWYKUcrhfYVwWfSOwbGvtLt08PwR17vXEAmTtNTfl0QlU9tTNrsAuAxNg4Bwa2DgSLhCwZGrr0M8Me5NaCGFnkmNnEZy6IwEjFE3SptDujPFyI8fePG4q34CIcWRGqL9qMDjiWCZ-PiBqyoaefXR9T=w2000-h1333-s-no-gm?authuser=0\" width=\"2000\" height=\"1333\" alt=\"quebra-cabe\u00e7as\" class=\"size-full\" \/><\/a><figcaption class=\"wp-caption-text\">quebra-cabe\u00e7as<\/figcaption><\/figure>\n<h4>3. Jogo de bingo: apresentado por Masaaki Nozawa e Isamu Okita<\/h4>\n<figure class=\"wp-caption aligncenter\"><a href=\"https:\/\/photos.google.com\/share\/AF1QipOMLYW4FNKw2kcw08y0FdFOYR3Uu3saL9M33nxEVLOqB2wqZmG8pHpMBypLu5qjAw\/photo\/AF1QipM10H5enhuMrGAUmFNuxId0GDMWxjZw2X_iuTQ?key=cUhxenFRWGVyZkZoVWRsc2lhVFFqdWVGWl82WGZ3\" target=\"_blank\" rel=\"noopener\"><img decoding=\"async\" src=\"https:\/\/lh3.googleusercontent.com\/pw\/AP1GczOidifl_F8ZHMrX5niMuefTd7qUT5ZqTpL1kqojNHuWwGfDauHbdKPjjM8g5CiUjJNU8u6MKkDdK-y1MAWt9kZrFIf7NA29D2z6krxDg7EusYRUavxgLozLBffTFxibHUGfuWb_y7sy29B9q_kvJ-bH=w2000-h1333-s-no-gm?authuser=0\" width=\"2000\" height=\"1333\" alt=\"Bingo!!!\" class=\"size-full\" \/><\/a><figcaption class=\"wp-caption-text\">Bingo!!!<\/figcaption><\/figure>\n<figure class=\"wp-caption aligncenter\"><a href=\"https:\/\/photos.google.com\/share\/AF1QipOMLYW4FNKw2kcw08y0FdFOYR3Uu3saL9M33nxEVLOqB2wqZmG8pHpMBypLu5qjAw\/photo\/AF1QipNHB570HUUsjpPF5oWdK21SWvPmltcdoL5CMw4?key=cUhxenFRWGVyZkZoVWRsc2lhVFFqdWVGWl82WGZ3\" target=\"_blank\" rel=\"noopener\"><img decoding=\"async\" src=\"https:\/\/lh3.googleusercontent.com\/pw\/AP1GczPuX_x9CYzU_BSzUk58SBl4xpaXsK3zfeIngVm-pcbeSbGHOujQa8EuoqYkTOurB7z1ll079kwTOUghIESZrVi4oySfFsbDU-AA3_EzJLCxmoN399RCpqvITEQgrtq4Sdok3ttsOvhqoCQyvFlGg-Pw=w2000-h1333-s-no-gm?authuser=0\" width=\"2000\" height=\"1333\" alt=\"Pr\u00eamios do Bingo\" class=\"size-full\" \/><\/a><figcaption class=\"wp-caption-text\">Pr\u00eamios do Bingo<\/figcaption><\/figure>\n<h4>4. Sorteio especial: Apresentadores Ritsuko Nishimura e Isamu Okita<\/h4>\n<h5>Um presente da cidade de Hokuryu para a Associa\u00e7\u00e3o Hokuryu de Sapporo.<\/h5>\n<figure class=\"wp-caption aligncenter\"><a href=\"https:\/\/photos.google.com\/share\/AF1QipOMLYW4FNKw2kcw08y0FdFOYR3Uu3saL9M33nxEVLOqB2wqZmG8pHpMBypLu5qjAw\/photo\/AF1QipMD0uWctVrdpY1A_xVULJhSYQIZ0iG7SR3Zz6w?key=cUhxenFRWGVyZkZoVWRsc2lhVFFqdWVGWl82WGZ3\" target=\"_blank\" rel=\"noopener\"><img decoding=\"async\" src=\"https:\/\/lh3.googleusercontent.com\/pw\/AP1GczOAxKEOImPx6khip6y-PqKi0FPQDBKENKAHzsx_lqhEeGCWdaN5Z6djyx62XVtc3LoT8Y9V-apdTADyxy2sfSq9bN0D7dF4UiubLglInFxKzYRydQsY7x49iHYLnqkLqEwmGu7quGKPLGokJ58OPx6s=w2000-h1500-s-no-gm?authuser=0\" width=\"2000\" height=\"1500\" alt=\"Da cidade de Hokuryu \u00e0 Associa\u00e7\u00e3o Hokuryu de Sapporo\" class=\"size-full\" \/><\/a><figcaption class=\"wp-caption-text\">Da cidade de Hokuryu \u00e0 Associa\u00e7\u00e3o Hokuryu de Sapporo<\/figcaption><\/figure>\n<h5>Um presente da Associa\u00e7\u00e3o Sapporo Hokuryu para a cidade de Hokuryu.<\/h5>\n<figure class=\"wp-caption aligncenter\"><a href=\"https:\/\/photos.google.com\/share\/AF1QipOMLYW4FNKw2kcw08y0FdFOYR3Uu3saL9M33nxEVLOqB2wqZmG8pHpMBypLu5qjAw\/photo\/AF1QipOPE-qh5poiijKdaaWH008Qssq6Fx_rBOcbUgA?key=cUhxenFRWGVyZkZoVWRsc2lhVFFqdWVGWl82WGZ3\" target=\"_blank\" rel=\"noopener\"><img decoding=\"async\" src=\"https:\/\/lh3.googleusercontent.com\/pw\/AP1GczMMY1Tuo-ncd9lCdozzLXalmrFGsbP2WIk2DEW1oqSnaNhq0lwxaF_f41nFXMx8P-22mnxbkiyFa_0-Iw0Z_mrYZQIfyVMWzx9RJzPPXbvNKUH6tntgLr24wmwx-0WNQlafOkQje5gHPqzKlqWqdE_n=w2000-h1500-s-no-gm?authuser=0\" width=\"2000\" height=\"1500\" alt=\"De Sapporo Hokuryu-kai \u00e0 cidade de Hokuryu\" class=\"size-full\" \/><\/a><figcaption class=\"wp-caption-text\">De Sapporo Hokuryu-kai \u00e0 cidade de Hokuryu<\/figcaption><\/figure>\n<h3>Brinde: Presidente do Conselho Municipal de Hokuryu, Shoichi Nakamura<\/h3>\n<figure class=\"wp-caption aligncenter\"><a href=\"https:\/\/photos.google.com\/share\/AF1QipOMLYW4FNKw2kcw08y0FdFOYR3Uu3saL9M33nxEVLOqB2wqZmG8pHpMBypLu5qjAw\/photo\/AF1QipPkgAxhfDgT1oJKxAIVpkU8o9c3v9LK4QrLQ5M?key=cUhxenFRWGVyZkZoVWRsc2lhVFFqdWVGWl82WGZ3\" target=\"_blank\" rel=\"noopener\"><img decoding=\"async\" src=\"https:\/\/lh3.googleusercontent.com\/pw\/AP1GczNoznSSuVb3ueSeUcWYTUkGVR2ITcz95tyu-2sIUuR53RurHIFhVs2CXGWP8FGTjC2-DAviTkn6AVLBvbytVJOM5Xm4xgBXucftFhwM0KDLktLyuA4lpRXG1TLkv2PrZGBvItt-F5g2VCXYuOHUrccK=w2000-h1125-s-no-gm?authuser=0\" width=\"2000\" height=\"1125\" alt=\"Sr. Shoichi Nakamura, Membro do Conselho Municipal de Hokuryu\" class=\"size-full\" \/><\/a><figcaption class=\"wp-caption-text\">Sr. Shoichi Nakamura, Membro do Conselho Municipal de Hokuryu<\/figcaption><\/figure>\n<p>&quot;Parab\u00e9ns pela bem-sucedida assembleia geral da Sapporo Hokuryu-kai hoje.&quot;<br \/>\nNosso Conselho Municipal de Hokuryu tem capacidade para oito membros, mas no ano passado tivemos sete a menos do que o necess\u00e1rio. Muitas coisas aconteceram, incluindo uma transmiss\u00e3o pela televis\u00e3o, mas gra\u00e7as ao esfor\u00e7o de todos, conseguimos eleger oito membros na elei\u00e7\u00e3o suplementar de janeiro.<\/p>\n<p>Com duas deputadas, 25% do total de cadeiras ocupadas por mulheres \u00e9 um n\u00famero superior \u00e0 m\u00e9dia nacional, e a situa\u00e7\u00e3o passou de negativa para positiva.<\/p>\n<p>Gostaria de agradecer ao Sr. Sano por seu \u00e1rduo trabalho ao longo dos \u00faltimos 12 anos. O Sr. Sasaki ser\u00e1 o novo prefeito. Ser\u00e1 um desafio, dada a diminui\u00e7\u00e3o da popula\u00e7\u00e3o, mas farei o meu melhor, utilizando toda a minha experi\u00eancia para encontrar diversas solu\u00e7\u00f5es. Conto com o seu apoio cont\u00ednuo.<\/p>\n<p>O Conselheiro Sawada tamb\u00e9m est\u00e1 de volta, e a Conselheira Hayashi, rec\u00e9m-chegada, \u00e9 esposa do sacerdote principal do Templo Zenrinji. Ambos n\u00e3o puderam estar presentes hoje, mas contamos com o seu apoio cont\u00ednuo.<\/p>\n<p>Venham ao Festival do Girassol, e eu gostaria de propor um brinde \u00e0 esperan\u00e7a de que todos nos encontraremos novamente com sa\u00fade em nossa pr\u00f3xima reuni\u00e3o, no dia 3 de novembro. Sa\u00fade!&#039;, disse o Presidente Nakamura.<\/p>\n<figure class=\"wp-caption aligncenter\"><a href=\"https:\/\/photos.google.com\/share\/AF1QipOMLYW4FNKw2kcw08y0FdFOYR3Uu3saL9M33nxEVLOqB2wqZmG8pHpMBypLu5qjAw\/photo\/AF1QipPXFmypnvrgadHP5nquvYreiRHgUsPRLOCfoDI?key=cUhxenFRWGVyZkZoVWRsc2lhVFFqdWVGWl82WGZ3\" target=\"_blank\" rel=\"noopener\"><img decoding=\"async\" src=\"https:\/\/lh3.googleusercontent.com\/pw\/AP1GczPGYbDVrwyCuerxsg3v1cCMU8tmGbdgX-WWSfZr9nfZCY2mphiFWjFoNHWzchy-e3XQoHaZNehz_62tLUpef2Y86GXVUQgogh8Bul0mvm2ovPaXM-WxufzgNvZgxGM6xOKpc_un8Wh00PfdPsN9D1mx=w2000-h1125-s-no-gm?authuser=0\" width=\"2000\" height=\"1125\" alt=\"sa\u00fade!!!\" class=\"size-full\" \/><\/a><figcaption class=\"wp-caption-text\">sa\u00fade!!!<\/figcaption><\/figure>\n<p>Passaram-se 56 anos desde a funda\u00e7\u00e3o da Associa\u00e7\u00e3o Sapporo Hokuryu, e o nobre esp\u00edrito da cidade de Hokuryu continua a ser transmitido...<\/p>\n<p>Com amor, gratid\u00e3o e ora\u00e7\u00f5es infinitas a todos da Associa\u00e7\u00e3o Sapporo Hokuryu que tanto amam a cidade de Hokuryu e a protegem e apoiam...<\/p>\n<figure class=\"wp-caption aligncenter\"><a href=\"https:\/\/photos.google.com\/share\/AF1QipOMLYW4FNKw2kcw08y0FdFOYR3Uu3saL9M33nxEVLOqB2wqZmG8pHpMBypLu5qjAw\/photo\/AF1QipPIOIMxhAbDYcsDK0xYxB_QrJUsk55GZwYEtcY?key=cUhxenFRWGVyZkZoVWRsc2lhVFFqdWVGWl82WGZ3\" target=\"_blank\" rel=\"noopener\"><img decoding=\"async\" src=\"https:\/\/lh3.googleusercontent.com\/pw\/AP1GczMNknAgUm3shUphrxG9FGEbLK9ARrQLG_0Z3NO1Bo6SMREqyILKLmqTpenoj73CO1nuWPXjcdcPVp324VZ4msBw1gIZenJSBl7IqeiuqZo9qKAPeGLq1emIlfolyKrIbNMTwu0xWY8crQ047ygFdC6B=w2000-h1500-s-no-gm?authuser=0\" width=\"2000\" height=\"1500\" alt=\"Com gratid\u00e3o \u00e0s preciosas almas da cidade de Hokuryu!\" class=\"size-full\" \/><\/a><figcaption class=\"wp-caption-text\">Com gratid\u00e3o \u00e0s preciosas almas da cidade de Hokuryu!<\/figcaption><\/figure>\n<h2>v\u00eddeos do YouTube<\/h2>\n<div class=\"youtube\"><iframe title=\"Festival Hokuryu de Sapporo 2024: Moradores da cidade de Hokuryu e suas fam\u00edlias unidos em esp\u00edrito\" src=\"https:\/\/www.youtube.com\/embed\/5-OQqcCJMr8?feature=oembed\" frameborder=\"0\" allow=\"accelerometer; autoplay; clipboard-write; encrypted-media; gyroscope; picture-in-picture; web-share\" referrerpolicy=\"strict-origin-when-cross-origin\" allowfullscreen><\/iframe><\/div>\n<h2>Outras fotos<\/h2>\n<div class=\"img-move\"><img decoding=\"async\" style=\"vertical-align: middle;\" src=\"https:\/\/ehokkaido.net\/wp-content\/uploads\/2021\/12\/2021-12-06-11.41.12.png\" \/> <a href=\"https:\/\/photos.app.goo.gl\/L7gq7qjuWjcgH2SBA\" target=\"_blank\" rel=\"noopener noreferrer\">Clique aqui para ver 73 fotos do Festival Hokuryu de Sapporo de 2024, onde os moradores da cidade de Hokuryu e os habitantes locais se uniram em esp\u00edrito &gt;&gt;<\/a><\/div>\n<h2>Artigos relacionados<\/h2>\n<h4>2017 (Heisei 29)<\/h4>\n\n        <div class=\"site-blogcard-premium\">\n            <div class=\"bc-label-custom\">Artigos relacionados<\/div>\n            <div class=\"bc-flex-container\">\n                <div class=\"bc-main-text\">\n                    <div class=\"bc-title-link-box\">\n                        <a href=\"https:\/\/portal.hokuryu.info\/pt\/topics\/culture\/20170705.html\/\" target=\"_blank\">Recordando o lar no Festival Hokuryu de Sapporo de 2017 (Cidade de Sapporo) - Portal da Cidade de Hokuryu (Hokkaido) - A Vila de Girass\u00f3is n\u00ba 1 do Jap\u00e3o<\/a>\n                    <\/div>\n                    <div class=\"bc-excerpt-box\">No domingo, 25 de junho, o Festival Hokuryu de Sapporo de 2017 foi realizado no Sal\u00e3o Takasago do Sapporo Sunplaza 2...<\/div>\n                <\/div>\n                <div class=\"bc-thumbnail-box\">\n                    <a href=\"https:\/\/portal.hokuryu.info\/pt\/topics\/culture\/20170705.html\/\" target=\"_blank\">\n                        <div class=\"bc-img-zoom-wrap\">\n                            <img decoding=\"async\" src=\"https:\/\/lh3.googleusercontent.com\/hHk4aMyRhmdAPorcuybC0AZoq-W-09dwosX7kJkNFE_R2vNJ3gLIIQM2Y4O6Szt1AhRDGJtVhNGpja7UBFTQ7P4CPZyPaZ0-vXk-6fNA3DZg-alj62FeRdYBxKajQNVnTeRYuj4l64GzNnWlQogECjdZUlT1gJZDrxqHgCCxXznZjlRkpO17lrAxIr3BwLcojI1ZtfrW3hxcybAI5fGSxL2jgFIRshP7rOFoFokm15SQ5MyT-SpP0ojw4LY3Uli39Va8W3WoaQ7seV-h6yq0gGK1TK90uVsW-ANkbMgY8insmXBkbKqlLCu7kJc_DiG5s1WGVNtVAuotwH2v7Xvs9R6PKBMUjzthFUf_enT3_uuD76DMpsvEMJujCRKTsDU0ctmhsZunJm0R284i9pnJ45_qsVsYjP3-FCNwzcU80vyiRu6z8UiG-z3lprkYTXeBZTdgmtg78wDKoZ19wwsRMsfJoZxqtzALaSk4S4KbuZEWp8D2UvWIlrKDgweziQHH1F2z_dIYzN3mZmskfrVgzQ3HZEWk3sDOV45nJ7ZP6sG8YWxI2k3o9DDiVK0XD-Q9448y3yKtqZBDmUptADhnWNb8XCXEO4F0ISE9wpkvNQAgknpQIcL2sVZc-6l2aG5U7O4pqR-zfJyV2j9inoACuEVKicKmR48RKPzIK3TYVA=w2000-h1333-no\" alt=\"Recordando o lar no Festival Hokuryu de Sapporo de 2017 (Cidade de Sapporo) - Portal da Cidade de Hokuryu (Hokkaido) - A Vila de Girass\u00f3is n\u00ba 1 do Jap\u00e3o\">\n                        <\/div>\n                    <\/a>\n                <\/div>\n            <\/div>\n        <\/div>\n<h4>2012 (Heisei 24)<\/h4>\n\n        <div class=\"site-blogcard-premium\">\n            <div class=\"bc-label-custom\">Artigos relacionados<\/div>\n            <div class=\"bc-flex-container\">\n                <div class=\"bc-main-text\">\n                    <div class=\"bc-title-link-box\">\n                        <a href=\"https:\/\/portal.hokuryu.info\/pt\/topics\/circle\/20120628.html\/\" target=\"_blank\">Sapporo Hokuryu-kai (Cidade de Sapporo), um grupo de pessoas da cidade de Hokuryu com 50 anos de hist\u00f3ria - Portal da Cidade de Hokuryu (Hokkaido) - A Vila de Girass\u00f3is n\u00ba 1 do Jap\u00e3o<\/a>\n                    <\/div>\n                    <div class=\"bc-excerpt-box\">Uma paisagem japonesa de tirar o f\u00f4lego: a &quot;Vila dos Girass\u00f3is&quot; na cidade de Hokuryu, Hokkaido. Um ponto tur\u00edstico popular em Hokkaido. Visite pelo menos uma vez. (Sommelier de Arroz...).<\/div>\n                <\/div>\n                <div class=\"bc-thumbnail-box\">\n                    <a href=\"https:\/\/portal.hokuryu.info\/pt\/topics\/circle\/20120628.html\/\" target=\"_blank\">\n                        <div class=\"bc-img-zoom-wrap\">\n                            <img decoding=\"async\" src=\"https:\/\/lh5.googleusercontent.com\/-T5lFwGB_VUc\/T-mHaC7D_jI\/AAAAAAAAVXE\/hARdHuWopu4\/s720\/_IGP8736.JPG\" alt=\"Sapporo Hokuryu-kai (Cidade de Sapporo), um grupo de pessoas da cidade de Hokuryu com 50 anos de hist\u00f3ria - Portal da Cidade de Hokuryu (Hokkaido) - A Vila de Girass\u00f3is n\u00ba 1 do Jap\u00e3o\">\n                        <\/div>\n                    <\/a>\n                <\/div>\n            <\/div>\n        <\/div>\n\u3000 <\/p>\n<p>\u25c7 Entrevista e texto: Ikuko Terauchi (Fotografia e assist\u00eancia de edi\u00e7\u00e3o: Noboru Terauchi)<\/p>","protected":false},"excerpt":{"rendered":"<p>\uff12\uff10\uff12\uff14\u5e74\uff17\u6708\uff13\u65e5\uff08\u6c34\uff09 \uff16\u6708\uff13\uff10\u65e5\uff08\u65e5\uff09\uff11\uff18\uff1a\uff10\uff10\u301c\u3001\u4ee4\u548c\uff16\u5e74\u5ea6\u300c\u3055\u3063\u307d\u308d\u5317\u7adc\u796d\u300d\u304c\u3001\u672d\u5e4c\u30b5\u30f3\u30d7\u30e9\u30b6\uff08\u672d\u5e4c\u5e02\uff09\uff12\u968e\u300c\u7389\u8449\u306e\u9593\u300d\u3067\u76db\u5927\u306b\u958b\u50ac\u3055\u308c\u307e\u3057\u305f\u3002 \u4ee4\u548c\uff16\u5e74\u5ea6 \u3055\u3063\u307d\u308d\u5317\u7adc\u796d \u3055\u3063\u307d\u308d\u5317\u7adc\u4f1a \u3055 [&hellip;]<\/p>\n","protected":false},"author":1,"featured_media":47135,"comment_status":"open","ping_status":"open","sticky":false,"template":"","format":"standard","meta":{"footnotes":""},"categories":[4],"tags":[],"class_list":["post-47122","post","type-post","status-publish","format-standard","has-post-thumbnail","hentry","category-cover-story"],"_links":{"self":[{"href":"https:\/\/portal.hokuryu.info\/pt\/wp-json\/wp\/v2\/posts\/47122","targetHints":{"allow":["GET"]}}],"collection":[{"href":"https:\/\/portal.hokuryu.info\/pt\/wp-json\/wp\/v2\/posts"}],"about":[{"href":"https:\/\/portal.hokuryu.info\/pt\/wp-json\/wp\/v2\/types\/post"}],"author":[{"embeddable":true,"href":"https:\/\/portal.hokuryu.info\/pt\/wp-json\/wp\/v2\/users\/1"}],"replies":[{"embeddable":true,"href":"https:\/\/portal.hokuryu.info\/pt\/wp-json\/wp\/v2\/comments?post=47122"}],"version-history":[{"count":0,"href":"https:\/\/portal.hokuryu.info\/pt\/wp-json\/wp\/v2\/posts\/47122\/revisions"}],"wp:featuredmedia":[{"embeddable":true,"href":"https:\/\/portal.hokuryu.info\/pt\/wp-json\/wp\/v2\/media\/47135"}],"wp:attachment":[{"href":"https:\/\/portal.hokuryu.info\/pt\/wp-json\/wp\/v2\/media?parent=47122"}],"wp:term":[{"taxonomy":"category","embeddable":true,"href":"https:\/\/portal.hokuryu.info\/pt\/wp-json\/wp\/v2\/categories?post=47122"},{"taxonomy":"post_tag","embeddable":true,"href":"https:\/\/portal.hokuryu.info\/pt\/wp-json\/wp\/v2\/tags?post=47122"}],"curies":[{"name":"wp","href":"https:\/\/api.w.org\/{rel}","templated":true}]}}