{"id":46475,"date":"2024-06-24T13:13:54","date_gmt":"2024-06-24T04:13:54","guid":{"rendered":"https:\/\/portal.hokuryu.info\/?p=46475"},"modified":"2025-03-31T15:38:39","modified_gmt":"2025-03-31T06:38:39","slug":"%e8%be%b2%e6%9e%97%e6%b0%b4%e7%94%a3%e7%9c%81%e8%be%b2%e7%94%a3%e5%b1%80%e3%83%bb%e5%b9%b3%e5%bd%a2%e9%9b%84%e7%ad%96-%e5%b1%80%e9%95%b7%e3%81%94%e4%b8%80%e8%a1%8c%e3%81%ab%e3%82%88%e3%82%8b%e3%80%8c","status":"publish","type":"post","link":"https:\/\/portal.hokuryu.info\/pt\/46475\/","title":{"rendered":"Visita \u00e0 cidade de Hokuryu, conhecida pela produ\u00e7\u00e3o segura e confi\u00e1vel de arroz, liderada pelo Diretor Yusaku Hiragata do Departamento de Produtos Agr\u00edcolas do Minist\u00e9rio da Agricultura, Florestas e Pescas."},"content":{"rendered":"<p>Sexta-feira, 21 de junho de 2024<\/p>\n<p>No domingo, 16 de junho, o Diretor-Geral do Departamento de Produtos Agr\u00edcolas do Minist\u00e9rio da Agricultura, Florestas e Pescas, Yusaku Hiragata, bem como representantes do Minist\u00e9rio da Agricultura, Florestas e Pescas e do Gabinete de Pol\u00edticas Agr\u00edcolas de Hokkaido, visitaram a cidade de Hokuryu e trocaram opini\u00f5es com membros da Cooperativa Agr\u00edcola de Honoka.<\/p>\n<h2>Bem-vindos \u00e0 cidade de Hokuryu e bem-vindos ao diretor Yusaku Hiragata!<br \/>\n(Prefeitura de Hokuryu, tela de LCD)<\/h2>\n<figure class=\"wp-caption aligncenter\"><a href=\"https:\/\/photos.google.com\/share\/AF1QipNAsShBiibRysYgsOw8svZnvBjAFPnKGej1jCy7-5wkYWOlUNBGSKmFNzjQDEWwOA\/photo\/AF1QipMfthcqpIB3jgt1cQgzqqOhAEv2RlutjGPkB1U?key=eGktS2Nac0JzSU8zVWRDNGFveDNYcFdiNnBLNWt3\" target=\"_blank\" rel=\"noopener\"><img decoding=\"async\" src=\"https:\/\/lh3.googleusercontent.com\/pw\/AP1GczP0k44epRuSClevayvHxukfROMWT8MdHsiuuz983hU26d0W0OWQdGXy10oGR3v7uKtklmNJTODy1ix_o1cECJTkRAObOP049heHkduIa850f-ovMCXi339bE9_yLP5prEhg95UzLdRkbqrq_xaJyvbW=w2000-h1500-s-no-gm?authuser=0\" width=\"2000\" height=\"1500\" alt=\"Esquerda: Diretor Yusaku Hiragata, Direita: Prefeito Yasuhiro Sasaki\" class=\"size-full\" \/><\/a><figcaption class=\"wp-caption-text\">Esquerda: Diretor Yusaku Hiragata, Direita: Prefeito Yasuhiro Sasaki<\/figcaption><\/figure>\n<h3>Agradecemos a todos os visitantes.<\/h3>\n<ul>\n<li>Yusaku Hiragata, Diretor-Geral do Departamento de Produtos Agr\u00edcolas do Minist\u00e9rio da Agricultura, Florestas e Pescas.<\/li>\n<li>Taketo Asami, Diretor Adjunto da Equipe de Coordena\u00e7\u00e3o Agr\u00edcola de Uso da Terra, Divis\u00e3o de Planejamento, Departamento de Produtos Agr\u00edcolas, Minist\u00e9rio da Agricultura, Florestas e Pescas.<\/li>\n<li>Hajime Fukushima, Diretor do Escrit\u00f3rio de Administra\u00e7\u00e3o Agr\u00edcola de Hokkaido<\/li>\n<li>Sr. Kimitaka Sumi, Diretor Adjunto da Divis\u00e3o de Apoio \u00e0 Produ\u00e7\u00e3o, Escrit\u00f3rio de Administra\u00e7\u00e3o Agr\u00edcola de Hokkaido<\/li>\n<\/ul>\n<figure class=\"wp-caption aligncenter\"><a href=\"https:\/\/photos.google.com\/share\/AF1QipNAsShBiibRysYgsOw8svZnvBjAFPnKGej1jCy7-5wkYWOlUNBGSKmFNzjQDEWwOA\/photo\/AF1QipO_6PzYMVee510SJM5l-hK1ZjISgeNw7oLvz4I?key=eGktS2Nac0JzSU8zVWRDNGFveDNYcFdiNnBLNWt3\" target=\"_blank\" rel=\"noopener\"><img decoding=\"async\" src=\"https:\/\/lh3.googleusercontent.com\/pw\/AP1GczNXA16BVZ9CNSwBbDrxk8UWLB3lLlWfDtY9JHN4bBi1JR2naqPDQGYP91pGThTgrDKIf6uXx3WmnvGqdb7v33QVDRmoF1640AiJ4fVaQqRlacVNhfLrgM1-R6c_fTHHxBTj_B86w--ny5VCf9Fipggt=w2000-h1500-s-no-gm?authuser=0\" width=\"2000\" height=\"1500\" alt=\"Membros do Minist\u00e9rio da Agricultura, Florestas e Pescas e do Gabinete de Administra\u00e7\u00e3o Agr\u00edcola de Hokkaido\" class=\"size-full\" \/><\/a><figcaption class=\"wp-caption-text\">Membros do Minist\u00e9rio da Agricultura, Florestas e Pescas e do Gabinete de Administra\u00e7\u00e3o Agr\u00edcola de Hokkaido<\/figcaption><\/figure>\n<h4>Perfil de Yusaku Hirakata<\/h4>\n<p>Yusaku Hiragata nasceu em 13 de abril de 1964 (60 anos) e vem de uma fam\u00edlia de agricultores da vila de Takayama, distrito de Agatsuma, prov\u00edncia de Gunma (vila de Takayama: popula\u00e7\u00e3o de 3.167 habitantes em 1\u00ba de maio de 2024). Ap\u00f3s se formar na Faculdade de Direito da Universidade Keio, ingressou no Minist\u00e9rio da Agricultura, Florestas e Pescas (abril de 1989) e foi nomeado Diretor-Geral do Departamento de Produtos Agr\u00edcolas do Minist\u00e9rio da Agricultura, Florestas e Pescas (1\u00ba de julho de 2021).<\/p>\n<ul>\n<li>Mar\u00e7o de 1989 \u2013 Graduado pela Faculdade de Direito da Universidade de Keio.<\/li>\n<li>Abril de 1989 (Heisei 1) \u2013 Ingressou no Minist\u00e9rio da Agricultura, Florestas e Pescas.<\/li>\n<li>Abril de 2005 \u2013 Pesquisador(a), Divis\u00e3o de Planejamento e Avalia\u00e7\u00e3o, Secretaria do Ministro, Minist\u00e9rio da Agricultura, Florestas e Pescas<\/li>\n<li>Agosto de 2006 \u2013 Pesquisador e Secret\u00e1rio de Gabinete, Divis\u00e3o de Planejamento e Avalia\u00e7\u00e3o, Secretaria do Ministro, Minist\u00e9rio da Agricultura, Florestas e Pescas.<\/li>\n<li>Agosto de 2008 \u2013 Oficial de Pesquisa e Secret\u00e1rio de Gabinete, Divis\u00e3o de Pol\u00edticas, Minist\u00e9rio da Agricultura, Florestas e Pescas<\/li>\n<li>Janeiro de 2009 \u2013 Conselheiro, Secretaria do Ministro, Minist\u00e9rio da Agricultura, Florestas e Pescas<\/li>\n<li>Outubro de 2009 \u2013 Diretor da Divis\u00e3o de Organiza\u00e7\u00f5es Cooperativas, Departamento de Gest\u00e3o, Minist\u00e9rio da Agricultura, Florestas e Pescas.<\/li>\n<li>Junho de 2012 \u2013 Diretor da Divis\u00e3o de Pol\u00edticas de Gest\u00e3o, Departamento de Gest\u00e3o, Minist\u00e9rio da Agricultura, Florestas e Pescas<\/li>\n<li>Outubro de 2015 \u2013 Diretor da Divis\u00e3o de Assuntos Gerais, Departamento de Assuntos da Ind\u00fastria Alimentar, Minist\u00e9rio da Agricultura, Florestas e Pescas<\/li>\n<li>Julho de 2017 \u2013 Diretor da Divis\u00e3o de Or\u00e7amento, Secretaria do Ministro, Minist\u00e9rio da Agricultura, Florestas e Pescas<\/li>\n<li>Julho de 2018 \u2013 Diretor do Departamento de Produ\u00e7\u00e3o Agr\u00edcola, Secretaria de Produ\u00e7\u00e3o, Minist\u00e9rio da Agricultura, Florestas e Pescas, e Assistente do Diretor-Geral para Coordena\u00e7\u00e3o de Pol\u00edticas.<\/li>\n<li>Julho de 2021 \u2013 Diretor-Geral do Departamento de Produtos Agr\u00edcolas, Minist\u00e9rio da Agricultura, Florestas e Pescas<\/li>\n<\/ul>\n<h2>Escrit\u00f3rio da Cooperativa Agr\u00edcola de Honokano (Biba Beef)<\/h2>\n<p>Em seguida, os participantes se deslocaram da Prefeitura de Hokuryu para o escrit\u00f3rio da Cooperativa Agr\u00edcola de Honoka (Mibagyu), onde trocaram opini\u00f5es.<\/p>\n<figure class=\"wp-caption aligncenter\"><a href=\"https:\/\/photos.google.com\/share\/AF1QipNAsShBiibRysYgsOw8svZnvBjAFPnKGej1jCy7-5wkYWOlUNBGSKmFNzjQDEWwOA\/photo\/AF1QipPh9bomac5kMOTd2ycxc9XPpFwWe3_1bTebQLM?key=eGktS2Nac0JzSU8zVWRDNGFveDNYcFdiNnBLNWt3\" target=\"_blank\" rel=\"noopener\"><img decoding=\"async\" src=\"https:\/\/lh3.googleusercontent.com\/pw\/AP1GczN24F31YX7FHOIEBrVYV5o_sbBi88Vb-20pr6P8cv_0sQgAYz2zPWuOYnJ9rDR8RX01b1GyRxcKeDVi6SZb10UeQazreiJmHaXuIWbiQQFdb1V3QwP0bpN9AbtT3tdp8wXBulFfct5pAxdjQNhpNbWR=w2000-h1500-s-no-gm?authuser=0\" width=\"2000\" height=\"1500\" alt=\"Escrit\u00f3rio da Cooperativa Agr\u00edcola de Honoka\" class=\"size-full\" \/><\/a><figcaption class=\"wp-caption-text\">Escrit\u00f3rio da Cooperativa Agr\u00edcola de Honoka<\/figcaption><\/figure>\n<h3>Sauda\u00e7\u00f5es do Diretor Yusaku Hiragata<\/h3>\n<figure class=\"wp-caption aligncenter\"><a href=\"https:\/\/photos.google.com\/share\/AF1QipNAsShBiibRysYgsOw8svZnvBjAFPnKGej1jCy7-5wkYWOlUNBGSKmFNzjQDEWwOA\/photo\/AF1QipPPHk4JxX6NIO6ruHprfaLIBBjO0pffovQwbfg?key=eGktS2Nac0JzSU8zVWRDNGFveDNYcFdiNnBLNWt3\" target=\"_blank\" rel=\"noopener\"><img decoding=\"async\" src=\"https:\/\/lh3.googleusercontent.com\/pw\/AP1GczPnc2UEIRcLj-Spfiub7HIQwjyaF2GiPP2M4Pv-fgQrbK9Epn1PGCYR8_jWuZKcT-3LrxLeR5D8t_hr9VfQcSscAIC2atsquX1vSmIwpKeJ2M8NPSs70IzDIR9ylK4OaHkXPXFDDbqSwesjtv8DedWl=w2000-h1125-s-no-gm?authuser=0\" width=\"2000\" height=\"1125\" alt=\"Sauda\u00e7\u00f5es de Yusaku Hiragata\" class=\"size-full\" \/><\/a><figcaption class=\"wp-caption-text\">Sauda\u00e7\u00f5es de Yusaku Hiragata<\/figcaption><\/figure>\n<p>&quot;Agradecemos ao prefeito Sasaki e a todos os demais pelo convite.&quot;<\/p>\n<p>Estou em Hokkaido desde ontem, onde tenho discutido a emenda \u00e0 Lei B\u00e1sica sobre Alimenta\u00e7\u00e3o, Agricultura e \u00c1reas Rurais e a pol\u00edtica de arrozais. Em particular, recomendaram-me que visitasse a Cooperativa Agr\u00edcola Honoka na cidade de Hokuryu, ent\u00e3o decidi visit\u00e1-la mesmo sendo feriado.<\/p>\n<p>A garantia da seguran\u00e7a alimentar foi agora inclu\u00edda na Lei B\u00e1sica sobre Alimenta\u00e7\u00e3o, Agricultura e \u00c1reas Rurais revisada. Acredito que Hokkaido seja uma importante base para o cultivo de arroz, bem como de v\u00e1rios outros gr\u00e3os e vegetais.<\/p>\n<p>Penso que \u00e9 extremamente importante incentivar as pessoas em algumas das regi\u00f5es mais produtivas do Jap\u00e3o a trabalharem arduamente para produzir arroz de alta qualidade, para que o povo japon\u00eas n\u00e3o passe fome.<\/p>\n<p>Gostar\u00edamos de apoi\u00e1-lo e esperamos que voc\u00ea tenha sucesso. Agradecemos sua coopera\u00e7\u00e3o hoje&quot;, disse o Diretor Hiragata.<\/p>\n<h3>Troca de opini\u00f5es com a Cooperativa Agr\u00edcola Honoka<\/h3>\n<h4>Vis\u00e3o geral da cidade de Hokuryu, Hokkaido<\/h4>\n<ul>\n<li><strong>Localiza\u00e7\u00e3o:<\/strong>Aproximadamente 100 km ao norte de Sapporo, aproximadamente 50 km a oeste de Asahikawa.<\/li>\n<li><strong>Popula\u00e7\u00e3o:<\/strong>1.612 pessoas, 785 domic\u00edlios (em 1\u00ba de junho de 2024)<\/li>\n<li><strong>N\u00famero de fam\u00edlias agr\u00edcolas:<\/strong>Aproximadamente 140 unidades (em 1\u00ba de abril de 2024)<\/li>\n<li><strong>\u00c1rea de terra cultivada:<\/strong>2.977 hectares<br \/>\n(Arrozais 1.669 ha, campos 1.308 ha: trigo sarraceno 49 ha, soja 260 ha, trigo 230 ha)<\/li>\n<li><strong>\u00c1rea m\u00e9dia cultivada por domic\u00edlio<\/strong>21,3 hectares<\/li>\n<\/ul>\n<div class=\"img-move\"><figure class=\"wp-caption aligncenter\"><a href=\"https:\/\/maps.app.goo.gl\/XWQCC2zk9FE63X469\" target=\"_blank\" rel=\"noopener\"><img decoding=\"async\" src=\"https:\/\/lh3.googleusercontent.com\/pw\/AP1GczO0iChi2kInt60NGbogeh5aibqV9FbGS2Cb9oYXJDyB8jB1LzQychMsuIlONDUOnyC0TCOJzQjqOG4jwm8PM3kv6oxoBBFr5KZBg36xg2niUL9w1dmfh81wbeXV65t8TkZ5VUu0opUml4pDL3inn53T=w1848-h1598-s-no-gm?authuser=0\" width=\"500\" alt=\"A cidade de Hokuryu est\u00e1 localizada no noroeste de Hokkaido.\" class=\"size-full\" style=\"border:solid 1px blue\"\/><figcaption class=\"wp-caption-text\">[Mapa do Google] Cidade de Hokuryu, localizada no noroeste de Hokkaido.<\/a><\/figcaption><\/figure><\/div>\n<h3>JA Kitasorachi, Minoru Nagai, Diretor Representante do Distrito de Hokuryu<br \/>\nExplica\u00e7\u00e3o sobre o arroz &quot;Arroz de Girassol&quot; da cidade de Hokuryu<\/h3>\n<h4>Vencedor do Grande Pr\u00eamio na categoria Organiza\u00e7\u00e3o Coletiva na 46\u00aa edi\u00e7\u00e3o do Japan Agriculture Awards.<\/h4>\n<p>Em 2016, a Associa\u00e7\u00e3o de Produtores de Arroz com Girassol de Hokuryu ganhou o Grande Pr\u00eamio na categoria Organiza\u00e7\u00e3o Coletiva do 46\u00ba Pr\u00eamio Agr\u00edcola do Jap\u00e3o.<\/p>\n<p>O Pr\u00eamio de Agricultura do Jap\u00e3o \u00e9 patrocinado pela JA Zenchu, pelas Federa\u00e7\u00f5es Prefectuais da JA e pela NHK, e reconhece agricultores e grupos agr\u00edcolas que visam estabelecer a agricultura japonesa, trabalham ativamente para reformar e desenvolver a gest\u00e3o e a tecnologia e contribuem para o desenvolvimento de suas comunidades locais.<\/p>\n<div class=\"img-move\"><figure class=\"wp-caption aligncenter\"><a href=\"https:\/\/portal.hokuryu.info\/pt\/hokuryu-himawari-rice-pc.html\/\" target=\"_blank\" rel=\"noopener\"><img decoding=\"async\" src=\"https:\/\/lh3.googleusercontent.com\/pw\/AP1GczPUNI0fMC0Rq-f-vaVpkiPxd8s7SbQzP8f1SGbzcVJVYW0GKjuyT5-FbWjIaoteFwWvMkhq76RmDjebo1zC9uXfEogV1TNM3DmhqZ55hfX-m6nVCG0xvCy1fADvp01ur_xYluswy5NUshiDGePeydCH=w1361-h766-s-no-gm?authuser=0\" width=\"1361\" height=\"766\" alt=\"A Associa\u00e7\u00e3o de Produtores de Arroz com Girassol de Hokuryu ganhou o Grande Pr\u00eamio na categoria Organiza\u00e7\u00e3o Coletiva na 46\u00aa edi\u00e7\u00e3o do Pr\u00eamio Agr\u00edcola do Jap\u00e3o.\" class=\"size-full\" \/><figcaption class=\"wp-caption-text\">A Associa\u00e7\u00e3o de Produtores de Arroz com Girassol de Hokuryu ganhou o Grande Pr\u00eamio na categoria Organiza\u00e7\u00e3o Coletiva na 46\u00aa edi\u00e7\u00e3o do Pr\u00eamio Agr\u00edcola do Jap\u00e3o. [Artigo em destaque no Portal da Cidade de Hokuryu]<\/a><\/figcaption><\/figure><\/div>\n<p>A Associa\u00e7\u00e3o de Produtores de Arroz com Girassol de Hokuryu recebeu o Grande Pr\u00eamio em reconhecimento aos seus esfor\u00e7os em toda a cidade para reduzir o uso de pesticidas, \u00e0 sua aquisi\u00e7\u00e3o do padr\u00e3o de divulga\u00e7\u00e3o de informa\u00e7\u00f5es sobre produ\u00e7\u00e3o de produtos agr\u00edcolas JAS e \u00e0s suas atividades de promo\u00e7\u00e3o de vendas em toda a cidade.<\/p>\n<p>A cidade de Hokuryu tem uma longa hist\u00f3ria de cultivo de arroz ecologicamente correto e, desde 1988, quando as regulamenta\u00e7\u00f5es sobre pesticidas ainda eram brandas, a cidade tem se dedicado ativamente \u00e0 agricultura org\u00e2nica, \u00e0 redu\u00e7\u00e3o do uso de pesticidas e ao cultivo livre de pragas.<\/p>\n<p>A cidade de Hokuryu se declarou &quot;uma cidade que prioriza a produ\u00e7\u00e3o segura de alimentos para proteger a vida e a sa\u00fade de seus cidad\u00e3os&quot;, e o Comit\u00ea Agr\u00edcola, o Distrito de Melhoramento de Terras e a cidade de Hokuryu t\u00eam trabalhado em conjunto para cultivar produtos agr\u00edcolas seguros.<\/p>\n<p>A Associa\u00e7\u00e3o de Produtores de Arroz com Girassol obteve a certifica\u00e7\u00e3o JAS para produtos agr\u00edcolas que exigem a divulga\u00e7\u00e3o de informa\u00e7\u00f5es sobre a produ\u00e7\u00e3o e divulgou todas as informa\u00e7\u00f5es aos consumidores.<\/p>\n<p>Das 140 fam\u00edlias agr\u00edcolas que comp\u00f5em a Associa\u00e7\u00e3o de Produtores de Arroz Sunflower, 100 s\u00e3o produtoras de arroz, e todas elas est\u00e3o empenhadas em cumprir as normas JAS para produtos agr\u00edcolas que exigem a divulga\u00e7\u00e3o de informa\u00e7\u00f5es sobre a produ\u00e7\u00e3o.<\/p>\n<p>&quot;Hokuryu \u00e9 a \u00fanica cidade do pa\u00eds onde todas as cooperativas de produ\u00e7\u00e3o foram certificadas&quot;, disse Nagai, diretor representante do distrito de Hokuryu.<\/p>\n<h4>Pioneiro: Ryoji Kikura (ex-diretor representante e presidente da JA Kitasorachi e residente honor\u00e1rio da cidade de Hokuryu: conforme consta no folheto distribu\u00eddo no dia)<\/h4>\n<p>Em 1973, o falecido Toru Goto e Ryoji Kikura (ent\u00e3o presidente da Associa\u00e7\u00e3o Cooperativa Agr\u00edcola da Cidade de Hokuryu) come\u00e7aram a cultivar arroz utilizando m\u00e9todos de cultivo natural.<\/p>\n<p>Ryoji Kikura defende a ideia de que &quot;comida \u00e9 vida&quot; e<strong>&quot;Controle de qualidade das condi\u00e7\u00f5es de produ\u00e7\u00e3o&quot;<\/strong>Ele enfatizou a import\u00e2ncia de<\/p>\n<p>&quot;Os alimentos originais dependem da for\u00e7a da \u00e1gua, sustentados por montanhas, \u00e1rvores e vegeta\u00e7\u00e3o. Os fundamentos da agricultura s\u00e3o n\u00e3o degradar ou poluir a terra que nos foi legada, aprimorar o esp\u00edrito do agricultor que protege a sua vida e nutrir aqueles que dar\u00e3o continuidade a ela&quot;, ele repete constantemente.<\/p>\n<p>Em junho de 1988, na &quot;Reuni\u00e3o de Agricultores para Proteger a Vida e a Sa\u00fade do Povo&quot;, a ala jovem da cooperativa agr\u00edcola fez uma declara\u00e7\u00e3o sobre a produ\u00e7\u00e3o segura de alimentos.<\/p>\n<div class=\"img-move\"><figure class=\"wp-caption aligncenter\"><a href=\"https:\/\/portal.hokuryu.info\/pt\/31230\/\" target=\"_blank\" rel=\"noopener\"><img decoding=\"async\" src=\"https:\/\/lh3.googleusercontent.com\/pw\/AP1GczOfsyDUWkosG6aXoKxl0gLjCyDA0GhYMimVR7-FTDtC97VEtXwyPGQS52Xu9N-vFMq-yDDU5y2PtW_KG4O3zNIn-BZomIXE3izWW0dPshf9tQahpNX0FRDGYmcwd1yON4GwtgcQToVgPoI5n9PYjF5i=w1130-h1598-s-no-gm?authuser=0\" width=\"500\" alt=\"Pioneiro Ryoji Kikura: \u201cComida \u00e9 vida\u201d\" class=\"size-full\" style=\"border:solid 1px blue\"\/><figcaption class=\"wp-caption-text\">&quot;Comida \u00e9 Vida&quot;, do pioneiro Ryoji Kikura [Artigo em destaque no Portal da Cidade de Hokuryu]<\/a><\/figcaption><\/figure><\/div>\n<p>Como regi\u00e3o produtora de arroz, os produtores trabalham juntos para valorizar a ideia de que &quot;alimento \u00e9 vida&quot; e usam suas m\u00e3os, habilidades e cora\u00e7\u00f5es para produzir alimentos seguros para as pessoas, protegendo e nutrindo assim &quot;a vida, a alimenta\u00e7\u00e3o, o meio ambiente e os meios de subsist\u00eancia&quot;, com o objetivo de contribuir para as pessoas, a regi\u00e3o e a sociedade.<\/p>\n<h4>Tecnologia org\u00e2nica JAS (conforme o folheto distribu\u00eddo no dia)<\/h4>\n<ul>\n<li>Com base na prepara\u00e7\u00e3o do solo, melhoramos as propriedades f\u00edsicas, qu\u00edmicas e biol\u00f3gicas do solo e trabalhamos para prever a ocorr\u00eancia de pragas e doen\u00e7as.<\/li>\n<li>A capina \u00e9 feita arando duas vezes e usando uma enxada rotativa.<\/li>\n<li>Utilize pesticidas biol\u00f3gicos e produtos de limpeza \u00e0 base de \u00f3leo de lama para combater as pragas.<\/li>\n<\/ul>\n<h4>Esterilizador de \u00e1gua quente para sementes de arroz<\/h4>\n<p>&quot;Como uma das t\u00e9cnicas para agricultura org\u00e2nica sob o padr\u00e3o JAS, fomos os primeiros a adotar a &#039;m\u00e1quina de esteriliza\u00e7\u00e3o de sementes de arroz com \u00e1gua quente&#039;. A esteriliza\u00e7\u00e3o de sementes \u00e9 uma etapa necess\u00e1ria para reduzir o uso de pesticidas qu\u00edmicos e, ao utilizarmos essa esteriliza\u00e7\u00e3o com \u00e1gua quente, podemos limitar a quantidade de pesticidas utilizada.&quot;<\/p>\n<ul>\n<li>Um m\u00e9todo para desinfetar sementes de arroz sem depender de pesticidas qu\u00edmicos \u00e9 a desinfec\u00e7\u00e3o com \u00e1gua quente.<\/li>\n<li>A filial de Hokuryu da JA Kitasorachi inaugurou uma planta completa de desinfec\u00e7\u00e3o de \u00e1gua quente com subs\u00eddios da prefeitura e da cidade de Hokuryu.<\/li>\n<li>A desinfec\u00e7\u00e3o com \u00e1gua quente mata todas as bact\u00e9rias esterilizando as sementes em \u00e1gua a 60\u00b0C durante 10 minutos.<\/li>\n<\/ul>\n<div class=\"img-move\"><figure class=\"wp-caption aligncenter\"><a href=\"https:\/\/portal.hokuryu.info\/pt\/topics\/agri\/20120329\/\" target=\"_blank\" rel=\"noopener\"><img decoding=\"async\" src=\"https:\/\/lh3.googleusercontent.com\/pw\/AP1GczN-qAvt2OGqi2KTeu7xhlMQNdaIlrYtleS00q4FvZJnqiDBSTQ_N5i53mdiaQketWRVsfhFISwX41fxSTH9UH4tAOyx7wXl-DviAW59qKkEsxT18gK1I97pM-g8FixUwN2souHBGf_j2gtTY1WA2cMd=w720-h480-s-no-gm?authuser=0\" width=\"720\" height=\"480\" alt=\"Esterilizador de \u00e1gua quente para sementes de arroz\" class=\"size-full\" \/><figcaption class=\"wp-caption-text\">Esterilizador de \u00e1gua quente para sementes de arroz [Artigo em destaque no Portal da Cidade de Hokuryu]<\/a><\/figcaption><\/figure><\/div>\n<p>&quot;Trabalhamos com arroz org\u00e2nico e arroz de cultivo especial, que representam cerca de 10% da nossa produ\u00e7\u00e3o de arroz. Entre eles, o nosso arroz com redu\u00e7\u00e3o de pesticidas, &#039;Kitakurin&#039;, pode ser cultivado usando apenas quatro pesticidas (em compara\u00e7\u00e3o com os 22 pesticidas usados na agricultura convencional), e o vendemos como arroz seguro e confi\u00e1vel&quot;, explicou Nagai, Diretor Representante do Distrito de Hokuryu.<\/p>\n<h4>M\u00e1quina de classifica\u00e7\u00e3o por cor na unidade de beneficiamento de arroz integral a granel de Hokuryu (da publica\u00e7\u00e3o distribu\u00edda no dia).<\/h4>\n<div class=\"img-move\"><figure class=\"wp-caption aligncenter\"><a href=\"https:\/\/portal.hokuryu.info\/pt\/5982\/#outline_1__5_7\" target=\"_blank\" rel=\"noopener\"><img decoding=\"async\" src=\"https:\/\/lh3.googleusercontent.com\/pw\/AP1GczND7hERn9npwzKblK6XDQL6uP6FbQspAJ7nzG3aoULEUHoN-RtBuxjvmlq6CMeHfx8mKS2mA3AD1vRHKl8Hv2n0LJt_7UZQEP9ScpTtFg0FfGFvrs98Wbwjj5SO3wUKSJADFxCOFsmSsx7NVwIox2i8=w2048-h1365-s-no-gm?authuser=0\" width=\"2048\" height=\"1365\" alt=\"M\u00e1quina de classifica\u00e7\u00e3o por cor da unidade de processamento de arroz integral a granel de Hokuryu [Artigo em destaque no Portal da Cidade de Hokuryu]\" class=\"size-full\" \/><figcaption class=\"wp-caption-text\">M\u00e1quina de classifica\u00e7\u00e3o por cor da unidade de processamento de arroz integral a granel de Hokuryu [Artigo em destaque no Portal da Cidade de Hokuryu]<\/a><\/figcaption><\/figure><\/div>\n<p>Na unidade de beneficiamento de arroz integral a granel de Hokuryu, foi instalado um novo sistema para melhorar a efici\u00eancia em tarefas que antes eram realizadas manualmente.<\/p>\n<ul>\n<li>Para remover materiais estranhos, toda a quantidade \u00e9 processada por meio de uma separadora de cores.<\/li>\n<li>Dispositivos de preven\u00e7\u00e3o de contamina\u00e7\u00e3o instalados em todas as linhas<\/li>\n<li>Introdu\u00e7\u00e3o de um sistema de rastreabilidade e identifica\u00e7\u00e3o automatizada de produtores.<\/li>\n<\/ul>\n<p>Ao inserir o n\u00famero do lote impresso na embalagem do arroz de girassol no site da JA Kitasorachi Hokuryu Branch\/Agricultural Product Production Information Disclosure JAS, voc\u00ea pode encontrar informa\u00e7\u00f5es detalhadas sobre o produto, como o nome do produtor, foto, data da colheita, nomes dos pesticidas e fertilizantes utilizados, n\u00famero de aplica\u00e7\u00f5es e quantidade utilizada, al\u00e9m de um mapa do arrozal.<\/p>\n<div class=\"img-move\"><figure id=\"attachment_46742\" class=\"wp-caption aligncenter\"><a href=\"http:\/\/www.hokuryu-mai.com\/\" target=\"_blank\" rel=\"noopener\"><img decoding=\"async\" src=\"https:\/\/lh3.googleusercontent.com\/pw\/AP1GczONgJqbqTsnoEncGxUo1UOcimd0wsaTcYeC2lrP7Me4q64_IN9M7q5x7vkFbQqhxfvNwJvTudflAHBII6NDSOYwNnh9O82C3EXwTVkUePqxYSpVNRVrNizd_e7DNaxnkRakoCjg7Xj4XDOveIcoWE-g=w952-h346-s-no-gm?authuser=0\" alt=\"Filial de Kitasorachi Hokuryu da JA \/ Divulga\u00e7\u00e3o de informa\u00e7\u00f5es sobre a produ\u00e7\u00e3o de produtos agr\u00edcolas - P\u00e1gina inicial da JAS\" width=\"1500\" class=\"size-full wp-image-46742\" style=\"border:solid 1px blue\"\/><figcaption class=\"wp-caption-text\">Filial de Kitasorachi Hokuryu da JA \/ Divulga\u00e7\u00e3o de informa\u00e7\u00f5es sobre a produ\u00e7\u00e3o de produtos agr\u00edcolas - P\u00e1gina inicial da JAS<\/a><\/figcaption><\/figure>\n<figure id=\"attachment_46742\" class=\"wp-caption aligncenter\"><a href=\"http:\/\/www.hokuryu-mai.com\/\" target=\"_blank\" rel=\"noopener\"><img decoding=\"async\" src=\"https:\/\/portal.hokuryu.info\/wp\/wp-content\/uploads\/2024\/06\/6fd5afe0ab8540331d0934ca56ca77b8-scaled.jpg\" alt=\"Filial de Kitasorachi Hokuryu da JA \/ Divulga\u00e7\u00e3o de informa\u00e7\u00f5es sobre a produ\u00e7\u00e3o de produtos agr\u00edcolas - P\u00e1gina inicial da JAS\" width=\"500\" class=\"size-full wp-image-46742\" style=\"border:solid 1px blue\"\/><figcaption class=\"wp-caption-text\">Filial de Kitasorachi Hokuryu da JA \/ Divulga\u00e7\u00e3o de informa\u00e7\u00f5es sobre a produ\u00e7\u00e3o de produtos agr\u00edcolas - P\u00e1gina inicial da JAS<\/a><\/figcaption><\/figure><\/div>\n<p>O arroz integral, seco na fazenda e transportado para as instala\u00e7\u00f5es, passa primeiro por uma &quot;inspe\u00e7\u00e3o volunt\u00e1ria&quot; realizada pela equipe da JA Kitasorachi. A porcentagem de prote\u00edna e o tamanho do gr\u00e3o s\u00e3o determinados por uma m\u00e1quina de inspe\u00e7\u00e3o, e as informa\u00e7\u00f5es s\u00e3o processadas por computador.<\/p>\n<h5>Crit\u00e9rios de aceita\u00e7\u00e3o para arroz integral<\/h5>\n<ul>\n<li>Valor proteico (4 categorias), tamanho do gr\u00e3o integral (4 categorias)<\/li>\n<li>Classifica\u00e7\u00e3o de ajuste (5 categorias), variedade (13 categorias)<\/li>\n<li>N\u00famero de identifica\u00e7\u00e3o do produto (8 categorias) Cultivo geral (por variedade)<\/li>\n<li>JAS org\u00e2nico (por variedade) Cultivado especialmente (por variedade)<br \/>\n\u3000<\/li>\n<li>Categoria de cultivo x prote\u00edna x tamanho do gr\u00e3o x classifica\u00e7\u00e3o de ajuste = 3.500 variedades de arroz dispon\u00edveis para envio.<\/li>\n<li>Nos resultados reais, foram coletados 335 tipos de arroz n\u00e3o glutinoso e 29 tipos de arroz glutinoso durante a triagem no momento do recebimento.<\/li>\n<li>Existem 115 variedades \u00e0 venda (103 variedades de arroz n\u00e3o glutinoso e 12 variedades de arroz glutinoso).<\/li>\n<\/ul>\n<h5>Por que se dar a tanto trabalho para separar e coletar os itens?<\/h5>\n<ol>\n<li>Do ponto de vista dos produtores, \u00e9 gratificante ter o arroz que cultivaram com tanto esfor\u00e7o classificado. Isso tamb\u00e9m leva a um aumento na taxa de coleta para a JA.<\/li>\n<li>Do ponto de vista do consumidor, \u00e9 reconhecida como uma \u00e1rea de produ\u00e7\u00e3o capaz de atender a diversas necessidades.<\/li>\n<\/ol>\n<h4>Compromisso do Arroz de Girassol (Do folheto distribu\u00eddo no dia)<\/h4>\n<ol>\n<li>Os produtores de arroz em Hokkaido s\u00e3o de alto padr\u00e3o e, para ser sincero, quase n\u00e3o h\u00e1 diferen\u00e7a no sabor.<\/li>\n<li>Na filial JA Kitasorachi Hokuryu, apenas o arroz que atende aos mais altos padr\u00f5es de qualidade, como o teor de prote\u00edna, que influencia o sabor, \u00e9 comercializado como &quot;Arroz de Girassol&quot;. Isso garante a consist\u00eancia do sabor e permite que o arroz armazenado em um dep\u00f3sito com baixa temperatura seja entregue com o mesmo sabor de arroz fresco.<\/li>\n<li>100% do arroz \u00e9 colhido nas instala\u00e7\u00f5es e selecionado por meio de uma m\u00e1quina de classifica\u00e7\u00e3o por cor para remover qualquer mat\u00e9ria estranha, resultando em um arroz n\u00e3o apenas delicioso, mas tamb\u00e9m seguro.<\/li>\n<\/ol>\n<h3>Troca de opini\u00f5es: Uso do GPS na agricultura inteligente<\/h3>\n<p><strong>\u2742 Sr. Nagai, Diretor Representante do Distrito de Hokuryu<\/strong>&quot;Com a diminui\u00e7\u00e3o do n\u00famero de produtores em todo o pa\u00eds, estamos agora numa situa\u00e7\u00e3o em que precisamos adotar a agricultura inteligente para economizar m\u00e3o de obra e produzir produtos de alta qualidade. Esta cidade \u00e9 cercada por montanhas, ent\u00e3o h\u00e1 \u00e1reas sinuosas no meio e regi\u00f5es montanhosas, e se adot\u00e1ssemos as TIC (Tecnologias da Informa\u00e7\u00e3o e Comunica\u00e7\u00e3o), seria dif\u00edcil garantir sinais de GPS.&quot;<br \/>\nDurante a \u00e9poca do plantio de arroz nesta primavera, ocorreram incidentes de mau funcionamento do GPS. Corre o boato de que isso se deveu aos efeitos de uma erup\u00e7\u00e3o solar. O GPS comportou-se de maneira diferente do habitual, n\u00e3o se movendo em linha reta, mas serpenteando, parando e perdendo suas configura\u00e7\u00f5es em cerca de 10 ocasi\u00f5es.<\/p>\n<p><strong>\u2742 Diretor Hirakata<\/strong>&quot;Atualmente, em que percentagem do total de locais considera que o GPS pode ser utilizado?&quot;<\/p>\n<p><strong>\u2742 Sr. Nagai, Diretor Representante do Distrito de Hokuryu<\/strong>&quot;Acho que cerca de 60% dos dados s\u00e3o utiliz\u00e1veis em terrenos planos normais. Com um GPS que mede a altitude, acho que esse percentual cai para menos de 50%.&quot;<\/p>\n<p><strong>\u2742 Diretor Hirakata<\/strong>&quot;Olhando pela janela do trem, pude ver grandes extens\u00f5es de terra cultivada, e parecia que seria um trabalho \u00e1rduo nivel\u00e1-las. Acredito que a instala\u00e7\u00e3o de esta\u00e7\u00f5es base tamb\u00e9m precisa ser coordenada n\u00e3o apenas pelo Minist\u00e9rio da Agricultura, Florestas e Pescas, mas tamb\u00e9m pelo Minist\u00e9rio do Interior e Comunica\u00e7\u00f5es, que tem jurisdi\u00e7\u00e3o sobre os governos locais e outras organiza\u00e7\u00f5es n\u00e3o agr\u00edcolas. Gostaria de trabalhar nisso, estando ciente dessas quest\u00f5es.&quot;<\/p>\n<h3>Sobre a Cooperativa Agr\u00edcola Honoka - Vis\u00e3o Geral dos Neg\u00f3cios: Explica\u00e7\u00e3o do Representante Toshimitsu Yamada e Materiais Distribu\u00eddos no Dia<\/h3>\n<p>Em 2012, a Cooperativa Agr\u00edcola Honoka iniciou o trabalho conjunto e a contabiliza\u00e7\u00e3o do cultivo de arroz em casca com cinco fazendas, com o objetivo de se incorporar.<\/p>\n<p>A empresa foi registrada na Secretaria de Assuntos Jur\u00eddicos e fundada em 2014. O subs\u00eddio de expans\u00e3o da \u00e9poca foi usado como capital inicial. Eles tamb\u00e9m come\u00e7aram a vender frutas e verduras e, ao longo de tr\u00eas anos, se tornaram uma empresa \u00fanica especializada em girass\u00f3is. Inicialmente, o faturamento era de cerca de 150 milh\u00f5es de ienes, mas agora ultrapassa 250 milh\u00f5es de ienes. H\u00e1 despesas em geral, ent\u00e3o o faturamento n\u00e3o \u00e9 muito alto. N\u00e3o estamos tendo lucro (risos)\u201d, diz o CEO Yamada.<\/p>\n<h4>O que \u00e9 uma corpora\u00e7\u00e3o de cooperativas agr\u00edcolas?<\/h4>\n<p>Dentre as empresas de produ\u00e7\u00e3o agr\u00edcola, as cooperativas agr\u00edcolas possuem um sistema e estrutura diferentes das corpora\u00e7\u00f5es tradicionais, sendo cooperativas baseadas no princ\u00edpio da igualdade.<\/p>\n<h4>Membros<\/h4>\n<ul>\n<li><strong>Membros investidores:<\/strong>9 pessoas<\/li>\n<li><strong>Novos agricultores:<\/strong>5 pessoas<\/li>\n<li><strong>macho:<\/strong>10 pessoas (2 na faixa dos 20 anos, 2 na faixa dos 30 anos, 2 na faixa dos 40 anos, 1 na faixa dos 50 anos, 3 na faixa dos 60 anos)<\/li>\n<li><strong>mulher:<\/strong>8 pessoas (entre 20 e 60 anos)<\/li>\n<li>Outros trabalhos de meio per\u00edodo<\/li>\n<\/ul>\n<h4>\u00c1rea cultivada em 2020: 17.318 hectares (aprox. 4 km x 4 km)<\/h4>\n<ul>\n<li><strong>Arroz de casca:<\/strong>12.268a<\/li>\n<li><strong>Soja:<\/strong>960a<\/li>\n<li><strong>Trigo de outono:<\/strong>442a<\/li>\n<li><strong>Girassol comest\u00edvel:<\/strong>187a<\/li>\n<li><strong>Para o \u00f3leo de girassol:<\/strong>357a<\/li>\n<li><strong>Girass\u00f3is na paisagem:<\/strong>148a<\/li>\n<li><strong>Mel\u00e3o da Casa:<\/strong>135a<\/li>\n<li><strong>Pain\u00e7o:<\/strong>406a<\/li>\n<li><strong>Aduba\u00e7\u00e3o verde, canteiros aquecidos, etc.:<\/strong>1.170a<\/li>\n<li><strong>vegetais    :<\/strong>28a<\/li>\n<li><strong>total:<\/strong>17.318a<br \/>\nAproximadamente 4 km x 4 km = 340 C\u00fapulas de T\u00f3quio\n<\/li>\n<\/ul>\n<h4>Principais eventos de mar\u00e7o a outubro<\/h4>\n<ul>\n<li>Interc\u00e2mbio de experi\u00eancias agr\u00edcolas com estudantes universit\u00e1rios.<\/li>\n<li>Experi\u00eancia em inspe\u00e7\u00e3o e colheita<\/li>\n<li>Aceitamos estagi\u00e1rios agr\u00edcolas.<\/li>\n<li>Encontro de meninas\/nata\u00e7\u00e3o<\/li>\n<li>Trabalho agr\u00edcola e churrascos ocasionais.<\/li>\n<\/ul>\n<h4>Cita\u00e7\u00e3o do Instagram da Cooperativa Agr\u00edcola Honoka<a href=\"https:\/\/www.instagram.com\/honoka.hokuryu\/\" rel=\"noopener\" target=\"_blank\">(Instagram aqui&gt;&gt;)<\/a><\/h4>\n<div class=\"img-move\">\n<h5><a href=\"https:\/\/www.instagram.com\/reel\/C4-GxGNB2BA\/?utm_source=ig_web_copy_link&#038;igsh=MzRlODBiNWFlZA==\" target=\"_blank\" rel=\"noopener\">Mar\u00e7o: Foram montadas tendas nas estufas. O trabalho colaborativo dos membros aumentou a efici\u00eancia.<\/a><\/h5>\n<figure class=\"wp-caption aligncenter\"><a href=\"https:\/\/www.instagram.com\/reel\/C4-GxGNB2BA\/?utm_source=ig_web_copy_link&#038;igsh=MzRlODBiNWFlZA==\" target=\"_blank\" rel=\"noopener\"><img decoding=\"async\" src=\"https:\/\/lh3.googleusercontent.com\/pw\/AP1GczNApdDI0ZMnT3ttAkzv5KFb_YSXexuH1PUwcAOfD3Nyorp0IwCMLmFx0OjoCeUVbHQjoZ07Z0lVoObWvQxySng_2T5ktaaX1EIoqWUYl_BoWGSrUa7tAAVbFDnleAISEOCqpx_4NFOwMqEpP1QFRMO0=w798-h1462-s-no-gm?authuser=0\" width=\"500\" alt=\"Monte a estufa com tendas em mar\u00e7o.\" class=\"size-full\" \/><figcaption class=\"wp-caption-text\">Mar\u00e7o: Montagem das tendas na estufa<\/a><\/figcaption><\/figure>\n<h5><a href=\"https:\/\/www.instagram.com\/p\/Cr-l67mhVbC\/?utm_source=ig_web_copy_link&#038;igsh=MzRlODBiNWFlZA==\" target=\"_blank\" rel=\"noopener\">Maio: Encontro de Mo\u00e7as para Apreciar as Cerejeiras em Flor em Honoka (no Santu\u00e1rio Mihoushi) Uma festa harmoniosa e acolhedora para contemplar as cerejeiras em flor, que aquece o cora\u00e7\u00e3o.<\/a><\/h5>\n<figure class=\"wp-caption aligncenter\"><a href=\"https:\/\/www.instagram.com\/p\/Cr-l67mhVbC\/?utm_source=ig_web_copy_link&#038;igsh=MzRlODBiNWFlZA==\" target=\"_blank\" rel=\"noopener\"><img decoding=\"async\" src=\"https:\/\/lh3.googleusercontent.com\/pw\/AP1GczPN0mICJJ71s0WV9z2S5NwFAgvcBfwDVTJvLIsD-OCW9iWvmCAQboL858ezBF3DTP54_K_6JLZUupsudH4cnQlpny10-LoVdXgrHpH2TNhqFX1S5ZujZBLxGssXdk19r5rYaDFp7jORvgRgPxf-Ow8M=w1270-h990-s-no-gm?authuser=0\" width=\"1270\" height=\"990\" alt=\"Maio: Encontro de amigas para contemplar as cerejeiras em flor em Honoka (no Santu\u00e1rio Mihoushi)\" class=\"size-full\" \/><figcaption class=\"wp-caption-text\">Maio: Encontro de amigas para contemplar as cerejeiras em flor em Honoka (no Santu\u00e1rio Mihoushi)<\/a><\/figcaption><\/figure>\n<h5><a href=\"https:\/\/www.instagram.com\/p\/CtJF_heB5jL\/?utm_source=ig_web_copy_link&#038;igsh=MzRlODBiNWFlZA==\" target=\"_blank\" rel=\"noopener\">Maio: Celebra\u00e7\u00f5es da semeadura e do plantio do arroz, celebra\u00e7\u00f5es ap\u00f3s a conclus\u00e3o do trabalho, com todos unidos em um s\u00f3 cora\u00e7\u00e3o.<\/a><\/h5>\n<figure class=\"wp-caption aligncenter\"><a href=\"https:\/\/www.instagram.com\/p\/CtJF_heB5jL\/?utm_source=ig_web_copy_link&#038;igsh=MzRlODBiNWFlZA==\" target=\"_blank\" rel=\"noopener\"><img decoding=\"async\" src=\"https:\/\/lh3.googleusercontent.com\/pw\/AP1GczMeaBZm2ZYn0hd05anEscPlT517FGXNAaBGOM56ss4ygDYwcdvVgFe_R-8Cw1_-aexIcENathbjLZkG0WTHZT9CE7E3VXgctylPpSH1o8efspJruA5gN-6U0hAfkF6CZuFDMFDXXs3pf73OspnHskYT=w1288-h976-s-no-gm?authuser=0\" width=\"1288\" height=\"976\" alt=\"Maio: Celebra\u00e7\u00e3o da semeadura e do plantio de arroz\" class=\"size-full\" \/><figcaption class=\"wp-caption-text\">Maio: Celebra\u00e7\u00e3o da semeadura e do plantio de arroz<\/a><\/figcaption><\/figure>\n<h5><a href=\"https:\/\/www.instagram.com\/p\/CwjkFeVB13m\/?utm_source=ig_web_copy_link&#038;igsh=MzRlODBiNWFlZA==\" target=\"_blank\" rel=\"noopener\">Agosto: Festival Bon Odori de Trajes Femininos Honoka - Participe do Festival Bon Odori Virtual e celebre o poder feminino.<\/a><\/h5>\n<figure class=\"wp-caption aligncenter\"><a href=\"https:\/\/www.instagram.com\/p\/CwjkFeVB13m\/?utm_source=ig_web_copy_link&#038;igsh=MzRlODBiNWFlZA==\" target=\"_blank\" rel=\"noopener\"><img decoding=\"async\" src=\"https:\/\/lh3.googleusercontent.com\/pw\/AP1GczMf7jU7EWpN-BVmHKurR-KFh-VOVywGPpRFE8KvqdUj0XmZT0pOElBgPYsYS-H3yV-dVoYRpHu_F-RTJ7X6pfepDlc8RdJhbRE5akv5OJhrr_XNjZYhEAw74IJSx2eJ_qwzRtKTQovQ6ke2m8FcZ52a=w1284-h980-s-no-gm?authuser=0\" width=\"1284\" height=\"980\" alt=\"Agosto: Festival Bon Odori das Honoka Girls\" class=\"size-full\" \/><figcaption class=\"wp-caption-text\">Agosto: Festival Bon Odori das Honoka Girls<\/a><\/figcaption><\/figure>\n<h5><a href=\"https:\/\/www.instagram.com\/p\/C1f-4cFBAxE\/?utm_source=ig_web_copy_link&#038;igsh=MzRlODBiNWFlZA==\" target=\"_blank\" rel=\"noopener\">Dezembro: Viagem dos membros - rostos sorridentes enquanto se divertem com suas fam\u00edlias.<\/a><\/h5>\n<figure class=\"wp-caption aligncenter\"><a href=\"https:\/\/www.instagram.com\/p\/C1f-4cFBAxE\/?utm_source=ig_web_copy_link&#038;igsh=MzRlODBiNWFlZA==\" target=\"_blank\" rel=\"noopener\"><img decoding=\"async\" src=\"https:\/\/lh3.googleusercontent.com\/pw\/AP1GczNQsJtVWIXjnk_Q3uVAx0F63btPzp_LEqkFsFuWz47bqbewQE7Tl84wqXwFwLS81jMbxIfAcOXiBU-AzndMyR_yqNf8UQDMJnWkxQqwBguH2vHbu9CeHRuzKLLwPb_rQ-ztw6ySo0dyxJWI7SU9uZPQ=w1262-h976-s-no-gm?authuser=0\" width=\"1262\" height=\"976\" alt=\"Dezembro: Viagem de membros do sindicato\" class=\"size-full\" \/><figcaption class=\"wp-caption-text\">Dezembro: Viagem de membros do sindicato<\/a><\/figcaption><\/figure><\/div>\n<h4>Mensagem para todos os jovens (do folheto distribu\u00eddo no dia)<\/h4>\n<p><span style=\"font-size:+1;\"><strong>Os arrozais e as fazendas n\u00e3o s\u00e3o f\u00e1bricas de produ\u00e7\u00e3o de alimentos. A agricultura n\u00e3o \u00e9 como fabricar carros ou televisores em uma linha de montagem.<\/p>\n<p>\u00c9 uma ind\u00fastria viva e pulsante, na qual av\u00f3s, esposas e filhos usam sua sabedoria, corpos e mentes para cultivar alimentos, desfrutando das b\u00ean\u00e7\u00e3os do sol, da \u00e1gua e do solo, e \u00e0s vezes lutando contra a natureza.<\/p>\n<p>Os agricultores constroem comunidades, protegem o campo e cuidam das pessoas que ali vivem.<\/p>\n<p>A Honoka foi criada para proteger e nutrir a n\u00f3s mesmos, as pessoas ao nosso redor, nosso meio ambiente natural e a cidade de Hokuryu por meio da agricultura.<\/strong><\/span><\/p>\n<h3>troca de opini\u00f5es<\/h3>\n<p><strong>\u2742 Diretor Hirakata<\/strong>&quot;Honoka-san tem um bom equil\u00edbrio de idades entre os homens, e muitos jovens de fora da cidade est\u00e3o come\u00e7ando a cultivar a terra. Come\u00e7ar uma nova fazenda exige coragem, ent\u00e3o qual \u00e9 o segredo para essas pessoas se estabelecerem e come\u00e7arem a cultivar aqui?&quot;<\/p>\n<p><strong>\u2742 Shigeki Mizutani, ex-representante da Honoka<\/strong>&quot;Acho que os jovens querem trabalhar aqui porque \u00e9 divertido. A maioria dos jovens que v\u00eam para c\u00e1 para treinamento e estudo dizem que querem trabalhar aqui. A taxa de emprego agr\u00edcola em Hokkaido \u00e9 baixa, mas aqui \u00e9 alta. Todos os anos, tentamos transmitir a tradi\u00e7\u00e3o agr\u00edcola para a gera\u00e7\u00e3o mais jovem.&quot;<\/p>\n<p><strong>\u2742 Diretor Hirakata<\/strong>A recente altera\u00e7\u00e3o da Lei B\u00e1sica levou a um movimento para produzir o m\u00e1ximo poss\u00edvel de arroz, trigo, soja e outras culturas internamente. Tamb\u00e9m desencadeou um movimento para reconsiderar fertilizantes, como o composto.<\/p>\n<p>A for\u00e7a de trabalho agr\u00edcola \u00e9 atualmente de 1,2 milh\u00e3o de pessoas, mas as estimativas sugerem que esse n\u00famero cair\u00e1 para 300.000 at\u00e9 2040, um quarto do n\u00famero atual.<\/p>\n<p>Acredito que, no futuro, devemos desenvolver e apoiar seriamente entidades de servi\u00e7os de apoio \u00e0 agricultura, organiza\u00e7\u00f5es que realizam trabalhos por contrato.<\/p>\n<p>Hoje em dia, fala-se muito em agricultura inteligente, mas ela \u00e9 cara. Os equipamentos s\u00e3o atualizados com frequ\u00eancia, ent\u00e3o seria dif\u00edcil convencer os agricultores individuais a comprar novos equipamentos.<\/p>\n<p>Acredito que, no futuro, veremos um aumento no uso de m\u00e1quinas agr\u00edcolas inteligentes, com os agricultores se dedicando apenas \u00e0s tarefas de semeadura, controle de pragas, colheita, etc., utilizando os equipamentos agr\u00edcolas mais modernos.<\/p>\n<p>O papel de Honoka n\u00e3o \u00e9 apenas gerenciar o neg\u00f3cio em si, mas tamb\u00e9m desenvolv\u00ea-lo em um neg\u00f3cio parcialmente terceirizado ou formar uma estrutura de contrata\u00e7\u00e3o de funcion\u00e1rios.<\/p>\n<p>At\u00e9 agora, os subs\u00eddios eram pagos principalmente a gestores agr\u00edcolas na introdu\u00e7\u00e3o de m\u00e1quinas, mas, a partir de agora, tamb\u00e9m iremos fornecer subs\u00eddios ativamente a organiza\u00e7\u00f5es que realizam trabalhos por contrato na introdu\u00e7\u00e3o de m\u00e1quinas.<\/p>\n<p>Al\u00e9m disso, de acordo com a Lei de Promo\u00e7\u00e3o da Utiliza\u00e7\u00e3o de Tecnologias de Agricultura Inteligente, ser\u00e1 implementado no pr\u00f3ximo ano um programa que permitir\u00e1 o apoio do sistema tribut\u00e1rio. Acredito que devemos fortalecer os prestadores de servi\u00e7os de apoio \u00e0 agricultura.<\/p>\n<p><strong>\u2742 Mizutani<\/strong>&quot;T\u00ednhamos previsto aceitar trabalhos por contrato quando criamos a empresa, mas, \u00e0 medida que a empresa cresceu, estamos atualmente totalmente ocupados com nossos pr\u00f3prios neg\u00f3cios.&quot;<\/p>\n<p><strong>\u2742 Hiroki Yoshioka, Presidente (Comit\u00ea Agr\u00edcola da Cidade de Hokuryu)<\/strong>&quot;\u00c0s vezes recebemos pedidos para plantar mudas, mas estamos totalmente ocupados com nosso pr\u00f3prio trabalho. Isso pode se tornar dif\u00edcil se n\u00e3o pedirmos a organiza\u00e7\u00f5es como o terceiro setor que fa\u00e7am o trabalho.&quot;<\/p>\n<p><strong>\u2742 Diretor Hirakata<\/strong>&quot;Ao longo dos \u00faltimos 30 anos, os padr\u00f5es dos produtores de arroz de Hokkaido melhoraram consideravelmente. Seja Yumepirika, Fukkuriinko ou Kirara, o arroz \u00e9 delicioso, e eu acho que \u00e9 um esfor\u00e7o verdadeiramente maravilhoso.&quot;<\/p>\n<p>O grande diferencial de Honoka \u00e9 que ela n\u00e3o apenas treina a segunda e a terceira gera\u00e7\u00e3o de agricultores que dar\u00e3o continuidade ao neg\u00f3cio agr\u00edcola, mas tamb\u00e9m atrai e treina pessoas de fora de Hokkaido que n\u00e3o est\u00e3o familiarizadas com a agricultura, mas que desejam experiment\u00e1-la.<\/p>\n<p>Esperamos que todos unam for\u00e7as para produzir alimentos para o Jap\u00e3o e que muitas pessoas ingressem no setor agr\u00edcola. Gostar\u00edamos de apoi\u00e1-las.&quot;<\/p>\n<h4>Inspe\u00e7\u00e3o de campo<\/h4>\n<p>Como o tempo era limitado, encerramos a discuss\u00e3o e fomos tocar a terra no campo de arroz e milho ao lado do escrit\u00f3rio.<\/p>\n<figure class=\"wp-caption aligncenter\"><a href=\"https:\/\/photos.google.com\/share\/AF1QipNAsShBiibRysYgsOw8svZnvBjAFPnKGej1jCy7-5wkYWOlUNBGSKmFNzjQDEWwOA\/photo\/AF1QipNIJLzc8rn9JPRj9SvAqH_BjJhxJn046698lhk?key=eGktS2Nac0JzSU8zVWRDNGFveDNYcFdiNnBLNWt3\" target=\"_blank\" rel=\"noopener\"><img decoding=\"async\" src=\"https:\/\/lh3.googleusercontent.com\/pw\/AP1GczM1N-122lJ3g9SfvXlgA22QCAh_RB8Nd0FyJcpGjVLR9YNyJI4d4_Wufhf1ILtGGkGjKeZkTFqJUnPAigCrEas2JcZRa9ZEwZCR8-G-bcvesh4cYN9k94mA26L8E0yP-rwZSwZZQDcxWoje1b9XZEqu=w2000-h1500-s-no-gm?authuser=0\" width=\"2000\" height=\"1500\" alt=\"Sinta a terra dos campos de arroz com a sua pele...\" class=\"size-full\" \/><\/a><figcaption class=\"wp-caption-text\">Sinta a terra dos campos de arroz com a sua pele...<\/figcaption><\/figure>\n<figure class=\"wp-caption aligncenter\"><a href=\"https:\/\/photos.google.com\/share\/AF1QipNAsShBiibRysYgsOw8svZnvBjAFPnKGej1jCy7-5wkYWOlUNBGSKmFNzjQDEWwOA\/photo\/AF1QipN5YuiMYsUZMbisTqlXt7tQQ7sDn2N3IMKz6EI?key=eGktS2Nac0JzSU8zVWRDNGFveDNYcFdiNnBLNWt3\" target=\"_blank\" rel=\"noopener\"><img decoding=\"async\" src=\"https:\/\/lh3.googleusercontent.com\/pw\/AP1GczPGhvoarnLqPj-Ylgnd6eYdzPQLONcpZCe4B7EQeZBnpvO7Hwu9CitTCip0Lb_iRr5ZzrvZrvHj6a4UkZ150i_hNe0UsGkCf32RMbV662JT-8y2HHSo2qde5xzK5ixeV0nIZNZOJuiIyZxbbbbr2esP=w2000-h1500-s-no-gm?authuser=0\" width=\"2000\" height=\"1500\" alt=\"Inspecionando o campo\" class=\"size-full\" \/><\/a><figcaption class=\"wp-caption-text\">Inspecionando o campo<\/figcaption><\/figure>\n<figure class=\"wp-caption aligncenter\"><a href=\"https:\/\/photos.google.com\/share\/AF1QipNAsShBiibRysYgsOw8svZnvBjAFPnKGej1jCy7-5wkYWOlUNBGSKmFNzjQDEWwOA\/photo\/AF1QipM5x-vvCWpCVqnLZFAgmmjHBPM2jiDvx1KqndM?key=eGktS2Nac0JzSU8zVWRDNGFveDNYcFdiNnBLNWt3\" target=\"_blank\" rel=\"noopener\"><img decoding=\"async\" src=\"https:\/\/lh3.googleusercontent.com\/pw\/AP1GczMXPb3kMZ1jkFmIgMAmv08u0zMEtuCfwTRqcaPBSqIIRc729FLMcT1HHVuwf1-T-d4h1Vf3D62dRJXBCjVg0EVZgjpF2dxYRRDXlWSKlgSDx5sDnpTOiwwIM54z63fcfJar-MyoCuDofWLkOXGyWV6l=w2000-h1500-s-no-gm?authuser=0\" width=\"2000\" height=\"1500\" alt=\"Juntamente com a nova agricultora, Yamagami Miharu!\" class=\"size-full\" \/><\/a><figcaption class=\"wp-caption-text\">Juntamente com a nova agricultora, Yamagami Miharu!<\/figcaption><\/figure>\n<figure class=\"wp-caption aligncenter\"><a href=\"https:\/\/photos.google.com\/share\/AF1QipNAsShBiibRysYgsOw8svZnvBjAFPnKGej1jCy7-5wkYWOlUNBGSKmFNzjQDEWwOA\/photo\/AF1QipMgrbBrx3LkUpqvTSmkacWwG98bMfCzRzY4Jns?key=eGktS2Nac0JzSU8zVWRDNGFveDNYcFdiNnBLNWt3\" target=\"_blank\" rel=\"noopener\"><img decoding=\"async\" src=\"https:\/\/lh3.googleusercontent.com\/pw\/AP1GczPmgAkBbnzQs77XoKEXrUaQugv2fIUL9-N7z7WCaPHieAaFNHkDni2YgzyyTRy9dQ0eYeGWpLcJVIiouPffqKdzd-GmTEKRJ7OZs1K-AKDvE7bk-acPcmGJsUr0polDd2PEYJUnNjl5sXaec9pocWZI=w2000-h1333-s-no-gm?authuser=0\" width=\"2000\" height=\"1333\" alt=\"Vamos tirar uma foto comemorativa juntos!\" class=\"size-full\" \/><\/a><figcaption class=\"wp-caption-text\">Vamos tirar uma foto comemorativa juntos!<\/figcaption><\/figure>\n<h2>Depois disso, fomos para a Vila dos Girass\u00f3is para um passeio!<\/h2>\n<p>Ap\u00f3s inspecionar os campos da Cooperativa Agr\u00edcola Honoka, o grupo visitou a Vila dos Girass\u00f3is antes de deixar a cidade de Hokuryu e seguir para o Aeroporto de Asahikawa.<\/p>\n<figure class=\"wp-caption aligncenter\"><a href=\"https:\/\/photos.google.com\/share\/AF1QipNAsShBiibRysYgsOw8svZnvBjAFPnKGej1jCy7-5wkYWOlUNBGSKmFNzjQDEWwOA\/photo\/AF1QipNPBftNLZGgVj3fqgP8u-obYCWPJc4Mwy2G9Cw?key=eGktS2Nac0JzSU8zVWRDNGFveDNYcFdiNnBLNWt3\" target=\"_blank\" rel=\"noopener\"><img decoding=\"async\" src=\"https:\/\/lh3.googleusercontent.com\/pw\/AP1GczP_YPf0ObzhEB7JnahVsSWuTt4a2CS9t_573mUQu-Pd9DwmWoSJNrc0I1ZSjCzjrIek4papM9yOSFv3dvNxLSRy_kp1o_v_s2Wp6dKpNknzBXs2FxHwXyiOtP2650_jxzx97XkUm0EdTh6syXCvIfWn=w2000-h1500-s-no-gm?authuser=0\" width=\"2000\" height=\"1500\" alt=\"Visita \u00e0 Vila dos Girass\u00f3is\" class=\"size-full\" \/><\/a><figcaption class=\"wp-caption-text\">Visita \u00e0 Vila dos Girass\u00f3is<\/figcaption><\/figure>\n<figure class=\"wp-caption aligncenter\"><a href=\"https:\/\/photos.google.com\/share\/AF1QipNAsShBiibRysYgsOw8svZnvBjAFPnKGej1jCy7-5wkYWOlUNBGSKmFNzjQDEWwOA\/photo\/AF1QipOy0LXuuUBgJSRZrKPde_mnK9WAAhLMxBEAvY4?key=eGktS2Nac0JzSU8zVWRDNGFveDNYcFdiNnBLNWt3\" target=\"_blank\" rel=\"noopener\"><img decoding=\"async\" src=\"https:\/\/lh3.googleusercontent.com\/pw\/AP1GczP8pBJNbs5Cfwvm-mhu8q4apsem4Q9RlmnxWPAIds54jCWnmp-GBb35uLXfUrm1BEG66_ZlNhBkN3X1L5Yphgvvm9MpwK7dpfe3yFxVy0T6vNi_lWlC8IyggQQLgUjLoOIkAbxY1RacbVtVpJ2w8Se5=w2000-h1500-s-no-gm?authuser=0\" width=\"2000\" height=\"1500\" alt=\"Vila dos Girass\u00f3is, onde os bot\u00f5es come\u00e7am a aparecer.\" class=\"size-full\" \/><\/a><figcaption class=\"wp-caption-text\">Vila dos Girass\u00f3is, onde os bot\u00f5es come\u00e7am a aparecer.<\/figcaption><\/figure>\n<figure class=\"wp-caption aligncenter\"><a href=\"https:\/\/photos.google.com\/share\/AF1QipNAsShBiibRysYgsOw8svZnvBjAFPnKGej1jCy7-5wkYWOlUNBGSKmFNzjQDEWwOA\/photo\/AF1QipPQlxlS4vbMOBULuly8ZL-LAnYO6frSSI84deY?key=eGktS2Nac0JzSU8zVWRDNGFveDNYcFdiNnBLNWt3\" target=\"_blank\" rel=\"noopener\"><img decoding=\"async\" src=\"https:\/\/lh3.googleusercontent.com\/pw\/AP1GczOJ8l9u6b3Q7MJB9MgRlc1ZAyq0exL3sjuQ0c6LfRMJp3wOpgCES5vO4HpbgpwZV21FbGQc1C9qwrDwX32CxiB6UKchoUelZ8zFBRsSliiEaBYsJY2CVFL4dekmsoJJh2sJuUZE-Pe_UOhMajZaDart=w2000-h1500-s-no-gm?authuser=0\" width=\"2000\" height=\"1500\" alt=\"Com gratid\u00e3o pela vila dos girass\u00f3is que nutre a vida...\" class=\"size-full\" \/><\/a><figcaption class=\"wp-caption-text\">Com gratid\u00e3o pela vila dos girass\u00f3is que nutre a vida...<\/figcaption><\/figure>\n<p>Gostaria de expressar minha sincera gratid\u00e3o ao Diretor Hiragata e a todos os demais que dedicaram seu tempo, mesmo com suas agendas lotadas, para virem \u00e0 cidade de Hokuryu, conversarem diretamente com os produtores e sentirem a atmosfera no local das filmagens. Muito obrigado.<\/p>\n<p>\u00c9 com amor, gratid\u00e3o e ora\u00e7\u00f5es ilimitadas que esta maravilhosa visita, onde os produtores puderam trocar e compartilhar suas ideias apaixonadas sobre a preciosa agricultura que nutre a vida em meio \u00e0 M\u00e3e Natureza, acontece.<\/p>\n<h2>v\u00eddeos do YouTube<\/h2>\n<div class=\"youtube\"><iframe title=\"Visita \u00e0 cidade de Hokuryu, conhecida pela produ\u00e7\u00e3o segura e confi\u00e1vel de arroz, liderada pelo Diretor Yusaku Hiragata do Departamento de Produtos Agr\u00edcolas do Minist\u00e9rio da Agricultura, Florestas e Pescas.\" src=\"https:\/\/www.youtube.com\/embed\/J-sGGy08a4w?feature=oembed\" frameborder=\"0\" allow=\"accelerometer; autoplay; clipboard-write; encrypted-media; gyroscope; picture-in-picture; web-share\" referrerpolicy=\"strict-origin-when-cross-origin\" allowfullscreen><\/iframe><\/div>\n<h2>Outras fotos<\/h2>\n<div class=\"img-move\"><img decoding=\"async\" style=\"vertical-align: middle;\" src=\"https:\/\/ehokkaido.net\/wp-content\/uploads\/2021\/12\/2021-12-06-11.41.12.png\" \/> <a href=\"https:\/\/photos.app.goo.gl\/URhsAfnPGgX62L658\" target=\"_blank\" rel=\"noopener noreferrer\">Clique aqui para ver fotos (25 fotos) de Yusaku Hiragata, Diretor Geral do Departamento de Produtos Agr\u00edcolas do Minist\u00e9rio da Agricultura, Florestas e Pescas, e outros, e de Kurimachi &gt;&gt;<\/a><\/div>\n<h2>Artigos e sites relacionados<\/h2>\n\n\n        <div class=\"site-blogcard-premium\">\n            <div class=\"bc-label-custom\">Artigos relacionados<\/div>\n            <div class=\"bc-flex-container\">\n                <div class=\"bc-main-text\">\n                    <div class=\"bc-title-link-box\">\n                        <a href=\"https:\/\/portal.hokuryu.info\/pt\/honoka.html\/\" target=\"_blank\">Cooperativa Agr\u00edcola de Honoka (cidade de Hokuryu, Hokkaido) - Portal da cidade de Hokuryu (Hokkaido) - Vila de girass\u00f3is n\u00famero 1 do Jap\u00e3o<\/a>\n                    <\/div>\n                    <div class=\"bc-excerpt-box\">Uma paisagem japonesa de tirar o f\u00f4lego: a &quot;Vila dos Girass\u00f3is&quot; na cidade de Hokuryu, Hokkaido. Um ponto tur\u00edstico popular em Hokkaido. Visite pelo menos uma vez. (Sommelier de Arroz...).<\/div>\n                <\/div>\n                <div class=\"bc-thumbnail-box\">\n                    <a href=\"https:\/\/portal.hokuryu.info\/pt\/honoka.html\/\" target=\"_blank\">\n                        <div class=\"bc-img-zoom-wrap\">\n                            <img decoding=\"async\" src=\"https:\/\/lh3.googleusercontent.com\/ei2ILla3bvn1M1EIGj7w8mL_57aaDDl_eWOrmcQSF22JSN085g9ZPDJt5sXCktZte5lmX8P-4BeIuGFHGneOYo3m5hfbFLezVwrBaKaMbDG2iMO3EnxzXn-JPAbyhIyxNcvhyUsgCri1EML9JKWQR5Yk_lWlRXmpDeIKm9dd-1T4dwYgcBDbpEUWxp6ySVEtlJhsGk_8x1d3fwCgJmGODQEnUwyGfE0J5P09gAgaVl8RQU-SDQ0jGMBJeBZTFOEKEGLbbsvTc0q9pKS_dd_zt4svIv43ZtI67N5fL14AziceBeOC6zY9yDxIHIENOvvvO5pCW3HZM2KjSglRtvbW6mTEq5yIQRYnLhHVQCMXsDD2ersrPZO1MRyMp_0qfOZfwJP0vb1ZzOWhePeMSPF2ZCT-7rV6GjUprufYFz12hFuGOMH4PcLd9-4j3dlFSsQwaJ6AMQS8IvamH0k_iMyvp7JFL7589tzvo0GWRsDDiilCqRgHZ2C6wYjTX_iUnOtSrz6TvYqdaiQvApo-M7xUdJn5f04KRWAjyLt8isqVVasQmEcIb0D_9HwQlk5e2dQqHBwDVD6uX0NJwDgVfUCFwOR9NPekyAPYC-hdsHZoe8Z1EIQnN-74HH1XeG3N1O1Jclrgqs3k4qEI933LybRiF-TOUPlF9Do27nZ4NDnLuw=w225-h312-no\" alt=\"Cooperativa Agr\u00edcola de Honoka (cidade de Hokuryu, Hokkaido) - Portal da cidade de Hokuryu (Hokkaido) - Vila de girass\u00f3is n\u00famero 1 do Jap\u00e3o\">\n                        <\/div>\n                    <\/a>\n                <\/div>\n            <\/div>\n        <\/div>\n\u3000<br \/>\n\n        <div class=\"site-blogcard-premium\">\n            <div class=\"bc-label-custom\">Artigos relacionados<\/div>\n            <div class=\"bc-flex-container\">\n                <div class=\"bc-main-text\">\n                    <div class=\"bc-title-link-box\">\n                        <a href=\"https:\/\/www.maff.go.jp\/j\/basiclaw\" target=\"_blank\">Lei B\u00e1sica sobre Alimenta\u00e7\u00e3o, Agricultura e \u00c1reas Rurais: Minist\u00e9rio da Agricultura, Florestas e Pescas<\/a>\n                    <\/div>\n                    <div class=\"bc-excerpt-box\"><\/div>\n                <\/div>\n                <div class=\"bc-thumbnail-box\">\n                    <a href=\"https:\/\/www.maff.go.jp\/j\/basiclaw\" target=\"_blank\">\n                        <div class=\"bc-img-zoom-wrap\">\n                            <img decoding=\"async\" src=\"https:\/\/img.youtube.com\/vi\/Qu_X3Q1mckQ\/mqdefault.jpg\" alt=\"Lei B\u00e1sica sobre Alimenta\u00e7\u00e3o, Agricultura e \u00c1reas Rurais: Minist\u00e9rio da Agricultura, Florestas e Pescas\">\n                        <\/div>\n                    <\/a>\n                <\/div>\n            <\/div>\n        <\/div>\n\n        <div class=\"site-blogcard-premium\">\n            <div class=\"bc-label-custom\">Artigos relacionados<\/div>\n            <div class=\"bc-flex-container\">\n                <div class=\"bc-main-text\">\n                    <div class=\"bc-title-link-box\">\n                        <a href=\"https:\/\/elaws.e-gov.go.jp\/document?lawid=411AC0000000106\" target=\"_blank\">Busca de leis de governo eletr\u00f4nico<\/a>\n                    <\/div>\n                    <div class=\"bc-excerpt-box\"><\/div>\n                <\/div>\n                <div class=\"bc-thumbnail-box\">\n                    <a href=\"https:\/\/elaws.e-gov.go.jp\/document?lawid=411AC0000000106\" target=\"_blank\">\n                        <div class=\"bc-img-zoom-wrap\">\n                            <img decoding=\"async\" src=\"https:\/\/portal.hokuryu.info\/wp\/wp-content\/uploads\/2026\/02\/20230802DSC06445_1.jpg\" alt=\"Busca de leis de governo eletr\u00f4nico\">\n                        <\/div>\n                    <\/a>\n                <\/div>\n            <\/div>\n        <\/div>\n\u3000<\/p>\n<p>\u25c7 Entrevista e texto: Ikuko Terauchi (Fotografia e assist\u00eancia de edi\u00e7\u00e3o: Noboru Terauchi)<\/p>","protected":false},"excerpt":{"rendered":"<p>\uff12\uff10\uff12\uff14\u5e74\uff16\u6708\uff12\uff11\u65e5\uff08\u91d1\uff09 \uff16\u6708\uff11\uff16\u65e5\uff08\u65e5\uff09\u3001\u8fb2\u6797\u6c34\u7523\u7701\u8fb2\u7523\u5c40\u30fb\u5e73\u5f62\u96c4\u7b56 \u5c40\u9577\u3092\u306f\u3058\u3081\u3001\u8fb2\u6c34\u672c\u7701\u3001\u5317\u6d77\u9053\u8fb2\u653f\u4e8b\u52d9\u6240\u306e\u65b9\u3005\u304c\u3001\u5317\u7adc\u753a\u3092\u8996\u5bdf\u8a2a\u554f\u3055\u308c\u3001\u300c\u8fb2\u4e8b\u7d44\u5408\u6cd5\u4eba\u307b\u306e\u304b\u300d\u306e\u7d44\u5408\u54e1\u306e\u65b9\u3005\u3068\u306e\u610f\u898b\u4ea4\u63db\u304c\u5b9f\u65bd [&hellip;]<\/p>\n","protected":false},"author":1,"featured_media":46477,"comment_status":"open","ping_status":"open","sticky":false,"template":"","format":"standard","meta":{"footnotes":""},"categories":[4,26,45,75,91,27],"tags":[],"class_list":["post-46475","post","type-post","status-publish","format-standard","has-post-thumbnail","hentry","category-cover-story","category-jahokuryu","category-new_farmer","category-sasaki-yasuhiro-mayor","category-91","category-honoka"],"_links":{"self":[{"href":"https:\/\/portal.hokuryu.info\/pt\/wp-json\/wp\/v2\/posts\/46475","targetHints":{"allow":["GET"]}}],"collection":[{"href":"https:\/\/portal.hokuryu.info\/pt\/wp-json\/wp\/v2\/posts"}],"about":[{"href":"https:\/\/portal.hokuryu.info\/pt\/wp-json\/wp\/v2\/types\/post"}],"author":[{"embeddable":true,"href":"https:\/\/portal.hokuryu.info\/pt\/wp-json\/wp\/v2\/users\/1"}],"replies":[{"embeddable":true,"href":"https:\/\/portal.hokuryu.info\/pt\/wp-json\/wp\/v2\/comments?post=46475"}],"version-history":[{"count":0,"href":"https:\/\/portal.hokuryu.info\/pt\/wp-json\/wp\/v2\/posts\/46475\/revisions"}],"wp:featuredmedia":[{"embeddable":true,"href":"https:\/\/portal.hokuryu.info\/pt\/wp-json\/wp\/v2\/media\/46477"}],"wp:attachment":[{"href":"https:\/\/portal.hokuryu.info\/pt\/wp-json\/wp\/v2\/media?parent=46475"}],"wp:term":[{"taxonomy":"category","embeddable":true,"href":"https:\/\/portal.hokuryu.info\/pt\/wp-json\/wp\/v2\/categories?post=46475"},{"taxonomy":"post_tag","embeddable":true,"href":"https:\/\/portal.hokuryu.info\/pt\/wp-json\/wp\/v2\/tags?post=46475"}],"curies":[{"name":"wp","href":"https:\/\/api.w.org\/{rel}","templated":true}]}}