{"id":46413,"date":"2024-06-18T16:02:09","date_gmt":"2024-06-18T07:02:09","guid":{"rendered":"https:\/\/portal.hokuryu.info\/?p=46413"},"modified":"2024-06-24T12:32:47","modified_gmt":"2024-06-24T03:32:47","slug":"%e5%8c%97%e7%ab%9c%e3%81%b2%e3%81%be%e3%82%8f%e3%82%8a%e3%83%a1%e3%83%ad%e3%83%b3%e5%88%9d%e5%87%ba%e8%8d%b7-2024%ef%bc%81%e7%b3%96%e5%ba%a6-%ef%bc%91%ef%bc%97-%ef%bc%92-%e8%bf%91%e5%b9%b4%e3%81%a7","status":"publish","type":"post","link":"https:\/\/portal.hokuryu.info\/pt\/46413\/","title":{"rendered":"Primeiro lote de mel\u00f5es girassol Hokuryu em 2024! Brix 17,2 - o melhor dos \u00faltimos anos!"},"content":{"rendered":"<p>Ter\u00e7a-feira, 18 de junho de 2024<\/p>\n<p>No domingo, 16 de junho, a partir das 13h30, o primeiro carregamento de &quot;Mel\u00f5es Girassol Hokuryu&quot; foi entregue no centro de triagem da filial Hokuryu da JA Kitasorachi, com o agricultor Yasunori Watanabe (61 anos) trazendo 35 caixas de mel\u00f5es (cada caixa pesando mais de 8 kg).<\/p>\n<h2>Primeiro carregamento de mel\u00e3o girassol Hokuryu<\/h2>\n<figure class=\"wp-caption aligncenter\"><a href=\"https:\/\/photos.google.com\/share\/AF1QipPNa_knVtZ9b8Ad99nAxU8bNCK2J26UrdrrmibsE1AduflK0OJJ88fLTC67s-O1IA\/photo\/AF1QipNb_fzL7OXPdyX4v9wmuwaEvIWmy0fcOuZTOQ8?key=Rk81dFVGemRDbERjYlRyY2lRWk14RVJPVTU1VHhB\" target=\"_blank\" rel=\"noopener\"><img decoding=\"async\" src=\"https:\/\/lh3.googleusercontent.com\/pw\/AP1GczNknJpMRH1ckEJLbFkWMQUvB_OboxfJ7VUUAz3PAwb7TsxKXDzYKPVHSSFzic2fsyo1ICYTrSHmXm1M1lsrBKMoeWYLwDBRyRfJzP0Zv9FLRvNDKivOaht_DmBpLDq8S63kkYsNSKGnzjKeNY3RtXx-=w2000-h1500-s-no-gm?authuser=0\" width=\"2000\" height=\"1500\" alt=\"Primeiro carregamento de mel\u00f5es-girassol Hokuryu!\" class=\"size-full\" \/><\/a><figcaption class=\"wp-caption-text\">Primeiro carregamento de mel\u00f5es-girassol Hokuryu!<\/figcaption><\/figure>\n<h3>A hist\u00f3ria de Yasunori Watanabe<\/h3>\n<figure class=\"wp-caption aligncenter\"><a href=\"https:\/\/photos.google.com\/share\/AF1QipPNa_knVtZ9b8Ad99nAxU8bNCK2J26UrdrrmibsE1AduflK0OJJ88fLTC67s-O1IA\/photo\/AF1QipOLLe6hx41IzqhSb5wN_RUJJpFkPsN1gMtjP4I?key=Rk81dFVGemRDbERjYlRyY2lRWk14RVJPVTU1VHhB\" target=\"_blank\" rel=\"noopener\"><img decoding=\"async\" src=\"https:\/\/lh3.googleusercontent.com\/pw\/AP1GczMqJPVwdRcd_GYdvLYgjAlAnLOy0z9-Tne7AE1H4HIS03caEOssSXB4OuN8i0rXoWWXW0TIY4Je4ghXTPAKYNvhk7O2En8-lesEE_VQAqVk7JEZn_aSTw3luBytm_Lprv-KhHnmJmP-j1zFDtzpjtnK=w1827-h1370-s-no-gm?authuser=0\" width=\"1827\" height=\"1370\" alt=\"O teor de a\u00e7\u00facar mais elevado \u00e9 de 17,2 graus!\" class=\"size-full\" \/><\/a><figcaption class=\"wp-caption-text\">O teor de a\u00e7\u00facar mais elevado \u00e9 de 17,2 graus!<\/figcaption><\/figure>\n<h4>O melhor dos \u00faltimos anos<\/h4>\n<p>Este ano, tivemos mau tempo e dias frios desde o in\u00edcio da primavera, por isso est\u00e1vamos preocupados que os mel\u00f5es ficassem muito grandes. No entanto, quando amadureceram, revelaram-se os melhores dos \u00faltimos anos. A casca estava firme e com um bom padr\u00e3o, e o teor de a\u00e7\u00facar era de 17,2 graus (16,5 graus no ano passado), uma do\u00e7ura rara nos \u00faltimos anos. Normalmente, os mel\u00f5es s\u00e3o comercializados se tiverem um teor de a\u00e7\u00facar de 14 graus ou mais.<\/p>\n<p>Os mel\u00f5es deste ano est\u00e3o cheios de vitalidade e vigor, especialmente nos caules das \u00e1rvores. Acho que ficaram mais doces na segunda metade do per\u00edodo de matura\u00e7\u00e3o.<\/p>\n<p>Se as ra\u00edzes ou a madeira forem fracas, a \u00e1rvore enfraquecer\u00e1 durante o crescimento. Quando a \u00e1rvore est\u00e1 fraca, os torr\u00f5es ficam amarelos e moles.<\/p>\n<h4>Deixe os mel\u00f5es amadurecerem ap\u00f3s a compra para apreci\u00e1-los ao m\u00e1ximo.<\/h4>\n<p>Em rela\u00e7\u00e3o \u00e0 forma de consumir mel\u00f5es, sua riqueza se altera conforme amadurecem. A do\u00e7ura permanece, mas se espalha por toda a polpa, tornando a fruta macia e suave, pronta para ser consumida.<\/p>\n<p>Watanabe nos contou que os sinais de que o mel\u00e3o est\u00e1 pronto para comer s\u00e3o quando ele come\u00e7a a exalar um aroma agrad\u00e1vel, o caule (ou ramo) fica marrom e morre, e a base (parte inferior) fica firme e um pouco macia.<\/p>\n<figure class=\"wp-caption aligncenter\"><a href=\"https:\/\/photos.google.com\/share\/AF1QipPNa_knVtZ9b8Ad99nAxU8bNCK2J26UrdrrmibsE1AduflK0OJJ88fLTC67s-O1IA\/photo\/AF1QipPnj5ZFzmhHRQrE8EQ71wBA4az0LbNjU0Cox-0?key=Rk81dFVGemRDbERjYlRyY2lRWk14RVJPVTU1VHhB\" target=\"_blank\" rel=\"noopener\"><img decoding=\"async\" src=\"https:\/\/lh3.googleusercontent.com\/pw\/AP1GczP1QPbzlAJITm-XbluNosU-fm_eEi6sSj6VU4uc33y5cyhWcjZGuurcPIThIBrj3VjHi4fXzwaG7MA4wbp4wGVYodaORRimq6SmeSwimKFIOaJR1ghCv-YS5viTogGF-vA7WpEI0AvICDttFfP4SGxc=w2000-h1500-s-no-gm?authuser=0\" width=\"2000\" height=\"1500\" alt=\"Yasunori Watanabe e Yuya Fujikawa, do Departamento de Frutas e Vegetais da JA Kitasorachi, s\u00e3o entrevistados por Kazuaki Idei, rep\u00f3rter do jornal Hokkaido Shimbun.\" class=\"size-full\" \/><\/a><figcaption class=\"wp-caption-text\">Yasunori Watanabe e Yuya Fujikawa, do Departamento de Frutas e Vegetais da JA Kitasorachi, s\u00e3o entrevistados por Kazuaki Idei, rep\u00f3rter do jornal Hokkaido Shimbun.<\/figcaption><\/figure>\n<figure class=\"wp-caption aligncenter\"><a href=\"https:\/\/photos.google.com\/share\/AF1QipPNa_knVtZ9b8Ad99nAxU8bNCK2J26UrdrrmibsE1AduflK0OJJ88fLTC67s-O1IA\/photo\/AF1QipOcUWeOO01sqjpkuuQYLt8MkZbqoAzRcR9L50U?key=Rk81dFVGemRDbERjYlRyY2lRWk14RVJPVTU1VHhB\" target=\"_blank\" rel=\"noopener\"><img decoding=\"async\" src=\"https:\/\/lh3.googleusercontent.com\/pw\/AP1GczM3XU2NO7Z-h19bDzjyIfxgQzl4xFxsc3572LRqvHtplKDsOFK88ItdNqpOVG9-CN7_Fn4DlmHuBTBUV5gvo53OFxJJ3Zu47roNbbDvkd1vk_1b9mSEwghoaGvG26xJVdmM98zhP1_21ZLTKAFTXzmU=w2000-h1333-s-no-gm?authuser=0\" width=\"2000\" height=\"1333\" alt=\"Foto comemorativa do primeiro carregamento de mel\u00f5es-girassol.\" class=\"size-full\" \/><\/a><figcaption class=\"wp-caption-text\">Foto comemorativa do primeiro carregamento de mel\u00f5es-girassol.<\/figcaption><\/figure>\n<h3>Cultivo e venda de mel\u00e3o girassol Hokuryu, etc.<\/h3>\n<p>Este ano, a Associa\u00e7\u00e3o de Produtores de Mel\u00e3o de Hokuryu ter\u00e1 25 fazendas de mel\u00e3o (cobrindo uma \u00e1rea de 480 hectares) cultivando mel\u00f5es. O objetivo \u00e9 enviar 20.000 caixas at\u00e9 meados de agosto e atingir vendas de aproximadamente 100 milh\u00f5es de ienes.<\/p>\n<p>Estar\u00e1 \u00e0 venda a partir deste fim de semana na JA Kitasorachi, Roadside Station Riceland Fukagawa, na loja de vendas diretas de produtos agr\u00edcolas eciR (Eshiru) e na loja de vendas diretas de produtos agr\u00edcolas e pecu\u00e1rios Minoritch Hokuryu, na cidade de Hokuryu.<\/p>\n<p>Ap\u00f3s os mel\u00f5es de polpa verde, quatro fazendas na cidade de Hokuryu t\u00eam previs\u00e3o de enviar mel\u00f5es de polpa vermelha (mel\u00f5es Hokuto) do final de agosto at\u00e9 meados de outubro.<\/p>\n<figure class=\"wp-caption aligncenter\"><a href=\"https:\/\/photos.google.com\/share\/AF1QipPNa_knVtZ9b8Ad99nAxU8bNCK2J26UrdrrmibsE1AduflK0OJJ88fLTC67s-O1IA\/photo\/AF1QipPAvSOHFqpZbNU7FiPjykN_PSNO4qu8nKecJwE?key=Rk81dFVGemRDbERjYlRyY2lRWk14RVJPVTU1VHhB\" target=\"_blank\" rel=\"noopener\"><img decoding=\"async\" src=\"https:\/\/lh3.googleusercontent.com\/pw\/AP1GczODg8Ct_RUmvGCkNcRbvB_n2r3szHXINa1C9EpiwYAWE8wxQkZEIodG3ij2T1HfauO2WArKTxNk4n7JsX6zr0jtaiL9scbYV4-tx1lS44B9SMe4IlQb7nlKQryb3q3w-gLhcfuHck_wT93VlSr7Kz5K=w2000-h1500-s-no-gm?authuser=0\" width=\"2000\" height=\"1500\" alt=\"O mel\u00e3o girassol possui um sabor adocicado refrescante e uma textura deliciosa que derrete na boca!\" class=\"size-full\" \/><\/a><figcaption class=\"wp-caption-text\">O mel\u00e3o girassol possui um sabor adocicado refrescante e uma textura deliciosa que derrete na boca!<\/figcaption><\/figure>\n<p>O mel\u00e3o girassol, rei das frutas de ver\u00e3o, ostenta um sabor adocicado refrescante e uma textura suave!!!<\/p>\n<p>Repleta de amor e do\u00e7ura, a mais requintada melancia girassol Hokuryu leva o delicioso sabor da felicidade a pessoas em todo o pa\u00eds, com amor, gratid\u00e3o e ora\u00e7\u00f5es sem limites...<\/p>\n<figure class=\"wp-caption aligncenter\"><a href=\"https:\/\/photos.google.com\/share\/AF1QipPNa_knVtZ9b8Ad99nAxU8bNCK2J26UrdrrmibsE1AduflK0OJJ88fLTC67s-O1IA\/photo\/AF1QipOhxo3Ix2Csmwkbq8LiUdN_WxeXG-Js53fVGcc?key=Rk81dFVGemRDbERjYlRyY2lRWk14RVJPVTU1VHhB\" target=\"_blank\" rel=\"noopener\"><img decoding=\"async\" src=\"https:\/\/lh3.googleusercontent.com\/pw\/AP1GczN4rlqiral-DWKtS1MQe6RRoLcl9b35w_nEdhOtTMtgtCss4i64O-ze-XXVUMUJMOy5w0lQ3FckhYElkM_z1ox5ZdwfXh1giVs0TkzCsQTRlSi_Whxo-ILDJcjOSX0OUl6M-KFGbrHaaeEiP7SvZeJj=w2000-h1500-s-no-gm?authuser=0\" width=\"2000\" height=\"1500\" alt=\"Com sincera gratid\u00e3o ao mel\u00e3o girassol, o rei das frutas de ver\u00e3o...\" class=\"size-full\" \/><\/a><figcaption class=\"wp-caption-text\">Com sincera gratid\u00e3o ao mel\u00e3o girassol, o rei das frutas de ver\u00e3o...<\/figcaption><\/figure>\n<h2>v\u00eddeos do YouTube<\/h2>\n<div class=\"youtube\"><iframe title=\"Primeiro lote de mel\u00f5es girassol Hokuryu em 2024! Brix 17,2 - o melhor dos \u00faltimos anos!\" src=\"https:\/\/www.youtube.com\/embed\/v1lz3QwawLU?feature=oembed\" frameborder=\"0\" allow=\"accelerometer; autoplay; clipboard-write; encrypted-media; gyroscope; picture-in-picture; web-share\" referrerpolicy=\"strict-origin-when-cross-origin\" allowfullscreen><\/iframe><\/div>\n<h2>Outras fotos<\/h2>\n<div class=\"img-move\"><img decoding=\"async\" style=\"vertical-align: middle;\" src=\"https:\/\/ehokkaido.net\/wp-content\/uploads\/2021\/12\/2021-12-06-11.41.12.png\" \/> <a href=\"https:\/\/photos.app.goo.gl\/JGX9BTiEcAbK6rgc7\" target=\"_blank\" rel=\"noopener noreferrer\">Primeiro lote de mel\u00f5es girassol Hokuryu em 2024! Brix 17,2, o melhor dos \u00faltimos anos! Veja 21 fotos aqui &gt;&gt;<\/a><\/div>\n<h2>Artigos relacionados<\/h2>\n\n<p>\u3000<br \/>\n\u25c7 Entrevista e texto: Ikuko Terauchi (Fotografia e assist\u00eancia de edi\u00e7\u00e3o: Noboru Terauchi)<\/p>","protected":false},"excerpt":{"rendered":"<p>\uff12\uff10\uff12\uff14\u5e74\uff16\u6708\uff11\uff18\u65e5\uff08\u706b\uff09 \uff16\u6708\uff11\uff16\u65e5\uff08\u65e5\uff09\uff11\uff13\uff1a\uff13\uff10\u301c\u3001\uff2a\uff21\u304d\u305f\u305d\u3089\u3061\u5317\u7adc\u652f\u6240\u306e\u8fb2\u7523\u7269\u96c6\u51fa\u8377\u65bd\u8a2d\u9078\u679c\u5834\u306b\u3066\u3001\u300c\u5317\u7adc\u3072\u307e\u308f\u308a\u30e1\u30ed\u30f3\u300d\u306e\u521d\u51fa\u8377\u3068\u306a\u308a\u3001\u6e21\u908a\u9756\u7bc4\u3055\u3093\uff08\uff16\uff11\u6b73\uff09\u8fb2\u5bb6\u306e\u30e1\u30ed\u30f3\uff13\uff15\u7bb1\uff08\uff11\u7bb1\uff18kg [&hellip;]<\/p>\n","protected":false},"author":1,"featured_media":46414,"comment_status":"open","ping_status":"open","sticky":false,"template":"","format":"standard","meta":{"footnotes":""},"categories":[4,26],"tags":[],"class_list":["post-46413","post","type-post","status-publish","format-standard","has-post-thumbnail","hentry","category-cover-story","category-jahokuryu"],"_links":{"self":[{"href":"https:\/\/portal.hokuryu.info\/pt\/wp-json\/wp\/v2\/posts\/46413","targetHints":{"allow":["GET"]}}],"collection":[{"href":"https:\/\/portal.hokuryu.info\/pt\/wp-json\/wp\/v2\/posts"}],"about":[{"href":"https:\/\/portal.hokuryu.info\/pt\/wp-json\/wp\/v2\/types\/post"}],"author":[{"embeddable":true,"href":"https:\/\/portal.hokuryu.info\/pt\/wp-json\/wp\/v2\/users\/1"}],"replies":[{"embeddable":true,"href":"https:\/\/portal.hokuryu.info\/pt\/wp-json\/wp\/v2\/comments?post=46413"}],"version-history":[{"count":0,"href":"https:\/\/portal.hokuryu.info\/pt\/wp-json\/wp\/v2\/posts\/46413\/revisions"}],"wp:featuredmedia":[{"embeddable":true,"href":"https:\/\/portal.hokuryu.info\/pt\/wp-json\/wp\/v2\/media\/46414"}],"wp:attachment":[{"href":"https:\/\/portal.hokuryu.info\/pt\/wp-json\/wp\/v2\/media?parent=46413"}],"wp:term":[{"taxonomy":"category","embeddable":true,"href":"https:\/\/portal.hokuryu.info\/pt\/wp-json\/wp\/v2\/categories?post=46413"},{"taxonomy":"post_tag","embeddable":true,"href":"https:\/\/portal.hokuryu.info\/pt\/wp-json\/wp\/v2\/tags?post=46413"}],"curies":[{"name":"wp","href":"https:\/\/api.w.org\/{rel}","templated":true}]}}