{"id":46233,"date":"2024-06-14T16:03:59","date_gmt":"2024-06-14T07:03:59","guid":{"rendered":"https:\/\/portal.hokuryu.info\/?p=46233"},"modified":"2024-06-28T08:05:15","modified_gmt":"2024-06-27T23:05:15","slug":"%e9%bb%92%e5%8d%83%e7%9f%b3%e4%ba%8b%e6%a5%ad%e5%8d%94%e5%90%8c%e7%b5%84%e5%90%88%e3%81%8c%e3%80%8c%e5%b9%bb%e3%81%ae%e9%bb%92%e5%8d%83%e7%9f%b3%e5%a4%a7%e8%b1%86%e3%83%95%e3%82%a7%e3%82%a2-in","status":"publish","type":"post","link":"https:\/\/portal.hokuryu.info\/pt\/46233\/","title":{"rendered":"A Associa\u00e7\u00e3o Cooperativa Comercial de Kurosengoku ter\u00e1 um estande na &quot;Feira M\u00edtica da Soja de Kurosengoku em Chikaho&quot; (Pra\u00e7a Subterr\u00e2nea de Ekimae-dori, Sapporo) regularmente em Sapporo!"},"content":{"rendered":"<p>Sexta-feira, 14 de junho de 2024<\/p>\n<p>Na segunda-feira, 10 de junho, e na ter\u00e7a-feira, 11 de junho, a Cooperativa Comercial Kurosengoku ter\u00e1 um estande em Chi-Ka-Ho (Pra\u00e7a Subterr\u00e2nea de Sapporo Ekimae-dori) para realizar a &quot;Feira M\u00edtica da Soja Kurosengoku em Chi-Ka-Ho&quot;.<\/p>\n<h2>A lend\u00e1ria feira de soja Kurosengoku em Chikaho<\/h2>\n<p>Em resposta aos pedidos de clientes em Sapporo que disseram: &quot;Seria \u00f3timo se voc\u00eas pudessem montar uma barraca a cada dois ou tr\u00eas meses&quot;, o diretor administrativo Yuji Takada decidiu atender ao pedido e, assim, o evento foi realizado.<\/p>\n<h3>&quot;Ikoi no Kukan Kita 1 Higashi&quot; perto da sa\u00edda 7<\/h3>\n<p>A loja estar\u00e1 localizada no edif\u00edcio Sapporo Kitaichijo Ekimae Street, pr\u00f3ximo \u00e0 sa\u00edda 7 da &quot;Ikoi no Kukan Kita 1 Higashi&quot; em Chi-Ka-Ho (Sapporo Ekimae Street Underground Plaza).<\/p>\n<figure class=\"wp-caption aligncenter\"><a href=\"https:\/\/photos.google.com\/share\/AF1QipP2u0Dg1Icz61Ynxq01oU3_-et-nZAQXbKx50WTeBhSDktjF5iDaDOcbjw2_nkBFg\/photo\/AF1QipNqDcBE55daeQhAmrfLNxm9jNcap5SLm5FR_CA?key=UG1Ib2R4THdTQ0RZRmthcGRHQkh0ZTktekQzRlZ3\" target=\"_blank\" rel=\"noopener\"><img decoding=\"async\" src=\"https:\/\/lh3.googleusercontent.com\/pw\/AP1GczM1tYXYxqGoOXiyHGy2benxyLUD4Ysi5PZAqwlY7UbIjEuXCIMxIME9_DiPzQbiUPWGiJMnqPb8PX9OYDZB5X9Hnzp_KmKcCEwo8ik8qisG-cN9sI0iImgXz6mcPixCTqhKknOPGxhsx9YWP0OvVXsj=w2000-h1500-s-no-gm?authuser=0\" width=\"2000\" height=\"1500\" alt=\"&quot;Ikoi no Kukan Kita 1 Higashi&quot; perto da sa\u00edda 7\" class=\"size-full\" \/><\/a><figcaption class=\"wp-caption-text\">&quot;Ikoi no Kukan Kita 1 Higashi&quot; perto da sa\u00edda 7<\/figcaption><\/figure>\n<figure class=\"wp-caption aligncenter\"><a href=\"https:\/\/photos.google.com\/share\/AF1QipP2u0Dg1Icz61Ynxq01oU3_-et-nZAQXbKx50WTeBhSDktjF5iDaDOcbjw2_nkBFg\/photo\/AF1QipP48RNi7vRMFjeejUe6B38w6PFhAv7TsMpDM_4?key=UG1Ib2R4THdTQ0RZRmthcGRHQkh0ZTktekQzRlZ3\" target=\"_blank\" rel=\"noopener\"><img decoding=\"async\" src=\"https:\/\/lh3.googleusercontent.com\/pw\/AP1GczPq2YBrpBoijo_CituIjdxwZfFXrJjaJOvafcWKdJzdiHPmntvXdaJ6CEur0jd2CPbhHiPtgIWP_cxZhA6cM3r95Dn7n5-epy9vkl_wCN0LbgpwYwx-CI7fAskx9QyVjeBCqwqDStDobvnj5vCVnuTr=w2000-h1500-s-no-gm?authuser=0\" width=\"2000\" height=\"1500\" alt=\"Estande de soja Kurosengoku\" class=\"size-full\" \/><\/a><figcaption class=\"wp-caption-text\">Estande de soja Kurosengoku<\/figcaption><\/figure>\n<h3>Soja Kurosengoku, Kurosengoku don, farinha de soja Kurosengoku, carne de soja Kurosengoku, molho Kurosengoku, ch\u00e1 Kurosengoku, etc.<\/h3>\n<p>Os produtos oferecidos incluem soja Kurosengoku crua, Kurosengoku Don, Kurosengoku kinako (farinha de soja torrada), carne de soja Kurosengoku, molho Kurosengoku, ch\u00e1 Kurosengoku e muito mais.<\/p>\n<h4>Uma ampla sele\u00e7\u00e3o de produtos populares de soja Kurosengoku!!!<\/h4>\n<figure class=\"wp-caption aligncenter\"><a href=\"https:\/\/photos.google.com\/share\/AF1QipP2u0Dg1Icz61Ynxq01oU3_-et-nZAQXbKx50WTeBhSDktjF5iDaDOcbjw2_nkBFg\/photo\/AF1QipO5qlLYVVkPe_k04RDEQlSnraYFDpRwAdrECV0?key=UG1Ib2R4THdTQ0RZRmthcGRHQkh0ZTktekQzRlZ3\" target=\"_blank\" rel=\"noopener\"><img decoding=\"async\" src=\"https:\/\/lh3.googleusercontent.com\/pw\/AP1GczOZvJLqJO1wgPTQlbGgV05wgKfwbZtE0kmt2omi2OlbEKG2AB7l_pvnCjZ-cmP5I2KgPKcxnPiVXvxsgzmDkSzvBRgx-C7nLF3pZVv3jua0GfuyeUvOv49SxQdhWX5iHHaO8n7a3cCb8afViIbtX24p=w2000-h1500-s-no-gm?authuser=0\" width=\"2000\" height=\"1500\" alt=\"Produtos processados de soja Kurosengoku enfileirados\" class=\"size-full\" \/><\/a><figcaption class=\"wp-caption-text\">Produtos processados de soja Kurosengoku enfileirados<\/figcaption><\/figure>\n<figure class=\"wp-caption aligncenter\"><a href=\"https:\/\/photos.google.com\/share\/AF1QipP2u0Dg1Icz61Ynxq01oU3_-et-nZAQXbKx50WTeBhSDktjF5iDaDOcbjw2_nkBFg\/photo\/AF1QipOaCiISLBnA2nR0_hPqZDRVLqwUhesgxNXvmG0?key=UG1Ib2R4THdTQ0RZRmthcGRHQkh0ZTktekQzRlZ3\" target=\"_blank\" rel=\"noopener\"><img decoding=\"async\" src=\"https:\/\/lh3.googleusercontent.com\/pw\/AP1GczPTaUxuOGgdHepKs_caNed6tG2Ow83SPuadt9dyDjmGhvhdSTMKuBSn1hXPv4gPc2SoOZ9zky4Ol2d_PevuvHXnT4DNpL_hKhN4Jq8avd6sT2yxLi_9qhVRQvQ9h4IEZe-9AGUM3K_YXOGfmj4jBidc=w2000-h1500-s-no-gm?authuser=0\" width=\"2000\" height=\"1500\" alt=\"Todos os p\u00f4steres s\u00e3o cria\u00e7\u00f5es originais do Diretor Executivo Takada.\" class=\"size-full\" \/><\/a><figcaption class=\"wp-caption-text\">Todos os p\u00f4steres s\u00e3o cria\u00e7\u00f5es originais do Diretor Executivo Takada.<\/figcaption><\/figure>\n<h4>Como produto de teste, experimente &quot;Kurosengoku Kinako 25g&quot; (150 ienes)!<br \/>\nComo item promocional, o &quot;Molho de \u00d3leo de Girassol e Kurosengoku&quot; est\u00e1 em oferta por 500 ienes, em vez do pre\u00e7o normal de 700 ienes!<\/h4>\n<figure class=\"wp-caption aligncenter\"><a href=\"https:\/\/photos.google.com\/share\/AF1QipP2u0Dg1Icz61Ynxq01oU3_-et-nZAQXbKx50WTeBhSDktjF5iDaDOcbjw2_nkBFg\/photo\/AF1QipNj7U99DALYQfvOSGU1RjG7iMktoVGcVY50__A?key=UG1Ib2R4THdTQ0RZRmthcGRHQkh0ZTktekQzRlZ3\" target=\"_blank\" rel=\"noopener\"><img decoding=\"async\" src=\"https:\/\/lh3.googleusercontent.com\/pw\/AP1GczP2zvFl9OnPS5Ajt9Z2aPboxBP9Z1-0kxVjues1CKrPR7mSeSeBEhqRJhVuVdo9umvjG9sGM7u3ogyutqeLvDcjWLqjIlSfC5eVQ5H8reryZuH5gUg2qjikQsOOltJ4mL62FtJ4K8MzdnZ517L-OZqJ=w2000-h1500-s-no-gm?authuser=0\" width=\"2000\" height=\"1500\" alt=\"O produto experimental &quot;Kurosengoku Kinako 25g&quot; (150 ienes) e o produto promocional &quot;\u00d3leo de Girassol e Molho Kurosengoku&quot; agora est\u00e3o com pre\u00e7o de 500 ienes, em vez do pre\u00e7o normal de 700 ienes.\" class=\"size-full\" \/><\/a><figcaption class=\"wp-caption-text\">O produto experimental &quot;Kurosengoku Kinako 25g&quot; (150 ienes) e o produto promocional &quot;\u00d3leo de Girassol e Molho Kurosengoku&quot; agora est\u00e3o com pre\u00e7o de 500 ienes, em vez do pre\u00e7o normal de 700 ienes.<\/figcaption><\/figure>\n<h3>Descri\u00e7\u00e3o do produto: Descri\u00e7\u00e3o do produto<\/h3>\n<h4>Soja Kurosengoku crua<\/h4>\n<p>Perfeito para feij\u00e3o cozido e arroz com feij\u00e3o!<br \/>\nEsses pequenos gr\u00e3os de soja preta s\u00e3o caracterizados por seus frutos verdes, s\u00e3o ricos em nutrientes e t\u00eam um sabor adocicado \u00fanico!<\/p>\n<h4>Kurosengokudon<\/h4>\n<p>\u00c9 uma del\u00edcia como aperitivo para acompanhar bebidas alco\u00f3licas, com arroz e feij\u00e3o, em ovos fritos e em qualquer prato, at\u00e9 mesmo doces!<\/p>\n<h4>Flocos de Kurosengoku<\/h4>\n<p>Flocos de soja Kurosengoku cozidos no vapor e prensados!<\/p>\n<h4>Kurosengoku Kinako<\/h4>\n<p>Esta farinha de soja arom\u00e1tica e adocicada \u00e9 mo\u00edda lentamente em um moinho de pedra especial para evitar o superaquecimento. Ela \u00e9 embalada em papel alum\u00ednio grosso para evitar a deteriora\u00e7\u00e3o. Perfeita como cobertura para sopa de miss\u00f4, caf\u00e9, iogurte, sorvete e muito mais!<\/p>\n<h4>Carne de soja Kurosengoku<\/h4>\n<p>Reidrate em \u00e1gua morna e use no lugar da carne mo\u00edda. Pode ser usado em uma grande variedade de pratos, incluindo molho de carne, tofu mapo, legumes salteados, curry de carne mo\u00edda e arroz com taco.<\/p>\n<h4>Molho Kurosengoku<\/h4>\n<p>Um molho luxuoso e arom\u00e1tico \u00e0 base de \u00f3leo de girassol, feito com soja Kurosengoku!<br \/>\nUm molho delicioso para saladas, carnes grelhadas e bolinhos de massa!<\/p>\n<h3>Clientes que visitam a loja<\/h3>\n<p>Desde a inaugura\u00e7\u00e3o, temos recebido um fluxo constante de f\u00e3s e conhecidos da soja Kurosengoku em nossa loja.<\/p>\n<p>Alguns clientes que nunca tinham ouvido falar de soja Kurosengoku at\u00e9 pararam na barraca e perguntaram, curiosos: &quot;Que gr\u00e3os s\u00e3o esses? Como se cozinham?&quot;<\/p>\n<p>Ent\u00e3o, depois de aprenderem sobre o valor nutricional e os m\u00e9todos de preparo da soja Kurosengoku, muitas pessoas se convencem e come\u00e7am a compr\u00e1-la.<\/p>\n<figure class=\"wp-caption aligncenter\"><a href=\"https:\/\/photos.google.com\/share\/AF1QipP2u0Dg1Icz61Ynxq01oU3_-et-nZAQXbKx50WTeBhSDktjF5iDaDOcbjw2_nkBFg\/photo\/AF1QipMQpxeeHolY3ah-_z39np9mkKiYXD9RcGjK3GA?key=UG1Ib2R4THdTQ0RZRmthcGRHQkh0ZTktekQzRlZ3\" target=\"_blank\" rel=\"noopener\"><img decoding=\"async\" src=\"https:\/\/lh3.googleusercontent.com\/pw\/AP1GczPZObirWYPm4rKvDxieOBSmoYEFyQInZ6lAuqYD2aZ0Svo8jiX0MTVLD-BU_At-l8gbe9fjNavNMFXTFVXvYmPQsCJQVRMs57QDnQ-B4qSVNEplkmEC93mdia1PDifZP19mN6y4LGwxG11u3Gq0Qw00=w2000-h1500-s-no-gm?authuser=0\" width=\"2000\" height=\"1500\" alt=\"Clientes que visitaram o estande\" class=\"size-full\" \/><\/a><figcaption class=\"wp-caption-text\">Clientes que visitaram o estande<\/figcaption><\/figure>\n<figure class=\"wp-caption aligncenter\"><a href=\"https:\/\/photos.google.com\/share\/AF1QipP2u0Dg1Icz61Ynxq01oU3_-et-nZAQXbKx50WTeBhSDktjF5iDaDOcbjw2_nkBFg\/photo\/AF1QipNjVjpMYymGoJwFUI-dRxTrBPbLbnMaLfNUN68?key=UG1Ib2R4THdTQ0RZRmthcGRHQkh0ZTktekQzRlZ3\" target=\"_blank\" rel=\"noopener\"><img decoding=\"async\" src=\"https:\/\/lh3.googleusercontent.com\/pw\/AP1GczORKBBbVvPnQlZxuvvBmj36x_MOJniJxKhMpCfj9Wi4bpNqH-b76i9DQgfjD-vojfdx_4Zao8qQGDQx7_iOIHv0sQQodGIGw5nwsab8y7tZd-Zfv0LBds6VXYiTI9c9f5QSBddEmcO_WbxR-0Dfwg0L=w2000-h1500-s-no-gm?authuser=0\" width=\"2000\" height=\"1500\" alt=\"Muito obrigada pelas suas compras!\" class=\"size-full\" \/><\/a><figcaption class=\"wp-caption-text\">Muito obrigada pelas suas compras!<\/figcaption><\/figure>\n<figure class=\"wp-caption aligncenter\"><a href=\"https:\/\/photos.google.com\/share\/AF1QipP2u0Dg1Icz61Ynxq01oU3_-et-nZAQXbKx50WTeBhSDktjF5iDaDOcbjw2_nkBFg\/photo\/AF1QipNLZ6JH4HDEkaGYDAdIvTQFzLXgVQcgwU3SIlA?key=UG1Ib2R4THdTQ0RZRmthcGRHQkh0ZTktekQzRlZ3\" target=\"_blank\" rel=\"noopener\"><img decoding=\"async\" src=\"https:\/\/lh3.googleusercontent.com\/pw\/AP1GczNXvU9oFFF40Iw9vZP_r-ttzsZKUV8ihmRSqn8D9P3R50qdqs5QMTqON7XnPj9YCgsBNmMrYinUiHqtU20RMpiSkBGyo4-SzS2rg-tijgrJh-YJuzr9qnqui2xqASHAocY_GHDG3PcLLMVg2zA8kWep=w2000-h1500-s-no-gm?authuser=0\" width=\"2000\" height=\"1500\" alt=\"Visitante ass\u00edduo!\" class=\"size-full\" \/><\/a><figcaption class=\"wp-caption-text\">Visitante ass\u00edduo!<\/figcaption><\/figure>\n<h3>Um projeto de colabora\u00e7\u00e3o com [Goutabi Hokkaido] est\u00e1 em andamento.<\/h3>\n<p>Na noite de segunda-feira, 10 de junho, a Hokkaido Value Scope Co., Ltd., que opera o site de reservas de acomoda\u00e7\u00f5es especializadas em Hokkaido [Goutabi Hokkaido],<a href=\"https:\/\/www.v-scope.co.jp\/overview\/#ceo\" rel=\"noopener\" target=\"_blank\">Shigemichi Miura, Diretor Representante e Presidente<\/a>A gerente de planejamento, Ayuko Fujimura, e outros visitaram a loja!<\/p>\n<p>Tivemos uma conversa com o Diretor Geral Yuji Takada e ficamos sabendo que um projeto de doa\u00e7\u00e3o conjunta entre [Goutabi Hokkaido] e a Cooperativa Empresarial Kurosengoku est\u00e1 em andamento! Estamos ansiosos para participar!<\/p>\n<figure class=\"wp-caption aligncenter\"><a href=\"https:\/\/photos.google.com\/share\/AF1QipP2u0Dg1Icz61Ynxq01oU3_-et-nZAQXbKx50WTeBhSDktjF5iDaDOcbjw2_nkBFg\/photo\/AF1QipNM1dT1cvmWfPQEXgfN805rQuDW7YeTBuNruRQ?key=UG1Ib2R4THdTQ0RZRmthcGRHQkh0ZTktekQzRlZ3\" target=\"_blank\" rel=\"noopener\"><img decoding=\"async\" src=\"https:\/\/lh3.googleusercontent.com\/pw\/AP1GczN95Le-E1QpMqYf6AhMc9kGulRrrW1cHrFgYu9luXWjdWsF9_15nuvC3yBgSIVl6rKxN8rC3fSIM0b0aEldZ5edSSXmgyGzQOX77yRWo0XCSJIlIlNqqLJl5YcGS8pubYoLPZes2VznYglu4ww3ijGH=w2000-h1500-s-no-gm?authuser=0\" width=\"2000\" height=\"1500\" alt=\"Shigemichi Miura, presidente e CEO da Hokkaido Value Scope, empresa que administra a &quot;Goutabi Hokkaido&quot;, Ayuko Fujimura, gerente do departamento de planejamento, e outros visitaram a loja!\" class=\"size-full\" \/><\/a><figcaption class=\"wp-caption-text\">Shigemichi Miura, presidente e CEO da Hokkaido Value Scope, empresa que administra a &quot;Goutabi Hokkaido&quot;, Ayuko Fujimura, gerente do departamento de planejamento, e outros visitaram a loja!<\/figcaption><\/figure>\n<figure class=\"wp-caption aligncenter\"><a href=\"https:\/\/photos.google.com\/share\/AF1QipP2u0Dg1Icz61Ynxq01oU3_-et-nZAQXbKx50WTeBhSDktjF5iDaDOcbjw2_nkBFg\/photo\/AF1QipNeSGhVLFrfdhgrr-U0kDBFKQYZB3uEgHdwLA8?key=UG1Ib2R4THdTQ0RZRmthcGRHQkh0ZTktekQzRlZ3\" target=\"_blank\" rel=\"noopener\"><img decoding=\"async\" src=\"https:\/\/lh3.googleusercontent.com\/pw\/AP1GczNsvCs1ClgWkACUP8ugp1RNpg23Ud_JyG51njjBD0wACk10PGUArrCk7gjHFs7b0IGrgHGccXL1WrfXGuIDI-2byWcyck3ScKtlSzpSGAp0QxLhJQZRxa2Ltr19UZeAXdIpJDHaGJUovJI3zo058150=w2000-h1500-s-no-gm?authuser=0\" width=\"2000\" height=\"1500\" alt=\"Projeto de sorteio em andamento!\" class=\"size-full\" \/><\/a><figcaption class=\"wp-caption-text\">Projeto de sorteio em andamento!<\/figcaption><\/figure>\n\n        <div class=\"site-blogcard-premium\">\n            <div class=\"bc-label-custom\">Artigos relacionados<\/div>\n            <div class=\"bc-flex-container\">\n                <div class=\"bc-main-text\">\n                    <div class=\"bc-title-link-box\">\n                        <a href=\"https:\/\/www.gutabi.jp\/event\/detail\/899\" target=\"_blank\">39\u00ba Festival do Girassol | Turismo de Hokkaido | Guutabi Hokkaido<\/a>\n                    <\/div>\n                    <div class=\"bc-excerpt-box\">Evento Ishikari\/Sorachi: 39\u00ba Festival do Girassol. Os girass\u00f3is, a flor quintessencial do ver\u00e3o, florescem numa vasta \u00e1rea de aproximadamente 23 hectares...<\/div>\n                <\/div>\n                <div class=\"bc-thumbnail-box\">\n                    <a href=\"https:\/\/www.gutabi.jp\/event\/detail\/899\" target=\"_blank\">\n                        <div class=\"bc-img-zoom-wrap\">\n                            <img decoding=\"async\" src=\"https:\/\/static.gutabi.jp\/static\/responsive\/images\/ogp.jpg\" alt=\"39\u00ba Festival do Girassol | Turismo de Hokkaido | Guutabi Hokkaido\">\n                        <\/div>\n                    <\/a>\n                <\/div>\n            <\/div>\n        <\/div>\n<h3>Prefeito Sasaki Yasuhiro visita para oferecer incentivo<\/h3>\n<p>Al\u00e9m disso, na tarde do segundo dia, 11 de junho (ter\u00e7a-feira), o prefeito Sasaki Yasuhiro fez uma visita para oferecer apoio, juntamente com Minamiha Hajime, chefe da Divis\u00e3o de Assuntos Gerais da cidade de Hokuryu.<\/p>\n<figure class=\"wp-caption aligncenter\"><a href=\"https:\/\/photos.google.com\/share\/AF1QipP2u0Dg1Icz61Ynxq01oU3_-et-nZAQXbKx50WTeBhSDktjF5iDaDOcbjw2_nkBFg\/photo\/AF1QipNkd8p1kiVNu_0iUcnaZshz8ktFgvPIOBdK3r0?key=UG1Ib2R4THdTQ0RZRmthcGRHQkh0ZTktekQzRlZ3\" target=\"_blank\" rel=\"noopener\"><img decoding=\"async\" src=\"https:\/\/lh3.googleusercontent.com\/pw\/AP1GczMTT4XclZe3bbghVQBGC6_HX50uNJAD9TKekJqX89MnNrJZNKt_kanWu0XyR6AllPbfkixPro0vjoZN96Byp1IzJgX8QWAIVrCpJVvKy3LpXCWCFiqe-Vj6Pd4iROYIfwn8HMJ_wR6TRa-1F_-fdyJh=w2000-h1500-s-no-gm?authuser=0\" width=\"2000\" height=\"1500\" alt=\"O prefeito Sasaki nos visita para nos encorajar!\" class=\"size-full\" \/><\/a><figcaption class=\"wp-caption-text\">O prefeito Sasaki nos visita para nos encorajar!<\/figcaption><\/figure>\n<h4>Conjunto de Colabora\u00e7\u00e3o Nishiyama Ramen<\/h4>\n<p>Ele visitou o Nishiyama Ramen, que tamb\u00e9m est\u00e1 aberto no restaurante, juntamente com o presidente Takada Yukio, e cumprimentou a todos.<\/p>\n<figure class=\"wp-caption aligncenter\"><a href=\"https:\/\/photos.google.com\/share\/AF1QipP2u0Dg1Icz61Ynxq01oU3_-et-nZAQXbKx50WTeBhSDktjF5iDaDOcbjw2_nkBFg\/photo\/AF1QipPGW5zy1EJG0IkGwpGTHK63xQXnfLDxgcp0ekk?key=UG1Ib2R4THdTQ0RZRmthcGRHQkh0ZTktekQzRlZ3\"><img decoding=\"async\" src=\"https:\/\/lh3.googleusercontent.com\/pw\/AP1GczOChfzYCaBXhEZHJ6MD6jtQxoEqQdUAOivIzeu9MArOL080wZnjT3xprsslnOwIHT3ZZBIUmVD_3YRDi71_FXLAbudOx3BT0oQavIHWG5A8EkF2U6j8ZYmNltVjyPr_pbtbgB6A0wWSiT8GqYDGDl4E=w2000-h1500-s-no-gm?authuser=0\" width=\"2000\" height=\"1500\" alt=\"Visita ao estande do Nishiyama Ramen\" class=\"size-full\" \/><\/a><figcaption class=\"wp-caption-text\">Visita ao estande do Nishiyama Ramen<\/figcaption><\/figure>\n<p>O &quot;Hokkaido Delicious Food Set August&quot; do Nishiyama Ramen inclui duas por\u00e7\u00f5es de Komefutei Abura Soba, um tempero de arroz feito com soja Kurosengoku e alga marinha picada (para duas x\u00edcaras), e duas x\u00edcaras de arroz Nanatsuboshi da cidade de Hokuryu, em Hokkaido.<\/p>\n<figure class=\"wp-caption aligncenter\"><a href=\"https:\/\/photos.google.com\/share\/AF1QipP2u0Dg1Icz61Ynxq01oU3_-et-nZAQXbKx50WTeBhSDktjF5iDaDOcbjw2_nkBFg\/photo\/AF1QipPRsozPv6mUbBmh1_SUoxV-IZC0p3l6bSsogvg?key=UG1Ib2R4THdTQ0RZRmthcGRHQkh0ZTktekQzRlZ3\" target=\"_blank\" rel=\"noopener\"><img decoding=\"async\" src=\"https:\/\/lh3.googleusercontent.com\/pw\/AP1GczOAXUbNkQvaZittMHJ4Rd9pPc5D9ZCwnu9lpiXi8SMGh_x6DfAzT_c2J_pxY_tv0dPfeoYSeMVM2KYrh0cueLmrzLK2MFaZd_Hzn674kFO4Wawack64iJUNDQFZUF3aqbbKZALd2wDWZtMp48fvlTqR=w2000-h1500-s-no-gm?authuser=0\" width=\"2000\" height=\"1500\" alt=\"Um delicioso conjunto que combina o Nishiyama Ramen com arroz Kurosengoku!\" class=\"size-full\" \/><\/a><figcaption class=\"wp-caption-text\">Um delicioso conjunto que combina o Nishiyama Ramen com arroz Kurosengoku!<\/figcaption><\/figure>\n\n        <div class=\"site-blogcard-premium\">\n            <div class=\"bc-label-custom\">Artigos relacionados<\/div>\n            <div class=\"bc-flex-container\">\n                <div class=\"bc-main-text\">\n                    <div class=\"bc-title-link-box\">\n                        <a href=\"https:\/\/www.ramen.jp\" target=\"_blank\">Nishiyama Seimen Co., Ltd. - 70 anos de tradi\u00e7\u00e3o na fabrica\u00e7\u00e3o de macarr\u00e3o. Sapporo Nishiyama Ramen.<\/a>\n                    <\/div>\n                    <div class=\"bc-excerpt-box\">70 anos de tradi\u00e7\u00e3o na fabrica\u00e7\u00e3o de macarr\u00e3o. Este livro aborda a hist\u00f3ria da F\u00e1brica de Macarr\u00e3o Nishiyama, seu compromisso com a produ\u00e7\u00e3o de macarr\u00e3o, o apoio a novos neg\u00f3cios e o ensino de culin\u00e1ria, al\u00e9m de sua dedica\u00e7\u00e3o \u00e0 qualidade e aos pre\u00e7os acess\u00edveis.<\/div>\n                <\/div>\n                <div class=\"bc-thumbnail-box\">\n                    <a href=\"https:\/\/www.ramen.jp\" target=\"_blank\">\n                        <div class=\"bc-img-zoom-wrap\">\n                            <img decoding=\"async\" src=\"http:\/\/www.ramen.jp\/shared\/images\/logo_ogp.jpg\" alt=\"Nishiyama Seimen Co., Ltd. - 70 anos de tradi\u00e7\u00e3o na fabrica\u00e7\u00e3o de macarr\u00e3o. Sapporo Nishiyama Ramen.\">\n                        <\/div>\n                    <\/a>\n                <\/div>\n            <\/div>\n        <\/div>\n<h2>Restaurante de soba em p\u00e9<\/h2>\n<p>O endere\u00e7o \u00e9 no primeiro subsolo do Edif\u00edcio Showa, Odori Nishi 5-chome, Chuo-ku, Sapporo.<\/p>\n<figure id=\"attachment_46343\" class=\"wp-caption aligncenter\"><a href=\"https:\/\/maps.app.goo.gl\/81Vry5VQrGu7XeMq8\" target=\"_blank\" rel=\"noopener\"><img decoding=\"async\" src=\"https:\/\/portal.hokuryu.info\/wp\/wp-content\/uploads\/2024\/06\/2024-06-14-14.31.42.jpg\" alt=\"Restaurante Standing Soba Nagara (Sapporo)\" width=\"1328\" height=\"976\" class=\"size-full wp-image-46343\" style=\"border:solid 1px blue\"\/><figcaption class=\"wp-caption-text\">Restaurante Standing Soba Nagara (Sapporo)<\/a><\/figcaption><\/figure>\n<p>O restaurante de soba &quot;Nagara&quot;, frequentado h\u00e1 muito tempo pelo diretor-geral Takada, oferece &quot;bolinhos de arroz com soja Kurosengoku&quot;, ent\u00e3o decidimos dar uma passada l\u00e1 para almo\u00e7ar!<\/p>\n<figure class=\"wp-caption aligncenter\"><a href=\"https:\/\/photos.google.com\/share\/AF1QipP2u0Dg1Icz61Ynxq01oU3_-et-nZAQXbKx50WTeBhSDktjF5iDaDOcbjw2_nkBFg\/photo\/AF1QipO3sCVlgTanmUTm7aTrawSJx9pHoq7ELAccuNU?key=UG1Ib2R4THdTQ0RZRmthcGRHQkh0ZTktekQzRlZ3\" target=\"_blank\" rel=\"noopener\"><img decoding=\"async\" src=\"https:\/\/lh3.googleusercontent.com\/pw\/AP1GczPzveVoPLruZz-vLhYtaTsr915G16A0sg4uJW4tdN0xvzkFxWuen1QhOMHxQ-UOO4sY-YnRyathocixGrf4kIqJJn9dxOJt7XoTlaOQGAXqRfJbc67zmbXF7A8zHpMDvmlAkb5xAcKlJGeH5lt9C3b-=w2000-h1500-s-no-gm?authuser=0\" width=\"2000\" height=\"1500\" alt=\"Restaurante de soba &quot;Nagara&quot;\" class=\"size-full\" \/><\/a><figcaption class=\"wp-caption-text\">Restaurante de soba &quot;Nagara&quot;<\/figcaption><\/figure>\n<p>Como era hora do almo\u00e7o, havia uma longa fila de espera para conseguir um lugar no balc\u00e3o... Este restaurante popular serve um caldo aut\u00eantico e delicioso.<\/p>\n<figure class=\"wp-caption aligncenter\"><a href=\"https:\/\/photos.google.com\/share\/AF1QipP2u0Dg1Icz61Ynxq01oU3_-et-nZAQXbKx50WTeBhSDktjF5iDaDOcbjw2_nkBFg\/photo\/AF1QipMD4QdkUKaWaTEX9C_zAYFlPOdpyu5pFs1Z6pw?key=UG1Ib2R4THdTQ0RZRmthcGRHQkh0ZTktekQzRlZ3\" target=\"_blank\" rel=\"noopener\"><img decoding=\"async\" src=\"https:\/\/lh3.googleusercontent.com\/pw\/AP1GczMQkIqeOKf_1DiwTdpK3GZhb7WFl8CzBDtWMEmat0welXMgZnM2dib9lfAY1E21r3SZBU3V3ikykWshab6lVGVv4E5uyyMpFKLAdkNlBwJSqz1VrSoNCWX_TKWtS0nS040MkMB5ei_gXshv08n7jpn3=w2000-h1500-s-no-gm?authuser=0\" width=\"2000\" height=\"1500\" alt=\"Macarr\u00e3o soba tempur\u00e1 de legumes e bolinhos de arroz de soja Kurosengoku\" class=\"size-full\" \/><\/a><figcaption class=\"wp-caption-text\">Macarr\u00e3o soba tempur\u00e1 de legumes e bolinhos de arroz de soja preta<\/figcaption><\/figure>\n<p>Alguns clientes chegam a pedir conjuntos que incluem bolinhos de arroz de soja Kurosengoku e sushi inari!!!<br \/>\nDelicioso! R\u00e1pido! Barato! Macarr\u00e3o soba incrivelmente saboroso e que sacia a fome!<\/p>\n<figure class=\"wp-caption aligncenter\"><a href=\"https:\/\/photos.google.com\/share\/AF1QipP2u0Dg1Icz61Ynxq01oU3_-et-nZAQXbKx50WTeBhSDktjF5iDaDOcbjw2_nkBFg\/photo\/AF1QipMMa1JZazItYvTTmYj2mzhaEPfcqhPu3WpJ9bo?key=UG1Ib2R4THdTQ0RZRmthcGRHQkh0ZTktekQzRlZ3\" target=\"_blank\" rel=\"noopener\"><img decoding=\"async\" src=\"https:\/\/lh3.googleusercontent.com\/pw\/AP1GczNli9TrTnr-Dtor0m3XEW_CJQJhCjiJnd03KnPIYvcc1P8ObmDGtblmILDoDlC3U5D3hdoKoAilo0Cn9-twsbsEDZzpSJI-KTRNgu1-qPe2o8seszXqVlkfsSsRP2p1IvEySufLjCarGDQx6yVJpeeo=w2000-h1500-s-no-gm?authuser=0\" width=\"2000\" height=\"1500\" alt=\"Oferecemos bolinhos de arroz com soja Kurosengoku e oinari!\" class=\"size-full\" \/><\/a><figcaption class=\"wp-caption-text\">Oferecemos bolinhos de arroz com soja Kurosengoku e oinari!<\/figcaption><\/figure>\n<figure class=\"wp-caption aligncenter\"><a href=\"https:\/\/photos.google.com\/share\/AF1QipP2u0Dg1Icz61Ynxq01oU3_-et-nZAQXbKx50WTeBhSDktjF5iDaDOcbjw2_nkBFg\/photo\/AF1QipMjyN_SryOX6kD2cS4lJlxTtagGPfBeN8ubCTY?key=UG1Ib2R4THdTQ0RZRmthcGRHQkh0ZTktekQzRlZ3\" target=\"_blank\" rel=\"noopener\"><img decoding=\"async\" src=\"https:\/\/lh3.googleusercontent.com\/pw\/AP1GczMZR8eyFrDB3JP7sUuT8WvzhJ8lZC8Ch9tOQZ2wJ5gPmPz4qBUYVwfs06rygccJGAawEajpd37QUkN6EfqYWTXGxJKs_QMpb0toZGGHuw5sjjSBl9p74rXv0-lRgG0QC37rXA6K7KYtkXujZgN9Sznf=w2000-h1500-s-no-gm?authuser=0\" width=\"2000\" height=\"1500\" alt=\"Os lend\u00e1rios bolinhos de arroz com soja Kurosengoku e as bombas de creme Kurosengoku da UMEYA.\" class=\"size-full\" \/><\/a><figcaption class=\"wp-caption-text\">Os lend\u00e1rios bolinhos de arroz com soja Kurosengoku e as bombas de creme Kurosengoku da UMEYA.<\/figcaption><\/figure>\n<figure id=\"attachment_46342\" class=\"wp-caption aligncenter\"><a href=\"https:\/\/www.instagram.com\/yorunonagara\/?hl\"><img decoding=\"async\" src=\"https:\/\/portal.hokuryu.info\/wp\/wp-content\/uploads\/2024\/06\/2024-06-14-14.28.40.jpg\" alt=\"Restaurante Standing Soba Nagara (Cidade de Sapporo) Instagram\" width=\"2110\" height=\"1434\" class=\"size-full wp-image-46342\" \/><figcaption class=\"wp-caption-text\">Restaurante Standing Soba Nagara (Cidade de Sapporo) Instagram<\/a><\/figcaption><\/figure>\n<p><center><img decoding=\"async\" src=\"https:\/\/portal.hokuryu.info\/wp\/wp-content\/uploads\/2024\/06\/2024-06-14-14.35.47.png\" width=\"15\"> \u301c <img decoding=\"async\" src=\"https:\/\/portal.hokuryu.info\/wp\/wp-content\/uploads\/2024\/06\/2024-06-14-14.35.47.png\" width=\"15\"> \u301c <img decoding=\"async\" src=\"https:\/\/portal.hokuryu.info\/wp\/wp-content\/uploads\/2024\/06\/2024-06-14-14.35.47.png\" width=\"15\"> \u301c <img decoding=\"async\" src=\"https:\/\/portal.hokuryu.info\/wp\/wp-content\/uploads\/2024\/06\/2024-06-14-14.35.47.png\" width=\"15\"> \u301c <img decoding=\"async\" src=\"https:\/\/portal.hokuryu.info\/wp\/wp-content\/uploads\/2024\/06\/2024-06-14-14.35.47.png\" width=\"15\"> \u301c <img decoding=\"async\" src=\"https:\/\/portal.hokuryu.info\/wp\/wp-content\/uploads\/2024\/06\/2024-06-14-14.35.47.png\" width=\"15\"><\/center><\/p>\n<p>A Feira de Soja Kurosengoku, com dura\u00e7\u00e3o de dois dias, ser\u00e1 realizada no Sapporo Chi-Ka-Ho!<br \/>\nCom amor, gratid\u00e3o e ora\u00e7\u00f5es ilimitadas, esperamos aumentar a conscientiza\u00e7\u00e3o sobre a soja Kurosengoku em Sapporo e levar o encanto da soja Kurosengoku a ainda mais pessoas na &quot;Feira Misteriosa da Soja Kurosengoku em Chikaho&quot;.<\/p>\n<figure class=\"wp-caption aligncenter\"><a href=\"https:\/\/photos.google.com\/share\/AF1QipP2u0Dg1Icz61Ynxq01oU3_-et-nZAQXbKx50WTeBhSDktjF5iDaDOcbjw2_nkBFg\/photo\/AF1QipPNpWdWIrGelxY5HKSQW7uyWOj8Osn7b5WC7Tg?key=UG1Ib2R4THdTQ0RZRmthcGRHQkh0ZTktekQzRlZ3\" target=\"_blank\" rel=\"noopener\"><img decoding=\"async\" src=\"https:\/\/lh3.googleusercontent.com\/pw\/AP1GczPC6YeQ6n0bpR6iv5SxGoQ4NmvNCkENP7En4WkzeHOcruOYwRHcDq6ELnsJZ2nRzMIRbqXsa9w7nuNVsri9KKne2GwhtUa-47XRm4uH7Qlu8pYGf7HKLlrEpn-1t8v3IbQyEOSIH_B4trhG9mdD_fwq=w2000-h1500-s-no-gm?authuser=0\" width=\"2000\" height=\"1500\" alt=\"Gostar\u00edamos de expressar nossa gratid\u00e3o \u00e0 Feira de Soja de Kurosengoku em Chikaho por aumentar o interesse pela soja de Kurosengoku.\" class=\"size-full\" \/><\/a><figcaption class=\"wp-caption-text\">Gostar\u00edamos de expressar nossa gratid\u00e3o \u00e0 &quot;Feira de Soja Kurosengoku em Chikaho&quot; por aumentar o interesse pela soja Kurosengoku.<\/figcaption><\/figure>\n<h2>v\u00eddeos do YouTube<\/h2>\n<div class=\"youtube\"><iframe title=\"A Associa\u00e7\u00e3o Cooperativa Comercial Kurosengoku ter\u00e1 um estande pr\u00f3prio na &quot;Feira Fantasma da Soja Kurosengoku em Chi-Ka-Ho&quot; (Pra\u00e7a Subterr\u00e2nea de Ekimae-dori, Sapporo), abrindo um estande em Sapporo a cada poucos meses!\" src=\"https:\/\/www.youtube.com\/embed\/_97Gou1asnI?feature=oembed\" frameborder=\"0\" allow=\"accelerometer; autoplay; clipboard-write; encrypted-media; gyroscope; picture-in-picture; web-share\" referrerpolicy=\"strict-origin-when-cross-origin\" allowfullscreen><\/iframe><\/div>\n<h2>Outras fotos<\/h2>\n<div class=\"img-move\"><img decoding=\"async\" style=\"vertical-align: middle;\" src=\"https:\/\/ehokkaido.net\/wp-content\/uploads\/2021\/12\/2021-12-06-11.41.12.png\" \/> <a href=\"https:\/\/photos.app.goo.gl\/VXDdyiNuczPBAfPq8\" target=\"_blank\" rel=\"noopener noreferrer\">Clique aqui para ver o primeiro conjunto de fotos (108 fotos) da Feira de Soja de Kurosengoku em Chikaho &gt;&gt;<\/a><\/div>\n<h2>Artigos relacionados<\/h2>\n\n\u3000<br \/>\n\u25c7 Entrevista e texto: Ikuko Terauchi (Fotografia e assist\u00eancia de edi\u00e7\u00e3o: Noboru Terauchi)<\/p>","protected":false},"excerpt":{"rendered":"<p>\uff12\uff10\uff12\uff14\u5e74\uff16\u6708\uff11\uff14\u65e5\uff08\u91d1\uff09 \uff16\u6708\uff11\uff10\u65e5\uff08\u6708\uff09\u30fb\uff16\u6708\uff11\uff11\u65e5\uff08\u706b\uff09\u3001\u30c1\u30fb\u30ab\u30fb\u30db\uff08\u672d\u5e4c\u99c5\u524d\u901a\u5730\u4e0b\u5e83\u5834\uff09\u306b\u3066\u3001\u9ed2\u5343\u77f3\u4e8b\u696d\u5354\u540c\u7d44\u5408\u304c\u300c\u5e7b\u306e\u9ed2\u5343\u77f3\u5927\u8c46\u30d5\u30a7\u30a2 in \u30c1\u30ab\u30db\u300d\u3092\u5358\u72ec\u3067\u51fa\u5e97\u3002 \u5e7b\u306e\u9ed2\u5343\u77f3\u5927\u8c46\u30d5\u30a7\u30a2 i [&hellip;]<\/p>\n","protected":false},"author":1,"featured_media":46284,"comment_status":"open","ping_status":"open","sticky":false,"template":"","format":"standard","meta":{"footnotes":""},"categories":[4,72,9],"tags":[],"class_list":["post-46233","post","type-post","status-publish","format-standard","has-post-thumbnail","hentry","category-cover-story","category-kurosengoku_jyoumu","category-kurosengoku"],"_links":{"self":[{"href":"https:\/\/portal.hokuryu.info\/pt\/wp-json\/wp\/v2\/posts\/46233","targetHints":{"allow":["GET"]}}],"collection":[{"href":"https:\/\/portal.hokuryu.info\/pt\/wp-json\/wp\/v2\/posts"}],"about":[{"href":"https:\/\/portal.hokuryu.info\/pt\/wp-json\/wp\/v2\/types\/post"}],"author":[{"embeddable":true,"href":"https:\/\/portal.hokuryu.info\/pt\/wp-json\/wp\/v2\/users\/1"}],"replies":[{"embeddable":true,"href":"https:\/\/portal.hokuryu.info\/pt\/wp-json\/wp\/v2\/comments?post=46233"}],"version-history":[{"count":0,"href":"https:\/\/portal.hokuryu.info\/pt\/wp-json\/wp\/v2\/posts\/46233\/revisions"}],"wp:featuredmedia":[{"embeddable":true,"href":"https:\/\/portal.hokuryu.info\/pt\/wp-json\/wp\/v2\/media\/46284"}],"wp:attachment":[{"href":"https:\/\/portal.hokuryu.info\/pt\/wp-json\/wp\/v2\/media?parent=46233"}],"wp:term":[{"taxonomy":"category","embeddable":true,"href":"https:\/\/portal.hokuryu.info\/pt\/wp-json\/wp\/v2\/categories?post=46233"},{"taxonomy":"post_tag","embeddable":true,"href":"https:\/\/portal.hokuryu.info\/pt\/wp-json\/wp\/v2\/tags?post=46233"}],"curies":[{"name":"wp","href":"https:\/\/api.w.org\/{rel}","templated":true}]}}