{"id":43582,"date":"2024-04-09T09:36:18","date_gmt":"2024-04-09T00:36:18","guid":{"rendered":"https:\/\/portal.hokuryu.info\/?p=43582"},"modified":"2024-04-10T00:52:50","modified_gmt":"2024-04-09T15:52:50","slug":"%e9%bb%92%e5%8d%83%e7%9f%b3%e4%ba%8b%e6%a5%ad%e5%8d%94%e5%90%8c%e7%b5%84%e5%90%88%e3%83%bb%e6%96%b0%e4%ba%8b%e5%8b%99%e6%89%80-%ef%bc%86-%e5%b7%a5%e5%a0%b4%e7%9b%b4%e5%a3%b2%e6%89%80%e3%82%aa%e3%83%bc","status":"publish","type":"post","link":"https:\/\/portal.hokuryu.info\/pt\/43582\/","title":{"rendered":"A Associa\u00e7\u00e3o Cooperativa Comercial de Kurosengoku inaugurou seu novo escrit\u00f3rio e loja de f\u00e1brica!"},"content":{"rendered":"<p>Ter\u00e7a-feira, 9 de abril de 2024<\/p>\n<p>O novo escrit\u00f3rio da Associa\u00e7\u00e3o Cooperativa Comercial Kurosengoku e a loja de vendas diretas da f\u00e1brica foram inaugurados na segunda-feira, 8 de abril, \u00e0s 9h.<\/p>\n<p>A constru\u00e7\u00e3o foi realizada pela Hokko Construction Co., Ltd. (Representante: Masahito Fujii), uma empresa local, que superou diversos desafios, incluindo o aumento dos custos dos materiais devido aos efeitos da pandemia de COVID-19, e enfrentou muitas dificuldades antes de finalmente concluir o projeto.<\/p>\n<h2>A Associa\u00e7\u00e3o Cooperativa Comercial de Kurosengoku inaugurou seu novo escrit\u00f3rio e loja de f\u00e1brica!<\/h2>\n<figure class=\"wp-caption aligncenter\"><a href=\"https:\/\/photos.google.com\/share\/AF1QipMg7w6R7XuXjEe0oIyfwlOofhDt4eWV38ccFk0ggVACXEd_2ZKpQwStmsEqF0eC6Q\/photo\/AF1QipPBtY2SqZnq-chEEjqClkD5PlMx27FDQ51huoc?key=TU5UN1p4UDJaMHI2bzlXeWgzak9FbHRteHoxMDd3\" target=\"_blank\" rel=\"noopener\"><img decoding=\"async\" src=\"https:\/\/lh3.googleusercontent.com\/pw\/AP1GczN7CRaUmSERz-Ob_LvWkSUJaMbYr-ppgt_vvemP_GnFeu_qeIPuUkTyuSzyGe7Ncua_-S8B8TVtlM7Iw5BRSH5zG6VzvWzNUXg2cJQ6tKd4KnNzTPTecPeVenozyJp7_71K-SoXUy57Ko6bS7YYedbh=w1974-h1315-s-no-gm?authuser=0\" width=\"2000\" height=\"1333\" alt=\"Associa\u00e7\u00e3o Cooperativa Comercial Kurosengoku, Novo Escrit\u00f3rio, a partir da Rodovia Nacional 275\" class=\"size-full\" \/><\/a><figcaption class=\"wp-caption-text\">Associa\u00e7\u00e3o Cooperativa Comercial Kurosengoku, Novo Escrit\u00f3rio, a partir da Rodovia Nacional 275<\/figcaption><\/figure>\n<figure class=\"wp-caption aligncenter\"><a href=\"https:\/\/photos.google.com\/share\/AF1QipMg7w6R7XuXjEe0oIyfwlOofhDt4eWV38ccFk0ggVACXEd_2ZKpQwStmsEqF0eC6Q\/photo\/AF1QipPDq6rz2bvQnPqFZMrpSD3kCw4-ViNexbwVmtU?key=TU5UN1p4UDJaMHI2bzlXeWgzak9FbHRteHoxMDd3\" target=\"_blank\" rel=\"noopener\"><img decoding=\"async\" src=\"https:\/\/lh3.googleusercontent.com\/pw\/AP1GczMEkDUPitMkStlmD8fGy5XHa7Y8U7Tg06dTk2tt99nMfSl5Ul18vOZr9ZUxzmoRD1GGn2iPKSK9SDskjqOlXd8FH7HFcHZ11N2FRwnPVSqndgqZ2ytrVxjSofUBxRYiSaRyHtbTfxZ1k_SY4w082CQw=w1968-h1476-s-no-gm?authuser=0\" width=\"2000\" height=\"1333\" alt=\"Associa\u00e7\u00e3o Cooperativa Comercial Kurosengoku, vista de frente\" class=\"size-full\" \/><\/a><figcaption class=\"wp-caption-text\">Associa\u00e7\u00e3o Cooperativa Comercial Kurosengoku, novo escrit\u00f3rio, vista frontal<\/figcaption><\/figure>\n<figure class=\"wp-caption aligncenter\"><a href=\"https:\/\/photos.google.com\/share\/AF1QipMg7w6R7XuXjEe0oIyfwlOofhDt4eWV38ccFk0ggVACXEd_2ZKpQwStmsEqF0eC6Q\/photo\/AF1QipNSkPul4SoZqwHgq9pEAnyjpMSdytkmIlQLGVY?key=TU5UN1p4UDJaMHI2bzlXeWgzak9FbHRteHoxMDd3\" target=\"_blank\" rel=\"noopener\"><img decoding=\"async\" src=\"https:\/\/lh3.googleusercontent.com\/pw\/AP1GczNk_Urs0dvKZQo537EmmGtIMnPxd8MbJ8ylAR89Mh0RCoBfpPcHY1ZMIN3B_fakK04aPjg-SRjyHhInmxK966xdSnJvGonZCSUGhwEN5UnMuZSOqttvZjiXVHfXD2T_sOggL6R1K5RRLAfjZoqq0PPf=w2000-h1333-s-no-gm?authuser=0\" width=\"2000\" height=\"1333\" alt=\"Associa\u00e7\u00e3o Cooperativa Comercial Kurosengoku, novo escrit\u00f3rio, vista do lado do armaz\u00e9m\" class=\"size-full\" \/><\/a><figcaption class=\"wp-caption-text\">Associa\u00e7\u00e3o Cooperativa Comercial Kurosengoku, novo escrit\u00f3rio, vista do lado do armaz\u00e9m<\/figcaption><\/figure>\n<h3>Prefeito Sasaki Yasuhiro visita para oferecer incentivo<\/h3>\n<p>Logo que abrimos \u00e0s 9h, o prefeito Sasaki Yasuhiro veio nos visitar para nos dar apoio! Muito obrigado!<\/p>\n<figure class=\"wp-caption aligncenter\"><a href=\"https:\/\/photos.google.com\/share\/AF1QipMg7w6R7XuXjEe0oIyfwlOofhDt4eWV38ccFk0ggVACXEd_2ZKpQwStmsEqF0eC6Q\/photo\/AF1QipOY-1E6dB1356CiCN9p4YLfSCL1wo2N-ABWcvw?key=TU5UN1p4UDJaMHI2bzlXeWgzak9FbHRteHoxMDd3\" target=\"_blank\" rel=\"noopener\"><img decoding=\"async\" src=\"https:\/\/lh3.googleusercontent.com\/pw\/AP1GczM7RUrZ8P2XR-TSWXvU-Uj6JSBPkdSXoHC3u2HCE8uVPQochxWJrWHNlqtmfVZ_0832KTeAJZAudBSTqDhtszWqj9Lt3xEB9VHOy11XI6bbmTSmmEZqYDF_fJTudZ-kzBjI_D4AeMtuHbAYABQO7Q11=w2000-h1333-s-no-gm?authuser=0\" width=\"2000\" height=\"1333\" alt=\"O prefeito Sasaki nos visita para nos encorajar!\" class=\"size-full\" \/><\/a><figcaption class=\"wp-caption-text\">O prefeito Sasaki nos visita para nos encorajar!<\/figcaption><\/figure>\n<p>O escrit\u00f3rio \u00e9 um espa\u00e7o amplo e luminoso com base branca.<\/p>\n<h3>Mesas de executivos e funcion\u00e1rios<\/h3>\n<figure class=\"wp-caption aligncenter\"><a href=\"https:\/\/photos.google.com\/share\/AF1QipMg7w6R7XuXjEe0oIyfwlOofhDt4eWV38ccFk0ggVACXEd_2ZKpQwStmsEqF0eC6Q\/photo\/AF1QipNUK-eAoytMXo1tHkH7-3HXQFYqHRBV64yn_2Y?key=TU5UN1p4UDJaMHI2bzlXeWgzak9FbHRteHoxMDd3\" target=\"_blank\" rel=\"noopener\"><img decoding=\"async\" src=\"https:\/\/lh3.googleusercontent.com\/pw\/AP1GczOYYOOu0qojzz076hx4ncsfHq0Jx1Frb1L2R4u1l2w7JDuWFVd-WXJNc803Mdrxa-1HG3HBXRz9NjRfmUApAR14G8nmpCIH8DTk4vDDKOPKhCwmx4JRLJzRr3XEZgk5Pay--45bEbeApKESHCbWk7CB=w1553-h1165-s-no-gm?authuser=0\" width=\"1840\" height=\"1380\" alt=\"Yuji Takada, Diretor Executivo, e Yukio Takada, Presidente do Conselho.\" class=\"size-full\" \/><\/a><figcaption class=\"wp-caption-text\">Yuji Takada, Diretor Executivo, e Yukio Takada, Presidente do Conselho.<\/figcaption><\/figure>\n<figure class=\"wp-caption aligncenter\"><a href=\"https:\/\/photos.google.com\/share\/AF1QipMg7w6R7XuXjEe0oIyfwlOofhDt4eWV38ccFk0ggVACXEd_2ZKpQwStmsEqF0eC6Q\/photo\/AF1QipM5APp_AO14NeJ2I1meD3Xlck0TgYr_s3wn52k?key=TU5UN1p4UDJaMHI2bzlXeWgzak9FbHRteHoxMDd3\" target=\"_blank\" rel=\"noopener\"><img decoding=\"async\" src=\"https:\/\/lh3.googleusercontent.com\/pw\/AP1GczO6eyGa3MCs81fOqbFmVZDI1lzFe2rIFAkEmFWUNQpB2OqvBLMIQSEiuPgxGkbdh0YBM-pk2BXJFY56LdZBPEPv6ReYZMZcc-zHBZUAkHaemhcF4dyQm5ivW3YZnamnOOrIuQ5cftVI58erLSdZN_5t=w1840-h1380-s-no-gm?authuser=0\" width=\"1840\" height=\"1380\" alt=\"Hitomi Asagi, Mesa da Secretaria\" class=\"size-full\" \/><\/a><figcaption class=\"wp-caption-text\">Hitomi Asagi, Mesa da Secretaria<\/figcaption><\/figure>\n<h3>\u00c1rea de recep\u00e7\u00e3o<\/h3>\n<p>Uma mesa de centro e um sof\u00e1 s\u00e3o colocados entre as mesas do presidente, do diretor-geral e do diretor executivo, permitindo que os convidados sejam recebidos em um ambiente descontra\u00eddo.<\/p>\n<figure class=\"wp-caption aligncenter\"><a href=\"https:\/\/photos.google.com\/share\/AF1QipMg7w6R7XuXjEe0oIyfwlOofhDt4eWV38ccFk0ggVACXEd_2ZKpQwStmsEqF0eC6Q\/photo\/AF1QipMDoyLxt7fkaLOXMDSJF1C6QxAo4-2G7_pH6Mg?key=TU5UN1p4UDJaMHI2bzlXeWgzak9FbHRteHoxMDd3\" target=\"_blank\" rel=\"noopener\"><img decoding=\"async\" src=\"https:\/\/lh3.googleusercontent.com\/pw\/AP1GczOyu0K3q-jth1l5z5_Foqa5TramXXYu9_5aWAB3LVGKFmYHoRro-VIKBVs7_gXovak66943ctWAfNcz0lfzgvOj6WdEPzb_ZFCDj_jvZ3svzi7rSfUiZS9clJ7fa1TccRSTk0leT95bd20QHfZy_pcj=w2000-h1500-s-no-gm?authuser=0\" width=\"1840\" height=\"1380\" alt=\"Recebendo os convidados em um sof\u00e1 confort\u00e1vel!\" class=\"size-full\" \/><\/a><figcaption class=\"wp-caption-text\">Recebendo os convidados em um sof\u00e1 confort\u00e1vel!<\/figcaption><\/figure>\n<h3>Pronto para comprar direto da f\u00e1brica.<\/h3>\n<p>Na recep\u00e7\u00e3o, logo na entrada, est\u00e3o expostos os produtos processados de soja da Kurosengoku, e a loja tamb\u00e9m funciona como ponto de venda direta, onde os clientes podem comprar os produtos imediatamente.<\/p>\n<figure class=\"wp-caption aligncenter\"><a href=\"https:\/\/photos.google.com\/share\/AF1QipMg7w6R7XuXjEe0oIyfwlOofhDt4eWV38ccFk0ggVACXEd_2ZKpQwStmsEqF0eC6Q\/photo\/AF1QipMaiWhqIxkzAElNdOtN3mHheIT3f2R7Lo0d5WU?key=TU5UN1p4UDJaMHI2bzlXeWgzak9FbHRteHoxMDd3\" target=\"_blank\" rel=\"noopener\"><img decoding=\"async\" src=\"https:\/\/lh3.googleusercontent.com\/pw\/AP1GczMI4718ForUpQrJ2f48vRyC4cta3CQRXEso0omGzS_hFj1r5wud_mMLvMHZJ94mIy6mMvDemwLkTC1kXMQs6btIejUUwdopFvYRzkap9uEqOtmrkBaaIdqGUfnNX3oEAyybqtOgkldRbq0imkkzAvUK=w1840-h1380-s-no-gm?authuser=0\" width=\"1840\" height=\"1380\" alt=\"Diversos produtos \u00e0 venda direta na loja, na recep\u00e7\u00e3o.\" class=\"size-full\" \/><\/a><figcaption class=\"wp-caption-text\">Diversos produtos \u00e0 venda direta na loja, na recep\u00e7\u00e3o.<\/figcaption><\/figure>\n<figure class=\"wp-caption aligncenter\"><a href=\"https:\/\/photos.google.com\/share\/AF1QipMg7w6R7XuXjEe0oIyfwlOofhDt4eWV38ccFk0ggVACXEd_2ZKpQwStmsEqF0eC6Q\/photo\/AF1QipPR2nUMqJd3YR1EK9fOAGOQ7pHqATAHj6-nzCk?key=TU5UN1p4UDJaMHI2bzlXeWgzak9FbHRteHoxMDd3\" target=\"_blank\" rel=\"noopener\"><img decoding=\"async\" src=\"https:\/\/lh3.googleusercontent.com\/pw\/AP1GczPP18WOgk9DqI7CWsPEN4Erd6Qd-XXqOxkTLvbRRG6IvZS9CQ6VsFrI3q8CX8pLdXj4KrdCTRM_c0jwe22mF7sH7hfJ6cVlHWIv6awCC_COdTRTrvkjHvma4C1ubpaG5gye80O9wDHNV9HjxzaYXXwW=w2000-h1500-s-no-gm?authuser=0\" width=\"1840\" height=\"1380\" alt=\"Obrigado pela sua compra r\u00e1pida!\" class=\"size-full\" \/><\/a><figcaption class=\"wp-caption-text\">Obrigado pela sua compra r\u00e1pida!<\/figcaption><\/figure>\n<h3>Cozinha, banheiros limpos para homens e mulheres, com acesso direto \u00e0 f\u00e1brica.<\/h3>\n<p>O novo escrit\u00f3rio, constru\u00eddo ao lado da f\u00e1brica, est\u00e1 equipado com cozinha e banheiros limpos para homens e mulheres. Al\u00e9m disso, no final do corredor atr\u00e1s dos banheiros, h\u00e1 uma porta que liga o escrit\u00f3rio \u00e0 f\u00e1brica.<\/p>\n<figure class=\"wp-caption aligncenter\"><a href=\"https:\/\/photos.google.com\/share\/AF1QipMg7w6R7XuXjEe0oIyfwlOofhDt4eWV38ccFk0ggVACXEd_2ZKpQwStmsEqF0eC6Q\/photo\/AF1QipP8y8EG2CGRj7iQRRkTbP3yY9pb3waq0mJIUf4?key=TU5UN1p4UDJaMHI2bzlXeWgzak9FbHRteHoxMDd3\" target=\"_blank\" rel=\"noopener\"><img decoding=\"async\" src=\"https:\/\/lh3.googleusercontent.com\/pw\/AP1GczOhdFluczwk_VaWlBcGdiaFIK2BrIhCrp4jatxXYzjMOK3UirqPE8GuXC5KJaLjEsNfl3rstWbT6htmrDErDCeeKa-nB_TRuvEe8qe_kNAQotexSuObkA3kEDzBC5ujaaRgd2CoJyKBznsJ521fiqsm=w1797-h1198-s-no-gm?authuser=0\" width=\"1840\" height=\"1380\" alt=\"A cozinha fica nos fundos do escrit\u00f3rio.\" class=\"size-full\" \/><\/a><figcaption class=\"wp-caption-text\">A cozinha fica nos fundos do escrit\u00f3rio.<\/figcaption><\/figure>\n<figure class=\"wp-caption aligncenter\"><a href=\"https:\/\/photos.google.com\/share\/AF1QipMg7w6R7XuXjEe0oIyfwlOofhDt4eWV38ccFk0ggVACXEd_2ZKpQwStmsEqF0eC6Q\/photo\/AF1QipNB-R6pvGN0R4aK_fnPqPFdtzHXQMUVsizoU5Q?key=TU5UN1p4UDJaMHI2bzlXeWgzak9FbHRteHoxMDd3\" target=\"_blank\" rel=\"noopener\"><img decoding=\"async\" src=\"https:\/\/lh3.googleusercontent.com\/pw\/AP1GczMaZ3HocXsDzHl_7ivg0jg5fadFa-943xhg8CY9q6AwAQVhAOIdCzjGlQzpB2lMjtlHCYkfZ9movNG1nxevMhq_N8FOuJqxFqaqHNYLyVAaY1Db3mdhJwYiM4Inbbm4QnqRoZsNxIuhRT5Utn_xONWe=w1840-h1380-s-no-gm?authuser=0\" width=\"1840\" height=\"1380\" alt=\"Atr\u00e1s do vaso sanit\u00e1rio h\u00e1 uma passagem que leva \u00e0 f\u00e1brica.\" class=\"size-full\" \/><\/a><figcaption class=\"wp-caption-text\">Atr\u00e1s do vaso sanit\u00e1rio h\u00e1 uma passagem que leva \u00e0 f\u00e1brica.<\/figcaption><\/figure>\n<figure class=\"wp-caption aligncenter\"><a href=\"https:\/\/photos.google.com\/share\/AF1QipMg7w6R7XuXjEe0oIyfwlOofhDt4eWV38ccFk0ggVACXEd_2ZKpQwStmsEqF0eC6Q\/photo\/AF1QipMHi_8OdTd_ZrxeXeoxUFV3Zz2zSYNWqDkCTIw?key=TU5UN1p4UDJaMHI2bzlXeWgzak9FbHRteHoxMDd3\" target=\"_blank\" rel=\"noopener\"><img decoding=\"async\" src=\"https:\/\/lh3.googleusercontent.com\/pw\/AP1GczPqA6xbd-3UbuBTJH5xfjfwkwpFEbp5U54h9IaR-RVGhhS3iys_vL-V-tvspBTpwpANPPFgdD2y9JAGpBNmbFzuTXoV-3hJokMGAqeU7g9he7_We5tUFIf2UykN5l-BUIMp6lrgJUHa8evUkdU0_jWX=w1840-h1380-s-no-gm?authuser=0\" width=\"1840\" height=\"1380\" alt=\"Ao abrir a porta, voc\u00ea se encontrar\u00e1 em uma f\u00e1brica!\" class=\"size-full\" \/><\/a><figcaption class=\"wp-caption-text\">Ao abrir a porta, voc\u00ea se encontrar\u00e1 em uma f\u00e1brica!<\/figcaption><\/figure>\n<h2>Discurso do Presidente Yukio Takada<\/h2>\n<figure class=\"wp-caption aligncenter\"><a href=\"https:\/\/photos.google.com\/share\/AF1QipMg7w6R7XuXjEe0oIyfwlOofhDt4eWV38ccFk0ggVACXEd_2ZKpQwStmsEqF0eC6Q\/photo\/AF1QipOlnNDv3dSRbypBOXuniuF_qSN4CxdmHZyRbiI?key=TU5UN1p4UDJaMHI2bzlXeWgzak9FbHRteHoxMDd3\" target=\"_blank\" rel=\"noopener\"><img decoding=\"async\" src=\"https:\/\/lh3.googleusercontent.com\/pw\/AP1GczNCrrGrb_DyurdLCH6BvKlq4Hdo3qzKCfKVhgsBd57EXP8RnigXO_2rMf-X2h-kiuYKTGx1pICMxwWOiYxx0q27aCn4Vw1okq854D4TebOhiWMqlI0BhVbkIzVFmJYO3r9RQBjvHkXs1dq5yk2CNL7j=w2000-h1333-s-no-gm?authuser=0\" width=\"2000\" height=\"1333\" alt=\"Yukio Takada, presidente do conselho, valoriza as conex\u00f5es com os moradores locais.\" class=\"size-full\" \/><\/a><figcaption class=\"wp-caption-text\">Yukio Takada, presidente do conselho, valoriza as conex\u00f5es com os moradores locais.<\/figcaption><\/figure>\n<p>&quot;H\u00e1 muito tempo que trabalhamos em um pr\u00e9dio pr\u00e9-fabricado, mas finalmente podemos receber todos em nosso novo escrit\u00f3rio desta forma.&quot;<\/p>\n<p>Espero que esta seja uma oportunidade para mais pessoas na cidade conhecerem e experimentarem a soja Kurosengoku, segura e confi\u00e1vel, e para ouvirem os moradores locais dizerem: &quot;Estava deliciosa!&quot;<\/p>\n<p>Ao estabelecermos uma loja de vendas diretas da f\u00e1brica, ficamos muito satisfeitos em ver que moradores locais vieram ao nosso escrit\u00f3rio esta manh\u00e3 para comprar nossos produtos.<\/p>\n<p>&quot;Somos extremamente gratos a todos na Hokko Construction pela paci\u00eancia e coopera\u00e7\u00e3o na resolu\u00e7\u00e3o de v\u00e1rios problemas ao longo do \u00faltimo ano, at\u00e9 a conclus\u00e3o da obra&quot;, disse o presidente Takada Yukio.<\/p>\n<h2>Uma mensagem do Diretor Geral Yuji Takada<\/h2>\n<figure class=\"wp-caption aligncenter\"><a href=\"https:\/\/photos.google.com\/share\/AF1QipMg7w6R7XuXjEe0oIyfwlOofhDt4eWV38ccFk0ggVACXEd_2ZKpQwStmsEqF0eC6Q\/photo\/AF1QipMkORD70GH-gMtPZrEtMjbrnxQrY0i4c_Io7J4?key=TU5UN1p4UDJaMHI2bzlXeWgzak9FbHRteHoxMDd3\" target=\"_blank\" rel=\"noopener\"><img decoding=\"async\" src=\"https:\/\/lh3.googleusercontent.com\/pw\/AP1GczOyFhKllqL2Af9DtWDeaHkEtlSeKpaHd_hLN5urjplfdyfK9tgUr2ovwyyJcC96lxEcUxHUWdMPmZnQV8ZtaK4RYt5K7_jWwDjTt4eD_ZS_6DQZmBnguBp_1LSmqmHW_FYb5MXTsm10ev8oMZ6CogEl=w2000-h1333-s-no-gm?authuser=0\" width=\"2000\" height=\"1333\" alt=\"Diretor-geral Yuji Takada\" class=\"size-full\" \/><\/a><figcaption class=\"wp-caption-text\">Diretor-geral Yuji Takada<\/figcaption><\/figure>\n<p>&quot;Faremos o poss\u00edvel para garantir que as pessoas em todo o pa\u00eds pronunciem Kurosengoku corretamente como &#039;Kurosengoku&#039; e que mais pessoas tomem conhecimento da qualidade e do sabor delicioso do Kurosengoku&quot;, disse o diretor-geral Yuji Takada.<\/p>\n<figure class=\"wp-caption aligncenter\"><a href=\"https:\/\/photos.google.com\/share\/AF1QipMg7w6R7XuXjEe0oIyfwlOofhDt4eWV38ccFk0ggVACXEd_2ZKpQwStmsEqF0eC6Q\/photo\/AF1QipN5w6TLsvVlRpGPEUSmJDY-RtyKEIsg2VvIpko?key=TU5UN1p4UDJaMHI2bzlXeWgzak9FbHRteHoxMDd3\" target=\"_blank\" rel=\"noopener\"><img decoding=\"async\" src=\"https:\/\/lh3.googleusercontent.com\/pw\/AP1GczP7jtF8MSKohA6QpPvuRPwArUG4VVTjviIJ1V5HjyF3-CoNuZ-sH9vv4uGC-GQ1I7pooYByBp7gPbW9TdfGLN7mr42FYpkx5tXtzpyFBerGWrsXmePEhFzT9-tGs2J5hVjKpPCtalJG6X4Mq-nPmu5G=w2000-h1333-s-no-gm?authuser=0\" width=\"2000\" height=\"1333\" alt=\"O presidente Takada e o diretor-geral Takada trabalham lado a lado para promover a soja Kurosengoku.\" class=\"size-full\" \/><\/a><figcaption class=\"wp-caption-text\">O presidente Takada e o diretor-geral Takada trabalham lado a lado para promover a soja Kurosengoku.<\/figcaption><\/figure>\n<p>Uma edi\u00e7\u00e3o especial da Feira Kurosengoku est\u00e1 programada para acontecer no Sapporo Chikaho na segunda-feira, 10 de junho, e na ter\u00e7a-feira, 11 de junho.<\/p>\n<figure class=\"wp-caption aligncenter\"><a href=\"https:\/\/photos.google.com\/share\/AF1QipMg7w6R7XuXjEe0oIyfwlOofhDt4eWV38ccFk0ggVACXEd_2ZKpQwStmsEqF0eC6Q\/photo\/AF1QipMfznLu_SQ4VAVUBvr-lGkFtgwoFpE-m8cyhjY?key=TU5UN1p4UDJaMHI2bzlXeWgzak9FbHRteHoxMDd3\" target=\"_blank\" rel=\"noopener\"><img decoding=\"async\" src=\"https:\/\/lh3.googleusercontent.com\/pw\/AP1GczMkZgd6DWlsaZLyTlnhO2WXSCIjPqd_gF-FNjf_U4EMxd2Fl6MePaEdqnVR1ogWQRi9eP81feH8oldTfnpR9w7nf6mAn8pguB9JvGblPy3aiXeKb9WDCPH5fy7p9m1afcI1oIyAwRYr6b7fWTh9ZpHL=w1840-h1380-s-no-gm?authuser=0\" width=\"1840\" height=\"1380\" alt=\"An\u00fancio da Feira Kurosengoku, que ser\u00e1 realizada no Sapporo Chikaho em junho!\" class=\"size-full\" \/><\/a><figcaption class=\"wp-caption-text\">An\u00fancio da Feira Kurosengoku, que ser\u00e1 realizada no Sapporo Chikaho em junho!<\/figcaption><\/figure>\n\n        <div class=\"site-blogcard-premium\">\n            <div class=\"bc-label-custom\">Artigos relacionados<\/div>\n            <div class=\"bc-flex-container\">\n                <div class=\"bc-main-text\">\n                    <div class=\"bc-title-link-box\">\n                        <a href=\"https:\/\/portal.hokuryu.info\/pt\/43606\/\" target=\"_blank\">https:\/\/portal.hokuryu.info\/43606<\/a>\n                    <\/div>\n                    <div class=\"bc-excerpt-box\">N\u00e3o foi poss\u00edvel recuperar as informa\u00e7\u00f5es da p\u00e1gina.<\/div>\n                <\/div>\n                <div class=\"bc-thumbnail-box\">\n                    <a href=\"https:\/\/portal.hokuryu.info\/pt\/43606\/\" target=\"_blank\">\n                        <div class=\"bc-img-zoom-wrap\">\n                            <img decoding=\"async\" src=\"https:\/\/portal.hokuryu.info\/wp\/wp-content\/uploads\/2026\/02\/20230802DSC06445_1.jpg\" alt=\"https:\/\/portal.hokuryu.info\/43606\">\n                        <\/div>\n                    <\/a>\n                <\/div>\n            <\/div>\n        <\/div>\n\u3000<br \/>\nCom amor, gratid\u00e3o e ora\u00e7\u00f5es sem limites, celebramos a inaugura\u00e7\u00e3o do novo escrit\u00f3rio da Cooperativa Comercial de Kurosengoku, que fortalecer\u00e1 ainda mais os la\u00e7os e a intera\u00e7\u00e3o entre produtores e consumidores locais, al\u00e9m de promover o conhecimento da deliciosa qualidade da soja de Kurosengoku.<\/p>\n<figure class=\"wp-caption aligncenter\"><a href=\"https:\/\/photos.google.com\/share\/AF1QipMg7w6R7XuXjEe0oIyfwlOofhDt4eWV38ccFk0ggVACXEd_2ZKpQwStmsEqF0eC6Q\/photo\/AF1QipPIRqrQ9ZdJ8H97PFDh5KdnooM8a2OeNRxdpPc?key=TU5UN1p4UDJaMHI2bzlXeWgzak9FbHRteHoxMDd3\" target=\"_blank\" rel=\"noopener\"><img decoding=\"async\" src=\"https:\/\/lh3.googleusercontent.com\/pw\/AP1GczPR9L9bv9zKgsNAh-AyAxeW50-Ub0YKd2Iyp8CnY69GtJ_Hboi1bRNx1n78L4xYLBMlAeHz8XJaGKfTrMaZwyHqWuHEmudVAtQ2qoWOzgx6Wh-IUhhn54W8D6_k4_bs-ksc8VzLi3noyfM0UVNBhRjd=w1840-h1380-s-no-gm?authuser=0\" width=\"1840\" height=\"1380\" alt=\"Buqu\u00ea de celebra\u00e7\u00e3o\" class=\"size-full\" \/><\/a><figcaption class=\"wp-caption-text\">Buqu\u00ea de celebra\u00e7\u00e3o<\/figcaption><\/figure>\n<h2>v\u00eddeos do YouTube<\/h2>\n<div class=\"youtube\"><iframe title=\"A Associa\u00e7\u00e3o Cooperativa Comercial de Kurosengoku inaugurou seu novo escrit\u00f3rio e loja de f\u00e1brica!\" src=\"https:\/\/www.youtube.com\/embed\/U1t9PQpPCjI?feature=oembed\" frameborder=\"0\" allow=\"accelerometer; autoplay; clipboard-write; encrypted-media; gyroscope; picture-in-picture; web-share\" referrerpolicy=\"strict-origin-when-cross-origin\" allowfullscreen><\/iframe><\/div>\n<h2>Outras fotos<\/h2>\n<div class=\"img-move\"><img decoding=\"async\" style=\"vertical-align: middle;\" src=\"https:\/\/ehokkaido.net\/wp-content\/uploads\/2021\/12\/2021-12-06-11.41.12.png\" \/> <a href=\"https:\/\/photos.app.goo.gl\/ZwTn1zdtVHEk6ukS8\" target=\"_blank\" rel=\"noopener noreferrer\">Inaugura\u00e7\u00e3o do novo escrit\u00f3rio e loja de f\u00e1brica da Associa\u00e7\u00e3o Cooperativa Comercial Kurosengoku! Fotos (25 fotos) aqui &gt;&gt;<\/a><\/div>\n<h2>Artigos e sites relacionados<\/h2>\n\n        <div class=\"site-blogcard-premium\">\n            <div class=\"bc-label-custom\">Artigos relacionados<\/div>\n            <div class=\"bc-flex-container\">\n                <div class=\"bc-main-text\">\n                    <div class=\"bc-title-link-box\">\n                        <a href=\"https:\/\/portal.hokuryu.info\/pt\/43187\/\" target=\"_blank\">https:\/\/portal.hokuryu.info\/43187<\/a>\n                    <\/div>\n                    <div class=\"bc-excerpt-box\">N\u00e3o foi poss\u00edvel recuperar as informa\u00e7\u00f5es da p\u00e1gina.<\/div>\n                <\/div>\n                <div class=\"bc-thumbnail-box\">\n                    <a href=\"https:\/\/portal.hokuryu.info\/pt\/43187\/\" target=\"_blank\">\n                        <div class=\"bc-img-zoom-wrap\">\n                            <img decoding=\"async\" src=\"https:\/\/portal.hokuryu.info\/wp\/wp-content\/uploads\/2026\/02\/20230802DSC06445_1.jpg\" alt=\"https:\/\/portal.hokuryu.info\/43187\">\n                        <\/div>\n                    <\/a>\n                <\/div>\n            <\/div>\n        <\/div>\n\u3000<\/p>\n<div class=\"img-move\">\n<div class=\"sitecard\">\n<div class=\"sitecard__subtitle\"> Loja online da Associa\u00e7\u00e3o Cooperativa Empresarial Kurosengoku<\/div>\n<div class=\"column column-273\">\n<div class=\"column__item\"><span style=\"font-size:medium\">Os gr\u00e3os de soja Kurosengoku s\u00e3o doces e saborosos, caracterizados pela casca preta e polpa verde. S\u00e3o pequenos superalimentos nutricionalmente equilibrados!<\/span><br \/>\n<span style=\"color: #ff9900\">\u25b6<\/span> <a href=\"https:\/\/kurosengoku.or.jp\/\" target=\"_blank\" rel=\"noopener\"><b style=\"font-size:large\">Loja online gerida diretamente pela Associa\u00e7\u00e3o Cooperativa Empresarial Kurosengoku &gt;&gt;<\/b><\/div>\n<div class=\"column__item\"><img decoding=\"async\" src=\"https:\/\/lh3.googleusercontent.com\/pw\/AM-JKLWNWJFImAmp1PfKwfI58vH_sLgmN8vbY-5K81_DP6Xx1z43KsaIhYalSkj00KRHHCX0P9g69a7fX48J-2WzJBy-pPG5DkIHYkDILY8I4eOL-HGXiW8twsF91oVVPPW_kRFu2FRKL4Plfohni5Y52bLIeQ=w438-h382-no?authuser=0\" alt=\"Associa\u00e7\u00e3o Cooperativa Empresarial Kurosengoku\" \/><\/a><\/div>\n<\/div>\n<\/div>\n<\/div>\n\n\n<p>\u25c7 Entrevista e texto: Ikuko Terauchi (Fotografia e assist\u00eancia de edi\u00e7\u00e3o: Noboru Terauchi)<\/p>","protected":false},"excerpt":{"rendered":"<p>\uff12\uff10\uff12\uff14\u5e74\uff14\u6708\uff19\u65e5\uff08\u706b\uff09 \uff14\u6708\uff18\u65e5\uff08\u6708\uff09\u3001\uff10\uff19\uff1a\uff10\uff10\u3088\u308a\u3001\u9ed2\u5343\u77f3\u4e8b\u696d\u5354\u540c\u7d44\u5408\u306e\u65b0\u4e8b\u52d9\u6240 \uff06 \u5de5\u5834\u76f4\u58f2\u5e97\u304c\u30aa\u30fc\u30d7\u30f3\u3068\u306a\u308a\u307e\u3057\u305f\u3002 \u5efa\u8a2d\u306f\u3001\u753a\u5185\u306e\uff08\u682a\uff09\u5317\u8208\u5efa\u8a2d\uff08\u85e4\u4e95\u96c5\u4ec1 \u4ee3\u8868\uff09\u3055\u3093\u304c\u8acb\u3051\u8ca0\u3044\u3001\u30b3\u30ed\u30ca\u798d\u306e [&hellip;]<\/p>\n","protected":false},"author":1,"featured_media":43655,"comment_status":"open","ping_status":"open","sticky":false,"template":"","format":"standard","meta":{"footnotes":""},"categories":[4,75,9],"tags":[],"class_list":["post-43582","post","type-post","status-publish","format-standard","has-post-thumbnail","hentry","category-cover-story","category-sasaki-yasuhiro-mayor","category-kurosengoku"],"_links":{"self":[{"href":"https:\/\/portal.hokuryu.info\/pt\/wp-json\/wp\/v2\/posts\/43582","targetHints":{"allow":["GET"]}}],"collection":[{"href":"https:\/\/portal.hokuryu.info\/pt\/wp-json\/wp\/v2\/posts"}],"about":[{"href":"https:\/\/portal.hokuryu.info\/pt\/wp-json\/wp\/v2\/types\/post"}],"author":[{"embeddable":true,"href":"https:\/\/portal.hokuryu.info\/pt\/wp-json\/wp\/v2\/users\/1"}],"replies":[{"embeddable":true,"href":"https:\/\/portal.hokuryu.info\/pt\/wp-json\/wp\/v2\/comments?post=43582"}],"version-history":[{"count":0,"href":"https:\/\/portal.hokuryu.info\/pt\/wp-json\/wp\/v2\/posts\/43582\/revisions"}],"wp:featuredmedia":[{"embeddable":true,"href":"https:\/\/portal.hokuryu.info\/pt\/wp-json\/wp\/v2\/media\/43655"}],"wp:attachment":[{"href":"https:\/\/portal.hokuryu.info\/pt\/wp-json\/wp\/v2\/media?parent=43582"}],"wp:term":[{"taxonomy":"category","embeddable":true,"href":"https:\/\/portal.hokuryu.info\/pt\/wp-json\/wp\/v2\/categories?post=43582"},{"taxonomy":"post_tag","embeddable":true,"href":"https:\/\/portal.hokuryu.info\/pt\/wp-json\/wp\/v2\/tags?post=43582"}],"curies":[{"name":"wp","href":"https:\/\/api.w.org\/{rel}","templated":true}]}}