{"id":41055,"date":"2024-01-16T09:36:34","date_gmt":"2024-01-16T00:36:34","guid":{"rendered":"https:\/\/portal.hokuryu.info\/?p=41055"},"modified":"2024-12-09T10:19:38","modified_gmt":"2024-12-09T01:19:38","slug":"%e5%8c%97%e7%ab%9c%e7%94%ba%e8%ba%ab%e4%bd%93%e9%9a%9c%e5%ae%b3%e8%80%85%e7%a6%8f%e7%a5%89%e5%8d%94%e4%bc%9a%e3%83%bb%e7%b7%8f%e4%bc%9a-%ef%bc%86-%e6%96%b0%e5%b9%b4%e4%bc%9a-2024%e3%80%81%e3%81%a8","status":"publish","type":"post","link":"https:\/\/portal.hokuryu.info\/pt\/41055\/","title":{"rendered":"Assembleia Geral e Festa de Ano Novo de 2024 da Associa\u00e7\u00e3o de Assist\u00eancia a Pessoas com Defici\u00eancia F\u00edsica da Cidade de Hokuryu: Caminhando juntos e aproveitando a vida ao m\u00e1ximo, com alegria e energia."},"content":{"rendered":"<p>Ter\u00e7a-feira, 16 de janeiro de 2024<\/p>\n<p>A Assembleia Geral da Associa\u00e7\u00e3o de Assist\u00eancia a Pessoas com Defici\u00eancia F\u00edsica da Cidade de Hokuryu e a Festa de Ano Novo foram realizadas no Centro de Assist\u00eancia a Idosos da Cidade de Hokuryu a partir das 11h da manh\u00e3 de segunda-feira, 15 de janeiro de 2024.<\/p>\n<h2>Associa\u00e7\u00e3o Municipal de Hokuryu para o Bem-Estar das Pessoas com Defici\u00eancia F\u00edsica: Assembleia Geral<\/h2>\n<figure class=\"wp-caption aligncenter\"><a href=\"https:\/\/photos.google.com\/share\/AF1QipO3Hsc7I-MRgjaVwhlHF9ALbNeaMM_bLl8DPVl062kLQD-9LpJ97eHZ-lFSrbM7xg\/photo\/AF1QipP3rf5SNS-EeFoBdFdOuTjLV7fW5ckkacfgi6s?key=VGFhcFcxQVhKTk94VEg0N2NqUVpCVldPRW9kNWRR\" target=\"_blank\" rel=\"noopener\"><img decoding=\"async\" src=\"https:\/\/lh3.googleusercontent.com\/pw\/ABLVV85lwykIIk1Sw-I85KZl-O8YeFYLBifaRztzMyFRCBvtZS0vRTutQXIDsXHn5QOkvLrnlSCLAN19KLNl8UQa9RC2ZFsB0Yh_EgOwHde79kPhw0LuPneb56EA4rGA-3-5JRV5tN5D6EHt9TYomZ5rZSIl=w2000-h1500-s-no-gm?authuser=0\" width=\"1866\" height=\"1400\" alt=\"Assembleia Geral da Associa\u00e7\u00e3o de Assist\u00eancia Social para Pessoas com Defici\u00eancia da Cidade de Hokuryu - 2024\" class=\"size-full\" \/><\/a><figcaption class=\"wp-caption-text\">Assembleia Geral da Associa\u00e7\u00e3o de Assist\u00eancia Social para Pessoas com Defici\u00eancia da Cidade de Hokuryu - 2024<\/figcaption><\/figure>\n<p>O evento contou com a presen\u00e7a de oito pessoas, incluindo o presidente Yamashita Yoshiharu, o vice-presidente Motobu Iwao e membros da secretaria.<\/p>\n<p>O prefeito Yutaka Sano e o chefe da Se\u00e7\u00e3o de Assuntos Residenciais, Naohiro Hosokawa, compareceram \u00e0 festa de Ano Novo e fizeram discursos.<\/p>\n<figure class=\"wp-caption aligncenter\"><a href=\"https:\/\/photos.google.com\/share\/AF1QipO3Hsc7I-MRgjaVwhlHF9ALbNeaMM_bLl8DPVl062kLQD-9LpJ97eHZ-lFSrbM7xg\/photo\/AF1QipOH11XJ0c3sK1fTn4yoPTcipBrvZPKe1wT33Xo?key=VGFhcFcxQVhKTk94VEg0N2NqUVpCVldPRW9kNWRR\" target=\"_blank\" rel=\"noopener\"><img decoding=\"async\" src=\"https:\/\/lh3.googleusercontent.com\/pw\/ABLVV84T27ZnQY3Tn86NOWwKjhYu9tC4dNmu4umwEL4Qc9d6LPbIbngx4fD_XQiS5fBA8DpiAKTcsNqXHpuA_-EpmeOPIZq2IIZsmBAUpwX2D4HU-QhhaLZeyXtM2TXrRmeafveWD0WGGW9VfSJUFxxTTntw=w1866-h1400-s-no-gm?authuser=0\" width=\"1866\" height=\"1400\" alt=\"Festa de Ano Novo: Participaram o prefeito Sano e o chefe da Divis\u00e3o de Assuntos Residenciais, Hosokawa.\" class=\"size-full\" \/><\/a><figcaption class=\"wp-caption-text\">Festa de Ano Novo: Participaram o prefeito Sano e o chefe da Divis\u00e3o de Assuntos Residenciais, Hosokawa.<\/figcaption><\/figure>\n<h3>Observa\u00e7\u00f5es iniciais: Presidente Yoshiharu Yamashita<\/h3>\n<figure class=\"wp-caption aligncenter\"><a href=\"https:\/\/photos.google.com\/share\/AF1QipO3Hsc7I-MRgjaVwhlHF9ALbNeaMM_bLl8DPVl062kLQD-9LpJ97eHZ-lFSrbM7xg\/photo\/AF1QipNxm_UkQtp7gzgHYh5NKBGgvDaGePR-QH6Lpy8?key=VGFhcFcxQVhKTk94VEg0N2NqUVpCVldPRW9kNWRR\" target=\"_blank\" rel=\"noopener\"><img decoding=\"async\" src=\"https:\/\/lh3.googleusercontent.com\/pw\/ABLVV863Eu6GsjRTY6lAiiFocXO9VRdG4GGQErHW2Y5NmQ1G4QPZtBZhhlhr4R6642hCZ1347iyBPJW72-Aye-ZqduxM2m81X8WXV937naIgllbfZ3QJj44kt5aih3TvG8hR3BTSg2x6asY1fJPl4YzDSRxY=w1866-h1400-s-no-gm?authuser=0\" width=\"1866\" height=\"1400\" alt=\"Observa\u00e7\u00f5es iniciais: Presidente Yoshiharu Yamashita\" class=\"size-full\" \/><\/a><figcaption class=\"wp-caption-text\">Observa\u00e7\u00f5es iniciais: Presidente Yoshiharu Yamashita<\/figcaption><\/figure>\n<p>Como todos sabem, a popula\u00e7\u00e3o mundial est\u00e1 diminuindo, assim como a popula\u00e7\u00e3o de Hokuryu. Al\u00e9m disso, o n\u00famero de membros da Associa\u00e7\u00e3o para Pessoas com Defici\u00eancia e de outras organiza\u00e7\u00f5es tamb\u00e9m est\u00e1 diminuindo. \u00c9 dif\u00edcil determinar o n\u00famero de pessoas com defici\u00eancia na cidade.<\/p>\n<p>Existem dois tipos de pessoas com defici\u00eancia f\u00edsica, dependendo de como elas s\u00e3o percebidas.<br \/>\nUma delas \u00e9 a pessoa que aceita e reconhece as defici\u00eancias e toma a iniciativa de se divertir nesse ambiente.<br \/>\nO outro tipo s\u00e3o as pessoas que querem esconder sua defici\u00eancia ou n\u00e3o querem revel\u00e1-la.<\/p>\n<p>Penso que o nosso desafio futuro, enquanto pessoas com defici\u00eancia f\u00edsica, \u00e9 agir para remover as barreiras que impedem as pessoas de esconderem as suas defici\u00eancias.<\/p>\n<p>Todos os anos, um torneio para pessoas com defici\u00eancia \u00e9 realizado na \u00e1rea de Sorachi, mas devido a diversas circunst\u00e2ncias, espera-se que seja cancelado a partir deste ano. Em vez disso, parece que outro evento ser\u00e1 realizado.<\/p>\n<p>As pessoas com defici\u00eancia f\u00edsica na cidade de Hokuryu tamb\u00e9m n\u00e3o s\u00e3o jovens.<br \/>\nEspero que as pessoas possam viver felizes, mesmo com defici\u00eancias. Espero que todos possamos desfrutar de v\u00e1rios eventos juntos este ano tamb\u00e9m. Obrigado pelo seu apoio.<\/p>\n<h3>Presidente da Assembleia Geral: Yoshiharu Yamashita, Presidente<br \/>\nExplica\u00e7\u00e3o da proposta: Michihito Nakamura, Secret\u00e1rio-Geral<\/h3>\n<figure class=\"wp-caption aligncenter\"><a href=\"https:\/\/photos.google.com\/share\/AF1QipO3Hsc7I-MRgjaVwhlHF9ALbNeaMM_bLl8DPVl062kLQD-9LpJ97eHZ-lFSrbM7xg\/photo\/AF1QipN0rrngl5uL8M_GgTpVUmumd-KDw2XWZMQXdko?key=VGFhcFcxQVhKTk94VEg0N2NqUVpCVldPRW9kNWRR\" target=\"_blank\" rel=\"noopener\"><img decoding=\"async\" src=\"https:\/\/lh3.googleusercontent.com\/pw\/ABLVV86XXyOmhsYAa8Hf9yDxgjX424iE5A-FUmzbknEj5C_4yOMNtILm3t0ah0LkZCYtnwccp5Lf0pqhewjEnWU6zPv-Q844XgLf8a3Vo9zAto7eFp9zd46kGYIpLO37ba3VlO8CR4kZtMHDfrvZBcikDfSE=w1866-h1400-s-no-gm?authuser=0\" width=\"1866\" height=\"1400\" alt=\"Explica\u00e7\u00e3o da proposta: Secret\u00e1rio-Geral Michihito Nakamura\" class=\"size-full\" \/><\/a><figcaption class=\"wp-caption-text\">Explica\u00e7\u00e3o da proposta: Secret\u00e1rio-Geral Michihito Nakamura<\/figcaption><\/figure>\n<h3>Pauta da Assembleia Geral<\/h3>\n<ol>\n<li>Relat\u00f3rio de Neg\u00f3cios e Demonstra\u00e7\u00f5es Financeiras do Ano Fiscal de 2023<br \/>\n\u30fbRelat\u00f3rio de auditoria<\/li>\n<li>Plano de Neg\u00f3cios para o Ano Fiscal de 2024 (Rascunho) e Or\u00e7amento de Receitas e Despesas (Rascunho)<\/li>\n<li>outros<\/li>\n<\/ol>\n<figure class=\"wp-caption aligncenter\"><a href=\"https:\/\/photos.google.com\/share\/AF1QipO3Hsc7I-MRgjaVwhlHF9ALbNeaMM_bLl8DPVl062kLQD-9LpJ97eHZ-lFSrbM7xg\/photo\/AF1QipM1BkbIuK6PbkcQ3sf4h29n9cW9DDq2gjx6ayY?key=VGFhcFcxQVhKTk94VEg0N2NqUVpCVldPRW9kNWRR\" target=\"_blank\" rel=\"noopener\"><img decoding=\"async\" src=\"https:\/\/lh3.googleusercontent.com\/pw\/ABLVV87iIgo8W5tUctfMFX40tRb1eEu3XQ2FSTP1Olt0ia9blTnk5LtJ3kX3GHtQ1OI9Hxe8faEe0Kn_IdfqzUPNAIlkSnEJXgY-OwYS_j7uIkttntGWo_xvLh7R3efFsQChtj_c-jWCIKdzD4sRIlQTq66S=w2000-h1500-s-no-gm?authuser=0\" width=\"1866\" height=\"1400\" alt=\"Associa\u00e7\u00e3o de Assist\u00eancia aos Deficientes F\u00edsicos da Cidade de Hokuryu: Materiais da Reuni\u00e3o Geral\" class=\"size-full\" \/><figcaption class=\"wp-caption-text\">Associa\u00e7\u00e3o de Assist\u00eancia aos Deficientes F\u00edsicos da Cidade de Hokuryu: Materiais da Reuni\u00e3o Geral<\/a><\/figcaption><\/figure>\n<h2>festa de ano novo<\/h2>\n<h3>Observa\u00e7\u00f5es iniciais: Presidente Yoshiharu Yamashita<\/h3>\n<figure class=\"wp-caption aligncenter\"><a href=\"https:\/\/photos.google.com\/share\/AF1QipO3Hsc7I-MRgjaVwhlHF9ALbNeaMM_bLl8DPVl062kLQD-9LpJ97eHZ-lFSrbM7xg\/photo\/AF1QipOOHHySKp05VEwVJLL5xzATIsA1V2FqNnhpx7U?key=VGFhcFcxQVhKTk94VEg0N2NqUVpCVldPRW9kNWRR\" target=\"_blank\" rel=\"noopener\"><img decoding=\"async\" src=\"https:\/\/lh3.googleusercontent.com\/pw\/ABLVV84I9HJoC8Zd_0ZHSLkibSvImEYgpgMJUSBVKumjkd-kNuFjHNRrpjBU_w5VA4DG14im-yo8XjMCMBZAKJQLCE3FtL4GslBXN9myCEe8Xjg6FRC2Xs9kETtmNm1po8kEg7dtmCnw7KX3qR00kdXs-my1=w1866-h1400-s-no-gm?authuser=0\" width=\"1866\" height=\"1400\" alt=\"Presidente Yoshiharu Yamashita\" class=\"size-full\" \/><\/a><figcaption class=\"wp-caption-text\">Presidente Yoshiharu Yamashita<\/figcaption><\/figure>\n<p>&quot;Feliz Ano Novo novamente.&quot;<br \/>\nRecebemos o novo ano cheios de esperan\u00e7a, vimos o primeiro nascer do sol do ano e est\u00e1vamos pensando que este ano seria bom quando, no dia de Ano Novo, ocorreu um terremoto na Pen\u00ednsula de Noto, causando grandes danos.<br \/>\nNo dia 2, ocorreu uma colis\u00e3o entre um avi\u00e3o da Japan Airlines e um avi\u00e3o da Guarda Costeira do Jap\u00e3o, e a situa\u00e7\u00e3o continuou a se agravar, colocando o mundo em risco.<br \/>\nO partido governante venceu as elei\u00e7\u00f5es presidenciais em Taiwan, e a quest\u00e3o dos fundos il\u00edcitos provenientes das receitas dos partidos pol\u00edticos tamb\u00e9m veio \u00e0 tona no governo japon\u00eas.<\/p>\n<p>Entretanto, em nossa cidade, estamos aliviados com a elei\u00e7\u00e3o sem oposi\u00e7\u00e3o de tr\u00eas membros do conselho municipal nas elei\u00e7\u00f5es suplementares.<br \/>\nAl\u00e9m disso, haver\u00e1 elei\u00e7\u00f5es para prefeito em fevereiro. A cidade ficar\u00e1 dividida em duas pelos dois candidatos, mas existe a possibilidade de que a cidade se una gradualmente e caminhe em uma dire\u00e7\u00e3o positiva, ent\u00e3o estou muito esperan\u00e7oso.<\/p>\n<p>A popula\u00e7\u00e3o da cidade de Hokuryu diminuir\u00e1 no futuro, mas continuaremos a desenvolver a cidade da melhor maneira poss\u00edvel, a trabalhar arduamente pelas pessoas com defici\u00eancia e a desfrutar a vida como pessoas com defici\u00eancia.<\/p>\n<p>O prefeito Sano e o chefe da Divis\u00e3o de Assuntos dos Moradores sempre comparecem \u00e0 festa de Ano Novo da Associa\u00e7\u00e3o de Pessoas com Defici\u00eancia F\u00edsica. Acredito que isso demonstra a grande paix\u00e3o que o prefeito e o chefe da divis\u00e3o t\u00eam pelas pessoas com defici\u00eancia f\u00edsica.<\/p>\n<p>Apesar de o n\u00famero de pessoas ser pequeno e a organiza\u00e7\u00e3o muito pequena, a cidade de Hokuryu tem cultivado, ao longo de muitos anos, uma administra\u00e7\u00e3o acolhedora e atenciosa.<\/p>\n<p>Por menor que seja o n\u00famero de pessoas, gostar\u00edamos de continuar o m\u00e1ximo de tempo poss\u00edvel. No futuro, queremos seguir em frente com sonhos e esperan\u00e7as em diversas atividades. Muito obrigado.<\/p>\n<h3>Sauda\u00e7\u00f5es do prefeito Yutaka Sano<\/h3>\n<figure class=\"wp-caption aligncenter\"><a href=\"https:\/\/photos.google.com\/share\/AF1QipO3Hsc7I-MRgjaVwhlHF9ALbNeaMM_bLl8DPVl062kLQD-9LpJ97eHZ-lFSrbM7xg\/photo\/AF1QipPbzjYR7uWOGmt9_Z_pE43Su9Va9JwNyDBRJ9M?key=VGFhcFcxQVhKTk94VEg0N2NqUVpCVldPRW9kNWRR\" target=\"_blank\" rel=\"noopener\"><img decoding=\"async\" src=\"https:\/\/lh3.googleusercontent.com\/pw\/ABLVV87vpQLRCyRjg22n7hZRh0Z1CqXh7SAYjnsrjZZ3c_1ZASWyR8BXdR5KZ_k_D6pjDynxsaiVV8_9NEuCLT7oJWHEdLqKpLa_pqlberBOxpoW6H5xzT9HaHC56Ovqfh4wXPQysI3qA-fyBJMqcc_M3SwE=w1866-h1400-s-no-gm?authuser=0\" width=\"1866\" height=\"1400\" alt=\"Sauda\u00e7\u00f5es do Prefeito Sano\" class=\"size-full\" \/><\/a><figcaption class=\"wp-caption-text\">Sauda\u00e7\u00f5es do Prefeito Sano<\/figcaption><\/figure>\n<p>&quot;Feliz Ano Novo a todos.&quot;<br \/>\nTem sido um inverno dif\u00edcil. Pensei que o Ano Novo seria relativamente tranquilo e bom, mas agora est\u00e1 nevando todos os dias e estamos enfrentando um inverno realmente rigoroso.<br \/>\nA verdadeira temporada ainda est\u00e1 por vir, ent\u00e3o, por favor, cuide da sua sa\u00fade e aproveite uma primavera quente.<\/p>\n<p>Como mencionado pelo Presidente Yamashita, um grande terremoto de magnitude 7 na escala s\u00edsmica japonesa ocorreu na noite do dia de Ano Novo na Pen\u00ednsula de Noto, na prov\u00edncia de Ishikawa, causando muitas mortes. Os afetados ainda enfrentam grandes dificuldades, sem perspectivas de recupera\u00e7\u00e3o. Oferecemos um minuto de sil\u00eancio em mem\u00f3ria daqueles que perderam suas vidas e oramos pela r\u00e1pida recupera\u00e7\u00e3o dos afetados.<\/p>\n<p>Como voc\u00ea sabe, o signo do zod\u00edaco deste ano \u00e9 o Drag\u00e3o. Diz-se que os drag\u00f5es crescem poderosamente em dire\u00e7\u00e3o ao c\u00e9u e superam qualquer dificuldade que enfrentem. Tamb\u00e9m se diz que este \u00e9 um ano de forte convic\u00e7\u00e3o.<\/p>\n<p>Estou convencido de que o Ano do Drag\u00e3o ser\u00e1 um bom ano para o desenvolvimento da cidade de Hokuryu e que ser\u00e1 um ano em que poderemos construir uma cidade melhor. Espero que seja um ano em que enfrentemos todos os tipos de desafios com positividade e ousadia.<\/p>\n<p>A cidade de Hokuryu est\u00e1 atualmente enfrentando um decl\u00ednio populacional, falta de trabalhadores na agricultura e muitos problemas no transporte p\u00fablico local, que n\u00e3o conseguem ser resolvidos, causando grandes transtornos aos moradores e estudantes que precisam se deslocar para a escola. Espero que este ano seja um ano de energia, repleto de grandes sonhos e esperan\u00e7as, e da coragem dos girass\u00f3is.<\/p>\n<p>Em rela\u00e7\u00e3o ao transporte p\u00fablico local, o \u00f4nibus Sorachi Chuo com destino a Fukagawa ser\u00e1 desativado no final de mar\u00e7o, mas, por enquanto, est\u00e1 previsto que ele opere at\u00e9 Imoseushicho e, em seguida, fa\u00e7a a conex\u00e3o com Takikawa e Fukagawa. Eventualmente, assim que um motorista for definido, planejamos criar um sistema em que o \u00f4nibus opere diretamente para Fukagawa, Takikawa e dentro da cidade.<\/p>\n<p>\u00c9 dif\u00edcil para mim dizer qualquer coisa, pois me aposentarei em pouco mais de um m\u00eas, mas o vice-prefeito e outros membros da equipe est\u00e3o analisando o assunto com aten\u00e7\u00e3o. Gostar\u00edamos de estabelecer um sistema de transporte p\u00fablico local o mais r\u00e1pido poss\u00edvel.<\/p>\n<p>Espero que este ano seja maravilhoso para todos voc\u00eas e gostaria de concluir minhas felicita\u00e7\u00f5es de Ano Novo com esta mensagem.<\/p>\n<h3>Apresentando Naohiro Hosokawa, Chefe da Divis\u00e3o de Assuntos Residentes<\/h3>\n<figure class=\"wp-caption aligncenter\"><a href=\"https:\/\/photos.google.com\/share\/AF1QipO3Hsc7I-MRgjaVwhlHF9ALbNeaMM_bLl8DPVl062kLQD-9LpJ97eHZ-lFSrbM7xg\/photo\/AF1QipMR4uHNQA33t4CRy6efNQpY9wdhcwzLVVIsSJc?key=VGFhcFcxQVhKTk94VEg0N2NqUVpCVldPRW9kNWRR\" target=\"_blank\" rel=\"noopener\"><img decoding=\"async\" src=\"https:\/\/lh3.googleusercontent.com\/pw\/ABLVV85Lvh4y2PSZaa61C1OULFFXmc1sGyvjMtxQSKTRsPFT4ZZzO27EqFaj2ffFC96zu_Ckdtf9Jh_Tv0vyCzR6md2Rbmd96uNeKrTlWxD3eQfpCb8JO6L7aI7y8q5fi8_6de81FQmJWmAJNM4dlSmlrp3E=w1866-h1400-s-no-gm?authuser=0\" width=\"1866\" height=\"1400\" alt=\"Apresentando Naohiro Hosokawa, Chefe da Divis\u00e3o de Assuntos Residentes\" class=\"size-full\" \/><\/a><figcaption class=\"wp-caption-text\">Apresentando Naohiro Hosokawa, Chefe da Divis\u00e3o de Assuntos Residentes<\/figcaption><\/figure>\n<h3>Festa de Ano Novo: Jantar Tradicional e Jogos<\/h3>\n<p>Devido a circunst\u00e2ncias imprevistas, o tradicional jantar e jogos de Ano Novo foram cancelados e, em vez disso, os participantes receberam almo\u00e7os para levar. Os almo\u00e7os foram preparados artesanalmente pelo Yahachi, um restaurante na cidade de Hokuryu.<\/p>\n<figure class=\"wp-caption aligncenter\"><a href=\"https:\/\/photos.google.com\/share\/AF1QipO3Hsc7I-MRgjaVwhlHF9ALbNeaMM_bLl8DPVl062kLQD-9LpJ97eHZ-lFSrbM7xg\/photo\/AF1QipOxhyNuQ-BTcUMRSaDpvwhex1YI_AqqmWblTuE?key=VGFhcFcxQVhKTk94VEg0N2NqUVpCVldPRW9kNWRR\" target=\"_blank\" rel=\"noopener\"><img decoding=\"async\" src=\"https:\/\/lh3.googleusercontent.com\/pw\/ABLVV87xN-EDRla7IgMpzTo-NqmQymMX75QTfnQJFwNlaTq5Z0IsTlEwJu496GDEJh9JSAm-xZoIb0eFHqZXMRuhJgCwOn-QM1nCRXgfF0x33n-oWbOv2qQau3pUSji5VMPPmPR7rTOK9VTdlAJszgYco7JH=w1866-h1400-s-no-gm?authuser=0\" width=\"1866\" height=\"1400\" alt=\"Bebidas, salgadinhos, tangerinas, papel higi\u00eanico\" class=\"size-full\" \/><\/a><figcaption class=\"wp-caption-text\">Bebidas, salgadinhos, tangerinas, papel higi\u00eanico<\/figcaption><\/figure>\n<figure class=\"wp-caption aligncenter\"><a href=\"https:\/\/photos.google.com\/share\/AF1QipO3Hsc7I-MRgjaVwhlHF9ALbNeaMM_bLl8DPVl062kLQD-9LpJ97eHZ-lFSrbM7xg\/photo\/AF1QipO5vgjwwW4rkMP9g6U89W13kB8hNAWYCeQQAfA?key=VGFhcFcxQVhKTk94VEg0N2NqUVpCVldPRW9kNWRR\" target=\"_blank\" rel=\"noopener\"><img decoding=\"async\" src=\"https:\/\/lh3.googleusercontent.com\/pw\/ABLVV85zzurwFg64S1Qh8oB5h2EMLzPugrmrNZrM4igqWrqN4pVsWnrtZeIBetmjk35fXwJC2vVIbX2-IWF2Zcbsuj4iTdu8ZOHVOYY2DKavX8uYcJ9p70091cihSa-SnFIYgeWzLrzMhq8Hp_2qEXsCOj6t=w1866-h1400-s-no-gm?authuser=0\" width=\"1866\" height=\"1400\" alt=\"Bento de &quot;Ajidokoro Yahachi&quot; e muito mais!\" class=\"size-full\" \/><\/a><figcaption class=\"wp-caption-text\">Bento de &quot;Ajidokoro Yahachi&quot; e muito mais!<\/figcaption><\/figure>\n<p>Com amor, gratid\u00e3o e ora\u00e7\u00f5es ilimitadas, gostaria de expressar minha sincera gratid\u00e3o \u00e0 Associa\u00e7\u00e3o de Assist\u00eancia Social para Pessoas com Defici\u00eancia F\u00edsica da Cidade de Hokuryu, que aceita pessoas com qualquer tipo de defici\u00eancia como elas s\u00e3o, caminha ao lado delas e desfruta a vida ao m\u00e1ximo, com alegria e energia.<\/p>\n<figure class=\"wp-caption aligncenter\"><a href=\"https:\/\/photos.google.com\/share\/AF1QipO3Hsc7I-MRgjaVwhlHF9ALbNeaMM_bLl8DPVl062kLQD-9LpJ97eHZ-lFSrbM7xg?key=VGFhcFcxQVhKTk94VEg0N2NqUVpCVldPRW9kNWRR\" target=\"_blank\" rel=\"noopener\"><img decoding=\"async\" src=\"https:\/\/lh3.googleusercontent.com\/pw\/ABLVV84hNZmaUSeavBsYT0Q5-EzedGJlVinw5PVK-vlgr2IJNe05j-eMx0HbHe1tJqecMUJXbZ4-F4n3DpWrea_vN_yFfD0lGnxR9OjNB7pK7-tC3rM2oOg8uB7mNjCLadee69w3Trh1F0soZkDO3hnUU7Y0=w1866-h1400-s-no-gm?authuser=0\" width=\"1866\" height=\"1400\" alt=\"Exposi\u00e7\u00e3o de Arte do Cosmos Club\" class=\"size-full\" \/><\/a><figcaption class=\"wp-caption-text\">Exposi\u00e7\u00e3o de Arte do Cosmos Club<\/figcaption><\/figure>\n<h2>Outras fotos<\/h2>\n<div class=\"img-move\"><img decoding=\"async\" style=\"vertical-align: middle;\" src=\"https:\/\/ehokkaido.net\/wp-content\/uploads\/2021\/12\/2021-12-06-11.41.12.png\" \/> <a href=\"https:\/\/photos.app.goo.gl\/6zuNhDnUCk4pqkqx6\" target=\"_blank\" rel=\"noopener noreferrer\">Fotos (27 fotos) da Assembleia Geral e Festa de Ano Novo de 2024 da Associa\u00e7\u00e3o de Assist\u00eancia a Pessoas com Defici\u00eancia da Cidade de Hokuryu est\u00e3o aqui &gt;&gt;<\/a><\/div>\n<h2>Artigos relacionados<\/h2>\n\n        <div class=\"site-blogcard-premium\">\n            <div class=\"bc-label-custom\">Artigos relacionados<\/div>\n            <div class=\"bc-flex-container\">\n                <div class=\"bc-main-text\">\n                    <div class=\"bc-title-link-box\">\n                        <a href=\"https:\/\/portal.hokuryu.info\/pt\/40127\/\" target=\"_blank\">https:\/\/portal.hokuryu.info\/40127<\/a>\n                    <\/div>\n                    <div class=\"bc-excerpt-box\">N\u00e3o foi poss\u00edvel recuperar as informa\u00e7\u00f5es da p\u00e1gina.<\/div>\n                <\/div>\n                <div class=\"bc-thumbnail-box\">\n                    <a href=\"https:\/\/portal.hokuryu.info\/pt\/40127\/\" target=\"_blank\">\n                        <div class=\"bc-img-zoom-wrap\">\n                            <img decoding=\"async\" src=\"https:\/\/portal.hokuryu.info\/wp\/wp-content\/uploads\/2026\/02\/20230802DSC06445_1.jpg\" alt=\"https:\/\/portal.hokuryu.info\/40127\">\n                        <\/div>\n                    <\/a>\n                <\/div>\n            <\/div>\n        <\/div>\n<p>\u25c7 Entrevista e texto: Ikuko Terauchi (Fotografia e assist\u00eancia de edi\u00e7\u00e3o: Noboru Terauchi)<\/p>","protected":false},"excerpt":{"rendered":"<p>\uff12\uff10\uff12\uff14\u5e74\uff11\u6708\uff11\uff16\u65e5\uff08\u706b\uff09 \u4ee4\u548c\uff16\u5e74\uff11\u6708\uff11\uff15\u65e5\uff08\u6708\uff09\u5348\u524d\uff11\uff11\u6642\u3088\u308a\u3001\u300c\u5317\u7adc\u753a\u8eab\u4f53\u969c\u5bb3\u8005\u798f\u7949\u5354\u4f1a\u30fb\u7dcf\u4f1a\u300d\uff06\u300c\u65b0\u5e74\u4f1a\u300d\u304c\u3001\u5317\u7adc\u753a\u8001\u4eba\u798f\u7949\u30bb\u30f3\u30bf\u30fc\u306b\u3066\u958b\u50ac\u3055\u308c\u307e\u3057\u305f\u3002 \u5317\u7adc\u753a\u8eab\u4f53\u969c\u5bb3\u8005\u798f\u7949\u5354\u4f1a\u30fb\u7dcf\u4f1a \u5c71\u4e0b\u597d [&hellip;]<\/p>\n","protected":false},"author":1,"featured_media":41056,"comment_status":"open","ping_status":"open","sticky":false,"template":"","format":"standard","meta":{"footnotes":""},"categories":[4,90,22],"tags":[],"class_list":["post-41055","post","type-post","status-publish","format-standard","has-post-thumbnail","hentry","category-cover-story","category-social-welfare-for-the-disable","category-csw"],"_links":{"self":[{"href":"https:\/\/portal.hokuryu.info\/pt\/wp-json\/wp\/v2\/posts\/41055","targetHints":{"allow":["GET"]}}],"collection":[{"href":"https:\/\/portal.hokuryu.info\/pt\/wp-json\/wp\/v2\/posts"}],"about":[{"href":"https:\/\/portal.hokuryu.info\/pt\/wp-json\/wp\/v2\/types\/post"}],"author":[{"embeddable":true,"href":"https:\/\/portal.hokuryu.info\/pt\/wp-json\/wp\/v2\/users\/1"}],"replies":[{"embeddable":true,"href":"https:\/\/portal.hokuryu.info\/pt\/wp-json\/wp\/v2\/comments?post=41055"}],"version-history":[{"count":0,"href":"https:\/\/portal.hokuryu.info\/pt\/wp-json\/wp\/v2\/posts\/41055\/revisions"}],"wp:featuredmedia":[{"embeddable":true,"href":"https:\/\/portal.hokuryu.info\/pt\/wp-json\/wp\/v2\/media\/41056"}],"wp:attachment":[{"href":"https:\/\/portal.hokuryu.info\/pt\/wp-json\/wp\/v2\/media?parent=41055"}],"wp:term":[{"taxonomy":"category","embeddable":true,"href":"https:\/\/portal.hokuryu.info\/pt\/wp-json\/wp\/v2\/categories?post=41055"},{"taxonomy":"post_tag","embeddable":true,"href":"https:\/\/portal.hokuryu.info\/pt\/wp-json\/wp\/v2\/tags?post=41055"}],"curies":[{"name":"wp","href":"https:\/\/api.w.org\/{rel}","templated":true}]}}