{"id":40526,"date":"2023-12-25T10:08:42","date_gmt":"2023-12-25T01:08:42","guid":{"rendered":"https:\/\/portal.hokuryu.info\/?p=40526"},"modified":"2023-12-25T20:52:12","modified_gmt":"2023-12-25T11:52:12","slug":"%e6%96%b0%e4%bf%9d%e5%85%83%e5%ba%b7-%e5%85%88%e7%94%9f%e3%81%94%e8%ac%9b%e6%bc%94%e3%80%8c%e5%8c%97%e7%ab%9c%e7%94%ba%e3%81%ae%e3%81%93%e3%82%8c%e3%81%8b%e3%82%89%e3%81%ae%e5%ad%a6%e6%a0%a1%e3%81%a5","status":"publish","type":"post","link":"https:\/\/portal.hokuryu.info\/pt\/40526\/","title":{"rendered":"Mais de 50 moradores da cidade se reuniram para discutir a palestra do Professor Niibo Motoyasu na abertura do &quot;Simp\u00f3sio para Considerar o Futuro do Desenvolvimento Escolar na Cidade de Hokuryu&quot;!"},"content":{"rendered":"<p>Segunda-feira, 25 de dezembro de 2023<\/p>\n<p>Na sexta-feira, 22 de dezembro, a partir das 18h30, foi realizado um simp\u00f3sio no Sal\u00e3o Principal do Centro Comunit\u00e1rio de Hokuryu, patrocinado pelo Conselho de Educa\u00e7\u00e3o de Hokuryu.<\/p>\n<p>Mais de 50 moradores da cidade, incluindo fam\u00edlias jovens, participaram do evento, ampliando suas perspectivas e refletindo sobre o futuro das escolas na cidade de Hokuryu, al\u00e9m de discutirem o novo formato escolar ainda desconhecido para o futuro.<\/p>\n<h2>Simp\u00f3sio para discutir o futuro desenvolvimento escolar na cidade de Hokuryu<\/h2>\n<p>Este simp\u00f3sio de lan\u00e7amento contou com uma palestra do ex-diretor escolar e atual Conselheiro de Estrat\u00e9gia School DX do Minist\u00e9rio da Educa\u00e7\u00e3o, Cultura, Esportes, Ci\u00eancia e Tecnologia, Professor Motoyasu Niho, e incluiu exemplos de escolas de ensino fundamental e m\u00e9dio, al\u00e9m de uma troca de opini\u00f5es e sess\u00f5es de perguntas e respostas entre os participantes.<\/p>\n<figure class=\"wp-caption aligncenter\"><a href=\"https:\/\/photos.google.com\/share\/AF1QipMRGCtAGzkw6lIs-ySRAuh88jhUnrllkm60kj4ukUrfu2-yGItVmcdT7ADtlGObjg\/photo\/AF1QipP6YRGCXJUkouuy_9KX7qFjFlpx3Dc4B6g-nd8?key=MHhlT2JzRFFwbHRQN000NmI4WEh6cDJ0ZF9VWndR\" target=\"_blnak\" rel=\"noopener\"><img decoding=\"async\" src=\"https:\/\/lh3.googleusercontent.com\/pw\/ABLVV868CNi26frq-i6rQFSvFPyTsux99cRLmv0cGrhx7jBwCs1UO6ZbTCoXuiWuHXJenSEO501VpEu5NFyjlvo7QiFN4Xk5pq7irStVzNilE1v9OlFixrg6mugWP9wDB-Ndcp-uE7MJU-_ZLQm4H_S9-aEM=w1850-h1286-s-no-gm?authuser=0\" width=\"2000\" height=\"1333\" alt=\"Simp\u00f3sio para discutir o futuro desenvolvimento escolar na cidade de Hokuryu\" class=\"size-full\" \/><\/a><figcaption class=\"wp-caption-text\">Simp\u00f3sio para discutir o futuro desenvolvimento escolar na cidade de Hokuryu<\/figcaption><\/figure>\n<h3>Organizado por: Conselho de Educa\u00e7\u00e3o da Cidade de Hokuryu<\/h3>\n<ul>\n<li><strong>Organizador:<\/strong>Conselho de Educa\u00e7\u00e3o da Cidade de Hokuryu<\/li>\n<li><strong>coopera\u00e7\u00e3o:<\/strong>Escola Prim\u00e1ria e Secund\u00e1ria da Cidade de Hokuryu, Escola Infantil Yawara da Cidade de Hokuryu, Associa\u00e7\u00e3o de Pais e Mestres da Cidade de Hokuryu<\/li>\n<\/ul>\n<h3>Constru\u00e7\u00e3o de uma escola para ensino fundamental e m\u00e9dio integrado na cidade de Hokuryu: inaugura\u00e7\u00e3o em 2029.<\/h3>\n<p>A cidade de Hokuryu planeja construir uma escola que oferecer\u00e1 educa\u00e7\u00e3o integrada do ensino fundamental e m\u00e9dio, com o objetivo de inaugur\u00e1-la em 2029 (Reiwa 11).<\/p>\n<p>Para criar uma escola onde alunos do ensino fundamental ao ensino m\u00e9dio possam aprender juntos e crescer, valorizando o relacionamento com a popula\u00e7\u00e3o local, estabelecemos um comit\u00ea de avalia\u00e7\u00e3o formado por moradores e continuaremos a dialogar com os cidad\u00e3os da cidade.<\/p>\n<figure id=\"attachment_29321\" class=\"wp-caption aligncenter\"><a href=\"https:\/\/portal.hokuryu.info\/pt\/29298\/\" target=\"_blank\" rel=\"noopener\"><img decoding=\"async\" src=\"https:\/\/portal.hokuryu.info\/wp\/wp-content\/uploads\/2023\/02\/2023-02-02-7.50.42.png\" alt=\"Trecho do Plano de Reloca\u00e7\u00e3o de Instala\u00e7\u00f5es P\u00fablicas da Cidade de Hokuryu (rascunho)\" width=\"1808\" height=\"984\" class=\"alignright size-full wp-image-29320\" \/><figcaption class=\"wp-caption-text\">Trecho do Plano de Reloca\u00e7\u00e3o de Instala\u00e7\u00f5es P\u00fablicas da Cidade de Hokuryu (rascunho)<\/a><\/figcaption><\/figure>\n<h3>recep\u00e7\u00e3o<\/h3>\n<figure class=\"wp-caption aligncenter\"><a href=\"https:\/\/photos.google.com\/share\/AF1QipMRGCtAGzkw6lIs-ySRAuh88jhUnrllkm60kj4ukUrfu2-yGItVmcdT7ADtlGObjg\/photo\/AF1QipPo8kLo7w04po4iLl25fOsZmOvNPMjvrJiIISI?key=MHhlT2JzRFFwbHRQN000NmI4WEh6cDJ0ZF9VWndR\" target=\"_blnak\" rel=\"noopener\"><img decoding=\"async\" src=\"https:\/\/lh3.googleusercontent.com\/pw\/ABLVV84R6SC6fvGiNXBEpAIjAkf0dz2dxlV5R1cXXAerF_tqNiJlYcsAvatur41G4StRPDYmo43_h8F4Hz1lG3VVsV_zT6aW_zQF4ZHSNW5pDlrXYorSDy22VDSXE2DYKAINiA589_EaCLKnrQTut53R3_z4=w2000-h1333-s-no-gm?authuser=0\" width=\"2000\" height=\"1333\" alt=\"recep\u00e7\u00e3o\" class=\"size-full\" \/><\/a><figcaption class=\"wp-caption-text\">recep\u00e7\u00e3o<\/figcaption><\/figure>\n<h3>Servi\u00e7os de catering<\/h3>\n<p>No local do evento, todos os participantes receberam dois Kurosengoku Daifuku, um tipo de daifuku feito com sasamiya daifuku de Sapporo, e as crian\u00e7as ganharam doces de presente! Al\u00e9m disso, havia ch\u00e1 gratuito dispon\u00edvel.<\/p>\n<h4>Apresenta\u00e7\u00e3o de Sasaya Daifuku &quot;Kurosengoku Daifuku&quot;<\/h4>\n<figure class=\"wp-caption aligncenter\"><a href=\"https:\/\/photos.google.com\/share\/AF1QipMRGCtAGzkw6lIs-ySRAuh88jhUnrllkm60kj4ukUrfu2-yGItVmcdT7ADtlGObjg\/photo\/AF1QipMD-YDSwfMMWp7dHicbl9vBj0jWrbobjRAX3H4?key=MHhlT2JzRFFwbHRQN000NmI4WEh6cDJ0ZF9VWndR\" target=\"_blnak\" rel=\"noopener\"><img decoding=\"async\" src=\"https:\/\/lh3.googleusercontent.com\/pw\/ABLVV85TzzliIOS1fHm_cAaLU1BGmxSzaEyRnIm0i9hvmczYFpuXeUGc1Jppwd8GRLBYzsyUykoV2L_3nVJv3ieSr6b6EL4AecJAKcYpfYjF2uB3EDKe4jaqwP-R1laPBYSAvdfneFOFMCqjThyEMK-jcDpx=w2000-h1333-s-no-gm?authuser=0\" width=\"2000\" height=\"1333\" alt=\"Sasaya Daifuku &quot;Kurosengoku Daifuku&quot; presente gr\u00e1tis\" class=\"size-full\" \/><\/a><figcaption class=\"wp-caption-text\">Sasaya Daifuku &quot;Kurosengoku Daifuku&quot; presente gr\u00e1tis<\/figcaption><\/figure>\n<figure class=\"wp-caption aligncenter\"><a href=\"https:\/\/photos.google.com\/share\/AF1QipMRGCtAGzkw6lIs-ySRAuh88jhUnrllkm60kj4ukUrfu2-yGItVmcdT7ADtlGObjg\/photo\/AF1QipOCZz7kL-Q7a-2tB9lV9un8OK7Q0D1Z6fyKYe4?key=MHhlT2JzRFFwbHRQN000NmI4WEh6cDJ0ZF9VWndR\" target=\"_blnak\" rel=\"noopener\"><img decoding=\"async\" src=\"https:\/\/lh3.googleusercontent.com\/pw\/ABLVV87VAlNO299TfuCCG5Qd6bLWWUiq6pLcRBfSTyM_X3tq_-rvfY9ChFaPdJH4u-GAHXljxd_IbgwuPzPLxJBovwMRC2iaVkfpGbf-BxFUkofPivqQ6AmDBtz-kac3RfQi6GF4w6QHou2jopZKpRJqCPaG=w1866-h1400-s-no-gm?authuser=0\" width=\"1866\" height=\"1400\" alt=\"Daifuku com forte presen\u00e7a de soja Kurosengoku\" class=\"size-full\" \/><\/a><figcaption class=\"wp-caption-text\">Daifuku com forte presen\u00e7a de soja Kurosengoku<\/figcaption><\/figure>\n\n        <div class=\"site-blogcard-premium\">\n            <div class=\"bc-label-custom\">Artigos relacionados<\/div>\n            <div class=\"bc-flex-container\">\n                <div class=\"bc-main-text\">\n                    <div class=\"bc-title-link-box\">\n                        <a href=\"https:\/\/portal.hokuryu.info\/pt\/5451\/#outline_1__6_1\" target=\"_blank\">https:\/\/portal.hokuryu.info\/5451\/#outline_1__6_1<\/a>\n                    <\/div>\n                    <div class=\"bc-excerpt-box\">N\u00e3o foi poss\u00edvel recuperar as informa\u00e7\u00f5es da p\u00e1gina.<\/div>\n                <\/div>\n                <div class=\"bc-thumbnail-box\">\n                    <a href=\"https:\/\/portal.hokuryu.info\/pt\/5451\/#outline_1__6_1\" target=\"_blank\">\n                        <div class=\"bc-img-zoom-wrap\">\n                            <img decoding=\"async\" src=\"https:\/\/portal.hokuryu.info\/wp\/wp-content\/uploads\/2026\/02\/20230802DSC06445_1.jpg\" alt=\"https:\/\/portal.hokuryu.info\/5451\/#outline_1__6_1\">\n                        <\/div>\n                    <\/a>\n                <\/div>\n            <\/div>\n        <\/div>\n<h4>Presente com doces e ch\u00e1.<\/h4>\n<figure class=\"wp-caption aligncenter\"><a href=\"https:\/\/photos.google.com\/share\/AF1QipMRGCtAGzkw6lIs-ySRAuh88jhUnrllkm60kj4ukUrfu2-yGItVmcdT7ADtlGObjg\/photo\/AF1QipNli3vp9olLOtcJ3MjEKrQjUcLqmSnldeo8S7g?key=MHhlT2JzRFFwbHRQN000NmI4WEh6cDJ0ZF9VWndR\" target=\"_blnak\" rel=\"noopener\"><img decoding=\"async\" src=\"https:\/\/lh3.googleusercontent.com\/pw\/ABLVV84HPlkS3V_6q-lllje9WJR4MveXFj4HyDbxaFnMxRNNHhGTGW_zOt0eL2aWvB-9J86_Y2-UzPW9SylkYX35i_mBjAFcag3GLnoVXoGqoftVBLly4gVGRRdbw4BfnPBuG0EDdx1ryXrcsK1FC6cPaV2i=w2000-h1333-s-no-gm?authuser=0\" width=\"2000\" height=\"1333\" alt=\"Doces de presente para as crian\u00e7as!\" class=\"size-full\" \/><\/a><figcaption class=\"wp-caption-text\">Doces de presente para as crian\u00e7as!<\/figcaption><\/figure>\n<h4>Cantinho do ch\u00e1<\/h4>\n<figure class=\"wp-caption aligncenter\"><a href=\"https:\/\/photos.google.com\/share\/AF1QipMRGCtAGzkw6lIs-ySRAuh88jhUnrllkm60kj4ukUrfu2-yGItVmcdT7ADtlGObjg\/photo\/AF1QipOS1EwFEs_-z67srchoOLdzH1zOUyFDEM-GjtE?key=MHhlT2JzRFFwbHRQN000NmI4WEh6cDJ0ZF9VWndR\" target=\"_blnak\" rel=\"noopener\"><img decoding=\"async\" src=\"https:\/\/lh3.googleusercontent.com\/pw\/ABLVV87Z3AKgNysKC8MPkh3inSxiXVFMs7DkiK61SzFw6wI55fLXG9JiTt14wBH5YpjgWRlf99hje89w8wQyG69lEWe_53B8XezE4ZXYjolCzUZaoOKTpUjmxKfqnLuTYkbE0vNNeiBG0u_2z_Y8H87jeFUa=w2000-h1333-s-no-gm?authuser=0\" width=\"2000\" height=\"1333\" alt=\"Cantinho com bebidas gr\u00e1tis\" class=\"size-full\" \/><\/a><figcaption class=\"wp-caption-text\">Cantinho com bebidas gr\u00e1tis<\/figcaption><\/figure>\n<h3>Espa\u00e7o para cuidados infantis<\/h3>\n<p>Haver\u00e1 tamb\u00e9m uma creche dispon\u00edvel, permitindo que voc\u00ea deixe seus filhos pequenos sob seus cuidados e participe do simp\u00f3sio com tranquilidade e relaxamento.<\/p>\n<figure class=\"wp-caption aligncenter\"><a href=\"https:\/\/photos.google.com\/share\/AF1QipMRGCtAGzkw6lIs-ySRAuh88jhUnrllkm60kj4ukUrfu2-yGItVmcdT7ADtlGObjg\/photo\/AF1QipPlm0r6vKivvoE7KA8vuXBeePT5nfJu7IK3yMo?key=MHhlT2JzRFFwbHRQN000NmI4WEh6cDJ0ZF9VWndR\" target=\"_blnak\" rel=\"noopener\"><img decoding=\"async\" src=\"https:\/\/lh3.googleusercontent.com\/pw\/ABLVV84ENNAT3WosqrVH4fkWf_dqn0Oi-cgQccxvguYm8ME-EOkh3mifaYtfuC-aSSc0GfvSriERMvXmb_jtS357yEvCHOjvaB-EjIc74M5mfHCNmEcIrTaXwV3I83DG3ecbaT9DQ6kObIE5ILLeCJLO5jVD=w2000-h1333-s-no-gm?authuser=0\" width=\"2000\" height=\"1333\" alt=\"Espa\u00e7o para cuidados infantis\" class=\"size-full\" \/><\/a><figcaption class=\"wp-caption-text\">Espa\u00e7o para cuidados infantis<\/figcaption><\/figure>\n<h3>Moderador: Junichi Iguchi, Chefe de Se\u00e7\u00e3o, Conselho Municipal de Educa\u00e7\u00e3o de Hokuryu<\/h3>\n<figure class=\"wp-caption aligncenter\"><a href=\"https:\/\/photos.google.com\/share\/AF1QipMRGCtAGzkw6lIs-ySRAuh88jhUnrllkm60kj4ukUrfu2-yGItVmcdT7ADtlGObjg\/photo\/AF1QipP8pmbQeo_Oqn_2VDZGdbugfdrCaimgBGph_z8?key=MHhlT2JzRFFwbHRQN000NmI4WEh6cDJ0ZF9VWndR\" target=\"_blnak\" rel=\"noopener\"><img decoding=\"async\" src=\"https:\/\/lh3.googleusercontent.com\/pw\/ABLVV86JCBJB1b1QlrOiFfdDZDGJuYmNz15I53h53PUOcG59TyXt9H5ZOsEFZMMmEbzHq8es6eQNWy5GtzXJGqcENn4nSgchtTCg_O3nWNnWdioIrih9nCfa1czja8zmGH7vNHL9ecG_C1-xipw1HH0W8Ssj=w2000-h1333-s-no-gm?authuser=0\" width=\"2000\" height=\"1333\" alt=\"O evento foi moderado por Junichi Iguchi, chefe de se\u00e7\u00e3o do Conselho de Educa\u00e7\u00e3o da cidade de Hokuryu.\" class=\"size-full\" \/><\/a><figcaption class=\"wp-caption-text\">O evento foi moderado por Junichi Iguchi, chefe de se\u00e7\u00e3o do Conselho de Educa\u00e7\u00e3o da cidade de Hokuryu.<\/figcaption><\/figure>\n<p>&quot;A cidade de Hokuryu tem analisado como desenvolver e manter as instala\u00e7\u00f5es escolares e como consolidar as instala\u00e7\u00f5es p\u00fablicas no centro da cidade.&quot;<\/p>\n<p>Estamos agora na fase de an\u00e1lise de pol\u00edticas espec\u00edficas sobre o tipo de educa\u00e7\u00e3o escolar que almejamos para o per\u00edodo de dois anos, de 2023 a 2024, e sobre como desenvolveremos instala\u00e7\u00f5es que combinem espa\u00e7os educacionais e p\u00fablicos.<\/p>\n<p>Com base nos esfor\u00e7os realizados at\u00e9 o momento, os desafios atuais enfrentados pela cidade de Hokuryu s\u00e3o os seguintes:<\/p>\n<ol>\n<li>Diminui\u00e7\u00e3o do n\u00famero de crian\u00e7as e estudantes<\/li>\n<li>Desafios na promo\u00e7\u00e3o da migra\u00e7\u00e3o e do assentamento<\/li>\n<li>Instala\u00e7\u00f5es p\u00fablicas envelhecidas, como escolas.<\/li>\n<\/ol>\n<p>Se reinterpretarmos essa quest\u00e3o como uma &quot;possibilidade&quot;, acreditamos que ela levar\u00e1 a um ambiente educacional no qual turmas pequenas receber\u00e3o bom suporte e haver\u00e1 estreita coopera\u00e7\u00e3o entre as escolas de ensino fundamental e m\u00e9dio, e, no desenvolvimento urbano, resultar\u00e1 em amplo apoio \u00e0 educa\u00e7\u00e3o infantil e na cria\u00e7\u00e3o de uma base para o desenvolvimento comunit\u00e1rio centrada na escola.<\/p>\n<p>Acreditamos que essa colabora\u00e7\u00e3o entre ambientes educacionais e desenvolvimento urbano criar\u00e1 uma cidade atraente para fam\u00edlias com filhos, incentivar\u00e1 pessoas a se mudarem e se estabelecerem na \u00e1rea e contribuir\u00e1 ainda mais para o desenvolvimento da regi\u00e3o.<\/p>\n<p>Este simp\u00f3sio servir\u00e1 como ponto de partida para que possamos refletir, em conjunto com os moradores de Hokuryu, sobre o futuro das escolas na cidade. Aguardamos com expectativa suas ideias e perguntas.<\/p>\n<h2>Palestra do Professor Motoyasu Shinbo<\/h2>\n<figure class=\"wp-caption aligncenter\"><a href=\"https:\/\/photos.google.com\/share\/AF1QipMRGCtAGzkw6lIs-ySRAuh88jhUnrllkm60kj4ukUrfu2-yGItVmcdT7ADtlGObjg\/photo\/AF1QipMLvH94SIfeVDm10W_U_iHHefYJvWO-FVNSnu4?key=MHhlT2JzRFFwbHRQN000NmI4WEh6cDJ0ZF9VWndR\" target=\"_blnak\" rel=\"noopener\"><img decoding=\"async\" src=\"https:\/\/lh3.googleusercontent.com\/pw\/ABLVV86eZO9CYmLrVgeoz25ktpGGTp1oiMnZ52GacVKTNHCRBk2sfKLZ5iqfxy5K-J2jnNQm7hN_02OpoU4ev2UgvsNCmNSUpV5k8YId82nfWWnKm0QoFNvBpYALKTxH2N0iGislq61AdQ2PrRefv3WkrtMH=w2000-h1333-s-no-gm?authuser=0\" width=\"2000\" height=\"1333\" alt=\"Professor Motoyasu Shinbo\" class=\"size-full\" \/><\/a><figcaption class=\"wp-caption-text\">Professor Motoyasu Shinbo<\/figcaption><\/figure>\n<h3>Perfil do professor Motoyasu Shinbo<\/h3>\n<p>Nascido em Otaru em 1958 (Showa 33). Graduado pela Universidade de Educa\u00e7\u00e3o de Hokkaido, campus de Sapporo, em 1982 (Showa 57).<\/p>\n<p>Enquanto trabalhava em uma escola prim\u00e1ria, ele esteve envolvido por muitos anos na Federa\u00e7\u00e3o de Educa\u00e7\u00e3o em Estudos Sociais de Hokkaido e no Projeto Neve de Hokkaido, desenvolvendo in\u00fameros materiais did\u00e1ticos locais. Ele tamb\u00e9m atuou como membro de v\u00e1rios comit\u00eas do Projeto de Promo\u00e7\u00e3o da Informa\u00e7\u00e3o do Minist\u00e9rio da Educa\u00e7\u00e3o, Cultura, Esportes, Ci\u00eancia e Tecnologia.<\/p>\n<p>Ele se aposentou como diretor da Escola Prim\u00e1ria Tonden em 2019 (o primeiro ano da era Reiwa). Atualmente, atua em diversas \u00e1reas como presidente do F\u00f3rum de Promo\u00e7\u00e3o de Estudos de Hokkaido, uma ONG certificada.<\/p>\n<h3>Uma escola onde todos se conectam, uma escola criada por todos.<\/h3>\n<figure class=\"wp-caption aligncenter\"><a href=\"https:\/\/photos.google.com\/share\/AF1QipMRGCtAGzkw6lIs-ySRAuh88jhUnrllkm60kj4ukUrfu2-yGItVmcdT7ADtlGObjg\/photo\/AF1QipPJLktdbSESXKxGyoXDF1Nfo2mlDBNO4JE34Ck?key=MHhlT2JzRFFwbHRQN000NmI4WEh6cDJ0ZF9VWndR\" target=\"_blnak\" rel=\"noopener\"><img decoding=\"async\" src=\"https:\/\/lh3.googleusercontent.com\/pw\/ABLVV85W72UoRxyCkPx_MqnaKtZk6v_kQXVIF6Zs5FKK2yZo9DXt3wB6ThUZWmSj21Xw7jla9Rbj0MxnThNtSIZ6IQCe1kJ0LUXQHSMqW6EN_QPMFcnrNc2Cyjq-Dwc0bHT1Mdg5-j1BkOl8NNUEHpRC7Jn3=w2000-h1333-s-no-gm?authuser=0\" width=\"2000\" height=\"1333\" alt=\"Uma escola onde todos se conectam, uma escola criada por todos.\" class=\"size-full\" \/><\/a><figcaption class=\"wp-caption-text\">Uma escola onde todos se conectam, uma escola criada por todos.<\/figcaption><\/figure>\n<h4>Cidade de Hokuryu, a cidade dos girass\u00f3is: A linguagem das flores dos girass\u00f3is \u00e9 &quot;admira\u00e7\u00e3o&quot; e &quot;paix\u00e3o&quot;.<\/h4>\n<figure class=\"wp-caption aligncenter\"><a href=\"https:\/\/photos.google.com\/share\/AF1QipMRGCtAGzkw6lIs-ySRAuh88jhUnrllkm60kj4ukUrfu2-yGItVmcdT7ADtlGObjg\/photo\/AF1QipNfrItIqe581X4gSEuoLUygC7PVU41LwTongWw?key=MHhlT2JzRFFwbHRQN000NmI4WEh6cDJ0ZF9VWndR\" target=\"_blnak\" rel=\"noopener\"><img decoding=\"async\" src=\"https:\/\/lh3.googleusercontent.com\/pw\/ABLVV84v55rSY4IOTOtoBXyf9H8nx5YBk0lIkxVmcBJY-pQTVICbr3LyE3QD-Vt1awUwmrV1Kj31qV522Iijw2L4eCf_v0W0LdnC9dC6lAmdrjbC0KRudofqoF_oLVeGpFyfFWzED70pKsa_2Dgp5FYcuWy_=w2000-h1333-s-no-gm?authuser=0\" width=\"2000\" height=\"1333\" alt=\"Cidade de Hokuryu, a cidade dos girass\u00f3is\" class=\"size-full\" \/><\/a><figcaption class=\"wp-caption-text\">Cidade de Hokuryu, a cidade dos girass\u00f3is<\/figcaption><\/figure>\n<h4>A cidade de Hokuryu, uma cidade agr\u00edcola que sustenta a todos com sua &quot;agricultura pr\u00f3spera&quot;.<\/h4>\n<figure class=\"wp-caption aligncenter\"><a href=\"https:\/\/photos.google.com\/share\/AF1QipMRGCtAGzkw6lIs-ySRAuh88jhUnrllkm60kj4ukUrfu2-yGItVmcdT7ADtlGObjg\/photo\/AF1QipOnlWBP6g8UKIprinKIWztcIISSvnWfE_PnseY?key=MHhlT2JzRFFwbHRQN000NmI4WEh6cDJ0ZF9VWndR\" target=\"_blnak\" rel=\"noopener\"><img decoding=\"async\" src=\"https:\/\/lh3.googleusercontent.com\/pw\/ABLVV85YKrXWFNMvqpKG4-2S9Ttg3N-I7Qc-OaG6G2jqqFFwW4EF0flzmsFc77UBCnwn1-kSmkLaBsHqhi3HTfmeKyUSDnts_QE0WJq1DRtgcZ61vwr2_AvWUv4nOPyygi7cdvZ-4VaB9wZn0IiEFXQJZ4e2=w2000-h1333-s-no-gm?authuser=0\" width=\"2000\" height=\"1333\" alt=\"Cidade de Hokuryu: Uma cidade com m\u00e9todos agr\u00edcolas e agricultura inovadores.\" class=\"size-full\" \/><\/a><figcaption class=\"wp-caption-text\">Cidade de Hokuryu: Uma cidade com m\u00e9todos agr\u00edcolas e agricultura inovadores.<\/figcaption><\/figure>\n<h3>Apresenta\u00e7\u00e3o do Sr. Yasuyasu Shinbo: Membro do Comit\u00ea de Promo\u00e7\u00e3o Digital da Ag\u00eancia Digital<\/h3>\n<ul>\n<li>Nascido em Otaru em 1958, tem 65 anos.<\/li>\n<li>1982: Formou-se na Universidade de Educa\u00e7\u00e3o de Hokkaido, campus de Sapporo.<\/li>\n<li>Trabalhei em uma escola prim\u00e1ria em Sapporo por 37 anos (9 anos na Escola Prim\u00e1ria de Sapporo afiliada \u00e0 escola, 11 anos como diretor em 4 escolas).<\/li>\n<\/ul>\n<figure class=\"wp-caption aligncenter\"><a href=\"https:\/\/photos.google.com\/share\/AF1QipMRGCtAGzkw6lIs-ySRAuh88jhUnrllkm60kj4ukUrfu2-yGItVmcdT7ADtlGObjg\/photo\/AF1QipMOGOOoFRuOyEgX9BtGwTCznJy9aMA-lmjx-vM?key=MHhlT2JzRFFwbHRQN000NmI4WEh6cDJ0ZF9VWndR\" target=\"_blnak\" rel=\"noopener\"><img decoding=\"async\" src=\"https:\/\/lh3.googleusercontent.com\/pw\/ABLVV861Y8OBTvMkkDVUbdxXITf8HXIj0RzkE3-nxE7o_oHhQgpAHI0-UF-Soo8qmVaDgiPg6NpjwYLxUdWVXiZGKIjSLhXO1KYnECXVsVh2zAwDvb2njJiDXpyYSgMBOANLlzKdXNHwhEDuUPwuu5NB-UOq=w2000-h1333-s-no-gm?authuser=0\" width=\"2000\" height=\"1333\" alt=\"Autoapresenta\u00e7\u00e3o do Sr. Shinbo Motoyasuyasu\" class=\"size-full\" \/><\/a><figcaption class=\"wp-caption-text\">Autoapresenta\u00e7\u00e3o do Sr. Shinbo Motoyasuyasu<\/figcaption><\/figure>\n<h3>&quot;Hokkaido \u00e9 grande&quot;: Queremos que as crian\u00e7as de Hokkaido saibam mais sobre Hokkaido.<\/h3>\n<p>A regi\u00e3o de Sorachi tem uma \u00e1rea suficiente para abrigar tr\u00eas cidades de T\u00f3quio, enquanto Hokkaido, como um todo, \u00e9 grande o suficiente para abrigar 35 cidades de T\u00f3quio.<\/p>\n<figure class=\"wp-caption aligncenter\"><a href=\"https:\/\/photos.google.com\/share\/AF1QipMRGCtAGzkw6lIs-ySRAuh88jhUnrllkm60kj4ukUrfu2-yGItVmcdT7ADtlGObjg\/photo\/AF1QipN-FBLzSMqqjfpcGrPdI6B04r26-BHJgvyvNng?key=MHhlT2JzRFFwbHRQN000NmI4WEh6cDJ0ZF9VWndR\" target=\"_blnak\" rel=\"noopener\"><img decoding=\"async\" src=\"https:\/\/lh3.googleusercontent.com\/pw\/ABLVV85BlUBU6qM8jCRVPZhB1MaBEsSP6JJ_07f4rI0DwCaMcI-pygtQcjFgxTQkb9qqsUuqNEOmcqwPddtWC5hICmQq671KLgb4_-Joyr5aSOuWIeqntBeHJPH53TI_Ed76k_mJLmjowamjCMMEsb-qdxkj=w2000-h1333-s-no-gm?authuser=0\" width=\"2000\" height=\"1333\" alt=\"Hokkaido \u00e9 grande\" class=\"size-full\" \/><\/a><figcaption class=\"wp-caption-text\">Hokkaido \u00e9 grande<\/figcaption><\/figure>\n<h3>Hist\u00f3ria de hoje<\/h3>\n<ol>\n<li><strong>Os problemas de todos:<\/strong><br \/>\n\u2022 O poder econ\u00f4mico do Jap\u00e3o est\u00e1 em decl\u00ednio, e as crian\u00e7as enfrentam problemas como evas\u00e3o escolar e bullying.<br \/>\n\u30fbDevido ao decl\u00ednio populacional, h\u00e1 escassez de trabalhadores e professores, e pais e comunidades locais est\u00e3o todos muito ocupados (nesta era de fam\u00edlias com dupla renda).<br \/>\n\u3000<\/li>\n<li><strong>A solu\u00e7\u00e3o: Transi\u00e7\u00e3o para escolas de ensino obrigat\u00f3rio (ensino fundamental e m\u00e9dio integrados)<\/strong><br \/>\n\u30fbA educa\u00e7\u00e3o japonesa est\u00e1 em seu terceiro grande ponto de virada: 1872 &gt; 1947 &gt; 1929<br \/>\n\u30fbEscola GIGA (Reforma do estilo de trabalho x Melhoria da qualidade)<br \/>\n\u3000<\/li>\n<p><strong>\u25ce O recurso mais valioso do Jap\u00e3o s\u00e3o seus &quot;recursos humanos&quot; = Isso demonstra a import\u00e2ncia da educa\u00e7\u00e3o.<\/strong><\/p>\n<h3>Um ponto de virada importante na educa\u00e7\u00e3o japonesa.<\/h3>\n<ul>\n<li>A educa\u00e7\u00e3o japonesa passa por mudan\u00e7as a cada 70 anos (tr\u00eas grandes mudan\u00e7as desde a era Meiji).<\/li>\n<li>1872 &quot;Promulga\u00e7\u00e3o do Sistema Educacional&quot; \u2192 1889 &quot;Democratiza\u00e7\u00e3o da Educa\u00e7\u00e3o, Sistema de Progress\u00e3o 6334&quot; \u2192<br \/>\n<strong>Reiwa 1 &quot;GIGA&quot; (aprendizagem baseada em computador)<\/strong><\/li>\n<\/ul>\n<figure class=\"wp-caption aligncenter\"><a href=\"https:\/\/photos.google.com\/share\/AF1QipMRGCtAGzkw6lIs-ySRAuh88jhUnrllkm60kj4ukUrfu2-yGItVmcdT7ADtlGObjg\/photo\/AF1QipOqhq_ydCjGZgjdVAeR9QEs-daGu13uOiRSx6Q?key=MHhlT2JzRFFwbHRQN000NmI4WEh6cDJ0ZF9VWndR\" target=\"_blnak\" rel=\"noopener\"><img decoding=\"async\" src=\"https:\/\/lh3.googleusercontent.com\/pw\/ABLVV87OG9gJBfbSbCayb5N-EbFneUjuhs-GG9qJGLr9ZlhmMBW6qwZ2xhjYww2bjn-5NCoJfpogzEwEAOMIIjFma5po-Jf-mEr60TlsgLXLOGj4eDvPIOITJP1j_ea6OPHkt5EdjI6ikJJnYA-Ri2tLjAYj=w2000-h1333-s-no-gm?authuser=0\" width=\"2000\" height=\"1333\" alt=\"Um ponto de virada importante na educa\u00e7\u00e3o japonesa.\" class=\"size-full\" \/><\/a><figcaption class=\"wp-caption-text\">Um ponto de virada importante na educa\u00e7\u00e3o japonesa.<\/figcaption><\/figure>\n<h4> Meiji &quot;Quadro de pedra&quot; \u2192 Showa &quot;Quadro-negro&quot; \u2192 Reiwa &quot;Tablet&quot;<\/h4>\n<ul>\n<li>As classes populares da era Showa tinham como objetivo formar pessoas com desempenho mediano, uma necessidade para a era moderna.<\/li>\n<li>Na era Reiwa, as aulas individuais s\u00e3o adaptadas a cada aluno, permitindo que eles aproveitem ao m\u00e1ximo sua individualidade.<\/li>\n<\/ul>\n<figure class=\"wp-caption aligncenter\"><a href=\"https:\/\/photos.google.com\/share\/AF1QipMRGCtAGzkw6lIs-ySRAuh88jhUnrllkm60kj4ukUrfu2-yGItVmcdT7ADtlGObjg\/photo\/AF1QipNO4SFoupSQUxuPHi2Uq6w-smpDmRF5F_aWT2w?key=MHhlT2JzRFFwbHRQN000NmI4WEh6cDJ0ZF9VWndR\" target=\"_blnak\" rel=\"noopener\"><img decoding=\"async\" src=\"https:\/\/lh3.googleusercontent.com\/pw\/ABLVV86WDXhPyyqZECrfmgqXVxUjNhTvLX8_lcsF11jt9fZBsA8zbmKc5Qf6UTxfaFKM7V-yY4iPuWN9EvsizHB-IkZ-0-zQKXX0qAgXfcFQwMidzfxmD2zOylQVHLMQ70J0H_3xVaw1CC7f3TlsO0oD0Mmg=w2000-h1333-s-no-gm?authuser=0\" width=\"2000\" height=\"1333\" alt=\"Meiji &quot;Quadro de pedra&quot; \u2192 Showa &quot;Quadro-negro&quot; \u2192 Reiwa &quot;Tablet&quot;\" class=\"size-full\" \/><\/a><figcaption class=\"wp-caption-text\">Meiji &quot;Quadro de pedra&quot; \u2192 Showa &quot;Quadro-negro&quot; \u2192 Reiwa &quot;Tablet&quot;<\/figcaption><\/figure>\n<figure class=\"wp-caption aligncenter\"><a href=\"https:\/\/photos.google.com\/share\/AF1QipMRGCtAGzkw6lIs-ySRAuh88jhUnrllkm60kj4ukUrfu2-yGItVmcdT7ADtlGObjg\/photo\/AF1QipNNunO1f5r8goLT2VRGeUAMVdMwn06n3NyFazQ?key=MHhlT2JzRFFwbHRQN000NmI4WEh6cDJ0ZF9VWndR\" target=\"_blnak\" rel=\"noopener\"><img decoding=\"async\" src=\"https:\/\/lh3.googleusercontent.com\/pw\/ABLVV8532oTMZ_1TVnM7hl0RtryyqnaOTvvSgZ_lj0FjSJwCVkvlwnOlZY4-tKbqPiQv_kt8yQOgyB6WhmaUlBOErdAV05X0i60CrZCH_dboZs8rEdx_tS_eSddYtuCLJe266h9jb_Arnz67Q0pGEwZZ7Cue=w2000-h1333-s-no-gm?authuser=0\" width=\"2000\" height=\"1333\" alt=\"Transi\u00e7\u00e3o para uma educa\u00e7\u00e3o que valorize ao m\u00e1ximo a individualidade.\" class=\"size-full\" \/><\/a><figcaption class=\"wp-caption-text\">Transi\u00e7\u00e3o para uma educa\u00e7\u00e3o que valorize ao m\u00e1ximo a individualidade.<\/figcaption><\/figure>\n<h4>Estudo de caso da cidade de Wakkanai, Hokkaido (janeiro de 2023): Aproveitando as caracter\u00edsticas dos equipamentos e utilizando-os de acordo com o desenvolvimento.<\/h4>\n<ul>\n<li>Guia para anota\u00e7\u00f5es usando um projetor de imagem real<\/li>\n<li>Letra escrita em um Chromebook (dispositivo pessoal)<\/li>\n<\/ul>\n<figure class=\"wp-caption aligncenter\"><a href=\"https:\/\/photos.google.com\/share\/AF1QipMRGCtAGzkw6lIs-ySRAuh88jhUnrllkm60kj4ukUrfu2-yGItVmcdT7ADtlGObjg\/photo\/AF1QipNn6lyK7Q1fMSNwmm595ffsErsnSwj7Cr4oL-c?key=MHhlT2JzRFFwbHRQN000NmI4WEh6cDJ0ZF9VWndR\" target=\"_blnak\" rel=\"noopener\"><img decoding=\"async\" src=\"https:\/\/lh3.googleusercontent.com\/pw\/ABLVV84ZKAVAWGRLAp3bzdc--HwErdURke4Lb7g6x0q1cWK1baVZh_qvilroXX51HZQb4bvHEUGLNrAzG4tmtLcmggixs0n87hEmA4T-6cyfeyeYcD57xLH2t6ntg00tROTkQrdHgkUbN9RW-wDTy0CooQ5P=w2000-h1333-s-no-gm?authuser=0\" width=\"2000\" height=\"1333\" alt=\"Estudo de caso da cidade de Wakkanai, Hokkaido\" class=\"size-full\" \/><\/a><figcaption class=\"wp-caption-text\">Estudo de caso da cidade de Wakkanai, Hokkaido<\/figcaption><\/figure>\n<h4>Estudo de Caso da Cidade de Yonaguni, Prefeitura de Okinawa (Junho de 2023): GIGA \u00e9 a solu\u00e7\u00e3o para turmas multisseriadas<\/h4>\n<ul>\n<li>Turmas multisseriadas onde os alunos aprendem na mesma sala de aula.<\/li>\n<\/ul>\n<figure class=\"wp-caption aligncenter\"><a href=\"https:\/\/photos.google.com\/share\/AF1QipMRGCtAGzkw6lIs-ySRAuh88jhUnrllkm60kj4ukUrfu2-yGItVmcdT7ADtlGObjg\/photo\/AF1QipNA6np1aWB1yFk0fczbi4NpkW_2RteD59wZJyo?key=MHhlT2JzRFFwbHRQN000NmI4WEh6cDJ0ZF9VWndR\" target=\"_blnak\" rel=\"noopener\"><img decoding=\"async\" src=\"https:\/\/lh3.googleusercontent.com\/pw\/ABLVV85XnExds3X9AQZnh_CsH5kYm_r7vnQ6I1whsovSk1vgeCcrB21oJpL5w6_0o0jS6xvuYQnN3UoCxEW1IMn0_c63Tg03SyuYZ3BQNblE7k6K9M90k1BhPrD9QAtMY9AQ_FZ4y2rG-D3zCJFI4dqshS61=w2000-h1333-s-no-gm?authuser=0\" width=\"2000\" height=\"1333\" alt=\"O caso da cidade de Yonaguni, na prov\u00edncia de Okinawa.\" class=\"size-full\" \/><\/a><figcaption class=\"wp-caption-text\">O caso da cidade de Yonaguni, na prov\u00edncia de Okinawa.<\/figcaption><\/figure>\n<h4>Instru\u00e7\u00e3o adaptada \u00e0s fases de desenvolvimento.<\/h4>\n<ul>\n<li>Alunos do terceiro ano aprendem de forma independente, alunos do segundo ano aprendem com os professores.<\/li>\n<\/ul>\n<figure class=\"wp-caption aligncenter\"><a href=\"https:\/\/photos.google.com\/share\/AF1QipMRGCtAGzkw6lIs-ySRAuh88jhUnrllkm60kj4ukUrfu2-yGItVmcdT7ADtlGObjg\/photo\/AF1QipMOjjYIKvT-vwXq29a_gVHn4_t5F_GR3Kyv0YI?key=MHhlT2JzRFFwbHRQN000NmI4WEh6cDJ0ZF9VWndR\" target=\"_blnak\" rel=\"noopener\"><img decoding=\"async\" src=\"https:\/\/lh3.googleusercontent.com\/pw\/ABLVV85h3C4y9DpWk4HXJwBQS4V06Ip2X7OrwJfGQmH30JPKrTzetQzaGFL8w1GOD3xnAtfbplfHIagsU8PcjEi9cTyf3Eevlb4O617EZmjLFqtxEjMSzQA609rBqEnSx29ymKLadhJhc1X4-2DvCPImqb7F=w2000-h1333-s-no-gm?authuser=0\" width=\"2000\" height=\"1333\" alt=\"Instru\u00e7\u00e3o adaptada \u00e0s fases de desenvolvimento.\" class=\"size-full\" \/><\/a><figcaption class=\"wp-caption-text\">Instru\u00e7\u00e3o adaptada \u00e0s fases de desenvolvimento.<\/figcaption><\/figure>\n<h4>Aulas conjuntas remotas<\/h4>\n<ul>\n<li>Exemplo pr\u00e1tico: Conectar cinco escolas prim\u00e1rias locais e a biblioteca municipal online.<\/li>\n<\/ul>\n<figure class=\"wp-caption aligncenter\"><a href=\"https:\/\/photos.google.com\/share\/AF1QipMRGCtAGzkw6lIs-ySRAuh88jhUnrllkm60kj4ukUrfu2-yGItVmcdT7ADtlGObjg\/photo\/AF1QipPs8SRQaFOi2hTCbyfhryYGqA3rWIeCJPTI_n0?key=MHhlT2JzRFFwbHRQN000NmI4WEh6cDJ0ZF9VWndR\" target=\"_blnak\" rel=\"noopener\"><img decoding=\"async\" src=\"https:\/\/lh3.googleusercontent.com\/pw\/ABLVV85YgrXWC5t4tZuYmg58Y2hJb-jg5UpWTFxDwdZ1ds-cIvnZF9wVYqw63H7Uy4HRCF1XWCjPXxWzkVUP3l7p38fPxhIw3yaKtsQNCNow7Nd-5-Cll1XNQsvbNAHCRAkQ6AFYDgmLUDAQN9vSPrmwIZHr=w2000-h1333-s-no-gm?authuser=0\" width=\"2000\" height=\"1333\" alt=\"Aulas conjuntas remotas\" class=\"size-full\" \/><\/a><figcaption class=\"wp-caption-text\">Aulas conjuntas remotas<\/figcaption><\/figure>\n<h3>Ensino fundamental e m\u00e9dio integrado (escola de ensino obrigat\u00f3rio)<\/h3>\n<p><strong>\u25ce Uma escola para as s\u00e9ries do 1\u00ba ao 9\u00ba ano, com um \u00fanico diretor e uma \u00fanica equipe docente.<\/strong><\/p>\n<figure class=\"wp-caption aligncenter\"><a href=\"https:\/\/photos.google.com\/share\/AF1QipMRGCtAGzkw6lIs-ySRAuh88jhUnrllkm60kj4ukUrfu2-yGItVmcdT7ADtlGObjg\/photo\/AF1QipNFKzJuDNMu0xJoDVK1m0ojzmFnoV4pRzZg7UE?key=MHhlT2JzRFFwbHRQN000NmI4WEh6cDJ0ZF9VWndR\" target=\"_blnak\" rel=\"noopener\"><img decoding=\"async\" src=\"https:\/\/lh3.googleusercontent.com\/pw\/ABLVV84-VQn38gF_AW9Qkl6NHFd4SEhYB-Bsik09LiJ4EMppeLpVUEYHZXGJdpjgRFJ7suuYe1o_I-I7cBOUawsWme5m2uL-7_74FXsU3pFnBhhVoe5f8J10qB-vth9XfUw7dZPlTwB2djh5bT2--EpXge8r=w2000-h1333-s-no-gm?authuser=0\" width=\"2000\" height=\"1333\" alt=\"Ensino fundamental e m\u00e9dio integrado (escola de ensino obrigat\u00f3rio)\" class=\"size-full\" \/><\/a><figcaption class=\"wp-caption-text\">Ensino fundamental e m\u00e9dio integrado (escola de ensino obrigat\u00f3rio)<\/figcaption><\/figure>\ufffc<\/p>\n<h4>Benef\u00edcios da Escola e Complexo de Educa\u00e7\u00e3o Obrigat\u00f3ria:<br \/>\nEm dire\u00e7\u00e3o a uma escola vibrante onde todos possam se reunir, conversar, aprender e brincar.<\/h4>\n<ol>\n<li>Aprimorar o desempenho acad\u00eamico por meio de um curr\u00edculo cont\u00ednuo de nove anos.<\/li>\n<li>Por exemplo, o sistema 432.<\/li>\n<li>A diferen\u00e7a entre o primeiro ano do ensino fundamental II e o primeiro ano do ensino fundamental II est\u00e1 diminuindo (espera-se uma redu\u00e7\u00e3o no absente\u00edsmo escolar).<\/li>\n<li>Educa\u00e7\u00e3o especial<\/li>\n<li>Mais conex\u00f5es e amigos com filhos<\/li>\n<li>Familiarizar-se com a diversidade desde tenra idade.<\/li>\n<li>\u00c9 mais f\u00e1cil garantir o n\u00famero de professores (reforma do estilo de trabalho).<\/li>\n<li>O diretor \u00e9 o \u00fanico que cria uma escola consistente.<\/li>\n<li>Investimento concentrado em uma \u00fanica escola (ambiente educacional de alta qualidade)<\/li>\n<li>Em particular, a melhoria do ambiente de TIC (expectativas para aulas conjuntas remotas)<\/li>\n<li>\u00c9 f\u00e1cil colaborar com os pais e a comunidade local.<\/li>\n<li>Intera\u00e7\u00e3o com diversos adultos (crescimento)<\/li>\n<li>Mais alegria para todas as gera\u00e7\u00f5es.<\/li>\n<\/ol>\n<h4>Desvantagens das escolas e complexos de ensino obrigat\u00f3rio:<br \/>\nPense em como transformar algo negativo em algo positivo!<\/h4>\n<ol>\n<li>Aumento do fardo do deslocamento para a escola (longas dist\u00e2ncias, viagens de \u00f4nibus, etc.)<\/li>\n<li>amizades fixas<\/li>\n<li>Responsabilidade de garantir a seguran\u00e7a (problemas de seguran\u00e7a devido \u00e0 entrada de pessoas de todas as idades)<\/li>\n<li>\u00c9 preciso tempo para integrar as culturas do ensino fundamental e do ensino m\u00e9dio.<\/li>\n<li>Podemos desenvolver um senso de responsabilidade em alunos do sexto ano?<\/li>\n<li>N\u00e3o h\u00e1 cerim\u00f4nia de formatura para alunos do sexto ano.<\/li>\n<\/ol>\n<p><strong>\u25ce As escolas de ensino obrigat\u00f3rio come\u00e7aram em 2016 (Heisei 28), e v\u00e1rios resultados foram relatados.<\/strong><\/p>\n<h3>Educa\u00e7\u00e3o escolar na cidade de Hokuryu<\/h3>\n<p>Atualmente, a cidade de Hokuryu possui um ambiente onde todos na comunidade podem criar seus filhos juntos.<\/p>\n<p>\u30fbAtividades extracurriculares, Festival de Ver\u00e3o Wanpaku, Guia do Girassol para alunos do Ensino Fundamental II de Hokuryu, atividades com moradores locais na Escola Prim\u00e1ria Shinryu (experi\u00eancia de preparo de soba pelo Clube Soba Shokugaku, Hokuryu Taiko, Dragon Kids (v\u00f4lei), Clube Hokuryu Kendama)<\/p>\n<h4>Festival de Ver\u00e3o Travesso<\/h4>\n<figure class=\"wp-caption aligncenter\"><a href=\"https:\/\/photos.google.com\/share\/AF1QipMRGCtAGzkw6lIs-ySRAuh88jhUnrllkm60kj4ukUrfu2-yGItVmcdT7ADtlGObjg\/photo\/AF1QipPeW19zpLZttO1io2OVktFMHQTGV__J1qYj0Ew?key=MHhlT2JzRFFwbHRQN000NmI4WEh6cDJ0ZF9VWndR\" target=\"_blnak\" rel=\"noopener\"><img decoding=\"async\" src=\"https:\/\/lh3.googleusercontent.com\/pw\/ABLVV86m7bH-Y8w09lm6JAoyH2vtuxbtEm8zKxbalPCndum-0LnSayh_u2ukzvu5Lb8-Sp4wOzVBHvPlgWZeU-P81Wf4nNl2SggKqiNxx9ixJssJP_6NmZDTygZQfFol-OKxRFDvsXydlabkbfBkUPuJiECg=w2000-h1333-s-no-gm?authuser=0\" width=\"2000\" height=\"1333\" alt=\"Festival de Ver\u00e3o Travesso\" class=\"size-full\" \/><\/a><figcaption class=\"wp-caption-text\">Festival de Ver\u00e3o Travesso<\/figcaption><\/figure>\n<h4>Guia do Girassol para Estudantes do Ensino Fundamental II de Hokuryu<\/h4>\n<figure class=\"wp-caption aligncenter\"><a href=\"https:\/\/photos.google.com\/share\/AF1QipMRGCtAGzkw6lIs-ySRAuh88jhUnrllkm60kj4ukUrfu2-yGItVmcdT7ADtlGObjg\/photo\/AF1QipPi39-5N5yBaQ-B928M7TursKbW6-ck60ejKBs?key=MHhlT2JzRFFwbHRQN000NmI4WEh6cDJ0ZF9VWndR\" target=\"_blnak\" rel=\"noopener\"><img decoding=\"async\" src=\"https:\/\/lh3.googleusercontent.com\/pw\/ABLVV86EEmpAEVSCeU4zMOyD8RjMp8NHHKORxx1hIpVyNl7HkmY51jTQ43RxdC827cfOle5HYdVLgkJWnCkUQmLXBZ_b1uYwRc5MryJIVJQAdwX94qgi728yc3CEQa4gkEcGkQo2rlzaISuZ0Z5NIgF4OD7u=w2000-h1333-s-no-gm?authuser=0\" width=\"2000\" height=\"1333\" alt=\"Guia do Girassol para Estudantes do Ensino Fundamental II de Hokuryu\" class=\"size-full\" \/><\/a><figcaption class=\"wp-caption-text\">Guia do Girassol para Estudantes do Ensino Fundamental II de Hokuryu<\/figcaption><\/figure>\n<h4>Atividades com a popula\u00e7\u00e3o local na Escola Prim\u00e1ria Shinryu<\/h4>\n<figure class=\"wp-caption aligncenter\"><a href=\"https:\/\/photos.google.com\/share\/AF1QipMRGCtAGzkw6lIs-ySRAuh88jhUnrllkm60kj4ukUrfu2-yGItVmcdT7ADtlGObjg\/photo\/AF1QipPPGXxxNKKefzt4Fa3dE6gk8TAJwXuU_hJXzmk?key=MHhlT2JzRFFwbHRQN000NmI4WEh6cDJ0ZF9VWndR\" target=\"_blnak\" rel=\"noopener\"><img decoding=\"async\" src=\"https:\/\/lh3.googleusercontent.com\/pw\/ABLVV87jOOFIBWZHz9qjvWbTuZ7nLmk9mRsrqgK0WhKIE6kcYkBe-VEWnLkyJgRUsLmfGUEITGqHm3bOUdo8oQ8ae0KYKx76hbmhONrODBC4tfzSIFpsJvUZsBMNGTErcUL3RgBvB1xCME4qbStgo0nE8FTC=w2000-h1333-s-no-gm?authuser=0\" width=\"2000\" height=\"1333\" alt=\"Atividades com a popula\u00e7\u00e3o local na Escola Prim\u00e1ria Shinryu\" class=\"size-full\" \/><\/a><figcaption class=\"wp-caption-text\">Atividades com a popula\u00e7\u00e3o local na Escola Prim\u00e1ria Shinryu<\/figcaption><\/figure>\n<h4>Clube Hokuryu Kendama<\/h4>\n<figure class=\"wp-caption aligncenter\"><a href=\"https:\/\/photos.google.com\/share\/AF1QipMRGCtAGzkw6lIs-ySRAuh88jhUnrllkm60kj4ukUrfu2-yGItVmcdT7ADtlGObjg\/photo\/AF1QipOs0Iwr5soLO4lqmR3Nu5SHjJPlX56zvC64Pv0?key=MHhlT2JzRFFwbHRQN000NmI4WEh6cDJ0ZF9VWndR\" target=\"_blnak\" rel=\"noopener\"><img decoding=\"async\" src=\"https:\/\/lh3.googleusercontent.com\/pw\/ABLVV84cg5OAThpcahOowZ3eDblZWnym-F8QA8DawGzJuyli8580qhCr5xAXFpspQVUUfLVlobz4W9XZWCo31tcZDUKJTyUWygtS7uYbEkR0xHCo5UPkIuwdV9ItveZQmH4tkoEmUcShxQTOyUnCv_Bk5aAE=w2000-h1333-s-no-gm?authuser=0\" width=\"2000\" height=\"1333\" alt=\"Clube Hokuryu Kendama\" class=\"size-full\" \/><\/a><figcaption class=\"wp-caption-text\">Clube Hokuryu Kendama<\/figcaption><\/figure>\n<ul>\n<li>A tradi\u00e7\u00e3o de harmonia (Yawara) que foi transmitida atrav\u00e9s das gera\u00e7\u00f5es na cidade de Hokuryu.<\/li>\n<li>O esp\u00edrito da associa\u00e7\u00e3o pioneira &quot;Bae Honsha&quot; - &quot;Respeito atrav\u00e9s da harmonia&quot; - foi transmitido.<\/li>\n<\/ol>\n<figure class=\"wp-caption aligncenter\"><a href=\"https:\/\/photos.google.com\/share\/AF1QipMRGCtAGzkw6lIs-ySRAuh88jhUnrllkm60kj4ukUrfu2-yGItVmcdT7ADtlGObjg\/photo\/AF1QipN0QG6V-G2AfkMLEe4RLad8prgxKPvydshkrNI?key=MHhlT2JzRFFwbHRQN000NmI4WEh6cDJ0ZF9VWndR\"\" target=\"_blnak\"><img decoding=\"async\" src=\"https:\/\/lh3.googleusercontent.com\/pw\/ABLVV85c6MARRm6UG0GP6oYqf-A_lv4lBVNmQC9WvW1nseoL5LrudOv8ZUMbim_Flcwx5w9BeHKrvA2XDuGgYCbO486aALClBYNT4EQuqkyt8VFVBKlyiYLv4gG8v-70EcJQ4b44NLGNvI8Q35dHm4IQ8_Cj=w2000-h1333-s-no-gm?authuser=0\" width=\"2000\" height=\"1333\" alt=\"O esp\u00edrito herdado de &quot;respeitar a harmonia&quot;\" class=\"size-full\" \/><\/a><figcaption class=\"wp-caption-text\">O esp\u00edrito herdado de &quot;respeitar a harmonia&quot;<\/figcaption><\/figure>\n<p>Em Hokuryu Town, cultiva-se o esp\u00edrito de uni\u00e3o e colabora\u00e7\u00e3o na cria\u00e7\u00e3o dos filhos.<\/p>\n<figure class=\"wp-caption aligncenter\"><a href=\"https:\/\/photos.google.com\/share\/AF1QipMRGCtAGzkw6lIs-ySRAuh88jhUnrllkm60kj4ukUrfu2-yGItVmcdT7ADtlGObjg\/photo\/AF1QipNhb4sp4yEpWgJpaj0SLlzBro2JUbzRAsIDeow?key=MHhlT2JzRFFwbHRQN000NmI4WEh6cDJ0ZF9VWndR\" target=\"_blnak\" rel=\"noopener\"><img decoding=\"async\" src=\"https:\/\/lh3.googleusercontent.com\/pw\/ABLVV86yHYjK6R0yGzTuPWGtwe7m8gr3MDZDUhGl-5Yw1YeaFwNqKSHf5kBH1LBwVAvnKlKgM4obDqKfqQc50nDY4FYPhk_sckQGqrTKPSjHEzpbAvjkKOThSC3KQCHzFrLwfVuuEDNvlCsL7jBsc7s7OYK9=w2000-h1333-s-no-gm?authuser=0\" width=\"2000\" height=\"1333\" alt=\"Cria\u00e7\u00e3o de filhos na cidade de Hokuryu, com fortes la\u00e7os com a comunidade.\" class=\"size-full\" \/><\/a><figcaption class=\"wp-caption-text\">Cria\u00e7\u00e3o de filhos na cidade de Hokuryu, com fortes la\u00e7os com a comunidade.<\/figcaption><\/figure>\n<h3>Exemplos principais de escolas de ensino obrigat\u00f3rio<\/h3>\n<p>O Sr. Harumi Homma (Engenheiro-Chefe do Departamento de Planejamento Geral da Docon Co., Ltd.) dar\u00e1 uma explica\u00e7\u00e3o.<\/p>\n<figure class=\"wp-caption aligncenter\"><a href=\"https:\/\/photos.google.com\/share\/AF1QipMRGCtAGzkw6lIs-ySRAuh88jhUnrllkm60kj4ukUrfu2-yGItVmcdT7ADtlGObjg\/photo\/AF1QipM8aG61OU1GNr2Cb6NXYLuOa8JcTuO5uFqWoJ0?key=MHhlT2JzRFFwbHRQN000NmI4WEh6cDJ0ZF9VWndR\" target=\"_blnak\" rel=\"noopener\"><img decoding=\"async\" src=\"https:\/\/lh3.googleusercontent.com\/pw\/ABLVV84msCKmq0dh3lS7uVJYHFNwzWQ4NMFj7-b9FNkvekAUH7fyM3QBgJr1M3XZHPJIOn8CzDf_7dtXmPPwVue_fvCtKYKtvUf62QWuRHPAGenuflTJIV3DF7s7aFtlQO0VQiYnGs8AuXcJZKKaC7E3idr-=w2000-h1333-s-no-gm?authuser=0\" width=\"2000\" height=\"1333\" alt=\"Explica\u00e7\u00e3o do Sr. Harumi Homma (Engenheiro-Chefe do Departamento de Planejamento Geral da Docon Co., Ltd.)\" class=\"size-full\" \/><\/a><figcaption class=\"wp-caption-text\">Explica\u00e7\u00e3o do Sr. Harumi Homma (Engenheiro-Chefe do Departamento de Planejamento Geral da Docon Co., Ltd.)<\/figcaption><\/figure>\n<h4>1. Tobetsu Gakuen (cidade de Tobetsu: 422 alunos)<\/h4>\n<figure class=\"wp-caption aligncenter\"><a href=\"https:\/\/photos.google.com\/share\/AF1QipMRGCtAGzkw6lIs-ySRAuh88jhUnrllkm60kj4ukUrfu2-yGItVmcdT7ADtlGObjg\/photo\/AF1QipN6qecLhbLNKrOtwpkqCX1OPMPaUS3jdTzEnPA?key=MHhlT2JzRFFwbHRQN000NmI4WEh6cDJ0ZF9VWndR\" target=\"_blnak\" rel=\"noopener\"><img decoding=\"async\" src=\"https:\/\/lh3.googleusercontent.com\/pw\/ABLVV85zNNojcTvw-FUmYO2xQ3myRWVYp0WznHVYW5oHRruLqTfem2CPZXqDNg650ToFq9i_5KivZupcNHWnsnNZRASgNLCK0cXbZrrK5MCbM3-JYjPDSs2sGvgldSYJ0uIGMDeZl0PlxRycTE2KQWKbZY5r=w2000-h1333-s-no-gm?authuser=0\" width=\"2000\" height=\"1333\" alt=\"Tobetsu Gakuen\" class=\"size-full\" \/><\/a><figcaption class=\"wp-caption-text\">Tobetsu Gakuen<\/figcaption><\/figure>\n<p><strong>\u2742 Recursos<\/strong><\/p>\n<ul>\n<li>Per\u00edodo de forma\u00e7\u00e3o (1\u00ba ao 4\u00ba ano), per\u00edodo de enriquecimento (5\u00ba ao 7\u00ba ano), per\u00edodo de desenvolvimento (8\u00ba e 9\u00ba ano)<\/li>\n<li>A escola est\u00e1 aberta e n\u00e3o tem portas.<\/li>\n<li>Estude em um ambiente tranquilo.<\/li>\n<li>A primeira coisa que voc\u00ea v\u00ea ao entrar \u00e9 o cantinho da biblioteca.<\/li>\n<li>Clube infantil extracurricular no campus<\/li>\n<li>A intera\u00e7\u00e3o entre escolas de ensino fundamental e m\u00e9dio, por meio de sess\u00f5es de estudo e treinamentos para funcion\u00e1rios sobre planejamento de aulas, como a iniciativa GIGA School, tem um impacto positivo.<\/li>\n<\/ul>\n<h4>2. Hayakita Gakuen (cidade de Abira: 310 alunos)<\/h4>\n<figure class=\"wp-caption aligncenter\"><a href=\"https:\/\/photos.google.com\/share\/AF1QipMRGCtAGzkw6lIs-ySRAuh88jhUnrllkm60kj4ukUrfu2-yGItVmcdT7ADtlGObjg\/photo\/AF1QipNK3iZj7xrbI3OaMCfaodeR7tjhU3B5Ao1Tc3c?key=MHhlT2JzRFFwbHRQN000NmI4WEh6cDJ0ZF9VWndR\" target=\"_blnak\" rel=\"noopener\"><img decoding=\"async\" src=\"https:\/\/lh3.googleusercontent.com\/pw\/ABLVV84PqLxczhZxSfWygNV8XqbBfOcKgpsS3jQnu1wrQbrm5uzFr7g7a6ayzueH13jNMNBSoPW1zLunZo_Jfb6J1y4sPCl46Aqdp3hNtvJrWeaDvOn-aLJlq4dnISYV-H_B-o1J8g9_UAxxAygJLuYkJyiz=w2000-h1333-s-no-gm?authuser=0\" width=\"2000\" height=\"1333\" alt=\"Estudo de Caso da Academia Hayakita\" class=\"size-full\" \/><\/a><figcaption class=\"wp-caption-text\">Estudo de Caso da Academia Hayakita<\/figcaption><\/figure>\n<p><strong>\u2742 Recursos<\/strong><\/p>\n<ul>\n<li>Uma nova escola foi inaugurada em abril deste ano.<\/li>\n<li>O Conselho de Educa\u00e7\u00e3o, professores, membros da equipe local de coopera\u00e7\u00e3o para a revitaliza\u00e7\u00e3o da \u00e1rea, pais e vereadores participaram das discuss\u00f5es.<\/li>\n<li>Ensino fundamental (1\u00ba ao 4\u00ba ano), ensino m\u00e9dio e ensino superior (5\u00ba ao 9\u00ba ano)<\/li>\n<li>Aulas de 45 minutos para alunos do 1\u00ba ao 4\u00ba ano e aulas de 50 minutos para alunos do 5\u00ba ano em diante.<\/li>\n<li>O sistema de cursos especializados \u00e9 adotado a partir do ensino fundamental II, e professores do ensino fundamental I tamb\u00e9m s\u00e3o inclu\u00eddos.<\/li>\n<li>A biblioteca, a sala t\u00e9cnica, a cozinha e o sal\u00e3o principal est\u00e3o abertos ao p\u00fablico.<\/li>\n<li>A biblioteca possui um espa\u00e7o com caf\u00e9, um local aberto onde um porteiro e um bibliotec\u00e1rio est\u00e3o dispon\u00edveis para auxiliar os usu\u00e1rios, e est\u00e1 aberta aos moradores da cidade.<\/li>\n<\/ul>\n<h4>3. Atsuta Gakuen (cidade de Ishikari: 36 alunos)<\/h4>\n<figure class=\"wp-caption aligncenter\"><a href=\"https:\/\/photos.google.com\/share\/AF1QipMRGCtAGzkw6lIs-ySRAuh88jhUnrllkm60kj4ukUrfu2-yGItVmcdT7ADtlGObjg\/photo\/AF1QipMNyMlgQ8UHzUjVgIFLQp9OBImRkqTUV7wAx2M?key=MHhlT2JzRFFwbHRQN000NmI4WEh6cDJ0ZF9VWndR\" target=\"_blnak\" rel=\"noopener\"><img decoding=\"async\" src=\"https:\/\/lh3.googleusercontent.com\/pw\/ABLVV85ZxpfrP_ZBy7jetsQAfhvVH_DeTtRPQ-37M_WiPZ4mXekhz3__eOFvwEsVRPihYqRIX4jG0iKllvSgEjJvdRaCGPYKRgvR-E2Vr-a8OmSWW4m8qWBaEF5fjJZeDo8E1OAY00lbdz9bgHdC0zCtskQx=w2000-h1333-s-no-gm?authuser=0\" width=\"2000\" height=\"1333\" alt=\"Estudo de caso de Atsuta Gakuen\" class=\"size-full\" \/><\/a><figcaption class=\"wp-caption-text\">Estudo de caso de Atsuta Gakuen<\/figcaption><\/figure>\n<p><strong>\u2742 Recursos<\/strong><\/p>\n<ul>\n<li>Etapa Base (1\u00ba ao 4\u00ba ano), Etapa Equipe (5\u00ba ao 7\u00ba ano), Etapa Vis\u00e3o (8\u00ba e 9\u00ba ano)<\/li>\n<li>Al\u00e9m da Escola Comunit\u00e1ria Atsuta, promovemos a intera\u00e7\u00e3o com a comunidade abrindo a biblioteca para moradores locais em dias de visita\u00e7\u00e3o e oferecendo trabalho volunt\u00e1rio para leitura em voz alta na biblioteca.<\/li>\n<li>Antecipando a possibilidade de turmas multisseriadas, ser\u00e3o instalados dois quadros negros e dois quadros negros eletr\u00f4nicos em cada sala de aula.<\/li>\n<li>S\u00e3o utilizadas mesas e cadeiras com ajuste hidr\u00e1ulico para que possam ser usadas por alunos de todos os n\u00edveis.<\/li>\n<li>Existe um posto de gasolina \u00e0 beira da estrada ao lado, e s\u00e3o realizados eventos para interagir com os moradores locais.<\/li>\n<\/ul>\n<h3>Troca de opini\u00f5es e perguntas e respostas entre os participantes.<\/h3>\n<p>Os participantes foram divididos em grupos de 5 a 6 pessoas e solicitados a escrever livremente suas impress\u00f5es e opini\u00f5es em pain\u00e9is de papel\u00e3o.<\/p>\n<h4>pergunta<\/h4>\n<ul>\n<li>Na Hokuryu, os alunos passam mais de uma d\u00e9cada juntos, come\u00e7ando no jardim de inf\u00e2ncia, ent\u00e3o me preocupa que, se passarmos para uma escola integrada, os relacionamentos se tornem ainda mais r\u00edgidos.<\/li>\n<li>Alunos do sexto ano podem desenvolver habilidades de lideran\u00e7a em escolas integradas?<\/li>\n<\/ul>\n<h4>pensamentos<\/h4>\n<ul>\n<li>Sinto profunda compaix\u00e3o e compaix\u00e3o pelas palavras do Sr. Shimbo: &quot;Independentemente da cidade em que se vive, \u00e9 importante ajudar as crian\u00e7as a desenvolverem habilidades acad\u00eamicas&quot;. Espero que, mesmo em Hokuryu, mesmo com um n\u00famero reduzido de alunos, a escola continue a proporcionar um bom ambiente escolar.<\/li>\n<\/ul>\n<figure class=\"wp-caption aligncenter\"><a href=\"https:\/\/photos.google.com\/share\/AF1QipMRGCtAGzkw6lIs-ySRAuh88jhUnrllkm60kj4ukUrfu2-yGItVmcdT7ADtlGObjg\/photo\/AF1QipPYofUc50Ic0AmmfuGC5yN5-CZQxWGlTOzo92I?key=MHhlT2JzRFFwbHRQN000NmI4WEh6cDJ0ZF9VWndR\" target=\"_blnak\" rel=\"noopener\"><img decoding=\"async\" src=\"https:\/\/lh3.googleusercontent.com\/pw\/ABLVV86bDZrtFi6KwE2yWvokkjomxtfNumxAdyW6uFVgCcxArycUgrU37_obupfCqb0UkXyaAL7JtFPEFY5RCdvkNkntsFQJvqEalcNTjgkQctDBC_S4IltE3cJG4QQxCYhdd6DGUOckxs3MlNi1z-URfw1f=w2000-h1333-s-no-gm?authuser=0\" width=\"2000\" height=\"1333\" alt=\"Anote seus pensamentos...\" class=\"size-full\" \/><\/a><figcaption class=\"wp-caption-text\">Anote seus pensamentos...<\/figcaption><\/figure>\n<figure class=\"wp-caption aligncenter\"><a href=\"https:\/\/photos.google.com\/share\/AF1QipMRGCtAGzkw6lIs-ySRAuh88jhUnrllkm60kj4ukUrfu2-yGItVmcdT7ADtlGObjg\/photo\/AF1QipMLb2Dla5w8UoPlQJD-Qc8tOI4AuLJ6XOHP-30?key=MHhlT2JzRFFwbHRQN000NmI4WEh6cDJ0ZF9VWndR\" target=\"_blnak\" rel=\"noopener\"><img decoding=\"async\" src=\"https:\/\/lh3.googleusercontent.com\/pw\/ABLVV84SH_DhSrtEcATYRsUR1gpx7SBVrHDoIluOApX7iSEIYX-3SmDXXdj6tf_ck9GS04TKOkO1REaUBQxGuijSPg99ilGenNgmHPLzNByd-BZ_EEr0tXJI_a-QX2XrfBD91OPYjFKNRbESk77iHd_x7Lph=w2000-h1333-s-no-gm?authuser=0\" width=\"2000\" height=\"1333\" alt=\"Desenhar com as crian\u00e7as...\" class=\"size-full\" \/><\/a><figcaption class=\"wp-caption-text\">Desenhar com as crian\u00e7as...<\/figcaption><\/figure>\n<figure class=\"wp-caption aligncenter\"><a href=\"https:\/\/photos.google.com\/share\/AF1QipMRGCtAGzkw6lIs-ySRAuh88jhUnrllkm60kj4ukUrfu2-yGItVmcdT7ADtlGObjg\/photo\/AF1QipMK7_A_0thG1vMtaIWdmCRN2LctAKh0ikeZU6Q?key=MHhlT2JzRFFwbHRQN000NmI4WEh6cDJ0ZF9VWndR\" target=\"_blnak\" rel=\"noopener\"><img decoding=\"async\" src=\"https:\/\/lh3.googleusercontent.com\/pw\/ABLVV87c-w0-AUgyVm8Jrsz4dm-U8bX_dbUH8vkGunJh17QQxQTeKysWjFmACIxQKCSdwMjbaTXZfMWwUmvIkbIZgpLqP0L5vE27pa2jozJCCTb_HclOMx9tTzPcEFRTbtCQ0IyqG7urMyVdbXyE7EsWKSyu=w2000-h1333-s-no-gm?authuser=0\" width=\"2000\" height=\"1333\" alt=\"troca de opini\u00f5es\" class=\"size-full\" \/><\/a><figcaption class=\"wp-caption-text\">troca de opini\u00f5es<\/figcaption><\/figure>\n<h4>Professor Shinbo<\/h4>\n<ul>\n<li>Com a constante introdu\u00e7\u00e3o de novos sistemas, \u00e9 importante continuar experimentando diferentes possibilidades!<\/li>\n<\/ul>\n<figure class=\"wp-caption aligncenter\"><a href=\"https:\/\/photos.google.com\/share\/AF1QipMRGCtAGzkw6lIs-ySRAuh88jhUnrllkm60kj4ukUrfu2-yGItVmcdT7ADtlGObjg\/photo\/AF1QipNJ-3aWfJ-DrbezCVTwUxZu94_Py_8gbQ8ZPv0?key=MHhlT2JzRFFwbHRQN000NmI4WEh6cDJ0ZF9VWndR\" target=\"_blnak\" rel=\"noopener\"><img decoding=\"async\" src=\"https:\/\/lh3.googleusercontent.com\/pw\/ABLVV86yM5A76W_Z4BFYu4Xi3eURVxsPw6zN6Bso1n8KwIdFUv02xr3uJhCj-vA9Hb2K48yce_YwcWGpjkr43JKQj7FD47zyngN5zX1F-fCHv2igsXzoCAtnDPgzpoY18pFk_I1GiNziYZZjWgnjq7Fz1G8F=w2000-h1333-s-no-gm?authuser=0\" width=\"2000\" height=\"1333\" alt=\"Experimente v\u00e1rias possibilidades!\" class=\"size-full\" \/><\/a><figcaption class=\"wp-caption-text\">Experimente v\u00e1rias possibilidades!<\/figcaption><\/figure>\n<ul>\n<li>Se escolas atraentes forem constru\u00eddas, as pessoas tendem a se mudar para l\u00e1.<\/li>\n<\/ul>\n<figure class=\"wp-caption aligncenter\"><a href=\"https:\/\/photos.google.com\/share\/AF1QipMRGCtAGzkw6lIs-ySRAuh88jhUnrllkm60kj4ukUrfu2-yGItVmcdT7ADtlGObjg\/photo\/AF1QipNGgq9TBgo-EGJAoR8lttNlyawnOdQMntuNSqM?key=MHhlT2JzRFFwbHRQN000NmI4WEh6cDJ0ZF9VWndR\" target=\"_blnak\" rel=\"noopener\"><img decoding=\"async\" src=\"https:\/\/lh3.googleusercontent.com\/pw\/ABLVV86DEYyDuZfIoPwkYObNf7X4JCTHj2n4SZANSTLTLQeN5iAe4HdspSK4LA0FIAUtlvAzWKp191TTtb3WLwbR6v8nRwZx3-WLOHp1HZAIJdud4x4ZeULdohUWyIzGiJ84dZLu34xW64c4qJWhdjCmjHv2=w2000-h1333-s-no-gm?authuser=0\" width=\"2000\" height=\"1333\" alt=\"Criando uma escola atraente!\" class=\"size-full\" \/><\/a><figcaption class=\"wp-caption-text\">Criando uma escola atraente!<\/figcaption><\/figure>\n\u3000<br \/>\nA educa\u00e7\u00e3o escolar passa por grandes mudan\u00e7as a cada 70 anos!<br \/>\nAceite o desafio sem se deixar limitar pelo sistema atual!<br \/>\nCom amor, gratid\u00e3o e ora\u00e7\u00f5es ilimitadas, esperamos construir uma escola na cidade de Hokuryu no futuro, onde os moradores locais se conectem uns com os outros, cooperem em esp\u00edrito de harmonia e criem crian\u00e7as brilhantes e en\u00e9rgicas.<br \/>\n\u3000<br \/>\n<figure class=\"wp-caption aligncenter\"><a href=\"https:\/\/photos.google.com\/share\/AF1QipMRGCtAGzkw6lIs-ySRAuh88jhUnrllkm60kj4ukUrfu2-yGItVmcdT7ADtlGObjg\/photo\/AF1QipOamJiEwsZh1tF-5EOTgMLe62wU0rJxDRK7tlQ?key=MHhlT2JzRFFwbHRQN000NmI4WEh6cDJ0ZF9VWndR\" target=\"_blnak\" rel=\"noopener\"><img decoding=\"async\" src=\"https:\/\/lh3.googleusercontent.com\/pw\/ABLVV85cVtiWpHr-9nxrTduIdzawSmhha0vphcjLdhFIz_XyMiIpcfxgrCkF9AsojRqhG2zrqlI7XBx6sWOzVRNX0CJshkwcIPK9PLLw8IQu_fkgU5Hv0xftR4yR_Bsneb90MQoco8CfWfafKBa95Ms59U-D=w2000-h1333-s-no-gm?authuser=0\" width=\"2000\" height=\"1333\" alt=\"Com amor, gratid\u00e3o e ora\u00e7\u00f5es infinitas pelo futuro desenvolvimento de escolas maravilhosas na cidade de Hokuryu...\" class=\"size-full\" \/><\/a><figcaption class=\"wp-caption-text\">Com amor, gratid\u00e3o e ora\u00e7\u00f5es infinitas pelo futuro desenvolvimento de escolas maravilhosas na cidade de Hokuryu...<\/figcaption><\/figure>\n<h2>v\u00eddeos do YouTube<\/h2>\n<div class=\"youtube\"><iframe title=\"Mais de 50 moradores da cidade se reuniram para discutir a palestra do Professor Niibo Motoyasu na abertura do &quot;Simp\u00f3sio para Considerar o Futuro do Desenvolvimento Escolar na Cidade de Hokuryu&quot;!\" src=\"https:\/\/www.youtube.com\/embed\/-toJGNN3X78?feature=oembed\" frameborder=\"0\" allow=\"accelerometer; autoplay; clipboard-write; encrypted-media; gyroscope; picture-in-picture; web-share\" allowfullscreen><\/iframe><\/div>\n<h2>Outras fotos<\/h2>\n<div class=\"img-move\">\n<img decoding=\"async\" src=\"https:\/\/ehokkaido.net\/wp-content\/uploads\/2021\/12\/2021-12-06-11.41.12.png\" style=\"vertical-align:middle;\"> <a href=\"https:\/\/photos.app.goo.gl\/7cPCt9o7diWeq1SE9\" target=\"_blank\" rel=\"noopener noreferrer\">As fotos (124 fotos) do simp\u00f3sio sobre o futuro das escolas na cidade de Hokuryu est\u00e3o dispon\u00edveis aqui &gt;&gt;<\/a><\/a><\/div>\n<h2>Artigos relacionados<\/h2>\n\n        <div class=\"site-blogcard-premium\">\n            <div class=\"bc-label-custom\">Artigos relacionados<\/div>\n            <div class=\"bc-flex-container\">\n                <div class=\"bc-main-text\">\n                    <div class=\"bc-title-link-box\">\n                        <a href=\"https:\/\/www.mext.go.jp\/a_menu\/shotou\/ikkan\/1357575.htm\" target=\"_blank\">Promo\u00e7\u00e3o da educa\u00e7\u00e3o integrada no ensino fundamental e m\u00e9dio: Minist\u00e9rio da Educa\u00e7\u00e3o, Cultura, Esportes, Ci\u00eancia e Tecnologia<\/a>\n                    <\/div>\n                    <div class=\"bc-excerpt-box\"><\/div>\n                <\/div>\n                <div class=\"bc-thumbnail-box\">\n                    <a href=\"https:\/\/www.mext.go.jp\/a_menu\/shotou\/ikkan\/1357575.htm\" target=\"_blank\">\n                        <div class=\"bc-img-zoom-wrap\">\n                            <img decoding=\"async\" src=\"https:\/\/portal.hokuryu.info\/wp\/wp-content\/uploads\/2026\/02\/20230802DSC06445_1.jpg\" alt=\"Promo\u00e7\u00e3o da educa\u00e7\u00e3o integrada no ensino fundamental e m\u00e9dio: Minist\u00e9rio da Educa\u00e7\u00e3o, Cultura, Esportes, Ci\u00eancia e Tecnologia\">\n                        <\/div>\n                    <\/a>\n                <\/div>\n            <\/div>\n        <\/div>\n\n        <div class=\"site-blogcard-premium\">\n            <div class=\"bc-label-custom\">Artigos relacionados<\/div>\n            <div class=\"bc-flex-container\">\n                <div class=\"bc-main-text\">\n                    <div class=\"bc-title-link-box\">\n                        <a href=\"https:\/\/portal.hokuryu.info\/pt\/29298\/\" target=\"_blank\">https:\/\/portal.hokuryu.info\/29298<\/a>\n                    <\/div>\n                    <div class=\"bc-excerpt-box\">N\u00e3o foi poss\u00edvel recuperar as informa\u00e7\u00f5es da p\u00e1gina.<\/div>\n                <\/div>\n                <div class=\"bc-thumbnail-box\">\n                    <a href=\"https:\/\/portal.hokuryu.info\/pt\/29298\/\" target=\"_blank\">\n                        <div class=\"bc-img-zoom-wrap\">\n                            <img decoding=\"async\" src=\"https:\/\/portal.hokuryu.info\/wp\/wp-content\/uploads\/2026\/02\/20230802DSC06445_1.jpg\" alt=\"https:\/\/portal.hokuryu.info\/29298\">\n                        <\/div>\n                    <\/a>\n                <\/div>\n            <\/div>\n        <\/div>\n\u3000\u3000<\/p>\n<p>\u25c7 Entrevista e texto: Ikuko Terauchi (Fotografia e assist\u00eancia de edi\u00e7\u00e3o: Noboru Terauchi)<\/p>","protected":false},"excerpt":{"rendered":"<p>\uff12\uff10\uff12\uff13\u5e74\uff11\uff12\u6708\uff12\uff15\u65e5\uff08\u6708\uff09 \uff11\uff12\u6708\uff12\uff12\u65e5\uff08\u91d1\uff09\uff11\uff18\u6642\uff13\uff10\u5206\u3088\u308a\u3001\u5317\u7adc\u753a\u6559\u80b2\u59d4\u54e1\u4f1a\u4e3b\u50ac\u306b\u3088\u308b\u300c\u5317\u7adc\u753a\u306e\u3053\u308c\u304b\u3089\u306e\u5b66\u6821\u3065\u304f\u308a\u3092\u8003\u3048\u308b\u30b7\u30f3\u30dd\u30b8\u30a6\u30e0\u300d\u304c\u5317\u7adc\u753a\u516c\u6c11\u9928\u5927\u30db\u30fc\u30eb\u306b\u3066\u958b\u50ac\u3055\u308c\u307e\u3057\u305f\u3002 \u82e5\u3044\u4e16\u4ee3\u306e\u3054 [&hellip;]<\/p>\n","protected":false},"author":1,"featured_media":40527,"comment_status":"open","ping_status":"open","sticky":false,"template":"","format":"standard","meta":{"footnotes":""},"categories":[4,23],"tags":[],"class_list":["post-40526","post","type-post","status-publish","format-standard","has-post-thumbnail","hentry","category-cover-story","category-board-of-education"],"_links":{"self":[{"href":"https:\/\/portal.hokuryu.info\/pt\/wp-json\/wp\/v2\/posts\/40526","targetHints":{"allow":["GET"]}}],"collection":[{"href":"https:\/\/portal.hokuryu.info\/pt\/wp-json\/wp\/v2\/posts"}],"about":[{"href":"https:\/\/portal.hokuryu.info\/pt\/wp-json\/wp\/v2\/types\/post"}],"author":[{"embeddable":true,"href":"https:\/\/portal.hokuryu.info\/pt\/wp-json\/wp\/v2\/users\/1"}],"replies":[{"embeddable":true,"href":"https:\/\/portal.hokuryu.info\/pt\/wp-json\/wp\/v2\/comments?post=40526"}],"version-history":[{"count":0,"href":"https:\/\/portal.hokuryu.info\/pt\/wp-json\/wp\/v2\/posts\/40526\/revisions"}],"wp:featuredmedia":[{"embeddable":true,"href":"https:\/\/portal.hokuryu.info\/pt\/wp-json\/wp\/v2\/media\/40527"}],"wp:attachment":[{"href":"https:\/\/portal.hokuryu.info\/pt\/wp-json\/wp\/v2\/media?parent=40526"}],"wp:term":[{"taxonomy":"category","embeddable":true,"href":"https:\/\/portal.hokuryu.info\/pt\/wp-json\/wp\/v2\/categories?post=40526"},{"taxonomy":"post_tag","embeddable":true,"href":"https:\/\/portal.hokuryu.info\/pt\/wp-json\/wp\/v2\/tags?post=40526"}],"curies":[{"name":"wp","href":"https:\/\/api.w.org\/{rel}","templated":true}]}}