{"id":40139,"date":"2023-12-06T09:31:31","date_gmt":"2023-12-06T00:31:31","guid":{"rendered":"https:\/\/portal.hokuryu.info\/?p=40139"},"modified":"2023-12-06T08:22:24","modified_gmt":"2023-12-05T23:22:24","slug":"12%e6%9c%885%e6%97%a5%ef%bc%88%e7%81%ab%ef%bc%8955%ef%bd%a56%e5%b9%b4%e3%80%8c%e3%81%84%e3%81%98%e3%82%81%e6%a0%b9%e7%b5%b6%e9%9b%86%e4%bc%9a%e3%80%8d%ef%bd%9e%e6%9c%ac%e6%a0%a15%ef%bd%a56%e5%b9%b4","status":"publish","type":"post","link":"https:\/\/portal.hokuryu.info\/pt\/40139\/","title":{"rendered":"5 de dezembro (ter\u00e7a-feira) - Manifesta\u00e7\u00e3o contra o bullying para alunos do 5\u00ba e 6\u00ba ano ~ Os alunos do 5\u00ba e 6\u00ba ano da nossa escola participaram da &quot;Manifesta\u00e7\u00e3o contra o bullying&quot; realizada na Escola Secund\u00e1ria Hokuryu. O presidente do gr\u00eamio estudantil do ensino fundamental e o presidente do gr\u00eamio estudantil do ensino fundamental (Yuto Tsuji) proferiram discursos de apoio ao final do evento [Escola Prim\u00e1ria Shinryu]."},"content":{"rendered":"<p>Quarta-feira, 6 de dezembro de 2023<\/p>\n<figure class=\"wp-caption aligncenter\"><a href=\"https:\/\/sites.google.com\/view\/hokuryu\/\" target=\"_blank\" rel=\"noopener\"><img decoding=\"async\" src=\"https:\/\/portal.hokuryu.info\/wp\/wp-content\/uploads\/2023\/12\/642646b67d230127ea98805982fa9d33.jpg\" alt=\"No dia 5 de dezembro (ter\u00e7a-feira), alunos do 5\u00ba e 6\u00ba ano participaram da &quot;Campanha de Erradica\u00e7\u00e3o do Bullying&quot; realizada na Escola Secund\u00e1ria Hokuryu. O presidente do gr\u00eamio estudantil do ensino fundamental II e o presidente do gr\u00eamio estudantil do ensino fundamental I (Yutaka Tsuji) proferiram uma &quot;mensagem de determina\u00e7\u00e3o&quot; ao final da campanha. [Escola Prim\u00e1ria Shinryu]\" style=\"border:solid 1px blue\"><figcaption class=\"wp-caption-text\">4 de dezembro (segunda-feira) - Alunos do 5\u00ba e 6\u00ba ano participaram da &quot;Campanha de Erradica\u00e7\u00e3o do Bullying&quot; realizada na Escola Secund\u00e1ria Hokuryu. O presidente do gr\u00eamio estudantil do ensino fundamental II e o presidente do gr\u00eamio estudantil do ensino fundamental I (Yutaka Tsuji) proferiram uma &quot;palavra de determina\u00e7\u00e3o&quot; ao final da campanha. [Escola Prim\u00e1ria Shinryu]<\/a><\/figcaption><\/figure>","protected":false},"excerpt":{"rendered":"<p>Quarta-feira, 6 de dezembro de 2023<\/p>","protected":false},"author":1,"featured_media":40135,"comment_status":"open","ping_status":"open","sticky":false,"template":"","format":"standard","meta":{"footnotes":""},"categories":[68],"tags":[],"class_list":["post-40139","post","type-post","status-publish","format-standard","has-post-thumbnail","hentry","category-68"],"_links":{"self":[{"href":"https:\/\/portal.hokuryu.info\/pt\/wp-json\/wp\/v2\/posts\/40139","targetHints":{"allow":["GET"]}}],"collection":[{"href":"https:\/\/portal.hokuryu.info\/pt\/wp-json\/wp\/v2\/posts"}],"about":[{"href":"https:\/\/portal.hokuryu.info\/pt\/wp-json\/wp\/v2\/types\/post"}],"author":[{"embeddable":true,"href":"https:\/\/portal.hokuryu.info\/pt\/wp-json\/wp\/v2\/users\/1"}],"replies":[{"embeddable":true,"href":"https:\/\/portal.hokuryu.info\/pt\/wp-json\/wp\/v2\/comments?post=40139"}],"version-history":[{"count":0,"href":"https:\/\/portal.hokuryu.info\/pt\/wp-json\/wp\/v2\/posts\/40139\/revisions"}],"wp:featuredmedia":[{"embeddable":true,"href":"https:\/\/portal.hokuryu.info\/pt\/wp-json\/wp\/v2\/media\/40135"}],"wp:attachment":[{"href":"https:\/\/portal.hokuryu.info\/pt\/wp-json\/wp\/v2\/media?parent=40139"}],"wp:term":[{"taxonomy":"category","embeddable":true,"href":"https:\/\/portal.hokuryu.info\/pt\/wp-json\/wp\/v2\/categories?post=40139"},{"taxonomy":"post_tag","embeddable":true,"href":"https:\/\/portal.hokuryu.info\/pt\/wp-json\/wp\/v2\/tags?post=40139"}],"curies":[{"name":"wp","href":"https:\/\/api.w.org\/{rel}","templated":true}]}}