{"id":37358,"date":"2023-09-13T09:45:40","date_gmt":"2023-09-13T00:45:40","guid":{"rendered":"https:\/\/portal.hokuryu.info\/?p=37358"},"modified":"2023-09-15T10:13:13","modified_gmt":"2023-09-15T01:13:13","slug":"%e4%bb%a4%e5%92%8c5%e5%b9%b4-%e7%9c%9f%e9%be%8d%e7%a5%9e%e7%a4%be-%e7%a7%8b%e5%ad%a3%e4%be%8b%e5%a4%a7%e7%a5%ad-%e5%be%a1%e7%a5%9e%e5%b9%b8%e3%83%bb%e5%92%8c%e3%82%b3%e3%83%9f%e3%83%a5%e3%83%8b","status":"publish","type":"post","link":"https:\/\/portal.hokuryu.info\/pt\/37358\/","title":{"rendered":"Festival de Outono do Santu\u00e1rio Shinryu 2023 @ Centro Comunit\u00e1rio de Wa (Associa\u00e7\u00e3o de Moradores de Wa)"},"content":{"rendered":"<p>Quinta-feira, 14 de setembro de 2023<\/p>\n<p>O Festival de Outono do Santu\u00e1rio Shinryu de 2023, na cidade de Hokuryu, foi realizado durante tr\u00eas dias, de sexta-feira, 8 de setembro, a domingo, 10 de setembro.<\/p>\n<h2>Cidade de Hokuryu \u201cFestival de Outono do Santu\u00e1rio Reiwa 5 Shinryu\u201d<\/h2>\n<figure class=\"wp-caption aligncenter\"><a href=\"https:\/\/photos.google.com\/share\/AF1QipNQAoVGyaqc2V3Nvdt24CTBsRFiUycf7995fB8iJ-CKyrDBRRcCBk8rMJllT8425g\/photo\/AF1QipOXo1QMwS76Qg2goLbORtwqrxht5QGoAEfLYek?key=Uk5FS1RtbGJSNGhqdlJQeDB4dEF5eGgtODJ3UlF3\" target=\"_blank\" rel=\"noopener\"><img decoding=\"async\" src=\"https:\/\/lh3.googleusercontent.com\/pw\/AIL4fc-1NEIHv5JKCA6JCVSIV4SCvcUuK1KVtZ8H42er_PxROF7jC0Yq543faAYEeBI6tZJdoQWi5uLFCdJth84L6wqWAcpdrqHzEtr_kZiggWjkiTcm74DsJ_OFGxcsLQOv4-b47z0a4M7aiszeOlAjtMEp=w2000-h1500-s-no?authuser=0\" width=\"2000\" height=\"1500\" alt=\"Festival de Outono do Santu\u00e1rio Shinryu\" class=\"size-full\" \/><\/a><figcaption class=\"wp-caption-text\">Festival de Outono do Santu\u00e1rio Shinryu<\/figcaption><\/figure>\n<h2>Santu\u00e1rio Shinryu<\/h2>\n<p>Este festival celebra a farta colheita do outono e oferece ora\u00e7\u00f5es de agradecimento aos deuses por sua prote\u00e7\u00e3o e pelas b\u00ean\u00e7\u00e3os da natureza.<br \/>\nDurante a prociss\u00e3o do santu\u00e1rio port\u00e1til, dan\u00e7as do le\u00e3o s\u00e3o realizadas em cada santu\u00e1rio.<\/p>\n<figure class=\"wp-caption aligncenter\"><a href=\"\/pt\/BsRFiUycf7995fB8iJ-CKyrDBRRcCBk8rMJllT8425g\/photo\/AF1QipPyFGTjhhoOXP2PuJMvQtFC5jVLuR4I5zxuCSo\/?key=Uk5FS1RtbGJSNGhqdlJQeDB4dEF5eGgtODJ3UlF3\" target=\"_blank\" rel=\"noopener\"><img decoding=\"async\" src=\"https:\/\/lh3.googleusercontent.com\/pw\/AIL4fc-VPZNq9ujmZ2Zoqjm9A3m5d-RUh01pdj2WWSQXMnBSmKpVnh7ub3n6QA30ybIaRS2-ly3K_yeaASt5NpjNcx7lCRb08-auzrbmte8jZKzD__40g6cOHJvx1QiwtHi1_rITXTohb8J1jtDGNTkTpSsn=w2000-h1500-s-no?authuser=0\" width=\"2000\" height=\"1500\" alt=\"Sentindo a brisa sagrada...\" class=\"size-full\" \/><\/a><figcaption class=\"wp-caption-text\">Sentindo a brisa sagrada...<\/figcaption><\/figure>\n<ul>\n<li><strong>Presidente do comit\u00ea do festival:<\/strong>Masami Komatsu<\/li>\n<li><strong>Vice-presidente do festival:<\/strong>Sr. Mitsuhiro Murakami<\/li>\n<li><strong>Representante:<\/strong>Sr.Toshiyuki Takada<\/li>\n<\/ul>\n<h3>Festival<\/h3>\n<ul>\n<li><strong>Festival Yoimiya:<\/strong>8 de setembro (sexta-feira), 18h00, Santu\u00e1rio<\/li>\n<li><strong>Festival principal:<\/strong>9 de setembro (s\u00e1bado), 9h00 - Santu\u00e1rio<\/li>\n<li><strong>Festival do dia seguinte:<\/strong>10 de setembro (domingo), 9h00, Santu\u00e1rio<\/li>\n<\/ul>\n<h3>Visita ao santu\u00e1rio<\/h3>\n<ul>\n<li><strong>Em frente ao Santu\u00e1rio de Dego, s\u00e1bado, 9 de setembro.<\/strong>Hor\u00e1rio de partida: 9h50<\/li>\n<li><strong>Primeiro Otabisho:<\/strong>Em frente a Eirakuen<\/li>\n<li><strong>Segundo Otabisho:<\/strong>Em frente ao Centro Comunit\u00e1rio de Mitani<\/li>\n<li><strong>Terceiro Otabisho:<\/strong>Sal\u00e3o Nishikawa<\/li>\n<li><strong>almo\u00e7o   :<\/strong>Sal\u00e3o Nishikawa<\/li>\n<li><strong>Quarto Otabisho:<\/strong>Em frente ao Centro Comunit\u00e1rio de Itaya<\/li>\n<li><strong>Quinto Otabisho:<\/strong>Em frente ao Centro Wakomi<\/li>\n<li><strong>Tamaki:<\/strong>Santu\u00e1rio<\/li>\n<\/ul>\n<h3>Entretenimento dedicado<\/h3>\n<ul>\n<li>Como forma de entretenimento, foram realizados um &quot;Festival de Karaok\u00ea da Cidade&quot; e um &quot;Torneio de Golfe no Parque&quot;.<br \/>\n\u3000<\/li>\n<li><strong>Festival de Karaok\u00ea da Cidade:<\/strong>S\u00e1bado, 9 de setembro, 18h, Sal\u00e3o Principal do Centro Comunit\u00e1rio<\/li>\n<li><strong>Torneio de golfe no parque:<\/strong>Domingo, 10 de setembro, 10h30, dentro do templo.<\/li>\n<\/ul>\n<h2>Em frente ao Centro Comunit\u00e1rio de Yawara, Quinta Otabisho (Associa\u00e7\u00e3o de Moradores de Yawara)<\/h2>\n<figure class=\"wp-caption aligncenter\"><a href=\"https:\/\/photos.google.com\/share\/AF1QipNQAoVGyaqc2V3Nvdt24CTBsRFiUycf7995fB8iJ-CKyrDBRRcCBk8rMJllT8425g\/photo\/AF1QipO_w50GHQGKU2uUqXEGJa7SOP9MHnsb2k94YVY?key=Uk5FS1RtbGJSNGhqdlJQeDB4dEF5eGgtODJ3UlF3\" target=\"_blank\" rel=\"noopener\"><img decoding=\"async\" src=\"https:\/\/lh3.googleusercontent.com\/pw\/AIL4fc8v88po0zwW2slI1L_Sgru6-KMy7BGnUvFc36qAE6RLJXZknC_8BEwBtFNfNzP0lxD2idjGMty0J8WWcOfYIvKeN7YIRwc8fDaHMX_XgP3RY2xjyn5NkVQsXqRzXwRdTkASk8gnkoQNTGC9a5iojJZQ=w2000-h1500-s-no?authuser=0\" width=\"2000\" height=\"1500\" alt=\"Preparativos para o Otabisho no Centro Wakomi\" class=\"size-full\" \/><\/a><figcaption class=\"wp-caption-text\">Preparativos para o Otabisho no Centro Wakomi<\/figcaption><\/figure>\n<h3>Preparativos para o quinto Otabisho<\/h3>\n<h4>Areia (areia de sai), bambu verde, shimenawa e serpentinas de papel.<\/h4>\n<p>O local onde o mikoshi \u00e9 montado \u00e9 transformado em um lugar puro para receber os deuses, empilhando areia (saisuna), erguendo bambus verdes nos quatro cantos do recinto do festival e prendendo serpentinas de papel \u00e0 corda shimenawa.<\/p>\n<figure class=\"wp-caption aligncenter\"><a href=\"https:\/\/photos.google.com\/share\/AF1QipNQAoVGyaqc2V3Nvdt24CTBsRFiUycf7995fB8iJ-CKyrDBRRcCBk8rMJllT8425g\/photo\/AF1QipM5B7EWN03bmKQm2diasry1d13q0wXj_csZtQ0?key=Uk5FS1RtbGJSNGhqdlJQeDB4dEF5eGgtODJ3UlF3\" target=\"_blank\" rel=\"noopener\"><img decoding=\"async\" src=\"https:\/\/lh3.googleusercontent.com\/pw\/AIL4fc-LEIqWRgNuFiJYsWJBAK3P-HUKBV9M6PovtzT5nznMRhikV9GF2JrdL3jOeXPJberU7J4nySlrw7p5QKA-9iXsWuKYc9f0ko5JOsGftESWT54OmSdzZz7yLEz5l2Ej6djTOIJj_3SzDCq1Wr6iIg5f=w2000-h1500-s-no?authuser=0\" width=\"2000\" height=\"1500\" alt=\"Prepara\u00e7\u00e3o para o festival\" class=\"size-full\" \/><\/a><figcaption class=\"wp-caption-text\">Prepara\u00e7\u00e3o para o festival<\/figcaption><\/figure>\n<figure class=\"wp-caption aligncenter\"><a href=\"https:\/\/photos.google.com\/share\/AF1QipNQAoVGyaqc2V3Nvdt24CTBsRFiUycf7995fB8iJ-CKyrDBRRcCBk8rMJllT8425g\/photo\/AF1QipOYHci8Vt91Vj_LC4P6Mg1ZRLLCNuSTwGNzHy0?key=Uk5FS1RtbGJSNGhqdlJQeDB4dEF5eGgtODJ3UlF3\" target=\"_blank\" rel=\"noopener\"><img decoding=\"async\" src=\"https:\/\/lh3.googleusercontent.com\/pw\/AIL4fc_OnKKBRNIP_BuabEEjEWq-nrc4vLHK5ltyV3VF6CPEwHwNshhNJ9qpAzwyQvdKGCTqUMdq07T6RRx-qoCq5BGWrd_LOmnoTVieHHEVVg4ll9qWDQOgeRc-MD-pktzlBphw9Ixx3WGHmLgd30vCC3GF=w2000-h1500-s-no?authuser=0\" width=\"2000\" height=\"1500\" alt=\"Amontoamento de areia (montoamento de areia), Shimenawa (corda de telhado)\" class=\"size-full\" \/><\/a><figcaption class=\"wp-caption-text\">Amontoamento de areia (montoamento de areia), Shimenawa (corda de telhado)<\/figcaption><\/figure>\n<h4>Shinsen: oferendas feitas aos deuses<\/h4>\n<p>Arroz, saqu\u00ea, bolinhos de arroz, alimentos secos (alga marinha), vegetais (rabanete, pepino, cenoura, couve chinesa, repolho, melancia), frutas (ma\u00e7\u00e3, pera, banana), sal, \u00e1gua, doces (manju).<\/p>\n<figure class=\"wp-caption aligncenter\"><a href=\"https:\/\/photos.google.com\/share\/AF1QipNQAoVGyaqc2V3Nvdt24CTBsRFiUycf7995fB8iJ-CKyrDBRRcCBk8rMJllT8425g\/photo\/AF1QipOiJXEyDslX1s4iHs65mc9QHsP_ZAqijdD7YrU?key=Uk5FS1RtbGJSNGhqdlJQeDB4dEF5eGgtODJ3UlF3\" target=\"_blank\" rel=\"noopener\"><img decoding=\"async\" src=\"https:\/\/lh3.googleusercontent.com\/pw\/AIL4fc-ri9k8TS0UszNEz3X8txShFRc4ZyNzPRQNdajnxDQPfNBRDyTrGEHAjhs4TuMD5zMWY8IaG5HgLhwNu5kW6MSuO9lA6eKr1DkDhyuTnauOFB9RcpJmLvxMr91FmKkkyqfVCMpqXBzCexSg8uyGmCrC=w2000-h1500-s-no?authuser=0\" width=\"2000\" height=\"1500\" alt=\"Prepara\u00e7\u00e3o de oferendas aos deuses\" class=\"size-full\" \/><\/a><figcaption class=\"wp-caption-text\">Prepara\u00e7\u00e3o de oferendas aos deuses<\/figcaption><\/figure>\n<h4>Tamagushi (um ramo de \u00e1rvore sakaki com fitas de papel presas)<\/h4>\n<figure class=\"wp-caption aligncenter\"><a href=\"https:\/\/photos.google.com\/share\/AF1QipNQAoVGyaqc2V3Nvdt24CTBsRFiUycf7995fB8iJ-CKyrDBRRcCBk8rMJllT8425g\/photo\/AF1QipMdXxmNe_NB2f6HAckb4JOVOc9-qiHojPiXoLs?key=Uk5FS1RtbGJSNGhqdlJQeDB4dEF5eGgtODJ3UlF3\" target=\"_blank\" rel=\"noopener\"><img decoding=\"async\" src=\"https:\/\/lh3.googleusercontent.com\/pw\/AIL4fc-2f2B8BZGWJ1pqYya2qW3hhUA9_2DIvLVO_NxAVP42mea4Jyl_n11ByoA_W70jwNhWxnXofGQynbVU2UI1STx0Xk4SjX5rzSHr3jyGIA68taTpd1OYBKFqAz2OWBfuYha1va_FqiyMRSGDJ-640Ur6=w2000-h1500-s-no?authuser=0\" width=\"2000\" height=\"1500\" alt=\"Preparando-se para o tamagushi\" class=\"size-full\" \/><\/a><figcaption class=\"wp-caption-text\">Preparando-se para o tamagushi<\/figcaption><\/figure>\n<figure class=\"wp-caption aligncenter\"><a href=\"https:\/\/photos.google.com\/share\/AF1QipNQAoVGyaqc2V3Nvdt24CTBsRFiUycf7995fB8iJ-CKyrDBRRcCBk8rMJllT8425g\/photo\/AF1QipMwTNL6II5RoKKNsHxJJCfj-8osPLAs037o6YM?key=Uk5FS1RtbGJSNGhqdlJQeDB4dEF5eGgtODJ3UlF3\" target=\"_blank\" rel=\"noopener\"><img decoding=\"async\" src=\"https:\/\/lh3.googleusercontent.com\/pw\/AIL4fc9ObwLrmqcQ5-uLmF9J8cRKojXxsBQ1KgRSTjOQ3-AItg1ag0DhAS4K1_FjA3yqwsqiGeTSoZj5FSYHlrNP87DOYvywCOIZ5ABm8gjhSE2cz70mlEfGpONvSwSek5hp-sS8I6Ljoiue6UGuVt1CNVpc=w2000-h1500-s-no?authuser=0\" width=\"2000\" height=\"1500\" alt=\"Montando o santu\u00e1rio port\u00e1til\" class=\"size-full\" \/><\/a><figcaption class=\"wp-caption-text\">Montando o santu\u00e1rio port\u00e1til<\/figcaption><\/figure>\n<h4>As oferendas aos deuses est\u00e3o enfileiradas.<\/h4>\n<figure class=\"wp-caption aligncenter\"><a href=\"https:\/\/photos.google.com\/share\/AF1QipNQAoVGyaqc2V3Nvdt24CTBsRFiUycf7995fB8iJ-CKyrDBRRcCBk8rMJllT8425g\/photo\/AF1QipNnOcQ-vaXrbTJdZjDqUMQUPb7rtuUk6X4sTeM?key=Uk5FS1RtbGJSNGhqdlJQeDB4dEF5eGgtODJ3UlF3\" target=\"_blank\" rel=\"noopener\"><img decoding=\"async\" src=\"https:\/\/lh3.googleusercontent.com\/pw\/AIL4fc_izlk4gUijplgMQJwXIH4I_bmihafpfSXDBuFP3BMIhmeB_Yz3LARMA2yd7SjPFPDzAaFUsrdYESDTCzEpO5GZM2E9P0TZ9bCip0SMpAvrz6FsKqo4QGOk9KbxnO8r2A5EQq8TfmCQeFRRwRTvTvUg=w2000-h1500-s-no?authuser=0\" width=\"2000\" height=\"1500\" alt=\"As oferendas aos deuses est\u00e3o enfileiradas.\" class=\"size-full\" \/><\/a><figcaption class=\"wp-caption-text\">As oferendas aos deuses est\u00e3o enfileiradas.<\/figcaption><\/figure>\n<h2>O sumo sacerdote recita uma ora\u00e7\u00e3o.<\/h2>\n<figure class=\"wp-caption aligncenter\"><a href=\"https:\/\/photos.google.com\/share\/AF1QipNQAoVGyaqc2V3Nvdt24CTBsRFiUycf7995fB8iJ-CKyrDBRRcCBk8rMJllT8425g\/photo\/AF1QipM5XRVW3F363FA_48PiBTg0CTVhG_Vca9WOeUw?key=Uk5FS1RtbGJSNGhqdlJQeDB4dEF5eGgtODJ3UlF3\" target=\"_blank\" rel=\"noopener\"><img decoding=\"async\" src=\"https:\/\/lh3.googleusercontent.com\/pw\/AIL4fc9U0CAGTxRN-8PExJb98j0XfLBhUCW2XmV3tLUN3BC_0T_0sEZ3HRi1F_f7zeHhJfN0eqdJk7AVRJ58xYVwTjvyBKhx61jb3Xe3zQqR2EuwP-vtQfRwvKidGwH_aIKJOsH4VN1DST690IKZystx54U2=w2000-h1500-s-no?authuser=0\" width=\"2000\" height=\"1500\" alt=\"O sumo sacerdote recita uma ora\u00e7\u00e3o.\" class=\"size-full\" \/><\/a><figcaption class=\"wp-caption-text\">O sumo sacerdote recita uma ora\u00e7\u00e3o.<\/figcaption><\/figure>\n<h3>Oferenda de ramos sagrados<\/h3>\n<figure class=\"wp-caption aligncenter\"><a href=\"https:\/\/photos.google.com\/share\/AF1QipNQAoVGyaqc2V3Nvdt24CTBsRFiUycf7995fB8iJ-CKyrDBRRcCBk8rMJllT8425g\/photo\/AF1QipPemeu5PvZZsr-w5CRAdxjtxOczCQwzxbtOYMQ?key=Uk5FS1RtbGJSNGhqdlJQeDB4dEF5eGgtODJ3UlF3\" target=\"_blank\" rel=\"noopener\"><img decoding=\"async\" src=\"https:\/\/lh3.googleusercontent.com\/pw\/AIL4fc-F9A7zhWO92N9mTOqfkOgSxmVbIdhUB9ycEGut4tyI6xwD5310xvtxLIGCX4Re4CjsoATmf9qmeF0AlpT3VJtr_3pV-Mj7MapZ0X6iSlo8UxZgfQ2h0vR6Q4gtX-BlAc3hzTrUXUt7lh0yzbciXIGX=w2000-h1500-s-no?authuser=0\" width=\"2000\" height=\"1500\" alt=\"Oferenda de ramos sagrados\" class=\"size-full\" \/><\/a><figcaption class=\"wp-caption-text\">Oferenda de ramos sagrados<\/figcaption><\/figure>\n<h3>Oferenda de ramos sagrados<\/h3>\n<figure class=\"wp-caption aligncenter\"><a href=\"https:\/\/photos.google.com\/share\/AF1QipNQAoVGyaqc2V3Nvdt24CTBsRFiUycf7995fB8iJ-CKyrDBRRcCBk8rMJllT8425g\/photo\/AF1QipPH1bVfvg0aeYWY4rjBLxYfXIE4bbLS4dx3aZc?key=Uk5FS1RtbGJSNGhqdlJQeDB4dEF5eGgtODJ3UlF3\" target=\"_blank\" rel=\"noopener\"><img decoding=\"async\" src=\"https:\/\/lh3.googleusercontent.com\/pw\/AIL4fc8ybDZ2UeRt4hFIBS3vZh9xqPMy9TxmgDcxXs8n3UnRVZhnpzgUmzuf4yfoDTJ1NBmnhEWT12L1VgPO1_Z0tmlTnCiIN6nOAqVKYohSqKcYVUd9d5vnj6nqurBds6ikHT5LSNusE23b5jo--7cHBpsu=w2000-h1500-s-no?authuser=0\" width=\"2000\" height=\"1500\" alt=\"Oferenda de ramos sagrados\" class=\"size-full\" \/><\/a><figcaption class=\"wp-caption-text\">Oferenda de ramos sagrados<\/figcaption><\/figure>\n<h3>Visitantes<\/h3>\n<figure class=\"wp-caption aligncenter\"><a href=\"https:\/\/photos.google.com\/share\/AF1QipNQAoVGyaqc2V3Nvdt24CTBsRFiUycf7995fB8iJ-CKyrDBRRcCBk8rMJllT8425g\/photo\/AF1QipNejcGYgf8RX8m5w46dg9HU2Pxv-3TpCurg5s4?key=Uk5FS1RtbGJSNGhqdlJQeDB4dEF5eGgtODJ3UlF3\" target=\"_blank\" rel=\"noopener\"><img decoding=\"async\" src=\"https:\/\/lh3.googleusercontent.com\/pw\/AIL4fc8K2fXiNFr02RMht_xMhDxkGlah59bS0HK_7po9-kHdqbHMW-pNhqmXsmTkUBVsX-QUATDiNLoQJh9CtTwi5NpmTTCmRFf2Qpl7_HJ3i7MyR6Cg5RJIihd9W_sdJmCVfMfTGA7ifM-3nz5Fh04Bzbn_=w2000-h1500-s-no?authuser=0\" width=\"2000\" height=\"1500\" alt=\"Visitantes\" class=\"size-full\" \/><\/a><figcaption class=\"wp-caption-text\">Visitantes<\/figcaption><\/figure>\n<h2>dan\u00e7a do le\u00e3o<\/h2>\n<p>Ap\u00f3s a cerim\u00f4nia religiosa, foi apresentada uma corajosa dan\u00e7a do le\u00e3o.<\/p>\n<figure class=\"wp-caption aligncenter\"><a href=\"https:\/\/photos.google.com\/share\/AF1QipNQAoVGyaqc2V3Nvdt24CTBsRFiUycf7995fB8iJ-CKyrDBRRcCBk8rMJllT8425g\/photo\/AF1QipPVUZ1r0QGNqYiIX6ZTq1Skd_Y0MhusB9uIddU?key=Uk5FS1RtbGJSNGhqdlJQeDB4dEF5eGgtODJ3UlF3\" target=\"_blank\" rel=\"noopener\"><img decoding=\"async\" src=\"https:\/\/lh3.googleusercontent.com\/pw\/AIL4fc88Me8HurFBYXfgnQhaysFim8GPbyO03xXnYS8YIbTWCiPho4UJXrixmgmRJUfaNDaCrL-k-BQGAPGgepzLLexQSS0IZqxtDNS3XUhPV0mI0howAj1-e1gxDNEEloUVpyFqS8cqX5jCbapgE2F_IYoM=w2000-h1500-s-no?authuser=0\" width=\"2000\" height=\"1500\" alt=\"Apresenta\u00e7\u00e3o de dan\u00e7a do le\u00e3o\" class=\"size-full\" \/><\/a><figcaption class=\"wp-caption-text\">Apresenta\u00e7\u00e3o de dan\u00e7a do le\u00e3o<\/figcaption><\/figure>\n<h3>Dan\u00e7a do Le\u00e3o Azul<\/h3>\n<figure class=\"wp-caption aligncenter\"><a href=\"https:\/\/photos.google.com\/share\/AF1QipNQAoVGyaqc2V3Nvdt24CTBsRFiUycf7995fB8iJ-CKyrDBRRcCBk8rMJllT8425g\/photo\/AF1QipM_2ir66XnW5eLzreAf1b4z4gi4R0ybkbQ0M7g?key=Uk5FS1RtbGJSNGhqdlJQeDB4dEF5eGgtODJ3UlF3\" target=\"_blank\" rel=\"noopener\"><img decoding=\"async\" src=\"https:\/\/lh3.googleusercontent.com\/pw\/AIL4fc8Lxrrh99hXcHIaULikTZYfhkQJdUBeCxLDFuL4WRA8ueyY0JPty1JI9A7WIp2cf908hksQoEta8j4nY983j5yFmBXeAhD4kbutuooJkGdZer5u-GTU5ukCJvEE8cv5LUDopREwBNeIgS5ER86Obzff=w2000-h1500-s-no?authuser=0\" width=\"2000\" height=\"1500\" alt=\"Dan\u00e7a do Le\u00e3o Azul\" class=\"size-full\" \/><\/a><figcaption class=\"wp-caption-text\">Dan\u00e7a do Le\u00e3o Azul<\/figcaption><\/figure>\n<h3>Dan\u00e7a do Le\u00e3o Vermelho<\/h3>\n<figure class=\"wp-caption aligncenter\"><a href=\"https:\/\/photos.google.com\/share\/AF1QipNQAoVGyaqc2V3Nvdt24CTBsRFiUycf7995fB8iJ-CKyrDBRRcCBk8rMJllT8425g\/photo\/AF1QipMH84VX47oWCHSvSftblP8zBSwjiy7bbtnGKvY?key=Uk5FS1RtbGJSNGhqdlJQeDB4dEF5eGgtODJ3UlF3\" target=\"_blank\" rel=\"noopener\"><img decoding=\"async\" src=\"https:\/\/lh3.googleusercontent.com\/pw\/AIL4fc9Hb6w_YCNg5vXS7Wtg30IgCqwVsmHOJixjIsDkYY4pkltE27zzijOTxKrA-Dwv7LjXpfgv_5MgqBZ78Kb-CJSIeD7YkjcwthoHAQbw2ANw9PgsPgaB5tcBBctldnz4Y1A77Zg-4-qhLZVLPGxs2sel=w2000-h1500-s-no?authuser=0\" width=\"2000\" height=\"1500\" alt=\"Dan\u00e7a do Le\u00e3o Vermelho\" class=\"size-full\" \/><\/a><figcaption class=\"wp-caption-text\">Dan\u00e7a do Le\u00e3o Vermelho<\/figcaption><\/figure>\n<h2>Afasta esp\u00edritos malignos, protege contra o infort\u00fanio, melhora o desempenho acad\u00eamico e mant\u00e9m a sa\u00fade.<\/h2>\n<p>Diz-se que se um dan\u00e7arino de le\u00e3o morder a cabe\u00e7a de uma crian\u00e7a, isso trar\u00e1 boa sorte, como &quot;afastar esp\u00edritos malignos, proteger contra o azar, melhorar o desempenho acad\u00eamico e trazer sa\u00fade e seguran\u00e7a&quot;.<\/p>\n<p>As crian\u00e7as foram mordidas com for\u00e7a...<\/p>\n<figure class=\"wp-caption aligncenter\"><a href=\"https:\/\/photos.google.com\/share\/AF1QipNQAoVGyaqc2V3Nvdt24CTBsRFiUycf7995fB8iJ-CKyrDBRRcCBk8rMJllT8425g\/photo\/AF1QipM6yxL8Qc-gyRyPOEoclhCBJH-t38En0AsY_MU?key=Uk5FS1RtbGJSNGhqdlJQeDB4dEF5eGgtODJ3UlF3\" target=\"_blank\" rel=\"noopener\"><img decoding=\"async\" src=\"https:\/\/lh3.googleusercontent.com\/pw\/AIL4fc-YrD3StaNo3RN7aC5IFbkq4uhhdM34Ai2rGptUAC59f9C0ihW63X0LVXKgD9oEui2HMBaULD3CtYA1vjrUw5TjuIMhe-qP47bObhuk59EHI0rrA0F0rdUATYjxSs_8x2qcHh5UDFMkOeqJRN4iR5nX=w2000-h1500-s-no?authuser=0\" width=\"2000\" height=\"1500\" alt=\"Um dan\u00e7arino de le\u00e3o morde sua cabe\u00e7a?!\" class=\"size-full\" \/><\/a><figcaption class=\"wp-caption-text\">Um dan\u00e7arino de le\u00e3o morde sua cabe\u00e7a?!<\/figcaption><\/figure>\n<h2>Doces dados de presente \u00e0s crian\u00e7as!!!<\/h2>\n<figure class=\"wp-caption aligncenter\"><a href=\"https:\/\/photos.google.com\/share\/AF1QipNQAoVGyaqc2V3Nvdt24CTBsRFiUycf7995fB8iJ-CKyrDBRRcCBk8rMJllT8425g\/photo\/AF1QipN0YiHSp25TL1nrcVaOd444qEsohcgkX8AJg_o?key=Uk5FS1RtbGJSNGhqdlJQeDB4dEF5eGgtODJ3UlF3\" target=\"_blank\" rel=\"noopener\"><img decoding=\"async\" src=\"https:\/\/lh3.googleusercontent.com\/pw\/AIL4fc_ODkjkcIDj-qX1Q7IH848VnwvSlTmPefbQAkFLXKzlBtaW3MRdDAeC2aAutgdDUEQc-BUxNa0-Uzo1DeQtaAZ9alennG9ger7bTY8EsiZ7qURaQErGcfbnnMHH2lPyjA3k8OJDgZpNLLDV_pTzUuQM=w2000-h1500-s-no?authuser=0\" width=\"2000\" height=\"1500\" alt=\"Doces dados de presente \u00e0s crian\u00e7as!!!\" class=\"size-full\" \/><\/a><figcaption class=\"wp-caption-text\">Doces dados de presente \u00e0s crian\u00e7as!!!<\/figcaption><\/figure>\n<p>Depois disso, o santu\u00e1rio port\u00e1til retornar\u00e1 ao santu\u00e1rio principal e ser\u00e1 devolvido.<\/p>\n<figure class=\"wp-caption aligncenter\"><a href=\"https:\/\/photos.google.com\/share\/AF1QipNQAoVGyaqc2V3Nvdt24CTBsRFiUycf7995fB8iJ-CKyrDBRRcCBk8rMJllT8425g\/photo\/AF1QipPl0yRTznLrNbQ6CF3UD0V-61Oz3-ScaRnoORE?key=Uk5FS1RtbGJSNGhqdlJQeDB4dEF5eGgtODJ3UlF3\" target=\"_blank\" rel=\"noopener\"><img decoding=\"async\" src=\"https:\/\/lh3.googleusercontent.com\/pw\/AIL4fc_Ci4bdzGj2Mqtm6NREksCfi9eQ0T_B0D7fvPiV0c6qZ9I1huL8TA2lzkjSCbLvFKBWKqo0wnKK1n8IkZuTDp4CFizhHpj4LIzi2fZt-HYG5q34fqZhgXjkSMP_0eWWWQzNm8u3mr4b27sQSvenbTFa=w2000-h1500-s-no?authuser=0\" width=\"2000\" height=\"1500\" alt=\"O santu\u00e1rio port\u00e1til dirige-se para o santu\u00e1rio e retorna.\" class=\"size-full\" \/><\/a><figcaption class=\"wp-caption-text\">O santu\u00e1rio port\u00e1til dirige-se para o santu\u00e1rio e retorna.<\/figcaption><\/figure>\n<p>As f\u00eanix douradas nos altares port\u00e1teis brilham intensamente, al\u00e7ando voo no c\u00e9u outonal, trazendo grande fortuna e b\u00ean\u00e7\u00e3os para o festival de outono, com amor, gratid\u00e3o e ora\u00e7\u00f5es sem limites.<\/p>\n<figure class=\"wp-caption aligncenter\"><a href=\"https:\/\/photos.google.com\/share\/AF1QipNQAoVGyaqc2V3Nvdt24CTBsRFiUycf7995fB8iJ-CKyrDBRRcCBk8rMJllT8425g\/photo\/AF1QipN_seONlgbHzwiqgdERMHeFmPOtY2pGAs0CKzw?key=Uk5FS1RtbGJSNGhqdlJQeDB4dEF5eGgtODJ3UlF3\" target=\"_blank\" rel=\"noopener\"><img decoding=\"async\" src=\"https:\/\/lh3.googleusercontent.com\/pw\/AIL4fc-DoW91hLq2LnHNCudDXjhvBupICUQb0zlhqk9GLgGH6J1kfP7Z185lCFVNgpNWqw_bC7YNNS3mw17SWT6kIlRrAVNlTnfrSx52AFdhjUbS-gtlqI4Esmaeqqb-9_t8Yi3gOsxlbsxR_Kr1oHAIVgoc=w2000-h1500-s-no?authuser=0\" width=\"2000\" height=\"1500\" alt=\"O brilho dourado da f\u00eanix no altar port\u00e1til!!!\" class=\"size-full\" \/><\/a><figcaption class=\"wp-caption-text\">O brilho dourado da f\u00eanix no altar port\u00e1til!!!<\/figcaption><\/figure>\n<h2>v\u00eddeos do YouTube<\/h2>\n<div class=\"youtube\"><iframe title=\"Festival de Outono do Santu\u00e1rio Shinryu 2023 @ Centro Comunit\u00e1rio de Wa (Associa\u00e7\u00e3o de Moradores de Wa, Cidade de Hokuryu)\" src=\"https:\/\/www.youtube.com\/embed\/rQNslo_z25w?feature=oembed\" frameborder=\"0\" allow=\"accelerometer; autoplay; clipboard-write; encrypted-media; gyroscope; picture-in-picture; web-share\" allowfullscreen><\/iframe><\/div>\n<h2>Outras fotos<\/h2>\n<div class=\"img-move\">\n<img decoding=\"async\" src=\"https:\/\/ehokkaido.net\/wp-content\/uploads\/2021\/12\/2021-12-06-11.41.12.png\" style=\"vertical-align:middle;\"> <a href=\"https:\/\/photos.app.goo.gl\/wZB7Ngfun8N5iRpE8\" target=\"_blank\" rel=\"noopener noreferrer\">Fotos (92 fotos) do Festival de Outono do Santu\u00e1rio Shinryu de 2023 no Centro Comunit\u00e1rio de Wa (Associa\u00e7\u00e3o de Moradores de Wa) est\u00e3o aqui &gt;&gt;<\/a><\/div>\n<h2>Artigos relacionados<\/h2>\n\n        <div class=\"site-blogcard-premium\">\n            <div class=\"bc-label-custom\">Artigos relacionados<\/div>\n            <div class=\"bc-flex-container\">\n                <div class=\"bc-main-text\">\n                    <div class=\"bc-title-link-box\">\n                        <a href=\"https:\/\/portal.hokuryu.info\/pt\/37632\/\" target=\"_blank\">https:\/\/portal.hokuryu.info\/37632<\/a>\n                    <\/div>\n                    <div class=\"bc-excerpt-box\">N\u00e3o foi poss\u00edvel recuperar as informa\u00e7\u00f5es da p\u00e1gina.<\/div>\n                <\/div>\n                <div class=\"bc-thumbnail-box\">\n                    <a href=\"https:\/\/portal.hokuryu.info\/pt\/37632\/\" target=\"_blank\">\n                        <div class=\"bc-img-zoom-wrap\">\n                            <img decoding=\"async\" src=\"https:\/\/portal.hokuryu.info\/wp\/wp-content\/uploads\/2026\/02\/20230802DSC06445_1.jpg\" alt=\"https:\/\/portal.hokuryu.info\/37632\">\n                        <\/div>\n                    <\/a>\n                <\/div>\n            <\/div>\n        <\/div>\n\n        <div class=\"site-blogcard-premium\">\n            <div class=\"bc-label-custom\">Artigos relacionados<\/div>\n            <div class=\"bc-flex-container\">\n                <div class=\"bc-main-text\">\n                    <div class=\"bc-title-link-box\">\n                        <a href=\"https:\/\/portal.hokuryu.info\/pt\/37555\/\" target=\"_blank\">https:\/\/portal.hokuryu.info\/37555<\/a>\n                    <\/div>\n                    <div class=\"bc-excerpt-box\">N\u00e3o foi poss\u00edvel recuperar as informa\u00e7\u00f5es da p\u00e1gina.<\/div>\n                <\/div>\n                <div class=\"bc-thumbnail-box\">\n                    <a href=\"https:\/\/portal.hokuryu.info\/pt\/37555\/\" target=\"_blank\">\n                        <div class=\"bc-img-zoom-wrap\">\n                            <img decoding=\"async\" src=\"https:\/\/portal.hokuryu.info\/wp\/wp-content\/uploads\/2026\/02\/20230802DSC06445_1.jpg\" alt=\"https:\/\/portal.hokuryu.info\/37555\">\n                        <\/div>\n                    <\/a>\n                <\/div>\n            <\/div>\n        <\/div>\n\u3000<br \/>\n\n        <div class=\"site-blogcard-premium\">\n            <div class=\"bc-label-custom\">Artigos relacionados<\/div>\n            <div class=\"bc-flex-container\">\n                <div class=\"bc-main-text\">\n                    <div class=\"bc-title-link-box\">\n                        <a href=\"https:\/\/portal.hokuryu.info\/pt\/23839\/\" target=\"_blank\">https:\/\/portal.hokuryu.info\/23839<\/a>\n                    <\/div>\n                    <div class=\"bc-excerpt-box\">N\u00e3o foi poss\u00edvel recuperar as informa\u00e7\u00f5es da p\u00e1gina.<\/div>\n                <\/div>\n                <div class=\"bc-thumbnail-box\">\n                    <a href=\"https:\/\/portal.hokuryu.info\/pt\/23839\/\" target=\"_blank\">\n                        <div class=\"bc-img-zoom-wrap\">\n                            <img decoding=\"async\" src=\"https:\/\/portal.hokuryu.info\/wp\/wp-content\/uploads\/2026\/02\/20230802DSC06445_1.jpg\" alt=\"https:\/\/portal.hokuryu.info\/23839\">\n                        <\/div>\n                    <\/a>\n                <\/div>\n            <\/div>\n        <\/div>\n\n        <div class=\"site-blogcard-premium\">\n            <div class=\"bc-label-custom\">Artigos relacionados<\/div>\n            <div class=\"bc-flex-container\">\n                <div class=\"bc-main-text\">\n                    <div class=\"bc-title-link-box\">\n                        <a href=\"https:\/\/portal.hokuryu.info\/pt\/topics\/culture\/20110910-2.html\/\" target=\"_blank\">Festival de outono do Santu\u00e1rio Shinryu 2011 (Parte 2) Festival Yoimiya - Portal da cidade de Hokuryu (Hokkaido) - Vila de girass\u00f3is n\u00famero 1 do Jap\u00e3o<\/a>\n                    <\/div>\n                    <div class=\"bc-excerpt-box\">Uma paisagem japonesa de tirar o f\u00f4lego: a &quot;Vila dos Girass\u00f3is&quot; na cidade de Hokuryu, Hokkaido. Um ponto tur\u00edstico popular em Hokkaido. Visite pelo menos uma vez. (Sommelier de Arroz...).<\/div>\n                <\/div>\n                <div class=\"bc-thumbnail-box\">\n                    <a href=\"https:\/\/portal.hokuryu.info\/pt\/topics\/culture\/20110910-2.html\/\" target=\"_blank\">\n                        <div class=\"bc-img-zoom-wrap\">\n                            <img decoding=\"async\" src=\"https:\/\/lh6.googleusercontent.com\/-HSHdfhkk5PQ\/TmnJWgHSacI\/AAAAAAAAI5c\/aLRpPP1Zxr8\/s720\/_IGP4276.JPG\" alt=\"Festival de outono do Santu\u00e1rio Shinryu 2011 (Parte 2) Festival Yoimiya - Portal da cidade de Hokuryu (Hokkaido) - Vila de girass\u00f3is n\u00famero 1 do Jap\u00e3o\">\n                        <\/div>\n                    <\/a>\n                <\/div>\n            <\/div>\n        <\/div>\n\n        <div class=\"site-blogcard-premium\">\n            <div class=\"bc-label-custom\">Artigos relacionados<\/div>\n            <div class=\"bc-flex-container\">\n                <div class=\"bc-main-text\">\n                    <div class=\"bc-title-link-box\">\n                        <a href=\"https:\/\/portal.hokuryu.info\/pt\/topics\/culture\/20110910-1.html\/\" target=\"_blank\">Festival de Outono do Santu\u00e1rio Shinryu 2011 (Parte 1) Ensaio da Dan\u00e7a do Le\u00e3o de Shinryu - Portal da Cidade de Hokuryu (Hokkaido) - A Vila dos Girass\u00f3is n\u00ba 1 do Jap\u00e3o<\/a>\n                    <\/div>\n                    <div class=\"bc-excerpt-box\">Uma paisagem japonesa de tirar o f\u00f4lego: a &quot;Vila dos Girass\u00f3is&quot; na cidade de Hokuryu, Hokkaido. Um ponto tur\u00edstico popular em Hokkaido. Visite pelo menos uma vez. (Sommelier de Arroz...).<\/div>\n                <\/div>\n                <div class=\"bc-thumbnail-box\">\n                    <a href=\"https:\/\/portal.hokuryu.info\/pt\/topics\/culture\/20110910-1.html\/\" target=\"_blank\">\n                        <div class=\"bc-img-zoom-wrap\">\n                            <img decoding=\"async\" src=\"https:\/\/lh4.googleusercontent.com\/-ywQyebEj0_w\/TmnJYuTk_yI\/AAAAAAAAI5g\/ZIAoWFpMh-4\/s720\/_IGP4279.JPG\" alt=\"Festival de Outono do Santu\u00e1rio Shinryu 2011 (Parte 1) Ensaio da Dan\u00e7a do Le\u00e3o de Shinryu - Portal da Cidade de Hokuryu (Hokkaido) - A Vila dos Girass\u00f3is n\u00ba 1 do Jap\u00e3o\">\n                        <\/div>\n                    <\/a>\n                <\/div>\n            <\/div>\n        <\/div>\n<p>\u25c7 Entrevista e texto: Ikuko Terauchi (Fotografia e assist\u00eancia de edi\u00e7\u00e3o: Noboru Terauchi)<\/p>","protected":false},"excerpt":{"rendered":"<p>\uff12\uff10\uff12\uff13\u5e74\uff19\u6708\uff11\uff14\u65e5\uff08\u6728\uff09 \uff19\u6708\uff18\u65e5\uff08\u91d1\uff09\u301c\uff11\uff10\u65e5\uff08\u65e5\uff09\u306e\uff13\u65e5\u9593\u3001\u5317\u7adc\u753a\u300c\u4ee4\u548c5\u5e74 \u771f\u9f8d\u795e\u793e \u79cb\u5b63\u4f8b\u5927\u796d\u300d\u304c\u658e\u884c\u3055\u308c\u307e\u3057\u305f\u3002 \u5317\u7adc\u753a\u300c\u4ee4\u548c5\u5e74 \u771f\u9f8d\u795e\u793e \u79cb\u5b63\u4f8b\u5927\u796d\u300d \u771f\u9f8d\u795e\u793e \u79cb\u306e\u4e94\u7a40\u8c4a\u7a63\u3092\u795d\u3044\u3001\u795e [&hellip;]<\/p>\n","protected":false},"author":1,"featured_media":37359,"comment_status":"open","ping_status":"open","sticky":false,"template":"","format":"standard","meta":{"footnotes":""},"categories":[4],"tags":[],"class_list":["post-37358","post","type-post","status-publish","format-standard","has-post-thumbnail","hentry","category-cover-story"],"_links":{"self":[{"href":"https:\/\/portal.hokuryu.info\/pt\/wp-json\/wp\/v2\/posts\/37358","targetHints":{"allow":["GET"]}}],"collection":[{"href":"https:\/\/portal.hokuryu.info\/pt\/wp-json\/wp\/v2\/posts"}],"about":[{"href":"https:\/\/portal.hokuryu.info\/pt\/wp-json\/wp\/v2\/types\/post"}],"author":[{"embeddable":true,"href":"https:\/\/portal.hokuryu.info\/pt\/wp-json\/wp\/v2\/users\/1"}],"replies":[{"embeddable":true,"href":"https:\/\/portal.hokuryu.info\/pt\/wp-json\/wp\/v2\/comments?post=37358"}],"version-history":[{"count":0,"href":"https:\/\/portal.hokuryu.info\/pt\/wp-json\/wp\/v2\/posts\/37358\/revisions"}],"wp:featuredmedia":[{"embeddable":true,"href":"https:\/\/portal.hokuryu.info\/pt\/wp-json\/wp\/v2\/media\/37359"}],"wp:attachment":[{"href":"https:\/\/portal.hokuryu.info\/pt\/wp-json\/wp\/v2\/media?parent=37358"}],"wp:term":[{"taxonomy":"category","embeddable":true,"href":"https:\/\/portal.hokuryu.info\/pt\/wp-json\/wp\/v2\/categories?post=37358"},{"taxonomy":"post_tag","embeddable":true,"href":"https:\/\/portal.hokuryu.info\/pt\/wp-json\/wp\/v2\/tags?post=37358"}],"curies":[{"name":"wp","href":"https:\/\/api.w.org\/{rel}","templated":true}]}}