{"id":36519,"date":"2023-08-21T11:07:28","date_gmt":"2023-08-21T02:07:28","guid":{"rendered":"https:\/\/portal.hokuryu.info\/?p=36519"},"modified":"2023-08-22T00:26:20","modified_gmt":"2023-08-21T15:26:20","slug":"%e4%bb%a4%e5%92%8c%ef%bc%95%e5%b9%b4%e5%ba%a6%e3%80%8c%e9%ab%aa%e7%b9%94%e4%bb%8f%e5%be%a1%e9%96%8b%e9%97%a2%e6%b3%95%e8%a6%81%e3%80%8d%e6%b5%84%e5%9c%9f%e7%9c%9f%e5%ae%97%e6%9c%ac%e9%a1%98%e5%af%ba","status":"publish","type":"post","link":"https:\/\/portal.hokuryu.info\/pt\/36519\/","title":{"rendered":"Cerim\u00f4nia de Revela\u00e7\u00e3o do Buda de Cabelo Tran\u00e7ado de 2023, Seita Jodo Shinshu Honganji, Templo Hekiunzan &quot;Ryusenji&quot; (Cidade de Hokuryu, Hokkaido). Cerim\u00f4nia secreta do Buda continua h\u00e1 95 anos."},"content":{"rendered":"<p>Segunda-feira, 21 de agosto de 2023<\/p>\n<p>Na quinta-feira, 17 de agosto, a cerim\u00f4nia solene de &quot;Keori Buddha Gokaijiku Hoyo&quot; de 2023 (Cerim\u00f4nia de Revela\u00e7\u00e3o do Machado do Buda Tecel\u00e3o de Cabelo) foi realizada no Templo Ryusenji (Ryusenji, Sacerdote Chefe Teragaki Nobuaki), um templo da seita Jodo Shinshu Honganji na cidade de Hokuryu.<\/p>\n<p>Aproximadamente 40 paroquianos participaram da cerim\u00f4nia anual de inaugura\u00e7\u00e3o da preciosa est\u00e1tua secreta de Buda, o Buda da Tran\u00e7a de Cabelo (um pergaminho suspenso representando um Buda coberto de cabelo), que \u00e9 exibida apenas uma vez por ano, entoando o Nembutsu e juntando as m\u00e3os em ora\u00e7\u00e3o.<\/p>\n<h2>&quot;Buda de cabelo tran\u00e7ado&quot;, com cabelo (preto e branco) entrela\u00e7ado em sua estrutura.<\/h2>\n<p>O &quot;Buda de Cabelos Entrela\u00e7ados&quot;, considerado raro at\u00e9 mesmo em Hokkaido, \u00e9 um pergaminho suspenso do Buda Amida que foi conclu\u00eddo em mar\u00e7o de 1928 a pedido do sacerdote-chefe fundador do Templo Ryusenji, Teragaki Kyoshin, com o objetivo de aumentar o n\u00famero de fi\u00e9is do templo e difundir a f\u00e9.<\/p>\n<p>Um grupo de organizadores se reuniu para coletar cabelos negros de fi\u00e9is da seita Hongan das regi\u00f5es de Kita-Sorachi, Naka-Sorachi e Rumoi, bem como barbas e cabelos grisalhos de mulheres comuns, e ent\u00e3o encomendou especialmente a uma loja especializada em artigos para altares budistas em Kyoto a cria\u00e7\u00e3o deste tecido precioso.<\/p>\n<p>O Buda de cabelo tran\u00e7ado \u00e9 coberto com folha de ouro e feito de seda, fio de ouro e cabelo (preto e branco), com a imagem do Buda Amida claramente tecida na aur\u00e9ola de 48 fios. O pergaminho mede 173 cm de comprimento e 69 cm de largura.<\/p>\n<p>Naquela \u00e9poca, acreditava-se que, ao entrela\u00e7ar o pr\u00f3prio cabelo no tecido, a pessoa formaria um v\u00ednculo sagrado com os Budas e Bodhisattvas e alcan\u00e7aria o m\u00e9rito de atingir a ilumina\u00e7\u00e3o neste mesmo corpo.<\/p>\n<h3>Templo Jodo Shinshu Honganji, Hekiunzan &quot;Templo Ryusenji&quot;<\/h3>\n<p>No dia anterior \u00e0 cerim\u00f4nia em mem\u00f3ria das v\u00edtimas, enquanto os preparativos estavam em andamento, visitamos o Templo Ryusenji, onde tivemos a oportunidade especial de ver os fios de cabelo no forro do pergaminho suspenso.<\/p>\n<figure class=\"wp-caption aligncenter\"><a href=\"https:\/\/photos.google.com\/share\/AF1QipN91KmD_H9yCe7uK0SI3qE_E3HqO85kUG-hCqGPdfhG7OsDZZ9wLSncTbfwRrkOKg\/photo\/AF1QipNjzSW-MTGmwQIqyqgPToWg9lJxWv8BhyxAFEU?key=dUxyZHhocW5sdUwtVTJRYjh4V1BxYVV2bm5TVW9B\" target=\"_blank\" rel=\"noopener\"><img decoding=\"async\" src=\"https:\/\/lh3.googleusercontent.com\/pw\/AIL4fc-vqzEQBwRWZ0jCAZbLGCQFYXSkRfbDFfREd1kjApghriWOKBz3bOJfCAwaMa__CNXw5QLEKcc6UPDFouw3UwynaJxlkiIBsk4Ixz58GW-fC4-qdFAkj1cflhKeEkCA5C0hjw_QLqQ7TV2A2LYjgRZy=w2000-h1333-s-no?authuser=0\" width=\"2000\" height=\"1333\" alt=\"Templo Ryusenji\" class=\"size-full\" \/><\/a><figcaption class=\"wp-caption-text\">Templo Ryusenji<\/figcaption><\/figure>\n<h3>Sal\u00e3o Principal<\/h3>\n<figure class=\"wp-caption aligncenter\"><a href=\"https:\/\/photos.google.com\/share\/AF1QipN91KmD_H9yCe7uK0SI3qE_E3HqO85kUG-hCqGPdfhG7OsDZZ9wLSncTbfwRrkOKg\/photo\/AF1QipNjk9nBE92uyWtFy0EjQYcb3Mh6rd2siT2UTkI?key=dUxyZHhocW5sdUwtVTJRYjh4V1BxYVV2bm5TVW9B\" target=\"_blank\" rel=\"noopener\"><img decoding=\"async\" src=\"https:\/\/lh3.googleusercontent.com\/pw\/AIL4fc9wNxcjbEC1R2WwCa80YqCGqxg30Wi7KETgK_WGUBEZxNmqLCuxLe7X2qzfM4xm1uzUNla7qcb56ImFC7e8MaWqN1KQwUbhoapkiUJl6ObfUfmm4UoTLc_T4Dx8692wEROxdXFKfy42KzbbGjsqOSCy=w2000-h1333-s-no?authuser=0\" width=\"2000\" height=\"1333\" alt=\"Preparativos para a cerim\u00f4nia de homenagem no dia anterior.\" class=\"size-full\" \/><\/a><figcaption class=\"wp-caption-text\">Preparativos para a cerim\u00f4nia de homenagem no dia anterior.<\/figcaption><\/figure>\n<h3>Buda de cabelo tran\u00e7ado<\/h3>\n<figure class=\"wp-caption aligncenter\"><a href=\"https:\/\/photos.google.com\/share\/AF1QipN91KmD_H9yCe7uK0SI3qE_E3HqO85kUG-hCqGPdfhG7OsDZZ9wLSncTbfwRrkOKg\/photo\/AF1QipMxXVJ8FPwz4hWUszFddAUyE7G48n6tQk6YBN4?key=dUxyZHhocW5sdUwtVTJRYjh4V1BxYVV2bm5TVW9B\" target=\"_blank\" rel=\"noopener\"><img decoding=\"async\" src=\"https:\/\/lh3.googleusercontent.com\/pw\/AIL4fc_2YnefE2bH9ygH05mElnzcXmPoPQtfwxc9imvZysPfpyoGLS5vtvWjjNTaA-l7_Eeu7eXxbmM3cUC3jDjtKknxpiisXrbnDkl3X1EA0xcGkmrdOvd7AKUPA5GFcf1QXRS2Ffj_Iw3xLeh5oB7a2IJG=w1214-h1822-s-no?authuser=0\" width=\"1214\" height=\"1822\" alt=\"Buda de cabelo tran\u00e7ado\" class=\"size-full\" \/><\/a><figcaption class=\"wp-caption-text\">Buda de cabelo tran\u00e7ado<\/figcaption><\/figure>\n<figure class=\"wp-caption aligncenter\"><a href=\"https:\/\/photos.google.com\/share\/AF1QipN91KmD_H9yCe7uK0SI3qE_E3HqO85kUG-hCqGPdfhG7OsDZZ9wLSncTbfwRrkOKg\/photo\/AF1QipNTRqkmRtAC44wvTB5fY6lonJFqDR4Ya8kJWhY?key=dUxyZHhocW5sdUwtVTJRYjh4V1BxYVV2bm5TVW9B\" target=\"_blank\" rel=\"noopener\"><img decoding=\"async\" src=\"https:\/\/lh3.googleusercontent.com\/pw\/AIL4fc9zCJY8spvGrHf8PtFKkBK8mpkffsnAREtxMLiEOAGzLOGcAxYPNVA2mvgLuN6oun99X8lvixuftCHSe34CsMVcAf5NIP4RLe5sbWUwFLPGEJRn2BtCGI6202WjOWd6TUpdgYi6raI-9XfQBIjUjkDh=w1214-h1822-s-no?authuser=0\" width=\"1214\" height=\"1822\" alt=\"Iniciada por Kyoshin Jigaki, o primeiro sacerdote-chefe do Templo Ryusenji, e apoiada pela sacerdotisa-chefe do templo, Yayoi, e pelos zeladores.\" class=\"size-full\" \/><\/a><figcaption class=\"wp-caption-text\">Iniciada por Kyoshin Jigaki, o primeiro sacerdote-chefe do Templo Ryusenji, e apoiada pela sacerdotisa-chefe do templo, Yayoi, e pelos zeladores.<\/figcaption><\/figure>\n<h3>Cabelo no forro de um pergaminho suspenso<\/h3>\n<figure class=\"wp-caption aligncenter\"><a href=\"https:\/\/photos.google.com\/share\/AF1QipN91KmD_H9yCe7uK0SI3qE_E3HqO85kUG-hCqGPdfhG7OsDZZ9wLSncTbfwRrkOKg\/photo\/AF1QipPZ3-eC0vF7ykkxL_rv_lr02ZfS3Ls40ePXRc0?key=dUxyZHhocW5sdUwtVTJRYjh4V1BxYVV2bm5TVW9B\" target=\"_blank\" rel=\"noopener\"><img decoding=\"async\" src=\"https:\/\/lh3.googleusercontent.com\/pw\/AIL4fc80s289Y5JYFN7PK9dIbvmokMiA7WBjCSVoYU-cNuBrycW-TRqg-RSspDnlscBwXn7xS2fJimBtbnDDaogQumgWsk9Lmqdtw6ltKhO_K6DFgX-D1s3F-8HDpQtWa-dvHR-f8AcE_ebzrjnGgvJX2v_y=w2000-h1500-s-no?authuser=0\" width=\"2000\" height=\"1500\" alt=\"Cabelo tran\u00e7ado (forro tran\u00e7ado)\" class=\"size-full\" \/><\/a><figcaption class=\"wp-caption-text\">Cabelo tran\u00e7ado (forro tran\u00e7ado)<\/figcaption><\/figure>\n<h2>Discurso do 4\u00ba sacerdote-chefe, Nobuyoshi Teragaki<\/h2>\n<p>Conversamos com o quarto sacerdote principal, Nobuyoshi Teragaki, apesar de sua agenda lotada.<\/p>\n<figure class=\"wp-caption aligncenter\"><a href=\"https:\/\/photos.google.com\/share\/AF1QipN91KmD_H9yCe7uK0SI3qE_E3HqO85kUG-hCqGPdfhG7OsDZZ9wLSncTbfwRrkOKg\/photo\/AF1QipMe7GhDUPQV5IY_CozzFaEvruAftexKPzdHJz4?key=dUxyZHhocW5sdUwtVTJRYjh4V1BxYVV2bm5TVW9B\" target=\"_blank\" rel=\"noopener\"><img decoding=\"async\" src=\"https:\/\/lh3.googleusercontent.com\/pw\/AIL4fc8pvT1RVr992DyaEaoG27o3Mbm01zuwUGYn2oLwna2u7AGoSjJwx7oT-PGo17Sl79omsegp9tqRWQuubWJBxME23fUFgd7j44J83xxtWh6qOpl1C8nqzdVbSLeiAkcFaXnJDIfqnOkvMpy5qv5Ejbgy=w2000-h1333-s-no?authuser=0\" width=\"2000\" height=\"1333\" alt=\"Templo Ryusenji - Sacerdote Chefe Heredit\u00e1rio\" class=\"size-full\" \/><\/a><figcaption class=\"wp-caption-text\">Templo Ryusenji - Sacerdote Chefe Heredit\u00e1rio<\/figcaption><\/figure>\n<figure class=\"wp-caption aligncenter\"><a href=\"https:\/\/photos.google.com\/share\/AF1QipN91KmD_H9yCe7uK0SI3qE_E3HqO85kUG-hCqGPdfhG7OsDZZ9wLSncTbfwRrkOKg\/photo\/AF1QipMP6P4w7SHA57iY4IG_m3mIgC_9aHHmdZm2lrk?key=dUxyZHhocW5sdUwtVTJRYjh4V1BxYVV2bm5TVW9B\" target=\"_blank\" rel=\"noopener\"><img decoding=\"async\" src=\"https:\/\/lh3.googleusercontent.com\/pw\/AIL4fc_DEfLnhEo1a-6QdjciZjoXmma0L3Cf_9mdk4E0MFxg-kFOdlqNqGQikD7zxq4L6U0OSfHz9n06uERseUXnr7K4-XMpIsDSW6rk4RWS87whHp1GdWEbjNcIU8ukWug_OFqGgJbQXIYTQZGck7c5y7f5=w2000-h1333-s-no?authuser=0\" width=\"2000\" height=\"1333\" alt=\"Quarto Sacerdote Principal, Nobuyoshi Teragaki\" class=\"size-full\" \/><\/a><figcaption class=\"wp-caption-text\">Quarto Sacerdote Principal, Nobuyoshi Teragaki<\/figcaption><\/figure>\n<p>&quot;O primeiro sacerdote-chefe do Templo Ryusenji era origin\u00e1rio da prov\u00edncia de Toyama e emigrou para Hokkaido, onde fundou o Templo Ryusenji em 1896. Na \u00e9poca, o terreno estava coberto de mato, e imagino que nossos ancestrais tiveram que cortar as \u00e1rvores e cultivar a terra, o que deve ter sido uma luta constante. O terreno foi cedido pela Fazenda Watanabe, no que hoje \u00e9 Hekisui, e o sal\u00e3o de prega\u00e7\u00e3o do Ryusenji foi constru\u00eddo ali pela primeira vez.&quot;<\/p>\n<p>O pergaminho suspenso do Buda Amida, &quot;Kamioributsu&quot;, foi criado com o objetivo de aumentar o n\u00famero de fi\u00e9is e incentivar mais pessoas a visitar o templo. \u00c9 um pergaminho suspenso raro, t\u00e3o raro que \u00e9 quase inexistente at\u00e9 mesmo em Hokkaido. Este ano marca seu 95\u00ba anivers\u00e1rio, mas \u00e9 uma pe\u00e7a preciosa de tecido que ainda se encontra em condi\u00e7\u00f5es quase perfeitas.<\/p>\n<p>Em 1928, com a ajuda de v\u00e1rias cuidadoras, cabelos negros e brancos de mulheres foram coletados e enviados a uma loja especializada em altares budistas em Kyoto, onde foi feita uma encomenda especial para um pergaminho suspenso.<\/p>\n<p>O pergaminho suspenso finalizado passou pela inspe\u00e7\u00e3o em Higashi Honganji, o templo principal da seita Jodo Shinshu, e foi entregue a Ryusenji em mar\u00e7o de 1928. Naquela \u00e9poca, o Buda de Cabelo completo foi exibido e levado em turn\u00ea pelas cidades daqueles que haviam doado seus cabelos.<\/p>\n<p>Desde ent\u00e3o, a &quot;Cerim\u00f4nia de Abertura do Eixo do Buda Kamiori&quot; \u00e9 realizada todos os anos em 17 de agosto, e os fi\u00e9is podem visitar o templo enquanto contemplam a est\u00e1tua. No passado, ap\u00f3s o culto, grupos teatrais e atores vinham \u00e0 cidade e apresentavam pe\u00e7as, rakugo (can\u00e7\u00f5es folcl\u00f3ricas tradicionais japonesas) e outros entretenimentos em um palco tempor\u00e1rio montado no terreno do templo, para grande alegria e divers\u00e3o dos moradores da cidade.<\/p>\n<p>Quando eu era crian\u00e7a, adorava recolher as muitas moedas que ficavam espalhadas pelo terreno do templo na manh\u00e3 seguinte.<\/p>\n<p>Talvez gra\u00e7as \u00e0s b\u00ean\u00e7\u00e3os de Buda, esta cerim\u00f4nia memorial nunca teve chuva, exceto em uma \u00fanica ocasi\u00e3o. Choveu apenas uma vez durante meus \u00faltimos anos como sacerdote-chefe, mas isso aconteceu na cooperativa agr\u00edcola, pois tamb\u00e9m servia como uma festa com cerveja patrocinada pela Divis\u00e3o de Jovens Adultos para comemorar a Cerim\u00f4nia Memorial da Inaugura\u00e7\u00e3o do Eixo de Buda em Kamiori. Ouvi dizer que n\u00e3o choveu nos outros 95 anos.<\/p>\n<p>As pessoas que doaram cabelo est\u00e3o espalhadas por toda Hokkaido, mas algumas viajam de longe para participar da cerim\u00f4nia em mem\u00f3ria delas. O Sr. Kameyama Kinbei, da cidade de Fukagawa, tem sido a figura central na organiza\u00e7\u00e3o deste evento. Seus descendentes ficam felizes em participar da cerim\u00f4nia.<\/p>\n<p>&quot;Quando os fi\u00e9is doam cabelo, v\u00eam ao templo com imensa alegria, sabendo que seus pr\u00f3prios cabelos foram transformados na imagem de Buda Amida, e pela grande conex\u00e3o que isso cria. A Cerim\u00f4nia de Tecelagem de Cabelo em Buda \u00e9 um precioso servi\u00e7o memorial que forja um importante v\u00ednculo entre os fi\u00e9is e o templo&quot;, disse o quarto sacerdote principal, Nobuyoshi Teragaki, de maneira gentil e cort\u00eas.<\/p>\n<figure class=\"wp-caption aligncenter\"><a href=\"https:\/\/photos.google.com\/share\/AF1QipN91KmD_H9yCe7uK0SI3qE_E3HqO85kUG-hCqGPdfhG7OsDZZ9wLSncTbfwRrkOKg\/photo\/AF1QipOun7uW8GCNNPD-fjLZ1SdPaTxqOoS_Fr8cYLI?key=dUxyZHhocW5sdUwtVTJRYjh4V1BxYVV2bm5TVW9B\" target=\"_blank\" rel=\"noopener\"><img decoding=\"async\" src=\"https:\/\/lh3.googleusercontent.com\/pw\/AIL4fc_qiAzrBqeIIIVV7ImBRLr9-_8iVP5utlaE1raKdyBJHiZWWxe7oaDzl3VIYgCRJQuh62YjgArCcJAqW_kHDD5p8eAx1g6_2HWZ9UflvHiAOJnf6ctlFFRPeCGX3eWsY1aI1Tr7LjpYFWp_5sLfYJiA=w2000-h1333-s-no?authuser=0\" width=\"2000\" height=\"1333\" alt=\"Gohonzon\" class=\"size-full\" \/><\/a><figcaption class=\"wp-caption-text\">Gohonzon<\/figcaption><\/figure>\n<h2>Cerim\u00f4nia de Revela\u00e7\u00e3o do Pergaminho de Buda Tran\u00e7ado em Cabelo de 2023<\/h2>\n<p>A cerim\u00f4nia de inaugura\u00e7\u00e3o do &quot;Buda em forma de pergaminho tran\u00e7ado com cabelo&quot; de 2023 ter\u00e1 in\u00edcio \u00e0s 14h na quinta-feira, 17 de agosto.<br \/>\nA cerim\u00f4nia memorial foi conduzida pelos sacerdotes principais de tr\u00eas templos locais, que recitaram solenemente sutras. Em seguida, os fi\u00e9is ofereceram incenso e prestaram suas homenagens ao Buda Tecendo Cabelo.<\/p>\n<figure class=\"wp-caption aligncenter\"><a href=\"https:\/\/photos.google.com\/share\/AF1QipN91KmD_H9yCe7uK0SI3qE_E3HqO85kUG-hCqGPdfhG7OsDZZ9wLSncTbfwRrkOKg\/photo\/AF1QipMiAnZksW6cDDot4Mph8k4UIDeqLRMqCMeoEYk?key=dUxyZHhocW5sdUwtVTJRYjh4V1BxYVV2bm5TVW9B\" target=\"_blank\" rel=\"noopener\"><img decoding=\"async\" src=\"https:\/\/lh3.googleusercontent.com\/pw\/AIL4fc8p3t7TCJPJLzsONWNZkxPdh5pRK4uHqXe0U4SZf4S8ka_MYRgTbE34_c2FjOYR1NzmHkf38PX0EPYpuYnlbZbh-P98LUunXOD0REsozkncg3bNl4LyI9jQiK0nQpZIbEaJDwcH8uYQyFe-73n18rLp=w2000-h1333-s-no?authuser=0\" width=\"2000\" height=\"1333\" alt=\"Cerim\u00f4nia de Revela\u00e7\u00e3o do Pergaminho de Buda Tran\u00e7ado em Cabelo de 2023\" class=\"size-full\" \/><\/a><figcaption class=\"wp-caption-text\">Cerim\u00f4nia de Revela\u00e7\u00e3o do Pergaminho de Buda Tran\u00e7ado em Cabelo de 2023<\/figcaption><\/figure>\n<figure class=\"wp-caption aligncenter\"><a href=\"https:\/\/photos.google.com\/share\/AF1QipN91KmD_H9yCe7uK0SI3qE_E3HqO85kUG-hCqGPdfhG7OsDZZ9wLSncTbfwRrkOKg\/photo\/AF1QipPN65dRLvdB__tXrLqNVpVnd10Temh5yvOM5wk?key=dUxyZHhocW5sdUwtVTJRYjh4V1BxYVV2bm5TVW9B\" target=\"_blank\" rel=\"noopener\"><img decoding=\"async\" src=\"https:\/\/lh3.googleusercontent.com\/pw\/AIL4fc_zD3TTjAvq76m9xCujJG1zp0s0BFIOcp0BKAgB5Bp1oZ-nX5cRvElWDNXlmA-UUsC_R7K8HL6NHsG6ewmkUVQhVavaFsPngEC7h_lnYbagxWLmkO5imc877b9bbeq1QHmMTs-HjNF5RlYUlKPAjDxV=w2000-h1333-s-no?authuser=0\" width=\"2000\" height=\"1333\" alt=\"Cerim\u00f4nia de Revela\u00e7\u00e3o do Pergaminho do Buda Tran\u00e7ado em Cabelo\" class=\"size-full\" \/><\/a><figcaption class=\"wp-caption-text\">Cerim\u00f4nia de Revela\u00e7\u00e3o do Pergaminho do Buda Tran\u00e7ado em Cabelo<\/figcaption><\/figure>\n<h3>Moderador: Yoshiaki Arima<\/h3>\n<figure class=\"wp-caption aligncenter\"><a href=\"https:\/\/photos.google.com\/share\/AF1QipN91KmD_H9yCe7uK0SI3qE_E3HqO85kUG-hCqGPdfhG7OsDZZ9wLSncTbfwRrkOKg\/photo\/AF1QipPeYtQJNLxRNV6x6JWpKgqZE9sqOvx6hUnPzv4?key=dUxyZHhocW5sdUwtVTJRYjh4V1BxYVV2bm5TVW9B\" target=\"_blank\" rel=\"noopener\"><img decoding=\"async\" src=\"https:\/\/lh3.googleusercontent.com\/pw\/AIL4fc8cja00-pNeRW7hUpsEXGiRKsQT6b01yBnxkTfuJ2XnaVFwY0XmAAlLomsolynY_AWqvZldJebE9BQORy1OBngwy4rUd87sn-n3y-q8YV3sginH1xAesTUVfq6BIPKo3-4ciQNTGLlwpoKaC0OSqJJT=w2000-h1333-s-no?authuser=0\" width=\"2000\" height=\"1333\" alt=\"O moderador \u00e9 Yoshiaki Arima.\" class=\"size-full\" \/><\/a><figcaption class=\"wp-caption-text\">O moderador \u00e9 Yoshiaki Arima.<\/figcaption><\/figure>\n<h3>Sumo sacerdote em visita ao templo<\/h3>\n<p>Os sacerdotes principais dos templos Kotoku-ji, Hoko-ji e Seiun-ji, na cidade de Kitary\u016b, vieram prestar suas homenagens.<\/p>\n<figure class=\"wp-caption aligncenter\"><a href=\"https:\/\/photos.google.com\/share\/AF1QipN91KmD_H9yCe7uK0SI3qE_E3HqO85kUG-hCqGPdfhG7OsDZZ9wLSncTbfwRrkOKg\/photo\/AF1QipOojJvIMR71BQzl5qImjLfUrULg1v3LQRfFVYI?key=dUxyZHhocW5sdUwtVTJRYjh4V1BxYVV2bm5TVW9B\" target=\"_blank\" rel=\"noopener\"><img decoding=\"async\" src=\"https:\/\/lh3.googleusercontent.com\/pw\/AIL4fc92OP6qoFjdquYn8DBSkqZ2uCbv3U3D-80bHYxOuSGrRCW_mEOKvbZEkghPxivsjSklCPGRiSXAdZ98PHI4jWASvfaTcMOkGLT4Ra1Q-2YX4YkgVLYM0laOx-B10Dkikj29h-LBmYY01HaMpoOlK89x=w2000-h1333-s-no?authuser=0\" width=\"2000\" height=\"1333\" alt=\"Sumo sacerdote em visita ao templo\" class=\"size-full\" \/><\/a><figcaption class=\"wp-caption-text\">Sumo sacerdote em visita ao templo<\/figcaption><\/figure>\n<figure class=\"wp-caption aligncenter\"><a href=\"https:\/\/photos.google.com\/share\/AF1QipN91KmD_H9yCe7uK0SI3qE_E3HqO85kUG-hCqGPdfhG7OsDZZ9wLSncTbfwRrkOKg\/photo\/AF1QipMvpqyaorERpJIQViBFCTACx5o-jAQGAcvgQE8?key=dUxyZHhocW5sdUwtVTJRYjh4V1BxYVV2bm5TVW9B\" target=\"_blank\" rel=\"noopener\"><img decoding=\"async\" src=\"https:\/\/lh3.googleusercontent.com\/pw\/AIL4fc95yBBAytXvlbgO7qHlsIuoIGhixRS93gaTdWePwM1yJRei2r3jmCBNO2ujiae4gYNtiNUOYRfKhK_egj1zKVG6c7nu4YbNy6Ew2tKdbXkBJ209vempoMEpmqt5fF4IfjSQ1_szUCDlHzPQjVSiFysv=w2000-h1333-s-no?authuser=0\" width=\"2000\" height=\"1333\" alt=\"O quarto sacerdote principal, Reverendo Teragaki Nobuyoshi\" class=\"size-full\" \/><\/a><figcaption class=\"wp-caption-text\">O quarto sumo sacerdote, Nobuyoshi Teragaki,<\/figcaption><\/figure>\n<h3>A todos os paroquianos<\/h3>\n<figure class=\"wp-caption aligncenter\"><a href=\"https:\/\/photos.google.com\/share\/AF1QipN91KmD_H9yCe7uK0SI3qE_E3HqO85kUG-hCqGPdfhG7OsDZZ9wLSncTbfwRrkOKg\/photo\/AF1QipM3S9Ykre7Caq9NWWkfN3ZXqkVfTVpLedJr8Lw?key=dUxyZHhocW5sdUwtVTJRYjh4V1BxYVV2bm5TVW9B\" target=\"_blank\" rel=\"noopener\"><img decoding=\"async\" src=\"https:\/\/lh3.googleusercontent.com\/pw\/AIL4fc9oI8wv6LGexK1FTt7KTihPYF8qBC8eu5Pndbo6lTWcfGa3vHGdzaAmLwVQGjExXbi4rc2UFW0fZ_MkWvGxlkzvdJPXiEFJ5iqsGzTtmiuLt0wlPHG7VGN2-O0Owe1FWAYGVpHTQhBOKO8D_rcAh6DN=w2000-h1333-s-no?authuser=0\" width=\"2000\" height=\"1333\" alt=\"A todos os paroquianos\" class=\"size-full\" \/><\/a><figcaption class=\"wp-caption-text\">A todos os paroquianos<\/figcaption><\/figure>\n<h3>O sumo sacerdote Nobuaki Teragaki recitando sutras.<\/h3>\n<figure class=\"wp-caption aligncenter\"><a href=\"https:\/\/photos.google.com\/share\/AF1QipN91KmD_H9yCe7uK0SI3qE_E3HqO85kUG-hCqGPdfhG7OsDZZ9wLSncTbfwRrkOKg\/photo\/AF1QipMvWWW3W9JfG9Vk4L0VedrbYQj7LktycbVGQKQ?key=dUxyZHhocW5sdUwtVTJRYjh4V1BxYVV2bm5TVW9B\" target=\"_blank\" rel=\"noopener\"><img decoding=\"async\" src=\"https:\/\/lh3.googleusercontent.com\/pw\/AIL4fc8noyx5OAjYhFujKHH-eQE5_UO3fzNMKQ5Q7tYQ2kgqeTg_y-4pz0zWx_tjaeVUf7qWeDJnW8oPT8YIjoDaXMBfl5hMh8P1mA1A2TlDuVMiYRRfcQxIqRpwzVD7a8poHYcTNfqXxuaogH_X6_lt3Roz=w2000-h1333-s-no?authuser=0\" width=\"2000\" height=\"1333\" alt=\"O sumo sacerdote Nobuaki Teragaki recitando sutras.\" class=\"size-full\" \/><\/a><figcaption class=\"wp-caption-text\">O sumo sacerdote Nobuaki Teragaki recitando sutras.<\/figcaption><\/figure>\n<h3>Incenso queimando na mesa<\/h3>\n<figure class=\"wp-caption aligncenter\"><a href=\"https:\/\/photos.google.com\/share\/AF1QipN91KmD_H9yCe7uK0SI3qE_E3HqO85kUG-hCqGPdfhG7OsDZZ9wLSncTbfwRrkOKg\/photo\/AF1QipNBkIlMWClJiDdeW4KPqpViK5XRFZOU0hZyv6E?key=dUxyZHhocW5sdUwtVTJRYjh4V1BxYVV2bm5TVW9B\" target=\"_blank\" rel=\"noopener\"><img decoding=\"async\" src=\"https:\/\/lh3.googleusercontent.com\/pw\/AIL4fc_XFQb_hoao5Hw_-XrLb3kW6kUMiIhwAhixzRbjE7w8c-rX7Puyw11GUH80mguj4n4V9FGrkf-gSrM8j0QDUws_Kkk_1BVTY4-PtzWf4_mPiDOigsccARalguxwNrOJuHoVBW5LaKHMGx2nzaTVTkw8=w2000-h1333-s-no?authuser=0\" width=\"2000\" height=\"1333\" alt=\"Incenso queimando na mesa\" class=\"size-full\" \/><\/a><figcaption class=\"wp-caption-text\">Incenso queimando na mesa<\/figcaption><\/figure>\n<h2>Sauda\u00e7\u00f5es do Sr. Yoshida Sakae, chefe dos paroquianos do templo.<\/h2>\n<figure class=\"wp-caption aligncenter\"><a href=\"https:\/\/photos.google.com\/share\/AF1QipN91KmD_H9yCe7uK0SI3qE_E3HqO85kUG-hCqGPdfhG7OsDZZ9wLSncTbfwRrkOKg\/photo\/AF1QipNL6s9dbSOQD6JH2bnBRgkFzaSsYKpbvMBmqzY?key=dUxyZHhocW5sdUwtVTJRYjh4V1BxYVV2bm5TVW9B\" target=\"_blank\" rel=\"noopener\"><img decoding=\"async\" src=\"https:\/\/lh3.googleusercontent.com\/pw\/AIL4fc87H7HDDJRmSP_7ZPfrFp5NwOr6Cij0NMF7ZE8UJbz-3_YyGxJ1kiqhad-vGLX6u5x_ZJWJbomF5f7eOrmTU4y2KfaOsl4w92F_HAlS9VWt-SVA8uFzZOzldOW5FambzDbIRNVvbV9tY-An-zuVaDco=w2000-h1333-s-no?authuser=0\" width=\"2000\" height=\"1333\" alt=\"Sauda\u00e7\u00f5es do Sr. Yoshida Sakae, chefe dos paroquianos do templo.\" class=\"size-full\" \/><\/a><figcaption class=\"wp-caption-text\">Sauda\u00e7\u00f5es do Sr. Yoshida Sakae, chefe dos paroquianos do templo.<\/figcaption><\/figure>\n<p>&quot;Gostaria de expressar minha gratid\u00e3o pela &#039;Cerim\u00f4nia de Revela\u00e7\u00e3o do Buda de Cabelos Entrela\u00e7ados&#039; de 2023. O &#039;Buda de Cabelos Entrela\u00e7ados&#039; foi criado em 1928 e este ano marca seu 95\u00ba anivers\u00e1rio.&quot;<\/p>\n<p>Sou um dirigente da organiza\u00e7\u00e3o e, gra\u00e7as ao apoio de todos, esta cerim\u00f4nia em mem\u00f3ria dele vem sendo realizada h\u00e1 95 longos anos.<\/p>\n<p>O tuf\u00e3o n\u00ba 7 nunca havia cruzado o Jap\u00e3o antes. Desta vez, passou por Shikoku, Kyoto, Nara, Tottori e at\u00e9 Toyama, e agora se aproxima da costa de Rumoi, no Mar do Jap\u00e3o, como se tivesse vindo prestar suas homenagens no &quot;Servi\u00e7o Memorial de Buda Kamiori&quot; do nosso templo.<\/p>\n<p>Antigamente, depois dessa cerim\u00f4nia, faz\u00edamos uma festa com cerveja no terreno do templo. Lembro-me de como era dif\u00edcil, porque t\u00ednhamos medo da chuva.<\/p>\n<p>O templo realizar\u00e1 sua palestra Hoonko nos dias 26 e 27 de agosto.<\/p>\n<p>Com temperaturas acima de 30\u00b0C, o centro de sa\u00fade emitiu um alerta de intoxica\u00e7\u00e3o alimentar. A previs\u00e3o \u00e9 de que as temperaturas se mantenham em 28\u00b0C por cerca de uma semana. Esperamos que voc\u00ea cuide bem da sua sa\u00fade e venha nos visitar.<\/p>\n<p>&quot;Muito obrigado por terem vindo hoje&quot;, disse o representante Yoshida Sakae em sua sauda\u00e7\u00e3o.<\/p>\n<figure class=\"wp-caption aligncenter\"><a href=\"https:\/\/photos.google.com\/share\/AF1QipN91KmD_H9yCe7uK0SI3qE_E3HqO85kUG-hCqGPdfhG7OsDZZ9wLSncTbfwRrkOKg\/photo\/AF1QipOF_Nx3yEYDYBH4Dz6ukxn12KYIEZQue_T80pk?key=dUxyZHhocW5sdUwtVTJRYjh4V1BxYVV2bm5TVW9B\" target=\"_blank\" rel=\"noopener\"><img decoding=\"async\" src=\"https:\/\/lh3.googleusercontent.com\/pw\/AIL4fc_JNgYi99lSrKCfaZZLAmiSghQkKRpZzXFHbM003qq5TBiwAFpkiNfoS3l0FK2oEZiCvG9EYlpDzE3luut7282amBULntonMNzB8l8lRb-Qzqj0pI4O6Zoc5xFYFLphnwFjAmrUIocTVzGwaJmflnLL=w2000-h1333-s-no?authuser=0\" width=\"2000\" height=\"1333\" alt=\"A todos os paroquianos\" class=\"size-full\" \/><\/a><figcaption class=\"wp-caption-text\">A todos os paroquianos<\/figcaption><\/figure>\n<h2>Palestra do Sumo Sacerdote Nobuaki Teragaki<\/h2>\n<h3>As palavras de S\u00e3o Shinran<\/h3>\n<p>&quot;Se algu\u00e9m se deparar com o poder do voto original, n\u00e3o haver\u00e1 ningu\u00e9m que se divirta em v\u00e3o.&quot;<br \/>\nO oceano de tesouros do m\u00e9rito transborda, e as \u00e1guas turvas dos desejos terrenos s\u00e3o indistintas.<\/p>\n<p>Namu Amida Butsu, Namu Amida Butsu, Namu Amida Butsu&quot;<\/p>\n<figure class=\"wp-caption aligncenter\"><a href=\"https:\/\/photos.google.com\/share\/AF1QipN91KmD_H9yCe7uK0SI3qE_E3HqO85kUG-hCqGPdfhG7OsDZZ9wLSncTbfwRrkOKg\/photo\/AF1QipN3w7LWYro2i2ck56sFz2ORzC-0Jp6UOTBZfGE?key=dUxyZHhocW5sdUwtVTJRYjh4V1BxYVV2bm5TVW9B\" target=\"_blank\" rel=\"noopener\"><img decoding=\"async\" src=\"https:\/\/lh3.googleusercontent.com\/pw\/AIL4fc9vr5p_f1wfLMneL5YY6rMeckQwkat8_5kdgeGHICAbEEdzNtxqNolAFgpFzkHgBkatBdLubiUa-l5XHpDldvGBhp0KTS5J-gB_vmfq78ZPqREaWVSbzbKRJoUtzj2ju1O7uIZHX1aU-v2dP70OCmq2=w2000-h1333-s-no?authuser=0\" width=\"2000\" height=\"1333\" alt=\"Namu Amida Butsu, Namu Amida Butsu, Namu Amida Butsu\" class=\"size-full\" \/><\/a><figcaption class=\"wp-caption-text\">Namu Amida Butsu, Namu Amida Butsu, Namu Amida Butsu<\/figcaption><\/figure>\n<h3>Palavras do sacerdote principal, Nobuaki Teragaki<\/h3>\n<figure class=\"wp-caption aligncenter\"><a href=\"https:\/\/photos.google.com\/share\/AF1QipN91KmD_H9yCe7uK0SI3qE_E3HqO85kUG-hCqGPdfhG7OsDZZ9wLSncTbfwRrkOKg\/photo\/AF1QipMWJYt2IUPuI1TIYoVzACrRsOYZD-aRAXBMvu4?key=dUxyZHhocW5sdUwtVTJRYjh4V1BxYVV2bm5TVW9B\" target=\"_blank\" rel=\"noopener\"><img decoding=\"async\" src=\"https:\/\/lh3.googleusercontent.com\/pw\/AIL4fc89iF_DYF4XbUNur5Pl47Md4UW85zK7w1zHIeMDU9mtt7AucCCD7HtusRaySJf7pJmgS_7WcDi1K2hyBDZaFD1XgsfLUP41GRsuVkjfD53E1xxZ1Oa2C9oSuPXo8DNX0HliyGaDmUBQJEL7uBfiVcLO=w2000-h1333-s-no?authuser=0\" width=\"2000\" height=\"1333\" alt=\"Palestra do Sumo Sacerdote Nobuaki Teragaki\" class=\"size-full\" \/><\/a><figcaption class=\"wp-caption-text\">Palestra do Sumo Sacerdote Nobuaki Teragaki<\/figcaption><\/figure>\n<p>&quot;Apesar do calor e das agendas lotadas, muitas pessoas de perto e de longe vieram visitar o bem mais precioso do templo budista, o Buda Tecendo Cabelo, na cerim\u00f4nia memorial budista para sua inaugura\u00e7\u00e3o.&quot;<\/p>\n<p>Estamos extremamente felizes e gratos por termos conseguido realizar uma cerim\u00f4nia memorial t\u00e3o grandiosa este ano com a ajuda de todos voc\u00eas.<\/p>\n<p>Considero uma grande honra que o Templo Ryusenji possa realizar esta cerim\u00f4nia memorial todos os anos desta forma, acolhendo as reflex\u00f5es de nossos ancestrais e os diversos pensamentos de todos voc\u00eas que vivem no s\u00e9culo XXI.<\/p>\n<h4>Revela\u00e7\u00e3o da est\u00e1tua secreta de Buda &quot;Kamiori Buddha&quot;, mantida em segredo por 95 anos.<\/h4>\n<p>Como voc\u00ea deve saber, este &quot;Buda de Cabelos Tran\u00e7ados&quot; \u00e9 um &quot;hibutsu&quot; (Buda secreto). O sacerdote-chefe fundador do Templo Ryusenji, Teragaki Kyoshin, teve a ideia para este &quot;Buda de Cabelos Tran\u00e7ados&quot; em 1928. O pergaminho suspenso foi feito usando o cabelo da mulher e a barba do homem em uma loja especializada em artigos para altares budistas em Kyoto.<\/p>\n<p>A abertura anual do pergaminho acontece todos os anos no dia 17 de agosto e tem sido realizada ininterruptamente h\u00e1 95 anos, desde 1928 (Showa 3), trazendo consigo as almas daqueles que estavam presentes na ocasi\u00e3o.<\/p>\n<p>Sinto a passagem do tempo e percebo claramente que chegamos onde estamos hoje superando as dificuldades daquela \u00e9poca.<\/p>\n<p>Durante os per\u00edodos Meiji, Taisho e Showa, em um ambiente sem cal\u00e7amento, \u00e1gua encanada, g\u00e1s ou eletricidade, eles viajaram para Hokkaido e se estabeleceram em Hokuryu, onde constru\u00edram um templo.<\/p>\n<p>Naquela \u00e9poca, as pessoas tinham poucos bens e nenhum dinheiro, e lutavam para sustentar suas fam\u00edlias, mas sentiam um forte desejo de fazer algo para ajudar o templo. O sacerdote principal teve a ideia de tecer tecidos com imagens de Buda usando o cabelo das pessoas.<\/p>\n<h4>O cabelo, a segunda coisa mais preciosa depois da vida, est\u00e1 entrela\u00e7ado na imagem de Buda.<\/h4>\n<p>Para as mulheres, o cabelo \u00e9 a segunda coisa mais importante depois da pr\u00f3pria vida. Ao doar cabelo, a vida \u00e9 entrela\u00e7ada no Buda, e o &quot;Buda da Tecelagem de Cabelo&quot; \u00e9 tecido com a esperan\u00e7a de que o Templo Ryusenji continue a prosperar como um local de ora\u00e7\u00e3o nembutsu.<\/p>\n<p>Acho muito gratificante que a hist\u00f3ria tenha sido transmitida de gera\u00e7\u00e3o em gera\u00e7\u00e3o, de sua m\u00e3e, av\u00f3 e bisav\u00f3, e que as visitas ao santu\u00e1rio continuem h\u00e1 quase 100 anos.<\/p>\n<h4>A data fornecida tem significado.<\/h4>\n<p>Houve momentos em que desejei que a cerim\u00f4nia em mem\u00f3ria, realizada no calor deste ver\u00e3o, pudesse ter ocorrido em um per\u00edodo mais fresco ou ap\u00f3s a colheita do arroz, mas cada \u00e9poca do ano traz um trabalho diferente a ser feito.<\/p>\n<p>As datas parecem existir, mas n\u00e3o existem de fato. Sinto que as datas que nos s\u00e3o dadas s\u00e3o dadas precisamente porque possuem seu pr\u00f3prio significado. A cerim\u00f4nia de hoje me deu a sensa\u00e7\u00e3o de que podemos dar continuidade a essa tradi\u00e7\u00e3o, mantendo vivas as lembran\u00e7as de nossos ancestrais, e pude vivenciar isso mais uma vez.<\/p>\n<figure class=\"wp-caption aligncenter\"><a href=\"https:\/\/photos.google.com\/share\/AF1QipN91KmD_H9yCe7uK0SI3qE_E3HqO85kUG-hCqGPdfhG7OsDZZ9wLSncTbfwRrkOKg\/photo\/AF1QipNRV-kUkCdRXXAcuOa-bPCx1d0B-nYByYZEPoM?key=dUxyZHhocW5sdUwtVTJRYjh4V1BxYVV2bm5TVW9B\" target=\"_blank\" rel=\"noopener\"><img decoding=\"async\" src=\"https:\/\/lh3.googleusercontent.com\/pw\/AIL4fc-l_B4Fp-hLwhY9PWpawZmXRwmuv5oXf6i3o8OOx2TpT-BtY5fzyqlBSkagOKdMc0Jim5EVHmlSFTGSbUcq-xao8EVljhcJowHuCgeKXSOBBiXK8WYf10fUtKfT0jPC7-Al3zLM30rcNvNiMVgBjPlJ=w2000-h1333-s-no?authuser=0\" width=\"2000\" height=\"1333\" alt=\"O cabelo \u00e9 a segunda coisa mais importante depois da vida.\" class=\"size-full\" \/><\/a><figcaption class=\"wp-caption-text\">O cabelo \u00e9 a segunda coisa mais importante depois da vida.<\/figcaption><\/figure>\n<p>O que eu gostaria de transmitir atrav\u00e9s deste Buda de Cabelo Tran\u00e7ado \u00e9 o que a &quot;Terra Pura&quot; de nossos ancestrais representa, tecida a partir dos cabelos e barbas daqueles que tiveram uma conex\u00e3o conosco naquela \u00e9poca.<\/p>\n<p>O termo &quot;Puro&quot; em Jodo Shinshu significa &quot;puro&quot;, &quot;livre de conflitos&quot; e &quot;livre de raiva e ci\u00fame&quot;.<\/p>\n<h4>Este mundo \u00e9 uma terra imunda.<\/h4>\n<p>Ao contr\u00e1rio da Terra Pura, este mundo \u00e9 a Terra Impura. A Terra Impura cont\u00e9m o significado de &quot;odiar&quot;, como na frase &quot;Por favor, cuide do seu corpo&quot; e &quot;Por favor, cuide bem do seu corpo&quot;.<\/p>\n<p>A palavra &quot;Edo&quot; significa &quot;sujo&quot;, &quot;dif\u00edcil de se viver&quot; e &quot;desconfort\u00e1vel&quot;. Tamb\u00e9m inclui o significado de &quot;as coisas n\u00e3o saem como planejado&quot;.<\/p>\n<p>A palavra &quot;imortal&quot; significa: &quot;Este mundo \u00e9 um lugar onde as coisas n\u00e3o acontecem como voc\u00ea deseja, ent\u00e3o n\u00e3o machuque seu cora\u00e7\u00e3o (n\u00e3o se preocupe). Seja voc\u00ea mesmo e siga o caminho certo.&quot;<\/p>\n<p>As pessoas dizem que est\u00e1 calor agora, mas provavelmente vai esfriar em duas semanas. Quando novembro e dezembro chegarem, come\u00e7ar\u00e1 a nevar e as pessoas come\u00e7ar\u00e3o a dizer que est\u00e1 frio. A mensagem \u00e9 aproveitar o calor quando estiver quente e o frio quando estiver frio, e fazer com que seu corpo se sinta melhor.<\/p>\n<h4>A Terra Pura \u00e9 um mundo puro, livre de conflitos e livre de raiva.<\/h4>\n<p>A Terra Pura \u00e9 um mundo puro, honesto, livre de conflitos e de \u00f3dio. Assim como disse o Pr\u00edncipe Shotoku, &quot;A harmonia \u00e9 a coisa mais preciosa&quot;, \u00e9 um mundo de harmonia indescrit\u00edvel em palavras, um mundo sem forma, harmonioso e \u00fanico.<\/p>\n<p>Um dia, seus ancestrais vir\u00e3o receb\u00ea-lo neste mundo puro, livre de dor e conflitos, por meio de uma cerim\u00f4nia memorial.<\/p>\n<p>Voc\u00eas est\u00e3o prestes a ir para um mundo sem dor nem tristeza, onde tudo \u00e9 alegria. Quando lhes digo que querem ir para l\u00e1 logo, todos balan\u00e7am a cabe\u00e7a e dizem: &quot;Ainda n\u00e3o quero ir!&quot;. Voc\u00eas ir\u00e3o mesmo sem querer. No entanto, ir\u00e3o porque j\u00e1 est\u00e1 decidido que ir\u00e3o. Se j\u00e1 v\u00e3o de qualquer maneira, n\u00e3o seria melhor ir logo? N\u00e3o \u00e9 o caso.<\/p>\n<h4>&quot;Namu Amida Butsu&quot; no mundo dos desejos terrenos<\/h4>\n<p>Isso \u00e9 resultado de nossos desejos terrenos, e n\u00e3o nos preocupamos porque queremos nos preocupar, mas sim por causa de diversas conex\u00f5es que nos causam preocupa\u00e7\u00e3o.<\/p>\n<p>Voc\u00ea n\u00e3o est\u00e1 sozinho em sua vida, entrela\u00e7ada com as alegrias do encontro e a tristeza da despedida. Embora invis\u00edvel a olho nu, o inconfund\u00edvel Buda est\u00e1 sempre ao seu lado, entoando &quot;Namu Amida Butsu&quot; (Namu Amida Butsu) enquanto lhe pede para caminhar com ele na senda para a Terra Pura.<\/p>\n<h4>O desejo de fazer o bem aos outros &quot;Satisfa\u00e7\u00e3o&quot;<\/h4>\n<p>Quando voc\u00ea est\u00e1 satisfeito, quer fazer mais pelos outros. Quando est\u00e1 insatisfeito, quer mais dos outros.<\/p>\n<p>Voc\u00eas s\u00e3o todos profissionais, ent\u00e3o tenho certeza de que conseguem imaginar o que vai acontecer na vida de voc\u00eas.<\/p>\n<p>Aja sempre de forma a querer fazer mais pelos outros do que esperar que eles fa\u00e7am por voc\u00ea.<\/p>\n<h4>\u00c9 natural que as coisas n\u00e3o corram bem.<\/h4>\n<p>A vida \u00e9 assim, fazemos coisas repetidamente mesmo sabendo que n\u00e3o dever\u00edamos.<\/p>\n<p>Os seres humanos n\u00e3o conseguem se entender enquanto est\u00e3o vivos. Pessoas que n\u00e3o conseguem se entender s\u00e3o familiares, amigos, colegas de trabalho, coisas que n\u00e3o podem ser compreendidas ou avaliadas, e que se re\u00fanem para viver e seguir com suas vidas cotidianas.<\/p>\n<p>Portanto, \u00e9 natural que as coisas n\u00e3o corram bem. Ao considerarmos as coisas boas como garantidas, acabamos reclamando, resmungando e nos insultando mutuamente. \u00c0s vezes, a gratid\u00e3o pode se transformar em queixas e resmungos.<\/p>\n<h4>O segredo para n\u00e3o se enlamear<\/h4>\n<p>Existe um segredo para se livrar disso. \u00c9 ser &quot;claro&quot;. A &quot;pureza&quot; em &quot;Terra Pura&quot; significa clareza. Se voc\u00ea tiver uma mente honesta e clara, ter\u00e1 menos preocupa\u00e7\u00f5es.<\/p>\n<p>Quando voc\u00ea come\u00e7ar a reclamar, deve pensar: &quot;Estou sendo vago&quot;.<\/p>\n<figure class=\"wp-caption aligncenter\"><a href=\"https:\/\/photos.google.com\/share\/AF1QipN91KmD_H9yCe7uK0SI3qE_E3HqO85kUG-hCqGPdfhG7OsDZZ9wLSncTbfwRrkOKg\/photo\/AF1QipMB2McT4_DFgEPhqR8v3Ct7gS-ZXBzQHQxjY6c?key=dUxyZHhocW5sdUwtVTJRYjh4V1BxYVV2bm5TVW9B\" target=\"_blank\" rel=\"noopener\"><img decoding=\"async\" src=\"https:\/\/lh3.googleusercontent.com\/pw\/AIL4fc9COiWu-bHLMQLMPjahaRZ2olSFA2sfUPzAEd26Kyy5Fc9wUhMAjANwubecoBkvpHldPzgYROUVdZ9rdoXX8llwvXkksa4YCSDLksOMD61nua7HqHFqogZ9-DGm1GmoqXZKfz4jEjIl10rKv5KQkC3m=w2000-h1333-s-no?authuser=0\" width=\"2000\" height=\"1333\" alt=\"Um cora\u00e7\u00e3o puro e imaculado\" class=\"size-full\" \/><\/a><figcaption class=\"wp-caption-text\">Um cora\u00e7\u00e3o puro e imaculado<\/figcaption><\/figure>\n<h4>Conhecimento<\/h4>\n<p>N\u00e3o tem problema se voc\u00ea n\u00e3o conseguir se tornar \u00e1gua pura. Quando sua mente estiver confusa, simplesmente imagine a exist\u00eancia da \u00e1gua pura e tome consci\u00eancia dela, e suas queixas e raiva diminuir\u00e3o.<\/p>\n<h4>Acalme sua mente entoando &quot;Namu Amida Butsu&quot;<\/h4>\n<p>Isso \u00e9 dif\u00edcil de colocar em pr\u00e1tica, ent\u00e3o o Buda proferiu o nembutsu: &quot;Voc\u00ea s\u00f3 pode estar brincando! Haamida Butsu...&quot; &quot;Voc\u00ea s\u00f3 pode estar brincando! Haamida Butsu...&quot; &quot;Por que eu? Namu Amida Butsu...&quot;<\/p>\n<p>Tenho o h\u00e1bito de recitar &quot;Namu Amida Butsu&quot; sempre que tenho uma queixa. Este \u00e9 um exemplo concreto da prote\u00e7\u00e3o de Buda sobre mim.<\/p>\n<p>No dia a dia, \u00e9 bom dizer coisas como &quot;Obrigado&quot;, &quot;Tudo gra\u00e7as a voc\u00ea&quot; e &quot;Eu estava errado, me desculpe&quot;, mas \u00e9 quando voc\u00ea n\u00e3o consegue dizer essas coisas no momento que deve recitar o Nembutsu &quot;Namu Amida Butsu&quot; em seu cora\u00e7\u00e3o.<\/p>\n<p>Ao fazer isso, a raiva, as queixas e o ci\u00fame n\u00e3o desaparecer\u00e3o completamente, mas diminuir\u00e3o gradualmente. Suas emo\u00e7\u00f5es se acalmar\u00e3o e, ao prestar aten\u00e7\u00e3o, seus sentimentos mudar\u00e3o, como &quot;Ah, ent\u00e3o era isso&quot; ou &quot;Desculpe, eu n\u00e3o percebi&quot;.<\/p>\n<h4>Prestar homenagem significa viver cada dia com um sorriso.<\/h4>\n<p>N\u00e3o \u00e9 da natureza humana querer viver num mundo onde possamos nos entender e dizer: &quot;Tudo isso gra\u00e7as a voc\u00ea&quot;?<\/p>\n<p>Buda e os ancestrais ficariam satisfeitos em ver seus descendentes vivendo suas vidas di\u00e1rias com sorrisos e um sentimento de gratid\u00e3o. No budismo, isso \u00e9 chamado de &quot;servi\u00e7o memorial&quot;.<\/p>\n<h4>A import\u00e2ncia de terminar no prazo<\/h4>\n<p>Por fim, gostaria de compartilhar com voc\u00eas as palavras do meu mentor: &quot;Termine no hor\u00e1rio&quot;, &quot;Na verdade, termine um pouco antes!&quot; e &quot;N\u00e3o ultrapasse o tempo. Termine quando sentir que quer ouvir um pouco mais. \u00c9 o ideal!&quot;.<\/p>\n<h4>Uma vida que te deixa triste<\/h4>\n<p>O mesmo se aplica \u00e0 vida. N\u00e3o \u00e9 um fim, mas uma &quot;mem\u00f3ria remanescente&quot;. N\u00e3o se trata de in\u00edcio, auge ou fim, mas sim de: &quot;Mesmo que voc\u00ea se sinta triste por partir, quando seus la\u00e7os com este mundo chegarem ao fim e suas for\u00e7as se esgotarem, voc\u00ea deve ir para aquela terra&quot; (Tannisho, Cap\u00edtulo 9).<\/p>\n<p>Cada um de voc\u00eas est\u00e1 destinado a entrar na Terra Pura e se tornar um ser de vida eterna e luz eterna.<\/p>\n<p>Espero que voc\u00eas continuem a entoar o Nembutsu, a se respeitarem e a se ajudarem mutuamente, e, embora as coisas nem sempre saiam como planejado, gostaria de expressar minha sincera gratid\u00e3o a todos que compareceram, apesar do calor.<\/p>\n<p>Namu Amida Butsu, Namu Amida Butsu, Namu Amida Butsu.&quot;<\/p>\n<figure class=\"wp-caption aligncenter\"><a href=\"https:\/\/photos.google.com\/share\/AF1QipN91KmD_H9yCe7uK0SI3qE_E3HqO85kUG-hCqGPdfhG7OsDZZ9wLSncTbfwRrkOKg\/photo\/AF1QipOBw0-Q59kpRf8x7JwtMrQn8LMQOJJ8cxBYAxE?key=dUxyZHhocW5sdUwtVTJRYjh4V1BxYVV2bm5TVW9B\" target=\"_blank\" rel=\"noopener\"><img decoding=\"async\" src=\"https:\/\/lh3.googleusercontent.com\/pw\/AIL4fc_JExbBSjyGVRRbnlb6MaQFNIy9RSygaFHZTrziPRNLlJx6FbxP1rrYufcer3dDUFprIu9q6f9ByeJDVcxPKx7f0zTBK2KaN6M8M1FAQfvfnbv_SBzEAHvvJ7UB9yUn1RNI6AMn1TnZPh8gJHLrQPl9=w2000-h1333-s-no?authuser=0\" width=\"2000\" height=\"1333\" alt=\"A ora\u00e7\u00e3o termina com c\u00e2nticos.\" class=\"size-full\" \/><\/a><figcaption class=\"wp-caption-text\">A ora\u00e7\u00e3o termina com c\u00e2nticos.<\/figcaption><\/figure>\n<h2>Arroz vermelho e manju<\/h2>\n<p>O evento terminou com todos cantando juntos, prestando culto e entoando o Nembutsu.<br \/>\nNo caminho de volta, recebemos como lembran\u00e7as arroz vermelho e manju.<\/p>\n<figure class=\"wp-caption aligncenter\"><a href=\"https:\/\/photos.google.com\/share\/AF1QipN91KmD_H9yCe7uK0SI3qE_E3HqO85kUG-hCqGPdfhG7OsDZZ9wLSncTbfwRrkOKg\/photo\/AF1QipNC7yjpSfAiRAvHT3Xh3JW1OkJvtW9Ov69OEY8?key=dUxyZHhocW5sdUwtVTJRYjh4V1BxYVV2bm5TVW9B\" target=\"_blank\" rel=\"noopener\"><img decoding=\"async\" src=\"https:\/\/lh3.googleusercontent.com\/pw\/AIL4fc8bNW_MXSk8JUvfLZGH1IygrFDvFF3ZV_CPinHpMGbAGVkf9MjPcyM4JpqrcXxjnyIgfJAZjdhm_hW1bgOUMCR2XMQAZMkdN6ULC6A6EwIIWGL4PsrvJ-mknzJ8tIHKm4vNI3-1YKxEgnoMuEpzSLBN=w2000-h1333-s-no?authuser=0\" width=\"2000\" height=\"1333\" alt=\"Arroz vermelho e manju\" class=\"size-full\" \/><\/a><figcaption class=\"wp-caption-text\">Arroz vermelho e manju<\/figcaption><\/figure>\n<h2>Tesouros do Templo Ryusenji: Pintura da porta deslizante &quot;Pav\u00e3o e F\u00eanix&quot; da cal\u00edgrafa Seiko-e<\/h2>\n<p>As pinturas nas telas deslizantes \u00e0 esquerda e \u00e0 direita do santu\u00e1rio interno do sal\u00e3o principal foram criadas pelo cal\u00edgrafo Seikyou-e e diz-se que foram exibidas no edif\u00edcio Taishokan, administrado pelo fundador do templo, Arima Yukichi.<\/p>\n<h3>Pintura &quot;Pav\u00e3o&quot; na porta de correr \u00e0 esquerda<\/h3>\n<figure class=\"wp-caption aligncenter\"><a href=\"https:\/\/photos.google.com\/share\/AF1QipN91KmD_H9yCe7uK0SI3qE_E3HqO85kUG-hCqGPdfhG7OsDZZ9wLSncTbfwRrkOKg\/photo\/AF1QipNw-ckFY_GgRPluXB_-51oIXNUsdOPdUeLSb_0?key=dUxyZHhocW5sdUwtVTJRYjh4V1BxYVV2bm5TVW9B\" target=\"_blank\" rel=\"noopener\"><img decoding=\"async\" src=\"https:\/\/lh3.googleusercontent.com\/pw\/AIL4fc-I2KqEwrv4x7XwjJa-ev2AWl5tmxhuMPlHhg0gSyn4HStEotaKY6YEaoD2u7JFwjIzMSxuqaDkHTI1evjucO9sUzcgsNTqOu7gWpZCOjodGBCSZTvzMIToj6bx0GBRuBWRXZXjmREpC-XujauxYFnJ=w2000-h1333-s-no?authuser=0\" width=\"2000\" height=\"1333\" alt=\"Pintura &quot;Pav\u00e3o&quot; na porta de correr \u00e0 esquerda\" class=\"size-full\" \/><\/a><figcaption class=\"wp-caption-text\">Pintura &quot;Pav\u00e3o&quot; na porta de correr \u00e0 esquerda<\/figcaption><\/figure>\n<h3>Pintura &quot;F\u00eanix&quot; na porta de correr \u00e0 direita do santu\u00e1rio interno.<\/h3>\n<figure class=\"wp-caption aligncenter\"><a href=\"https:\/\/photos.google.com\/share\/AF1QipN91KmD_H9yCe7uK0SI3qE_E3HqO85kUG-hCqGPdfhG7OsDZZ9wLSncTbfwRrkOKg\/photo\/AF1QipO-ZgMLuDiMA7S6zFsAeB36UCdFp-y2VbR893Y?key=dUxyZHhocW5sdUwtVTJRYjh4V1BxYVV2bm5TVW9B\" target=\"_blank\" rel=\"noopener\"><img decoding=\"async\" src=\"https:\/\/lh3.googleusercontent.com\/pw\/AIL4fc8UWtte0o9gpCjGd6GdhM5X3HrDvfQeYnBR2hSNTwaIoYXnjI0Qhlhm-iIqXudrXQc3DE0xoO18_X60AhXyft7foolamfxBdratST5BUGgDR2DC6gVotqjihXD3yw3mjIjXsPsCWuvpPnM7eTVvpuVp=w2000-h1333-s-no?authuser=0\" width=\"2000\" height=\"1333\" alt=\"Pintura &quot;F\u00eanix&quot; na porta de correr \u00e0 direita do santu\u00e1rio interno.\" class=\"size-full\" \/><\/a><figcaption class=\"wp-caption-text\">Pintura &quot;F\u00eanix&quot; na porta de correr \u00e0 direita do santu\u00e1rio interno.<\/figcaption><\/figure>\n<p>O jardim dentro do complexo do templo est\u00e1 bem cuidado. A lanterna artesanal no centro foi uma doa\u00e7\u00e3o feita com muito carinho pelo paroquiano Toshiaki Fujii.<\/p>\n<figure class=\"wp-caption aligncenter\"><a href=\"https:\/\/photos.google.com\/share\/AF1QipN91KmD_H9yCe7uK0SI3qE_E3HqO85kUG-hCqGPdfhG7OsDZZ9wLSncTbfwRrkOKg\/photo\/AF1QipNJvH7o-7v4hTOQOis22EMDUSQ-LOgmoGPPo9U?key=dUxyZHhocW5sdUwtVTJRYjh4V1BxYVV2bm5TVW9B\" target=\"_blank\" rel=\"noopener\"><img decoding=\"async\" src=\"https:\/\/lh3.googleusercontent.com\/pw\/AIL4fc-VALgLq7XzT_aOt0aPGJyzbcaAFz47E6nz33QKjbx-nB00HMJUcCwHe_7qKHOzWl7WpKuOUftt3DDxbv3XXUltkYYt1afBZ8A_d5rOkCGiLzd75OKtXXXzrSahxF_iA8FKvGUIoGoN7rqNrETSTjrc=w2000-h1333-s-no?authuser=0https:\/\/photos.google.com\/share\/AF1QipN91KmD_H9yCe7uK0SI3qE_E3HqO85kUG-hCqGPdfhG7OsDZZ9wLSncTbfwRrkOKg\/photo\/AF1QipNJvH7o-7v4hTOQOis22EMDUSQ-LOgmoGPPo9U?key=dUxyZHhocW5sdUwtVTJRYjh4V1BxYVV2bm5TVW9B\" width=\"2000\" height=\"1333\" alt=\"terrenos do templo\" class=\"size-full\" \/><\/a><figcaption class=\"wp-caption-text\">terrenos do templo<\/figcaption><\/figure>\n<p>Atrav\u00e9s do cabelo, a alma se torna uma com o Buda Amida, formando um v\u00ednculo precioso e acumulando diversos m\u00e9ritos, e oferecemos nosso amor, gratid\u00e3o e ora\u00e7\u00f5es ilimitados a este servi\u00e7o memorial para o grande e secreto Buda, o &quot;Buda Tecendo Cabelos&quot;.<br \/>\n\u3000<\/p>\n<h2>v\u00eddeos do YouTube<\/h2>\n<div class=\"youtube\"><iframe title=\"2023 &quot;Cerim\u00f4nia de Abertura do Buda Tecelagem de Cabelo&quot; Jodo Shinshu Honganji Sect Hekiunzan &quot;Templo Ryusenji&quot; (cidade de Hokuryu, Hokkaido)\" src=\"https:\/\/www.youtube.com\/embed\/upyC7vf3aEs?feature=oembed\" frameborder=\"0\" allow=\"accelerometer; autoplay; clipboard-write; encrypted-media; gyroscope; picture-in-picture; web-share\" allowfullscreen><\/iframe><\/div>\n<h2>Outras fotos<\/h2>\n<div class=\"img-move\">\n<img decoding=\"async\" src=\"https:\/\/ehokkaido.net\/wp-content\/uploads\/2021\/12\/2021-12-06-11.41.12.png\" style=\"vertical-align:middle;\"> <a href=\"https:\/\/photos.app.goo.gl\/c3FHtcRFXs4wdYcC6\" target=\"_blank\" rel=\"noopener noreferrer\">As fotos (119 fotos) da &quot;Cerim\u00f4nia de Revela\u00e7\u00e3o do Buda de Cabelo Tran\u00e7ado&quot; de 2023 no Templo Ryusenji, Hekiunzan, Seita Jodo Shinshu Honganji, podem ser encontradas aqui &gt;&gt;<\/a><\/a><\/div>\n<h2>Artigos e sites relacionados<\/h2>\n<div class=\"img-move\">\n<div class=\"sitecard\">\n<div class=\"sitecard__subtitle\"> Templo Jodo Shinshu Honganji, Hekiunzan &quot;Templo Ryusenji&quot;<\/div>\n<div class=\"column column-273\">\n<div class=\"column__item\"><a href=\"https:\/\/bridge-sys.jp\/ryusenji\/\" target=\"_blank\" rel=\"noopener\"><b style=\"font-size:large\">&gt; [Templo Ryusenji, seita Jodo Shinshu Honganji]<\/b><\/a><br \/>\nPara informa\u00e7\u00f5es sobre funerais, cerim\u00f4nias memoriais permanentes, servi\u00e7os memoriais e outras homenagens p\u00f3stumas na cidade de Hokuryu, distrito de Uryu, Hokkaido, entre em contato com o Templo Ryusenji.<br \/>\n<span style=\"color: #ff9900;\">\u25b6<\/span> <a href=\"https:\/\/bridge-sys.jp\/ryusenji\/\" target=\"_blank\" rel=\"noopener\"><b style=\"font-size:large\">P\u00e1gina inicial aqui &gt;&gt;<\/b><\/div>\n<div class=\"column__item\"><img decoding=\"async\" src=\"https:\/\/portal.hokuryu.info\/wp\/wp-content\/uploads\/2023\/08\/ryusenji_phot05.png\" alt=\"Templo Jodo Shinshu Honganji, Hekiunzan &quot;Templo Ryusenji&quot;\" style=\"border:solid 1px blue\" height=\"150\"\/><\/a><\/div>\n<\/div>\n<\/div>\n<\/div>\n\n        <div class=\"site-blogcard-premium\">\n            <div class=\"bc-label-custom\">Artigos relacionados<\/div>\n            <div class=\"bc-flex-container\">\n                <div class=\"bc-main-text\">\n                    <div class=\"bc-title-link-box\">\n                        <a href=\"https:\/\/portal.hokuryu.info\/pt\/topics\/culture\/20120210.html\/\" target=\"_blank\">Palestra do Vice-Chefe Sacerdote Nobuaki Teragaki do Templo Ryusenji (Palestra da Universidade do Girassol da Cidade de Hokuryu) - Portal da Cidade de Hokuryu (Hokkaido) - A Vila do Girassol n\u00ba 1 do Jap\u00e3o<\/a>\n                    <\/div>\n                    <div class=\"bc-excerpt-box\">Apresentamos o &quot;presente&quot; de uma cidade vibrante com 2.100 habitantes e uma taxa de envelhecimento de 401.000.000. Assim como os girass\u00f3is, as fam\u00edlias vivem em harmonia...<\/div>\n                <\/div>\n                <div class=\"bc-thumbnail-box\">\n                    <a href=\"https:\/\/portal.hokuryu.info\/pt\/topics\/culture\/20120210.html\/\" target=\"_blank\">\n                        <div class=\"bc-img-zoom-wrap\">\n                            <img decoding=\"async\" src=\"https:\/\/lh4.googleusercontent.com\/-zYd6sf_dZkE\/TzNS71JBDtI\/AAAAAAAAP3M\/KPlU5nY12JA\/s720\/_IGP7893.JPG\" alt=\"Palestra do Vice-Chefe Sacerdote Nobuaki Teragaki do Templo Ryusenji (Palestra da Universidade do Girassol da Cidade de Hokuryu) - Portal da Cidade de Hokuryu (Hokkaido) - A Vila do Girassol n\u00ba 1 do Jap\u00e3o\">\n                        <\/div>\n                    <\/a>\n                <\/div>\n            <\/div>\n        <\/div>\n\n        <div class=\"site-blogcard-premium\">\n            <div class=\"bc-label-custom\">Artigos relacionados<\/div>\n            <div class=\"bc-flex-container\">\n                <div class=\"bc-main-text\">\n                    <div class=\"bc-title-link-box\">\n                        <a href=\"https:\/\/portal.hokuryu.info\/pt\/shiningpeople\/people\/20150402.html\/\" target=\"_blank\">[233] Nobuaki Teragaki \u2013 Portal da cidade de Hokuryu (Hokkaido) \u2013 Vila de girass\u00f3is n\u00famero 1 do Jap\u00e3o<\/a>\n                    <\/div>\n                    <div class=\"bc-excerpt-box\">Apresentamos o &quot;presente&quot; de uma cidade vibrante com 2.100 habitantes e uma taxa de envelhecimento de 401.000.000. Assim como os girass\u00f3is, as fam\u00edlias vivem em harmonia...<\/div>\n                <\/div>\n                <div class=\"bc-thumbnail-box\">\n                    <a href=\"https:\/\/portal.hokuryu.info\/pt\/shiningpeople\/people\/20150402.html\/\" target=\"_blank\">\n                        <div class=\"bc-img-zoom-wrap\">\n                            <img decoding=\"async\" src=\"https:\/\/lh4.googleusercontent.com\/-5xoGdCjNYgE\/VRe8o2YfuII\/AAAAAAABuvw\/4QbPjVcRtOA\/w1296-h864-no\/ILCE7M2_%2B737\" alt=\"[233] Nobuaki Teragaki \u2013 Portal da cidade de Hokuryu (Hokkaido) \u2013 Vila de girass\u00f3is n\u00famero 1 do Jap\u00e3o\">\n                        <\/div>\n                    <\/a>\n                <\/div>\n            <\/div>\n        <\/div>\n\n        <div class=\"site-blogcard-premium\">\n            <div class=\"bc-label-custom\">Artigos relacionados<\/div>\n            <div class=\"bc-flex-container\">\n                <div class=\"bc-main-text\">\n                    <div class=\"bc-title-link-box\">\n                        <a href=\"https:\/\/portal.hokuryu.info\/pt\/17454\/\" target=\"_blank\">https:\/\/portal.hokuryu.info\/17454<\/a>\n                    <\/div>\n                    <div class=\"bc-excerpt-box\">N\u00e3o foi poss\u00edvel recuperar as informa\u00e7\u00f5es da p\u00e1gina.<\/div>\n                <\/div>\n                <div class=\"bc-thumbnail-box\">\n                    <a href=\"https:\/\/portal.hokuryu.info\/pt\/17454\/\" target=\"_blank\">\n                        <div class=\"bc-img-zoom-wrap\">\n                            <img decoding=\"async\" src=\"https:\/\/portal.hokuryu.info\/wp\/wp-content\/uploads\/2026\/02\/20230802DSC06445_1.jpg\" alt=\"https:\/\/portal.hokuryu.info\/17454\">\n                        <\/div>\n                    <\/a>\n                <\/div>\n            <\/div>\n        <\/div>\n<p>\u25c7 Entrevista e texto: Ikuko Terauchi (Fotografia e assist\u00eancia de edi\u00e7\u00e3o: Noboru Terauchi)<\/p>","protected":false},"excerpt":{"rendered":"<p>\uff12\uff10\uff12\uff13\u5e74\uff18\u6708\uff12\uff11\u65e5\uff08\u6708\uff09 \uff18\u6708\uff11\uff17\u65e5\uff08\u6728\uff09\u3001\u5317\u7adc\u753a\u306e\u6d44\u571f\u771f\u5b97\u672c\u9858\u5bfa\u6d3e \u78a7\u96f2\u5c71\u300c\u9f8d\u6cc9\u5bfa\uff08\u308a\u3085\u3046\u305b\u3093\u3058\u30fb\u5bfa\u57a3\u4fe1\u6643 \u4f4f\u8077\uff09\u300d\u306b\u3066\u3001\u4ee4\u548c\uff15\u5e74\u5ea6\u300c\u9aea\u7e54\u4ecf\u5fa1\u958b\u8ef8\u6cd5\u8981\uff08\u3051\u304a\u308a\u307b\u3068\u3051\u3054\u304b\u3044\u3058\u304f\u307b\u3046\u3088\u3046\uff09\u300d\u304c\u53b3\u304b\u306b\u884c [&hellip;]<\/p>\n","protected":false},"author":1,"featured_media":36530,"comment_status":"open","ping_status":"open","sticky":false,"template":"","format":"standard","meta":{"footnotes":""},"categories":[4],"tags":[],"class_list":["post-36519","post","type-post","status-publish","format-standard","has-post-thumbnail","hentry","category-cover-story"],"_links":{"self":[{"href":"https:\/\/portal.hokuryu.info\/pt\/wp-json\/wp\/v2\/posts\/36519","targetHints":{"allow":["GET"]}}],"collection":[{"href":"https:\/\/portal.hokuryu.info\/pt\/wp-json\/wp\/v2\/posts"}],"about":[{"href":"https:\/\/portal.hokuryu.info\/pt\/wp-json\/wp\/v2\/types\/post"}],"author":[{"embeddable":true,"href":"https:\/\/portal.hokuryu.info\/pt\/wp-json\/wp\/v2\/users\/1"}],"replies":[{"embeddable":true,"href":"https:\/\/portal.hokuryu.info\/pt\/wp-json\/wp\/v2\/comments?post=36519"}],"version-history":[{"count":0,"href":"https:\/\/portal.hokuryu.info\/pt\/wp-json\/wp\/v2\/posts\/36519\/revisions"}],"wp:featuredmedia":[{"embeddable":true,"href":"https:\/\/portal.hokuryu.info\/pt\/wp-json\/wp\/v2\/media\/36530"}],"wp:attachment":[{"href":"https:\/\/portal.hokuryu.info\/pt\/wp-json\/wp\/v2\/media?parent=36519"}],"wp:term":[{"taxonomy":"category","embeddable":true,"href":"https:\/\/portal.hokuryu.info\/pt\/wp-json\/wp\/v2\/categories?post=36519"},{"taxonomy":"post_tag","embeddable":true,"href":"https:\/\/portal.hokuryu.info\/pt\/wp-json\/wp\/v2\/tags?post=36519"}],"curies":[{"name":"wp","href":"https:\/\/api.w.org\/{rel}","templated":true}]}}