{"id":35944,"date":"2023-08-08T09:36:38","date_gmt":"2023-08-08T00:36:38","guid":{"rendered":"https:\/\/portal.hokuryu.info\/?p=35944"},"modified":"2023-09-10T12:42:51","modified_gmt":"2023-09-10T03:42:51","slug":"%ef%bd%92%ef%bd%89%ef%bd%83%ef%bd%88%e5%b7%a5%e6%88%bf%ef%bc%88%ef%bd%8e%ef%bd%90%ef%bd%8f%e3%81%82%e3%81%8b%e3%82%8b%e3%81%84%e8%be%b2%e6%b3%95%ef%bc%89%e3%81%ae%e7%84%bc%e3%81%8d%e3%81%9f%e3%81%a6-7","status":"publish","type":"post","link":"https:\/\/portal.hokuryu.info\/pt\/35944\/","title":{"rendered":"P\u00e3o fresco assado pela RICH Kobo (ONG Bright Farming) ser\u00e1 vendido em agosto."},"content":{"rendered":"<p>Ter\u00e7a-feira, 8 de agosto de 2023<\/p>\n<p>Apresentamos os deliciosos p\u00e3es de agosto da RICH Kobo, uma padaria de produtos frescos administrada pela ONG Akarui Nouhou (Diretora Representante: Takebayashi Yumiko).<\/p>\n<h2>Data de vendas de agosto (14)<\/h2>\n<p>As vendas ser\u00e3o realizadas 14 vezes em agosto: \u00e0s ter\u00e7as-feiras (1, 8, 22 e 29), sextas-feiras (11 e 18), s\u00e1bados (5, 12, 19 e 26) e domingos (6, 13, 20 e 27).<\/p>\n<p>Voc\u00ea pode retirar o produto na loja ou reserv\u00e1-lo para entrega em domic\u00edlio. A promo\u00e7\u00e3o come\u00e7a \u00e0s 10h e termina enquanto durarem os estoques.<\/p>\n<figure class=\"wp-caption aligncenter\"><a href=\"https:\/\/photos.google.com\/share\/AF1QipNe89azk6vF7OoUg4v0oPveG2aFE_WiW4jJXYbuVFJYO2kzOI8dkL8f_ltDJjBDjQ\/photo\/AF1QipPWz7L-Uika7Nd4PKI3IAybnE9CWBAPi8INhcw?key=M2FQT01QcEtFRXdfWFB1Q05RUi14ZWpXWTFVQUdR\" target=\"_blank\" rel=\"noopener\"><img decoding=\"async\" src=\"https:\/\/lh3.googleusercontent.com\/pw\/AIL4fc-FXbLKmqqzGkiWbHYZHa1j_0Z06KaLpo7BboiX29jmE_J9zMJfdxOWsD7FCOeM6SpM-cvIDFr1_5qCSA-U65gKyLZ89tEJqnPRTbDk0YWQCqGhoRpiXZBCYom7ptHC7g5zp4SlD0foJtMQsszKlBBD=w1296-h1822-s-no?authuser=1\" width=\"1296\" height=\"1822\" alt=\"Dia do P\u00e3o Fresco de Agosto\" class=\"size-full\" \/><\/a><figcaption class=\"wp-caption-text\">Dia do P\u00e3o Fresco de Agosto<\/figcaption><\/figure>\n<h2>Card\u00e1pio de p\u00e3es de agosto<\/h2>\n<p>As variedades incluem p\u00e3o com manteiga salgada, p\u00e3o de passas, p\u00e3o com pasta de girassol e feij\u00e3o, p\u00e3o cremoso, p\u00e3o de mel\u00e3o, pastel dinamarqu\u00eas de queijo, croissant de chocolate, p\u00e3o de curry, rolinho vienense de salsicha, mini p\u00e3o fatiado, croissant de manteiga fermentada, torta de queijo, p\u00e3o com pasta de ab\u00f3bora e feij\u00e3o, p\u00e3o com queijo e ovas de bacalhau, bolo de polpa de soja, rolinho primavera de aspargos, bacon e ovo, pastel dinamarqu\u00eas de presunto e queijo, p\u00e3o holand\u00eas com queijo mentaiko, p\u00e3o holand\u00eas com queijo e ch\u00e1, torta de ma\u00e7\u00e3, torta de mirtilo, etc.<\/p>\n<figure class=\"wp-caption aligncenter\"><a href=\"https:\/\/photos.google.com\/share\/AF1QipNe89azk6vF7OoUg4v0oPveG2aFE_WiW4jJXYbuVFJYO2kzOI8dkL8f_ltDJjBDjQ\/photo\/AF1QipORBWVzUQ0KUnKi2Rq98Huhd9q3oWZqPUwP0r8?key=M2FQT01QcEtFRXdfWFB1Q05RUi14ZWpXWTFVQUdR\" target=\"_blank\" rel=\"noopener\"><img decoding=\"async\" src=\"https:\/\/lh3.googleusercontent.com\/pw\/AIL4fc-fP9Yoid3Z5jCkwfrPZ0AeUarG-sv37KB-R8bSInfu9mNVHchs1UrPdoMQqvtjd-1cf5T3B03Fumi7PuIX4KX-OK9VF7ndUYc4tCWPdbC2PmU6n7bQKDBnohIjx9KIWR7sUpNqneJqDteHxUVTTxYH=w1342-h1896-s-no?authuser=0\" width=\"1296\" height=\"1822\" alt=\"Dia do P\u00e3o Fresco de Agosto\" class=\"size-full\" \/><\/a><figcaption class=\"wp-caption-text\">Dia do P\u00e3o Fresco de Agosto<\/figcaption><\/figure>\n<h3>Croissant de ch\u00e1 e chocolate<\/h3>\n<p>\u2742 Croissant de chocolate com aroma intenso de ch\u00e1<\/p>\n<figure class=\"wp-caption aligncenter\"><a href=\"https:\/\/photos.google.com\/share\/AF1QipNe89azk6vF7OoUg4v0oPveG2aFE_WiW4jJXYbuVFJYO2kzOI8dkL8f_ltDJjBDjQ\/photo\/AF1QipMTv8YKG1ctFpm3LPNaVj6Xe2nP9KPfWAkJp8s?key=M2FQT01QcEtFRXdfWFB1Q05RUi14ZWpXWTFVQUdR\" target=\"_blank\" rel=\"noopener\"><img decoding=\"async\" src=\"https:\/\/lh3.googleusercontent.com\/pw\/AIL4fc-T4NWfwCEA3OGaNoIPtxfi5WBb2rCAIBwDkkkej9qGVUbvkeIZMQyV_6ngQeiySNjFxHzxrHnF7tEcYFDF_vWJdzfx_ZqYyqeP_m0sUrVMV47TyFGVpNq_Uo7VMX0QM-nZoHad-XWItv79eFFcg2uV=w2000-h1333-s-no?authuser=0\" width=\"2000\" height=\"1333\" alt=\"Croissant de ch\u00e1 e chocolate\" class=\"size-full\" \/><\/a><figcaption class=\"wp-caption-text\">Croissant de ch\u00e1 e chocolate<\/figcaption><\/figure>\n<h3>Dan\u00eas de presunto e queijo<\/h3>\n<p>\u2742 A massa da torta est\u00e1 crocante e o presunto e o queijo est\u00e3o derretidos!<\/p>\n<figure class=\"wp-caption aligncenter\"><a href=\"https:\/\/photos.google.com\/share\/AF1QipNe89azk6vF7OoUg4v0oPveG2aFE_WiW4jJXYbuVFJYO2kzOI8dkL8f_ltDJjBDjQ\/photo\/AF1QipONHukvvrLR-G51EDkbMLJy9tBmLF-X2e8srfE?key=M2FQT01QcEtFRXdfWFB1Q05RUi14ZWpXWTFVQUdR\" target=\"_blank\" rel=\"noopener\"><img decoding=\"async\" src=\"https:\/\/lh3.googleusercontent.com\/pw\/AIL4fc9UnRX4Aenexw0SrGkA0DIvvumRKv5zogjjU2fLmCc4PlbTjwgFM87Iqq-bQdLMp0-GW3K_Wq2FszThTP4rV_zjljtJHSYXWNgpPGhEl4vhPLrbqWqn50QjXud8iVFg8kf-j215tC0iVfbEGuUZvDK3=w2000-h1333-s-no?authuser=0\" width=\"2000\" height=\"1333\" alt=\"Dan\u00eas de presunto e queijo\" class=\"size-full\" \/><\/a><figcaption class=\"wp-caption-text\">Dan\u00eas de presunto e queijo<\/figcaption><\/figure>\n<h3>manteiga salgada<\/h3>\n<p>\u2742 Sandu\u00edche de pepino e queijo com bastante geleia de mel e lim\u00e3o...<\/p>\n<figure class=\"wp-caption aligncenter\"><a href=\"https:\/\/photos.google.com\/share\/AF1QipNe89azk6vF7OoUg4v0oPveG2aFE_WiW4jJXYbuVFJYO2kzOI8dkL8f_ltDJjBDjQ\/photo\/AF1QipP4JvEWgPXCWZ_Z04Xry7Lpl2zDEPFW2f97DwQ?key=M2FQT01QcEtFRXdfWFB1Q05RUi14ZWpXWTFVQUdR\" target=\"_blank\" rel=\"noopener\"><img decoding=\"async\" src=\"https:\/\/lh3.googleusercontent.com\/pw\/AIL4fc_bdw88fQ9SDZVpBzMvoWJZEV264HExdJBQq7F5z-aqNBnUHyI7Zi7cawek-9jgjgU8T01mXb6Rj5XIC3e0Ijp17QEugptGjIKm4lh50lJ65-dyRlCexzWbP-ziOWIc7WZslptJvg9qiebnz_aEJqk0=w2000-h1333-s-no?authuser=0\" width=\"2000\" height=\"1333\" alt=\"Sandu\u00edche de pepino com manteiga salgada e queijo\" class=\"size-full\" \/><\/a><figcaption class=\"wp-caption-text\">Sandu\u00edche de pepino com manteiga salgada e queijo<\/figcaption><\/figure>\n<h3>O mini p\u00e3ozinho traz a imagem de Himawari Saki estampada na embalagem.<\/h3>\n<p>\u2742 O mini p\u00e3ozinho tem a marca Himawari Saki estampada! Que fofo!!!<\/p>\n<figure class=\"wp-caption aligncenter\"><a href=\"https:\/\/photos.google.com\/share\/AF1QipNe89azk6vF7OoUg4v0oPveG2aFE_WiW4jJXYbuVFJYO2kzOI8dkL8f_ltDJjBDjQ\/photo\/AF1QipPEoW4TwQNvcEA8jrgpwNzcD7Rskar_DzS5MHU?key=M2FQT01QcEtFRXdfWFB1Q05RUi14ZWpXWTFVQUdR\" target=\"_blank\" rel=\"noopener\"><img decoding=\"async\" src=\"https:\/\/lh3.googleusercontent.com\/pw\/AIL4fc9DN9syGWv7nkDUX-LZIYOg6wcUEVvF1q6G7jSb8mXJx99iF042y-FISEMB6i5XH7G2qK3sZPm1Sx2SjGvLwZpzUXzW-PmTDNZA5iBzc3fqzTupP8ivVCDbyB8a5SEjQ3jhWZLAsF2SJcm7lLetzDMx=w2000-h1333-s-no?authuser=0\" width=\"2000\" height=\"1333\" alt=\"Mini p\u00e3o com a marca Himawari Saki estampada.\" class=\"size-full\" \/><\/a><figcaption class=\"wp-caption-text\">Mini p\u00e3o com a marca Himawari Saki estampada.<\/figcaption><\/figure>\n<h2>Almo\u00e7o de hoje<\/h2>\n<h3>Muitos recheios em mini p\u00e3es!<\/h3>\n<p>\u2742 Mini p\u00e3es cobertos com bastante manteiga de amendoim, cream cheese e nozes (am\u00eandoas e nozes)!<\/p>\n<figure class=\"wp-caption aligncenter\"><a href=\"https:\/\/photos.google.com\/share\/AF1QipNe89azk6vF7OoUg4v0oPveG2aFE_WiW4jJXYbuVFJYO2kzOI8dkL8f_ltDJjBDjQ\/photo\/AF1QipPCeZCXB2tmEy8ZRJ3ZK7UkWPibxNYGRUn_jOU?key=M2FQT01QcEtFRXdfWFB1Q05RUi14ZWpXWTFVQUdR\" target=\"_blank\" rel=\"noopener\"><img decoding=\"async\" src=\"https:\/\/lh3.googleusercontent.com\/pw\/AIL4fc-eIIrjUXhOAphTs-oEWzrISY94EEeX7qsbxd0Ahd6qHQk9SQydXzSpHvKGgAQdCTaXzkpQHmvAqGTLxccDuL-9wMSf15fsdcQ824QrvNwMz1bBvLSwt9hwWL2BiMN8G10n0_8o_S4tGQdVRFdi-gMC=w2000-h1333-s-no?authuser=0\" width=\"2000\" height=\"1333\" alt=\"Os mini p\u00e3es s\u00e3o cobertos com bastante manteiga de amendoim, cream cheese e nozes (am\u00eandoas e nozes)!\" class=\"size-full\" \/><\/a><figcaption class=\"wp-caption-text\">Os mini p\u00e3es s\u00e3o cobertos com bastante manteiga de amendoim, cream cheese e nozes (am\u00eandoas e nozes)!<\/figcaption><\/figure>\n<h3>bebida<\/h3>\n<p>\u2742 Para beber, experimente o refresco gelado de frutas (mel\u00e3o, laranja, kiwi)!<\/p>\n<figure class=\"wp-caption aligncenter\"><a href=\"https:\/\/photos.google.com\/share\/AF1QipNe89azk6vF7OoUg4v0oPveG2aFE_WiW4jJXYbuVFJYO2kzOI8dkL8f_ltDJjBDjQ\/photo\/AF1QipM2Ld1MXi_zQ036bEWBsjhXBlZTF6jVIRBYZp0?key=M2FQT01QcEtFRXdfWFB1Q05RUi14ZWpXWTFVQUdR\" target=\"_blank\" rel=\"noopener\"><img decoding=\"async\" src=\"https:\/\/lh3.googleusercontent.com\/pw\/AIL4fc8rBUP7h2EKDXZfCtZ338ciK3EuyjVYuE0UexYxQguLSgF8AQOjnoiavapa_04IvJYEXj74Cm4bjhzmpnpNdmc0qW_FQBxeisl89AiCQIxaNVQ8S6cF66xiF7lM0N4FC7t0Aq3sgYzAqqEnHAZPl0pN=w2000-h1333-s-no?authuser=0\" width=\"2000\" height=\"1333\" alt=\"Ab\u00f3bora de frutas!\" class=\"size-full\" \/><\/a><figcaption class=\"wp-caption-text\">Ab\u00f3bora de frutas!<\/figcaption><\/figure>\n<p>Delicie-se com o saboroso p\u00e3o Rich Kobo, acompanhado de sopa de milho branco e feij\u00e3o verde marroquino, e desfrute de um momento de puro prazer com muito amor, gratid\u00e3o e ora\u00e7\u00f5es...<\/p>\n<figure class=\"wp-caption aligncenter\"><a href=\"https:\/\/photos.google.com\/share\/AF1QipNe89azk6vF7OoUg4v0oPveG2aFE_WiW4jJXYbuVFJYO2kzOI8dkL8f_ltDJjBDjQ\/photo\/AF1QipPR16r1MG68HxrKNzAoLXLhBhk7O6F8QdrFUAk?key=M2FQT01QcEtFRXdfWFB1Q05RUi14ZWpXWTFVQUdR\" target=\"_blank\" rel=\"noopener\"><img decoding=\"async\" src=\"https:\/\/lh3.googleusercontent.com\/pw\/AIL4fc9PgAY_P12_9-88SJZ7fgfzaRpiBh58LN7DBAHxha5m_vkkfNJxKdgQr9hFJEEHe_AUddHwspS7zNdgkmh2XODdGkvSATylyaNocYIJBJhIWBs0duOEHQb2cb0d7rseAx-6UCtLlAP-Mx5ESEflwjxL=w2000-h1333-s-no?authuser=0\" width=\"2000\" height=\"1333\" alt=\"Com gratid\u00e3o pelo maravilhoso tempo que passei com o p\u00e3o Rich Kobo...\" class=\"size-full\" \/><\/a><figcaption class=\"wp-caption-text\">Com gratid\u00e3o pelo maravilhoso tempo que passei com o p\u00e3o Rich Kobo...<\/figcaption><\/figure>\n<h2>Artigos relacionados<\/h2>\n<div class=\"img-move\">\n<div class=\"sitecard\">\n<div class=\"sitecard__subtitle\"> RICO Kobo (ONG Agr\u00edcola de Akarui)<\/div>\n<div class=\"column column-273\">\n<div class=\"column__item\"><a href=\"https:\/\/portal.hokuryu.info\/pt\/category\/org\/akaruinoho\/richworkshop\/\" target=\"_blank\" rel=\"noopener\"><b style=\"font-size:large\">ONG Bright Farming<\/b><\/a><br \/>\n<span style=\"font-size:11pt\">Gostar\u00edamos de apresentar a voc\u00eas o delicioso p\u00e3o da RICH Kobo, uma padaria que produz p\u00e3es frescos e \u00e9 administrada pela ONG Akarui Noho (Diretora Representante: Takebayashi Yumiko).<\/span><br \/>\n<span style=\"color: #ff9900;\">\u25b6<\/span> <a href=\"https:\/\/portal.hokuryu.info\/pt\/category\/org\/akaruinoho\/richworkshop\/\" target=\"_blank\" rel=\"noopener\"><b style=\"font-size:large\">Clique aqui para ler o artigo sobre as vendas de p\u00e3o da RICH Kobo &gt;&gt;<\/b><\/div>\n<div class=\"column__item\"><img decoding=\"async\" src=\"https:\/\/portal.hokuryu.info\/wp\/wp-content\/uploads\/2023\/04\/2023-04-05-7.29.08.jpg\" alt=\"Fotos do p\u00e3o RICH Kobo\" style=\"border:solid 1px blue\" height=\"150\"\/><\/a><\/div>\n<\/div>\n<\/div>\n<\/div>\n<p>\u25c7 Entrevista e texto: Ikuko Terauchi (Fotografia e assist\u00eancia de edi\u00e7\u00e3o: Noboru Terauchi)<\/p>","protected":false},"excerpt":{"rendered":"<p>\uff12\uff10\uff12\uff13\u5e74\uff18\u6708\uff18\u65e5\uff08\u706b\uff09 \uff2e\uff30\uff2f\u6cd5\u4eba\u3042\u304b\u308b\u3044\u8fb2\u6cd5\uff08\u7af9\u6797\u7531\u7f8e\u5b50 \u4ee3\u8868\u7406\u4e8b\uff09\u306e\u713c\u304d\u305f\u3066\u30d1\u30f3\u5c4b\u3055\u3093\u300c\uff32\uff29\uff23\uff28\u5de5\u623f\u300d\uff18\u6708\u306e\u7f8e\u5473\u3057\u3044\u30d1\u30f3\u306e\u3054\u7d39\u4ecb\u3067\u3059\u3002 \uff18\u6708\u8ca9\u58f2\u65e5\uff08\uff11\uff14\u56de\uff09 \uff18\u6708\u306e\u8ca9\u58f2\u306f\u3001\u706b\u66dc\u65e5\uff08\uff11\u65e5\u30fb\uff18\u65e5\u30fb\uff12 [&hellip;]<\/p>\n","protected":false},"author":1,"featured_media":35949,"comment_status":"open","ping_status":"open","sticky":false,"template":"","format":"standard","meta":{"footnotes":""},"categories":[4,63],"tags":[],"class_list":["post-35944","post","type-post","status-publish","format-standard","has-post-thumbnail","hentry","category-cover-story","category-richworkshop"],"_links":{"self":[{"href":"https:\/\/portal.hokuryu.info\/pt\/wp-json\/wp\/v2\/posts\/35944","targetHints":{"allow":["GET"]}}],"collection":[{"href":"https:\/\/portal.hokuryu.info\/pt\/wp-json\/wp\/v2\/posts"}],"about":[{"href":"https:\/\/portal.hokuryu.info\/pt\/wp-json\/wp\/v2\/types\/post"}],"author":[{"embeddable":true,"href":"https:\/\/portal.hokuryu.info\/pt\/wp-json\/wp\/v2\/users\/1"}],"replies":[{"embeddable":true,"href":"https:\/\/portal.hokuryu.info\/pt\/wp-json\/wp\/v2\/comments?post=35944"}],"version-history":[{"count":0,"href":"https:\/\/portal.hokuryu.info\/pt\/wp-json\/wp\/v2\/posts\/35944\/revisions"}],"wp:featuredmedia":[{"embeddable":true,"href":"https:\/\/portal.hokuryu.info\/pt\/wp-json\/wp\/v2\/media\/35949"}],"wp:attachment":[{"href":"https:\/\/portal.hokuryu.info\/pt\/wp-json\/wp\/v2\/media?parent=35944"}],"wp:term":[{"taxonomy":"category","embeddable":true,"href":"https:\/\/portal.hokuryu.info\/pt\/wp-json\/wp\/v2\/categories?post=35944"},{"taxonomy":"post_tag","embeddable":true,"href":"https:\/\/portal.hokuryu.info\/pt\/wp-json\/wp\/v2\/tags?post=35944"}],"curies":[{"name":"wp","href":"https:\/\/api.w.org\/{rel}","templated":true}]}}