{"id":34971,"date":"2023-07-20T09:44:02","date_gmt":"2023-07-20T00:44:02","guid":{"rendered":"https:\/\/portal.hokuryu.info\/?p=34971"},"modified":"2023-07-25T16:03:28","modified_gmt":"2023-07-25T07:03:28","slug":"%e7%94%b0%e4%b8%ad%e7%9b%9b%e4%ba%ae%e3%81%95%e3%82%93%e3%81%ae%e5%b1%b1%e9%81%8a%e3%81%b3%ef%bc%88%e9%9b%a8%e7%ab%9c%e7%94%ba%e6%b8%ad%e3%81%ae%e6%b4%a5%e3%83%bb%e7%89%a7%e4%b8%98%ef%bc%89","status":"publish","type":"post","link":"https:\/\/portal.hokuryu.info\/pt\/34971\/","title":{"rendered":"Tanaka Moriaki brincando nas montanhas (Inotsu e Makioka, cidade de Uryu)"},"content":{"rendered":"<p>Quinta-feira, 20 de julho de 2023<\/p>\n<p>Moriaki Tanaka (86 anos), que mora na cidade de Hokuryu, possui terras florestais em Iinotsu e Makioka, na cidade vizinha de Uryu.<\/p>\n<p>Ouvi dizer que ele estava com boa sa\u00fade e trabalhando na floresta, cortando a grama e podando os galhos mais baixos, ent\u00e3o decidi visitar a floresta.<\/p>\n<p>Os arrozais em Makioka, perto daqui, foram comprados e cultivados pelo Sr. Tanaka ap\u00f3s a guerra. Embora ele tenha abandonado os arrozais, ainda possui cerca de 5 hectares de floresta, e a floresta mista tem cerca de 50 anos.<\/p>\n<h2>Este ano, j\u00e1 foram necess\u00e1rios 20 dias para cortar a grama e fazer a manuten\u00e7\u00e3o.<\/h2>\n<figure class=\"wp-caption aligncenter\"><a href=\"https:\/\/photos.google.com\/share\/AF1QipNWv_prbXM_Lk1yjRLC47VsgMnTLCl-ucTs3I1so2ya9cwtf9gRKAXZ2JLcoYvTXg\/photo\/AF1QipM0m_6cIqEvB7C3JHhFHMdOUc-GQ30Iedz93TM?key=VkVucTk2emtiYkdHb3NSSk0wdXllVHh5SzV0eFNn\" target=\"_blank\" rel=\"noopener\"><img decoding=\"async\" src=\"https:\/\/lh3.googleusercontent.com\/pw\/AIL4fc9D3eHVCAaTFcEfIRsuZ8wzR_s-Ah4pLA3rkl2RxD588Xs9PDlg8nfuR-xakXbVSwbgH1AwO9KhXQK2vzeHI8STzlSR_3SqRkk-VLDU8XIfAPq7eN4DhwQ6ccXdULwVzEGJflUpB41Rbx0ePPTJucW4=w2000-h1500-s-no?authuser=0\" width=\"2000\" height=\"1500\" alt=\"O Sr. Moriaki Tanaka fala com entusiasmo sobre as montanhas.\" class=\"size-full\" \/><\/a><figcaption class=\"wp-caption-text\">O Sr. Moriaki Tanaka fala com entusiasmo sobre as montanhas.<\/figcaption><\/figure>\n<p>H\u00e1 vinte anos, a Associa\u00e7\u00e3o Florestal Kita Sorachi plantou \u00e1rvores com intervalos de 1,8 m em parte da floresta. J\u00e1 se passaram tr\u00eas anos desde que Moriaki Tanaka, membro da associa\u00e7\u00e3o, come\u00e7ou a ro\u00e7ar a \u00e1rea plantada.<\/p>\n<p>Quando se sente bem, ele leva seu cortador de grama para a floresta e passa cerca de duas horas limpando \u00e1rvores e cortando a grama. Este ano, ele j\u00e1 est\u00e1 l\u00e1 h\u00e1 cerca de 20 dias.<\/p>\n<p>&quot;Cortar a grama pode ser assustador (cansativo) porque pode machucar as costas, mas quando voc\u00ea cuida dela com aten\u00e7\u00e3o, fica divertido, ent\u00e3o eu continuo fazendo.&quot;<\/p>\n<p>Os cogumelos de lari\u00e7o de folha caduca tamb\u00e9m est\u00e3o crescendo naturalmente, e estou ansioso para colher bardana e samambaia no pr\u00f3ximo ano.<\/p>\n<p>&quot;Gostaria de continuar cortando arbustos e curtindo o processo no meu pr\u00f3prio ritmo, sem me esfor\u00e7ar demais&quot;, diz Tanaka com um sorriso.<\/p>\n<h2>Mapa da floresta (\u00e1rea delimitada por linhas vermelhas grossas)<\/h2>\n<figure class=\"wp-caption aligncenter\"><a href=\"https:\/\/photos.google.com\/share\/AF1QipNWv_prbXM_Lk1yjRLC47VsgMnTLCl-ucTs3I1so2ya9cwtf9gRKAXZ2JLcoYvTXg\/photo\/AF1QipOhAhPXF8pnEjh81dgn8WhFWCGWpG2IuV3Bulg?key=VkVucTk2emtiYkdHb3NSSk0wdXllVHh5SzV0eFNn\" target=\"_blank\" rel=\"noopener\"><img decoding=\"async\" src=\"https:\/\/lh3.googleusercontent.com\/pw\/AIL4fc862jT4gQzXJPs4jkXEJfjtPsOIGbb93-R6XYKDUBthAqmMm4CLaZ03SyU-w5wTWw5eOMh49PKf4Q3O461t42BNI901cIesGA5QS_w1llVZ9sv2v2EhMHsqN7t-Q7PlfawCSrykEGZ29HN-q_LzKJqn=w2000-h1500-s-no?authuser=0\" width=\"2000\" height=\"1500\" alt=\"Mapa da montanha (fornecido pela Prefeitura de Uryu)\" class=\"size-full\" \/><\/a><figcaption class=\"wp-caption-text\">Mapa da montanha (fornecido pela Prefeitura de Uryu)<\/figcaption><\/figure>\n<h2>Um local onde os galhos inferiores foram cortados e a grama foi cuidadosamente aparada.<\/h2>\n<figure class=\"wp-caption aligncenter\"><a href=\"https:\/\/photos.google.com\/share\/AF1QipNWv_prbXM_Lk1yjRLC47VsgMnTLCl-ucTs3I1so2ya9cwtf9gRKAXZ2JLcoYvTXg\/photo\/AF1QipPWXu-NDClFDzDaeWv4713TTtlA-feCSYOPlwM?key=VkVucTk2emtiYkdHb3NSSk0wdXllVHh5SzV0eFNn\"><img decoding=\"async\" src=\"https:\/\/lh3.googleusercontent.com\/pw\/AIL4fc8yuoFDjAQOMSbbCPP8Ym8rzMjB6W07dKBCJO3Fbbu6Q0k4SCRGMAzBA8Txsu1uVTe2uB365m7Jcb3lrI0NUKoiPbAHKDV1QHnBfJZlNmfCqHcpnjEwplIyPhObvFy82yJ3TpRevCirK-O5vXhe97rQ=w2000-h1500-s-no?authuser=0\" width=\"2000\" height=\"1500\" alt=\"Um local onde os galhos inferiores foram cortados e a grama foi cuidadosamente aparada.\" class=\"size-full\" \/><\/a><figcaption class=\"wp-caption-text\">Um local onde os galhos inferiores foram cortados e a grama foi cuidadosamente aparada.<\/figcaption><\/figure>\n\ufffc<br \/>\n&quot;As \u00e1rvores n\u00e3o podem ser cortadas antes de completarem 50 anos&quot;, afirma Tanaka.<\/p>\n<figure class=\"wp-caption aligncenter\"><a href=\"https:\/\/photos.google.com\/share\/AF1QipNWv_prbXM_Lk1yjRLC47VsgMnTLCl-ucTs3I1so2ya9cwtf9gRKAXZ2JLcoYvTXg\/photo\/AF1QipOIocljZ5Zzqu3_Coq5zJASwvE9xsTdtblglj8?key=VkVucTk2emtiYkdHb3NSSk0wdXllVHh5SzV0eFNn\" target=\"_blank\" rel=\"noopener\"><img decoding=\"async\" src=\"https:\/\/lh3.googleusercontent.com\/pw\/AIL4fc_6coV6WK6puik-P15zZ4aeJgOA7eBTYuSLnp9D3G6qSrw7vtLCLZaEsisYi5LF9JPOVXsWy64B2c7Zz3XAnqU1zDWcD_a9y1Cm7SqK-byGOdot8_4RG2RL_80CzOBVWWsMGVc0rN6tFdnWF6tSiKLq=w2000-h1500-s-no?authuser=0\" width=\"2000\" height=\"1500\" alt=\"&quot;As \u00e1rvores n\u00e3o podem ser cortadas antes de completarem 50 anos&quot;, afirma Tanaka.\" class=\"size-full\" \/><\/a><figcaption class=\"wp-caption-text\">&quot;As \u00e1rvores n\u00e3o podem ser cortadas antes de completarem 50 anos&quot;, afirma Tanaka.<\/figcaption><\/figure>\n<h3>Uma floresta lindamente cuidada, semelhante a um acampamento.<\/h3>\n<figure class=\"wp-caption aligncenter\"><a href=\"https:\/\/photos.google.com\/share\/AF1QipNWv_prbXM_Lk1yjRLC47VsgMnTLCl-ucTs3I1so2ya9cwtf9gRKAXZ2JLcoYvTXg\/photo\/AF1QipMzPJWLnp2XHn1MDOfpR76ArKucVB95mhoSFrM?key=VkVucTk2emtiYkdHb3NSSk0wdXllVHh5SzV0eFNn\" target=\"_blank\" rel=\"noopener\"><img decoding=\"async\" src=\"https:\/\/lh3.googleusercontent.com\/pw\/AIL4fc--uTAT1Q-y3-r_dERtzoxspJ8Qz2vcoPg-XJ3u3vKK1frqu51MKkym7HJyFxgcUnq_svGD7c0-1OsIeQLhmxrk29lDeqg8_roICzPZlBipRIS49Z38jFmtqhbt1sZ_EIC8Brqv9wRvVmS_2bpA_1wR=w2000-h1500-s-no?authuser=0\" width=\"2000\" height=\"1500\" alt=\"Uma floresta lindamente cuidada, semelhante a um acampamento.\" class=\"size-full\" \/><\/a><figcaption class=\"wp-caption-text\">Uma floresta lindamente cuidada, semelhante a um acampamento.<\/figcaption><\/figure>\n<h3>\u00e1rvore de 20 anos<\/h3>\n<figure class=\"wp-caption aligncenter\"><a href=\"https:\/\/photos.google.com\/share\/AF1QipNWv_prbXM_Lk1yjRLC47VsgMnTLCl-ucTs3I1so2ya9cwtf9gRKAXZ2JLcoYvTXg\/photo\/AF1QipPmqsq1mnawfqh--AP2PKTFDNG0PqSR5wDHhqQ?key=VkVucTk2emtiYkdHb3NSSk0wdXllVHh5SzV0eFNn\" target=\"_blank\" rel=\"noopener\"><img decoding=\"async\" src=\"https:\/\/lh3.googleusercontent.com\/pw\/AIL4fc_LQyaz2xkwMpFczS_asvEbbRKBwVQHJlRad9idkcKaJ8gJ1y6dA-2Sd6g1txWeJXnc1s9aqQ0sT0Fh5o080Di1pksapF82X2NCLPZ6aOanBHSqQ0lNI0TsWdhkLHUlRMyxZhL_D20C4E9J8lQc0z-b=w2000-h1500-s-no?authuser=0\" width=\"2000\" height=\"1500\" alt=\"\u00e1rvore de 20 anos\" class=\"size-full\" \/><\/a><figcaption class=\"wp-caption-text\">\u00e1rvore de 20 anos<\/figcaption><\/figure>\n<h3>Uma \u00e1rea arborizada que costuma ser visitada por veados.<\/h3>\n<figure class=\"wp-caption aligncenter\"><a href=\"https:\/\/photos.google.com\/share\/AF1QipNWv_prbXM_Lk1yjRLC47VsgMnTLCl-ucTs3I1so2ya9cwtf9gRKAXZ2JLcoYvTXg\/photo\/AF1QipOWDERxW1nyj-1kG9Rhlk4lqPeP-6YHYdtG4pI?key=VkVucTk2emtiYkdHb3NSSk0wdXllVHh5SzV0eFNn\" target=\"_blank\" rel=\"noopener\"><img decoding=\"async\" src=\"https:\/\/lh3.googleusercontent.com\/pw\/AIL4fc8FFw3bBvFtm-lb6NTPWki4-MRbkYzlgjpadppOJxehJDPPMSbxPaDyJtU8tJ1onr6-ThucgKvvAwhdDk__2SKlGxk79v_zroa3dGoT1v56pUEGt17oQaHMNrNqicUaicvDO9ghQzJ1aoh179OSzYCp=w2000-h1500-s-no?authuser=0\" width=\"2000\" height=\"1500\" alt=\"Uma \u00e1rea arborizada que costuma ser visitada por veados.\" class=\"size-full\" \/><\/a><figcaption class=\"wp-caption-text\">Uma \u00e1rea arborizada que costuma ser visitada por veados.<\/figcaption><\/figure>\n<h3>&quot;H\u00e1 alguns arbustos de bardana crescendo mais adiante aqui&quot;, diz Tanaka.<\/h3>\n<figure class=\"wp-caption aligncenter\"><a href=\"https:\/\/photos.google.com\/share\/AF1QipNWv_prbXM_Lk1yjRLC47VsgMnTLCl-ucTs3I1so2ya9cwtf9gRKAXZ2JLcoYvTXg\/photo\/AF1QipPN0ZfpcIO-kuGNKPTbSXYvzuvYxGruKZhwEkY?key=VkVucTk2emtiYkdHb3NSSk0wdXllVHh5SzV0eFNn\" target=\"_blank\" rel=\"noopener\"><img decoding=\"async\" src=\"https:\/\/lh3.googleusercontent.com\/pw\/AIL4fc8pRo8pwSC3uw3c2or5kpwnUSlAyO4c3g8tRpKUAs2PDEHV2-WytuZGVMH1-j2GGa0axf7vA3MTGoFRzG7Z2L1dMJgKy1KtL5Pwhj2VzLyA4VPviov6enKWaJE5V3G21NWS2YVES5CmWgOXEuMwi31z=w2000-h1500-s-no?authuser=0\" width=\"2000\" height=\"1500\" alt=\"&quot;H\u00e1 alguns arbustos de bardana crescendo mais adiante aqui&quot;, diz Tanaka.\" class=\"size-full\" \/><\/a><figcaption class=\"wp-caption-text\">&quot;H\u00e1 alguns arbustos de bardana crescendo mais adiante aqui&quot;, diz Tanaka.<\/figcaption><\/figure>\n<h3>Uma brisa refrescante sopra pela floresta.<\/h3>\n<figure class=\"wp-caption aligncenter\"><a href=\"https:\/\/photos.google.com\/share\/AF1QipNWv_prbXM_Lk1yjRLC47VsgMnTLCl-ucTs3I1so2ya9cwtf9gRKAXZ2JLcoYvTXg\/photo\/AF1QipMBwSB5Py1EJwrObOFSkHcfhLYenQwVFpZ9Cok?key=VkVucTk2emtiYkdHb3NSSk0wdXllVHh5SzV0eFNn\" target=\"_blank\" rel=\"noopener\"><img decoding=\"async\" src=\"https:\/\/lh3.googleusercontent.com\/pw\/AIL4fc8tTdCICrlxJgi1LVNZkHGcaCy_YPe5AXzYvID53B7fDOKd-LkeMoVg9YAyVL2DydVvWF-cCpicxk-OzeRg2ZQoc33zTaYwdwY-HkW1Oyib81AvpZ4yUaUJZlA6qOBgBpxAlgVxgF2CDrqAkMafWfrB=w2000-h1500-s-no?authuser=0\" width=\"2000\" height=\"1500\" alt=\"Uma brisa refrescante sopra pela floresta.\" class=\"size-full\" \/><\/a><figcaption class=\"wp-caption-text\">Uma brisa refrescante sopra pela floresta.<\/figcaption><\/figure>\n<h2>\u00c1gua agr\u00edcola (\u00e1gua da Barragem Shokanbetsu)<\/h2>\n<figure class=\"wp-caption aligncenter\"><a href=\"https:\/\/photos.google.com\/share\/AF1QipNWv_prbXM_Lk1yjRLC47VsgMnTLCl-ucTs3I1so2ya9cwtf9gRKAXZ2JLcoYvTXg\/photo\/AF1QipOICy0xDF41qv7yXHsItH_1zzt_LLQd4hCCTeg?key=VkVucTk2emtiYkdHb3NSSk0wdXllVHh5SzV0eFNn\" target=\"_blank\" rel=\"noopener\"><img decoding=\"async\" src=\"https:\/\/lh3.googleusercontent.com\/pw\/AIL4fc8kfmdB6Wu07SDhkR5xsloBGTdU5cu2mNfkm49W1HxU_u-T9xtcKqNUqx8HnEFdx1uqu74QfEARr1Zlw57mbZXubzJGCyx9hgTYVARNJEJ4zIj88l_Ut6vdwJ0giWaK3vQy6y5BU3K5ECIfHDGnv5Xk=w2000-h1500-s-no?authuser=0\" width=\"2000\" height=\"1500\" alt=\"\u00c1gua agr\u00edcola (\u00e1gua da Barragem Shokanbetsu)\" class=\"size-full\" \/><\/a><figcaption class=\"wp-caption-text\">\u00c1gua agr\u00edcola (\u00e1gua da Barragem Shokanbetsu)<\/figcaption><\/figure>\ufffc<\/p>\n<h3>\u00c1gua de irriga\u00e7\u00e3o fluindo para os campos vizinhos<\/h3>\n<figure class=\"wp-caption aligncenter\"><a href=\"https:\/\/photos.google.com\/share\/AF1QipNWv_prbXM_Lk1yjRLC47VsgMnTLCl-ucTs3I1so2ya9cwtf9gRKAXZ2JLcoYvTXg\/photo\/AF1QipOBAsXnkZYivk7XPkfwyzdDfK4PKycmCRdidek?key=VkVucTk2emtiYkdHb3NSSk0wdXllVHh5SzV0eFNn\" target=\"_blank\" rel=\"noopener\"><img decoding=\"async\" src=\"https:\/\/lh3.googleusercontent.com\/pw\/AIL4fc8Go0yZ6N3I_bN4xvo4CJxArJX7TUHkcg7YtU9zG3eB10vB4gO6F_ErmvnECoq8xK6whti50xnt074cNDV8TChH1BwLYu32reTl76h2u4YZt_2iBIPgF2REtVlUuP4mu4F4tD7E2Xf3tf5p8RTalPnw=w2000-h1500-s-no?authuser=0\" width=\"2000\" height=\"1500\" alt=\"\u00c1gua de irriga\u00e7\u00e3o fluindo para os campos vizinhos\" class=\"size-full\" \/><\/a><figcaption class=\"wp-caption-text\">\u00c1gua de irriga\u00e7\u00e3o fluindo para os campos vizinhos<\/figcaption><\/figure>\n<p>Na natureza, o ciclo da vida come\u00e7a com um verde brilhante, que depois se decomp\u00f5e e retorna ao solo...<br \/>\nCom amor, gratid\u00e3o e ora\u00e7\u00f5es infinitas pela grande energia e poder das magn\u00edficas florestas de montanha que crescem e vivem em harmonia com a natureza...<\/p>\n<h2>Outras fotos<\/h2>\n<div class=\"img-move\">\n<img decoding=\"async\" src=\"https:\/\/ehokkaido.net\/wp-content\/uploads\/2021\/12\/2021-12-06-11.41.12.png\" style=\"vertical-align:middle;\"> <a href=\"https:\/\/photos.app.goo.gl\/hFH8BU781wzsHmJ78\" target=\"_blank\" rel=\"noopener noreferrer\">Clique aqui para ver 22 fotos das atividades de Tanaka Moriaki nas montanhas (Inotsu e Makioka, cidade de Uryu) &gt;&gt;<\/a><\/a><\/div>\n<h2>Artigos relacionados<\/h2>\n\n        <div class=\"site-blogcard-premium\">\n            <div class=\"bc-label-custom\">Artigos relacionados<\/div>\n            <div class=\"bc-flex-container\">\n                <div class=\"bc-main-text\">\n                    <div class=\"bc-title-link-box\">\n                        <a href=\"https:\/\/portal.hokuryu.info\/pt\/topics\/culture\/20190708.html\/\" target=\"_blank\">Assembleia Geral da Associa\u00e7\u00e3o de Ex-Alunos da Juventude de Kita Sorachi e Celebra\u00e7\u00e3o do Lan\u00e7amento do Livro &quot;Vivendo em Fukagawa&quot;, de Junkichi Kono - Portal da Cidade de Hokuryu (Hokkaido) - A Vila dos Girass\u00f3is n\u00ba 1 do Jap\u00e3o<\/a>\n                    <\/div>\n                    <div class=\"bc-excerpt-box\">Na ter\u00e7a-feira, 25 de junho de 2019, na Pra\u00e7a Fujiya (Cidade de Fukagawa), ocorreu a &quot;Assembleia Geral da Associa\u00e7\u00e3o de Ex-Alunos do Grupo Juvenil Kita-Sorachi e o encontro com o Sr. Junji Kono...&quot;.<\/div>\n                <\/div>\n                <div class=\"bc-thumbnail-box\">\n                    <a href=\"https:\/\/portal.hokuryu.info\/pt\/topics\/culture\/20190708.html\/\" target=\"_blank\">\n                        <div class=\"bc-img-zoom-wrap\">\n                            <img decoding=\"async\" src=\"https:\/\/lh3.googleusercontent.com\/_HfYiVB2Mh-B_awjS4W2PDpzl4_Xp3mbycfsyx7j5j-KFkPhjAVcApubAR6Hnz8WJmjG056raSu3cCriEVzZNPJPeLgHbZrzhZYMrov_woByKYEn2ZDNt0MmqKR6QMlM8thYME4RjxbPFAPlIJEgW-6b6Nm3e758yig-pyIJJjmHh3hIumclKrCeVNhaZev7bhlQTv7zO451yIz2mUhJomWkDIMKRhg104oY1squexk0Ki3_o52TmgMqXz0G7J-KuOAG2zw1GLLUr7Bfxj10QQP4ozjgLYcbuPgFydjbrZV0hC2RBgbVZOmCdVI9CMk9kdgU99SLRIJbsaQRtXy8tXtzFMJEUSuvRZuKQ-Kd-lWcrFFpbXeMzT53hVbV9BmZJpFc_NcDDm-_KL2oidQMtES8ILRuvDg6sJDBve507DyYcQevTahhaFYrIlBPnLaqaheXsb_6RmkWospOix6v6CKA1SZxUmzPPFBYL6azppkVlaPgGgVbHspGkkyE0bpZd3Z0pmxQBgy8f2pH-JaOMSKuQJj5617DRtwoLVaJ2NaVp-dLbdeh_6O40bPTAyo1hDCMRZI1phGkPddPbBqQmot_ZDKQyV6Xj7oIOFpeT8VaKJcwUJVJr0Y5Cu8Oyej65D3lbix_lRPhZyBxXH9qOnuheerM_vB-lam3mBonwkP-5Z_Tx6YfWLHEavTBdVbHcvC3ScuZy94rom1epttmItnC=w1420-h946-no\" alt=\"Assembleia Geral da Associa\u00e7\u00e3o de Ex-Alunos da Juventude de Kita Sorachi e Celebra\u00e7\u00e3o do Lan\u00e7amento do Livro &quot;Vivendo em Fukagawa&quot;, de Junkichi Kono - Portal da Cidade de Hokuryu (Hokkaido) - A Vila dos Girass\u00f3is n\u00ba 1 do Jap\u00e3o\">\n                        <\/div>\n                    <\/a>\n                <\/div>\n            <\/div>\n        <\/div>\n\n        <div class=\"site-blogcard-premium\">\n            <div class=\"bc-label-custom\">Artigos relacionados<\/div>\n            <div class=\"bc-flex-container\">\n                <div class=\"bc-main-text\">\n                    <div class=\"bc-title-link-box\">\n                        <a href=\"https:\/\/portal.hokuryu.info\/pt\/shiningpeople\/people2\/20171023.html\/\" target=\"_blank\">Morisuke Tanaka [001] - Portal da cidade de Hokuryu (Hokkaido) - A vila de girass\u00f3is n\u00famero 1 do Jap\u00e3o<\/a>\n                    <\/div>\n                    <div class=\"bc-excerpt-box\">Nascido em janeiro de 1937 (Showa 12) (80 anos) \u25b6 Anteriormente atuou como chefe da Associa\u00e7\u00e3o da Juventude da Cidade de Hokuryu e chefe da Associa\u00e7\u00e3o da Juventude de Kita-Sorachi e #...<\/div>\n                <\/div>\n                <div class=\"bc-thumbnail-box\">\n                    <a href=\"https:\/\/portal.hokuryu.info\/pt\/shiningpeople\/people2\/20171023.html\/\" target=\"_blank\">\n                        <div class=\"bc-img-zoom-wrap\">\n                            <img decoding=\"async\" src=\"https:\/\/lh3.googleusercontent.com\/homKCHnq2X0z3Z0rSQ3UKNA3V-YqXzHOJhY-DlI-xUNgKBQ9eUU8vBlQD3yxznuIBcr-6UOyQ2ihuqoh8ygI9rnazL06D3bmEbfbYXgGlgXoEKxVPp1lPRRY9-VLQxOOKJqNwKpYp_bGXjSymlpPRPzKC3QMu631GItW8FafuB2dqVN4l2xN_oZvQCIRJj3uDqV9yhrOo8CjYAZNn4o6eVRKSJt9qAfeSHaKr4N5Y83SS10lWTpKLKC69cljEPKyTGX2L8jfyxSjoLwLQKjt1VxsFm4g9lpc-CSkUjUfbPwjMteUdUIwk5bXOeJZy_08mMGyTb-VHRmGVRc0_Gw9K-9krC5_3fjlra1FYYnd7nkC9vRDSaHzfYA-bWCoxiDq-UWqZ-Cxs051AS4tpb0GAr8-KVmzAQT2TzqEOYJoj-Jh80efeOHibird6Ffck_SA3R1cER7KT5vBHWUuK57P1jvfLOBbQCwwONT0HscKPivTo-zT7UszFykzk168iCBf3lfwrO1dXYowomZcavMaTjZiD1NkdpPTFHFUWfG466LqjXx-syJk8EViWdp8Eqba7k2ZaS80qpxHVOAAThSTUOfEMDgydl356nCzutpfHuCYVhHUmMHQLm6QcJuizyWwIWfcpjEZMgBpz9icyZlTg0W2zTq66FoMoFw=w1441-h960-no\" alt=\"Morisuke Tanaka [001] - Portal da cidade de Hokuryu (Hokkaido) - A vila de girass\u00f3is n\u00famero 1 do Jap\u00e3o\">\n                        <\/div>\n                    <\/a>\n                <\/div>\n            <\/div>\n        <\/div>\n\n        <div class=\"site-blogcard-premium\">\n            <div class=\"bc-label-custom\">Artigos relacionados<\/div>\n            <div class=\"bc-flex-container\">\n                <div class=\"bc-main-text\">\n                    <div class=\"bc-title-link-box\">\n                        <a href=\"https:\/\/portal.hokuryu.info\/pt\/personal_history_no9\/7\/\" target=\"_blank\">https:\/\/portal.hokuryu.info\/personal_history_no9\/7<\/a>\n                    <\/div>\n                    <div class=\"bc-excerpt-box\">N\u00e3o foi poss\u00edvel recuperar as informa\u00e7\u00f5es da p\u00e1gina.<\/div>\n                <\/div>\n                <div class=\"bc-thumbnail-box\">\n                    <a href=\"https:\/\/portal.hokuryu.info\/pt\/personal_history_no9\/7\/\" target=\"_blank\">\n                        <div class=\"bc-img-zoom-wrap\">\n                            <img decoding=\"async\" src=\"https:\/\/portal.hokuryu.info\/wp\/wp-content\/uploads\/2026\/02\/20230802DSC06445_1.jpg\" alt=\"https:\/\/portal.hokuryu.info\/personal_history_no9\/7\">\n                        <\/div>\n                    <\/a>\n                <\/div>\n            <\/div>\n        <\/div>\n<p>\u3000<br \/>\n\u25c7 Entrevista e texto: Ikuko Terauchi (Fotografia e assist\u00eancia de edi\u00e7\u00e3o: Noboru Terauchi)<\/p>","protected":false},"excerpt":{"rendered":"<p>\uff12\uff10\uff12\uff13\u5e74\uff17\u6708\uff12\uff10\u65e5\uff08\u6728\uff09 \u5317\u7adc\u753a\u5728\u4f4f\u306e\u7530\u4e2d\u76db\u4eae\u3055\u3093\uff08\uff18\uff16\u6b73\uff09\u306f\u3001\u96a3\u753a\u306e\u96e8\u7adc\u753a\u6e2d\u306e\u6d25\u30fb\u7267\u5ca1\u306b\u5c71\u6797\u3092\u6240\u6709\u3057\u3066\u3044\u3089\u3063\u3057\u3083\u3044\u307e\u3059\u3002 \u304a\u5143\u6c17\u306b\u3001\u5c71\u6797\u306e\u8349\u5208\u308a\u3084\u4e0b\u679d\u306e\u4f10\u63a1\u306e\u4f5c\u696d\u3092\u3057\u3066\u3044\u3089\u3063\u3057\u3083\u308b\u3068\u4f3a\u3063\u305f\u306e\u3067\u3001\u5c71 [&hellip;]<\/p>\n","protected":false},"author":1,"featured_media":34972,"comment_status":"open","ping_status":"open","sticky":false,"template":"","format":"standard","meta":{"footnotes":""},"categories":[4],"tags":[],"class_list":["post-34971","post","type-post","status-publish","format-standard","has-post-thumbnail","hentry","category-cover-story"],"_links":{"self":[{"href":"https:\/\/portal.hokuryu.info\/pt\/wp-json\/wp\/v2\/posts\/34971","targetHints":{"allow":["GET"]}}],"collection":[{"href":"https:\/\/portal.hokuryu.info\/pt\/wp-json\/wp\/v2\/posts"}],"about":[{"href":"https:\/\/portal.hokuryu.info\/pt\/wp-json\/wp\/v2\/types\/post"}],"author":[{"embeddable":true,"href":"https:\/\/portal.hokuryu.info\/pt\/wp-json\/wp\/v2\/users\/1"}],"replies":[{"embeddable":true,"href":"https:\/\/portal.hokuryu.info\/pt\/wp-json\/wp\/v2\/comments?post=34971"}],"version-history":[{"count":0,"href":"https:\/\/portal.hokuryu.info\/pt\/wp-json\/wp\/v2\/posts\/34971\/revisions"}],"wp:featuredmedia":[{"embeddable":true,"href":"https:\/\/portal.hokuryu.info\/pt\/wp-json\/wp\/v2\/media\/34972"}],"wp:attachment":[{"href":"https:\/\/portal.hokuryu.info\/pt\/wp-json\/wp\/v2\/media?parent=34971"}],"wp:term":[{"taxonomy":"category","embeddable":true,"href":"https:\/\/portal.hokuryu.info\/pt\/wp-json\/wp\/v2\/categories?post=34971"},{"taxonomy":"post_tag","embeddable":true,"href":"https:\/\/portal.hokuryu.info\/pt\/wp-json\/wp\/v2\/tags?post=34971"}],"curies":[{"name":"wp","href":"https:\/\/api.w.org\/{rel}","templated":true}]}}