{"id":34948,"date":"2023-07-19T09:45:06","date_gmt":"2023-07-19T00:45:06","guid":{"rendered":"https:\/\/portal.hokuryu.info\/?p=34948"},"modified":"2026-01-25T11:54:42","modified_gmt":"2026-01-25T02:54:42","slug":"%e3%80%8c%e7%ac%ac%ef%bc%91%ef%bc%99%e5%9b%9e%e3%82%aa%e3%83%bc%e3%83%a9%e3%82%a4%ef%bc%81%e3%83%8b%e3%83%83%e3%83%9d%e3%83%b3%e5%a4%a7%e8%b3%9e%e8%a1%a8%e5%bd%b0%e5%bc%8f-%e3%83%bb%e7%ac%ac%ef%bc%91","status":"publish","type":"post","link":"https:\/\/portal.hokuryu.info\/pt\/34948\/","title":{"rendered":"35 grupos de todo o pa\u00eds reuniram-se na &quot;19\u00aa Cerim\u00f4nia de Premia\u00e7\u00e3o All Right! Nippon Awards - Encontro dos Vencedores das 18\u00aa e 17\u00aa edi\u00e7\u00f5es do pr\u00eamio&quot; - As cidades de Hokuryu e Shimokawa, em Hokkaido, foram premiadas."},"content":{"rendered":"<p>Quarta-feira, 19 de julho de 2023<\/p>\n<p>Na quinta-feira, 13 de julho de 2023, a &quot;19\u00aa Cerim\u00f4nia de Premia\u00e7\u00e3o do All Right! Nippon Awards e Encontro dos Vencedores da 18\u00aa e 17\u00aa Edi\u00e7\u00f5es&quot; foi realizada na Sala de Confer\u00eancias do Edif\u00edcio Shinagawa Front. Cerca de 35 vencedores de todo o pa\u00eds, al\u00e9m de aproximadamente 70 outras pessoas, incluindo representantes, estiveram presentes.<\/p>\n<p>Participaram dois grupos de Hokkaido: a Organiza\u00e7\u00e3o de Apoio \u00e0 Revitaliza\u00e7\u00e3o Industrial da Cidade de Shimokawa (Departamento de Promo\u00e7\u00e3o Urbana), vencedora do 19\u00ba Grande Pr\u00eamio All Right! Nippon, e Terauchi Noboru &amp; Ikuko, vencedores do Pr\u00eamio Estilo de Vida no 18\u00ba Grande Pr\u00eamio All Right! Nippon.<\/p>\n<figure class=\"wp-caption aligncenter\"><a href=\"https:\/\/photos.google.com\/share\/AF1QipPXv05SheZFm7Qq7nb6Mej4DF7jeB24G8xnqVBTv8bsw5f_92j_uEmks41ciamH7g\/photo\/AF1QipPp0ZifG6dHyMJWXHxX5o5rzlmZ8o5P7CH-0OA?key=UXVfWmxWVmxIWFdURFF6SFNCTjNKS0NUR01oRWlR\" target=\"_blank\" rel=\"noopener\"><img decoding=\"async\" src=\"https:\/\/lh3.googleusercontent.com\/pw\/AIL4fc8gC-RVZQDblwxtz4q-r03oCNvDr3QgJfiiTcygVVv0IsyAn1GUGEsZAFHfADOnpR5vVAc0e0-3Mk7XuSl9h4evMlCL87i4tf4tPR7VClPXqrRzhfXl2nPK7NkOYqKfumVAm_2F1C60n199OfCsfB84=w2000-h1500-s-no?authuser=0\" width=\"2000\" height=\"1500\" alt=\"Edif\u00edcio da Frente de Shinagawa\" class=\"size-full\" \/><\/a><figcaption class=\"wp-caption-text\">Edif\u00edcio da Frente de Shinagawa<\/figcaption><\/figure>\n<h2>A 19\u00aa Cerim\u00f4nia de Premia\u00e7\u00e3o All Right! Nippon e o 18\u00ba e 17\u00ba Encontro de Premiados<\/h2>\n<p>Devido ao impacto da COVID-19, as 17\u00aa e 18\u00aa cerim\u00f4nias de premia\u00e7\u00e3o n\u00e3o puderam ser realizadas. Portanto, este ano, a 19\u00aa cerim\u00f4nia de premia\u00e7\u00e3o, que ser\u00e1 realizada pelo terceiro ano consecutivo, acontecer\u00e1 juntamente com um encontro dos vencedores das 17\u00aa e 18\u00aa edi\u00e7\u00f5es.<\/p>\n<figure class=\"wp-caption aligncenter\"><a href=\"https:\/\/photos.google.com\/share\/AF1QipPXv05SheZFm7Qq7nb6Mej4DF7jeB24G8xnqVBTv8bsw5f_92j_uEmks41ciamH7g\/photo\/AF1QipPS2U35P1QbCUqCbKA-shX97WkqLfFS-PYXzSU?key=UXVfWmxWVmxIWFdURFF6SFNCTjNKS0NUR01oRWlR\" target=\"_blank\" rel=\"noopener\"><img decoding=\"async\" src=\"https:\/\/lh3.googleusercontent.com\/pw\/AIL4fc9HOpsf-EPyH5VOtkEWkr-HkHkuNiAc081T4jxjLzy2tCjO-rIrfCW4oiWmhYhcFYscRBqyruO4lkt4D8AMm54hnvLa9CjJ3w-hcKQFNQZrNUYe4XuChLYwyWHGd7FFj4eDsuDf2x3Rv9YFxZWNz-UQ=w2000-h1500-s-no?authuser=0\" width=\"2000\" height=\"1500\" alt=\"Materiais distribu\u00eddos\" class=\"size-full\" \/><\/a><figcaption class=\"wp-caption-text\">Materiais distribu\u00eddos<\/figcaption><\/figure>\n<h3>Muito bem! O que \u00e9 o Grande Pr\u00eamio Nippon?<\/h3>\n<p>O &quot;Pr\u00eamio All Right! Nippon&quot; foi criado em 2003 (Heisei 15) com o objetivo de promover o fluxo de pessoas, mercadorias e informa\u00e7\u00f5es entre as cidades e as \u00e1reas rurais, e de fomentar a vitalidade do &quot;All Right&quot; em todo o Jap\u00e3o.<\/p>\n<p>Este pr\u00eamio reconhece organiza\u00e7\u00f5es e indiv\u00edduos que se envolveram em atividades relacionadas \u00e0 intera\u00e7\u00e3o entre \u00e1reas urbanas e rurais, contribuindo para a expans\u00e3o e revitaliza\u00e7\u00e3o do interc\u00e2mbio, e indiv\u00edduos que praticam um estilo de vida que aprecia os estilos de vida e as culturas tanto das \u00e1reas urbanas quanto das rurais.<\/p>\n<p>Este ano marca a 19\u00aa edi\u00e7\u00e3o da cerim\u00f3nia de entrega de pr\u00e9mios, que visa promover novos estilos de vida nas zonas rurais.<\/p>\n<p>Os pr\u00eamios ser\u00e3o concedidos em tr\u00eas categorias: &quot;Pr\u00eamio All Right! Nippon Grand Prize do Primeiro-Ministro&quot;, &quot;Pr\u00eamio All Right! Nippon Grand Prize do Presidente&quot; e &quot;Pr\u00eamio All Right! Nippon Lifestyle&quot;.<\/p>\n<h3>Organizador<\/h3>\n<ul>\n<li><strong>Organizador:<\/strong>Muito bem! Confer\u00eancia Nippon (Confer\u00eancia para Promover a Coexist\u00eancia e a Intera\u00e7\u00e3o entre Cidades e \u00c1reas Rurais)<\/li>\n<li><strong>Patrocinador:<\/strong>Organiza\u00e7\u00e3o de Revitaliza\u00e7\u00e3o do Interc\u00e2mbio Urbano-Rural (Funda\u00e7\u00e3o Incorporada Geral)<\/li>\n<li><strong>Patrocinado por:<\/strong>Minist\u00e9rio da Agricultura, Florestas e Pescas, Minist\u00e9rio de Assuntos Internos e Comunica\u00e7\u00f5es, Minist\u00e9rio da Educa\u00e7\u00e3o, Cultura, Esportes, Ci\u00eancia e Tecnologia, Minist\u00e9rio da Sa\u00fade, Trabalho e Bem-Estar Social, Minist\u00e9rio da Economia, Com\u00e9rcio e Ind\u00fastria, Minist\u00e9rio da Terra, Infraestrutura, Transporte e Turismo, Minist\u00e9rio do Meio Ambiente, Associa\u00e7\u00e3o Nacional de Governadores, Associa\u00e7\u00e3o Nacional de Prefeitos, Associa\u00e7\u00e3o Nacional de Cidades e Vilas, Federa\u00e7\u00e3o Empresarial do Jap\u00e3o<\/li>\n<\/ul>\n<h3>Muito bem! Confer\u00eancia Nippon<\/h3>\n<ul>\n<li><strong>Representante:<\/strong>Takeshi Yoro (Professor Em\u00e9rito, Universidade de T\u00f3quio)<\/li>\n<li><strong>Vice-representante:<\/strong>Yoshinori Yasuda (Professor Em\u00e9rito, Centro Internacional de Pesquisa para Estudos Japoneses)<\/li>\n<li><strong>Vice-representante:<\/strong>Keiko Hirano (Contadora de hist\u00f3rias, Professora do Departamento de Radiodifus\u00e3o da Universidade de Artes de Osaka) <\/li>\n<li><strong>Presidente do Comit\u00ea Diretivo:<\/strong>Kaneko Ieharu (ex-presidente do Conselho de Administra\u00e7\u00e3o da Top Tour Co., Ltd.)<\/li>\n<\/ul>\n<h3>Moderador: Aki Morioka (Funda\u00e7\u00e3o Geral Incorporada para a Revitaliza\u00e7\u00e3o do Interc\u00e2mbio Urbano-Rural)<\/h3>\n<figure class=\"wp-caption aligncenter\"><a href=\"https:\/\/photos.google.com\/share\/AF1QipPXv05SheZFm7Qq7nb6Mej4DF7jeB24G8xnqVBTv8bsw5f_92j_uEmks41ciamH7g\/photo\/AF1QipNVdPfbYtEdmVpbcAD0wQ2MeEo6dRhukozJda8?key=UXVfWmxWVmxIWFdURFF6SFNCTjNKS0NUR01oRWlR\" target=\"_blank\" rel=\"noopener\"><img decoding=\"async\" src=\"https:\/\/lh3.googleusercontent.com\/pw\/AIL4fc-DC1MeX0hCBUIkh-WzT0k-7lx4rz_-tYgvDgbEcvI5IB-nVPxkArAE3mu11SoRrLSq8hWzesqh2J7BkJ3L164CYv9kjjlcBJbNbYHKwaZBF2jb0JLwatWkluZWrul8zSGqWKRHwptkMfAVWppTQNNt=w2000-h1500-s-no?authuser=0\" width=\"2000\" height=\"1500\" alt=\"Da esquerda para a direita: Sr. Yoshito Kageyama, do Minist\u00e9rio da Agricultura, Florestas e Pescas, e Sr. Takeshi Yoro, Representante.\" class=\"size-full\" \/><\/a><figcaption class=\"wp-caption-text\">Da esquerda para a direita, em primeiro plano: a presidente Aki Morioka, Yoshito Kageyama, do Minist\u00e9rio da Agricultura, Florestas e Pescas, e o representante Takeshi Yoro.<\/figcaption><\/figure>\n<h3>Explica\u00e7\u00e3o geral do Sr. Yasuji Yoshioka, Secretariado.<\/h3>\n<p>Antes do &quot;Encontro&quot;, o Sr. Yasuji Yoshioka, da secretaria, explicou o andamento geral do evento. O roteiro preparado pela secretaria para o &quot;Encontro&quot; foi excelente, e a explica\u00e7\u00e3o clara e objetiva do Sr. Yoshioka facilitou o acompanhamento. Muito obrigado.<\/p>\n<figure class=\"wp-caption aligncenter\"><a href=\"https:\/\/photos.google.com\/share\/AF1QipPXv05SheZFm7Qq7nb6Mej4DF7jeB24G8xnqVBTv8bsw5f_92j_uEmks41ciamH7g\/photo\/AF1QipNNVcpp1Y7jgCmBGeIs6r8zomZXYF-ztjeg1fk?key=UXVfWmxWVmxIWFdURFF6SFNCTjNKS0NUR01oRWlR\" target=\"_blank\" rel=\"noopener\"><img decoding=\"async\" src=\"https:\/\/lh3.googleusercontent.com\/pw\/AIL4fc9UaK5oXNPHZvpQ6c3Z2B_l822FwgOFgzgvrSEvlrNj7xCWvW_O1hoqcGFvHELHEz_VxS82U6Cbwgxt_7ea_c3jtcz5Ix0KF7amlCt48VxtmAO0QFRS5gQbK3CixHhS3CMlRA5h3z-WW2o5uMZhV4lB=w2000-h1500-s-no?authuser=0\" width=\"2000\" height=\"1500\" alt=\"Explica\u00e7\u00e3o geral do Sr. Yasuji Yoshioka, Secretariado.\" class=\"size-full\" \/><\/a><figcaption class=\"wp-caption-text\">Explica\u00e7\u00e3o geral do Sr. Yasuji Yoshioka, Secretariado.<\/figcaption><\/figure>\n<h3>A todos os participantes<\/h3>\n<p>Participaram aproximadamente 35 premiados e seus acompanhantes de todo o pa\u00eds.<\/p>\n<figure class=\"wp-caption aligncenter\"><a href=\"https:\/\/photos.google.com\/share\/AF1QipPXv05SheZFm7Qq7nb6Mej4DF7jeB24G8xnqVBTv8bsw5f_92j_uEmks41ciamH7g\/photo\/AF1QipOueKYCbsm2dbtmgh7jR1MS9Cjf2qq71LfE3mA?key=UXVfWmxWVmxIWFdURFF6SFNCTjNKS0NUR01oRWlR\" target=\"_blank\" rel=\"noopener\"><img decoding=\"async\" src=\"https:\/\/lh3.googleusercontent.com\/pw\/AIL4fc8KNpeo8ufCOSeXtvRQ4cG6F0UDpg4z2PvX2_kb8Rp6o013KRJz9iXuChmkOa4IAdJbXozkxyzT35rul7eqFt1l4dJDvPG4UvqGi9t1VvMzJVJsJXRRh3NHBZQC3LMadZ30I86abTaU-ncOaDk7TbQq=w2000-h1500-s-no?authuser=0\" width=\"2000\" height=\"1500\" alt=\"Os vencedores do pr\u00eamio\" class=\"size-full\" \/><\/a><figcaption class=\"wp-caption-text\">Os vencedores do pr\u00eamio<\/figcaption><\/figure>\n<h2>Parte 1<\/h2>\n<h3>Observa\u00e7\u00f5es iniciais: Takeshi Yoro (Representante da All Right! Nippon Conference)<\/h3>\n<figure class=\"wp-caption aligncenter\"><a href=\"https:\/\/photos.google.com\/share\/AF1QipPXv05SheZFm7Qq7nb6Mej4DF7jeB24G8xnqVBTv8bsw5f_92j_uEmks41ciamH7g\/photo\/AF1QipOcshyBKjculaNCI5cazc9e6-wTycFYqmrbv5w?key=UXVfWmxWVmxIWFdURFF6SFNCTjNKS0NUR01oRWlR\" target=\"_blank\" rel=\"noopener\"><img decoding=\"async\" src=\"https:\/\/lh3.googleusercontent.com\/pw\/AIL4fc828VvRaNZ9eBWpE_aX6QqPGlVF1IK2KNDc-O3N6iHFMtcEQuTaBmLdVMB63xWU2eFHG1doDdEBhsrbHFycsjtCOrAveXvDzIQqC1-g0c4RZv6ha3BlO_1Gter4OMVtBiC4ehQQ1uWF9GIZdKdB8ZOv=w2000-h1500-s-no?authuser=0\" width=\"2000\" height=\"1500\" alt=\"Takeshi Yoro (Representante da All Right! Nippon Conference)\" class=\"size-full\" \/><\/a><figcaption class=\"wp-caption-text\">Takeshi Yoro (Representante da All Right! Nippon Conference)<\/figcaption><\/figure>\n<p>&quot;Muito obrigado por dedicarem um tempo de suas agendas lotadas para comparecer \u00e0 cerim\u00f4nia de premia\u00e7\u00e3o do All-Right! Nippon. Gostaria de parabenizar de cora\u00e7\u00e3o todos os vencedores do Grande Pr\u00eamio e todos os envolvidos na conquista dessas premia\u00e7\u00f5es.&quot;<\/p>\n<p>O objetivo do projeto All Right! Nippon \u00e9 promover a intera\u00e7\u00e3o entre a vida urbana e a rural, incentivando as pessoas a viverem no campo e a se conectarem com a pr\u00f3pria natureza.<\/p>\n<p>Os habitantes da cidade podem recuperar o equil\u00edbrio ao se conectarem com a natureza. Em \u00faltima an\u00e1lise, acredito que isso seja \u00fatil para criar um estilo de vida decente e feliz. Pode ser uma boa ideia alugar uma casa abandonada para morar ou ajudar no trabalho em uma fazenda ou nas montanhas.<\/p>\n<p>Os animais s\u00e3o naturalmente capazes de distinguir entre diferentes cheiros. \u00c0 medida que crescem, perdem esse sentido, mas com treino podem recuper\u00e1-lo. O mesmo acontece em zonas rurais.<\/p>\n<p>Mais uma vez, gostaria de expressar meus sinceros parab\u00e9ns e respeito a todos os premiados.<br \/>\nGostaria de concluir minhas palavras de abertura desejando sinceramente a todos voc\u00eas que est\u00e3o aqui reunidos hoje muito sucesso e sa\u00fade no futuro.<\/p>\n<h3>Palestrante convidado: Yoshito Kageyama (Diretor da Divis\u00e3o de Interc\u00e2mbio Urbano-Rural, Departamento de Pol\u00edtica Rural, Secretaria de Desenvolvimento Rural, Minist\u00e9rio da Agricultura, Florestas e Pescas)<\/h3>\n<figure class=\"wp-caption aligncenter\"><a href=\"https:\/\/photos.google.com\/share\/AF1QipPXv05SheZFm7Qq7nb6Mej4DF7jeB24G8xnqVBTv8bsw5f_92j_uEmks41ciamH7g\/photo\/AF1QipNsYLy4TwtRmFO-_DJGXXv63wgA3ansIDQYxY0?key=UXVfWmxWVmxIWFdURFF6SFNCTjNKS0NUR01oRWlR\" target=\"_blank\" rel=\"noopener\"><img decoding=\"async\" src=\"https:\/\/lh3.googleusercontent.com\/pw\/AIL4fc_g6DdOf998IYnOZOClvXIzIYWfYOgVrmNG11E1gu2ol0YQ710WBkHgv2SdEk4SeUTa94VL88pygxFeKbCFgMvtSw7Y6vbCPV6qqDZaXPRChommM3Z74W4oMXc2lvuLZOjgrU9AJqys3xpymFlYTFj3=w2000-h1500-s-no?authuser=0\" width=\"2000\" height=\"1500\" alt=\"Yoshito Kageyama (Diretor da Divis\u00e3o de Interc\u00e2mbio Urbano-Rural, Departamento de Pol\u00edtica Rural, Secretaria de Desenvolvimento Rural, Minist\u00e9rio da Agricultura, Florestas e Pescas)\" class=\"size-full\" \/><\/a><figcaption class=\"wp-caption-text\">Yoshito Kageyama (Diretor da Divis\u00e3o de Interc\u00e2mbio Urbano-Rural, Departamento de Pol\u00edtica Rural, Secretaria de Desenvolvimento Rural, Minist\u00e9rio da Agricultura, Florestas e Pescas)<\/figcaption><\/figure>\n<p>&quot;Existe uma teoria de que a situa\u00e7\u00e3o atual nas \u00e1reas rurais \u00e9 de envelhecimento e decl\u00ednio populacional, fazendo com que as pessoas percam a vitalidade.&quot;<\/p>\n<h4>Criar \u00e1reas rurais pr\u00f3speras e vibrantes, bem como aldeias agr\u00edcolas, de montanha e de pescadores, com sabedoria, engenhosidade e esperan\u00e7a.<\/h4>\n<p>Quando me perguntam se as trocas comerciais com as cidades s\u00e3o necess\u00e1rias para sustentar aldeias agr\u00edcolas, montanhosas e de pescadores empobrecidas, eu diria que isso n\u00e3o \u00e9 de forma alguma verdade. Questiono-me se \u00e9 realmente correto dizer que essas aldeias s\u00e3o realmente empobrecidas.<\/p>\n<p>Se observarmos cada uma dessas \u00e1reas rurais, encontraremos muitos exemplos de como as pessoas est\u00e3o usando sua sabedoria, engenhosidade e esperan\u00e7a para criar \u00e1reas rurais pr\u00f3speras e vibrantes. Acredito que todos voc\u00eas aqui hoje s\u00e3o representantes dessas \u00e1reas rurais.<\/p>\n<p>Tenho certeza de que todos voc\u00eas passaram por muitas dificuldades, enfrentaram contratempos e superaram obst\u00e1culos, mas, ao mesmo tempo, tenho certeza de que tamb\u00e9m experimentaram muita alegria, um sentimento de realiza\u00e7\u00e3o e compreens\u00e3o m\u00fatua.<\/p>\n<p>Acredito que o principal objetivo desta cerim\u00f4nia de premia\u00e7\u00e3o seja reconhecer os esfor\u00e7os que voc\u00eas realizaram, compartilhar suas lutas e alegrias, e compartilhar isso com outras regi\u00f5es, al\u00e9m de lhes dar esperan\u00e7a e for\u00e7a para trilharem novos caminhos.<\/p>\n<h4>Vilas urbanas, rurais e de pescadores se apoiando mutuamente com um esp\u00edrito de apoio rec\u00edproco.<\/h4>\n<p>Essas \u00e1reas rurais podem sustentar as cidades. Elas podem se apoiar mutuamente, num esp\u00edrito de colabora\u00e7\u00e3o, e compensar as defici\u00eancias umas das outras. Acredito que esse seja o significado de &quot;\u00e1reas rurais urbanas&quot;.<\/p>\n<p>A Divis\u00e3o de Interc\u00e2mbio Urbano-Rural, onde trabalho, est\u00e1 aprendendo com iniciativas locais maravilhosas e buscando e implementando ferramentas de apoio e programas de subs\u00eddios que possam ser usados em qualquer lugar, mesmo em \u00e1reas rurais com ambientes dif\u00edceis em todo o pa\u00eds.<\/p>\n<p>Atualmente, estou aceitando inscri\u00e7\u00f5es para o projeto que coordeno, intitulado &quot;Estadias em Fazendas, Colabora\u00e7\u00e3o entre Agricultura e Bem-Estar Animal e Cria\u00e7\u00e3o de Planos de A\u00e7\u00e3o&quot;. J\u00e1 conheci alguns dos participantes.<\/p>\n<h4>Inscreva-se no programa Descubra os Tesouros das \u00c1reas Rurais<\/h4>\n<p>Atualmente, estamos com um projeto de sele\u00e7\u00e3o chamado &quot;Descubra os Tesouros das \u00c1reas Rurais&quot; em andamento e aceitamos inscri\u00e7\u00f5es at\u00e9 o final de agosto, inclusive de candidatos j\u00e1 selecionados pelo programa &quot;All Right! Nippon&quot;. Agradecer\u00edamos se voc\u00ea considerasse se inscrever.<\/p>\n<p>Apoiamos integralmente os esfor\u00e7os de todos voc\u00eas e de todas as \u00e1reas rurais do pa\u00eds. Gostaria de deixar claro que \u00e9 nossa miss\u00e3o revitalizar todo o pa\u00eds, desde as \u00e1reas rurais, que s\u00e3o a vanguarda do nosso tempo, at\u00e9 as cidades, e concluo minhas observa\u00e7\u00f5es em nome da Divis\u00e3o de Interc\u00e2mbio Urbano-Rural do Minist\u00e9rio da Agricultura, Florestas e Pescas. Mais uma vez, parab\u00e9ns a todos voc\u00eas.<\/p>\n<h3>Entrega do certificado de premia\u00e7\u00e3o<\/h3>\n<h4>Muito bem! Grande Pr\u00eamio Nippon e Pr\u00eamio do Primeiro Ministro: Centro Educacional de Experi\u00eancia na Natureza Greenwood (ONG Vila Taifu, Prefeitura de Nagano)<\/h4>\n<figure class=\"wp-caption aligncenter\"><a href=\"https:\/\/photos.google.com\/share\/AF1QipPXv05SheZFm7Qq7nb6Mej4DF7jeB24G8xnqVBTv8bsw5f_92j_uEmks41ciamH7g\/photo\/AF1QipOlFtdTmAHq-aEjPSzmG5RsaLvMdkefp_wu00Q?key=UXVfWmxWVmxIWFdURFF6SFNCTjNKS0NUR01oRWlR\" target=\"_blank\" rel=\"noopener\"><img decoding=\"async\" src=\"https:\/\/lh3.googleusercontent.com\/pw\/AIL4fc_6V7rGx5BIeOYJqsYL7rC32lcSscs0YBJXKq49qkYJcNAEVcpVI_Hz6T27MQAl7y9YrHz2xyRORC6LynjjQaJUZ4cD6IdCThLrG_acwS2-py6TUhEyxVpiUWHJWN-KtDFgYzCdiQlg4a0Zi5DDxg1X=w2000-h1500-s-no?authuser=0\" width=\"2000\" height=\"1500\" alt=\"Muito bem! Pr\u00eamio Nippon Grand Prize - Pr\u00eamio do Primeiro Ministro: Centro de Educa\u00e7\u00e3o Ambiental Greenwood (Organiza\u00e7\u00e3o sem fins lucrativos, Vila Taifu, Prefeitura de Nagano)\" class=\"size-full\" \/><\/a><figcaption class=\"wp-caption-text\">Muito bem! Grande Pr\u00eamio Nippon, Grande Pr\u00eamio do Primeiro Ministro:<br \/>\nCentro Educacional de Experi\u00eancia na Natureza Greenwood (ONG) (Vila de Taifu, Prefeitura de Nagano)<\/figcaption><\/figure>\n<h4>Os vencedores da 19\u00aa edi\u00e7\u00e3o do pr\u00eamio All Right! Nippon<\/h4>\n<figure class=\"wp-caption aligncenter\"><a href=\"https:\/\/photos.google.com\/share\/AF1QipPXv05SheZFm7Qq7nb6Mej4DF7jeB24G8xnqVBTv8bsw5f_92j_uEmks41ciamH7g\/photo\/AF1QipP-Bd5IR24EzqCi3q7suQjaMylH04by8_0lsNM?key=UXVfWmxWVmxIWFdURFF6SFNCTjNKS0NUR01oRWlR\" target=\"_blank\" rel=\"noopener\"><img decoding=\"async\" src=\"https:\/\/lh3.googleusercontent.com\/pw\/AIL4fc_rMcbzmfoe7CZQHyx518et-FvTefMvACaON0mhOt-svVqWnJX260fAL0ZtYdn5Mu8fOSCCSWOV2ixWg8fGsZIdK71cwycjRHiBTWZCKLL9_dc9TffIo4GfKnY_XrYP7dW5x9VGjCFSDLXz0i2qg06b=w2000-h1500-s-no?authuser=0\" width=\"2000\" height=\"1500\" alt=\"Os vencedores da 19\u00aa edi\u00e7\u00e3o do pr\u00eamio All Right! Nippon\" class=\"size-full\" \/><\/a><figcaption class=\"wp-caption-text\">Os vencedores da 19\u00aa edi\u00e7\u00e3o do pr\u00eamio All Right! Nippon<\/figcaption><\/figure>\n<h3>Foto comemorativa: 19 (12 pessoas), 18 (12 pessoas), 17 (11 pessoas)<\/h3>\n<figure class=\"wp-caption aligncenter\"><a href=\"https:\/\/photos.google.com\/share\/AF1QipPXv05SheZFm7Qq7nb6Mej4DF7jeB24G8xnqVBTv8bsw5f_92j_uEmks41ciamH7g\/photo\/AF1QipNXdRQwWT7UmS2CmmU87Tc47Qv7A1l26h6_-VM?key=UXVfWmxWVmxIWFdURFF6SFNCTjNKS0NUR01oRWlR\" target=\"_blank\" rel=\"noopener\"><img decoding=\"async\" src=\"https:\/\/lh3.googleusercontent.com\/pw\/AIL4fc_wcTFLE6QdXuf34ohJtFqFHHn5g6zx89MPwkhOdg2jCA9lmNVdCANxZmSRC_Hj5ASr9OXwU0IaBw0pGCqzdxePD2BGPzmb3fUlHZNMJeLY8jXMhD1huL909G3Nkp-NdPPieFCN3R0bgAKlpsz-rEZT=w2000-h1331-s-no?authuser=0\" width=\"2000\" height=\"1500\" alt=\"Foto comemorativa (Foto cedida por All Right! Nippon Kaigi)\" class=\"size-full\" \/><\/a><figcaption class=\"wp-caption-text\">Sess\u00f5es 17 a 19: Foto comemorativa de todos os participantes (Fotos cedidas pela All Right! Nippon Kaigi)<\/figcaption><\/figure>\n<figure class=\"wp-caption aligncenter\"><a href=\"https:\/\/photos.google.com\/share\/AF1QipPXv05SheZFm7Qq7nb6Mej4DF7jeB24G8xnqVBTv8bsw5f_92j_uEmks41ciamH7g\/photo\/AF1QipOjGSuggH35iC5VCv-R1qeKIKtxx2jzj-r2zZ8?key=UXVfWmxWVmxIWFdURFF6SFNCTjNKS0NUR01oRWlR\" target=\"_blank\" rel=\"noopener\"><img decoding=\"async\" src=\"https:\/\/lh3.googleusercontent.com\/pw\/AIL4fc_XYJbKGA8kUgENamIGFIGRBt8aLunTwtpiCHvG3B-9Agx8EjG1HopmhNz7wCQSLnczaVJ-kIX05zg0apBQXxNiJtO0anlMI0UZli1dYgovrcBGiBmWeJvqDpkW5SJ_jyvmOz6SvgU15adn5R8IT6Mt=w1970-h1311-s-no?authuser=0\" width=\"2000\" height=\"1500\" alt=\"Foto comemorativa da 19\u00aa cerim\u00f4nia de premia\u00e7\u00e3o (Foto cedida por All Right! Nippon Kaigi)\" class=\"size-full\" \/><\/a><figcaption class=\"wp-caption-text\">Foto comemorativa da 19\u00aa cerim\u00f4nia de premia\u00e7\u00e3o (Foto cedida por All Right! Nippon Kaigi)<\/figcaption><\/figure>\n<figure class=\"wp-caption aligncenter\"><a href=\"\/\/photos.google.com\/share\/AF1QipPXv05SheZFm7Qq7nb6Mej4DF7jeB24G8xnqVBTv8bsw5f_92j_uEmks41ciamH7g\/photo\/AF1QipPmUA1A6vfuA2ya5OJX6QYAvXFII6SJn9blP8E?key=UXVfWmxWVmxIWFdURFF6SFNCTjNKS0NUR01oRWlR\" target=\"_blank\" rel=\"noopener\"><img decoding=\"async\" src=\"https:\/\/lh3.googleusercontent.com\/pw\/AIL4fc_SyDaGkJIYfZBp6jdy0SUTEYZ9lEGNMbyJuQ9MO0lmGn1ZYr28QTVnAFIIXwUzQ0O1qnXF9b4jc4V5tcuRXfMYVM_ZEVP79nrp0QHo_dOxrtFudQvWPWR2j5UwOXLPaJjpRkPAeVmbIXDvieGch0PV=w1995-h1328-s-no?authuser=0\" width=\"2000\" height=\"1500\" alt=\"Foto comemorativa (Foto comemorativa da 18\u00aa premia\u00e7\u00e3o, fornecida pela All Right! Nippon Conference)\" class=\"size-full\" \/><\/a><figcaption class=\"wp-caption-text\">Foto comemorativa da 18\u00aa cerim\u00f4nia de premia\u00e7\u00e3o (Foto cedida por All Right! Nippon Kaigi)<\/figcaption><\/figure>\n<figure class=\"wp-caption aligncenter\"><a href=\"https:\/\/photos.google.com\/share\/AF1QipPXv05SheZFm7Qq7nb6Mej4DF7jeB24G8xnqVBTv8bsw5f_92j_uEmks41ciamH7g\/photo\/AF1QipNYBzB-r94nhRFoxo-Bc5ZqAPWaiM60cNeqT0Y?key=UXVfWmxWVmxIWFdURFF6SFNCTjNKS0NUR01oRWlR\" target=\"_blank\" rel=\"noopener\"><img decoding=\"async\" src=\"https:\/\/lh3.googleusercontent.com\/pw\/AIL4fc9CgjYm0ZstetRKSe15dFsqK5yLmMRnkRfYyiJpSmtegKnXKxWaIY5fMWJrrY9vJvobNYgInaxxpRTLecQuWy4edo0fjhDfE2QqElnJG36XR8swWPWZqM5gqNA4LGRUNgw-dRHQ77Ubl9bK0MTh4632=w1996-h1328-s-no?authuser=0\" width=\"2000\" height=\"1500\" alt=\"Foto comemorativa da 17\u00aa cerim\u00f4nia de premia\u00e7\u00e3o (Foto cedida pela All Right! Nippon Conference)\" class=\"size-full\" \/><\/a><figcaption class=\"wp-caption-text\">Foto comemorativa da 17\u00aa cerim\u00f4nia de premia\u00e7\u00e3o (Foto cedida pela All Right! Nippon Conference)<\/figcaption><\/figure>\n<h3>Discurso de abertura: Takeshi Yoro (Representante da Confer\u00eancia All Right! Nippon)<\/h3>\n<p>Nascido em Kamakura, prov\u00edncia de Kanagawa, em 1937 (Showa 12). Professor em\u00e9rito da Universidade de T\u00f3quio, ele ganhou o Pr\u00eamio Mainichi de Cultura Editorial em 2003 (Heisei 15) por seu livro &quot;A Muralha dos Idiotas&quot;, que vendeu 4,5 milh\u00f5es de exemplares. Seu livro mais recente, &quot;O Que Significa Compreender as Coisas&quot;, foi publicado em fevereiro deste ano, e ele escreveu muitos outros livros.<\/p>\n<p>Ele compara a rela\u00e7\u00e3o entre cidades e \u00e1reas rurais \u00e0 rela\u00e7\u00e3o entre a mente e o corpo de uma pessoa e defende a troca entre os dois para levar o Jap\u00e3o a um &quot;estado saud\u00e1vel de mente e corpo&quot;.<\/p>\n<figure class=\"wp-caption aligncenter\"><a href=\"https:\/\/photos.google.com\/share\/AF1QipPXv05SheZFm7Qq7nb6Mej4DF7jeB24G8xnqVBTv8bsw5f_92j_uEmks41ciamH7g\/photo\/AF1QipMl_gBGah6YRlEJPWkloOtmwOcAsf9Lr0BTdDU?key=UXVfWmxWVmxIWFdURFF6SFNCTjNKS0NUR01oRWlR\" target=\"_blank\" rel=\"noopener\"><img decoding=\"async\" src=\"https:\/\/lh3.googleusercontent.com\/pw\/AIL4fc-h8zkNKYwY9WaSqMcQQG5Lvy9wG7sXLYAQWGfAOTCKJ_0y6uCxezQWnxIxt1hl4V2ybYFkIi7_rgBCZlqz0jKdLK7JhEgd12qGoXBg8nrlPM_QPcmwnL9fz3qP5xWFvdX8yqBNEG1oEktZKGJ5Zm1X=w2000-h1500-s-no?authuser=0\" width=\"2000\" height=\"1500\" alt=\"Takeshi Yoro (Representante da All Right! Nippon Conference)\" class=\"size-full\" \/><\/a><figcaption class=\"wp-caption-text\">Takeshi Yoro (Representante da All Right! Nippon Conference)<\/figcaption><\/figure>\n<p>&quot;Foi h\u00e1 mais de 20 anos que me interessei pela primeira vez pela troca entre cidades e \u00e1reas rurais.&quot;<\/p>\n<h4>N\u00e3o h\u00e1 para onde voltar.<\/h4>\n<p>Me deparei com um artigo no jornal sobre moradores da cidade que n\u00e3o t\u00eam para onde voltar nem mesmo durante o Obon, e isso realmente me chamou a aten\u00e7\u00e3o.<br \/>\nQuando eu era jovem, muitas pessoas que vinham para a cidade diziam: &quot;Se as coisas n\u00e3o derem certo, volto para o campo e me torno agricultor&quot;. Havia um lugar para onde voltar, mas isso foi desaparecendo aos poucos, e viver na cidade se tornou a norma.<\/p>\n<h4>N\u00e3o criem seus filhos da mesma forma que voc\u00eas foram criados.<\/h4>\n<p>Outra coisa que me incomodou foi a quest\u00e3o das crian\u00e7as. Criar filhos na cidade n\u00e3o \u00e9 normal.<\/p>\n<p>Desde a era Meiji, os japoneses seguem uma pol\u00edtica de n\u00e3o criar seus filhos da mesma forma que foram criados. Isso \u00e9 dif\u00edcil para os pais, pois significa fazer com que seus filhos realizem coisas com as quais n\u00e3o t\u00eam experi\u00eancia.<\/p>\n<p>Ser\u00e1 que isso \u00e9 realmente aceit\u00e1vel? A pessoa por quem senti isso com mais intensidade foi Konosuke Matsushita.<\/p>\n<p>Quando li um artigo no jornal sobre a cria\u00e7\u00e3o de bolsas de estudo para estudantes com dificuldades financeiras, pensei: &quot;Por que fariam isso?&quot;<\/p>\n<p>Konosuke Matsushita s\u00f3 concluiu o ensino fundamental e lutou para sobreviver, mas acabou alcan\u00e7ando o sucesso. Ele criou um mundo onde os jovens s\u00e3o aconselhados: &quot;N\u00e3o vivam como eu vivi.&quot;<\/p>\n<p>Se isso foi bom ou ruim, n\u00e3o \u00e9 algo que eu possa julgar.<\/p>\n<h4>S\u00f3 agora, s\u00f3 dinheiro, s\u00f3 eu.<\/h4>\n<p>Um momento memor\u00e1vel aconteceu h\u00e1 30 anos, quando eu dava uma palestra sobre a evolu\u00e7\u00e3o da medicina e um aluno que estava assistindo me perguntou: &quot;Qual \u00e9 o sentido de estudar a evolu\u00e7\u00e3o, algo que j\u00e1 aconteceu?&quot;. Fiquei sem palavras. Naquele momento, senti que os tempos haviam mudado.<\/p>\n<p>Vivemos numa \u00e9poca em que as pessoas dizem: &quot;S\u00f3 agora, s\u00f3 dinheiro, s\u00f3 eu&quot;. A hist\u00f3ria desapareceu e estamos entrando rapidamente numa era do &quot;s\u00f3 agora&quot;.<\/p>\n<p>Dez anos depois, &quot;All Right! Nippon&quot; come\u00e7ou a tomar forma.<\/p>\n<h4>O povo japon\u00eas, em geral, n\u00e3o sabe o que fazer.<\/h4>\n<p>As tend\u00eancias atuais incluem a ideia de que &quot;os jovens n\u00e3o t\u00eam energia&quot; e que &quot;o suic\u00eddio \u00e9 a principal causa de morte&quot;. Como n\u00e3o acreditamos que vivemos em uma sociedade saud\u00e1vel, nos tornamos uma sociedade onde os jovens cometem suic\u00eddio.<\/p>\n<p>Isso est\u00e1 acontecendo devido a problemas em nosso estilo de vida, incluindo quest\u00f5es econ\u00f4micas. Nossas vidas cotidianas est\u00e3o mudando a cada dia.<\/p>\n<p>Isso ocorre porque as crian\u00e7as n\u00e3o conseguem mais viver da mesma forma que seus pais, e por isso o povo japon\u00eas como um todo se encontra em um estado de incerteza e confus\u00e3o, e acredito que essa situa\u00e7\u00e3o persiste.<\/p>\n<h4>O fen\u00f4meno do decl\u00ednio populacional e da queda das taxas de natalidade est\u00e1 se espalhando pelo mundo.<\/h4>\n<p>Na minha idade, estou interessado em um livro chamado Silent Earth: The Silent Spring of Insects, de Dave Goulson (um alerta moderno de Rachel Carson).<\/p>\n<p>Questiona os efeitos nocivos do DDT (um inseticida e pesticida organoclorado) e \u00e9 considerado um alerta contra a &quot;primavera silenciosa em que o zumbido dos insetos n\u00e3o pode ser ouvido&quot;.<\/p>\n<p>O livro destaca que &quot;ao longo dos 30 anos, de aproximadamente 1990 a 2020, o n\u00famero de insetos em todo o mundo diminuiu em cerca de 76%&quot;. Isso \u00e9 o que mais me preocupa.<\/p>\n<p>Embora humanos e insetos sejam diferentes, quando observamos as tend\u00eancias populacionais, podemos ver que o fen\u00f4meno do decl\u00ednio populacional e da queda nas taxas de natalidade est\u00e1 se espalhando por todo o mundo.<\/p>\n<p>H\u00e1 um lugar que visitei no ano passado e neste ano consecutivo: a Ilha de Sado, na prov\u00edncia de Niigata. Os agricultores da Ilha de Sado praticam agricultura org\u00e2nica para proteger o \u00edbis-de-crista-japon\u00eas. Na prov\u00edncia de Yamanashi, que visitei anteontem, n\u00e3o se encontram mais insetos, a menos que se v\u00e1 para o interior das montanhas.<\/p>\n<h4>Grupos relativamente pequenos que vivem de forma autossuficiente.<\/h4>\n<p>Acho que a sociedade atual criou um ambiente dif\u00edcil para os jovens viverem. J\u00e1 n\u00e3o tenho a mesma energia de quando era mais jovem, por isso n\u00e3o pretendo me envolver em movimentos sociais, mas n\u00e3o \u00e9 f\u00e1cil mudar uma sociedade que se tornou t\u00e3o consolidada.<\/p>\n<p>Esta \u00e9 uma ora\u00e7\u00e3o a Deus. N\u00e3o \u00e9 algo que os humanos fazem, \u00e9 um desastre natural. Prev\u00ea-se que o pr\u00f3ximo terremoto na Fossa de Nankai ocorra em 2038.<\/p>\n<p>Se um terremoto ocorresse diretamente sob a \u00e1rea da capital e surgissem v\u00e1rios problemas sobre quanto tempo T\u00f3quio seria capaz de resistir, todos teriam que fazer mudan\u00e7as dr\u00e1sticas em seu modo de vida.<\/p>\n<p>As crian\u00e7as, em particular, precisam se adaptar a uma \u00e9poca em que o mundo est\u00e1 mudando drasticamente. Eu estava na primeira s\u00e9rie do ensino fundamental quando a guerra terminou. Foi uma \u00e9poca em que o mundo estava mudando dramaticamente.<\/p>\n<p>No futuro, a maior mudan\u00e7a na sociedade ser\u00e1 a dos &quot;valores&quot;. Creio que estes deixar\u00e3o de ser de tipo urbano e passar\u00e3o a ser de tipo rural.<\/p>\n<p>Pesquisas sobre previs\u00f5es futuras usando computadores indicam que a sociedade se tornar\u00e1 uma sociedade na qual surgir\u00e3o muitos pequenos assentamentos compostos por um n\u00famero reduzido de pessoas.<\/p>\n<p>Primeiramente, a log\u00edstica foi interrompida, os pre\u00e7os dos alimentos dispararam e o valor da moeda caiu. Ap\u00f3s a chegada dos Navios Negros, ocorreu o Terremoto de Ansei Tokai (1854). Desastres naturais como terremotos provocaram mudan\u00e7as no xogunato e na pol\u00edtica.<\/p>\n<p>Diversos desastres naturais est\u00e3o ocorrendo no Jap\u00e3o atualmente, levando muitas pessoas a refletir sobre como sobreviver. Elas se perguntam de onde vir\u00e3o os itens de que precisam diariamente e como obt\u00ea-los. Em uma situa\u00e7\u00e3o como essa, pequenos grupos conseguem garantir alimentos e outros suprimentos, mas nas grandes cidades, a popula\u00e7\u00e3o fica completamente desamparada.<\/p>\n<p>O mundo muda sempre que ocorre um desastre natural. O que permanece constante \u00e9 a vida cotidiana e a rotina. Sociedades onde a garantia das necessidades b\u00e1sicas \u00e9 fundamental s\u00e3o compostas por grupos relativamente pequenos e estilos de vida autossuficientes. Depender inteiramente dos outros para o que \u00e9 absolutamente necess\u00e1rio para sobreviver \u00e9 um modo de vida muito perigoso. Isso se tornou a norma.<\/p>\n<h4>O problema dos jovens n\u00e3o conseguirem viver felizes.<\/h4>\n<p>A raz\u00e3o pela qual a popula\u00e7\u00e3o se concentra nas cidades \u00e9 porque os jovens s\u00e3o atra\u00eddos por elas. No passado, eu pensava nas cidades como lugares cheios de gente. Quando voc\u00ea abre caminho em meio \u00e0 multid\u00e3o, percebe que n\u00e3o h\u00e1 nada no meio.<\/p>\n<p>Reunir pessoas atrai pessoas. A sociedade moderna conseguiu fazer isso de forma eficiente e econ\u00f4mica. No entanto, surgem problemas quando tentamos fazer isso para o planeta inteiro.<\/p>\n<p>Criamos e operamos sistemas baseados em nossas pr\u00f3prias ideias: se fizermos isso, ent\u00e3o aquilo acontecer\u00e1, e se fizermos aquilo, ent\u00e3o aquilo outro acontecer\u00e1. De certa forma, a cria\u00e7\u00e3o desses sistemas gigantescos foi algo positivo, mas tamb\u00e9m gerou problemas que impedem os jovens de viverem vidas felizes.<\/p>\n<h4>D\u00ea o primeiro passo e mude seu estilo de vida.<\/h4>\n<p>Falamos sobre a queda da taxa de natalidade e o envelhecimento da popula\u00e7\u00e3o, mas a queda da taxa de natalidade e o envelhecimento s\u00e3o quest\u00f5es completamente distintas.<\/p>\n<p>N\u00e3o h\u00e1 motivo para preocupa\u00e7\u00e3o em rela\u00e7\u00e3o ao envelhecimento da popula\u00e7\u00e3o. Se esperarmos 30 anos, todos ter\u00e3o falecido. Diz-se que as aldeias perif\u00e9ricas est\u00e3o envelhecendo, mas atualmente h\u00e1 mais idosos nas cidades.<\/p>\n<p>Acho que devemos aproveitar o terremoto como uma oportunidade para refletir sobre como o mundo vai mudar.<\/p>\n<p>O momento certo \u00e9 crucial. Se voc\u00ea agir muito cedo, um terremoto pode destruir tudo. Quando o momento for oportuno, pense em onde e como voc\u00ea vai morar. Isso inclui garantir comida, \u00e1gua e energia.<\/p>\n<p>Seu desafio daqui para frente \u00e9 fazer mudan\u00e7as ousadas na maneira como voc\u00ea vive sua vida.<\/p>\n<p>N\u00e3o seria melhor tirar um dia de folga do smartphone e se dar um tempo para pensar?<\/p>\n<p>A \u00fanica coisa que me deixa ansioso agora \u00e9 se conseguirei comemorar meu 101\u00ba anivers\u00e1rio em 2038. Espero que a sociedade se torne uma na qual os insetos se multipliquem.<\/p>\n<figure class=\"wp-caption aligncenter\"><a href=\"https:\/\/photos.google.com\/share\/AF1QipPXv05SheZFm7Qq7nb6Mej4DF7jeB24G8xnqVBTv8bsw5f_92j_uEmks41ciamH7g\/photo\/AF1QipNqhM2W-mg9DGOqgjRHGQoLvxvYIYy_H06hVTc?key=UXVfWmxWVmxIWFdURFF6SFNCTjNKS0NUR01oRWlR\" target=\"_blank\" rel=\"noopener\"><img decoding=\"async\" src=\"https:\/\/lh3.googleusercontent.com\/pw\/AIL4fc9eoRu7SNoU0A6QZW55IsZ3zjNDMHzSqBKyaDNSq6-vNWc54Oafgoylq5vHACDSaHBhP_JLFfl0xPUSFMUsO2T5XYw7P2K7obPaAXeIDZAfqnmluG7GXiMhkVtlUuD0GkQMY3fDwtcRNrylWDa2KFIU=w2000-h1500-s-no?authuser=0\" width=\"2000\" height=\"1500\" alt=\"Todos ouvindo atentamente\" class=\"size-full\" \/><\/a><figcaption class=\"wp-caption-text\">Todos ouvindo atentamente<\/figcaption><\/figure>\n<h2>Hora do intervalo<\/h2>\n<h3>Momento para foto comemorativa com Takeshi Yoro<\/h3>\n<p>Como o processo transcorreu mais tranquilamente do que o esperado, uma sess\u00e3o de fotos com Takeshi Yoro foi rapidamente organizada. Os premiados ficaram encantados em posar para as fotos juntos.<\/p>\n<figure class=\"wp-caption aligncenter\"><a href=\"https:\/\/photos.google.com\/share\/AF1QipPXv05SheZFm7Qq7nb6Mej4DF7jeB24G8xnqVBTv8bsw5f_92j_uEmks41ciamH7g\/photo\/AF1QipMZ44OMHmcBL6Ywfx2L5nzCdjWNY6MvF3PJ8Hg?key=UXVfWmxWVmxIWFdURFF6SFNCTjNKS0NUR01oRWlR\" target=\"_blank\" rel=\"noopener\"><img decoding=\"async\" src=\"https:\/\/lh3.googleusercontent.com\/pw\/AIL4fc9GU4OrizE1gBUk9AAeZUdevV32EqvebZouE9epKqCAY19qdNrYgViaZ-_gtpz2oj586xCgzMk8gVkvHe18i3DnPd3h9CRQXJegMCiXO94FEY7_BP6ba8aP8OWvKALru5mEY21dKlFv75t46Dxg7soI=w2000-h1500-s-no?authuser=0\" width=\"2000\" height=\"1500\" alt=\"Foto comemorativa com Takeshi Yoro\" class=\"size-full\" \/><\/a><figcaption class=\"wp-caption-text\">Foto comemorativa com Takeshi Yoro<\/figcaption><\/figure>\n<h2>Parte 2<\/h2>\n<h3>Introdu\u00e7\u00e3o \u00e0s atividades dos vencedores do pr\u00eamio<\/h3>\n<p>Com slides preparados pela secretaria ao fundo, os vencedores da 19\u00aa, 18\u00aa e 17\u00aa edi\u00e7\u00f5es do pr\u00eamio fizeram discursos de dois minutos cada.<\/p>\n<h4>Ordem de an\u00fancio dos vencedores dos pr\u00eamios<\/h4>\n<div class=\"column column-255\">\n<div class=\"column__item\"><strong>==== 19\u00ba Vencedores do Pr\u00eamio ====<\/strong><br \/>\n 1. Centro de Educa\u00e7\u00e3o e Experi\u00eancias na Natureza Greenwood<br \/>\n 2. Organiza\u00e7\u00e3o de Apoio \u00e0 Revitaliza\u00e7\u00e3o Industrial da Cidade de Shimokawa (Departamento de Promo\u00e7\u00e3o Urbana)<br \/>\n 3. Rede de Moradia, Vila e Montanha Tono<br \/>\n 4. Corpora\u00e7\u00e3o Higashisonogi Hitokotono<br \/>\n 5. Associa\u00e7\u00e3o de Cria\u00e7\u00e3o Futura de Asuka<br \/>\n 6. Cidade de Aridagawa x Universidade Ryukoku<br \/>\n 7. Associa\u00e7\u00e3o de Produ\u00e7\u00e3o do Sul de Nagasaki<br \/>\n 8. Masahiro Sezaki<br \/>\n 9. Mitsunori Ushida<br \/>\n10. Yumi Sanpei<br \/>\n11. Shohei Kunida<br \/>\n12. Yuka Yamanaka<br \/>\n<strong>==== 18\u00ba Vencedor do Pr\u00eamio ====<\/strong><br \/>\n13. Associa\u00e7\u00e3o Takeda para a Co-Prosperidade Cultural<br \/>\n14. Banco de Dados de Hist\u00f3ria Natural Anima.net<br \/>\n15. Saori Aoyama<br \/>\n16. Hyoyoshiya<\/div>\n<div class=\"column__item\">17. Subs\u00eddio de Servi\u00e7o<br \/>\n18. Instituto de Pesquisa de Pequenas Aldeias<br \/>\n19. Paz e Natureza<br \/>\n20. Loconnect LLC<br \/>\n21. Noboru e Ikuko Terauchi<br \/>\n22. Fujimi Kadowaki<br \/>\n23. Masaru Takasaka<br \/>\n24. Hiroyuki Mizuno<br \/>\n<strong>==== 17\u00ba Vencedores do Pr\u00eamio ====<\/strong><br \/>\n25. Sora no Sato<br \/>\n26. Conselho de Promo\u00e7\u00e3o da Imigra\u00e7\u00e3o e Assentamento de Oku-Yahagi (ausente)<br \/>\n27. Conselho de Administra\u00e7\u00e3o da Vila de Aba (ausente)<br \/>\n28. Shushu (Ausente)<br \/>\n29. Fazenda Social Sanjo<br \/>\n30. Equipe de Agricultura Inasa da Universidade de Arte e Cultura de Shizuoka<br \/>\n31. Hinataya Co., Ltd.<br \/>\n32. Kazue Shido<br \/>\n33. Sachiko Shiotsuki<br \/>\n34. Mari Okayama<br \/>\n35. Shinzo Wada<\/div>\n<\/div>\n<h3>19\u00ba Pr\u00eamio All Right! Nippon Grand Prize e Pr\u00eamio do Primeiro Ministro<\/h3>\n<h4>Centro Educacional de Experi\u00eancia na Natureza Greenwood (ONG) (Vila de Taifu, Prefeitura de Nagano)<\/h4>\n<figure class=\"wp-caption aligncenter\"><a href=\"https:\/\/photos.google.com\/share\/AF1QipPXv05SheZFm7Qq7nb6Mej4DF7jeB24G8xnqVBTv8bsw5f_92j_uEmks41ciamH7g\/photo\/AF1QipPbCl1qI1C3E1Pa6qRraskCcAHOsy-UDUePnVQ?key=UXVfWmxWVmxIWFdURFF6SFNCTjNKS0NUR01oRWlR\"><img decoding=\"async\" src=\"https:\/\/lh3.googleusercontent.com\/pw\/AIL4fc9RCTlNBad6TGiDxo8G-ZZ6h1nrio-eKV5heJK8TFGopeRA2RMwJYUncYatJcbh97_uRXaSqNv3p65PyJ4Ua2mlDQrPUA4kvy1HjgYLfgQhiKL1jFJ_-nxu0HY7rjEW23giYBPWmetCwuY-QGLxVoPz=w2000-h1500-s-no?authuser=0\" width=\"2000\" height=\"1500\" alt=\"Centro Educacional Greenwood Nature Experience, uma organiza\u00e7\u00e3o sem fins lucrativos\u00a0\u00a0\" class=\"size-full\" \/><\/a><figcaption class=\"wp-caption-text\">Centro Educacional Greenwood Nature Experience, uma organiza\u00e7\u00e3o sem fins lucrativos\u00a0\u00a0<\/figcaption><\/figure>\n<h3>19\u00ba Pr\u00eamio All Right! Nippon: 3 inscri\u00e7\u00f5es<\/h3>\n<h4>Organiza\u00e7\u00e3o de Apoio \u00e0 Revitaliza\u00e7\u00e3o Industrial da Cidade de Shimokawa, Departamento de Promo\u00e7\u00e3o Urbana (Cidade de Shimokawa, Hokkaido) Prefeito Yasuji Tamura<\/h4>\n<figure class=\"wp-caption aligncenter\"><a href=\"https:\/\/photos.google.com\/share\/AF1QipPXv05SheZFm7Qq7nb6Mej4DF7jeB24G8xnqVBTv8bsw5f_92j_uEmks41ciamH7g\/photo\/AF1QipNvU6IAT6Zm-pJTwtgQEL0vdx1-WWVG7De1QEc?key=UXVfWmxWVmxIWFdURFF6SFNCTjNKS0NUR01oRWlR\" target=\"_blank\" rel=\"noopener\"><img decoding=\"async\" src=\"https:\/\/lh3.googleusercontent.com\/pw\/AIL4fc9PUkle1nSF9n5G--ZV-xLISh0cSSJ4uEGdM_c2wNIZOhwXrCYznLxqRfn3xyVcL7Qq8TDbCN--ZpDKOUFULW_zsBAzKVVr-FxuVCznCE_odGTFbk4BtDfN-PJejtmr9LQUl2cG6PY8W1aIhGM3mXbs=w2000-h1500-s-no?authuser=0\" width=\"2000\" height=\"1500\" alt=\"Organiza\u00e7\u00e3o de Apoio \u00e0 Revitaliza\u00e7\u00e3o Industrial da Cidade de Shimokawa, Departamento de Promo\u00e7\u00e3o Urbana (Cidade de Shimokawa, Hokkaido) Prefeito Yasuji Tamura\" class=\"size-full\" \/><\/a><figcaption class=\"wp-caption-text\">Organiza\u00e7\u00e3o de Apoio \u00e0 Revitaliza\u00e7\u00e3o Industrial da Cidade de Shimokawa, Departamento de Promo\u00e7\u00e3o Urbana (Cidade de Shimokawa, Hokkaido) Prefeito Yasuji Tamura<\/figcaption><\/figure>\n<h4>Tono Mountain, Village and Living Network (NPO) (cidade de Tono, prov\u00edncia de Iwate)<\/h4>\n<figure class=\"wp-caption aligncenter\"><a href=\"https:\/\/photos.google.com\/share\/AF1QipPXv05SheZFm7Qq7nb6Mej4DF7jeB24G8xnqVBTv8bsw5f_92j_uEmks41ciamH7g\/photo\/AF1QipOAcOaBwFOpbktUxqsThDi7qv2e-dxTtg8kLgE?key=UXVfWmxWVmxIWFdURFF6SFNCTjNKS0NUR01oRWlR\" target=\"_blank\" rel=\"noopener\"><img decoding=\"async\" src=\"https:\/\/lh3.googleusercontent.com\/pw\/AIL4fc9dQpt2_bdCma-MpXvU3hEltcUzS9koq3qjC_pTBupX1YczucBGMX-_DDj-DRI8m7dlDfXV6iR4Eu6t1TulE2SCBOUKxN-E2T0HZBqjBuEKnI7YahRxvUbfmgV9X3f4a-S6OIvl97aIbYUZHi0o-lZF=w2000-h1500-s-no?authuser=0\" width=\"2000\" height=\"1500\" alt=\"Corpora\u00e7\u00e3o Higashisonogi Hitokotono (cidade de Higashisonogi, prov\u00edncia de Nagasaki)\" class=\"size-full\" \/><\/a><figcaption class=\"wp-caption-text\">Corpora\u00e7\u00e3o Higashisonogi Hitokotono (cidade de Higashisonogi, prov\u00edncia de Nagasaki)<\/figcaption><\/figure>\n<h4>Corpora\u00e7\u00e3o Higashisonogi Hitokotono (cidade de Higashisonogi, prov\u00edncia de Nagasaki)<\/h4>\n<figure class=\"wp-caption aligncenter\"><a href=\"https:\/\/photos.google.com\/share\/AF1QipPXv05SheZFm7Qq7nb6Mej4DF7jeB24G8xnqVBTv8bsw5f_92j_uEmks41ciamH7g\/photo\/AF1QipOwFN3LcS0WBXfDFHg50JsV_tjYRl5mlDgTbJE?key=UXVfWmxWVmxIWFdURFF6SFNCTjNKS0NUR01oRWlR\" target=\"_blank\" rel=\"noopener\"><img decoding=\"async\" src=\"https:\/\/lh3.googleusercontent.com\/pw\/AIL4fc_ijVDAuJQuSI3e3uKBwzi9OwWWSHWZkfvUFDSwmZXeWJ_ug5LP17ElWPsL8wABbnxyA4tdJwcLiUGYXule1fY8_WJKv5aYWTWXzfjVKwzi2zTkrHq0Nrw2is0u0PY0gXP-b-PW7aFekcawHMQ14y7M=w2000-h1500-s-no?authuser=0\" width=\"2000\" height=\"1500\" alt=\"Higashisonogi Hitokotono Corporation (cidade de Higashisonogi, prov\u00edncia de Nagasaki)\" class=\"size-full\" \/><\/a><figcaption class=\"wp-caption-text\">Higashisonogi Hitokotono Corporation (cidade de Higashisonogi, prov\u00edncia de Nagasaki)<\/figcaption><\/figure>\n<h3>19\u00ba Pr\u00eamio All Right! Nippon Grand Prize - Pr\u00eamio do Presidente do J\u00fari: 3 vencedores<\/h3>\n<h4>Associa\u00e7\u00e3o Asuka para a Cria\u00e7\u00e3o do Futuro (Vila Asuka, Prefeitura de Nara)<\/h4>\n<figure class=\"wp-caption aligncenter\"><a href=\"https:\/\/photos.google.com\/share\/AF1QipPXv05SheZFm7Qq7nb6Mej4DF7jeB24G8xnqVBTv8bsw5f_92j_uEmks41ciamH7g\/photo\/AF1QipN5mGJxPzKIfjTs51Lxhp4zym9QSYXmUd9Rz7w?key=UXVfWmxWVmxIWFdURFF6SFNCTjNKS0NUR01oRWlR\"><img decoding=\"async\" src=\"https:\/\/lh3.googleusercontent.com\/pw\/AIL4fc_oN2CHcBaZP42lTX1ww-i_wMsosLygyo-AOFih9coO3315Ho8YZlpXUgsLPvFx29Yl3jw27oDgfrg5jVhEe1S_p62-3GmYQyHry7PgU9pbZGC0Y9zP5C7-8JVy3zcMdf-uIHyqFD0MupWrDENHUcqC=w2000-h1500-s-no?authuser=0\" width=\"2000\" height=\"1500\" alt=\"Associa\u00e7\u00e3o Asuka para a Cria\u00e7\u00e3o do Futuro (ONG) (Vila Asuka, Prefeitura de Nara)\" class=\"size-full\" \/><\/a><figcaption class=\"wp-caption-text\">Associa\u00e7\u00e3o Asuka para a Cria\u00e7\u00e3o do Futuro (ONG) (Vila Asuka, Prefeitura de Nara)<\/figcaption><\/figure>\n<h4>Cidade de Aridagawa \u00d7 Universidade Ryukoku (cidade de Aridagawa, prov\u00edncia de Wakayama)<\/h4>\n<figure class=\"wp-caption aligncenter\"><a href=\"https:\/\/photos.google.com\/share\/AF1QipPXv05SheZFm7Qq7nb6Mej4DF7jeB24G8xnqVBTv8bsw5f_92j_uEmks41ciamH7g\/photo\/AF1QipMnoQwarSHkBdhvNiHQaTUi3nsUfGk1D8tG1hU?key=UXVfWmxWVmxIWFdURFF6SFNCTjNKS0NUR01oRWlR\" target=\"_blank\" rel=\"noopener\"><img decoding=\"async\" src=\"https:\/\/lh3.googleusercontent.com\/pw\/AIL4fc-2Z9NCTlCo_yBP-pRS-k9IlzWt_yD6lpGBpI_xbabEHfDSo6okda35SUsLk_XAX8wPg1lSATXXIk-xmrSSeh8MSlkNX-TDxVOdgLg5pNA7GWwxNMlV_9e__tjARWmOXv0R5A1VoIUMJmZj-F4yFyah=w2000-h1500-s-no?authuser=0\" width=\"2000\" height=\"1500\" alt=\"Cidade de Aridagawa x Universidade Ryukoku (cidade de Aridagawa, prov\u00edncia de Wakayama)\" class=\"size-full\" \/><\/a><figcaption class=\"wp-caption-text\">Cidade de Aridagawa x Universidade Ryukoku (cidade de Aridagawa, prov\u00edncia de Wakayama)<\/figcaption><\/figure>\n<h4>Associa\u00e7\u00e3o de Produ\u00e7\u00e3o do Sul de Nagasaki (Cidade de Minamishimabara, Prefeitura de Nagasaki)<\/h4>\n<figure class=\"wp-caption aligncenter\"><a href=\"https:\/\/photos.google.com\/share\/AF1QipPXv05SheZFm7Qq7nb6Mej4DF7jeB24G8xnqVBTv8bsw5f_92j_uEmks41ciamH7g\/photo\/AF1QipPpJQBhDAhp6CPq9asIAStPZwvKyipotwUo-NE?key=UXVfWmxWVmxIWFdURFF6SFNCTjNKS0NUR01oRWlR\" target=\"_blank\" rel=\"noopener\"><img decoding=\"async\" src=\"https:\/\/lh3.googleusercontent.com\/pw\/AIL4fc_txJmacxzsxCzrO9ZchqKDtife98HnknSMFf6rp8_WE2Zz5a_lkZN9Z0-deKXbVKe8FK7TA4ILvLWOL4af9kPjCUllIU1QG2uzQUMLLD4rt4iLIROqLd5k8HNA5qTNKIs31VBYv0QeekgAuXyRMsoW=w2000-h1500-s-no?authuser=0\" width=\"2000\" height=\"1500\" alt=\"Associa\u00e7\u00e3o de Produ\u00e7\u00e3o do Sul de Nagasaki (Cidade de Minamishimabara, Prefeitura de Nagasaki)\" class=\"size-full\" \/><\/a><figcaption class=\"wp-caption-text\">Associa\u00e7\u00e3o de Produ\u00e7\u00e3o do Sul de Nagasaki (Cidade de Minamishimabara, Prefeitura de Nagasaki)<\/figcaption><\/figure>\n<h3>19\u00ba Pr\u00eamio All Right! Nippon Lifestyle: 5 vencedores<\/h3>\n<h4>Masahiro Sezaki (bairro de Edogawa, T\u00f3quio)<\/h4>\n<figure class=\"wp-caption aligncenter\"><a href=\"https:\/\/photos.google.com\/share\/AF1QipPXv05SheZFm7Qq7nb6Mej4DF7jeB24G8xnqVBTv8bsw5f_92j_uEmks41ciamH7g\/photo\/AF1QipP7KTunvBA_ZtOtxOnI21gYs8ln1gxK_2yvcjQ?key=UXVfWmxWVmxIWFdURFF6SFNCTjNKS0NUR01oRWlR\" target=\"_blank\" rel=\"noopener\"><img decoding=\"async\" src=\"https:\/\/lh3.googleusercontent.com\/pw\/AIL4fc-SE9T7sKjp8TBC9Ix8eny3jNWp6rfPSA4ojCqUSwObRu7i1JEvCIlaHAAyGhQBlkZRBO-spFSMzn9d_dWvzn6EGUNHyNHeYdxUYqHoKAbSMW-yk2Kcfy9iM_-xNOilxK8P0391O3XiTKuVW6OxtFdw=w2000-h1500-s-no?authuser=0\" width=\"2000\" height=\"1500\" alt=\"Masahiro Sezaki (bairro de Edogawa, T\u00f3quio)\" class=\"size-full\" \/><\/a><figcaption class=\"wp-caption-text\">Masahiro Sezaki (bairro de Edogawa, T\u00f3quio)<\/figcaption><\/figure>\n<h4>Mitsunori Ushida (cidade de Joetsu, prov\u00edncia de Niigata)<\/h4>\n<figure class=\"wp-caption aligncenter\"><a href=\"https:\/\/photos.google.com\/share\/AF1QipPXv05SheZFm7Qq7nb6Mej4DF7jeB24G8xnqVBTv8bsw5f_92j_uEmks41ciamH7g\/photo\/AF1QipN6XYWnj8XYzgLNMjlXA_8Db54Gm3VP7mF84Ew?key=UXVfWmxWVmxIWFdURFF6SFNCTjNKS0NUR01oRWlR\" target=\"_blank\" rel=\"noopener\"><img decoding=\"async\" src=\"https:\/\/lh3.googleusercontent.com\/pw\/AIL4fc-jID6UUbFwbNMho0_ej607cb1N9MXkgmMCgJ0PXy8NaHAP3pzK_a70Y4LteyCctJbuIuQBLdyFiV7JzjbOVunMEtMQ0xWWGCpg_5YvWlKFrHHS6kB8SIRiQEIIx1xGHwcy9H2fVxKzIHV0b6vKSxGl=w2000-h1500-s-no?authuser=0\" width=\"2000\" height=\"1500\" alt=\"Mitsunori Ushida (cidade de Joetsu, prov\u00edncia de Niigata)\" class=\"size-full\" \/><\/a><figcaption class=\"wp-caption-text\">Mitsunori Ushida (cidade de Joetsu, prov\u00edncia de Niigata)<\/figcaption><\/figure>\n<h4>Hiromi Sanbe (cidade de Unnan, prov\u00edncia de Shimane)<\/h4>\n<figure class=\"wp-caption aligncenter\"><a href=\"https:\/\/photos.google.com\/share\/AF1QipPXv05SheZFm7Qq7nb6Mej4DF7jeB24G8xnqVBTv8bsw5f_92j_uEmks41ciamH7g\/photo\/AF1QipO6ku7sjZceLothujvaWpUhLlaVvtR_6LvLnU8?key=UXVfWmxWVmxIWFdURFF6SFNCTjNKS0NUR01oRWlR\" target=\"_blank\" rel=\"noopener\"><img decoding=\"async\" src=\"https:\/\/lh3.googleusercontent.com\/pw\/AIL4fc-ItGabRV0jf0UK-hFWNPwLBPUxzVNlsUP7BHjf8aimceI2CaOFKicPc1SDuH4-F4XeKXlq-EIUvnmsMRAYykiLbuwQm9hF0q5epUlXVvF6V-eNqGPqv29jGRwahBswyPI2A8kxY8EFornUeTmNFBxE=w2000-h1500-s-no?authuser=0\" width=\"2000\" height=\"1500\" alt=\"Hiromi Sanbe (cidade de Unnan, prov\u00edncia de Shimane)\" class=\"size-full\" \/><\/a><figcaption class=\"wp-caption-text\">Hiromi Sanbe (cidade de Unnan, prov\u00edncia de Shimane)<\/figcaption><\/figure>\n<h4>Shohei Kunita (cidade de Hiroshima, prov\u00edncia de Hiroshima)<\/h4>\n<figure class=\"wp-caption aligncenter\"><a href=\"https:\/\/photos.google.com\/share\/AF1QipPXv05SheZFm7Qq7nb6Mej4DF7jeB24G8xnqVBTv8bsw5f_92j_uEmks41ciamH7g\/photo\/AF1QipOEmYs698M-ApeuG7mV2wv2ggZknBc9ky6oYQM?key=UXVfWmxWVmxIWFdURFF6SFNCTjNKS0NUR01oRWlR\" target=\"_blank\" rel=\"noopener\"><img decoding=\"async\" src=\"https:\/\/lh3.googleusercontent.com\/pw\/AIL4fc9qUbJUPqpFoqvEC3c7MHHJx1ue9HfRTs7jDYzPi0BTXr0ZzDkuskMDreFhkdhOhUaxXEF7qyLLtdXeLPUoVmza5p9ARTmJGF9EhpyXcbQ6sbiK6tmwJObkmy2Cseqblv2TOA8XeBqoDPpBvNTMEpHP=w2000-h1500-s-no?authuser=0\" width=\"2000\" height=\"1500\" alt=\"Shohei Kunita (cidade de Hiroshima, prov\u00edncia de Hiroshima)\" class=\"size-full\" \/><\/a><figcaption class=\"wp-caption-text\">Shohei Kunita (cidade de Hiroshima, prov\u00edncia de Hiroshima)<\/figcaption><\/figure>\n<h4>Yuka Yamanaka (cidade de Saijo, prov\u00edncia de Ehime)<\/h4>\n<figure class=\"wp-caption aligncenter\"><a href=\"https:\/\/photos.google.com\/share\/AF1QipPXv05SheZFm7Qq7nb6Mej4DF7jeB24G8xnqVBTv8bsw5f_92j_uEmks41ciamH7g\/photo\/AF1QipOL8WgkY6IVuQX6tO413BQIaC8qCSOM9DotsQM?key=UXVfWmxWVmxIWFdURFF6SFNCTjNKS0NUR01oRWlR\" target=\"_blank\" rel=\"noopener\"><img decoding=\"async\" src=\"https:\/\/lh3.googleusercontent.com\/pw\/AIL4fc-zWyqOdp8Nwpdsv2UZ2_7zjTaOFRqOJhUe-7Zk_oPUli9r0LMW7LRt31gRxVkTedkTSRLM-oQgV1GSmpUOn24SU2PDc6fJFIxM7g0Pk_PbUd05s6dDc-kE3t4Xoba06APn5BWNdKpGkUpERyBMIthP=w2000-h1500-s-no?authuser=0\" width=\"2000\" height=\"1500\" alt=\"Yuka Yamanaka (cidade de Saijo, prov\u00edncia de Ehime)\" class=\"size-full\" \/><\/a><figcaption class=\"wp-caption-text\">Yuka Yamanaka (cidade de Saijo, prov\u00edncia de Ehime)<\/figcaption><\/figure>\n<h3>18\u00ba Pr\u00eamio All Right! Nippon de Estilo de Vida<\/h3>\n<p>Os vencedores do pr\u00eamio far\u00e3o discursos de dois minutos, nos quais apresentar\u00e3o as atividades de Terauchi Noboru e Ikuko da cidade de Hokuryu.<\/p>\n<h4>Noboru Terauchi e Ikuko (cidade de Hokuryu, Hokkaido)<\/h4>\n<figure class=\"wp-caption aligncenter\"><a href=\"https:\/\/photos.google.com\/share\/AF1QipPXv05SheZFm7Qq7nb6Mej4DF7jeB24G8xnqVBTv8bsw5f_92j_uEmks41ciamH7g\/photo\/AF1QipPOXB-WWeJ9_txidLSNh7nqLGrXAYunNxFkpiE?key=UXVfWmxWVmxIWFdURFF6SFNCTjNKS0NUR01oRWlR\" target=\"_blank\" rel=\"noopener\"><img decoding=\"async\" src=\"https:\/\/lh3.googleusercontent.com\/pw\/AIL4fc8H2W4yPm0HRsJxDV55MrkJ5LGjFJP9QJepovpoE1GVbgdQ4wpLzvQ_smzy5whgiuCeZSPORgitYjPrcorspQ6FXGnsOH_qnPar11CgmDZrB6MAYcwY0YJi1BQY7TOOtGXzZ3OtS-DJLK2KcE9usDfy=w2000-h1331-s-no?authuser=0\" width=\"2000\" height=\"1500\" alt=\"Terauchi Noboru e Ikuko (cidade de Hokuryu, Hokkaido) (foto fornecida pela All Right! Nippon Conference)\" class=\"size-full\" \/><\/a><figcaption class=\"wp-caption-text\">Noboru Terauchi e Ikuko (cidade de Hokuryu, Hokkaido)<br \/>\n(Foto fornecida por All Right! Nippon Kaigi)<\/figcaption><\/figure>\n<figure id=\"attachment_10869\" class=\"wp-caption aligncenter\"><a href=\"https:\/\/photos.google.com\/share\/AF1QipPi7xhI2Jjc2wmUu4NGnJ4orBzsjp5QXNL9YyR4LdPb_lxhacBkKbWaSRN3YKweew\/photo\/AF1QipOl8yVGPVynn2qIzSMyooGqXQb_45s3npWwrDRg?key=cGJLcnhpWkM5eXdscDYzZzloRWR0X0xZNGduTEZR\" target=\"_blank\" rel=\"noopener\"><img decoding=\"async\" src=\"https:\/\/lh3.googleusercontent.com\/pw\/AIL4fc-ZVcfOSaP4x0QTMOe0qHf8r2roQbuBroSRAREZ-0UYAsYRvjHjyL1iL-qYtlsjPUdDnb5Te3qd5ceaGYOpPNWjZ7XoV31V5-tCyTJwWPN8euHoxMil_z8BWXEGyaJUZVE9_bu8NN3bJjIfXMSfeEiWgQ=w2000-h1500-s-no?authuser=0\" alt=\"18 Tudo bem! Pr\u00eamio de estilo de vida do Nippon Awards: Noboru Terauchi e Ikuko\" width=\"1428\" height=\"1320\" class=\"size-full wp-image-10869\"\/><figcaption class=\"wp-caption-text\">18 Tudo bem! Pr\u00eamio de estilo de vida do Nippon Awards: Noboru Terauchi e Ikuko<\/a><\/figcaption><\/figure>\n<p>&quot;Somos Noboru e Ikuko Terauchi, da cidade de Hokuryu, em Hokkaido, e nos dedicamos \u00e0 dissemina\u00e7\u00e3o de informa\u00e7\u00f5es h\u00e1 13 anos.&quot;<\/p>\n<p>Gostaria de parabenizar de cora\u00e7\u00e3o a todos pela realiza\u00e7\u00e3o deste encontro de premiados hoje. Gostaria tamb\u00e9m de expressar minha gratid\u00e3o pelo convite. Muito obrigado.<\/p>\n<p>A cidade de Hokuryu est\u00e1 localizada a oeste da cidade de Asahikawa e a leste da cidade de Rumoi, na costa do Mar do Jap\u00e3o. Com uma popula\u00e7\u00e3o de cerca de 1.650 habitantes e uma taxa de envelhecimento de 45%, \u00e9 uma cidade que representa o futuro do Jap\u00e3o.<\/p>\n<p>Como cidade agr\u00edcola, as especialidades locais incluem o &quot;Arroz de Girassol&quot;, o &quot;Mel\u00e3o de Girassol&quot; e a &quot;Melancia de Girassol&quot;, que ganharam o Grande Pr\u00eamio da Agricultura do Jap\u00e3o em 2016, bem como a Soja Kurosengoku (soja preta de gr\u00e3o pequeno) da Cooperativa Comercial Kurosengoku, que foi selecionada como um exemplo excepcional na 5\u00aa edi\u00e7\u00e3o do Pr\u00eamio Descubra Tesouros Rurais em 2018.<\/p>\n<p>Os girass\u00f3is s\u00e3o uma famosa atra\u00e7\u00e3o tur\u00edstica. Os 2 milh\u00f5es de girass\u00f3is que florescem em 23 hectares nas encostas voltadas para o leste s\u00e3o um espet\u00e1culo deslumbrante. O Festival de Girass\u00f3is de Hokuryu, que dura cerca de um m\u00eas no ver\u00e3o, atrai cerca de 300.000 turistas de todo o mundo.<\/p>\n<p>Nos mudamos de T\u00f3quio para Hokuryu h\u00e1 13 anos. Constru\u00edmos nosso site sozinhos. Minha esposa escreve os textos e eu tiro as fotos e administro o site. Tamb\u00e9m mantemos um site, uma p\u00e1gina no Facebook, um perfil no Instagram e um canal no YouTube. Em dias de muito movimento, publicamos cerca de 200 artigos por m\u00eas e compartilhamos informa\u00e7\u00f5es sobre a cidade h\u00e1 13 anos.<\/p>\n<p>O programa destaca os moradores da cidade de Hokuryu, revelando que tipo de pessoas s\u00e3o, o que pensam quando cultivam suas planta\u00e7\u00f5es e como aproveitam a vida.<\/p>\n<p>E, com o desejo de nos solidarizarmos e compartilharmos a alegria e o entusiasmo dos moradores da cidade com o maior n\u00famero poss\u00edvel de pessoas, n\u00f3s mesmos expressamos e comunicamos honestamente nossa alegria, empatia e emo\u00e7\u00f5es.<\/p>\n<p>A cidade de Hokuryu \u00e9 maravilhosa. Espero que voc\u00ea a visite pelo menos uma vez. Muito obrigado por ter vindo hoje.<\/p>\n<h3>Coment\u00e1rio: Tudo bem! Vice-Presidente da Nippon Kaigi, Sra. Keiko Hirano<\/h3>\n<p>Nascido na cidade de Numazu, prov\u00edncia de Shizuoka, em 1960 (Showa 35) (62 anos), graduado pela Escola Secund\u00e1ria Metropolitana Kunitachi de T\u00f3quio e pela Universidade Waseda, locutor freelancer (ex-apresentador de not\u00edcias da NHK), contador de hist\u00f3rias, ex-presidente da Associa\u00e7\u00e3o de Certifica\u00e7\u00e3o de Preven\u00e7\u00e3o de Desastres, professor do Departamento de Radiodifus\u00e3o da Universidade de Artes de Osaka, professor em tempo parcial na Universidade Musashino (pesquisa em cultura tradicional), membro do Subcomit\u00ea de Bem-Estar Infantil e Cultura do Conselho para Crian\u00e7as e Fam\u00edlias.<\/p>\n<figure class=\"wp-caption aligncenter\"><a href=\"https:\/\/photos.google.com\/share\/AF1QipPXv05SheZFm7Qq7nb6Mej4DF7jeB24G8xnqVBTv8bsw5f_92j_uEmks41ciamH7g\/photo\/AF1QipMHvK7uzw2h0c3d-GxX5PQ9Aw8hjfQrysWTn-I?key=UXVfWmxWVmxIWFdURFF6SFNCTjNKS0NUR01oRWlR\" target=\"_blank\" rel=\"noopener\"><img decoding=\"async\" src=\"https:\/\/lh3.googleusercontent.com\/pw\/AIL4fc8jY8xZoNWKP1l8oPr_BfcqHjfZyc3dRRUxzoHrC1FZVHvXqiWsZl7aDqKzSE1NVk1ydOzekt-nAVkLHpnuGpJWeI20bh321ZkNlnJXC529T_bfMcpflVETF21ZqKDJpG44OsuUo9jrD81VNRSMzlQ-=w2000-h1500-s-no?authuser=0\" width=\"2000\" height=\"1500\" alt=\"Tudo bem! Vice-Presidente da Nippon Kaigi, Sra. Keiko Hirano\" class=\"size-full\" \/><\/a><figcaption class=\"wp-caption-text\">Tudo bem! Vice-Presidente da Nippon Kaigi, Sra. Keiko Hirano<\/figcaption><\/figure>\n<p>&quot;Parab\u00e9ns a todos os premiados.&quot;<\/p>\n<h4>O primeiro encontro dos tr\u00eas vencedores do pr\u00eamio<\/h4>\n<p>Devido ao impacto da COVID-19, a cerim\u00f4nia de premia\u00e7\u00e3o foi cancelada duas vezes (nos dias 17 e 18). Isso era impens\u00e1vel para n\u00f3s, que realizamos a cerim\u00f4nia de premia\u00e7\u00e3o h\u00e1 cerca de 20 anos.<\/p>\n<p>Estava ansiosa para conhecer e conversar com todos os premiados. Ao passar do processo de triagem de documentos para reuni\u00f5es e conversas presenciais, aprendi coisas novas. Isso pode levar a conex\u00f5es futuras e, por mais maravilhosa que seja a cerim\u00f4nia de premia\u00e7\u00e3o, ela \u00e9 sempre emocionante.<\/p>\n<p>Esta foi a primeira vez que os vencedores das 19\u00aa, 18\u00aa e 17\u00aa edi\u00e7\u00f5es do pr\u00eamio se reuniram em uma cerim\u00f4nia de premia\u00e7\u00e3o do All-Right! Nippon.<\/p>\n<p>Ao conhecer todos voc\u00eas hoje, fiquei impressionado com a energia das atividades e a paix\u00e3o dos discursos. Durante o processo de avalia\u00e7\u00e3o, todas as atividades foram maravilhosas, e o ato de escolher entre elas nos fez lembrar dos momentos dif\u00edceis que enfrentamos. Pudemos sentir a energia e o esplendor que emanavam dos documentos em todas as atividades.<\/p>\n<h4>O n\u00famero total de candidaturas recebidas at\u00e9 o momento \u00e9 de 2.072.<\/h4>\n<p>At\u00e9 o momento, foram recebidas 2.072 inscri\u00e7\u00f5es (1.792 para o Grande Pr\u00eamio All-Right Nippon e 280 para o Grande Pr\u00eamio Estilo de Vida). Destas, um total de 313 foram premiadas (236 para o Grande Pr\u00eamio All-Right Nippon e 77 para o Grande Pr\u00eamio Estilo de Vida).<\/p>\n<p>Acho que voc\u00eas poder\u00e3o perceber o qu\u00e3o excepcionalmente criteriosa foi a sele\u00e7\u00e3o de todos os participantes. Sou jurado desde a cria\u00e7\u00e3o do All Right! Nippon, em 2003, e analisei n\u00e3o apenas as iniciativas premiadas, mas tamb\u00e9m os esbo\u00e7os de todas as iniciativas submetidas. Olhando para o n\u00famero novamente, acho impressionante.<\/p>\n<p>Em abril de 2005, existiam 2.395 munic\u00edpios em todo o pa\u00eds. Esse n\u00famero \u00e9 compar\u00e1vel \u00e0s 2.072 candidaturas recebidas at\u00e9 o momento. Embora haja algumas sobreposi\u00e7\u00f5es, quando dividido pelo n\u00famero de munic\u00edpios em todo o pa\u00eds, o n\u00famero de candidaturas representa 85% do total. Isso demonstra que h\u00e1 muitos colegas envolvidos em diversas atividades em todo o pa\u00eds. A probabilidade de receber o incentivo do pr\u00eamio \u00e9 de apenas 15%.<\/p>\n<p>Esperamos que estes pr\u00e9mios continuem a fomentar muitas mais liga\u00e7\u00f5es horizontais entre pessoas particularmente not\u00e1veis no futuro.<\/p>\n<h4>Triagem rigorosa e imparcial, sem preconceitos.<\/h4>\n<p>O comit\u00ea de avalia\u00e7\u00e3o realiza julgamentos rigorosos e imparciais, sem debates acalorados ou favoritismo de qualquer tipo.<\/p>\n<p>Como condi\u00e7\u00e3o para a realiza\u00e7\u00e3o do exame,<\/p>\n<ol>\n<li><strong>N\u00famero de anos de servi\u00e7o<\/strong>(Caso a atividade seja encerrada por algum motivo, existe a possibilidade de o projeto deixar de receber apoio.)<\/li>\n<li><strong>\u00canfase na versatilidade como modelo<\/strong>(Pode ser usado em outras regi\u00f5es? Tem impacto social?)<\/li>\n<li><strong>A import\u00e2ncia da efic\u00e1cia<\/strong>(Efeitos econ\u00f4micos, efeitos humanos, efeitos esperados)<\/li>\n<li><strong>A disposi\u00e7\u00e3o para tentar novamente, mesmo que voc\u00ea falhe.<\/strong>\u00canfase em<\/li>\n<\/ol>\n<p>Voc\u00ea pode se inscrever no All Right! Nippon v\u00e1rias vezes. Ali\u00e1s, algumas pessoas j\u00e1 tentaram cinco ou seis vezes. Os jurados ficam felizes e gratos por ver uma atitude t\u00e3o positiva, n\u00e3o ignorando nem as menores melhorias conquistadas com muito esfor\u00e7o.<\/p>\n<p>Mais do que serem selecionados, \u00e9 ver seus esfor\u00e7os cont\u00ednuos que \u00e9 t\u00e3o bonito e reconfortante. A perspectiva de que isso continue no futuro \u00e9 o que torna esta atividade &quot;All Right!&quot; Nippon algo para se orgulhar.<\/p>\n<p>Os ju\u00edzes n\u00e3o se limitam a atribuir notas e classificar os vencedores. Eles discutem os vencedores a partir de suas pr\u00f3prias perspectivas, compartilhando e avaliando o valor de cada atividade com base em sua experi\u00eancia, conhecimento e percep\u00e7\u00e3o.<\/p>\n<p>Quando determinadas atividades s\u00e3o muito elogiadas, isso pode inspirar outras pessoas que realizam atividades semelhantes.<\/p>\n<p>Quando uma nova iniciativa produz resultados ap\u00f3s muito trabalho \u00e1rduo, \u00e0s vezes queremos reconhecer o esfor\u00e7o que foi investido nela.<\/p>\n<h4>A dissemina\u00e7\u00e3o e o enriquecimento do conhecimento ao longo das gera\u00e7\u00f5es, como observado na Equipe de Agricultura Inasa da Universidade de Arte e Cultura de Shizuoka.<\/h4>\n<p>Eu me concentrei na Equipe de Agricultura Inasa da Universidade de Arte e Cultura de Shizuoka. Eles estiveram ativos por quatro anos na universidade e, em sua apresenta\u00e7\u00e3o agora h\u00e1 pouco, disseram que n\u00e3o entendiam muito bem a situa\u00e7\u00e3o, pois os membros haviam mudado desde que o pr\u00eamio foi concedido, tr\u00eas anos atr\u00e1s.<\/p>\n<p>Por um instante, me perguntei se meu medo havia se concretizado, mas ent\u00e3o ouvi dizer que o n\u00famero de participantes havia aumentado e o evento estava crescendo, e pensei comigo mesmo: &quot;Isso \u00e9 incr\u00edvel, isso \u00e9 maravilhoso!&quot;<\/p>\n<p>Agora que os alunos que estavam no primeiro ano da universidade na \u00e9poca est\u00e3o no quarto ano e todas as turmas tiveram a oportunidade de vivenciar este projeto, acho que est\u00e1 tudo \u00f3timo! Apoiar este projeto no Jap\u00e3o ser\u00e1 muito significativo em termos de dissemina\u00e7\u00e3o e conhecimento sobre agricultura entre gera\u00e7\u00f5es e de constru\u00e7\u00e3o de um futuro promissor para a agricultura. Espero que isso nos leve a um futuro brilhante.<\/p>\n<p>Tamb\u00e9m recebemos candidaturas de jovens dos ODS e da Gera\u00e7\u00e3o Z que est\u00e3o a enfrentar v\u00e1rios desafios, pelo que estamos muito entusiasmados com o que o futuro nos reserva.<\/p>\n<h4>Ampliar o papel das mulheres, dos jovens e dos estrangeiros.<\/h4>\n<p>Sinto tamb\u00e9m que as mulheres est\u00e3o se tornando mais ativas em geral. Ver mulheres assumindo um papel ativo e discursando com desenvoltura me fez sentir que os tempos est\u00e3o mudando. Acredito que as atividades de todas as mulheres ser\u00e3o um fator importante na revitaliza\u00e7\u00e3o da cidade.<\/p>\n<p>As oportunidades de sucesso nas \u00e1reas rurais est\u00e3o se expandindo para incluir mulheres, jovens e estrangeiros. Tanto estrangeiros quanto empres\u00e1rios experientes encontram oportunidades e s\u00e3o recebidos de bra\u00e7os abertos como colegas.<\/p>\n<h4>Os vencedores do pr\u00eamio dar\u00e3o uma grande contribui\u00e7\u00e3o ao mundo infantil.<\/h4>\n<p>Atualmente estou trabalhando com o Professor Yoro e, talvez influenciado por sua maneira de pensar, me interessei por insetos.<\/p>\n<p>Com a pandemia da COVID-19 dificultando os encontros presenciais, o Professor Yoro tem transmitido suas aulas online. Cada uma de suas palestras \u00e9 verdadeiramente comovente e maravilhosa.<\/p>\n<p>Percebi que seus esfor\u00e7os s\u00e3o como um ser vivo. Acredito que voc\u00ea demonstrar\u00e1 sua capacidade de educar filhos no futuro e ajud\u00e1-los a crescer em uma dire\u00e7\u00e3o positiva.<\/p>\n<p>Acredito que todos voc\u00eas t\u00eam o poder de dar uma grande contribui\u00e7\u00e3o n\u00e3o s\u00f3 \u00e0 agricultura, mas tamb\u00e9m ao mundo das crian\u00e7as, e n\u00e3o apenas \u00e0 ideia geral do cora\u00e7\u00e3o humano. Espero que, com o vosso apoio cont\u00ednuo, possamos continuar a enriquecer o conte\u00fado das atividades da All Right! Nippon.<\/p>\n<p>Por favor, continuem participando ativamente dessas atividades e, em nome da comiss\u00e3o julgadora, gostaria de parabenizar e agradecer a todos.<\/p>\n<p>Espero que voc\u00eas continuem se empenhando para promover interc\u00e2mbios ainda mais ativos entre as cidades e as \u00e1reas rurais. Com isso, concluo meus coment\u00e1rios.<br \/>\nMuito obrigado por terem vindo de t\u00e3o longe para estarem aqui hoje como homenageados.&quot;<\/p>\n<figure class=\"wp-caption aligncenter\"><a href=\"https:\/\/photos.google.com\/share\/AF1QipPXv05SheZFm7Qq7nb6Mej4DF7jeB24G8xnqVBTv8bsw5f_92j_uEmks41ciamH7g\/photo\/AF1QipP-rC6k_lEXesTWbEPUcxQuhiF0U4q3ap5JT-g?key=UXVfWmxWVmxIWFdURFF6SFNCTjNKS0NUR01oRWlR\" target=\"_blank\" rel=\"noopener\"><img decoding=\"async\" src=\"https:\/\/lh3.googleusercontent.com\/pw\/AIL4fc9RIhuGDEuqjW86uuNrlezyB_Rawc3BesHWqMpmTiFQ5ZOwCAqzxItS_eduDbE1jpN9MNQOlIBQF-YopCkEcImc9zHBGwDWJLXMhyLj5NoFPKPuGna7RuJjXBTdmZJH_Av0VBU-zSQamTh9O6B3tB4h=w2000-h1500-s-no?authuser=0\" width=\"2000\" height=\"1500\" alt=\"Participantes\" class=\"size-full\" \/><\/a><figcaption class=\"wp-caption-text\">Participantes<\/figcaption><\/figure>\n<h2>Parte 3: Encontro social (premiados) com aproximadamente 70 participantes.<\/h2>\n<h3>Dirija-se ao local do encontro social: O local \u00e9 &quot;Sandaime Torimero&quot;.<\/h3>\n<figure class=\"wp-caption aligncenter\"><a href=\"https:\/\/photos.google.com\/share\/AF1QipPXv05SheZFm7Qq7nb6Mej4DF7jeB24G8xnqVBTv8bsw5f_92j_uEmks41ciamH7g\/photo\/AF1QipPucMlaoU-ZF28NwRsrKsQFi804R3kX33Ovgrc?key=UXVfWmxWVmxIWFdURFF6SFNCTjNKS0NUR01oRWlR\" target=\"_blank\" rel=\"noopener\"><img decoding=\"async\" src=\"https:\/\/lh3.googleusercontent.com\/pw\/AIL4fc9F1Btc2-GV6XlzMDipr58n3oqVEp8X7Ol2XeDxcXSq1Ljcu3L7-UBWNPIAHiwZxPNjOqPQheTp5aTIYuebzG8ACgcJ5uxIfMkbuQs8cJaw_jC5WZB2Cj7bSkoalD9CAzDWenj1Szl1aU0_vkobHTBL=w2000-h1500-s-no?authuser=0\" width=\"2000\" height=\"1500\" alt=\"O restaurante tem capacidade para at\u00e9 70 pessoas.\" class=\"size-full\" \/><\/a><figcaption class=\"wp-caption-text\">O restaurante tem capacidade para 70 pessoas - Parte 1<\/figcaption><\/figure>\n<figure class=\"wp-caption aligncenter\"><a href=\"https:\/\/photos.google.com\/share\/AF1QipPXv05SheZFm7Qq7nb6Mej4DF7jeB24G8xnqVBTv8bsw5f_92j_uEmks41ciamH7g\/photo\/AF1QipMpdl5SWrMX0S8PwTdNunqmZycewo5XNrS2sA4?key=UXVfWmxWVmxIWFdURFF6SFNCTjNKS0NUR01oRWlR\" target=\"_blank\" rel=\"noopener\"><img decoding=\"async\" src=\"https:\/\/lh3.googleusercontent.com\/pw\/AIL4fc_Zq2DK8n594hiNAJHw4Z7Zz1NXfuFH3jEGPUxYuqCad_WW66xwwTIbVRpgaaZdQ39Fpq3Vscilk-9gUuqBybbTv2s5mnccMWLRAw2Hwm_scpbUu8f45UVqmNbmXfEZYcbm0SXSRicjPlFChV0sXp3e=w2000-h1500-s-no?authuser=0\" width=\"2000\" height=\"1500\" alt=\"O restaurante tem capacidade para at\u00e9 70 pessoas.\" class=\"size-full\" \/><\/a><figcaption class=\"wp-caption-text\">O restaurante tem capacidade para 70 pessoas - Parte 2<\/figcaption><\/figure>\n<figure class=\"wp-caption aligncenter\"><a href=\"https:\/\/photos.google.com\/share\/AF1QipPXv05SheZFm7Qq7nb6Mej4DF7jeB24G8xnqVBTv8bsw5f_92j_uEmks41ciamH7g\/photo\/AF1QipNtq7_LHuNUnMVkPiKB08BOsxE45bmYDVPa6Qc?key=UXVfWmxWVmxIWFdURFF6SFNCTjNKS0NUR01oRWlR\" target=\"_blank\" rel=\"noopener\"><img decoding=\"async\" src=\"https:\/\/lh3.googleusercontent.com\/pw\/AIL4fc_WONDZ53ChoKRF1KkjvIeC5UwOKrjSLLBpog4bc-WSaaYFa9AOVSm8z0R03taUzY7fmFRjWo8TVRfYqDiqPLAy_X-ZY_PLaL8J-xVSvIRAduDZvHHADhRNiwb7AEkGbWQY6-O4RDmN8FofUQhEe2sd=w2000-h1500-s-no?authuser=0\" width=\"2000\" height=\"1500\" alt=\"Hiroaki Kayahara e Reiko Narushima da secretaria\" class=\"size-full\" \/><\/a><figcaption class=\"wp-caption-text\">Hiroaki Kayahara e Reiko Narushima da secretaria<\/figcaption><\/figure>\n<figure class=\"wp-caption aligncenter\"><a href=\"https:\/\/photos.google.com\/share\/AF1QipPXv05SheZFm7Qq7nb6Mej4DF7jeB24G8xnqVBTv8bsw5f_92j_uEmks41ciamH7g\/photo\/AF1QipM7yHKmr1ZGi88xhYftmss9tfPK5jCNgTSA5ZY?key=UXVfWmxWVmxIWFdURFF6SFNCTjNKS0NUR01oRWlR\" target=\"_blank\" rel=\"noopener\"><img decoding=\"async\" src=\"https:\/\/lh3.googleusercontent.com\/pw\/AIL4fc9SyCdTkykmSpNBiZoEjNgQSVJgNsfVTlTJ6szEearykukaxEJsPKSGDZbGeGTY88EjcCYwN5zAXIZv13BfdGPuSHJgEpz2XGOmUiYUHP-L6X6Ap54ry7pAti5e1RbgwFk-_omNGR37Ts6owLmHRI_m=w2000-h1500-s-no?authuser=0\" width=\"2000\" height=\"1500\" alt=\"sa\u00fade!\" class=\"size-full\" \/><\/a><figcaption class=\"wp-caption-text\">sa\u00fade!<\/figcaption><\/figure>\n<figure class=\"wp-caption aligncenter\"><a href=\"https:\/\/photos.google.com\/share\/AF1QipPXv05SheZFm7Qq7nb6Mej4DF7jeB24G8xnqVBTv8bsw5f_92j_uEmks41ciamH7g\/photo\/AF1QipMCSg953dPP0mkwGxwNUwBYYm2UrdTy2OeEwtQ?key=UXVfWmxWVmxIWFdURFF6SFNCTjNKS0NUR01oRWlR\" target=\"_blank\" rel=\"noopener\"><img decoding=\"async\" src=\"https:\/\/lh3.googleusercontent.com\/pw\/AIL4fc8Li84TtIc1PRDCLaVXWeDD8o_qgOs8wztL7QDs7pnybVyDEEs0f1rn85J9yTDFG5bkMaJFrExbRdG07W3sxShjbzHTFK5UT-6QMK3VFZe2g-FA1CUcSfLvTOS6SQu1COnVG2FlL_CNDiKVBQPP4cK1=w2000-h1500-s-no?authuser=0\" width=\"2000\" height=\"1500\" alt=\"Muito bem! Estamos extremamente gratos a Hiroaki Kayahara e Reiko Narushima, do Secretariado da Nippon Kaigi, por sua gentileza!\" class=\"size-full\" \/><\/a><figcaption class=\"wp-caption-text\">Muito bem! Estamos extremamente gratos a Hiroaki Kayahara e Reiko Narushima, do Secretariado da Nippon Kaigi, por sua gentileza!<\/figcaption><\/figure>\n<p>Com amor, gratid\u00e3o e ora\u00e7\u00f5es sem limites, enviamos nossos sinceros agradecimentos ao Grande Pr\u00eamio &quot;All Right! Nippon&quot;, que revitalizar\u00e1 cidades e \u00e1reas rurais e fortalecer\u00e1 o Jap\u00e3o.<\/p>\n<figure class=\"wp-caption aligncenter\"><a href=\"https:\/\/photos.google.com\/share\/AF1QipPXv05SheZFm7Qq7nb6Mej4DF7jeB24G8xnqVBTv8bsw5f_92j_uEmks41ciamH7g\/photo\/AF1QipMCSg953dPP0mkwGxwNUwBYYm2UrdTy2OeEwtQ?key=UXVfWmxWVmxIWFdURFF6SFNCTjNKS0NUR01oRWlR\" target=\"_blank\" rel=\"noopener\"><img decoding=\"async\" src=\"https:\/\/lh3.googleusercontent.com\/pw\/AIL4fc9BD3_lziCE_WgopVVnRtynPdeYiwsBBXUSAJrkO_EmNU7tJoIHfLqoXk20SYswurheBpNG79ROu2pAe2v6J6jEqIe-2Kyu-w5WpZOCkw4CmTr7cUlhyBRi2ucF9Lb1MeHag81eCh-XUw56nN9bZivP=w2000-h1500-s-no?authuser=0\" width=\"2000\" height=\"1500\" alt=\"Com gratid\u00e3o pelo Grande Pr\u00eamio &quot;All Right! Nippon&quot;, que dar\u00e1 energia ao Jap\u00e3o...\" class=\"size-full\" \/><\/a><figcaption class=\"wp-caption-text\">Com gratid\u00e3o pelo Grande Pr\u00eamio &quot;All Right! Nippon&quot;, que dar\u00e1 energia ao Jap\u00e3o...<\/figcaption><\/figure>\n<h2>Outras fotos<\/h2>\n<div class=\"img-move\">\n<img decoding=\"async\" src=\"https:\/\/ehokkaido.net\/wp-content\/uploads\/2021\/12\/2021-12-06-11.41.12.png\" style=\"vertical-align:middle;\"> <a href=\"https:\/\/photos.app.goo.gl\/7HKXHf4sHr7Q2buQ7\" target=\"_blank\" rel=\"noopener noreferrer\">35 grupos de todo o Jap\u00e3o reuniram-se na &quot;19\u00aa Cerim\u00f4nia de Premia\u00e7\u00e3o All Right! Nippon Awards - Encontro dos Vencedores das 18\u00aa e 17\u00aa edi\u00e7\u00f5es do pr\u00eamio&quot;, e as cidades de Hokuryu e Shimokawa, em Hokkaido, receberam pr\u00eamios. Clique aqui para ver 142 fotos &gt;&gt;<\/a><\/a><\/div>\n<h2>Artigos e sites relacionados<\/h2>\n<h3>&quot;Tudo bem! P\u00e1gina inicial do Jap\u00e3o&quot;<\/h3>\n<p>\u30fb<a href=\"https:\/\/www.kouryu.or.jp\/information\/19thohraiawards.html\" target=\"_blank\">https:\/\/www.kouryu.or.jp\/information\/19thohraiawards.html<\/a><br \/>\n\u30fb<a href=\"https:\/\/www.kouryu.or.jp\/service\/ohrai.html\" target=\"_blank\">https:\/\/www.kouryu.or.jp\/service\/ohrai.html<\/a><br \/>\n\u3000<\/p>\n<h3>Vencedor do &quot;18\u00ba Pr\u00eamio All Right! Nippon de Estilo de Vida&quot;<\/h3>\n\n\n\u3000\u3000<br \/>\n\n\n\n\u3000<\/p>\n<h3>Descubra o tesouro das \u00e1reas rurais: a Associa\u00e7\u00e3o Cooperativa Empresarial de Kurosengoku selecionada como o 5\u00ba estudo de caso excelente.<\/h3>\n\n\n\u3000<\/p>\n<h3>Obrigado! Grande vencedor do 46\u00ba Pr\u00eamio Agr\u00edcola do Jap\u00e3o (Organiza\u00e7\u00e3o Coletiva)<\/h3>\n\n\n\n\u3000<br \/>\n\u3000<br \/>\n\u25c7 Entrevista e texto: Ikuko Terauchi (Fotografia e assist\u00eancia de edi\u00e7\u00e3o: Noboru Terauchi)<\/p>","protected":false},"excerpt":{"rendered":"<p>\uff12\uff10\uff12\uff13\u5e74\uff17\u6708\uff11\uff19\u65e5\uff08\u6c34\uff09 \u4ee4\u548c\uff15\u5e74\uff17\u6708\uff11\uff13\u65e5\uff08\u6728\uff09\u3001\u54c1\u5ddd\u30d5\u30ed\u30f3\u30c8\u30d3\u30eb\u4f1a\u8b70\u5ba4\u306b\u3066\u300c\u7b2c\uff11\uff19\u56de\u30aa\u30fc\u30e9\u30a4\uff01\u30cb\u30c3\u30dd\u30f3\u5927\u8cde\u8868\u5f70\u5f0f\u3001\u7b2c\uff11\uff18\u56de\u30fb\u7b2c\uff11\uff17\u56de\u53d7\u8cde\u8005\u306e\u96c6\u3044\u300d\u304c\u958b\u50ac\u3055\u308c\u307e\u3057\u305f\u3002\u5168\u56fd\u304b\u3089\u53d7\u8cde\u8005\uff13\uff15\u7d44\u7a0b\u3001\u95a2\u4fc2\u8005 [&hellip;]<\/p>\n","protected":false},"author":1,"featured_media":35169,"comment_status":"open","ping_status":"open","sticky":false,"template":"","format":"standard","meta":{"footnotes":""},"categories":[4,17],"tags":[],"class_list":["post-34948","post","type-post","status-publish","format-standard","has-post-thumbnail","hentry","category-cover-story","category-operations_report"],"_links":{"self":[{"href":"https:\/\/portal.hokuryu.info\/pt\/wp-json\/wp\/v2\/posts\/34948","targetHints":{"allow":["GET"]}}],"collection":[{"href":"https:\/\/portal.hokuryu.info\/pt\/wp-json\/wp\/v2\/posts"}],"about":[{"href":"https:\/\/portal.hokuryu.info\/pt\/wp-json\/wp\/v2\/types\/post"}],"author":[{"embeddable":true,"href":"https:\/\/portal.hokuryu.info\/pt\/wp-json\/wp\/v2\/users\/1"}],"replies":[{"embeddable":true,"href":"https:\/\/portal.hokuryu.info\/pt\/wp-json\/wp\/v2\/comments?post=34948"}],"version-history":[{"count":3,"href":"https:\/\/portal.hokuryu.info\/pt\/wp-json\/wp\/v2\/posts\/34948\/revisions"}],"predecessor-version":[{"id":68721,"href":"https:\/\/portal.hokuryu.info\/pt\/wp-json\/wp\/v2\/posts\/34948\/revisions\/68721"}],"wp:featuredmedia":[{"embeddable":true,"href":"https:\/\/portal.hokuryu.info\/pt\/wp-json\/wp\/v2\/media\/35169"}],"wp:attachment":[{"href":"https:\/\/portal.hokuryu.info\/pt\/wp-json\/wp\/v2\/media?parent=34948"}],"wp:term":[{"taxonomy":"category","embeddable":true,"href":"https:\/\/portal.hokuryu.info\/pt\/wp-json\/wp\/v2\/categories?post=34948"},{"taxonomy":"post_tag","embeddable":true,"href":"https:\/\/portal.hokuryu.info\/pt\/wp-json\/wp\/v2\/tags?post=34948"}],"curies":[{"name":"wp","href":"https:\/\/api.w.org\/{rel}","templated":true}]}}