{"id":34186,"date":"2023-07-03T09:45:06","date_gmt":"2023-07-03T00:45:06","guid":{"rendered":"https:\/\/portal.hokuryu.info\/?p=34186"},"modified":"2023-07-25T16:01:48","modified_gmt":"2023-07-25T07:01:48","slug":"%e5%8c%97%e7%ab%9c%e6%b6%88%e9%98%b2%e5%9b%a3%e5%89%b5%e7%ab%8b%ef%bc%91%ef%bc%91%ef%bc%90%e5%91%a8%e5%b9%b4-%e8%a8%98%e5%bf%b5%e5%bc%8f%e5%85%b8%e4%b8%a6%e3%81%b3%e3%81%ab%e7%a5%9d%e8%b3%80%e4%bc%9a","status":"publish","type":"post","link":"https:\/\/portal.hokuryu.info\/pt\/34186\/","title":{"rendered":"Comemorando o 110\u00ba anivers\u00e1rio do Corpo de Bombeiros de Hokuryu em 2023"},"content":{"rendered":"<p>Segunda-feira, 3 de julho de 2023<\/p>\n<p>Na quinta-feira, 29 de junho, a partir das 16h, ap\u00f3s um simulado de inc\u00eandio, uma cerim\u00f4nia e celebra\u00e7\u00e3o para comemorar o 110\u00ba anivers\u00e1rio da funda\u00e7\u00e3o do Corpo de Bombeiros de Hokuryu foi realizada no sal\u00e3o principal do segundo andar do Centro Comunit\u00e1rio da cidade de Hokuryu.<\/p>\n<p>O evento foi um grande sucesso, com a participa\u00e7\u00e3o de mais de 120 pessoas no total, incluindo membros do grupo e funcion\u00e1rios do corpo de bombeiros.<\/p>\n<h2>Cerim\u00f4nia e Celebra\u00e7\u00e3o Comemorativa do 110\u00ba Anivers\u00e1rio do Corpo de Bombeiros Hokuryu<\/h2>\n<h3>Programa da Cerim\u00f4nia Comemorativa e Lista dos Premiados<\/h3>\n<figure class=\"wp-caption aligncenter\"><a href=\"https:\/\/photos.google.com\/share\/AF1QipNAOZNqO5stEeHrdAMZAxL--oEFxSnYmDPJy47sd2cqWcS-bG1FLW9z7NoymWU4Jw\/photo\/AF1QipPZETwOkbHhxavEe6ntTGmGPAGTXqGnQnYjgnI?key=SU42OEp1Z2tDSmF4emZEaEFLNjNnUTJfMy1zT21R\" target=\"_blank\" rel=\"noopener\"><img decoding=\"async\" src=\"https:\/\/lh3.googleusercontent.com\/pw\/AJFCJaWJZ3h1HXt7fIfVKXpSpMfUiru-UFBE-uEdcm5UknJVv4D5jSWLPGtluPhqDpIe0dYbhnIGZ7Kf8NPbh3fWsKH_VGPUY2iJwnkEGUbFJTcQmv4e3Glz5blgmMx9E8Ez3UXKs3ch1Jp09E5JEI3vX9kE=w2000-h1378-s-no?authuser=0\" width=\"2000\" height=\"1378\" alt=\"Cerim\u00f4nia e Celebra\u00e7\u00e3o Comemorativa do 110\u00ba Anivers\u00e1rio do Corpo de Bombeiros Hokuryu\" class=\"size-full\" \/><\/a><figcaption class=\"wp-caption-text\">Cerim\u00f4nia e Celebra\u00e7\u00e3o Comemorativa do 110\u00ba Anivers\u00e1rio do Corpo de Bombeiros Hokuryu<\/figcaption><\/figure>\n<figure class=\"wp-caption aligncenter\"><a href=\"https:\/\/photos.google.com\/share\/AF1QipNAOZNqO5stEeHrdAMZAxL--oEFxSnYmDPJy47sd2cqWcS-bG1FLW9z7NoymWU4Jw\/photo\/AF1QipM4iuunf0BDdmybEsUd0QAd4GPhvai47oZxTQI?key=SU42OEp1Z2tDSmF4emZEaEFLNjNnUTJfMy1zT21R\" target=\"_blank\" rel=\"noopener\"><img decoding=\"async\" src=\"https:\/\/lh3.googleusercontent.com\/pw\/AJFCJaUtx3JgXKqTGgUnlD05ZzMhOdQ9mdXLgsczweH6Xy6UicGcMCpPhI6_nrR9O3jrkftwpeEUfqvicgIxU-bCQUeZLhMrWSvGbn1oDE7us3s7jE0ZCLMZYXFMxroSPn9JNLWvx8OuXJ63InADr8gR8eJM=w2000-h1481-s-no?authuser=0\" width=\"2000\" height=\"1378\" alt=\"Programa da Cerim\u00f4nia Comemorativa do 110\u00ba Anivers\u00e1rio do Corpo de Bombeiros Hokuryu e Lista de Homenageados\" class=\"size-full\" \/><\/a><figcaption class=\"wp-caption-text\">Programa da Cerim\u00f4nia Comemorativa do 110\u00ba Anivers\u00e1rio do Corpo de Bombeiros Hokuryu e Lista de Homenageados<\/figcaption><\/figure>\n<figure class=\"wp-caption aligncenter\"><a href=\"https:\/\/photos.google.com\/share\/AF1QipNAOZNqO5stEeHrdAMZAxL--oEFxSnYmDPJy47sd2cqWcS-bG1FLW9z7NoymWU4Jw\/photo\/AF1QipOgp8DWoWHQg8l5S3U04DL3KxJDetwSlPE7YI4?key=SU42OEp1Z2tDSmF4emZEaEFLNjNnUTJfMy1zT21R\" target=\"_blank\" rel=\"noopener\"><img decoding=\"async\" src=\"https:\/\/lh3.googleusercontent.com\/pw\/AJFCJaUeszqF2xVCp7RQJN3xe3Rkca1-KKcOnMt_qx6mp6RUuvFUHli_jDD2RZBCjkgKqeaqJCfZTNy5Brjl6JLuiUqxbutQrWMVs1Fw6O2Wu28j8WLw7AnBLVmqcPCLPkq-E0owOFKmuc7_KIqO2xkjIz75=w2000-h1333-s-no?authuser=0\" width=\"2000\" height=\"1333\" alt=\"Senhoras e senhores,\" class=\"size-full\" \/><\/a><figcaption class=\"wp-caption-text\">Senhoras e senhores,<\/figcaption><\/figure>\n<h3>Moderadora: Mirai Ohira<\/h3>\n<p>A mestre de cerim\u00f4nias ser\u00e1 Ohira Mirai, uma das mulheres que ingressou no corpo de bombeiros este ano.<\/p>\n<figure class=\"wp-caption aligncenter\"><a href=\"https:\/\/photos.google.com\/share\/AF1QipNAOZNqO5stEeHrdAMZAxL--oEFxSnYmDPJy47sd2cqWcS-bG1FLW9z7NoymWU4Jw\/photo\/AF1QipNfJ2xT_qLmjUNNCkTTHhiwEQM0uhLUhwjSm84?key=SU42OEp1Z2tDSmF4emZEaEFLNjNnUTJfMy1zT21R\" target=\"_blank\" rel=\"noopener\"><img decoding=\"async\" src=\"https:\/\/lh3.googleusercontent.com\/pw\/AJFCJaXxx3F8ZGI9PX75ndu350smJQcgRWaxaX_EeiS91lP2KdeeBFghpE5nwdo5VPxy-6yobgEsFbfwalTYQxuio9kj8PfdBJwVKddf-kVYAAnReNmYKTGtpe2rFhPVwrmsVVTnhJuNmPCnLFpC_ojy0NbL=w1254-h1882-s-no?authuser=0\" width=\"500\" alt=\"A apresentadora principal era a integrante feminina Ohira Mirai.\" class=\"size-full\" \/><\/a><figcaption class=\"wp-caption-text\">A apresentadora principal era a integrante feminina Ohira Mirai.<\/figcaption><\/figure>\n<p>A cerim\u00f4nia ser\u00e1 seguida por um discurso do prefeito Yutaka Sano, entrega de cartas de agradecimento e certificados de reconhecimento, palavras de congratula\u00e7\u00f5es, leitura de telegramas de felicita\u00e7\u00f5es e agradecimentos.<\/p>\n<h2>Discurso de abertura: Sr. Takayoshi Kazuma, Chefe da Filial Hokuryu do Corpo de Bombeiros de Fukagawa, Associa\u00e7\u00e3o do Corpo de Bombeiros do Distrito de Fukagawa<\/h2>\n<figure class=\"wp-caption aligncenter\"><a href=\"https:\/\/photos.google.com\/share\/AF1QipNAOZNqO5stEeHrdAMZAxL--oEFxSnYmDPJy47sd2cqWcS-bG1FLW9z7NoymWU4Jw\/photo\/AF1QipNjBe5hQgynqDp1WeZQpMR_96rbt7Arnv-kYk0?key=SU42OEp1Z2tDSmF4emZEaEFLNjNnUTJfMy1zT21R\" target=\"_blank\" rel=\"noopener\"><img decoding=\"async\" src=\"https:\/\/lh3.googleusercontent.com\/pw\/AJFCJaWjOuJ9wVDg35YNRUFjYKwtCxk1AJylJ3YI5aGvG79wDinN3HAxi4tWlkAUM_0ZLhcD4sglPC2HZ_FOwDnzsf0BTlXRJlYb8NRuErclCD7M50sqvPFGKDkWW9oU27zBpri_aYjsLjzWZ6i3wq1P3lX1=w2000-h1333-s-no?authuser=0\" width=\"2000\" height=\"1333\" alt=\"discurso de abertura\" class=\"size-full\" \/><\/a><figcaption class=\"wp-caption-text\">discurso de abertura<\/figcaption><\/figure>\n<h2>Discurso do prefeito Yutaka Sano da cidade de Hokuryu<\/h2>\n<figure class=\"wp-caption aligncenter\"><a href=\"https:\/\/photos.google.com\/share\/AF1QipNAOZNqO5stEeHrdAMZAxL--oEFxSnYmDPJy47sd2cqWcS-bG1FLW9z7NoymWU4Jw\/photo\/AF1QipOgr-eEkXByBxOwHBzWI6h-7inRqtV_DhDu-2c?key=SU42OEp1Z2tDSmF4emZEaEFLNjNnUTJfMy1zT21R\" target=\"_blank\" rel=\"noopener\"><img decoding=\"async\" src=\"https:\/\/lh3.googleusercontent.com\/pw\/AJFCJaXxpvmcVa4MUaCGkAktYWsgjZVy6nrFbyWOpzJaLeZt_6T9rLYhpWTKGN9KCeQcr69AeqCHsL_cSluDD8I8IXJaw6xRrlk3yjid94U0C-F51QrbwdS_FExiFUCWxNeGKt1ownCMBaWfH2v11GPK5ciy=w2000-h1333-s-no?authuser=0\" width=\"2000\" height=\"1333\" alt=\"Discurso do prefeito Yutaka Sano da cidade de Hokuryu\" class=\"size-full\" \/><\/a><figcaption class=\"wp-caption-text\">Discurso do prefeito Yutaka Sano da cidade de Hokuryu<\/figcaption><\/figure>\n<p>&quot;Gostaria de expressar meus sinceros parab\u00e9ns ao Corpo de Bombeiros de Hokuryu pela celebra\u00e7\u00e3o do seu 110\u00ba anivers\u00e1rio este ano, um marco constru\u00eddo sobre hist\u00f3ria e tradi\u00e7\u00e3o.&quot;<\/p>\n<p>Diz-se que o Corpo de Bombeiros de Hokuryu teve in\u00edcio em abril de 1913 (Taisho 2), quando um grupo de volunt\u00e1rios formou uma associa\u00e7\u00e3o privada de prote\u00e7\u00e3o contra inc\u00eandios, arrecadando doa\u00e7\u00f5es para melhorar as instala\u00e7\u00f5es, e gostar\u00edamos de expressar nossa sincera gratid\u00e3o e respeito pelo nobre esp\u00edrito das pessoas daquela \u00e9poca.<\/p>\n<p>Desde ent\u00e3o, a organiza\u00e7\u00e3o superou muitas dificuldades e desafios ao longo dos anos, tornando-se um corpo de bombeiros, um corpo de defesa civil e, em seguida, um corpo de bombeiros em 1947, e fez progressos not\u00e1veis, trabalhando arduamente para fortalecer e expandir suas capacidades de combate a inc\u00eandios, o que a levou ao corpo de bombeiros que conhecemos hoje.<\/p>\n<p>Durante esse per\u00edodo, ocorreram muitos desastres, incluindo inc\u00eandios e cat\u00e1strofes naturais. Em todas as ocasi\u00f5es, os bombeiros estiveram na linha de frente, arriscando a pr\u00f3pria seguran\u00e7a para combater o desastre e minimizar os danos, conquistando a profunda confian\u00e7a e as grandes expectativas dos moradores da cidade.<\/p>\n<p>Este \u00e9 um testemunho do profundo amor de nossos ancestrais por sua cidade natal e de seu forte esp\u00edrito de combate a inc\u00eandios para proteger a vida e os bens dos moradores, sendo tamb\u00e9m uma grande homenagem \u00e0 cidade que se esfor\u00e7ou para manter a seguran\u00e7a e a ordem de seus residentes. Expressamos nosso mais profundo respeito e gratid\u00e3o por esta nobre tradi\u00e7\u00e3o ter sido transmitida.<\/p>\n<p>Nos \u00faltimos anos, devido \u00e0s mudan\u00e7as no meio ambiente e na situa\u00e7\u00e3o socioecon\u00f4mica, v\u00e1rios desastres, incluindo inc\u00eandios, tornaram-se mais complexos e diversificados, e a responsabilidade do corpo de bombeiros em proteger a vida e o patrim\u00f4nio dos moradores das cidades tornou-se cada vez mais importante.<\/p>\n<p>Com o envelhecimento da popula\u00e7\u00e3o, o n\u00famero de pessoas consideradas vulner\u00e1veis a desastres est\u00e1 aumentando. Para garantir que as pessoas possam viver com seguran\u00e7a e tranquilidade, refor\u00e7amos nossas atividades de preven\u00e7\u00e3o de inc\u00eandios com a contrata\u00e7\u00e3o de bombeiras este ano. Esperamos que elas continuem a ter sucesso.<\/p>\n<p>Pretendo continuar trabalhando no desenvolvimento da cidade em colabora\u00e7\u00e3o com os moradores locais e o governo local, a fim de atender \u00e0s necessidades da popula\u00e7\u00e3o.<\/p>\n<p>Esperamos que os membros do corpo de bombeiros aproveitem este glorioso 110\u00ba anivers\u00e1rio da funda\u00e7\u00e3o do Corpo de Bombeiros de Kitaryu como uma oportunidade para dar continuidade \u00e0s boas tradi\u00e7\u00f5es, empenhar-se em elevar ainda mais o moral da comunidade e envidar esfor\u00e7os ainda maiores para garantir a seguran\u00e7a dos moradores e promover Himawari como um lugar pr\u00f3spero e agrad\u00e1vel para se viver.<\/p>\n<p>Em conclus\u00e3o, gostaria de expressar minhas sinceras ora\u00e7\u00f5es pelo desenvolvimento cont\u00ednuo do Corpo de Bombeiros de Hokuryu e pelo sucesso, sa\u00fade e felicidade de todos os seus funcion\u00e1rios e membros. Gostaria tamb\u00e9m de pedir a todos os moradores da cidade sua profunda compreens\u00e3o e coopera\u00e7\u00e3o na administra\u00e7\u00e3o dos servi\u00e7os de bombeiros.<\/p>\n<figure class=\"wp-caption aligncenter\"><a href=\"https:\/\/photos.google.com\/share\/AF1QipNAOZNqO5stEeHrdAMZAxL--oEFxSnYmDPJy47sd2cqWcS-bG1FLW9z7NoymWU4Jw\/photo\/AF1QipNDFygtbVrm8C4hcxmKNfx63rxGUPp89EM7ebA?key=SU42OEp1Z2tDSmF4emZEaEFLNjNnUTJfMy1zT21R\" target=\"_blank\" rel=\"noopener\"><img decoding=\"async\" src=\"https:\/\/lh3.googleusercontent.com\/pw\/AJFCJaUscCFTHmMKWz213aiL1iWK5Ew29rqJ7rGhDmWjyOYjAMxoZ8YU5Tduy44paiC70Sl5QPtKhbcDhl6XVLusklHOERXL4HY3R5YKMRdwjWFtDDawsid00Z_l0f-YHh8AvA9kCDVIa0CuwOWrw_FKTP7A=w2000-h1333-s-no?authuser=0\" width=\"2000\" height=\"1333\" alt=\"Senhoras e senhores,\" class=\"size-full\" \/><\/a><figcaption class=\"wp-caption-text\">Senhoras e senhores,<\/figcaption><\/figure>\n<h2>Apresenta\u00e7\u00e3o de uma carta de agradecimento e um certificado de elogio.<\/h2>\n<p><h3>Carta de Agradecimento do Prefeito de Hokuryu<\/h3><\/p>\n<ul>\n<li>Ex-l\u00edderes: 9\u00ba l\u00edder Toshiaki Fujii<br \/>\n10\u00ba l\u00edder Osamu Kato<\/li>\n<li>Ex-vice-presidentes: 10\u00ba vice-presidente Nakamura Shoichi<\/li>\n<li>Ex-Comandantes de Divis\u00e3o: Comandante da 15\u00aa Divis\u00e3o, 1\u00aa Divis\u00e3o, Yasunori Takahashi<\/li>\n<li>Ex-membro com mais de 20 anos de servi\u00e7o.<br \/>\nSubchefe da 1\u00aa Divis\u00e3o, Norio Sugimoto<br \/>\nFuminori Kawashima, vice-chefe da 2\u00aa Divis\u00e3o<br \/>\nChefe da 1\u00aa Divis\u00e3o, Takashi Ishii<br \/>\nNaomi Kawashima, Diretora da 2\u00aa Divis\u00e3o<br \/>\nKatsumi Kitajima, Diretora da 2\u00aa Divis\u00e3o<br \/>\nChefe da 2\u00aa Divis\u00e3o, Asao Morishima<br \/>\nKazumi Hirabayashi, Diretor da 2\u00aa Divis\u00e3o<br \/>\nL\u00edder do Esquadr\u00e3o da Primeira Divis\u00e3o, Tomohiro Fukase<\/li>\n<li>Ex-presidente do grupo de apoio<br \/>\nRyoji Kikura, Presidente do Grupo de Apoio da 1\u00aa Divis\u00e3o<br \/>\nToshiaki Fujii, Presidente da Associa\u00e7\u00e3o de Torcedores da 1\u00aa Divis\u00e3o<br \/>\nMasakazu Yoshio, Presidente do Grupo de Apoio da Segunda Divis\u00e3o<br \/>\nPresidente do Grupo de Apoio da 2\u00aa Divis\u00e3o, Yuji Kamono<\/li>\n<p><\/ul><\/p>\n<figure class=\"wp-caption aligncenter\"><a href=\"https:\/\/photos.google.com\/share\/AF1QipNAOZNqO5stEeHrdAMZAxL--oEFxSnYmDPJy47sd2cqWcS-bG1FLW9z7NoymWU4Jw\/photo\/AF1QipMhVOjd5fkWAo1KQLZgitN3ZRwhicZnY_1Dk7w?key=SU42OEp1Z2tDSmF4emZEaEFLNjNnUTJfMy1zT21R\" target=\"_blank\" rel=\"noopener\"><img decoding=\"async\" src=\"https:\/\/lh3.googleusercontent.com\/pw\/AJFCJaVIa3snVot9IhCJup4QVc3JhYMTG2doAf671gYGGOQldUTI0yQCeHWTPDp18bhAkiES8v1wXFU9myq_PGfEy5pz9xawM7mYyCHnT43_bfepRdwnQGf41F2caeSqlrMBRMETivvECJFjJWgjsHuCA6vW=w2000-h1333-s-no?authuser=0\" width=\"2000\" height=\"1333\" alt=\"Apresenta\u00e7\u00e3o de uma carta de agradecimento.\" class=\"size-full\" \/><\/a><figcaption class=\"wp-caption-text\">Apresenta\u00e7\u00e3o de uma carta de agradecimento.<\/figcaption><\/figure>\n<figure class=\"wp-caption aligncenter\"><a href=\"https:\/\/photos.google.com\/share\/AF1QipNAOZNqO5stEeHrdAMZAxL--oEFxSnYmDPJy47sd2cqWcS-bG1FLW9z7NoymWU4Jw\/photo\/AF1QipNo1Vec9ZOao6PV7pHWTm6YV8x9q2e9Xr2P4cc?key=SU42OEp1Z2tDSmF4emZEaEFLNjNnUTJfMy1zT21R\" target=\"_blank\" rel=\"noopener\"><img decoding=\"async\" src=\"https:\/\/lh3.googleusercontent.com\/pw\/AJFCJaVDHn8qt4_Hsg9nU1EI3BpTbcqIRUGEuyT_4viCEQtQ-IelQ9N1EOapcCKTmwhXjIEok61TOnp7H3BFod0n8caAWq_cFGWYXwMH52rLbQWFgLeW6qAYJeKKXa0NL5a3fmhUQb6CHgV6wp0FAeDdvXp3=w2000-h1333-s-no?authuser=0\" width=\"2000\" height=\"1333\" alt=\"Apresenta\u00e7\u00e3o de uma carta de agradecimento.\" class=\"size-full\" \/><\/a><figcaption class=\"wp-caption-text\">Apresenta\u00e7\u00e3o de uma carta de agradecimento.<\/figcaption><\/figure>\n<figure class=\"wp-caption aligncenter\"><a href=\"https:\/\/photos.google.com\/share\/AF1QipNAOZNqO5stEeHrdAMZAxL--oEFxSnYmDPJy47sd2cqWcS-bG1FLW9z7NoymWU4Jw\/photo\/AF1QipPxLP6OlohT6OBkavl8ixFp6EVoLN98Q-mekrM?key=SU42OEp1Z2tDSmF4emZEaEFLNjNnUTJfMy1zT21R\" target=\"_blank\" rel=\"noopener\"><img decoding=\"async\" src=\"https:\/\/lh3.googleusercontent.com\/pw\/AJFCJaWbMTqawQDOpcMb6RCBBoda72aNnPq13D7qYLFBid3Ef3V--Krw8rRTNou8ZP1vrDE0zBFx37e4ZRpHqQ5_jRpR3Ypec5ZyUWOhC-qvcTmCFnefTgrABJ1QeIaIDRjCKs4c7tEd6M4w_G_Zeq0wRdex=w2000-h1333-s-no?authuser=0\" width=\"2000\" height=\"1333\" alt=\"Apresenta\u00e7\u00e3o de uma carta de agradecimento.\" class=\"size-full\" \/><\/a><figcaption class=\"wp-caption-text\">Apresenta\u00e7\u00e3o de uma carta de agradecimento.<\/figcaption><\/figure>\n<h3>Pr\u00eamio do Prefeito da Cidade de Hokuryu<\/h3>\n<ul>\n<li>O Sr. Shigeyuki Nakayama, l\u00edder do grupo com mais de 30 anos de servi\u00e7o, \u00e9 o respons\u00e1vel pelo grupo.<br \/>\nVice-l\u00edder Takashi Ukai<br \/>\nHiroki Tsuzuki, Chefe da 1\u00aa Divis\u00e3o<\/li>\n<\/ul>\n<figure class=\"wp-caption aligncenter\"><a href=\"https:\/\/photos.google.com\/share\/AF1QipNAOZNqO5stEeHrdAMZAxL--oEFxSnYmDPJy47sd2cqWcS-bG1FLW9z7NoymWU4Jw\/photo\/AF1QipOGhfYDdqXnQYqnTLGgJMnJHI0uNh3QDFd5JTY?key=SU42OEp1Z2tDSmF4emZEaEFLNjNnUTJfMy1zT21R\" target=\"_blank\" rel=\"noopener\"><img decoding=\"async\" src=\"https:\/\/lh3.googleusercontent.com\/pw\/AJFCJaXNl2j0xJ_CGAO4KANZO_ONoFoLrMComvPDE9t6I8V5q_hoZo5WajmsRwKJT9v7WDKH69BM2n7Fj0AbaDuqkblRPyQIrD0RoEHAJTE6zGOklanNANkoV5wyp14NcHmTff3cnOqmHEM-UHivKhXptRMy=w2000-h1333-s-no?authuser=0\" width=\"2000\" height=\"1333\" alt=\"Apresenta\u00e7\u00e3o do certificado\" class=\"size-full\" \/><\/a><figcaption class=\"wp-caption-text\">Apresenta\u00e7\u00e3o do certificado<\/figcaption><\/figure>\n<h2>Discurso de congratula\u00e7\u00f5es<\/h2>\n<ul>\n<li>Senhor Yasuhiro Sasaki, Presidente do Conselho Municipal de Hokuryu (lido pelo Sr. Shoichi Nakamura, Vice-Presidente)<\/li>\n<li>Sr. Katsunori Konishi, Chefe da Filial Regional de Sorachi da Associa\u00e7\u00e3o de Bombeiros de Hokkaido (Chefe da Brigada de Inc\u00eandio de Numata)<\/li>\n<li>Sr. Tadashi Kimoto, Chefe da Delegacia de Pol\u00edcia de Fukagawa, Distrito de Asahikawa, Pol\u00edcia da Prov\u00edncia de Hokkaido<\/li>\n<\/ul>\n<h3>Senhor Yasuhiro Sasaki, Presidente do Conselho Municipal de Hokuryu (lido pelo Sr. Shoichi Nakamura, Vice-Presidente)<\/h3>\n<figure class=\"wp-caption aligncenter\"><a href=\"https:\/\/photos.google.com\/share\/AF1QipNAOZNqO5stEeHrdAMZAxL--oEFxSnYmDPJy47sd2cqWcS-bG1FLW9z7NoymWU4Jw\/photo\/AF1QipNTuGKLVRQSf5jjqM9qlmiqc8Ug9MOvOv_44OE?key=SU42OEp1Z2tDSmF4emZEaEFLNjNnUTJfMy1zT21R\" target=\"_blank\" rel=\"noopener\"><img decoding=\"async\" src=\"https:\/\/lh3.googleusercontent.com\/pw\/AJFCJaVhQYITQ3xq39yI8DIbft7NL1fmULeFoZmpH9SwGHxXjSdFMVTOaMYpiG-VXehJM5frLNnB8n77egUm_NiRZk-fCDAzE9igaS96l-6P4UD1CTvTxfqyqWzv_MD3v9Bs259W-xuIAe06C-U0xgKCEnJG=w2000-h1333-s-no?authuser=0\" width=\"2000\" height=\"1333\" alt=\"Discurso de felicita\u00e7\u00f5es lido pelo vice-presidente Nakamura Shoichi\" class=\"size-full\" \/><\/a><figcaption class=\"wp-caption-text\">Discurso de felicita\u00e7\u00f5es lido pelo vice-presidente Nakamura Shoichi<\/figcaption><\/figure>\n<p>&quot;O simulado de inc\u00eandio de Hokuryu, em comemora\u00e7\u00e3o ao 110\u00ba anivers\u00e1rio da funda\u00e7\u00e3o do Corpo de Bombeiros de Hokuryu, foi realizado hoje e, apesar da preocupa\u00e7\u00e3o com a chuva, a s\u00e9rie de eventos transcorreu sem problemas. Gostaria de parabeniz\u00e1-los por isso. Tamb\u00e9m recebemos uma carta de agradecimento do prefeito Sano. Muito obrigado.&quot;<\/p>\n<p>O presidente Sasaki n\u00e3o p\u00f4de comparecer devido a diversas circunst\u00e2ncias. Recebi uma mensagem de felicita\u00e7\u00f5es do presidente, que lerei em seu nome.<\/p>\n<h4>Discurso de congratula\u00e7\u00f5es: Presidente do Conselho Municipal de Hokuryu, Yasuhiro Sasaki<\/h4>\n<p>Gostar\u00edamos de expressar nossas sinceras felicita\u00e7\u00f5es pelo memor\u00e1vel 110\u00ba anivers\u00e1rio da funda\u00e7\u00e3o do Corpo de Bombeiros de Hokuryu.<\/p>\n<p>A Brigada de Inc\u00eandio Hokuryu foi fundada por volta de Meiji 40 como um meio de autodefesa contra inc\u00eandios, que podem causar mortes e destrui\u00e7\u00e3o de propriedades em um instante, e foi posteriormente organizada em Taisho 2 (1913) e continua a existir at\u00e9 hoje.<\/p>\n<p>A Lei do Servi\u00e7o de Bombeiros foi promulgada em 1947, estabelecendo os servi\u00e7os municipais de bombeiros atuais. Em abril de 1972, o Departamento de Bombeiros do Distrito de Fukagawa foi criado como um servi\u00e7o regional de bombeiros, abrangendo uma cidade e cinco vilas em Kita-Sorachi, e acredito que isso tenha desempenhado um papel fundamental na cria\u00e7\u00e3o das bases para a seguran\u00e7a da cidade de Hokuryu hoje.<\/p>\n<p>Com a transi\u00e7\u00e3o da era Heisei para a era Reiwa, o foco mudou da prote\u00e7\u00e3o e preven\u00e7\u00e3o contra inc\u00eandios para a resposta \u00e0 ocorr\u00eancia frequente de desastres inesperados e devastadores, como terremotos, tuf\u00f5es, chuvas torrenciais e fortes nevascas.<\/p>\n<p>Gostaria de expressar meu mais profundo respeito a todos os membros do corpo de bombeiros pelo seu trabalho dedicado, que, al\u00e9m das suas fun\u00e7\u00f5es di\u00e1rias, realizam com um nobre esp\u00edrito de amor \u00e0 comunidade e um forte senso de responsabilidade.<\/p>\n<p>Esperamos que aproveitem este glorioso 110\u00ba anivers\u00e1rio como uma oportunidade para intensificar ainda mais os seus esfor\u00e7os e dedica\u00e7\u00e3o na manuten\u00e7\u00e3o da paz e da ordem na vida dos residentes locais e na promo\u00e7\u00e3o do bem-estar social e p\u00fablico. Gostar\u00edamos de concluir com os nossos parab\u00e9ns.<\/p>\n<p>Para concluir, gostaria de expressar minha mais profunda gratid\u00e3o a todas as organiza\u00e7\u00f5es relevantes e \u00e0 colabora\u00e7\u00e3o de todos os moradores da cidade pelos esfor\u00e7os para aprimorar as fun\u00e7\u00f5es de combate a inc\u00eandios e melhorar as instala\u00e7\u00f5es e equipamentos ao longo dos anos, bem como pelo desenvolvimento e expans\u00e3o dos modernos servi\u00e7os de combate a inc\u00eandios que vemos hoje. Parab\u00e9ns pelas conquistas de hoje.<\/p>\n<p>29 de junho de 2023, Presidente do Conselho Municipal de Hokuryu, Sasaki Yasuhiro.<\/p>\n<h3>Sr. Katsunori Konishi, Chefe da Filial Regional de Sorachi da Associa\u00e7\u00e3o de Bombeiros de Hokkaido (Chefe da Brigada de Inc\u00eandio de Numata)<\/h3>\n<figure class=\"wp-caption aligncenter\"><a href=\"https:\/\/photos.google.com\/share\/AF1QipNAOZNqO5stEeHrdAMZAxL--oEFxSnYmDPJy47sd2cqWcS-bG1FLW9z7NoymWU4Jw\/photo\/AF1QipMx2PR5cMAx9fN9OjId0F6JuJB6MfOZe4VSOeo?key=SU42OEp1Z2tDSmF4emZEaEFLNjNnUTJfMy1zT21R\" target=\"_blank\" rel=\"noopener\"><img decoding=\"async\" src=\"https:\/\/lh3.googleusercontent.com\/pw\/AJFCJaVaY5Vu0LjODNMGePduvP6RL-qf_ibd9u-bD3tiHeho-_HJohUXsdhL1Oc49eKIEhBYQZuJvNAK37XNpt9rq-Yyr-hiQMBJkRz_Jmon756Jyo-qapKOn1xlkynYSoMgjfQS9z3y7AxccXPcOc5Jk1Yb=w2000-h1333-s-no?authuser=0\" width=\"2000\" height=\"1333\" alt=\"Sr. Katsunori Konishi, Chefe da Filial Regional de Sorachi da Associa\u00e7\u00e3o de Bombeiros de Hokkaido (Chefe da Brigada de Inc\u00eandio de Numata)\" class=\"size-full\" \/><\/a><figcaption class=\"wp-caption-text\">Sr. Katsunori Konishi, Chefe da Filial Regional de Sorachi da Associa\u00e7\u00e3o de Bombeiros de Hokkaido (Chefe da Brigada de Inc\u00eandio de Numata)<\/figcaption><\/figure>\n<p>&quot;Gostaria de expressar meus sinceros parab\u00e9ns \u00e0 Brigada de Inc\u00eandio Hokuryu, do Departamento de Bombeiros do Distrito de Fukagawa, por alcan\u00e7ar o importante marco de seu 110\u00ba anivers\u00e1rio e realizar uma cerim\u00f4nia comemorativa.&quot;<\/p>\n<p>Desde a funda\u00e7\u00e3o do Corpo de Bombeiros de Hokuryu como uma associa\u00e7\u00e3o privada de preven\u00e7\u00e3o de inc\u00eandios em 1913, todos os chefes, funcion\u00e1rios e membros de apoio que o sucederam enfrentaram diversos desafios \u00e0 medida que o ambiente em torno da administra\u00e7\u00e3o de inc\u00eandios se transformava com o tempo. Contudo, eles superaram in\u00fameras dificuldades unindo seus conhecimentos e esfor\u00e7os para fortalecer a organiza\u00e7\u00e3o do corpo de bombeiros, aprimorar e expandir as instala\u00e7\u00f5es de preven\u00e7\u00e3o de inc\u00eandios, disseminar ideias de preven\u00e7\u00e3o e aprimorar as habilidades de treinamento para a seguran\u00e7a e o bem-estar dos moradores da cidade. Gostar\u00edamos de expressar nosso profundo respeito por esses esfor\u00e7os.<\/p>\n<p>O exerc\u00edcio comemorativo de hoje come\u00e7ou com treinamento disciplinado, seguido de treinamento coordenado de opera\u00e7\u00e3o de bombas, pulveriza\u00e7\u00e3o simult\u00e2nea de \u00e1gua e uma marcha solene em forma\u00e7\u00e3o, tudo impressionante. Implementamos um sistema completo de preven\u00e7\u00e3o e resposta a desastres e estou confiante de que nosso preparo atender\u00e1 plenamente aos desejos dos moradores da cidade, fortalecendo ainda mais a confian\u00e7a que depositam em n\u00f3s.<\/p>\n<p>Nos \u00faltimos anos, desastres naturais, como nevascas recordes e chuvas torrenciais, tornaram-se mais frequentes e severos em muitas \u00e1reas. Consequentemente, as expectativas em rela\u00e7\u00e3o ao nosso corpo de bombeiros s\u00e3o altas, e o papel que devemos desempenhar torna-se ainda mais importante.<\/p>\n<p>Esperamos que a cerim\u00f4nia de hoje, que celebra o 110\u00ba anivers\u00e1rio, sirva como uma oportunidade para que voc\u00eas continuem se dedicando aos seus treinamentos, com confian\u00e7a e orgulho em suas maravilhosas tradi\u00e7\u00f5es de combate a inc\u00eandios, e para que se empenhem ainda mais no futuro.<\/p>\n<p>Em conclus\u00e3o, gostaria de expressar meus melhores votos de crescimento cont\u00ednuo para o Corpo de Bombeiros de Hokuryu, para a Associa\u00e7\u00e3o do Corpo de Bombeiros do Distrito de Fukagawa e para a sa\u00fade e felicidade de todos os presentes hoje.<\/p>\n<h3>Sr. Tadashi Kimoto, Chefe da Delegacia de Pol\u00edcia de Fukagawa, Distrito de Asahikawa, Pol\u00edcia da Prov\u00edncia de Hokkaido<\/h3>\n<figure class=\"wp-caption aligncenter\"><a href=\"https:\/\/photos.google.com\/share\/AF1QipNAOZNqO5stEeHrdAMZAxL--oEFxSnYmDPJy47sd2cqWcS-bG1FLW9z7NoymWU4Jw\/photo\/AF1QipOyXO6NOLocLdAVfLuVTXWNtNI8_CozJYdetK8?key=SU42OEp1Z2tDSmF4emZEaEFLNjNnUTJfMy1zT21R\" target=\"_blank\" rel=\"noopener\"><img decoding=\"async\" src=\"https:\/\/lh3.googleusercontent.com\/pw\/AJFCJaVgppm9OapvEaldS7FoSNDA0pVPoYd1bjrBGTUZ9hJBfbWQn7h27pXKYKgGB00J-MIC8dI1LvePujmX7hzVQpRJgcROb5KvzD4ORliCRpDNv38MwKS9BzW-GDJECL9gJNoN-k-W8pDTyr7JrZMZHLbZ=w2000-h1333-s-no?authuser=0\" width=\"2000\" height=\"1333\" alt=\"Sr. Tadashi Kimoto, Chefe da Delegacia de Pol\u00edcia de Fukagawa, Distrito de Asahikawa, Pol\u00edcia da Prov\u00edncia de Hokkaido\" class=\"size-full\" \/><\/a><figcaption class=\"wp-caption-text\">Sr. Tadashi Kimoto, Chefe da Delegacia de Pol\u00edcia de Fukagawa, Distrito de Asahikawa, Pol\u00edcia da Prov\u00edncia de Hokkaido<\/figcaption><\/figure>\n<p>&quot;Gostaria de expressar meus sinceros parab\u00e9ns pela grande celebra\u00e7\u00e3o do 110\u00ba anivers\u00e1rio da funda\u00e7\u00e3o do Corpo de Bombeiros Hokuryu hoje.&quot;<\/p>\n<p>Gostar\u00edamos de expressar nossa sincera gratid\u00e3o a todos voc\u00eas pela cont\u00ednua compreens\u00e3o e coopera\u00e7\u00e3o em todas as \u00e1reas da administra\u00e7\u00e3o policial.<\/p>\n<p>Os membros do Corpo de Bombeiros de Hokuryu, que possui uma gloriosa tradi\u00e7\u00e3o e hist\u00f3ria, trabalham arduamente em sua nobre miss\u00e3o de proteger a vida e o patrim\u00f4nio dos moradores contra inc\u00eandios e desastres, com um profundo orgulho local e um forte senso de responsabilidade, al\u00e9m de suas exigentes fun\u00e7\u00f5es principais. Gostar\u00edamos de expressar nosso mais profundo respeito por seu trabalho \u00e1rduo.<\/p>\n<p>Hoje mais cedo, tive a oportunidade de observar suas tropas marchando em forma\u00e7\u00e3o e realizando exerc\u00edcios sob o comando de seu comandante. Fiquei impressionado com o alto moral, a presen\u00e7a digna e a bravura disciplinada de voc\u00eas, e senti que s\u00e3o verdadeiramente confi\u00e1veis e poderosos.<\/p>\n<p>Nos \u00faltimos anos, desastres naturais e acidentes de grande escala t\u00eam ocorrido com frequ\u00eancia em todo o pa\u00eds, e desastres e acidentes causados por condi\u00e7\u00f5es clim\u00e1ticas anormais tamb\u00e9m est\u00e3o aumentando em Hokkaido.<\/p>\n<p>Aqui na cidade de Hokuryu, conseguimos manter uma vida pac\u00edfica gra\u00e7as aos esfor\u00e7os dedicados de todos os envolvidos, mas tememos que, no futuro, sejamos obrigados a realizar um n\u00famero crescente de atividades dif\u00edceis, como combate a inc\u00eandios, atendimento m\u00e9dico de emerg\u00eancia e opera\u00e7\u00f5es de busca e resgate em locais de desastre.<\/p>\n<p>Solicito sinceramente que todos os membros do Corpo de Bombeiros de Hokuryu continuem a manter um alto n\u00edvel de aten\u00e7\u00e3o, se esforcem para aprimorar ainda mais suas habilidades e estejam \u00e0 altura das expectativas e da confian\u00e7a neles depositadas pelos moradores da cidade.<\/p>\n<p>Como for\u00e7a policial, compartilhamos a mesma miss\u00e3o do Corpo de Bombeiros de Hokuryu, portanto, pretendemos continuar trabalhando em conjunto com voc\u00eas, como temos feito no passado, e envidar ainda mais esfor\u00e7os para tornar Hokuryu uma cidade segura e protegida.<\/p>\n<p>Para concluir, gostaria de desejar muita sa\u00fade e felicidade aos membros do corpo de bombeiros e aos funcion\u00e1rios do departamento de bombeiros, bem como a todos os presentes hoje.<\/p>\n<figure class=\"wp-caption aligncenter\"><a href=\"https:\/\/photos.google.com\/share\/AF1QipNAOZNqO5stEeHrdAMZAxL--oEFxSnYmDPJy47sd2cqWcS-bG1FLW9z7NoymWU4Jw\/photo\/AF1QipMnANAPNPNR9FfC2mdksbnMl-NQoGjNEqvN3-k?key=SU42OEp1Z2tDSmF4emZEaEFLNjNnUTJfMy1zT21R\" target=\"_blank\" rel=\"noopener\"><img decoding=\"async\" src=\"https:\/\/lh3.googleusercontent.com\/pw\/AJFCJaU46hrzuRSrcsYpoDr8QtJu6u4IpzJcf1aO67FU5Q7CX1i5OixY4DyUXD0OgjoE2h9JPqk1hGIX-ow8z8fyCPkv7Vz_Nhwq0UP9gKsS6t35kLvppWtG1iaRUjjWhq6-LoVRviSRgkDlX_xqFMDM4X9V=w2000-h1333-s-no?authuser=0\" width=\"2000\" height=\"1333\" alt=\"Os membros se levantam.\" class=\"size-full\" \/><\/a><figcaption class=\"wp-caption-text\">Os membros se levantam.<\/figcaption><\/figure>\n<h2>Apresenta\u00e7\u00e3o do telegrama de felicita\u00e7\u00f5es<\/h2>\n<h3>Lido por: Takayoshi Kazuma, Chefe da Filial Hokuryu do Corpo de Bombeiros de Fukagawa, Associa\u00e7\u00e3o do Corpo de Bombeiros do Distrito de Fukagawa<\/h3>\n<figure class=\"wp-caption aligncenter\"><a href=\"https:\/\/photos.google.com\/share\/AF1QipNAOZNqO5stEeHrdAMZAxL--oEFxSnYmDPJy47sd2cqWcS-bG1FLW9z7NoymWU4Jw\/photo\/AF1QipMsmYPNNapQZINsq_6-AieajYPzBj5dTR_Ir_Q?key=SU42OEp1Z2tDSmF4emZEaEFLNjNnUTJfMy1zT21R\" target=\"_blank\" rel=\"noopener\"><img decoding=\"async\" src=\"https:\/\/lh3.googleusercontent.com\/pw\/AJFCJaXRVasCY71T63ZFSYYQdnwoOeBVqJG1MIl_VVL5UrlmISxnZnxjD331adPNmKR_CQXs4lHsqU8Gups7q4k-04H9i3WLYQgkbCcLUDqwG4tL5muMlHprc1cNeXPEToJUKy1d-t40Fb062iL7P0s6KIAJ=w2000-h1333-s-no?authuser=0https:\/\/lh3.googleusercontent.com\/pw\/AJFCJaU46hrzuRSrcsYpoDr8QtJu6u4IpzJcf1aO67FU5Q7CX1i5OixY4DyUXD0OgjoE2h9JPqk1hGIX-ow8z8fyCPkv7Vz_Nhwq0UP9gKsS6t35kLvppWtG1iaRUjjWhq6-LoVRviSRgkDlX_xqFMDM4X9V=w2000-h1333-s-no?authuser=0\" width=\"2000\" height=\"1333\" alt=\"Telegrama de felicita\u00e7\u00f5es lido pelo Sr. Takayoshi Kazuma, Chefe da Filial de Hokuryu do Corpo de Bombeiros de Fukagawa, Associa\u00e7\u00e3o do Corpo de Bombeiros do Distrito de Fukagawa\" class=\"size-full\" \/><\/a><figcaption class=\"wp-caption-text\">Apresenta\u00e7\u00e3o e leitura do telegrama de felicita\u00e7\u00f5es: Sr. Takayoshi Kazuma, Chefe da Filial Hokuryu do Corpo de Bombeiros de Fukagawa, Associa\u00e7\u00e3o do Corpo de Bombeiros do Distrito de Fukagawa<\/figcaption><\/figure>\n<h4>Telegrama de felicita\u00e7\u00f5es: Kenichi Suzuki, Diretor do Departamento de Desenvolvimento Regional de Sorachi<\/h4>\n<p>Gostar\u00edamos de expressar nossos sinceros parab\u00e9ns ao Corpo de Bombeiros de Hokuryu por alcan\u00e7ar o importante marco do seu 110\u00ba anivers\u00e1rio e pelo grande simulado de inc\u00eandio comemorativo que ser\u00e1 realizado.<\/p>\n<p>O Corpo de Bombeiros de Hokuryu foi fundado em abril de 1913 por volunt\u00e1rios que formaram uma associa\u00e7\u00e3o privada de preven\u00e7\u00e3o de inc\u00eandios e, desde ent\u00e3o, tem contribu\u00eddo para a seguran\u00e7a e o bem-estar dos moradores da cidade de Hokuryu, prevenindo in\u00fameros inc\u00eandios e desastres.<\/p>\n<p>Gostaria de expressar meu mais profundo respeito pelos muitos anos de esfor\u00e7os dedicados de nossos antecessores, que levaram adiante essa tradi\u00e7\u00e3o at\u00e9 os dias de hoje.<\/p>\n<p>Embora todos voc\u00eas tenham seus pr\u00f3prios empregos, os membros do corpo de bombeiros trabalham arduamente no combate a inc\u00eandios, guiados pelo nobre esp\u00edrito de proteger a comunidade. Gostar\u00edamos de expressar nossa sincera gratid\u00e3o por seus esfor\u00e7os e esperamos que continuem se dedicando aos treinos para desempenhar o papel cada vez mais importante do combate a inc\u00eandios no gerenciamento de crises, e que continuem trabalhando duro para atender \u00e0s expectativas dos moradores como guardi\u00f5es da seguran\u00e7a e prote\u00e7\u00e3o da comunidade.<\/p>\n<p>O Departamento Geral de Desenvolvimento de Sorachi continuar\u00e1 trabalhando em estreita colabora\u00e7\u00e3o com voc\u00eas para criar uma comunidade onde os moradores possam viver em paz, e agradecemos o seu apoio e coopera\u00e7\u00e3o cont\u00ednuos.<\/p>\n<p>Para concluir, gostaria de expressar minhas sinceras ora\u00e7\u00f5es pela sa\u00fade de todos os presentes hoje e pelo sucesso cont\u00ednuo do Corpo de Bombeiros de Hokuryu.<\/p>\n<p>29 de junho de 2023, Kenichi Suzuki, Diretor do Departamento de Desenvolvimento Regional de Sorachi.<\/p>\n<h2>Agradecimentos: Sr. Shigeyuki Nakayama, Presidente do Comit\u00ea do Projeto Comemorativo do 110\u00ba Anivers\u00e1rio do Corpo de Bombeiros de Hokuryu e Chefe do Corpo de Bombeiros de Hokuryu, Uni\u00e3o dos Bombeiros do Distrito de Fukagawa<\/h2>\n<figure class=\"wp-caption aligncenter\"><a href=\"https:\/\/photos.google.com\/share\/AF1QipNAOZNqO5stEeHrdAMZAxL--oEFxSnYmDPJy47sd2cqWcS-bG1FLW9z7NoymWU4Jw\/photo\/AF1QipMcff0pRJHeM5bNJakHAVAzKAohhH8mPpJ-hQY?key=SU42OEp1Z2tDSmF4emZEaEFLNjNnUTJfMy1zT21R\" target=\"_blank\" rel=\"noopener\"><img decoding=\"async\" src=\"https:\/\/lh3.googleusercontent.com\/pw\/AJFCJaWGafMkoOclGjcF7B0mKPep0V1E2TauOme60HJ_naRAi1Ql4kWAPGxSQdUTwX6g1M-iLCDnYYj0-ZLUR7R-_DzIJ9OIhVl9-VWlA3TGTv_1Hqwz-Iz0AjpbGnLjCxTfHYCRiYvfukVwwNN2UaMczcdG=w2000-h1333-s-no?authuser=0\" width=\"2000\" height=\"1333\" alt=\"Agradecemos ao Sr. Shigeyuki Nakayama, Presidente do Comit\u00ea do Projeto Comemorativo do 110\u00ba Anivers\u00e1rio do Corpo de Bombeiros de Hokuryu e Chefe do Corpo de Bombeiros de Hokuryu do Distrito de Fukagawa.\" class=\"size-full\" \/><\/a><figcaption class=\"wp-caption-text\">Agradecimentos: Presidente do Comit\u00ea do Projeto Comemorativo do 110\u00ba Anivers\u00e1rio do Corpo de Bombeiros de Hokuryu<br \/>\nSr. Shigeyuki Nakayama, Chefe do Corpo de Bombeiros de Hokuryu, Corpo de Bombeiros do Distrito de Fukagawa<\/figcaption><\/figure>\n<p>&quot;\u00c9 com grande prazer que os membros do Corpo de Bombeiros de Hokuryu podem realizar um exerc\u00edcio e cerim\u00f4nia comemorativos neste ano em que se celebra o 110\u00ba anivers\u00e1rio da funda\u00e7\u00e3o do corpo de bombeiros.&quot;<\/p>\n<p>Gostar\u00edamos de expressar nossa sincera gratid\u00e3o a todos os envolvidos pela compreens\u00e3o e coopera\u00e7\u00e3o.<\/p>\n<p>Este ano tamb\u00e9m marcou o 130\u00ba anivers\u00e1rio da funda\u00e7\u00e3o da cidade de Hokuryu, desde que os primeiros colonos da prov\u00edncia de Chiba come\u00e7aram a trabalhar na terra para iniciar o desenvolvimento em 1893.<\/p>\n<p>Durante os primeiros tempos, a frequente devasta\u00e7\u00e3o causada por desastres naturais e o surgimento de inc\u00eandios florestais fizeram com que os moradores percebessem a necessidade de uma organiza\u00e7\u00e3o de combate a inc\u00eandios, e a Associa\u00e7\u00e3o de Preven\u00e7\u00e3o de Inc\u00eandios de Wa foi fundada doze anos depois que o grupo Chiba se estabeleceu na regi\u00e3o.<\/p>\n<p>Posteriormente, em 1913, foi reorganizada na associa\u00e7\u00e3o privada de preven\u00e7\u00e3o de inc\u00eandios Shinryu, e este ano \u00e9 considerado o in\u00edcio do Corpo de Bombeiros Hokuryu.<\/p>\n<p>Ao longo dos anos, evoluiu para uma brigada de inc\u00eandio privada, depois para uma brigada de inc\u00eandio p\u00fablica e, finalmente, para um corpo de defesa civil. Em 1947, ap\u00f3s o fim da guerra, foi convertida em uma brigada de inc\u00eandio municipal, dando origem \u00e0 Brigada de Inc\u00eandio da Vila de Kitary\u016b.<\/p>\n<p>Al\u00e9m disso, a fim de fortalecer a organiza\u00e7\u00e3o de combate a inc\u00eandios e modernizar as instala\u00e7\u00f5es, a Associa\u00e7\u00e3o do Corpo de Bombeiros do Distrito de Sorachi foi estabelecida como um corpo de bombeiros de ampla abrang\u00eancia em 1972 e, com a coopera\u00e7\u00e3o de cidades e vilas relevantes, foram feitos esfor\u00e7os para melhorar a reorganiza\u00e7\u00e3o dos corpos de bombeiros privados.<\/p>\n<p>Gostar\u00edamos de expressar nosso mais profundo respeito aos nossos antecessores que, ao longo desta longa hist\u00f3ria, continuaram a trabalhar incansavelmente como bombeiros com um forte esp\u00edrito de orgulho local.<\/p>\n<p>Ao celebrar seu significativo 110\u00ba anivers\u00e1rio, o tradicional Corpo de Bombeiros de Hokuryu reafirma seu compromisso em proteger o esp\u00edrito de combate a inc\u00eandios cultivado ao longo dos anos, em compreender com precis\u00e3o as mudan\u00e7as dos tempos e as transforma\u00e7\u00f5es sociais, e em continuar trabalhando arduamente para atender \u00e0s expectativas de seus moradores diante de desastres.<\/p>\n<p>Gostar\u00edamos de expressar nossa gratid\u00e3o a todos voc\u00eas pela orienta\u00e7\u00e3o, incentivo e apoio cont\u00ednuos ao Corpo de Bombeiros de Hokuryu.&quot;<\/p>\n<h2>celebra\u00e7\u00e3o<\/h2>\n<p>Foi servida uma refei\u00e7\u00e3o suntuosa (do Sunflower Park Hokuryu Onsen), incluindo arroz vermelho festivo, e os membros do Soba Shokuraku Club Hokuryu (Representante: Nakamura Naoichi) apresentaram com carinho macarr\u00e3o soba feito \u00e0 m\u00e3o.<\/p>\n<figure class=\"wp-caption aligncenter\"><a href=\"https:\/\/photos.google.com\/share\/AF1QipNAOZNqO5stEeHrdAMZAxL--oEFxSnYmDPJy47sd2cqWcS-bG1FLW9z7NoymWU4Jw\/photo\/AF1QipPsGASq1QM5m-hfSwzPY5_-Q0GX4_H9ymdhI-0?key=SU42OEp1Z2tDSmF4emZEaEFLNjNnUTJfMy1zT21R\" target=\"_blank\" rel=\"noopener\"><img decoding=\"async\" src=\"https:\/\/lh3.googleusercontent.com\/pw\/AJFCJaUqUpVRydfUw6UxvPQnqw9EAeXXQ2bwmVAUKelY2Ifcw4Dhgqkp6-ABL1yPONkv8lA-SK0NdnHCeMoyczTKWROg24MrtTWxT-WXpwX9WG6iuSdCaBnhZAtzFMPjCTVnYx9MQMoVw-HRn23gN5Wrnr8Z=w2000-h1500-s-no?authuser=0\" width=\"2000\" height=\"1500\" alt=\"Bento de celebra\u00e7\u00e3o e arroz vermelho\" class=\"size-full\" \/><\/a><figcaption class=\"wp-caption-text\">Bento de celebra\u00e7\u00e3o e arroz vermelho<\/figcaption><\/figure>\n<figure class=\"wp-caption aligncenter\"><a href=\"https:\/\/photos.google.com\/share\/AF1QipNAOZNqO5stEeHrdAMZAxL--oEFxSnYmDPJy47sd2cqWcS-bG1FLW9z7NoymWU4Jw\/photo\/AF1QipNyehdHZHGwgbTOPAegJfJV-FnYs01wm3Tjig4?key=SU42OEp1Z2tDSmF4emZEaEFLNjNnUTJfMy1zT21R\" target=\"_blank\" rel=\"noopener\"><img decoding=\"async\" src=\"https:\/\/lh3.googleusercontent.com\/pw\/AJFCJaWFCxhI9_h2jL44j0eogDmkqlwbip5vIvjKM08yZSXDnuy_42xiSvF1eXuEozjjPrjo4Dv19NRmFzk63ymg3i-l8o_ZwhAe4gk_yfiyXg6eaYqurne8_NlLu5A_naBfZPv9fm7x_B4a6SMrCEUpwwoP=w2000-h1500-s-no?authuser=0\" width=\"2000\" height=\"1500\" alt=\"Culin\u00e1ria de luxo (Sunflower Park Hokuryu Onsen)\" class=\"size-full\" \/><\/a><figcaption class=\"wp-caption-text\">Culin\u00e1ria de luxo (Sunflower Park Hokuryu Onsen)<\/figcaption><\/figure>\n<figure class=\"wp-caption aligncenter\"><a href=\"https:\/\/photos.google.com\/share\/AF1QipNAOZNqO5stEeHrdAMZAxL--oEFxSnYmDPJy47sd2cqWcS-bG1FLW9z7NoymWU4Jw\/photo\/AF1QipOllhD9G6pyH8tDO_4tECFMFTaLh1FiW2pWDk4?key=SU42OEp1Z2tDSmF4emZEaEFLNjNnUTJfMy1zT21R\" target=\"_blank\" rel=\"noopener\"><img decoding=\"async\" src=\"https:\/\/lh3.googleusercontent.com\/pw\/AJFCJaXVriMktCMsWY77h5IhF8V5-gWF2FaHI0zKYG5E8nz7MJikHw5l_scLPefqXHQE61JPCWYaCC8AIaig6o_C6AtvxXY2jXo5xXWAYJNcJQ4rcEovlU4xX2oND-9bSk3wC_VtQ2ia42NaA1E0rskEoOZ1=w2000-h1333-s-no?authuser=0\" width=\"2000\" height=\"1333\" alt=\"Macarr\u00e3o soba artesanal por &quot;Soba Shokuraku Club Hokuryu (Representante: Nakamura Shoichi)&quot;\" class=\"size-full\" \/><\/a><figcaption class=\"wp-caption-text\">Macarr\u00e3o soba artesanal por &quot;Soba Shokuraku Club Hokuryu (Representante: Nakamura Shoichi)&quot;<\/figcaption><\/figure>\n<figure class=\"wp-caption aligncenter\"><a href=\"https:\/\/photos.google.com\/share\/AF1QipNAOZNqO5stEeHrdAMZAxL--oEFxSnYmDPJy47sd2cqWcS-bG1FLW9z7NoymWU4Jw\/photo\/AF1QipMBFCAUlWK2chG9vZmY9MwQnGRnIogDYmFqIc0?key=SU42OEp1Z2tDSmF4emZEaEFLNjNnUTJfMy1zT21R\" target=\"_blank\" rel=\"noopener\"><img decoding=\"async\" src=\"https:\/\/lh3.googleusercontent.com\/pw\/AJFCJaVEMvQ3xMmr9tp-oS3Zmk7L-TCfIi0--pqsqbDzghcM-jseg-bRALsVx7-vAqMdTR8S0oC0pHJy0m_AAupmw6xFSCc5EVtlDwpMBeN_LG0OZA0siblyXoHHJTRXlKM0Wi_x2Z3RneNhawdK8WfYqfPg=w2000-h1333-s-no?authuser=0\" width=\"2000\" height=\"1333\" alt=\"Macarr\u00e3o soba artesanal feito com amor!\" class=\"size-full\" \/><\/a><figcaption class=\"wp-caption-text\">Macarr\u00e3o soba artesanal feito com amor!<\/figcaption><\/figure>\n<h3>Discurso de abertura: Sr. Satoshi Joja, Presidente da Associa\u00e7\u00e3o de Bombeiros de Hokuryu<\/h3>\n<figure class=\"wp-caption aligncenter\"><a href=\"https:\/\/photos.google.com\/share\/AF1QipNAOZNqO5stEeHrdAMZAxL--oEFxSnYmDPJy47sd2cqWcS-bG1FLW9z7NoymWU4Jw\/photo\/AF1QipNx5ArrkhHqJev6ry_DinlrzRiagZRP1qFiS4w?key=SU42OEp1Z2tDSmF4emZEaEFLNjNnUTJfMy1zT21R\" target=\"_blank\" rel=\"noopener\"><img decoding=\"async\" src=\"https:\/\/lh3.googleusercontent.com\/pw\/AJFCJaUEz46GLi_ruya9kKiCBeBj1r6iYD2QByeNa-FEjp3raWe3UhPTQ5FYcwVtmWxbQWwdcEGViu7944cJGG0OdCzKAw__QaTYLFn80uk4dTah2uxbfAbJ5mdti5zBDs7MRV2R8DGH9v8Pr9T21M836GKH=w2000-h1333-s-no?authuser=0\" width=\"2000\" height=\"1333\" alt=\"Sr. Satoshi Joja, Presidente do Grupo de Apoio da Associa\u00e7\u00e3o do Corpo de Bombeiros de Hokuryu\" class=\"size-full\" \/><\/a><figcaption class=\"wp-caption-text\">Sr. Satoshi Joja, Presidente do Grupo de Apoio da Associa\u00e7\u00e3o do Corpo de Bombeiros de Hokuryu<\/figcaption><\/figure>\n<p>&quot;Muito obrigado por comparecerem \u00e0 celebra\u00e7\u00e3o do 110\u00ba anivers\u00e1rio do Corpo de Bombeiros de Hokuryu, apesar de suas agendas lotadas nesta \u00e9poca do ano.&quot;<\/p>\n<p>Gostar\u00edamos de expressar, mais uma vez, nosso sincero respeito e gratid\u00e3o \u00e0s pessoas que receberam hoje os certificados de reconhecimento e pr\u00eamios por seus longos anos de servi\u00e7o como defensores locais da preven\u00e7\u00e3o de desastres em seus respectivos cargos.<\/p>\n<p>Durante o exerc\u00edcio comemorativo, o treinamento disciplinar e operacional, que vem sendo realizado h\u00e1 110 anos, manteve o alto padr\u00e3o de qualidade tradicional, e pude sentir novamente a forte paix\u00e3o pelo treinamento.<\/p>\n<p>Para concluir, espero que n\u00e3o haja inc\u00eandios este ano e desejo ao Corpo de Bombeiros de Hokuryu sucesso cont\u00ednuo e boa sa\u00fade a todos os presentes. Obrigado pelo trabalho \u00e1rduo de hoje.<\/p>\n<h3>Brinde: Bombeiro Honor\u00e1rio Hiroaki Ito<\/h3>\n<p>&quot;Parab\u00e9ns pelo 110\u00ba anivers\u00e1rio da funda\u00e7\u00e3o do Corpo de Bombeiros de Hokuryu. Gostaria de expressar meu respeito e gratid\u00e3o a todos aqueles que acabaram de receber pr\u00eamios e certificados de reconhecimento por suas atividades de longa data.&quot;<\/p>\n<p>&quot;Al\u00e9m disso, tr\u00eas bombeiras se juntaram ao corpo de bombeiros, e estamos ansiosos para v\u00ea-las fazer a diferen\u00e7a. Um brinde ao Corpo de Bombeiros de Hokuryu!&quot;<\/p>\n<p><b style=\"font-size:18pt;\">sa\u00fade!<\/b>Com um grito de alegria, todos brindaram juntos com saqu\u00ea.<\/p>\n<figure class=\"wp-caption aligncenter\"><a href=\"https:\/\/photos.google.com\/share\/AF1QipNAOZNqO5stEeHrdAMZAxL--oEFxSnYmDPJy47sd2cqWcS-bG1FLW9z7NoymWU4Jw\/photo\/AF1QipO3XsbTMVk5lqlPX1tWbXx84JTEeFON0j0ToOI?key=SU42OEp1Z2tDSmF4emZEaEFLNjNnUTJfMy1zT21R\" target=\"_blank\" rel=\"noopener\"><img decoding=\"async\" src=\"https:\/\/lh3.googleusercontent.com\/pw\/AJFCJaVRV7KYrJ2SkwGRcjvuXVW1qcUIXF1KtExYZxfsjikW6QCsqRMvg0BVQH2ysJmfWmWuYTr5oSvfkd6YFHd_e26Y8Rl_tPtpyeSxQ3RTgn3GvsVaOsQVWL542zke8vy0-Y_ahkKbvr9haMBNSXwHFvWB=w2000-h1333-s-no?authuser=0\" width=\"2000\" height=\"1333\" alt=\"sa\u00fade!\" class=\"size-full\" \/><\/a><figcaption class=\"wp-caption-text\">sa\u00fade!<\/figcaption><\/figure>\n<h3>Um banquete emocionante<\/h3>\n<figure class=\"wp-caption aligncenter\"><a href=\"https:\/\/photos.google.com\/share\/AF1QipNAOZNqO5stEeHrdAMZAxL--oEFxSnYmDPJy47sd2cqWcS-bG1FLW9z7NoymWU4Jw\/photo\/AF1QipOf0HPBQ5V988ecQaFQzc_PCentr5EDj09790E?key=SU42OEp1Z2tDSmF4emZEaEFLNjNnUTJfMy1zT21R\" target=\"_blank\" rel=\"noopener\"><img decoding=\"async\" src=\"https:\/\/lh3.googleusercontent.com\/pw\/AJFCJaVKs5wN9AwjUufuLPGC0OjbBklKieGPbm2vw-Ffghke68qgg5P9oBSuAnOBu7Hd6XfbhISGMGsVmByhO1ZCtm3dAAAYYGfUPmKZ9Qh1Xtp4G84gJbNf14v4IkPorVGZV1bpr63JLg5Ul6JoD9rkBKkB=w2000-h1333-s-no?authuser=0\" width=\"2000\" height=\"1333\" alt=\"Desfrute de uma gastronomia requintada!\" class=\"size-full\" \/><\/a><figcaption class=\"wp-caption-text\">Desfrute de uma gastronomia requintada!<\/figcaption><\/figure>\n<figure class=\"wp-caption aligncenter\"><a href=\"https:\/\/photos.google.com\/share\/AF1QipNAOZNqO5stEeHrdAMZAxL--oEFxSnYmDPJy47sd2cqWcS-bG1FLW9z7NoymWU4Jw\/photo\/AF1QipO8ztaA1Z_G_vn_wVx4HXc263xEmsGl4TYcIbM?key=SU42OEp1Z2tDSmF4emZEaEFLNjNnUTJfMy1zT21R\" target=\"_blank\" rel=\"noopener\"><img decoding=\"async\" src=\"https:\/\/lh3.googleusercontent.com\/pw\/AJFCJaWC5m7NxCzmIXgggw3o2jeTZcIpYOZZiL9ejR83FxRe704PK2gYEXmaKlndYAJuKG-Pju36cfjMaRYpg__f5v4IxOfe5TliDnFNFxQHlHBksRf21xhvarkUpZwytV1ZQaY_OxFQPgqe_mUw5F5Uz1q1=w2000-h1333-s-no?authuser=0\" width=\"2000\" height=\"1333\" alt=\"Membros do grupo\" class=\"size-full\" \/><\/a><figcaption class=\"wp-caption-text\">Membros do grupo<\/figcaption><\/figure>\n<figure class=\"wp-caption aligncenter\"><a href=\"https:\/\/photos.google.com\/share\/AF1QipNAOZNqO5stEeHrdAMZAxL--oEFxSnYmDPJy47sd2cqWcS-bG1FLW9z7NoymWU4Jw\/photo\/AF1QipPvAQHPOFHZwX0uTaDHNDrv1Wf8z7dR0OshFPA?key=SU42OEp1Z2tDSmF4emZEaEFLNjNnUTJfMy1zT21R\" target=\"_blank\" rel=\"noopener\"><img decoding=\"async\" src=\"https:\/\/lh3.googleusercontent.com\/pw\/AJFCJaVEvXEIO11eKHVlEgbEWTnEexwwPg9ts33qf0c5Ay9Mp-5o6yPlvuQ_ofvTfxTxl032m_2lcJf9eHhWKrGdzu8Vihw9NwIlSITgi0PmMquwMznlf1MDdYotxl5X9SYaY4scfE9MilF8VcpJCwtUubWp=w2000-h1333-s-no?authuser=0https:\/\/lh3.googleusercontent.com\/pw\/AJFCJaWC5m7NxCzmIXgggw3o2jeTZcIpYOZZiL9ejR83FxRe704PK2gYEXmaKlndYAJuKG-Pju36cfjMaRYpg__f5v4IxOfe5TliDnFNFxQHlHBksRf21xhvarkUpZwytV1ZQaY_OxFQPgqe_mUw5F5Uz1q1=w2000-h1333-s-no?authuser=0\" width=\"2000\" height=\"1333\" alt=\"Incluindo uma conversa com o prefeito Sano...\" class=\"size-full\" \/><\/a><figcaption class=\"wp-caption-text\">Incluindo uma conversa com o prefeito Sano...<\/figcaption><\/figure>\n<h3>V\u00eddeo nost\u00e1lgico das atividades de combate a inc\u00eandios: Hiroyuki Takimoto, Chefe da 8\u00aa Divis\u00e3o.<\/h3>\n<figure class=\"wp-caption aligncenter\"><a href=\"https:\/\/photos.google.com\/share\/AF1QipNAOZNqO5stEeHrdAMZAxL--oEFxSnYmDPJy47sd2cqWcS-bG1FLW9z7NoymWU4Jw\/photo\/AF1QipPQnU5xyala4JclkzjrzPNjZ8bJk59mmk_oNeA?key=SU42OEp1Z2tDSmF4emZEaEFLNjNnUTJfMy1zT21R\" target=\"_blank\" rel=\"noopener\"><img decoding=\"async\" src=\"https:\/\/lh3.googleusercontent.com\/pw\/AJFCJaXMDtLtiC_jWz3gswnwqa9SrHkj61Fzr0B2N96OZVPNOR3vb2m6tu0f1GMNvSOg-dg8-BleK2M2z0dtT4FtU1S93shnSTRb5mpLE358GGV7BJpraV-hujUnCzMajAy8kfJlnwhu3SfPyb79rz7h0AQu=w2000-h1333-s-no?authuser=0\" width=\"2000\" height=\"1333\" alt=\"Um v\u00eddeo nost\u00e1lgico que mostra atividades de combate a inc\u00eandios...\" class=\"size-full\" \/><\/a><figcaption class=\"wp-caption-text\">Um v\u00eddeo nost\u00e1lgico que mostra atividades de combate a inc\u00eandios...<\/figcaption><\/figure>\n<figure class=\"wp-caption aligncenter\"><a href=\"https:\/\/photos.google.com\/share\/AF1QipNAOZNqO5stEeHrdAMZAxL--oEFxSnYmDPJy47sd2cqWcS-bG1FLW9z7NoymWU4Jw\/photo\/AF1QipOEZIhJoeWgcpVra2rzsGDjtJTqnwTErsKF5QI?key=SU42OEp1Z2tDSmF4emZEaEFLNjNnUTJfMy1zT21R\" target=\"_blank\" rel=\"noopener\"><img decoding=\"async\" src=\"https:\/\/lh3.googleusercontent.com\/pw\/AJFCJaUL1moLiqnU5-gevc3IrKexGWyHRsY0s1kkUaF8Pp-2mm8umyVd2sCqzklGMC58z_C4nTT858qPGtJElCz7-VmNtwqbmgyiRzf7BbNmJdDrGc-8sQ_4_1axBqe0a_6Y_RsTjd3CfUeZM7QFA2rb4UWd=w2000-h1333-s-no?authuser=0\" width=\"2000\" height=\"1333\" alt=\"Explica\u00e7\u00e3o do Sr. Hiroyuki Takimoto (8\u00ba Chefe do Escrit\u00f3rio da Filial de Hokuryu)\" class=\"size-full\" \/><\/a><figcaption class=\"wp-caption-text\">Explica\u00e7\u00e3o do Sr. Hiroyuki Takimoto (8\u00ba Chefe do Escrit\u00f3rio da Filial de Hokuryu)<\/figcaption><\/figure>\n<h2>Tr\u00eas vivas \u00e0 longevidade!<\/h2>\n<p>O evento terminou com tr\u00eas vivas de Yamagishi Masatoshi, membro honor\u00e1rio do Corpo de Bombeiros do Distrito de Fukagawa!<\/p>\n<figure class=\"wp-caption aligncenter\"><a href=\"https:\/\/photos.google.com\/share\/AF1QipNAOZNqO5stEeHrdAMZAxL--oEFxSnYmDPJy47sd2cqWcS-bG1FLW9z7NoymWU4Jw\/photo\/AF1QipN4KUYNavijJ3XN1q-mk3erh9Y1f8r7bWyI648?key=SU42OEp1Z2tDSmF4emZEaEFLNjNnUTJfMy1zT21R\" target=\"_blank\" rel=\"noopener\"><img decoding=\"async\" src=\"https:\/\/lh3.googleusercontent.com\/pw\/AJFCJaVOzBjT9Q1yXfsLJEE1YzvkGCZGXHRePxEB4uXu-3G2y9iJh3AEhfD0bEh43OvC15um79NLHNky9woP6ZfxhdtaeXnBO2Xr0c9yT3A1WIo4EOSzAE9z9Qg4JRRl7AyZ-tQAxIWGpycQ-DpjpUG2k7rK=w2000-h1128-s-no?authuser=0\" width=\"2000\" height=\"1128\" alt=\"Tr\u00eas vivas!!!\" class=\"size-full\" \/><\/a><figcaption class=\"wp-caption-text\">Tr\u00eas vivas!!!<\/figcaption><\/figure>\n<p>O evento terminou com tr\u00eas vivas de Yamagishi Masatoshi, membro honor\u00e1rio do Corpo de Bombeiros do Distrito de Fukagawa!<\/p>\n<p>&quot;Assistindo a este filme t\u00e3o nost\u00e1lgico, lembrei-me de uma parte dos \u00faltimos 110 anos.&quot;<\/p>\n<p>J\u00e1 se passaram 110 anos desde sua funda\u00e7\u00e3o em 1913 (Taisho 2). Em 1947 (Showa 22), tornou-se um corpo de bombeiros municipal.<\/p>\n<p>Ingressei no Corpo de Bombeiros em 1969 e, olhando para tr\u00e1s agora, acho que uma das coisas pelas quais fui grato durante esse per\u00edodo de grandes mudan\u00e7as foi a constru\u00e7\u00e3o de um pr\u00e9dio para o Corpo de Bombeiros, que fortaleceu nosso sistema permanente de combate a inc\u00eandios, aumentando o n\u00famero de funcion\u00e1rios.<\/p>\n<p>Outro fator \u00e9 que a introdu\u00e7\u00e3o de caminh\u00f5es-tanque teve um enorme impacto no combate a inc\u00eandios em seus est\u00e1gios iniciais.<\/p>\n<p>No entanto, acima de tudo, a base s\u00e3o as pessoas. Assim como os premiados que mencionei anteriormente, as verdadeiras atividades de combate a inc\u00eandios s\u00f3 s\u00e3o poss\u00edveis quando os jovens compartilham sua paix\u00e3o por proteger suas cidades natais. Acredito que existam grupos de apoio que incentivem isso e uma administra\u00e7\u00e3o de bombeiros que compreenda essa import\u00e2ncia.<\/p>\n<p>Houve dois tuf\u00f5es em maio deste ano. Diz-se que a eleva\u00e7\u00e3o do n\u00edvel do mar nos oceanos Pac\u00edfico e \u00cdndico este ano \u00e9 semelhante \u00e0 de 2015.<\/p>\n<p>H\u00e1 oito anos, as prefeituras de Nagano e Kumamoto foram atingidas por grandes inunda\u00e7\u00f5es. Espero que todos os bombeiros n\u00e3o baixem a guarda e continuem a treinar e aprimorar suas habilidades.<\/p>\n<p>Gostaria de expressar minha sincera gratid\u00e3o a todos os bombeiros aqui presentes hoje e aproveitar o 110\u00ba anivers\u00e1rio para orar pelo desenvolvimento cont\u00ednuo do Corpo de Bombeiros de Hokuryu, para que n\u00e3o ocorram inc\u00eandios ou desastres e pela sa\u00fade de todos os presentes. Gostaria de celebrar o 110\u00ba anivers\u00e1rio com tr\u00eas vivas!<\/p>\n<p><b style=\"font-size:18pt\">Viva o 110\u00ba anivers\u00e1rio do Corpo de Bombeiros Hokuryu! Viva! Viva!<\/b><\/p>\n<figure class=\"wp-caption aligncenter\"><a href=\"https:\/\/photos.google.com\/share\/AF1QipNAOZNqO5stEeHrdAMZAxL--oEFxSnYmDPJy47sd2cqWcS-bG1FLW9z7NoymWU4Jw\/photo\/AF1QipPpezz_ASODuGd44OTg8wwkJwBCvZhv8cu0G60?key=SU42OEp1Z2tDSmF4emZEaEFLNjNnUTJfMy1zT21R\" target=\"_blank\" rel=\"noopener\"><img decoding=\"async\" src=\"https:\/\/lh3.googleusercontent.com\/pw\/AJFCJaXnbYoQ0et1Rr6bQ6ayROI6lgjPq-veKs9lJQfSGVaTs-oANOQoRnrSq6u6daJhJfwfdjKUA68zJALxwuHaIATKE8_-2pN8_FrVoIf4WEvAV_bHofRoG1ie7uqZqkEev02dhSoxAYpks5ZnRJrm5DPz=w1272-h1882-s-no?authuser=0\" width=\"1272\" height=\"1882\" alt=\"Emblema da cidade de Hokuryu, emblema do Corpo de Bombeiros do distrito de Fukagawa, bandeira do Corpo de Bombeiros de Hokuryu (da revista comemorativa do 110\u00ba anivers\u00e1rio)\" class=\"size-full\" \/><\/a><figcaption class=\"wp-caption-text\">Emblema da cidade de Hokuryu, emblema do Corpo de Bombeiros do distrito de Fukagawa, bandeira do Corpo de Bombeiros de Hokuryu (da revista comemorativa do 110\u00ba anivers\u00e1rio)<\/figcaption><\/figure>\n<figure class=\"wp-caption aligncenter\"><a href=\"https:\/\/photos.google.com\/share\/AF1QipNAOZNqO5stEeHrdAMZAxL--oEFxSnYmDPJy47sd2cqWcS-bG1FLW9z7NoymWU4Jw\/photo\/AF1QipOis-Bsn0fCrcNZ0ncdcSLUpdHMvXje7dab8MQ?key=SU42OEp1Z2tDSmF4emZEaEFLNjNnUTJfMy1zT21R\" target=\"_blank\" rel=\"noopener\"><img decoding=\"async\" src=\"https:\/\/lh3.googleusercontent.com\/pw\/AJFCJaXIcBUZKLzOWVMps-kIpUXvyibgetf52nH2DgonrrImMztPj7Ril10zlepEUiVaV-BoBdsj9QzSf7YzAL6x0kjh4ZNx_m7SOWDCptg60BAs5ih2lNBza_i5s2asLA7Y0nM_W6ULY5pBJKuOk0Yw7Zsv=w1282-h1882-s-no?authuser=0\" width=\"1282\" height=\"1882\" alt=\"Edif\u00edcio do Corpo de Bombeiros de Hokuryu (da revista comemorativa do 110\u00ba anivers\u00e1rio)\" class=\"size-full\" \/><\/a><figcaption class=\"wp-caption-text\">Edif\u00edcio do Corpo de Bombeiros de Hokuryu (da revista comemorativa do 110\u00ba anivers\u00e1rio)<\/figcaption><\/figure>\n<figure class=\"wp-caption aligncenter\"><a href=\"https:\/\/photos.google.com\/share\/AF1QipNAOZNqO5stEeHrdAMZAxL--oEFxSnYmDPJy47sd2cqWcS-bG1FLW9z7NoymWU4Jw\/photo\/AF1QipMjbPlaQxozxf7qx2eIWRJm-uWWLoXueS6STls?key=SU42OEp1Z2tDSmF4emZEaEFLNjNnUTJfMy1zT21R\" target=\"_blank\" rel=\"noopener\"><img decoding=\"async\" src=\"https:\/\/lh3.googleusercontent.com\/pw\/AJFCJaVSH4DLmApB8z-knz76ofzDNackc0EX2zBPo6MNFPfUJs-F5YfHbaiirgtFEWym2J1xHwYROEFEu81x0s_LyYpj1jPPmx-geH5r1RF4B32j1qD4W-WLtf5bXIGLf7T370SWEcE_WavXOddP4MWnMdBZ=w1292-h1882-s-no?authuser=0\" width=\"1292\" height=\"1882\" alt=\"Bandeira e certificado de premia\u00e7\u00e3o (da revista comemorativa do 110\u00ba anivers\u00e1rio)\" class=\"size-full\" \/><\/a><figcaption class=\"wp-caption-text\">Bandeira e certificado de premia\u00e7\u00e3o (da revista comemorativa do 110\u00ba anivers\u00e1rio)<\/figcaption><\/figure>\n<figure class=\"wp-caption aligncenter\"><a href=\"https:\/\/photos.google.com\/share\/AF1QipNAOZNqO5stEeHrdAMZAxL--oEFxSnYmDPJy47sd2cqWcS-bG1FLW9z7NoymWU4Jw\/photo\/AF1QipMLm5OIfSP2aDB0YGWBq-J4-uGId1H1gJm4C1E?key=SU42OEp1Z2tDSmF4emZEaEFLNjNnUTJfMy1zT21R\" target=\"_blank\" rel=\"noopener\"><img decoding=\"async\" src=\"https:\/\/lh3.googleusercontent.com\/pw\/AJFCJaWvN1r3AurJqCoBsEWsdEmqrrz9VFWZ3NFRzphcAo3o5UG6D33QJrpWULs7BBpQEJZjOQNPzyyN953zWCO5VWRRPpLclg4mHeGSe_m2rqUhBvo5mLIzqyaBoK9xMoyKS1dubtslL16zP9jn2SmkaHSp=w1242-h1882-s-no?authuser=0\" width=\"1242\" height=\"1882\" alt=\"Escudo e certificado (da revista comemorativa do 110\u00ba anivers\u00e1rio)\" class=\"size-full\" \/><\/a><figcaption class=\"wp-caption-text\">Escudo e certificado (da revista comemorativa do 110\u00ba anivers\u00e1rio)<\/figcaption><\/figure>\n<p>Com amor, gratid\u00e3o e ora\u00e7\u00f5es ilimitadas, gostaria de expressar minha sincera gratid\u00e3o ao Corpo de Bombeiros de Hokuryu, uma tradi\u00e7\u00e3o de 110 anos que protege a vida e a seguran\u00e7a dos moradores da cidade de Hokuryu com um esp\u00edrito digno de orgulho local e um forte senso de confian\u00e7a e responsabilidade.<\/p>\n<h2>v\u00eddeos do YouTube<\/h2>\n<div class=\"youtube\"><iframe title=\"Comemorando o 110\u00ba anivers\u00e1rio do Corpo de Bombeiros de Hokuryu em 2023\" src=\"https:\/\/www.youtube.com\/embed\/fvkiH7wQcG8?feature=oembed\" frameborder=\"0\" allow=\"accelerometer; autoplay; clipboard-write; encrypted-media; gyroscope; picture-in-picture; web-share\" allowfullscreen><\/iframe><\/div>\n<h2>Outras fotos<\/h2>\n<div class=\"img-move\">\n<img decoding=\"async\" src=\"https:\/\/ehokkaido.net\/wp-content\/uploads\/2021\/12\/2021-12-06-11.41.12.png\" style=\"vertical-align:middle;\"> <a href=\"https:\/\/photos.app.goo.gl\/k1Couzkv55CayAS6A\" target=\"_blank\" rel=\"noopener noreferrer\">Fotos (243 fotos) do evento de comemora\u00e7\u00e3o do 110\u00ba anivers\u00e1rio do Corpo de Bombeiros da cidade de Hokuryu, em 2023, est\u00e3o aqui &gt;&gt;<\/a><\/a><\/div>\n<h2>Artigos relacionados<\/h2>\n\n        <div class=\"site-blogcard-premium\">\n            <div class=\"bc-label-custom\">Artigos relacionados<\/div>\n            <div class=\"bc-flex-container\">\n                <div class=\"bc-main-text\">\n                    <div class=\"bc-title-link-box\">\n                        <a href=\"https:\/\/portal.hokuryu.info\/pt\/34183\/\" target=\"_blank\">https:\/\/portal.hokuryu.info\/34183<\/a>\n                    <\/div>\n                    <div class=\"bc-excerpt-box\">N\u00e3o foi poss\u00edvel recuperar as informa\u00e7\u00f5es da p\u00e1gina.<\/div>\n                <\/div>\n                <div class=\"bc-thumbnail-box\">\n                    <a href=\"https:\/\/portal.hokuryu.info\/pt\/34183\/\" target=\"_blank\">\n                        <div class=\"bc-img-zoom-wrap\">\n                            <img decoding=\"async\" src=\"https:\/\/portal.hokuryu.info\/wp\/wp-content\/uploads\/2026\/02\/20230802DSC06445_1.jpg\" alt=\"https:\/\/portal.hokuryu.info\/34183\">\n                        <\/div>\n                    <\/a>\n                <\/div>\n            <\/div>\n        <\/div>\n\u3000<br \/>\n\n        <div class=\"site-blogcard-premium\">\n            <div class=\"bc-label-custom\">Artigos relacionados<\/div>\n            <div class=\"bc-flex-container\">\n                <div class=\"bc-main-text\">\n                    <div class=\"bc-title-link-box\">\n                        <a href=\"https:\/\/portal.hokuryu.info\/pt\/topics\/culture\/20190723.html\/\" target=\"_blank\">O 71\u00ba Exerc\u00edcio Conjunto de Combate a Inc\u00eandios Kita-Sorachi foi realizado no estacionamento da cidade de Hokuryu, Himawari no Sato - Portal da cidade de Hokuryu (Hokkaido) - a vila de girass\u00f3is n\u00famero 1 do Jap\u00e3o.<\/a>\n                    <\/div>\n                    <div class=\"bc-excerpt-box\">O 71\u00ba Exerc\u00edcio Conjunto de Combate a Inc\u00eandios de Kita-Sorachi foi realizado na sexta-feira, 5 de julho de 2019, \u00e0s 13h, no estacionamento Himawari-no-Sato, na cidade de Hokuryu...<\/div>\n                <\/div>\n                <div class=\"bc-thumbnail-box\">\n                    <a href=\"https:\/\/portal.hokuryu.info\/pt\/topics\/culture\/20190723.html\/\" target=\"_blank\">\n                        <div class=\"bc-img-zoom-wrap\">\n                            <img decoding=\"async\" src=\"https:\/\/lh3.googleusercontent.com\/a-7dFJ9m5Qqrt1a53WvKplpJp3P2Ne8HEQWWHBW3uxkhmGkeQ6H98wf03w-ekJ39r_SRQ3QYEKnaY5xqgSJqXN-vWEw5jST5WVpE6ba3ybQjW2Xjln_ytL_tO6veemzQkgsZGROh5v5n9WDn-DoSUqfcGPro5J_ZPVxhn3oNN4sWjfaSB_NIVd373QspmYZ84zt5o0cB-PZKfD2F70gzAYOFVvOq2LzUL2BJ0W5rPhzSyI1EtDjZ3eaCPcdNgHxYt2CbmHJ8DFUSAT11ZAOH0jv2wIJhkySvVpBfEudGFaXODlp288tj26wq6J0cQ4H5kpx_7O-eYlK4a_9ArD0jzJc9LNxQmfkUY9w3JXpjfQftYDetTk3HX7Gauuf9yqVjNyV2AAKa6umeewVaICTGSgDxe9Nz9JAD2r2GAomIn1b9YHPn9qszrDIr7_Bo_OhH1gTipJRZLs23-Ux0zhktPSoiEM6f-xxQu9QoN8I9-akQ2Xge4L4vkhmSOElr1IbUxk3IvTYVBiF7lXshHn19MWLWcmvA5AwF43kMiGXEnxmLnVjCJlCwHy7hQQvnlfK0EJlW9dO_AHsMGSC7V7faFU9soDqdpxurJTxOMJHF61O4ZWZGrBWyNPGppCcm_BjC18eRM-Tha2mN4LoCBjb6-8l2bxmjpOjcAgwv5HQk8B6G7wyCuNLDzmGo1aRVJLflvEtfOK6FeMBkBLZkcTJxNMoU=w1346-h897-no\" alt=\"O 71\u00ba Exerc\u00edcio Conjunto de Combate a Inc\u00eandios Kita-Sorachi foi realizado no estacionamento da cidade de Hokuryu, Himawari no Sato - Portal da cidade de Hokuryu (Hokkaido) - a vila de girass\u00f3is n\u00famero 1 do Jap\u00e3o.\">\n                        <\/div>\n                    <\/a>\n                <\/div>\n            <\/div>\n        <\/div>\n\n        <div class=\"site-blogcard-premium\">\n            <div class=\"bc-label-custom\">Artigos relacionados<\/div>\n            <div class=\"bc-flex-container\">\n                <div class=\"bc-main-text\">\n                    <div class=\"bc-title-link-box\">\n                        <a href=\"https:\/\/portal.hokuryu.info\/pt\/topics\/culture\/20171031.html\/\" target=\"_blank\">Treinamento conjunto de seguran\u00e7a contra desastres realizado pela sede regional da Pol\u00edcia da Prefeitura de Hokkaido em Asahikawa e pela cidade de Hokuryu (treinamento de evacua\u00e7\u00e3o em caso de chuvas fortes, inunda\u00e7\u00f5es e deslizamentos de terra e treinamento de seguran\u00e7a contra desastres) - Portal da cidade de Hokuryu (Hokkaido) - A vila de girass\u00f3is n\u00famero 1 do Jap\u00e3o<\/a>\n                    <\/div>\n                    <div class=\"bc-excerpt-box\">Na segunda-feira, 30 de outubro, a partir das 9h30, a sede regional da Pol\u00edcia da Prefeitura de Hokkaido em Asahikawa e a cidade de Hokuryu realizar\u00e3o um simulado conjunto de resposta a desastres (chuvas fortes, inunda\u00e7\u00f5es, deslizamentos de terra, etc.).<\/div>\n                <\/div>\n                <div class=\"bc-thumbnail-box\">\n                    <a href=\"https:\/\/portal.hokuryu.info\/pt\/topics\/culture\/20171031.html\/\" target=\"_blank\">\n                        <div class=\"bc-img-zoom-wrap\">\n                            <img decoding=\"async\" src=\"https:\/\/lh3.googleusercontent.com\/LnCbybPuYQ8kykA3o6RDrd6EjrOb5oNT9oMliHJN2VbVSHgMYSod3kg6D3JH1Acm_pnvNQW25GBV94QqGb3jcC10sT0PHpD8M0mEHf-tc4FHZB6mPl7OgZKdPhinRt-1dHA2GDTtwqCClqg1XOMI-RWkh96tEvzhanTKb3MAKwM_9c2k7l2rGW5Djr6fmBo4GWwqfFLBZ7PlM1opOWueuId35tAzRFP_8e2qUPz8LzzQUuV9aCt1eZzoEg4oYLRNUPnW-k_ewzEW2EmIbMFY_IbHkq7WjXm33bneptCy2DNpLjfx-fFB9hnKBqtj7kNz02_oYVechihwUtzH2i1BkwSFfRriFzD3oARmFq1LCzJ6a6KQBQNH_SRU1zi4tVqO759FzYMSSls0NG2XWAWBS2qqGusdyuG0vrPFVDoiB-Vjk7CIRCI0hPCvBOvwOxqt7kYI9GfC85bvRFbo2yuSM5dkeqeb5t7FjV-Wu2d_1voKSrx6zvrf-57L6lSWsPKEtuWspWFPKLuq98iNnAaYqo0YJzPBAxdPtP4KISQw0b6KCYkiD8jTFFUDfNSHZksBZR7ten8zuThkxUaCCFcQislyi5LL-pyjIHies-rpkkU9PMX_R7B0KGsOsukYOkiY4ixNOOVN4b0jOWBBKizjWoPyxPovOPgBtSY=w1370-h914-no\" alt=\"Treinamento conjunto de seguran\u00e7a contra desastres realizado pela sede regional da Pol\u00edcia da Prefeitura de Hokkaido em Asahikawa e pela cidade de Hokuryu (treinamento de evacua\u00e7\u00e3o em caso de chuvas fortes, inunda\u00e7\u00f5es e deslizamentos de terra e treinamento de seguran\u00e7a contra desastres) - Portal da cidade de Hokuryu (Hokkaido) - A vila de girass\u00f3is n\u00famero 1 do Jap\u00e3o\">\n                        <\/div>\n                    <\/a>\n                <\/div>\n            <\/div>\n        <\/div>\n\n        <div class=\"site-blogcard-premium\">\n            <div class=\"bc-label-custom\">Artigos relacionados<\/div>\n            <div class=\"bc-flex-container\">\n                <div class=\"bc-main-text\">\n                    <div class=\"bc-title-link-box\">\n                        <a href=\"https:\/\/portal.hokuryu.info\/pt\/topics\/culture\/20130830.html\/\" target=\"_blank\">Organiza\u00e7\u00f5es relacionadas realizaram em conjunto um treinamento abrangente de seguran\u00e7a em desastres (Quartel-General da Pol\u00edcia da Prefeitura de Hokkaido, Quartel-General Regional de Asahikawa, Associa\u00e7\u00e3o do Corpo de Bombeiros do Distrito de Fukagawa, Cidade de Hokuryu, Cidade de Numata) - Portal da Cidade de Hokuryu (Hokkaido) - A Vila dos Girass\u00f3is n\u00ba 1 do Jap\u00e3o<\/a>\n                    <\/div>\n                    <div class=\"bc-excerpt-box\">Apresentamos o &quot;presente&quot; de uma cidade vibrante com 2.100 habitantes e uma taxa de envelhecimento de 401.000.000. Assim como os girass\u00f3is, as fam\u00edlias vivem em harmonia...<\/div>\n                <\/div>\n                <div class=\"bc-thumbnail-box\">\n                    <a href=\"https:\/\/portal.hokuryu.info\/pt\/topics\/culture\/20130830.html\/\" target=\"_blank\">\n                        <div class=\"bc-img-zoom-wrap\">\n                            <img decoding=\"async\" src=\"https:\/\/lh4.googleusercontent.com\/-sSjyYwrWZ8o\/Uh_AFDGVFnI\/AAAAAAAAx20\/u6A8o3kNT3g\/w433-h378-no\/kunren.jpg\" alt=\"Organiza\u00e7\u00f5es relacionadas realizaram em conjunto um treinamento abrangente de seguran\u00e7a em desastres (Quartel-General da Pol\u00edcia da Prefeitura de Hokkaido, Quartel-General Regional de Asahikawa, Associa\u00e7\u00e3o do Corpo de Bombeiros do Distrito de Fukagawa, Cidade de Hokuryu, Cidade de Numata) - Portal da Cidade de Hokuryu (Hokkaido) - A Vila dos Girass\u00f3is n\u00ba 1 do Jap\u00e3o\">\n                        <\/div>\n                    <\/a>\n                <\/div>\n            <\/div>\n        <\/div>\n\n        <div class=\"site-blogcard-premium\">\n            <div class=\"bc-label-custom\">Artigos relacionados<\/div>\n            <div class=\"bc-flex-container\">\n                <div class=\"bc-main-text\">\n                    <div class=\"bc-title-link-box\">\n                        <a href=\"https:\/\/portal.hokuryu.info\/pt\/topics\/culture\/20130709.html\/\" target=\"_blank\">Cerim\u00f4nia e Premia\u00e7\u00e3o do Centen\u00e1rio do Corpo de Bombeiros de Hokuryu 2013 - Portal da Cidade de Hokuryu (Hokkaido) - A Vila dos Girass\u00f3is n\u00ba 1 do Jap\u00e3o<\/a>\n                    <\/div>\n                    <div class=\"bc-excerpt-box\">Apresentamos o &quot;presente&quot; de uma cidade vibrante com 2.100 habitantes e uma taxa de envelhecimento de 401.000.000. Assim como os girass\u00f3is, as fam\u00edlias vivem em harmonia...<\/div>\n                <\/div>\n                <div class=\"bc-thumbnail-box\">\n                    <a href=\"https:\/\/portal.hokuryu.info\/pt\/topics\/culture\/20130709.html\/\" target=\"_blank\">\n                        <div class=\"bc-img-zoom-wrap\">\n                            <img decoding=\"async\" src=\"https:\/\/lh5.googleusercontent.com\/-FpVozKeIc9w\/UdPvbAvHb0I\/AAAAAAAAtcM\/tbSIaNsP9Io\/w1046-h693-no\/K5+10608\" alt=\"Cerim\u00f4nia e Premia\u00e7\u00e3o do Centen\u00e1rio do Corpo de Bombeiros de Hokuryu 2013 - Portal da Cidade de Hokuryu (Hokkaido) - A Vila dos Girass\u00f3is n\u00ba 1 do Jap\u00e3o\">\n                        <\/div>\n                    <\/a>\n                <\/div>\n            <\/div>\n        <\/div>\n\n        <div class=\"site-blogcard-premium\">\n            <div class=\"bc-label-custom\">Artigos relacionados<\/div>\n            <div class=\"bc-flex-container\">\n                <div class=\"bc-main-text\">\n                    <div class=\"bc-title-link-box\">\n                        <a href=\"https:\/\/portal.hokuryu.info\/pt\/topics\/culture\/20130708.html\/\" target=\"_blank\">Cerim\u00f4nia e Exerc\u00edcio do Centen\u00e1rio do Corpo de Bombeiros de Hokuryu 2013 - Portal da Cidade de Hokuryu (Hokkaido) - A Vila dos Girass\u00f3is n\u00ba 1 do Jap\u00e3o<\/a>\n                    <\/div>\n                    <div class=\"bc-excerpt-box\">Apresentamos o &quot;presente&quot; de uma cidade vibrante com 2.100 habitantes e uma taxa de envelhecimento de 401.000.000. Assim como os girass\u00f3is, as fam\u00edlias vivem em harmonia...<\/div>\n                <\/div>\n                <div class=\"bc-thumbnail-box\">\n                    <a href=\"https:\/\/portal.hokuryu.info\/pt\/topics\/culture\/20130708.html\/\" target=\"_blank\">\n                        <div class=\"bc-img-zoom-wrap\">\n                            <img decoding=\"async\" src=\"https:\/\/lh6.googleusercontent.com\/-rHol1cSBURE\/UdO8_ujtHeI\/AAAAAAAAr8k\/5nDozCTAZbw\/w1024-h678-no\/K5+10063\" alt=\"Cerim\u00f4nia e Exerc\u00edcio do Centen\u00e1rio do Corpo de Bombeiros de Hokuryu 2013 - Portal da Cidade de Hokuryu (Hokkaido) - A Vila dos Girass\u00f3is n\u00ba 1 do Jap\u00e3o\">\n                        <\/div>\n                    <\/a>\n                <\/div>\n            <\/div>\n        <\/div>\n\u3000\u3000<br \/>\n\n        <div class=\"site-blogcard-premium\">\n            <div class=\"bc-label-custom\">Artigos relacionados<\/div>\n            <div class=\"bc-flex-container\">\n                <div class=\"bc-main-text\">\n                    <div class=\"bc-title-link-box\">\n                        <a href=\"http:\/\/www.town.hokuryu.hokkaido.jp\/shobo\/main.html\" target=\"_blank\">Bem-vindos ao Corpo de Bombeiros de Hokuryu<\/a>\n                    <\/div>\n                    <div class=\"bc-excerpt-box\">P\u00e1gina inicial do Corpo de Bombeiros de Hokuryu<\/div>\n                <\/div>\n                <div class=\"bc-thumbnail-box\">\n                    <a href=\"http:\/\/www.town.hokuryu.hokkaido.jp\/shobo\/main.html\" target=\"_blank\">\n                        <div class=\"bc-img-zoom-wrap\">\n                            <img decoding=\"async\" src=\"http:\/\/www.town.hokuryu.hokkaido.jp\/shobo\/get_adobe_reader1.png\" alt=\"Bem-vindos ao Corpo de Bombeiros de Hokuryu\">\n                        <\/div>\n                    <\/a>\n                <\/div>\n            <\/div>\n        <\/div>\n\u3000<\/p>\n<p>\u25c7 Entrevista e texto: Ikuko Terauchi (Fotografia e assist\u00eancia de edi\u00e7\u00e3o: Noboru Terauchi)<\/p>","protected":false},"excerpt":{"rendered":"<p>\uff12\uff10\uff12\uff13\u5e74\uff17\u6708\uff13\u65e5\uff08\u6708\uff09 \uff16\u6708\uff12\uff19\u65e5\uff08\u6728\uff09\uff11\uff16\uff1a\uff10\uff10\u301c\u3001\u6d88\u9632\u6f14\u7fd2\u306b\u5f15\u304d\u7d9a\u304d\u3001\u5317\u7adc\u6d88\u9632\u56e3\u5275\u7acb\uff11\uff11\uff10\u5468\u5e74\u8a18\u5ff5\u5f0f\u5178\u4e26\u3073\u306b\u795d\u8cc0\u4f1a\u304c\u3001\u5317\u7adc\u753a\u516c\u6c11\u9928\uff12\u968e\u5927\u30db\u30fc\u30eb\u306b\u3066\u884c\u308f\u308c\u307e\u3057\u305f\u3002 \u56e3\u54e1\u3092\u542b\u3081\u6d88\u9632\u95a2\u4fc2\u8005\u306e\u65b9\u3005\u7dcf\u52e2\u7d04 [&hellip;]<\/p>\n","protected":false},"author":1,"featured_media":34304,"comment_status":"open","ping_status":"open","sticky":false,"template":"","format":"standard","meta":{"footnotes":""},"categories":[4,29],"tags":[],"class_list":["post-34186","post","type-post","status-publish","format-standard","has-post-thumbnail","hentry","category-cover-story","category-firestation"],"_links":{"self":[{"href":"https:\/\/portal.hokuryu.info\/pt\/wp-json\/wp\/v2\/posts\/34186","targetHints":{"allow":["GET"]}}],"collection":[{"href":"https:\/\/portal.hokuryu.info\/pt\/wp-json\/wp\/v2\/posts"}],"about":[{"href":"https:\/\/portal.hokuryu.info\/pt\/wp-json\/wp\/v2\/types\/post"}],"author":[{"embeddable":true,"href":"https:\/\/portal.hokuryu.info\/pt\/wp-json\/wp\/v2\/users\/1"}],"replies":[{"embeddable":true,"href":"https:\/\/portal.hokuryu.info\/pt\/wp-json\/wp\/v2\/comments?post=34186"}],"version-history":[{"count":0,"href":"https:\/\/portal.hokuryu.info\/pt\/wp-json\/wp\/v2\/posts\/34186\/revisions"}],"wp:featuredmedia":[{"embeddable":true,"href":"https:\/\/portal.hokuryu.info\/pt\/wp-json\/wp\/v2\/media\/34304"}],"wp:attachment":[{"href":"https:\/\/portal.hokuryu.info\/pt\/wp-json\/wp\/v2\/media?parent=34186"}],"wp:term":[{"taxonomy":"category","embeddable":true,"href":"https:\/\/portal.hokuryu.info\/pt\/wp-json\/wp\/v2\/categories?post=34186"},{"taxonomy":"post_tag","embeddable":true,"href":"https:\/\/portal.hokuryu.info\/pt\/wp-json\/wp\/v2\/tags?post=34186"}],"curies":[{"name":"wp","href":"https:\/\/api.w.org\/{rel}","templated":true}]}}