{"id":34183,"date":"2023-07-03T09:44:33","date_gmt":"2023-07-03T00:44:33","guid":{"rendered":"https:\/\/portal.hokuryu.info\/?p=34183"},"modified":"2023-07-25T15:59:51","modified_gmt":"2023-07-25T06:59:51","slug":"%e7%a5%9d%ef%bc%81%e5%8c%97%e7%ab%9c%e6%b6%88%e9%98%b2%e5%9b%a3%e5%89%b5%e7%ab%8b%ef%bc%91%ef%bc%91%ef%bc%90%e5%91%a8%e5%b9%b4%e8%a8%98%e5%bf%b5%e4%ba%8b%e6%a5%ad%e3%83%bb%e5%8c%97%e7%ab%9c%e6%b6%88","status":"publish","type":"post","link":"https:\/\/portal.hokuryu.info\/pt\/34183\/","title":{"rendered":"Comemora\u00e7\u00e3o do 110\u00ba anivers\u00e1rio do Corpo de Bombeiros Hokuryu e do Simulado de Inc\u00eandio Hokuryu 2023"},"content":{"rendered":"<p>Segunda-feira, 3 de julho de 2023<\/p>\n<p>Na quinta-feira, 29 de junho, a partir das 13h50, foi realizado um simulado de combate a inc\u00eandios no estacionamento norte da Prefeitura de Hokuryu para comemorar o 110\u00ba anivers\u00e1rio da funda\u00e7\u00e3o do Corpo de Bombeiros de Hokuryu (Chefe Nakayama Shigeyuki). Uma cerim\u00f4nia comemorativa e celebra\u00e7\u00e3o se seguiram, a partir das 16h, no Sal\u00e3o do Centro Comunit\u00e1rio da cidade de Hokuryu.<\/p>\n<p>Este projeto comemora o 110\u00ba anivers\u00e1rio da funda\u00e7\u00e3o do Corpo de Bombeiros de Hokuryu e visa homenagear as conquistas de nossos antecessores, dar continuidade \u00e0s nossas honrosas tradi\u00e7\u00f5es e, por meio da demonstra\u00e7\u00e3o de t\u00e9cnicas abrangentes de combate a inc\u00eandios, aprimorar as qualifica\u00e7\u00f5es de nossos bombeiros e disseminar ideias de preven\u00e7\u00e3o de inc\u00eandios entre os moradores, promovendo assim o combate moderno a inc\u00eandios.<\/p>\n<h2>Projeto de Comemora\u00e7\u00e3o do 110\u00ba Anivers\u00e1rio do Corpo de Bombeiros Hokuryu: Simula\u00e7\u00e3o de Inc\u00eandio Hokuryu<\/h2>\n<figure class=\"wp-caption aligncenter\"><a href=\"https:\/\/photos.google.com\/share\/AF1QipNAOZNqO5stEeHrdAMZAxL--oEFxSnYmDPJy47sd2cqWcS-bG1FLW9z7NoymWU4Jw\/photo\/AF1QipOzrv1bWFw4g3T7_mzFTBV9GlPi3ENrhXmgTv8?key=SU42OEp1Z2tDSmF4emZEaEFLNjNnUTJfMy1zT21R\" target=\"_blank\" rel=\"noopener\"><img decoding=\"async\" src=\"https:\/\/lh3.googleusercontent.com\/pw\/AJFCJaVSlT1aJnwprij_dg7uliGEcQZBdXrDqzeePNmsyU7T6Wm23T-_DzmRdVV_0AaB7zhq636IA_Wxq7U5GNVCW7EIYMnEvb_CKOQKboo6pCmgjDTzhr_B3TSwoH36mjbMWgsmOZIBdwYeSbX48JsjI7Wm=w2000-h1333-s-no?authuser=0\" width=\"2000\" height=\"1333\" alt=\"Projeto de Comemora\u00e7\u00e3o do 110\u00ba Anivers\u00e1rio do Corpo de Bombeiros Hokuryu: Simula\u00e7\u00e3o de Inc\u00eandio Hokuryu\" class=\"size-full\" \/><\/a><figcaption class=\"wp-caption-text\">Projeto de Comemora\u00e7\u00e3o do 110\u00ba Anivers\u00e1rio do Corpo de Bombeiros Hokuryu: Simula\u00e7\u00e3o de Inc\u00eandio Hokuryu<\/figcaption><\/figure>\n<h3>Organizadores<\/h3>\n<ul>\n<li><strong>Organizador:<\/strong>Cidade de Hokuryu<br \/>\nCorpo de Bombeiros do Distrito de Fukagawa, Brigada de Inc\u00eandio Hokuryu<br \/>\nAssocia\u00e7\u00e3o do Corpo de Bombeiros do Distrito de Fukagawa, Filial Hokuryu do Corpo de Bombeiros de Fukagawa<\/li>\n<li><strong>Patrocinado por:<\/strong>Associa\u00e7\u00e3o de Apoiadores do Sindicato dos Bombeiros de Hokuryu<\/li>\n<li><strong>coopera\u00e7\u00e3o:<\/strong>Pol\u00edcia da Prefeitura de Hokkaido, Delegacia de Pol\u00edcia de Fukagawa, Distrito de Asahikawa<br \/>\nAssocia\u00e7\u00e3o de Instrutores de Seguran\u00e7a no Tr\u00e2nsito da Cidade de Hokuryu<br \/>\nCidade de Hokuryu, Escola Secund\u00e1ria Hokuryu<br \/>\nEscola maternal Yawara da cidade de Hokuryu<\/li>\n<\/ul>\n<h3>Narra\u00e7\u00e3o: Tr\u00eas novas bombeiras<\/h3>\n<p>As narradoras deste exerc\u00edcio s\u00e3o tr\u00eas mulheres que ingressaram no corpo de bombeiros em 1\u00ba de junho deste ano.<\/p>\n<figure class=\"wp-caption aligncenter\"><a href=\"https:\/\/photos.google.com\/share\/AF1QipNAOZNqO5stEeHrdAMZAxL--oEFxSnYmDPJy47sd2cqWcS-bG1FLW9z7NoymWU4Jw\/photo\/AF1QipNv0yT2wwGQowlPH-PKtpg5kWVvWaSvjII_kZU?key=SU42OEp1Z2tDSmF4emZEaEFLNjNnUTJfMy1zT21R\" target=\"_blank\" rel=\"noopener\"><img decoding=\"async\" src=\"https:\/\/lh3.googleusercontent.com\/pw\/AJFCJaVaIatMWBHb2-NtLJnWO4uuObDw_KW6VTU9bv9pdlZ3Nn3ceb4re1VH32lOlsYhPdlIfEPR0drwt_BOQIGzTe1TXv3ss8bHPffWjSwS_9ztUW67hMQ4OLXHndx2hcufhYJqmJkdWFEHrI1IL12R27_0=w2000-h1333-s-no\" width=\"2000\" height=\"1333\" alt=\"Tr\u00eas novas bombeiras (da esquerda para a direita): Yuko Sato, Mirai Ohira e Chihiro Itagaki.\" class=\"size-full\" \/><\/a><figcaption class=\"wp-caption-text\">Tr\u00eas novas bombeiras (da esquerda para a direita): Yuko Sato, Mirai Ohira e Chihiro Itagaki.<\/figcaption><\/figure>\n<h2>Cerim\u00f4nia de abertura: Clube de Bombeiros Infantis da Escola Infantil Yawara<\/h2>\n<h3>&quot;Can\u00e7\u00e3o de Preven\u00e7\u00e3o de Inc\u00eandios&quot; &quot;Compromisso de Preven\u00e7\u00e3o de Inc\u00eandios&quot;<\/h3>\n<figure class=\"wp-caption aligncenter\"><a href=\"https:\/\/photos.google.com\/share\/AF1QipNAOZNqO5stEeHrdAMZAxL--oEFxSnYmDPJy47sd2cqWcS-bG1FLW9z7NoymWU4Jw\/photo\/AF1QipN3r31MvRdEeX_G9M3enFrNcBFac-_5SalX6Q0?key=SU42OEp1Z2tDSmF4emZEaEFLNjNnUTJfMy1zT21R\" target=\"_blank\" rel=\"noopener\"><img decoding=\"async\" src=\"https:\/\/lh3.googleusercontent.com\/pw\/AJFCJaUalTR0fQUMNpxpx8KbRUipL0O3ZVViC80CoHL2Bi5Wjs038fwBa2_GeixPnTfnLnONRcsRqAN1_vLTAULPaH38kpWkfSTNNxJ2R3DNuuhl2tPGDVfGaQ63ssAgtv0tCS6xTgi3x864PE8K5wGTBsil=w2000-h1333-s-no?authuser=0\" width=\"2000\" height=\"1333\" alt=\"Clube de Bombeiros Infantil da Escola Infantil Yawara\" class=\"size-full\" \/><\/a><figcaption class=\"wp-caption-text\">Clube de Bombeiros Infantil da Escola Infantil Yawara<\/figcaption><\/figure>\n<p>As ador\u00e1veis crian\u00e7as do jardim de inf\u00e2ncia, vestindo happi coats e faixas de cabe\u00e7a combinando, cantaram e dan\u00e7aram energicamente ao som da m\u00fasica &quot;Tranque as portas! Cuidado com o fogo!&quot;, enquanto agitavam pequenas bandeiras!<\/p>\n<p>&quot;Tranque suas portas, tome cuidado com inc\u00eandios, fa\u00e7a uma boa a\u00e7\u00e3o por dia e tenha um feliz domingo!&quot;<\/p>\n<h3>Prestar juramento<\/h3>\n<p>Al\u00e9m disso, duas crian\u00e7as do jardim de inf\u00e2ncia subiram ao palco e fizeram um juramento em voz alta: &quot;Keirei! Nunca brincaremos com fogo! Keirei!&quot;<\/p>\n<figure class=\"wp-caption aligncenter\"><a href=\"https:\/\/photos.google.com\/share\/AF1QipNAOZNqO5stEeHrdAMZAxL--oEFxSnYmDPJy47sd2cqWcS-bG1FLW9z7NoymWU4Jw\/photo\/AF1QipPqLXqBHSD92b1L8EqX1KaDnDqLCZ7CPBQe_uU?key=SU42OEp1Z2tDSmF4emZEaEFLNjNnUTJfMy1zT21R\" target=\"_blank\" rel=\"noopener\"><img decoding=\"async\" src=\"https:\/\/lh3.googleusercontent.com\/pw\/AJFCJaVzYzEF0POD5PYosGBs3HwatcZ3WOpkmiHlEYt50RjQ9Y8lSlspZYROU8g3RH9MGFfSfl99IluO-kaLKhultJhds0Pdv5wcUoUfL3RngGRney5zdq3wEx4cKjiWwXrdxJ902BtlUblI5zOl1-NyQH1O=w2000-h1333-s-no?authuser=0\" width=\"2000\" height=\"1333\" alt=\"Compromisso das crian\u00e7as com a preven\u00e7\u00e3o de inc\u00eandios\" class=\"size-full\" \/><\/a><figcaption class=\"wp-caption-text\">Compromisso das crian\u00e7as com a preven\u00e7\u00e3o de inc\u00eandios<\/figcaption><\/figure>\n<h2>Atra\u00e7\u00e3o: Apresenta\u00e7\u00e3o da Banda de Metais da Escola Secund\u00e1ria Hokuryu<\/h2>\n<p>Eles apresentaram tr\u00eas m\u00fasicas: &quot;RPG (Sekai no Owari)&quot;, &quot;My Neighbor Totoro&quot; e &quot;Story&quot;.<\/p>\n<p>&quot;Apesar do tempo limitado de ensaio, nos dedicamos bastante. Parab\u00e9ns pelo 110\u00ba anivers\u00e1rio da funda\u00e7\u00e3o do Corpo de Bombeiros de Hokuryu! Nos apresentaremos com toda a nossa alma!&quot;, disse o representante em sua mensagem de felicita\u00e7\u00f5es.<\/p>\n<figure class=\"wp-caption aligncenter\"><a href=\"https:\/\/photos.google.com\/share\/AF1QipNAOZNqO5stEeHrdAMZAxL--oEFxSnYmDPJy47sd2cqWcS-bG1FLW9z7NoymWU4Jw\/photo\/AF1QipPbH5oRpIznLtQm_BjrH_R4ETlG0V_8shAXgP4?key=SU42OEp1Z2tDSmF4emZEaEFLNjNnUTJfMy1zT21R\" target=\"_blank\" rel=\"noopener\"><img decoding=\"async\" src=\"https:\/\/lh3.googleusercontent.com\/pw\/AJFCJaUjTFnnQ26YzpoUV3-7QWH7AkPO5ROtgVzs5ES7UeO7_PGdmuFE_mrUPLD94cKJ_4AOUfpc9-KLIL_d4UXK9ljMsZfN07Z2uWvPQFVfCfiygvXfrPb8VPcReJVLPuuw7DhBUlVbhtePq3dE8j9KRDPO=w2000-h1333-s-no?authuser=0\" width=\"2000\" height=\"1333\" alt=\"Apresenta\u00e7\u00e3o da Banda de Metais da Escola Secund\u00e1ria Hokuryu\" class=\"size-full\" \/><\/a><figcaption class=\"wp-caption-text\">Apresenta\u00e7\u00e3o da Banda de Metais da Escola Secund\u00e1ria Hokuryu<\/figcaption><\/figure>\n<h2>Cerim\u00f4nia de Abertura<\/h2>\n<h3>Preparativos para a cerim\u00f4nia de abertura<\/h3>\n<ul>\n<li>Relat\u00f3rio de inspe\u00e7\u00e3o de pessoal, m\u00e1quinas e equipamentos: comandante de cada unidade \u2192 vice-comandante \u2192 comandante-em-chefe<\/li>\n<li>Instru\u00e7\u00f5es do Comandante-em-Chefe: Comandante-em-Chefe Ukai Takashi<\/li>\n<\/ul>\n<figure class=\"wp-caption aligncenter\"><a href=\"https:\/\/photos.google.com\/share\/AF1QipNAOZNqO5stEeHrdAMZAxL--oEFxSnYmDPJy47sd2cqWcS-bG1FLW9z7NoymWU4Jw\/photo\/AF1QipOUlr3HXQ7ahvLI_RB956JXICXY7NNx2C8X7_Y?key=SU42OEp1Z2tDSmF4emZEaEFLNjNnUTJfMy1zT21R\" target=\"_blank\" rel=\"noopener\"><img decoding=\"async\" src=\"https:\/\/lh3.googleusercontent.com\/pw\/AJFCJaUhlu5umZ5mPDltTvC0Ql14YTtb42ZSwVNwtP6vLxtClBNx0FmcnJnoaRmWqYWdFokPqA4BL6Xu6vlhxMMFFk-gzMEGzaBwiakeY-rdJOXE2yliiT0T2WG9ueHchMELsc1vCM9cmb5_5ifXCnRABHlA=w2000-h1333-s-no?authuser=0\" width=\"2000\" height=\"1333\" alt=\"1\u00aa e 2\u00aa Divis\u00f5es do Corpo de Bombeiros de Hokuryu\" class=\"size-full\" \/><\/a><figcaption class=\"wp-caption-text\">1\u00aa e 2\u00aa Divis\u00f5es do Corpo de Bombeiros de Hokuryu<\/figcaption><\/figure>\n<h3>Observa\u00e7\u00f5es iniciais: Vice-comandante Mitsuya Yamamoto<\/h3>\n<figure class=\"wp-caption aligncenter\"><a href=\"https:\/\/photos.google.com\/share\/AF1QipNAOZNqO5stEeHrdAMZAxL--oEFxSnYmDPJy47sd2cqWcS-bG1FLW9z7NoymWU4Jw\/photo\/AF1QipMOTYqfs9UrMyyYfT8m8WJYrBZ1Kb_EyV9qOCc?key=SU42OEp1Z2tDSmF4emZEaEFLNjNnUTJfMy1zT21R\" target=\"_blank\" rel=\"noopener\"><img decoding=\"async\" src=\"https:\/\/lh3.googleusercontent.com\/pw\/AJFCJaXsP4sFCxAQtpskudowmP8dYJSzx3XSOeWHwf4EhjL3hlZIrIOfJRXDsQCt9ctfzXSMvsz3UegVU6ck-eRQcOFrgdKegr0FTeK45g8Gb1sIlNA83yRbZQE9xOsd09tlRYdwReKOCrIzlsZAwsS2g5DR=w2000-h1333-s-no?authuser=0\" width=\"2000\" height=\"1333\" alt=\"discurso de abertura\" class=\"size-full\" \/><\/a><figcaption class=\"wp-caption-text\">discurso de abertura<\/figcaption><\/figure>\n<h3>Sauda\u00e7\u00e3o \u00e0 bandeira<\/h3>\n<figure class=\"wp-caption aligncenter\"><a href=\"https:\/\/photos.google.com\/share\/AF1QipNAOZNqO5stEeHrdAMZAxL--oEFxSnYmDPJy47sd2cqWcS-bG1FLW9z7NoymWU4Jw\/photo\/AF1QipNu3GUUhgTkRuAuHXnRf143Q7PO9onSMCE86xE?key=SU42OEp1Z2tDSmF4emZEaEFLNjNnUTJfMy1zT21R\" target=\"_blank\" rel=\"noopener\"><img decoding=\"async\" src=\"https:\/\/lh3.googleusercontent.com\/pw\/AJFCJaW3dRpmoV6iKB4W0JDxHPZ8VwGGLXJk32kUYyksa8vgD4y_LcpaUKJwLZFDrM3D1h3bqhW-9rC9aE5kaTY3BZmRnm1tQTC7A5P4xKWu8r-jRmkmN9WQx65FcopzUC175y3U_r5mz8aXOD7dlzbeynqD=w2000-h1333-s-no?authuser=0\" width=\"2000\" height=\"1333\" alt=\"sauda\u00e7\u00e3o \u00e0 bandeira nacional\" class=\"size-full\" \/><\/a><figcaption class=\"wp-caption-text\">sauda\u00e7\u00e3o \u00e0 bandeira nacional<\/figcaption><\/figure>\n<h3>Um minuto de sil\u00eancio em homenagem aos bombeiros falecidos.<\/h3>\n<figure class=\"wp-caption aligncenter\"><a href=\"https:\/\/photos.google.com\/share\/AF1QipNAOZNqO5stEeHrdAMZAxL--oEFxSnYmDPJy47sd2cqWcS-bG1FLW9z7NoymWU4Jw\/photo\/AF1QipMhDe1p_7ugufv-m__YtlMIQUTtVmNoG06L8A0?key=SU42OEp1Z2tDSmF4emZEaEFLNjNnUTJfMy1zT21R\" target=\"_blank\" rel=\"noopener\"><img decoding=\"async\" src=\"https:\/\/lh3.googleusercontent.com\/pw\/AJFCJaU5D-JS6BSmJrUNiFY63nthzYggMa2HN27sxpcze4AL91XzxXariLsgtsG2GLig_Y6K66WvtopUwO_nbING8LIG9lNeTccUQlVFvGb4tfJiZ8ICwOtviY_H6sZKNxrQGWxS_1OLsj1yfLDqBxYGiLVM=w2000-h1333-s-no?authuser=0\" width=\"2000\" height=\"1333\" alt=\"ora\u00e7\u00e3o silenciosa\" class=\"size-full\" \/><\/a><figcaption class=\"wp-caption-text\">ora\u00e7\u00e3o silenciosa<\/figcaption><\/figure>\n<figure class=\"wp-caption aligncenter\"><a href=\"https:\/\/photos.google.com\/share\/AF1QipNAOZNqO5stEeHrdAMZAxL--oEFxSnYmDPJy47sd2cqWcS-bG1FLW9z7NoymWU4Jw\/photo\/AF1QipOYZPvDiayuMNHiToAKS7wIF-SwuAglMfwrhAE?key=SU42OEp1Z2tDSmF4emZEaEFLNjNnUTJfMy1zT21R\" target=\"_blank\" rel=\"noopener\"><img decoding=\"async\" src=\"https:\/\/lh3.googleusercontent.com\/pw\/AJFCJaVM0pj_--GK-0HM4jRI43NKlYVjUO99UUT3xaIgpJOCRAtnJgZwbsh7FD5q1BogUAPsXNmzWd4HeiIyc6fyP4vSMGoxPHNKHXb_0jSsl9AF1ea54ZGGocav0c-Xmj_MUfKz7lV_zlkSMGVevtLPyxZr=w2000-h1333-s-no?authuser=0\" width=\"2000\" height=\"1333\" alt=\"ora\u00e7\u00e3o silenciosa\" class=\"size-full\" \/><\/a><figcaption class=\"wp-caption-text\">ora\u00e7\u00e3o silenciosa<\/figcaption><\/figure>\n<h3>Relat\u00f3rio de Pessoal: Comandante-em-Chefe Ukai Takashi<\/h3>\n<figure class=\"wp-caption aligncenter\"><a href=\"https:\/\/photos.google.com\/share\/AF1QipNAOZNqO5stEeHrdAMZAxL--oEFxSnYmDPJy47sd2cqWcS-bG1FLW9z7NoymWU4Jw\/photo\/AF1QipPjP8OHxNI_BRgXo4BD_VI7PeJOD4tywYrXbuk?key=SU42OEp1Z2tDSmF4emZEaEFLNjNnUTJfMy1zT21R\" target=\"_blank\" rel=\"noopener\"><img decoding=\"async\" src=\"https:\/\/lh3.googleusercontent.com\/pw\/AJFCJaWB4_wx7kObcBPXYxsH5Dm99mmhGd8n43P6kI7E3D9jyCIuWJ3h-ETBENjrC_-Qpp906DkGGJL9DdrVqOnPVkyE2LWht8aKq2dnEQsUxdnRKdjPlYAgcHSeTcgX_Asr-TUmOX6ZSpU2dJS2SPgohPhF=w2000-h1333-s-no?authuser=0\" width=\"2000\" height=\"1333\" alt=\"relat\u00f3rio de pessoal\" class=\"size-full\" \/><\/a><figcaption class=\"wp-caption-text\">relat\u00f3rio de pessoal<\/figcaption><\/figure>\n<h3>Sauda\u00e7\u00f5es do Superintendente Geral: Superintendente Geral Yutaka Sano (Prefeito da cidade de Hokuryu)<\/h3>\n<figure class=\"wp-caption aligncenter\"><a href=\"https:\/\/photos.google.com\/share\/AF1QipNAOZNqO5stEeHrdAMZAxL--oEFxSnYmDPJy47sd2cqWcS-bG1FLW9z7NoymWU4Jw\/photo\/AF1QipORuYHP2JdXZFM69CbPKulj-lR77QLfiwzfsz0?key=SU42OEp1Z2tDSmF4emZEaEFLNjNnUTJfMy1zT21R\" target=\"_blank\" rel=\"noopener\"><img decoding=\"async\" src=\"https:\/\/lh3.googleusercontent.com\/pw\/AJFCJaVcynY5M-5PIm9cx31A-z14SwQeO6cXLskC1gcGFhBVkMsRtKeuavoTdMG-f9083xcbLoTxWveivRL5waw8k_N7WIF7MFcv_cbx3bc3aaMmPNDNkNQRQMRtSPKX4orCLetPyCC1Muym2pHmdkXEdT2B=w2000-h1333-s-no?authuser=0\" width=\"2000\" height=\"1333\" alt=\"Sauda\u00e7\u00f5es do Superintendente Geral\" class=\"size-full\" \/><\/a><figcaption class=\"wp-caption-text\">Sauda\u00e7\u00f5es do Superintendente Geral<\/figcaption><\/figure>\n<p>&quot;Estou verdadeiramente satisfeito por o hist\u00f3rico e tradicional Simulado de Inc\u00eandio de Hokuryu estar a ser realizado aqui hoje como um grande evento para comemorar o 110.\u00ba anivers\u00e1rio da funda\u00e7\u00e3o do Corpo de Bombeiros de Hokuryu, com muitos convidados ilustres da cidade e de fora dela.&quot;<\/p>\n<p>Gostar\u00edamos de expressar nosso mais profundo respeito e gratid\u00e3o a todos os membros do corpo de bombeiros que, sob o comando do Capit\u00e3o Nakayama, t\u00eam trabalhado incansavelmente dia e noite em suas fun\u00e7\u00f5es de combate preventivo a inc\u00eandios na comunidade, para proteger a vida e o patrim\u00f4nio dos moradores, \u00e0 luz deste honroso simulado de inc\u00eandio.<\/p>\n<p>Aguardamos com expectativa que os resultados do treinamento di\u00e1rio sejam plenamente demonstrados e que o evento seja realizado em grande estilo.<\/p>\n<p>Nos \u00faltimos anos, os fen\u00f4menos clim\u00e1ticos anormais tornaram-se mais frequentes, com desastres naturais como terremotos, tuf\u00f5es, tornados, chuvas torrenciais e deslizamentos de terra causando danos intermin\u00e1veis e resultando na perda de muitas vidas e bens materiais.<\/p>\n<p>Os corpos de bombeiros est\u00e3o sendo chamados a responder a uma variedade de situa\u00e7\u00f5es, em sintonia com os tempos atuais, incluindo n\u00e3o apenas desastres cotidianos, mas tamb\u00e9m desastres naturais como terremotos e inunda\u00e7\u00f5es, acidentes de tr\u00e2nsito e emerg\u00eancias relacionadas \u00e0 prote\u00e7\u00e3o civil, e as expectativas em rela\u00e7\u00e3o a eles est\u00e3o aumentando.<\/p>\n<p>No ano passado, a cidade de Hokuryu tamb\u00e9m trabalhou para fortalecer seus equipamentos e instala\u00e7\u00f5es de combate a inc\u00eandios, incluindo a moderniza\u00e7\u00e3o de seu ve\u00edculo de comando e rela\u00e7\u00f5es p\u00fablicas, a introdu\u00e7\u00e3o de drones para desastres e a instala\u00e7\u00e3o de dois reservat\u00f3rios de \u00e1gua resistentes a terremotos.<\/p>\n<p>Em caso de desastre, solicitamos que todos os nossos funcion\u00e1rios respondam rapidamente, utilizando os equipamentos de combate a inc\u00eandio mais modernos e as habilidades adquiridas por meio de treinamento, e que atendam \u00e0s expectativas dos moradores locais.<\/p>\n<p>Em conclus\u00e3o, gostar\u00edamos de expressar nossa sincera gratid\u00e3o \u00e0 Associa\u00e7\u00e3o de Apoio ao Corpo de Bombeiros e aos instrutores de seguran\u00e7a no tr\u00e2nsito que colaboraram com este exerc\u00edcio, bem como aos membros da Banda Marcial da Escola Secund\u00e1ria Hokuryu e do Clube J\u00fanior de Bombeiros da Escola Infantil Yawara, que abrilhantaram o exerc\u00edcio de hoje.<\/p>\n<p>&quot;Gostaria de expressar meus sinceros votos de sa\u00fade e sucesso a todos voc\u00eas que tiveram a gentileza de comparecer hoje. Com isso, encerro meu discurso para o exerc\u00edcio. Encerro a sess\u00e3o&quot;, disse o Comandante Sano em seu pronunciamento.<\/p>\n<figure class=\"wp-caption alignnone\"><a href=\"https:\/\/photos.google.com\/share\/AF1QipNAOZNqO5stEeHrdAMZAxL--oEFxSnYmDPJy47sd2cqWcS-bG1FLW9z7NoymWU4Jw\/photo\/AF1QipP67DRSKEGrVqFc6EJi2XHMqK59oru482vfDMo?key=SU42OEp1Z2tDSmF4emZEaEFLNjNnUTJfMy1zT21R\" target=\"_blank\" rel=\"noopener\"><img decoding=\"async\" src=\"https:\/\/lh3.googleusercontent.com\/pw\/AJFCJaWEObHIJMD5FrVQhXjUqOUePR9zeg9EgK74tpL8XdmbFLaqcPmVOzJ6IZrDglUOKlsno7M5bYgUtRWYkON4s_miV6O5JyDf8ZXQQ1H6Q5G8dESX6kD9LM2PimnQwnoInGcVwhGc6z6_MgdUhzRhbgsl=w2000-h1333-s-no?authuser=0\" width=\"2000\" height=\"1333\" alt=\"Sauda\u00e7\u00f5es do Superintendente Geral\" class=\"size-full\" \/><\/a><figcaption class=\"wp-caption-text\">Sauda\u00e7\u00f5es do Superintendente Geral<\/figcaption><\/figure>\n<h3>Inspe\u00e7\u00e3o<\/h3>\n<ul>\n<li>O Sr. Shoichi Nakamura, Vice-Presidente do Conselho Municipal de Hokuryu,<\/li>\n<li>Sr. Katsunori Konishi, Chefe da Filial Regional de Sorachi da Associa\u00e7\u00e3o de Bombeiros de Hokkaido (Chefe da Brigada de Inc\u00eandio de Numata)<\/li>\n<li>Tadashi Kimoto, Chefe da Delegacia de Pol\u00edcia de Fukagawa, Distrito de Asahikawa, Pol\u00edcia da Prov\u00edncia de Hokkaido<\/li>\n<\/ul>\n<figure class=\"wp-caption aligncenter\"><a href=\"https:\/\/photos.google.com\/share\/AF1QipNAOZNqO5stEeHrdAMZAxL--oEFxSnYmDPJy47sd2cqWcS-bG1FLW9z7NoymWU4Jw\/photo\/AF1QipM5z4UU3L559rhdtMflpUPJZauzgJtfNItuf2k?key=SU42OEp1Z2tDSmF4emZEaEFLNjNnUTJfMy1zT21R\" target=\"_blank\" rel=\"noopener\"><img decoding=\"async\" src=\"https:\/\/lh3.googleusercontent.com\/pw\/AJFCJaXi2t3Z4tMl2vy8YZeffnLlQoZAgdy6VkKWRZ8q-KKrv9kwht4sXU7PzhrTC5v9VRTIJpBLkJCFjd9l3hjoPUSZkB5FMImGk5iIa1TrCi_eeRMld5qBNXPH2y4Pj_NJExp3GJZZPyQ8OxATHr_MpvXl=w2000-h1333-s-no?authuser=0\" width=\"2000\" height=\"1333\" alt=\"Inspe\u00e7\u00e3o\" class=\"size-full\" \/><\/a><figcaption class=\"wp-caption-text\">Inspe\u00e7\u00e3o<\/figcaption><\/figure>\n<h2>exerc\u00edcios<\/h2>\n<p>Foram realizados treinamentos de disciplina, opera\u00e7\u00e3o de pequenas bombas (bombeamento de \u00e1gua), pulveriza\u00e7\u00e3o simult\u00e2nea de \u00e1gua e marcha em forma\u00e7\u00e3o.<\/p>\n<h3>treinamento disciplinar<\/h3>\n<p>Os movimentos s\u00e3o majestosos, precisos e disciplinados.<\/p>\n<figure class=\"wp-caption aligncenter\"><a href=\"https:\/\/photos.google.com\/share\/AF1QipNAOZNqO5stEeHrdAMZAxL--oEFxSnYmDPJy47sd2cqWcS-bG1FLW9z7NoymWU4Jw\/photo\/AF1QipPhBW15cf477j2SXZrBjPs9oH83yDpQj-6okfM?key=SU42OEp1Z2tDSmF4emZEaEFLNjNnUTJfMy1zT21R\" target=\"_blank\" rel=\"noopener\"><img decoding=\"async\" src=\"https:\/\/lh3.googleusercontent.com\/pw\/AJFCJaUVJ3R1lS682O1S6PZj9H3bR6epjVufP1SBwM5kdVHddrEZEUJn3qMNmUBL7ZVec4cOW1OBSGKgf5hrQcFkWk6M6PbgnyoG_s6N50xyfT4aDl4pwPRptDGcg74uaUQ20Lp-DeTelaRPd6I-Eixydker=w2000-h1333-s-no?authuser=0\" width=\"2000\" height=\"1333\" alt=\"treinamento disciplinar\" class=\"size-full\" \/><\/a><figcaption class=\"wp-caption-text\">treinamento disciplinar<\/figcaption><\/figure>\n<h3>Opera\u00e7\u00e3o de bomba de pequeno porte<\/h3>\n<p>As bombas s\u00e3o operadas de forma coordenada e eficiente.<\/p>\n<figure class=\"wp-caption aligncenter\"><a href=\"https:\/\/photos.google.com\/share\/AF1QipNAOZNqO5stEeHrdAMZAxL--oEFxSnYmDPJy47sd2cqWcS-bG1FLW9z7NoymWU4Jw\/photo\/AF1QipOMbWU4O4SCbLlB71Yv9-i76HwNnVxonIySWec?key=SU42OEp1Z2tDSmF4emZEaEFLNjNnUTJfMy1zT21R\" target=\"_blank\" rel=\"noopener\"><img decoding=\"async\" src=\"https:\/\/lh3.googleusercontent.com\/pw\/AJFCJaUsgvZ-6Z7veE9JRvV5IoUpeeE-xExvfaLa_ERC2Yrz2AGw_zeRrcCggDcrb9hk7Jps1y_idpeNWzvjATvX100qhvTcUC6d6EasGi3_XzfeoooJ3xr1s7DKJDRX9E14ch3FxHMYL3PTvMrBMz7nDuZ0=w2000-h1121-s-no\" width=\"2000\" height=\"1121\" alt=\"\u00c1gua foi lan\u00e7ada contra o alvo do inc\u00eandio.\" class=\"size-full\" \/><\/a><figcaption class=\"wp-caption-text\">\u00c1gua foi lan\u00e7ada contra o alvo do inc\u00eandio.<\/figcaption><\/figure>\n<figure class=\"wp-caption aligncenter\"><a href=\"https:\/\/photos.google.com\/share\/AF1QipNAOZNqO5stEeHrdAMZAxL--oEFxSnYmDPJy47sd2cqWcS-bG1FLW9z7NoymWU4Jw\/photo\/AF1QipPGE_C22W1Zi1Q7LJmq69OIryzjf95ri5PpQKo?key=SU42OEp1Z2tDSmF4emZEaEFLNjNnUTJfMy1zT21R\" target=\"_blank\" rel=\"noopener\"><img decoding=\"async\" src=\"https:\/\/lh3.googleusercontent.com\/pw\/AJFCJaX93ihgmGxxWNKVtab77PXzULZMizpz0XXP8GjXqpb70RGkJVGpxeTNQZdo5T-FfS6c_KbNN1TMP7NNQOaIj7vMQq5q9NWVhIY-uJxhkLAjC8RfCkebN35Zn7MATgh2wdMi4Ytt2pGsuupKArFOd9Oj=w2000-h1123-s-no?authuser=0\" width=\"2000\" height=\"1121\" alt=\"Opera\u00e7\u00e3o de bomba de pequeno porte\" class=\"size-full\" \/><\/a><figcaption class=\"wp-caption-text\">Opera\u00e7\u00e3o de bomba de pequeno porte<\/figcaption><\/figure>\n<h3>Pulveriza\u00e7\u00e3o simult\u00e2nea de \u00e1gua<\/h3>\n<p>\u00c9 uma for\u00e7a poderosa de a\u00e7\u00e3o concentrada.<\/p>\n<figure class=\"wp-caption aligncenter\"><a href=\"https:\/\/photos.google.com\/share\/AF1QipNAOZNqO5stEeHrdAMZAxL--oEFxSnYmDPJy47sd2cqWcS-bG1FLW9z7NoymWU4Jw\/photo\/AF1QipNeUGdRqgB6IwK5cLwO2FRR7cD_n3gInolRHsI?key=SU42OEp1Z2tDSmF4emZEaEFLNjNnUTJfMy1zT21R\" target=\"_blank\" rel=\"noopener\"><img decoding=\"async\" src=\"https:\/\/lh3.googleusercontent.com\/pw\/AJFCJaWTVWGFpPyZo2XNlAd6PBknf9uSQ85h1bCDvhCupsPOlTL_hhlHO_XM8c3w1e2BSG-Tj-bq-Dzq4hVxBGy_MrEAdmK6kO2-EefRo2LBDNxxLi8nhipbvZe7u3rLQ5ACFlauG4CfYryhCWk3y6NIMSCI=w2000-h1123-s-no\" width=\"2000\" height=\"1123\" alt=\"Pulveriza\u00e7\u00e3o simult\u00e2nea de \u00e1gua\" class=\"size-full\" \/><\/a><figcaption class=\"wp-caption-text\">Pulveriza\u00e7\u00e3o simult\u00e2nea de \u00e1gua<\/figcaption><\/figure>\n<figure class=\"wp-caption aligncenter\"><a href=\"https:\/\/photos.google.com\/share\/AF1QipNAOZNqO5stEeHrdAMZAxL--oEFxSnYmDPJy47sd2cqWcS-bG1FLW9z7NoymWU4Jw\/photo\/AF1QipOGgAKtolpwVcgvd0smQw0PNiRYyIpUJ3eGoRg?key=SU42OEp1Z2tDSmF4emZEaEFLNjNnUTJfMy1zT21R\" target=\"_blank\" rel=\"noopener\"><img decoding=\"async\" src=\"https:\/\/lh3.googleusercontent.com\/pw\/AJFCJaWsBSdMaFaH936L4oUj9YhoBhyuSY7xDzRmuHa1to3kEwrO92HdZD1zLf_NPhIar-aKJkW_-USFfQejRVLbyI9KIK6Z49HOn8RlnD390h7ZJi4B6KO2qC8YpbbDmjuv9Q2aD_4Jd38gEecUDwNUPUuh=w2000-h1118-s-no?authuser=0\" width=\"2000\" height=\"1123\" alt=\"A \u00e1gua espirrou para o alto do c\u00e9u.\" class=\"size-full\" \/><\/a><figcaption class=\"wp-caption-text\">A \u00e1gua espirrou para o alto do c\u00e9u.<\/figcaption><\/figure>\n<h3>Desfile e cortejo de carros de bombeiros<\/h3>\n<p>Foi uma prociss\u00e3o ordenada de membros e ve\u00edculos a servi\u00e7o dos moradores da cidade.<\/p>\n<p>A marcha ser\u00e1 liderada por membros da 1\u00aa e 2\u00aa Divis\u00f5es, e o esquadr\u00e3o de ve\u00edculos incluir\u00e1 o grande caminh\u00e3o-tanque de \u00e1gua &quot;Shiroyu&quot;, o caminh\u00e3o-bomba de inc\u00eandio com tanque de \u00e1gua &quot;Shinryu&quot;, o caminh\u00e3o-bomba de inc\u00eandio CD-II &quot;Senryu&quot;, o caminh\u00e3o-bomba de inc\u00eandio CD-II &quot;Shoryu&quot; e o caminh\u00e3o de carregamento com pequena bomba de pot\u00eancia &quot;Kouryu&quot;.<\/p>\n<figure class=\"wp-caption aligncenter\"><a href=\"https:\/\/photos.google.com\/share\/AF1QipNAOZNqO5stEeHrdAMZAxL--oEFxSnYmDPJy47sd2cqWcS-bG1FLW9z7NoymWU4Jw\/photo\/AF1QipM2jEThqZOnXaW0p9DnhCd75b2i6fMmGQZfW0Y?key=SU42OEp1Z2tDSmF4emZEaEFLNjNnUTJfMy1zT21R\" target=\"_blank\" rel=\"noopener\"><img decoding=\"async\" src=\"https:\/\/lh3.googleusercontent.com\/pw\/AJFCJaV9l34KV6ejvvTfUoYGjno1H0k3dvNVxFub4T9y8j0VQ9r97Nte6WuuA2yZOiXCm3xt6qUwLcWkUEjLlGbAf93guQk4CTGzKksL03pah9peBni_zG5zhUUaEuMd775wunVDdK-jL9aGiHGKYeik5we1=w2000-h1333-s-no?authuser=0\" width=\"2000\" height=\"1333\" alt=\"marcha da divis\u00e3o\" class=\"size-full\" \/><\/a><figcaption class=\"wp-caption-text\">marcha da divis\u00e3o<\/figcaption><\/figure>\n<figure class=\"wp-caption aligncenter\"><a href=\"https:\/\/photos.google.com\/share\/AF1QipNAOZNqO5stEeHrdAMZAxL--oEFxSnYmDPJy47sd2cqWcS-bG1FLW9z7NoymWU4Jw\/photo\/AF1QipNT3GAl_RjcSrxMO-68g5wF6KnSOnop7TpaEXg?key=SU42OEp1Z2tDSmF4emZEaEFLNjNnUTJfMy1zT21R\" target=\"_blank\" rel=\"noopener\"><img decoding=\"async\" src=\"https:\/\/lh3.googleusercontent.com\/pw\/AJFCJaVAW-97O8avAuBcD0a9xqTcEHeu78UXkAbzH-Q1AXQ65-ocY2mD5wh6cC1VAXa-A3aEmj1DDHJMYLy7jL5nlh-L4B6gk0XE2PNW4NncLfi9yRaS_iRGiPpemR-HPothj0MVDLVmowt3hqxsqzW_UkKX=w2000-h1333-s-no?authuser=0\" width=\"2000\" height=\"1333\" alt=\"Comboio de ve\u00edculos\" class=\"size-full\" \/><\/a><figcaption class=\"wp-caption-text\">Comboio de ve\u00edculos<\/figcaption><\/figure>\n<h3>Cerim\u00f4nia de Encerramento<\/h3>\n<h4>Coment\u00e1rios do Superintendente: Sr. Shigeyuki Nakayama, Superintendente<\/h4>\n<figure class=\"wp-caption aligncenter\"><a href=\"https:\/\/photos.google.com\/share\/AF1QipNAOZNqO5stEeHrdAMZAxL--oEFxSnYmDPJy47sd2cqWcS-bG1FLW9z7NoymWU4Jw\/photo\/AF1QipPcZVh5bpQ8upVFfOm-t7FPD_u6iKsWcH0EWP8?key=SU42OEp1Z2tDSmF4emZEaEFLNjNnUTJfMy1zT21R\" target=\"_blank\" rel=\"noopener\"><img decoding=\"async\" src=\"https:\/\/lh3.googleusercontent.com\/pw\/AJFCJaXtM670NfWzdSDIGSBXUtE9ZKk4tLSPwa7j4onHc-0JMhwWOND1bqheSg5lJLESry-ZAdCUqHevgMdtJogCoZFJC_hS225QNMQ8rgZ0KUN1vUUMlH7kBO7gjQcqTcwceF7vxkVQlGf43HDBxloOgy61=w2000-h1333-s-no?authuser=0\" width=\"2000\" height=\"1333\" alt=\"Coment\u00e1rios do Superintendente\" class=\"size-full\" \/><\/a><figcaption class=\"wp-caption-text\">Coment\u00e1rios do Superintendente<\/figcaption><\/figure>\n<p>&quot;Gostaria de expressar minha gratid\u00e3o a todos os membros da unidade por demonstrarem plenamente os resultados de seu treinamento di\u00e1rio, apesar de seus empregos regulares, e por alcan\u00e7arem os resultados esperados neste exerc\u00edcio comemorativo que marca o 110\u00ba anivers\u00e1rio da funda\u00e7\u00e3o do Corpo de Bombeiros de Hokuryu.&quot;<\/p>\n<p>Al\u00e9m disso, acredito que o exerc\u00edcio de hoje foi altamente eficaz para melhorar a aquisi\u00e7\u00e3o de habilidades b\u00e1sicas de prepara\u00e7\u00e3o para desastres por parte dos participantes.<\/p>\n<p>N\u00f3s, membros do corpo de bombeiros, estamos determinados a usar este exerc\u00edcio como uma oportunidade para aprimorar ainda mais nossas habilidades e enfrentar desastres, a fim de atender \u00e0s expectativas de nossos moradores.<\/p>\n<p>Al\u00e9m disso, tr\u00eas mulheres se juntaram ao corpo de bombeiros em 1\u00ba de junho. As integrantes femininas se concentrar\u00e3o em atividades educativas para conscientizar todos os moradores da cidade sobre a preven\u00e7\u00e3o de inc\u00eandios, com o objetivo de tornar a cidade um lugar seguro e livre de desastres.<\/p>\n<p>Por fim, gostaria de expressar minha sincera gratid\u00e3o a todos os convidados que, apesar de suas agendas lotadas, reservaram um tempo para assistir \u00e0 apresenta\u00e7\u00e3o. Gostaria tamb\u00e9m de agradecer aos membros do Clube de Bombeiros Volunt\u00e1rios da Escola Infantil Yawara e da Banda Marcial da Escola Secund\u00e1ria Hokuryu.<\/p>\n<h4>Sauda\u00e7\u00e3o \u00e0 bandeira<\/h4>\n<figure class=\"wp-caption aligncenter\"><a href=\"https:\/\/photos.google.com\/share\/AF1QipNAOZNqO5stEeHrdAMZAxL--oEFxSnYmDPJy47sd2cqWcS-bG1FLW9z7NoymWU4Jw\/photo\/AF1QipMlbfKkSXl_UK-UTQCb7a11N587khjkwKUNn2E?key=SU42OEp1Z2tDSmF4emZEaEFLNjNnUTJfMy1zT21R\" target=\"_blank\" rel=\"noopener\"><img decoding=\"async\" src=\"https:\/\/lh3.googleusercontent.com\/pw\/AJFCJaVgiVbPG6O00kwIKM74kVM86OApPG_cf8hPunrLgNc__IR54kKsyZ2oB6qqG0rLhwt-rBoSy5NXKyD3vhepd-gZOT2rEcS6wjsWF2xsZxyZc94qOy96b7eOFKwx8nIPuxL8zaTUo8ivPKO87crJIpQh=w2000-h1333-s-no?authuser=0\" width=\"2000\" height=\"1333\" alt=\"Sauda\u00e7\u00e3o \u00e0 bandeira\" class=\"size-full\" \/><\/a><figcaption class=\"wp-caption-text\">Sauda\u00e7\u00e3o \u00e0 bandeira<\/figcaption><\/figure>\n<h4>Observa\u00e7\u00f5es finais: Vice-comandante Mitsuya Yamamoto<\/h4>\n<p>&quot;Com isso, encerra-se o simulado de inc\u00eandio em comemora\u00e7\u00e3o ao 110\u00ba anivers\u00e1rio da funda\u00e7\u00e3o do Corpo de Bombeiros Hokuryu.&quot;<\/p>\n<figure class=\"wp-caption aligncenter\"><a href=\"https:\/\/photos.google.com\/share\/AF1QipNAOZNqO5stEeHrdAMZAxL--oEFxSnYmDPJy47sd2cqWcS-bG1FLW9z7NoymWU4Jw\/photo\/AF1QipPIAZUA-mMxIxib6n7Yi376LOb4N5nLyNhIoP4?key=SU42OEp1Z2tDSmF4emZEaEFLNjNnUTJfMy1zT21R\"><img decoding=\"async\" src=\"https:\/\/lh3.googleusercontent.com\/pw\/AJFCJaWIj8becn-KqJIQm4JL8AHakXKQdevTdcJOpOz_jKCnXSNX08Al_6ev76fe1s46aYE9XmX6VgnZDlSt0RosIYuONWJzrqdTDb0MWVV_AZASwE-ZyyGRFqfKBd3W5hU43Dc9szQ0MSNV71upd-JxTUTs=w2000-h1333-s-no?authuser=0\" width=\"2000\" height=\"1333\" alt=\"Considera\u00e7\u00f5es finais\" class=\"size-full\" \/><\/a><figcaption class=\"wp-caption-text\">Considera\u00e7\u00f5es finais<\/figcaption><\/figure>\n<h4>Saudando o Comandante-em-Chefe: Comandante-em-Chefe Takashi Ukai<\/h4>\n<figure class=\"wp-caption aligncenter\"><a href=\"https:\/\/photos.google.com\/share\/AF1QipNAOZNqO5stEeHrdAMZAxL--oEFxSnYmDPJy47sd2cqWcS-bG1FLW9z7NoymWU4Jw\/photo\/AF1QipOVsHtsmJFzPEDmN70jB5ehR2kyqAvsrTL7Mak?key=SU42OEp1Z2tDSmF4emZEaEFLNjNnUTJfMy1zT21R\" target=\"_blank\" rel=\"noopener\"><img decoding=\"async\" src=\"https:\/\/lh3.googleusercontent.com\/pw\/AJFCJaUWw7malBCedm7SeiOxNkK7fIeEhiD5Y1HkZXbX39TWELyyISeYjx2cYSSAsxEx2fa9Uu7ldyuJ52cO9Ach_NDDQwkyZs7SWFHiQFKmkQKOLI5QzwqURH0_0ZGcl_6VIl91i-2pzUQtptkfFTvs8jcE=w2000-h1333-s-no?authuser=0\" width=\"2000\" height=\"1333\" alt=\"Encerramento\" class=\"size-full\" \/><\/a><figcaption class=\"wp-caption-text\">Encerramento<\/figcaption><\/figure>\n<p>Em seguida, uma cerim\u00f4nia comemorativa e uma celebra\u00e7\u00e3o foram realizadas no grande sal\u00e3o do segundo andar do Centro Comunit\u00e1rio da cidade de Hokuryu.<\/p>\n<p>Foi um simulado de inc\u00eandio maravilhoso que demonstrou plenamente os resultados dos esfor\u00e7os incans\u00e1veis do treinamento di\u00e1rio, e enviamos a eles nosso amor, gratid\u00e3o e ora\u00e7\u00f5es infinitos.<\/p>\n<h2>Plano de Exerc\u00edcios de Combate a Inc\u00eandios R5 Hokuryu<\/h2>\n<div class=\"img-move\">\n<div class=\"column column-2\">\n<div class=\"column__item\"><a href=\"https:\/\/portal.hokuryu.info\/wp\/wp-content\/uploads\/2023\/07\/50eed4c385fcdc49e9d8271a9ed1949d.jpg\" target=\"_blank\" rel=\"noopener\"><img decoding=\"async\" src=\"https:\/\/portal.hokuryu.info\/wp\/wp-content\/uploads\/2023\/07\/50eed4c385fcdc49e9d8271a9ed1949d.jpg\" alt=\"Plano de Treinamento de Combate a Inc\u00eandios R5 Hokuryu_1\" width=\"1420\" height=\"2000\" class=\"size-full wp-image-19738\" style=\"border: solid 1px blue;\" \/><\/a><\/div>\n<div class=\"column__item\"><a href=\"https:\/\/portal.hokuryu.info\/wp\/wp-content\/uploads\/2023\/07\/d0db0d21003e223e5357452c76810a2a.jpg\" target=\"_blank\" rel=\"noopener\"><img decoding=\"async\" src=\"https:\/\/portal.hokuryu.info\/wp\/wp-content\/uploads\/2023\/07\/d0db0d21003e223e5357452c76810a2a.jpg\" alt=\"Plano de Treinamento de Combate a Inc\u00eandios R5 Hokuryu_2\" width=\"1436\" height=\"2000\" class=\"size-full wp-image-19739\" style=\"border: solid 1px blue;\" \/><\/a><\/div>\n<\/div>\n<div class=\"column column-2\">\n<div class=\"column__item\"><a href=\"https:\/\/portal.hokuryu.info\/wp\/wp-content\/uploads\/2023\/07\/5a45d6facdb416560f391b3c70e78731.jpg\" target=\"_blank\" rel=\"noopener\"><img decoding=\"async\" src=\"https:\/\/portal.hokuryu.info\/wp\/wp-content\/uploads\/2023\/07\/5a45d6facdb416560f391b3c70e78731.jpg\" alt=\"Plano de Treinamento de Combate a Inc\u00eandios R5 Hokuryu_3\" width=\"1420\" height=\"2000\" class=\"size-full wp-image-19738\" style=\"border: solid 1px blue;\" \/><\/a><\/div>\n<div class=\"column__item\"><a href=\"https:\/\/portal.hokuryu.info\/wp\/wp-content\/uploads\/2023\/07\/49f52d423bccb5566f04f1b6e338f204.jpg\" target=\"_blank\" rel=\"noopener\"><img decoding=\"async\" src=\"https:\/\/portal.hokuryu.info\/wp\/wp-content\/uploads\/2023\/07\/49f52d423bccb5566f04f1b6e338f204.jpg\" alt=\"Plano de Treinamento de Combate a Inc\u00eandios R5 Hokuryu_4\" width=\"1436\" height=\"2000\" class=\"size-full wp-image-19739\" style=\"border: solid 1px blue;\" \/><\/a><\/div>\n<\/div>\n<div class=\"column column-2\">\n<div class=\"column__item\"><a href=\"https:\/\/portal.hokuryu.info\/wp\/wp-content\/uploads\/2023\/07\/a8b903663c5f29775ade668095b6fa50.jpg\" target=\"_blank\" rel=\"noopener\"><img decoding=\"async\" src=\"https:\/\/portal.hokuryu.info\/wp\/wp-content\/uploads\/2023\/07\/a8b903663c5f29775ade668095b6fa50.jpg\" alt=\"Plano de Treinamento de Combate a Inc\u00eandios R5 Hokuryu_5\" width=\"1420\" height=\"2000\" class=\"size-full wp-image-19738\" style=\"border: solid 1px blue;\" \/><\/a><\/div>\n<div class=\"column__item\"><a href=\"https:\/\/portal.hokuryu.info\/wp\/wp-content\/uploads\/2023\/07\/a9f4fd252e45181056fcbf19d82310ce.jpg\" target=\"_blank\" rel=\"noopener\"><img decoding=\"async\" src=\"https:\/\/portal.hokuryu.info\/wp\/wp-content\/uploads\/2023\/07\/a9f4fd252e45181056fcbf19d82310ce.jpg\" alt=\"Plano de Treinamento de Combate a Inc\u00eandios R5 Hokuryu_6\" width=\"1436\" height=\"2000\" class=\"size-full wp-image-19739\" style=\"border: solid 1px blue;\" \/><\/a><\/div>\n<\/div>\n<div class=\"column column-2\">\n<div class=\"column__item\"><a href=\"https:\/\/portal.hokuryu.info\/wp\/wp-content\/uploads\/2023\/07\/8ccb6481e7ac263ebd01404e7a033ad2.jpg\" target=\"_blank\" rel=\"noopener\"><img decoding=\"async\" src=\"https:\/\/portal.hokuryu.info\/wp\/wp-content\/uploads\/2023\/07\/8ccb6481e7ac263ebd01404e7a033ad2.jpg\" alt=\"Plano de Treinamento de Combate a Inc\u00eandios R5 Hokuryu_7\" width=\"1420\" height=\"2000\" class=\"size-full wp-image-19738\" style=\"border: solid 1px blue;\" \/><\/a><\/div>\n<div class=\"column__item\"><a href=\"https:\/\/portal.hokuryu.info\/wp\/wp-content\/uploads\/2023\/07\/cb90d834959574e3b4744849a9778516.jpg\" target=\"_blank\" rel=\"noopener\"><img decoding=\"async\" src=\"https:\/\/portal.hokuryu.info\/wp\/wp-content\/uploads\/2023\/07\/cb90d834959574e3b4744849a9778516.jpg\" alt=\"Plano de Treinamento de Combate a Inc\u00eandios R5 Hokuryu_8\" width=\"1436\" height=\"2000\" class=\"size-full wp-image-19739\" style=\"border: solid 1px blue;\" \/><\/a><\/div>\n<\/div>\n<div class=\"column column-2\">\n<div class=\"column__item\"><a href=\"https:\/\/portal.hokuryu.info\/wp\/wp-content\/uploads\/2023\/07\/f8fb8dcd76aa5b1737a754e55722c96c.jpg\" target=\"_blank\" rel=\"noopener\"><img decoding=\"async\" src=\"https:\/\/portal.hokuryu.info\/wp\/wp-content\/uploads\/2023\/07\/f8fb8dcd76aa5b1737a754e55722c96c.jpg\" alt=\"Plano de Treinamento de Combate a Inc\u00eandios R5 Hokuryu_9\" width=\"1420\" height=\"2000\" class=\"size-full wp-image-19738\" style=\"border: solid 1px blue;\" \/><\/a><\/div>\n<div class=\"column__item\">\u3000<\/div>\n<\/div>\n<\/div>\n<h2>v\u00eddeos do YouTube<\/h2>\n<div class=\"youtube\"><iframe title=\"Comemora\u00e7\u00e3o do 110\u00ba anivers\u00e1rio do Corpo de Bombeiros Hokuryu e do Simulado de Inc\u00eandio Hokuryu 2023\" src=\"https:\/\/www.youtube.com\/embed\/lGrFOlyh3s8?feature=oembed\" frameborder=\"0\" allow=\"accelerometer; autoplay; clipboard-write; encrypted-media; gyroscope; picture-in-picture; web-share\" allowfullscreen><\/iframe><\/div>\n<h2>Outras fotos<\/h2>\n<div class=\"img-move\">\n<img decoding=\"async\" src=\"https:\/\/ehokkaido.net\/wp-content\/uploads\/2021\/12\/2021-12-06-11.41.12.png\" style=\"vertical-align:middle;\"> <a href=\"https:\/\/photos.app.goo.gl\/k1Couzkv55CayAS6A\" target=\"_blank\" rel=\"noopener noreferrer\">Fotos (243 fotos) do evento de comemora\u00e7\u00e3o do 110\u00ba anivers\u00e1rio do Corpo de Bombeiros da cidade de Hokuryu, em 2023, est\u00e3o aqui &gt;&gt;<\/a><\/a><\/div>\n<h2>Artigos relacionados<\/h2>\n\n        <div class=\"site-blogcard-premium\">\n            <div class=\"bc-label-custom\">Artigos relacionados<\/div>\n            <div class=\"bc-flex-container\">\n                <div class=\"bc-main-text\">\n                    <div class=\"bc-title-link-box\">\n                        <a href=\"https:\/\/portal.hokuryu.info\/pt\/34186\/\" target=\"_blank\">https:\/\/portal.hokuryu.info\/34186<\/a>\n                    <\/div>\n                    <div class=\"bc-excerpt-box\">N\u00e3o foi poss\u00edvel recuperar as informa\u00e7\u00f5es da p\u00e1gina.<\/div>\n                <\/div>\n                <div class=\"bc-thumbnail-box\">\n                    <a href=\"https:\/\/portal.hokuryu.info\/pt\/34186\/\" target=\"_blank\">\n                        <div class=\"bc-img-zoom-wrap\">\n                            <img decoding=\"async\" src=\"https:\/\/portal.hokuryu.info\/wp\/wp-content\/uploads\/2026\/02\/20230802DSC06445_1.jpg\" alt=\"https:\/\/portal.hokuryu.info\/34186\">\n                        <\/div>\n                    <\/a>\n                <\/div>\n            <\/div>\n        <\/div>\n\u3000<br \/>\n\n        <div class=\"site-blogcard-premium\">\n            <div class=\"bc-label-custom\">Artigos relacionados<\/div>\n            <div class=\"bc-flex-container\">\n                <div class=\"bc-main-text\">\n                    <div class=\"bc-title-link-box\">\n                        <a href=\"https:\/\/portal.hokuryu.info\/pt\/topics\/culture\/20190723.html\/\" target=\"_blank\">O 71\u00ba Exerc\u00edcio Conjunto de Combate a Inc\u00eandios Kita-Sorachi foi realizado no estacionamento da cidade de Hokuryu, Himawari no Sato - Portal da cidade de Hokuryu (Hokkaido) - a vila de girass\u00f3is n\u00famero 1 do Jap\u00e3o.<\/a>\n                    <\/div>\n                    <div class=\"bc-excerpt-box\">O 71\u00ba Exerc\u00edcio Conjunto de Combate a Inc\u00eandios de Kita-Sorachi foi realizado na sexta-feira, 5 de julho de 2019, \u00e0s 13h, no estacionamento Himawari-no-Sato, na cidade de Hokuryu...<\/div>\n                <\/div>\n                <div class=\"bc-thumbnail-box\">\n                    <a href=\"https:\/\/portal.hokuryu.info\/pt\/topics\/culture\/20190723.html\/\" target=\"_blank\">\n                        <div class=\"bc-img-zoom-wrap\">\n                            <img decoding=\"async\" src=\"https:\/\/lh3.googleusercontent.com\/a-7dFJ9m5Qqrt1a53WvKplpJp3P2Ne8HEQWWHBW3uxkhmGkeQ6H98wf03w-ekJ39r_SRQ3QYEKnaY5xqgSJqXN-vWEw5jST5WVpE6ba3ybQjW2Xjln_ytL_tO6veemzQkgsZGROh5v5n9WDn-DoSUqfcGPro5J_ZPVxhn3oNN4sWjfaSB_NIVd373QspmYZ84zt5o0cB-PZKfD2F70gzAYOFVvOq2LzUL2BJ0W5rPhzSyI1EtDjZ3eaCPcdNgHxYt2CbmHJ8DFUSAT11ZAOH0jv2wIJhkySvVpBfEudGFaXODlp288tj26wq6J0cQ4H5kpx_7O-eYlK4a_9ArD0jzJc9LNxQmfkUY9w3JXpjfQftYDetTk3HX7Gauuf9yqVjNyV2AAKa6umeewVaICTGSgDxe9Nz9JAD2r2GAomIn1b9YHPn9qszrDIr7_Bo_OhH1gTipJRZLs23-Ux0zhktPSoiEM6f-xxQu9QoN8I9-akQ2Xge4L4vkhmSOElr1IbUxk3IvTYVBiF7lXshHn19MWLWcmvA5AwF43kMiGXEnxmLnVjCJlCwHy7hQQvnlfK0EJlW9dO_AHsMGSC7V7faFU9soDqdpxurJTxOMJHF61O4ZWZGrBWyNPGppCcm_BjC18eRM-Tha2mN4LoCBjb6-8l2bxmjpOjcAgwv5HQk8B6G7wyCuNLDzmGo1aRVJLflvEtfOK6FeMBkBLZkcTJxNMoU=w1346-h897-no\" alt=\"O 71\u00ba Exerc\u00edcio Conjunto de Combate a Inc\u00eandios Kita-Sorachi foi realizado no estacionamento da cidade de Hokuryu, Himawari no Sato - Portal da cidade de Hokuryu (Hokkaido) - a vila de girass\u00f3is n\u00famero 1 do Jap\u00e3o.\">\n                        <\/div>\n                    <\/a>\n                <\/div>\n            <\/div>\n        <\/div>\n\n        <div class=\"site-blogcard-premium\">\n            <div class=\"bc-label-custom\">Artigos relacionados<\/div>\n            <div class=\"bc-flex-container\">\n                <div class=\"bc-main-text\">\n                    <div class=\"bc-title-link-box\">\n                        <a href=\"https:\/\/portal.hokuryu.info\/pt\/topics\/culture\/20171031.html\/\" target=\"_blank\">Treinamento conjunto de seguran\u00e7a contra desastres realizado pela sede regional da Pol\u00edcia da Prefeitura de Hokkaido em Asahikawa e pela cidade de Hokuryu (treinamento de evacua\u00e7\u00e3o em caso de chuvas fortes, inunda\u00e7\u00f5es e deslizamentos de terra e treinamento de seguran\u00e7a contra desastres) - Portal da cidade de Hokuryu (Hokkaido) - A vila de girass\u00f3is n\u00famero 1 do Jap\u00e3o<\/a>\n                    <\/div>\n                    <div class=\"bc-excerpt-box\">Na segunda-feira, 30 de outubro, a partir das 9h30, a sede regional da Pol\u00edcia da Prefeitura de Hokkaido em Asahikawa e a cidade de Hokuryu realizar\u00e3o um simulado conjunto de resposta a desastres (chuvas fortes, inunda\u00e7\u00f5es, deslizamentos de terra, etc.).<\/div>\n                <\/div>\n                <div class=\"bc-thumbnail-box\">\n                    <a href=\"https:\/\/portal.hokuryu.info\/pt\/topics\/culture\/20171031.html\/\" target=\"_blank\">\n                        <div class=\"bc-img-zoom-wrap\">\n                            <img decoding=\"async\" src=\"https:\/\/lh3.googleusercontent.com\/LnCbybPuYQ8kykA3o6RDrd6EjrOb5oNT9oMliHJN2VbVSHgMYSod3kg6D3JH1Acm_pnvNQW25GBV94QqGb3jcC10sT0PHpD8M0mEHf-tc4FHZB6mPl7OgZKdPhinRt-1dHA2GDTtwqCClqg1XOMI-RWkh96tEvzhanTKb3MAKwM_9c2k7l2rGW5Djr6fmBo4GWwqfFLBZ7PlM1opOWueuId35tAzRFP_8e2qUPz8LzzQUuV9aCt1eZzoEg4oYLRNUPnW-k_ewzEW2EmIbMFY_IbHkq7WjXm33bneptCy2DNpLjfx-fFB9hnKBqtj7kNz02_oYVechihwUtzH2i1BkwSFfRriFzD3oARmFq1LCzJ6a6KQBQNH_SRU1zi4tVqO759FzYMSSls0NG2XWAWBS2qqGusdyuG0vrPFVDoiB-Vjk7CIRCI0hPCvBOvwOxqt7kYI9GfC85bvRFbo2yuSM5dkeqeb5t7FjV-Wu2d_1voKSrx6zvrf-57L6lSWsPKEtuWspWFPKLuq98iNnAaYqo0YJzPBAxdPtP4KISQw0b6KCYkiD8jTFFUDfNSHZksBZR7ten8zuThkxUaCCFcQislyi5LL-pyjIHies-rpkkU9PMX_R7B0KGsOsukYOkiY4ixNOOVN4b0jOWBBKizjWoPyxPovOPgBtSY=w1370-h914-no\" alt=\"Treinamento conjunto de seguran\u00e7a contra desastres realizado pela sede regional da Pol\u00edcia da Prefeitura de Hokkaido em Asahikawa e pela cidade de Hokuryu (treinamento de evacua\u00e7\u00e3o em caso de chuvas fortes, inunda\u00e7\u00f5es e deslizamentos de terra e treinamento de seguran\u00e7a contra desastres) - Portal da cidade de Hokuryu (Hokkaido) - A vila de girass\u00f3is n\u00famero 1 do Jap\u00e3o\">\n                        <\/div>\n                    <\/a>\n                <\/div>\n            <\/div>\n        <\/div>\n\n        <div class=\"site-blogcard-premium\">\n            <div class=\"bc-label-custom\">Artigos relacionados<\/div>\n            <div class=\"bc-flex-container\">\n                <div class=\"bc-main-text\">\n                    <div class=\"bc-title-link-box\">\n                        <a href=\"https:\/\/portal.hokuryu.info\/pt\/topics\/culture\/20130830.html\/\" target=\"_blank\">Organiza\u00e7\u00f5es relacionadas realizaram em conjunto um treinamento abrangente de seguran\u00e7a em desastres (Quartel-General da Pol\u00edcia da Prefeitura de Hokkaido, Quartel-General Regional de Asahikawa, Associa\u00e7\u00e3o do Corpo de Bombeiros do Distrito de Fukagawa, Cidade de Hokuryu, Cidade de Numata) - Portal da Cidade de Hokuryu (Hokkaido) - A Vila dos Girass\u00f3is n\u00ba 1 do Jap\u00e3o<\/a>\n                    <\/div>\n                    <div class=\"bc-excerpt-box\">Apresentamos o &quot;presente&quot; de uma cidade vibrante com 2.100 habitantes e uma taxa de envelhecimento de 401.000.000. Assim como os girass\u00f3is, as fam\u00edlias vivem em harmonia...<\/div>\n                <\/div>\n                <div class=\"bc-thumbnail-box\">\n                    <a href=\"https:\/\/portal.hokuryu.info\/pt\/topics\/culture\/20130830.html\/\" target=\"_blank\">\n                        <div class=\"bc-img-zoom-wrap\">\n                            <img decoding=\"async\" src=\"https:\/\/lh4.googleusercontent.com\/-sSjyYwrWZ8o\/Uh_AFDGVFnI\/AAAAAAAAx20\/u6A8o3kNT3g\/w433-h378-no\/kunren.jpg\" alt=\"Organiza\u00e7\u00f5es relacionadas realizaram em conjunto um treinamento abrangente de seguran\u00e7a em desastres (Quartel-General da Pol\u00edcia da Prefeitura de Hokkaido, Quartel-General Regional de Asahikawa, Associa\u00e7\u00e3o do Corpo de Bombeiros do Distrito de Fukagawa, Cidade de Hokuryu, Cidade de Numata) - Portal da Cidade de Hokuryu (Hokkaido) - A Vila dos Girass\u00f3is n\u00ba 1 do Jap\u00e3o\">\n                        <\/div>\n                    <\/a>\n                <\/div>\n            <\/div>\n        <\/div>\n\n        <div class=\"site-blogcard-premium\">\n            <div class=\"bc-label-custom\">Artigos relacionados<\/div>\n            <div class=\"bc-flex-container\">\n                <div class=\"bc-main-text\">\n                    <div class=\"bc-title-link-box\">\n                        <a href=\"https:\/\/portal.hokuryu.info\/pt\/topics\/culture\/20130709.html\/\" target=\"_blank\">Cerim\u00f4nia e Premia\u00e7\u00e3o do Centen\u00e1rio do Corpo de Bombeiros de Hokuryu 2013 - Portal da Cidade de Hokuryu (Hokkaido) - A Vila dos Girass\u00f3is n\u00ba 1 do Jap\u00e3o<\/a>\n                    <\/div>\n                    <div class=\"bc-excerpt-box\">Apresentamos o &quot;presente&quot; de uma cidade vibrante com 2.100 habitantes e uma taxa de envelhecimento de 401.000.000. Assim como os girass\u00f3is, as fam\u00edlias vivem em harmonia...<\/div>\n                <\/div>\n                <div class=\"bc-thumbnail-box\">\n                    <a href=\"https:\/\/portal.hokuryu.info\/pt\/topics\/culture\/20130709.html\/\" target=\"_blank\">\n                        <div class=\"bc-img-zoom-wrap\">\n                            <img decoding=\"async\" src=\"https:\/\/lh5.googleusercontent.com\/-FpVozKeIc9w\/UdPvbAvHb0I\/AAAAAAAAtcM\/tbSIaNsP9Io\/w1046-h693-no\/K5+10608\" alt=\"Cerim\u00f4nia e Premia\u00e7\u00e3o do Centen\u00e1rio do Corpo de Bombeiros de Hokuryu 2013 - Portal da Cidade de Hokuryu (Hokkaido) - A Vila dos Girass\u00f3is n\u00ba 1 do Jap\u00e3o\">\n                        <\/div>\n                    <\/a>\n                <\/div>\n            <\/div>\n        <\/div>\n\n        <div class=\"site-blogcard-premium\">\n            <div class=\"bc-label-custom\">Artigos relacionados<\/div>\n            <div class=\"bc-flex-container\">\n                <div class=\"bc-main-text\">\n                    <div class=\"bc-title-link-box\">\n                        <a href=\"https:\/\/portal.hokuryu.info\/pt\/topics\/culture\/20130708.html\/\" target=\"_blank\">Cerim\u00f4nia e Exerc\u00edcio do Centen\u00e1rio do Corpo de Bombeiros de Hokuryu 2013 - Portal da Cidade de Hokuryu (Hokkaido) - A Vila dos Girass\u00f3is n\u00ba 1 do Jap\u00e3o<\/a>\n                    <\/div>\n                    <div class=\"bc-excerpt-box\">Apresentamos o &quot;presente&quot; de uma cidade vibrante com 2.100 habitantes e uma taxa de envelhecimento de 401.000.000. Assim como os girass\u00f3is, as fam\u00edlias vivem em harmonia...<\/div>\n                <\/div>\n                <div class=\"bc-thumbnail-box\">\n                    <a href=\"https:\/\/portal.hokuryu.info\/pt\/topics\/culture\/20130708.html\/\" target=\"_blank\">\n                        <div class=\"bc-img-zoom-wrap\">\n                            <img decoding=\"async\" src=\"https:\/\/lh6.googleusercontent.com\/-rHol1cSBURE\/UdO8_ujtHeI\/AAAAAAAAr8k\/5nDozCTAZbw\/w1024-h678-no\/K5+10063\" alt=\"Cerim\u00f4nia e Exerc\u00edcio do Centen\u00e1rio do Corpo de Bombeiros de Hokuryu 2013 - Portal da Cidade de Hokuryu (Hokkaido) - A Vila dos Girass\u00f3is n\u00ba 1 do Jap\u00e3o\">\n                        <\/div>\n                    <\/a>\n                <\/div>\n            <\/div>\n        <\/div>\n\u3000\u3000<br \/>\n\n        <div class=\"site-blogcard-premium\">\n            <div class=\"bc-label-custom\">Artigos relacionados<\/div>\n            <div class=\"bc-flex-container\">\n                <div class=\"bc-main-text\">\n                    <div class=\"bc-title-link-box\">\n                        <a href=\"http:\/\/www.town.hokuryu.hokkaido.jp\/shobo\/main.html\" target=\"_blank\">Bem-vindos ao Corpo de Bombeiros de Hokuryu<\/a>\n                    <\/div>\n                    <div class=\"bc-excerpt-box\">P\u00e1gina inicial do Corpo de Bombeiros de Hokuryu<\/div>\n                <\/div>\n                <div class=\"bc-thumbnail-box\">\n                    <a href=\"http:\/\/www.town.hokuryu.hokkaido.jp\/shobo\/main.html\" target=\"_blank\">\n                        <div class=\"bc-img-zoom-wrap\">\n                            <img decoding=\"async\" src=\"http:\/\/www.town.hokuryu.hokkaido.jp\/shobo\/get_adobe_reader1.png\" alt=\"Bem-vindos ao Corpo de Bombeiros de Hokuryu\">\n                        <\/div>\n                    <\/a>\n                <\/div>\n            <\/div>\n        <\/div>\n\u3000<\/p>\n<p>\u25c7 Entrevista e texto: Ikuko Terauchi (Fotografia e assist\u00eancia de edi\u00e7\u00e3o: Noboru Terauchi)<\/p>","protected":false},"excerpt":{"rendered":"<p>\uff12\uff10\uff12\uff13\u5e74\uff17\u6708\uff13\u65e5\uff08\u6708\uff09 \uff16\u6708\uff12\uff19\u65e5\uff08\u6728\uff09\uff11\uff13\uff1a\uff15\uff10\u301c\u3001\u5317\u7adc\u6d88\u9632\u56e3\uff08\u4e2d\u5c71\u6210\u5e78 \u56e3\u9577\uff09\u306e\u5275\u7acb\uff11\uff11\uff10\u5468\u5e74\u3092\u8a18\u5ff5\u3057\u3001\u5317\u7adc\u6d88\u9632\u6f14\u7fd2\u304c\u5317\u7adc\u753a\u5f79\u5834\u5317\u99d0\u8eca\u5834\u306b\u3066\u958b\u50ac\u3002\u305d\u306e\u5f8c\uff11\uff16\uff1a\uff10\uff10\u301c\u3001\u8a18\u5ff5\u5f0f\u5178\uff06\u795d\u8cc0\u4f1a\u304c\u5317\u7adc\u753a\u516c\u6c11 [&hellip;]<\/p>\n","protected":false},"author":1,"featured_media":34263,"comment_status":"open","ping_status":"open","sticky":false,"template":"","format":"standard","meta":{"footnotes":""},"categories":[4,29],"tags":[],"class_list":["post-34183","post","type-post","status-publish","format-standard","has-post-thumbnail","hentry","category-cover-story","category-firestation"],"_links":{"self":[{"href":"https:\/\/portal.hokuryu.info\/pt\/wp-json\/wp\/v2\/posts\/34183","targetHints":{"allow":["GET"]}}],"collection":[{"href":"https:\/\/portal.hokuryu.info\/pt\/wp-json\/wp\/v2\/posts"}],"about":[{"href":"https:\/\/portal.hokuryu.info\/pt\/wp-json\/wp\/v2\/types\/post"}],"author":[{"embeddable":true,"href":"https:\/\/portal.hokuryu.info\/pt\/wp-json\/wp\/v2\/users\/1"}],"replies":[{"embeddable":true,"href":"https:\/\/portal.hokuryu.info\/pt\/wp-json\/wp\/v2\/comments?post=34183"}],"version-history":[{"count":0,"href":"https:\/\/portal.hokuryu.info\/pt\/wp-json\/wp\/v2\/posts\/34183\/revisions"}],"wp:featuredmedia":[{"embeddable":true,"href":"https:\/\/portal.hokuryu.info\/pt\/wp-json\/wp\/v2\/media\/34263"}],"wp:attachment":[{"href":"https:\/\/portal.hokuryu.info\/pt\/wp-json\/wp\/v2\/media?parent=34183"}],"wp:term":[{"taxonomy":"category","embeddable":true,"href":"https:\/\/portal.hokuryu.info\/pt\/wp-json\/wp\/v2\/categories?post=34183"},{"taxonomy":"post_tag","embeddable":true,"href":"https:\/\/portal.hokuryu.info\/pt\/wp-json\/wp\/v2\/tags?post=34183"}],"curies":[{"name":"wp","href":"https:\/\/api.w.org\/{rel}","templated":true}]}}