{"id":3412,"date":"2020-07-06T07:02:23","date_gmt":"2020-07-05T22:02:23","guid":{"rendered":"https:\/\/portal.hokuryu.info\/?p=3412"},"modified":"2023-01-27T08:44:31","modified_gmt":"2023-01-26T23:44:31","slug":"post-3412","status":"publish","type":"post","link":"https:\/\/portal.hokuryu.info\/pt\/3412\/","title":{"rendered":"Isao Hoshiba (de Hokuryu, Hokkaido) Uma vida dedicada ao cuidado de pessoas com dem\u00eancia precoce"},"content":{"rendered":"<p>Segunda-feira, 6 de julho de 2020<\/p>\n<p>Na ter\u00e7a-feira, 30 de junho, Isao Hoshiba (81 anos), que atuava como volunt\u00e1rio na revitaliza\u00e7\u00e3o da cidade de Hokuryu, concluiu seu per\u00edodo de tr\u00eas anos de servi\u00e7o. Conversamos com ele sobre suas atividades at\u00e9 o momento, incluindo a Associa\u00e7\u00e3o de Fam\u00edlias com Dem\u00eancia Precoce.<\/p>\n<h2>Atividades de revitaliza\u00e7\u00e3o regional\/atividades nacionais<\/h2>\n<h3>Diversas atividades para revitalizar a comunidade local.<\/h3>\n<p>De 2017 a 2020, Isao Hoshiba trabalhou arduamente como promotor comunit\u00e1rio de dem\u00eancia na cidade de Hokuryu, diretor da ONG Bright Farming, em atividades de apoio ao Centro de Apoio Comunit\u00e1rio e em atividades de apoio ao emprego para pessoas com defici\u00eancia.<\/p>\n<p>Desde que seu mandato como membro da Equipe Regional de Apoio \u00e0 Revitaliza\u00e7\u00e3o terminou em julho de 2020, ele continuou a trabalhar como volunt\u00e1rio, atuando como coordenador de apoio \u00e0 vida na cidade de Hokuryu, diretor da ONG Bright Farming, apoiando atividades no Centro de Apoio Comunit\u00e1rio e em atividades de apoio ao emprego para pessoas com defici\u00eancia.<\/p>\n<h3>Atividades em \u00e2mbito nacional relacionadas \u00e0 dem\u00eancia de in\u00edcio precoce<\/h3>\n<p>Al\u00e9m disso, ele ocupa atualmente v\u00e1rios cargos simult\u00e2neos em T\u00f3quio, incluindo o de consultor da Associa\u00e7\u00e3o Hoshinokai para Fam\u00edlias de Pessoas com Dem\u00eancia de In\u00edcio Precoce (sede: T\u00f3quio), diretor da ONG Centro de Apoio \u00e0 Dem\u00eancia de In\u00edcio Precoce (sede: T\u00f3quio) e diretor da ONG Centro de Bem-Estar Ikiiki (sede: T\u00f3quio). Ele tamb\u00e9m viajou por todo o pa\u00eds para dar palestras.<\/p>\n<p>*&quot;Ikiki*Gakudai&quot; \u00e9 o primeiro centro de apoio no Jap\u00e3o especializado em dem\u00eancia precoce e disfun\u00e7\u00f5es cerebrais superiores, administrado pela ONG Ikiki Welfare Network Center. Oferece programas especializados, adaptados a jovens, ministrados por uma equipe de especialistas em reabilita\u00e7\u00e3o cognitiva.<\/p>\n<h2>A vida de Isao Hoshiba<\/h2>\n<p>Isao Hoshiba conheceu a Associa\u00e7\u00e3o de Fam\u00edlias com Dem\u00eancia de In\u00edcio Precoce (Saisei no Kai) quando sua esposa, Yoshiko, foi diagnosticada com a doen\u00e7a de Pigg aos 60 anos. Desde que se tornou representante da Associa\u00e7\u00e3o de Fam\u00edlias com Dem\u00eancia de In\u00edcio Precoce, Saisei no Kai, em 2006, ele continua a oferecer apoio a pessoas com dem\u00eancia e a estabelecer contato com elas e suas fam\u00edlias. Al\u00e9m disso, enquanto atua como diretor de v\u00e1rias organiza\u00e7\u00f5es em T\u00f3quio, ele tamb\u00e9m se dedica a acolher pessoas com dem\u00eancia de in\u00edcio precoce e suas fam\u00edlias na cidade de Hokuryu, bem como a oferecer apoio na busca de emprego.<\/p>\n<p><center><figure class=\"wp-caption aligncenter\"><a href=\"https:\/\/photos.google.com\/share\/AF1QipOn4ZktycaRv2TILNIWSmy8nx9pfs6_Ahw9jIMQbB69RVK0geViU41GquS2O8a96Q\/photo\/AF1QipMyBMbBSi1BHi39nWUTmvnA6QdyXhxQ_GTOBk8?key=TFY3NWMtX19WSXA5MjBiR2dITXVjWDFqR01SSXlR\" target=\"_blank\" rel=\"noopener noreferrer\"><img decoding=\"async\" src=\"https:\/\/lh3.googleusercontent.com\/pw\/ACtC-3djUHI52LXizNZ0BxSS3Q1sjtVIJvTXhdJC2wX5gI5MOMQUUhXjn90gav8hThuqZ6ZOeRAorLPPfoPZJ8b2dI_8zw8i9oeixvtQlMvIkPKhgOKUKXQ8ttxLZXMKfk1IAbC5LyzP7dHl_RpRBsmBkKPk=w2000-h1332-no?authuser=0\" width=\"1998\" height=\"1332\" alt=\"Isao Hoshiba (81 anos)\" class=\"size-medium\" \/><\/a><figcaption class=\"wp-caption-text\">Isao Hoshiba (81 anos)<\/figcaption><\/figure><\/center><\/p>\n<h3>menino\/adolescente<\/h3>\n<p>Isao Hoshiba, de 81 anos, nasceu em 1939 (Showa 14). Ele \u00e9 natural da cidade de Hokuryu e frequentou a Escola Prim\u00e1ria Shinryu, a Escola Secund\u00e1ria Hokuryu e o Col\u00e9gio Fukagawa Higashi. Durante o ensino m\u00e9dio, morou em um dormit\u00f3rio na cidade de Fukagawa.<\/p>\n<h4>Minha fam\u00edlia tem uma loja de tofu.<\/h4>\n<p>Ele cresceu como o quarto filho de nove irm\u00e3os (seis meninos e tr\u00eas meninas) de seu pai, Hoshiba Rinzo, e sua m\u00e3e, Matsue. Sua fam\u00edlia administrava uma loja de tofu na cidade de Hokuryu, que tamb\u00e9m tinha um ponto de venda do jornal Hokkai Times. Seu pai era funcion\u00e1rio da Companhia Nacional de Ferrovias do Jap\u00e3o (oficial de manuten\u00e7\u00e3o de trilhos) e mais tarde trabalhou no ramo de \u00f4nibus a carv\u00e3o. &quot;A vida era dif\u00edcil, mas desde pequeno, n\u00e3o me lembro de nenhum dos meus irm\u00e3os jamais ter sido repreendido por nossos pais&quot;, diz Hoshiba, falando sobre a grandeza de seu pai.<\/p>\n<h4>Anos do ensino fundamental, m\u00e9dio e secund\u00e1rio<\/h4>\n<p>Ele entregou jornais durante seis anos no ensino fundamental, jogou basquete no ensino m\u00e9dio e gostava de patinar em uma pista de patina\u00e7\u00e3o pr\u00f3xima durante o ensino m\u00e9dio.<\/p>\n<p>Ap\u00f3s se formar no ensino m\u00e9dio, ele planejava ingressar na Escola T\u00e9cnica Ferrovi\u00e1ria Nacional em Ikebukuro, T\u00f3quio, mas antes da cerim\u00f4nia de formatura, sofreu de apendicite e precisou ser submetido a uma cirurgia. Ele n\u00e3o p\u00f4de comparecer \u00e0 cerim\u00f4nia e, devido a uma s\u00e9rie de outras circunst\u00e2ncias, desistiu da matr\u00edcula.<\/p>\n<h3>Era dos atacadistas de quimonos (T\u00f3quio)<\/h3>\n<h4>Aprendiz em uma loja atacadista de quimonos<\/h4>\n<p>Em 1957 (Showa 32), aos 18 anos, mudou-se para T\u00f3quio. Um camarada de guerra do pai de um amigo de seu irm\u00e3o mais velho administrava um atacadista de quimonos em T\u00f3quio e, por meio dessa apresenta\u00e7\u00e3o, ele conseguiu um est\u00e1gio com moradia na Ishikawa Shoten Co., Ltd., um atacadista de quimonos localizado em Kofunacho, Nihonbashi, T\u00f3quio, perto da loja de departamentos Nihonbashi Mitsukoshi. Infelizmente, a empresa faliu em menos de um ano. Ele retornou \u00e0 sua cidade natal por alguns dias, mas logo voltou para T\u00f3quio.<\/p>\n<p>Seu pai sempre lhe dizia: &quot;Voc\u00ea precisa ser paciente e trabalhar em um emprego por tr\u00eas dias, tr\u00eas meses ou tr\u00eas anos&quot;, ent\u00e3o ele seguiu fielmente seu conselho e decidiu voltar para T\u00f3quio e continuar trabalhando no atacadista de quimonos.<\/p>\n<h4>10 anos em uma loja atacadista de quimonos<\/h4>\n<p>A empresa deixou de ser uma sociedade an\u00f4nima e passou a ser uma sociedade limitada, e o n\u00famero de funcion\u00e1rios diminuiu para 10, mas ela continuou existindo. Eu carregava os rolos de tecido na minha scooter e ia visitar meus clientes habituais em Yokohama e Kita-Senju, vendendo os rolos de tecido pessoalmente. Gra\u00e7as a isso, aprendi o trabalho rapidamente e conquistei a simpatia dos meus clientes por 10 anos.<\/p>\n<h4>Casado com Yoshiko<\/h4>\n<p>Em 1960 (Showa 35), aos 21 anos, casou-se com Yoshiko, uma colega mais experiente do mesmo local de trabalho. Come\u00e7aram a vida de casados num quarto de seis tatames num apartamento na cidade de Tsurumi, propriedade de um cliente que os tratava como fam\u00edlia. Yoshiko cuidava da fam\u00edlia sem uma \u00fanica queixa. A primeira filha nasceu em 1962 (Showa 37) e a segunda em 1967 (Showa 42).<\/p>\n<p><center><figure class=\"wp-caption aligncenter\"><a href=\"https:\/\/photos.google.com\/share\/AF1QipOn4ZktycaRv2TILNIWSmy8nx9pfs6_Ahw9jIMQbB69RVK0geViU41GquS2O8a96Q\/photo\/AF1QipMcTNQ88vATp72gfScdiCq2u3W_bGA1H-Paiyw?key=TFY3NWMtX19WSXA5MjBiR2dITXVjWDFqR01SSXlR\"><img decoding=\"async\" src=\"https:\/\/lh3.googleusercontent.com\/pw\/ACtC-3cMh6SHVVA_sTCge4rTZU56eHFlxwkvGrsIXEIpqIfPJ95rS1hKmGbyr5O2pmcSWpfVGHSm3i6gppDCPa9qSUAsJu9UzDYUqWuqzpGUy9Nd4DxF_oUXA2zpU8kYwr0n0XK81ujxrkAvv2q9FU2hx8tC=w2000-h1332-no?authuser=0\" width=\"1998\" height=\"1332\" alt=\"O casal em sua juventude.\" class=\"size-medium\" \/><\/a><figcaption class=\"wp-caption-text\">O casal quando jovem (Foto cedida por Isao Hoshiba)<\/figcaption><\/figure><\/center><\/p>\n<p><center><figure class=\"wp-caption aligncenter\"><a href=\"https:\/\/photos.google.com\/share\/AF1QipOn4ZktycaRv2TILNIWSmy8nx9pfs6_Ahw9jIMQbB69RVK0geViU41GquS2O8a96Q\/photo\/AF1QipNjTaCE-Gw_6zc16YIY7UvTW67LslQ2TXdFc6s?key=TFY3NWMtX19WSXA5MjBiR2dITXVjWDFqR01SSXlR\"><img decoding=\"async\" src=\"https:\/\/lh3.googleusercontent.com\/pw\/ACtC-3fYsk6fVWSTj-DsTKiCRD6V6_-dcxj4RMBEGm_e8WLqPyNXqFOVedeM3hU7azVgO24PUKyAQ2nmO4Buqwg4zmGNhMXLo2cTGAiexKb3kh1dOGaKMoYWm9Y_TdVrOefE15oYWrbX11DfZypWDb3t5FG4=w2000-h1332-no?authuser=0\" width=\"1998\" height=\"1332\" alt=\"Lembran\u00e7as nost\u00e1lgicas de voc\u00eas dois.\" class=\"size-medium\" \/><\/a><figcaption class=\"wp-caption-text\">Lembran\u00e7as nost\u00e1lgicas de voc\u00eas dois.<\/figcaption><\/figure><\/center><\/p>\n<p><center><figure class=\"wp-caption aligncenter\"><a href=\"https:\/\/photos.google.com\/share\/AF1QipOn4ZktycaRv2TILNIWSmy8nx9pfs6_Ahw9jIMQbB69RVK0geViU41GquS2O8a96Q\/photo\/AF1QipNzGrsrvFMSiYF5N4I_dH04zw7P-718QySiors?key=TFY3NWMtX19WSXA5MjBiR2dITXVjWDFqR01SSXlR\"><img decoding=\"async\" src=\"https:\/\/lh3.googleusercontent.com\/pw\/ACtC-3dpWDMPYXV8TBcKcGOWleUqWefFcquqlWcCWVzGwJsQ9JpaptVRWiIZpEWklx_aw69s3L9RdhGJOi-11QHthvZZBHyPXp4h4fRMe1yjs55vAFiXQoQ-xrV4WHTBUm1DXoa98Y4jKtH_nY9BuWliA6s1=w2000-h1332-no?authuser=0\" width=\"1998\" height=\"1332\" alt=\"Com seus netos e familiares!\" class=\"size-medium\" \/><\/a><figcaption class=\"wp-caption-text\">Com seu neto e fam\u00edlia! (Foto cedida por Isao Hoshiba)<\/figcaption><\/figure><\/center><\/p>\n<h3>Tornou-se independente e fundou a Asahi San-ei Co., Ltd.<\/h3>\n<p>Em 1967 (Showa 42), aos 28 anos, tornou-se independente e, em 1968 (Showa 43), fundou a Asahi San-ei Co., Ltd. (Asahigaoka, distrito de Nerima), da qual se tornou presidente. Conseguiu obter um empr\u00e9stimo excepcional de um cliente e at\u00e9 mesmo teve permiss\u00e3o para usar o primeiro andar do apartamento do cliente como escrit\u00f3rio.<\/p>\n<p>Quando comecei a trabalhar, morava no conjunto habitacional p\u00fablico Toyoshikidai, na cidade de Kashiwa, prov\u00edncia de Chiba, e de l\u00e1 fazia o trajeto di\u00e1rio at\u00e9 o bairro de Nerima.<\/p>\n<h4>A Galeria de Quimonos Yawara \u00e9 inaugurada.<\/h4>\n<p>Em 1990 (Showa 65), a Kimono Gallery Yawara foi inaugurada no bairro de Nerima. O im\u00f3vel ocupava um pr\u00e9dio de tr\u00eas andares, sendo o segundo andar utilizado como escrit\u00f3rio da Asahi Sanei Co., Ltd., o terceiro como espa\u00e7o de atacado e o primeiro como espa\u00e7o social e para a Kimono Gallery Yawara. A empresa foi vendida e permanece em atividade at\u00e9 hoje.<\/p>\n<p><center><figure class=\"wp-caption aligncenter\"><a href=\"https:\/\/photos.google.com\/share\/AF1QipOn4ZktycaRv2TILNIWSmy8nx9pfs6_Ahw9jIMQbB69RVK0geViU41GquS2O8a96Q\/photo\/AF1QipPPsGHE-EY-Cmh0fEQy8tbBko5zPF6CVao1Kw8?key=TFY3NWMtX19WSXA5MjBiR2dITXVjWDFqR01SSXlR\" target=\"_blank\" rel=\"noopener noreferrer\"><img decoding=\"async\" src=\"https:\/\/lh3.googleusercontent.com\/pw\/ACtC-3e1EIMXWypVctf6TUex1bZ-EXuxcRVgX1JN1pp8GW2k_gmUVoWlEcX-v-lD1hXwRGtGlndVbIfXzOGYGG-9IBW_88bqMj9Mq0zmF_QUK0RsgS-G2DceefRwpODrVux-JikPfiBP3t9endz8cGR_ptuD=w1249-h874-no?authuser=0\" width=\"1998\" height=\"1332\" alt=\"Galeria Kimono Yawara\" class=\"size-medium\" \/><\/a><figcaption class=\"wp-caption-text\">Galeria de Kimonos Yawara (Foto: Google Maps)<\/figcaption><\/figure><\/center><\/p>\n<h4>Exposi\u00e7\u00e3o de Obras-Primas de Tingimento e Tecelagem<\/h4>\n<p>Em dezembro de 1996, o Museu de Arte de Nerima realizou uma exposi\u00e7\u00e3o de obras de mestres artes\u00e3os de tingimento e tecelagem. A exposi\u00e7\u00e3o apresentou 60 obras desses mestres, incluindo &quot;Amanhecer&quot;, do Tesouro Nacional Vivo Shimura Fukumi. Todas as obras expostas pertenciam \u00e0 cole\u00e7\u00e3o de Isao Hoshiba.<\/p>\n<p><center><figure class=\"wp-caption aligncenter\"><a href=\"https:\/\/photos.google.com\/share\/AF1QipOn4ZktycaRv2TILNIWSmy8nx9pfs6_Ahw9jIMQbB69RVK0geViU41GquS2O8a96Q\/photo\/AF1QipPGT-1xyHwZsDV_xo9kMSDBKJKeJCZ9Fyqgi7M?key=TFY3NWMtX19WSXA5MjBiR2dITXVjWDFqR01SSXlR\" target=\"_blank\" rel=\"noopener noreferrer\"><img decoding=\"async\" src=\"https:\/\/lh3.googleusercontent.com\/pw\/ACtC-3fkhh5A05ca3gpsoernAHFc-g52khHB8_q5XxfJvF0XDI5g2uYuIwNr__Exn2vbb126MYGsqtgTeUJ9WTYf5xHjHVO2IiUwcCirxWRQ6Yp56wDEyXV_jScdXOaSo2Foz4p8igumN-0lTCucOw3opP0K=w598-h897-no?authuser=0\" width=\"414\" alt=\"Exposi\u00e7\u00e3o de Obras-Primas da Cor e dos T\u00eaxteis\" class=\"size-medium\" \/><\/a><figcaption class=\"wp-caption-text\">Exposi\u00e7\u00e3o de Obras-Primas da Cor e dos T\u00eaxteis<\/figcaption><\/figure><\/center><\/p>\n<h3>Encontro com a Terapia Morita &quot;Como Ela \u00c9&quot;<\/h3>\n<p>Desde os 50 anos, Isao Hoshiba sofre de doen\u00e7a card\u00edaca neurol\u00f3gica relacionada ao estresse, causada por excesso de trabalho, e frequenta um hospital universit\u00e1rio em T\u00f3quio h\u00e1 um ano.<\/p>\n<p>Nessa \u00e9poca, um amigo me recomendou um livro sobre terapia natural chamado Terapia Morita &quot;Vivendo como \u00e9&quot;, e quando experimentei essa terapia, meus sintomas melhoraram. Mesmo depois disso, sempre que sentia uma dor repentina no cora\u00e7\u00e3o, eu respirava lenta e profundamente (respira\u00e7\u00e3o abdominal) repetidamente, e a dor naturalmente desaparecia e meus sintomas se acalmavam.<\/p>\n<p>A abordagem &quot;como \u00e9&quot; na terapia Morita significa parar de tentar eliminar a ansiedade e os sintomas e cultivar uma atitude de deixar as coisas como est\u00e3o. O foco principal \u00e9 superar a neurose (transtornos de ansiedade) cultivando uma mentalidade de &quot;como \u00e9&quot;. (Funda\u00e7\u00e3o Memorial Okamoto para a Sa\u00fade Mental, Funda\u00e7\u00e3o de Interesse P\u00fablico Incorporada)<a href=\"https:\/\/www.mental-health.org\/morita.html\" rel=\"noopener noreferrer\" target=\"_blank\">Citado do site<\/a>\uff09<\/p>\n<p>Tsuneo Okamoto, vice-presidente da Nichii Corporation, sofria de neurose, mas a superou por meio da terapia Morita. Com base nessa experi\u00eancia, ele fundou a Mental Okamoto Memorial Foundation, uma funda\u00e7\u00e3o sem fins lucrativos de interesse p\u00fablico, em 1988 (Showa 63), e tornou-se seu presidente.<\/p>\n<p>Tsuneo Okamoto investiu seu pr\u00f3prio dinheiro para fundar a organiza\u00e7\u00e3o nacional &quot;Life Discovery Association&quot;. Atividades de apoio m\u00fatuo para a sa\u00fade mental, baseadas na teoria da psicoterapia de Morita, est\u00e3o sendo realizadas em todo o pa\u00eds.<a href=\"https:\/\/www.mental-health.org\/news_14.html\" rel=\"noopener noreferrer\" target=\"_blank\">P\u00e1gina de refer\u00eancia aqui &gt;&gt;<\/a>\uff09<\/p>\n<p><center><figure class=\"wp-caption aligncenter\"><a href=\"https:\/\/photos.google.com\/share\/AF1QipOn4ZktycaRv2TILNIWSmy8nx9pfs6_Ahw9jIMQbB69RVK0geViU41GquS2O8a96Q\/photo\/AF1QipP7oKh6-20etSzrZwF2UqdCcTSg1_ok3CCsEgM?key=TFY3NWMtX19WSXA5MjBiR2dITXVjWDFqR01SSXlR\" target=\"_blank\" rel=\"noopener noreferrer\"><img decoding=\"async\" src=\"https:\/\/lh3.googleusercontent.com\/pw\/ACtC-3f2NkkVLuxNIyZ5HDwpojpepgXz459OaY8yIFW_l2S1hCofb8RgZVYF7SdPUJzEzy6h4TvfmXktL8F8yFmDIOKxEdYlC1pkqrG_LMqWKp1ndZ3paYncIchUje2WFMs0tDW5JL74nzyMFr3LTFXzTgCT=w2000-h1332-no?authuser=0\" width=\"1998\" height=\"1332\" alt=\"O Sr. Hoshiba interage sinceramente com fam\u00edlias que t\u00eam dem\u00eancia.\" class=\"size-medium\" \/><\/a><figcaption class=\"wp-caption-text\">O Sr. Hoshiba interage sinceramente com fam\u00edlias que t\u00eam dem\u00eancia (Foto cedida pelo Sr. Isao Hoshiba)<\/figcaption><\/figure><\/center><\/p>\n<p>Sua esposa, Yoshiko, continuou trabalhando no atacadista de quimonos at\u00e9 adoecer em 1996 (Heisei 8).<\/p>\n<h2>Isao Hoshiba: Apoio a pessoas com dem\u00eancia de in\u00edcio precoce<\/h2>\n<h3>Sua esposa, Yoshiko, desenvolve a doen\u00e7a de Pick.<\/h3>\n<p>Nasceu em Ryugasaki, prov\u00edncia de Ibaraki em 1937 (Showa 12)<br \/>\nDezembro de 1996 (Heisei 8), aos 59 anos, desenvolveu um dist\u00farbio da fala.<br \/>\nEm janeiro de 1997, um cliente chamou a aten\u00e7\u00e3o para sua linguagem rude no trabalho, e ele foi ao hospital. De ent\u00e3o at\u00e9 dezembro de 1999, ele visitou o hospital uma vez por semana para reabilita\u00e7\u00e3o da fala. Ele tamb\u00e9m visitou outros hospitais universit\u00e1rios uma vez por m\u00eas.<\/p>\n<p>&quot;Durante tr\u00eas anos, at\u00e9 ser diagnosticado com a doen\u00e7a de Pick, eu vivia repreendendo minha esposa, dizendo: &#039;Por que voc\u00ea n\u00e3o consegue fazer isso?&#039;, e me sentia muito mal por isso. Essa experi\u00eancia dolorosa e dif\u00edcil me ajudou a ser mais emp\u00e1tico com os sentimentos das pessoas com quem convivo e a trat\u00e1-las com gentileza em minhas atividades subsequentes&quot;, diz Hoshiba.<\/p>\n<p>Na \u00e9poca, eles foram entrevistados pela NHK sobre dem\u00eancia precoce, e o jornal Asahi Shimbun publicou uma s\u00e9rie de artigos durante uma semana sobre como o casal estava cuidando do pai naquele per\u00edodo.<\/p>\n<p><center><figure class=\"wp-caption aligncenter\"><a href=\"https:\/\/photos.google.com\/share\/AF1QipOn4ZktycaRv2TILNIWSmy8nx9pfs6_Ahw9jIMQbB69RVK0geViU41GquS2O8a96Q\/photo\/AF1QipMqtAWmSwtS-_KkhRB19o5qt67El-XJN4uSVo8?key=TFY3NWMtX19WSXA5MjBiR2dITXVjWDFqR01SSXlR\" target=\"_blank\" rel=\"noopener noreferrer\"><img decoding=\"async\" src=\"https:\/\/lh3.googleusercontent.com\/pw\/ACtC-3elRzIp7MzyhI5F4BAAvttHt_Ig3CdgnQXFxUdvvwo_AvrBUDwQqI2q5QC2J6n4zOwP41JaJWM7mGvYcMlrj9vL3kPedVaRWQB24K6r1euQ-BN7rr3HEm_eH_QnTRzVydkCqjb1Zt4y9Cg6_r--tK_3=w888-h1332-no?authuser=0\" width=\"414\" height=\"1332\" alt=\"Sr. Hoshiba, que cuida de Yoshiko, Josei Seven, agosto de 2005\" class=\"size-medium\" \/><\/a><figcaption class=\"wp-caption-text\">Sr. Hoshiba, que cuida de Yoshiko, Josei Seven, agosto de 2005<\/figcaption><\/figure><\/center><\/p>\n<p>Em dezembro de 1999, ele foi diagnosticado com doen\u00e7a de Pick. Os lobos frontal e temporal do seu c\u00e9rebro estavam atrofiados e ele sofria de afasia. Uma assistente social recomendou que ele fosse transferido para um hospital especializado em psiquiatria.<\/p>\n<p>Em fevereiro de 2000, ele desmaiou na rua devido a uma rigidez muscular e foi hospitalizado no dia seguinte. Ap\u00f3s receber alta, tentou encontrar moradia em diversas institui\u00e7\u00f5es, mas foi rejeitado ao informar que tinha doen\u00e7a de Pick. Em maio do mesmo ano, finalmente conseguiu uma vaga no Musashinoen, um lar para idosos na prov\u00edncia de Saitama.<\/p>\n<p>&quot;Todos nesta institui\u00e7\u00e3o foram muito gentis conosco. Os dias que Yoshiko passou em Musashinoen foram provavelmente os melhores anos de sua vida&quot;, disse o Sr. Hoshiba, expressando sua gratid\u00e3o pela resposta sincera da equipe de Musashinoen.<\/p>\n<p>Ap\u00f3s passar tr\u00eas meses em Musashinoen, ele se mudou para o Lar de Idosos Especializado Oizumi, no bairro de Nerima, em 2001. Desde ent\u00e3o, ele tem sido admitido e liberado repetidamente do lar de idosos e do centro m\u00e9dico.<\/p>\n<p><center><figure class=\"wp-caption aligncenter\"><a href=\"https:\/\/photos.google.com\/share\/AF1QipOn4ZktycaRv2TILNIWSmy8nx9pfs6_Ahw9jIMQbB69RVK0geViU41GquS2O8a96Q\/photo\/AF1QipMMT8KAiFv6JKJupeLelnqXGluOA_vTVj6GXaA?key=TFY3NWMtX19WSXA5MjBiR2dITXVjWDFqR01SSXlR\"><img decoding=\"async\" src=\"https:\/\/lh3.googleusercontent.com\/pw\/ACtC-3eOC4tGnKNewJN9L2bK3Tf5rMJULZOoPPPuH3l_XI9w1vLND63969boOeXaPzycUAjpi9SIxkmdTWA4u6cEKAko5Edd977jIKwh-uueE-PXySblpKSmdQs4dyM65jx02d1HDXpxgx-Kldc4owPFMFWA=w2000-h1332-no?authuser=0\" width=\"1998\" height=\"1332\" alt=\"O Sr. Hoshiba segura a m\u00e3o de Yoshiko enquanto cuida dela.\" class=\"size-medium\" \/><\/a><figcaption class=\"wp-caption-text\">O Sr. Hoshiba segura a m\u00e3o de Yoshiko enquanto cuida dela (Foto cedida por Isao Hoshiba)<\/figcaption><\/figure><\/center><\/p>\n<p><center><figure class=\"wp-caption aligncenter\"><a href=\"https:\/\/photos.google.com\/share\/AF1QipOn4ZktycaRv2TILNIWSmy8nx9pfs6_Ahw9jIMQbB69RVK0geViU41GquS2O8a96Q\/photo\/AF1QipMLlR8iBweEY0-ucv5_JrDGMQFE3grMJtjWFMQ?key=TFY3NWMtX19WSXA5MjBiR2dITXVjWDFqR01SSXlR\"><img decoding=\"async\" src=\"https:\/\/lh3.googleusercontent.com\/pw\/ACtC-3cpWt_JMsE1OQ8DRfT-E9hdwySxmZAwCk1MOQhndWBJAOiQHqFIl8SYb-p7nSusF-hsccDUujStAf1IT1bja9VLwcW8nwvTd66O0xuFx7eQ3i7LbL1cM8QGmY3YL_uMFUirLOs7S1w-7H9wK9ovZD1H=w2000-h1332-no?authuser=0\" width=\"1998\" height=\"1332\" alt=\"Segure seu neto no colo!\" class=\"size-medium\" \/><\/a><figcaption class=\"wp-caption-text\">Segurando seu neto! (Foto cedida por Isao Hoshiba)<\/figcaption><\/figure><\/center><\/p>\n<p>Em 28 de dezembro de 2006, Yoshiko faleceu em paz e foi para o c\u00e9u.<\/p>\n<p>Na \u00e9poca, os m\u00e9dicos acreditavam que a dem\u00eancia era uma doen\u00e7a que s\u00f3 podia ser diagnosticada por meio de aut\u00f3psia. Ent\u00e3o, o Sr. Hoshiba doou o corpo (c\u00e9rebro) de Yoshiko ao centro m\u00e9dico como objeto de pesquisa. Como apenas o c\u00e9rebro seria removido, Yoshiko voltou para casa naquela noite com um semblante sereno e belo.<\/p>\n<h3>Atividades da Associa\u00e7\u00e3o Hoshinokai, uma associa\u00e7\u00e3o familiar para pessoas com dem\u00eancia de in\u00edcio precoce.<\/h3>\n<p>Isao Hoshiba descobriu o Saisei-no-Kai, um grupo de apoio familiar para jovens com dem\u00eancia, depois que sua esposa, Yoshiko, foi diagnosticada com a doen\u00e7a de Pick.<\/p>\n<p>&quot;Quando participei da reuni\u00e3o, percebi que n\u00e3o estava sozinha e as l\u00e1grimas n\u00e3o paravam de cair. Conhecer fam\u00edlias que passaram pela mesma experi\u00eancia me fez perceber como meus horizontes se expandiram. Gra\u00e7as a essa reuni\u00e3o, tive a oportunidade de interagir com outras fam\u00edlias e compartilhar meus pensamentos com elas, o que foi um grande incentivo para mim&quot;, disse Hoshiba.<\/p>\n<p><center><figure class=\"wp-caption alignnone\"><a href=\"https:\/\/photos.google.com\/share\/AF1QipOn4ZktycaRv2TILNIWSmy8nx9pfs6_Ahw9jIMQbB69RVK0geViU41GquS2O8a96Q\/photo\/AF1QipPurUViuyxTRDqL8nibsKFTnff1sE73nkDaTu8?key=TFY3NWMtX19WSXA5MjBiR2dITXVjWDFqR01SSXlR\" target=\"_blank\" rel=\"noopener noreferrer\"><img decoding=\"async\" src=\"https:\/\/lh3.googleusercontent.com\/pw\/ACtC-3cfLdP5HzVnhdmOJGNFmLDraDyMPr2nW03O06EXLOxL___oWRh_g364RiqZx09mR28QnEURYJKWzvkTRo2G58Evd0Kvfd4aVwEeFGwgxGTY37T5IYUPoUFgCV__gkznMqD8AEv3S4oX9U_yo8CBLsdY=w1038-h1332-no?authuser=0\" width=\"414\" alt=\"Um jovem Sr. Hoshiba da revista &quot;Croissant, mar\u00e7o de 2004&quot;\" class=\"size-medium\" \/><\/a><figcaption class=\"wp-caption-text\">Um jovem Sr. Hoshiba da revista &quot;Croissant, mar\u00e7o de 2004&quot;<\/figcaption><\/figure><\/center><\/p>\n<p>A Associa\u00e7\u00e3o para Fam\u00edlias com Dem\u00eancia de In\u00edcio Precoce (ent\u00e3o conhecida como Associa\u00e7\u00e3o para Fam\u00edlias com Dem\u00eancia de In\u00edcio Precoce), Saisei no Kai, foi fundada em setembro de 2001 (Heisei 13) por Kazuo Miyanaga, diretor do Centro de Sa\u00fade Mental da Prefeitura de Gunma. O nome Saisei no Kai foi criado alterando o caractere para &quot;renascimento&quot; (saisei), que significa renascimento, para &quot;saisei&quot;, que significa &quot;estrelas coloridas&quot;, e pretende transmitir a ideia de uma estrela repleta de cores brilhantes.<\/p>\n<p>Em 2004, com a colabora\u00e7\u00e3o da diretora Fumiko Makino e sua equipe, foi inaugurado um escrit\u00f3rio dentro do Centro de Apoio a Cuidadores Aladdin (sede: Roppongi). Diversos eventos eram realizados aos domingos \u00edmpares, incluindo reuni\u00f5es regulares, minipalestras, encontros familiares e confraterniza\u00e7\u00f5es.<br \/>\n\u3000<\/p>\n<h4>Representante designada da Saisei-no-Kai, uma associa\u00e7\u00e3o familiar para pessoas com dem\u00eancia de in\u00edcio precoce.<\/h4>\n<p>Em janeiro de 2006, Isao Hoshiba tornou-se representante da Associa\u00e7\u00e3o Saisei, uma associa\u00e7\u00e3o familiar para pessoas com dem\u00eancia de in\u00edcio precoce. Al\u00e9m de participar de v\u00e1rios comit\u00eas, ele tamb\u00e9m era respons\u00e1vel por lidar com todos os assuntos relacionados \u00e0 m\u00eddia e conceder entrevistas.<\/p>\n<h4>Uma conversa com Ken Watanabe na exibi\u00e7\u00e3o de pr\u00e9-estreia do filme &quot;Memories of Tomorrow&quot;.<\/h4>\n<p>Em maio de 2006, membros do Saisei no Kai foram convidados para uma exibi\u00e7\u00e3o pr\u00e9via do filme &quot;Memories of Tomorrow&quot;, e a conversa deles com o ator Ken Watanabe foi transmitida pela televis\u00e3o. Posteriormente, o evento recebeu ampla cobertura da m\u00eddia, com reportagens na televis\u00e3o, em jornais e revistas.<\/p>\n<figure class=\"wp-caption aligncenter\"><a href=\"https:\/\/photos.google.com\/share\/AF1QipOn4ZktycaRv2TILNIWSmy8nx9pfs6_Ahw9jIMQbB69RVK0geViU41GquS2O8a96Q\/photo\/AF1QipPrOTfNieMmSRPy8KfnKSJbBxZmh-OzI1kO590?key=TFY3NWMtX19WSXA5MjBiR2dITXVjWDFqR01SSXlR\"><img decoding=\"async\" src=\"https:\/\/lh3.googleusercontent.com\/pw\/ACtC-3fE9ZOoTcRCxexoY4OfNj1TONRH8gJf9RRbTg66owcCgwB0sljBWmMj4e3MVL8LELbjeZsGsb02db69-Xh7KYX6wN3Mo6dj3KDu0M02jhWGr4eZVvRpScN_McZKIpvgiao0zFhj1EnwZG1ADBzoQW48=w2000-h1332-no?authuser=0\" width=\"1998\" height=\"1332\" alt=\"Junto com Ken Watanabe e os membros do Kazokukai!!!\" class=\"size-medium\" \/><\/a><figcaption class=\"wp-caption-text\">Junto com Ken Watanabe e outros membros da associa\u00e7\u00e3o familiar!!! (Foto cedida por Isao Hoshiba)<\/figcaption><\/figure>\n<p><center><iframe width=\"560\" height=\"315\" src=\"https:\/\/www.youtube.com\/embed\/5PjjGy9caww\" frameborder=\"0\" allow=\"accelerometer; autoplay; encrypted-media; gyroscope; picture-in-picture\" allowfullscreen><\/iframe><a href=\"https:\/\/youtu.be\/5PjjGy9caww\" rel=\"noopener noreferrer\" target=\"_blank\"><br \/>\nMem\u00f3ria de Amanh\u00e3 (Pr\u00e9via) \u2013 YouTube<\/a><\/center><br \/>\n\u3000<br \/>\nEm mar\u00e7o de 2006, ele se tornou membro do comit\u00ea de pesquisa do Minist\u00e9rio da Sa\u00fade, Trabalho e Bem-Estar sobre o estado atual da dem\u00eancia de in\u00edcio precoce e o estabelecimento de uma infraestrutura de resposta.<br \/>\n\u30fbEm 2008, ele se tornou membro do Subcomit\u00ea de Apoio \u00e0 Dem\u00eancia de In\u00edcio Precoce do Conselho de Promo\u00e7\u00e3o de Medidas de Combate \u00e0 Dem\u00eancia da Regi\u00e3o Metropolitana de T\u00f3quio.<\/p>\n<h3>Cria\u00e7\u00e3o do Centro de Apoio a Jovens com Dem\u00eancia (ONG)<\/h3>\n<p>Em mar\u00e7o de 2007, ele fundou a ONG Young Dementia Support Center e tornou-se seu diretor. Com uma subven\u00e7\u00e3o do Minist\u00e9rio da Sa\u00fade, Trabalho e Bem-Estar Social, acrescentou a fun\u00e7\u00e3o de centro de apoio \u00e0 participa\u00e7\u00e3o social, que iniciou suas atividades em setembro do mesmo ano.<\/p>\n<h4>Associa\u00e7\u00e3o Nacional de Fam\u00edlias de Pessoas com Dem\u00eancia de In\u00edcio Precoce<\/h4>\n<p>Associa\u00e7\u00f5es familiares para pessoas com dem\u00eancia de in\u00edcio precoce foram estabelecidas em todo o pa\u00eds, incluindo a Associa\u00e7\u00e3o Suzaku (Cidade de Nara, Prefeitura de Nara), a Associa\u00e7\u00e3o Aito (Arte) (Cidade de Osaka, Prefeitura de Osaka), a Associa\u00e7\u00e3o Hokkaido Himawari (Cidade de Sapporo, Hokkaido), a Associa\u00e7\u00e3o Familiar de Gunma para Dem\u00eancia de In\u00edcio Precoce (Cidade de Maebashi, Prefeitura de Gunma) e a Associa\u00e7\u00e3o Saisei (Distrito de Shinjuku, T\u00f3quio).<\/p>\n<h2>Mudan\u00e7a de uma fam\u00edlia com dem\u00eancia precoce de T\u00f3quio para a cidade de Hokuryu.<\/h2>\n<h3>Conhecendo a Dra. Kumiko Utsumi no Hospital Municipal de Sunagawa<\/h3>\n<p>Em 2004, foi inaugurada uma cl\u00ednica ambulatorial especializada em perda de mem\u00f3ria no Hospital Municipal de Sunagawa, onde os tr\u00eas departamentos de psiquiatria, neurologia e neurocirurgia trabalham em conjunto, sob a lideran\u00e7a da Dra. Kumiko Utsumi.<\/p>\n<p><center><figure class=\"wp-caption aligncenter\"><a href=\"https:\/\/portal.hokuryu.info\/pt\/topics\/culture\/20150818\/\" target=\"_blank\" rel=\"noopener noreferrer\"><img decoding=\"async\" src=\"https:\/\/lh3.googleusercontent.com\/pw\/ACtC-3dku7GRSu0r1omGKBfzlnEINGqeSelLynJz_4HHarl_lKU7vtbKgZTJ13bIMTd-kTAx2RCOiXttYthvSQ8MLNaCpbJtHndWEbxX-xt5lfPt4Em0gS-23143UUjhwfPGgpfdEQ6YvG8Wt2s3dTw6lQdU=w2000-h1332-no?authuser=0\" width=\"1998\" height=\"1332\" alt=\"[Artigo de destaque do portal da cidade de Hokuryu] Dra.\" class=\"size-medium\" style=\"border:solid 1px blue\"\/><figcaption class=\"wp-caption-text\">[Artigo de destaque do portal da cidade de Hokuryu] Dra.<\/a><\/figcaption><\/figure><\/center><\/p>\n<p>O Sr. Hoshiba conheceu o Dr. Utsumi pela primeira vez em uma palestra em Sapporo, onde discursava ao lado de Miyanaga Kazuo, presidente da Associa\u00e7\u00e3o Nacional de Fam\u00edlias e Apoiadores de Pessoas com Dem\u00eancia de In\u00edcio Precoce. Na palestra, o Dr. Asada Takashi (Professor Em\u00e9rito da Universidade de Tsukuba, um dos maiores especialistas em preven\u00e7\u00e3o e tratamento da dem\u00eancia) fez uma apresenta\u00e7\u00e3o sobre os resultados de diversas pesquisas relacionadas \u00e0 dem\u00eancia de in\u00edcio precoce.<a href=\"https:\/\/www.egaotokokoro.jp\/visit\/00\/id_005.html\" rel=\"noopener noreferrer\" target=\"_blank\">Veja o artigo de refer\u00eancia aqui &gt;&gt;<\/a>\uff09<\/p>\n<p><center><figure class=\"wp-caption aligncenter\"><a href=\"https:\/\/photos.google.com\/share\/AF1QipOn4ZktycaRv2TILNIWSmy8nx9pfs6_Ahw9jIMQbB69RVK0geViU41GquS2O8a96Q\/photo\/AF1QipMXJdT2Y83VNZyBuVIwK8p3EpkabaDSFiIM6F8?key=TFY3NWMtX19WSXA5MjBiR2dITXVjWDFqR01SSXlR\" target=\"_blank\" rel=\"noopener noreferrer\"><img decoding=\"async\" src=\"https:\/\/lh3.googleusercontent.com\/pw\/ACtC-3eUeU06FDaRAgpz-_X1ohVFuUQG-gNQlFx2KCdgVNdXq06TaGalRGMpVWsqRDEPkg2JeiNttO5AEyiKtbIKmhvVdhj0UL8OOLdQn6SAKsxeLM9kW034-EoxHdKcmMbPV4vWOpZdKxjpJS4s5W7YApdv=w2000-h1332-no?authuser=0\" width=\"1998\" height=\"1332\" alt=\"Em uma palestra com o Professor Kazuo Miyanaga\" class=\"size-medium\" \/><\/a><figcaption class=\"wp-caption-text\">Em uma palestra com o Professor Kazuo Miyanaga (Foto cedida por Isao Hoshiba)<\/figcaption><\/figure><\/center><\/p>\n<p><center><figure class=\"wp-caption aligncenter\"><a href=\"https:\/\/portal.hokuryu.info\/pt\/topics\/culture\/20150818\/\" target=\"_blank\" rel=\"noopener noreferrer\"><img decoding=\"async\" src=\"https:\/\/lh3.googleusercontent.com\/pw\/ACtC-3fYz5VJOnmlYrxkCd52Ga2XVYBJavam0nvILf0wHGbFFhUAVLKYvVG1gRDLzQBET9mRetXDb5y77UhGxGzggvgd9dwVfTgItRx9ralPAOI7iGA4zfoUZk-NZPbrqXcncWDj4ucoDk9iC6ww9Q2EXhkS=w2000-h1332-no?authuser=0\" width=\"1998\" height=\"1332\" alt=\"[Artigo em destaque no Portal da Cidade de Hokuryu] Sr. Hoshiba, o palestrante\" class=\"size-medium\" style=\"border:solid 1px blue\" \/><figcaption class=\"wp-caption-text\">[Artigo em destaque no Portal da Cidade de Hokuryu] Sr. Hoshiba, o palestrante<\/a><\/figcaption><\/figure><\/center><\/p>\n<h3>Encontro e despedida com Shinji Nakamura<\/h3>\n<h4>encontro<\/h4>\n<p>O Sr. e a Sra. Nakamura, membros da Associa\u00e7\u00e3o Familiar de T\u00f3quio, Saisei no Kai, foram solicitados pelo representante da associa\u00e7\u00e3o na \u00e9poca a &quot;cuidar da fam\u00edlia Nakamura, pois eles est\u00e3o passando por uma situa\u00e7\u00e3o dif\u00edcil&quot;. Ap\u00f3s diversas conversas com os Nakamuras, o Sr. e a Sra. Nakamura recomendaram que eles se mudassem para a cidade de Hokuryu, em Hokkaido, como forma de mudar de ambiente, e os Nakamuras decidiram se mudar.<\/p>\n<h4>Mudou-se para a cidade de Hokuryu com sua fam\u00edlia.<\/h4>\n<p>Em agosto de 2007 (Heisei 19), Shinji Nakamura (ent\u00e3o com 58 anos), nascido em Osaka, sua esposa Hiroko (ent\u00e3o com 45 anos) e sua fam\u00edlia se mudaram para a cidade de Hokuryu, em Hokkaido.<\/p>\n<p><center><figure class=\"wp-caption aligncenter\"><a href=\"https:\/\/blog.canpan.info\/sohimawari\/monthly\/201005\/2\" target=\"_blank\" rel=\"noopener noreferrer\"><img decoding=\"async\" src=\"https:\/\/lh3.googleusercontent.com\/pw\/ACtC-3dl6zgSD6da97V1HFn_2otrc_grhWpBwvqwhdqcoIZCtsCT1_nLNClS1GZBBo3RAuI0AHMa0rwtHKClAbsjdybqobjhFoV_REF4C2jxxTl-JaCic7Hwj0d7fNF9OQNBgE80eeQ3R4P3THfoj5HC0n8J=w964-h883-no?authuser=0\" width=\"964\" height=\"883\" alt=\"[Blog do Girassol Sorachi] Boletim Informativo do Girassol Sorachi n\u00ba 4, julho de 2009\" class=\"size-medium\" style=\"border:solid 1px blue\"\/><figcaption class=\"wp-caption-text\">[Blog do Girassol Sorachi] Boletim Informativo do Girassol Sorachi n\u00ba 4, julho de 2009<\/a><\/figcaption><\/figure><\/center><\/p>\n<p>Os preparativos para receber pessoas em Hokuryu levaram cerca de um ano. Em novembro do mesmo ano, foi realizada a assembleia geral de funda\u00e7\u00e3o da Associa\u00e7\u00e3o Familiar de Dem\u00eancia Precoce Sorachi Himawari, e a Associa\u00e7\u00e3o Familiar de Dem\u00eancia Precoce foi estabelecida em Hokuryu.<\/p>\n<p>Ap\u00f3s chegar a Hokkaido, ele recebeu tratamento do Dr. Utsumi no Hospital Municipal de Sunagawa e, gradualmente, reduziu a quantidade de medica\u00e7\u00e3o que tomava, at\u00e9 elimin\u00e1-la completamente. Seus sintomas tamb\u00e9m melhoraram gradualmente. Al\u00e9m disso, gra\u00e7as ao cuidado dedicado e atencioso dos membros da Associa\u00e7\u00e3o Sorachi Himawari, uma associa\u00e7\u00e3o familiar para pessoas com dem\u00eancia de in\u00edcio precoce, o Dr. Utsumi afirmou que seu quadro &quot;progrediu milagrosamente de forma lenta&quot;.<\/p>\n<p>As principais atividades da Sorachi Himawari s\u00e3o programas de apoio realizados uma ou duas vezes por semana, incluindo caminhadas, t\u00eanis de mesa, golfe no parque, oficinas de cer\u00e2mica e banhos termais. Os membros se revezam na participa\u00e7\u00e3o como apoiadores e no conv\u00edvio com Shinji. Essas atividades da Sorachi Himawari s\u00e3o divulgadas diariamente em um blog h\u00e1 nove anos.<\/p>\n<h4>At\u00e9 a pr\u00f3xima<\/h4>\n<p>Em 13 de novembro de 2016, Nobuharu Nakamura faleceu e foi para o c\u00e9u. Ele foi diagnosticado com Alzheimer de in\u00edcio precoce h\u00e1 23 anos e se mudou para a cidade de Hokuryu. L\u00e1, foi cuidado pelos membros da Sorachi Himawari e passou nove anos como um milagre. Ainda consigo visualizar o sorriso gentil de Nobuharu.<\/p>\n<p><center><figure class=\"wp-caption aligncenter\"><a href=\"https:\/\/blog.canpan.info\/sohimawari\/daily\/201611\/15\" target=\"_blank\" rel=\"noopener noreferrer\"><img decoding=\"async\" src=\"https:\/\/lh3.googleusercontent.com\/pw\/ACtC-3dr8JFCmPBjPQhj6FBQuM2Xb2eI2BBa-gwzZMhA7oz9P0-d5BG0KnZn-iK6JBIDrSALhMyGGtDlotmxJBEAE12xvhKu1msyTnfN8npfUER0DUU3L-JwVdSpQ9A0f17v9GPu0gHKSid9pSck4fFiIKqC=w664-h897-no?authuser=0\" width=\"964\" height=\"883\" alt=\"[Sorachi Sunflower Blog] Sr. Shinji Nakamura de Sorachi falece\" class=\"size-medium\" style=\"border:solid 1px blue\"\/><figcaption class=\"wp-caption-text\">[Blog Sorachi Sunflower] Shinji Nakamura faleceu<\/a><\/figcaption><\/figure><\/center><\/p>\n<h2>A abordagem de Isao Hoshiba para apoiar pessoas com dem\u00eancia de in\u00edcio precoce.<\/h2>\n<h3>O papel dos la\u00e7os familiares, a sensa\u00e7\u00e3o de seguran\u00e7a e a confian\u00e7a.<\/h3>\n<p>&quot;Quando recebo consultas, a coisa mais importante que fa\u00e7o \u00e9, antes de mais nada, aceitar plenamente as dificuldades que a fam\u00edlia est\u00e1 enfrentando. Mesmo que o que eles digam seja um pouco diferente do que eu digo, n\u00e3o rejeito de imediato, mas aceito dizendo: &#039;\u00c9 verdade&#039;, e ent\u00e3o falo sobre v\u00e1rios exemplos da vida real. Isso d\u00e1 \u00e0 fam\u00edlia uma sensa\u00e7\u00e3o de seguran\u00e7a e confian\u00e7a. \u00c9 dif\u00edcil para a pessoa que recebe a consulta se ela n\u00e3o for capaz de ouvir atentamente o que a outra pessoa est\u00e1 dizendo e aceitar&quot;, diz Hoshiba.<\/p>\n<h4>O cuidado com o paciente e o cuidado com a fam\u00edlia s\u00e3o divididos igualmente, em partes iguais (50% para cada).<\/h4>\n<p>&quot;Quando se tratava de como abord\u00e1vamos a dem\u00eancia de in\u00edcio precoce, inicialmente nos concentr\u00e1vamos em cuidar do indiv\u00edduo. No entanto, por meio de conversas e di\u00e1logos com v\u00e1rios membros da fam\u00edlia, percebemos que cuidar da fam\u00edlia tamb\u00e9m era importante. Desde ent\u00e3o, o equil\u00edbrio entre o cuidado com o indiv\u00edduo e o cuidado com sua fam\u00edlia passou a ser de 50\/50&quot;, diz Hoshiba.<\/p>\n<h3>Problemas enfrentados pelas fam\u00edlias de pessoas com dem\u00eancia de in\u00edcio precoce<\/h3>\n<p>As fam\u00edlias de pessoas com dem\u00eancia de in\u00edcio precoce enfrentam uma s\u00e9rie de problemas, incluindo como notificar seus entes queridos, quest\u00f5es financeiras ap\u00f3s o in\u00edcio da doen\u00e7a, problemas de emprego para o indiv\u00edduo, problemas de abuso decorrentes do aumento do fardo sobre a fam\u00edlia, problemas m\u00e9dicos e fadiga do cuidador.<\/p>\n<h4>A dificuldade em obter a certifica\u00e7\u00e3o para defici\u00eancia grave.<\/h4>\n<p>&quot;O maior problema \u00e9 pagar a hipoteca. Temos trabalhado para conseguir a isen\u00e7\u00e3o de v\u00e1rias maneiras, como usando uma cl\u00e1usula de invalidez grave no seguro de vida, para sermos aprovados para a isen\u00e7\u00e3o dos pagamentos da hipoteca, mas h\u00e1 uma montanha de desafios dif\u00edceis a serem superados antes que possamos tornar isso realidade&quot;, diz Hoshiba, falando sobre a dificuldade de ter a dem\u00eancia de in\u00edcio precoce aprovada como uma defici\u00eancia grave.<\/p>\n<h4>A dificuldade de diagnosticar dem\u00eancia de in\u00edcio precoce<\/h4>\n<p>Pacientes cujos sintomas progridem rapidamente morrem cerca de 10 anos ap\u00f3s o diagn\u00f3stico. O diagn\u00f3stico \u00e9 dif\u00edcil porque os sintomas variam de paciente para paciente, com alguns apresentando progress\u00e3o gradual e outros apresentando transtornos psiqui\u00e1tricos mistos.<\/p>\n<p>Al\u00e9m disso, dependendo do local de trabalho, algumas pessoas podem ser for\u00e7adas a tirar licen\u00e7a ou pedir demiss\u00e3o, e a perda de renda pode levar \u00e0 desestrutura\u00e7\u00e3o de suas fam\u00edlias. Buscando uma vida est\u00e1vel por meio da mudan\u00e7a e do desenvolvimento ambiental, eles propuseram se mudar para Hokkaido. Isso deu origem a uma iniciativa de colabora\u00e7\u00e3o regional que envolver\u00e1 os moradores locais e os ajudar\u00e1 a prosperar.<\/p>\n<h4>Apoio ao emprego para pessoas com dem\u00eancia de in\u00edcio precoce (Minist\u00e9rio da Sa\u00fade, Trabalho e Bem-Estar Social)<\/h4>\n<p>Como os sintomas e a progress\u00e3o da dem\u00eancia de in\u00edcio precoce variam de pessoa para pessoa, programas de apoio ao emprego est\u00e3o sendo implementados por meio de iniciativas como conte\u00fado do trabalho, realoca\u00e7\u00e3o de fun\u00e7\u00f5es e trabalho auxiliar, que s\u00e3o adaptados aos sintomas.<\/p>\n<p>Pacientes jovens com fam\u00edlias precisam de empr\u00e9stimos e recursos para despesas de subsist\u00eancia, portanto, mesmo que sejam diagnosticados, se tiverem que abandonar o trabalho imediatamente e perderem sua renda, ser\u00e1 dif\u00edcil para eles sustentarem suas fam\u00edlias. \u00c9 necess\u00e1rio um trabalho leve, adaptado aos sintomas de pacientes com dem\u00eancia.<\/p>\n<p>Al\u00e9m disso, os sintomas da dem\u00eancia s\u00e3o acompanhados por sintomas mentais, de modo que, mesmo que uma pessoa pare\u00e7a capaz de trabalhar, pode ter dificuldade em continuar ou desistir pouco tempo depois. Mesmo que compreenda o conte\u00fado do seu trabalho, pode subitamente tornar-se incapaz de o compreender, ou ficar emotiva, irritada ou parar de trabalhar.<\/p>\n<p>&quot;Quando se trata de adapta\u00e7\u00e3o ao trabalho, \u00e9 importante que aqueles ao redor da pessoa n\u00e3o a julguem como &#039;incapaz de fazer isso&#039;, mas sim que aqueles que a apoiam &#039;esperem&#039; pacientemente at\u00e9 que a pessoa tenha adquirido uma variedade de experi\u00eancias e entenda que &#039;at\u00e9 certo ponto ela \u00e9 incapaz de fazer isso&#039;&quot;, disse Hoshiba com um profundo sentimento de satisfa\u00e7\u00e3o.<\/p>\n<h2>Cuidados di\u00e1rios de sa\u00fade do Sr. Hoshiba<\/h2>\n<p>Conversamos com Isao Hoshiba sobre seus cuidados com a sa\u00fade por meio de exerc\u00edcios e hobbies que ele pratica h\u00e1 muitos anos. Ele gosta de jogar golfe no parque como exerc\u00edcio e de recitar poesia e praticar dan\u00e7a com espadas como hobbies.<\/p>\n<h3>direito da sa\u00fade<\/h3>\n<p>\u30fbCaminhada: 30 minutos todas as manh\u00e3s, seguida de exerc\u00edcios de calistenia transmitidos pelo r\u00e1dio, organizados pela cidade de Hokuryu.<br \/>\n\u30fbTerapia de calor: Sempre que vou ao Hokuryu Onsen, tomo um banho quente e aplico a \u00e1gua quente nos joelhos, ombros, lombar, bra\u00e7os e tend\u00f5es de Aquiles, finalizando com um banho de \u00e1gua fria para firmar a pele.<br \/>\n\u30fbRespira\u00e7\u00e3o dupla: 10 minutos antes de dormir, 10 minutos depois de acordar<\/p>\n<h3>Pilares do cuidado mental e perspectiva de vida<\/h3>\n<p>Pratica a abordagem &quot;tal como \u00e9&quot; da terapia Morita.<br \/>\n&quot;N\u00e3o negue a outra pessoa, mas aceite a realidade como ela \u00e9. Assim, voc\u00ea come\u00e7ar\u00e1 a perceber os m\u00e9ritos da opini\u00e3o dela. E mesmo durante uma discuss\u00e3o, nunca tire conclus\u00f5es precipitadas. Se chegar a uma conclus\u00e3o, fa\u00e7a-o no dia seguinte. \u00c9 importante refletir cuidadosamente sobre o assunto durante a noite.&quot;<\/p>\n<p>&quot;Independentemente de quem seja a pessoa, n\u00f3s a ouvimos atentamente e, em primeiro lugar, reconhecemos suas preocupa\u00e7\u00f5es. Nunca as descartamos dizendo &#039;isso n\u00e3o est\u00e1 certo&#039;, mas, em vez disso, sugerimos que existem v\u00e1rias maneiras de pensar e lidar com o problema. A atitude de um volunt\u00e1rio que ouve \u00e9 muito importante. Ao ouvir atentamente o que a outra pessoa tem a dizer, ela pode se sentir segura e acolhida&quot;, disse Hoshiba, cujas palavras transmitiram um sentimento sincero.<\/p>\n<p><center><figure class=\"wp-caption aligncenter\"><a href=\"https:\/\/photos.google.com\/share\/AF1QipOn4ZktycaRv2TILNIWSmy8nx9pfs6_Ahw9jIMQbB69RVK0geViU41GquS2O8a96Q\/photo\/AF1QipPR1PhA8wNeXQ4UCn6UdTe2ie4R1kWmgrFnMzw?key=TFY3NWMtX19WSXA5MjBiR2dITXVjWDFqR01SSXlR\" target=\"_blank\" rel=\"noopener noreferrer\"><img decoding=\"async\" src=\"https:\/\/lh3.googleusercontent.com\/pw\/ACtC-3dklB3d2skm7qI05veRzrKgMuIEXM4ve226x5j19LPPuueq8nLkrLDVTb63UQHVZnUlAazx_EzYCrIctY6MJemUYfWlASJgpUuWwhWZrUClR5lViAGOssaS9sCia2A512qyHqW7NamCRZleZl2QwBhk=w2000-h1332-no?authuser=0\" width=\"1998\" height=\"1332\" alt=\"Uma vida de compaix\u00e3o com os membros da Associa\u00e7\u00e3o de Fam\u00edlias com Dem\u00eancia de In\u00edcio Precoce\" class=\"size-medium\" \/><\/a><figcaption class=\"wp-caption-text\">Uma vida de compaix\u00e3o com os membros da Associa\u00e7\u00e3o de Fam\u00edlias com Dem\u00eancia de In\u00edcio Precoce<\/figcaption><\/figure><\/center><\/p>\n<p>Baseando-se na dolorosa experi\u00eancia de sua esposa, Yoshiko, com dem\u00eancia precoce, Isao Hoshiba tem oferecido apoio compassivo e sincero aos afetados e suas fam\u00edlias h\u00e1 quase 20 anos.<\/p>\n<p>Chegamos onde estamos hoje na cidade de Hokuryu gra\u00e7as \u00e0 feliz conex\u00e3o que tivemos com Isao Hoshiba na Associa\u00e7\u00e3o de Fam\u00edlias com Dem\u00eancia de In\u00edcio Precoce.<a href=\"https:\/\/ehokkaido.net\/archives\/1234\" rel=\"noopener noreferrer\" target=\"_blank\">Nosso salvador<\/a>Estou t\u00e3o grata que as palavras n\u00e3o conseguem expressar. Muito obrigada!!!<\/p>\n<p>Com amor, gratid\u00e3o e ora\u00e7\u00f5es infinitas pelas grandes conquistas e esfor\u00e7os de Isao Hoshiba...<br \/>\n\u3000<\/p>\n<h2>Artigos relacionados<\/h2>\n\n        <div class=\"site-blogcard-premium\">\n            <div class=\"bc-label-custom\">Artigos relacionados<\/div>\n            <div class=\"bc-flex-container\">\n                <div class=\"bc-main-text\">\n                    <div class=\"bc-title-link-box\">\n                        <a href=\"https:\/\/portal.hokuryu.info\/pt\/28867\/\" target=\"_blank\">https:\/\/portal.hokuryu.info\/28867<\/a>\n                    <\/div>\n                    <div class=\"bc-excerpt-box\">N\u00e3o foi poss\u00edvel recuperar as informa\u00e7\u00f5es da p\u00e1gina.<\/div>\n                <\/div>\n                <div class=\"bc-thumbnail-box\">\n                    <a href=\"https:\/\/portal.hokuryu.info\/pt\/28867\/\" target=\"_blank\">\n                        <div class=\"bc-img-zoom-wrap\">\n                            <img decoding=\"async\" src=\"https:\/\/portal.hokuryu.info\/wp\/wp-content\/uploads\/2026\/02\/20230802DSC06445_1.jpg\" alt=\"https:\/\/portal.hokuryu.info\/28867\">\n                        <\/div>\n                    <\/a>\n                <\/div>\n            <\/div>\n        <\/div>\n\n        <div class=\"site-blogcard-premium\">\n            <div class=\"bc-label-custom\">Artigos relacionados<\/div>\n            <div class=\"bc-flex-container\">\n                <div class=\"bc-main-text\">\n                    <div class=\"bc-title-link-box\">\n                        <a href=\"https:\/\/portal.hokuryu.info\/pt\/topics\/culture\/20170727.html\/\" target=\"_blank\">Evento de 10\u00ba anivers\u00e1rio da Associa\u00e7\u00e3o de Fam\u00edlias com Dem\u00eancia Precoce de Sorachi Sunflower &quot;F\u00f3rum sobre Dem\u00eancia em Hokuryu&quot; - Portal da Cidade de Hokuryu (Hokkaido), a Vila dos Girass\u00f3is n\u00ba 1 do Jap\u00e3o<\/a>\n                    <\/div>\n                    <div class=\"bc-excerpt-box\">No s\u00e1bado, 22 de julho, como parte das comemora\u00e7\u00f5es do 10\u00ba anivers\u00e1rio da Associa\u00e7\u00e3o Sorachi Himawari para Fam\u00edlias de Pessoas com Dem\u00eancia de In\u00edcio Precoce, ser\u00e1 realizado o &quot;F\u00f3rum sobre Dem\u00eancia em Ho...&quot;.<\/div>\n                <\/div>\n                <div class=\"bc-thumbnail-box\">\n                    <a href=\"https:\/\/portal.hokuryu.info\/pt\/topics\/culture\/20170727.html\/\" target=\"_blank\">\n                        <div class=\"bc-img-zoom-wrap\">\n                            <img decoding=\"async\" src=\"https:\/\/lh3.googleusercontent.com\/rb2UR5BmS7BRd5KgCh71vqSwPTWl9YokOEicuC7mP6xZGh3hKKPuvlk-1QUGeDpeQ-ks8swaqLgwqvK1ndhyu00L4mBgCpK_jxvMTcL_wZ0aUZjrTOZQEWaM2V-HyWUTbtQc3ITx1pr-Vx7qgOb7DP2wNDour1FWGhb5JxkiPlHW8BT1Ds41uHr6AsFK0W8tbE4-PUC-73sdaVQ0_YRxXv4RRVvqIaQnH6uMTAYtg5AD6IJgIFiuFAqey7hXdMpMSuIfZrNpCZdZaUVs_JqeEi47t_mpgK08YZu-b__7MRWOYICOaccYjlxTxUijGCfJsQjaaJx4uXDGRNfWa0AkXaJXlkrSQ7ekw4_S13Vr-XJDGn9cMWa875fEvZYITdQaqwxSajExbW5e2gjvX1-8ysvZfrV5uFGZkmAFzPV6KwresfrO24HwbGg7BHqhK_lD9FW9WY-NvpZ61ltkGmau1RzXrc1OvEW2IDFQADo8XyVioOXmOxfQAz96xt_fBSosYW-8LaruL9ZayLZHQnQmmrpOPmww4tDMNJtWqLn49yjmevv9QIHLr6H_MngpM3ktd81pZ8rk93cv4hpl1hWvO09I3KmfdW-lS5UPARnNSWWOD6YKgIXx2P9fu7zEOIqyMDBZ9pWwVOjUwKO4t-uW8MODPA-yADAMo_upr6LWgNx7Qw=w1441-h960-no\" alt=\"Evento de 10\u00ba anivers\u00e1rio da Associa\u00e7\u00e3o de Fam\u00edlias com Dem\u00eancia Precoce de Sorachi Sunflower &quot;F\u00f3rum sobre Dem\u00eancia em Hokuryu&quot; - Portal da Cidade de Hokuryu (Hokkaido), a Vila dos Girass\u00f3is n\u00ba 1 do Jap\u00e3o\">\n                        <\/div>\n                    <\/a>\n                <\/div>\n            <\/div>\n        <\/div>\n\n        <div class=\"site-blogcard-premium\">\n            <div class=\"bc-label-custom\">Artigos relacionados<\/div>\n            <div class=\"bc-flex-container\">\n                <div class=\"bc-main-text\">\n                    <div class=\"bc-title-link-box\">\n                        <a href=\"https:\/\/portal.hokuryu.info\/pt\/topics\/culture\/20150818.html\/\" target=\"_blank\">F\u00f3rum sobre Dem\u00eancia em Hokuryu 2015 (Cidade de Hokuryu) Desenvolvimento Comunit\u00e1rio de Apoio M\u00fatuo - Portal da Cidade de Hokuryu (Hokkaido) Vila de Girass\u00f3is n\u00ba 1 do Jap\u00e3o<\/a>\n                    <\/div>\n                    <div class=\"bc-excerpt-box\">Uma paisagem japonesa de tirar o f\u00f4lego: a &quot;Vila dos Girass\u00f3is&quot; na cidade de Hokuryu, Hokkaido. Um ponto tur\u00edstico popular em Hokkaido. Visite pelo menos uma vez. (Sommelier de Arroz...).<\/div>\n                <\/div>\n                <div class=\"bc-thumbnail-box\">\n                    <a href=\"https:\/\/portal.hokuryu.info\/pt\/topics\/culture\/20150818.html\/\" target=\"_blank\">\n                        <div class=\"bc-img-zoom-wrap\">\n                            <img decoding=\"async\" src=\"https:\/\/lh6.googleusercontent.com\/-Ouy07yqS-lc\/VcwMETMu7vI\/AAAAAAAB-Pg\/v9vDN80WeIs\/w1275-h850-no\/20150808_DSC8586.jpg\" alt=\"F\u00f3rum sobre Dem\u00eancia em Hokuryu 2015 (Cidade de Hokuryu) Desenvolvimento Comunit\u00e1rio de Apoio M\u00fatuo - Portal da Cidade de Hokuryu (Hokkaido) Vila de Girass\u00f3is n\u00ba 1 do Jap\u00e3o\">\n                        <\/div>\n                    <\/a>\n                <\/div>\n            <\/div>\n        <\/div>\n\n        <div class=\"site-blogcard-premium\">\n            <div class=\"bc-label-custom\">Artigos relacionados<\/div>\n            <div class=\"bc-flex-container\">\n                <div class=\"bc-main-text\">\n                    <div class=\"bc-title-link-box\">\n                        <a href=\"https:\/\/portal.hokuryu.info\/pt\/informations\/20150224.html\/\" target=\"_blank\">(Aviso) Ter\u00e7a-feira, 24 de fevereiro, 20h ~ Isao Hoshiba (representante da Sorachi Himawari, uma associa\u00e7\u00e3o familiar para dem\u00eancia de in\u00edcio precoce) estar\u00e1 ao vivo no BS Fuji LIVE Prime News! - Portal da Cidade de Hokuryu (Hokkaido) - A Vila dos Girass\u00f3is n\u00ba 1 do Jap\u00e3o<\/a>\n                    <\/div>\n                    <div class=\"bc-excerpt-box\">Apresentamos o &quot;presente&quot; de uma cidade vibrante com 2.100 habitantes e uma taxa de envelhecimento de 401.000.000. Assim como os girass\u00f3is, as fam\u00edlias vivem em harmonia...<\/div>\n                <\/div>\n                <div class=\"bc-thumbnail-box\">\n                    <a href=\"https:\/\/portal.hokuryu.info\/pt\/informations\/20150224.html\/\" target=\"_blank\">\n                        <div class=\"bc-img-zoom-wrap\">\n                            <img decoding=\"async\" src=\"https:\/\/lh3.googleusercontent.com\/q7AbC9gpNh6e0ijR1dTTcOn4XanrynZzt3T4n2N9Gas=w341-h219-p-no\" alt=\"(Aviso) Ter\u00e7a-feira, 24 de fevereiro, 20h ~ Isao Hoshiba (representante da Sorachi Himawari, uma associa\u00e7\u00e3o familiar para dem\u00eancia de in\u00edcio precoce) estar\u00e1 ao vivo no BS Fuji LIVE Prime News! - Portal da Cidade de Hokuryu (Hokkaido) - A Vila dos Girass\u00f3is n\u00ba 1 do Jap\u00e3o\">\n                        <\/div>\n                    <\/a>\n                <\/div>\n            <\/div>\n        <\/div>\n\n        <div class=\"site-blogcard-premium\">\n            <div class=\"bc-label-custom\">Artigos relacionados<\/div>\n            <div class=\"bc-flex-container\">\n                <div class=\"bc-main-text\">\n                    <div class=\"bc-title-link-box\">\n                        <a href=\"https:\/\/ehokkaido.net\/archives\/1234\" target=\"_blank\">https:\/\/ehokkaido.net\/archives\/1234<\/a>\n                    <\/div>\n                    <div class=\"bc-excerpt-box\">N\u00e3o foi poss\u00edvel recuperar as informa\u00e7\u00f5es da p\u00e1gina.<\/div>\n                <\/div>\n                <div class=\"bc-thumbnail-box\">\n                    <a href=\"https:\/\/ehokkaido.net\/archives\/1234\" target=\"_blank\">\n                        <div class=\"bc-img-zoom-wrap\">\n                            <img decoding=\"async\" src=\"https:\/\/portal.hokuryu.info\/wp\/wp-content\/uploads\/2026\/02\/20230802DSC06445_1.jpg\" alt=\"https:\/\/ehokkaido.net\/archives\/1234\">\n                        <\/div>\n                    <\/a>\n                <\/div>\n            <\/div>\n        <\/div>\n\u3000<\/p>\n<p>\u25c7 Fotografia e edi\u00e7\u00e3o: Noboru Terauchi Entrevista e texto: Ikuko Terauchi<\/p>","protected":false},"excerpt":{"rendered":"<p>\uff12\uff10\uff12\uff10\u5e74\uff17\u6708\uff16\u65e5\uff08\u6708\uff09 \uff16\u6708\uff13\uff10\u65e5\uff08\u706b\uff09\u3001\u5317\u7adc\u753a\u306e\u5730\u57df\u304a\u3053\u3057\u5354\u529b\u968a\u54e1\u3068\u3057\u3066\u3054\u6d3b\u8e8d\u3055\u308c\u305f\u5e72\u5834\u529f\u6c0f\uff08\u307b\u3057\u3070 \u3044\u3055\u304a\u30fb\uff18\uff11\u6b73\uff09\u306e\uff13\u5e74\u9593\u306e\u4efb\u52d9\u304c\u7d42\u4e86\u3057\u307e\u3057\u305f\u3002\u3053\u308c\u307e\u3067\u306e\u82e5\u5e74\u6027\u8a8d\u77e5\u75c7\u5bb6\u65cf\u4f1a\u7b49\u306e\u6d3b\u52d5\u306b\u3064\u3044\u3066\u306e\u304a [&hellip;]<\/p>\n","protected":false},"author":1,"featured_media":3413,"comment_status":"open","ping_status":"open","sticky":false,"template":"","format":"standard","meta":{"footnotes":""},"categories":[4],"tags":[],"class_list":["post-3412","post","type-post","status-publish","format-standard","has-post-thumbnail","hentry","category-cover-story"],"_links":{"self":[{"href":"https:\/\/portal.hokuryu.info\/pt\/wp-json\/wp\/v2\/posts\/3412","targetHints":{"allow":["GET"]}}],"collection":[{"href":"https:\/\/portal.hokuryu.info\/pt\/wp-json\/wp\/v2\/posts"}],"about":[{"href":"https:\/\/portal.hokuryu.info\/pt\/wp-json\/wp\/v2\/types\/post"}],"author":[{"embeddable":true,"href":"https:\/\/portal.hokuryu.info\/pt\/wp-json\/wp\/v2\/users\/1"}],"replies":[{"embeddable":true,"href":"https:\/\/portal.hokuryu.info\/pt\/wp-json\/wp\/v2\/comments?post=3412"}],"version-history":[{"count":0,"href":"https:\/\/portal.hokuryu.info\/pt\/wp-json\/wp\/v2\/posts\/3412\/revisions"}],"wp:featuredmedia":[{"embeddable":true,"href":"https:\/\/portal.hokuryu.info\/pt\/wp-json\/wp\/v2\/media\/3413"}],"wp:attachment":[{"href":"https:\/\/portal.hokuryu.info\/pt\/wp-json\/wp\/v2\/media?parent=3412"}],"wp:term":[{"taxonomy":"category","embeddable":true,"href":"https:\/\/portal.hokuryu.info\/pt\/wp-json\/wp\/v2\/categories?post=3412"},{"taxonomy":"post_tag","embeddable":true,"href":"https:\/\/portal.hokuryu.info\/pt\/wp-json\/wp\/v2\/tags?post=3412"}],"curies":[{"name":"wp","href":"https:\/\/api.w.org\/{rel}","templated":true}]}}