{"id":3277,"date":"2020-06-25T13:32:06","date_gmt":"2020-06-25T04:32:06","guid":{"rendered":"https:\/\/portal.hokuryu.info\/?p=3277"},"modified":"2023-05-16T20:22:03","modified_gmt":"2023-05-16T11:22:03","slug":"post-3277","status":"publish","type":"post","link":"https:\/\/portal.hokuryu.info\/pt\/3277\/","title":{"rendered":"O ex-ministro da Agricultura, Florestas e Pescas, Masahiko Yamada, e o diretor de cinema Masaki Haramura visitam a cidade de Hokuryu para as filmagens do filme &quot;De Quem S\u00e3o as Sementes?&quot; e para as grava\u00e7\u00f5es externas do document\u00e1rio, al\u00e9m de participarem da visita da Associa\u00e7\u00e3o Cooperativa Comercial de Kurosengoku."},"content":{"rendered":"<p>Quinta-feira, 25 de junho de 2020<\/p>\n<p>No domingo, 21 de junho, e na segunda-feira, 22 de junho, foram realizadas filmagens externas para um document\u00e1rio na cidade de Hokuryu, conduzidas por Masahiko Yamada (ex-ministro da Agricultura, Florestas e Pescas, advogado e consultor da Associa\u00e7\u00e3o para a Prote\u00e7\u00e3o de Sementes Japonesas) e pelo diretor de cinema Masaki Haramura. O filme aborda o tema &quot;Sementes e Seguran\u00e7a Alimentar&quot;.<\/p>\n<p>O Sr. Yamada, o Diretor Haramura e sua comitiva chegaram a Hokkaido na sexta-feira, 19 de junho, visitando locais como a &quot;Zi Beef&quot;, uma fazenda de gado de pasto na cidade de Samani, e a &quot;Toma Green Life Co., Ltd.&quot;, uma empresa de produ\u00e7\u00e3o agr\u00edcola que opera uma fazenda org\u00e2nica em grande escala na cidade de Toma, antes de visitarem a cidade de Hokuryu em seu \u00faltimo dia. No domingo, 21 de junho, realizaram uma reuni\u00e3o de discuss\u00e3o sobre o tema &quot;Sementes e Mudas&quot; e, na manh\u00e3 seguinte, segunda-feira, 22 de junho, gravaram uma entrevista em um campo de soja em Kurosengoku.<\/p>\n<h2>Sobre a Lei das Sementes e a Lei das Mudas<\/h2>\n<h3>m\u00e9todo de sementes<\/h3>\n<p>A Lei de Sementes (Lei de Sementes das Principais Culturas Agr\u00edcolas) \u00e9 uma lei japonesa (Lei n\u00ba 131) promulgada em 1\u00ba de maio de 1952 (Showa 27). O objetivo desta lei \u00e9 que o governo administre a produ\u00e7\u00e3o de sementes para as principais culturas agr\u00edcolas (arroz, soja, trigo, etc.) e realize inspe\u00e7\u00f5es de campo e outras medidas.<\/p>\n<h3>Aboli\u00e7\u00e3o da Lei das Sementes<\/h3>\n<p>A Lei de Sementes ser\u00e1 revogada em 1\u00ba de abril de 2018. As diretrizes uniformes do governo nacional para as prefeituras ser\u00e3o abolidas, e a autoridade para promover variedades ser\u00e1 delegada a cada governo local, como cidades, vilas e aldeias. A decis\u00e3o de revogar a Lei foi tomada em conson\u00e2ncia com o objetivo de fortalecer a competitividade da agricultura por meio da participa\u00e7\u00e3o do setor privado.<\/p>\n<p>A produ\u00e7\u00e3o de sementes, um bem regional compartilhado, ser\u00e1 confiada ao setor privado, o que gera preocupa\u00e7\u00f5es de que isso possa levar a uma disparada nos pre\u00e7os devido ao monop\u00f3lio de sementes por corpora\u00e7\u00f5es multinacionais e ao dom\u00ednio do mercado de sementes japon\u00eas por empresas privadas.<\/p>\n<h3>M\u00e9todo da semente<\/h3>\n<p>A Lei de Sementes e Mudas \u00e9 uma lei japonesa promulgada em 29 de maio de 1998, que prev\u00ea a prote\u00e7\u00e3o dos direitos relativos \u00e0 cria\u00e7\u00e3o de novas variedades de plantas. Ela estipula que qualquer pessoa que crie uma nova variedade de planta pode obter o direito exclusivo de cultiv\u00e1-la mediante o registro da mesma.<\/p>\n<h3>Propostas de altera\u00e7\u00f5es \u00e0 Lei de Sementes e Mudas: Dois pontos principais<\/h3>\n<p>1. Restringir a exporta\u00e7\u00e3o de sementes para o exterior e restringir o cultivo fora de \u00e1reas espec\u00edficas.<br \/>\n2. Implementa\u00e7\u00e3o de um sistema de licenciamento para a autopropaga\u00e7\u00e3o de variedades registradas.<\/p>\n<p>Observe que apenas as variedades registradas est\u00e3o sujeitas a um sistema de licenciamento para autopropaga\u00e7\u00e3o; esp\u00e9cies nativas, variedades comuns e variedades n\u00e3o registradas n\u00e3o exigem solicita\u00e7\u00e3o de licen\u00e7a e n\u00e3o h\u00e1 restri\u00e7\u00f5es \u00e0 autopropaga\u00e7\u00e3o.<br \/>\n(Refer\u00eancias:<a href=\"https:\/\/www.maff.go.jp\/j\/shokusan\/shubyoho.html\" target=\"_blank\" rel=\"noopener noreferrer\">Site do Minist\u00e9rio da Agricultura, Florestas e Pescas: Projeto de lei para alterar a Lei de Sementes e Mudas<\/a>\uff09<\/p>\n<h4>Projeto de lei de emenda \u00e0 Lei de Sementes e Mudas deve ser adiado (Japan Agricultural News, 21 de maio de 2020)<\/h4>\n<p>Prev\u00ea-se que o projeto de lei para alterar a Lei de Sementes e Mudas n\u00e3o seja aprovado na atual sess\u00e3o parlamentar.<br \/>\n(Refer\u00eancias:<a href=\"https:\/\/www.agrinews.co.jp\/p50846.html\" target=\"_blank\" rel=\"noopener noreferrer\">Not\u00edcias Agr\u00edcolas do Jap\u00e3o: Altera\u00e7\u00e3o da Lei de Sementes e Mudas adiada; interesses dos agricultores devem ser priorizados.<\/a>\uff09<\/p>\n<h2>confer\u00eancia<\/h2>\n<p>Na noite de domingo, 21 de junho, foi realizada uma reuni\u00e3o de discuss\u00e3o no Sunflower Park Hokuryu Onsen com o Sr. Yamada, o Superintendente da Vila Hara e outras partes relevantes, juntamente com o Prefeito Sano Yutaka, o Gerente da Filial Hokuryu da JA Kitasorachi, diretores da Cooperativa Comercial Kurosengoku e autoridades da cidade de Hokuryu.<\/p>\n<figure class=\"wp-caption aligncenter\"><a href=\"https:\/\/photos.google.com\/share\/AF1QipMbTD3bknYfxG30wntrgaoLYZpMqZYv6hbGv0HhC6hSRdEnRzYk0YNB5UibQ2oQ_A\/photo\/AF1QipO04etJZtRHFLe7lBP8XkYGPxzzKNB0oU_cDnY?key=dUhLWEFzSDktX3g5dHpGMGNrTGtqc3pWeDVNUUpn\" target=\"_blank\" rel=\"noopener noreferrer\"><img decoding=\"async\" class=\"size-medium\" src=\"https:\/\/lh3.googleusercontent.com\/pw\/ACtC-3eJ2KNNtrKF8btzr5jMAAXczloGWq4lZikSzPHXHZfNLfR5gKUicjZ-HtdMHT7pxQVgsdBVNilfwv5SaZc5eZwsyw26FE-9J0p04DqdW9dcYyRxVlYc1_AM22MIe7_rkilq1rq9O5nEitRzK_Xuj92Q=w2000-h1332-no?authuser=0\" alt=\"Um debate com Masahiko Yamada (ex-Ministro da Agricultura, Florestas e Pescas) e o cineasta Masaki Haramura.\" width=\"1998\" height=\"1332\" \/><\/a><figcaption class=\"wp-caption-text\">Um debate com Masahiko Yamada (ex-Ministro da Agricultura, Florestas e Pescas) e o cineasta Masaki Haramura.<\/figcaption><\/figure>\n<p>\ufffc<\/p>\n<figure class=\"wp-caption aligncenter\"><a href=\"https:\/\/photos.google.com\/share\/AF1QipMbTD3bknYfxG30wntrgaoLYZpMqZYv6hbGv0HhC6hSRdEnRzYk0YNB5UibQ2oQ_A\/photo\/AF1QipMMjxMQGh1AFROzav41XWtORNGVl2bI-J0P7qc?key=dUhLWEFzSDktX3g5dHpGMGNrTGtqc3pWeDVNUUpn\" target=\"_blank\" rel=\"noopener noreferrer\"><img decoding=\"async\" class=\"size-medium\" src=\"https:\/\/lh3.googleusercontent.com\/pw\/ACtC-3cK2hIQxqoRTfy7A6WTet_bOM7peHvhQ4LozoKzWXbgGg799aThrgS3yZAYO-_hj1spGFH7yuG4A03jcCiLFMKxoNdiUzXDCpQ7cyiGd6sJIEuugvshtzQk9Kr68irZQDqSzlKrhYM_j8UTw73lbfvi=w2000-h1332-no?authuser=0\" alt=\"Cena da reuni\u00e3o\" width=\"1998\" height=\"1332\" \/><\/a><figcaption class=\"wp-caption-text\">Cena da reuni\u00e3o<\/figcaption><\/figure>\n<h3>O Sr. Yamada, o Sr. Haramura e sua equipe.<\/h3>\n<p>- Masahiko Yamada (ex-Ministro da Agricultura, Florestas e Pescas, consultor da Associa\u00e7\u00e3o para a Prote\u00e7\u00e3o de Sementes Japonesas, advogado), Masaki Haramura (diretor de document\u00e1rios), Namie Endo (secret\u00e1ria de Yamada), Mamoru Segawa (CEO da Toma Green Life, uma empresa de produ\u00e7\u00e3o agr\u00edcola), Masayuki Nagasaka (agricultor org\u00e2nico), Yoshimi Takashima (comunicadora comunit\u00e1ria)<\/p>\n<figure class=\"wp-caption aligncenter\"><a href=\"https:\/\/photos.google.com\/share\/AF1QipMbTD3bknYfxG30wntrgaoLYZpMqZYv6hbGv0HhC6hSRdEnRzYk0YNB5UibQ2oQ_A\/photo\/AF1QipOZmsUq7rvSep-1HdVu2J8iCNNeS_3SZ0T9_xY?key=dUhLWEFzSDktX3g5dHpGMGNrTGtqc3pWeDVNUUpn\" target=\"_blank\" rel=\"noopener noreferrer\"><img decoding=\"async\" class=\"size-medium\" src=\"https:\/\/lh3.googleusercontent.com\/pw\/ACtC-3egF2d8sba1Q4dsBaa9iQASaC3xFskB8SAhJc481qhktwrlpVsaN09Q2-bEZnrJm1FcyPj3NqyddE8Xsk_MMu8FOxT47hAk71uyxWo2m2OsEqG05gdbWxrjUKXhS48CsHdHk9ZvnnX4xtWiwyD4ljR9=w2000-h1332-no?authuser=0\" alt=\"Prezados participantes,\" width=\"1998\" height=\"1332\" \/><\/a><figcaption class=\"wp-caption-text\">Prezados participantes,<\/figcaption><\/figure>\n<h4>Masahiko Yamada (ex-ministro da Agricultura, Florestas e Pescas, consultor da Associa\u00e7\u00e3o para a Prote\u00e7\u00e3o de Sementes Japonesas e advogado)<\/h4>\n<figure class=\"wp-caption aligncenter\"><a href=\"https:\/\/photos.google.com\/share\/AF1QipMbTD3bknYfxG30wntrgaoLYZpMqZYv6hbGv0HhC6hSRdEnRzYk0YNB5UibQ2oQ_A\/photo\/AF1QipNAZpt_ur3aR_kKdRlaZLHkhd3RJDfXOHLKXGA?key=dUhLWEFzSDktX3g5dHpGMGNrTGtqc3pWeDVNUUpn\" target=\"_blank\" rel=\"noopener noreferrer\"><img decoding=\"async\" class=\"size-medium\" src=\"https:\/\/lh3.googleusercontent.com\/pw\/ACtC-3dZIPlpeBQN1w1hBQ0CBetJ-J9NF4Sq-3xl6aXK0j-3gAvEO5-P9WKRZY1N_ZeGuNNA7DsjCykod_0ptffQpesUd-K4WMF0xN4_utvFxELr9mL7vlL-z-J9sSjTY05-0m5Crjhy7HsFQ8ltCNpyaeWq=w2000-h1332-no?authuser=0\" alt=\"Senhor Masahiko Yamada\" width=\"1998\" height=\"1332\" \/><\/a><figcaption class=\"wp-caption-text\">Senhor Masahiko Yamada<\/figcaption><\/figure>\n<h4>Masaki Haramura (diretor de document\u00e1rio)<\/h4>\n<figure class=\"wp-caption aligncenter\"><a href=\"https:\/\/photos.google.com\/share\/AF1QipMbTD3bknYfxG30wntrgaoLYZpMqZYv6hbGv0HhC6hSRdEnRzYk0YNB5UibQ2oQ_A\/photo\/AF1QipNlRcoZawr0SlhDYtSyZ69sxZLQXwG0Rf4A-RI?key=dUhLWEFzSDktX3g5dHpGMGNrTGtqc3pWeDVNUUpn\" target=\"_blank\" rel=\"noopener noreferrer\"><img decoding=\"async\" class=\"size-medium\" src=\"https:\/\/lh3.googleusercontent.com\/pw\/ACtC-3d6elGpJrXLA5aLUeHLWw0oj3tjFWG7BuEBJQfsiDV0Plsq0FpEhPdgBHsltky-ZOgZIxGk15MVI9ErOsd0NOT5obq72WCAIu2B97bgAQ0aEf6yBA1BTIS-HKZ_5Leunue9aRwovfTDVmqFJYECVfv3=w2000-h1332-no?authuser=0\" alt=\"Senhor Masaki Haramura\" width=\"1998\" height=\"1332\" \/><\/a><figcaption class=\"wp-caption-text\">Senhor Masaki Haramura<\/figcaption><\/figure>\n<h4>Namie Endo (secret\u00e1ria de Yamada)<\/h4>\n<p>\ufffc<\/p>\n<figure class=\"wp-caption aligncenter\"><a href=\"https:\/\/photos.google.com\/share\/AF1QipMbTD3bknYfxG30wntrgaoLYZpMqZYv6hbGv0HhC6hSRdEnRzYk0YNB5UibQ2oQ_A\/photo\/AF1QipMtElW0p-BZHNI3IRgWDamS559CxJ15AMT50CU?key=dUhLWEFzSDktX3g5dHpGMGNrTGtqc3pWeDVNUUpn\" target=\"_blank\" rel=\"noopener noreferrer\"><img decoding=\"async\" class=\"size-medium\" src=\"https:\/\/lh3.googleusercontent.com\/pw\/ACtC-3fGvodqi4Clc3h4uXIg2exGhHzbF8RPxSPwIBF-R50HA0pQqpe6uG4TRnjfv8ctmnGTaBI8IBz_ZQ08q3s7G8FkoZEQh6hA5TQP7PWk4X5Mjctljb07MHutKy7eH3MqDz4MFUUy0MDiiz40SmuE6k1o=w2000-h1332-no?authuser=0\" alt=\"Namie Endo\" width=\"1998\" height=\"1332\" \/><\/a><figcaption class=\"wp-caption-text\">Namie Endo<\/figcaption><\/figure>\n<h4>Sr. Mamoru Segawa (CEO da Toma Green Life Co., Ltd., uma empresa de produ\u00e7\u00e3o agr\u00edcola)<\/h4>\n<figure class=\"wp-caption aligncenter\"><a href=\"https:\/\/photos.google.com\/share\/AF1QipMbTD3bknYfxG30wntrgaoLYZpMqZYv6hbGv0HhC6hSRdEnRzYk0YNB5UibQ2oQ_A\/photo\/AF1QipO7IPSle4Er7rsVOJL9lN9-_cgB6GJhL8EibHU?key=dUhLWEFzSDktX3g5dHpGMGNrTGtqc3pWeDVNUUpn\" target=\"_blank\" rel=\"noopener noreferrer\"><img decoding=\"async\" class=\"size-medium\" src=\"https:\/\/lh3.googleusercontent.com\/pw\/ACtC-3cfZPIt6JAJvzkXoJbEfNspGpO3wgindKg8qhSk5DzatvFOouSVHwUYDsJC7hCPakjIOyJhrlcwa-zVhaW2ZMlweHxX2AqdKyIxUbKratBaHce_N0bZWOraNujKpUoUZj_FHV9WmbVORu_FWCdzgJQe=w2000-h1332-no?authuser=0\" alt=\"Sr.\" width=\"1998\" height=\"1332\" \/><\/a><figcaption class=\"wp-caption-text\">Sr.<\/figcaption><\/figure>\n<h4>Masayuki Nagasaka (agricultor org\u00e2nico)<\/h4>\n<p>\ufffc<\/p>\n<figure class=\"wp-caption aligncenter\"><a href=\"https:\/\/photos.google.com\/share\/AF1QipMbTD3bknYfxG30wntrgaoLYZpMqZYv6hbGv0HhC6hSRdEnRzYk0YNB5UibQ2oQ_A\/photo\/AF1QipPiUdsYFa_SA_O8kz0dPBkIjDOHM9ETmA5pQlc?key=dUhLWEFzSDktX3g5dHpGMGNrTGtqc3pWeDVNUUpn\" target=\"_blank\" rel=\"noopener noreferrer\"><img decoding=\"async\" class=\"size-medium\" src=\"https:\/\/lh3.googleusercontent.com\/pw\/ACtC-3c41Pcl1xw3TNxkyKMMTEpCJr5WGgQbS0rhrlA7qjfd6g8FfnX5IMiPqtaW1aQSaxD6aLaS4P_4KhYXCl7FbpSuxtRerVNL_5ztLBj0vnLZ5zsL_oam9Jhe6bj_nvwQoz2dhscHrGO3NVtObpF4P3dm=w2000-h1332-no?authuser=0\" alt=\"Masayuki Nagasaka\" width=\"1998\" height=\"1332\" \/><\/a><figcaption class=\"wp-caption-text\">Masayuki Nagasaka<\/figcaption><\/figure>\n<h4>Yoshimi Takashima (Comunicadora Comunit\u00e1ria)<\/h4>\n<p>\ufffc<\/p>\n<figure class=\"wp-caption aligncenter\"><a href=\"https:\/\/photos.google.com\/share\/AF1QipMbTD3bknYfxG30wntrgaoLYZpMqZYv6hbGv0HhC6hSRdEnRzYk0YNB5UibQ2oQ_A\/photo\/AF1QipMCdWbBx4eFAisY0oD6cGXcmyaw8XSPNJ13KME?key=dUhLWEFzSDktX3g5dHpGMGNrTGtqc3pWeDVNUUpn\" target=\"_blank\" rel=\"noopener noreferrer\"><img decoding=\"async\" class=\"size-medium\" src=\"https:\/\/lh3.googleusercontent.com\/pw\/ACtC-3c9jP2hDmfaNLIQM1JzsFACHzdUvLQibgsXRXhWIcyuI0QmemvLZZgkN1PO0A-NwsWnRoU4yo0VsN4pseDblkxCP8VQJwomoTZwhGzM3SW96y3ljHapLrYP8Lvb6xW7sbZZWJafdLxVFlmZXSoNXgSz=w2000-h1332-no?authuser=0\" alt=\"Sra.\" width=\"1998\" height=\"1332\" \/><\/a><figcaption class=\"wp-caption-text\">Sra.<\/figcaption><\/figure>\n<h3>Participantes da cidade de Hokuryu<\/h3>\n<p>O prefeito Yutaka Sano, o membro do conselho municipal de Hokuryu, Keiko Ozaki, o gerente da filial de JA Kitasorachi Hokuryu, Tadao Hoshino, o presidente da Associa\u00e7\u00e3o de Cooperativas Empresariais de Kurosengoku, Yukio Takada, o diretor executivo Masaaki Tsuji, o diretor Kazuo Kimura, o ex-diretor representativo e presidente da JA Kitasorachi, Ryoji Kikura, e os apoiadores da comunidade da cidade de Hokuryu, Noboru e Ikuko Terauchi. Todos s\u00e3o membros da Associa\u00e7\u00e3o de Sementes de Hokkaido (Presidente Tokuji Hisada).<br \/>\n\ufffc<\/p>\n<figure class=\"wp-caption aligncenter\"><a href=\"https:\/\/photos.google.com\/share\/AF1QipMbTD3bknYfxG30wntrgaoLYZpMqZYv6hbGv0HhC6hSRdEnRzYk0YNB5UibQ2oQ_A\/photo\/AF1QipPo3JCmHCDHgy9UYS3fRgz_hE2drTgZd71xb74?key=dUhLWEFzSDktX3g5dHpGMGNrTGtqc3pWeDVNUUpn\" target=\"_blank\" rel=\"noopener noreferrer\"><img decoding=\"async\" class=\"size-medium\" src=\"https:\/\/lh3.googleusercontent.com\/pw\/ACtC-3eawp8LeYqoRUUnrV2m4EMTs9DDtfVmvRwG5YymwdsXqhI15o08mmVzqUIuoZAPxbWyRfr3sMCACcmiuhRX9Om-7B7SXO8rr3XHSC9WEMwgAMK-Vk9cH-G3CmopyJwFUYluq6n6LhELMhfdoTHgf3_v=w2000-h1332-no?authuser=0\" alt=\"Prefeito Sano e outras partes relacionadas\" width=\"1998\" height=\"1332\" \/><\/a><figcaption class=\"wp-caption-text\">Prefeito Sano e outras partes relacionadas<\/figcaption><\/figure>\n<h3>MC Geral: Ryoji Kikura<\/h3>\n<p>\ufffc<\/p>\n<figure class=\"wp-caption aligncenter\"><a href=\"https:\/\/photos.google.com\/share\/AF1QipMbTD3bknYfxG30wntrgaoLYZpMqZYv6hbGv0HhC6hSRdEnRzYk0YNB5UibQ2oQ_A\/photo\/AF1QipML8kv-AOKo6ttRHcNFtrRnR-VDr8ca6Omkl_Q?key=dUhLWEFzSDktX3g5dHpGMGNrTGtqc3pWeDVNUUpn\" target=\"_blank\" rel=\"noopener noreferrer\"><img decoding=\"async\" class=\"size-medium\" src=\"https:\/\/lh3.googleusercontent.com\/pw\/ACtC-3fHtJS4zWHRPWQqq9dgEPTj18RX6sMCUCpgmOTMh6yYPElwZklwUK7r4IO2qydsKY2bpp0MT1cr5itZUGTRQ3FrHMsGN4tkvsP3r0Pso5vyIgzBMB7V4dEINU_OXJGrahrKofLTcmLXcZDEYRK8iZ4o=w2000-h1332-no?authuser=0\" alt=\"Senhor Ryoji Kikura\" width=\"1998\" height=\"1332\" \/><\/a><figcaption class=\"wp-caption-text\">Senhor Ryoji Kikura<\/figcaption><\/figure>\n<h3>Sauda\u00e7\u00f5es do prefeito Yutaka Sano<\/h3>\n<p>\ufffc<\/p>\n<figure class=\"wp-caption aligncenter\"><a href=\"https:\/\/photos.google.com\/share\/AF1QipMbTD3bknYfxG30wntrgaoLYZpMqZYv6hbGv0HhC6hSRdEnRzYk0YNB5UibQ2oQ_A\/photo\/AF1QipPz1botULaGAL23Y16BuAuZ8YyhQ86qP-0-A5A?key=dUhLWEFzSDktX3g5dHpGMGNrTGtqc3pWeDVNUUpn\" target=\"_blank\" rel=\"noopener noreferrer\"><img decoding=\"async\" class=\"size-medium\" src=\"https:\/\/lh3.googleusercontent.com\/pw\/ACtC-3eYaLPfYL6jYAtZCQqO2CIGYqTaLd4rMQeHH4q6HPmAjcCPZG9-Qe5ofZ4LmTg_wgBB-DWuRgpG7QO8TGeZHSAN1cQA1mXxzjEHUBEoFllAJbC9ylc7_P33fmgSIvf3fMlCxlxiGg3hpfIYI6EuRIfP=w2000-h1332-no?authuser=0\" alt=\"Prefeito Yutaka Sano\" width=\"1998\" height=\"1332\" \/><\/a><figcaption class=\"wp-caption-text\">Prefeito Yutaka Sano<\/figcaption><\/figure>\n<p>&quot;O treinador Haramura \u00e9 origin\u00e1rio da prov\u00edncia de Chiba, e a cidade de Hokuryu foi fundada em 1893 por um grupo de imigrantes pioneiros da vila de Motono (atual cidade de Inzai), tamb\u00e9m na prov\u00edncia de Chiba. Este ano marca o 128\u00ba anivers\u00e1rio desse evento.&quot;<\/p>\n<p>Em 1\u00ba de junho de 2020, a popula\u00e7\u00e3o era de 1.778 habitantes, o que a torna uma cidade pequena mesmo para os padr\u00f5es de Hokkaido. A popula\u00e7\u00e3o atingiu o pico de 6.317 habitantes em 1960. \u00c9 uma cidade despovoada que caiu para menos de dois ter\u00e7os do seu tamanho original em aproximadamente 60 anos. A popula\u00e7\u00e3o ainda est\u00e1 diminuindo, mas recentemente o ritmo tem desacelerado. Como acontece em qualquer cidade, a quest\u00e3o do decl\u00ednio populacional \u00e9 um grande desafio.<\/p>\n<p>Este ano, o Festival do Girassol foi cancelado devido aos efeitos da COVID-19. Embora os girass\u00f3is n\u00e3o flores\u00e7am na Vila dos Girass\u00f3is, continuaremos a preparar o solo para ela. Planejamos plantar aveia, incorpor\u00e1-la ao solo, semear mais aveia e incorpor\u00e1-la novamente, e ent\u00e3o plantar trigo de outono. No pr\u00f3ximo ano, continuaremos a preparar o solo adicionando composto org\u00e2nico ap\u00f3s o derretimento da neve.<\/p>\n<p>Nos \u00faltimos 34 anos, Himawari no Sato nunca ficou em pousio. Este ano, transformaremos esta crise em uma oportunidade e, pensando nos pr\u00f3ximos 10 a 20 anos, nos concentraremos em criar um solo que permita o florescimento de bons girass\u00f3is.<\/p>\n<p>Hokuryu \u00e9 uma cidade agr\u00edcola, famosa pelos girass\u00f3is. Em 1990, o ent\u00e3o presidente do sindicato, Kikura, liderou a cidade na declara\u00e7\u00e3o de que ela seria &quot;uma cidade produtora de alimentos que protege a vida e a sa\u00fade de seus habitantes&quot;, e cerca de 30 anos se passaram desde ent\u00e3o. Com base nessa declara\u00e7\u00e3o de fornecer alimentos seguros e saborosos aos consumidores, dedicamo-nos ao cultivo de arroz e \u00e0 agricultura.<\/p>\n<p>Em mar\u00e7o de 2017, a Associa\u00e7\u00e3o de Produtores de Girassol de Hokuryu recebeu o Grande Pr\u00eamio da Agricultura do Jap\u00e3o. A cerim\u00f4nia de premia\u00e7\u00e3o foi realizada no Sal\u00e3o da NHK em Shibuya, e o certificado foi entregue pelo Ministro da Agricultura, Florestas e Pescas, Yuji Yamamoto, e pelo Presidente da NHK, Ryoichi Ueda.<\/p>\n<p>Al\u00e9m disso, em novembro de 2018, a soja de Kurosengoku foi selecionada como um excelente exemplo no 5\u00ba pr\u00eamio &quot;Descubra os Tesouros das \u00c1reas Rurais&quot; do Minist\u00e9rio da Agricultura, Florestas e Pescas, e a premia\u00e7\u00e3o ocorreu na Resid\u00eancia Oficial do Primeiro-Ministro. Na \u00e9poca, o Ministro da Agricultura, Florestas e Pescas era Yoshikawa Takamori, mas hoje contamos com a presen\u00e7a do ex-Ministro da Agricultura, Florestas e Pescas, Yamada Masahiko, e somos gratos por esta oportunidade.<\/p>\n<p>&quot;Gostaria de ter uma conversa h\u00e1 muito esperada com voc\u00eas esta noite, dentro do tempo dispon\u00edvel, para ouvir voc\u00eas, professores e treinadores. Aguardo com expectativa a oportunidade de trabalhar com voc\u00eas&quot;, disse o prefeito Sano em suas palavras de abertura.<\/p>\n<h3>Sauda\u00e7\u00f5es de Masahiko Yamada<\/h3>\n<p>\ufffc<\/p>\n<figure class=\"wp-caption aligncenter\"><a href=\"https:\/\/photos.google.com\/share\/AF1QipMbTD3bknYfxG30wntrgaoLYZpMqZYv6hbGv0HhC6hSRdEnRzYk0YNB5UibQ2oQ_A\/photo\/AF1QipM2i026JghvrdHg134jQgHkfvNx7NEcgg-O4Z4?key=dUhLWEFzSDktX3g5dHpGMGNrTGtqc3pWeDVNUUpn\" target=\"_blank\" rel=\"noopener noreferrer\"><img decoding=\"async\" class=\"size-medium\" src=\"https:\/\/lh3.googleusercontent.com\/pw\/ACtC-3fbrsSlVhB9vVD_WsJkNC9xZvilrCw1a-gGfNILzLFSM5CxPI43TOhmWKCu4k_8xM_mvrKcxYLsocZWHhEmj-44mqosT8fB3_TAm_H5thuKG4B3WOJ3Hv8xuiACtXzmamXqwch_r9OLVW21BrEaECe7=w2000-h1332-no?authuser=0\" alt=\"Senhor Masahiko Yamada\" width=\"1998\" height=\"1332\" \/><\/a><figcaption class=\"wp-caption-text\">Senhor Masahiko Yamada<\/figcaption><\/figure>\n<blockquote><p>Senhor Masahiko Yamada<\/p>\n<p>Nascido na prov\u00edncia de Nagasaki em 1942 (Showa 17). Advogado. Formou-se na Faculdade de Direito da Universidade de Waseda. Ap\u00f3s ser aprovado no exame da Ordem dos Advogados, abriu uma fazenda em sua cidade natal, Goto. Encerrou as atividades da fazenda devido \u00e0 crise do petr\u00f3leo e dedicou-se \u00e0 carreira jur\u00eddica. Em seguida, candidatou-se \u00e0 C\u00e2mara dos Representantes e foi nomeado Ministro da Agricultura, Florestas e Pescas em junho de 2010 (Heisei 22). Posteriormente, cumpriu cinco mandatos como membro da C\u00e2mara dos Representantes.<br \/>\nAl\u00e9m de seu trabalho como advogado, ele atualmente se dedica a quest\u00f5es como o TPP e a revoga\u00e7\u00e3o da Lei de Sementes, e ministra palestras e realiza sess\u00f5es de estudo em diversos locais.<\/p><\/blockquote>\n<p>\ufffc<\/p>\n<figure class=\"wp-caption aligncenter\"><a href=\"https:\/\/photos.google.com\/share\/AF1QipMbTD3bknYfxG30wntrgaoLYZpMqZYv6hbGv0HhC6hSRdEnRzYk0YNB5UibQ2oQ_A\/photo\/AF1QipN5W_YdCMef48b7SfTA8NjJOVx2ES6f58PU6g4?key=dUhLWEFzSDktX3g5dHpGMGNrTGtqc3pWeDVNUUpn\" target=\"_blank\" rel=\"noopener noreferrer\"><img decoding=\"async\" class=\"size-medium\" src=\"https:\/\/lh3.googleusercontent.com\/pw\/ACtC-3cI7tJYNvgxBy-LWeGq4t15-lCpEE3bnvxU1Sls7LmXaFFbyfD33BazVwb988YeKIDrooC3BUVcO3nUs1jP84jpohbicBRyYsP51CeF-AbONi15wpJym1wD8AkSbjbMqNoegftr81XhLxeRIWaGa7MQ=w2000-h1332-no?authuser=0\" alt=\"Sobre a Lei de Sementes e Mudas\" width=\"1998\" height=\"1332\" \/><\/a><figcaption class=\"wp-caption-text\">Sobre a Lei de Sementes e Mudas<\/figcaption><\/figure>\n<p>&quot;Desta vez, voltei a Hokkaido depois de muito tempo. Cheguei na sexta-feira, 19 de junho, e visitei uma fazenda na cidade de Samani que produz gado selvagem criado a pasto, chamado Ji Beef. Foi um lugar verdadeiramente maravilhoso, e percebi que essa \u00e9 a verdadeira ess\u00eancia de uma fazenda, e que isso s\u00f3 pode ser vivenciado em Hokkaido.&quot;<\/p>\n<p>De fato, o Minist\u00e9rio da Agricultura, Florestas e Pescas emitiu uma &quot;pol\u00edtica proibindo o pastoreio livre (de bovinos, ovinos e su\u00ednos)&quot;. No entanto, em uma medida incomum, essa &quot;proibi\u00e7\u00e3o do pastoreio livre&quot; foi revogada na sexta-feira, 12 de junho.<br \/>\n\ufffc<\/p>\n<figure class=\"wp-caption aligncenter\"><a href=\"https:\/\/photos.google.com\/share\/AF1QipMbTD3bknYfxG30wntrgaoLYZpMqZYv6hbGv0HhC6hSRdEnRzYk0YNB5UibQ2oQ_A\/photo\/AF1QipPjLDujSQocVFRJwlCuLl1x8CE2N1UfEUVrbz8?key=dUhLWEFzSDktX3g5dHpGMGNrTGtqc3pWeDVNUUpn\" target=\"_blank\" rel=\"noopener noreferrer\"><img decoding=\"async\" class=\"size-medium\" src=\"https:\/\/lh3.googleusercontent.com\/pw\/ACtC-3dtAFmE__hiNbnAyGdyYH71MPA5yEAAoJBkB-MNFfhIMjf6EnGq4V9OwPH5h-Uxeb3t51eDdSswZmjG6nJlOTlr9u56w8knEelJ_hNXcQ2AL726nCNLr9lHmRAQOm8C2j5tn9yc3Z1afgI5uTI8tQWy=w2000-h1332-no?authuser=0\" alt=\"O Sr. Yamada fala educadamente.\" width=\"1998\" height=\"1332\" \/><\/a><figcaption class=\"wp-caption-text\">O Sr. Yamada fala educadamente.<\/figcaption><\/figure>\n<h4>Revis\u00e3o da Lei de Sementes e Mudas: A proibi\u00e7\u00e3o da autosemeadura \u00e9 o resultado mais prov\u00e1vel.<\/h4>\n<p>Primeiramente, gostaria de falar sobre a revis\u00e3o da Lei de Sementes e Mudas. A soja, o arroz, o trigo e outros alimentos b\u00e1sicos no Jap\u00e3o s\u00e3o gerenciados pelo governo nacional, e os governos das prefeituras desenvolvem variedades de alta qualidade e as fornecem aos agricultores de forma est\u00e1vel. Essa lei ser\u00e1 revogada.<\/p>\n<p>Na \u00e9poca, o governo declarou: &quot;O papel do setor p\u00fablico, tanto como governo local quanto como na\u00e7\u00e3o, chegou ao fim. De agora em diante, utilizaremos o setor privado e deixaremos que empresas privadas assumam toda a gest\u00e3o de sementes.&quot;<\/p>\n<p>De fato, o Minist\u00e9rio da Agricultura, Florestas e Pescas est\u00e1 promovendo a &quot;Mitsuhikari&quot;, uma variedade de arroz desenvolvida pela empresa privada Mitsui Chemicals Agro Inc. A Mitsuhikari \u00e9 uma variedade F1 (h\u00edbrida) e custa 10 vezes mais que a &quot;Koshihikari&quot;. Dizem que o futuro \u00e9 a era das variedades F1.<\/p>\n<p>Simultaneamente, foi promulgada a Lei de Apoio ao Aumento da Competitividade Agr\u00edcola (Lei n\u00ba 35 de 2017). Esta lei promove a disponibiliza\u00e7\u00e3o de conhecimentos de excel\u00eancia em melhoramento gen\u00e9tico, desenvolvidos pela Organiza\u00e7\u00e3o Nacional de Pesquisa Agr\u00edcola e Alimentar (NARO), bem como conhecimentos de excel\u00eancia em melhoramento gen\u00e9tico de cada prefeitura, ao setor privado. Essas informa\u00e7\u00f5es n\u00e3o foram divulgadas pela m\u00eddia.<\/p>\n<p>Hokkaido tamb\u00e9m emitiu um comunicado informando que a prefeitura pode continuar produzindo sementes e fornecendo-as aos agricultores, mas que, enquanto isso, todo o conhecimento relevante deve ser repassado ao setor privado. A prefeitura transferiu a variedade de arroz japonesa &quot;Yumepirika&quot; para a Monsanto Japan Ltd., que desenvolveu a nova variedade &quot;Tone no Megumi&quot;, j\u00e1 dispon\u00edvel no mercado h\u00e1 10 anos.<\/p>\n<p>O principal objetivo deles era, em primeiro lugar, abolir a lei p\u00fablica de sementes existente, transferir o conhecimento especializado de cada prefeitura para empresas privadas e grandes corpora\u00e7\u00f5es e, em seguida, &quot;proibir a autopropaga\u00e7\u00e3o das sementes&quot;.<br \/>\n\ufffc<\/p>\n<figure class=\"wp-caption aligncenter\"><a href=\"https:\/\/photos.google.com\/share\/AF1QipMbTD3bknYfxG30wntrgaoLYZpMqZYv6hbGv0HhC6hSRdEnRzYk0YNB5UibQ2oQ_A\/photo\/AF1QipMDDb71hgzVmaq1iQfwQa-ONxOPmwcYisH8BOo?key=dUhLWEFzSDktX3g5dHpGMGNrTGtqc3pWeDVNUUpn\" target=\"_blank\" rel=\"noopener noreferrer\"><img decoding=\"async\" class=\"size-medium\" src=\"https:\/\/lh3.googleusercontent.com\/pw\/ACtC-3eShgUka9zabMpfdNsbHTA4LKOMAtVvAwzKwpnh_Ip8yDTeQDpzZOmqIxt1SDYneC4lRtL_aRhlD0h1yCLugnUd7t1rMfkjRhiMBEQchjjCG3lXxawxSW46aeJBwCArvN8iLSo3s9ZX_JYd2e2EVnvp=w2000-h1332-no?authuser=0\" alt=\"Sobre o encontro com o Diretor Haramura\" width=\"1998\" height=\"1332\" \/><\/a><figcaption class=\"wp-caption-text\">Sobre o encontro com o Diretor Haramura<\/figcaption><\/figure>\n<h4>Pedimos ao diretor Masaki Haramura que fizesse um filme sobre &quot;Sementes e Mudas&quot;.<\/h4>\n<p>Conheci o diretor Haramura h\u00e1 dois anos. Sementes e mudas s\u00e3o a ess\u00eancia da vida dos agricultores. Informa\u00e7\u00f5es sobre a &quot;proibi\u00e7\u00e3o da semeadura espont\u00e2nea&quot; n\u00e3o s\u00e3o divulgadas na m\u00eddia. Ent\u00e3o, com o desejo de informar o m\u00e1ximo de pessoas poss\u00edvel sobre a &quot;Revis\u00e3o da Lei de Sementes&quot;, perguntei ao diretor Haramura se ele faria um filme sobre &quot;Sementes e Mudas&quot;.<\/p>\n<p>Em Hokkaido, Tokuji Hisada (presidente da Associa\u00e7\u00e3o de Sementes de Hokkaido, professor visitante da Universidade de Hokkaido e ex-membro do comit\u00ea editorial do jornal The Hokkaido Shimbun) e Ryoji Kikura est\u00e3o trabalhando arduamente na Associa\u00e7\u00e3o de Sementes de Hokkaido. Conhe\u00e7o Kikura desde que fundamos o Conselho de Revitaliza\u00e7\u00e3o da Alimenta\u00e7\u00e3o e Agricultura, h\u00e1 10 anos, quando ele se tornou diretor permanente.<\/p>\n<p>Estamos em contato com todos e participando de discuss\u00f5es sobre a Lei de Sementes e Mudas. Durante as filmagens deste filme, visitamos a Toma Green Life, administrada por Mamoru Segawa, que cultiva seu pr\u00f3prio arroz, e a Fazenda Hotaru, administrada por Kazuhisa Ito em Tokachi, que cultiva seu pr\u00f3prio trigo e soja.<\/p>\n<p>Sou muito grato por ter encontrado a soja Kurosengoku, uma variedade superior de soja preta recomendada pelo Minist\u00e9rio da Agricultura, Florestas e Pescas.<\/p>\n<h4>Quando a regi\u00e3o muda, o pa\u00eds muda.<\/h4>\n<p>Ap\u00f3s a revoga\u00e7\u00e3o da Lei de Sementes e Mudas, 19 prefeituras promulgaram e implementaram suas pr\u00f3prias leis sobre sementes. Al\u00e9m disso, 27 governadores fizeram an\u00fancios, e o movimento para proteger as sementes espec\u00edficas de cada prefeitura est\u00e1 se espalhando. Se as coisas continuarem assim, conseguiremos o apoio de 32 prefeituras.<\/p>\n<p>O Minist\u00e9rio da Agricultura, Florestas e Pescas inicialmente se op\u00f4s \u00e0 Lei de Sementes, mas recentemente mudou de posi\u00e7\u00e3o e passou a acolh\u00ea-la. No Parlamento, o Partido Liberal Democr\u00e1tico concordou em debater o &quot;Projeto de Lei para Abolir e Revitalizar a Lei de Sementes&quot;, proposto pelos partidos da oposi\u00e7\u00e3o.<\/p>\n<p>O acordo TPP concedeu \u00e0s corpora\u00e7\u00f5es multinacionais o controle sobre sementes e agricultura. Estou convencido de que, se resistirmos a isso em n\u00edvel local, conseguiremos proteger a pol\u00edtica agr\u00edcola do Jap\u00e3o. Gostaria de lutar ao lado de todos voc\u00eas. Obrigado.<\/p>\n<p>&quot;Estou ansioso para ver os campos de soja de Kurosengoku amanh\u00e3. Muito obrigado por ter vindo hoje&quot;, disse Yamada educadamente.<\/p>\n<figure class=\"wp-caption aligncenter\"><a href=\"https:\/\/photos.google.com\/share\/AF1QipMbTD3bknYfxG30wntrgaoLYZpMqZYv6hbGv0HhC6hSRdEnRzYk0YNB5UibQ2oQ_A\/photo\/AF1QipMNWvO5QsQmlE4WZ_7gNqU2vQTluf_DHH0QdOc?key=dUhLWEFzSDktX3g5dHpGMGNrTGtqc3pWeDVNUUpn\" target=\"_blank\" rel=\"noopener noreferrer\"><img decoding=\"async\" class=\"size-medium\" src=\"https:\/\/lh3.googleusercontent.com\/pw\/ACtC-3dU-VpH4o3KqL9SBClSAk8bdNROOC7-r4GhowsE5jJl-U0YElr30ggX8w8SdJOLJNuxHZWH9t8M0EBj2KJy1nMkGhJUfi019YLKUxVM-00w30wERejL7wGfSvHmYotk6G8kgwCN0ieIOiltVzh-d6dK=w2000-h1332-no?authuser=0\" alt=\"Obrigado por conhecer todos voc\u00eas!\" width=\"1998\" height=\"1332\" \/><\/a><figcaption class=\"wp-caption-text\">Obrigado por conhecer todos voc\u00eas!<\/figcaption><\/figure>\n<h3>A hist\u00f3ria do diretor Masaki Haramura<\/h3>\n<p>\ufffc<\/p>\n<figure class=\"wp-caption aligncenter\"><a href=\"https:\/\/photos.google.com\/share\/AF1QipMbTD3bknYfxG30wntrgaoLYZpMqZYv6hbGv0HhC6hSRdEnRzYk0YNB5UibQ2oQ_A\/photo\/AF1QipPCDepCLPzzdYEsCwdxQ5U3W69S7ra1cQ3Bl9U?key=dUhLWEFzSDktX3g5dHpGMGNrTGtqc3pWeDVNUUpn\" target=\"_blank\" rel=\"noopener noreferrer\"><img decoding=\"async\" class=\"size-medium\" src=\"https:\/\/lh3.googleusercontent.com\/pw\/ACtC-3cMvzkxEFtsWgQV7AYFFh5jJ44stiUOQHsurVWnsFCuMyzWVQONjQBZ5W48dFCrUp2wycFei-WgW2N9KaE4FOZIA9S15lGoshTkEr4Kno0OFwseyq1rPqnFqJU-joDCGU3xLcUUcx1cJCpkF-BjBefJ=w2000-h1332-no?authuser=0\" alt=\"Diretor Masaki Haramura\" width=\"1998\" height=\"1332\" \/><\/a><figcaption class=\"wp-caption-text\">Diretor Masaki Haramura<\/figcaption><\/figure>\n<blockquote><p>Diretor Masaki Haramura<\/p>\n<p>Nascido na prov\u00edncia de Chiba em 1957 (Showa 32). Ap\u00f3s se formar na Universidade Sophia, trabalhou como assistente de dire\u00e7\u00e3o freelancer em filmes document\u00e1rios e programas de televis\u00e3o. Juntou-se \u00e0 Sakura Film Company em 1985 (Showa 60). Seus principais trabalhos at\u00e9 o momento incluem &quot;A Mergulhadora Liang-san&quot; (2004), &quot;Pessoas que Cultivam a Vida&quot; (2006), &quot;Crian\u00e7as de Satoyama&quot; (2008), o especial da NHK ETV &quot;Agricultores de Arroz Diante do Acidente Nuclear&quot; (2011), o programa educativo da NHK &quot;O Que os Japoneses Almejam? Parte 8: Takahata, Yamagata - Almejando Ser o Melhor Agricultor de Arroz do Jap\u00e3o&quot;, &quot;Nova Topografia do Jap\u00e3o&quot; da BS Premium (2014) e o document\u00e1rio &quot;Musashino&quot; (2018).<\/p><\/blockquote>\n<figure class=\"wp-caption aligncenter\"><a href=\"https:\/\/photos.google.com\/share\/AF1QipMbTD3bknYfxG30wntrgaoLYZpMqZYv6hbGv0HhC6hSRdEnRzYk0YNB5UibQ2oQ_A\/photo\/AF1QipPiaCRsSitPWdreaTp4UzmCOYGnMQad55zdK5A?key=dUhLWEFzSDktX3g5dHpGMGNrTGtqc3pWeDVNUUpn\" target=\"_blank\" rel=\"noopener noreferrer\"><img decoding=\"async\" class=\"size-medium\" src=\"https:\/\/lh3.googleusercontent.com\/pw\/ACtC-3fEoQTQ4J9WSh-s3aGTTQU009nnGeflVwvtNx71luhS-lw-OdAwuSrhj02ow3E1VNp8zOgJQFiXJDmqhoPvZUrkbyP5usVadsGjBrIBtPqa93d9pBEk9hlTQi3B6l9E27TFA5lxusuSGgnVs6crmvC9=w2000-h1332-no?authuser=0\" alt=\"O fasc\u00ednio dos document\u00e1rios agr\u00edcolas\" width=\"1998\" height=\"1332\" \/><\/a><figcaption class=\"wp-caption-text\">O fasc\u00ednio dos document\u00e1rios agr\u00edcolas<\/figcaption><\/figure>\n<p>&quot;Estou produzindo document\u00e1rios sobre agricultura. Meu conhecimento sobre o assunto \u00e9 limitado, mas filmo em diversas aldeias desde a adolesc\u00eancia. Tive a oportunidade de vivenciar os sentimentos dos agricultores e, por isso, acredito que os compreendo em certa medida.&quot;<\/p>\n<h4>Os seres humanos precisam de \u00e1gua, ar e comida.<\/h4>\n<p>O motivo pelo qual nos envolvemos na agricultura \u00e9 porque os seres humanos precisam de \u00e1gua, ar e alimentos para sobreviver.<\/p>\n<p>Desde que cresci durante o per\u00edodo de r\u00e1pido crescimento econ\u00f4mico, sempre senti que o Jap\u00e3o era indiferente \u00e0 agricultura. E quando estava filmando em aldeias, achei estranho que, nas conversas entre agricultores e moradores da cidade, eles tivessem perspectivas diferentes sobre o mundo e fossem incapazes de se entender.<\/p>\n<h4>Um agricultor altamente espiritual<\/h4>\n<p>Em meus relacionamentos de longa data com pessoas seriamente envolvidas na agricultura, encontrei muitas pessoas que s\u00e3o altamente espirituais.<\/p>\n<p>Durante minhas entrevistas, percebi que as palavras que essas pessoas usam s\u00e3o muito significativas. Por exemplo, h\u00e1 muitas pessoas que s\u00f3 conclu\u00edram o ensino fundamental, mas que s\u00e3o inteligentes o suficiente para se tornarem acad\u00eamicos. Algumas falam como poetas, outras como fil\u00f3sofos, e usam uma linguagem muito sofisticada.<\/p>\n<p>Conhecer pessoas t\u00e3o maravilhosas me deixa feliz e \u00e0 vontade. Mesmo quando estou entrevistando-as, \u00e9 divertido e empolgante. Mais uma vez, fico impressionado ao conhecer pessoas que t\u00eam maneiras t\u00e3o incr\u00edveis de pensar e que s\u00e3o t\u00e3o competentes em seus trabalhos.<\/p>\n<p>Continuo a fazer filmes porque quero partilhar com o maior n\u00famero poss\u00edvel de pessoas os aspetos maravilhosos e encantadores destes agricultores.<\/p>\n<figure class=\"wp-caption aligncenter\"><a href=\"https:\/\/photos.google.com\/share\/AF1QipMbTD3bknYfxG30wntrgaoLYZpMqZYv6hbGv0HhC6hSRdEnRzYk0YNB5UibQ2oQ_A\/photo\/AF1QipNcf-XObaJBuSg-C6ucIGQCoXTS5LnJChgI5LA?key=dUhLWEFzSDktX3g5dHpGMGNrTGtqc3pWeDVNUUpn\" target=\"_blank\" rel=\"noopener noreferrer\"><img decoding=\"async\" class=\"size-medium\" src=\"https:\/\/lh3.googleusercontent.com\/pw\/ACtC-3c7o3CNxjBqL6hgr2FSxr0KoDYQ7llZ2FLFKgT_7QSmGr5urqo6gfpyZssvpZHVerm6sbce3pGd6_vmIJNrehj8NbiAM071dHtMd22cvisUoOBfNlbA3PJiH12R4v2KABUC-taXzL9Mu59i6GUTihHk=w2000-h1332-no?authuser=0\" alt=\"Com um sorriso!\" width=\"1998\" height=\"1332\" \/><\/a><figcaption class=\"wp-caption-text\">Com um sorriso!<\/figcaption><\/figure>\n<h4>Um filme sobre o tema &quot;seguran\u00e7a de sementes e alimentos&quot;<\/h4>\n<p>O tema deste filme \u00e9 &quot;Sementes e Seguran\u00e7a Alimentar&quot;. Quanto mais aprendo sobre seguran\u00e7a alimentar, mais me conven\u00e7o da import\u00e2ncia da agricultura como fundamento da vida japonesa. Comecei a filmar por volta de fevereiro do ano passado e, quanto mais trabalhava, mais me aprofundava no assunto.<\/p>\n<h4>A vontade e o esp\u00edrito inabal\u00e1veis do Professor Yamada, e seu cora\u00e7\u00e3o generoso.<\/h4>\n<p>Conheci o Professor Yamada quando fui jurado na cerim\u00f4nia de premia\u00e7\u00e3o de um programa de jornalismo. Depois disso, mantivemos mais contato e ele me convidou para fazer um filme para ele.<\/p>\n<p>At\u00e9 agora, eu vinha realizando pesquisas em uma aldeia por pelo menos um ano, geralmente de dois a tr\u00eas anos, e em alguns casos por at\u00e9 20 anos, com uma abordagem comunit\u00e1ria por muitos anos. Portanto, este filme sobre a Lei das Sementes \u00e9 diferente do que fiz antes, pois se concentra em quest\u00f5es pol\u00edticas e sociais, e \u00e9 um desafio de alto n\u00edvel e extremamente dif\u00edcil de enfrentar, ent\u00e3o eu estava preocupado se seria capaz de realiz\u00e1-lo.<\/p>\n<p>No entanto, ao ouvir a palestra do Professor Yamada e estudar mais sobre o assunto, percebi que se tratava de uma quest\u00e3o de grande import\u00e2ncia na agricultura e fiquei fascinado.<\/p>\n<p>O professor Yamada possui um vasto conhecimento e muito a nos ensinar, al\u00e9m de convic\u00e7\u00f5es fortes e inabal\u00e1veis. J\u00e1 fiz muitos filmes sobre agricultura e uma coisa que sempre senti em comum entre eles \u00e9 a &quot;vontade e o esp\u00edrito inabal\u00e1veis&quot; dos agricultores. Eu mesmo n\u00e3o tenho um esp\u00edrito inabal\u00e1vel, ent\u00e3o gosto desse tipo de &quot;esp\u00edrito inabal\u00e1vel&quot;.<\/p>\n<p>Durante esta sess\u00e3o de fotos, senti que uma aura de humanidade emanava do Professor Yamada enquanto ele se aproximava dos cora\u00e7\u00f5es dos agricultores e ouvia atentamente suas hist\u00f3rias. Fiquei impressionado com a bondade do cora\u00e7\u00e3o do Professor Yamada, que gentilmente se aproximava daqueles que sofriam e estavam em sofrimento, acolhendo-os como se fossem seus pr\u00f3prios filhos.<br \/>\n\ufffc<br \/>\nEste filme tende a focar em problemas e dificuldades sociais, mas, ao mesmo tempo, eu queria capturar a humanidade e as cenas que o Professor Yamada possui. Sinto que a humanidade do Professor Yamada transborda emo\u00e7\u00f5es humanas, como sua atitude resoluta e convicta ao enfrentar situa\u00e7\u00f5es dif\u00edceis, e sua capacidade de aceitar plenamente coisas com as quais ele consegue se identificar.<\/p>\n<figure class=\"wp-caption aligncenter\"><a href=\"https:\/\/photos.google.com\/share\/AF1QipMbTD3bknYfxG30wntrgaoLYZpMqZYv6hbGv0HhC6hSRdEnRzYk0YNB5UibQ2oQ_A\/photo\/AF1QipMC9A4a214nsu8Xi-BTrYRk-p6I_vmfKipt4nU?key=dUhLWEFzSDktX3g5dHpGMGNrTGtqc3pWeDVNUUpn\" target=\"_blank\" rel=\"noopener noreferrer\"><img decoding=\"async\" class=\"size-medium\" src=\"https:\/\/lh3.googleusercontent.com\/pw\/ACtC-3fvH2qELDrRCIdfS86Q3yvxMwUtFMverq_6yvrxjMhP-WdwOeEd0RJd8Lr-dmBLJbJxNCt_x1cnN-qQQcNOiiRZ9WC116q7JSdvAa_WvKH-bfwIoWwoUahLhyOxO5VeNxRkHRarunsDSyvfbThzC1nA=w2000-h1332-no?authuser=0\" alt=\"Um filme sobre o tema &quot;seguran\u00e7a de sementes e alimentos&quot;\" width=\"1998\" height=\"1332\" \/><\/a><figcaption class=\"wp-caption-text\">Um filme sobre o tema &quot;seguran\u00e7a de sementes e alimentos&quot;<\/figcaption><\/figure>\n<h4>Quero expressar ideias opostas.<\/h4>\n<p>Quando se trata de leis sobre sementes e pesticidas, existem pensamentos e opini\u00f5es polarizadas. Em vez de defender unilateralmente um lado da discuss\u00e3o, quis fazer um filme que levasse as pessoas a refletir, mesmo que suas opini\u00f5es sejam diferentes, e que talvez devessem ouvir o que essas pessoas t\u00eam a dizer.<\/p>\n<h4>Gerido por empresas multinacionais<\/h4>\n<p>Entre as diversas opini\u00f5es sobre a Lei de Sementes e Mudas, existem quest\u00f5es ocultas, como o monop\u00f3lio das sementes por grandes corpora\u00e7\u00f5es no contexto da globaliza\u00e7\u00e3o. A exist\u00eancia desses mentores n\u00e3o \u00e9 amplamente reconhecida e raramente \u00e9 abordada pela m\u00eddia. Acredito que mesmo entre os agricultores, muitos desconhecem esses mentores.<\/p>\n<p>Ao trazer \u00e0 tona essa parte em grande parte oculta, espero fazer um filme que permita que pessoas com opini\u00f5es diferentes se entendam e busquem a ess\u00eancia umas das outras, al\u00e9m de conscientizar mais pessoas sobre a realidade da situa\u00e7\u00e3o.<\/p>\n<p>Embora seja uma tarefa muito dif\u00edcil, minha visita a Hokkaido desta vez me fez perceber ainda mais sua import\u00e2ncia.<\/p>\n<h4>A import\u00e2ncia do di\u00e1logo m\u00fatuo<\/h4>\n<p>N\u00e3o existe certo ou errado; ambos os lados t\u00eam seus pontos positivos e negativos, e n\u00e3o acredito que haja uma \u00fanica resposta correta. Em vez de continuarmos a ter diverg\u00eancias de opini\u00e3o, acho que seria melhor se as pessoas se reunissem, conversassem e dialogassem mutuamente.<\/p>\n<h4>Quero fotografar e transmitir as maravilhas da agricultura japonesa.<\/h4>\n<p>Os agricultores que conheci eram todos pessoas muito encantadoras, e suas palavras e a\u00e7\u00f5es eram persuasivas.<\/p>\n<p>A maioria dos moradores das cidades n\u00e3o conhece ou n\u00e3o entende as especificidades das \u00e1reas rurais, da agricultura e das fazendas. Acredito que seja extremamente importante ajudar as pessoas a desenvolverem um sentimento genu\u00edno de gratid\u00e3o pelos agricultores que sustentam suas vidas.<\/p>\n<p>&quot;A paisagem n\u00e3o \u00e9 inteiramente criada pela natureza, mas torna-se poss\u00edvel em grande parte gra\u00e7as aos esfor\u00e7os dos agricultores. Tenho um forte desejo de transmitir a verdadeira realidade desses agricultores. Enquanto eu puder andar, gostaria de viajar pelas \u00e1reas rurais do Jap\u00e3o e mostrar as maravilhas da agricultura japonesa&quot;, disse o diretor Haramura sinceramente.<\/p>\n<figure class=\"wp-caption aligncenter\"><a href=\"https:\/\/photos.google.com\/share\/AF1QipMbTD3bknYfxG30wntrgaoLYZpMqZYv6hbGv0HhC6hSRdEnRzYk0YNB5UibQ2oQ_A\/photo\/AF1QipNNCfSwS5jciRP2Gr8aOo4SnSzPEdZu3pSVxk0?key=dUhLWEFzSDktX3g5dHpGMGNrTGtqc3pWeDVNUUpn\" target=\"_blank\" rel=\"noopener noreferrer\"><img decoding=\"async\" class=\"size-medium\" src=\"https:\/\/lh3.googleusercontent.com\/pw\/ACtC-3cjFC3eEjzxYpzwCgqaFhl5SW1Wyn9hOeSpTpZJrYD0lXLUS9MK6dcKE6K5QcXfEtgHZ0r6kvzZN5oldzmQ-fZfbETy5OJUPoVHzdYHr1x7u61Xl3XsxrQeH-MgOAwrtSa4654abrYl_nyNByDKW_hr=w2000-h1332-no?authuser=0\" alt=\"A conversa foi animada!\" width=\"1998\" height=\"1332\" \/><\/a><figcaption class=\"wp-caption-text\">A conversa foi animada!<\/figcaption><\/figure>\n<h3>A hist\u00f3ria de Mamoru Segawa<\/h3>\n<p>\ufffc<\/p>\n<figure class=\"wp-caption aligncenter\"><a href=\"https:\/\/photos.google.com\/share\/AF1QipMbTD3bknYfxG30wntrgaoLYZpMqZYv6hbGv0HhC6hSRdEnRzYk0YNB5UibQ2oQ_A\/photo\/AF1QipPd-tK0w84j1k2lRWGCq6KNihc8p6xulC3EE-A?key=dUhLWEFzSDktX3g5dHpGMGNrTGtqc3pWeDVNUUpn\" target=\"_blank\" rel=\"noopener noreferrer\"><img decoding=\"async\" class=\"size-medium\" src=\"https:\/\/lh3.googleusercontent.com\/pw\/ACtC-3culQdPMgznylvOMb4ZpEdHLGmykkAzdvRwMhiIgncDRzjQck1kdv2M7GaOB5aIO1mtarTtEjnpzQFhrNtWGzxVSPTDYFkG4ZZazEHPE8A-AVsbVD2OKyKqdNUUmp78Rd7A0kabMpxmFT7fgbwKf1_m=w2000-h1332-no?authuser=0\" alt=\"Sr.\" width=\"1998\" height=\"1332\" \/><\/a><figcaption class=\"wp-caption-text\">Sr.<\/figcaption><\/figure>\n<blockquote><p>Sr.<\/p>\n<p>Ele \u00e9 o criador da &quot;Melancia Densuke&quot; da cidade de Toma. Atualmente, pratica agricultura org\u00e2nica em uma \u00e1rea de mais de 100 cho (aproximadamente 40 hectares). Fundou a Associa\u00e7\u00e3o de Pesquisa Vida Verde de Toma em 1990 (Heisei 2). Produz arroz cultivado especialmente para esse fim e incorporou a corpora\u00e7\u00e3o de produ\u00e7\u00e3o agr\u00edcola Toma Green Life LLC em 1998 (Heisei 10), e continua a se dedicar vigorosamente \u00e0 agricultura org\u00e2nica.<\/p><\/blockquote>\n<p>&quot;A ideia para este evento surgiu a pedido de Tokuji Hisada, presidente da Associa\u00e7\u00e3o de Sementes de Hokkaido, que nos solicitou que apresent\u00e1ssemos os agricultores que est\u00e3o colhendo sementes.&quot;<\/p>\n<h4>Corpora\u00e7\u00e3o de Produ\u00e7\u00e3o Agr\u00edcola Toma Green Life (Cidade de Toma)<\/h4>\n<p>Nossa organiza\u00e7\u00e3o pratica agricultura org\u00e2nica em 10 hectares de arrozais, al\u00e9m de cultivar hortali\u00e7as, lavouras e produtos de horticultura em estufa, todos cultivados organicamente. N\u00e3o utilizamos fertilizantes qu\u00edmicos em nossos 117 hectares de planta\u00e7\u00f5es nos \u00faltimos 10 anos.<\/p>\n<h4>A voz de Deus: &quot;Mude o mundo&quot;<\/h4>\n<p>Hoje, com o avan\u00e7o das redes, podemos compreender a situa\u00e7\u00e3o mundial simplesmente dando um passo para fora de casa, e podemos obter informa\u00e7\u00f5es claras sobre a situa\u00e7\u00e3o atual no Jap\u00e3o todos os dias. Apesar disso, acredito que ainda h\u00e1 pessoas que se perguntam por que a situa\u00e7\u00e3o no Jap\u00e3o n\u00e3o est\u00e1 mudando muito.<\/p>\n<p>No entanto, com a sobreposi\u00e7\u00e3o atual de v\u00e1rios problemas, como as quest\u00f5es relacionadas a pesticidas e sementes, sinto que estamos vivendo um momento de grande transforma\u00e7\u00e3o vindo de Deus, que nos diz: &quot;\u00c9 hora de mudar o mundo&quot;.<\/p>\n<p>H\u00e1 todo tipo de informa\u00e7\u00e3o dispon\u00edvel online sobre esses assuntos. Um dos motivos \u00e9 que dados mostram uma clara correla\u00e7\u00e3o entre a quantidade de pesticidas utilizados e a incid\u00eancia de dist\u00farbios de desenvolvimento em crian\u00e7as. Quando vi esses dados, senti que n\u00f3s, agricultores, como produtores agr\u00edcolas, precis\u00e1vamos mudar a forma como praticamos a agricultura.<\/p>\n<p>Sem exagerar, acredito que, a menos que mudemos a forma como praticamos a agricultura, podemos nos tornar criminosos que criam doen\u00e7as. Penso que os agricultores precisam abordar a &quot;produ\u00e7\u00e3o&quot; agr\u00edcola com esse n\u00edvel de consci\u00eancia.<\/p>\n<h4>Alimento que sustenta a vida<\/h4>\n<p>&quot;Acredito que este \u00e9 um momento crucial para os agricultores levarem a s\u00e9rio a ideia de que &#039;alimento \u00e9 o elemento mais importante para a sobreviv\u00eancia&#039; e mudarem sua mentalidade mais uma vez. Acredito firmemente que chegou a hora de os agricultores rurais se manifestarem com veem\u00eancia para transformar a agricultura japonesa. Conto com o seu apoio cont\u00ednuo&quot;, afirmou o agricultor org\u00e2nico Mamoru Segawa.<br \/>\n\ufffc<\/p>\n<figure class=\"wp-caption aligncenter\"><a href=\"https:\/\/photos.google.com\/share\/AF1QipMbTD3bknYfxG30wntrgaoLYZpMqZYv6hbGv0HhC6hSRdEnRzYk0YNB5UibQ2oQ_A\/photo\/AF1QipP2GYrW0fHfHYQwTjBkgCCag6QU1WJ5MbaMuYs?key=dUhLWEFzSDktX3g5dHpGMGNrTGtqc3pWeDVNUUpn\" target=\"_blank\" rel=\"noopener noreferrer\"><img decoding=\"async\" class=\"size-medium\" src=\"https:\/\/lh3.googleusercontent.com\/pw\/ACtC-3f6lRuKzHYJo-h8MJFZvJNunIJgdiBcX9wVbuSA-X226GJNlRcRiw2jyvyyV2i_YZ3aEay1UPqL2Rw8mm5y-A_8r-CqHAewfSZBySdUpXFIj_HuFjU34HNzVus6qeZycmi_8zNqvWWrDHvPhRtIKBMo=w2000-h1332-no?authuser=0\" alt=\"&quot;Alimento que sustenta a vida!&quot;\" width=\"1998\" height=\"1332\" \/><\/a><figcaption class=\"wp-caption-text\">&quot;Alimento que sustenta a vida!&quot;<\/figcaption><\/figure>\n<h3>troca de opini\u00f5es<\/h3>\n<p>Ocorreu uma troca de opini\u00f5es com os participantes, liderada pelo Sr. Yamada e pelo Diretor Haramura.<br \/>\n\ufffc<\/p>\n<figure class=\"wp-caption aligncenter\"><a href=\"https:\/\/photos.google.com\/share\/AF1QipMbTD3bknYfxG30wntrgaoLYZpMqZYv6hbGv0HhC6hSRdEnRzYk0YNB5UibQ2oQ_A\/photo\/AF1QipMk2rDeBBHD6cShHaOfVsxd8K80naDDoDz5E_E?key=dUhLWEFzSDktX3g5dHpGMGNrTGtqc3pWeDVNUUpn\" target=\"_blank\" rel=\"noopener noreferrer\"><img decoding=\"async\" class=\"size-medium\" src=\"https:\/\/lh3.googleusercontent.com\/pw\/ACtC-3cKz2sdWU1VBU1MpJ0uLO5Czq5kW-FQcp1JdpCvVW-zQsspLCiPxzA9aOH3zNWbS60LMPyioH2caORGQvOM7MjeUYlXbs2w2x5Sk-Np_gD8IrU4xv9FDfiLLBIJiwYtbJR8ZXfC1TkyxU8uZjcze0i0=w2000-h1332-no?authuser=0\" alt=\"Discurso do Presidente Takada\" width=\"1998\" height=\"1332\" \/><\/a><figcaption class=\"wp-caption-text\">Discurso do Presidente Takada<\/figcaption><\/figure>\n<p>\ufffc<\/p>\n<figure class=\"wp-caption aligncenter\"><a href=\"https:\/\/photos.google.com\/share\/AF1QipMbTD3bknYfxG30wntrgaoLYZpMqZYv6hbGv0HhC6hSRdEnRzYk0YNB5UibQ2oQ_A\/photo\/AF1QipMDThQLpcabw0_BuANOFi9M1wd-JXT9isZwQMw?key=dUhLWEFzSDktX3g5dHpGMGNrTGtqc3pWeDVNUUpn\" target=\"_blank\" rel=\"noopener noreferrer\"><img decoding=\"async\" class=\"size-medium\" src=\"https:\/\/lh3.googleusercontent.com\/pw\/ACtC-3cv9RI7mCwHbNZpHLz1Ugiu4Y-5Ct8yqAsEafgbl9NoxBffFgphNzGKrbnLQt9HrqKfYuspguRKa1IF9-wokaAPbsh4Hr3Xgn6k31iVy149atuo9uIxmb8-Ak2Lrz473BGgDcAcNw0GJ_8T-vS5wUR4=w2000-h1332-no?authuser=0\" alt=\"Uma hist\u00f3ria de Kazuo Kimura\" width=\"1998\" height=\"1332\" \/><\/a><figcaption class=\"wp-caption-text\">Uma hist\u00f3ria de Kazuo Kimura<\/figcaption><\/figure>\n<h2>Reuni\u00e3o de interc\u00e2mbio<\/h2>\n<p>O encontro social aconteceu em um local diferente. Os convidados desfrutaram de comidas deliciosas do Sunflower Park Hokuryu Onsen, degustaram bebidas alco\u00f3licas e fortaleceram seus la\u00e7os de amizade em um ambiente harmonioso.<br \/>\n\ufffc<\/p>\n<figure class=\"wp-caption aligncenter\"><a href=\"https:\/\/photos.google.com\/share\/AF1QipMbTD3bknYfxG30wntrgaoLYZpMqZYv6hbGv0HhC6hSRdEnRzYk0YNB5UibQ2oQ_A\/photo\/AF1QipPflYdE_lER26aQ8VP--z8QS0LjeR3pnilA9hQ?key=dUhLWEFzSDktX3g5dHpGMGNrTGtqc3pWeDVNUUpn\" target=\"_blank\" rel=\"noopener noreferrer\"><img decoding=\"async\" class=\"size-medium\" src=\"https:\/\/lh3.googleusercontent.com\/pw\/ACtC-3fCajQFg1OqgPwuZUww1ceKTJi_KkT8f3zb5rNx_MsN9WFdVugUQtjGpFWQr-lz-RTj6xXC5ldH3bybYJgTHxElUuZmKG0KiaH8pKUhJkmVxJpP1F1iDBJl0vy0lMeN6ALkci4CkPmsCJXyAokmlicN=w2000-h1332-no?authuser=0\" alt=\"sa\u00fade!!!\" width=\"1998\" height=\"1332\" \/><\/a><figcaption class=\"wp-caption-text\">sa\u00fade!!!<\/figcaption><\/figure>\n<figure class=\"wp-caption aligncenter\"><a href=\"https:\/\/photos.google.com\/share\/AF1QipMbTD3bknYfxG30wntrgaoLYZpMqZYv6hbGv0HhC6hSRdEnRzYk0YNB5UibQ2oQ_A\/photo\/AF1QipPs0QLUEYB_1xv9h9o0oEKZDTRy0_bliLjq4_M?key=dUhLWEFzSDktX3g5dHpGMGNrTGtqc3pWeDVNUUpn\" target=\"_blank\" rel=\"noopener noreferrer\"><img decoding=\"async\" class=\"size-medium\" src=\"https:\/\/lh3.googleusercontent.com\/pw\/ACtC-3fdyqlJDzYbL7gr5TR-eYYsUitNK1OfXPEb6dqiiay5DSj7TxCmmD3DNh4rEQxBFuyTa5qmbRu8IwkcA2o5H_WYbzjFK37nNgGDD77W7oXTzpJ3NvKdBwopTM2qXd7EvE8Y2-DIy14I1um6dq3PvvWQ=w2000-h1332-no?authuser=0\" alt=\"O esp\u00edrito da hospitalidade!\" width=\"1998\" height=\"1332\" \/><\/a><figcaption class=\"wp-caption-text\">O esp\u00edrito da hospitalidade!<\/figcaption><\/figure>\n<figure class=\"wp-caption aligncenter\"><a href=\"https:\/\/photos.google.com\/share\/AF1QipMbTD3bknYfxG30wntrgaoLYZpMqZYv6hbGv0HhC6hSRdEnRzYk0YNB5UibQ2oQ_A\/photo\/AF1QipP7GB4NaSg8b7kslptUDV1eocT1W1y2W3IHdaU?key=dUhLWEFzSDktX3g5dHpGMGNrTGtqc3pWeDVNUUpn\" target=\"_blank\" rel=\"noopener noreferrer\"><img decoding=\"async\" class=\"size-medium\" src=\"https:\/\/lh3.googleusercontent.com\/pw\/ACtC-3e_QsG1wF4D-hFV-GBXFyp7g1LSYYC8ZMUfld9l-pMr8sfNYEKTqYv8JNG2cWTe6YbCJrlcZBZSFVuC7GPadIDv3hsPZERLw_UIzctZ-vLv1Pk4cY0WNhvSLDSX8Iwf-8V9JO1U_BB6nQJrt5D5RelD=w1402-h935-no?authuser=0\" alt=\"Com gratid\u00e3o por esta conex\u00e3o maravilhosa!!!\" width=\"1998\" height=\"1332\" \/><\/a><figcaption class=\"wp-caption-text\">Com gratid\u00e3o por esta conex\u00e3o maravilhosa!!!<\/figcaption><\/figure>\n<h2>No dia seguinte, fomos at\u00e9 o local para filmar nos campos de soja de Kurosengoku.<\/h2>\n<p>Na manh\u00e3 seguinte, foi realizada uma grava\u00e7\u00e3o em v\u00eddeo de uma conversa entre Yamada e membros da Cooperativa Comercial de Kurosengoku nos campos de soja de Kurosengoku.<\/p>\n<p>O Sr. Yamada ouviu atentamente as palavras sinceras dos produtores e as levou a s\u00e9rio.<br \/>\n\ufffc<\/p>\n<figure class=\"wp-caption alignnone\"><a href=\"https:\/\/photos.google.com\/share\/AF1QipMbTD3bknYfxG30wntrgaoLYZpMqZYv6hbGv0HhC6hSRdEnRzYk0YNB5UibQ2oQ_A\/photo\/AF1QipPGFVcYigVhct_efiI9xmGrs_5f6mMZg_QK_AU?key=dUhLWEFzSDktX3g5dHpGMGNrTGtqc3pWeDVNUUpn\" target=\"_blank\" rel=\"noopener noreferrer\"><img decoding=\"async\" class=\"size-medium\" src=\"https:\/\/lh3.googleusercontent.com\/pw\/ACtC-3edu8N-yrUPjsh7mPTV5elfqnNObhtrNr1VKymD7AtEFVkApwVbreNdtTmNQRsMD20q12b9_MOLogNKqEkuEgb0muHvP7bKZstoMtmsTmZBN03ZkhbNQkptKlJo7P7HaORY51gZRM0gAjM6QyzSbii1=w1920-h1080-no?authuser=0\" alt=\"No campo de soja de Kurosengoku!\" width=\"1920\" height=\"1080\" \/><\/a><figcaption class=\"wp-caption-text\">No campo de soja de Kurosengoku!<\/figcaption><\/figure>\n<figure class=\"wp-caption aligncenter\"><a href=\"https:\/\/photos.google.com\/share\/AF1QipMbTD3bknYfxG30wntrgaoLYZpMqZYv6hbGv0HhC6hSRdEnRzYk0YNB5UibQ2oQ_A\/photo\/AF1QipOj0wPKDE9og8977GpoSPoJXlpz2Qxqfv6zLEE?key=dUhLWEFzSDktX3g5dHpGMGNrTGtqc3pWeDVNUUpn\" target=\"_blank\" rel=\"noopener noreferrer\"><img decoding=\"async\" class=\"size-medium\" src=\"https:\/\/lh3.googleusercontent.com\/pw\/ACtC-3fVVueTLbzbSBPtWDcIKeLsj5DH3kg_m1_VXGW75pVLzZmgRpbQW60xAa-Mgvf2QfMe7JMH2-qh1K7-Ud5hJ2bHx5UJ-mradeRCamuwR1Ddj5WaHbSJ-1Ee97_k4kh2lZYykM5E8Xm-iigmplI9aszJ=w1920-h1080-no?authuser=0\" alt=\"Estar perto do cora\u00e7\u00e3o dos produtores...\" width=\"1920\" height=\"1080\" \/><\/a><figcaption class=\"wp-caption-text\">Estar perto do cora\u00e7\u00e3o dos produtores...<\/figcaption><\/figure>\n<p>A agricultura japonesa est\u00e1 mudando \u00e0 medida que tomamos consci\u00eancia dos v\u00e1rios problemas ocultos na Lei de Sementes e Mudas e no mundo desconhecido.<\/p>\n<p>Fiquei profundamente comovido com sua determina\u00e7\u00e3o em avan\u00e7ar com cuidado e meticulosidade, passo a passo, para esclarecer o mundo da agricultura em constante transforma\u00e7\u00e3o, e sou verdadeiramente grato pelas maravilhosas conex\u00f5es que fizemos. Muito obrigado!!!<\/p>\n<p>Com amor, gratid\u00e3o e ora\u00e7\u00f5es infinitas aos grandes esp\u00edritos dos agricultores que protegem as sementes que cont\u00eam a vida e cultivam os alimentos que sustentam a vida...<\/p>\n<figure class=\"wp-caption aligncenter\"><a href=\"https:\/\/photos.google.com\/share\/AF1QipMbTD3bknYfxG30wntrgaoLYZpMqZYv6hbGv0HhC6hSRdEnRzYk0YNB5UibQ2oQ_A\/photo\/AF1QipMJPlwkAoF0x8a07d3tTf_zHTmTByeaIQy21ZQ?key=dUhLWEFzSDktX3g5dHpGMGNrTGtqc3pWeDVNUUpn\" target=\"_blank\" rel=\"noopener noreferrer\"><img decoding=\"async\" class=\"size-medium\" src=\"https:\/\/lh3.googleusercontent.com\/pw\/ACtC-3dmX3pFE62uujB1PrsoKVPB365YDOaH7fVaew2mefTYvoDEz2oHjb38lQmIHEMI7cpToaBV-JSkU7egZQ7IaSBYPTZW4PIe7yRZffvvOVxinmPe-9zhZ3TibDmPXB1vr04MwFG1f_RGhc5HCSxE3Bxv=w2000-h1332-no?authuser=0\" alt=\"Com sincera gratid\u00e3o \u00e0 terra que nutre a vida...\" width=\"1998\" height=\"1332\" \/><\/a><figcaption class=\"wp-caption-text\">Com sincera gratid\u00e3o \u00e0 terra que nutre a vida...<\/figcaption><\/figure>\n\u3000<\/p>\n<h2>Adendo: O site oficial de &quot;Whose Seed is It?&quot; j\u00e1 est\u00e1 no ar! Inscri\u00e7\u00f5es abertas para exibi\u00e7\u00f5es independentes (Shindo Fuji Corporation).<\/h2>\n<p><center><iframe width=\"560\" height=\"315\" src=\"https:\/\/www.youtube.com\/embed\/7Fbpgdg6EB0\" frameborder=\"0\" allow=\"accelerometer; autoplay; clipboard-write; encrypted-media; gyroscope; picture-in-picture\" allowfullscreen><\/iframe><\/center><\/p>\n<p><strong><span style=\"color: #ff9900;\">\u25b6<\/span><a href=\"https:\/\/kiroku-bito.com\/tanedare\/\" target=\"_blank\" rel=\"noopener noreferrer\"><span style=\"font-size: 18px;\"> Para obter mais detalhes, visite o site da Shindo Fuji General Incorporated Association (Representante: Masahiko Yamada) &gt;&gt;<\/span><\/a><\/strong><\/p>\n<figure class=\"wp-caption aligncenter\"><a href=\"https:\/\/kiroku-bito.com\/tanedare\/\" target=\"_blank\" rel=\"noopener noreferrer\"><img decoding=\"async\" class=\"size-full wp-image-5194 aligncenter\" style=\"border: solid 1px blue;\" src=\"https:\/\/portal.hokuryu.info\/wp\/wp-content\/uploads\/2020\/06\/tanedare_chirashi_omote_1004_v2.jpg\" alt=\"&quot;De quem s\u00e3o essas sementes?&quot; Site oficial\" width=\"400\" \/><figcaption class=\"wp-caption-text\">&quot;De quem s\u00e3o essas sementes?&quot; Site oficial<\/a><\/figcaption><\/figure>\n\u3000\u3000<\/p>\n<h2>Outras fotos<\/h2>\n<p>\u30fb<a href=\"https:\/\/photos.google.com\/share\/AF1QipMbTD3bknYfxG30wntrgaoLYZpMqZYv6hbGv0HhC6hSRdEnRzYk0YNB5UibQ2oQ_A?key=dUhLWEFzSDktX3g5dHpGMGNrTGtqc3pWeDVNUUpn\" target=\"_blank\" rel=\"noopener noreferrer\">O ex-ministro da Agricultura, Florestas e Pescas, Masahiko Yamada, e o cineasta Masaki Haramura visitam a cidade de Hokuryu (122 fotos) aqui &gt;&gt;<\/a><br \/>\n\u3000<\/p>\n<h2>Artigos e sites relacionados<\/h2>\n\n        <div class=\"site-blogcard-premium\">\n            <div class=\"bc-label-custom\">Artigos relacionados<\/div>\n            <div class=\"bc-flex-container\">\n                <div class=\"bc-main-text\">\n                    <div class=\"bc-title-link-box\">\n                        <a href=\"https:\/\/portal.hokuryu.info\/pt\/4836\/\" target=\"_blank\">https:\/\/portal.hokuryu.info\/4836<\/a>\n                    <\/div>\n                    <div class=\"bc-excerpt-box\">N\u00e3o foi poss\u00edvel recuperar as informa\u00e7\u00f5es da p\u00e1gina.<\/div>\n                <\/div>\n                <div class=\"bc-thumbnail-box\">\n                    <a href=\"https:\/\/portal.hokuryu.info\/pt\/4836\/\" target=\"_blank\">\n                        <div class=\"bc-img-zoom-wrap\">\n                            <img decoding=\"async\" src=\"https:\/\/portal.hokuryu.info\/wp\/wp-content\/uploads\/2026\/02\/20230802DSC06445_1.jpg\" alt=\"https:\/\/portal.hokuryu.info\/4836\">\n                        <\/div>\n                    <\/a>\n                <\/div>\n            <\/div>\n        <\/div>\n\n        <div class=\"site-blogcard-premium\">\n            <div class=\"bc-label-custom\">Artigos relacionados<\/div>\n            <div class=\"bc-flex-container\">\n                <div class=\"bc-main-text\">\n                    <div class=\"bc-title-link-box\">\n                        <a href=\"https:\/\/portal.hokuryu.info\/pt\/4841\/\" target=\"_blank\">https:\/\/portal.hokuryu.info\/4841<\/a>\n                    <\/div>\n                    <div class=\"bc-excerpt-box\">N\u00e3o foi poss\u00edvel recuperar as informa\u00e7\u00f5es da p\u00e1gina.<\/div>\n                <\/div>\n                <div class=\"bc-thumbnail-box\">\n                    <a href=\"https:\/\/portal.hokuryu.info\/pt\/4841\/\" target=\"_blank\">\n                        <div class=\"bc-img-zoom-wrap\">\n                            <img decoding=\"async\" src=\"https:\/\/portal.hokuryu.info\/wp\/wp-content\/uploads\/2026\/02\/20230802DSC06445_1.jpg\" alt=\"https:\/\/portal.hokuryu.info\/4841\">\n                        <\/div>\n                    <\/a>\n                <\/div>\n            <\/div>\n        <\/div>\n<h3>Senhor Masahiko Yamada<\/h3>\n<p>Masahiko Yamada: N\u00e3o deixem que a revis\u00e3o da Lei de Sementes e Mudas arruine os planos centen\u00e1rios da na\u00e7\u00e3o.<\/p>\n<p><center><iframe src=\"https:\/\/www.youtube.com\/embed\/wouYXFQDrWw\" width=\"560\" height=\"315\" frameborder=\"0\" allowfullscreen=\"allowfullscreen\"><\/iframe><\/center><\/p>\n<h3>Diretor Masaki Haramura<\/h3>\n<p>\u30fbTrailer do filme &quot;Quero Ser Fazendeiro&quot;<\/p>\n<p><center><iframe src=\"https:\/\/www.youtube.com\/embed\/P4PAa11WfiY\" width=\"560\" height=\"315\" frameborder=\"0\" allowfullscreen=\"allowfullscreen\"><\/iframe><\/center><\/p>\n<figure class=\"wp-caption aligncenter\"><a href=\"https:\/\/www.kiroku-bito.com\/ohyakusho-san\/?fbclid=IwAR1nf50IgRx-AifOzxEMFEFjFOj2aw3z1GxMdTexb94otV8MgBXmQZga_e8#top\" target=\"_blank\" rel=\"noopener noreferrer\"><img decoding=\"async\" class=\"size-medium\" style=\"border: solid 1px blue;\" src=\"https:\/\/lh3.googleusercontent.com\/pw\/ACtC-3fFCmBa--3IEt2qbZRD5CCaHoNbfBWFKBBWxkwZKvH1sj-AevBRg7gBBUomDIstk04S8qO5qhUP68cWVMs-uxoDy3cmqX0rF_XZqAO7UFufZlf9LIfYr4NK4ax0qI7TFSBWXtUCS3n01eh5FnLvNU0u=w1402-h741-no?authuser=0\" alt=\"Site do filme &quot;I Want to Be a Farmer&quot;\" width=\"1402\" height=\"741\" \/><\/a><figcaption class=\"wp-caption-text\">Site do filme &quot;I Want to Be a Farmer&quot;<\/figcaption><\/figure>\n<p>&nbsp;<\/p>\n<h3>Sr.<\/h3>\n<p>Para o futuro, &quot;As sementes s\u00e3o suas&quot;, de Mamoru Segawa e Ryoji Kikura, Associa\u00e7\u00e3o de Pesquisa em Agricultura Org\u00e2nica de Hokkaido.<\/p>\n<p><center><iframe src=\"https:\/\/www.youtube.com\/embed\/v0xB1ZO8iGM\" width=\"560\" height=\"315\" frameborder=\"0\" allowfullscreen=\"allowfullscreen\"><\/iframe><\/center><\/p>\n<h3>Senhor Ryoji Kikura<\/h3>\n<p>Para o futuro: Ryoji Okura, um pioneiro da agricultura org\u00e2nica em Hokkaido.<\/p>\n<p><center><iframe src=\"https:\/\/www.youtube.com\/embed\/G6AUo4fHCPQ\" width=\"560\" height=\"315\" frameborder=\"0\" allowfullscreen=\"allowfullscreen\"><\/iframe><\/center><\/p>\n<p>\u25c7 Fotografia e edi\u00e7\u00e3o: Noboru Terauchi Entrevista e texto: Ikuko Terauchi<\/p>","protected":false},"excerpt":{"rendered":"<p>\uff12\uff10\uff12\uff10\u5e74\uff16\u6708\uff12\uff15\u65e5\uff08\u6728\uff09 \uff16\u6708\uff12\uff11\u65e5\uff08\u65e5\uff09\u30fb\uff12\uff12\u65e5\uff08\u6708\uff09\u306e\uff12\u65e5\u9593\u306b\u4e98\u308a\u3001\u5317\u7adc\u753a\u306b\u3066\u3001\u5c71\u7530\u6b63\u5f66 \u6c0f(\u5143\u8fb2\u6797\u6c34\u7523\u5927\u81e3\u30fb\u5f01\u8b77\u58eb\u30fb\u65e5\u672c\u306e\u7a2e\u5b50\uff08\u305f\u306d\uff09\u3092\u5b88\u308b\u4f1a\u9867\u554f\uff09\u3001\u539f\u6751\u653f\u6a39 \u6620\u753b\u76e3\u7763\u306b\u3088\u308b\u3001\u30c9\u30ad\u30e5\u30e1\u30f3\u30bf\u30ea\u30fc [&hellip;]<\/p>\n","protected":false},"author":1,"featured_media":3311,"comment_status":"open","ping_status":"open","sticky":false,"template":"","format":"standard","meta":{"footnotes":""},"categories":[4],"tags":[],"class_list":["post-3277","post","type-post","status-publish","format-standard","has-post-thumbnail","hentry","category-cover-story"],"_links":{"self":[{"href":"https:\/\/portal.hokuryu.info\/pt\/wp-json\/wp\/v2\/posts\/3277","targetHints":{"allow":["GET"]}}],"collection":[{"href":"https:\/\/portal.hokuryu.info\/pt\/wp-json\/wp\/v2\/posts"}],"about":[{"href":"https:\/\/portal.hokuryu.info\/pt\/wp-json\/wp\/v2\/types\/post"}],"author":[{"embeddable":true,"href":"https:\/\/portal.hokuryu.info\/pt\/wp-json\/wp\/v2\/users\/1"}],"replies":[{"embeddable":true,"href":"https:\/\/portal.hokuryu.info\/pt\/wp-json\/wp\/v2\/comments?post=3277"}],"version-history":[{"count":0,"href":"https:\/\/portal.hokuryu.info\/pt\/wp-json\/wp\/v2\/posts\/3277\/revisions"}],"wp:featuredmedia":[{"embeddable":true,"href":"https:\/\/portal.hokuryu.info\/pt\/wp-json\/wp\/v2\/media\/3311"}],"wp:attachment":[{"href":"https:\/\/portal.hokuryu.info\/pt\/wp-json\/wp\/v2\/media?parent=3277"}],"wp:term":[{"taxonomy":"category","embeddable":true,"href":"https:\/\/portal.hokuryu.info\/pt\/wp-json\/wp\/v2\/categories?post=3277"},{"taxonomy":"post_tag","embeddable":true,"href":"https:\/\/portal.hokuryu.info\/pt\/wp-json\/wp\/v2\/tags?post=3277"}],"curies":[{"name":"wp","href":"https:\/\/api.w.org\/{rel}","templated":true}]}}