{"id":3202,"date":"2020-06-22T06:40:57","date_gmt":"2020-06-21T21:40:57","guid":{"rendered":"https:\/\/portal.hokuryu.info\/?p=3202"},"modified":"2025-03-10T16:36:46","modified_gmt":"2025-03-10T07:36:46","slug":"post-3202","status":"publish","type":"post","link":"https:\/\/portal.hokuryu.info\/pt\/3202\/","title":{"rendered":"Inaugura\u00e7\u00e3o da loja de vendas diretas de produtos agr\u00edcolas e pecu\u00e1rios da cidade de Hokuryu, Minoritch Hokuryu!"},"content":{"rendered":"<p>Segunda-feira, 22 de junho de 2020<\/p>\n<p>No s\u00e1bado, 20 de junho, \u00e0s 9h, a Minoritch Hokuryu, uma loja de venda direta de produtos agr\u00edcolas e pecu\u00e1rios na cidade de Hokuryu (gerente: Mikio Hara), realizar\u00e1 sua grande inaugura\u00e7\u00e3o deste ano!<\/p>\n<h2>Cerim\u00f4nia de inaugura\u00e7\u00e3o<\/h2>\n<figure class=\"wp-caption aligncenter\"><a href=\"https:\/\/photos.google.com\/share\/AF1QipPaMh65hLCXzAVrh-U2WWrF48f6v65ztRX9kYUynfTZpDz0alneR2ea-vZ5eo2QHg\/photo\/AF1QipPOMDMoC6JqjhfbUyazw_FyzDybY9eCDyHSddQ?key=UWNZVTZLN0k5Q0kzblZWOTNCOHNzR01JVGYxNU1B\" target=\"_blank\" rel=\"noopener noreferrer\"><img decoding=\"async\" src=\"https:\/\/lh3.googleusercontent.com\/pw\/ACtC-3dnebuJwQ9NS1vCm50QhNMFHfIuemmcT8RuzdLShdBG2ikIPX9snkoZl52igRAF8s1MWd1eOg6qNhuvAHmjF0_q8MP5OxJRM5NvYKWBOkZ_u_r08zdg5n4IEjk7vI9wlx1eD3iKg7nRhqCHump5rDaT=w2000-h1332-no?authuser=0\" width=\"1998\" height=\"1332\" alt=\"Inaugura\u00e7\u00e3o da loja de venda direta de produtos agr\u00edcolas e pecu\u00e1rios da cidade de Hokuryu, Minoritch Hokuryu.\" class=\"size-medium\" \/><\/a><figcaption class=\"wp-caption-text\">Inaugura\u00e7\u00e3o da loja de venda direta de produtos agr\u00edcolas e pecu\u00e1rios da cidade de Hokuryu, Minoritch Hokuryu.<\/figcaption><\/figure>\n<h3>Desempenho de Hokuryu Taiko<\/h3>\n<p>Para comemorar a inaugura\u00e7\u00e3o, o grupo Hokuryu Taiko apresentou duas m\u00fasicas: &quot;Harvest Celebration Taiko&quot; e &quot;River Banquet&quot;.<\/p>\n<figure class=\"wp-caption aligncenter\"><a href=\"https:\/\/photos.google.com\/share\/AF1QipPaMh65hLCXzAVrh-U2WWrF48f6v65ztRX9kYUynfTZpDz0alneR2ea-vZ5eo2QHg\/photo\/AF1QipMOQHSQJK2037b1r37Q7CdvkJC6L0kCQ5X6mDg?key=UWNZVTZLN0k5Q0kzblZWOTNCOHNzR01JVGYxNU1B\" target=\"_blank\" rel=\"noopener noreferrer\"><img decoding=\"async\" src=\"https:\/\/lh3.googleusercontent.com\/pw\/ACtC-3dL-b1JFAKaGxDyaM02KGSj8pLT2M4Uk5Vm2AWwxg_jhknHQdPK5I8hLmmlGwPVpBA5W6faSGnI-55WInWIqP1ufUrQTr5bpeRYWU8t3m3s8vyfoEhplddkhjUfvZUgdX2eWzmQJaQYFoyMcHt68XgH=w2000-h1332-no?authuser=0\" width=\"1998\" height=\"1332\" alt=\"Apresenta\u00e7\u00e3o dos membros do Hokuryu Taiko\" class=\"size-medium\" \/><\/a><figcaption class=\"wp-caption-text\">Apresenta\u00e7\u00e3o dos membros do Hokuryu Taiko<\/figcaption><\/figure>\n<h4>&quot;Banquete do Rio Rai&quot; Compositor: Kimihiko Matsumura, Representante do Grupo Matsumura de Taiko Japon\u00eas<\/h4>\n<p>Uma apresenta\u00e7\u00e3o de &quot;Kawarai no Utage&quot; acompanhada por flauta...<br \/>\n\ufffc<br \/>\n<figure class=\"wp-caption aligncenter\"><a href=\"https:\/\/photos.google.com\/share\/AF1QipPaMh65hLCXzAVrh-U2WWrF48f6v65ztRX9kYUynfTZpDz0alneR2ea-vZ5eo2QHg\/photo\/AF1QipNu776WH51hiJa-kye5alKmZ0vzXLKE_zozIxw?key=UWNZVTZLN0k5Q0kzblZWOTNCOHNzR01JVGYxNU1B\" target=\"_blank\" rel=\"noopener noreferrer\"><img decoding=\"async\" src=\"https:\/\/lh3.googleusercontent.com\/pw\/ACtC-3clPQRFresHZumR_5TarP6EtLEXrdzzhnGkHTXOUSX-0YlC1MHHCpjzqmjfpCKYr72ERyc5OVq8CNTC_5KJsSVBh_9cNFJApjGuQFbFYJ-8q_37URawbHlRtSz7lWfWlG4x1WzOynOoOfVF9jwCQmhg=w2000-h1332-no?authuser=0\" width=\"1998\" height=\"1332\" alt=\"Interpretada a m\u00fasica &quot;River Rai no Utage&quot;, acompanhada por flauta...\" class=\"size-medium\" \/><\/a><figcaption class=\"wp-caption-text\">Interpretada a m\u00fasica &quot;River Rai no Utage&quot;, acompanhada por flauta...<\/figcaption><\/figure>\n<p>&quot;&#039;Senrai no En&#039; (Festa da Ascens\u00e3o do Rio) \u00e9 uma can\u00e7\u00e3o composta por Kimihiko Matsumura, representante do Grupo Matsumura de Taiko japon\u00eas, para o grupo Sorachi Taiko. &#039;Rai&#039; refere-se aos sons da natureza, flautas e resson\u00e2ncia.&quot;<\/p>\n<p>&quot;Esta m\u00fasica foi composta com a imagem dos sons dos v\u00e1rios rios de Sorachi se sobrepondo e ressoando uns com os outros, e das conex\u00f5es entre as pessoas e a amig\u00e1vel e vibrante cidade de Sorachi&quot;, disse o percussionista de Taiko, Itagaki Chihiro.<\/p>\n<p>\ufffc<figure class=\"wp-caption aligncenter\"><a href=\"https:\/\/photos.google.com\/share\/AF1QipPaMh65hLCXzAVrh-U2WWrF48f6v65ztRX9kYUynfTZpDz0alneR2ea-vZ5eo2QHg\/photo\/AF1QipPLg7gIWqpXszSK7AvV7t-fGIdWfRqztAqwZsQ?key=UWNZVTZLN0k5Q0kzblZWOTNCOHNzR01JVGYxNU1B\" target=\"_blank\" rel=\"noopener noreferrer\"><img decoding=\"async\" src=\"https:\/\/lh3.googleusercontent.com\/pw\/ACtC-3d4FfFGEzMVAtEF7ggE8D3Vhz2vSfHHwIdDxEY3HtuZL29hph1-AEmM8uIP-vFbyBDK-oDa5nNBLrpja-kT1eff2BKKX8ubYSgrKgC5HCFxM6bfyOK9heImKIkxNwoeGHIwP5RHDTiprbB_4VaKeMvb=w2000-h1332-no?authuser=0\" width=\"1998\" height=\"1332\" alt=\"&quot;Senrai no En&quot; (Festa do Rio) \u00e9 uma obra-prima de Kimihiko Matsumura, do Grupo Matsumura de Tambores Taiko Japoneses.\" class=\"size-medium\" \/><\/a><figcaption class=\"wp-caption-text\">&quot;Senrai no En&quot; (Festa do Rio) \u00e9 uma obra-prima de Kimihiko Matsumura, do Grupo Matsumura de Tambores Taiko Japoneses.<\/figcaption><\/figure>\n<p>Um batimento card\u00edaco heroico, condizente com a abertura, reverberou por todo o local.<\/p>\n<h4>Um batimento card\u00edaco heroico ecoa por todo o local.<\/h4>\n<p>\ufffc<br \/>\n<figure class=\"wp-caption aligncenter\"><a href=\"https:\/\/photos.google.com\/share\/AF1QipPaMh65hLCXzAVrh-U2WWrF48f6v65ztRX9kYUynfTZpDz0alneR2ea-vZ5eo2QHg\/photo\/AF1QipNcp1Eo5323bg9L6DCN4Vh5ssaQnD6hjq9bNNA?key=UWNZVTZLN0k5Q0kzblZWOTNCOHNzR01JVGYxNU1B\" target=\"_blank\" rel=\"noopener noreferrer\"><img decoding=\"async\" src=\"https:\/\/lh3.googleusercontent.com\/pw\/ACtC-3fn09wHCmPAi7BJ3Z7zGkkx2styo4pO54dMfQTVgQIC9tQq9AAx8fvS33fO29iviqz-T4jgvJkP7kFv_JdZo0lSEESeFyx8mUqbET2EihpA0PhDnjgMw4n-9__KSN6QFvg_6htertuF3PMdPpDe9Dnd=w2000-h1332-no?authuser=0\" width=\"1998\" height=\"1332\" alt=\"Um batimento card\u00edaco heroico reverberou por todo o local!!!\" class=\"size-medium\" \/><\/a><figcaption class=\"wp-caption-text\">Um batimento card\u00edaco heroico reverberou por todo o local!!!<\/figcaption><\/figure>\n<h3>Mensagem de Keiko Ozaki, Presidente da Associa\u00e7\u00e3o de Transportadores<\/h3>\n<figure class=\"wp-caption aligncenter\"><a href=\"https:\/\/photos.google.com\/share\/AF1QipPaMh65hLCXzAVrh-U2WWrF48f6v65ztRX9kYUynfTZpDz0alneR2ea-vZ5eo2QHg\/photo\/AF1QipN_VuDqHHWUcys2Z14f7G08V4Dc38sPEVyZxiA?key=UWNZVTZLN0k5Q0kzblZWOTNCOHNzR01JVGYxNU1B\" target=\"_blank\" rel=\"noopener noreferrer\"><img decoding=\"async\" src=\"https:\/\/lh3.googleusercontent.com\/pw\/ACtC-3cttOQPiemZBT9YFqZdR7N6i8cF2HnrXS6sMByraCyYXMv2B2zuSVeiToHxMjTlEMeRVUCCvJLioEAjdxJI0lZ_V8D5mgnOiuflSoEqOKAIgpRtiXV3wCWMWKZ8V_0VDz8Wv87N_a6l8Sa7ieJGLPwm=w2000-h1332-no?authuser=0\" width=\"1998\" height=\"1332\" alt=\"Keiko Ozaki, Presidente da Associa\u00e7\u00e3o de Transportadores\" class=\"size-medium\" \/><\/a><figcaption class=\"wp-caption-text\">Keiko Ozaki, Presidente da Associa\u00e7\u00e3o de Transportadores<\/figcaption><\/figure>\n<p>&quot;Este ano, nossos parceiros de envio trabalharam juntos mais uma vez, semeando antes da chegada da neve e cultivando os vegetais com sucesso. Hoje marca a grande inaugura\u00e7\u00e3o da loja de vendas diretas, Minoritch Hokuryu, e esperamos que todos aproveitem.&quot;<\/p>\n<p>Assim, o ano fiscal de 2020 ser\u00e1 a grande inaugura\u00e7\u00e3o do Minoritch Hokuryu!<\/p>\n<h2>A persiana est\u00e1 aberta!!!<\/h2>\n<p>\u2028<\/p>\n<h3>Uma grande variedade de vegetais colhidos naquela manh\u00e3.<\/h3>\n<figure class=\"wp-caption aligncenter\"><a href=\"https:\/\/photos.google.com\/share\/AF1QipPaMh65hLCXzAVrh-U2WWrF48f6v65ztRX9kYUynfTZpDz0alneR2ea-vZ5eo2QHg\/photo\/AF1QipPbPIj2zyyqEzzPdbTDJJzXz4chONETyztdNIs?key=UWNZVTZLN0k5Q0kzblZWOTNCOHNzR01JVGYxNU1B\" target=\"_blank\" rel=\"noopener noreferrer\"><img decoding=\"async\" src=\"https:\/\/lh3.googleusercontent.com\/pw\/ACtC-3ewWuC-lSpknovW3yD-6kCvthRUQUcxdZKuD-D2y6w0OUIpiMQJFUcAWd5j9MIXpM8JP8wx1c5jKWAHdAK_4UzcD7SeZO7jeqo1BPYsTmnqQSTQnzXeYmU0wmaPjCYJYRhkwmBEGw3ibgInhy9bvqJk=w2000-h1332-no?authuser=0\" width=\"1998\" height=\"1332\" alt=\"Boas-vindas da equipe\" class=\"size-medium\" \/><\/a><figcaption class=\"wp-caption-text\">Boas-vindas da equipe<\/figcaption><\/figure>\n<p>Dentro da loja, voc\u00ea encontrar\u00e1 uma grande variedade de vegetais colhidos naquela manh\u00e3, incluindo as especialidades da cidade de Hokuryu, &quot;Melancia Girassol&quot; e &quot;Mel\u00e3o Girassol&quot;, al\u00e9m de bambu-princesa, mel\u00e3o desbastado, repolho, br\u00f3colis, couve-flor, ervilha-torta, planta-de-gelo, rabanete, nabo, cenoura, batata (Inca&#039;s Awakening), cebola, abobrinha, pepino, tomate, morango e muito mais!!!<\/p>\n<h4>Mel\u00e3o Hokuryu<\/h4>\n<figure class=\"wp-caption aligncenter\"><a href=\"https:\/\/photos.google.com\/share\/AF1QipPaMh65hLCXzAVrh-U2WWrF48f6v65ztRX9kYUynfTZpDz0alneR2ea-vZ5eo2QHg\/photo\/AF1QipPaEsD7fmdjKg17CtN6ux0Zhuwllr4hjI0_N2A?key=UWNZVTZLN0k5Q0kzblZWOTNCOHNzR01JVGYxNU1B\" target=\"_blank\" rel=\"noopener noreferrer\"><img decoding=\"async\" src=\"https:\/\/lh3.googleusercontent.com\/pw\/ACtC-3c1okH_AvmQPJz05KUABXlZb6rN-i1wYcfLmWgprfjr7LvtY7wYiX5Mg27HXAHdUjXhOLxXvODha35dgC5HMq8Xg7QxV-1PnnYXCCQcrV41typbwkwsSkMpE5MUjWl6exJpiz8_AjkpAjOw5_eq9mnT=w2000-h1332-no?authuser=0\" width=\"1998\" height=\"1332\" alt=\"Mel\u00e3o Hokuryu\" class=\"size-medium\" \/><\/a><figcaption class=\"wp-caption-text\">Mel\u00e3o Hokuryu<\/figcaption><\/figure>\n<h4>Girassol Melancia<\/h4>\n<figure class=\"wp-caption aligncenter\"><a href=\"https:\/\/photos.google.com\/share\/AF1QipPaMh65hLCXzAVrh-U2WWrF48f6v65ztRX9kYUynfTZpDz0alneR2ea-vZ5eo2QHg\/photo\/AF1QipM0TsbOVgk9edEsapnpa3aKqOOkD0a9eHJllS4?key=UWNZVTZLN0k5Q0kzblZWOTNCOHNzR01JVGYxNU1B\" target=\"_blank\" rel=\"noopener noreferrer\"><img decoding=\"async\" src=\"https:\/\/lh3.googleusercontent.com\/pw\/ACtC-3dfo8yv9JshjqyDbG9GPUTp1EAhIN_-1_M7m3aG0HXJQ27GcZ_zIDv1yNorhdlO9hzWj7WMYmTmqwhMTLwdJlUiPsnQNmJdgkeDprgWUdY2eIdYthoUIHhBmwxsjcdozcDLtqS4jxzbPrPAoxvxOxKd=w2000-h1332-no?authuser=0\" width=\"1998\" height=\"1332\" alt=\"Girassol Melancia\" class=\"size-medium\" \/><\/a><figcaption class=\"wp-caption-text\">Girassol Melancia<\/figcaption><\/figure>\n<h4>vegetais frescos<\/h4>\n<p>\ufffc<br \/>\n<figure class=\"wp-caption aligncenter\"><a href=\"https:\/\/photos.google.com\/share\/AF1QipPaMh65hLCXzAVrh-U2WWrF48f6v65ztRX9kYUynfTZpDz0alneR2ea-vZ5eo2QHg\/photo\/AF1QipOLoxxw89mjqNkg8afSwiqxuLssaBJ-sZ_NLtc?key=UWNZVTZLN0k5Q0kzblZWOTNCOHNzR01JVGYxNU1B\" target=\"_blank\" rel=\"noopener noreferrer\"><img decoding=\"async\" src=\"https:\/\/lh3.googleusercontent.com\/pw\/ACtC-3fKsNxmrYRsviJeTzVhwTq0ZXKV_EvL-qJzZ1uG2VTq75CMZIgbN9f5B5IVkMtKA0Cf5yq8rkoRPOpPwLzSuTgC1BhDsZAeGDVb4D9u6oJUO_8kk6CL_A8QwM7pbEdjbC11CF_ifRvklzc49xn6lp_w=w2000-h1332-no?authuser=0\" width=\"1998\" height=\"1332\" alt=\"Uma ampla sele\u00e7\u00e3o de vegetais frescos!\" class=\"size-medium\" \/><\/a><figcaption class=\"wp-caption-text\">Uma ampla sele\u00e7\u00e3o de vegetais frescos!<\/figcaption><\/figure>\n<h4>Artesanato da mam\u00e3e<\/h4>\n<p>Tamb\u00e9m est\u00e3o expostos ador\u00e1veis trabalhos manuais feitos por m\u00e3es.<br \/>\n\ufffc<br \/>\n<figure class=\"wp-caption aligncenter\"><a href=\"https:\/\/photos.google.com\/share\/AF1QipPaMh65hLCXzAVrh-U2WWrF48f6v65ztRX9kYUynfTZpDz0alneR2ea-vZ5eo2QHg\/photo\/AF1QipOr-HloWNCK-YIONhHPkoyOEsS1C8BDtS5m24g?key=UWNZVTZLN0k5Q0kzblZWOTNCOHNzR01JVGYxNU1B\" target=\"_blank\" rel=\"noopener noreferrer\"><img decoding=\"async\" src=\"https:\/\/lh3.googleusercontent.com\/pw\/ACtC-3dF-SEZC8_3zj15oRUjkf2pwjJAzc4kFb1-1aEGx_tCfKdjsVgmNg2NFmLAZiQ0Ux63Bdm4bNbL7O6D7DQIZ3c_wscOxVKdSkkiUFwV4qY5wGSRWzTL7df-uBJOXGVSLy_7ahDBwXRP6UCRCo-Y9RO1=w2000-h1332-no?authuser=0\" width=\"1998\" height=\"1332\" alt=\"Cria\u00e7\u00f5es feitas \u00e0 m\u00e3o pela mam\u00e3e\" class=\"size-medium\" \/><\/a><figcaption class=\"wp-caption-text\">Cria\u00e7\u00f5es feitas \u00e0 m\u00e3o pela mam\u00e3e<\/figcaption><\/figure>\n<h4>Abacaxi de Bogor enviado diretamente de Okinawa.<\/h4>\n<p>Os abacaxis de Bogor, enviados diretamente de Okinawa, s\u00e3o abacaxis okinawanos que podem ser despeda\u00e7ados com as m\u00e3os e comidos at\u00e9 o miolo!<br \/>\n\ufffc<br \/>\n<figure class=\"wp-caption aligncenter\"><a href=\"https:\/\/photos.google.com\/share\/AF1QipPaMh65hLCXzAVrh-U2WWrF48f6v65ztRX9kYUynfTZpDz0alneR2ea-vZ5eo2QHg\/photo\/AF1QipN2-3zkXNjDsDiyxmpX-H7sGb9hOtS_s6XQd-E?key=UWNZVTZLN0k5Q0kzblZWOTNCOHNzR01JVGYxNU1B\" target=\"_blank\" rel=\"noopener noreferrer\"><img decoding=\"async\" src=\"https:\/\/lh3.googleusercontent.com\/pw\/ACtC-3fKEQ1BoxB5C-iqY1mDczqWQ0j5QzfzGKXJ0xZ67_t3pewQf-6VWM2SeSuWBr2fXdG7Ca9QjSFndL-IwNToHufFEcwwlNKEPPtxoEOtJI8tQvtdT7uT6jzwdrAxD5HRWwojynWhh67hGZerkkbVRVpT=w2000-h1332-no?authuser=0\" width=\"1998\" height=\"1332\" alt=\"Abacaxi de Bogor, origin\u00e1rio de Okinawa.\" class=\"size-medium\" \/><\/a><figcaption class=\"wp-caption-text\">Abacaxi de Bogor, origin\u00e1rio de Okinawa.<\/figcaption><\/figure>\n<h3>Mudas de flores fofas como presente<\/h3>\n<p>Os clientes que efetuarem uma compra receber\u00e3o uma muda de flor bonita (manjeric\u00e3o, capuchinha (flor comest\u00edvel), \u00e1ster, etc.) como brinde!<br \/>\n\ufffc<br \/>\n<figure class=\"wp-caption aligncenter\"><a href=\"https:\/\/photos.google.com\/share\/AF1QipPaMh65hLCXzAVrh-U2WWrF48f6v65ztRX9kYUynfTZpDz0alneR2ea-vZ5eo2QHg\/photo\/AF1QipMjbG7ACgsdvJyXJxl3TnbbQFqnKeO6Wi5rgB8?key=UWNZVTZLN0k5Q0kzblZWOTNCOHNzR01JVGYxNU1B\" target=\"_blank\" rel=\"noopener noreferrer\"><img decoding=\"async\" src=\"https:\/\/lh3.googleusercontent.com\/pw\/ACtC-3fGxRYW7jDgkw73D2ddU9vO0EAjcTL-guSaHybSKrwFqr7TCtLnfshxWn1Qh_rXeiAkJXRDKpJFPnqYC6pls36gu41yi7GyzxT7xS1QLCDN0meuyy13f-_RGgAF6S9AlMqXLtSd9921MpqOYfQPuUWj=w2000-h1332-no?authuser=0\" width=\"1998\" height=\"1332\" alt=\"Distribui\u00e7\u00e3o gratuita de mudas de flores!\" class=\"size-medium\" \/><\/a><figcaption class=\"wp-caption-text\">Distribui\u00e7\u00e3o gratuita de mudas de flores!<\/figcaption><\/figure>\n<h3>Interior de loja movimentado<\/h3>\n<p>\ufffc<br \/>\n<figure class=\"wp-caption aligncenter\"><a href=\"https:\/\/photos.google.com\/share\/AF1QipPaMh65hLCXzAVrh-U2WWrF48f6v65ztRX9kYUynfTZpDz0alneR2ea-vZ5eo2QHg\/photo\/AF1QipNd11z_yyfAVPlNTIdyUe9Wgfv7g7DXLLLRMO0?key=UWNZVTZLN0k5Q0kzblZWOTNCOHNzR01JVGYxNU1B\" target=\"_blank\" rel=\"noopener noreferrer\"><img decoding=\"async\" src=\"https:\/\/lh3.googleusercontent.com\/pw\/ACtC-3ftSPT-2fKnRiCl7snLJWkwv5S3TKz3dq3kiRJHHvchmnNcw59qGeFOBp35X5wYV0fXRYRc1t_wZRu5ajI8QnOWN_pUvl4Mza-7LDqAqF8G3Zwt-T1Kl_RuJB3DT0RlKl0EFnicCypSgr3jTKJeVGGU=w2000-h1332-no?authuser=0\" width=\"1998\" height=\"1332\" alt=\"Deliciosa melancia com girassol e mel\u00e3o com girassol!!!\" class=\"size-medium\" \/><\/a><figcaption class=\"wp-caption-text\">Deliciosa melancia com girassol e mel\u00e3o com girassol!!!<\/figcaption><\/figure>\n<figure class=\"wp-caption aligncenter\"><a href=\"https:\/\/photos.google.com\/share\/AF1QipPaMh65hLCXzAVrh-U2WWrF48f6v65ztRX9kYUynfTZpDz0alneR2ea-vZ5eo2QHg\/photo\/AF1QipN9zzV2rINrlzqWrn6bQlQx_9spjNZ1mHm5Uwo?key=UWNZVTZLN0k5Q0kzblZWOTNCOHNzR01JVGYxNU1B\" target=\"_blank\" rel=\"noopener noreferrer\"><img decoding=\"async\" src=\"https:\/\/lh3.googleusercontent.com\/pw\/ACtC-3emQhF8S2rrSlsZZyAqIvk9_2nUmv8gkyeEWCGe3OZjQCPNC_4krdqCjv-0grV8_QV_ji80o_K-WzCSdGDRhSADaicDPDYQdSRinUBOOVeVqTkKDrhjdyX2jbUs0hXaPXlAcfjt_mTrJ9jDkfl_Wdxm=w2000-h1332-no?authuser=0\" width=\"1998\" height=\"1332\" alt=\"Clientes formando fila no caixa...\" class=\"size-medium\" \/><\/a><figcaption class=\"wp-caption-text\">Clientes formando fila no caixa...<\/figcaption><\/figure>\n<p>Uma grande variedade de vegetais colhidos naquela manh\u00e3, cultivados com carinho por produtores da cidade de Hokuryu!!!<br \/>\nEsperamos que voc\u00ea continue a apoiar os deliciosos vegetais frescos oferecidos na loja de vendas diretas de produtos agr\u00edcolas e pecu\u00e1rios da cidade de Hokuryu, Minoritch Hokuryu, tamb\u00e9m neste ano.<\/p>\n<figure class=\"wp-caption aligncenter\"><a href=\"https:\/\/photos.google.com\/share\/AF1QipPaMh65hLCXzAVrh-U2WWrF48f6v65ztRX9kYUynfTZpDz0alneR2ea-vZ5eo2QHg\/photo\/AF1QipNXGvP3YVfNtxV1q__so9CAC8nzSo9TgeWwSmc?key=UWNZVTZLN0k5Q0kzblZWOTNCOHNzR01JVGYxNU1B\" target=\"_blank\" rel=\"noopener noreferrer\"><img decoding=\"async\" src=\"https:\/\/lh3.googleusercontent.com\/pw\/ACtC-3dacq-jxqSS834BHyT17F1KgRP8IikMB7nccziEYv-kuWhIiAUrmfKjf31QmBv-VP7kguOtWFKXUodaA5ctcOruU_blue9x4p_skiBC0kw9n7W-6Sp5YgpWF_QJw8Vjxxcejuz9JlEPxpTdWtW7Zol0=w2000-h1332-no?authuser=0\" width=\"1998\" height=\"1332\" alt=\"Com imensa gratid\u00e3o pelos vegetais frescos do Minoritch Hokuryu...\" class=\"size-medium\" \/><\/a><figcaption class=\"wp-caption-text\">Com imensa gratid\u00e3o pelos vegetais frescos do Minoritch Hokuryu...<\/figcaption><\/figure>\n<h2>Outras fotos<\/h2>\n<p>\u30fb<a href=\"https:\/\/photos.google.com\/share\/AF1QipPaMh65hLCXzAVrh-U2WWrF48f6v65ztRX9kYUynfTZpDz0alneR2ea-vZ5eo2QHg?key=UWNZVTZLN0k5Q0kzblZWOTNCOHNzR01JVGYxNU1B\" rel=\"noopener noreferrer\" target=\"_blank\">Fotos (33 fotos) da loja de venda direta de produtos agr\u00edcolas e pecu\u00e1rios da cidade de Hokuryu, Minoritch Hokuryu, est\u00e3o aqui &gt;&gt;<\/a><\/p>\n<h2>Sites relacionados<\/h2>\n<p>\u30fb<a href=\"https:\/\/www.facebook.com\/%E3%81%BF%E3%81%AE%E3%82%8A%E3%81%A3%E3%81%A1%E5%8C%97%E7%AB%9C-1576691705994631\/\" rel=\"noopener noreferrer\" target=\"_blank\">P\u00e1gina do Facebook escrita pela equipe de Minoritch Hokuryu<\/a><br \/>\n\u3000<\/p>\n<p>\u25c7 Fotografia e edi\u00e7\u00e3o: Noboru Terauchi Entrevista e texto: Ikuko Terauchi<\/p>","protected":false},"excerpt":{"rendered":"<p>\uff12\uff10\uff12\uff10\u5e74\uff16\u6708\uff12\uff12\u65e5\uff08\u6708\uff09 \uff16\u6708\uff12\uff10\u65e5\uff08\u571f\uff09\u5348\u524d\uff19\u6642\u3001\u5317\u7adc\u753a\u8fb2\u755c\u7523\u7269\u76f4\u58f2\u6240 \u307f\u306e\u308a\u3063\u3061\u5317\u7adc\uff08\u539f\u7f8e\u7d00\u592b \u5e97\u9577\uff09\u304c\u3001\u4eca\u5e74\u5ea6\u30b0\u30e9\u30f3\u30c9\u30aa\u30fc\u30d7\u30f3! \u30b0\u30e9\u30f3\u30c9\u30aa\u30fc\u30d7\u30f3\u30fb\u30bb\u30ec\u30e2\u30cb\u30fc \u5317\u7adc\u592a\u9f13\u306e\u6f14\u594f \u30aa\u30fc\u30d7\u30f3\u3092\u8a18\u5ff5\u3057 [&hellip;]<\/p>\n","protected":false},"author":1,"featured_media":3203,"comment_status":"open","ping_status":"open","sticky":false,"template":"","format":"standard","meta":{"footnotes":""},"categories":[4,100],"tags":[],"class_list":["post-3202","post","type-post","status-publish","format-standard","has-post-thumbnail","hentry","category-cover-story","category-sunflower_watermelon"],"_links":{"self":[{"href":"https:\/\/portal.hokuryu.info\/pt\/wp-json\/wp\/v2\/posts\/3202","targetHints":{"allow":["GET"]}}],"collection":[{"href":"https:\/\/portal.hokuryu.info\/pt\/wp-json\/wp\/v2\/posts"}],"about":[{"href":"https:\/\/portal.hokuryu.info\/pt\/wp-json\/wp\/v2\/types\/post"}],"author":[{"embeddable":true,"href":"https:\/\/portal.hokuryu.info\/pt\/wp-json\/wp\/v2\/users\/1"}],"replies":[{"embeddable":true,"href":"https:\/\/portal.hokuryu.info\/pt\/wp-json\/wp\/v2\/comments?post=3202"}],"version-history":[{"count":0,"href":"https:\/\/portal.hokuryu.info\/pt\/wp-json\/wp\/v2\/posts\/3202\/revisions"}],"wp:featuredmedia":[{"embeddable":true,"href":"https:\/\/portal.hokuryu.info\/pt\/wp-json\/wp\/v2\/media\/3203"}],"wp:attachment":[{"href":"https:\/\/portal.hokuryu.info\/pt\/wp-json\/wp\/v2\/media?parent=3202"}],"wp:term":[{"taxonomy":"category","embeddable":true,"href":"https:\/\/portal.hokuryu.info\/pt\/wp-json\/wp\/v2\/categories?post=3202"},{"taxonomy":"post_tag","embeddable":true,"href":"https:\/\/portal.hokuryu.info\/pt\/wp-json\/wp\/v2\/tags?post=3202"}],"curies":[{"name":"wp","href":"https:\/\/api.w.org\/{rel}","templated":true}]}}