{"id":30398,"date":"2023-03-06T06:47:21","date_gmt":"2023-03-05T21:47:21","guid":{"rendered":"https:\/\/portal.hokuryu.info\/?p=30398"},"modified":"2024-03-08T18:24:19","modified_gmt":"2024-03-08T09:24:19","slug":"%e7%ac%ac%ef%bc%91%e5%9b%9e%e3%82%b9%e3%82%ab%e3%82%a4%e3%83%a9%e3%83%b3%e3%82%bf%e3%83%b3%ef%bc%86%e3%83%97%e3%83%ad%e3%82%b8%e3%82%a7%e3%82%af%e3%83%88%e3%83%9e%e3%83%83%e3%83%94%e3%83%b3%e3%82%b0","status":"publish","type":"post","link":"https:\/\/portal.hokuryu.info\/pt\/30398\/","title":{"rendered":"1\u00ba Planet\u00e1rio com Lanterna Celeste\u00ae e Proje\u00e7\u00e3o Mapeada em 2023 na cidade de Hokuryu"},"content":{"rendered":"<p>Segunda-feira, 6 de mar\u00e7o de 2023<\/p>\n<p>No s\u00e1bado, 4 de mar\u00e7o, a partir das 16h, um evento colaborativo com &quot;Lanternas Celestes\u00ae&quot;, &quot;Proje\u00e7\u00e3o de Planet\u00e1rio com Mapeamento de Proje\u00e7\u00e3o&quot; e &quot;Apresenta\u00e7\u00e3o de Tambores Taiko de Hokuryu&quot; foi realizado no Gin\u00e1sio do Centro de Melhoramento Ambiental Rural da Cidade de Hokuryu.<\/p>\n<h2>1\u00ba Planet\u00e1rio com Lanterna Celeste\u00ae e Proje\u00e7\u00e3o Mapeada<\/h2>\n<p>Aproximadamente 150 pessoas, incluindo alunos da pr\u00e9-escola, do ensino fundamental e do ensino m\u00e9dio, suas fam\u00edlias e acompanhantes, participaram do evento e compartilharam o momento emocionante das luzes fant\u00e1sticas.<\/p>\n<ul>\n<li><strong>Organizador:<\/strong>Parque dos Girass\u00f3is Hokuryu Onsen<\/li>\n<li><strong>plano:<\/strong>Equipe de Coopera\u00e7\u00e3o para Revitaliza\u00e7\u00e3o Regional da Cidade de Hokuryu (Nobuyuki Murakami e Yui Sasaki)<\/li>\n<li><strong>coopera\u00e7\u00e3o:<\/strong>Universidade de Informa\u00e7\u00e3o de Hokkaido, Hokuryu Taiko<\/li>\n<li><strong>Conte\u00fado:<\/strong><br \/>\n15:30 ~ Inscri\u00e7\u00f5es antecipadas<br \/>\n16:30 ~ Apresenta\u00e7\u00e3o ao vivo de Hokuryu Taiko<br \/>\n17h30 ~ Lan\u00e7amento do Sky Lantern\u00ae<br \/>\n18:00 Fim<\/li>\n<\/ul>\n<h3>Planejamento: Volunt\u00e1rios da Coopera\u00e7\u00e3o para a Revitaliza\u00e7\u00e3o Regional da Cidade de Hokuryu: Nobuyuki Murakami e Yui Sasaki<\/h3>\n<figure class=\"wp-caption aligncenter\"><a href=\"https:\/\/photos.google.com\/share\/AF1QipMVXWynOQKn-IamndUOo-pbRS9GucDiGmFePgfWMrUvmXs9u8L4GGctiOwnAqcCyg\/photo\/AF1QipO-FEVdWRydq7ChllcRrx4sdN8hCodOK9DRpjw?key=V0VObHlaSVFCRlo0RjRWRmcyUGVOR3I4dTVrM3F3\" target=\"_blank\" rel=\"noopener\"><img decoding=\"async\" src=\"https:\/\/lh3.googleusercontent.com\/pw\/AMWts8BFmB6vEaB2F_845pvl8vbTp_G21UMWgprc26ckAXDrpoDTY_z-gi8uq7lAR9wcJRmu4UHBt7URdyja8RnMmK3kmHQr718U6aP3rAnbCDxxm9CrvqJGwXiQCc0Y3JSGe7RFskNU44z_RYYL6OitfSoE=w2000-h1333-no?authuser=0\" width=\"2000\" height=\"1333\" alt=\"Volunt\u00e1rios da Coopera\u00e7\u00e3o para a Revitaliza\u00e7\u00e3o Regional da Cidade de Hokuryu: Nobuyuki Murakami e Yui Sasaki\" class=\"size-full\" \/><\/a><figcaption class=\"wp-caption-text\">Volunt\u00e1rios da Coopera\u00e7\u00e3o para a Revitaliza\u00e7\u00e3o Regional da Cidade de Hokuryu: Nobuyuki Murakami e Yui Sasaki<\/figcaption><\/figure>\n<h3>Mapeamento por proje\u00e7\u00e3o: Universidade de Informa\u00e7\u00e3o de Hokkaido<\/h3>\n<p>O projeto foi planejado e produzido principalmente pelo Professor Associado Keitaro Oshima, pelo Professor Assistente Dai Kawahara e por alunos do terceiro ano da Universidade de Informa\u00e7\u00e3o de Hokkaido.<\/p>\n<p>Os alunos s\u00e3o Ochiai Nanaka, Kawamura Yuki, Shibukawa Masahiro (l\u00edder), Torii Seiji, Tsutsui Teruto, Naito Yuki, Arai Tsubasa e Yamazaki Yuuki.<\/p>\n<figure class=\"wp-caption aligncenter\"><a href=\"https:\/\/photos.google.com\/share\/AF1QipMVXWynOQKn-IamndUOo-pbRS9GucDiGmFePgfWMrUvmXs9u8L4GGctiOwnAqcCyg\/photo\/AF1QipN3L0hib41nRuhabyqN9DZlqcynGRP0EZqJWwg?key=V0VObHlaSVFCRlo0RjRWRmcyUGVOR3I4dTVrM3F3\" target=\"_blank\" rel=\"noopener\"><img decoding=\"async\" src=\"https:\/\/lh3.googleusercontent.com\/pw\/AMWts8CFOgxLl_EjBILSewAFIVM63BrX8lwkYHILhT35rBaNoSVeXEELWNyWnQhLsMrk8zEJzrtbNot1Csp2eKDnXHFLygOSrQD7F9kmPiyXPngN89br6L5Zd3Rl-SHiCZJjsyEvEI9VN3Ol7QYBKj96ebab=w2000-h1333-no?authuser=0\" width=\"2000\" height=\"1333\" alt=\"Equipe da Universidade de Informa\u00e7\u00e3o de Hokkaido\" class=\"size-full\" \/><\/a><figcaption class=\"wp-caption-text\">Equipe da Universidade de Informa\u00e7\u00e3o de Hokkaido<\/figcaption><\/figure>\n<h4>Proje\u00e7\u00e3o de planet\u00e1rio<\/h4>\n<p>Neste evento, al\u00e9m do v\u00eddeo projetado na parede externa do Sunflower Park Hokuryu Onsen em outubro do ano passado, foi exibido um novo v\u00eddeo de planet\u00e1rio sobre o c\u00e9u noturno da cidade de Hokuryu. O v\u00eddeo do c\u00e9u noturno e do c\u00e9u estrelado foi criado por estudantes da Universidade de Ci\u00eancia da Informa\u00e7\u00e3o que pernoitaram em Hokuryu Onsen e fizeram grava\u00e7\u00f5es de longa dura\u00e7\u00e3o do c\u00e9u noturno da cidade.<br \/>\n\u3000<br \/>\n\n        <div class=\"site-blogcard-premium\">\n            <div class=\"bc-label-custom\">Artigos relacionados<\/div>\n            <div class=\"bc-flex-container\">\n                <div class=\"bc-main-text\">\n                    <div class=\"bc-title-link-box\">\n                        <a href=\"https:\/\/www01.do-johodai.ac.jp\/md-ten\/production\/1271\" target=\"_blank\">Projeto de Proje\u00e7\u00e3o Mapeada da Cidade de Hokuryu | EXPOSI\u00c7\u00c3O DE DESIGN DE M\u00cdDIA 2023<\/a>\n                    <\/div>\n                    <div class=\"bc-excerpt-box\">A cidade de Hokuryu est\u00e1 localizada na parte norte da jurisdi\u00e7\u00e3o da Subprefeitura Geral de Sorachi. Ela possui uma das maiores \u00e1reas de cultivo de girass\u00f3is do Jap\u00e3o e \u00e9 conhecida por seus girass\u00f3is...<\/div>\n                <\/div>\n                <div class=\"bc-thumbnail-box\">\n                    <a href=\"https:\/\/www01.do-johodai.ac.jp\/md-ten\/production\/1271\" target=\"_blank\">\n                        <div class=\"bc-img-zoom-wrap\">\n                            <img decoding=\"async\" src=\"https:\/\/www01.do-johodai.ac.jp\/md-ten\/archive\/wp-content\/uploads\/2023\/02\/2023_28_01.jpg\" alt=\"Projeto de Proje\u00e7\u00e3o Mapeada da Cidade de Hokuryu | EXPOSI\u00c7\u00c3O DE DESIGN DE M\u00cdDIA 2023\">\n                        <\/div>\n                    <\/a>\n                <\/div>\n            <\/div>\n        <\/div>\n<h2>Lanterna Celeste\u00ae<\/h2>\n<p>Aproximadamente 70 lanternas voadoras foram preparadas. Antes do in\u00edcio do evento, cerca de 130 participantes (66 crian\u00e7as de jardins de inf\u00e2ncia, escolas prim\u00e1rias e secund\u00e1rias da cidade, e 63 pais) reuniram-se no espa\u00e7o de troca dentro do Centro Kaizen, onde escreveram desejos e desenharam figuras nas lanternas, cada um com seus pr\u00f3prios pensamentos e sentimentos.<\/p>\n<figure class=\"wp-caption aligncenter\"><a href=\"https:\/\/photos.google.com\/share\/AF1QipMVXWynOQKn-IamndUOo-pbRS9GucDiGmFePgfWMrUvmXs9u8L4GGctiOwnAqcCyg\/photo\/AF1QipNl_89zlMLNohMFI2DStOsh-JjTZ5KAR9bykSQ?key=V0VObHlaSVFCRlo0RjRWRmcyUGVOR3I4dTVrM3F3\" target=\"_blank\" rel=\"noopener\"><img decoding=\"async\" src=\"https:\/\/lh3.googleusercontent.com\/pw\/AMWts8CfeCPsJ0eFJEsUoAU_H4t9wAu3OMoEgwB_hurjmK7znkcLCr18BgrxOi-KKwCCsBCEj_EBf33ZRZobnnJ5eN9G4UUCDi_OPQPCmRPW2jlIwOeZFkP8w6z-K7gcuerCcnpwx9GlEGNA_Hpsk3Gmnvw7=w2000-h1500-no?authuser=0\" width=\"2000\" height=\"1500\" alt=\"Desenhe seus pensamentos e imagens em um bal\u00e3o em forma de lanterna...\" class=\"size-full\" \/><\/a><figcaption class=\"wp-caption-text\">Desenhe seus pensamentos e imagens em um bal\u00e3o em forma de lanterna...<\/figcaption><\/figure>\n<figure class=\"wp-caption aligncenter\"><a href=\"https:\/\/photos.google.com\/share\/AF1QipMVXWynOQKn-IamndUOo-pbRS9GucDiGmFePgfWMrUvmXs9u8L4GGctiOwnAqcCyg\/photo\/AF1QipODPmopaPvFkexKRlcsDjKU-X1NBb7nAQVWGXc?key=V0VObHlaSVFCRlo0RjRWRmcyUGVOR3I4dTVrM3F3\" target=\"_blank\" rel=\"noopener\"><img decoding=\"async\" src=\"https:\/\/lh3.googleusercontent.com\/pw\/AMWts8DA9728Mig9fFydJ5sUVo1mxdt78ssSa-wEJA14uyZEr6CAPhh4L4-OFfA9-vTWXXCkFwOSERs1VdL_JYT9pAl-hLYYftUpy8HG_k8KT2K_idiX-NmRsqHMd6yYBhTw9GLZcW5bBu2fubgHGUW9GIOR=w2000-h1500-no?authuser=0\" width=\"2000\" height=\"1500\" alt=\"Divirta-se e dedique-se de cora\u00e7\u00e3o...\" class=\"size-full\" \/><\/a><figcaption class=\"wp-caption-text\">Divirta-se e dedique-se de cora\u00e7\u00e3o...<\/figcaption><\/figure>\n<figure class=\"wp-caption aligncenter\"><a href=\"https:\/\/photos.google.com\/share\/AF1QipMVXWynOQKn-IamndUOo-pbRS9GucDiGmFePgfWMrUvmXs9u8L4GGctiOwnAqcCyg\/photo\/AF1QipPpUFqWUBMfvK1zet_OSMTjKclzPtqOC544wiM?key=V0VObHlaSVFCRlo0RjRWRmcyUGVOR3I4dTVrM3F3\" target=\"_blank\" rel=\"noopener\"><img decoding=\"async\" src=\"https:\/\/lh3.googleusercontent.com\/pw\/AMWts8A6fdIeSgwiKzGfGgSovoeGGmJAQU4Ii72PM5OMvQ7zziG8_3v9UU49rz70vYJrD-UNXIlTvpSENIhah6ZxcwOo8CBSpjCAO0vsZJ5dLJdi5kDQic35Gi-78vI6XW3_ph14eeqH0AtJj_9r1YMgHzmL=w2000-h1500-no?authuser=0\" width=\"2000\" height=\"1500\" alt=\"Espero que voc\u00ea se mantenha saud\u00e1vel!\" class=\"size-full\" \/><\/a><figcaption class=\"wp-caption-text\">Espero que voc\u00ea se mantenha saud\u00e1vel!<\/figcaption><\/figure>\n<h3>Lanterna LED de h\u00e9lio sem fogo<\/h3>\n<p>Os bal\u00f5es-lanterna lan\u00e7ados desta vez s\u00e3o &quot;LED Sky Lanterns\u00ae&quot;, lanternas quadradas de vinil em formato de bal\u00e3o, infladas com g\u00e1s h\u00e9lio e com luzes de LED fixadas na parte inferior com fita dupla face.<\/p>\n<p>Cada pipa vem com uma linha e um peso, para que possa ser recuperada ap\u00f3s o lan\u00e7amento.<\/p>\n<h3>O lan\u00e7amento foi dividido em sete estandes.<\/h3>\n<p>Durante o lan\u00e7amento, os participantes ser\u00e3o divididos em sete cabines e cada pessoa lan\u00e7ar\u00e1 sua pr\u00f3pria lanterna de seu pr\u00f3prio local.<\/p>\n<figure class=\"wp-caption aligncenter\"><a href=\"https:\/\/photos.google.com\/share\/AF1QipMVXWynOQKn-IamndUOo-pbRS9GucDiGmFePgfWMrUvmXs9u8L4GGctiOwnAqcCyg\/photo\/AF1QipNWuycUORANC2Q6oC6APcyAMjbfPBIRDskMcrk?key=V0VObHlaSVFCRlo0RjRWRmcyUGVOR3I4dTVrM3F3\" target=\"_blank\" rel=\"noopener\"><img decoding=\"async\" src=\"https:\/\/lh3.googleusercontent.com\/pw\/AMWts8D4Wer35E1ys9PrN8rywiSULM6zlczTpqYhbI6AEifDnvf1h-HcKlx4U47Tdj-FtZXIO3ugIfiSllAajMtXXVjX0RNvBCyFmaf_429cNJx0kYmK1mjc8VfInCkC3QyqFXaQwdTvRKSYvKTx3nm3h04F=w2000-h1333-no?authuser=0\" width=\"2000\" height=\"1333\" alt=\"Dividido em 7 cabines e pronto para uso!\" class=\"size-full\" \/><\/a><figcaption class=\"wp-caption-text\">Dividido em 7 cabines e pronto para uso!<\/figcaption><\/figure>\n<p>Ap\u00f3s o evento, todos puderam levar para casa seus bal\u00f5es em formato de lanterna como lembran\u00e7a.<\/p>\n<h2>Uma palestra de Nobuyuki Murakami<\/h2>\n<figure class=\"wp-caption aligncenter\"><a href=\"https:\/\/photos.google.com\/share\/AF1QipMVXWynOQKn-IamndUOo-pbRS9GucDiGmFePgfWMrUvmXs9u8L4GGctiOwnAqcCyg\/photo\/AF1QipOCQFHSW1gOY0TlYPf9YzWq5fXjTAwyvvdEv9E?key=V0VObHlaSVFCRlo0RjRWRmcyUGVOR3I4dTVrM3F3\" target=\"_blank\" rel=\"noopener\"><img decoding=\"async\" src=\"https:\/\/lh3.googleusercontent.com\/pw\/AMWts8D84SNuI729G5Xlf1NSVpojDBBhkcbW1-doXj0SiFbAp2thXz2l_CdlZ1Zspdb9CGLWDKGI35rKEIZHA4YyNWyMqWNZrl423EOLvUz-hNFTtdT7_QiJ_j8svnI7U1xAj1oXfF4qe9nLtaGtHbOFVkUk=w2000-h1333-no?authuser=0\" width=\"2000\" height=\"1333\" alt=\"Nobuyuki Murakami\" class=\"size-full\" \/><\/a><figcaption class=\"wp-caption-text\">Nobuyuki Murakami<\/figcaption><\/figure>\n<p>&quot;Preparamos 100 lanternas de bal\u00e3o com luzes LED. Elas s\u00e3o seguras porque n\u00e3o usam fogo e v\u00eam com um cord\u00e3o para facilitar a montagem. As crian\u00e7as podem levar as lanternas de bal\u00e3o para casa como lembran\u00e7as ap\u00f3s o evento.&quot;<\/p>\n<p>Para este evento, decidimos recrutar pessoas para ajudar na festa de lan\u00e7amento nos centros de atividades extracurriculares da cidade, na Escola Prim\u00e1ria Shinryu e na Escola Secund\u00e1ria Hokuryu. Com a colabora\u00e7\u00e3o das escolas, elas distribu\u00edram informa\u00e7\u00f5es sobre a participa\u00e7\u00e3o e mantiveram um registro de presen\u00e7a, o que fez com que o evento transcorresse sem problemas.<\/p>\n<p>Gostar\u00edamos de agradecer \u00e0 equipe da Universidade de Informa\u00e7\u00e3o de Hokkaido, que realizou a proje\u00e7\u00e3o mapeada em outubro do ano passado, pela generosa colabora\u00e7\u00e3o tamb\u00e9m desta vez. O planet\u00e1rio contar\u00e1 com proje\u00e7\u00e3o mapeada de fotografias do c\u00e9u estrelado da cidade de Hokuryu, que ser\u00e1 exibida simultaneamente ao lan\u00e7amento das lanternas.<\/p>\n<p>A ideia de realizar o evento no gin\u00e1sio foi, na verdade, proposta pelo vice-prefeito Toshimasa Takahashi, que decidiu realiz\u00e1-lo l\u00e1 por ser um local aquecido e seguro, considerando o vento, a neve e o frio do inverno.<\/p>\n<p>Eu ficaria feliz se as crian\u00e7as da cidade de Hokuryu pudessem deixar suas mem\u00f3rias de Hokuryu de alguma forma. Tamb\u00e9m fiquei contente que o prefeito de Hokuryu tenha feito um discurso desta vez.<\/p>\n<p>As crian\u00e7as est\u00e3o ansiosas para se reunirem e se divertirem fazendo todo tipo de atividade juntas. Acreditamos que essa atmosfera de divers\u00e3o com amigos e familiares ser\u00e1 uma experi\u00eancia valiosa.<\/p>\n<p>&quot;Parecia que todos gostavam de participar, ent\u00e3o acho que foi \u00f3timo&quot;, disse Murakami.<\/p>\n<h2>Moderadora: Ikuko Sugimoto (residente em Hokuryu h\u00e1 25 anos)<\/h2>\n<p>O evento transcorreu de forma tranquila, harmoniosa e agrad\u00e1vel gra\u00e7as ao excelente apresentador, que circulou pelo gin\u00e1sio e realizou entrevistas ao vivo com os participantes.<\/p>\n<figure class=\"wp-caption aligncenter\"><a href=\"https:\/\/photos.google.com\/share\/AF1QipMVXWynOQKn-IamndUOo-pbRS9GucDiGmFePgfWMrUvmXs9u8L4GGctiOwnAqcCyg\/photo\/AF1QipPLJ0i4nfeHS-SKb9EaBLZLsndid3-aD39U2ZE?key=V0VObHlaSVFCRlo0RjRWRmcyUGVOR3I4dTVrM3F3\" target=\"_blank\" rel=\"noopener\"><img decoding=\"async\" src=\"https:\/\/lh3.googleusercontent.com\/pw\/AMWts8ChwUGC6R8PfzK_r6qq-RhBzzbXfBw9JpnRkINbUYNJCs0P5ysSJml4vifDewZUdmXmxLkm5qtVZcsG7mypCTn5yz4RxrtXpwzZCQQ1CFRAF-EfX3AImTj0sOlIHtem2INezOoU7-pqzoKXxIjzXokX=w2000-h1333-no?authuser=0\" width=\"2000\" height=\"1333\" alt=\"O evento ser\u00e1 apresentado por Ikuko Sugimoto.\" class=\"size-full\" \/><\/a><figcaption class=\"wp-caption-text\">O evento ser\u00e1 apresentado por Ikuko Sugimoto.<\/figcaption><\/figure>\n<h2>Apresenta\u00e7\u00e3o de boas-vindas do Hokuryu Taiko<\/h2>\n<p>Foram tocadas duas m\u00fasicas, e uma batida heroica e emocionante reverberou por todo o gin\u00e1sio.<\/p>\n<figure class=\"wp-caption aligncenter\"><a href=\"https:\/\/photos.google.com\/share\/AF1QipMVXWynOQKn-IamndUOo-pbRS9GucDiGmFePgfWMrUvmXs9u8L4GGctiOwnAqcCyg\/photo\/AF1QipMNgJ6jQtJfDhexFTFQakv9iwtPFXwPKx-hylM?key=V0VObHlaSVFCRlo0RjRWRmcyUGVOR3I4dTVrM3F3\" target=\"_blank\" rel=\"noopener\"><img decoding=\"async\" src=\"https:\/\/lh3.googleusercontent.com\/pw\/AMWts8BQ5SfvNyM4-1lAYgwIMw1AnLORr0KMVi85-1l-H8_3GyH_v29HrqK5yDYFk1nq-E554eR5ZsUuYSJaMycZ_ExwSH5EoF_g2PIceiEOHOCgB997YeeOswdKs6zoEPE7slHifhDIHVw-7zN3aVmEj0zu=w2000-h1333-no?authuser=0\" width=\"2000\" height=\"1333\" alt=\"Apresenta\u00e7\u00e3o de boas-vindas do Hokuryu Taiko\" class=\"size-full\" \/><\/a><figcaption class=\"wp-caption-text\">Apresenta\u00e7\u00e3o de boas-vindas do Hokuryu Taiko<\/figcaption><\/figure>\n<figure class=\"wp-caption aligncenter\"><a href=\"https:\/\/photos.google.com\/share\/AF1QipMVXWynOQKn-IamndUOo-pbRS9GucDiGmFePgfWMrUvmXs9u8L4GGctiOwnAqcCyg\/photo\/AF1QipMz1-6asNwOXEhf1A_h_t2G4iSIUW21EzdFMb0?key=V0VObHlaSVFCRlo0RjRWRmcyUGVOR3I4dTVrM3F3\" target=\"_blank\" rel=\"noopener\"><img decoding=\"async\" src=\"https:\/\/lh3.googleusercontent.com\/pw\/AMWts8BnGCBCREp9PaKZ0CqFwiJ2UwRV_p8YTCaDHnaxtgQ86xS5ABHPy7QTaUO9MCMg7-fqx8c3ObRNN5XZ3qMvLdPIWENZNXrFmESBJ5c_i2oE2B5Urq2I4eANt3OIcPMEj2Pnvp8SpuTxi4Q1HQ1IneNw=w2000-h1333-no?authuser=0\" width=\"2000\" height=\"1333\" alt=\"O som majestoso do tambor Hokuryu Taiko!\" class=\"size-full\" \/><\/a><figcaption class=\"wp-caption-text\">O som majestoso do tambor Hokuryu Taiko!<\/figcaption><\/figure>\n<h2>Sauda\u00e7\u00f5es do prefeito Yutaka Sano<\/h2>\n<figure class=\"wp-caption aligncenter\"><a href=\"https:\/\/photos.google.com\/share\/AF1QipMVXWynOQKn-IamndUOo-pbRS9GucDiGmFePgfWMrUvmXs9u8L4GGctiOwnAqcCyg\/photo\/AF1QipOehdIKXbm8JqENoFCuJ1lS8t5taWGd8x3m64w?key=V0VObHlaSVFCRlo0RjRWRmcyUGVOR3I4dTVrM3F3\" target=\"_blank\" rel=\"noopener\"><img decoding=\"async\" src=\"https:\/\/lh3.googleusercontent.com\/pw\/AMWts8Cja_BRPGT0fGAzp23T7zkDzu6UhwRBle4FZjx_v6IfE5svYU2U38lPL2f1nPjez1XRq3iuuCzvQ68Mn-q_1df1dzKd7QYq-LXnll0rgiFOfgbV0WjoUmJ9_0CHWHfu-uRcpH7d0-cBlYA_MY9X-ClP=w2000-h1333-no?authuser=0\" width=\"2000\" height=\"1333\" alt=\"Sauda\u00e7\u00f5es do Prefeito Sano\" class=\"size-full\" \/><\/a><figcaption class=\"wp-caption-text\">Sauda\u00e7\u00f5es do Prefeito Sano<\/figcaption><\/figure>\n<p>&quot;Hoje, Nobuyuki Murakami e Yui Sasaki, membros da Equipe de Apoio \u00e0 Revitaliza\u00e7\u00e3o Regional da Cidade de Hokuryu, organizaram um evento maravilhoso. Foi um grande evento que combinou lanternas voadoras (Sky Lanterns\u00ae) com proje\u00e7\u00e3o mapeada e um planet\u00e1rio.&quot;<\/p>\n<p>Para este evento, alunos da Universidade de Informa\u00e7\u00e3o de Hokkaido colaboraram conosco na proje\u00e7\u00e3o mapeada. Em outubro passado, tamb\u00e9m exibimos um v\u00eddeo produzido em parceria com o grupo Hokuryu Taiko no Sunflower Park Hokuryu Onsen. Recebemos muitos coment\u00e1rios dos moradores locais, que disseram ter se emocionado com o v\u00eddeo, por isso estamos muito ansiosos pelo evento deste ano.<\/p>\n<p>Ap\u00f3s isso, haver\u00e1 uma apresenta\u00e7\u00e3o din\u00e2mica do Hokuryu Taiko e, com imagens projetadas no teto, estou ansioso para ver como os Sky Lanterns\u00ae voar\u00e3o pelo ar, criando uma atmosfera fant\u00e1stica. Espero que este evento seja um grande sucesso.<\/p>\n<p>&quot;Gostaria de expressar minha sincera gratid\u00e3o a todas as crian\u00e7as da pr\u00e9-escola, alunos do ensino fundamental, alunos do ensino m\u00e9dio e pais que participaram, e concluir minhas palavras de abertura. Espero que todos tenham aproveitado o evento. Conto com o apoio cont\u00ednuo de voc\u00eas&quot;, disse o prefeito Yutaka Sano.<\/p>\n<h2>Apresenta\u00e7\u00e3o colaborativa de proje\u00e7\u00e3o mapeada e Hokuryu Taiko<\/h2>\n<p>Enquanto os tambores Hokuryu Taiko ressoavam, imagens eram projetadas no palco, mostrando diversas cenas das Garotas Himawari executando os tambores com esplendor.<\/p>\n<p>Uma maravilhosa imagem de proje\u00e7\u00e3o mapeada que combina perfeitamente com a batida dos tambores.<\/p>\n<figure class=\"wp-caption aligncenter\"><a href=\"https:\/\/photos.google.com\/share\/AF1QipMVXWynOQKn-IamndUOo-pbRS9GucDiGmFePgfWMrUvmXs9u8L4GGctiOwnAqcCyg\/photo\/AF1QipNs1xURqUN65qrfNL3XIaTZ1gwXLdu7aSNSmh8?key=V0VObHlaSVFCRlo0RjRWRmcyUGVOR3I4dTVrM3F3\" target=\"_blank\" rel=\"noopener\"><img decoding=\"async\" src=\"https:\/\/lh3.googleusercontent.com\/pw\/AMWts8A3ACtMqVmn8_5APLpufhMUHZBqO9FmFIFE2aV238dzZelMOysY8laoNRfmwz_Q5pIPF87kAJa1XPv2KpFZgJXQeUIIwqrhzdU_eYNZQaxrQzw2WdP9Vl5sT8mROUAmwAZydbIfeomk4CLnCfj18938=w2000-h1333-no?authuser=0\" width=\"2000\" height=\"1333\" alt=\"Apresenta\u00e7\u00e3o colaborativa de proje\u00e7\u00e3o mapeada e Hokuryu Taiko\" class=\"size-full\" \/><\/a><figcaption class=\"wp-caption-text\">Apresenta\u00e7\u00e3o colaborativa de proje\u00e7\u00e3o mapeada e Hokuryu Taiko<\/figcaption><\/figure>\n<figure class=\"wp-caption aligncenter\"><a href=\"https:\/\/photos.google.com\/share\/AF1QipMVXWynOQKn-IamndUOo-pbRS9GucDiGmFePgfWMrUvmXs9u8L4GGctiOwnAqcCyg\/photo\/AF1QipO51ZlErmX__qeqHbLkMgahRFLa-dy_zEQNWfc?key=V0VObHlaSVFCRlo0RjRWRmcyUGVOR3I4dTVrM3F3\" target=\"_blank\" rel=\"noopener\"><img decoding=\"async\" src=\"https:\/\/lh3.googleusercontent.com\/pw\/AMWts8DOpverdmH5O-A182sAHqALPCg78rkiV-4upYviRXleOwvmUbtQzxS7v4KZjQMq8u6KjGc1bMkeQbeEV4zUfli1tSLJg9XF_vqh5u-7qTWF_4KHuHe2CrVWNnaGv9Trw5FjckpsJ-UP0z7OZeVmzFIt=w2000-h1333-no?authuser=0\" width=\"2000\" height=\"1333\" alt=\"Uma cena de percuss\u00e3o deslumbrante das Sunflower Girls\" class=\"size-full\" \/><\/a><figcaption class=\"wp-caption-text\">Uma cena de percuss\u00e3o deslumbrante das Sunflower Girls<\/figcaption><\/figure>\n<h2>Proje\u00e7\u00e3o mapeada no teto<\/h2>\n<p>O v\u00eddeo projetado no teto era uma combina\u00e7\u00e3o de v\u00e1rias cenas, incluindo in\u00fameras estrelas brilhando no c\u00e9u de inverno da cidade de Hokuryu, Himawari Saki-chan (personagem s\u00edmbolo da cidade de Hokuryu) decolando para o espa\u00e7o em um foguete e um coelho pulando.<\/p>\n<figure class=\"wp-caption aligncenter\"><a href=\"https:\/\/photos.google.com\/share\/AF1QipMVXWynOQKn-IamndUOo-pbRS9GucDiGmFePgfWMrUvmXs9u8L4GGctiOwnAqcCyg\/photo\/AF1QipOKyaH87FIijZM-2Vs0TK-cfFUjH8TCawIXAkA?key=V0VObHlaSVFCRlo0RjRWRmcyUGVOR3I4dTVrM3F3\" target=\"_blank\" rel=\"noopener\"><img decoding=\"async\" src=\"https:\/\/lh3.googleusercontent.com\/pw\/AMWts8DKII7puHd1ZfD9vly14lfGZvzXj7Y26w1-GC9o8ou2fmGUGLLiGEvzrSenesHjwUtcUKzSBAOCQFYDnfM7qWrCzbRg7dElCvKNfRtqofrkKrZ0UT7fLW3tT2-BKbZGrjKAAFDF-Tt7gnzJhUSo3u2C=w2000-h1333-no?authuser=0\" width=\"2000\" height=\"1333\" alt=\"O c\u00e9u noturno da cidade de Hokuryu projetado no teto.\" class=\"size-full\" \/><\/a><figcaption class=\"wp-caption-text\">O c\u00e9u noturno da cidade de Hokuryu projetado no teto.<\/figcaption><\/figure>\n<h2>Os desejos e desenhos de todos feitos em bal\u00f5es de lanterna.<\/h2>\n<figure class=\"wp-caption aligncenter\"><a href=\"https:\/\/photos.google.com\/share\/AF1QipMVXWynOQKn-IamndUOo-pbRS9GucDiGmFePgfWMrUvmXs9u8L4GGctiOwnAqcCyg\/photo\/AF1QipPfpSf8d4dZ3kM-8cdKZ6kybQ9VSus3Vl9WW5w?key=V0VObHlaSVFCRlo0RjRWRmcyUGVOR3I4dTVrM3F3\" target=\"_blank\" rel=\"noopener\"><img decoding=\"async\" src=\"https:\/\/lh3.googleusercontent.com\/pw\/AMWts8D0b0R92Kc7CKumogZwm9P9yEpyGfZK58lORq921MdXgy80ZFfH33Ny9Plka3pDOgaF-MTyZWm_JFg8M9W1v5XahcsWd6cgTB2smgQqsnlNxKK_FxuoFn-US4vFdwsp4fWFZzk5ibg0itzydZLk2Dq8=w2000-h1500-no?authuser=0\" width=\"2000\" height=\"1500\" alt=\"Desenhe uma figura fofa...\" class=\"size-full\" \/><\/a><figcaption class=\"wp-caption-text\">Desenhe uma figura fofa...<\/figcaption><\/figure>\n<figure class=\"wp-caption aligncenter\"><a href=\"https:\/\/photos.google.com\/share\/AF1QipMVXWynOQKn-IamndUOo-pbRS9GucDiGmFePgfWMrUvmXs9u8L4GGctiOwnAqcCyg\/photo\/AF1QipNx-tmye20PZVW8j2K2SrzQjG-POsgPtwcOWpk?key=V0VObHlaSVFCRlo0RjRWRmcyUGVOR3I4dTVrM3F3\"><img decoding=\"async\" src=\"https:\/\/lh3.googleusercontent.com\/pw\/AMWts8ACkLFQXYrkHbfsGhD4_I-pJr9l4-eeMgyV4P5NU5I8Zp23QV9xI9axeY7bVnUJ3o_5uOoAz_-i7LGXS1eTW0zhL__QRTXxW4uwBZ0nNFvB2NZtZ0-OWbotnAm5wuEzcVplbrAvgfLCnQ7nU9j1n0de=w2000-h1500-no?authuser=0\" width=\"2000\" height=\"1500\" alt=\"Com uma bela imagem...\" class=\"size-full\" \/><\/a><figcaption class=\"wp-caption-text\">Com uma bela imagem...<\/figcaption><\/figure>\n<p>&quot;Que o coronav\u00edrus desapare\u00e7a.&quot;<br \/>\n&quot;Que este mundo esteja em paz.&quot;<br \/>\n&quot;Espero que voc\u00ea se torne bom(boa) no v\u00f4lei&quot;<br \/>\n&quot;Espero que voc\u00ea n\u00e3o pegue um resfriado.&quot;<br \/>\n&quot;Espero que sua entorse sare.&quot;<\/p>\n<p>Quando o apresentador Sugimoto fez o coment\u00e1rio: &quot;Espero que voc\u00ea n\u00e3o brigue com sua amiga Ino-chan&quot;, a plateia irrompeu em aplausos e exclamou: &quot;Que maravilha!&quot;<\/p>\n<p>Muitos coment\u00e1rios e fotos maravilhosos!!!<\/p>\n<figure class=\"wp-caption aligncenter\"><a href=\"https:\/\/photos.google.com\/share\/AF1QipMVXWynOQKn-IamndUOo-pbRS9GucDiGmFePgfWMrUvmXs9u8L4GGctiOwnAqcCyg\/photo\/AF1QipMK-ZdTHg54Nqgt3sFvR_uN1cHoB5tiSEuvIw8?key=V0VObHlaSVFCRlo0RjRWRmcyUGVOR3I4dTVrM3F3\" target=\"_blank\" rel=\"noopener\"><img decoding=\"async\" src=\"https:\/\/lh3.googleusercontent.com\/pw\/AMWts8DcwU9bqm3V_Ll9DV3SRrdoDjInWbA7K00UhOqpEAMUwYWG-hkxNBocEFU64EZzXrx5RTq7Duz8y6eDxOt62Qj5ekuIjcs1LjcbmibdZGZQHLmHcWE9CLO1SjLIXEzh1TI6CY5NgnCYnf_aobKf9scE=w2000-h1500-no?authuser=0\" width=\"2000\" height=\"1500\" alt=\"Com os mais sinceros votos!\" class=\"size-full\" \/><\/a><figcaption class=\"wp-caption-text\">Com os mais sinceros votos!<\/figcaption><\/figure>\n<h2>Lan\u00e7amento de lanternas chinesas<\/h2>\n<p>Assim que as luzes do gin\u00e1sio se apagaram, a luz laranja dos bal\u00f5es iluminados subiu ao ar e um coro de &quot;Uau, que lindo!&quot; irrompeu!!!<\/p>\n<p>Bal\u00f5es-lanterna flutuam no ar em un\u00edssono contra o c\u00e9u noturno da cidade de Hokuryu projetado no teto!<\/p>\n<p>Esses bal\u00f5es-lanterna \u00fanicos flutuam at\u00e9 o teto, alguns lenta e suavemente, enquanto outros giram rapidamente como naves espaciais.<\/p>\n<p>Acolhendo os preciosos pensamentos de todos, os belos bal\u00f5es em forma de lanterna flutuam no ar, emitindo uma luz quente e aconchegante. Deixe-se encantar por este espa\u00e7o fant\u00e1stico.<\/p>\n<p>Foi um momento emocionante que deixou meu cora\u00e7\u00e3o leve e aquecido.<\/p>\n<figure class=\"wp-caption aligncenter\"><a href=\"https:\/\/photos.google.com\/share\/AF1QipMVXWynOQKn-IamndUOo-pbRS9GucDiGmFePgfWMrUvmXs9u8L4GGctiOwnAqcCyg\/photo\/AF1QipOPM74sU35Ns7vEfBKE8QaYxoEEGKtOulhRd8c?key=V0VObHlaSVFCRlo0RjRWRmcyUGVOR3I4dTVrM3F3\" target=\"_blank\" rel=\"noopener\"><img decoding=\"async\" src=\"https:\/\/lh3.googleusercontent.com\/pw\/AMWts8CujUV1g-3HqAfa1SJY0_Rv7zxgw7JnjBmrKFkzhoVMHVYqm85_4LQNvOrAAHZauHkhWJSyJW7HQGarNpAjFsIHJrU2WvZ-KHlRTriSLc4bsiWuOv6u-h8IK06xOsPApoE310suT9Qd0z4_RpGLfwfz=w2000-h1333-no?authuser=0\" width=\"2000\" height=\"1333\" alt=\"Um bal\u00e3o-lanterna flutuando suavemente no ar.\" class=\"size-full\" \/><\/a><figcaption class=\"wp-caption-text\">Um bal\u00e3o-lanterna flutuando suavemente no ar.<\/figcaption><\/figure>\n<figure class=\"wp-caption aligncenter\"><a href=\"https:\/\/photos.google.com\/share\/AF1QipMVXWynOQKn-IamndUOo-pbRS9GucDiGmFePgfWMrUvmXs9u8L4GGctiOwnAqcCyg\/photo\/AF1QipMX8Npxljp-Pq_XOtERZPQsJbvWUH-FK4a_bsU?key=V0VObHlaSVFCRlo0RjRWRmcyUGVOR3I4dTVrM3F3\" target=\"_blank\" rel=\"noopener\"><img decoding=\"async\" src=\"https:\/\/lh3.googleusercontent.com\/pw\/AMWts8AlTXszDbrlVorl0lFNdOR5BYcm7LwmvvCTzscEXV0Fvd3aB9TL_1WOGkBHvD21UaMBPiDa3yP2LNslq5KgCOSfXf3k8Y-A-r4EdFP8LH4lJh6BcOrWKW954Gmc1e8NADkNBcQEgjm4VeiPxLJf0dao=w1180-h1768-no?authuser=0\" width=\"500\" alt=\"A luz dos bal\u00f5es-lanterna que subiam ao c\u00e9u estrelado da cidade de Hokuryu projetava-se no teto.\" class=\"size-full\" \/><\/a><figcaption class=\"wp-caption-text\">A luz dos bal\u00f5es-lanterna que subiam ao c\u00e9u estrelado da cidade de Hokuryu projetava-se no teto.<\/figcaption><\/figure>\n<figure class=\"wp-caption aligncenter\"><a href=\"https:\/\/photos.google.com\/share\/AF1QipMVXWynOQKn-IamndUOo-pbRS9GucDiGmFePgfWMrUvmXs9u8L4GGctiOwnAqcCyg\/photo\/AF1QipM5u2AR-ZzTYxfs4S-nyD6hWH6JqKw-GSAyztA?key=V0VObHlaSVFCRlo0RjRWRmcyUGVOR3I4dTVrM3F3\" target=\"_blank\" rel=\"noopener\"><img decoding=\"async\" src=\"https:\/\/lh3.googleusercontent.com\/pw\/AMWts8AZhIiyyIYj30_Xq1d5Hi2WZE27sjg6gP3W88O9tk0kvv_zjmxX76We_8RoSgia3Vdy1_N1HPInMvvoPet1ncI2u4odxZGwPecAFl8UsRsCe9DMBRaiVQs4FdsNYh6XdBp8kTfwo4-tP933LPc1I4-Z=w2000-h1333-no?authuser=0\" width=\"2000\" height=\"1333\" alt=\"Luz da lanterna refletida no ch\u00e3o\" class=\"size-full\" \/><\/a><figcaption class=\"wp-caption-text\">Luz da lanterna refletida no ch\u00e3o<\/figcaption><\/figure>\n<h2>Presentes de doces para crian\u00e7as<\/h2>\n<p>Distribuiremos doces para as crian\u00e7as que participaram!<\/p>\n<figure class=\"wp-caption aligncenter\"><a href=\"https:\/\/photos.google.com\/share\/AF1QipMVXWynOQKn-IamndUOo-pbRS9GucDiGmFePgfWMrUvmXs9u8L4GGctiOwnAqcCyg\/photo\/AF1QipNS4276TBS06Y0_zb89KB8IAGM_FvWpl4AIfsg?key=V0VObHlaSVFCRlo0RjRWRmcyUGVOR3I4dTVrM3F3\" target=\"_blank\" rel=\"noopener\"><img decoding=\"async\" src=\"https:\/\/lh3.googleusercontent.com\/pw\/AMWts8Am4ww_NyqGMK38Sl-r26spjxcAcPClt4ilZ22TEifb90cVWtn0yjY9okiKPCBMHlvZe1dqXnBL2fKpwbULfk3AbN1J85nwIg6w7kb1KkcFziCTlQPcsIgFndKqoZ_nPQdV66uPY4EKFAARVH0TJrKh=w2000-h1500-no?authuser=0\" width=\"2000\" height=\"1500\" alt=\"Ele sorri radiante ao receber os doces de presente!\" class=\"size-full\" \/><\/a><figcaption class=\"wp-caption-text\">Ele sorri radiante ao receber os doces de presente!<\/figcaption><\/figure>\n<p>As crian\u00e7as voltaram para casa com suas fam\u00edlias com grandes sorrisos no rosto, segurando com for\u00e7a os bal\u00f5es em forma de lanterna cheios de seus desejos e os doces que receberam de presente.<\/p>\n<figure class=\"wp-caption aligncenter\"><a href=\"https:\/\/photos.google.com\/share\/AF1QipMVXWynOQKn-IamndUOo-pbRS9GucDiGmFePgfWMrUvmXs9u8L4GGctiOwnAqcCyg\/photo\/AF1QipMGu7Miy9mbvS8M6OhY7QiMePFDDhm8-dmZerA?key=V0VObHlaSVFCRlo0RjRWRmcyUGVOR3I4dTVrM3F3\" target=\"_blank\" rel=\"noopener\"><img decoding=\"async\" src=\"https:\/\/lh3.googleusercontent.com\/pw\/AMWts8BLbZVmQRxRAh5XPuEJMxRYHyGb1h032EqyO4A_KNIDsvs3ZMCRXK3HZYtBel-4NzXa5oOPdipKWRVdwmDr-1irFEG7YdHUIB8Eyx4-CWTveQ-fVIawy-X3vW2tAViDny5KZ_q4l_1lvh6bWNv-QrNr=w1022-h1532-no?authuser=0\" width=\"500\" alt=\"Com gratid\u00e3o pela &quot;D\u00e9cima Terceira Noite&quot; flutuando no c\u00e9u noturno ultramarino...\" class=\"size-full\" \/><\/a><figcaption class=\"wp-caption-text\">Com gratid\u00e3o pela &quot;D\u00e9cima Terceira Noite&quot; flutuando no c\u00e9u noturno ultramarino...<\/figcaption><\/figure>\n<p>Depositamos os sentimentos calorosos e a incont\u00e1vel gratid\u00e3o que guardamos em nossos cora\u00e7\u00f5es na suave luz dos bal\u00f5es de lanterna, e derramamos nosso amor, gratid\u00e3o e ora\u00e7\u00f5es infinitos no &quot;Planet\u00e1rio de Lanternas Celestes\u00ae e Proje\u00e7\u00e3o Mapeada&quot;, um espa\u00e7o fant\u00e1stico que toda a fam\u00edlia pode desfrutar ao m\u00e1ximo.<\/p>\n<h2>v\u00eddeos do YouTube<\/h2>\n<div class=\"youtube\"><iframe title=\"1\u00ba Planet\u00e1rio com Lanternas Celestes e Proje\u00e7\u00e3o Mapeada em 2023 na cidade de Hokuryu\" src=\"https:\/\/www.youtube.com\/embed\/yEVtKl1tVl0?feature=oembed\" frameborder=\"0\" allow=\"accelerometer; autoplay; clipboard-write; encrypted-media; gyroscope; picture-in-picture; web-share\" allowfullscreen><\/iframe><\/div>\n<h2>Outras fotos<\/h2>\n<div class=\"img-move\">\n<img decoding=\"async\" src=\"https:\/\/ehokkaido.net\/wp-content\/uploads\/2021\/12\/2021-12-06-11.41.12.png\" style=\"vertical-align:middle;\"> <a href=\"https:\/\/photos.app.goo.gl\/V26B8CAoLA5RRoNe6\" target=\"_blank\" rel=\"noopener noreferrer\">Fotos (89 fotos) do 1\u00ba Planet\u00e1rio com Lanterna Celeste\u00ae e Proje\u00e7\u00e3o Mapeada de 2023 na cidade de Hokuryu est\u00e3o aqui &gt;&gt;<\/a><\/a><\/div>\n<h2>Artigos e sites relacionados<\/h2>\n\n        <div class=\"site-blogcard-premium\">\n            <div class=\"bc-label-custom\">Artigos relacionados<\/div>\n            <div class=\"bc-flex-container\">\n                <div class=\"bc-main-text\">\n                    <div class=\"bc-title-link-box\">\n                        <a href=\"https:\/\/portal.hokuryu.info\/pt\/30015\/\" target=\"_blank\">https:\/\/portal.hokuryu.info\/30015<\/a>\n                    <\/div>\n                    <div class=\"bc-excerpt-box\">N\u00e3o foi poss\u00edvel recuperar as informa\u00e7\u00f5es da p\u00e1gina.<\/div>\n                <\/div>\n                <div class=\"bc-thumbnail-box\">\n                    <a href=\"https:\/\/portal.hokuryu.info\/pt\/30015\/\" target=\"_blank\">\n                        <div class=\"bc-img-zoom-wrap\">\n                            <img decoding=\"async\" src=\"https:\/\/portal.hokuryu.info\/wp\/wp-content\/uploads\/2026\/02\/20230802DSC06445_1.jpg\" alt=\"https:\/\/portal.hokuryu.info\/30015\">\n                        <\/div>\n                    <\/a>\n                <\/div>\n            <\/div>\n        <\/div>\n\u3000<br \/>\n\n        <div class=\"site-blogcard-premium\">\n            <div class=\"bc-label-custom\">Artigos relacionados<\/div>\n            <div class=\"bc-flex-container\">\n                <div class=\"bc-main-text\">\n                    <div class=\"bc-title-link-box\">\n                        <a href=\"https:\/\/portal.hokuryu.info\/pt\/29410\/\" target=\"_blank\">https:\/\/portal.hokuryu.info\/29410<\/a>\n                    <\/div>\n                    <div class=\"bc-excerpt-box\">N\u00e3o foi poss\u00edvel recuperar as informa\u00e7\u00f5es da p\u00e1gina.<\/div>\n                <\/div>\n                <div class=\"bc-thumbnail-box\">\n                    <a href=\"https:\/\/portal.hokuryu.info\/pt\/29410\/\" target=\"_blank\">\n                        <div class=\"bc-img-zoom-wrap\">\n                            <img decoding=\"async\" src=\"https:\/\/portal.hokuryu.info\/wp\/wp-content\/uploads\/2026\/02\/20230802DSC06445_1.jpg\" alt=\"https:\/\/portal.hokuryu.info\/29410\">\n                        <\/div>\n                    <\/a>\n                <\/div>\n            <\/div>\n        <\/div>\n\n        <div class=\"site-blogcard-premium\">\n            <div class=\"bc-label-custom\">Artigos relacionados<\/div>\n            <div class=\"bc-flex-container\">\n                <div class=\"bc-main-text\">\n                    <div class=\"bc-title-link-box\">\n                        <a href=\"https:\/\/portal.hokuryu.info\/pt\/14662\/\" target=\"_blank\">https:\/\/portal.hokuryu.info\/14662<\/a>\n                    <\/div>\n                    <div class=\"bc-excerpt-box\">N\u00e3o foi poss\u00edvel recuperar as informa\u00e7\u00f5es da p\u00e1gina.<\/div>\n                <\/div>\n                <div class=\"bc-thumbnail-box\">\n                    <a href=\"https:\/\/portal.hokuryu.info\/pt\/14662\/\" target=\"_blank\">\n                        <div class=\"bc-img-zoom-wrap\">\n                            <img decoding=\"async\" src=\"https:\/\/portal.hokuryu.info\/wp\/wp-content\/uploads\/2026\/02\/20230802DSC06445_1.jpg\" alt=\"https:\/\/portal.hokuryu.info\/14662\">\n                        <\/div>\n                    <\/a>\n                <\/div>\n            <\/div>\n        <\/div>\n\u3000<\/p>\n<p>\u25c7 Fotografia e edi\u00e7\u00e3o: Noboru Terauchi Entrevista e texto: Ikuko Terauchi<\/p>","protected":false},"excerpt":{"rendered":"<p>\uff12\uff10\uff12\uff13\u5e74\uff13\u6708\uff16\u65e5\uff08\u6708\uff09 \uff13\u6708\uff14\u65e5\uff08\u571f\uff09\uff11\uff16\uff1a\uff10\uff10\u3088\u308a\u3001\u300c\u30b9\u30ab\u30a4\u30e9\u30f3\u30bf\u30f3\u00ae\u300d\u2715\u300c\u30d7\u30ed\u30b8\u30a7\u30af\u30b7\u30e7\u30f3\u30de\u30c3\u30d4\u30f3\u30b0\u306b\u3088\u308b\u30d7\u30e9\u30cd\u30bf\u30ea\u30a6\u30e0\u6295\u5f71\u300d\u2715\u300c\u5317\u7adc\u592a\u9f13\u6f14\u594f\u300d\u306e\u30b3\u30e9\u30dc\u30a4\u30d9\u30f3\u30c8\u304c\u3001\u5317\u7adc\u753a\u8fb2\u6751\u6539\u5584\u74b0\u5883\u30bb\u30f3\u30bf\u30fc\u30fb\u4f53 [&hellip;]<\/p>\n","protected":false},"author":1,"featured_media":30482,"comment_status":"open","ping_status":"open","sticky":false,"template":"","format":"standard","meta":{"footnotes":""},"categories":[4],"tags":[],"class_list":["post-30398","post","type-post","status-publish","format-standard","has-post-thumbnail","hentry","category-cover-story"],"_links":{"self":[{"href":"https:\/\/portal.hokuryu.info\/pt\/wp-json\/wp\/v2\/posts\/30398","targetHints":{"allow":["GET"]}}],"collection":[{"href":"https:\/\/portal.hokuryu.info\/pt\/wp-json\/wp\/v2\/posts"}],"about":[{"href":"https:\/\/portal.hokuryu.info\/pt\/wp-json\/wp\/v2\/types\/post"}],"author":[{"embeddable":true,"href":"https:\/\/portal.hokuryu.info\/pt\/wp-json\/wp\/v2\/users\/1"}],"replies":[{"embeddable":true,"href":"https:\/\/portal.hokuryu.info\/pt\/wp-json\/wp\/v2\/comments?post=30398"}],"version-history":[{"count":0,"href":"https:\/\/portal.hokuryu.info\/pt\/wp-json\/wp\/v2\/posts\/30398\/revisions"}],"wp:featuredmedia":[{"embeddable":true,"href":"https:\/\/portal.hokuryu.info\/pt\/wp-json\/wp\/v2\/media\/30482"}],"wp:attachment":[{"href":"https:\/\/portal.hokuryu.info\/pt\/wp-json\/wp\/v2\/media?parent=30398"}],"wp:term":[{"taxonomy":"category","embeddable":true,"href":"https:\/\/portal.hokuryu.info\/pt\/wp-json\/wp\/v2\/categories?post=30398"},{"taxonomy":"post_tag","embeddable":true,"href":"https:\/\/portal.hokuryu.info\/pt\/wp-json\/wp\/v2\/tags?post=30398"}],"curies":[{"name":"wp","href":"https:\/\/api.w.org\/{rel}","templated":true}]}}