{"id":30234,"date":"2023-03-01T06:39:13","date_gmt":"2023-02-28T21:39:13","guid":{"rendered":"https:\/\/portal.hokuryu.info\/?p=30234"},"modified":"2023-03-01T07:42:50","modified_gmt":"2023-02-28T22:42:50","slug":"%ef%bc%93%e7%94%ba%ef%bc%88%e9%9b%a8%e7%ab%9c%e3%83%bb%e6%b2%bc%e7%94%b0%e3%83%bb%e5%8c%97%e7%ab%9c%ef%bc%89%e5%9c%b0%e5%9f%9f%e8%be%b2%e6%a5%ad%e8%80%85%e7%a0%94%e4%bf%ae%e4%bc%9a%e3%81%8c%e9%96%8b","status":"publish","type":"post","link":"https:\/\/portal.hokuryu.info\/pt\/30234\/","title":{"rendered":"Um semin\u00e1rio de capacita\u00e7\u00e3o para agricultores locais foi realizado em tr\u00eas cidades (Uryu, Numata e Hokuryu): &quot;Tateshita Terukazu - Pol\u00edtica agr\u00edcola para o cultivo de arroz em campos de arroz na safra de 2023&quot; e &quot;Takeuchi Saki - M\u00e9todos para garantir e aceitar agricultores locais&quot;."},"content":{"rendered":"<p>Quarta-feira, 1 de mar\u00e7o de 2023<\/p>\n<p>Na segunda-feira, 27 de fevereiro, a partir das 14h, foi realizado o &quot;Semin\u00e1rio Regional de Treinamento para Agricultores&quot;, patrocinado pelo &quot;Conselho de Promo\u00e7\u00e3o do Aprimoramento Agr\u00edcola das Tr\u00eas Cidades (Uryu, Numata, Hokuryu), presidido por Yutaka Sano (Prefeito de Hokuryu)&quot;, na sede da Cooperativa Agr\u00edcola Kitasorachi, filial de Hokuryu (sala de treinamento no 2\u00ba andar). Mais de 50 agricultores e membros de associa\u00e7\u00f5es das tr\u00eas cidades participaram e ouviram atentamente.<\/p>\n<h2>Semin\u00e1rio Regional de Treinamento de Agricultores das Tr\u00eas Cidades (Uryu, Numata, Hokuryu)<\/h2>\n<figure class=\"wp-caption aligncenter\"><a href=\"https:\/\/photos.google.com\/share\/AF1QipMKe1qL0cYS__nad6gnp2V506bE5TTz-XbCB1iMnc9gSUleSbIU_raJS_3v4hIrfQ\/photo\/AF1QipPVL29ngBhk7msDIl_6oF40DfG2TP55727aP9k?key=ZXY2YnVJVEExQkJRX3Q4QmUxa0h0QjJRbHIyU0RB\" target=\"_blank\" rel=\"noopener\"><img decoding=\"async\" src=\"https:\/\/lh3.googleusercontent.com\/pw\/AMWts8ATwxLTby96SGd9NfTpvYWdgXTh4Ad1sDvZPNSMaeHPyxclhQuWRVyOn3yD8rPGuGALfGlZkmaMT-ph3PM0rAfCdAi9lVwEki5M49bGGDtFiOhpcviivG-VhbcNzwsUtxROAGPDMPIqmf7o0Kt3yrW6=w2000-h1333-no?authuser=0\" width=\"2000\" height=\"1333\" alt=\"Semin\u00e1rio Regional de Treinamento de Agricultores das Tr\u00eas Cidades (Uryu, Numata, Hokuryu)\" class=\"size-full\" \/><\/a><figcaption class=\"wp-caption-text\">Semin\u00e1rio Regional de Treinamento de Agricultores das Tr\u00eas Cidades (Uryu, Numata, Hokuryu)<\/figcaption><\/figure>\n<ul>\n<li><strong>Organizador:<\/strong>Yutaka Sano, Presidente das Tr\u00eas Cidades (Uryu, Numata, Hokuryu) Conselho de Promo\u00e7\u00e3o de Melhoria da Gest\u00e3o Agr\u00edcola (Prefeito da cidade de Hokuryu)<\/li>\n<li><strong>Data e hora:<\/strong>Segunda-feira, 27 de fevereiro de 2020, das 14h \u00e0s 16h<\/li>\n<li><strong>lugar:<\/strong>Associa\u00e7\u00e3o Cooperativa Agr\u00edcola Kitasorachi, Filial Hokuryu, sala de treinamento do 2\u00ba andar<\/li>\n<\/ul>\n<figure class=\"wp-caption aligncenter\"><a href=\"https:\/\/photos.google.com\/share\/AF1QipMKe1qL0cYS__nad6gnp2V506bE5TTz-XbCB1iMnc9gSUleSbIU_raJS_3v4hIrfQ\/photo\/AF1QipOfRUeDGOgDm7Pv4M7Plv_1Zk3KWc86ej-H0Uk?key=ZXY2YnVJVEExQkJRX3Q4QmUxa0h0QjJRbHIyU0RB\" target=\"_blank\" rel=\"noopener\"><img decoding=\"async\" src=\"https:\/\/lh3.googleusercontent.com\/pw\/AMWts8CDgHgEvj5s7fcnhtagtY7WKwge9WJyqs9vuzQmTP4c4kx6ytoWO2ZrCXjlR1aozVfbcO3J7u9vwLmDs_ZQjug76G6uWFFAgwk2RCXYO87lt5JJjwq1tmWkd_0mz9z926kZdXoqGsXSNKRk8a1thyoN=w2000-h1333-no?authuser=0\" width=\"2000\" height=\"1333\" alt=\"Brochura da sess\u00e3o de treinamento\" class=\"size-full\" \/><\/a><figcaption class=\"wp-caption-text\">Brochura da sess\u00e3o de treinamento<\/figcaption><\/figure>\n<p>Enquanto trabalhamos para melhorar a qualidade da produ\u00e7\u00e3o e a competitividade do arroz em casca, a principal cultura da regi\u00e3o, o ambiente que envolve a agricultura est\u00e1 passando por grandes mudan\u00e7as.<\/p>\n<p>O objetivo desta sess\u00e3o de forma\u00e7\u00e3o \u00e9 aprofundar a compreens\u00e3o do estado atual da agricultura e da garantia de sucess\u00e3o, bem como contribuir para a promo\u00e7\u00e3o da agricultura local, uma vez que o decl\u00ednio do n\u00famero de agricultores e a quest\u00e3o da sucess\u00e3o come\u00e7am a ter impacto nas zonas locais e nas atividades agr\u00edcolas.<\/p>\n<p>Na sess\u00e3o de treinamento, as palestras foram ministradas pelo Sr. Terukazu Tateshita, Chefe de Promo\u00e7\u00e3o de Pol\u00edticas Agr\u00edcolas do Escrit\u00f3rio Regional de Asahikawa do Departamento de Pol\u00edticas Agr\u00edcolas de Hokkaido, Minist\u00e9rio da Agricultura, Florestas e Pescas, e pela Sra. Saki Takeuchi, Gerente da Divis\u00e3o de Vendas de Hokkaido, Departamento de Gest\u00e3o de Neg\u00f3cios JobAs para Agricultura, Florestas e Pescas, Mynavi Inc.<\/p>\n<h2>Apresentadora Geral: Keiko Tsuzuki, Diretora da Divis\u00e3o Industrial da Prefeitura de Hokuryu<\/h2>\n<figure class=\"wp-caption aligncenter\"><a href=\"https:\/\/photos.google.com\/share\/AF1QipMKe1qL0cYS__nad6gnp2V506bE5TTz-XbCB1iMnc9gSUleSbIU_raJS_3v4hIrfQ\/photo\/AF1QipOzkJedkXzdsS1sTZj9OwCd9vNcv8AANbHI0yI?key=ZXY2YnVJVEExQkJRX3Q4QmUxa0h0QjJRbHIyU0RB\" target=\"_blank\" rel=\"noopener\"><img decoding=\"async\" src=\"https:\/\/lh3.googleusercontent.com\/pw\/AMWts8ACE9U2R_ufO4xYOIoNy8ityHX4E0CD0pXxvRXQH2U8UfZFUZHyJn6Xk6Aa0ceqXdRzPcx00tRkpcziWU0Di0Zm7xw0YR-ZGfvTWtyDTgxt_YXq9gYj2efeKkvtJUvtH6RseRFM3zMJx7IjU74Alk_u=w2000-h1333-no?authuser=0\" width=\"2000\" height=\"1333\" alt=\"Keiko Tsuzuki, chefe da Divis\u00e3o Industrial da Prefeitura de Hokuryu, foi a moderadora geral.\" class=\"size-full\" \/><\/a><figcaption class=\"wp-caption-text\">Keiko Tsuzuki, chefe da Divis\u00e3o Industrial da Prefeitura de Hokuryu, foi a moderadora geral.<\/figcaption><\/figure>\n<h2>Sauda\u00e7\u00f5es: Sr. Hirokuni Kitakiyo, Vice-Presidente do Conselho de Promo\u00e7\u00e3o do Desenvolvimento Agr\u00edcola das Tr\u00eas Cidades (Diretor Representante da Associa\u00e7\u00e3o Cooperativa Agr\u00edcola de Kitasorachi, Distrito de Hokuryu)<\/h2>\n<figure class=\"wp-caption aligncenter\"><a href=\"https:\/\/photos.google.com\/share\/AF1QipMKe1qL0cYS__nad6gnp2V506bE5TTz-XbCB1iMnc9gSUleSbIU_raJS_3v4hIrfQ\/photo\/AF1QipOOZiFoulxSxC6SMwR5-ibABuTCWH5LWT8PmE8?key=ZXY2YnVJVEExQkJRX3Q4QmUxa0h0QjJRbHIyU0RB\" target=\"_blank\" rel=\"noopener\"><img decoding=\"async\" src=\"https:\/\/lh3.googleusercontent.com\/pw\/AMWts8DxvBOHu1FYqJF-pmTkV5ULH_J_hfWOP90yEj4oRFGUehNpkml9nIddRsWdsepOpbQ_TgUmj6fRPDV8Lwm7aALpH7zwCTlXZEz4UpHCQSlwX1WrVgP0eay0qIuv_-VfsL9rMrXYqQYaFoX47XL0QTUI=w2000-h1333-no?authuser=0\" width=\"2000\" height=\"1333\" alt=\"O Sr. Hirokuni Kitakiyo, Vice-Presidente do Conselho de Promo\u00e7\u00e3o da Melhoria da Gest\u00e3o Agr\u00edcola, afirmou:\" class=\"size-full\" \/><\/a><figcaption class=\"wp-caption-text\">O Sr. Kitakiyohiro, Vice-Presidente do Conselho de Promo\u00e7\u00e3o da Melhoria da Gest\u00e3o Agr\u00edcola, afirmou:<\/figcaption><\/figure>\n<p>&quot;Hoje, temos o prazer de receber tantas pessoas no Semin\u00e1rio Regional de Treinamento Agr\u00edcola organizado pelo Conselho de Promo\u00e7\u00e3o e Melhoria Agr\u00edcola das Tr\u00eas Cidades. Muito obrigado.&quot;<\/p>\n<p>Hoje teremos conosco dois palestrantes que falar\u00e3o sobre os requisitos para a utiliza\u00e7\u00e3o de arrozais, e tamb\u00e9m ouviremos o gerente Takeuchi, da Mynavi Co., Ltd., sobre o sistema de aceita\u00e7\u00e3o de novos agricultores e sobre a agricultura.<\/p>\n<p>Na cidade de Hokuryu, 41 agricultores est\u00e3o trabalhando para transformar suas terras em \u00e1reas agr\u00edcolas, abrangendo uma \u00e1rea de 172 hectares. Com esta solicita\u00e7\u00e3o, aproximadamente 170 hectares ser\u00e3o convertidos em terras agr\u00edcolas, e o projeto est\u00e1 progredindo.<\/p>\n<p>Ao pensar na cidade como um todo, sinceramente, preferiria que as \u00e1reas planas n\u00e3o fossem transformadas em terras agr\u00edcolas. Essa \u00e1rea \u00e9 usada principalmente para os projetos do distrito de melhorias e para o cultivo de arroz, ent\u00e3o acho que ter um campo no meio poderia dificultar um pouco as coisas. Acredito que seria bom se cada tipo de neg\u00f3cio pudesse ser administrado adequadamente.<\/p>\n<p>Atualmente, enfrentamos um grande problema: o r\u00e1pido decl\u00ednio da popula\u00e7\u00e3o agr\u00edcola. Atrair novos agricultores, estagi\u00e1rios agr\u00edcolas e outras pessoas envolvidas no setor tornou-se um grande desafio.<\/p>\n<p>Por essa raz\u00e3o, espero que voc\u00eas prestem aten\u00e7\u00e3o ao treinamento de hoje e possam contribuir de alguma forma para o avan\u00e7o da agricultura nas cidades de Uryu, Numata e Hokuryu.<\/p>\n<p>&quot;Teremos tempo para perguntas mais tarde, ent\u00e3o, por favor, sintam-se \u00e0 vontade para se manifestar e espero que este seja um momento proveitoso. Gostaria de concluir minhas palavras de abertura dizendo: &#039;Obrigado a todos por estarem presentes hoje.&#039;&quot;<\/p>\n<figure class=\"wp-caption aligncenter\"><a href=\"https:\/\/photos.google.com\/share\/AF1QipMKe1qL0cYS__nad6gnp2V506bE5TTz-XbCB1iMnc9gSUleSbIU_raJS_3v4hIrfQ\/photo\/AF1QipNGHKpD5-RbOISeORFq4PATxSksaPQBzDthdF8?key=ZXY2YnVJVEExQkJRX3Q4QmUxa0h0QjJRbHIyU0RB\" target=\"_blank\" rel=\"noopener\"><img decoding=\"async\" src=\"https:\/\/lh3.googleusercontent.com\/pw\/AMWts8CEvfm4VrakMKafTz20erMtzjk2KyTLhEN9Tc9inJWnLgwjlDUmfnw3y_oGwbklThIoy-1e1eTWlfWs7G4ddhR7CU-Q6swn5k-NOzeumaaShEfscnntjkIVWnuUwrsncP97qN50fFf-LuUlJ1jiq-D-=w2000-h1333-no?authuser=0\" width=\"2000\" height=\"1333\" alt=\"Membros do Conselho de Promo\u00e7\u00e3o e Melhoria Agr\u00edcola das Tr\u00eas Cidades\" class=\"size-full\" \/><\/a><figcaption class=\"wp-caption-text\">Membros do Conselho de Promo\u00e7\u00e3o e Melhoria Agr\u00edcola das Tr\u00eas Cidades<\/figcaption><\/figure>\n<h2>Parte 1 da palestra: Pol\u00edtica agr\u00edcola para arrozais na safra de 2023<\/h2>\n<ul>\n<li><strong>Palestrante: Sr. Terukazu Tateshita, Diretor de Promo\u00e7\u00e3o de Pol\u00edticas Agr\u00edcolas, Escrit\u00f3rio de Pol\u00edticas Agr\u00edcolas de Hokkaido, Escrit\u00f3rio Regional de Asahikawa, Minist\u00e9rio da Agricultura, Florestas e Pescas.<\/strong><\/li>\n<\/ul>\n<figure class=\"wp-caption aligncenter\"><a href=\"https:\/\/photos.google.com\/share\/AF1QipMKe1qL0cYS__nad6gnp2V506bE5TTz-XbCB1iMnc9gSUleSbIU_raJS_3v4hIrfQ\/photo\/AF1QipMbgEYypJAhwHLv-LXhy8G8PMtOCzWxovgaC6k?key=ZXY2YnVJVEExQkJRX3Q4QmUxa0h0QjJRbHIyU0RB\" target=\"_blank\" rel=\"noopener\"><img decoding=\"async\" src=\"https:\/\/lh3.googleusercontent.com\/pw\/AMWts8CwP-eQm_W0k7tRWJ7fGHF3TSdRq7I7O_rqYZ-RjQw9UbW07rLrVnOm93BvQ_1YT6U1u9XNOQXTNZIoCFrvQNwBf7lqgXVypU37Y3uJv9NF458H3-6Xsi2lajSDAkh5vAh50xhVZmn1ecL5CAb4Lcf4=w2000-h1333-no?authuser=0\" width=\"2000\" height=\"1333\" alt=\"Sr. Terukazu Tateshita, Diretor de Promo\u00e7\u00e3o de Pol\u00edticas Agr\u00edcolas\" class=\"size-full\" \/><\/a><figcaption class=\"wp-caption-text\">Sr. Terukazu Tateshita, Diretor de Promo\u00e7\u00e3o de Pol\u00edticas Agr\u00edcolas<\/figcaption><\/figure>\n<h3>Perfil de Teruichi Tateshita<\/h3>\n<ul>\n<li>Formou-se na Faculdade de Agricultura da Universidade de Hirosaki em 1988.<\/li>\n<li>Ele ingressou no Escrit\u00f3rio de Alimentos de Hokkaido do Minist\u00e9rio da Agricultura, Florestas e Pescas, onde atuou na inspe\u00e7\u00e3o de produtos agr\u00edcolas, armazenamento e gest\u00e3o de arroz pelo governo, rotulagem de alimentos e medidas para estabilizar a renda das empresas.<br \/>\nDesde 2021, ele trabalha como Diretor de Promo\u00e7\u00e3o de Pol\u00edticas Agr\u00edcolas, promovendo a agricultura local e apoiando os agricultores.<\/li>\n<\/ul>\n<h3>Palestra<\/h3>\n<p>A palestra foi baseada em materiais detalhados e abordou t\u00f3picos como o pagamento de subs\u00eddios para a utiliza\u00e7\u00e3o de arrozais e os or\u00e7amentos relacionados ao projeto de promo\u00e7\u00e3o de terras agr\u00edcolas.<\/p>\n<ul>\n<li>Previs\u00e3o de oferta e demanda de arroz b\u00e1sico, etc., para 2022\/2023 e 2023\/2024<\/li>\n<li>Em rela\u00e7\u00e3o ao status de convers\u00e3o de culturas para as safras de 2021 e 2022.<\/li>\n<li>Pol\u00edtica agr\u00edcola para o cultivo de arrozais na safra de 2023 (considerando iniciativas para trigo, soja, hortali\u00e7as e arroz para farinha)<\/li>\n<li>Revis\u00e3o dos arrozais eleg\u00edveis para subs\u00eddios de pagamento direto para utiliza\u00e7\u00e3o do arrozal.<\/li>\n<li>Relativamente aos arrozais eleg\u00edveis para subs\u00eddios de pagamento direto para a sua utiliza\u00e7\u00e3o (especifica\u00e7\u00e3o da regra de enchimento de \u00e1gua de cinco anos).<\/li>\n<li>Em rela\u00e7\u00e3o ao conceito de &quot;determinado per\u00edodo&quot; de irriga\u00e7\u00e3o para fins que n\u00e3o sejam o cultivo de arroz (na perspectiva de reduzir os danos causados pelo cultivo cont\u00ednuo).<\/li>\n<li>Vis\u00e3o geral do or\u00e7amento de utiliza\u00e7\u00e3o de arrozais para 2023<\/li>\n<li>Projeto de promo\u00e7\u00e3o da convers\u00e3o de terras agr\u00edcolas (apoio \u00e0 convers\u00e3o de terras agr\u00edcolas, apoio \u00e0 promo\u00e7\u00e3o de assentamentos, apoio a assentamentos, apoio \u00e0 constru\u00e7\u00e3o de sistemas)<\/li>\n<li>Vis\u00e3o geral do Projeto de Promo\u00e7\u00e3o do Desenvolvimento da \u00c1rea de Produ\u00e7\u00e3o de Culturas de Campo (anteriormente Projeto de Renova\u00e7\u00e3o de Arrozais) (Conte\u00fado de apoio e imagem de apoio aos produtores)<\/li>\n<li>Subs\u00eddios de pagamento direto para utiliza\u00e7\u00e3o de arrozais<\/li>\n<li>Projeto para Promover o Desenvolvimento de Novos Mercados de Arroz<\/li>\n<li>Altera\u00e7\u00f5es nos itens de aplica\u00e7\u00e3o para arroz forrageiro<\/li>\n<\/ul>\n<p>Em seguida, houve uma sess\u00e3o de perguntas e respostas.<\/p>\n<figure class=\"wp-caption aligncenter\"><a href=\"https:\/\/photos.google.com\/share\/AF1QipMKe1qL0cYS__nad6gnp2V506bE5TTz-XbCB1iMnc9gSUleSbIU_raJS_3v4hIrfQ\/photo\/AF1QipNroXoDSCRpHug1rBIH5GxgDw6BjnbwonAHdZg?key=ZXY2YnVJVEExQkJRX3Q4QmUxa0h0QjJRbHIyU0RB\" target=\"_blank\" rel=\"noopener\"><img decoding=\"async\" src=\"https:\/\/lh3.googleusercontent.com\/pw\/AMWts8DH5rKzfFp5BRR-y3YU7JNXPgkMOkCfp9VQyXN_e-wtZosFlICvVYZW_JZ8ozfRaJxtdYhnQN7rjHpUvJ26Ge1dnOPNfqbgPTeH7VXo8_L_mMHCqbzO23qSk7PeW-Bx6fxyhkl5SBaK5L3qGo5qzTd6=w2000-h1333-no?authuser=0\" width=\"2000\" height=\"1333\" alt=\"Perguntas e Respostas\" class=\"size-full\" \/><\/a><figcaption class=\"wp-caption-text\">Perguntas e Respostas<\/figcaption><\/figure>\n<h2>Parte 2 da palestra: &quot;M\u00e9todos para garantir a lideran\u00e7a local e como aceit\u00e1-la&quot;<\/h2>\n<ul>\n<li><strong>Palestrante: Saki Takeuchi, Gerente do Departamento de Vendas de Hokkaido, Divis\u00e3o de Neg\u00f3cios de Agricultura, Silvicultura e Pesca da Mynavi.<\/strong><\/li>\n<\/ul>\n<figure class=\"wp-caption aligncenter\"><a href=\"https:\/\/photos.google.com\/share\/AF1QipMKe1qL0cYS__nad6gnp2V506bE5TTz-XbCB1iMnc9gSUleSbIU_raJS_3v4hIrfQ\/photo\/AF1QipPPNKSUuYc44d5e3gYBay6mZYNKpSbtoV63Ons?key=ZXY2YnVJVEExQkJRX3Q4QmUxa0h0QjJRbHIyU0RB\" target=\"_blank\" rel=\"noopener\"><img decoding=\"async\" src=\"https:\/\/lh3.googleusercontent.com\/pw\/AMWts8Bsj1Uuf_5n2NmF2jj9-nb0ARgUzBYptOI9mPALfTULyw0VtRyVY4Cua7fDrXLXCr8n2PMRtBHlyXNonxhFFU4ytCfL0nbEQXDrd0TzXJ8WKK9QziQuVNfvlXmqsfJy79ko947QUbYd0qwznVMZBOwN=w2000-h1333-no?authuser=0\" width=\"2000\" height=\"1333\" alt=\"Saki Takeuchi, Gerente, Mynavi Co., Ltd.\" class=\"size-full\" \/><\/a><figcaption class=\"wp-caption-text\">Saki Takeuchi, Gerente, Mynavi Co., Ltd.<\/figcaption><\/figure>\n<h3>Perfil de Saki Takeuchi<\/h3>\n<ul>\n<li>Nascido em Nagoya. Ingressou na Mynavi Co., Ltd. em 2005.<\/li>\n<li>2018~ Morando em Hokkaido por 6 anos<\/li>\n<li>Ele \u00e9 consultor de recrutamento e j\u00e1 prestou apoio a mais de 1.000 empresas nesse processo. Desde 2015, trabalha no setor agr\u00edcola, apoiando produtores rurais e governos locais da Jamaica. Organiza eventos para novos agricultores e feiras de emprego no setor, al\u00e9m de ministrar diversos cursos de capacita\u00e7\u00e3o, como &quot;treinamento em habilidades de recrutamento&quot; e &quot;m\u00e9todos de rela\u00e7\u00f5es p\u00fablicas para recrutamento de trabalhadores agr\u00edcolas&quot;.<br \/>\nAl\u00e9m disso, operamos o site de recrutamento para o setor prim\u00e1rio &quot;Mynavi Agriculture, Forestry and Fisheries Job Us&quot; e o site de informa\u00e7\u00f5es sobre est\u00e1gios &quot;Job Us Internship&quot;, ambos especializados no setor prim\u00e1rio.<\/li>\n<\/ul>\n<h3>Palestra<\/h3>\n<p>&quot;Falarei sobre m\u00e9todos para conseguir emprego e compartilharei hist\u00f3rias de sucesso. Espero que isso seja \u00fatil para pensar em como atrair pessoas para nossa cidade.&quot;<\/p>\n<p>Em primeiro lugar, para garantir m\u00e3o de obra para a agricultura, \u00e9 importante conhecer as pessoas com quem se est\u00e1 lidando (conhecendo as tend\u00eancias e valores daqueles que desejam se mudar para a regi\u00e3o ou se tornar agricultores), refletir sobre si mesmo (caracter\u00edsticas e iniciativas regionais) e aprender com os outros (hist\u00f3rias de sucesso).<\/p>\n<h4>1. Conhe\u00e7a seu p\u00fablico: Compreenda os valores e as tend\u00eancias dos jovens na busca por emprego e transmita o apelo da agricultura.<\/h4>\n<ul>\n<li>Valores dos jovens em rela\u00e7\u00e3o ao estilo de trabalho: &quot;zero horas extras&quot;, &quot;divers\u00e3o no trabalho&quot; e &quot;um ambiente de trabalho alegre&quot;.<\/li>\n<li>Tenha uma ideia do setor agr\u00edcola (interesse)<\/li>\n<li>Entenda o que voc\u00ea busca em um emprego (a import\u00e2ncia de um trabalho que permita crescimento e contribui\u00e7\u00e3o para a sociedade).<\/li>\n<li>A comunica\u00e7\u00e3o digital amplia seus horizontes para o mundo.<\/li>\n<li>Organizar os m\u00e9todos de transmiss\u00e3o de informa\u00e7\u00f5es (adicionar uma fun\u00e7\u00e3o que permita o envio de solicita\u00e7\u00f5es via smartphone).<\/li>\n<li>Criar e comunicar o apelo da agricultura (organizando e documentando-o de forma clara e disseminando essa informa\u00e7\u00e3o para o p\u00fablico-alvo correto).<\/li>\n<li>Conhe\u00e7a as tend\u00eancias e os valores das pessoas que desejam se mudar para a regi\u00e3o ou trabalhar na agricultura (emprego, trabalho, renda, estilo de vida, transporte).<\/li>\n<\/ul>\n<h4>2. Reflex\u00e3o sobre si mesmo: Comunicando as caracter\u00edsticas, vantagens e iniciativas atuais de Hokkaido<\/h4>\n<ul>\n<li>O caminho para a maestria: Experimente os benef\u00edcios das planilhas em forma de pir\u00e2mide.<\/li>\n<li>Coleta de informa\u00e7\u00f5es online, consultas, participa\u00e7\u00e3o em eventos, visitas locais, treinamento e agricultura.<\/li>\n<\/ul>\n<h4>3. Aprenda com os outros: Aprenda com v\u00e1rios casos de sucesso na agricultura (e pense em como transmitir as informa\u00e7\u00f5es).<\/h4>\n<ul>\n<li>A import\u00e2ncia de transmitir o &quot;encanto das pessoas&quot; e demonstrar uma vis\u00e3o para a regi\u00e3o que compreenda as ansiedades, preocupa\u00e7\u00f5es e solicita\u00e7\u00f5es, e que seja emp\u00e1tica e atenciosa com as diversas necessidades.<\/li>\n<li>Como transmitir, apresentar e fornecer informa\u00e7\u00f5es<\/li>\n<li>Planejamento e inova\u00e7\u00e3o de sistemas<\/li>\n<li>\u00c9 importante transmitir o &quot;encanto das pessoas&quot;.<\/li>\n<\/ul>\n<h4>(1) Estudo de caso da Prefeitura de Nagano (site especial)<\/h4>\n<ul>\n<li>Imagens vibrantes de agricultores experientes (artigos de entrevista publicados), apresenta\u00e7\u00e3o de instrutores, informa\u00e7\u00f5es sobre estilo de vida, consultas online e lojas de antenas.<\/li>\n<li>As informa\u00e7\u00f5es e listas de participantes nas consultas (incluindo progresso, continuidade e encerramento) s\u00e3o compartilhadas na nuvem.<\/li>\n<li>Organizar informa\u00e7\u00f5es de forma f\u00e1cil de entender para pessoas interessadas em agricultura.<\/li>\n<\/ul>\n<h4>(2) Estudo de caso do apoio agr\u00edcola prestado pela cidade de Nasushiobara<\/h4>\n<ul>\n<li>Os pontos principais s\u00e3o o conte\u00fado diversificado da forma\u00e7\u00e3o (pode escolher entre cinco cursos que se adequam \u00e0s suas necessidades) e o vasto apoio dispon\u00edvel (generoso suporte do governo e dos agricultores locais).<\/li>\n<\/ul>\n<h4>(3) Estudo de caso da cria\u00e7\u00e3o da Corpora\u00e7\u00e3o de Promo\u00e7\u00e3o Agr\u00edcola de Kuriyama<\/h4>\n<ul>\n<li>Rela\u00e7\u00f5es P\u00fablicas, informa\u00e7\u00f5es e inova\u00e7\u00f5es do sistema (agricultura livre e apoio integral aos agricultores locais)<\/li>\n<\/ul>\n<h3>Princ\u00edpios b\u00e1sicos revelados por hist\u00f3rias de sucesso<\/h3>\n<ul>\n<li>&quot;Charme e personalidade das pessoas&quot;, &quot;Conhecer pessoas&quot;, &quot;Uma regi\u00e3o onde posso vivenciar meu estilo de vida e onde posso encontrar empatia&quot; e &quot;Ouvir atentamente o que os outros t\u00eam a dizer&quot;.<\/li>\n<\/ul>\n<figure class=\"wp-caption aligncenter\"><a href=\"https:\/\/photos.google.com\/share\/AF1QipMKe1qL0cYS__nad6gnp2V506bE5TTz-XbCB1iMnc9gSUleSbIU_raJS_3v4hIrfQ\/photo\/AF1QipPgiXQNSwaS7JxrCp97EXRdCdl7_T0kScot1RI?key=ZXY2YnVJVEExQkJRX3Q4QmUxa0h0QjJRbHIyU0RB\" target=\"_blank\" rel=\"noopener\"><img decoding=\"async\" src=\"https:\/\/lh3.googleusercontent.com\/pw\/AMWts8DgM8T_NzsxKZR7YCfhYBb6oHTEBLldyNdudiw903O97xbBwUzWmUNlfRY5Tjy9ueeqhb2uC5UMu8DI5Gd-F5jeoAjbMB2x9N7fAfK_tBmjEasqKK09q-leOtNIHZmVCQXU1tGjbnATYIbLKNgMkChP=w2000-h1333-no?authuser=0\" width=\"2000\" height=\"1333\" alt=\"Uma palestra sobre m\u00e9todos para garantir a lideran\u00e7a local e como aceit\u00e1-la.\" class=\"size-full\" \/><\/a><figcaption class=\"wp-caption-text\">Uma palestra sobre m\u00e9todos para garantir a lideran\u00e7a local e como aceit\u00e1-la.<\/figcaption><\/figure>\n<p>Em seguida, houve uma sess\u00e3o de perguntas e respostas, na qual os participantes foram questionados sobre sua situa\u00e7\u00e3o ap\u00f3s o in\u00edcio da atividade agr\u00edcola e os cuidados subsequentes.<\/p>\n<figure class=\"wp-caption aligncenter\"><a href=\"https:\/\/photos.google.com\/share\/AF1QipMKe1qL0cYS__nad6gnp2V506bE5TTz-XbCB1iMnc9gSUleSbIU_raJS_3v4hIrfQ\/photo\/AF1QipOhc_fWivED0S3EG8H3U2xaEaSMzpH5BJPMoDE?key=ZXY2YnVJVEExQkJRX3Q4QmUxa0h0QjJRbHIyU0RB\" target=\"_blank\" rel=\"noopener\"><img decoding=\"async\" src=\"https:\/\/lh3.googleusercontent.com\/pw\/AMWts8DeRoOMlY-v0oPr6ejSVmTRwfrvgYDqzpCEuQqPFSDpocGr677MycKBkR7Fe_QbA_cnuywed7TzgUFwcLmqOeDzzlEXCkw3uB4BZ_dJD_fSNXx7bq78fl1nHKp-ivR8N0NAs0AAH5FviqsvG6oKKx3o=w2000-h1333-no?authuser=0\" width=\"2000\" height=\"1333\" alt=\"Com gratid\u00e3o pelo Semin\u00e1rio Regional de Forma\u00e7\u00e3o Agr\u00edcola, que promove e desenvolve a agricultura local...\" class=\"size-full\" \/><\/a><figcaption class=\"wp-caption-text\">Com gratid\u00e3o pelo Semin\u00e1rio Regional de Forma\u00e7\u00e3o Agr\u00edcola, que promove e desenvolve a agricultura local...<\/figcaption><\/figure>\n<p>Com amor, gratid\u00e3o e ora\u00e7\u00f5es ilimitadas, este Semin\u00e1rio Regional de Treinamento Agr\u00edcola ajudar\u00e1 os participantes a compreender o estado atual da agricultura, ouvir as opini\u00f5es daqueles que est\u00e3o ingressando no setor agr\u00edcola para aprofundar seu conhecimento, transmitir o apelo das iniciativas locais e das pessoas, e abrir caminho para a promo\u00e7\u00e3o e o desenvolvimento da agricultura regional no futuro.<\/p>\n<figure class=\"wp-caption aligncenter\"><a href=\"https:\/\/photos.google.com\/share\/AF1QipMKe1qL0cYS__nad6gnp2V506bE5TTz-XbCB1iMnc9gSUleSbIU_raJS_3v4hIrfQ\/photo\/AF1QipPDMjhjYSAhVoIF1cuF9yunLaNFiPZepYvwfXs?key=ZXY2YnVJVEExQkJRX3Q4QmUxa0h0QjJRbHIyU0RB\" target=\"_blank\" rel=\"noopener\"><img decoding=\"async\" src=\"https:\/\/lh3.googleusercontent.com\/pw\/AMWts8ANRCoYjiCQu_jBuxntUE91X86VeQU0HgwS_I2xMfwqJwQ_EjLph-XhCwJuBYF_WTFnJrhn5FYGDybPJmfwGbiCh0oJYhcB8ObYYHkRpMWIkIRgxShGBHhRVM4uemP-5JyyUO1U8S0OQ1LNatJBhJpm=w2000-h1333-no?authuser=0\" width=\"2000\" height=\"1333\" alt=\"C\u00e9u, Terra, \u00c1gua e os Cora\u00e7\u00f5es dos Agricultores\" class=\"size-full\" \/><\/a><figcaption class=\"wp-caption-text\">C\u00e9u, terra, \u00e1gua e os cora\u00e7\u00f5es (almas) dos agricultores<\/figcaption><\/figure>\n<h2>Outras fotos<\/h2>\n<div class=\"img-move\">\n<img decoding=\"async\" src=\"https:\/\/ehokkaido.net\/wp-content\/uploads\/2021\/12\/2021-12-06-11.41.12.png\" style=\"vertical-align:middle;\"> <a href=\"https:\/\/photos.app.goo.gl\/y7hc4Z2rzu3nxg63A\" target=\"_blank\" rel=\"noopener noreferrer\">As fotos (38 fotos) do Semin\u00e1rio Regional de Treinamento de Agricultores das tr\u00eas cidades (Uryu, Numata, Hokuryu) est\u00e3o dispon\u00edveis aqui &gt;&gt;<\/a><\/a><\/div>\n<h2>Artigos e sites relacionados<\/h2>\n\n        <div class=\"site-blogcard-premium\">\n            <div class=\"bc-label-custom\">Artigos relacionados<\/div>\n            <div class=\"bc-flex-container\">\n                <div class=\"bc-main-text\">\n                    <div class=\"bc-title-link-box\">\n                        <a href=\"https:\/\/portal.hokuryu.info\/pt\/16461\/\" target=\"_blank\">https:\/\/portal.hokuryu.info\/16461<\/a>\n                    <\/div>\n                    <div class=\"bc-excerpt-box\">N\u00e3o foi poss\u00edvel recuperar as informa\u00e7\u00f5es da p\u00e1gina.<\/div>\n                <\/div>\n                <div class=\"bc-thumbnail-box\">\n                    <a href=\"https:\/\/portal.hokuryu.info\/pt\/16461\/\" target=\"_blank\">\n                        <div class=\"bc-img-zoom-wrap\">\n                            <img decoding=\"async\" src=\"https:\/\/portal.hokuryu.info\/wp\/wp-content\/uploads\/2026\/02\/20230802DSC06445_1.jpg\" alt=\"https:\/\/portal.hokuryu.info\/16461\">\n                        <\/div>\n                    <\/a>\n                <\/div>\n            <\/div>\n        <\/div>\n\n        <div class=\"site-blogcard-premium\">\n            <div class=\"bc-label-custom\">Artigos relacionados<\/div>\n            <div class=\"bc-flex-container\">\n                <div class=\"bc-main-text\">\n                    <div class=\"bc-title-link-box\">\n                        <a href=\"https:\/\/portal.hokuryu.info\/pt\/14470\/\" target=\"_blank\">https:\/\/portal.hokuryu.info\/14470<\/a>\n                    <\/div>\n                    <div class=\"bc-excerpt-box\">N\u00e3o foi poss\u00edvel recuperar as informa\u00e7\u00f5es da p\u00e1gina.<\/div>\n                <\/div>\n                <div class=\"bc-thumbnail-box\">\n                    <a href=\"https:\/\/portal.hokuryu.info\/pt\/14470\/\" target=\"_blank\">\n                        <div class=\"bc-img-zoom-wrap\">\n                            <img decoding=\"async\" src=\"https:\/\/portal.hokuryu.info\/wp\/wp-content\/uploads\/2026\/02\/20230802DSC06445_1.jpg\" alt=\"https:\/\/portal.hokuryu.info\/14470\">\n                        <\/div>\n                    <\/a>\n                <\/div>\n            <\/div>\n        <\/div>\n\u3000<br \/>\n\n        <div class=\"site-blogcard-premium\">\n            <div class=\"bc-label-custom\">Artigos relacionados<\/div>\n            <div class=\"bc-flex-container\">\n                <div class=\"bc-main-text\">\n                    <div class=\"bc-title-link-box\">\n                        <a href=\"https:\/\/www.maff.go.jp\/hokkaido\/asahikawa\/index.html\" target=\"_blank\">Base Regional de Asahikawa: Escrit\u00f3rio de Administra\u00e7\u00e3o Agr\u00edcola de Hokkaido<\/a>\n                    <\/div>\n                    <div class=\"bc-excerpt-box\">P\u00e1gina inicial do Escrit\u00f3rio de Administra\u00e7\u00e3o Agr\u00edcola de Hokkaido<\/div>\n                <\/div>\n                <div class=\"bc-thumbnail-box\">\n                    <a href=\"https:\/\/www.maff.go.jp\/hokkaido\/asahikawa\/index.html\" target=\"_blank\">\n                        <div class=\"bc-img-zoom-wrap\">\n                            <img decoding=\"async\" src=\"https:\/\/www.maff.go.jp\/hokkaido\/asahikawa\/..\/obihiro\/attach\/img\/index-8.png\" alt=\"Base Regional de Asahikawa: Escrit\u00f3rio de Administra\u00e7\u00e3o Agr\u00edcola de Hokkaido\">\n                        <\/div>\n                    <\/a>\n                <\/div>\n            <\/div>\n        <\/div>\n\n        <div class=\"site-blogcard-premium\">\n            <div class=\"bc-label-custom\">Artigos relacionados<\/div>\n            <div class=\"bc-flex-container\">\n                <div class=\"bc-main-text\">\n                    <div class=\"bc-title-link-box\">\n                        <a href=\"https:\/\/agri.mynavi.jp\" target=\"_blank\">Mynavi Agricultura - Um site completo de informa\u00e7\u00f5es agr\u00edcolas que re\u00fane not\u00edcias sobre agricultura e o setor agropecu\u00e1rio.<\/a>\n                    <\/div>\n                    <div class=\"bc-excerpt-box\">&quot;Mynavi Agriculture&quot; \u00e9 um meio de comunica\u00e7\u00e3o abrangente que divulga informa\u00e7\u00f5es relacionadas \u00e0 agricultura sob diversas perspectivas.<\/div>\n                <\/div>\n                <div class=\"bc-thumbnail-box\">\n                    <a href=\"https:\/\/agri.mynavi.jp\" target=\"_blank\">\n                        <div class=\"bc-img-zoom-wrap\">\n                            <img decoding=\"async\" src=\"https:\/\/agri.mynavi.jp\/wp-content\/uploads\/2017\/08\/mynavi_ogp.jpg\" alt=\"Mynavi Agricultura - Um site completo de informa\u00e7\u00f5es agr\u00edcolas que re\u00fane not\u00edcias sobre agricultura e o setor agropecu\u00e1rio.\">\n                        <\/div>\n                    <\/a>\n                <\/div>\n            <\/div>\n        <\/div>\n\u3000<\/p>\n<p>\u25c7 Fotografia e edi\u00e7\u00e3o: Noboru Terauchi Entrevista e texto: Ikuko Terauchi<\/p>","protected":false},"excerpt":{"rendered":"<p>\uff12\uff10\uff12\uff13\u5e74\uff13\u6708\uff11\u65e5\uff08\u6c34\uff09 \uff12\u6708\uff12\uff17\u65e5\uff08\u6708\uff09\uff11\uff14\u6642\u3088\u308a\u3001\u300c\uff13\u753a\uff08\u96e8\u7adc\u30fb\u6cbc\u7530\u30fb\u5317\u7adc\uff09\u55b6\u8fb2\u6539\u5584\u63a8\u9032\u5354\u8b70\u4f1a\u30fb\u4f50\u91ce\u8c4a \u4f1a\u9577\uff08\u5317\u7adc\u753a\u9577\uff09\u300d\u4e3b\u50ac\u306b\u3088\u308b\u300c\u5730\u57df\u8fb2\u696d\u8005\u7814\u4fee\u4f1a\u300d\u304c\u3001\u304d\u305f\u305d\u3089\u3061\u8fb2\u696d\u5354\u540c\u7d44\u5408\u5317\u7adc\u652f\u6240\uff08\uff12\u968e\u7814\u4fee [&hellip;]<\/p>\n","protected":false},"author":1,"featured_media":30283,"comment_status":"open","ping_status":"open","sticky":false,"template":"","format":"standard","meta":{"footnotes":""},"categories":[4],"tags":[],"class_list":["post-30234","post","type-post","status-publish","format-standard","has-post-thumbnail","hentry","category-cover-story"],"_links":{"self":[{"href":"https:\/\/portal.hokuryu.info\/pt\/wp-json\/wp\/v2\/posts\/30234","targetHints":{"allow":["GET"]}}],"collection":[{"href":"https:\/\/portal.hokuryu.info\/pt\/wp-json\/wp\/v2\/posts"}],"about":[{"href":"https:\/\/portal.hokuryu.info\/pt\/wp-json\/wp\/v2\/types\/post"}],"author":[{"embeddable":true,"href":"https:\/\/portal.hokuryu.info\/pt\/wp-json\/wp\/v2\/users\/1"}],"replies":[{"embeddable":true,"href":"https:\/\/portal.hokuryu.info\/pt\/wp-json\/wp\/v2\/comments?post=30234"}],"version-history":[{"count":0,"href":"https:\/\/portal.hokuryu.info\/pt\/wp-json\/wp\/v2\/posts\/30234\/revisions"}],"wp:featuredmedia":[{"embeddable":true,"href":"https:\/\/portal.hokuryu.info\/pt\/wp-json\/wp\/v2\/media\/30283"}],"wp:attachment":[{"href":"https:\/\/portal.hokuryu.info\/pt\/wp-json\/wp\/v2\/media?parent=30234"}],"wp:term":[{"taxonomy":"category","embeddable":true,"href":"https:\/\/portal.hokuryu.info\/pt\/wp-json\/wp\/v2\/categories?post=30234"},{"taxonomy":"post_tag","embeddable":true,"href":"https:\/\/portal.hokuryu.info\/pt\/wp-json\/wp\/v2\/tags?post=30234"}],"curies":[{"name":"wp","href":"https:\/\/api.w.org\/{rel}","templated":true}]}}