{"id":29543,"date":"2023-02-08T06:39:47","date_gmt":"2023-02-07T21:39:47","guid":{"rendered":"https:\/\/portal.hokuryu.info\/?p=29543"},"modified":"2023-06-15T15:19:07","modified_gmt":"2023-06-15T06:19:07","slug":"%ef%bd%92%ef%bd%89%ef%bd%83%ef%bd%88%e5%b7%a5%e6%88%bf%ef%bc%88%ef%bd%8e%ef%bd%90%ef%bd%8f%e3%81%82%e3%81%8b%e3%82%8b%e3%81%84%e8%be%b2%e6%b3%95%ef%bc%89%e3%81%ae%e7%84%bc%e3%81%8d%e3%81%9f%e3%81%a6","status":"publish","type":"post","link":"https:\/\/portal.hokuryu.info\/pt\/29543\/","title":{"rendered":"Venda de p\u00e3o fresco da RICH Kobo (ONG Bright Farming) em fevereiro."},"content":{"rendered":"<p>Quarta-feira, 8 de fevereiro de 2023<\/p>\n<p>Apresentamos os deliciosos p\u00e3es de fevereiro da RICH Kobo, uma padaria de produtos frescos administrada pela ONG Akarui Nouhou (Diretora Representante: Takebayashi Yumiko).<\/p>\n<h2>Datas de vendas da RICH Kobo em fevereiro<\/h2>\n<p>As vendas ser\u00e3o realizadas oito vezes em fevereiro, \u00e0s ter\u00e7as-feiras (7, 14, 21 e 28) e aos s\u00e1bados (4, 11, 18 e 25). A retirada pode ser feita na loja ou mediante agendamento para retirada em domic\u00edlio.<\/p>\n<figure class=\"wp-caption aligncenter\"><a href=\"https:\/\/photos.google.com\/share\/AF1QipNe89azk6vF7OoUg4v0oPveG2aFE_WiW4jJXYbuVFJYO2kzOI8dkL8f_ltDJjBDjQ\/photo\/AF1QipNo5DVAe7jlcOlyK7CMy_KKgN9Skwu--7-MPT8?key=M2FQT01QcEtFRXdfWFB1Q05RUi14ZWpXWTFVQUdR\" target=\"_blank\" rel=\"noopener\"><img decoding=\"async\" src=\"https:\/\/lh3.googleusercontent.com\/pw\/AMWts8BSxhF_ZYHbwGZfAqWQOzeHYJNTRfhSnk5DnDrhKPJItSdSQJQ0zNuovexQpx1VH1k88st4P5rSRO_i3FeDwyipsbbcB6ItHQfjsNna-WHszaU86oJsm1eiCTY1rsE9gXqv8_nRdOj7FoTIxMBKxV5L=w1374-h1832-no?authuser=0\" width=\"1374\" height=\"1832\" alt=\"Calend\u00e1rio de Vendas de P\u00e3o de Fevereiro\" class=\"size-full\" \/><\/a><figcaption class=\"wp-caption-text\">Calend\u00e1rio de Vendas de P\u00e3o de Fevereiro<\/figcaption><\/figure>\n<h2>P\u00e3o do novo card\u00e1pio de fevereiro<\/h2>\n<p>O novo menu de p\u00e3es para fevereiro inclui tr\u00eas tipos: P\u00e3o de Mel\u00e3o com Chocolate e Morango, Croissant Choux e Mini P\u00e3o de Chocolate (2 unidades)!<\/p>\n<h3>P\u00e3o de Mel\u00e3o com Chocolate e Morango<\/h3>\n<figure class=\"wp-caption aligncenter\"><a href=\"https:\/\/photos.google.com\/share\/AF1QipNe89azk6vF7OoUg4v0oPveG2aFE_WiW4jJXYbuVFJYO2kzOI8dkL8f_ltDJjBDjQ\/photo\/AF1QipNkKhop-HMUO_8qyveUf32Qr1CYQFrmuDh5Oi8?key=M2FQT01QcEtFRXdfWFB1Q05RUi14ZWpXWTFVQUdR\" target=\"_blank\" rel=\"noopener\"><img decoding=\"async\" src=\"https:\/\/lh3.googleusercontent.com\/pw\/AMWts8BEs_ZPuQb_JGVVWzVep5-dIwa1UrO67Pfn6QmEOLy_fmQJOLhfGdauueVlDHVBbnzI8Ah1iSJzKOYlTqSY68dT_WLrvQBfGBkwyQkLyyMVwWRlBW5YyoeRbgSsITHP4OIJItL3yX4ldLfnCLCr-pLg=w2000-h1500-no?authuser=0\" width=\"2000\" height=\"1500\" alt=\"P\u00e3o de Mel\u00e3o com Chocolate e Morango\" class=\"size-full\" \/><\/a><figcaption class=\"wp-caption-text\">P\u00e3o de Mel\u00e3o com Chocolate e Morango<\/figcaption><\/figure>\n<ul>\n<li>A massa \u00e9 rosa claro e tem um suave aroma de morango!<\/li>\n<li>Um p\u00e3o de mel\u00e3o muito fofo, feito com massa de biscoito e bastante chocolate com morango!<\/li>\n<li>P\u00e3o de mel\u00e3o super fofo, doce e delicioso \u2661<\/li>\n<\/ul>\n<figure class=\"wp-caption aligncenter\"><a href=\"https:\/\/photos.google.com\/share\/AF1QipNe89azk6vF7OoUg4v0oPveG2aFE_WiW4jJXYbuVFJYO2kzOI8dkL8f_ltDJjBDjQ\/photo\/AF1QipMtMvrAEVXqJ9MkjsCSTcjnpgPRf_Hu4Dfdcbs?key=M2FQT01QcEtFRXdfWFB1Q05RUi14ZWpXWTFVQUdR\" target=\"_blank\" rel=\"noopener\"><img decoding=\"async\" src=\"https:\/\/lh3.googleusercontent.com\/pw\/AMWts8Ckt2gw3fBMLX0De7gOC-MndacxIAXk6JCK47QDj3GapyylO05lQxnlQJi6tL6-4uZHzliVumKlzJcpHlnw0NuWSAjvU1yZektSoHv4Gu8G50f3F3rupqEmAq3MCUgNgGKtSPVR3vm3UnJJpMDDEJou=w2000-h1500-no?authuser=0\" width=\"2000\" height=\"1500\" alt=\"Um p\u00e3o de mel\u00e3o super fofo com crosta rosa e aroma de morango!\" class=\"size-full\" \/><\/a><figcaption class=\"wp-caption-text\">Um p\u00e3o de mel\u00e3o super fofo com crosta rosa e aroma de morango!<\/figcaption><\/figure>\n<h3>croissant choux<\/h3>\n<ul>\n<li>Croissants recheados com creme fresco!<\/li>\n<li>Coberto com sementes de girassol!<\/li>\n<li>\u00c9 um croissant com sabor de bomba de creme!<\/li>\n<\/ul>\n<figure class=\"wp-caption aligncenter\"><a href=\"https:\/\/photos.google.com\/share\/AF1QipNe89azk6vF7OoUg4v0oPveG2aFE_WiW4jJXYbuVFJYO2kzOI8dkL8f_ltDJjBDjQ\/photo\/AF1QipNf5J6wVcD85tI2MMmyupTrARmUi3xRk_s65_o?key=M2FQT01QcEtFRXdfWFB1Q05RUi14ZWpXWTFVQUdR\" target=\"_blank\" rel=\"noopener\"><img decoding=\"async\" src=\"https:\/\/lh3.googleusercontent.com\/pw\/AMWts8APxpXdozwBqKlMUbrj7ssnwgTWzKT143ltHifcz5b-nj9RUfAB6NfT5L63XtgUfzp3SR4BGFLH4p7QYwYtcumOv7-7wBE908bvpnozYZXTtR4_PDtYyLAW3p5Iok8FiFBtJAdnw8oUWe0GQKauuMZq=w2000-h1500-no?authuser=0\" width=\"2000\" height=\"1500\" alt=\"croissant choux\" class=\"size-full\" \/><\/a><figcaption class=\"wp-caption-text\">croissant choux<\/figcaption><\/figure>\n<ul>\n<li>Um novo tipo de croissant que combina na perfei\u00e7\u00e3o um creme fresco, rico e cremoso, com uma crosta leve e fofa!<\/li>\n<\/ul>\n<figure class=\"wp-caption aligncenter\"><a href=\"https:\/\/photos.google.com\/share\/AF1QipNe89azk6vF7OoUg4v0oPveG2aFE_WiW4jJXYbuVFJYO2kzOI8dkL8f_ltDJjBDjQ\/photo\/AF1QipMPwRXvz8MwPBTwvaT6UqjtiJCh-02j0jBKQow?key=M2FQT01QcEtFRXdfWFB1Q05RUi14ZWpXWTFVQUdR\" target=\"_blank\" rel=\"noopener\"><img decoding=\"async\" src=\"https:\/\/lh3.googleusercontent.com\/pw\/AMWts8DmvEAYBoVPJi8hQJWM5zOG2JM3NIgDjDficF_5LOqah4sPegkkVKRmbBdDmibftNQdZDmKxH7WcHxPZd3Ks1BJjimEUqPJk4mCCW1B7273BWxdgO4ItZvz7V77eHfbiNoH5sMPqdDYEsyyAT0FMSRV=w2000-h1500-no?authuser=0\" width=\"2000\" height=\"1500\" alt=\"Muita nata fresca!\" class=\"size-full\" \/><\/a><figcaption class=\"wp-caption-text\">Muita nata fresca!<\/figcaption><\/figure>\n<h3>Mini p\u00e3o de chocolate (2 unidades)<\/h3>\n<ul>\n<li>A massa rica em cacau e a textura doce e derretida do chocolate s\u00e3o simplesmente deliciosas!<\/li>\n<li>A cobertura de sementes de girassol d\u00e1 um toque especial!<\/li>\n<\/ul>\n<figure class=\"wp-caption aligncenter\"><a href=\"https:\/\/photos.google.com\/share\/AF1QipNe89azk6vF7OoUg4v0oPveG2aFE_WiW4jJXYbuVFJYO2kzOI8dkL8f_ltDJjBDjQ\/photo\/AF1QipMiPRkJswNuR5tI-e5BuC_y-QuCGKmfEH0MWzM?key=M2FQT01QcEtFRXdfWFB1Q05RUi14ZWpXWTFVQUdR\" target=\"_blank\" rel=\"noopener\"><img decoding=\"async\" src=\"https:\/\/lh3.googleusercontent.com\/pw\/AMWts8AGkQnTLc2-zTDKej2aCwBygWrfVi2uJ9As8difIbIIkIRqtQskXo3KyweQtfHo-9EJdWRid9N_cWKlYL6kNRD21oX6kUPZ8_2c-O76U8QpCcYoPpOOzRyr950PqYw_yUtOF1uRjdc87a88mLVAc_ZV=w2000-h1500-no?authuser=0\" width=\"2000\" height=\"1500\" alt=\"Mini p\u00e3o de chocolate (2 unidades)\" class=\"size-full\" \/><\/a><figcaption class=\"wp-caption-text\">Mini p\u00e3o de chocolate (2 unidades)<\/figcaption><\/figure>\n<ul>\n<li>Um delicioso p\u00e3o de chocolate que permite desfrutar do dobro do sabor do chocolate!<\/li>\n<\/ul>\n<figure class=\"wp-caption aligncenter\"><a href=\"https:\/\/photos.google.com\/share\/AF1QipNe89azk6vF7OoUg4v0oPveG2aFE_WiW4jJXYbuVFJYO2kzOI8dkL8f_ltDJjBDjQ\/photo\/AF1QipNUlneuNWvPSA83o-QkIrLyrFSU81cmRoDP2fU?key=M2FQT01QcEtFRXdfWFB1Q05RUi14ZWpXWTFVQUdR\" target=\"_blank\" rel=\"noopener\"><img decoding=\"async\" src=\"https:\/\/lh3.googleusercontent.com\/pw\/AMWts8CP1omupkmtXbZyhPlrtuKY49bFJCgE620z9AJsdT7ZajMMR-pVB74erRBTEcrd-2PUJlsch3fvExlSY7HVAfO7fv6r5b9CE33nlr4eiulixd5uorihHcde9_Vux6ljGlo3FRilmtYsfuWt1xt1UHyW=w2000-h1500-no?authuser=0\" width=\"2000\" height=\"1500\" alt=\"Um delicioso p\u00e3o de chocolate que permite desfrutar do dobro do sabor do chocolate.\" class=\"size-full\" \/><\/a><figcaption class=\"wp-caption-text\">Um delicioso p\u00e3o de chocolate que permite desfrutar do dobro do sabor do chocolate.<\/figcaption><\/figure>\n<h3>Outros tipos de p\u00e3o<\/h3>\n<p>Outros tipos de p\u00e3o incluem p\u00e3o com manteiga salgada, p\u00e3o de passas, p\u00e3ozinho de girassol e feij\u00e3o, p\u00e3o cremoso, p\u00e3o de mel\u00e3o, pastel dinamarqu\u00eas de queijo, croissant de chocolate, p\u00e3o de curry, rolinho vienense de salsicha, mini p\u00e3o fatiado, croissant de manteiga fermentada, torta de queijo, p\u00e3ozinho de ab\u00f3bora e feij\u00e3o, p\u00e3o com ovas de bacalhau e queijo, p\u00e3ozinho de arroz integral com manteiga, croissant de caramelo salgado, p\u00e3o de feij\u00e3o branco, bolo de okara, torta de ma\u00e7\u00e3, torta de mirtilo, etc.<\/p>\n<figure class=\"wp-caption aligncenter\"><a href=\"https:\/\/photos.google.com\/share\/AF1QipNe89azk6vF7OoUg4v0oPveG2aFE_WiW4jJXYbuVFJYO2kzOI8dkL8f_ltDJjBDjQ\/photo\/AF1QipNKhzuH-FFjVFyjQxhedGkpbcyHUsmDCJ_7HDY?key=M2FQT01QcEtFRXdfWFB1Q05RUi14ZWpXWTFVQUdR\" target=\"_blank\" rel=\"noopener\"><img decoding=\"async\" src=\"https:\/\/lh3.googleusercontent.com\/pw\/AMWts8BKuMXwd7ZtU3o_btN2ScfES4cYV9OeGdzM0SrU1yPNQ3s5YtIr98jf4NrwiSycsDDLq0z1TVUHwDNCbnvEowUZZ-NzSHl91j_YdobOxezYX2syw-BQgwyBcaWPbRpEGv2epU7MjcO-ajl05TohF20M=w2000-h1500-no?authuser=0\" width=\"2000\" height=\"1500\" alt=\"P\u00e3es deliciosos de fevereiro!\" class=\"size-full\" \/><\/a><figcaption class=\"wp-caption-text\">P\u00e3es deliciosos de fevereiro!<\/figcaption><\/figure>\n<h3>P\u00e3o de queijo com ovas de bacalhau<\/h3>\n<ul>\n<li>O p\u00e3o de queijo com ovas de bacalhau \u00e9 uma \u00f3tima combina\u00e7\u00e3o de queijo cremoso e ovas de bacalhau!!!<\/li>\n<li>A cobertura de queijo \u00e9 crocante e arom\u00e1tica!<\/li>\n<\/ul>\n<figure class=\"wp-caption aligncenter\"><a href=\"https:\/\/photos.google.com\/share\/AF1QipNe89azk6vF7OoUg4v0oPveG2aFE_WiW4jJXYbuVFJYO2kzOI8dkL8f_ltDJjBDjQ\/photo\/AF1QipO029UlwzeF7wVmRsawrzGCD5zWskrESJvu7Rk?key=M2FQT01QcEtFRXdfWFB1Q05RUi14ZWpXWTFVQUdR\" target=\"_blank\" rel=\"noopener\"><img decoding=\"async\" src=\"https:\/\/lh3.googleusercontent.com\/pw\/AMWts8AYTkTLeZWkEdP_N1BkhS4X18qxTqScL4nY6OuII46ifvsyQEjd_ToJP-tPIMYmiNz2ysilUsUhJ6fYrF1KZakwzwPVUkB-BGUMcZwwN-MgO-lMt1-iVlbW5A4ppgMK6nJUZo_P9ST9vCO3I4DzQHTG=w2000-h1500-no?authuser=0\" width=\"2000\" height=\"1500\" alt=\"O p\u00e3o de queijo tarako \u00e9 uma \u00f3tima combina\u00e7\u00e3o de queijo cremoso e tarako!\" class=\"size-full\" \/><\/a><figcaption class=\"wp-caption-text\">O p\u00e3o de queijo tarako \u00e9 uma \u00f3tima combina\u00e7\u00e3o de queijo cremoso e tarako!<\/figcaption><\/figure>\n<h2>Hora do p\u00e3o delicioso!<\/h2>\n<p>Desfrute de um momento delicioso com p\u00e3o, iogurte de morango e caf\u00e9!<\/p>\n<p>Estava delicioso \u2661 Obrigada pela refei\u00e7\u00e3o!<\/p>\n<figure class=\"wp-caption aligncenter\"><a href=\"https:\/\/photos.google.com\/share\/AF1QipNe89azk6vF7OoUg4v0oPveG2aFE_WiW4jJXYbuVFJYO2kzOI8dkL8f_ltDJjBDjQ\/photo\/AF1QipOKvdO29Qf70YPh8YiGys39CL6X8ywLbQR1L7E?key=M2FQT01QcEtFRXdfWFB1Q05RUi14ZWpXWTFVQUdR\" target=\"_blank\" rel=\"noopener\"><img decoding=\"async\" src=\"https:\/\/lh3.googleusercontent.com\/pw\/AMWts8Da7byhraCE8mkpW-bL9jd57SWcOW1vCNhNClQxxLInPe6Zc8b4qZ8QL2QwcHVI8HYop_4MD_zy9V9MBAQTPtFRE_OI1r1Jm-thtauIYSxCNSlV-Mmd4NKOjFZZ_BIDsyINuA3fz9CeYw-7J4A-fyPn=w2000-h1500-no?authuser=0\" width=\"2000\" height=\"1500\" alt=\"Obrigada pelo delicioso momento com o p\u00e3o!\" class=\"size-full\" \/><\/a><figcaption class=\"wp-caption-text\">Obrigada pelo delicioso momento com o p\u00e3o!<\/figcaption><\/figure>\n\u3000<br \/>\nCom amor, gratid\u00e3o e ora\u00e7\u00f5es infinitas pelos deliciosos e maravilhosos p\u00e3es da RICH Kobo...<br \/>\n\ufffc<\/p>\n<h2>Foto de p\u00e3o fresco assado da RICH Kobo<\/h2>\n<div class=\"img-move\"><img decoding=\"async\" style=\"vertical-align: middle;\" src=\"https:\/\/ehokkaido.net\/wp-content\/uploads\/2021\/12\/2021-12-06-11.41.12.png\" \/> <a href=\"https:\/\/photos.app.goo.gl\/fQyzLTk7VBvsmwgMA\" target=\"_blank\" rel=\"noopener noreferrer\">Clique aqui para ver 99 fotos de p\u00e3o fresco da RICH Kobo &gt;&gt;<\/a><\/div>\n<h2>Artigos relacionados<\/h2>\n<div class=\"img-move\">\n<div class=\"sitecard\">\n<div class=\"sitecard__subtitle\"> RICO Kobo (ONG Agr\u00edcola de Akarui)<\/div>\n<div class=\"column column-273\">\n<div class=\"column__item\"><a href=\"https:\/\/portal.hokuryu.info\/pt\/category\/org\/akaruinoho\/richworkshop\/\" target=\"_blank\" rel=\"noopener\"><b style=\"font-size:large\">ONG Bright Farming<\/b><\/a><br \/>\n<span style=\"font-size:11pt\">Gostar\u00edamos de apresentar a voc\u00eas o delicioso p\u00e3o da RICH Kobo, uma padaria que produz p\u00e3es frescos e \u00e9 administrada pela ONG Akarui Noho (Diretora Representante: Takebayashi Yumiko).<\/span><br \/>\n<span style=\"color: #ff9900;\">\u25b6<\/span> <a href=\"https:\/\/portal.hokuryu.info\/pt\/category\/org\/akaruinoho\/richworkshop\/\" target=\"_blank\" rel=\"noopener\"><b style=\"font-size:large\">Clique aqui para ler o artigo sobre as vendas de p\u00e3o da RICH Kobo &gt;&gt;<\/b><\/div>\n<div class=\"column__item\"><img decoding=\"async\" src=\"https:\/\/portal.hokuryu.info\/wp\/wp-content\/uploads\/2023\/04\/2023-04-05-7.29.08.jpg\" alt=\"Fotos do p\u00e3o RICH Kobo\" style=\"border:solid 1px blue\" height=\"150\"\/><\/a><\/div>\n<\/div>\n<\/div>\n<\/div>\n<p>\u25c7 Fotografia e edi\u00e7\u00e3o: Noboru Terauchi Entrevista e texto: Ikuko Terauchi<\/p>","protected":false},"excerpt":{"rendered":"<p>\uff12\uff10\uff12\uff13\u5e74\uff12\u6708\uff18\u65e5\uff08\u6c34\uff09 \uff2e\uff30\uff2f\u6cd5\u4eba\u3042\u304b\u308b\u3044\u8fb2\u6cd5\uff08\u7af9\u6797\u7531\u7f8e\u5b50 \u4ee3\u8868\u7406\u4e8b\uff09\u306e\u713c\u304d\u305f\u3066\u30d1\u30f3\u5c4b\u3055\u3093\u300c\uff32\uff29\uff23\uff28\u5de5\u623f\u300d\uff12\u6708\u306e\u7f8e\u5473\u3057\u3044\u30d1\u30f3\u306e\u3054\u7d39\u4ecb\u3067\u3059\u3002 \uff32\uff29\uff23\uff28\u5de5\u623f\u30fb\uff12\u6708\u306e\u8ca9\u58f2\u65e5 \uff12\u6708\u306e\u8ca9\u58f2\u306f\u3001\u706b\u66dc\u65e5\uff08\uff17\u65e5\u30fb\uff11 [&hellip;]<\/p>\n","protected":false},"author":1,"featured_media":29544,"comment_status":"open","ping_status":"open","sticky":false,"template":"","format":"standard","meta":{"footnotes":""},"categories":[4,63,53],"tags":[],"class_list":["post-29543","post","type-post","status-publish","format-standard","has-post-thumbnail","hentry","category-cover-story","category-richworkshop","category-akaruinoho"],"_links":{"self":[{"href":"https:\/\/portal.hokuryu.info\/pt\/wp-json\/wp\/v2\/posts\/29543","targetHints":{"allow":["GET"]}}],"collection":[{"href":"https:\/\/portal.hokuryu.info\/pt\/wp-json\/wp\/v2\/posts"}],"about":[{"href":"https:\/\/portal.hokuryu.info\/pt\/wp-json\/wp\/v2\/types\/post"}],"author":[{"embeddable":true,"href":"https:\/\/portal.hokuryu.info\/pt\/wp-json\/wp\/v2\/users\/1"}],"replies":[{"embeddable":true,"href":"https:\/\/portal.hokuryu.info\/pt\/wp-json\/wp\/v2\/comments?post=29543"}],"version-history":[{"count":0,"href":"https:\/\/portal.hokuryu.info\/pt\/wp-json\/wp\/v2\/posts\/29543\/revisions"}],"wp:featuredmedia":[{"embeddable":true,"href":"https:\/\/portal.hokuryu.info\/pt\/wp-json\/wp\/v2\/media\/29544"}],"wp:attachment":[{"href":"https:\/\/portal.hokuryu.info\/pt\/wp-json\/wp\/v2\/media?parent=29543"}],"wp:term":[{"taxonomy":"category","embeddable":true,"href":"https:\/\/portal.hokuryu.info\/pt\/wp-json\/wp\/v2\/categories?post=29543"},{"taxonomy":"post_tag","embeddable":true,"href":"https:\/\/portal.hokuryu.info\/pt\/wp-json\/wp\/v2\/tags?post=29543"}],"curies":[{"name":"wp","href":"https:\/\/api.w.org\/{rel}","templated":true}]}}