{"id":28718,"date":"2023-01-19T06:39:59","date_gmt":"2023-01-18T21:39:59","guid":{"rendered":"https:\/\/portal.hokuryu.info\/?p=28718"},"modified":"2023-06-15T15:19:00","modified_gmt":"2023-06-15T06:19:00","slug":"%e3%82%8a%e3%81%a3%e3%81%a1%e5%b7%a5%e6%88%bf%ef%bc%88rich%e5%b7%a5%e6%88%bf%e3%83%bbnpo%e3%81%82%e3%81%8b%e3%82%8b%e3%81%84%e8%be%b2%e6%b3%95%ef%bc%89%e3%81%ae%e7%84%bc%e3%81%8d%e7%ab%8b%e3%81%a6","status":"publish","type":"post","link":"https:\/\/portal.hokuryu.info\/pt\/28718\/","title":{"rendered":"P\u00e3o fresco da RICH Kobo (ONG Bright Farming) \u00e0 venda em janeiro."},"content":{"rendered":"<p>Quarta-feira, 18 de janeiro de 2023<\/p>\n<p>O delicioso p\u00e3o da RICH Kobo, uma padaria de produtos frescos administrada pela ONG Akarui Nouhou (Diretora Representante: Takebayashi Yumiko), come\u00e7ou a ser vendido em janeiro de 2023.<\/p>\n<h2>P\u00e3o de Janeiro do RICH Studio<\/h2>\n<figure class=\"wp-caption aligncenter\"><a href=\"https:\/\/photos.google.com\/share\/AF1QipNhrg5RPYRpZjNUVrRDP3ajHKj2QAIoihx739dieXes9BiirDbNURfvEAOPxkCsBg\/photo\/AF1QipN3PSJg9N10UnBcPqUAGQtyd5XOz0P5nUnI-fD5?key=aDAzVnU1Um9hRS1EQk1ENXliV1d4ZUIwYzdKUVJ3\" target=\"_blank\" rel=\"noopener\"><img decoding=\"async\" src=\"https:\/\/lh3.googleusercontent.com\/pw\/AL9nZEU3jF40nGQMZBmMsrchKrSXfJ_CjXOwJEbKVFMEysFKN0xZSfxWtY959AOuTe-chAC-2kMpdP7Qf9V-lI-_00bY-rJw8TbjBV_jzUCeIlk6ogQkQ7UZXy_A-wy57BgwhXKzKrYxUGsm_uBM16DYkoBFpA=w2000-h1500-no?authuser=0\" width=\"2000\" height=\"1500\" alt=\"O p\u00e3o que comprei desta vez na RICH Kobo \u00e9 de janeiro de 2023!\" class=\"size-thumbnail\" \/><\/a><figcaption class=\"wp-caption-text\">O p\u00e3o que comprei desta vez na RICH Kobo \u00e9 de janeiro de 2023!<\/figcaption><\/figure>\n<h3>Data de venda e tipo de p\u00e3o<\/h3>\n<p>As vendas ser\u00e3o realizadas cinco vezes em janeiro, \u00e0s ter\u00e7as-feiras (17, 24 e 31) e aos s\u00e1bados (21 e 28). A retirada pode ser feita na loja ou mediante agendamento para retirada em domic\u00edlio.<\/p>\n<p>Os tipos de p\u00e3o dispon\u00edveis em janeiro incluem p\u00e3o com manteiga salgada, p\u00e3o de passas, p\u00e3ozinho de girassol e feij\u00e3o, p\u00e3o cremoso, p\u00e3o de mel\u00e3o, pastel dinamarqu\u00eas de queijo, croissant de chocolate, p\u00e3o de curry, rolinho de salsicha vienense, mini p\u00e3o fatiado, croissant de manteiga fermentada, torta de queijo, p\u00e3ozinho de ab\u00f3bora e feij\u00e3o, p\u00e3o com ovas de bacalhau e queijo, p\u00e3ozinho de arroz integral com manteiga, croissant de caramelo salgado, p\u00e3o de feij\u00e3o branco, bolo chiffon, torta de ma\u00e7\u00e3, torta de mirtilo e muito mais.<\/p>\n<h3>Reservas e informa\u00e7\u00f5es<\/h3>\n<ul>\n<li><strong>Como encomendar:<\/strong>Favor enviar por fax at\u00e9 \u00e0s 17h00 dois dias antes da data da venda.<br \/>\nONG Akarui Agricultura<strong>Fax: 0164-34-6405 (Hoshiba)<\/strong><\/li>\n<li><strong>Escolher:<\/strong>Retirada na loja ou em domic\u00edlio da obra &quot;Minorich Hokuryu&quot;.<\/li>\n<li><strong>investiga\u00e7\u00e3o:<\/strong>Vendas da Oficina RICH (ONG Akarui Farming)<br \/>\n\u3000\u3000\u3000\u3000<strong>Telefone: 070-6976-7637<\/strong><\/li>\n<\/ul>\n<figure class=\"wp-caption aligncenter\"><a href=\"https:\/\/photos.google.com\/share\/AF1QipNhrg5RPYRpZjNUVrRDP3ajHKj2QAIoihx739dieXes9BiirDbNURfvEAOPxkCsBg\/photo\/AF1QipP1EOnrtlof2SfdymHk4tdgz8NAo3IINYAUEhnl?key=aDAzVnU1Um9hRS1EQk1ENXliV1d4ZUIwYzdKUVJ3\" target=\"_blank\" rel=\"noopener\"><img decoding=\"async\" src=\"https:\/\/lh3.googleusercontent.com\/pw\/AL9nZEXoAbq68iikUGx9aTHKyFKlukO_l8NrKOER_WVRWqxMa_0wXhyq44gfF0gdk5iyKUah6lwXj14_fR9UL7zwqBku_63lW26M7rcio3mjK9sWjAddK7NHCgUk6ikF9ZITthqkteeRyCNdFHfYBR17juOgKQ=w2000-h1500-no?authuser=0\" width=\"2000\" height=\"1500\" alt=\"P\u00e3es deliciosos de janeiro\" class=\"size-thumbnail\" \/><\/a><figcaption class=\"wp-caption-text\">P\u00e3es deliciosos de janeiro<\/figcaption><\/figure>\n<h3>O p\u00e3o de janeiro que comprei desta vez<\/h3>\n<ul>\n<li>Mini p\u00e3ozinho, p\u00e3ozinho de girassol e feij\u00e3o, croissant de chocolate, torta de queijo, p\u00e3o de curry, rolinho de salsicha, rolinho de arroz integral com manteiga!!!<\/li>\n<li>O p\u00e3o de curry tem uma cobertura crocante e um sabor suave de molho de curry!<\/li>\n<li>O rolinho de salsicha \u00e9 um p\u00e3o delicioso que combina perfeitamente com o sabor das salsichas, ketchup e molho!<\/li>\n<\/ul>\n<h4>P\u00e3o com curry e rolinho de salsicha<\/h4>\n<figure class=\"wp-caption aligncenter\"><a href=\"https:\/\/photos.google.com\/share\/AF1QipNhrg5RPYRpZjNUVrRDP3ajHKj2QAIoihx739dieXes9BiirDbNURfvEAOPxkCsBg\/photo\/AF1QipMLl5s37mN5Qddh5bStO_w3kxiAyKLX0ITZizHy?key=aDAzVnU1Um9hRS1EQk1ENXliV1d4ZUIwYzdKUVJ3\" target=\"_blank\" rel=\"noopener\"><img decoding=\"async\" src=\"https:\/\/lh3.googleusercontent.com\/pw\/AL9nZEUTg7p666pOMuOYqmsngQUlowuf9uBW0byqW5icsNoHAb6xy8OdjPiKCJ_VVHrJJj6kYxQ3377Pv4MxZCVMgO97howClifeCPYQNk_SLQJHIE7uMZ_ANGW331zW-n9B6pzh-uwuTLSg4RhG4kq2qhzwgA=w2000-h1500-no?authuser=0\" width=\"2000\" height=\"1500\" alt=\"P\u00e3o com curry e rolinho de salsicha\" class=\"size-thumbnail\" \/><\/a><figcaption class=\"wp-caption-text\">P\u00e3o com curry e rolinho de salsicha<\/figcaption><\/figure>\n<h4>Torta de queijo<\/h4>\n<p>A torta de queijo \u00e9 \u00famida, rica e deliciosa, com um sabor picante de queijo!<\/p>\n<figure class=\"wp-caption aligncenter\"><a href=\"https:\/\/photos.google.com\/share\/AF1QipNhrg5RPYRpZjNUVrRDP3ajHKj2QAIoihx739dieXes9BiirDbNURfvEAOPxkCsBg\/photo\/AF1QipOPOmq8_41pktINqEYDOvO7PupyZSYx00gPsJo9?key=aDAzVnU1Um9hRS1EQk1ENXliV1d4ZUIwYzdKUVJ3\" target=\"_blank\" rel=\"noopener\"><img decoding=\"async\" src=\"https:\/\/lh3.googleusercontent.com\/pw\/AL9nZEW7lHuMAZpb_SJeTsLK1gmSqFaIcUjXMXzIqajpvxTIgU8qIytTXZU3JLFTH25no4lajU2JG8Uekdbw6DSvu9cGPA4g1aQLAOGE1MJmfQ3NuSnRq4R9IgdW-JOmkdENF-ljvfR2IUMEcOHHNK_ot7AUHw=w2000-h1500-no?authuser=0\" width=\"2000\" height=\"1500\" alt=\"Torta de queijo\" class=\"size-thumbnail\" \/><\/a><figcaption class=\"wp-caption-text\">Torta de queijo<\/figcaption><\/figure>\n<h2>Hora do p\u00e3ozinho delicioso pela manh\u00e3!<\/h2>\n<p>No dia seguinte, o p\u00e3o do caf\u00e9 da manh\u00e3 era um &quot;sandu\u00edche de ovo&quot; feito com uma fatia pequena de p\u00e3o e um &quot;sandu\u00edche caseiro de pasta de feij\u00e3o com manteiga&quot; feito com um p\u00e3ozinho de arroz integral com manteiga!!!<\/p>\n<figure class=\"wp-caption aligncenter\"><a href=\"https:\/\/photos.google.com\/share\/AF1QipNhrg5RPYRpZjNUVrRDP3ajHKj2QAIoihx739dieXes9BiirDbNURfvEAOPxkCsBg\/photo\/AF1QipPjQ5Z-fHE_GSULmpLfwANyOFkB-5-Q_euaARLK?key=aDAzVnU1Um9hRS1EQk1ENXliV1d4ZUIwYzdKUVJ3\" target=\"_blank\" rel=\"noopener\"><img decoding=\"async\" src=\"https:\/\/lh3.googleusercontent.com\/pw\/AL9nZEVy7qDJeCqsr14KyRr6EnvbcwKDGdKaJFKfEA6f0UdKjBRW-j7Cy9F561DgUIUcZnLrs2GP0IeFcYmcReXgAe8HDdCwg8rlAzP8EOeZuwhMp_Xu7C-FZ38qKKsu9HMCsRIzHboLPuGP7jyOkygWHUfDSw=w2000-h1500-no?authuser=0\" width=\"2000\" height=\"1500\" alt=\"Hora do p\u00e3o da manh\u00e3!\" class=\"size-thumbnail\" \/><\/a><figcaption class=\"wp-caption-text\">Hora do p\u00e3o da manh\u00e3!<\/figcaption><\/figure>\n<h4>Rolinho primavera de arroz integral com manteiga, recheado com pasta de feij\u00e3o e sandu\u00edche de manteiga e ovo.<\/h4>\n<figure class=\"wp-caption aligncenter\"><a href=\"https:\/\/photos.google.com\/share\/AF1QipNhrg5RPYRpZjNUVrRDP3ajHKj2QAIoihx739dieXes9BiirDbNURfvEAOPxkCsBg\/photo\/AF1QipOiM6HfxxzLJgxkljdNb59DZnT6VjJ9ojse-7nZ?key=aDAzVnU1Um9hRS1EQk1ENXliV1d4ZUIwYzdKUVJ3\" target=\"_blank\" rel=\"noopener\"><img decoding=\"async\" src=\"https:\/\/lh3.googleusercontent.com\/pw\/AL9nZEWU3OI1_B1vz07onJbZ5N-UF3ChW0Mx1jvE0AQHs6As4UMqPiVMyFM6fFaD5zze7kFE4iq6gAfdzGfCfYmQTa7wOILJF0AdOujgn89Zbghb6cycFesMz-rHUUt9rbPylH-R1LMefzohQn87oi1jcZomQQ=w2000-h1500-no?authuser=0\" width=\"2000\" height=\"1500\" alt=\"Rolinho primavera de arroz integral com manteiga, recheado com pasta de feij\u00e3o, manteiga e ovo!!!\" class=\"size-thumbnail\" \/><\/a><figcaption class=\"wp-caption-text\">Rolinho primavera de arroz integral com manteiga, recheado com pasta de feij\u00e3o e ovo!!!<\/figcaption><\/figure>\n<h4>Sopa de milho caseira com iogurte de mirtilo, mel e nozes<\/h4>\n<p>Desfrute de uma manh\u00e3 maravilhosa com sopa de milho caseira e iogurte de mirtilo, mel e nozes!!!<\/p>\n<figure class=\"wp-caption aligncenter\"><a href=\"https:\/\/photos.google.com\/share\/AF1QipNhrg5RPYRpZjNUVrRDP3ajHKj2QAIoihx739dieXes9BiirDbNURfvEAOPxkCsBg\/photo\/AF1QipMkJmgono4nde-50vC9jgLUYPeZmabnNiX047v5?key=aDAzVnU1Um9hRS1EQk1ENXliV1d4ZUIwYzdKUVJ3\" target=\"_blank\" rel=\"noopener\"><img decoding=\"async\" src=\"https:\/\/lh3.googleusercontent.com\/pw\/AL9nZEUflokgILXOZ7Xq5Z2Ow9OI1On5Y1ByaN6vUOIzPPHqGuuW_kkoDRk3EMFRIyCPy1rV32GymTbjHUlLO6A4ocmHz1K4KVHRgd6b_ShlN8v33VO1AB3h1OznfPubxwQnw4IShGL8EUtt_XPWwvbwZaSQXA=w2000-h1500-no?authuser=0\" width=\"2000\" height=\"1500\" alt=\"Sopa de milho caseira e iogurte de frutas e nozes\" class=\"size-thumbnail\" \/><\/a><figcaption class=\"wp-caption-text\">Sopa de milho caseira e iogurte de frutas e nozes<\/figcaption><\/figure>\n<p>Com amor, gratid\u00e3o e ora\u00e7\u00f5es infinitas, esperamos que voc\u00ea desfrute de um delicioso almo\u00e7o com p\u00e3o e um caf\u00e9 da manh\u00e3 com p\u00e3o, acompanhados de um caf\u00e9 com leite com bastante espuma de leite, sopa de milho e iogurte...<\/p>\n<figure class=\"wp-caption aligncenter\"><a href=\"https:\/\/photos.google.com\/share\/AF1QipNhrg5RPYRpZjNUVrRDP3ajHKj2QAIoihx739dieXes9BiirDbNURfvEAOPxkCsBg\/photo\/AF1QipMVi8ZkVsZa0jU-Gyxp8dUF7aVpt7YqbWBheTis?key=aDAzVnU1Um9hRS1EQk1ENXliV1d4ZUIwYzdKUVJ3\" target=\"_blank\" rel=\"noopener\"><img decoding=\"async\" src=\"https:\/\/lh3.googleusercontent.com\/pw\/AL9nZEV9VdiRwcYVtDhjJfsDGCZ_JHz8ADGJnCNJ_9GEz-9dAaYDXhwM60p-5kdB2A8kXM862zzNAJP3wXR7X7rPdOr4WQNNyFL_AC_bTEUHNHtDo3JcsZKZ3B1qTnGy3ToMsv1KrP-QpqAsi56O73l4gMx0gg=w2000-h1500-no?authuser=0\" width=\"2000\" height=\"1500\" alt=\"Obrigada pelo delicioso momento com o p\u00e3o!\" class=\"size-thumbnail\" \/><\/a><figcaption class=\"wp-caption-text\">Obrigada pelo delicioso momento com o p\u00e3o!<\/figcaption><\/figure>\n<h2>Outras fotos<\/h2>\n<div class=\"img-move\"><img decoding=\"async\" style=\"vertical-align: middle;\" src=\"https:\/\/ehokkaido.net\/wp-content\/uploads\/2021\/12\/2021-12-06-11.41.12.png\" \/> <a href=\"https:\/\/photos.app.goo.gl\/fQyzLTk7VBvsmwgMA\" target=\"_blank\" rel=\"noopener noreferrer\">Veja 69 fotos de p\u00e3o fresco da RICH Kobo aqui &gt;&gt;<\/a><\/div>\n<h2>Artigos relacionados<\/h2>\n<div class=\"img-move\">\n<div class=\"sitecard\">\n<div class=\"sitecard__subtitle\"> RICO Kobo (ONG Agr\u00edcola de Akarui)<\/div>\n<div class=\"column column-273\">\n<div class=\"column__item\"><a href=\"https:\/\/portal.hokuryu.info\/pt\/category\/org\/akaruinoho\/richworkshop\/\" target=\"_blank\" rel=\"noopener\"><b style=\"font-size:large\">ONG Bright Farming<\/b><\/a><br \/>\n<span style=\"font-size:11pt\">Gostar\u00edamos de apresentar a voc\u00eas o delicioso p\u00e3o da RICH Kobo, uma padaria que produz p\u00e3es frescos e \u00e9 administrada pela ONG Akarui Noho (Diretora Representante: Takebayashi Yumiko).<\/span><br \/>\n<span style=\"color: #ff9900;\">\u25b6<\/span> <a href=\"https:\/\/portal.hokuryu.info\/pt\/category\/org\/akaruinoho\/richworkshop\/\" target=\"_blank\" rel=\"noopener\"><b style=\"font-size:large\">Clique aqui para ler o artigo sobre as vendas de p\u00e3o da RICH Kobo &gt;&gt;<\/b><\/div>\n<div class=\"column__item\"><img decoding=\"async\" src=\"https:\/\/portal.hokuryu.info\/wp\/wp-content\/uploads\/2023\/04\/2023-04-05-7.29.08.jpg\" alt=\"Fotos do p\u00e3o RICH Kobo\" style=\"border:solid 1px blue\" height=\"150\"\/><\/a><\/div>\n<\/div>\n<\/div>\n<\/div>\n<p>\u25c7 Fotografia e edi\u00e7\u00e3o: Noboru Terauchi Entrevista e texto: Ikuko Terauchi<\/p>","protected":false},"excerpt":{"rendered":"<p>\uff12\uff10\uff12\uff13\u5e74\uff11\u6708\uff11\uff18\u65e5\uff08\u6c34\uff09 \uff2e\uff30\uff2f\u6cd5\u4eba\u3042\u304b\u308b\u3044\u8fb2\u6cd5\uff08\u7af9\u6797\u7531\u7f8e\u5b50 \u4ee3\u8868\u7406\u4e8b\uff09\u306e\u713c\u304d\u305f\u3066\u30d1\u30f3\u5c4b\u3055\u3093\u300c\uff32\uff29\uff23\uff28\u5de5\u623f\u300d\u306e\u7f8e\u5473\u3057\u3044\u30d1\u30f3\u30fb\uff12\uff10\uff12\uff13\u5e74\uff11\u6708\u8ca9\u58f2\u304c\u30b9\u30bf\u30fc\u30c8\u3057\u307e\u3057\u305f\u3002 \uff32\uff29\uff23\uff28\u5de5\u623f\u306e\uff11\u6708\u306e\u30d1\u30f3 \u8ca9\u58f2\u65e5  [&hellip;]<\/p>\n","protected":false},"author":1,"featured_media":28744,"comment_status":"open","ping_status":"open","sticky":false,"template":"","format":"standard","meta":{"footnotes":""},"categories":[4,63,53],"tags":[],"class_list":["post-28718","post","type-post","status-publish","format-standard","has-post-thumbnail","hentry","category-cover-story","category-richworkshop","category-akaruinoho"],"_links":{"self":[{"href":"https:\/\/portal.hokuryu.info\/pt\/wp-json\/wp\/v2\/posts\/28718","targetHints":{"allow":["GET"]}}],"collection":[{"href":"https:\/\/portal.hokuryu.info\/pt\/wp-json\/wp\/v2\/posts"}],"about":[{"href":"https:\/\/portal.hokuryu.info\/pt\/wp-json\/wp\/v2\/types\/post"}],"author":[{"embeddable":true,"href":"https:\/\/portal.hokuryu.info\/pt\/wp-json\/wp\/v2\/users\/1"}],"replies":[{"embeddable":true,"href":"https:\/\/portal.hokuryu.info\/pt\/wp-json\/wp\/v2\/comments?post=28718"}],"version-history":[{"count":0,"href":"https:\/\/portal.hokuryu.info\/pt\/wp-json\/wp\/v2\/posts\/28718\/revisions"}],"wp:featuredmedia":[{"embeddable":true,"href":"https:\/\/portal.hokuryu.info\/pt\/wp-json\/wp\/v2\/media\/28744"}],"wp:attachment":[{"href":"https:\/\/portal.hokuryu.info\/pt\/wp-json\/wp\/v2\/media?parent=28718"}],"wp:term":[{"taxonomy":"category","embeddable":true,"href":"https:\/\/portal.hokuryu.info\/pt\/wp-json\/wp\/v2\/categories?post=28718"},{"taxonomy":"post_tag","embeddable":true,"href":"https:\/\/portal.hokuryu.info\/pt\/wp-json\/wp\/v2\/tags?post=28718"}],"curies":[{"name":"wp","href":"https:\/\/api.w.org\/{rel}","templated":true}]}}