{"id":25797,"date":"2022-11-02T15:02:20","date_gmt":"2022-11-02T06:02:20","guid":{"rendered":"https:\/\/portal.hokuryu.info\/?p=25797"},"modified":"2022-11-02T16:34:00","modified_gmt":"2022-11-02T07:34:00","slug":"%e3%81%8f%e3%81%bf%e3%81%82%e3%81%84%e7%a5%ad%e3%82%8a%ef%bc%a0%e3%83%81%e3%82%ab%e3%83%9b-2022%ef%bc%88%e5%8c%97%e6%b5%b7%e9%81%93%e4%b8%ad%e5%b0%8f%e4%bc%81%e6%a5%ad%e5%9b%a3%e4%bd%93%e4%b8%ad","status":"publish","type":"post","link":"https:\/\/portal.hokuryu.info\/pt\/25797\/","title":{"rendered":"A Cooperativa Empresarial Kurosengoku (Cidade de Hokuryu, Hokkaido) participar\u00e1 do Festival Kumiai @ Chikaho 2022 (patrocinado pela Federa\u00e7\u00e3o de Associa\u00e7\u00f5es de Pequenas e M\u00e9dias Empresas de Hokkaido)!"},"content":{"rendered":"<p>Quarta-feira, 2 de novembro de 2022<\/p>\n<p>O &quot;Festival Kumiai&quot;, patrocinado pela Federa\u00e7\u00e3o de Associa\u00e7\u00f5es de Pequenas e M\u00e9dias Empresas de Hokkaido, foi realizado durante dois dias, no s\u00e1bado, 29 de outubro, e no domingo, 30 de outubro, na Pra\u00e7a do Cruzamento Chikaho Kita 3-jo, no espa\u00e7o subterr\u00e2neo para pedestres em frente \u00e0 Esta\u00e7\u00e3o Sapporo.<\/p>\n<h2>O que \u00e9 o Festival Kumiai (Federa\u00e7\u00e3o de Associa\u00e7\u00f5es de Pequenas e M\u00e9dias Empresas de Hokkaido)?<\/h2>\n<figure class=\"wp-caption aligncenter\"><a href=\"https:\/\/photos.google.com\/share\/AF1QipO3FvUPvE0NpfT7opFBQN9YYu3GBjFv0HAoHZsqMY4sOGratv59zFnYabJK2LI3pA\/photo\/AF1QipOzxenC22QKcIXCmcXgjVNfiUQ0gEJa0WNnFu8?key=RUpnV0Q3RGhXeGs4dTRLTW1takpwalNuc2lUcVdB\" target=\"_blank\" rel=\"noopener\"><img decoding=\"async\" src=\"https:\/\/lh3.googleusercontent.com\/pw\/AL9nZEVNISlrgHJTJmBOzZ-pVrRQeVPRFm3XR2avDiT9FGQ1udvfIxnwdxZjANarT-3cE50oyAL7yxQisQcxtkP6hNV-zoYlWXDq6mE08A0P5iQL9LOW8x7udPTTA3c8-cS_1wTIwRKbfFKoPQwHvzT_95GW=w1232-h1742-no?authuser=0\" width=\"1232\" height=\"1742\" alt=\"Festival Kumiai (Federa\u00e7\u00e3o de Associa\u00e7\u00f5es de Pequenas e M\u00e9dias Empresas de Hokkaido)\" class=\"size-full\" \/><\/a><figcaption class=\"wp-caption-text\">Festival Kumiai (Federa\u00e7\u00e3o de Associa\u00e7\u00f5es de Pequenas e M\u00e9dias Empresas de Hokkaido)<\/figcaption><\/figure>\n<p>Quatorze associa\u00e7\u00f5es atuantes em Hokkaido, membros da Federa\u00e7\u00e3o de Associa\u00e7\u00f5es de Pequenas e M\u00e9dias Empresas de Hokkaido, participar\u00e3o do evento, promovendo com entusiasmo suas atividades e produtos!<\/p>\n<p>Em cada estande, havia explica\u00e7\u00f5es sobre as atividades, exposi\u00e7\u00e3o de diversos produtos \u00e0 venda, sorteio de selos, experi\u00eancia com mini ve\u00edculos 4x4 e oficinas de arranjos e cultivo de flores.<\/p>\n<ul>\n<li><strong>Organizador:<\/strong>Federa\u00e7\u00e3o de Associa\u00e7\u00f5es de Pequenas e M\u00e9dias Empresas de Hokkaido<\/li>\n<li><strong>Patrocinado por:<\/strong>Minist\u00e9rio da Economia, Com\u00e9rcio e Ind\u00fastria, Departamento de Economia, Com\u00e9rcio e Ind\u00fastria de Hokkaido, Prefeitura de Hokkaido, Cidade de Sapporo, Cidade de Hakodate, Cidade de Asahikawa, Cidade de Obihiro, Cidade de Kushiro, Cidade de Abashiri, Cidade de Kitami, Cidade de Muroran, Cidade de Tomakomai, Cidade de Iwamizawa, Cidade de Wakkanai, Cidade de Otaru<\/li>\n<\/ul>\n<h3>Grupos participantes do Festival Miai<\/h3>\n<ol>\n<div class=\"img-move\">\n<ol>\n<li>Associa\u00e7\u00e3o Cooperativa Empresarial de Kurosengoku (cidade de Hokuryu)<a href=\"https:\/\/kurosengoku.or.jp\/\" rel=\"noopener\" target=\"_blank\">P\u00e1gina inicial<\/a><\/li>\n<li>Associa\u00e7\u00e3o Cooperativa da Ind\u00fastria de M\u00f3veis de Asahikawa (Cidade de Asahikawa)<a href=\"https:\/\/www.asahikawa-kagu.or.jp\/\" rel=\"noopener\" target=\"_blank\">P\u00e1gina inicial<\/a><\/li>\n<li>Cooperativa de Venda de Bebidas Alco\u00f3licas de Obihiro (Cidade de Obihiro)<a href=\"https:\/\/houjin.jp\/c\/9460105000262\" rel=\"noopener\" target=\"_blank\">P\u00e1gina de refer\u00eancia<\/a><\/li>\n<li>Cooperativa de Com\u00e9rcio de Frango Caipira Fresco Tokachi-Shintoku (Cidade de Shintoku)<a href=\"https:\/\/shintokuzidori.jimdofree.com\/\" rel=\"noopener\" target=\"_blank\">P\u00e1gina inicial<\/a><\/li>\n<li>Associa\u00e7\u00e3o Cooperativa da Ind\u00fastria de Gesso de Sapporo (Cidade de Sapporo)<a href=\"https:\/\/www.kensenren.or.jp\/museum\/jirei\/04_sapporo_sakan.html\" rel=\"noopener\" target=\"_blank\">P\u00e1gina de refer\u00eancia<\/a><\/li>\n<li>Associa\u00e7\u00e3o Cooperativa de Neg\u00f3cios Automotivos Sapporo Seishin (Cidade de Sapporo)<a href=\"https:\/\/founded-today.com\/2015\/8430005002164\/\" rel=\"noopener\" target=\"_blank\">P\u00e1gina inicial<\/a><\/li>\n<li>Associa\u00e7\u00e3o de Concession\u00e1rias de Ve\u00edculos Usados de Hokkaido (Cidade de Sapporo)<a href=\"https:\/\/xn--zcklx7evic7044c1qeqrozh7c.com\/companies\/5430005002910\" rel=\"noopener\" target=\"_blank\">P\u00e1gina de refer\u00eancia<\/a><\/li>\n<li>Associa\u00e7\u00e3o Cooperativa Comercial de Chienowa (Cidade de Betsukai)<a href=\"https:\/\/chienowa.jp\/\" rel=\"noopener\" target=\"_blank\">P\u00e1gina inicial<\/a><\/li>\n<li>Associa\u00e7\u00e3o Cooperativa de Turismo e Neg\u00f3cios de Shiraoi (Cidade de Shiraoi)<a href=\"http:\/\/shiraoi-tourism-and-commerce-co-op.com\/\" rel=\"noopener\" target=\"_blank\">P\u00e1gina inicial<\/a><\/li>\n<li>Associa\u00e7\u00e3o Comercial da Esta\u00e7\u00e3o de Hakodate (Cidade de Hakodate)<a href=\"https:\/\/asaichi-ekini.com\/union\/\" rel=\"noopener\" target=\"_blank\">P\u00e1gina inicial<\/a><\/li>\n<li>Associa\u00e7\u00e3o Empresarial do Grupo de Bem-Estar (Cidade de Kushiro)<a href=\"https:\/\/kusirowannko.wixsite.com\/walfaregroup\" rel=\"noopener\" target=\"_blank\">P\u00e1gina inicial<\/a><\/li>\n<li>Associa\u00e7\u00e3o Cooperativa da Ind\u00fastria de Encanamento da Cidade de Sapporo (Cidade de Sapporo)<a href=\"https:\/\/www.sakkankyo.or.jp\/\" rel=\"noopener\" target=\"_blank\">P\u00e1gina inicial<\/a><\/li>\n<li>Associa\u00e7\u00e3o Cooperativa de Comerciantes de Flores de Hokkaido (Cidade de Sapporo)<a href=\"https:\/\/www.houjinbank.com\/corporations\/detail\/0742005000347\" rel=\"noopener\" target=\"_blank\">P\u00e1gina de refer\u00eancia<\/a><\/li>\n<li>Associa\u00e7\u00e3o de Promo\u00e7\u00e3o de Eventos de Hokkaido (Sapporo)<a href=\"http:\/\/hepc.or.jp\/\" rel=\"noopener\" target=\"_blank\">P\u00e1gina inicial<\/a><\/li>\n<\/ol>\n<ul>\n<li>TAMIYA<a href=\"https:\/\/www.tamiya.com\/japan\/mini4wd\/index.html\" rel=\"noopener\" target=\"_blank\">P\u00e1gina inicial<\/a><\/li>\n<\/ul>\n<\/div>\n<figure class=\"wp-caption aligncenter\"><a href=\"https:\/\/photos.google.com\/share\/AF1QipO3FvUPvE0NpfT7opFBQN9YYu3GBjFv0HAoHZsqMY4sOGratv59zFnYabJK2LI3pA\/photo\/AF1QipM2tER1v3LsqE3eO1Dl20nf2MENuPcwwFtuHKE?key=RUpnV0Q3RGhXeGs4dTRLTW1takpwalNuc2lUcVdB\" target=\"_blank\" rel=\"noopener\"><img decoding=\"async\" src=\"https:\/\/lh3.googleusercontent.com\/pw\/AL9nZEW0COpGpNzk35QKKkSxYCTYNzcJXFc4cJYty8u9LbpEGn4Pdjj0QXIIbqVMABE4I2J-HYd_gA1cO7W-Y1vlTmtBeFdBoIhMyewrA-Ii9kuBbIZWmlE-TCO3jS5zD2welgcWu6AFIJfwoBlduUQZ8nob=w1232-h1742-no?authuser=0\" width=\"1232\" height=\"1742\" alt=\"Organiza\u00e7\u00f5es participantes\" class=\"size-full\" \/><\/a><figcaption class=\"wp-caption-text\">Organiza\u00e7\u00f5es participantes<\/figcaption><\/figure>\n<h2>Apresenta\u00e7\u00e3o de rela\u00e7\u00f5es p\u00fablicas no palco<\/h2>\n<p>Cada grupo fez uma apresenta\u00e7\u00e3o de rela\u00e7\u00f5es p\u00fablicas no palco principal. O evento come\u00e7ou com uma apresenta\u00e7\u00e3o impec\u00e1vel do mestre de cerim\u00f4nias!<\/p>\n<figure class=\"wp-caption aligncenter\"><a href=\"https:\/\/photos.google.com\/share\/AF1QipO3FvUPvE0NpfT7opFBQN9YYu3GBjFv0HAoHZsqMY4sOGratv59zFnYabJK2LI3pA\/photo\/AF1QipMMXzDmgklMxTc6mKmmS1Q6HB-udG93rpYG6eY?key=RUpnV0Q3RGhXeGs4dTRLTW1takpwalNuc2lUcVdB\" target=\"_blank\" rel=\"noopener\"><img decoding=\"async\" src=\"https:\/\/lh3.googleusercontent.com\/pw\/AL9nZEU2mDKfHTEBM0xT5ZydFzcHR7HyPQbFokYfheeJBZcq_4Po1BYoMpE9OGj1jeq9XKJjH6NyFiAigDJVhDomkKG26vpaD4m8ixCyp5VR74AbIxENq54kDDlG31Q4TEEHYlov5zQrmGlBIYWYgR6i94uO=w2000-h1500-no?authuser=0\" width=\"2000\" height=\"1500\" alt=\"A condu\u00e7\u00e3o fluida do evento\" class=\"size-full\" \/><\/a><figcaption class=\"wp-caption-text\">A condu\u00e7\u00e3o fluida do evento<\/figcaption><\/figure>\n<p>&quot;Um evento de dois dias, o Festival de Parcerias para Pequenas e M\u00e9dias Empresas de Hokkaido, foi realizado no espa\u00e7o subterr\u00e2neo para pedestres de Sapporo, reunindo 14 empresas e associa\u00e7\u00f5es.&quot;<\/p>\n<p>Levar\u00e1 tempo para que as empresas se recuperem das restri\u00e7\u00f5es de dois anos impostas pela pandemia de COVID-19. Nesse contexto, novas medidas de apoio, como a digitaliza\u00e7\u00e3o de comunidades e o compartilhamento de informa\u00e7\u00f5es, est\u00e3o se tornando gradualmente necess\u00e1rias.<\/p>\n<p>Diversos tipos de associa\u00e7\u00f5es t\u00eam grande potencial para desempenhar um papel cada vez mais importante no futuro. Quatorze associa\u00e7\u00f5es e organiza\u00e7\u00f5es com esse potencial se reuniram neste evento. Esperamos apresentar as possibilidades que cada associa\u00e7\u00e3o oferece a todos e, por meio do &quot;Festival Kumiai&quot;, com dura\u00e7\u00e3o de dois dias, voc\u00ea se sentir\u00e1 ainda mais pr\u00f3ximo do papel das associa\u00e7\u00f5es de pequenas e m\u00e9dias empresas. Venha participar!<\/p>\n<p>Preparamos um question\u00e1rio para voc\u00ea preencher. Em anexo, voc\u00ea encontrar\u00e1 um sorteio de selos com pr\u00eamios que poder\u00e1 ganhar.<br \/>\nOs pr\u00eamios incluem um voucher de hospedagem no Chateraise, um vale-presente de 5.000 ienes para flores, panquecas dorayaki e outros itens de luxo. Venha se divertir! Tamb\u00e9m haver\u00e1 um espa\u00e7o dedicado \u00e0 experi\u00eancia Mini 4WD no local do evento, que \u00e9 muito popular entre as crian\u00e7as, ent\u00e3o esperamos que voc\u00ea aproveite esta oportunidade para participar.<\/p>\n<h3>Associa\u00e7\u00e3o Cooperativa Empresarial de Kurosengoku (cidade de Hokuryu)<a href=\"https:\/\/kurosengoku.or.jp\/\" rel=\"noopener\" target=\"_blank\"><span style=\"color:blue; font-size:14pt; \">P\u00e1gina inicial<\/span><\/a><\/h3>\n<p>O primeiro orador foi Takada Yukio, presidente da Associa\u00e7\u00e3o Cooperativa Comercial Kurosengoku na cidade de Hokuryu!<\/p>\n<figure class=\"wp-caption aligncenter\"><a href=\"https:\/\/photos.google.com\/share\/AF1QipO3FvUPvE0NpfT7opFBQN9YYu3GBjFv0HAoHZsqMY4sOGratv59zFnYabJK2LI3pA\/photo\/AF1QipOO0U50OESKe3U6QWhcO3SpRQ5pp3Uo9L_9atg?key=RUpnV0Q3RGhXeGs4dTRLTW1takpwalNuc2lUcVdB\" target=\"_blank\" rel=\"noopener\"><img decoding=\"async\" src=\"https:\/\/lh3.googleusercontent.com\/pw\/AL9nZEVIGZ3Ft64N3Gvb-8aSPy2fkJBp2dJ1mrkvto-NH8jyxJp9FO1KeUHQxqm7w0ftoV-gCkuh2JMq-jRVc6x9INWMk1ZoQMtO0IvPCiTCyA54dFGEGWdsgq0cmEZQK0AFZsFLtpJGLnVJqzUSmJMknAZ3=w2000-h924-no?authuser=0\" width=\"2000\" height=\"924\" alt=\"Yukio Takada, presidente da Associa\u00e7\u00e3o Cooperativa Empresarial Kurosengoku\" class=\"size-full\" \/><\/a><figcaption class=\"wp-caption-text\">Yukio Takada, presidente da Associa\u00e7\u00e3o Cooperativa Empresarial Kurosengoku<\/figcaption><\/figure>\n<p>&quot;Minha cidade, Hokuryu, est\u00e1 localizada no norte da regi\u00e3o de Sorachi. \u00c9 uma cidade pequena, com apenas 1.600 habitantes, mas \u00e9 uma cidade maravilhosa, famosa pelos seus girass\u00f3is. O Festival do Girassol, que aconteceu durante um m\u00eas neste ver\u00e3o (de meados de julho a meados de agosto), atraiu 280.000 turistas.&quot;<\/p>\n<p>A soja &quot;Kurosengoku&quot;, cultivada em Hokuryu, a cidade do sol, \u00e9 uma pequena soja preta com casca preta, mas com gr\u00e3os verdes por dentro.<\/p>\n<p>A soja Kurosengoku, tamb\u00e9m conhecida como &quot;Kurosengoku fantasma&quot;, foi usada como fertilizante de inverno para cavalos e gado na regi\u00e3o de Sorachi (aproximadamente de 1935 a 1975) e como adubo verde na regi\u00e3o de Tokachi. Na era Heisei, um pesquisador agr\u00edcola descobriu as sementes originais de Kurosengoku e as germinou. Depois disso, elas foram temporariamente transferidas para a prov\u00edncia de Iwate, mas retornaram \u00e0 sua cidade natal em Hokkaido, onde o cultivo teve in\u00edcio.<\/p>\n<p>O kurosengoku, com sua bela polpa verde por dentro, \u00e9 um feij\u00e3o muito delicado que requer bastante luz solar e prospera no ambiente rigoroso de Hokkaido, com grandes varia\u00e7\u00f5es de temperatura.<\/p>\n<p>Al\u00e9m dos gr\u00e3os crus, eles tamb\u00e9m s\u00e3o processados e transformados em uma variedade de produtos, como natto, kinako (farinha de soja torrada), ch\u00e1 e carne Kurosengoku.<\/p>\n<p>Cada produto n\u00e3o cont\u00e9m aditivos, e eu polvilho farinha de soja no meu iogurte todas as manh\u00e3s. Farei 80 anos em sete meses, e a soja Kurosengoku \u00e9 minha fonte de energia. Sou grata todos os dias por poder me manter saud\u00e1vel comendo alimentos naturais.<\/p>\n<p>A soja crua de Kurosengoku que trouxe comigo desta vez \u00e9 soja nova, colhida no final de outubro deste ano. Preparei-a rapidamente e consegui t\u00ea-la a tempo para o evento de hoje.<\/p>\n<p>O conjunto &quot;Arroz com Feij\u00e3o&quot; inclui Kurosengokudon, arroz integral germinado, arroz, sal, alga marinha e outros ingredientes, que s\u00e3o misturados para fazer o arroz com feij\u00e3o.<\/p>\n<p>Al\u00e9m disso, o desenvolvimento da carne de soja Kurosengoku foi extremamente dif\u00edcil, e n\u00e3o h\u00e1 f\u00e1brica em Hokkaido, ent\u00e3o tivemos que ir at\u00e9 a prov\u00edncia de Gifu para finalmente conseguir produzi-la.<\/p>\n<p>A carne de soja Kurosengoku \u00e9 feita extraindo-se o \u00f3leo da soja Kurosengoku, que \u00e9 ent\u00e3o aquecida, pressurizada e seca a altas temperaturas. Possui sabor e textura semelhantes \u00e0 carne, \u00e9 rica em prote\u00ednas e \u00e9 um ingrediente alimentar familiar para pessoas preocupadas com a sa\u00fade.<\/p>\n<p>Atualmente, o Kurosengoku Meat tamb\u00e9m est\u00e1 sendo servido nas merendas escolares em Kita Sorachi.<\/p>\n<p>&quot;Espero que voc\u00eas comam bastante desta soja Kurosengoku, naturalmente aben\u00e7oada, e que se mantenham saud\u00e1veis e ativos!!! Muito obrigado!&quot; disse o presidente Takada com grande entusiasmo.<\/p>\n<figure class=\"wp-caption aligncenter\"><a href=\"https:\/\/photos.google.com\/share\/AF1QipO3FvUPvE0NpfT7opFBQN9YYu3GBjFv0HAoHZsqMY4sOGratv59zFnYabJK2LI3pA\/photo\/AF1QipOuHKOLYrtT_dg2GL4v4MLGsr9Jp9O0r4k8ee4?key=RUpnV0Q3RGhXeGs4dTRLTW1takpwalNuc2lUcVdB\" target=\"_blank\" rel=\"noopener\"><img decoding=\"async\" src=\"https:\/\/lh3.googleusercontent.com\/pw\/AL9nZEU2ndJAjVTSktOS4ZazSTsq16o6R_-GnNGGN0tV-9oHBBtf0J8xznSuXneZHAPgrXzRIKAEo1QBmdeEZHPnxGWMjJOZp4RoYOWrn7ou8Tl0xIOVijyC9x9vyCE2hOAQFOuSt1_3-LbGTkZU-Gh1BrVI=w2000-h1500-no?authuser=0\" width=\"2000\" height=\"1500\" alt=\"O presidente Takada e a funcion\u00e1ria Hitomi Asagi dizem: &quot;Vamos dar o nosso melhor!&quot;\" class=\"size-full\" \/><\/a><figcaption class=\"wp-caption-text\">O presidente Takada e a funcion\u00e1ria Hitomi Asagi dizem: &quot;Vamos dar o nosso melhor!&quot;<\/figcaption><\/figure>\n<figure class=\"wp-caption aligncenter\"><a href=\"https:\/\/photos.google.com\/share\/AF1QipO3FvUPvE0NpfT7opFBQN9YYu3GBjFv0HAoHZsqMY4sOGratv59zFnYabJK2LI3pA\/photo\/AF1QipNQte3GXrw3_15Y1F0Il84BHokp53s69lUcj7s?key=RUpnV0Q3RGhXeGs4dTRLTW1takpwalNuc2lUcVdB\" target=\"_blank\" rel=\"noopener\"><img decoding=\"async\" src=\"https:\/\/lh3.googleusercontent.com\/pw\/AL9nZEWRyNnei_uUa6Aybk8Tn4_eh9sqWm5LE1QjfvlGbQWTk8i0LhEL1UFbFFUTYLsl_0ONeZHz6krxbNf2jQg2IC3_y7LIuMmdPJ78Py677zRg3q7JG6kIExd2CLRQmpdFrs-D3nmdVw106hyl0mb5TTgi=w2000-h1500-no?authuser=0\" width=\"2000\" height=\"1500\" alt=\"Estande da Associa\u00e7\u00e3o Cooperativa Comercial Kurosengoku\" class=\"size-full\" \/><\/a><figcaption class=\"wp-caption-text\">Estande da Associa\u00e7\u00e3o Cooperativa Comercial Kurosengoku<\/figcaption><\/figure>\n<figure class=\"wp-caption aligncenter\"><a href=\"https:\/\/photos.google.com\/share\/AF1QipO3FvUPvE0NpfT7opFBQN9YYu3GBjFv0HAoHZsqMY4sOGratv59zFnYabJK2LI3pA\/photo\/AF1QipO_Q__sMfXz38UmvA4n1mamFRwwz51saRB3RWo?key=RUpnV0Q3RGhXeGs4dTRLTW1takpwalNuc2lUcVdB\" target=\"_blank\" rel=\"noopener\"><img decoding=\"async\" src=\"https:\/\/lh3.googleusercontent.com\/pw\/AL9nZEW7pHV5gBearU7FFEQ5utuIZVOItumJptV4BmOS-xadyxaLqFXrhrfefayJnA_ZSK0wE3nC2sF7VEJvRU1Ha6kZzkLxTn5gu56J-u8dOiyKzXkDq8U8ARBZhK3a8CSkisy0J7kgRxYNf2PEtuv4X_vA=w2000-h1500-no?authuser=0\" width=\"2000\" height=\"1500\" alt=\"Promovendo o apelo da soja Kurosengoku e do \u00f3leo de girassol!\" class=\"size-full\" \/><\/a><figcaption class=\"wp-caption-text\">Promovendo o apelo da soja Kurosengoku e do \u00f3leo de girassol!<\/figcaption><\/figure>\n<figure class=\"wp-caption aligncenter\"><a href=\"https:\/\/photos.google.com\/share\/AF1QipO3FvUPvE0NpfT7opFBQN9YYu3GBjFv0HAoHZsqMY4sOGratv59zFnYabJK2LI3pA\/photo\/AF1QipOS53zdnReb_LCMy3UbhMXaFJDqG4Z5S2jX4h0?key=RUpnV0Q3RGhXeGs4dTRLTW1takpwalNuc2lUcVdB\" target=\"_blank\" rel=\"noopener\"><img decoding=\"async\" src=\"https:\/\/lh3.googleusercontent.com\/pw\/AL9nZEUXlyWtyGycxG6NaQQzHqT31Mh-UzwBaDNSPGIcIJzMcpOR9jKVXel0pY9gnxkvcIOFsG2FlusxiBTLmAxRfbtXPBiyhd0GbGSECtq7wewwLsoIANl5ZR_bEScSFYdXsXasrZtS7J3d93zc693xVbXX=w2000-h1500-no?authuser=0\" width=\"2000\" height=\"1500\" alt=\"F\u00e3s de Kurosengoku, n\u00e3o param de aparecer!\" class=\"size-full\" \/><\/a><figcaption class=\"wp-caption-text\">F\u00e3s de Kurosengoku, n\u00e3o param de aparecer!<\/figcaption><\/figure>\n<h3>Associa\u00e7\u00e3o Cooperativa de Turismo e Neg\u00f3cios de Shiraoi (Cidade de Shiraoi)<a href=\"http:\/\/shiraoi-tourism-and-commerce-co-op.com\/\" rel=\"noopener\" target=\"_blank\"><span style=\"color:blue; font-size:14pt; \">P\u00e1gina inicial<\/span><\/a><\/h3>\n<p>O passeio abordar\u00e1 o artesanato Ainu, especialidade de Shiraoi, as caracter\u00edsticas e os significados ocultos dos padr\u00f5es Ainu, e como tocar o instrumento folcl\u00f3rico Ainu &quot;Mukkuri&quot;, seguido de uma demonstra\u00e7\u00e3o!<\/p>\n<figure class=\"wp-caption aligncenter\"><a href=\"https:\/\/photos.google.com\/share\/AF1QipO3FvUPvE0NpfT7opFBQN9YYu3GBjFv0HAoHZsqMY4sOGratv59zFnYabJK2LI3pA\/photo\/AF1QipPK8KPKi2O8B6T10q0yRzKQ4ZSOxGFDm-XGJns?key=RUpnV0Q3RGhXeGs4dTRLTW1takpwalNuc2lUcVdB\" target=\"_blank\" rel=\"noopener\"><img decoding=\"async\" src=\"https:\/\/lh3.googleusercontent.com\/pw\/AL9nZEW-_EgYuj2ZT6CeJUOWlsh6HStPaKWSWKUkJIBWavYvxqSLuFd6zaiBDSfHgIpZO-Z0SSZFKdK1p152n7rP9kxMScN8lzsHHveaTo8k3Sa_Le4HfhRJOweP4t94f0kJ7nOmanMzzwMlJmr3HJ_MFEPl=w1444-h1083-no?authuser=0\" width=\"1439\" height=\"1079\" alt=\"Instru\u00e7\u00f5es de como tocar mukkuri\" class=\"size-full\" \/><\/a><figcaption class=\"wp-caption-text\">Instru\u00e7\u00f5es de como tocar mukkuri<\/figcaption><\/figure>\n<figure class=\"wp-caption aligncenter\"><a href=\"https:\/\/photos.google.com\/share\/AF1QipO3FvUPvE0NpfT7opFBQN9YYu3GBjFv0HAoHZsqMY4sOGratv59zFnYabJK2LI3pA\/photo\/AF1QipNA7TCkmtZ7xw5qmgRWBF9v21qVY6uV3WLWxnY?key=RUpnV0Q3RGhXeGs4dTRLTW1takpwalNuc2lUcVdB\" target=\"_blank\" rel=\"noopener\"><img decoding=\"async\" src=\"https:\/\/lh3.googleusercontent.com\/pw\/AL9nZEXlZtSbERmtbmwcLN9_0nounc-druPsXWlVVyyUO3FTWa0RuEdHBbw4QuYUTOVhU5q838sU2uUl1rsj3WhC7N_CbuBRTD5pWswrKsMr6ZcEEir5lEe70Vw69AyzH5QQROtd9ZcaSwom0W2hw0YC0RGx=w1439-h1079-no?authuser=0\" width=\"1439\" height=\"1079\" alt=\"Demonstra\u00e7\u00e3o de Mukkuri\" class=\"size-full\" \/><\/a><figcaption class=\"wp-caption-text\">Demonstra\u00e7\u00e3o de Mukkuri<\/figcaption><\/figure>\n<figure class=\"wp-caption aligncenter\"><a href=\"https:\/\/photos.google.com\/share\/AF1QipO3FvUPvE0NpfT7opFBQN9YYu3GBjFv0HAoHZsqMY4sOGratv59zFnYabJK2LI3pA\/photo\/AF1QipMnLKWpuFhbgV3RJXQSiq-U02jHT0C2_e9O3mM?key=RUpnV0Q3RGhXeGs4dTRLTW1takpwalNuc2lUcVdB\" target=\"_blank\" rel=\"noopener\"><img decoding=\"async\" src=\"https:\/\/lh3.googleusercontent.com\/pw\/AL9nZEWvLAoufkg7D3i8Ace0rS21X5Bj0MPsrmoo57qiH-JOLmV1mfN_27D_yrSgmoAuEz_fOkU1cWfOkyxHi7k01yF24AFTdM3mf5bhumb4VazGXo_VDiUWsR_k3VTGKEGW0diHBaKXjane30eIeKbRbI2j=w2000-h1500-no?authuser=0\" width=\"2000\" height=\"1500\" alt=\"Associa\u00e7\u00e3o Cooperativa de Turismo e Neg\u00f3cios de Shiraoi\" class=\"size-full\" \/><\/a><figcaption class=\"wp-caption-text\">Associa\u00e7\u00e3o Cooperativa de Turismo e Neg\u00f3cios de Shiraoi<\/figcaption><\/figure>\n<figure class=\"wp-caption aligncenter\"><a href=\"https:\/\/photos.google.com\/share\/AF1QipO3FvUPvE0NpfT7opFBQN9YYu3GBjFv0HAoHZsqMY4sOGratv59zFnYabJK2LI3pA\/photo\/AF1QipPeRZXQohaQQvJWW1bQ2_sCClAeDoUUqcdRKkg?key=RUpnV0Q3RGhXeGs4dTRLTW1takpwalNuc2lUcVdB\" target=\"_blank\" rel=\"noopener\"><img decoding=\"async\" src=\"https:\/\/lh3.googleusercontent.com\/pw\/AL9nZEXI_Cw7ctlsHet7iA20_r4dMd8g6L8utUVGvbTZPAM0eRfA50_ocQya60AR2tPnq-4_oLacQfZH3KDsNl34e6uuxxEwIqLpSHRRePG8m2SpoPegIpVBeh0mkYDRchqMA39pB8UWInSsiYDrtlK1tJus=w2000-h1500-no?authuser=0\" width=\"2000\" height=\"1500\" alt=\"Diversos tipos de artesanato Ainu\" class=\"size-full\" \/><\/a><figcaption class=\"wp-caption-text\">Diversos tipos de artesanato Ainu<\/figcaption><\/figure>\n<h3>Associa\u00e7\u00e3o Cooperativa Comercial de Chienowa (Cidade de Betsukai)<a href=\"https:\/\/chienowa.jp\/\" rel=\"noopener\" target=\"_blank\"><span style=\"color:blue; font-size:14pt; \">P\u00e1gina inicial<\/span><\/a><\/h3>\n<p>Apresentamos as caracter\u00edsticas dos tr\u00eas sabores do sorvete de copo da marca original NOWA: &quot;Bolo de Morango&quot;, &quot;Extra Leite&quot; e &quot;Pistache&quot;, que fazem parte da linha de produtos originais da Chienowa!<\/p>\n<figure class=\"wp-caption aligncenter\"><a href=\"https:\/\/photos.google.com\/share\/AF1QipO3FvUPvE0NpfT7opFBQN9YYu3GBjFv0HAoHZsqMY4sOGratv59zFnYabJK2LI3pA\/photo\/AF1QipPQILWHgWaaoPWPRJMTAUv0bLPOCWj5M3nJTIA?key=RUpnV0Q3RGhXeGs4dTRLTW1takpwalNuc2lUcVdB\" target=\"_blank\" rel=\"noopener\"><img decoding=\"async\" src=\"https:\/\/lh3.googleusercontent.com\/pw\/AL9nZEVETiXOYRGOXLBgrIcHgGT1l9J5zJSMJB6wjaz4nIRVGDXPFzsbIkYXvMsd0_9ifmsKOi9Y6Ob_dSjS-6JJ1w9an30YPDF6S6BKTQSsbGqSzA2q9jRq3uToe6nmYfrU16lV_9NiKNYeJZfYFe_J1irq=w2000-h1500-no?authuser=0\" width=\"2000\" height=\"1500\" alt=\"Associa\u00e7\u00e3o Cooperativa Comercial de Chienowa\" class=\"size-full\" \/><\/a><figcaption class=\"wp-caption-text\">Associa\u00e7\u00e3o Cooperativa Comercial de Chienowa<\/figcaption><\/figure>\n<figure class=\"wp-caption alignnone\"><a href=\"https:\/\/photos.google.com\/share\/AF1QipO3FvUPvE0NpfT7opFBQN9YYu3GBjFv0HAoHZsqMY4sOGratv59zFnYabJK2LI3pA\/photo\/AF1QipMMEOqeQHKnw63SZXQgqyf6EKXrV4n5hhQ8EBw?key=RUpnV0Q3RGhXeGs4dTRLTW1takpwalNuc2lUcVdB\" target=\"_blank\" rel=\"noopener\"><img decoding=\"async\" src=\"https:\/\/lh3.googleusercontent.com\/pw\/AL9nZEXj8F71iAb-rfmoy7CH1U6-uKFUbKNT9o0JKe6wOrfWr6DAv3rl929KeLl7Sm8WOQfGMy9asPI5y2NDRrQsquJVc_yMLpRs4IeF09VXRSVxQXyvdIpBrYglwAP--Ju5R9-E-Yk46s360mbhQCcMhrxz=w2000-h1500-no?authuser=0\" width=\"2000\" height=\"1500\" alt=\"Sorvete de copo da marca pr\u00f3pria da NOWA\" class=\"size-full\" \/><\/a><figcaption class=\"wp-caption-text\">Sorvete de copo da marca pr\u00f3pria da NOWA<\/figcaption><\/figure>\n<figure class=\"wp-caption aligncenter\"><a href=\"https:\/\/photos.google.com\/share\/AF1QipO3FvUPvE0NpfT7opFBQN9YYu3GBjFv0HAoHZsqMY4sOGratv59zFnYabJK2LI3pA\/photo\/AF1QipO0gXyxrD63jQoAzroJ9rCUEfXE6gBS5-4W710?key=RUpnV0Q3RGhXeGs4dTRLTW1takpwalNuc2lUcVdB\" target=\"_blank\" rel=\"noopener\"><img decoding=\"async\" src=\"https:\/\/lh3.googleusercontent.com\/pw\/AL9nZEWoengBYu7IuhFlfl0nBwm3m1c2zhsFvF6Y_D3_MHdE9aAGVjehrRFdGwYKTRns0jjzjgth0UKDodX539NktT-jGtK39Z9IazdT-XphJB6M0ADlcLLQidq2k6jm_Z3CAUkgovkWUt_ckTx4_KVSm6vb=w2000-h1500-no?authuser=0\" width=\"2000\" height=\"1500\" alt=\"Pudim da Loja de Leite Maruyama\" class=\"size-full\" \/><\/a><figcaption class=\"wp-caption-text\">Pudim da Loja de Leite Maruyama<\/figcaption><\/figure>\n<h3>Associa\u00e7\u00e3o Cooperativa de Comerciantes de Flores de Hokkaido (Cidade de Sapporo)<a href=\"https:\/\/www.houjinbank.com\/corporations\/detail\/0742005000347\" rel=\"noopener\" target=\"_blank\"><span style=\"color:blue; font-size:14pt; \">P\u00e1gina de refer\u00eancia<\/span><\/a><\/h3>\n<p>Crian\u00e7as da escola de flores &quot;Bosc&quot; apareceram no palco vestidas com fantasias de Halloween e apresentaram os nomes das flores em ingl\u00eas.<\/p>\n<figure class=\"wp-caption aligncenter\"><a href=\"https:\/\/photos.google.com\/share\/AF1QipO3FvUPvE0NpfT7opFBQN9YYu3GBjFv0HAoHZsqMY4sOGratv59zFnYabJK2LI3pA\/photo\/AF1QipMzvP-yUDFaXg95gVvWkH1-RjU6kOkd8zivC6w?key=RUpnV0Q3RGhXeGs4dTRLTW1takpwalNuc2lUcVdB\" target=\"_blank\" rel=\"noopener\"><img decoding=\"async\" src=\"https:\/\/lh3.googleusercontent.com\/pw\/AL9nZEXBuhA6oj4Hze5K84ZEXkckmuA1WbPd672CUtJF9enn5u7-MQMo5DWWUcO0SPgvAVwpoaKunzCJYpxJWs2scxdhTxTG3v-ITF_zDSk-xesXAWCh1KR9ZpDcF_2Klc4WhCzRKhg_efZDODya1GV0RrTC=w2000-h1500-no?authuser=0\" width=\"2000\" height=\"1500\" alt=\"Crian\u00e7as na escola de flores &quot;Bosc&quot;\" class=\"size-full\" \/><\/a><figcaption class=\"wp-caption-text\">Crian\u00e7as na escola de flores &quot;Bosc&quot;<\/figcaption><\/figure>\n<p>&quot;Utilizamos flores da esta\u00e7\u00e3o e realizamos uma iniciativa chamada &#039;hanaiku&#039;, que estimula os cinco sentidos ao arrancar p\u00e9talas e sentir seu aroma. Valorizamos as intera\u00e7\u00f5es com pessoas de diferentes culturas&quot;, disse o representante.<\/p>\n<figure class=\"wp-caption aligncenter\"><a href=\"https:\/\/photos.google.com\/share\/AF1QipO3FvUPvE0NpfT7opFBQN9YYu3GBjFv0HAoHZsqMY4sOGratv59zFnYabJK2LI3pA\/photo\/AF1QipO872nce7ryW3Hqiec4FmxVLZPrMyLYup__ck0?key=RUpnV0Q3RGhXeGs4dTRLTW1takpwalNuc2lUcVdB\" target=\"_blank\" rel=\"noopener\"><img decoding=\"async\" src=\"https:\/\/lh3.googleusercontent.com\/pw\/AL9nZEXL5aS1VthtxWMwX4LoVu07kDtdoDgFye4CoI68quIkK13pU7ZrwZwH5hSj7UEVK7nCNAw54AQ19I8tDdKUUV1c1Jt1ESO0E6FvtxFChkueV0UMfiszfoaidF77yFCgX84N8ffE-NCodkqpQgdhgQcv=w2000-h1500-no?authuser=0\" width=\"2000\" height=\"1500\" alt=\"experi\u00eancia em arranjos florais\" class=\"size-full\" \/><\/a><figcaption class=\"wp-caption-text\">experi\u00eancia em arranjos florais<\/figcaption><\/figure>\n<figure class=\"wp-caption aligncenter\"><a href=\"https:\/\/photos.google.com\/share\/AF1QipO3FvUPvE0NpfT7opFBQN9YYu3GBjFv0HAoHZsqMY4sOGratv59zFnYabJK2LI3pA\/photo\/AF1QipPxtAzP9SKnhxPNgAvdgFcPxe_Bv2dAjBa0x7E?key=RUpnV0Q3RGhXeGs4dTRLTW1takpwalNuc2lUcVdB\" target=\"_blank\" rel=\"noopener\"><img decoding=\"async\" src=\"https:\/\/lh3.googleusercontent.com\/pw\/AL9nZEWFSdUSvmMW5D5SO7HJhbxYj6WI9XKBIc0R3QrrK3IjYx3lGXvp1XZWrN_eeBMk6CqkZWyz3i5V32TmRKeSvENaoUlHbgZ1h-pYLnwS65uhlLYQX9XoG_LususfOYbiofs2EugUwSx-7sM9GPikHQnH=w2000-h1500-no?authuser=0\" width=\"2000\" height=\"1500\" alt=\"Muitos buqu\u00eas lindos!\" class=\"size-full\" \/><\/a><figcaption class=\"wp-caption-text\">Muitos buqu\u00eas lindos!<\/figcaption><\/figure>\n<h3>Associa\u00e7\u00e3o Comercial da Esta\u00e7\u00e3o de Hakodate (Cidade de Hakodate)<a href=\"https:\/\/asaichi-ekini.com\/union\/\" rel=\"noopener\" target=\"_blank\"><span style=\"color:blue; font-size:14pt; \">P\u00e1gina inicial<\/span><\/a><\/h3>\n<p>Apresentamos a &quot;lula Noshi&quot;, o &quot;peda\u00e7o de raiz de alga marinha&quot; e os gr\u00e3os de caf\u00e9 &quot;Hakodate Jujiya&quot;, vendidos exclusivamente no Mercado Matinal de Hakodate!<\/p>\n<figure class=\"wp-caption aligncenter\"><a href=\"https:\/\/photos.google.com\/share\/AF1QipO3FvUPvE0NpfT7opFBQN9YYu3GBjFv0HAoHZsqMY4sOGratv59zFnYabJK2LI3pA\/photo\/AF1QipOM4EL9HcIsvk254TxUtfX6TQ6lBPZXoIZXP6c?key=RUpnV0Q3RGhXeGs4dTRLTW1takpwalNuc2lUcVdB\" target=\"_blank\" rel=\"noopener\"><img decoding=\"async\" src=\"https:\/\/lh3.googleusercontent.com\/pw\/AL9nZEWDPl2up5_QCgZ_7mlACWeJHuaujIA213YeAQijnsORXU65OXCojd34g_kSGZrqtHAKHR_grCFlA77zOU_P3oZ_N_n0nJQ9a9N-hhKrYT-VaXLnOaIy7tb2yyrpg1xzyYN2eKtgzCEM0LHbj3gX6dRV=w2000-h1500-no?authuser=0\" width=\"2000\" height=\"1500\" alt=\"Aprenda sobre as caracter\u00edsticas do nekonbu no encantador dialeto de Hakodate!\" class=\"size-full\" \/><\/a><figcaption class=\"wp-caption-text\">Aprenda sobre as caracter\u00edsticas do nekonbu no encantador dialeto de Hakodate!<\/figcaption><\/figure>\n<figure class=\"wp-caption aligncenter\"><a href=\"https:\/\/photos.google.com\/share\/AF1QipO3FvUPvE0NpfT7opFBQN9YYu3GBjFv0HAoHZsqMY4sOGratv59zFnYabJK2LI3pA\/photo\/AF1QipN87tnaAaUncwK1Ryqs5f0fSxjrPsgKUgBJvec?key=RUpnV0Q3RGhXeGs4dTRLTW1takpwalNuc2lUcVdB\" target=\"_blank\" rel=\"noopener\"><img decoding=\"async\" src=\"https:\/\/lh3.googleusercontent.com\/pw\/AL9nZEUJfpWmxv5YwVa41_xqITv452RHcTwm-2XFAxR8SBtGT61PaJEA4Q7wZ3j__gCiyt8WAmqlaknahxaDTUBr747mevV94QmLv_JGfehpbAX44YGtG4fbJ7uqexf7_PxaAl0Jz64by9G5vASI8PdsFoCw=w2000-h1500-no?authuser=0\" width=\"2000\" height=\"1500\" alt=\"Lula dourada\" class=\"size-full\" \/><\/a><figcaption class=\"wp-caption-text\">Lula dourada<\/figcaption><\/figure>\n<figure class=\"wp-caption aligncenter\"><a href=\"https:\/\/photos.google.com\/share\/AF1QipO3FvUPvE0NpfT7opFBQN9YYu3GBjFv0HAoHZsqMY4sOGratv59zFnYabJK2LI3pA\/photo\/AF1QipMGCTMMKwHStWq3RRckQw8Bn6oWl7a4s5ix6ss?key=RUpnV0Q3RGhXeGs4dTRLTW1takpwalNuc2lUcVdB\" target=\"_blank\" rel=\"noopener\"><img decoding=\"async\" src=\"https:\/\/lh3.googleusercontent.com\/pw\/AL9nZEW1U8eTTVqlGoZwSyqLHfADKY41vC84L_b2vKCS3RPzHuE2hsi9gLx2NEGOh56uaIgj2ZS5lUodEidyw8HM4aW00m5TJMBSVZBr2lCRc5VrYIHJovbYISUMnjHLtDeovvDnkhspgSXin0g4rdKzWWsr=w2000-h1500-no?authuser=0\" width=\"2000\" height=\"1500\" alt=\"Caldo Nekombu\" class=\"size-full\" \/><\/a><figcaption class=\"wp-caption-text\">Caldo Nekombu<\/figcaption><\/figure>\n<h3>Associa\u00e7\u00e3o Empresarial do Grupo de Bem-Estar (Cidade de Kushiro)<a href=\"https:\/\/kusirowannko.wixsite.com\/walfaregroup\" rel=\"noopener\" target=\"_blank\"><span style=\"color:blue; font-size:14pt; \">P\u00e1gina inicial<\/span><\/a><\/h3>\n<p>Vendemos p\u00e3o artesanal e outros produtos de panifica\u00e7\u00e3o da Kushiro Pan-ya, uma empresa administrada pelo Welfare Group, um sindicato empresarial que opera um centro de apoio ao emprego do Tipo A na cidade de Kushiro, al\u00e9m de roupas para c\u00e3es da Kushiro Wanko, um caf\u00e9 e sal\u00e3o de beleza para c\u00e3es!<\/p>\n<p>&quot;Normalmente, nosso &#039;p\u00e3o de ab\u00f3bora&#039; \u00e9 popular, mas neste evento nossas &#039;roupas para cachorro&#039; fizeram muito sucesso! Aprendemos que existem diferen\u00e7as regionais&quot;, disse o representante.<\/p>\n<figure class=\"wp-caption aligncenter\"><a href=\"https:\/\/photos.google.com\/share\/AF1QipO3FvUPvE0NpfT7opFBQN9YYu3GBjFv0HAoHZsqMY4sOGratv59zFnYabJK2LI3pA\/photo\/AF1QipOQePsyiuvU7C6E4_klWcO7jLhBkIwUq-vYuk4?key=RUpnV0Q3RGhXeGs4dTRLTW1takpwalNuc2lUcVdB\" target=\"_blank\" rel=\"noopener\"><img decoding=\"async\" src=\"https:\/\/lh3.googleusercontent.com\/pw\/AL9nZEUq2BYMGPM8U6Nz_k_I26DVy4mhYmaX2p3VDsNAOFhINfSgeeybhxZBV0nCDmzCPrMqnfYfG90b4QYRaX4GNUVTX93FRaz5GaANBsYwmoiJAAIaUVInMCpQNaQ3M4voajINtS6QtASP0t__g_Fadk5R=w2000-h1500-no?authuser=0\" width=\"2000\" height=\"1500\" alt=\"Roupas para c\u00e3es s\u00e3o populares!\" class=\"size-full\" \/><\/a><figcaption class=\"wp-caption-text\">Roupas para c\u00e3es s\u00e3o populares!<\/figcaption><\/figure>\n<figure class=\"wp-caption aligncenter\"><a href=\"https:\/\/photos.google.com\/share\/AF1QipO3FvUPvE0NpfT7opFBQN9YYu3GBjFv0HAoHZsqMY4sOGratv59zFnYabJK2LI3pA\/photo\/AF1QipPbGwr75KXMZi_TddK5SE-kbjhdD6fgEQgwa10?key=RUpnV0Q3RGhXeGs4dTRLTW1takpwalNuc2lUcVdB\" target=\"_blank\" rel=\"noopener\"><img decoding=\"async\" src=\"https:\/\/lh3.googleusercontent.com\/pw\/AL9nZEXqQV3Qg5MRpH2XtBqxCFmLZhhTSrpH6fUSBPU3Dv27oWho2KMo2HZd-6V4P8U3sZkbdIRPDnfPRqL80cijgMLKMqbUvAMKuKIDptGjoc26mMs2duiYJ0QLMwdBp-HxFzdy558zB47R-fS1Ook18Yq_=w2000-h1500-no?authuser=0\" width=\"2000\" height=\"1500\" alt=\"Grupo de Bem-Estar Sindical Empresarial\" class=\"size-full\" \/><\/a><figcaption class=\"wp-caption-text\">Grupo de Bem-Estar Sindical Empresarial<\/figcaption><\/figure>\n<figure class=\"wp-caption aligncenter\"><a href=\"https:\/\/photos.google.com\/share\/AF1QipO3FvUPvE0NpfT7opFBQN9YYu3GBjFv0HAoHZsqMY4sOGratv59zFnYabJK2LI3pA\/photo\/AF1QipOWs0eNNXTeJw-MFuUMdMOhtF1FWu_N2tdjywo?key=RUpnV0Q3RGhXeGs4dTRLTW1takpwalNuc2lUcVdB\" target=\"_blank\" rel=\"noopener\"><img decoding=\"async\" src=\"https:\/\/lh3.googleusercontent.com\/pw\/AL9nZEXjK1EBx06evu9tbtGDigHYUHo5a5tIGvC17LKJawkYrzTNo-hTst0HfnodCqifsPSpLpO3pFJPiwX4v8R3FeoBXXhoEPQvMafoMj-x6uxD6bVExHWp3mKjTEdOVXjs2YpuZmqhdeEYIaLcFW0ePPbc=w2000-h1500-no?authuser=0\" width=\"2000\" height=\"1500\" alt=\"P\u00e3o de ab\u00f3bora popular\" class=\"size-full\" \/><\/a><figcaption class=\"wp-caption-text\">P\u00e3o de ab\u00f3bora popular<\/figcaption><\/figure>\n<h3>Cooperativa de Com\u00e9rcio de Frango Caipira Fresco Tokachi-Shintoku (Cidade de Shintoku)<a href=\"https:\/\/shintokuzidori.jimdofree.com\/\" rel=\"noopener\" target=\"_blank\"><span style=\"color:blue; font-size:14pt; \">P\u00e1gina inicial<\/span><\/a><\/h3>\n<p>Apresentamos o frango Shintoku grelhado no carv\u00e3o, uma nova especialidade da cidade de Shintoku, al\u00e9m de asas de frango e pontas de asa assadas em carne de porco assada!<\/p>\n<figure class=\"wp-caption aligncenter\"><a href=\"https:\/\/photos.google.com\/share\/AF1QipO3FvUPvE0NpfT7opFBQN9YYu3GBjFv0HAoHZsqMY4sOGratv59zFnYabJK2LI3pA\/photo\/AF1QipPlA6R3SizT3MNegXERE2iC7PXOmNurmSiDtdM?key=RUpnV0Q3RGhXeGs4dTRLTW1takpwalNuc2lUcVdB\" target=\"_blank\" rel=\"noopener\"><img decoding=\"async\" src=\"https:\/\/lh3.googleusercontent.com\/pw\/AL9nZEVw4-sI21NDcKDb7ziPINf0x23ex5L-iKoo02jf5yHj52UZM1PyIHUP22YFDKqEe5W5QgU2OFLLkJzNyQheTOZOu9S_BPumQ063FhEAToXUPZ4rKRTGE4pMjDlbk0Fo9Ma_KIMyy25jhJGrJBxdZVtD=w2000-h1500-no?authuser=0\" width=\"2000\" height=\"1500\" alt=\"Cooperativa de Frango Caipira Fresco Tokachi-Shintoku\" class=\"size-full\" \/><\/a><figcaption class=\"wp-caption-text\">Cooperativa de Frango Caipira Fresco Tokachi-Shintoku<\/figcaption><\/figure>\n<p>&quot;Queremos que pessoas de todo o pa\u00eds conhe\u00e7am a qualidade e o sabor do Shintoku Jidori, que se compara aos tr\u00eas principais frangos caipiras do Jap\u00e3o. Nosso objetivo \u00e9 fazer com que o Shintoku Jidori seja a primeira coisa que venha \u00e0 mente quando se fala em frango caipira no Jap\u00e3o&quot;, disse o representante.<\/p>\n<figure class=\"wp-caption aligncenter\"><a href=\"https:\/\/photos.google.com\/share\/AF1QipO3FvUPvE0NpfT7opFBQN9YYu3GBjFv0HAoHZsqMY4sOGratv59zFnYabJK2LI3pA\/photo\/AF1QipN-ndsdjcy5pU-4mzlXBvw8hY7UThg0R-diaSg?key=RUpnV0Q3RGhXeGs4dTRLTW1takpwalNuc2lUcVdB\" target=\"_blank\" rel=\"noopener\"><img decoding=\"async\" src=\"https:\/\/lh3.googleusercontent.com\/pw\/AL9nZEWwBpjNoAEFsSnUD4V07HvI_VOSy1mZDjZ9ps_vyqNLtZyGRuU7YBsX0QWcE2_M72SLBzV_lOD5TDaGyKL5iC3HO7aCiDaGZ46U_WTfesMp_NH_vVTnLeUoTr8yFeEx6hQMo42s1ZuwDGWLeexSg4m_=w2000-h1500-no?authuser=0\" width=\"2000\" height=\"1500\" alt=\"Frango Shintoku grelhado no carv\u00e3o\" class=\"size-full\" \/><\/a><figcaption class=\"wp-caption-text\">Frango Shintoku grelhado no carv\u00e3o<\/figcaption><\/figure>\n<h3>Associa\u00e7\u00e3o Cooperativa de Neg\u00f3cios Automotivos Sapporo Seishin (Cidade de Sapporo)<a href=\"https:\/\/founded-today.com\/2015\/8430005002164\/\" rel=\"noopener\" target=\"_blank\"><span style=\"color:blue; font-size:14pt; \">P\u00e1gina inicial<\/span><\/a><\/h3>\n<figure class=\"wp-caption aligncenter\"><a href=\"https:\/\/photos.google.com\/share\/AF1QipO3FvUPvE0NpfT7opFBQN9YYu3GBjFv0HAoHZsqMY4sOGratv59zFnYabJK2LI3pA\/photo\/AF1QipM49nB4j51PcHGqODLb4S5aUHwJh75uf4ktRSY?key=RUpnV0Q3RGhXeGs4dTRLTW1takpwalNuc2lUcVdB\" target=\"_blank\" rel=\"noopener\"><img decoding=\"async\" src=\"https:\/\/lh3.googleusercontent.com\/pw\/AL9nZEXH8O6MDcKocmkJLqwUuU1wCAmQsDxNd9Ezt1phq4b49y_nQ3ugqjKvXhdm0brl8qBFWF19V-youbT29Rwt2JVASC_dmR6AVLuF707i3KMC1JjJNTaOZQhRg_lBhuk9UfwSrAdmQF0LncghJ3elnlkC=w2000-h1500-no?authuser=0\" width=\"2000\" height=\"1500\" alt=\"Associa\u00e7\u00e3o Cooperativa de Neg\u00f3cios Automotivos Sapporo Seishin\" class=\"size-full\" \/><\/a><figcaption class=\"wp-caption-text\">Associa\u00e7\u00e3o Cooperativa de Neg\u00f3cios Automotivos Sapporo Seishin<\/figcaption><\/figure>\n<p>Uma hist\u00f3ria sobre o ramo de manuten\u00e7\u00e3o de autom\u00f3veis em Sapporo.<br \/>\n&quot;\u00c9 importante prevenir acidentes detectando problemas precocemente por meio de inspe\u00e7\u00f5es e manuten\u00e7\u00f5es veiculares. Realizamos inspe\u00e7\u00f5es e manuten\u00e7\u00f5es regulares para evitar acidentes. No futuro, os certificados de inspe\u00e7\u00e3o veicular ser\u00e3o digitalizados e diversas pe\u00e7as e outros itens continuar\u00e3o a evoluir diariamente, por isso continuaremos nos esfor\u00e7ando para fornecer servi\u00e7os de manuten\u00e7\u00e3o que acompanhem esses avan\u00e7os&quot;, disse o representante.<\/p>\n<figure class=\"wp-caption aligncenter\"><a href=\"https:\/\/photos.google.com\/share\/AF1QipO3FvUPvE0NpfT7opFBQN9YYu3GBjFv0HAoHZsqMY4sOGratv59zFnYabJK2LI3pA\/photo\/AF1QipOovs63mLUyQCGOMp7mc5OVrZP6GI0XeGGI1c8?key=RUpnV0Q3RGhXeGs4dTRLTW1takpwalNuc2lUcVdB\" target=\"_blank\" rel=\"noopener\"><img decoding=\"async\" src=\"https:\/\/lh3.googleusercontent.com\/pw\/AL9nZEXRONcbCX37OAks4LFwgwqwfTEhURGRDH1ww1EJDX8_ctKDnx7v8qrIXTM5XHW_PzdIHXCXZqMWQ4n8QS-DI-K-0BML2FK3MLMfWOd5M6EbQcRA0Bpx5pRKILwglqWCTwNizxOECOOsKXYRaGsEm6Fk=w2000-h1500-no?authuser=0\" width=\"2000\" height=\"1500\" alt=\"Empresa de manuten\u00e7\u00e3o de autom\u00f3veis em Sapporo\" class=\"size-full\" \/><\/a><figcaption class=\"wp-caption-text\">Empresa de manuten\u00e7\u00e3o de autom\u00f3veis em Sapporo<\/figcaption><\/figure>\n<h3>Federa\u00e7\u00e3o de Associa\u00e7\u00f5es de Pequenas e M\u00e9dias Empresas de Hokkaido (Sapporo)<a href=\"https:\/\/www.h-chuokai.or.jp\/\" rel=\"noopener\" target=\"_blank\"><span style=\"color:blue; font-size:14pt; \">P\u00e1gina inicial<\/span><\/a><\/h3>\n<p>Yoshihide Nakajo, chefe de se\u00e7\u00e3o do Departamento de Apoio \u00e0 Colabora\u00e7\u00e3o da Federa\u00e7\u00e3o de Associa\u00e7\u00f5es de Pequenas e M\u00e9dias Empresas de Hokkaido, apresentou as associa\u00e7\u00f5es participantes.<\/p>\n<figure class=\"wp-caption aligncenter\"><a href=\"https:\/\/photos.google.com\/share\/AF1QipO3FvUPvE0NpfT7opFBQN9YYu3GBjFv0HAoHZsqMY4sOGratv59zFnYabJK2LI3pA\/photo\/AF1QipNc4FkRaj-dh-6B3ykwzZJdkZGypCe3NSQMdI8?key=RUpnV0Q3RGhXeGs4dTRLTW1takpwalNuc2lUcVdB\" target=\"_blank\" rel=\"noopener\"><img decoding=\"async\" src=\"https:\/\/lh3.googleusercontent.com\/pw\/AL9nZEWYd8DiXM2ZMsivwcFDd8qe1a29iuYbh7SLCSWweYMmi6S-t_3F7gHQFoO33sgzNlEBfn541ViCGocU4ZhvvZqxPRbjK4d5NYRxyjIpIQ1PoHvnmrwD1v_w9J9JR8UiMrOcnmB-GA38r9dz2HvhO2aP=w2000-h1500-no?authuser=0\" width=\"2000\" height=\"1500\" alt=\"Federa\u00e7\u00e3o de Associa\u00e7\u00f5es de Pequenas e M\u00e9dias Empresas de Hokkaido\" class=\"size-full\" \/><\/a><figcaption class=\"wp-caption-text\">Federa\u00e7\u00e3o de Associa\u00e7\u00f5es de Pequenas e M\u00e9dias Empresas de Hokkaido<\/figcaption><\/figure>\n<p>A Federa\u00e7\u00e3o de Associa\u00e7\u00f5es de Pequenas Empresas de Hokkaido possui cerca de 1.300 associa\u00e7\u00f5es associadas em toda a prov\u00edncia. Uma associa\u00e7\u00e3o \u00e9 formada por quatro ou mais empresas ou propriet\u00e1rios de pequenas empresas. O Festival Kumiai deste ano foi realizado com a colabora\u00e7\u00e3o de 14 empresas e associa\u00e7\u00f5es.<\/p>\n<p>A Federa\u00e7\u00e3o de Associa\u00e7\u00f5es de Pequenas Empresas de Hokkaido \u00e9 uma organiza\u00e7\u00e3o que promove o desenvolvimento de pequenas e m\u00e9dias empresas por meio de diversas atividades, incluindo gest\u00e3o sindical, desenvolvimento de recursos humanos, pesquisa e estudos, coleta de informa\u00e7\u00f5es e programas de subs\u00eddios. Sua sede fica em Sapporo e oferece v\u00e1rios tipos de suporte, intimamente ligados \u00e0 comunidade local, por meio de suas nove filiais na prov\u00edncia.<\/p>\n<p>Gostar\u00edamos que voc\u00ea conhecesse os moradores locais e as pequenas e m\u00e9dias empresas que atuam na comunidade e, enquanto conhece essas associa\u00e7\u00f5es, gostar\u00edamos tamb\u00e9m que voc\u00ea se lembrasse da Federa\u00e7\u00e3o Japonesa de Associa\u00e7\u00f5es de Pequenas Empresas.<\/p>\n<p>Esperamos que isso leve \u00e0 comunica\u00e7\u00e3o n\u00e3o s\u00f3 entre os consumidores, mas tamb\u00e9m entre os pr\u00f3prios sindicatos, resultando em colabora\u00e7\u00e3o e maior atividade.<\/p>\n<p>Gostar\u00edamos de expressar nossa sincera gratid\u00e3o aos sindicatos que participaram e cooperaram conosco desta vez. Gostar\u00edamos de apresentar os sindicatos participantes.<\/p>\n<h4>Associa\u00e7\u00e3o Cooperativa Empresarial de Kurosengoku (cidade de Hokuryu)<a href=\"https:\/\/kurosengoku.or.jp\/\" rel=\"noopener\" target=\"_blank\"><span style=\"color:blue; font-size:14pt; \">P\u00e1gina inicial<\/span><\/a><\/h4>\n<p>Eles est\u00e3o se empenhando para que a soja Kurosengoku, cultivada localmente, seja conhecida pelo maior n\u00famero poss\u00edvel de pessoas.<br \/>\nAo observar o Diretor Takada, nota-se que ele goza de \u00f3tima sa\u00fade e aparenta ser jovem, sendo dif\u00edcil acreditar que tenha 80 anos. Creio que isso comprova que a soja Kurosengoku \u00e9 a fonte de sua sa\u00fade.<\/p>\n<figure class=\"wp-caption aligncenter\"><a href=\"https:\/\/photos.google.com\/share\/AF1QipO3FvUPvE0NpfT7opFBQN9YYu3GBjFv0HAoHZsqMY4sOGratv59zFnYabJK2LI3pA\/photo\/AF1QipNStsPKYL_u8S4Y1p0hipWjU3mZc3qB0E2YgiE?key=RUpnV0Q3RGhXeGs4dTRLTW1takpwalNuc2lUcVdB\" target=\"_blank\" rel=\"noopener\"><img decoding=\"async\" src=\"https:\/\/lh3.googleusercontent.com\/pw\/AL9nZEVT6zZsG6UdNtF28c4sYYDwMJ7ONT2NcRuj74pAXpVRN1OuAhB8iYhoOqz17edPGNiLXJ92ir7WIV-_gCnk6abSLlUVJHL5MXYxq11M5Dh0D2dOyhfFgK8tvMVL7B9WELDS55lPqkwmu1Y6gk3BlQlz=w2000-h1500-no?authuser=0\" width=\"2000\" height=\"1500\" alt=\"Soja Kurosengoku, uma fonte de energia\" class=\"size-full\" \/><\/a><figcaption class=\"wp-caption-text\">Soja Kurosengoku, uma fonte de energia<\/figcaption><\/figure>\n<figure class=\"wp-caption aligncenter\"><a href=\"https:\/\/photos.google.com\/share\/AF1QipO3FvUPvE0NpfT7opFBQN9YYu3GBjFv0HAoHZsqMY4sOGratv59zFnYabJK2LI3pA\/photo\/AF1QipPGTZq7qxezDYiITy4O1lKuVv8V9Zk8QHVP2_M?key=RUpnV0Q3RGhXeGs4dTRLTW1takpwalNuc2lUcVdB\" target=\"_blank\" rel=\"noopener\"><img decoding=\"async\" src=\"https:\/\/lh3.googleusercontent.com\/pw\/AL9nZEU_fvVSDyytqF20WlPu_gorEBkgM3sJ_a1Db1DVsa-TZYrsy7qYEknttsOZRyuMzHQPT0XIniochA45p54_4DeRIXbnxT3RbV-SQdZTlv6W2rpBStqZohE_jL1xujx0HRNHsRcDEOgya_auo0_BDE2V=w2000-h1500-no?authuser=0\" width=\"2000\" height=\"1500\" alt=\"Produtos processados de Kurosengoku e \u00f3leo de girassol\" class=\"size-full\" \/><\/a><figcaption class=\"wp-caption-text\">Produtos processados de Kurosengoku e \u00f3leo de girassol<\/figcaption><\/figure>\n<h4>Associa\u00e7\u00e3o Cooperativa da Ind\u00fastria de M\u00f3veis de Asahikawa (Cidade de Asahikawa)<a href=\"https:\/\/www.asahikawa-kagu.or.jp\/\" rel=\"noopener\" target=\"_blank\"><span style=\"color:blue; font-size:14pt; \">P\u00e1gina inicial<\/span><\/a><\/h4>\n<p>Esta \u00e9 uma associa\u00e7\u00e3o de pequenas e m\u00e9dias empresas que produz m\u00f3veis com marcas locais, os quais podem ser apresentados com orgulho em todo o mundo. Visite nosso showroom em Asahikawa para sentir o aconchego da madeira e apreciar a beleza dos designs.<\/p>\n<figure class=\"wp-caption aligncenter\"><a href=\"https:\/\/photos.google.com\/share\/AF1QipO3FvUPvE0NpfT7opFBQN9YYu3GBjFv0HAoHZsqMY4sOGratv59zFnYabJK2LI3pA\/photo\/AF1QipPTxQ-LNj8JiQ6ffx6mpTcZXppJbuyN7_i-Wb0?key=RUpnV0Q3RGhXeGs4dTRLTW1takpwalNuc2lUcVdB\" target=\"_blank\" rel=\"noopener\"><img decoding=\"async\" src=\"https:\/\/lh3.googleusercontent.com\/pw\/AL9nZEUnHwamxFUWnyLqVc4v5FFlbmBqRKLl1ZGQgnCq1UC_f182py9Mrj5SSqlQvrO1-Kwe3FqkLjWp2UElhxb3c2qCvV2GMDjjqmp9WKAR7pPv2wZot2LN-BRuw986as9uP0xkk2IbENW2m1MATI9AC-CH=w2000-h1500-no?authuser=0\" width=\"2000\" height=\"1500\" alt=\"Cooperativa da Ind\u00fastria de M\u00f3veis de Asahikawa\" class=\"size-full\" \/><\/a><figcaption class=\"wp-caption-text\">Cooperativa da Ind\u00fastria de M\u00f3veis de Asahikawa<\/figcaption><\/figure>\n<figure class=\"wp-caption aligncenter\"><a href=\"https:\/\/photos.google.com\/share\/AF1QipO3FvUPvE0NpfT7opFBQN9YYu3GBjFv0HAoHZsqMY4sOGratv59zFnYabJK2LI3pA\/photo\/AF1QipNEj3DZuO1FEHmVw5GhdukuBmISvKahT44qD4A?key=RUpnV0Q3RGhXeGs4dTRLTW1takpwalNuc2lUcVdB\" target=\"_blank\" rel=\"noopener\"><img decoding=\"async\" src=\"https:\/\/lh3.googleusercontent.com\/pw\/AL9nZEWZfAsd_kptsPzC4E5dD5Yr4Q63_IYIYPhXjkQ55xMqE6T1oPRCPE2JJXSBH9neHg1MH7zZmbkJ6uBZ4u6C3QOGFIvNmNc-aNKP_-1YbT0wglgpMmctZkKhsVGVifIlLU6CYNNqLpwhHaM-O84zhtef=w2000-h1500-no?authuser=0\" width=\"2000\" height=\"1500\" alt=\"Cadeira feita \u00e0 m\u00e3o\" class=\"size-full\" \/><\/a><figcaption class=\"wp-caption-text\">Cadeira feita \u00e0 m\u00e3o<\/figcaption><\/figure>\n<h4>Cooperativa de Venda de Bebidas Alco\u00f3licas de Obihiro (Cidade de Obihiro)<a href=\"https:\/\/houjin.jp\/c\/9460105000262\" rel=\"noopener\" target=\"_blank\"><span style=\"color:blue; font-size:14pt; \">P\u00e1gina de refer\u00eancia<\/span><\/a><\/h4>\n<p>A Cooperativa de Venda de Bebidas Alco\u00f3licas de Obihiro comercializa saqu\u00ea local de toda Hokkaido, bem como saqu\u00ea local de Tokachi, como &quot;Tokachi Hare&quot; e &quot;Kamikawa Daisetsu&quot;, que normalmente n\u00e3o est\u00e3o dispon\u00edveis.<\/p>\n<figure class=\"wp-caption aligncenter\"><a href=\"https:\/\/photos.google.com\/share\/AF1QipO3FvUPvE0NpfT7opFBQN9YYu3GBjFv0HAoHZsqMY4sOGratv59zFnYabJK2LI3pA\/photo\/AF1QipOZygRuhdcKPhnQIm22VFhfSLVCPvi3beqfxb4?key=RUpnV0Q3RGhXeGs4dTRLTW1takpwalNuc2lUcVdB\" target=\"_blank\" rel=\"noopener\"><img decoding=\"async\" src=\"https:\/\/lh3.googleusercontent.com\/pw\/AL9nZEXqPhee6GTDneRNCrvKuWvGV9pZoYcBRAor3USoiwz9ncbT1NHFqwIbudme85Tnlx1iVM-Hn_-A5BrGWJm4d6wWMt-lCobFUcT1AwWirZUydft7gADI2S-4bMg90nxORdjdeETEy_awKYFwnnttVluY=w2000-h1500-no?authuser=0\" width=\"2000\" height=\"1500\" alt=\"Cooperativa de Vendas de Bebidas Alco\u00f3licas de Obihiro\" class=\"size-full\" \/><\/a><figcaption class=\"wp-caption-text\">Cooperativa de Vendas de Bebidas Alco\u00f3licas de Obihiro<\/figcaption><\/figure>\n<figure class=\"wp-caption aligncenter\"><a href=\"https:\/\/photos.google.com\/share\/AF1QipO3FvUPvE0NpfT7opFBQN9YYu3GBjFv0HAoHZsqMY4sOGratv59zFnYabJK2LI3pA\/photo\/AF1QipNSN_LEQemLLaNwfgU6WqoKw89kRGfo3BFLUg0?key=RUpnV0Q3RGhXeGs4dTRLTW1takpwalNuc2lUcVdB\" target=\"_blank\" rel=\"noopener\"><img decoding=\"async\" src=\"https:\/\/lh3.googleusercontent.com\/pw\/AL9nZEX3T1ysi830sF_6WCaIge1GzwL0i-CsFtDpKhQphVgaw7VicwOILJr-mH5Zi3y20tj0Tu1GavwKKbSF9UWU-PoTdWBSWBOK3RupSJczZqkYqsd-J1vPgq43lSi9wir8LmZQ7LdBf38qXTMw5gjJYxm9=w2000-h1500-no?authuser=0\" width=\"2000\" height=\"1500\" alt=\"Cooperativa de Vendas de Bebidas Alco\u00f3licas de Obihiro\" class=\"size-full\" \/><\/a><figcaption class=\"wp-caption-text\">Cooperativa de Vendas de Bebidas Alco\u00f3licas de Obihiro<\/figcaption><\/figure>\n<figure class=\"wp-caption aligncenter\"><a href=\"https:\/\/photos.google.com\/share\/AF1QipO3FvUPvE0NpfT7opFBQN9YYu3GBjFv0HAoHZsqMY4sOGratv59zFnYabJK2LI3pA\/photo\/AF1QipMAIHDYmy7LEcM2yZziCc7drULi_2RlpGWCSvk?key=RUpnV0Q3RGhXeGs4dTRLTW1takpwalNuc2lUcVdB\" target=\"_blank\" rel=\"noopener\"><img decoding=\"async\" src=\"https:\/\/lh3.googleusercontent.com\/pw\/AL9nZEVYyZEtZjJXvbo9x9ajAJVh3CLvvqIIhg6lau9BE4ncLGIMEFNy-64YhWm-0VgRHCmGze7PdbLgOWFEiNQ7IJBU4kvKverG8NxgJJGjZnW8925o2hMow4EUqg0RI_MRnqB4DlmWCue__QToUJUJHJpD=w2000-h1500-no?authuser=0\" width=\"2000\" height=\"1500\" alt=\"Saqu\u00ea Junmai Ginjo &quot;Lebre Tokachi&quot;\" class=\"size-full\" \/><\/a><figcaption class=\"wp-caption-text\">Saqu\u00ea Junmai Ginjo &quot;Lebre Tokachi&quot;<\/figcaption><\/figure>\n<h4>Cooperativa de Com\u00e9rcio de Frango Caipira Fresco Tokachi-Shintoku (Cidade de Shintoku)<a href=\"https:\/\/shintokuzidori.jimdofree.com\/\" rel=\"noopener\" target=\"_blank\"><span style=\"color:blue; font-size:14pt; \">P\u00e1gina inicial<\/span><\/a><\/h4>\n<p>A loja est\u00e1 repleta de produtos como o frango Shintoku grelhado no carv\u00e3o e defumado, que refletem o desejo apaixonado do presidente de &quot;aproveitar esta oportunidade para que todos conhe\u00e7am o frango local de Shintoku&quot;.<\/p>\n<figure class=\"wp-caption aligncenter\"><a href=\"https:\/\/photos.google.com\/share\/AF1QipO3FvUPvE0NpfT7opFBQN9YYu3GBjFv0HAoHZsqMY4sOGratv59zFnYabJK2LI3pA\/photo\/AF1QipMzLh-uDjMIcekjmCR_wtJ9-9kw_nAy-YkmDEc?key=RUpnV0Q3RGhXeGs4dTRLTW1takpwalNuc2lUcVdB\" target=\"_blank\" rel=\"noopener\"><img decoding=\"async\" src=\"https:\/\/lh3.googleusercontent.com\/pw\/AL9nZEXDGJWEMsbJHC1WizY2hpZOtOPACsBRr7pJ4YE9L57y2yLdZhtE9x1G8pqTAow1pBPKdSAAveziN5Jyzw5lfWwkMig0Q2gHV8R3q9628bY5tEBB2qIOuUzgbrLL8z2bYdQaU_3TzhPFopQc9GXPPYR3=w2000-h1500-no?authuser=0\" width=\"2000\" height=\"1500\" alt=\"Cooperativa de Frango Caipira Fresco Tokachi-Shintoku\" class=\"size-full\" \/><\/a><figcaption class=\"wp-caption-text\">Cooperativa de Frango Caipira Fresco Tokachi-Shintoku<\/figcaption><\/figure>\n<h4>Associa\u00e7\u00e3o Cooperativa da Ind\u00fastria de Gesso de Sapporo (Cidade de Sapporo)<a href=\"https:\/\/www.kensenren.or.jp\/museum\/jirei\/04_sapporo_sakan.html\" rel=\"noopener\" target=\"_blank\"><span style=\"color:blue; font-size:14pt; \">P\u00e1gina de refer\u00eancia<\/span><\/a><\/h4>\n<p>As associa\u00e7\u00f5es ligadas ao reboco, ao tatame e \u00e0 constru\u00e7\u00e3o civil est\u00e3o passando por um momento dif\u00edcil, mas o trabalho manual artesanal \u00e9 valioso e n\u00e3o desaparecer\u00e1 no futuro, portanto, essas s\u00e3o ind\u00fastrias que continuar\u00e3o sendo valorizadas. Eu ficaria feliz em ouvir as hist\u00f3rias desses artes\u00e3os e ter a oportunidade de vivenciar, mesmo que um pouco, o seu trabalho.<\/p>\n<figure class=\"wp-caption aligncenter\"><a href=\"https:\/\/photos.google.com\/share\/AF1QipO3FvUPvE0NpfT7opFBQN9YYu3GBjFv0HAoHZsqMY4sOGratv59zFnYabJK2LI3pA\/photo\/AF1QipOJjTG_WcVk6Przzxah8p7qAcgAB1rOzwZ7UCA?key=RUpnV0Q3RGhXeGs4dTRLTW1takpwalNuc2lUcVdB\" target=\"_blank\" rel=\"noopener\"><img decoding=\"async\" src=\"https:\/\/lh3.googleusercontent.com\/pw\/AL9nZEUI1XDkwSO99SKusew7VjXyy5i4cRF5wBGmAODVE0i7mHNQA45pCMzSdnXtaw3_oaBdr5IM80qOCsuYeKFmpiSKNjQhDvBdlr1EpsYBMl4mVw95I6PR3tL1106ZH487BqFgd97ZPwMru_sS4LbvzZ9h=w2000-h1500-no?authuser=0\" width=\"2000\" height=\"1500\" alt=\"Associa\u00e7\u00e3o Cooperativa da Ind\u00fastria de Gesso de Sapporo\" class=\"size-full\" \/><\/a><figcaption class=\"wp-caption-text\">Associa\u00e7\u00e3o Cooperativa da Ind\u00fastria de Gesso de Sapporo<\/figcaption><\/figure>\n<h4>Associa\u00e7\u00e3o Cooperativa de Neg\u00f3cios Automotivos Sapporo Seishin (Cidade de Sapporo)<a href=\"https:\/\/founded-today.com\/2015\/8430005002164\/\" rel=\"noopener\" target=\"_blank\"><span style=\"color:blue; font-size:14pt; \">P\u00e1gina inicial<\/span><\/a><\/h4>\n<p>As associa\u00e7\u00f5es de repara\u00e7\u00e3o de autom\u00f3veis em cada regi\u00e3o treinam arduamente todos os dias para se manterem atualizadas com as novas tecnologias constantemente desenvolvidas pelas principais montadoras. As oficinas locais s\u00e3o lugares onde voc\u00ea pode obter aconselhamento presencial, com o objetivo de ajudar os moradores locais a dirigir com seguran\u00e7a e aproveitar ao m\u00e1ximo seus carros.<\/p>\n<figure class=\"wp-caption aligncenter\"><a href=\"https:\/\/photos.google.com\/share\/AF1QipO3FvUPvE0NpfT7opFBQN9YYu3GBjFv0HAoHZsqMY4sOGratv59zFnYabJK2LI3pA\/photo\/AF1QipO4LzMzGTTUDKvl72cSuK0QmNN__v3AKsjb2fI?key=RUpnV0Q3RGhXeGs4dTRLTW1takpwalNuc2lUcVdB\" target=\"_blank\" rel=\"noopener\"><img decoding=\"async\" src=\"https:\/\/lh3.googleusercontent.com\/pw\/AL9nZEWDbPa_cwTljzAaloALLGz3C-mUi6i1g2JTzW7SCzqa6BNI_LQxZ7ErghIedf3_BiqGqHfmSEE8M_X8GyiMXuirDcGmVwhl32xOMCcpdOAxUiM_ceQpiqU3XcsYrwdbAA9c0RvLsTdkKnEmDoVEIQVD=w2000-h1500-no?authuser=0\" width=\"2000\" height=\"1500\" alt=\"Associa\u00e7\u00e3o Cooperativa de Neg\u00f3cios Automotivos Sapporo Seishin\" class=\"size-full\" \/><\/a><figcaption class=\"wp-caption-text\">Associa\u00e7\u00e3o Cooperativa de Neg\u00f3cios Automotivos Sapporo Seishin<\/figcaption><\/figure>\n<h4>Associa\u00e7\u00e3o de Concession\u00e1rias de Ve\u00edculos Usados de Hokkaido (Cidade de Sapporo)<a href=\"https:\/\/xn--zcklx7evic7044c1qeqrozh7c.com\/companies\/5430005002910\" rel=\"noopener\" target=\"_blank\"><span style=\"color:blue; font-size:14pt; \">P\u00e1gina de refer\u00eancia<\/span><\/a><\/h4>\n<p>Oferecemos conhecimento e informa\u00e7\u00f5es \u00fateis para quem est\u00e1 pensando em comprar um carro usado e nos esfor\u00e7amos para tornar a experi\u00eancia de dirigir um carro usado mais f\u00e1cil e tranquila. Esperamos que voc\u00ea se lembre de &quot;JU&quot;.<\/p>\n<figure class=\"wp-caption aligncenter\"><a href=\"https:\/\/photos.google.com\/share\/AF1QipO3FvUPvE0NpfT7opFBQN9YYu3GBjFv0HAoHZsqMY4sOGratv59zFnYabJK2LI3pA\/photo\/AF1QipMWelXhZtf3RfJYev6BYpvFUduR3BOuB6MXhqE?key=RUpnV0Q3RGhXeGs4dTRLTW1takpwalNuc2lUcVdB\" target=\"_blank\" rel=\"noopener\"><img decoding=\"async\" src=\"https:\/\/lh3.googleusercontent.com\/pw\/AL9nZEWbeLF67qKFRAn8DhrslFY4iAwWggQZy6CzWkMdZvdGL44sPf6PtoNDLy8iJIdxoy-QecvG-FATyVQMKFX99Zwptm4GdWa9msSe-nvc9bm0ZT-XmIaAxREUQAjM3QICrXnYELr0ruVT9tR2tHJ3WJi-=w1545-h1159-no?authuser=0\" width=\"2000\" height=\"1500\" alt=\"Associa\u00e7\u00e3o de Vendas de Carros Usados de Hokkaido\" class=\"size-full\" \/><\/a><figcaption class=\"wp-caption-text\">Associa\u00e7\u00e3o de Vendas de Carros Usados de Hokkaido<\/figcaption><\/figure>\n<h4>Associa\u00e7\u00e3o Cooperativa Comercial de Chienowa (Cidade de Betsukai)<a href=\"https:\/\/chienowa.jp\/\" rel=\"noopener\" target=\"_blank\"><span style=\"color:blue; font-size:14pt; \">P\u00e1gina inicial<\/span><\/a><\/h4>\n<p>Somos uma fazenda leiteira localizada na cidade de Betsukai. Venha experimentar nossos deliciosos pudins e sorvetes. Esperamos que voc\u00ea apoie nossa produ\u00e7\u00e3o leiteira consumindo seu leite favorito todos os dias.<\/p>\n<figure class=\"wp-caption aligncenter\"><a href=\"https:\/\/photos.google.com\/share\/AF1QipO3FvUPvE0NpfT7opFBQN9YYu3GBjFv0HAoHZsqMY4sOGratv59zFnYabJK2LI3pA\/photo\/AF1QipO0cxuDETXYne7ErAxxTXddNC4KTVpkM28TiCI?key=RUpnV0Q3RGhXeGs4dTRLTW1takpwalNuc2lUcVdB\" target=\"_blank\" rel=\"noopener\"><img decoding=\"async\" src=\"https:\/\/lh3.googleusercontent.com\/pw\/AL9nZEW1V-dYYT_EqE6UL194J4pot3eQR8t2hrZWgVMLzEgCr4cj2_EsglL8UruvBcwGLpaNFJsQIS3ERKIxGIJBWnj161AJaSQPRjlBa50hc-PDo0c4sBSOZp8u8qtixJHF6tMnKxNIFLbLMvT2p-QJrvUl=w2000-h1500-no?authuser=0\" width=\"2000\" height=\"1500\" alt=\"Associa\u00e7\u00e3o Cooperativa Comercial de Chienowa\" class=\"size-full\" \/><\/a><figcaption class=\"wp-caption-text\">Associa\u00e7\u00e3o Cooperativa Comercial de Chienowa<\/figcaption><\/figure>\n<h4>Associa\u00e7\u00e3o Cooperativa de Turismo e Neg\u00f3cios de Shiraoi (Cidade de Shiraoi)<a href=\"http:\/\/shiraoi-tourism-and-commerce-co-op.com\/\" rel=\"noopener\" target=\"_blank\"><span style=\"color:blue; font-size:14pt; \">P\u00e1gina inicial<\/span><\/a><\/h4>\n<p>Antes, eles faziam neg\u00f3cios em um espa\u00e7o chamado Shiraoi Mintara, mas com a inaugura\u00e7\u00e3o do &quot;Upopoy (Espa\u00e7o Simb\u00f3lico de Reabilita\u00e7\u00e3o \u00c9tnica)&quot; de Shiraoi em 2020, eles abriram um caf\u00e9 e uma loja no mesmo local e agora est\u00e3o em funcionamento.<\/p>\n<p>Haver\u00e1 uma grande variedade de artesanato Ainu em exposi\u00e7\u00e3o, por isso esperamos que voc\u00ea goste de toc\u00e1-lo e aprender sobre a hist\u00f3ria e a cultura Ainu.<\/p>\n<figure class=\"wp-caption aligncenter\"><a href=\"https:\/\/photos.google.com\/share\/AF1QipO3FvUPvE0NpfT7opFBQN9YYu3GBjFv0HAoHZsqMY4sOGratv59zFnYabJK2LI3pA\/photo\/AF1QipPeqCxRvpD5RrKTlFvyc9Tvauj6I6nX72U026k?key=RUpnV0Q3RGhXeGs4dTRLTW1takpwalNuc2lUcVdB\" target=\"_blank\" rel=\"noopener\"><img decoding=\"async\" src=\"https:\/\/lh3.googleusercontent.com\/pw\/AL9nZEXGam0OtRgHLaALzkIRzr2__fbqW3dkZlctaNfFk2OiaQwcLUqEaXqYZnPRF7znJdmRBxTAxb49H4gqW5P1qY6JReMHCIkNXB3H0H0dHD_OCmSbiv3scMJqmmVBXfWdC8LUqWOFhlT5LExg-UyAfkry=w2000-h1500-no?authuser=0\" width=\"2000\" height=\"1500\" alt=\"Associa\u00e7\u00e3o Cooperativa de Turismo e Neg\u00f3cios de Shiraoi\" class=\"size-full\" \/><\/a><figcaption class=\"wp-caption-text\">Associa\u00e7\u00e3o Cooperativa de Turismo e Neg\u00f3cios de Shiraoi<\/figcaption><\/figure>\n<h4>Associa\u00e7\u00e3o Comercial da Esta\u00e7\u00e3o de Hakodate (Cidade de Hakodate)<a href=\"https:\/\/asaichi-ekini.com\/union\/\" rel=\"noopener\" target=\"_blank\"><span style=\"color:blue; font-size:14pt; \">P\u00e1gina inicial<\/span><\/a><\/h4>\n<p>Hakodate \u00e9 rica em frutos do mar e famosa por seu Mercado Matinal de Hakodate. A maioria dos lojistas tem fortes la\u00e7os com a comunidade local, ent\u00e3o esperamos que voc\u00ea fa\u00e7a uma visita, conhe\u00e7a seus rostos e ou\u00e7a suas hist\u00f3rias sobre a regi\u00e3o enquanto escolhe alguns produtos.<\/p>\n<figure class=\"wp-caption aligncenter\"><a href=\"https:\/\/photos.google.com\/share\/AF1QipO3FvUPvE0NpfT7opFBQN9YYu3GBjFv0HAoHZsqMY4sOGratv59zFnYabJK2LI3pA\/photo\/AF1QipOdyE43zk580jtV1SwkbAseg6JWQ5U9434-05s?key=RUpnV0Q3RGhXeGs4dTRLTW1takpwalNuc2lUcVdB\" target=\"_blank\" rel=\"noopener\"><img decoding=\"async\" src=\"https:\/\/lh3.googleusercontent.com\/pw\/AL9nZEWi-tAgXQCcEuYItaFL1xREnRZGVvMDzwAtPm-L45b4gEa-nmO1mhcKmZQfNKSqa9HrX5IPFuM4QKIcjHut-WDrFC4YhygWVwQCZvM3rbBy_bWdQrVttukVQICgFw1NLncBbDp87NX-KX_k-iyuMnKt=w2000-h1500-no?authuser=0\" width=\"2000\" height=\"1500\" alt=\"Associa\u00e7\u00e3o Comercial da Esta\u00e7\u00e3o Hakodate\" class=\"size-full\" \/><\/a><figcaption class=\"wp-caption-text\">Associa\u00e7\u00e3o Comercial da Esta\u00e7\u00e3o Hakodate<\/figcaption><\/figure>\n<h4>Associa\u00e7\u00e3o Empresarial do Grupo de Bem-Estar (Cidade de Kushiro)<a href=\"https:\/\/kusirowannko.wixsite.com\/walfaregroup\" rel=\"noopener\" target=\"_blank\"><span style=\"color:blue; font-size:14pt; \">P\u00e1gina inicial<\/span><\/a><\/h4>\n<p>Na cidade de Kushiro, eles organizaram um sindicato que oferece oportunidades de emprego para pessoas com defici\u00eancia f\u00edsica, al\u00e9m de produzirem e venderem produtos artesanais. Eles contribuem para a comunidade local. Esperamos que voc\u00ea adquira um de nossos produtos pensando nas pessoas que o fizeram.<\/p>\n<figure class=\"wp-caption aligncenter\"><a href=\"https:\/\/photos.google.com\/share\/AF1QipO3FvUPvE0NpfT7opFBQN9YYu3GBjFv0HAoHZsqMY4sOGratv59zFnYabJK2LI3pA\/photo\/AF1QipOhtRBAxg0LApZIm73zRw5_kxTdzyWlAWtgvZA?key=RUpnV0Q3RGhXeGs4dTRLTW1takpwalNuc2lUcVdB\" target=\"_blank\" rel=\"noopener\"><img decoding=\"async\" src=\"https:\/\/lh3.googleusercontent.com\/pw\/AL9nZEUhSNiNYp--dbGsrt9i29V-MLyZkFoLORZEK2I1-R_8A_ymtfcD6UgoVttBupPl3uCWvLsDc9g1ekN1pjs-68C6ta_hDYlSku4IqHO3_8MIvX-S2az7ASDg6PRJ3uMi-zRKBk45tLbKrvBejAnNTOj5=w2000-h1500-no?authuser=0\" width=\"2000\" height=\"1500\" alt=\"Grupo de Bem-Estar Sindical Empresarial\" class=\"size-full\" \/><\/a><figcaption class=\"wp-caption-text\">Grupo de Bem-Estar Sindical Empresarial<\/figcaption><\/figure>\n<h4>Associa\u00e7\u00e3o Cooperativa da Ind\u00fastria de Encanamento da Cidade de Sapporo (Cidade de Sapporo)<a href=\"https:\/\/www.sakkankyo.or.jp\/\" rel=\"noopener\" target=\"_blank\"><span style=\"color:blue; font-size:14pt; \">P\u00e1gina inicial<\/span><\/a><\/h4>\n<p>Estamos envolvidos no setor de abastecimento de \u00e1gua, um servi\u00e7o essencial para o nosso dia a dia. Trabalhamos para proteger a nossa vida cotidiana. Tamb\u00e9m estamos nos preparando para fornecer \u00e1gua emergencial em caso de desastre e para responder a desastres causados por fortes nevascas. Esperamos que voc\u00ea receba informa\u00e7\u00f5es importantes para o seu cotidiano, incluindo informa\u00e7\u00f5es sobre coopera\u00e7\u00e3o em caso de desastre.<\/p>\n<figure class=\"wp-caption aligncenter\"><a href=\"https:\/\/photos.google.com\/share\/AF1QipO3FvUPvE0NpfT7opFBQN9YYu3GBjFv0HAoHZsqMY4sOGratv59zFnYabJK2LI3pA\/photo\/AF1QipMOlEvILOlBkYK5hP42W3sI8oKaWBI9wAQc8gU?key=RUpnV0Q3RGhXeGs4dTRLTW1takpwalNuc2lUcVdB\" target=\"_blank\" rel=\"noopener\"><img decoding=\"async\" src=\"https:\/\/lh3.googleusercontent.com\/pw\/AL9nZEWo3JThxtFXj6SpDpMNeUfz8GdZdkplTJDYBkeEh-mIUS5cdgKn1I2ObmhzJ-jBWe8C8M684ddy9hph2vBSj5RMqblNal-YO6mrOZMmSz08gk-m4D0-xw8AZjcK0n3A1JA5q5ZkDIDrE-gQVhwW0lWF=w2000-h1500-no?authuser=0\" width=\"2000\" height=\"1500\" alt=\"Associa\u00e7\u00e3o Cooperativa da Ind\u00fastria de Encanamento da Cidade de Sapporo\" class=\"size-full\" \/><\/a><figcaption class=\"wp-caption-text\">Associa\u00e7\u00e3o Cooperativa da Ind\u00fastria de Encanamento da Cidade de Sapporo<\/figcaption><\/figure>\n<h4>Associa\u00e7\u00e3o Cooperativa de Comerciantes de Flores de Hokkaido (Cidade de Sapporo)<a href=\"https:\/\/www.houjinbank.com\/corporations\/detail\/0742005000347\" rel=\"noopener\" target=\"_blank\"><span style=\"color:blue; font-size:14pt; \">P\u00e1gina de refer\u00eancia<\/span><\/a><\/h4>\n<p>Espero que, ao ter flores em sua vida, voc\u00ea possa enriquecer e desfrutar do seu dia a dia. Quanto mais belas as flores, mais \u00e1rduo \u00e9 o trabalho envolvido em sua cria\u00e7\u00e3o. Espero que voc\u00ea aprecie n\u00e3o apenas a eleg\u00e2ncia dessas belas flores, mas tamb\u00e9m o esfor\u00e7o acumulado em sua produ\u00e7\u00e3o.<\/p>\n<figure class=\"wp-caption aligncenter\"><a href=\"https:\/\/photos.google.com\/share\/AF1QipO3FvUPvE0NpfT7opFBQN9YYu3GBjFv0HAoHZsqMY4sOGratv59zFnYabJK2LI3pA\/photo\/AF1QipPDZ07gZy6IHyNoqX7ohhAjTwiWbKFlj1Ky3RY?key=RUpnV0Q3RGhXeGs4dTRLTW1takpwalNuc2lUcVdB\" target=\"_blank\" rel=\"noopener\"><img decoding=\"async\" src=\"https:\/\/lh3.googleusercontent.com\/pw\/AL9nZEXs124ODzjLgLo0HA1GAbniem9-FVY8MPCe-NZ_sK3k_nvjsU0zTw3QtR-Z1TyfeIwdu6SSVaepFcGftqI0GtgwDbgXx8a50EtGoBpjShcM7Cc0bWPmuhARI_J594KItVAvyIGVj3cDgeF4Wb4DPDIN=w2000-h1500-no?authuser=0\" width=\"2000\" height=\"1500\" alt=\"Associa\u00e7\u00e3o Cooperativa de Comerciantes de Flores de Hokkaido\" class=\"size-full\" \/><\/a><figcaption class=\"wp-caption-text\">Associa\u00e7\u00e3o Cooperativa de Comerciantes de Flores de Hokkaido<\/figcaption><\/figure>\n<h4>Associa\u00e7\u00e3o de Promo\u00e7\u00e3o de Eventos de Hokkaido (Cidade de Sapporo)<a href=\"http:\/\/hepc.or.jp\/\" rel=\"noopener\" target=\"_blank\"><span style=\"color:blue; font-size:14pt; \">P\u00e1gina inicial<\/span><\/a><\/h4>\n<figure class=\"wp-caption aligncenter\"><a href=\"https:\/\/photos.google.com\/share\/AF1QipO3FvUPvE0NpfT7opFBQN9YYu3GBjFv0HAoHZsqMY4sOGratv59zFnYabJK2LI3pA\/photo\/AF1QipNW793nM23qc-QSGeIDS7_RW08LMO5ax9JGUAk?key=RUpnV0Q3RGhXeGs4dTRLTW1takpwalNuc2lUcVdB\" target=\"_blank\" rel=\"noopener\"><img decoding=\"async\" src=\"https:\/\/lh3.googleusercontent.com\/pw\/AL9nZEXxWRV7Q-Cg9X-Yl2BEtHPlZ_LUlJIvuAat37lGq9dhEDi4Er0_5l5P3p7MMRYqKGFc6JF2gJJPbiNZ7zKm7-F4tSz-jg9SqeoWI0Kk11fOGBP_erWgM1x212t12D7o53QY6zCAp8M404Op1YAmlVQy=w2000-h1500-no?authuser=0\" width=\"2000\" height=\"1500\" alt=\"Associa\u00e7\u00e3o de Promo\u00e7\u00e3o de Eventos de Hokkaido\" class=\"size-full\" \/><\/a><figcaption class=\"wp-caption-text\">Associa\u00e7\u00e3o de Promo\u00e7\u00e3o de Eventos de Hokkaido<\/figcaption><\/figure>\n<p>Ao organizarmos este primeiro evento, recebemos orienta\u00e7\u00e3o e apoio da Associa\u00e7\u00e3o de Promo\u00e7\u00e3o de Eventos, que compartilhou seu conhecimento e experi\u00eancia. Esperamos realizar diversos outros eventos no futuro e, por isso, agradecemos seu apoio cont\u00ednuo.<\/p>\n<p>As 14 associa\u00e7\u00f5es participantes trabalham arduamente todos os dias para realizar atividades comunit\u00e1rias que protegem a vida dos cidad\u00e3os locais, por isso agradecer\u00edamos seu apoio cont\u00ednuo no futuro. Aproveite o tempo que lhe resta para desfrutar de uma boa conversa!&quot;, disse Nakajo.<\/p>\n<h4>Espa\u00e7o da loteria administrado pela equipe da Associa\u00e7\u00e3o Central.<\/h4>\n<figure class=\"wp-caption aligncenter\"><a href=\"https:\/\/photos.google.com\/share\/AF1QipO3FvUPvE0NpfT7opFBQN9YYu3GBjFv0HAoHZsqMY4sOGratv59zFnYabJK2LI3pA\/photo\/AF1QipPh-_41JXMR5oReD15a6OHKjRQz5XUyn3zAZHY?key=RUpnV0Q3RGhXeGs4dTRLTW1takpwalNuc2lUcVdB\" target=\"_blank\" rel=\"noopener\"><img decoding=\"async\" src=\"https:\/\/lh3.googleusercontent.com\/pw\/AL9nZEXXV96TDQB-Vv6ucI5OmwnfNvPK5jEDDZe1hg2F2KsVgAU4BIOtCjzioVzjqhcbNe5UoUk2WMi_20IU1dH6oFIXypIX1-AKM6VLCdMa6d-rRFzK3CbzNxdYenw2SeGTw1zYCdLgf81XGPpGqMlFBkg5=w2000-h1500-no?authuser=0\" width=\"2000\" height=\"1500\" alt=\"Question\u00e1rio\" class=\"size-full\" \/><\/a><figcaption class=\"wp-caption-text\">Question\u00e1rio<\/figcaption><\/figure>\n<figure class=\"wp-caption aligncenter\"><a href=\"https:\/\/photos.google.com\/share\/AF1QipO3FvUPvE0NpfT7opFBQN9YYu3GBjFv0HAoHZsqMY4sOGratv59zFnYabJK2LI3pA\/photo\/AF1QipMHR90GBURz4h9Cxht9AZ5WfnHpRuQ6Qq01sb8?key=RUpnV0Q3RGhXeGs4dTRLTW1takpwalNuc2lUcVdB\" target=\"_blank\" rel=\"noopener\"><img decoding=\"async\" src=\"https:\/\/lh3.googleusercontent.com\/pw\/AL9nZEUbF05Eyh8WD38QMqMzQEqYttCbtW7Im60CAxQ-1r0v3LtImOGm4i9ehQWkAZLPHj4uwIZ7Hw1gdwMAAri661AxSrcyMTC865Zu77Db3EAZnREBJCGXNsVXm9oY92BanmoyB3DTf82jeHjwVjBxa5FO=w2000-h1500-no?authuser=0\" width=\"2000\" height=\"1500\" alt=\"Espa\u00e7o da loteria administrado pela equipe da Associa\u00e7\u00e3o Central.\" class=\"size-full\" \/><\/a><figcaption class=\"wp-caption-text\">Espa\u00e7o da loteria administrado pela equipe da Associa\u00e7\u00e3o Central.<\/figcaption><\/figure>\n<figure class=\"wp-caption aligncenter\"><a href=\"https:\/\/photos.google.com\/share\/AF1QipO3FvUPvE0NpfT7opFBQN9YYu3GBjFv0HAoHZsqMY4sOGratv59zFnYabJK2LI3pA\/photo\/AF1QipN-v0T74anMH1Q0zqeDheWXxwNFrzNeEgTtKzg?key=RUpnV0Q3RGhXeGs4dTRLTW1takpwalNuc2lUcVdB\" target=\"_blank\" rel=\"noopener\"><img decoding=\"async\" src=\"https:\/\/lh3.googleusercontent.com\/pw\/AL9nZEVYKtMKxuUT1CRk_nzGExUHdx1cDWgNJBVhWWOeYc-6m-xABYcYgW7gAmNGQEtU_yTulS5jXZXeXkLdYpNgCtho6T9QKW6Umvb3d84bbD18D0XUwAukNYZGsjwm7RjPez5_FJYkLHHNaIXk_8LbIFBS=w2000-h1500-no?authuser=0\" width=\"2000\" height=\"1500\" alt=\"&quot;Dorayaki&quot; venceu!\" class=\"size-full\" \/><\/a><figcaption class=\"wp-caption-text\">&quot;Dorayaki&quot; venceu!<\/figcaption><\/figure>\n<h2>Considera\u00e7\u00f5es finais: Makoto Karame, Secret\u00e1rio-Geral da Federa\u00e7\u00e3o de Associa\u00e7\u00f5es de Pequenas e M\u00e9dias Empresas de Hokkaido.<\/h2>\n<figure class=\"wp-caption aligncenter\"><a href=\"https:\/\/photos.google.com\/share\/AF1QipO3FvUPvE0NpfT7opFBQN9YYu3GBjFv0HAoHZsqMY4sOGratv59zFnYabJK2LI3pA\/photo\/AF1QipMR9y9ddtcEF_gS_cSGBi40I1DdA21uvAPR6OY?key=RUpnV0Q3RGhXeGs4dTRLTW1takpwalNuc2lUcVdB\" target=\"_blank\" rel=\"noopener\"><img decoding=\"async\" src=\"https:\/\/lh3.googleusercontent.com\/pw\/AL9nZEUhNYtteDSScjFgzUfXRFB6Er7iyPz-2PwbcKgmF4LPF3NMsuGdagmwdDDBfjAunmBG5K9RBYcp9_-Vs7yKrwGw8lKu9kNkvNHa6bqyIuYBDdjXHQoEw0BpRBb_bKGtXZR0BRhGbwe4dyLuKq6mVD0y=w2000-h1500-no?authuser=0\" width=\"2000\" height=\"1500\" alt=\"Reuni\u00e3o de Encerramento\" class=\"size-full\" \/><\/a><figcaption class=\"wp-caption-text\">Reuni\u00e3o de Encerramento<\/figcaption><\/figure>\n<figure class=\"wp-caption aligncenter\"><a href=\"https:\/\/photos.google.com\/share\/AF1QipO3FvUPvE0NpfT7opFBQN9YYu3GBjFv0HAoHZsqMY4sOGratv59zFnYabJK2LI3pA\/photo\/AF1QipNunSJthm4-Xa9hEBpXa7646E_MFHh2KEIUwfg?key=RUpnV0Q3RGhXeGs4dTRLTW1takpwalNuc2lUcVdB\" target=\"_blank\" rel=\"noopener\"><img decoding=\"async\" src=\"https:\/\/lh3.googleusercontent.com\/pw\/AL9nZEUP8sYBccK6LawnCGQvonyfSzbOiYWBq__25swYijNBbztSnRygqVnWekK1G1VXJrkuv_1ZNgY79n3egMT9oSaISH_JZt2LPdCgQwZ9cWt2aP-gzUcHMolDiI_KaGATmRMOan4A3FTnFQiczEIuJVJx=w1712-h1284-no?authuser=0\" width=\"1712\" height=\"1284\" alt=\"Makoto Karame, Secret\u00e1rio-Geral da Federa\u00e7\u00e3o de Associa\u00e7\u00f5es de Pequenas e M\u00e9dias Empresas de Hokkaido\" class=\"size-full\" \/><\/a><figcaption class=\"wp-caption-text\">Makoto Karame, Secret\u00e1rio-Geral da Federa\u00e7\u00e3o de Associa\u00e7\u00f5es de Pequenas e M\u00e9dias Empresas de Hokkaido<\/figcaption><\/figure>\n<p>&quot;Agradecemos o trabalho \u00e1rduo de todos! Ao longo dos dois dias, tivemos muito mais gente do que esper\u00e1vamos. Gra\u00e7as \u00e0 colabora\u00e7\u00e3o de todos, conseguimos realizar um evento maravilhoso. Muito obrigado.&quot;<\/p>\n<p>Recebemos 570 respostas \u00e0 pesquisa sobre o evento de colecionismo de selos durante os dois dias do evento. Gostar\u00edamos de apresentar algumas delas aqui.<br \/>\n\u3000<\/p>\n<ul>\n<li>Fiquei feliz por poder comprar uma variedade de itens.<\/li>\n<li>Eu me diverti aprendendo<\/li>\n<li>As explica\u00e7\u00f5es dadas pelos funcion\u00e1rios em cada estande foram completas e \u00fateis.<\/li>\n<li>Foi bom conhecer um grupo que eu n\u00e3o conhecia.<\/li>\n<li>Quero participar novamente na pr\u00f3xima vez.<\/li>\n<li>Foi divertido vivenciar isso.<\/li>\n<li>Fiquei contente por obter informa\u00e7\u00f5es que n\u00e3o conseguiria obter \u00e0 dist\u00e2ncia.<\/li>\n<\/ul>\n<p>Recebemos diversas opini\u00f5es, tais como:<\/p>\n<p>O objetivo deste evento era divulgar amplamente informa\u00e7\u00f5es sobre cooperativas enraizadas em comunidades locais de Hokkaido e que est\u00e3o trabalhando arduamente. Acredito que conseguimos atingir nosso objetivo inicial.<\/p>\n<p>Contudo, como esta foi nossa primeira tentativa, entendemos que houve muitos contratempos. Com base nessa experi\u00eancia, gostar\u00edamos de prosseguir com o planejamento do segundo evento no pr\u00f3ximo ano. Continuaremos nos preparando para que este seja um evento gratificante, por isso esperamos que voc\u00ea participe dos pr\u00f3ximos eventos.<\/p>\n<p>Para concluir, desejo ao seu sindicato sucesso cont\u00ednuo e boa sa\u00fade a todos os membros da equipe.<\/p>\n<p>O Secret\u00e1rio-Geral Karame expressou sua gratid\u00e3o dizendo: &quot;Muito obrigado a todos pelos \u00faltimos dois dias!&quot;<\/p>\n<figure class=\"wp-caption aligncenter\"><a href=\"https:\/\/photos.google.com\/share\/AF1QipO3FvUPvE0NpfT7opFBQN9YYu3GBjFv0HAoHZsqMY4sOGratv59zFnYabJK2LI3pA\/photo\/AF1QipMt5o3HFG_XViWfdCZgw1bdiKJ1DGQXAiu9sPE?key=RUpnV0Q3RGhXeGs4dTRLTW1takpwalNuc2lUcVdB\" target=\"_blank\" rel=\"noopener\"><img decoding=\"async\" src=\"https:\/\/lh3.googleusercontent.com\/pw\/AL9nZEVgM1PmhdYhmYeL8KBY9OoHRm1y8Rsar4MpGr8twDzvKTYDNdRHYVG0mFLw88NsOZ5hPWFF7DLRyRGpDUBaY2tGPxKYIduuYuwfFEET8iMV1QowCT48_9M6bnY6pdXERSd9ji8SbW-sMH0mnP8R1iGX=w2000-h1500-no?authuser=0\/\" width=\"2000\" height=\"1500\" alt=\"Com gratid\u00e3o pelo Festival Kumiai!\" class=\"size-full\" \/><\/a><figcaption class=\"wp-caption-text\">Com gratid\u00e3o pelo Festival Kumiai!<\/figcaption><\/figure>\n<p>Foram dois dias maravilhosos, nos quais pudemos sentir a paix\u00e3o e a energia poderosa das pequenas e m\u00e9dias empresas de Hokkaido, que est\u00e3o enraizadas na comunidade e trabalham arduamente todos os dias, interagindo de perto com a popula\u00e7\u00e3o local.<\/p>\n<p>Sou verdadeiramente grata por ter aprendido sobre as maravilhosas atividades de cada empresa e organiza\u00e7\u00e3o, por compartilhar sua empolga\u00e7\u00e3o e alegria, e pelas conex\u00f5es incr\u00edveis que fiz! Muito obrigada!<br \/>\n\u3000<br \/>\nO &quot;Festival Kumiai&quot; re\u00fane associa\u00e7\u00f5es de pequenas e m\u00e9dias empresas de Hokkaido e utiliza sua energia e paix\u00e3o para promover seus diversos neg\u00f3cios!<br \/>\nEra um espa\u00e7o maravilhoso onde se podia ver, ouvir, interagir e apreciar plenamente os encantos de cada um!<br \/>\nEnviamos nosso amor, gratid\u00e3o e ora\u00e7\u00f5es infinitos ao Festival Kumiai, uma ponte do arco-\u00edris que conecta maravilhosas rela\u00e7\u00f5es entre empresas e pessoas.<br \/>\n\u3000<br \/>\n<figure class=\"wp-caption aligncenter\"><a href=\"https:\/\/photos.google.com\/share\/AF1QipO3FvUPvE0NpfT7opFBQN9YYu3GBjFv0HAoHZsqMY4sOGratv59zFnYabJK2LI3pA\/photo\/AF1QipP1H-ZKCj33tQf37XoGYtyyD3MRvj6MxLekaFM?key=RUpnV0Q3RGhXeGs4dTRLTW1takpwalNuc2lUcVdB\" target=\"_blank\" rel=\"noopener\"><img decoding=\"async\" src=\"https:\/\/lh3.googleusercontent.com\/pw\/AL9nZEXxKorGSYxooGUThzVfYUsQRX8Y-vUzon0BN4IONfBo-zA7PF3YN2lBfCfn7Gp13vy5erK9XeUDzbgKqiL9W3UNXqJkBcCZ-8Dlz_w1F88GzN5_ykvXrX4S0wzmr9SXnTrSNgAqTqMf2Dt3tRv1-hEe=w2000-h1500-no?authuser=0\" width=\"2000\" height=\"1500\" alt=\"Paisagem de outono na Pra\u00e7a Kita 3-jo (Akapla) em Sapporo\" class=\"size-full\" \/><\/a><figcaption class=\"wp-caption-text\">Paisagem de outono na Pra\u00e7a Kita 3-jo (Akapla) em Sapporo<\/figcaption><\/figure>\n<h2>Informa\u00e7\u00f5es sobre o evento est\u00e3o dispon\u00edveis na p\u00e1gina do Facebook &quot;Hokuryu Town Treasures&quot;.<\/h2>\n<p><center><iframe src=\"https:\/\/www.facebook.com\/plugins\/post.php?href=https%3A%2F%2Fwww.facebook.com%2Fhokuryunow%2Fposts%2Fpfbid02zP11VgCZDkEkFAtExVsgzqqUyT3EFMoiwE1QaFzeaHhntGMs1Q4dKFodVmZDtMgbl&#038;show_text=true&#038;width=650\" width=\"650\" height=\"930\" style=\"border:none;overflow:hidden\" scrolling=\"no\" frameborder=\"0\" allowfullscreen=\"true\" allow=\"autoplay; clipboard-write; encrypted-media; picture-in-picture; web-share\"><\/iframe><\/center><\/p>\n<p><center><iframe src=\"https:\/\/www.facebook.com\/plugins\/post.php?href=https%3A%2F%2Fwww.facebook.com%2Fhokuryunow%2Fposts%2Fpfbid0Qvmv4JUhEqj6ozfinNyNp2TyWdATPVv7P1SbdrC4VA94fKQV7mp9Bkwgx5jT7onjl&#038;show_text=true&#038;width=650\" width=\"650\" height=\"956\" style=\"border:none;overflow:hidden\" scrolling=\"no\" frameborder=\"0\" allowfullscreen=\"true\" allow=\"autoplay; clipboard-write; encrypted-media; picture-in-picture; web-share\"><\/iframe><\/center><\/p>\n<p><center><iframe src=\"https:\/\/www.facebook.com\/plugins\/post.php?href=https%3A%2F%2Fwww.facebook.com%2Fhokuryunow%2Fposts%2Fpfbid07cb5AmgzsxRrg8ynPTjegaSG4kAow2PxKk28bov3cuWivcse3X86KxuQeh8LYwuZl&#038;show_text=true&#038;width=650\" width=\"650\" height=\"930\" style=\"border:none;overflow:hidden\" scrolling=\"no\" frameborder=\"0\" allowfullscreen=\"true\" allow=\"autoplay; clipboard-write; encrypted-media; picture-in-picture; web-share\"><\/iframe><\/center><\/p>\n<h2>Outras fotos<\/h2>\n<div class=\"img-move\">\n<img decoding=\"async\" src=\"https:\/\/ehokkaido.net\/wp-content\/uploads\/2021\/12\/2021-12-06-11.41.12.png\" style=\"vertical-align:middle;\"> <a href=\"https:\/\/photos.app.goo.gl\/BbwGoq1CCCa5qncV7\" target=\"_blank\" rel=\"noopener noreferrer\">Fotos (150 fotos) do Festival Kumiai @ Chikaho 2022 (organizado pela Federa\u00e7\u00e3o de Associa\u00e7\u00f5es de Pequenas e M\u00e9dias Empresas de Hokkaido) est\u00e3o dispon\u00edveis aqui &gt;&gt;<\/a><\/div>\n<h2>v\u00eddeos do YouTube<\/h2>\n<div class=\"youtube\"><iframe title=\"A Cooperativa Empresarial Kurosengoku (Cidade de Hokuryu, Hokkaido) participar\u00e1 do Festival Kumiai @ Chikaho 2022 (patrocinado pela Federa\u00e7\u00e3o de Associa\u00e7\u00f5es de Pequenas e M\u00e9dias Empresas de Hokkaido)!\" src=\"https:\/\/www.youtube.com\/embed\/q194zQGGKdQ?feature=oembed\" frameborder=\"0\" allow=\"accelerometer; autoplay; clipboard-write; encrypted-media; gyroscope; picture-in-picture\" allowfullscreen><\/iframe><\/div>\n<h2>Artigos e sites relacionados<\/h2>\n\n        <div class=\"site-blogcard-premium\">\n            <div class=\"bc-label-custom\">Artigos relacionados<\/div>\n            <div class=\"bc-flex-container\">\n                <div class=\"bc-main-text\">\n                    <div class=\"bc-title-link-box\">\n                        <a href=\"https:\/\/portal.hokuryu.info\/pt\/25429\/\" target=\"_blank\">https:\/\/portal.hokuryu.info\/25429<\/a>\n                    <\/div>\n                    <div class=\"bc-excerpt-box\">N\u00e3o foi poss\u00edvel recuperar as informa\u00e7\u00f5es da p\u00e1gina.<\/div>\n                <\/div>\n                <div class=\"bc-thumbnail-box\">\n                    <a href=\"https:\/\/portal.hokuryu.info\/pt\/25429\/\" target=\"_blank\">\n                        <div class=\"bc-img-zoom-wrap\">\n                            <img decoding=\"async\" src=\"https:\/\/portal.hokuryu.info\/wp\/wp-content\/uploads\/2026\/02\/20230802DSC06445_1.jpg\" alt=\"https:\/\/portal.hokuryu.info\/25429\">\n                        <\/div>\n                    <\/a>\n                <\/div>\n            <\/div>\n        <\/div>\n<div class=\"img-move\">\n<div class=\"sitecard\">\n<div class=\"sitecard__subtitle\"> Associa\u00e7\u00e3o Cooperativa Empresarial Kurosengoku<\/div>\n<div class=\"column column-273\">\n<div class=\"column__item\"><span style=\"font-size:medium\">Os gr\u00e3os de soja Kurosengoku s\u00e3o doces e saborosos, caracterizados pela casca preta e polpa verde. S\u00e3o pequenos superalimentos nutricionalmente equilibrados!<\/span><br \/>\n<span style=\"color: #ff9900\">\u25b6<\/span> <a href=\"https:\/\/kurosengoku.or.jp\/\" target=\"_blank\" rel=\"noopener\"><b style=\"font-size:large\">Loja online gerida diretamente pela Associa\u00e7\u00e3o Cooperativa Empresarial Kurosengoku &gt;&gt;<\/b><\/div>\n<div class=\"column__item\"><img decoding=\"async\" src=\"https:\/\/lh3.googleusercontent.com\/pw\/AM-JKLWNWJFImAmp1PfKwfI58vH_sLgmN8vbY-5K81_DP6Xx1z43KsaIhYalSkj00KRHHCX0P9g69a7fX48J-2WzJBy-pPG5DkIHYkDILY8I4eOL-HGXiW8twsF91oVVPPW_kRFu2FRKL4Plfohni5Y52bLIeQ=w438-h382-no?authuser=0\" alt=\"Associa\u00e7\u00e3o Cooperativa Empresarial Kurosengoku\" \/><\/a><\/div>\n<\/div>\n<\/div>\n<\/div>\n\n\n        <div class=\"site-blogcard-premium\">\n            <div class=\"bc-label-custom\">Artigos relacionados<\/div>\n            <div class=\"bc-flex-container\">\n                <div class=\"bc-main-text\">\n                    <div class=\"bc-title-link-box\">\n                        <a href=\"https:\/\/www.h-chuokai.or.jp\" target=\"_blank\">Federa\u00e7\u00e3o de Associa\u00e7\u00f5es de Pequenas e M\u00e9dias Empresas de Hokkaido<\/a>\n                    <\/div>\n                    <div class=\"bc-excerpt-box\"><\/div>\n                <\/div>\n                <div class=\"bc-thumbnail-box\">\n                    <a href=\"https:\/\/www.h-chuokai.or.jp\" target=\"_blank\">\n                        <div class=\"bc-img-zoom-wrap\">\n                            <img decoding=\"async\" src=\"https:\/\/h-chuokai.or.jp\/wp-content\/uploads\/2023\/02\/\u5317\u6d77\u9053\u4e2d\u5c0f\u4f01\u696d-3-e1677038725129.png\" alt=\"Federa\u00e7\u00e3o de Associa\u00e7\u00f5es de Pequenas e M\u00e9dias Empresas de Hokkaido\">\n                        <\/div>\n                    <\/a>\n                <\/div>\n            <\/div>\n        <\/div>\n<p>\u25c7 Fotografia e edi\u00e7\u00e3o: Noboru Terauchi Entrevista e texto: Ikuko Terauchi<\/p>","protected":false},"excerpt":{"rendered":"<p>\uff12\uff10\uff12\uff12\u5e74\uff11\uff11\u6708\uff12\u65e5\uff08\u6c34\uff09 \uff11\uff10\u6708\uff12\uff19\u65e5\uff08\u571f\uff09\u30fb\uff13\uff10\u65e5\uff08\u65e5\uff09\u306e\uff12\u65e5\u9593\u3001\u672d\u5e4c\u99c5\u524d\u5730\u4e0b\u6b69\u884c\u7a7a\u9593\u30fb\u30c1\u30ab\u30db\u5317\uff13\u6761\u4ea4\u5dee\u70b9\u5e83\u5834\u306b\u3066\u3001\u5317\u6d77\u9053\u4e2d\u5c0f\u4f01\u696d\u56e3\u4f53\u4e2d\u592e\u4f1a\u304c\u4e3b\u50ac\u3059\u308b\u300c\u304f\u307f\u3042\u3044\u796d\u308a\u300d\u304c\u958b\u50ac\u3055\u308c\u307e\u3057\u305f\u3002 \u304f\u307f\u3042\u3044\u796d [&hellip;]<\/p>\n","protected":false},"author":1,"featured_media":25809,"comment_status":"open","ping_status":"open","sticky":false,"template":"","format":"standard","meta":{"footnotes":""},"categories":[4,9],"tags":[],"class_list":["post-25797","post","type-post","status-publish","format-standard","has-post-thumbnail","hentry","category-cover-story","category-kurosengoku"],"_links":{"self":[{"href":"https:\/\/portal.hokuryu.info\/pt\/wp-json\/wp\/v2\/posts\/25797","targetHints":{"allow":["GET"]}}],"collection":[{"href":"https:\/\/portal.hokuryu.info\/pt\/wp-json\/wp\/v2\/posts"}],"about":[{"href":"https:\/\/portal.hokuryu.info\/pt\/wp-json\/wp\/v2\/types\/post"}],"author":[{"embeddable":true,"href":"https:\/\/portal.hokuryu.info\/pt\/wp-json\/wp\/v2\/users\/1"}],"replies":[{"embeddable":true,"href":"https:\/\/portal.hokuryu.info\/pt\/wp-json\/wp\/v2\/comments?post=25797"}],"version-history":[{"count":0,"href":"https:\/\/portal.hokuryu.info\/pt\/wp-json\/wp\/v2\/posts\/25797\/revisions"}],"wp:featuredmedia":[{"embeddable":true,"href":"https:\/\/portal.hokuryu.info\/pt\/wp-json\/wp\/v2\/media\/25809"}],"wp:attachment":[{"href":"https:\/\/portal.hokuryu.info\/pt\/wp-json\/wp\/v2\/media?parent=25797"}],"wp:term":[{"taxonomy":"category","embeddable":true,"href":"https:\/\/portal.hokuryu.info\/pt\/wp-json\/wp\/v2\/categories?post=25797"},{"taxonomy":"post_tag","embeddable":true,"href":"https:\/\/portal.hokuryu.info\/pt\/wp-json\/wp\/v2\/tags?post=25797"}],"curies":[{"name":"wp","href":"https:\/\/api.w.org\/{rel}","templated":true}]}}