{"id":24052,"date":"2022-09-20T06:39:27","date_gmt":"2022-09-19T21:39:27","guid":{"rendered":"https:\/\/portal.hokuryu.info\/?p=24052"},"modified":"2022-09-20T08:22:05","modified_gmt":"2022-09-19T23:22:05","slug":"%e5%8c%97%e3%81%ae%e6%81%b5%e3%81%bf-%e9%a3%9f%e3%81%b9%e3%83%9e%e3%83%ab%e3%82%b7%e3%82%a7-2022%e3%83%bb%e9%a7%85%e3%83%9e%e3%83%ab%e3%82%b7%e3%82%a7%ef%bc%88%e6%97%ad%e5%b7%9d%e5%b8%82%ef%bc%89","status":"publish","type":"post","link":"https:\/\/portal.hokuryu.info\/pt\/24052\/","title":{"rendered":"A Cooperativa Comercial Kurosengoku (Presidente Takada Yukio, da cidade de Hokuryu) ter\u00e1 uma barraca no Northern Blessings Food Marche 2022\/Eki Marche (Cidade de Asahikawa)!"},"content":{"rendered":"<p>Ter\u00e7a-feira, 20 de setembro de 2022<\/p>\n<p>&quot;Northern Blessings Tabe Marche 2022&quot; \u00e9 um festival gastron\u00f4mico de outono que ser\u00e1 realizado na cidade de Asahikawa.<\/p>\n<p>Este ano marca a 11\u00aa edi\u00e7\u00e3o do evento, que ser\u00e1 realizado pela primeira vez em tr\u00eas anos, ao longo de tr\u00eas dias, de 17 de setembro (s\u00e1bado) a 19 de setembro (segunda-feira, feriado nacional). Cerca de 300 lojas estar\u00e3o reunidas no local, que se estende por 1,7 km no centro da cidade!<\/p>\n<ul>\n<li><strong>local:<\/strong>Centro da cidade de Asahikawa (Pra\u00e7a da Esta\u00e7\u00e3o Asahikawa, Heiwadori Shopping Park, Shichijo Greenway)<\/li>\n<li><strong>Organizador:<\/strong>Comit\u00ea Executivo do Mercado de Alimentos Northern Blessings<\/li>\n<li><strong>Organizado em conjunto por:<\/strong>Filial Hokkaido Shimbun Asahikawa<\/li>\n<\/ul>\n<h2>Mercado de Alimentos\/Pra\u00e7a da Esta\u00e7\u00e3o (Pra\u00e7a da Esta\u00e7\u00e3o)<\/h2>\n<p>As barracas participantes estavam alinhadas no Parque Comercial Heiwadori (fotografadas na plataforma da Esta\u00e7\u00e3o Asahikawa).<\/p>\n<figure class=\"wp-caption aligncenter\"><a href=\"https:\/\/photos.google.com\/share\/AF1QipPkS9p0GW8IFHEst3BhUoOcemwpnID2DKveq_HA1PpsisDntPZjU80nKUGsr3kSaw\/photo\/AF1QipM5hmTRQO01hr3j0PjX_UI2v-Ml1L5L2oaWlZA?key=c1RfeEZWRTVsU200OGFlVmZibGNZX2ZoWTBJSTJn\" target=\"_blank\" rel=\"noopener\"><img decoding=\"async\" src=\"https:\/\/lh3.googleusercontent.com\/pw\/AL9nZEVsgBiZOebwLRTJWqsV8qcB8hBNkxeeXqYEsJX2m0ys8tIHrGTqoCRgNYW3-DzBaGYAte4i9ZbeGNS6krwnt9FgOqM1Ai5p5h__Hs0taeaTsQi1bJDB5MjFplXuPrmLGMvyaoROvxu8TDftgz9ikTkP=w2000-h1500-no?authuser=0\" width=\"2000\" height=\"1500\" alt=\"As barracas participantes se alinharam no Parque Comercial Heiwadori.\" class=\"size-full\" \/><\/a><figcaption class=\"wp-caption-text\">As barracas participantes se alinharam no Parque Comercial Heiwadori.<\/figcaption><\/figure>\n<figure class=\"wp-caption aligncenter\"><a href=\"https:\/\/photos.google.com\/share\/AF1QipPkS9p0GW8IFHEst3BhUoOcemwpnID2DKveq_HA1PpsisDntPZjU80nKUGsr3kSaw\/photo\/AF1QipOZiqKiQdjfgCFW_jcyoSmgYk7vmmGeU76NDX4?key=c1RfeEZWRTVsU200OGFlVmZibGNZX2ZoWTBJSTJn\" target=\"_blank\" rel=\"noopener\"><img decoding=\"async\" src=\"https:\/\/lh3.googleusercontent.com\/pw\/AL9nZEVFFOqS40RvX4HZnEh38CxxwJR9qy62haE6fAx-92xw3xo1khldB20p_lFCYohPUV3haCftBWl7fei2289MGL_ILDcZ9-6WkNZq6xvMYTrxvsJthro4jcZzrkqrM-P1PBaTWUY-kp803vZb_gn-qZHm=w2000-h1500-no?authuser=0\" width=\"2000\" height=\"1500\" alt=\"As barracas participantes se alinharam em frente \u00e0 Esta\u00e7\u00e3o Asahikawa.\" class=\"size-full\" \/><\/a><figcaption class=\"wp-caption-text\">As barracas participantes se alinharam em frente \u00e0 Esta\u00e7\u00e3o Asahikawa.<\/figcaption><\/figure>\n<h2>Inaugurou uma loja dentro da esta\u00e7\u00e3o Asahikawa.<\/h2>\n<p>A Associa\u00e7\u00e3o Cooperativa Comercial Kurosengoku (Presidente: Takada Yukio) da cidade de Hokuryu estar\u00e1 com uma barraca no local do evento, dentro da Esta\u00e7\u00e3o Asahikawa!<\/p>\n<p>Nosso estande na Esta\u00e7\u00e3o Asahikawa est\u00e1 localizado no n\u00famero 62, no sagu\u00e3o sul.<\/p>\n<figure class=\"wp-caption aligncenter\"><a href=\"https:\/\/photos.google.com\/share\/AF1QipPkS9p0GW8IFHEst3BhUoOcemwpnID2DKveq_HA1PpsisDntPZjU80nKUGsr3kSaw\/photo\/AF1QipMCid0_R6NHC-xfN1Y8MtgWbpXsZoKjHGMLHJ8?key=c1RfeEZWRTVsU200OGFlVmZibGNZX2ZoWTBJSTJn\" target=\"_blank\" rel=\"noopener\"><img decoding=\"async\" src=\"https:\/\/lh3.googleusercontent.com\/pw\/AL9nZEUW09npdJSAb5ZB7m7D4voyEEGonVdT_L7TUqceYefFNRS0NbNhLvLMJfuYOQWrhr8wRFDKmq6zvyWq-mAKanWOH_riruw9el-h1oEsDYwWrSzw4VxDadVuHEsjA06NZV8iI9r-Myx0xMeWV1Doh5TK=w2000-h1500-no?authuser=0\" width=\"2000\" height=\"1500\" alt=\"Mapa guia do interior da Esta\u00e7\u00e3o Asahikawa\" class=\"size-full\" \/><\/a><figcaption class=\"wp-caption-text\">Mapa guia da esta\u00e7\u00e3o Asahikawa (1)<\/figcaption><\/figure>\n<figure class=\"wp-caption aligncenter\"><a href=\"https:\/\/photos.google.com\/share\/AF1QipPkS9p0GW8IFHEst3BhUoOcemwpnID2DKveq_HA1PpsisDntPZjU80nKUGsr3kSaw\/photo\/AF1QipPfYk4rvhjoDTn9zdnrPeu1ItXayDMZv8I-2cI?key=c1RfeEZWRTVsU200OGFlVmZibGNZX2ZoWTBJSTJn\" target=\"_blank\" rel=\"noopener\"><img decoding=\"async\" src=\"https:\/\/lh3.googleusercontent.com\/pw\/AL9nZEVepyiqSdHOWtpmu0OM4mwHDbPd_ptfCenv04kMUHCpEVbif_U4kaW0K_qFQIagCCOq2L6TOJ-aHNvPqGiY0cB4H6BfMnqtpUALh0rs9ktlVIh8-h9tZJBnV4Cr1sN51v9M57Y8_CtSZgaD2tpBi5_7=w2000-h1500-no?authuser=0\" width=\"2000\" height=\"1500\" alt=\"Mapa guia do interior da Esta\u00e7\u00e3o Asahikawa\" class=\"size-full\" \/><\/a><figcaption class=\"wp-caption-text\">Mapa guia da esta\u00e7\u00e3o Asahikawa (2)<\/figcaption><\/figure>\n<h2>Associa\u00e7\u00e3o Cooperativa Empresarial Kurosengoku<\/h2>\n<figure class=\"wp-caption aligncenter\"><a href=\"https:\/\/photos.google.com\/share\/AF1QipPkS9p0GW8IFHEst3BhUoOcemwpnID2DKveq_HA1PpsisDntPZjU80nKUGsr3kSaw\/photo\/AF1QipNHFCGFnKtE2lq9kpttQm1jndMtw3WBjWOUQbQ?key=c1RfeEZWRTVsU200OGFlVmZibGNZX2ZoWTBJSTJn\" target=\"_blank\" rel=\"noopener\"><img decoding=\"async\" src=\"https:\/\/lh3.googleusercontent.com\/pw\/AL9nZEU-t2n1DLS1VdocZg6eOCUS23GwjZxGqc_C3slA38J5fSJ41TEZdW2K8_wE6f-iYVqQe1Lsg_u7_SJ1FOpau1fC5oYbbJ63cUoUKbtzoS2WFZf5GWMW6T4dsi9YvJtifweN2scrnxRM19168IMFhgwV=w2000-h1500-no?authuser=0\" width=\"2000\" height=\"1500\" alt=\"No estande da Associa\u00e7\u00e3o Cooperativa Comercial de Kurosengoku\" class=\"size-full\" \/><\/a><figcaption class=\"wp-caption-text\">No estande da Associa\u00e7\u00e3o Cooperativa Comercial de Kurosengoku<\/figcaption><\/figure>\n<p>&quot;Esta \u00e9 a primeira marcha na esta\u00e7\u00e3o em tr\u00eas anos. Venham e desfrutem de muito Kurosengoku nutritivo e delicioso. Aguardamos voc\u00eas&quot;, disse o sorridente presidente Takada Yukio.<\/p>\n<h3>Diversos produtos de soja Kurosengoku<\/h3>\n<p>O estande contar\u00e1 com uma ampla variedade de produtos, incluindo soja Kurosengoku, kinako Kurosengoku (farinha de soja torrada), donburi Kurosengoku, flocos Kurosengoku, carne de soja Kurosengoku, ch\u00e1 Kurosengoku, conjuntos de arroz com feij\u00e3o Kurosengoku, molho para salada Kurosengoku, \u00f3leo de girassol e muito mais.<\/p>\n<figure class=\"wp-caption aligncenter\"><a href=\"https:\/\/photos.google.com\/share\/AF1QipPkS9p0GW8IFHEst3BhUoOcemwpnID2DKveq_HA1PpsisDntPZjU80nKUGsr3kSaw\/photo\/AF1QipNi89FSK07pfi5zpdxjAF1eeaB6osS6UHU9JF4?key=c1RfeEZWRTVsU200OGFlVmZibGNZX2ZoWTBJSTJn\" target=\"_blank\" rel=\"noopener\"><img decoding=\"async\" src=\"https:\/\/lh3.googleusercontent.com\/pw\/AL9nZEWOD44wsHI1NhfItmtGAfgST2ilDz__WgYyLowa-Loroev0xkUUPb5DNo6hamj2MUBnGBHL6YspBB5UDWsTeHEDF-CsvKBWjcF99bz6UxyYOWyiHg6brT1a3yjlmgR9zMmc4pi7MlBALOyIwDW9zDyy=w2000-h1500-no?authuser=0\" width=\"2000\" height=\"1500\" alt=\"V\u00e1rios tipos de soja Kurosengoku\" class=\"size-full\" \/><\/a><figcaption class=\"wp-caption-text\">V\u00e1rios tipos de soja Kurosengoku<\/figcaption><\/figure>\n<h3>\u00d3leo de girassol, molhos para salada, etc.<\/h3>\n<figure class=\"wp-caption aligncenter\"><a href=\"https:\/\/photos.google.com\/share\/AF1QipPkS9p0GW8IFHEst3BhUoOcemwpnID2DKveq_HA1PpsisDntPZjU80nKUGsr3kSaw\/photo\/AF1QipPY2EzSHCSd0REflz9VE8rb_lK3bhCB0f2gDDs?key=c1RfeEZWRTVsU200OGFlVmZibGNZX2ZoWTBJSTJn\" target=\"_blank\" rel=\"noopener\"><img decoding=\"async\" src=\"https:\/\/lh3.googleusercontent.com\/pw\/AL9nZEVkLOPKgN_uf1_L7LzqRGTTaUQ4laaS9wbX-MkyoafczGSjY9y4_T6rnv4YWG3QKQuajxP4WSPqb3n6JtoNCJf2wUNga_i7FJXnhNGP9kkdtItAlmDRq285g4QtXbCmgdci22GsHPCl0VfIEqSQm2Fx=w2000-h1500-no?authuser=0\" width=\"2000\" height=\"1500\" alt=\"\u00d3leo de girassol, molhos para salada, etc.\" class=\"size-full\" \/><\/a><figcaption class=\"wp-caption-text\">\u00d3leo de girassol, molhos para salada, etc.<\/figcaption><\/figure>\n<h3>Carne de soja Kurosengoku<\/h3>\n<p>Carne de soja Kurosengoku (feita atrav\u00e9s da extra\u00e7\u00e3o do \u00f3leo da soja Kurosengoku, seguida de aquecimento, prensagem e secagem em altas temperaturas). H\u00e1 cartazes em exposi\u00e7\u00e3o com instru\u00e7\u00f5es detalhadas sobre como prepar\u00e1-la, como preparar a soja Kurosengoku e receitas originais.<\/p>\n<figure class=\"wp-caption aligncenter\"><a href=\"https:\/\/photos.google.com\/share\/AF1QipPkS9p0GW8IFHEst3BhUoOcemwpnID2DKveq_HA1PpsisDntPZjU80nKUGsr3kSaw\/photo\/AF1QipOpigJvDM1Wa7M6DzzfVGLEO_HxpaeYQJGuZtM?key=c1RfeEZWRTVsU200OGFlVmZibGNZX2ZoWTBJSTJn\" target=\"_blank\" rel=\"noopener\"><img decoding=\"async\" src=\"https:\/\/lh3.googleusercontent.com\/pw\/AL9nZEVlSBTSHoAEJONYH06oY8E15bW7lHoSTWigtdXm6-MoYSGddY8lvtrGLM8fkrKWgLD7m_fAx7AO0oVrMSz0iSnmXg4Mib97P-O4V119ej2--OqaIaB50QFbC3d5DCEPznwjn4MalKPGZlcJcF6Y94cX=w2000-h1500-no?authuser=0\" width=\"2000\" height=\"1500\" alt=\"Polpa de soja Kurosengoku (\u00f3leo extra\u00eddo de soja Kurosengoku, aquecido e pressurizado, e seco a alta temperatura)\" class=\"size-full\" \/><\/a><figcaption class=\"wp-caption-text\">Polpa de soja Kurosengoku (\u00f3leo extra\u00eddo de soja Kurosengoku, aquecido e pressurizado, e seco a alta temperatura)<\/figcaption><\/figure>\n<h4>Receita de Carne de Soja Kurosengoku (Exemplos de Preparo e Cozimento)<\/h4>\n<figure class=\"wp-caption aligncenter\"><a href=\"https:\/\/photos.google.com\/share\/AF1QipPkS9p0GW8IFHEst3BhUoOcemwpnID2DKveq_HA1PpsisDntPZjU80nKUGsr3kSaw\/photo\/AF1QipOHDTyGhgemC_qSI-EOgL9PbzRUETL0NpEbNT8?key=c1RfeEZWRTVsU200OGFlVmZibGNZX2ZoWTBJSTJn\" target=\"_blank\" rel=\"noopener\"><img decoding=\"async\" src=\"https:\/\/lh3.googleusercontent.com\/pw\/AL9nZEXwAZSXXR91PBokm0bbDzWa9bVpJdD3nbB4e9RD1lpRuzwOb63kczHe9s_u6lPDiEfNU8C4mMQ3Et8Fr8vJP8uyYSvAZuiaDxkrURuBKy9_qkOiINTkbxlYeJ_gAX4yO269vrAYA1DydkkoMBjxV1yH=w2000-h1500-no?authuser=0\" width=\"2000\" height=\"1500\" alt=\"Exemplo de preparo e cozimento de carne de soja Kurosengoku\" class=\"size-full\" \/><\/a><figcaption class=\"wp-caption-text\">Exemplo de preparo e cozimento de carne de soja Kurosengoku<\/figcaption><\/figure>\n<h3>Molho de soja e girassol Kurosengoku, \u00f3leo de girassol<\/h3>\n<p>Caracter\u00edsticas, usos e m\u00e9todos de consumo do molho de \u00f3leo de girassol e soja Kurosengoku, do \u00f3leo de girassol de primeira prensagem e do \u00f3leo de girassol Sansan!<\/p>\n<figure class=\"wp-caption aligncenter\"><a href=\"https:\/\/photos.google.com\/share\/AF1QipPkS9p0GW8IFHEst3BhUoOcemwpnID2DKveq_HA1PpsisDntPZjU80nKUGsr3kSaw\/photo\/AF1QipOAWcZyARf9wJTCCqyDE8BOVvGYivkc3oRntb4?key=c1RfeEZWRTVsU200OGFlVmZibGNZX2ZoWTBJSTJn\" target=\"_blank\" rel=\"noopener\"><img decoding=\"async\" src=\"https:\/\/lh3.googleusercontent.com\/pw\/AL9nZEXZ6s3s-lOg22a2ezi-Uad3eZ4KuYXkxgUHl-TBgGaT5--XHRgTuPdJcbXDn2DT48huWGK8C0UBGmXCm6qyxYU6ggxzQxtMeGHvvX9hGk15Jj6CjxA9tMEVTQZKapk28hKXtyzb9kMzEYtb0sddqlMR=w2000-h1500-no?authuser=0\" width=\"2000\" height=\"1500\" alt=\"v\u00e1rios \u00f3leos de girassol\" class=\"size-full\" \/><\/a><figcaption class=\"wp-caption-text\">v\u00e1rios \u00f3leos de girassol<\/figcaption><\/figure>\n<h2>Com a equipe do Banco Kita Sorachi Shinkin<\/h2>\n<figure class=\"wp-caption aligncenter\"><a href=\"https:\/\/photos.google.com\/share\/AF1QipPkS9p0GW8IFHEst3BhUoOcemwpnID2DKveq_HA1PpsisDntPZjU80nKUGsr3kSaw\/photo\/AF1QipOqShpvfEq3JIeAB8j9GtG_H5kJAqz35UtUuhU?key=c1RfeEZWRTVsU200OGFlVmZibGNZX2ZoWTBJSTJn\" target=\"_blank\" rel=\"noopener\"><img decoding=\"async\" src=\"https:\/\/lh3.googleusercontent.com\/pw\/AL9nZEVE-qLKJHABFxrTZKZD1O7yJ9aN9C8Q27xREfwkADxFOTfZ82tuGpB9kMlBgXj_XNWYqrZyjuc19ysw7luua11x2CeH1Er_9e-HmpnazhqwcMov8MPGX_CMoWxidqdi8CV7p9dsw7FvqSv-O5xhwVoT=w2000-h1500-no?authuser=0\" width=\"2000\" height=\"1500\" alt=\"Com a equipe do Banco Kita Sorachi Shinkin\" class=\"size-full\" \/><\/a><figcaption class=\"wp-caption-text\">Com a equipe do Banco Kita Sorachi Shinkin<\/figcaption><\/figure>\n<p>O presidente Takada e os demais funcion\u00e1rios estavam presentes, com sorrisos no rosto!<br \/>\nSou muito grata por este encontro maravilhoso com a nutritiva e deliciosa soja Kurosengoku!!!<\/p>\n<h2>O presidente Yukio Takada conversa com os clientes sobre o apelo da soja Kurosengoku.<\/h2>\n<figure class=\"wp-caption aligncenter\"><a href=\"https:\/\/photos.google.com\/share\/AF1QipPkS9p0GW8IFHEst3BhUoOcemwpnID2DKveq_HA1PpsisDntPZjU80nKUGsr3kSaw\/photo\/AF1QipNj1dDiuviWsaFrY2sNr3RadapS1klTE2RlbNU?key=c1RfeEZWRTVsU200OGFlVmZibGNZX2ZoWTBJSTJn\" target=\"_blank\" rel=\"noopener\"><img decoding=\"async\" src=\"https:\/\/lh3.googleusercontent.com\/pw\/AL9nZEWwahEKnjdI3x2dFW1WlkSx4-CTEUT3_WOrLbYJNfKpfX4_A4fEhEpTyHermKuHNyz3iPi7gi_r5wgDsMt_salHhxtCdGUySlMik3LxaVNwL3pRg5Ge-HIBea7d_NS2SF3V1QlnoGeHxn3t-gnqJeJV=w2000-h1500-no?authuser=0\" width=\"2000\" height=\"1500\" alt=\"O presidente Takada explica o apelo da soja Kurosengoku.\" class=\"size-full\" \/><\/a><figcaption class=\"wp-caption-text\">O presidente Takada explica o apelo da soja Kurosengoku.<\/figcaption><\/figure>\n<h3>Fui atra\u00eddo pelo estande da Kurosengoku...<\/h3>\n<figure class=\"wp-caption aligncenter\"><a href=\"https:\/\/photos.google.com\/share\/AF1QipPkS9p0GW8IFHEst3BhUoOcemwpnID2DKveq_HA1PpsisDntPZjU80nKUGsr3kSaw\/photo\/AF1QipNPEQnB3EJXaJebtgXqhK-IC302U-d8-pFp358?key=c1RfeEZWRTVsU200OGFlVmZibGNZX2ZoWTBJSTJn\" target=\"_blank\" rel=\"noopener\"><img decoding=\"async\" src=\"https:\/\/lh3.googleusercontent.com\/pw\/AL9nZEWm1DSRJMlA_KiylTQr2dpCfQcF0S2Ry4G2vt7IQWSBqIPahF48o5PO27frQFoDVWrwbrNLexwDVKRIFBwPRHiII9la0s8EiPxOovwF73dlGbU-t4u91lvVLKcYSWGee4GVYUxaA-U3VnCIkHjE6tqW=w2000-h1500-no?authuser=0\" width=\"2000\" height=\"1500\" alt=\"Fui atra\u00eddo pelo estande da Kurosengoku...\" class=\"size-full\" \/><\/a><figcaption class=\"wp-caption-text\">Fui atra\u00eddo pelo estande da Kurosengoku...<\/figcaption><\/figure>\n<h2>Um mercado de esta\u00e7\u00e3o onde muitas pessoas se re\u00fanem.<\/h2>\n<figure class=\"wp-caption aligncenter\"><a href=\"https:\/\/photos.google.com\/share\/AF1QipPkS9p0GW8IFHEst3BhUoOcemwpnID2DKveq_HA1PpsisDntPZjU80nKUGsr3kSaw\/photo\/AF1QipM4qAnXaGdqg72AAtUv6VCjY4DeGYeEVawE2HM?key=c1RfeEZWRTVsU200OGFlVmZibGNZX2ZoWTBJSTJn\" target=\"_blank\" rel=\"noopener\"><img decoding=\"async\" src=\"https:\/\/lh3.googleusercontent.com\/pw\/AL9nZEWpDQx16L8FfxEUkuYpG3gso3rqRIvIVrNn5NBzKZljGOb-IeaNyDdIH9V_wXfhK-ggTie5pGLfGgjDmUIjphdQJrz5aJvFrgmqfk9_62qWkkQ-fb8oHT7HN7AWPraiSxaf3BKMCnRGH4oNDUDLqCaE=w2000-h1500-no?authuser=0\" width=\"2000\" height=\"1500\" alt=\"Um mercado de esta\u00e7\u00e3o onde muitas pessoas se re\u00fanem.\" class=\"size-full\" \/><\/a><figcaption class=\"wp-caption-text\">Um mercado de esta\u00e7\u00e3o onde muitas pessoas se re\u00fanem.<\/figcaption><\/figure>\n<p>Com amor, gratid\u00e3o e ora\u00e7\u00f5es sem limites, oferecemos nossos sinceros agradecimentos ao &quot;Northern Blessings Food Marche 2022&quot;, um festival gastron\u00f4mico que permitir\u00e1 \u00e0s pessoas descobrir os encantos da culin\u00e1ria local, experimentar novos sabores e se conectar com a paix\u00e3o dos produtores.<\/p>\n<figure class=\"wp-caption aligncenter\"><a href=\"https:\/\/photos.google.com\/share\/AF1QipPkS9p0GW8IFHEst3BhUoOcemwpnID2DKveq_HA1PpsisDntPZjU80nKUGsr3kSaw\/photo\/AF1QipOBBK1OzRfylNTNDd4YFiszZHnLfXVBW0xEjBw?key=c1RfeEZWRTVsU200OGFlVmZibGNZX2ZoWTBJSTJn\" target=\"_blank\" rel=\"noopener\"><img decoding=\"async\" src=\"https:\/\/lh3.googleusercontent.com\/pw\/AL9nZEXAa-iBSoTZkZtghcfpbsD0COEthTevEK-ao2myblVGyuqe6u5UYRn73pKr3jd7xo-j7FpWEshMcWPZsxQSYMiZ1nHb_l_CXIgufleTEDS68gzIx0Ml4-gQfTdbMvZX4JhqIJ3Z3fvakIeIaIwrmBtJ=w2000-h1500-no?authuser=0\" width=\"2000\" height=\"1500\" alt=\"Com sincera gratid\u00e3o ao festival gastron\u00f4mico &quot;Tabe Marche 2022&quot;...\" class=\"size-full\" \/><\/a><figcaption class=\"wp-caption-text\">Com sincera gratid\u00e3o ao festival gastron\u00f4mico &quot;Tabe Marche 2022&quot;...<\/figcaption><\/figure>\n<h2>v\u00eddeos do YouTube<\/h2>\n<div class=\"youtube\"><iframe title=\"A Cooperativa Empresarial Kurosengoku abrir\u00e1 uma loja no Mercado de Alimentos Northern Blessings, Station Marche 2022.\" src=\"https:\/\/www.youtube.com\/embed\/QA5CoCUvCr4?feature=oembed\" frameborder=\"0\" allow=\"accelerometer; autoplay; clipboard-write; encrypted-media; gyroscope; picture-in-picture\" allowfullscreen><\/iframe><\/div>\n<h2>Outras fotos<\/h2>\n<div class=\"img-move\">\n<img decoding=\"async\" src=\"https:\/\/ehokkaido.net\/wp-content\/uploads\/2021\/12\/2021-12-06-11.41.12.png\" style=\"vertical-align:middle;\"> <a href=\"https:\/\/photos.google.com\/share\/AF1QipPkS9p0GW8IFHEst3BhUoOcemwpnID2DKveq_HA1PpsisDntPZjU80nKUGsr3kSaw?key=c1RfeEZWRTVsU200OGFlVmZibGNZX2ZoWTBJSTJn\" target=\"_blank\" rel=\"noopener noreferrer\">A Cooperativa Empresarial Kurosengoku estar\u00e1 expondo no Northern Blessings Food Marche 2022 e no Station Marche (Cidade de Asahikawa). Clique aqui para ver 32 fotos &gt;&gt;<\/a><\/div>\n<h2>Artigos relacionados<\/h2>\n<p><center><iframe src=\"https:\/\/www.facebook.com\/plugins\/post.php?href=https%3A%2F%2Fwww.facebook.com%2Fhokuryunow%2Fposts%2Fpfbid0LeJCwbMaW9DDQs3t1KUe6S9bpg5fAwWEwkUYtErCrDFaVM35e1F5Ft2TZrZDV6Cil&#038;show_text=true&#038;width=500\" width=\"500\" height=\"729\" style=\"border:none;overflow:hidden\" scrolling=\"no\" frameborder=\"0\" allowfullscreen=\"true\" allow=\"autoplay; clipboard-write; encrypted-media; picture-in-picture; web-share\"><\/iframe><\/center><\/p>\n\n        <div class=\"site-blogcard-premium\">\n            <div class=\"bc-label-custom\">Artigos relacionados<\/div>\n            <div class=\"bc-flex-container\">\n                <div class=\"bc-main-text\">\n                    <div class=\"bc-title-link-box\">\n                        <a href=\"https:\/\/portal.hokuryu.info\/pt\/topics\/agri\/20140916.html\/\" target=\"_blank\">A Associa\u00e7\u00e3o Cooperativa Comercial Kurosengoku inaugura um estande na Eki Marche 2014 (Cidade de Asahikawa) - Portal da Cidade de Hokuryu (Hokkaido) - Vila de Girass\u00f3is n\u00ba 1 do Jap\u00e3o<\/a>\n                    <\/div>\n                    <div class=\"bc-excerpt-box\">Apresentamos o &quot;presente&quot; de uma cidade vibrante com 2.100 habitantes e uma taxa de envelhecimento de 401.000.000. Assim como os girass\u00f3is, as fam\u00edlias vivem em harmonia...<\/div>\n                <\/div>\n                <div class=\"bc-thumbnail-box\">\n                    <a href=\"https:\/\/portal.hokuryu.info\/pt\/topics\/agri\/20140916.html\/\" target=\"_blank\">\n                        <div class=\"bc-img-zoom-wrap\">\n                            <img decoding=\"async\" src=\"https:\/\/lh4.googleusercontent.com\/-NDHJkDLr5qk\/VBVvG_8TTwI\/AAAAAAABc4E\/Jgf4XsDD4lc\/w1306-h865-no\/K5%2B63139\" alt=\"A Associa\u00e7\u00e3o Cooperativa Comercial Kurosengoku inaugura um estande na Eki Marche 2014 (Cidade de Asahikawa) - Portal da Cidade de Hokuryu (Hokkaido) - Vila de Girass\u00f3is n\u00ba 1 do Jap\u00e3o\">\n                        <\/div>\n                    <\/a>\n                <\/div>\n            <\/div>\n        <\/div>\n<p>\u25c7 Fotografia e edi\u00e7\u00e3o: Noboru Terauchi Entrevista e texto: Ikuko Terauchi<\/p>","protected":false},"excerpt":{"rendered":"<p>\uff12\uff10\uff12\uff12\u5e74\uff19\u6708\uff12\uff10\u65e5\uff08\u706b\uff09 \u65ed\u5ddd\u5e02\u3067\u958b\u50ac\u3055\u308c\u308b\u79cb\u306e\u30b0\u30eb\u30e1\u30d5\u30a7\u30b9\u30c6\u30a3\u30d0\u30eb\u300c\u5317\u306e\u6075\u307f \u98df\u3079\u30de\u30eb\u30b7\u30a7 2022\u300d\u3002 \u958b\u50ac\uff11\uff11\u5e74\u76ee\u3068\u306a\u308b\u4eca\u5e74\u306f\u3001\uff19\u6708\uff11\uff17\u65e5\uff08\u571f\uff09\u301c\uff19\u6708\uff11\uff19\u65e5\uff08\u6708\u30fb\u795d\uff09\u306e\uff13\u65e5\u9593\u3001\uff13\u5e74\u3076\u308a\u306e\u958b\u50ac\u3068 [&hellip;]<\/p>\n","protected":false},"author":1,"featured_media":24054,"comment_status":"open","ping_status":"open","sticky":false,"template":"","format":"standard","meta":{"footnotes":""},"categories":[4,9],"tags":[],"class_list":["post-24052","post","type-post","status-publish","format-standard","has-post-thumbnail","hentry","category-cover-story","category-kurosengoku"],"_links":{"self":[{"href":"https:\/\/portal.hokuryu.info\/pt\/wp-json\/wp\/v2\/posts\/24052","targetHints":{"allow":["GET"]}}],"collection":[{"href":"https:\/\/portal.hokuryu.info\/pt\/wp-json\/wp\/v2\/posts"}],"about":[{"href":"https:\/\/portal.hokuryu.info\/pt\/wp-json\/wp\/v2\/types\/post"}],"author":[{"embeddable":true,"href":"https:\/\/portal.hokuryu.info\/pt\/wp-json\/wp\/v2\/users\/1"}],"replies":[{"embeddable":true,"href":"https:\/\/portal.hokuryu.info\/pt\/wp-json\/wp\/v2\/comments?post=24052"}],"version-history":[{"count":0,"href":"https:\/\/portal.hokuryu.info\/pt\/wp-json\/wp\/v2\/posts\/24052\/revisions"}],"wp:featuredmedia":[{"embeddable":true,"href":"https:\/\/portal.hokuryu.info\/pt\/wp-json\/wp\/v2\/media\/24054"}],"wp:attachment":[{"href":"https:\/\/portal.hokuryu.info\/pt\/wp-json\/wp\/v2\/media?parent=24052"}],"wp:term":[{"taxonomy":"category","embeddable":true,"href":"https:\/\/portal.hokuryu.info\/pt\/wp-json\/wp\/v2\/categories?post=24052"},{"taxonomy":"post_tag","embeddable":true,"href":"https:\/\/portal.hokuryu.info\/pt\/wp-json\/wp\/v2\/tags?post=24052"}],"curies":[{"name":"wp","href":"https:\/\/api.w.org\/{rel}","templated":true}]}}