{"id":23767,"date":"2022-09-12T06:39:15","date_gmt":"2022-09-11T21:39:15","guid":{"rendered":"https:\/\/portal.hokuryu.info\/?p=23767"},"modified":"2022-09-26T15:13:20","modified_gmt":"2022-09-26T06:13:20","slug":"%e7%af%80%e4%b9%9f%e3%83%ab%e3%83%9f%e3%83%8a%e3%83%aa%e3%82%a8-2022%ef%bc%88%e9%88%b4%e6%9c%a8%e7%af%80%e4%b9%9f%e3%81%95%e3%82%93%e4%bd%9c%e3%83%bb%e3%81%8a%e5%ba%ad%e3%81%ae%e3%82%bd%e3%83%bc","status":"publish","type":"post","link":"https:\/\/portal.hokuryu.info\/pt\/23767\/","title":{"rendered":"Fiquei impressionado com o Setsuya Luminarie 2022 (ilumina\u00e7\u00e3o solar para jardins criada por Setsuya Suzuki)!"},"content":{"rendered":"<p>Ter\u00e7a-feira, 13 de setembro de 2022<\/p>\n<p>Em sua oitava edi\u00e7\u00e3o, a ilumina\u00e7\u00e3o do jardim de Suzuki Setuya (com 70 anos de hist\u00f3ria) foi aprimorada, emitindo um brilho magn\u00edfico.<\/p>\n<h2>Lumin\u00e1ria Setsuya 2022<\/h2>\n<p>O tema deste ano, 2022, \u00e9 &quot;Paz&quot;. Neste mundo ca\u00f3tico, onde a guerra e a recess\u00e3o persistem, esta ilumina\u00e7\u00e3o \u00e9 uma prece para que a paz chegue ao mundo o mais breve poss\u00edvel!<\/p>\n<p>Os preparativos come\u00e7am por volta de maio de cada ano, e o jardim \u00e9 cuidadosamente montado, um elemento de cada vez. As ipomeias, cujas trepadeiras podem atingir at\u00e9 6 metros de altura, s\u00e3o regadas diariamente, e o jardim recebe cuidados carinhosos que se estendem at\u00e9 o final de setembro.<\/p>\n<p>A fonte de energia \u00e9 solar, tornando-a ecologicamente correta. Quando escurece, a luz acende automaticamente e pisca.<\/p>\n<p>Todas as noites, enquanto saboreia seu caf\u00e9 ap\u00f3s o jantar, Setsya Suzuki inspeciona e observa a ilumina\u00e7\u00e3o do jardim, absorto em seus pensamentos.<\/p>\n<p>A ilumina\u00e7\u00e3o noturna \u00e9 t\u00e3o deslumbrante e bonita que os transeuntes se viram para admirar. Uma senhora que far\u00e1 90 anos no ano que vem visitou o local outro dia e ficou t\u00e3o emocionada que disse: &quot;Comprei uma lembrancinha para a minha empregada!&quot;<\/p>\n<p>Para Setsya, uma das coisas que ele mais gosta \u00e9 conversar com os visitantes!<\/p>\n<p>&quot;Este ser\u00e1 o nosso oitavo ano, e a cada ano adicionamos mais decora\u00e7\u00f5es. D\u00e1 muito trabalho, da prepara\u00e7\u00e3o \u00e0 limpeza, mas este ano tivemos a ajuda de tr\u00eas ou quatro pessoas, o que foi de grande ajuda. Quanto mais trabalhamos, maior a alegria, e enquanto eu tiver sa\u00fade, quero aproveitar ao m\u00e1ximo!&quot;, disse Suzuki Setuya com um sorriso gentil e am\u00e1vel.<\/p>\n<p>Com amor, gratid\u00e3o e ora\u00e7\u00f5es sem limites, enviamos nossos sinceros agradecimentos ao Setsuya Luminarie 2022, um lugar dos sonhos, como um parque tem\u00e1tico de luzes, onde o brilho deslumbrante das luzes elevar\u00e1 seu esp\u00edrito e acalmar\u00e1 sua alma.<\/p>\n<h3>Parque Tem\u00e1tico de Luz<\/h3>\n<h4>Festival das Luzes<\/h4>\n<figure class=\"wp-caption aligncenter\"><a href=\"https:\/\/photos.google.com\/share\/AF1QipOjCBVfGu4cwjjMPSXU7LOfY_O7kNLMjVduc1kT0vfCQ2nvs9k7qAKkUoWLXVL8mA\/photo\/AF1QipNYlZ7rsd1yNYgL4mMFO-2vbMx7xLTsppUKdVg?key=cGtnRkZXcmhzZ2JxNVUtYkNuOW9nOXZ0RE5yTUpR\" target=\"_blank\" rel=\"noopener\"><img decoding=\"async\" src=\"https:\/\/lh3.googleusercontent.com\/pw\/AL9nZEXL9wClbzlfXiHauWej2iMPnmyH1oAeo1U7OgARAydluciWYzcqFVk1wefALT13ahqelgOUGdYHB7ilfhbaAepfOWdn6F-MNcVPJxC2h7ETQaEKPHmhfc4JbQlVBRZNyO5rahHihZBs5ldUrok1V-es=w2000-h1333-no?authuser=0\" width=\"2000\" height=\"1333\" alt=\"Festival das Luzes\" class=\"size-full\" \/><\/a><figcaption class=\"wp-caption-text\">Festival das Luzes<\/figcaption><\/figure>\n<h4>Um magn\u00edfico banquete de luz.<\/h4>\n<figure class=\"wp-caption aligncenter\"><a href=\"https:\/\/photos.google.com\/share\/AF1QipOjCBVfGu4cwjjMPSXU7LOfY_O7kNLMjVduc1kT0vfCQ2nvs9k7qAKkUoWLXVL8mA\/photo\/AF1QipMgB46me50QiN_M7CWUOM8CVvsMMnn5YZoJv3k?key=cGtnRkZXcmhzZ2JxNVUtYkNuOW9nOXZ0RE5yTUpR\" target=\"_blank\" rel=\"noopener\"><img decoding=\"async\" src=\"https:\/\/lh3.googleusercontent.com\/pw\/AL9nZEUgyRjrvi8yKNJrl5qd3MaZ6lI71q2Y157UGYbbZIZwEIzYlbsKxDN8cpNFFSXr8TmSrOaFHweL6pnUHaZNOOrZiMn2TX2JW3LT4IT0-Hl4K2ImsJzAw8uFG25H0yZA0RGJccLWzwKUauZHH67wvqtz=w2000-h1333-no?authuser=0\" width=\"2000\" height=\"1333\" alt=\"Um magn\u00edfico banquete de luz.\" class=\"size-full\" \/><\/a><figcaption class=\"wp-caption-text\">Um magn\u00edfico banquete de luz.<\/figcaption><\/figure>\n<h4>Castelo da Luz de uma Noite de Ver\u00e3o<\/h4>\n<figure class=\"wp-caption aligncenter\"><a href=\"https:\/\/photos.google.com\/share\/AF1QipOjCBVfGu4cwjjMPSXU7LOfY_O7kNLMjVduc1kT0vfCQ2nvs9k7qAKkUoWLXVL8mA\/photo\/AF1QipM4fbyLUpgk9w5H-Z77ClQ7C5lJEAahgtjpGVo?key=cGtnRkZXcmhzZ2JxNVUtYkNuOW9nOXZ0RE5yTUpR\" target=\"_blank\" rel=\"noopener\"><img decoding=\"async\" src=\"https:\/\/lh3.googleusercontent.com\/pw\/AL9nZEXSwmXCaWia_B36YBsoMUiA6XFQUrKwvDEO5MLExkPz5KdeBcF33OoSSmsPuFQ-L-XakCsBPp3HrEpM-I_c0BlS4m2V23S6dcsTalVUdnbGlvP3pRvbw7088kHXGGJeO_L58S2zXdoWBuXZr3oVLJMz=w2000-h1333-no?authuser=0\" width=\"2000\" height=\"1333\" alt=\"Castelo da Luz de uma Noite de Ver\u00e3o\" class=\"size-full\" \/><\/a><figcaption class=\"wp-caption-text\">Castelo da Luz de uma Noite de Ver\u00e3o<\/figcaption><\/figure>\n<h4>Ilumina\u00e7\u00e3o do Arco-\u00cdris: Uma Ponte de Esperan\u00e7a e Sonhos<\/h4>\n<figure class=\"wp-caption aligncenter\"><a href=\"https:\/\/photos.google.com\/share\/AF1QipOjCBVfGu4cwjjMPSXU7LOfY_O7kNLMjVduc1kT0vfCQ2nvs9k7qAKkUoWLXVL8mA\/photo\/AF1QipMramy46hW0Zdz8bdoraXuI6uSfh77MF269s2M?key=cGtnRkZXcmhzZ2JxNVUtYkNuOW9nOXZ0RE5yTUpR\" target=\"_blank\" rel=\"noopener\"><img decoding=\"async\" src=\"https:\/\/lh3.googleusercontent.com\/pw\/AL9nZEXr0d9GV86N6iluCpeZBV2GcoXi1Zt8ZWab1bdiX6Q-Ncwnxf4eih6yLysvc42ZfhFpmGZ8Xtlr-31j33CHy-vB3P321Os6O3ehlQQLG-KyfpnAFceEjhc67PCznYj5ZCNIuPMJlRRIe_xXNDXnBije=w2000-h1333-no?authuser=0\" width=\"2000\" height=\"1333\" alt=\"Ilumina\u00e7\u00e3o do Arco-\u00cdris: Uma Ponte de Esperan\u00e7a e Sonhos\" class=\"size-full\" \/><\/a><figcaption class=\"wp-caption-text\">Ilumina\u00e7\u00e3o do Arco-\u00cdris: Uma Ponte de Esperan\u00e7a e Sonhos<\/figcaption><\/figure>\n<h4>Girass\u00f3is de Luz com o Sino da Paz Tocando<\/h4>\n<figure class=\"wp-caption aligncenter\"><a href=\"https:\/\/photos.google.com\/share\/AF1QipOjCBVfGu4cwjjMPSXU7LOfY_O7kNLMjVduc1kT0vfCQ2nvs9k7qAKkUoWLXVL8mA\/photo\/AF1QipMBP4RaOUP8sklfXp7CP5tG9jCYOa4Ty5mtfgA?key=cGtnRkZXcmhzZ2JxNVUtYkNuOW9nOXZ0RE5yTUpR\" target=\"_blank\" rel=\"noopener\"><img decoding=\"async\" src=\"https:\/\/lh3.googleusercontent.com\/pw\/AL9nZEWsOk4_uFh74WJjTAXossEv96bR_P8Rur48joha65gbnJbbRrhv4GjKPvJQeqOWLrsnFru0KkXPhfRveCeUcfvq3Wk9PQr1Hce1br0srcQefS7pMXD4UGg3LHxDGLrU28t4Eop4E3dDhepaxpNbqhZd=w2000-h1333-no?authuser=0\" width=\"2000\" height=\"1333\" alt=\"Girass\u00f3is de Luz com o Sino da Paz Tocando\" class=\"size-full\" \/><\/a><figcaption class=\"wp-caption-text\">Girass\u00f3is de Luz com o Sino da Paz Tocando<\/figcaption><\/figure>\n<h4>Bandeira ucraniana e girass\u00f3is<\/h4>\n<figure class=\"wp-caption aligncenter\"><a href=\"https:\/\/photos.google.com\/share\/AF1QipOjCBVfGu4cwjjMPSXU7LOfY_O7kNLMjVduc1kT0vfCQ2nvs9k7qAKkUoWLXVL8mA\/photo\/AF1QipMdRo6gtnEaj20QKqEVysfluhqQCRklAjRMA1M?key=cGtnRkZXcmhzZ2JxNVUtYkNuOW9nOXZ0RE5yTUpR\" target=\"_blank\" rel=\"noopener\"><img decoding=\"async\" src=\"https:\/\/lh3.googleusercontent.com\/pw\/AL9nZEU48iDPaA3VWcheq1iwcIU6vEefnlrYVyT_z7l2msuJbHF7AuSagdJ4VR6L498V9q5qrgrgnxfKT_BvWHW2CI1dk6muN3eSu3Pr-4NQagc8rXyH3cMo1FLtaoT0ix-ayn_RcdEEWn3-any02U8pXC7X=w2000-h1333-no?authuser=0\" width=\"2000\" height=\"1333\" alt=\"Bandeira ucraniana e girass\u00f3is\" class=\"size-full\" \/><\/a><figcaption class=\"wp-caption-text\">Bandeira ucraniana e girass\u00f3is<\/figcaption><\/figure>\n<h4>Com ora\u00e7\u00f5es pela paz...<\/h4>\n<figure class=\"wp-caption aligncenter\"><a href=\"https:\/\/photos.google.com\/share\/AF1QipOjCBVfGu4cwjjMPSXU7LOfY_O7kNLMjVduc1kT0vfCQ2nvs9k7qAKkUoWLXVL8mA\/photo\/AF1QipOg5p-LW6pcQKqEP5-jc1H5a1msQFPRfJEiFbY?key=cGtnRkZXcmhzZ2JxNVUtYkNuOW9nOXZ0RE5yTUpR\" target=\"_blank\" rel=\"noopener\"><img decoding=\"async\" src=\"https:\/\/lh3.googleusercontent.com\/pw\/AL9nZEWSU3FXXMrZ4PhQAlIeWufF6b69Tg2JoEdB-frKxXs5lEvzsgrV8KsQ3J1s5qc6KFAYuCuqWcDoDMiK_4y3zg4kyKuatwMBKIJpNkdYvUUGUrsZNxMiDwiW0pFOvmrKuJvqhiDAr3YkeeotezHky8JO=w2000-h1333-no?authuser=0\" width=\"2000\" height=\"1333\" alt=\"Com ora\u00e7\u00f5es pela paz...\" class=\"size-full\" \/><\/a><figcaption class=\"wp-caption-text\">Com ora\u00e7\u00f5es pela paz...<\/figcaption><\/figure>\n<h4>Lua Cheia e Ilumina\u00e7\u00f5es<\/p>\n<h4>\n<figure class=\"wp-caption aligncenter\"><a href=\"https:\/\/photos.google.com\/share\/AF1QipOjCBVfGu4cwjjMPSXU7LOfY_O7kNLMjVduc1kT0vfCQ2nvs9k7qAKkUoWLXVL8mA\/photo\/AF1QipMcX1z5KOlNL4LIBqcyewjCVpgvmYzmrSPee2A?key=cGtnRkZXcmhzZ2JxNVUtYkNuOW9nOXZ0RE5yTUpR\" target=\"_blank\" rel=\"noopener\"><img decoding=\"async\" src=\"https:\/\/lh3.googleusercontent.com\/pw\/AL9nZEUrrbSN4ljcZBGQqSvfYvMHHeykuihUFmYvr5my_h5j7o8E-qY_ARZhSfJTqLb_jwrIFLMGD0DgsuE33elt4H-OM4ITtc0S75detaNl5LvS_bbe1c4K_faQNxiq4AfH8Mekvu7HB4oeqDLRXq29p4Lp=w2000-h1333-no?authuser=0\" width=\"2000\" height=\"1333\" alt=\"Lua Cheia e Ilumina\u00e7\u00f5es\" class=\"size-full\" \/><\/a><figcaption class=\"wp-caption-text\">Lua Cheia e Ilumina\u00e7\u00f5es<\/figcaption><\/figure>\n<h4>A combina\u00e7\u00e3o com o brilho da lua cheia \u00e9 fascinante.<\/h4>\n<figure class=\"wp-caption aligncenter\"><a href=\"https:\/\/photos.google.com\/share\/AF1QipOjCBVfGu4cwjjMPSXU7LOfY_O7kNLMjVduc1kT0vfCQ2nvs9k7qAKkUoWLXVL8mA\/photo\/AF1QipOo0AbUy8BWKCmdx0Ag5POKcwsHZ0QH3vfatPU?key=cGtnRkZXcmhzZ2JxNVUtYkNuOW9nOXZ0RE5yTUpR\" target=\"_blank\" rel=\"noopener\"><img decoding=\"async\" src=\"https:\/\/lh3.googleusercontent.com\/pw\/AL9nZEXF4ntc9xIVBAUyZgfk-vV4kBIigYmVWw1O5NjazN25_D6WxtjSufo4pKqLJx64z2Yfmkb3F6GJVyQz82r0yMvdH63tHTX6QWBf4bRMbNHW0Rr05A_Eu3FhQjh47kfxiG44V0JZYIEGDXK4v0ZyemxO=w2000-h1333-no?authuser=0\" width=\"2000\" height=\"1333\" alt=\"A combina\u00e7\u00e3o com o brilho da lua cheia \u00e9 fascinante.\" class=\"size-full\" \/><\/a><figcaption class=\"wp-caption-text\">A combina\u00e7\u00e3o com o brilho da lua cheia \u00e9 fascinante.<\/figcaption><\/figure>\n<h4>Um maravilhoso festival de luzes<\/h4>\n<figure class=\"wp-caption aligncenter\"><a href=\"https:\/\/photos.google.com\/share\/AF1QipOjCBVfGu4cwjjMPSXU7LOfY_O7kNLMjVduc1kT0vfCQ2nvs9k7qAKkUoWLXVL8mA\/photo\/AF1QipMX1CAnviEk51TPalowckf1XKCKhwqho6Pizmc?key=cGtnRkZXcmhzZ2JxNVUtYkNuOW9nOXZ0RE5yTUpR\" target=\"_blank\" rel=\"noopener\"><img decoding=\"async\" src=\"https:\/\/lh3.googleusercontent.com\/pw\/AL9nZEXff4FDc7AdECIRvWw2q1Dsuu9ekuTKnLllJS7TXFYTgdCBzcXEDiadci6WDXi1_plo0ObZUrnIaqhD93SAJ_PJkZ19AD7w96916L0NoqAlDZ0OHwTo6Avo8Hk8PPmrsfYwHr52Wikkd0XVlhbwdzkP=w2000-h1333-no?authuser=0\" width=\"2000\" height=\"1333\" alt=\"Um maravilhoso festival de luzes\" class=\"size-full\" \/><\/a><figcaption class=\"wp-caption-text\">Um maravilhoso festival de luzes<\/figcaption><\/figure>\n<h4>Uma bela harmonia tocada ao luar \u266c<\/h4>\n<figure class=\"wp-caption aligncenter\"><a href=\"https:\/\/photos.google.com\/share\/AF1QipOjCBVfGu4cwjjMPSXU7LOfY_O7kNLMjVduc1kT0vfCQ2nvs9k7qAKkUoWLXVL8mA\/photo\/AF1QipP3uDNRcOFVmhIlGwJNQSL96pPgaTgymRrxMDA?key=cGtnRkZXcmhzZ2JxNVUtYkNuOW9nOXZ0RE5yTUpR\" target=\"_blank\" rel=\"noopener\"><img decoding=\"async\" src=\"https:\/\/lh3.googleusercontent.com\/pw\/AL9nZEVDjdE8He929fil7ctQ4h_jItMKZngO8U96tX8qEvEdIMOOsr2WN4hhzijnb_K23cUfMzqIUIad0a1-K_-oODcuHVzhaL7xKFVaJLnPWOLFmfhX-bD7CBuUqXLseJavOhiZshYKck-jozmbo7lWvPME=w2000-h1500-no?authuser=0\" width=\"2000\" height=\"1500\" alt=\"Uma bela harmonia tocada ao luar \u266c\" class=\"size-full\" \/><\/a><figcaption class=\"wp-caption-text\">Uma bela harmonia tocada ao luar \u266c<\/figcaption><\/figure>\n<h4>Lumin\u00e1ria solar &quot;Mosaico Decorativo&quot;<\/h4>\n<p>A bel\u00edssima lumin\u00e1ria solar &quot;Mosaico Decorativo&quot; permite que voc\u00ea aprecie a dispers\u00e3o da luz e o formato das sombras.<\/p>\n<figure class=\"wp-caption aligncenter\"><a href=\"https:\/\/photos.google.com\/share\/AF1QipOjCBVfGu4cwjjMPSXU7LOfY_O7kNLMjVduc1kT0vfCQ2nvs9k7qAKkUoWLXVL8mA\/photo\/AF1QipMmik4x6004CHh9lDpMNYVrVsQ0EBclKzRFfxM?key=cGtnRkZXcmhzZ2JxNVUtYkNuOW9nOXZ0RE5yTUpR\" target=\"_blank\" rel=\"noopener\"><img decoding=\"async\" src=\"https:\/\/lh3.googleusercontent.com\/pw\/AL9nZEVkA_tei8k5goNmx1JQ7wvL6_wA61R_vX3h2H8Dy43-9kcB-1pM3aTdstrG05_tV6WIVug5WMGoLaogYZVpU2NlHV2rYzFM23o59Fkko5VVVQUaJhsE5-A02yHMoqn5C5gB4R-ZBhTFvuXVklDhXsZP=w2000-h1333-no?authuser=0\" width=\"2000\" height=\"1333\" alt=\"As lumin\u00e1rias solares &quot;Mosaico Decorativo&quot; s\u00e3o lindas.\" class=\"size-full\" \/><\/a><figcaption class=\"wp-caption-text\">As lumin\u00e1rias solares &quot;Mosaico Decorativo&quot; s\u00e3o lindas.<\/figcaption><\/figure>\n<h4>Uma silhueta leve que lembra um padr\u00e3o de girassol.<\/h4>\n<figure class=\"wp-caption aligncenter\"><a href=\"https:\/\/photos.google.com\/share\/AF1QipOjCBVfGu4cwjjMPSXU7LOfY_O7kNLMjVduc1kT0vfCQ2nvs9k7qAKkUoWLXVL8mA\/photo\/AF1QipMvIQtUT4-9fuxU_15iekhrM_szUTVAWb712xg?key=cGtnRkZXcmhzZ2JxNVUtYkNuOW9nOXZ0RE5yTUpR\" target=\"_blank\" rel=\"noopener\"><img decoding=\"async\" src=\"https:\/\/lh3.googleusercontent.com\/pw\/AL9nZEVyfl7a4WIYJj7_qUvGLEc7-vIAtVlEG_gMaqWblUCCyal94-OZQhQqvxK7e13yB8bA_LGWtDAEm6JnuufDl7p35NOE5z659o10OoGPMVEgeLa0DzIrXaGic-Vf4SBm5nN9VWJGTByi1Nihv1vO3RLA=w2000-h1333-no?authuser=0\" width=\"2000\" height=\"1333\" alt=\"Uma silhueta leve que lembra um padr\u00e3o de girassol.\" class=\"size-full\" \/><\/a><figcaption class=\"wp-caption-text\">Uma silhueta leve que lembra um padr\u00e3o de girassol.<\/figcaption><\/figure>\n<h4>As varia\u00e7\u00f5es de cor s\u00e3o lindas!<\/h4>\n<figure class=\"wp-caption aligncenter\"><a href=\"https:\/\/photos.google.com\/share\/AF1QipOjCBVfGu4cwjjMPSXU7LOfY_O7kNLMjVduc1kT0vfCQ2nvs9k7qAKkUoWLXVL8mA\/photo\/AF1QipM181Xdu70rqPRJw-Qp5279wEJGH009ULz7J7k?key=cGtnRkZXcmhzZ2JxNVUtYkNuOW9nOXZ0RE5yTUpR\" target=\"_blank\" rel=\"noopener\"><img decoding=\"async\" src=\"https:\/\/lh3.googleusercontent.com\/pw\/AL9nZEX0ri3c6-5KEjpYSFJqI4XQeu_lByApdqWsLWc6pv8ICk3RdFqmqLTB0RzLCtuhMawGTlc9X5PINxn3gf5ACihliM6yg0YbJUmLxBJwbB54_HLVArGJ5iAXfxuvgAOwVnqCMDN_dI1YMTZe92HqFnc8=w2000-h1333-no?authuser=0\" width=\"2000\" height=\"1333\" alt=\"As varia\u00e7\u00f5es de cor s\u00e3o lindas!\" class=\"size-full\" \/><\/a><figcaption class=\"wp-caption-text\">As varia\u00e7\u00f5es de cor s\u00e3o lindas!<\/figcaption><\/figure>\n<h4>Gl\u00f3ria-da-manh\u00e3 com mais de 6 metros de altura<\/h4>\n<p>Durante o dia, o jardim fica repleto de magn\u00edficas ipomeias em plena flora\u00e7\u00e3o, com trepadeiras que se estendem por mais de 6 metros!!!<\/p>\n<figure class=\"wp-caption aligncenter\"><a href=\"https:\/\/photos.google.com\/share\/AF1QipOjCBVfGu4cwjjMPSXU7LOfY_O7kNLMjVduc1kT0vfCQ2nvs9k7qAKkUoWLXVL8mA\/photo\/AF1QipNZliTSKkzZTmOUzmWQEMhnzglQsPf0DD3paXQ?key=cGtnRkZXcmhzZ2JxNVUtYkNuOW9nOXZ0RE5yTUpR\" target=\"_blank\" rel=\"noopener\"><img decoding=\"async\" src=\"https:\/\/lh3.googleusercontent.com\/pw\/AL9nZEVouocyXRzYaEVUhyXWma-jCt1TvoGBQDVaTK_MJpy5ZP7c7yFGT7VWxIQ-AGKi84zMmAM4wcI6MW-G_qOPuL1zb8oKjfaPTD1m2Y8fHpjyHuJMwsawmHFJvBJRSnr-dCLpqUMf64VPBgFtrTpr5ryE=w2000-h1333-no?authuser=0\" width=\"2000\" height=\"1333\" alt=\"Um jardim durante o dia com lindas ipomeias em plena flora\u00e7\u00e3o.\" class=\"size-full\" \/><\/a><figcaption class=\"wp-caption-text\">Um jardim durante o dia com lindas ipomeias em plena flora\u00e7\u00e3o.<\/figcaption><\/figure>\n<h4>A combina\u00e7\u00e3o da luz do sol com as flores de ipomeia \u00e9 linda!!!<\/h4>\n<figure class=\"wp-caption aligncenter\"><a href=\"https:\/\/photos.google.com\/share\/AF1QipOjCBVfGu4cwjjMPSXU7LOfY_O7kNLMjVduc1kT0vfCQ2nvs9k7qAKkUoWLXVL8mA\/photo\/AF1QipM7wp_IlHG_uTnmiC9BzxSalhHchK2tP7Hhmfc?key=cGtnRkZXcmhzZ2JxNVUtYkNuOW9nOXZ0RE5yTUpR\" target=\"_blank\" rel=\"noopener\"><img decoding=\"async\" src=\"https:\/\/lh3.googleusercontent.com\/pw\/AL9nZEV78yJvQIeuaoij0ByTYNn1SHyCxKxIVoxmp1mFY9RSR1zN9izny5GSv92jm6VqIRoLWubOzycKKPmUSCWZdSwGk8hXdq1DIY50wbmyCGdcFtctL11rc9zqoavzv9tLk4hPuhxyq31_3-6ahXjvv2XK=w2000-h1333-no?authuser=0\" width=\"2000\" height=\"1333\" alt=\"Uma colabora\u00e7\u00e3o entre a luz do sol e as gl\u00f3rias da manh\u00e3.\" class=\"size-full\" \/><\/a><figcaption class=\"wp-caption-text\">Uma colabora\u00e7\u00e3o entre a luz do sol e as gl\u00f3rias da manh\u00e3.<\/figcaption><\/figure>\n<p>Gostar\u00edamos de expressar nossa sincera gratid\u00e3o pela maravilhosa impress\u00e3o criada pela ilumina\u00e7\u00e3o brilhante \u00e0 noite e pelas magn\u00edficas gl\u00f3rias da manh\u00e3 durante o dia.<\/p>\n<h2>v\u00eddeos do YouTube<\/h2>\n<div class=\"youtube\"><iframe title=\"Setsuya Luminarie 2022 (Ilumina\u00e7\u00e3o solar de jardim por Setsuya Suzuki)\" src=\"https:\/\/www.youtube.com\/embed\/7zVRziqgJhI?feature=oembed\" frameborder=\"0\" allow=\"accelerometer; autoplay; clipboard-write; encrypted-media; gyroscope; picture-in-picture\" allowfullscreen><\/iframe><\/div>\n<h2>Outras fotos<\/h2>\n<div class=\"img-move\">\n<img decoding=\"async\" src=\"https:\/\/ehokkaido.net\/wp-content\/uploads\/2021\/12\/2021-12-06-11.41.12.png\" style=\"vertical-align:middle;\"> <a href=\"https:\/\/photos.app.goo.gl\/hJSPxu5DhRPzVgk69\" target=\"_blank\" rel=\"noopener noreferrer\">Encante-se com a Setsuya Luminarie 2022 (ilumina\u00e7\u00e3o solar para jardins por Setsuya Suzuki)! Veja 43 fotos aqui &gt;&gt;<\/a><\/div>\n<h2>Artigos relacionados<\/h2>\n\n        <div class=\"site-blogcard-premium\">\n            <div class=\"bc-label-custom\">Artigos relacionados<\/div>\n            <div class=\"bc-flex-container\">\n                <div class=\"bc-main-text\">\n                    <div class=\"bc-title-link-box\">\n                        <a href=\"https:\/\/portal.hokuryu.info\/pt\/11652\/\" target=\"_blank\">https:\/\/portal.hokuryu.info\/11652<\/a>\n                    <\/div>\n                    <div class=\"bc-excerpt-box\">N\u00e3o foi poss\u00edvel recuperar as informa\u00e7\u00f5es da p\u00e1gina.<\/div>\n                <\/div>\n                <div class=\"bc-thumbnail-box\">\n                    <a href=\"https:\/\/portal.hokuryu.info\/pt\/11652\/\" target=\"_blank\">\n                        <div class=\"bc-img-zoom-wrap\">\n                            <img decoding=\"async\" src=\"https:\/\/portal.hokuryu.info\/wp\/wp-content\/uploads\/2026\/02\/20230802DSC06445_1.jpg\" alt=\"https:\/\/portal.hokuryu.info\/11652\">\n                        <\/div>\n                    <\/a>\n                <\/div>\n            <\/div>\n        <\/div>\n\n        <div class=\"site-blogcard-premium\">\n            <div class=\"bc-label-custom\">Artigos relacionados<\/div>\n            <div class=\"bc-flex-container\">\n                <div class=\"bc-main-text\">\n                    <div class=\"bc-title-link-box\">\n                        <a href=\"https:\/\/portal.hokuryu.info\/pt\/topics\/culture\/20190930\/\" target=\"_blank\">https:\/\/portal.hokuryu.info\/topics\/culture\/20190930<\/a>\n                    <\/div>\n                    <div class=\"bc-excerpt-box\">N\u00e3o foi poss\u00edvel recuperar as informa\u00e7\u00f5es da p\u00e1gina.<\/div>\n                <\/div>\n                <div class=\"bc-thumbnail-box\">\n                    <a href=\"https:\/\/portal.hokuryu.info\/pt\/topics\/culture\/20190930\/\" target=\"_blank\">\n                        <div class=\"bc-img-zoom-wrap\">\n                            <img decoding=\"async\" src=\"https:\/\/portal.hokuryu.info\/wp\/wp-content\/uploads\/2026\/02\/20230802DSC06445_1.jpg\" alt=\"https:\/\/portal.hokuryu.info\/topics\/culture\/20190930\">\n                        <\/div>\n                    <\/a>\n                <\/div>\n            <\/div>\n        <\/div>\n<p>\u25c7 Fotografia e edi\u00e7\u00e3o: Noboru Terauchi Entrevista e texto: Ikuko Terauchi<\/p>","protected":false},"excerpt":{"rendered":"<p>\uff12\uff10\uff12\uff12\u5e74\uff19\u6708\uff11\uff13\u65e5\uff08\u706b\uff09 \u4eca\u5e74\u3067\uff18\u5e74\u76ee\u3092\u8fce\u3048\u308b\u3001\u9234\u6728\u7bc0\u4e5f\u3055\u3093\uff08\uff17\uff10\u6b73\uff09\u5b85\u306e\u304a\u5ead\u306e\u30a4\u30eb\u30df\u30cd\u30fc\u30b7\u30e7\u30f3\u304c\u3001\u66f4\u306b\u30d0\u30fc\u30b8\u30e7\u30f3\u30a2\u30c3\u30d7\u3057\u3001\u8c6a\u83ef\u7d62\u721b\u306a\u8f1d\u304d\u3092\u653e\u3063\u3066\u3044\u307e\u3059\u3002 \u7bc0\u4e5f\u30eb\u30df\u30ca\u30ea\u30a8 2022 \u4eca\u5e74\uff12\uff10\uff12\uff12\u5e74\u306e [&hellip;]<\/p>\n","protected":false},"author":1,"featured_media":23768,"comment_status":"open","ping_status":"open","sticky":false,"template":"","format":"standard","meta":{"footnotes":""},"categories":[4],"tags":[],"class_list":["post-23767","post","type-post","status-publish","format-standard","has-post-thumbnail","hentry","category-cover-story"],"_links":{"self":[{"href":"https:\/\/portal.hokuryu.info\/pt\/wp-json\/wp\/v2\/posts\/23767","targetHints":{"allow":["GET"]}}],"collection":[{"href":"https:\/\/portal.hokuryu.info\/pt\/wp-json\/wp\/v2\/posts"}],"about":[{"href":"https:\/\/portal.hokuryu.info\/pt\/wp-json\/wp\/v2\/types\/post"}],"author":[{"embeddable":true,"href":"https:\/\/portal.hokuryu.info\/pt\/wp-json\/wp\/v2\/users\/1"}],"replies":[{"embeddable":true,"href":"https:\/\/portal.hokuryu.info\/pt\/wp-json\/wp\/v2\/comments?post=23767"}],"version-history":[{"count":0,"href":"https:\/\/portal.hokuryu.info\/pt\/wp-json\/wp\/v2\/posts\/23767\/revisions"}],"wp:featuredmedia":[{"embeddable":true,"href":"https:\/\/portal.hokuryu.info\/pt\/wp-json\/wp\/v2\/media\/23768"}],"wp:attachment":[{"href":"https:\/\/portal.hokuryu.info\/pt\/wp-json\/wp\/v2\/media?parent=23767"}],"wp:term":[{"taxonomy":"category","embeddable":true,"href":"https:\/\/portal.hokuryu.info\/pt\/wp-json\/wp\/v2\/categories?post=23767"},{"taxonomy":"post_tag","embeddable":true,"href":"https:\/\/portal.hokuryu.info\/pt\/wp-json\/wp\/v2\/tags?post=23767"}],"curies":[{"name":"wp","href":"https:\/\/api.w.org\/{rel}","templated":true}]}}