{"id":23602,"date":"2022-09-07T14:03:26","date_gmt":"2022-09-07T05:03:26","guid":{"rendered":"https:\/\/portal.hokuryu.info\/?p=23602"},"modified":"2022-09-08T07:02:28","modified_gmt":"2022-09-07T22:02:28","slug":"%e7%a5%9d%ef%bc%81%e4%bb%a4%e5%92%8c%ef%bc%94%e5%b9%b4%e5%8c%97%e7%ab%9c%e7%94%ba%e6%95%ac%e8%80%81%e4%bc%9a%ef%bc%88%e5%8c%97%e7%ab%9c%e7%94%ba%e8%80%81%e4%ba%ba%e7%a6%8f%e7%a5%89%e3%82%bb%e3%83%b3","status":"publish","type":"post","link":"https:\/\/portal.hokuryu.info\/pt\/23602\/","title":{"rendered":"Comemorando! Evento do Dia do Respeito aos Idosos da Cidade de Hokuryu 2022 (Centro de Bem-Estar dos Idosos da Cidade de Hokuryu)"},"content":{"rendered":"<p>Quarta-feira, 7 de setembro de 2022<\/p>\n<p>Setembro chegou e as espigas douradas de arroz balan\u00e7am ao vento, anunciando a colheita. Pela primeira vez em tr\u00eas anos, o evento do Dia do Respeito aos Idosos da Cidade de Hokuryu de 2022 foi realizado no Centro de Bem-Estar dos Idosos da Cidade de Hokuryu na ter\u00e7a-feira, 6 de setembro, a partir das 10h30.<\/p>\n<h2>Evento do Dia do Respeito aos Idosos na Cidade de Hokuryu, Reiwa 4 (Centro de Bem-Estar dos Idosos da Cidade de Hokuryu)<\/h2>\n<figure class=\"wp-caption aligncenter\"><a href=\"https:\/\/photos.google.com\/share\/AF1QipO8eH0Wa296b0VcRX2zfPuTdSKGMXwqBv6wiWLOPeNnCrREpOKqj4MCxeuaeMwgRw\/photo\/AF1QipPrBT7VHVk1wUMv615yCYmshWdBNao6FveJ-nE?key=VmtWazVaMjg1UHN2cWxqYmtOekkxV0ZaaXZ5M3ln\" target=\"_blank\" rel=\"noopener\"><img decoding=\"async\" src=\"https:\/\/lh3.googleusercontent.com\/pw\/AL9nZEXE-EnYaXd7t_AP3sB5twM8YipzzJpH9lAKUYLQT7bjltFo8t7ow6ChDCR_Uxq1waTvBbM9qw1HSFubR17s7ksmTsGHCB030g8iMBcCcrK0tQjya2u0gzjB0RWvAku9KlvYm5YAbTgRHqFAzkPBmLr0=w1909-h1257-no?authuser=0\" width=\"2000\" height=\"1333\" alt=\"Centro de Bem-Estar para Idosos da Cidade de Hokuryu\" class=\"size-full\" \/><\/a><figcaption class=\"wp-caption-text\">Centro de Bem-Estar para Idosos da Cidade de Hokuryu<\/figcaption><\/figure>\n<h2>Entrega de pr\u00eamios em dinheiro para comemora\u00e7\u00e3o do 88\u00ba anivers\u00e1rio, pr\u00eamio de m\u00e9rito para residente permanente, etc.<\/h2>\n<p>O evento &quot;Dia do Respeito aos Idosos&quot; \u00e9 uma celebra\u00e7\u00e3o para pessoas com 75 anos ou mais que vivem na cidade de Hokuryu.<br \/>\n\ufffc<br \/>\n<figure class=\"wp-caption aligncenter\"><a href=\"https:\/\/photos.google.com\/share\/AF1QipO8eH0Wa296b0VcRX2zfPuTdSKGMXwqBv6wiWLOPeNnCrREpOKqj4MCxeuaeMwgRw\/photo\/AF1QipMZ01xrfCOZ4JkP7LRGp1ufk8g3ouMllT-Mm6Q?key=VmtWazVaMjg1UHN2cWxqYmtOekkxV0ZaaXZ5M3ln\" target=\"_blank\" rel=\"noopener\"><img decoding=\"async\" src=\"https:\/\/lh3.googleusercontent.com\/pw\/AL9nZEVkkzw5GHjJfGob3fNzquycDTgpZ-Z3S7DSOst1xwBktvCjTMUnOBsb1XbFNK-Nyd6AZarxYF4-y48OIq4itR2WzlqagrBYgCD-hAIKXRYl7mX02U6mETFQUx4alQ_FkY4Sm2kGi2mpjarX2-EfqPb8=w1384-h1896-no?authuser=0\" width=\"400\" alt=\"Reiwa 4 Cidade de Hokuryu Respeito pela Sociedade Idosa\" class=\"size-full\" \/><\/a><figcaption class=\"wp-caption-text\">Reiwa 4 Cidade de Hokuryu Respeito pela Sociedade Idosa<\/figcaption><\/figure>\n<p>Na cidade de Kitary\u016b, 448 pessoas (excluindo os residentes de Eirakuen) foram consideradas eleg\u00edveis, das quais 17 atingiram a idade de 88 anos (beijuu) (nascidas entre 2 de setembro de 1933 e 1 de setembro de 1934).<\/p>\n<p>H\u00e1 tamb\u00e9m 32 residentes permanentes que fizeram contribui\u00e7\u00f5es not\u00e1veis (aqueles com 80 anos ou mais em 1\u00ba de setembro de 2022 e que moram na cidade de Hokuryu h\u00e1 mais de 60 anos).<\/p>\n<p>Hoje, 128 pessoas compareceram (incluindo 6 pessoas que comemoraram seu 88\u00ba anivers\u00e1rio e 15 residentes permanentes que fizeram contribui\u00e7\u00f5es not\u00e1veis).<\/p>\n<p>Gostar\u00edamos de parabenizar de cora\u00e7\u00e3o todos voc\u00eas que transbordam energia e vitalidade.<\/p>\n<figure class=\"wp-caption aligncenter\"><a href=\"https:\/\/photos.google.com\/share\/AF1QipO8eH0Wa296b0VcRX2zfPuTdSKGMXwqBv6wiWLOPeNnCrREpOKqj4MCxeuaeMwgRw\/photo\/AF1QipOApCHbd65QS9jwpmGXJkBJM02lZEPG5atSXzQ?key=VmtWazVaMjg1UHN2cWxqYmtOekkxV0ZaaXZ5M3ln\" target=\"_blank\" rel=\"noopener\"><img decoding=\"async\" src=\"https:\/\/lh3.googleusercontent.com\/pw\/AL9nZEV0k-9Ox49tyTACe1-v8PBXDHzUDAc8ZVJBPyjS5E2rrUfMfHU4zNbCSvSMospmEUFE-cPrvKNnsB1Zbw7pUz6qxF-6egxqqUH2OazriMxC2EPMAra10EceZLs-WTWTQygMe8b1sBdmvve0ZH_9cI2F=w2000-h1333-no?authuser=0\" width=\"2000\" height=\"1333\" alt=\"Senhoras e senhores,\" class=\"size-full\" \/><\/a><figcaption class=\"wp-caption-text\">Senhoras e senhores,<\/figcaption><\/figure>\n<h3>hospedar<\/h3>\n<p>O mestre de cerim\u00f4nias geral foi Naohiro Hosokawa, chefe da Divis\u00e3o de Assuntos dos Residentes da cidade de Hokuryu. O mestre de cerim\u00f4nias da cerim\u00f4nia de premia\u00e7\u00e3o foi Hajime Nanba, chefe da Divis\u00e3o de Assuntos Gerais.<\/p>\n<figure class=\"wp-caption aligncenter\"><a href=\"https:\/\/photos.google.com\/share\/AF1QipO8eH0Wa296b0VcRX2zfPuTdSKGMXwqBv6wiWLOPeNnCrREpOKqj4MCxeuaeMwgRw\/photo\/AF1QipMgB2-qdCBowzgcTMsa5lmqhNQljqMru81heNo?key=VmtWazVaMjg1UHN2cWxqYmtOekkxV0ZaaXZ5M3ln\" target=\"_blank\" rel=\"noopener\"><img decoding=\"async\" src=\"https:\/\/lh3.googleusercontent.com\/pw\/AL9nZEUeofWgQ3qnkaPRJBQVI_p_E0bxg-yi15cifIO1pLncU9BEfpKIialXcRt1Bam75rHeHVXthUtePwOhVnmcPSgi6znjsM602KvdCOmvKorzfEnEcMVayFl44WFhcNNVa_qRogyIZJ4jqMZjFN1eTUZd=w2000-h1333-no?authuser=0\" width=\"2000\" height=\"1333\" alt=\"Naohiro Hosokawa, Chefe da Divis\u00e3o de Moradores da Cidade de Hokuryu\" class=\"size-full\" \/><\/a><figcaption class=\"wp-caption-text\">Naohiro Hosokawa, Chefe da Divis\u00e3o de Assuntos Residentes<\/figcaption><\/figure>\n<figure class=\"wp-caption aligncenter\"><a href=\"https:\/\/photos.google.com\/share\/AF1QipO8eH0Wa296b0VcRX2zfPuTdSKGMXwqBv6wiWLOPeNnCrREpOKqj4MCxeuaeMwgRw\/photo\/AF1QipOx7mIjC6MzBscdOEevKiNRIFqtuq4rMCuUdBY?key=VmtWazVaMjg1UHN2cWxqYmtOekkxV0ZaaXZ5M3ln\" target=\"_blank\" rel=\"noopener\"><img decoding=\"async\" src=\"https:\/\/lh3.googleusercontent.com\/pw\/AL9nZEWb7_JPgSjjxHzpHAPcmku23fAfx6TIZ0pFHZ4Hb4vVISSCF-GW0myHlTcALF8cX3UofwRoYmcn8RtZ3ZPp0K8wChW8KjI14wICj97CSTN6WRimac4WaRYXfhjNoiRw5-8kluU-2m5OPrDi8lYMVV_A=w2000-h1333-no?authuser=0\" width=\"2000\" height=\"1333\" alt=\"Hajime Nanba, Chefe da Divis\u00e3o de Assuntos Gerais, cidade de Hokuryu\" class=\"size-full\" \/><\/a><figcaption class=\"wp-caption-text\">Divis\u00e3o de Assuntos Gerais, Hajime Nanba, Chefe de Se\u00e7\u00e3o<\/figcaption><\/figure>\n<h3>Discurso de abertura: Prefeito Yutaka Sano da cidade de Hokuryu<\/h3>\n<figure class=\"wp-caption aligncenter\"><a href=\"https:\/\/photos.google.com\/share\/AF1QipO8eH0Wa296b0VcRX2zfPuTdSKGMXwqBv6wiWLOPeNnCrREpOKqj4MCxeuaeMwgRw\/photo\/AF1QipPK_IXH2u4uZB585eOJIMmb69SzNJFt7cWIq44?key=VmtWazVaMjg1UHN2cWxqYmtOekkxV0ZaaXZ5M3ln\" target=\"_blank\" rel=\"noopener\"><img decoding=\"async\" src=\"https:\/\/lh3.googleusercontent.com\/pw\/AL9nZEWHzfUT_PTv8FvFUOwLj6FkZKKDYbytbrP_45kPtZcd9wIUjhfcCVOnzpkYyvrUth993Cjdpyg1hj0AZch1Gcr0zLvCTehdze-uKkL07eGMG4HvtUDyvYFUTGPuDVsibo5sxq8qDrXmiu8k2AeZWBn1=w2000-h1333-no?authuser=0\" width=\"2000\" height=\"1333\" alt=\"Prefeito Yutaka Sano\" class=\"size-full\" \/><\/a><figcaption class=\"wp-caption-text\">Prefeito Yutaka Sano<\/figcaption><\/figure>\n<p>&quot;Gostaria de expressar meus sinceros parab\u00e9ns e minha alegria por tantas pessoas estarem participando deste grandioso evento do Dia do Respeito aos Idosos, o primeiro em tr\u00eas anos.&quot;<\/p>\n<p>Fico muito feliz em ver todos com apar\u00eancia saud\u00e1vel e rostos radiantes.<\/p>\n<p>Este ano marca o 130\u00ba anivers\u00e1rio do povoamento e desenvolvimento da \u00e1rea por pessoas da prov\u00edncia de Chiba em 1893. Uma cerim\u00f4nia comemorativa foi realizada no dia 3.<\/p>\n<p>Gostaria de aproveitar esta oportunidade para expressar minha sincera gratid\u00e3o a todos voc\u00eas pelos seus incans\u00e1veis esfor\u00e7os ao longo dos anos.<\/p>\n<p>A popula\u00e7\u00e3o atual de Hokuryu \u00e9 de pouco menos de 1.700 habitantes, dos quais 765 t\u00eam 65 anos ou mais, o que representa uma taxa de envelhecimento de 45,2%. O n\u00famero de pessoas com 75 anos ou mais (incluindo as que vivem em Eirakuen) \u00e9 de 475, correspondendo a 28,1% do total.<\/p>\n<p>O morador mais antigo \u00e9 Kiyoshi Kumeya (107 anos) da associa\u00e7\u00e3o de moradores do bairro de Itaya, que ainda vive feliz em Eirakuen.<\/p>\n<p>Agradecemos \u00e0s 144 pessoas (128 presentes no dia) que compareceram ao evento de hoje, Dia do Respeito aos Idosos.<\/p>\n<p>A agricultura da cidade de Hokuryu, centrada no cultivo de arroz de girassol seguro e saboroso, \u00e9 muito apreciada no Jap\u00e3o. Gra\u00e7as a isso, recebemos uma grande quantidade de doa\u00e7\u00f5es para o sistema de impostos locais, principalmente para o arroz de girassol, ultrapassando 300 milh\u00f5es de ienes pelo s\u00e9timo ano consecutivo, com 600 milh\u00f5es de ienes em 2020 e 400 milh\u00f5es de ienes no ano passado (2021). Esta pequena cidade de Hokuryu est\u00e1 recebendo grandes expectativas de todo o pa\u00eds.<\/p>\n<p>O 36\u00ba Festival do Girassol, que terminou outro dia, produziu girass\u00f3is verdadeiramente bel\u00edssimos. Fomos agraciados com um clima agrad\u00e1vel durante o festival.<\/p>\n<p>Himawari no Sato estava repleta de visitantes, com 280.000 turistas visitando a ilha em um m\u00eas, o terceiro maior n\u00famero j\u00e1 registrado. Este ano, devido a motivos relacionados \u00e0 COVID-19, os \u00f4nibus tur\u00edsticos foram praticamente paralisados e os turistas estrangeiros n\u00e3o retornaram a Hokkaido, resultando no terceiro menor n\u00famero de visitantes da hist\u00f3ria.<\/p>\n<p>Recebemos tamb\u00e9m uma quantia recorde de doa\u00e7\u00f5es para ajudar no florescimento dos girass\u00f3is, totalizando 3.837.000 ienes. Gostar\u00edamos de expressar nossa sincera gratid\u00e3o a todos os volunt\u00e1rios pelo seu trabalho \u00e1rduo.<\/p>\n<p>Estamos agora na esta\u00e7\u00e3o do outono, com uma colheita abundante, e os arrozais est\u00e3o novamente em excelentes condi\u00e7\u00f5es. A colheita do arroz tamb\u00e9m come\u00e7ou hoje, dia 6, na fazenda de arroz de Mochimai.<\/p>\n<p>O tuf\u00e3o n\u00famero 11, que nos preocupava, agora mudou significativamente de dire\u00e7\u00e3o para a esquerda. Isso nos traz algum al\u00edvio, mas tamb\u00e9m h\u00e1 previs\u00e3o de ventos fortes esta noite e na manh\u00e3 de amanh\u00e3, por isso pedimos que voc\u00eas permane\u00e7am extremamente cautelosos.<\/p>\n<p>Ap\u00f3s o festival, come\u00e7a a colheita do arroz na cidade, e estamos ocupados todos os dias. Esperamos colher muito arroz delicioso.<\/p>\n<p>Hoje \u00e9 o Dia do Respeito aos Idosos, mas ser\u00e1 proibido comer e beber no local. Agradecemos a sua compreens\u00e3o.<\/p>\n<p>Este ano, 17 pessoas celebraram seu 88\u00ba anivers\u00e1rio. 32 pessoas residem permanentemente na cidade de Hokuryu h\u00e1 mais de 60 anos. Parab\u00e9ns! Oferecemos nossos sinceros parab\u00e9ns.<\/p>\n<p>Embora esteja atrasado, gostaria de agradecer aos membros do Grupo de Volunt\u00e1rios da Cruz Vermelha da cidade de Hokuryu por ajudarem nos preparativos para o evento do Dia do Respeito aos Idosos desde cedo pela manh\u00e3.<\/p>\n<p>Gostaria de concluir minhas palavras por ocasi\u00e3o da celebra\u00e7\u00e3o do Dia do Respeito aos Idosos, desejando a todos muita sa\u00fade e felicidade. Parab\u00e9ns a todos!<\/p>\n<figure class=\"wp-caption aligncenter\"><a href=\"https:\/\/photos.google.com\/share\/AF1QipO8eH0Wa296b0VcRX2zfPuTdSKGMXwqBv6wiWLOPeNnCrREpOKqj4MCxeuaeMwgRw\/photo\/AF1QipNaZbfQsMxyn8_sIizqQS8k_OfnBxW8ZMi63yo?key=VmtWazVaMjg1UHN2cWxqYmtOekkxV0ZaaXZ5M3ln\" target=\"_blank\" rel=\"noopener\"><img decoding=\"async\" src=\"https:\/\/lh3.googleusercontent.com\/pw\/AL9nZEV29QEMvR9SAx8rmUqWrhgPxrZAzfUVYPCkvPwlD7X1Nvz0-qbehSsCpprE9k98dUXTj7LmJ7fpVj7m7C4lTP4N-_r6N8T_wpn9CZZLYIO-B8IshCIx1yRRK1lpOADqFwQAx1idAzgk_LKFzexoAPKW=w2000-h1333-no?authuser=0\" width=\"2000\" height=\"1333\" alt=\"Todos os participantes est\u00e3o de bom humor.\" class=\"size-full\" \/><\/a><figcaption class=\"wp-caption-text\">Todos os participantes est\u00e3o de bom humor.<\/figcaption><\/figure>\n<h3>Discurso de congratula\u00e7\u00f5es: Yasuhiro Sasaki, Presidente do Conselho Municipal de Hokuryu<\/h3>\n<figure class=\"wp-caption aligncenter\"><a href=\"https:\/\/photos.google.com\/share\/AF1QipO8eH0Wa296b0VcRX2zfPuTdSKGMXwqBv6wiWLOPeNnCrREpOKqj4MCxeuaeMwgRw\/photo\/AF1QipMig4AU5dz7MXrQizguaNKgVWkxEjbaRWthi8Y?key=VmtWazVaMjg1UHN2cWxqYmtOekkxV0ZaaXZ5M3ln\" target=\"_blank\" rel=\"noopener\"><img decoding=\"async\" src=\"https:\/\/lh3.googleusercontent.com\/pw\/AL9nZEXZNhUjKZnB7lYaCgxhbSx5fwsyoaBis9ne9DADmqkAyRvIDqF59waP5j-jie8vIxLjs4j2LOMsSC_XtXSx_pk82RcseauOvUGf65CCn7PKceGXR306G5cZwCRQPkE1banhlj6A1uhR_TlQxPxPTqhv=w2000-h1333-no?authuser=0\" width=\"2000\" height=\"1333\" alt=\"Presidente Yasuhiro Sasaki\" class=\"size-full\" \/><\/a><figcaption class=\"wp-caption-text\">Presidente Yasuhiro Sasaki<\/figcaption><\/figure>\n<p>&quot;Agrade\u00e7o por podermos nos reunir hoje, mesmo que este evento do Dia do Respeito aos Idosos esteja sendo realizado em meio \u00e0 atual pandemia de COVID-19.&quot;<\/p>\n<p>A melhor vila de girass\u00f3is e o melhor arroz de girassol do Jap\u00e3o s\u00e3o, sem d\u00favida, resultado do esfor\u00e7o de todos. Gostaria de expressar minha gratid\u00e3o mais uma vez.<\/p>\n<p>Esta manh\u00e3, na TV, passou uma reportagem sobre o quarto anivers\u00e1rio do terremoto de Iburi Oriental. Na reportagem, um morador da cidade de Atsuma disse: &quot;N\u00e3o temos mais uma comunidade. Estamos aflitos porque n\u00e3o podemos mais realizar nossos encontros mais importantes (como as comemora\u00e7\u00f5es do Dia do Respeito aos Idosos)&quot;. Embora mais de 90% da restaura\u00e7\u00e3o f\u00edsica de pr\u00e9dios e outras estruturas j\u00e1 tenha sido conclu\u00edda, a recupera\u00e7\u00e3o emocional dos moradores ainda \u00e9 lenta.<\/p>\n<p>Hoje, vamos oferecer almo\u00e7os para viagem e outros itens, mas mesmo assim, sou grato pela oportunidade de conhecer e conversar com todos voc\u00eas.<\/p>\n<p>Os pre\u00e7os est\u00e3o altos no momento, e os materiais de constru\u00e7\u00e3o est\u00e3o caros, o que torna a situa\u00e7\u00e3o muito dif\u00edcil. Primeiramente, cupons promocionais locais de 10.000 ienes foram distribu\u00eddos a todos para que pudessem fazer compras na cidade. O prefeito tamb\u00e9m est\u00e1 considerando seriamente a possibilidade de continuar implementando essa medida no futuro. Por exemplo, espero que possamos criar &quot;cupons de arredondamento&quot; para serem usados na compra de arroz ap\u00f3s a colheita, o que ajudar\u00e1 a promover a comunidade local de forma positiva.<\/p>\n<p>Hoje, 144 pessoas compareceram (128 pessoas compareceram no dia), incluindo 17 pessoas que comemoraram seus 88 anos e 32 pessoas que prestaram servi\u00e7os relevantes \u00e0 comunidade como residentes permanentes. Parab\u00e9ns!<\/p>\n<p>N\u00e3o apenas hoje, mas todos os dias penso em como espero que o ambiente volte a ser o mesmo, onde eu possa conversar com todos voc\u00eas em v\u00e1rios lugares, caminhando pela cidade. Parab\u00e9ns pelo seu dia de hoje.<\/p>\n<figure class=\"wp-caption aligncenter\"><a href=\"https:\/\/photos.google.com\/share\/AF1QipO8eH0Wa296b0VcRX2zfPuTdSKGMXwqBv6wiWLOPeNnCrREpOKqj4MCxeuaeMwgRw\/photo\/AF1QipPFz-rXNRB_9B_v9r_QROnmET95ib312RDLfuY?key=VmtWazVaMjg1UHN2cWxqYmtOekkxV0ZaaXZ5M3ln\" target=\"_blank\" rel=\"noopener\"><img decoding=\"async\" src=\"https:\/\/lh3.googleusercontent.com\/pw\/AL9nZEVF8fBAAh3SF2SXc35y4t7pXslKQJXMWAINfORHP8D55TXnyRk53CQY8kSMpbvAZivxcCd5sZh1X2heKSo7YBBILXh2nIgroCDRrkFMP6QprOZgCASHw1HbwcNABTWF9Q6TEhv6agW43vDWKtDThrqw=w2000-h1333-no?authuser=0\" width=\"2000\" height=\"1333\" alt=\"Em um ambiente tranquilo...\" class=\"size-full\" \/><\/a><figcaption class=\"wp-caption-text\">Em um ambiente tranquilo...<\/figcaption><\/figure>\n<h3>Apresentando os convidados<\/h3>\n<p>Yasuhiro Sasaki (Presidente do Conselho Municipal de Hokuryu), Sr. Takeshi Yamamoto (Presidente do Conselho Municipal de Bem-Estar Social de Hokuryu), Sr. Koji Kawada (Presidente da Associa\u00e7\u00e3o de Longevidade do Girassol da Cidade de Hokuryu), Sr.<\/p>\n<figure class=\"wp-caption aligncenter\"><a href=\"https:\/\/photos.google.com\/share\/AF1QipO8eH0Wa296b0VcRX2zfPuTdSKGMXwqBv6wiWLOPeNnCrREpOKqj4MCxeuaeMwgRw\/photo\/AF1QipMLsrSNuX3fndfib28grsxhMJFg9Nk8khqTm2g?key=VmtWazVaMjg1UHN2cWxqYmtOekkxV0ZaaXZ5M3ln\" target=\"_blank\" rel=\"noopener\"><img decoding=\"async\" src=\"https:\/\/lh3.googleusercontent.com\/pw\/AL9nZEWT2gVXSncTT_Xj1po5xxDKYKCF-loBYkBY8dKGCQKEiVYeSw6R1r7cIFR2BJR7iKdqY7HTX5tiTFHugThFTs5X9Z7OAHkIpKduTDaJs-zwrs_tAJZvt-Zfcjvvm3PyxhHbPdoAl2cHd3XGk5npRs4a=w2000-h1333-no?authuser=0\" width=\"2000\" height=\"1333\" alt=\"Convidados\" class=\"size-full\" \/><\/a><figcaption class=\"wp-caption-text\">Convidados<\/figcaption><\/figure>\n<h3>presente de anivers\u00e1rio de 88 anos<\/h3>\n<p>*88\u00ba anivers\u00e1rio: Aqueles nascidos entre 2 de setembro de 1933 (Showa 8) e 1 de setembro de 1934 (Showa 9) (lista atualizada em 1 de setembro de 2022)<\/p>\n<figure class=\"wp-caption aligncenter\"><a href=\"https:\/\/photos.google.com\/share\/AF1QipO8eH0Wa296b0VcRX2zfPuTdSKGMXwqBv6wiWLOPeNnCrREpOKqj4MCxeuaeMwgRw\/photo\/AF1QipNE15NwrPLs3CtlGNO-Ul-EkDiNUn1rCZ4d41c?key=VmtWazVaMjg1UHN2cWxqYmtOekkxV0ZaaXZ5M3ln\" target=\"_blank\" rel=\"noopener\"><img decoding=\"async\" src=\"https:\/\/lh3.googleusercontent.com\/pw\/AL9nZEVIjHDpSHkgsLQ8epP1LDoqf9CwTUE7950Sg413rqntRp3GqYfuSGJSshKiHFr_xeQhMZIazlLL_Pl-SDXqjLR8xeXMXfEAEtEP5VTwD2kgyhkw2l5U0tik2NX0iHTpMsITmwkaPU3WwnqAKHSGLYig=w2000-h1333-no?authuser=0\" width=\"2000\" height=\"1333\" alt=\"presente de anivers\u00e1rio de 88 anos\" class=\"size-full\" \/><\/a><figcaption class=\"wp-caption-text\">presente de anivers\u00e1rio de 88 anos<\/figcaption><\/figure>\n<h3>Pr\u00eamio de M\u00e9rito para Residente Permanente (representante do ganhador)<\/h3>\n<p>* Residentes h\u00e1 60 anos ou mais. 80 anos ou mais em 1\u00ba de setembro de 2022 (lista atualizada em 1\u00ba de setembro de 2022)<\/p>\n<figure class=\"wp-caption aligncenter\"><a href=\"https:\/\/photos.google.com\/share\/AF1QipO8eH0Wa296b0VcRX2zfPuTdSKGMXwqBv6wiWLOPeNnCrREpOKqj4MCxeuaeMwgRw\/photo\/AF1QipOy-F5NCh8nCE8eWSkrSRC6A99ZROrz-S6ARXw?key=VmtWazVaMjg1UHN2cWxqYmtOekkxV0ZaaXZ5M3ln\" target=\"_blank\" rel=\"noopener\"><img decoding=\"async\" src=\"https:\/\/lh3.googleusercontent.com\/pw\/AL9nZEVxXfVPEnj91GzpOeVOGW9S6_F_VSdgD8fIPlS6odQK96efMjhqD8ky7empJlohCyv3rU5ai45WU7OzyksBSOjpd-3y5JuN0xEupCEfrxHWez3D96EmQesGip-Bj0mwJ_eSj4YeCHyRr13uS4JreiL5=w2000-h1333-no?authuser=0\" width=\"2000\" height=\"1333\" alt=\"Pr\u00eamio de M\u00e9rito para Residente Permanente\" class=\"size-full\" \/><\/a><figcaption class=\"wp-caption-text\">Pr\u00eamio de M\u00e9rito para Residente Permanente<\/figcaption><\/figure>\n<h2>Atra\u00e7\u00f5es<\/h2>\n<h3>Associa\u00e7\u00e3o de Dan\u00e7a e Poesia com Espadas Sakurashinryu<\/h3>\n<h4>Aoba no Fue: Isao Hoshiba<\/h4>\n<figure class=\"wp-caption aligncenter\"><a href=\"https:\/\/photos.google.com\/share\/AF1QipO8eH0Wa296b0VcRX2zfPuTdSKGMXwqBv6wiWLOPeNnCrREpOKqj4MCxeuaeMwgRw\/photo\/AF1QipMQNI30xejG0IEDDpVjmlqDaSOqR3tGkc8jM04?key=VmtWazVaMjg1UHN2cWxqYmtOekkxV0ZaaXZ5M3ln\" target=\"_blank\" rel=\"noopener\"><img decoding=\"async\" src=\"https:\/\/lh3.googleusercontent.com\/pw\/AL9nZEUdZaSxV0pzVIWN6PGJYkHOQRbB_mloqfl79b1xrMK7nip1LkMJYLgCBFbW5YP1k0vIdqrexKLqWt4rl5AgfHffDILihQaO1ETBGXSnGu_nJLaU-pERH_yj0KiFWGSH19pj8PYaBTSHIbpYib2xSkLV=w2000-h1333-no?authuser=0\" width=\"2000\" height=\"1333\" alt=\"&quot;A Flauta das Folhas Verdes&quot;: Isao Hoshiba\" class=\"size-full\" \/><\/a><figcaption class=\"wp-caption-text\">&quot;A Flauta das Folhas Verdes&quot;: Isao Hoshiba<\/figcaption><\/figure>\n<figure class=\"wp-caption aligncenter\"><a href=\"https:\/\/photos.google.com\/share\/AF1QipO8eH0Wa296b0VcRX2zfPuTdSKGMXwqBv6wiWLOPeNnCrREpOKqj4MCxeuaeMwgRw\/photo\/AF1QipO1xRG2avEUjpm6pcNIk21tht0JaknNKPKv2iE?key=VmtWazVaMjg1UHN2cWxqYmtOekkxV0ZaaXZ5M3ln\" target=\"_blank\" rel=\"noopener\"><img decoding=\"async\" src=\"https:\/\/lh3.googleusercontent.com\/pw\/AL9nZEW-1cEnatI9y6Cil7CNhm0pYfdQJTyt1JAVXdQhGyX_RJz6SPDtAFrDWVnJ1y3h24MNr7WVopRMhSK_Lp2XtE50qUMtTQ-b0SBGYGD28XamZSrlj9l2XDqo72xJXaKVdj996-lL8Zcd2Aqd0fKHw_RQ=w2000-h1333-no?authuser=0\" width=\"2000\" height=\"1333\" alt=\"&quot;A Flauta das Folhas Verdes&quot;: Isao Hoshiba\" class=\"size-full\" \/><\/a><figcaption class=\"wp-caption-text\">&quot;A Flauta das Folhas Verdes&quot;: Isao Hoshiba<\/figcaption><\/figure>\n<h4>Olhos: Kazuko Nishiyama e Hideko Kawada<\/h4>\n<figure class=\"wp-caption aligncenter\"><a href=\"https:\/\/photos.google.com\/share\/AF1QipO8eH0Wa296b0VcRX2zfPuTdSKGMXwqBv6wiWLOPeNnCrREpOKqj4MCxeuaeMwgRw\/photo\/AF1QipNOjUq7HhJFWhyFSJkHKOKtb0KabJ2J27hIVX0?key=VmtWazVaMjg1UHN2cWxqYmtOekkxV0ZaaXZ5M3ln\" target=\"_blank\" rel=\"noopener\"><img decoding=\"async\" src=\"https:\/\/lh3.googleusercontent.com\/pw\/AL9nZEX4ZCHYHLyUGSBk4qptOZN8LAlsXvUwarI7kEzZt_E-nUDuC9D91CQxAUbQ6jS2xKInuEEIvlp7o54Y93pPswUVnGih--vGg_b6rBLAmovNUiCTVGAkLBJWJdBt9-2LuLsJ7Qb2hmgI_nf7tSQFgNvt=w2000-h1333-no?authuser=0\" width=\"2000\" height=\"1333\" alt=\"&quot;Manajiri&quot; de Kazuko Nishiyama\" class=\"size-full\" \/><\/a><figcaption class=\"wp-caption-text\">&quot;Manajiri&quot; de Kazuko Nishiyama<\/figcaption><\/figure>\n<figure class=\"wp-caption aligncenter\"><a href=\"https:\/\/photos.google.com\/share\/AF1QipO8eH0Wa296b0VcRX2zfPuTdSKGMXwqBv6wiWLOPeNnCrREpOKqj4MCxeuaeMwgRw\/photo\/AF1QipPR6wbbCIBEcAiVQYLbpvFJ8VIrR-j8aEyzfkk?key=VmtWazVaMjg1UHN2cWxqYmtOekkxV0ZaaXZ5M3ln\" target=\"_blank\" rel=\"noopener\"><img decoding=\"async\" src=\"https:\/\/lh3.googleusercontent.com\/pw\/AL9nZEXV3CVBsKiEva6ZRBhEDktkoc4wCwwXkQrIh-f8XEcT_TKga7gnq2ZR7bB8qXglLHFALGl8X9EwyTeHGOcYzfSjCXQOm7K2RyiyW8FnDBk7cO-tRYivJRe7fV56_FYYQU2zU4wGL300S7VTsw8iCQo3=w2000-h1333-no?authuser=0\" width=\"2000\" height=\"1333\" alt=\"&quot;Manajiri&quot; de Kazuko Nishiyama\" class=\"size-full\" \/><\/a><figcaption class=\"wp-caption-text\">&quot;Manajiri&quot; de Kazuko Nishiyama<\/figcaption><\/figure>\n<figure class=\"wp-caption aligncenter\"><a href=\"https:\/\/photos.google.com\/share\/AF1QipO8eH0Wa296b0VcRX2zfPuTdSKGMXwqBv6wiWLOPeNnCrREpOKqj4MCxeuaeMwgRw\/photo\/AF1QipMFkj2yaLIEL6VXoKGaOwS8JDW26wdohhwaIew?key=VmtWazVaMjg1UHN2cWxqYmtOekkxV0ZaaXZ5M3ln\" target=\"_blank\" rel=\"noopener\"><img decoding=\"async\" src=\"https:\/\/lh3.googleusercontent.com\/pw\/AL9nZEWda5_7PB9KUHoUrBoZ4JBsUMqJpPVTH53cKRbVEYsbjpaQcZUZ3ZO4hxXQEdC0qGqBBRkxmwn7_QTECk-AX7tNhPycIVrc_OxgiEKkDW2IHAua_ACNm6NPSR8wc0qaC6-JHUvzNMnE7xhMO7mgF3Ji=w2000-h1333-no?authuser=0\" width=\"2000\" height=\"1333\" alt=\"&quot;Manajiri&quot; de Hideko Kawada\" class=\"size-full\" \/><\/a><figcaption class=\"wp-caption-text\">&quot;Manajiri&quot; de Hideko Kawada<\/figcaption><\/figure>\n<h3>Hokuryu Taiko<\/h3>\n<ul>\n<li><strong>Int\u00e9rprete:<\/strong>Hiroyo Nakamura, Chihiro Itagaki, Toshiki Okabe<\/li>\n<li><strong>M\u00fasica tocada:<\/strong>&quot;Mukoguchi&quot; &quot;Fogos de artif\u00edcio&quot; &quot;Yamabiko&quot;<\/li>\n<\/ul>\n<figure class=\"wp-caption aligncenter\"><a href=\"https:\/\/photos.google.com\/share\/AF1QipO8eH0Wa296b0VcRX2zfPuTdSKGMXwqBv6wiWLOPeNnCrREpOKqj4MCxeuaeMwgRw\/photo\/AF1QipP5C0B4crzwPBLXFsY4VI3mT1GnysNJcX2I9Rc?key=VmtWazVaMjg1UHN2cWxqYmtOekkxV0ZaaXZ5M3ln\" target=\"_blank\" rel=\"noopener\"><img decoding=\"async\" src=\"https:\/\/lh3.googleusercontent.com\/pw\/AL9nZEWAXPteZyVMyTssvf2lJ2Aok3vg1lSWOMxaba8-0-d2v9zQgkBKyh-mQaLr3mfLcmORxYl-ONb91XWMrWVHk_i0PJgppUokfFg4o2rw9Ca3RbqA9LHgh0Uwe2JyO7-sDShuZHiZmiD5c1YeDndmHlxV=w2000-h1333-no?authuser=0\" width=\"2000\" height=\"1333\" alt=\"Apresenta\u00e7\u00e3o de tambores Taiko de Hokuryu\" class=\"size-full\" \/><\/a><figcaption class=\"wp-caption-text\">Apresenta\u00e7\u00e3o de tambores Taiko de Hokuryu<\/figcaption><\/figure>\n<h4>Sauda\u00e7\u00f5es do Deputado Hiroyo Nakamura<\/h4>\n<figure class=\"wp-caption aligncenter\"><a href=\"https:\/\/photos.google.com\/share\/AF1QipO8eH0Wa296b0VcRX2zfPuTdSKGMXwqBv6wiWLOPeNnCrREpOKqj4MCxeuaeMwgRw\/photo\/AF1QipOG7b56WSw7-vIDVlZoxQBOBRBWL7ewnY5gdGs?key=VmtWazVaMjg1UHN2cWxqYmtOekkxV0ZaaXZ5M3ln\" target=\"_blank\" rel=\"noopener\"><img decoding=\"async\" src=\"https:\/\/lh3.googleusercontent.com\/pw\/AL9nZEVw2rEBw0zAyMR5XmsbWIsH8txmFgKGUPamIzHiKzbQ983x4mClazymtiAQvqxY1PjztYcOLUXWQ9f_Tg5AeIVDkVZJAWwJwgO_9FQ_ovLFXIWGf8roc6pTjyELF8BJS-9a-4PPoYN9o46FU7Yll0Qy=w2000-h1333-no?authuser=0\" width=\"2000\" height=\"1333\" alt=\"Sauda\u00e7\u00f5es de Hiroyo Nakamura\" class=\"size-full\" \/><\/a><figcaption class=\"wp-caption-text\">Sauda\u00e7\u00f5es de Hiroyo Nakamura<\/figcaption><\/figure>\n<p>&quot;\u00c9 uma pena que n\u00e3o possamos realizar um jantar nesta celebra\u00e7\u00e3o especial nestes tempos, mas faremos o nosso melhor para tocar o Hokuryu Taiko, e esperamos que voc\u00eas apreciem a apresenta\u00e7\u00e3o.&quot;<\/p>\n<p>A segunda m\u00fasica ser\u00e1 &quot;Fogos de Artif\u00edcio&quot;. A cidade de Hokuryu possui seis tambores &quot;Carrying Oke Taiko&quot;. Esperamos que todos gostem.<\/p>\n<p>Tenho certeza de que h\u00e1 algumas pessoas por a\u00ed que gostariam de tentar tocar bateria. Pode ser dif\u00edcil fazer isso nestes tempos, mas tenho a sensa\u00e7\u00e3o de que o v\u00edrus est\u00e1 enfraquecendo gradualmente.<\/p>\n<p>Se quiserem, gostaria que tocassem tambores japoneses como aquecimento quando estivermos todos reunidos.<\/p>\n<p>Se voc\u00ea bater em algu\u00e9m, vai receber reclama\u00e7\u00f5es; se bater em alguma coisa, ela vai quebrar, e d\u00e1 um trabalh\u00e3o limpar tudo depois. Mas n\u00e3o importa o quanto voc\u00ea bata no tambor, ele n\u00e3o vai quebrar. Se voc\u00ea bater nele enquanto descarrega suas frustra\u00e7\u00f5es, vai at\u00e9 esquecer que est\u00e1 batendo.<\/p>\n<p>Espero que voc\u00ea guarde este livro perto de si e ao seu lado. Espero que, em algum lugar do seu cora\u00e7\u00e3o, voc\u00ea sinta o desejo de experiment\u00e1-lo algum dia.<\/p>\n<p>A \u00faltima m\u00fasica, &quot;Yamabiko&quot;, foi escrita por nossos antecessores por volta de 2001-2002, quando a Ponte Muroran foi conclu\u00edda, com o objetivo de registr\u00e1-la no Guinness Book of World Records sob o nome de Sennin Taiko. Atualmente, ela \u00e9 apresentada em todo o pa\u00eds.<\/p>\n<p>Na cidade de Hokuryu, nos apresentamos no Himawari no Sato em 7 de agosto e tamb\u00e9m recentemente nas comemora\u00e7\u00f5es do 130\u00ba anivers\u00e1rio da cidade. Esperamos poder ver todos voc\u00eas no festival cultural em novembro. Por fim, ou\u00e7am &quot;Yamabiko&quot;.<\/p>\n<figure class=\"wp-caption aligncenter\"><a href=\"https:\/\/photos.google.com\/share\/AF1QipO8eH0Wa296b0VcRX2zfPuTdSKGMXwqBv6wiWLOPeNnCrREpOKqj4MCxeuaeMwgRw\/photo\/AF1QipOtEPBJYL0ZnlBzYIxWLV1Dr071DWDSWqQYGCQ?key=VmtWazVaMjg1UHN2cWxqYmtOekkxV0ZaaXZ5M3ln\" target=\"_blank\" rel=\"noopener\"><img decoding=\"async\" src=\"https:\/\/lh3.googleusercontent.com\/pw\/AL9nZEVDgp-jbrN38LcWPoXZ7ino4Qtq3uwc0BnKP5aVeqN86sCIsTHLVuB_jqTIMxVmyMhG6BSBwm8fDRBknekYwRtNPcHNyZLyV0ZdR0XOySfO6S6mjrVQsQc9o0Waj15m6kIXatEfU7IZNs1jKUBrQp0q=w2000-h1333-no?authuser=0\" width=\"2000\" height=\"1333\" alt=\"Uma apresenta\u00e7\u00e3o vibrante e emocionante de tambores taiko\" class=\"size-full\" \/><\/a><figcaption class=\"wp-caption-text\">Uma apresenta\u00e7\u00e3o vibrante e emocionante de tambores taiko<\/figcaption><\/figure>\n<figure class=\"wp-caption aligncenter\"><a href=\"https:\/\/photos.google.com\/share\/AF1QipO8eH0Wa296b0VcRX2zfPuTdSKGMXwqBv6wiWLOPeNnCrREpOKqj4MCxeuaeMwgRw\/photo\/AF1QipOCBgaChJbPbpGWLqQE4TG7PVBDxqSqYDKLuoU?key=VmtWazVaMjg1UHN2cWxqYmtOekkxV0ZaaXZ5M3ln\" target=\"_blank\" rel=\"noopener\"><img decoding=\"async\" src=\"https:\/\/lh3.googleusercontent.com\/pw\/AL9nZEXiciqR7Pl3uN_LBITrkM1EZRo8v_WpyxIrxV6ccPOELB1fTqiUVDo76wk4HQL6b3XnZO6avzu0VmyT5prjFMKNmm7RVDIMIk9b6G_-C5NtQH9z014Krz0EyNYVyBop0dCVgFLLIObXf3umyZ2FnLhp=w2000-h1333-no?authuser=0\" width=\"2000\" height=\"1333\" alt=\"Apresenta\u00e7\u00e3o atrav\u00e9s do transporte de tambores\" class=\"size-full\" \/><\/a><figcaption class=\"wp-caption-text\">Apresenta\u00e7\u00e3o atrav\u00e9s do transporte de tambores<\/figcaption><\/figure>\n<figure class=\"wp-caption aligncenter\"><a href=\"https:\/\/photos.google.com\/share\/AF1QipO8eH0Wa296b0VcRX2zfPuTdSKGMXwqBv6wiWLOPeNnCrREpOKqj4MCxeuaeMwgRw\/photo\/AF1QipPGeZDUmHVCtCHAf25dbALvsIm60Xtn2im2i10?key=VmtWazVaMjg1UHN2cWxqYmtOekkxV0ZaaXZ5M3ln\" target=\"_blank\" rel=\"noopener\"><img decoding=\"async\" src=\"https:\/\/lh3.googleusercontent.com\/pw\/AL9nZEWyi0Qf4NiBEqifosIDP1b_S1ocltVTuPAJV29mFHMg0ITXRr2DnhWP-H3TWg-ogD7-rWavAEVQotejU1jyheUVvUQMhMdQzftE8Sln26DMsWm72Z6GUTBsHwF63CB1I1R7z77l3IbJpmNiF4vND5b5=w2000-h1333-no?authuser=0\" width=\"2000\" height=\"1333\" alt=\"Os gritos s\u00e3o corajosos!\" class=\"size-full\" \/><\/a><figcaption class=\"wp-caption-text\">Os gritos s\u00e3o corajosos!<\/figcaption><\/figure>\n<h2>Tr\u00eas vivas: Yamamoto Takeshi, Presidente do Conselho de Bem-Estar Social da cidade de Hokuryu<\/h2>\n<figure class=\"wp-caption aligncenter\"><a href=\"https:\/\/photos.google.com\/share\/AF1QipO8eH0Wa296b0VcRX2zfPuTdSKGMXwqBv6wiWLOPeNnCrREpOKqj4MCxeuaeMwgRw\/photo\/AF1QipOgmLklhSUkzQxJgYSImHWwpL6Hevjx3vB9RpY?key=VmtWazVaMjg1UHN2cWxqYmtOekkxV0ZaaXZ5M3ln\" target=\"_blank\" rel=\"noopener\"><img decoding=\"async\" src=\"https:\/\/lh3.googleusercontent.com\/pw\/AL9nZEVyEEVu2hVuFO2uJPV6ukfST47YcVt7opx2i42Hrk8-owmy4PWc0Fv7TflsgiNMe96JWHp5D9w1xWXoNJAfXhIAFAeglCVjwKMQdm6yYJHsw_eRTYemZ3NR4HxJBCMwUl6G51Q0WZUusiiFScq2Z0yv=w2000-h1333-no?authuser=0\" width=\"2000\" height=\"1333\" alt=\"Presidente do Conselho de Bem-Estar Social da cidade de Hokuryu, Yamamoto Takeshi\" class=\"size-full\" \/><\/a><figcaption class=\"wp-caption-text\">Presidente do Conselho de Bem-Estar Social da cidade de Hokuryu, Yamamoto Takeshi<\/figcaption><\/figure>\n<p>&quot;Parab\u00e9ns pelo evento de hoje, o Dia do Respeito aos Idosos da cidade de Hokuryu!&quot;<br \/>\nEste ano marca o 130\u00ba anivers\u00e1rio da funda\u00e7\u00e3o da cidade de Hokuryu. Gostar\u00edamos de expressar nossa sincera gratid\u00e3o aos nossos antecessores por seus esfor\u00e7os incans\u00e1veis, trabalho \u00e1rduo e esp\u00edrito indom\u00e1vel que constru\u00edram a cidade de Hokuryu que conhecemos hoje.<\/p>\n<p>Desejamos a todos os participantes muita sa\u00fade e felicidade, e esperamos v\u00ea-los novamente no pr\u00f3ximo ano, com sa\u00fade e disposi\u00e7\u00e3o. Encerraremos o evento com tr\u00eas vivas, orando pelo crescimento cont\u00ednuo da cidade de Hokuryu.<\/p>\n<p><span style=\"font-size: 16pt;\">&quot;Viva! Viva! Viva!&quot;<\/span><\/p>\n<p>muito obrigado!!!&quot;.<\/p>\n<figure class=\"wp-caption aligncenter\"><a href=\"https:\/\/photos.google.com\/share\/AF1QipO8eH0Wa296b0VcRX2zfPuTdSKGMXwqBv6wiWLOPeNnCrREpOKqj4MCxeuaeMwgRw\/photo\/AF1QipPJel3OKHi9O3ImYUpxpnqR6vS46GJHnN2zXIs?key=VmtWazVaMjg1UHN2cWxqYmtOekkxV0ZaaXZ5M3ln\" target=\"_blank\" rel=\"noopener\"><img decoding=\"async\" src=\"https:\/\/lh3.googleusercontent.com\/pw\/AL9nZEXGCfT2U9Ry6yVrj95xVR9NLMdKNiVb-Dxa-xKw67GgqkmdNCYKYnRLatNPMa0se63RqmjPHzSjoz6n4_aOvvDeSCr3qzH5gFpkoxK6l8omIBpPgteNdBTBnkoFUA4eWQXzOmUM6bT5YJ1ic2tWi5A7=w2000-h1333-no?authuser=0\" width=\"2000\" height=\"1333\" alt=\"Tr\u00eas vivas!\" class=\"size-full\" \/><\/a><figcaption class=\"wp-caption-text\">Tr\u00eas vivas!<\/figcaption><\/figure>\n<figure class=\"wp-caption aligncenter\"><a href=\"https:\/\/photos.google.com\/share\/AF1QipO8eH0Wa296b0VcRX2zfPuTdSKGMXwqBv6wiWLOPeNnCrREpOKqj4MCxeuaeMwgRw\/photo\/AF1QipMhIjVljjigrvfc-jylzdJQYchxed9hcTpTkJg?key=VmtWazVaMjg1UHN2cWxqYmtOekkxV0ZaaXZ5M3ln\" target=\"_blank\" rel=\"noopener\"><img decoding=\"async\" src=\"https:\/\/lh3.googleusercontent.com\/pw\/AL9nZEWf9S-pHFGLgQiqK6BGHQHFswIM7zzguadQwEjrajCdIEtyVYXeyFblN49s3D3Jrt-nsU_nZjFiW5oA7es8eF3ZCh6b4O4rULvx9rzF6ON8vAtOwd7l_7uvCgAHEXDrOjBylK2IYo6Biy00-bNm-GjY=w2000-h1333-no?authuser=0\" width=\"2000\" height=\"1333\" alt=\"Desejo a todos muita sa\u00fade e felicidade! Viva!\" class=\"size-full\" \/><\/a><figcaption class=\"wp-caption-text\">Desejo a todos muita sa\u00fade e felicidade! Viva!<\/figcaption><\/figure>\n<h2>Despedindo-se<\/h2>\n<p>O prefeito Yutaka Sano, o vice-prefeito Toshimasa Takahashi e o superintendente de educa\u00e7\u00e3o Kazushi Arima despediram-se de todos.<\/p>\n<figure class=\"wp-caption aligncenter\"><a href=\"https:\/\/photos.google.com\/share\/AF1QipO8eH0Wa296b0VcRX2zfPuTdSKGMXwqBv6wiWLOPeNnCrREpOKqj4MCxeuaeMwgRw\/photo\/AF1QipNQK4AmkDe9hfHq_kZwU1OHsJiOnWtErbsYcYY?key=VmtWazVaMjg1UHN2cWxqYmtOekkxV0ZaaXZ5M3ln\" target=\"_blank\" rel=\"noopener\"><img decoding=\"async\" src=\"https:\/\/lh3.googleusercontent.com\/pw\/AL9nZEVNUHeZSuo3gxLgOpZ4FLI5V_zu_TwE8fikq0Bu67jW9U5yfqFbDSA8QOba3akcqYnMP-1Lx1JtIfeIyUOGkuir041aC21LdauNoZLRcn-0WIgfEisIh9Lpm9poSsmRAig8QNgGg-ayS7joknDyVJTf=w2000-h1500-no?authuser=0\" width=\"2000\" height=\"1500\" alt=\"O prefeito Sano, o vice-prefeito Takahashi e o superintendente de educa\u00e7\u00e3o Arima se despediram de todos.\" class=\"size-full\" \/><\/a><figcaption class=\"wp-caption-text\">O prefeito Sano, o vice-prefeito Takahashi e o superintendente de educa\u00e7\u00e3o Arima se despediram de todos.<\/figcaption><\/figure>\n<p>Membros do Corpo de Volunt\u00e1rios da Cruz Vermelha da cidade de Hokuryu, principalmente da prefeitura, ajudaram como volunt\u00e1rios preparando comida e realizando outras atividades no dia!<\/p>\n<figure class=\"wp-caption aligncenter\"><a href=\"https:\/\/photos.google.com\/share\/AF1QipO8eH0Wa296b0VcRX2zfPuTdSKGMXwqBv6wiWLOPeNnCrREpOKqj4MCxeuaeMwgRw\/photo\/AF1QipOyyyY3LKkfDcENp6ZAuZcoxTl4Q8y8sUbjyMU?key=VmtWazVaMjg1UHN2cWxqYmtOekkxV0ZaaXZ5M3ln\" target=\"_blank\" rel=\"noopener\"><img decoding=\"async\" src=\"https:\/\/lh3.googleusercontent.com\/pw\/AL9nZEWSWudFbprX4BoycLRTulWildFfJjCAaV-sqI4UVCOAWh76uxXsjg1nJNC6F5kykBsp8GKFGW_n3gRdTllI4maDNEmIFVjXTiT-dsOhDHgBAyZQV3BHQT6QEo_AkVfmjHCC7ZQEpr6e-ohSi3Rm6R6T=w2000-h1500-no?authuser=0\" width=\"2000\" height=\"1500\" alt=\"Distribui\u00e7\u00e3o de brindes para levar para casa\" class=\"size-full\" \/><\/a><figcaption class=\"wp-caption-text\">Distribui\u00e7\u00e3o de brindes para levar para casa<\/figcaption><\/figure>\n<h2>Uma variedade de itens comemorativos<\/h2>\n<figure class=\"wp-caption aligncenter\"><a href=\"https:\/\/photos.google.com\/share\/AF1QipO8eH0Wa296b0VcRX2zfPuTdSKGMXwqBv6wiWLOPeNnCrREpOKqj4MCxeuaeMwgRw\/photo\/AF1QipMyJ3mPeovvGLTm8oZe1KzecTyqdmjuYrGhiW0?key=VmtWazVaMjg1UHN2cWxqYmtOekkxV0ZaaXZ5M3ln\" target=\"_blank\" rel=\"noopener\"><img decoding=\"async\" src=\"https:\/\/lh3.googleusercontent.com\/pw\/AL9nZEXotHuxHmA-qFYpl71HZ_G-hydXWbwEssOYvFezR-JTFtHiXQxTrTQavNXwO6X6igaCdAT_gDvrxUKLEDyClIgXUxRQ8iUxBpilfhCZc6mH-gcIR2xrolIXzGjM7wNEmsNUZJCpdaLKVZsgyO91kqO8=w2000-h1500-no?authuser=0\" width=\"2000\" height=\"1500\" alt=\"Presentes de celebra\u00e7\u00e3o\" class=\"size-full\" \/><\/a><figcaption class=\"wp-caption-text\">Presentes de celebra\u00e7\u00e3o<\/figcaption><\/figure>\n<p>Havia muitos itens festivos, incluindo marmitas bento, manju vermelho e branco, cerveja, ch\u00e1 e lembrancinhas (toalhas).<\/p>\n<figure class=\"wp-caption aligncenter\"><a href=\"https:\/\/photos.google.com\/share\/AF1QipO8eH0Wa296b0VcRX2zfPuTdSKGMXwqBv6wiWLOPeNnCrREpOKqj4MCxeuaeMwgRw\/photo\/AF1QipPEdpb_bg-N640g7BK3Iq-IyJMuJvwBZdSIj0A?key=VmtWazVaMjg1UHN2cWxqYmtOekkxV0ZaaXZ5M3ln\" target=\"_blank\" rel=\"noopener\"><img decoding=\"async\" src=\"https:\/\/lh3.googleusercontent.com\/pw\/AL9nZEXk4TpsNybh0docZRH1PNMO5T5RyLnIOrS3O_3vIrDGVLXDyIW9lVe2Ye-WQTfF8mnGMnQEfPyLtFqDd3s-oMTuAtnZRFgFT5BV4grhtGgQgyG2MgZhRvKnDX_QqrGI1K5gJ6cgS1qDwqgBvkdFJWDZ=w2000-h1500-no?authuser=0\" width=\"2000\" height=\"1500\" alt=\"Obrigada pelos presentes!\" class=\"size-full\" \/><\/a><figcaption class=\"wp-caption-text\">Obrigada pelos presentes!<\/figcaption><\/figure>\n<p>Com amor, gratid\u00e3o e ora\u00e7\u00f5es infinitas, gostaria de expressar minha sincera gratid\u00e3o a todos os idosos saud\u00e1veis que sobreviveram a esses tempos dif\u00edceis e continuam a brilhar intensamente.<\/p>\n<figure class=\"wp-caption aligncenter\"><a href=\"https:\/\/photos.google.com\/share\/AF1QipMamRlCkKpFBXtd6x57DNs3Fsamr-Ba0P6_jKl3HyFp_yI477bvtAAKgQuiC2cIVQ\/photo\/AF1QipOY4DGXf9cNCxDIlNJjaDMgYc-UxjSQiscVicQ?key=QjFoNi1jUVRnUl9BWlQ3MERfc0VtaDNGNWtndFZn\" target=\"_blank\" rel=\"noopener\"><img decoding=\"async\" src=\"https:\/\/lh3.googleusercontent.com\/pw\/AL9nZEVR-U13zdbwFEYgo244gRaJmkGLriIk_0htniWXAVkPP1Y2jHaLWlJSIj1Kkge2BXMYcyCEjZ2zFP_it9GsZ0VY-0i7x1K9THgPrUBSrPOm6bHjAF3zdZlxXykEDWSScM07R75qk2gSRujNaqHurEFV=w2000-h1500-no?authuser=1\" width=\"2000\" height=\"1500\" alt=\"Com gratid\u00e3o pelas espigas de arroz douradas...\" class=\"size-full\" \/><\/a><figcaption class=\"wp-caption-text\">Com gratid\u00e3o pelas espigas de arroz douradas...<\/figcaption><\/figure>\n<h2>v\u00eddeos do YouTube<\/h2>\n<div class=\"youtube\"><iframe title=\"Comemorando! Evento do Dia do Respeito aos Idosos da Cidade de Hokuryu 2022 (Centro de Bem-Estar dos Idosos da Cidade de Hokuryu)\" src=\"https:\/\/www.youtube.com\/embed\/OrDcCSwkUJ0?feature=oembed\" frameborder=\"0\" allow=\"accelerometer; autoplay; clipboard-write; encrypted-media; gyroscope; picture-in-picture\" allowfullscreen><\/iframe><\/div>\n<div class=\"youtube\"><iframe title=\"Associa\u00e7\u00e3o de Dan\u00e7a da Espada e Poesia Sakurashinryu (Evento do Dia do Respeito aos Idosos da Cidade de Hokuryu)\" src=\"https:\/\/www.youtube.com\/embed\/dLHW_Sf3N4A?feature=oembed\" frameborder=\"0\" allow=\"accelerometer; autoplay; clipboard-write; encrypted-media; gyroscope; picture-in-picture\" allowfullscreen><\/iframe><\/div>\n<div class=\"youtube\"><iframe title=\"Hokuryu Taiko @ Dia do Respeito aos Idosos na Cidade de Hokuryu (Cidade de Hokuryu, Hokkaido)\" src=\"https:\/\/www.youtube.com\/embed\/EWslP8kM0HU?feature=oembed\" frameborder=\"0\" allow=\"accelerometer; autoplay; clipboard-write; encrypted-media; gyroscope; picture-in-picture\" allowfullscreen><\/iframe><\/div>\n<h2>Outras fotos<\/h2>\n<div class=\"img-move\">\n<img decoding=\"async\" src=\"https:\/\/ehokkaido.net\/wp-content\/uploads\/2021\/12\/2021-12-06-11.41.12.png\" style=\"vertical-align:middle;\"> <a href=\"\/pt\/xxx\/\" target=\"_blank\" rel=\"noopener noreferrer\">Parab\u00e9ns! As fotos (82 fotos) da Cerim\u00f4nia do Dia do Respeito aos Idosos da Cidade de Hokuryu de 2022 est\u00e3o aqui &gt;&gt;<\/a><\/div>\n<h2>Artigos relacionados<\/h2>\n\n        <div class=\"site-blogcard-premium\">\n            <div class=\"bc-label-custom\">Artigos relacionados<\/div>\n            <div class=\"bc-flex-container\">\n                <div class=\"bc-main-text\">\n                    <div class=\"bc-title-link-box\">\n                        <a href=\"https:\/\/portal.hokuryu.info\/pt\/topics\/culture\/20120907.html\/\" target=\"_blank\">Aproximadamente 250 pessoas com 75 anos ou mais participaram do evento &quot;Dia do Respeito aos Idosos&quot; de 2012 na cidade de Hokuryu - Portal da cidade de Hokuryu (Hokkaido) - A vila de girass\u00f3is n\u00famero 1 do Jap\u00e3o<\/a>\n                    <\/div>\n                    <div class=\"bc-excerpt-box\">Apresentamos o &quot;presente&quot; de uma cidade vibrante com 2.100 habitantes e uma taxa de envelhecimento de 401.000.000. Assim como os girass\u00f3is, as fam\u00edlias vivem em harmonia...<\/div>\n                <\/div>\n                <div class=\"bc-thumbnail-box\">\n                    <a href=\"https:\/\/portal.hokuryu.info\/pt\/topics\/culture\/20120907.html\/\" target=\"_blank\">\n                        <div class=\"bc-img-zoom-wrap\">\n                            <img decoding=\"async\" src=\"https:\/\/lh4.googleusercontent.com\/-p_wa2qbFxRA\/UElPhhHQNcI\/AAAAAAAAdWQ\/Y_NOfSUjySE\/s576\/IMGP8499.JPG\" alt=\"Aproximadamente 250 pessoas com 75 anos ou mais participaram do evento &quot;Dia do Respeito aos Idosos&quot; de 2012 na cidade de Hokuryu - Portal da cidade de Hokuryu (Hokkaido) - A vila de girass\u00f3is n\u00famero 1 do Jap\u00e3o\">\n                        <\/div>\n                    <\/a>\n                <\/div>\n            <\/div>\n        <\/div>\n\n        <div class=\"site-blogcard-premium\">\n            <div class=\"bc-label-custom\">Artigos relacionados<\/div>\n            <div class=\"bc-flex-container\">\n                <div class=\"bc-main-text\">\n                    <div class=\"bc-title-link-box\">\n                        <a href=\"https:\/\/portal.hokuryu.info\/pt\/csw.html\/\" target=\"_blank\">https:\/\/portal.hokuryu.info\/csw.html<\/a>\n                    <\/div>\n                    <div class=\"bc-excerpt-box\">N\u00e3o foi poss\u00edvel recuperar as informa\u00e7\u00f5es da p\u00e1gina.<\/div>\n                <\/div>\n                <div class=\"bc-thumbnail-box\">\n                    <a href=\"https:\/\/portal.hokuryu.info\/pt\/csw.html\/\" target=\"_blank\">\n                        <div class=\"bc-img-zoom-wrap\">\n                            <img decoding=\"async\" src=\"https:\/\/portal.hokuryu.info\/wp\/wp-content\/uploads\/2026\/02\/20230802DSC06445_1.jpg\" alt=\"https:\/\/portal.hokuryu.info\/csw.html\">\n                        <\/div>\n                    <\/a>\n                <\/div>\n            <\/div>\n        <\/div>\n<p>\u25c7 Fotografia e edi\u00e7\u00e3o: Noboru Terauchi Entrevista e texto: Ikuko Terauchi<\/p>","protected":false},"excerpt":{"rendered":"<p>\uff12\uff10\uff12\uff12\u5e74\uff19\u6708\uff17\u65e5\uff08\u6c34\uff09 \uff19\u6708\u306b\u5165\u308a\u3001\u53ce\u7a6b\u3092\u524d\u306b\u3001\u9ec4\u91d1\u306e\u7a32\u7a42\u304c\u98a8\u306b\u63fa\u308c\u308b\u5b63\u7bc0\u3092\u8fce\u3048\u3066\u3044\u307e\u3059\u3002\uff19\u6708\uff16\u65e5\uff08\u706b\uff09\uff11\uff10\uff1a\uff13\uff10\u301c\u3001\uff13\u5e74\u3076\u308a\u306b\u4ee4\u548c\uff14\u5e74\u5ea6\u5317\u7adc\u753a\u656c\u8001\u4f1a\u304c\u3001\u5317\u7adc\u753a\u8001\u4eba\u798f\u7949\u30bb\u30f3\u30bf\u30fc\u306b\u3066\u958b\u50ac\u3055\u308c\u307e\u3057\u305f\u3002  [&hellip;]<\/p>\n","protected":false},"author":1,"featured_media":23603,"comment_status":"open","ping_status":"open","sticky":false,"template":"","format":"standard","meta":{"footnotes":""},"categories":[4,14,22],"tags":[],"class_list":["post-23602","post","type-post","status-publish","format-standard","has-post-thumbnail","hentry","category-cover-story","category-hokuryu-town","category-csw"],"_links":{"self":[{"href":"https:\/\/portal.hokuryu.info\/pt\/wp-json\/wp\/v2\/posts\/23602","targetHints":{"allow":["GET"]}}],"collection":[{"href":"https:\/\/portal.hokuryu.info\/pt\/wp-json\/wp\/v2\/posts"}],"about":[{"href":"https:\/\/portal.hokuryu.info\/pt\/wp-json\/wp\/v2\/types\/post"}],"author":[{"embeddable":true,"href":"https:\/\/portal.hokuryu.info\/pt\/wp-json\/wp\/v2\/users\/1"}],"replies":[{"embeddable":true,"href":"https:\/\/portal.hokuryu.info\/pt\/wp-json\/wp\/v2\/comments?post=23602"}],"version-history":[{"count":0,"href":"https:\/\/portal.hokuryu.info\/pt\/wp-json\/wp\/v2\/posts\/23602\/revisions"}],"wp:featuredmedia":[{"embeddable":true,"href":"https:\/\/portal.hokuryu.info\/pt\/wp-json\/wp\/v2\/media\/23603"}],"wp:attachment":[{"href":"https:\/\/portal.hokuryu.info\/pt\/wp-json\/wp\/v2\/media?parent=23602"}],"wp:term":[{"taxonomy":"category","embeddable":true,"href":"https:\/\/portal.hokuryu.info\/pt\/wp-json\/wp\/v2\/categories?post=23602"},{"taxonomy":"post_tag","embeddable":true,"href":"https:\/\/portal.hokuryu.info\/pt\/wp-json\/wp\/v2\/tags?post=23602"}],"curies":[{"name":"wp","href":"https:\/\/api.w.org\/{rel}","templated":true}]}}