{"id":23459,"date":"2022-09-05T06:38:06","date_gmt":"2022-09-04T21:38:06","guid":{"rendered":"https:\/\/portal.hokuryu.info\/?p=23459"},"modified":"2022-09-05T05:11:04","modified_gmt":"2022-09-04T20:11:04","slug":"%e5%8c%97%e7%ab%9c%e7%94%ba%e9%95%b7-%e4%bd%90%e9%87%8e%e8%b1%8a-%e6%b4%bb%e5%8b%95%e5%a0%b1%e5%91%8a%e3%83%bb9%e6%9c%883%e6%97%a5%ef%bc%88%e5%9c%9f%ef%bc%89%e5%8c%97%e7%ab%9c%e7%94%ba%e9%96%8b","status":"publish","type":"post","link":"https:\/\/portal.hokuryu.info\/pt\/23459\/","title":{"rendered":"Relat\u00f3rio de atividades do prefeito Yutaka Sano: s\u00e1bado, 3 de setembro - Cerim\u00f4nia de comemora\u00e7\u00e3o do 130\u00ba anivers\u00e1rio da cidade de Hokuryu"},"content":{"rendered":"<p>Segunda-feira, 5 de setembro de 2022<\/p>\n<p><strong>Cerim\u00f4nia de Comemora\u00e7\u00e3o do 130\u00ba Anivers\u00e1rio da Cidade de Hokuryu<\/strong><\/p>\n<p>\u2723 A cidade de Hokuryu est\u00e1 comemorando o 130\u00ba anivers\u00e1rio de seu desenvolvimento, em 1893, quando um grupo de colonos da vila de Motono, na prov\u00edncia de Chiba, iniciou seu assentamento.<\/p>\n<p><center><iframe src=\"https:\/\/www.facebook.com\/plugins\/post.php?href=https%3A%2F%2Fwww.facebook.com%2Fpermalink.php%3Fstory_fbid%3Dpfbid02tyXzLurd9p6KpjmE8F1wxryR6LhFFQbNYQjzn4a8C2UgodWnJmzY7NnafyKjNT8vl%26id%3D1127218337322777&#038;show_text=true&#038;width=650\" width=\"650\" height=\"930\" style=\"border:none;overflow:hidden\" scrolling=\"no\" frameborder=\"0\" allowfullscreen=\"true\" allow=\"autoplay; clipboard-write; encrypted-media; picture-in-picture; web-share\"><\/iframe><\/center><\/p>","protected":false},"excerpt":{"rendered":"<p>Segunda-feira, 5 de setembro de 2022 - Cerim\u00f4nia de Comemora\u00e7\u00e3o do 130\u00ba Anivers\u00e1rio da Cidade de Hokuryu \u2723 A cidade de Hokuryu est\u00e1 comemorando o 130\u00ba anivers\u00e1rio de sua funda\u00e7\u00e3o em 1893, quando um grupo de colonos da vila de Motono, na prov\u00edncia de Chiba, iniciou seu trabalho pioneiro.<\/p>","protected":false},"author":1,"featured_media":23427,"comment_status":"open","ping_status":"open","sticky":false,"template":"","format":"standard","meta":{"footnotes":""},"categories":[5],"tags":[],"class_list":["post-23459","post","type-post","status-publish","format-standard","has-post-thumbnail","hentry","category-sano-yutaka-formermayor"],"_links":{"self":[{"href":"https:\/\/portal.hokuryu.info\/pt\/wp-json\/wp\/v2\/posts\/23459","targetHints":{"allow":["GET"]}}],"collection":[{"href":"https:\/\/portal.hokuryu.info\/pt\/wp-json\/wp\/v2\/posts"}],"about":[{"href":"https:\/\/portal.hokuryu.info\/pt\/wp-json\/wp\/v2\/types\/post"}],"author":[{"embeddable":true,"href":"https:\/\/portal.hokuryu.info\/pt\/wp-json\/wp\/v2\/users\/1"}],"replies":[{"embeddable":true,"href":"https:\/\/portal.hokuryu.info\/pt\/wp-json\/wp\/v2\/comments?post=23459"}],"version-history":[{"count":0,"href":"https:\/\/portal.hokuryu.info\/pt\/wp-json\/wp\/v2\/posts\/23459\/revisions"}],"wp:featuredmedia":[{"embeddable":true,"href":"https:\/\/portal.hokuryu.info\/pt\/wp-json\/wp\/v2\/media\/23427"}],"wp:attachment":[{"href":"https:\/\/portal.hokuryu.info\/pt\/wp-json\/wp\/v2\/media?parent=23459"}],"wp:term":[{"taxonomy":"category","embeddable":true,"href":"https:\/\/portal.hokuryu.info\/pt\/wp-json\/wp\/v2\/categories?post=23459"},{"taxonomy":"post_tag","embeddable":true,"href":"https:\/\/portal.hokuryu.info\/pt\/wp-json\/wp\/v2\/tags?post=23459"}],"curies":[{"name":"wp","href":"https:\/\/api.w.org\/{rel}","templated":true}]}}